{"id":94849,"date":"2026-09-02T12:37:36","date_gmt":"2026-09-02T11:37:36","guid":{"rendered":"https:\/\/lasentinelle.dz\/?p=94849"},"modified":"2026-09-02T12:37:40","modified_gmt":"2026-09-02T11:37:40","slug":"apres-les-incendies-un-plan-durgence-pour-sauver-la-faune-et-la-flore","status":"publish","type":"post","link":"https:\/\/lasentinelle.dz\/index.php\/2026\/09\/02\/apres-les-incendies-un-plan-durgence-pour-sauver-la-faune-et-la-flore\/","title":{"rendered":"Apr\u00e8s les incendies\u00a0: Un plan d&rsquo;urgence pour sauver la faune et la flore"},"content":{"rendered":"\n<p class=\"wp-block-paragraph\">Face \u00e0 l&rsquo;ampleur des d\u00e9g\u00e2ts caus\u00e9s \u00e0 la biodiversit\u00e9 par les r\u00e9cents incendies de for\u00eat, la ministre de l&rsquo;Environnement et de la Qualit\u00e9 de la vie, Kaouter Krikou, a annonc\u00e9, mardi \u00e0 Alger, une s\u00e9rie de mesures d&rsquo;urgence destin\u00e9es \u00e0 prot\u00e9ger et \u00e0 r\u00e9habiliter la faune et la flore dans les wilayas sinistr\u00e9es.<\/p>\n\n\n\n<p class=\"wp-block-paragraph\">Pr\u00e9sidant une r\u00e9union de coordination r\u00e9unissant les cadres de son secteur, les directeurs de l&rsquo;environnement des wilayas touch\u00e9es ainsi que des repr\u00e9sentants de la F\u00e9d\u00e9ration nationale des chasseurs et des services v\u00e9t\u00e9rinaires, la ministre a donn\u00e9 des instructions fermes pour que soient mobilis\u00e9s, sans d\u00e9lai, les moyens n\u00e9cessaires \u00e0 la prise en charge des animaux sauvages bless\u00e9s, confi\u00e9e \u00e0 des \u00e9quipes v\u00e9t\u00e9rinaires sp\u00e9cialis\u00e9es. Elle a par ailleurs demand\u00e9 que le processus de restauration de la faune touch\u00e9e s&rsquo;appuie sur \u00ab\u00a0une approche scientifique et \u00e9cologique fond\u00e9e sur les donn\u00e9es de terrain et les indicateurs environnementaux\u00a0\u00bb, de fa\u00e7on \u00e0 adapter chaque op\u00e9ration de r\u00e9habilitation aux sp\u00e9cificit\u00e9s \u00e9cologiques du site concern\u00e9. Mme Krikou a en outre plaid\u00e9 pour une coordination permanente entre l&rsquo;ensemble des intervenants du secteur, insistant sur la n\u00e9cessit\u00e9 de renforcer le suivi de terrain afin de garantir une prise en charge rapide des cas recens\u00e9s et l&rsquo;efficacit\u00e9 des actions engag\u00e9es pour pr\u00e9server la biodiversit\u00e9 dans les zones ravag\u00e9es par les flammes. Cette r\u00e9union a \u00e9galement \u00e9t\u00e9 l&rsquo;occasion, pour les responsables locaux, de dresser un premier \u00e9tat des lieux des dispositifs d\u00e9j\u00e0 d\u00e9ploy\u00e9s sur le terrain. Les directeurs de l&rsquo;environnement des wilayas de Jijel, Skikda, Annaba, Tizi-Ouzou et B\u00e9ja\u00efa, parmi les r\u00e9gions les plus durement frapp\u00e9es par les incendies de l&rsquo;\u00e9t\u00e9, ont ainsi d\u00e9taill\u00e9 les mesures engag\u00e9es pour prot\u00e9ger les esp\u00e8ces animales menac\u00e9es, en coordination avec les autorit\u00e9s locales et les acteurs associatifs pr\u00e9sents sur le terrain.<\/p>\n\n\n\n<p class=\"wp-block-paragraph\">De son c\u00f4t\u00e9, le directeur g\u00e9n\u00e9ral de l&rsquo;Observatoire national de l&rsquo;environnement et du d\u00e9veloppement durable (ONEDD), Karim Arab, a pr\u00e9sent\u00e9 les outils scientifiques mobilis\u00e9s pour \u00e9valuer l&rsquo;ampleur des dommages subis par la flore et la faune, \u00e0 travers des analyses de laboratoire permettant de diagnostiquer, avec pr\u00e9cision, l&rsquo;impact des incendies sur les diff\u00e9rentes esp\u00e8ces recens\u00e9es dans les zones touch\u00e9es.<\/p>\n\n\n\n<p class=\"wp-block-paragraph\">Au-del\u00e0 de la r\u00e9ponse imm\u00e9diate \u00e0 la catastrophe, la r\u00e9union a \u00e9galement port\u00e9 sur l&rsquo;apr\u00e8s-crise, avec l&rsquo;annonce de la pr\u00e9paration de programmes de reboisement et de r\u00e9habilitation des zones sinistr\u00e9es, con\u00e7us sur des bases scientifiques et dans une logique de d\u00e9veloppement durable, afin d&rsquo;accompagner sur le long terme la reconstitution des \u00e9cosyst\u00e8mes forestiers touch\u00e9s par les feux. Cette mobilisation du secteur de l&rsquo;Environnement s&rsquo;ajoute aux diff\u00e9rentes initiatives engag\u00e9es par les pouvoirs publics depuis la survenue des incendies qui ont frapp\u00e9, fin ao\u00fbt, plusieurs wilayas du nord et de l&rsquo;est du pays, dans un contexte o\u00f9 la reconstitution du patrimoine naturel national s&rsquo;annonce comme l&rsquo;un des chantiers majeurs des prochains mois.<\/p>\n\n\n\n<p class=\"wp-block-paragraph\">Lyna Larbi<\/p>\n","protected":false},"excerpt":{"rendered":"<p>Face \u00e0 l&rsquo;ampleur des d\u00e9g\u00e2ts caus\u00e9s \u00e0 la biodiversit\u00e9 par les r\u00e9cents incendies de for\u00eat, la ministre de l&rsquo;Environnement et<\/p>\n","protected":false},"author":6,"featured_media":94850,"comment_status":"open","ping_status":"closed","sticky":false,"template":"","format":"standard","meta":{"colormag_page_container_layout":"default_layout","colormag_page_sidebar_layout":"default_layout","om_disable_all_campaigns":false,"_monsterinsights_skip_tracking":false,"footnotes":"","_wpscppro_dont_share_socialmedia":false,"_wpscppro_custom_social_share_image":0,"_facebook_share_type":"default","_twitter_share_type":"default","_linkedin_share_type":"default","_pinterest_share_type":"default","_linkedin_share_type_page":"","_instagram_share_type":"default","_medium_share_type":"default","_threads_share_type":"default","_google_business_share_type":"default","_bluesky_share_type":"default","_mastodon_share_type":"default","_selected_social_profile":[],"_wpsp_enable_custom_social_template":false,"_wpsp_social_scheduling":{"enabled":false,"datetime":null,"platforms":[],"status":"template_only","dateOption":"today","timeOption":"now","customDays":"","customHours":"","customDate":"","customTime":"","schedulingType":"absolute"},"_wpsp_active_default_template":true},"categories":[27],"tags":[],"class_list":["post-94849","post","type-post","status-publish","format-standard","has-post-thumbnail","hentry","category-actualite"],"aioseo_notices":[],"aioseo_head":"\n\t\t<!-- All in One SEO 5.0.0.1 - aioseo.com -->\n\t<meta name=\"description\" content=\"Face \u00e0 l&#039;ampleur des d\u00e9g\u00e2ts caus\u00e9s \u00e0 la biodiversit\u00e9 par les r\u00e9cents incendies de for\u00eat, la ministre de l&#039;Environnement et de la Qualit\u00e9 de la vie, Kaouter Krikou, a annonc\u00e9, mardi \u00e0 Alger, une s\u00e9rie de mesures d&#039;urgence destin\u00e9es \u00e0 prot\u00e9ger et \u00e0 r\u00e9habiliter la faune et la flore dans les wilayas sinistr\u00e9es. Pr\u00e9sidant une\" \/>\n\t<meta name=\"robots\" content=\"max-image-preview:large\" \/>\n\t<meta name=\"author\" content=\"admin\"\/>\n\t<link rel=\"canonical\" href=\"https:\/\/lasentinelle.dz\/index.php\/2026\/09\/02\/apres-les-incendies-un-plan-durgence-pour-sauver-la-faune-et-la-flore\/\" \/>\n\t<meta name=\"generator\" content=\"All in One SEO (AIOSEO) 5.0.0.1\" \/>\n\t\t<meta property=\"og:locale\" content=\"fr_FR\" \/>\n\t\t<meta property=\"og:site_name\" content=\"La Sentinelle - Quotidien national d&#039;information\" \/>\n\t\t<meta property=\"og:type\" content=\"article\" \/>\n\t\t<meta property=\"og:title\" content=\"Apr\u00e8s les incendies : Un plan d\u2019urgence pour sauver la faune et la flore - La Sentinelle\" \/>\n\t\t<meta property=\"og:description\" content=\"Face \u00e0 l&#039;ampleur des d\u00e9g\u00e2ts caus\u00e9s \u00e0 la biodiversit\u00e9 par les r\u00e9cents incendies de for\u00eat, la ministre de l&#039;Environnement et de la Qualit\u00e9 de la vie, Kaouter Krikou, a annonc\u00e9, mardi \u00e0 Alger, une s\u00e9rie de mesures d&#039;urgence destin\u00e9es \u00e0 prot\u00e9ger et \u00e0 r\u00e9habiliter la faune et la flore dans les wilayas sinistr\u00e9es. Pr\u00e9sidant une\" \/>\n\t\t<meta property=\"og:url\" content=\"https:\/\/lasentinelle.dz\/index.php\/2026\/09\/02\/apres-les-incendies-un-plan-durgence-pour-sauver-la-faune-et-la-flore\/\" \/>\n\t\t<meta property=\"og:image\" content=\"https:\/\/lasentinelle.dz\/wp-content\/uploads\/2021\/09\/cropped-la-sentinelle-earth-golden-anima-5.gif\" \/>\n\t\t<meta property=\"og:image:secure_url\" content=\"https:\/\/lasentinelle.dz\/wp-content\/uploads\/2021\/09\/cropped-la-sentinelle-earth-golden-anima-5.gif\" \/>\n\t\t<meta property=\"og:image:width\" content=\"450\" \/>\n\t\t<meta property=\"og:image:height\" content=\"213\" \/>\n\t\t<meta property=\"article:published_time\" content=\"2026-09-02T11:37:36+00:00\" \/>\n\t\t<meta property=\"article:modified_time\" content=\"2026-09-02T11:37:40+00:00\" \/>\n\t\t<meta property=\"article:publisher\" content=\"https:\/\/www.facebook.com\/azzedine.lasentinelle.1\" \/>\n\t\t<meta name=\"twitter:card\" content=\"summary_large_image\" \/>\n\t\t<meta name=\"twitter:title\" content=\"Apr\u00e8s les incendies : Un plan d\u2019urgence pour sauver la faune et la flore - La Sentinelle\" \/>\n\t\t<meta name=\"twitter:description\" content=\"Face \u00e0 l&#039;ampleur des d\u00e9g\u00e2ts caus\u00e9s \u00e0 la biodiversit\u00e9 par les r\u00e9cents incendies de for\u00eat, la ministre de l&#039;Environnement et de la Qualit\u00e9 de la vie, Kaouter Krikou, a annonc\u00e9, mardi \u00e0 Alger, une s\u00e9rie de mesures d&#039;urgence destin\u00e9es \u00e0 prot\u00e9ger et \u00e0 r\u00e9habiliter la faune et la flore dans les wilayas sinistr\u00e9es. Pr\u00e9sidant une\" \/>\n\t\t<meta name=\"twitter:image\" content=\"https:\/\/lasentinelle.dz\/wp-content\/uploads\/2021\/09\/cropped-la-sentinelle-earth-golden-anima-5.gif\" \/>\n\t\t<script type=\"application\/ld+json\" class=\"aioseo-schema\">\n\t\t\t{\"@context\":\"https:\\\/\\\/schema.org\",\"@graph\":[{\"@type\":\"BlogPosting\",\"@id\":\"https:\\\/\\\/lasentinelle.dz\\\/index.php\\\/2026\\\/09\\\/02\\\/apres-les-incendies-un-plan-durgence-pour-sauver-la-faune-et-la-flore\\\/#blogposting\",\"name\":\"Apr\\u00e8s les incendies : Un plan d\\u2019urgence pour sauver la faune et la flore - La Sentinelle\",\"headline\":\"Apr\\u00e8s les incendies\\u00a0: Un plan d&rsquo;urgence pour sauver la faune et la flore\",\"author\":{\"@id\":\"https:\\\/\\\/lasentinelle.dz\\\/author\\\/admin\\\/#author\"},\"publisher\":{\"@id\":\"https:\\\/\\\/lasentinelle.dz\\\/#organization\"},\"image\":{\"@type\":\"ImageObject\",\"url\":\"https:\\\/\\\/lasentinelle.dz\\\/wp-content\\\/uploads\\\/2026\\\/09\\\/krikou.webp\",\"width\":900,\"height\":675},\"datePublished\":\"2026-09-02T12:37:36+01:00\",\"dateModified\":\"2026-09-02T12:37:40+01:00\",\"inLanguage\":\"fr-FR\",\"mainEntityOfPage\":{\"@id\":\"https:\\\/\\\/lasentinelle.dz\\\/index.php\\\/2026\\\/09\\\/02\\\/apres-les-incendies-un-plan-durgence-pour-sauver-la-faune-et-la-flore\\\/#webpage\"},\"isPartOf\":{\"@id\":\"https:\\\/\\\/lasentinelle.dz\\\/index.php\\\/2026\\\/09\\\/02\\\/apres-les-incendies-un-plan-durgence-pour-sauver-la-faune-et-la-flore\\\/#webpage\"},\"articleSection\":\"Actualit\\u00e9\"},{\"@type\":\"BreadcrumbList\",\"@id\":\"https:\\\/\\\/lasentinelle.dz\\\/index.php\\\/2026\\\/09\\\/02\\\/apres-les-incendies-un-plan-durgence-pour-sauver-la-faune-et-la-flore\\\/#breadcrumblist\",\"itemListElement\":[{\"@type\":\"ListItem\",\"@id\":\"https:\\\/\\\/lasentinelle.dz#listItem\",\"position\":1,\"name\":\"Home\",\"item\":\"https:\\\/\\\/lasentinelle.dz\",\"nextItem\":{\"@type\":\"ListItem\",\"@id\":\"https:\\\/\\\/lasentinelle.dz\\\/index.php\\\/category\\\/actualite\\\/#listItem\",\"name\":\"Actualit\\u00e9\"}},{\"@type\":\"ListItem\",\"@id\":\"https:\\\/\\\/lasentinelle.dz\\\/index.php\\\/category\\\/actualite\\\/#listItem\",\"position\":2,\"name\":\"Actualit\\u00e9\",\"item\":\"https:\\\/\\\/lasentinelle.dz\\\/index.php\\\/category\\\/actualite\\\/\",\"nextItem\":{\"@type\":\"ListItem\",\"@id\":\"https:\\\/\\\/lasentinelle.dz\\\/index.php\\\/2026\\\/09\\\/02\\\/apres-les-incendies-un-plan-durgence-pour-sauver-la-faune-et-la-flore\\\/#listItem\",\"name\":\"Apr\\u00e8s les incendies\\u00a0: Un plan d&rsquo;urgence pour sauver la faune et la flore\"},\"previousItem\":{\"@type\":\"ListItem\",\"@id\":\"https:\\\/\\\/lasentinelle.dz#listItem\",\"name\":\"Home\"}},{\"@type\":\"ListItem\",\"@id\":\"https:\\\/\\\/lasentinelle.dz\\\/index.php\\\/2026\\\/09\\\/02\\\/apres-les-incendies-un-plan-durgence-pour-sauver-la-faune-et-la-flore\\\/#listItem\",\"position\":3,\"name\":\"Apr\\u00e8s les incendies\\u00a0: Un plan d&rsquo;urgence pour sauver la faune et la flore\",\"previousItem\":{\"@type\":\"ListItem\",\"@id\":\"https:\\\/\\\/lasentinelle.dz\\\/index.php\\\/category\\\/actualite\\\/#listItem\",\"name\":\"Actualit\\u00e9\"}}]},{\"@type\":\"Organization\",\"@id\":\"https:\\\/\\\/lasentinelle.dz\\\/#organization\",\"name\":\"La Sentinelle La Sentinelle\",\"description\":\"Quotidien national d'information\",\"url\":\"https:\\\/\\\/lasentinelle.dz\\\/\",\"logo\":{\"@type\":\"ImageObject\",\"url\":\"https:\\\/\\\/lasentinelle.dz\\\/wp-content\\\/uploads\\\/2021\\\/09\\\/cropped-la-sentinelle-earth-golden-anima-5.gif\",\"@id\":\"https:\\\/\\\/lasentinelle.dz\\\/index.php\\\/2026\\\/09\\\/02\\\/apres-les-incendies-un-plan-durgence-pour-sauver-la-faune-et-la-flore\\\/#organizationLogo\",\"width\":450,\"height\":213},\"image\":{\"@id\":\"https:\\\/\\\/lasentinelle.dz\\\/index.php\\\/2026\\\/09\\\/02\\\/apres-les-incendies-un-plan-durgence-pour-sauver-la-faune-et-la-flore\\\/#organizationLogo\"},\"sameAs\":[\"https:\\\/\\\/www.facebook.com\\\/azzedine.lasentinelle.1\"]},{\"@type\":\"Person\",\"@id\":\"https:\\\/\\\/lasentinelle.dz\\\/author\\\/admin\\\/#author\",\"url\":\"https:\\\/\\\/lasentinelle.dz\\\/author\\\/admin\\\/\",\"name\":\"admin\",\"image\":{\"@type\":\"ImageObject\",\"@id\":\"https:\\\/\\\/lasentinelle.dz\\\/index.php\\\/2026\\\/09\\\/02\\\/apres-les-incendies-un-plan-durgence-pour-sauver-la-faune-et-la-flore\\\/#authorImage\",\"url\":\"https:\\\/\\\/secure.gravatar.com\\\/avatar\\\/4c81fed838786e9b53f540bf46533e750f5d292099ae3b66cfc6fb1982e29df7?s=96&d=mm&r=g\",\"width\":96,\"height\":96,\"caption\":\"admin\"}},{\"@type\":\"WebPage\",\"@id\":\"https:\\\/\\\/lasentinelle.dz\\\/index.php\\\/2026\\\/09\\\/02\\\/apres-les-incendies-un-plan-durgence-pour-sauver-la-faune-et-la-flore\\\/#webpage\",\"url\":\"https:\\\/\\\/lasentinelle.dz\\\/index.php\\\/2026\\\/09\\\/02\\\/apres-les-incendies-un-plan-durgence-pour-sauver-la-faune-et-la-flore\\\/\",\"name\":\"Apr\\u00e8s les incendies : Un plan d\\u2019urgence pour sauver la faune et la flore - La Sentinelle\",\"description\":\"Face \\u00e0 l'ampleur des d\\u00e9g\\u00e2ts caus\\u00e9s \\u00e0 la biodiversit\\u00e9 par les r\\u00e9cents incendies de for\\u00eat, la ministre de l'Environnement et de la Qualit\\u00e9 de la vie, Kaouter Krikou, a annonc\\u00e9, mardi \\u00e0 Alger, une s\\u00e9rie de mesures d'urgence destin\\u00e9es \\u00e0 prot\\u00e9ger et \\u00e0 r\\u00e9habiliter la faune et la flore dans les wilayas sinistr\\u00e9es. Pr\\u00e9sidant une\",\"inLanguage\":\"fr-FR\",\"isPartOf\":{\"@id\":\"https:\\\/\\\/lasentinelle.dz\\\/#website\"},\"breadcrumb\":{\"@id\":\"https:\\\/\\\/lasentinelle.dz\\\/index.php\\\/2026\\\/09\\\/02\\\/apres-les-incendies-un-plan-durgence-pour-sauver-la-faune-et-la-flore\\\/#breadcrumblist\"},\"author\":{\"@id\":\"https:\\\/\\\/lasentinelle.dz\\\/author\\\/admin\\\/#author\"},\"creator\":{\"@id\":\"https:\\\/\\\/lasentinelle.dz\\\/author\\\/admin\\\/#author\"},\"image\":{\"@type\":\"ImageObject\",\"url\":\"https:\\\/\\\/lasentinelle.dz\\\/wp-content\\\/uploads\\\/2026\\\/09\\\/krikou.webp\",\"@id\":\"https:\\\/\\\/lasentinelle.dz\\\/index.php\\\/2026\\\/09\\\/02\\\/apres-les-incendies-un-plan-durgence-pour-sauver-la-faune-et-la-flore\\\/#mainImage\",\"width\":900,\"height\":675},\"primaryImageOfPage\":{\"@id\":\"https:\\\/\\\/lasentinelle.dz\\\/index.php\\\/2026\\\/09\\\/02\\\/apres-les-incendies-un-plan-durgence-pour-sauver-la-faune-et-la-flore\\\/#mainImage\"},\"datePublished\":\"2026-09-02T12:37:36+01:00\",\"dateModified\":\"2026-09-02T12:37:40+01:00\"},{\"@type\":\"WebSite\",\"@id\":\"https:\\\/\\\/lasentinelle.dz\\\/#website\",\"url\":\"https:\\\/\\\/lasentinelle.dz\\\/\",\"name\":\"La Sentinelle\",\"description\":\"Quotidien national d'information\",\"inLanguage\":\"fr-FR\",\"publisher\":{\"@id\":\"https:\\\/\\\/lasentinelle.dz\\\/#organization\"}}]}\n\t\t<\/script>\n\t\t<!-- All in One SEO -->\n\n","aioseo_head_json":{"title":"Apr\u00e8s les incendies : Un plan d\u2019urgence pour sauver la faune et la flore - La Sentinelle","description":"Face \u00e0 l'ampleur des d\u00e9g\u00e2ts caus\u00e9s \u00e0 la biodiversit\u00e9 par les r\u00e9cents incendies de for\u00eat, la ministre de l'Environnement et de la Qualit\u00e9 de la vie, Kaouter Krikou, a annonc\u00e9, mardi \u00e0 Alger, une s\u00e9rie de mesures d'urgence destin\u00e9es \u00e0 prot\u00e9ger et \u00e0 r\u00e9habiliter la faune et la flore dans les wilayas sinistr\u00e9es. Pr\u00e9sidant une","canonical_url":"https:\/\/lasentinelle.dz\/index.php\/2026\/09\/02\/apres-les-incendies-un-plan-durgence-pour-sauver-la-faune-et-la-flore\/","robots":"max-image-preview:large","keywords":"","webmasterTools":{"miscellaneous":""},"schema":{"@context":"https:\/\/schema.org","@graph":[{"@type":"BlogPosting","@id":"https:\/\/lasentinelle.dz\/index.php\/2026\/09\/02\/apres-les-incendies-un-plan-durgence-pour-sauver-la-faune-et-la-flore\/#blogposting","name":"Apr\u00e8s les incendies : Un plan d\u2019urgence pour sauver la faune et la flore - La Sentinelle","headline":"Apr\u00e8s les incendies\u00a0: Un plan d&rsquo;urgence pour sauver la faune et la flore","author":{"@id":"https:\/\/lasentinelle.dz\/author\/admin\/#author"},"publisher":{"@id":"https:\/\/lasentinelle.dz\/#organization"},"image":{"@type":"ImageObject","url":"https:\/\/lasentinelle.dz\/wp-content\/uploads\/2026\/09\/krikou.webp","width":900,"height":675},"datePublished":"2026-09-02T12:37:36+01:00","dateModified":"2026-09-02T12:37:40+01:00","inLanguage":"fr-FR","mainEntityOfPage":{"@id":"https:\/\/lasentinelle.dz\/index.php\/2026\/09\/02\/apres-les-incendies-un-plan-durgence-pour-sauver-la-faune-et-la-flore\/#webpage"},"isPartOf":{"@id":"https:\/\/lasentinelle.dz\/index.php\/2026\/09\/02\/apres-les-incendies-un-plan-durgence-pour-sauver-la-faune-et-la-flore\/#webpage"},"articleSection":"Actualit\u00e9"},{"@type":"BreadcrumbList","@id":"https:\/\/lasentinelle.dz\/index.php\/2026\/09\/02\/apres-les-incendies-un-plan-durgence-pour-sauver-la-faune-et-la-flore\/#breadcrumblist","itemListElement":[{"@type":"ListItem","@id":"https:\/\/lasentinelle.dz#listItem","position":1,"name":"Home","item":"https:\/\/lasentinelle.dz","nextItem":{"@type":"ListItem","@id":"https:\/\/lasentinelle.dz\/index.php\/category\/actualite\/#listItem","name":"Actualit\u00e9"}},{"@type":"ListItem","@id":"https:\/\/lasentinelle.dz\/index.php\/category\/actualite\/#listItem","position":2,"name":"Actualit\u00e9","item":"https:\/\/lasentinelle.dz\/index.php\/category\/actualite\/","nextItem":{"@type":"ListItem","@id":"https:\/\/lasentinelle.dz\/index.php\/2026\/09\/02\/apres-les-incendies-un-plan-durgence-pour-sauver-la-faune-et-la-flore\/#listItem","name":"Apr\u00e8s les incendies\u00a0: Un plan d&rsquo;urgence pour sauver la faune et la flore"},"previousItem":{"@type":"ListItem","@id":"https:\/\/lasentinelle.dz#listItem","name":"Home"}},{"@type":"ListItem","@id":"https:\/\/lasentinelle.dz\/index.php\/2026\/09\/02\/apres-les-incendies-un-plan-durgence-pour-sauver-la-faune-et-la-flore\/#listItem","position":3,"name":"Apr\u00e8s les incendies\u00a0: Un plan d&rsquo;urgence pour sauver la faune et la flore","previousItem":{"@type":"ListItem","@id":"https:\/\/lasentinelle.dz\/index.php\/category\/actualite\/#listItem","name":"Actualit\u00e9"}}]},{"@type":"Organization","@id":"https:\/\/lasentinelle.dz\/#organization","name":"La Sentinelle La Sentinelle","description":"Quotidien national d'information","url":"https:\/\/lasentinelle.dz\/","logo":{"@type":"ImageObject","url":"https:\/\/lasentinelle.dz\/wp-content\/uploads\/2021\/09\/cropped-la-sentinelle-earth-golden-anima-5.gif","@id":"https:\/\/lasentinelle.dz\/index.php\/2026\/09\/02\/apres-les-incendies-un-plan-durgence-pour-sauver-la-faune-et-la-flore\/#organizationLogo","width":450,"height":213},"image":{"@id":"https:\/\/lasentinelle.dz\/index.php\/2026\/09\/02\/apres-les-incendies-un-plan-durgence-pour-sauver-la-faune-et-la-flore\/#organizationLogo"},"sameAs":["https:\/\/www.facebook.com\/azzedine.lasentinelle.1"]},{"@type":"Person","@id":"https:\/\/lasentinelle.dz\/author\/admin\/#author","url":"https:\/\/lasentinelle.dz\/author\/admin\/","name":"admin","image":{"@type":"ImageObject","@id":"https:\/\/lasentinelle.dz\/index.php\/2026\/09\/02\/apres-les-incendies-un-plan-durgence-pour-sauver-la-faune-et-la-flore\/#authorImage","url":"https:\/\/secure.gravatar.com\/avatar\/4c81fed838786e9b53f540bf46533e750f5d292099ae3b66cfc6fb1982e29df7?s=96&d=mm&r=g","width":96,"height":96,"caption":"admin"}},{"@type":"WebPage","@id":"https:\/\/lasentinelle.dz\/index.php\/2026\/09\/02\/apres-les-incendies-un-plan-durgence-pour-sauver-la-faune-et-la-flore\/#webpage","url":"https:\/\/lasentinelle.dz\/index.php\/2026\/09\/02\/apres-les-incendies-un-plan-durgence-pour-sauver-la-faune-et-la-flore\/","name":"Apr\u00e8s les incendies : Un plan d\u2019urgence pour sauver la faune et la flore - La Sentinelle","description":"Face \u00e0 l'ampleur des d\u00e9g\u00e2ts caus\u00e9s \u00e0 la biodiversit\u00e9 par les r\u00e9cents incendies de for\u00eat, la ministre de l'Environnement et de la Qualit\u00e9 de la vie, Kaouter Krikou, a annonc\u00e9, mardi \u00e0 Alger, une s\u00e9rie de mesures d'urgence destin\u00e9es \u00e0 prot\u00e9ger et \u00e0 r\u00e9habiliter la faune et la flore dans les wilayas sinistr\u00e9es. Pr\u00e9sidant une","inLanguage":"fr-FR","isPartOf":{"@id":"https:\/\/lasentinelle.dz\/#website"},"breadcrumb":{"@id":"https:\/\/lasentinelle.dz\/index.php\/2026\/09\/02\/apres-les-incendies-un-plan-durgence-pour-sauver-la-faune-et-la-flore\/#breadcrumblist"},"author":{"@id":"https:\/\/lasentinelle.dz\/author\/admin\/#author"},"creator":{"@id":"https:\/\/lasentinelle.dz\/author\/admin\/#author"},"image":{"@type":"ImageObject","url":"https:\/\/lasentinelle.dz\/wp-content\/uploads\/2026\/09\/krikou.webp","@id":"https:\/\/lasentinelle.dz\/index.php\/2026\/09\/02\/apres-les-incendies-un-plan-durgence-pour-sauver-la-faune-et-la-flore\/#mainImage","width":900,"height":675},"primaryImageOfPage":{"@id":"https:\/\/lasentinelle.dz\/index.php\/2026\/09\/02\/apres-les-incendies-un-plan-durgence-pour-sauver-la-faune-et-la-flore\/#mainImage"},"datePublished":"2026-09-02T12:37:36+01:00","dateModified":"2026-09-02T12:37:40+01:00"},{"@type":"WebSite","@id":"https:\/\/lasentinelle.dz\/#website","url":"https:\/\/lasentinelle.dz\/","name":"La Sentinelle","description":"Quotidien national d'information","inLanguage":"fr-FR","publisher":{"@id":"https:\/\/lasentinelle.dz\/#organization"}}]},"og:locale":"fr_FR","og:site_name":"La Sentinelle - Quotidien national d'information","og:type":"article","og:title":"Apr\u00e8s les incendies : Un plan d\u2019urgence pour sauver la faune et la flore - La Sentinelle","og:description":"Face \u00e0 l'ampleur des d\u00e9g\u00e2ts caus\u00e9s \u00e0 la biodiversit\u00e9 par les r\u00e9cents incendies de for\u00eat, la ministre de l'Environnement et de la Qualit\u00e9 de la vie, Kaouter Krikou, a annonc\u00e9, mardi \u00e0 Alger, une s\u00e9rie de mesures d'urgence destin\u00e9es \u00e0 prot\u00e9ger et \u00e0 r\u00e9habiliter la faune et la flore dans les wilayas sinistr\u00e9es. Pr\u00e9sidant une","og:url":"https:\/\/lasentinelle.dz\/index.php\/2026\/09\/02\/apres-les-incendies-un-plan-durgence-pour-sauver-la-faune-et-la-flore\/","og:image":"https:\/\/lasentinelle.dz\/wp-content\/uploads\/2021\/09\/cropped-la-sentinelle-earth-golden-anima-5.gif","og:image:secure_url":"https:\/\/lasentinelle.dz\/wp-content\/uploads\/2021\/09\/cropped-la-sentinelle-earth-golden-anima-5.gif","og:image:width":450,"og:image:height":213,"article:published_time":"2026-09-02T11:37:36+00:00","article:modified_time":"2026-09-02T11:37:40+00:00","article:publisher":"https:\/\/www.facebook.com\/azzedine.lasentinelle.1","twitter:card":"summary_large_image","twitter:title":"Apr\u00e8s les incendies : Un plan d\u2019urgence pour sauver la faune et la flore - La Sentinelle","twitter:description":"Face \u00e0 l'ampleur des d\u00e9g\u00e2ts caus\u00e9s \u00e0 la biodiversit\u00e9 par les r\u00e9cents incendies de for\u00eat, la ministre de l'Environnement et de la Qualit\u00e9 de la vie, Kaouter Krikou, a annonc\u00e9, mardi \u00e0 Alger, une s\u00e9rie de mesures d'urgence destin\u00e9es \u00e0 prot\u00e9ger et \u00e0 r\u00e9habiliter la faune et la flore dans les wilayas sinistr\u00e9es. Pr\u00e9sidant une","twitter:image":"https:\/\/lasentinelle.dz\/wp-content\/uploads\/2021\/09\/cropped-la-sentinelle-earth-golden-anima-5.gif"},"aioseo_meta_data":{"post_id":"94849","title":null,"description":null,"keywords":null,"keyphrases":{"focus":{"keyphrase":"","score":0,"analysis":{"keyphraseInTitle":{"score":0,"maxScore":9,"error":1}}},"additional":[]},"primary_term":null,"canonical_url":null,"og_title":null,"og_description":null,"og_object_type":"default","og_image_type":"default","og_image_url":null,"og_image_width":null,"og_image_height":null,"og_image_custom_url":null,"og_image_custom_fields":null,"og_video":"","og_custom_url":null,"og_article_section":null,"og_article_tags":null,"twitter_use_og":false,"twitter_card":"default","twitter_image_type":"default","twitter_image_url":null,"twitter_image_custom_url":null,"twitter_image_custom_fields":null,"twitter_title":null,"twitter_description":null,"schema":{"blockGraphs":[],"customGraphs":[],"default":{"data":{"Article":[],"Course":[],"Dataset":[],"FAQPage":[],"Movie":[],"Person":[],"Product":[],"ProductReview":[],"Car":[],"Recipe":[],"Service":[],"SoftwareApplication":[],"WebPage":[]},"graphName":"BlogPosting","isEnabled":true},"graphs":[]},"schema_type":"default","schema_type_options":null,"pillar_content":false,"robots_default":true,"robots_noindex":false,"robots_noarchive":false,"robots_nosnippet":false,"robots_nofollow":false,"robots_noimageindex":false,"robots_noodp":false,"robots_notranslate":false,"robots_max_snippet":"-1","robots_max_videopreview":"-1","robots_max_imagepreview":"large","priority":null,"frequency":"default","local_seo":null,"breadcrumb_settings":null,"limit_modified_date":false,"ai":{"faqs":[],"keyPoints":[],"schemas":[],"titles":[],"descriptions":[],"socialPosts":{"email":{"subject":"","preview":"","content":""},"linkedin":[],"twitter":[],"facebook":[],"instagram":[]}},"created":"2026-09-02 11:37:40","updated":"2026-09-02 12:31:45","focus_keyword":null,"additional_keywords":null,"truseo_locale":null,"seo_analyzer_scan_date":null},"aioseo_breadcrumb":"<div class=\"aioseo-breadcrumbs\"><span class=\"aioseo-breadcrumb\">\n\t\t\t<a href=\"https:\/\/lasentinelle.dz\" title=\"Home\">Home<\/a>\n\t\t<\/span><span class=\"aioseo-breadcrumb-separator\">&raquo;<\/span><span class=\"aioseo-breadcrumb\">\n\t\t\t<a href=\"https:\/\/lasentinelle.dz\/index.php\/category\/actualite\/\" title=\"Actualit\u00e9\">Actualit\u00e9<\/a>\n\t\t<\/span><span class=\"aioseo-breadcrumb-separator\">&raquo;<\/span><span class=\"aioseo-breadcrumb\">\n\t\t\tApr\u00e8s les incendies : Un plan d\u2019urgence pour sauver la faune et la flore\n\t\t<\/span><\/div>","aioseo_breadcrumb_json":[{"label":"Home","link":"https:\/\/lasentinelle.dz"},{"label":"Actualit\u00e9","link":"https:\/\/lasentinelle.dz\/index.php\/category\/actualite\/"},{"label":"Apr\u00e8s les incendies\u00a0: Un plan d&rsquo;urgence pour sauver la faune et la flore","link":"https:\/\/lasentinelle.dz\/index.php\/2026\/09\/02\/apres-les-incendies-un-plan-durgence-pour-sauver-la-faune-et-la-flore\/"}],"yoast_head":"<!-- This site is optimized with the Yoast SEO plugin v28.4 - https:\/\/yoast.com\/product\/yoast-seo-wordpress\/ -->\n<title>Apr\u00e8s les incendies\u00a0: Un plan d&rsquo;urgence pour sauver la faune et la flore - La Sentinelle<\/title>\n<meta name=\"robots\" content=\"index, follow, max-snippet:-1, max-image-preview:large, max-video-preview:-1\" \/>\n<link rel=\"canonical\" href=\"https:\/\/lasentinelle.dz\/index.php\/2026\/09\/02\/apres-les-incendies-un-plan-durgence-pour-sauver-la-faune-et-la-flore\/\" \/>\n<meta property=\"og:locale\" content=\"fr_FR\" \/>\n<meta property=\"og:type\" content=\"article\" \/>\n<meta property=\"og:title\" content=\"Apr\u00e8s les incendies\u00a0: Un plan d&rsquo;urgence pour sauver la faune et la flore - La Sentinelle\" \/>\n<meta property=\"og:description\" content=\"Face \u00e0 l&rsquo;ampleur des d\u00e9g\u00e2ts caus\u00e9s \u00e0 la biodiversit\u00e9 par les r\u00e9cents incendies de for\u00eat, la ministre de l&rsquo;Environnement et\" \/>\n<meta property=\"og:url\" content=\"https:\/\/lasentinelle.dz\/index.php\/2026\/09\/02\/apres-les-incendies-un-plan-durgence-pour-sauver-la-faune-et-la-flore\/\" \/>\n<meta property=\"og:site_name\" content=\"La Sentinelle\" \/>\n<meta property=\"article:publisher\" content=\"https:\/\/www.facebook.com\/La-Sentinelle-104059864394773\" \/>\n<meta property=\"article:published_time\" content=\"2026-09-02T11:37:36+00:00\" \/>\n<meta property=\"article:modified_time\" content=\"2026-09-02T11:37:40+00:00\" \/>\n<meta property=\"og:image\" content=\"https:\/\/lasentinelle.dz\/wp-content\/uploads\/2026\/09\/krikou.webp\" \/>\n\t<meta property=\"og:image:width\" content=\"900\" \/>\n\t<meta property=\"og:image:height\" content=\"675\" \/>\n\t<meta property=\"og:image:type\" content=\"image\/webp\" \/>\n<meta name=\"author\" content=\"admin\" \/>\n<meta name=\"twitter:card\" content=\"summary_large_image\" \/>\n<meta name=\"twitter:label1\" content=\"\u00c9crit par\" \/>\n\t<meta name=\"twitter:data1\" content=\"admin\" \/>\n\t<meta name=\"twitter:label2\" content=\"Dur\u00e9e de lecture estim\u00e9e\" \/>\n\t<meta name=\"twitter:data2\" content=\"3 minutes\" \/>\n<script type=\"application\/ld+json\" class=\"yoast-schema-graph\">{\"@context\":\"https:\\\/\\\/schema.org\",\"@graph\":[{\"@type\":\"Article\",\"@id\":\"https:\\\/\\\/lasentinelle.dz\\\/index.php\\\/2026\\\/09\\\/02\\\/apres-les-incendies-un-plan-durgence-pour-sauver-la-faune-et-la-flore\\\/#article\",\"isPartOf\":{\"@id\":\"https:\\\/\\\/lasentinelle.dz\\\/index.php\\\/2026\\\/09\\\/02\\\/apres-les-incendies-un-plan-durgence-pour-sauver-la-faune-et-la-flore\\\/\"},\"author\":{\"name\":\"admin\",\"@id\":\"https:\\\/\\\/lasentinelle.dz\\\/#\\\/schema\\\/person\\\/729ee0024f24e0b8c5ec17232f8e8b41\"},\"headline\":\"Apr\u00e8s les incendies\u00a0: Un plan d&rsquo;urgence pour sauver la faune et la flore\",\"datePublished\":\"2026-09-02T11:37:36+00:00\",\"dateModified\":\"2026-09-02T11:37:40+00:00\",\"mainEntityOfPage\":{\"@id\":\"https:\\\/\\\/lasentinelle.dz\\\/index.php\\\/2026\\\/09\\\/02\\\/apres-les-incendies-un-plan-durgence-pour-sauver-la-faune-et-la-flore\\\/\"},\"wordCount\":569,\"commentCount\":0,\"publisher\":{\"@id\":\"https:\\\/\\\/lasentinelle.dz\\\/#organization\"},\"image\":{\"@id\":\"https:\\\/\\\/lasentinelle.dz\\\/index.php\\\/2026\\\/09\\\/02\\\/apres-les-incendies-un-plan-durgence-pour-sauver-la-faune-et-la-flore\\\/#primaryimage\"},\"thumbnailUrl\":\"https:\\\/\\\/lasentinelle.dz\\\/wp-content\\\/uploads\\\/2026\\\/09\\\/krikou.webp\",\"articleSection\":[\"Actualit\u00e9\"],\"inLanguage\":\"fr-FR\",\"potentialAction\":[{\"@type\":\"CommentAction\",\"name\":\"Comment\",\"target\":[\"https:\\\/\\\/lasentinelle.dz\\\/index.php\\\/2026\\\/09\\\/02\\\/apres-les-incendies-un-plan-durgence-pour-sauver-la-faune-et-la-flore\\\/#respond\"]}]},{\"@type\":\"WebPage\",\"@id\":\"https:\\\/\\\/lasentinelle.dz\\\/index.php\\\/2026\\\/09\\\/02\\\/apres-les-incendies-un-plan-durgence-pour-sauver-la-faune-et-la-flore\\\/\",\"url\":\"https:\\\/\\\/lasentinelle.dz\\\/index.php\\\/2026\\\/09\\\/02\\\/apres-les-incendies-un-plan-durgence-pour-sauver-la-faune-et-la-flore\\\/\",\"name\":\"Apr\u00e8s les incendies\u00a0: Un plan d&rsquo;urgence pour sauver la faune et la flore - La Sentinelle\",\"isPartOf\":{\"@id\":\"https:\\\/\\\/lasentinelle.dz\\\/#website\"},\"primaryImageOfPage\":{\"@id\":\"https:\\\/\\\/lasentinelle.dz\\\/index.php\\\/2026\\\/09\\\/02\\\/apres-les-incendies-un-plan-durgence-pour-sauver-la-faune-et-la-flore\\\/#primaryimage\"},\"image\":{\"@id\":\"https:\\\/\\\/lasentinelle.dz\\\/index.php\\\/2026\\\/09\\\/02\\\/apres-les-incendies-un-plan-durgence-pour-sauver-la-faune-et-la-flore\\\/#primaryimage\"},\"thumbnailUrl\":\"https:\\\/\\\/lasentinelle.dz\\\/wp-content\\\/uploads\\\/2026\\\/09\\\/krikou.webp\",\"datePublished\":\"2026-09-02T11:37:36+00:00\",\"dateModified\":\"2026-09-02T11:37:40+00:00\",\"breadcrumb\":{\"@id\":\"https:\\\/\\\/lasentinelle.dz\\\/index.php\\\/2026\\\/09\\\/02\\\/apres-les-incendies-un-plan-durgence-pour-sauver-la-faune-et-la-flore\\\/#breadcrumb\"},\"inLanguage\":\"fr-FR\",\"potentialAction\":[{\"@type\":\"ReadAction\",\"target\":[\"https:\\\/\\\/lasentinelle.dz\\\/index.php\\\/2026\\\/09\\\/02\\\/apres-les-incendies-un-plan-durgence-pour-sauver-la-faune-et-la-flore\\\/\"]}]},{\"@type\":\"ImageObject\",\"inLanguage\":\"fr-FR\",\"@id\":\"https:\\\/\\\/lasentinelle.dz\\\/index.php\\\/2026\\\/09\\\/02\\\/apres-les-incendies-un-plan-durgence-pour-sauver-la-faune-et-la-flore\\\/#primaryimage\",\"url\":\"https:\\\/\\\/lasentinelle.dz\\\/wp-content\\\/uploads\\\/2026\\\/09\\\/krikou.webp\",\"contentUrl\":\"https:\\\/\\\/lasentinelle.dz\\\/wp-content\\\/uploads\\\/2026\\\/09\\\/krikou.webp\",\"width\":900,\"height\":675},{\"@type\":\"BreadcrumbList\",\"@id\":\"https:\\\/\\\/lasentinelle.dz\\\/index.php\\\/2026\\\/09\\\/02\\\/apres-les-incendies-un-plan-durgence-pour-sauver-la-faune-et-la-flore\\\/#breadcrumb\",\"itemListElement\":[{\"@type\":\"ListItem\",\"position\":1,\"name\":\"Accueil\",\"item\":\"https:\\\/\\\/lasentinelle.dz\\\/\"},{\"@type\":\"ListItem\",\"position\":2,\"name\":\"Apr\u00e8s les incendies\u00a0: Un plan d&rsquo;urgence pour sauver la faune et la flore\"}]},{\"@type\":\"WebSite\",\"@id\":\"https:\\\/\\\/lasentinelle.dz\\\/#website\",\"url\":\"https:\\\/\\\/lasentinelle.dz\\\/\",\"name\":\"La Sentinelle\",\"description\":\"Quotidien national d&#039;information\",\"publisher\":{\"@id\":\"https:\\\/\\\/lasentinelle.dz\\\/#organization\"},\"potentialAction\":[{\"@type\":\"SearchAction\",\"target\":{\"@type\":\"EntryPoint\",\"urlTemplate\":\"https:\\\/\\\/lasentinelle.dz\\\/?s={search_term_string}\"},\"query-input\":{\"@type\":\"PropertyValueSpecification\",\"valueRequired\":true,\"valueName\":\"search_term_string\"}}],\"inLanguage\":\"fr-FR\"},{\"@type\":\"Organization\",\"@id\":\"https:\\\/\\\/lasentinelle.dz\\\/#organization\",\"name\":\"Quotidien La Sentinelle\",\"url\":\"https:\\\/\\\/lasentinelle.dz\\\/\",\"logo\":{\"@type\":\"ImageObject\",\"inLanguage\":\"fr-FR\",\"@id\":\"https:\\\/\\\/lasentinelle.dz\\\/#\\\/schema\\\/logo\\\/image\\\/\",\"url\":\"https:\\\/\\\/lasentinelle.dz\\\/wp-content\\\/uploads\\\/2021\\\/09\\\/logo-sentinelleSLOGAN-1.png\",\"contentUrl\":\"https:\\\/\\\/lasentinelle.dz\\\/wp-content\\\/uploads\\\/2021\\\/09\\\/logo-sentinelleSLOGAN-1.png\",\"width\":615,\"height\":142,\"caption\":\"Quotidien La Sentinelle\"},\"image\":{\"@id\":\"https:\\\/\\\/lasentinelle.dz\\\/#\\\/schema\\\/logo\\\/image\\\/\"},\"sameAs\":[\"https:\\\/\\\/www.facebook.com\\\/La-Sentinelle-104059864394773\"]},{\"@type\":\"Person\",\"@id\":\"https:\\\/\\\/lasentinelle.dz\\\/#\\\/schema\\\/person\\\/729ee0024f24e0b8c5ec17232f8e8b41\",\"name\":\"admin\",\"image\":{\"@type\":\"ImageObject\",\"inLanguage\":\"fr-FR\",\"@id\":\"https:\\\/\\\/secure.gravatar.com\\\/avatar\\\/4c81fed838786e9b53f540bf46533e750f5d292099ae3b66cfc6fb1982e29df7?s=96&d=mm&r=g\",\"url\":\"https:\\\/\\\/secure.gravatar.com\\\/avatar\\\/4c81fed838786e9b53f540bf46533e750f5d292099ae3b66cfc6fb1982e29df7?s=96&d=mm&r=g\",\"contentUrl\":\"https:\\\/\\\/secure.gravatar.com\\\/avatar\\\/4c81fed838786e9b53f540bf46533e750f5d292099ae3b66cfc6fb1982e29df7?s=96&d=mm&r=g\",\"caption\":\"admin\"},\"description\":\"admin\",\"url\":\"https:\\\/\\\/lasentinelle.dz\\\/author\\\/admin\\\/\"}]}<\/script>\n<!-- \/ Yoast SEO plugin. -->","yoast_head_json":{"title":"Apr\u00e8s les incendies\u00a0: Un plan d&rsquo;urgence pour sauver la faune et la flore - La Sentinelle","robots":{"index":"index","follow":"follow","max-snippet":"max-snippet:-1","max-image-preview":"max-image-preview:large","max-video-preview":"max-video-preview:-1"},"canonical":"https:\/\/lasentinelle.dz\/index.php\/2026\/09\/02\/apres-les-incendies-un-plan-durgence-pour-sauver-la-faune-et-la-flore\/","og_locale":"fr_FR","og_type":"article","og_title":"Apr\u00e8s les incendies\u00a0: Un plan d&rsquo;urgence pour sauver la faune et la flore - La Sentinelle","og_description":"Face \u00e0 l&rsquo;ampleur des d\u00e9g\u00e2ts caus\u00e9s \u00e0 la biodiversit\u00e9 par les r\u00e9cents incendies de for\u00eat, la ministre de l&rsquo;Environnement et","og_url":"https:\/\/lasentinelle.dz\/index.php\/2026\/09\/02\/apres-les-incendies-un-plan-durgence-pour-sauver-la-faune-et-la-flore\/","og_site_name":"La Sentinelle","article_publisher":"https:\/\/www.facebook.com\/La-Sentinelle-104059864394773","article_published_time":"2026-09-02T11:37:36+00:00","article_modified_time":"2026-09-02T11:37:40+00:00","og_image":[{"width":900,"height":675,"url":"https:\/\/lasentinelle.dz\/wp-content\/uploads\/2026\/09\/krikou.webp","type":"image\/webp"}],"author":"admin","twitter_card":"summary_large_image","twitter_misc":{"\u00c9crit par":"admin","Dur\u00e9e de lecture estim\u00e9e":"3 minutes"},"schema":{"@context":"https:\/\/schema.org","@graph":[{"@type":"Article","@id":"https:\/\/lasentinelle.dz\/index.php\/2026\/09\/02\/apres-les-incendies-un-plan-durgence-pour-sauver-la-faune-et-la-flore\/#article","isPartOf":{"@id":"https:\/\/lasentinelle.dz\/index.php\/2026\/09\/02\/apres-les-incendies-un-plan-durgence-pour-sauver-la-faune-et-la-flore\/"},"author":{"name":"admin","@id":"https:\/\/lasentinelle.dz\/#\/schema\/person\/729ee0024f24e0b8c5ec17232f8e8b41"},"headline":"Apr\u00e8s les incendies\u00a0: Un plan d&rsquo;urgence pour sauver la faune et la flore","datePublished":"2026-09-02T11:37:36+00:00","dateModified":"2026-09-02T11:37:40+00:00","mainEntityOfPage":{"@id":"https:\/\/lasentinelle.dz\/index.php\/2026\/09\/02\/apres-les-incendies-un-plan-durgence-pour-sauver-la-faune-et-la-flore\/"},"wordCount":569,"commentCount":0,"publisher":{"@id":"https:\/\/lasentinelle.dz\/#organization"},"image":{"@id":"https:\/\/lasentinelle.dz\/index.php\/2026\/09\/02\/apres-les-incendies-un-plan-durgence-pour-sauver-la-faune-et-la-flore\/#primaryimage"},"thumbnailUrl":"https:\/\/lasentinelle.dz\/wp-content\/uploads\/2026\/09\/krikou.webp","articleSection":["Actualit\u00e9"],"inLanguage":"fr-FR","potentialAction":[{"@type":"CommentAction","name":"Comment","target":["https:\/\/lasentinelle.dz\/index.php\/2026\/09\/02\/apres-les-incendies-un-plan-durgence-pour-sauver-la-faune-et-la-flore\/#respond"]}]},{"@type":"WebPage","@id":"https:\/\/lasentinelle.dz\/index.php\/2026\/09\/02\/apres-les-incendies-un-plan-durgence-pour-sauver-la-faune-et-la-flore\/","url":"https:\/\/lasentinelle.dz\/index.php\/2026\/09\/02\/apres-les-incendies-un-plan-durgence-pour-sauver-la-faune-et-la-flore\/","name":"Apr\u00e8s les incendies\u00a0: Un plan d&rsquo;urgence pour sauver la faune et la flore - La Sentinelle","isPartOf":{"@id":"https:\/\/lasentinelle.dz\/#website"},"primaryImageOfPage":{"@id":"https:\/\/lasentinelle.dz\/index.php\/2026\/09\/02\/apres-les-incendies-un-plan-durgence-pour-sauver-la-faune-et-la-flore\/#primaryimage"},"image":{"@id":"https:\/\/lasentinelle.dz\/index.php\/2026\/09\/02\/apres-les-incendies-un-plan-durgence-pour-sauver-la-faune-et-la-flore\/#primaryimage"},"thumbnailUrl":"https:\/\/lasentinelle.dz\/wp-content\/uploads\/2026\/09\/krikou.webp","datePublished":"2026-09-02T11:37:36+00:00","dateModified":"2026-09-02T11:37:40+00:00","breadcrumb":{"@id":"https:\/\/lasentinelle.dz\/index.php\/2026\/09\/02\/apres-les-incendies-un-plan-durgence-pour-sauver-la-faune-et-la-flore\/#breadcrumb"},"inLanguage":"fr-FR","potentialAction":[{"@type":"ReadAction","target":["https:\/\/lasentinelle.dz\/index.php\/2026\/09\/02\/apres-les-incendies-un-plan-durgence-pour-sauver-la-faune-et-la-flore\/"]}]},{"@type":"ImageObject","inLanguage":"fr-FR","@id":"https:\/\/lasentinelle.dz\/index.php\/2026\/09\/02\/apres-les-incendies-un-plan-durgence-pour-sauver-la-faune-et-la-flore\/#primaryimage","url":"https:\/\/lasentinelle.dz\/wp-content\/uploads\/2026\/09\/krikou.webp","contentUrl":"https:\/\/lasentinelle.dz\/wp-content\/uploads\/2026\/09\/krikou.webp","width":900,"height":675},{"@type":"BreadcrumbList","@id":"https:\/\/lasentinelle.dz\/index.php\/2026\/09\/02\/apres-les-incendies-un-plan-durgence-pour-sauver-la-faune-et-la-flore\/#breadcrumb","itemListElement":[{"@type":"ListItem","position":1,"name":"Accueil","item":"https:\/\/lasentinelle.dz\/"},{"@type":"ListItem","position":2,"name":"Apr\u00e8s les incendies\u00a0: Un plan d&rsquo;urgence pour sauver la faune et la flore"}]},{"@type":"WebSite","@id":"https:\/\/lasentinelle.dz\/#website","url":"https:\/\/lasentinelle.dz\/","name":"La Sentinelle","description":"Quotidien national d&#039;information","publisher":{"@id":"https:\/\/lasentinelle.dz\/#organization"},"potentialAction":[{"@type":"SearchAction","target":{"@type":"EntryPoint","urlTemplate":"https:\/\/lasentinelle.dz\/?s={search_term_string}"},"query-input":{"@type":"PropertyValueSpecification","valueRequired":true,"valueName":"search_term_string"}}],"inLanguage":"fr-FR"},{"@type":"Organization","@id":"https:\/\/lasentinelle.dz\/#organization","name":"Quotidien La Sentinelle","url":"https:\/\/lasentinelle.dz\/","logo":{"@type":"ImageObject","inLanguage":"fr-FR","@id":"https:\/\/lasentinelle.dz\/#\/schema\/logo\/image\/","url":"https:\/\/lasentinelle.dz\/wp-content\/uploads\/2021\/09\/logo-sentinelleSLOGAN-1.png","contentUrl":"https:\/\/lasentinelle.dz\/wp-content\/uploads\/2021\/09\/logo-sentinelleSLOGAN-1.png","width":615,"height":142,"caption":"Quotidien La Sentinelle"},"image":{"@id":"https:\/\/lasentinelle.dz\/#\/schema\/logo\/image\/"},"sameAs":["https:\/\/www.facebook.com\/La-Sentinelle-104059864394773"]},{"@type":"Person","@id":"https:\/\/lasentinelle.dz\/#\/schema\/person\/729ee0024f24e0b8c5ec17232f8e8b41","name":"admin","image":{"@type":"ImageObject","inLanguage":"fr-FR","@id":"https:\/\/secure.gravatar.com\/avatar\/4c81fed838786e9b53f540bf46533e750f5d292099ae3b66cfc6fb1982e29df7?s=96&d=mm&r=g","url":"https:\/\/secure.gravatar.com\/avatar\/4c81fed838786e9b53f540bf46533e750f5d292099ae3b66cfc6fb1982e29df7?s=96&d=mm&r=g","contentUrl":"https:\/\/secure.gravatar.com\/avatar\/4c81fed838786e9b53f540bf46533e750f5d292099ae3b66cfc6fb1982e29df7?s=96&d=mm&r=g","caption":"admin"},"description":"admin","url":"https:\/\/lasentinelle.dz\/author\/admin\/"}]}},"_links":{"self":[{"href":"https:\/\/lasentinelle.dz\/index.php\/wp-json\/wp\/v2\/posts\/94849","targetHints":{"allow":["GET"]}}],"collection":[{"href":"https:\/\/lasentinelle.dz\/index.php\/wp-json\/wp\/v2\/posts"}],"about":[{"href":"https:\/\/lasentinelle.dz\/index.php\/wp-json\/wp\/v2\/types\/post"}],"author":[{"embeddable":true,"href":"https:\/\/lasentinelle.dz\/index.php\/wp-json\/wp\/v2\/users\/6"}],"replies":[{"embeddable":true,"href":"https:\/\/lasentinelle.dz\/index.php\/wp-json\/wp\/v2\/comments?post=94849"}],"version-history":[{"count":2,"href":"https:\/\/lasentinelle.dz\/index.php\/wp-json\/wp\/v2\/posts\/94849\/revisions"}],"predecessor-version":[{"id":94852,"href":"https:\/\/lasentinelle.dz\/index.php\/wp-json\/wp\/v2\/posts\/94849\/revisions\/94852"}],"wp:featuredmedia":[{"embeddable":true,"href":"https:\/\/lasentinelle.dz\/index.php\/wp-json\/wp\/v2\/media\/94850"}],"wp:attachment":[{"href":"https:\/\/lasentinelle.dz\/index.php\/wp-json\/wp\/v2\/media?parent=94849"}],"wp:term":[{"taxonomy":"category","embeddable":true,"href":"https:\/\/lasentinelle.dz\/index.php\/wp-json\/wp\/v2\/categories?post=94849"},{"taxonomy":"post_tag","embeddable":true,"href":"https:\/\/lasentinelle.dz\/index.php\/wp-json\/wp\/v2\/tags?post=94849"}],"curies":[{"name":"wp","href":"https:\/\/api.w.org\/{rel}","templated":true}]}}