{"id":94853,"date":"2026-09-02T12:39:09","date_gmt":"2026-09-02T11:39:09","guid":{"rendered":"https:\/\/lasentinelle.dz\/?p=94853"},"modified":"2026-09-02T12:39:14","modified_gmt":"2026-09-02T11:39:14","slug":"catastrophes-naturelles-le-deploiement-du-systeme-dalerte-par-cell-broadcast-accelere","status":"publish","type":"post","link":"https:\/\/lasentinelle.dz\/index.php\/2026\/09\/02\/catastrophes-naturelles-le-deploiement-du-systeme-dalerte-par-cell-broadcast-accelere\/","title":{"rendered":"Catastrophes naturelles\u00a0: Le d\u00e9ploiement du syst\u00e8me d&rsquo;alerte par Cell Broadcast acc\u00e9l\u00e9r\u00e9"},"content":{"rendered":"\n<p class=\"wp-block-paragraph\">Le ministre de la Poste et des T\u00e9l\u00e9communications, Sid Ali Zerrouki, a pr\u00e9sid\u00e9 mardi une r\u00e9union consacr\u00e9e au renforcement de la pr\u00e9paration du secteur et \u00e0 la garantie de la continuit\u00e9 des services en cas de catastrophes naturelles et de crises, en application des instructions du pr\u00e9sident de la R\u00e9publique, Abdelmadjid Tebboune, selon un communiqu\u00e9 du minist\u00e8re.<\/p>\n\n\n\n<p class=\"wp-block-paragraph\">Cette r\u00e9union d&rsquo;orientation, qui a regroup\u00e9 les responsables des \u00e9tablissements du secteur aux niveaux central et local, a port\u00e9 sur l&rsquo;examen d&rsquo;un ensemble de mesures destin\u00e9es \u00e0 renforcer la r\u00e9silience des infrastructures de t\u00e9l\u00e9communications face aux situations d&rsquo;urgence. Parmi les dispositions \u00e9tudi\u00e9es figure \u00ab la constitution d&rsquo;un stock de r\u00e9serve de stations mobiles et de moyens de soutien technique permettant une intervention rapide en cas de besoin \u00bb, ainsi que \u00ab le lancement de la conception d&rsquo;un syst\u00e8me d&rsquo;information unifi\u00e9e permettant de mesurer l&rsquo;\u00e9tendue des d\u00e9g\u00e2ts, de suivre le r\u00e9tablissement post-crise et de coordonner les op\u00e9rations de r\u00e9ponse imm\u00e9diate \u00bb, pr\u00e9cise le communiqu\u00e9.<\/p>\n\n\n\n<p class=\"wp-block-paragraph\">Dans ce cadre, le ministre a instruit les responsables du secteur d&rsquo;\u00ab acc\u00e9l\u00e9rer la mise en service, dans les meilleurs d\u00e9lais, du m\u00e9canisme de diffusion cellulaire (Cell Broadcast), en tant qu&rsquo;outil d&rsquo;alerte pr\u00e9coce permettant de transmettre des notifications urgentes aux citoyens dans les zones concern\u00e9es, notamment en cas de catastrophes et de risques majeurs \u00bb. Cette technologie, qui permet de diffuser instantan\u00e9ment des messages d&rsquo;alerte \u00e0 l&rsquo;ensemble des t\u00e9l\u00e9phones mobiles pr\u00e9sents dans une zone g\u00e9ographique donn\u00e9e sans passer par un annuaire de num\u00e9ros, est d\u00e9j\u00e0 utilis\u00e9e dans plusieurs pays pour pr\u00e9venir les populations en cas de s\u00e9ismes, d&rsquo;inondations ou d&rsquo;incendies de grande ampleur.<\/p>\n\n\n\n<p class=\"wp-block-paragraph\">M. Zerrouki a par ailleurs insist\u00e9 sur la n\u00e9cessit\u00e9 de \u00ab ne pas se limiter \u00e0 intervenir apr\u00e8s la survenue des crises, mais d&rsquo;adopter des protocoles pr\u00e9ventifs et proactifs unifi\u00e9s pour leur gestion, fond\u00e9s sur la pr\u00e9paration, la coordination et l&rsquo;intervention rapide, afin de garantir la continuit\u00e9 des services du secteur et de prot\u00e9ger les citoyens et les infrastructures \u00bb, conclut le communiqu\u00e9 du minist\u00e8re.<\/p>\n\n\n\n<p class=\"wp-block-paragraph\">Cette r\u00e9union intervient dans un contexte marqu\u00e9 par la volont\u00e9 des pouvoirs publics de tirer les enseignements des derniers \u00e9pisodes de catastrophes naturelles ayant touch\u00e9 le pays, \u00e0 l&rsquo;image des feux de for\u00eat qui ont r\u00e9cemment ravag\u00e9 plusieurs wilayas de l&rsquo;Est et du Centre, et qui ont mis en lumi\u00e8re l&rsquo;importance d&rsquo;une communication rapide et fiable envers les populations expos\u00e9es. Elle s&rsquo;inscrit \u00e9galement dans la continuit\u00e9 des mesures annonc\u00e9es ces derniers jours par le minist\u00e8re de l&rsquo;Int\u00e9rieur, des Collectivit\u00e9s locales et des Transports, qui a instruit les wilayas de renforcer leurs dispositifs pr\u00e9ventifs face aux perturbations m\u00e9t\u00e9orologiques attendues avec le changement de saison, notamment \u00e0 travers le nettoyage des r\u00e9seaux d&rsquo;\u00e9vacuation des eaux pluviales et la mobilisation des moyens humains et mat\u00e9riels. La mise en service du Cell Broadcast, souvent pr\u00e9sent\u00e9e comme un maillon manquant du dispositif national de gestion des risques majeurs, viendrait ainsi compl\u00e9ter cet arsenal pr\u00e9ventif en offrant aux autorit\u00e9s un canal d&rsquo;alerte directe et massive vers les citoyens, \u00e0 m\u00eame de r\u00e9duire les d\u00e9lais de r\u00e9action face aux catastrophes naturelles et de renforcer la protection des personnes et des biens.<\/p>\n\n\n\n<p class=\"wp-block-paragraph\">Samir Benisid<\/p>\n","protected":false},"excerpt":{"rendered":"<p>Le ministre de la Poste et des T\u00e9l\u00e9communications, Sid Ali Zerrouki, a pr\u00e9sid\u00e9 mardi une r\u00e9union consacr\u00e9e au renforcement de<\/p>\n","protected":false},"author":6,"featured_media":94854,"comment_status":"open","ping_status":"closed","sticky":false,"template":"","format":"standard","meta":{"colormag_page_container_layout":"default_layout","colormag_page_sidebar_layout":"default_layout","om_disable_all_campaigns":false,"_monsterinsights_skip_tracking":false,"footnotes":"","_wpscppro_dont_share_socialmedia":false,"_wpscppro_custom_social_share_image":0,"_facebook_share_type":"default","_twitter_share_type":"default","_linkedin_share_type":"default","_pinterest_share_type":"default","_linkedin_share_type_page":"","_instagram_share_type":"default","_medium_share_type":"default","_threads_share_type":"default","_google_business_share_type":"default","_bluesky_share_type":"default","_mastodon_share_type":"default","_selected_social_profile":[],"_wpsp_enable_custom_social_template":false,"_wpsp_social_scheduling":{"enabled":false,"datetime":null,"platforms":[],"status":"template_only","dateOption":"today","timeOption":"now","customDays":"","customHours":"","customDate":"","customTime":"","schedulingType":"absolute"},"_wpsp_active_default_template":true},"categories":[52,27],"tags":[],"class_list":["post-94853","post","type-post","status-publish","format-standard","has-post-thumbnail","hentry","category-a-la-une","category-actualite"],"aioseo_notices":[],"aioseo_head":"\n\t\t<!-- All in One SEO 5.0.0.1 - aioseo.com -->\n\t<meta name=\"description\" content=\"Le ministre de la Poste et des T\u00e9l\u00e9communications, Sid Ali Zerrouki, a pr\u00e9sid\u00e9 mardi une r\u00e9union consacr\u00e9e au renforcement de la pr\u00e9paration du secteur et \u00e0 la garantie de la continuit\u00e9 des services en cas de catastrophes naturelles et de crises, en application des instructions du pr\u00e9sident de la R\u00e9publique, Abdelmadjid Tebboune, selon un communiqu\u00e9\" \/>\n\t<meta name=\"robots\" content=\"max-image-preview:large\" \/>\n\t<meta name=\"author\" content=\"admin\"\/>\n\t<link rel=\"canonical\" href=\"https:\/\/lasentinelle.dz\/index.php\/2026\/09\/02\/catastrophes-naturelles-le-deploiement-du-systeme-dalerte-par-cell-broadcast-accelere\/\" \/>\n\t<meta name=\"generator\" content=\"All in One SEO (AIOSEO) 5.0.0.1\" \/>\n\t\t<meta property=\"og:locale\" content=\"fr_FR\" \/>\n\t\t<meta property=\"og:site_name\" content=\"La Sentinelle - Quotidien national d&#039;information\" \/>\n\t\t<meta property=\"og:type\" content=\"article\" \/>\n\t\t<meta property=\"og:title\" content=\"Catastrophes naturelles : Le d\u00e9ploiement du syst\u00e8me d\u2019alerte par Cell Broadcast acc\u00e9l\u00e9r\u00e9 - La Sentinelle\" \/>\n\t\t<meta property=\"og:description\" content=\"Le ministre de la Poste et des T\u00e9l\u00e9communications, Sid Ali Zerrouki, a pr\u00e9sid\u00e9 mardi une r\u00e9union consacr\u00e9e au renforcement de la pr\u00e9paration du secteur et \u00e0 la garantie de la continuit\u00e9 des services en cas de catastrophes naturelles et de crises, en application des instructions du pr\u00e9sident de la R\u00e9publique, Abdelmadjid Tebboune, selon un communiqu\u00e9\" \/>\n\t\t<meta property=\"og:url\" content=\"https:\/\/lasentinelle.dz\/index.php\/2026\/09\/02\/catastrophes-naturelles-le-deploiement-du-systeme-dalerte-par-cell-broadcast-accelere\/\" \/>\n\t\t<meta property=\"og:image\" content=\"https:\/\/lasentinelle.dz\/wp-content\/uploads\/2021\/09\/cropped-la-sentinelle-earth-golden-anima-5.gif\" \/>\n\t\t<meta property=\"og:image:secure_url\" content=\"https:\/\/lasentinelle.dz\/wp-content\/uploads\/2021\/09\/cropped-la-sentinelle-earth-golden-anima-5.gif\" \/>\n\t\t<meta property=\"og:image:width\" content=\"450\" \/>\n\t\t<meta property=\"og:image:height\" content=\"213\" \/>\n\t\t<meta property=\"article:published_time\" content=\"2026-09-02T11:39:09+00:00\" \/>\n\t\t<meta property=\"article:modified_time\" content=\"2026-09-02T11:39:14+00:00\" \/>\n\t\t<meta property=\"article:publisher\" content=\"https:\/\/www.facebook.com\/azzedine.lasentinelle.1\" \/>\n\t\t<meta name=\"twitter:card\" content=\"summary_large_image\" \/>\n\t\t<meta name=\"twitter:title\" content=\"Catastrophes naturelles : Le d\u00e9ploiement du syst\u00e8me d\u2019alerte par Cell Broadcast acc\u00e9l\u00e9r\u00e9 - La Sentinelle\" \/>\n\t\t<meta name=\"twitter:description\" content=\"Le ministre de la Poste et des T\u00e9l\u00e9communications, Sid Ali Zerrouki, a pr\u00e9sid\u00e9 mardi une r\u00e9union consacr\u00e9e au renforcement de la pr\u00e9paration du secteur et \u00e0 la garantie de la continuit\u00e9 des services en cas de catastrophes naturelles et de crises, en application des instructions du pr\u00e9sident de la R\u00e9publique, Abdelmadjid Tebboune, selon un communiqu\u00e9\" \/>\n\t\t<meta name=\"twitter:image\" content=\"https:\/\/lasentinelle.dz\/wp-content\/uploads\/2021\/09\/cropped-la-sentinelle-earth-golden-anima-5.gif\" \/>\n\t\t<script type=\"application\/ld+json\" class=\"aioseo-schema\">\n\t\t\t{\"@context\":\"https:\\\/\\\/schema.org\",\"@graph\":[{\"@type\":\"BlogPosting\",\"@id\":\"https:\\\/\\\/lasentinelle.dz\\\/index.php\\\/2026\\\/09\\\/02\\\/catastrophes-naturelles-le-deploiement-du-systeme-dalerte-par-cell-broadcast-accelere\\\/#blogposting\",\"name\":\"Catastrophes naturelles : Le d\\u00e9ploiement du syst\\u00e8me d\\u2019alerte par Cell Broadcast acc\\u00e9l\\u00e9r\\u00e9 - La Sentinelle\",\"headline\":\"Catastrophes naturelles\\u00a0: Le d\\u00e9ploiement du syst\\u00e8me d&rsquo;alerte par Cell Broadcast acc\\u00e9l\\u00e9r\\u00e9\",\"author\":{\"@id\":\"https:\\\/\\\/lasentinelle.dz\\\/author\\\/admin\\\/#author\"},\"publisher\":{\"@id\":\"https:\\\/\\\/lasentinelle.dz\\\/#organization\"},\"image\":{\"@type\":\"ImageObject\",\"url\":\"https:\\\/\\\/lasentinelle.dz\\\/wp-content\\\/uploads\\\/2026\\\/09\\\/cell-broadcast.jpeg\",\"width\":739,\"height\":415},\"datePublished\":\"2026-09-02T12:39:09+01:00\",\"dateModified\":\"2026-09-02T12:39:14+01:00\",\"inLanguage\":\"fr-FR\",\"mainEntityOfPage\":{\"@id\":\"https:\\\/\\\/lasentinelle.dz\\\/index.php\\\/2026\\\/09\\\/02\\\/catastrophes-naturelles-le-deploiement-du-systeme-dalerte-par-cell-broadcast-accelere\\\/#webpage\"},\"isPartOf\":{\"@id\":\"https:\\\/\\\/lasentinelle.dz\\\/index.php\\\/2026\\\/09\\\/02\\\/catastrophes-naturelles-le-deploiement-du-systeme-dalerte-par-cell-broadcast-accelere\\\/#webpage\"},\"articleSection\":\"\\u00c0 la Une, Actualit\\u00e9\"},{\"@type\":\"BreadcrumbList\",\"@id\":\"https:\\\/\\\/lasentinelle.dz\\\/index.php\\\/2026\\\/09\\\/02\\\/catastrophes-naturelles-le-deploiement-du-systeme-dalerte-par-cell-broadcast-accelere\\\/#breadcrumblist\",\"itemListElement\":[{\"@type\":\"ListItem\",\"@id\":\"https:\\\/\\\/lasentinelle.dz#listItem\",\"position\":1,\"name\":\"Home\",\"item\":\"https:\\\/\\\/lasentinelle.dz\",\"nextItem\":{\"@type\":\"ListItem\",\"@id\":\"https:\\\/\\\/lasentinelle.dz\\\/index.php\\\/category\\\/actualite\\\/#listItem\",\"name\":\"Actualit\\u00e9\"}},{\"@type\":\"ListItem\",\"@id\":\"https:\\\/\\\/lasentinelle.dz\\\/index.php\\\/category\\\/actualite\\\/#listItem\",\"position\":2,\"name\":\"Actualit\\u00e9\",\"item\":\"https:\\\/\\\/lasentinelle.dz\\\/index.php\\\/category\\\/actualite\\\/\",\"nextItem\":{\"@type\":\"ListItem\",\"@id\":\"https:\\\/\\\/lasentinelle.dz\\\/index.php\\\/2026\\\/09\\\/02\\\/catastrophes-naturelles-le-deploiement-du-systeme-dalerte-par-cell-broadcast-accelere\\\/#listItem\",\"name\":\"Catastrophes naturelles\\u00a0: Le d\\u00e9ploiement du syst\\u00e8me d&rsquo;alerte par Cell Broadcast acc\\u00e9l\\u00e9r\\u00e9\"},\"previousItem\":{\"@type\":\"ListItem\",\"@id\":\"https:\\\/\\\/lasentinelle.dz#listItem\",\"name\":\"Home\"}},{\"@type\":\"ListItem\",\"@id\":\"https:\\\/\\\/lasentinelle.dz\\\/index.php\\\/2026\\\/09\\\/02\\\/catastrophes-naturelles-le-deploiement-du-systeme-dalerte-par-cell-broadcast-accelere\\\/#listItem\",\"position\":3,\"name\":\"Catastrophes naturelles\\u00a0: Le d\\u00e9ploiement du syst\\u00e8me d&rsquo;alerte par Cell Broadcast acc\\u00e9l\\u00e9r\\u00e9\",\"previousItem\":{\"@type\":\"ListItem\",\"@id\":\"https:\\\/\\\/lasentinelle.dz\\\/index.php\\\/category\\\/actualite\\\/#listItem\",\"name\":\"Actualit\\u00e9\"}}]},{\"@type\":\"Organization\",\"@id\":\"https:\\\/\\\/lasentinelle.dz\\\/#organization\",\"name\":\"La Sentinelle La Sentinelle\",\"description\":\"Quotidien national d'information\",\"url\":\"https:\\\/\\\/lasentinelle.dz\\\/\",\"logo\":{\"@type\":\"ImageObject\",\"url\":\"https:\\\/\\\/lasentinelle.dz\\\/wp-content\\\/uploads\\\/2021\\\/09\\\/cropped-la-sentinelle-earth-golden-anima-5.gif\",\"@id\":\"https:\\\/\\\/lasentinelle.dz\\\/index.php\\\/2026\\\/09\\\/02\\\/catastrophes-naturelles-le-deploiement-du-systeme-dalerte-par-cell-broadcast-accelere\\\/#organizationLogo\",\"width\":450,\"height\":213},\"image\":{\"@id\":\"https:\\\/\\\/lasentinelle.dz\\\/index.php\\\/2026\\\/09\\\/02\\\/catastrophes-naturelles-le-deploiement-du-systeme-dalerte-par-cell-broadcast-accelere\\\/#organizationLogo\"},\"sameAs\":[\"https:\\\/\\\/www.facebook.com\\\/azzedine.lasentinelle.1\"]},{\"@type\":\"Person\",\"@id\":\"https:\\\/\\\/lasentinelle.dz\\\/author\\\/admin\\\/#author\",\"url\":\"https:\\\/\\\/lasentinelle.dz\\\/author\\\/admin\\\/\",\"name\":\"admin\",\"image\":{\"@type\":\"ImageObject\",\"@id\":\"https:\\\/\\\/lasentinelle.dz\\\/index.php\\\/2026\\\/09\\\/02\\\/catastrophes-naturelles-le-deploiement-du-systeme-dalerte-par-cell-broadcast-accelere\\\/#authorImage\",\"url\":\"https:\\\/\\\/secure.gravatar.com\\\/avatar\\\/4c81fed838786e9b53f540bf46533e750f5d292099ae3b66cfc6fb1982e29df7?s=96&d=mm&r=g\",\"width\":96,\"height\":96,\"caption\":\"admin\"}},{\"@type\":\"WebPage\",\"@id\":\"https:\\\/\\\/lasentinelle.dz\\\/index.php\\\/2026\\\/09\\\/02\\\/catastrophes-naturelles-le-deploiement-du-systeme-dalerte-par-cell-broadcast-accelere\\\/#webpage\",\"url\":\"https:\\\/\\\/lasentinelle.dz\\\/index.php\\\/2026\\\/09\\\/02\\\/catastrophes-naturelles-le-deploiement-du-systeme-dalerte-par-cell-broadcast-accelere\\\/\",\"name\":\"Catastrophes naturelles : Le d\\u00e9ploiement du syst\\u00e8me d\\u2019alerte par Cell Broadcast acc\\u00e9l\\u00e9r\\u00e9 - La Sentinelle\",\"description\":\"Le ministre de la Poste et des T\\u00e9l\\u00e9communications, Sid Ali Zerrouki, a pr\\u00e9sid\\u00e9 mardi une r\\u00e9union consacr\\u00e9e au renforcement de la pr\\u00e9paration du secteur et \\u00e0 la garantie de la continuit\\u00e9 des services en cas de catastrophes naturelles et de crises, en application des instructions du pr\\u00e9sident de la R\\u00e9publique, Abdelmadjid Tebboune, selon un communiqu\\u00e9\",\"inLanguage\":\"fr-FR\",\"isPartOf\":{\"@id\":\"https:\\\/\\\/lasentinelle.dz\\\/#website\"},\"breadcrumb\":{\"@id\":\"https:\\\/\\\/lasentinelle.dz\\\/index.php\\\/2026\\\/09\\\/02\\\/catastrophes-naturelles-le-deploiement-du-systeme-dalerte-par-cell-broadcast-accelere\\\/#breadcrumblist\"},\"author\":{\"@id\":\"https:\\\/\\\/lasentinelle.dz\\\/author\\\/admin\\\/#author\"},\"creator\":{\"@id\":\"https:\\\/\\\/lasentinelle.dz\\\/author\\\/admin\\\/#author\"},\"image\":{\"@type\":\"ImageObject\",\"url\":\"https:\\\/\\\/lasentinelle.dz\\\/wp-content\\\/uploads\\\/2026\\\/09\\\/cell-broadcast.jpeg\",\"@id\":\"https:\\\/\\\/lasentinelle.dz\\\/index.php\\\/2026\\\/09\\\/02\\\/catastrophes-naturelles-le-deploiement-du-systeme-dalerte-par-cell-broadcast-accelere\\\/#mainImage\",\"width\":739,\"height\":415},\"primaryImageOfPage\":{\"@id\":\"https:\\\/\\\/lasentinelle.dz\\\/index.php\\\/2026\\\/09\\\/02\\\/catastrophes-naturelles-le-deploiement-du-systeme-dalerte-par-cell-broadcast-accelere\\\/#mainImage\"},\"datePublished\":\"2026-09-02T12:39:09+01:00\",\"dateModified\":\"2026-09-02T12:39:14+01:00\"},{\"@type\":\"WebSite\",\"@id\":\"https:\\\/\\\/lasentinelle.dz\\\/#website\",\"url\":\"https:\\\/\\\/lasentinelle.dz\\\/\",\"name\":\"La Sentinelle\",\"description\":\"Quotidien national d'information\",\"inLanguage\":\"fr-FR\",\"publisher\":{\"@id\":\"https:\\\/\\\/lasentinelle.dz\\\/#organization\"}}]}\n\t\t<\/script>\n\t\t<!-- All in One SEO -->\n\n","aioseo_head_json":{"title":"Catastrophes naturelles : Le d\u00e9ploiement du syst\u00e8me d\u2019alerte par Cell Broadcast acc\u00e9l\u00e9r\u00e9 - La Sentinelle","description":"Le ministre de la Poste et des T\u00e9l\u00e9communications, Sid Ali Zerrouki, a pr\u00e9sid\u00e9 mardi une r\u00e9union consacr\u00e9e au renforcement de la pr\u00e9paration du secteur et \u00e0 la garantie de la continuit\u00e9 des services en cas de catastrophes naturelles et de crises, en application des instructions du pr\u00e9sident de la R\u00e9publique, Abdelmadjid Tebboune, selon un communiqu\u00e9","canonical_url":"https:\/\/lasentinelle.dz\/index.php\/2026\/09\/02\/catastrophes-naturelles-le-deploiement-du-systeme-dalerte-par-cell-broadcast-accelere\/","robots":"max-image-preview:large","keywords":"","webmasterTools":{"miscellaneous":""},"schema":{"@context":"https:\/\/schema.org","@graph":[{"@type":"BlogPosting","@id":"https:\/\/lasentinelle.dz\/index.php\/2026\/09\/02\/catastrophes-naturelles-le-deploiement-du-systeme-dalerte-par-cell-broadcast-accelere\/#blogposting","name":"Catastrophes naturelles : Le d\u00e9ploiement du syst\u00e8me d\u2019alerte par Cell Broadcast acc\u00e9l\u00e9r\u00e9 - La Sentinelle","headline":"Catastrophes naturelles\u00a0: Le d\u00e9ploiement du syst\u00e8me d&rsquo;alerte par Cell Broadcast acc\u00e9l\u00e9r\u00e9","author":{"@id":"https:\/\/lasentinelle.dz\/author\/admin\/#author"},"publisher":{"@id":"https:\/\/lasentinelle.dz\/#organization"},"image":{"@type":"ImageObject","url":"https:\/\/lasentinelle.dz\/wp-content\/uploads\/2026\/09\/cell-broadcast.jpeg","width":739,"height":415},"datePublished":"2026-09-02T12:39:09+01:00","dateModified":"2026-09-02T12:39:14+01:00","inLanguage":"fr-FR","mainEntityOfPage":{"@id":"https:\/\/lasentinelle.dz\/index.php\/2026\/09\/02\/catastrophes-naturelles-le-deploiement-du-systeme-dalerte-par-cell-broadcast-accelere\/#webpage"},"isPartOf":{"@id":"https:\/\/lasentinelle.dz\/index.php\/2026\/09\/02\/catastrophes-naturelles-le-deploiement-du-systeme-dalerte-par-cell-broadcast-accelere\/#webpage"},"articleSection":"\u00c0 la Une, Actualit\u00e9"},{"@type":"BreadcrumbList","@id":"https:\/\/lasentinelle.dz\/index.php\/2026\/09\/02\/catastrophes-naturelles-le-deploiement-du-systeme-dalerte-par-cell-broadcast-accelere\/#breadcrumblist","itemListElement":[{"@type":"ListItem","@id":"https:\/\/lasentinelle.dz#listItem","position":1,"name":"Home","item":"https:\/\/lasentinelle.dz","nextItem":{"@type":"ListItem","@id":"https:\/\/lasentinelle.dz\/index.php\/category\/actualite\/#listItem","name":"Actualit\u00e9"}},{"@type":"ListItem","@id":"https:\/\/lasentinelle.dz\/index.php\/category\/actualite\/#listItem","position":2,"name":"Actualit\u00e9","item":"https:\/\/lasentinelle.dz\/index.php\/category\/actualite\/","nextItem":{"@type":"ListItem","@id":"https:\/\/lasentinelle.dz\/index.php\/2026\/09\/02\/catastrophes-naturelles-le-deploiement-du-systeme-dalerte-par-cell-broadcast-accelere\/#listItem","name":"Catastrophes naturelles\u00a0: Le d\u00e9ploiement du syst\u00e8me d&rsquo;alerte par Cell Broadcast acc\u00e9l\u00e9r\u00e9"},"previousItem":{"@type":"ListItem","@id":"https:\/\/lasentinelle.dz#listItem","name":"Home"}},{"@type":"ListItem","@id":"https:\/\/lasentinelle.dz\/index.php\/2026\/09\/02\/catastrophes-naturelles-le-deploiement-du-systeme-dalerte-par-cell-broadcast-accelere\/#listItem","position":3,"name":"Catastrophes naturelles\u00a0: Le d\u00e9ploiement du syst\u00e8me d&rsquo;alerte par Cell Broadcast acc\u00e9l\u00e9r\u00e9","previousItem":{"@type":"ListItem","@id":"https:\/\/lasentinelle.dz\/index.php\/category\/actualite\/#listItem","name":"Actualit\u00e9"}}]},{"@type":"Organization","@id":"https:\/\/lasentinelle.dz\/#organization","name":"La Sentinelle La Sentinelle","description":"Quotidien national d'information","url":"https:\/\/lasentinelle.dz\/","logo":{"@type":"ImageObject","url":"https:\/\/lasentinelle.dz\/wp-content\/uploads\/2021\/09\/cropped-la-sentinelle-earth-golden-anima-5.gif","@id":"https:\/\/lasentinelle.dz\/index.php\/2026\/09\/02\/catastrophes-naturelles-le-deploiement-du-systeme-dalerte-par-cell-broadcast-accelere\/#organizationLogo","width":450,"height":213},"image":{"@id":"https:\/\/lasentinelle.dz\/index.php\/2026\/09\/02\/catastrophes-naturelles-le-deploiement-du-systeme-dalerte-par-cell-broadcast-accelere\/#organizationLogo"},"sameAs":["https:\/\/www.facebook.com\/azzedine.lasentinelle.1"]},{"@type":"Person","@id":"https:\/\/lasentinelle.dz\/author\/admin\/#author","url":"https:\/\/lasentinelle.dz\/author\/admin\/","name":"admin","image":{"@type":"ImageObject","@id":"https:\/\/lasentinelle.dz\/index.php\/2026\/09\/02\/catastrophes-naturelles-le-deploiement-du-systeme-dalerte-par-cell-broadcast-accelere\/#authorImage","url":"https:\/\/secure.gravatar.com\/avatar\/4c81fed838786e9b53f540bf46533e750f5d292099ae3b66cfc6fb1982e29df7?s=96&d=mm&r=g","width":96,"height":96,"caption":"admin"}},{"@type":"WebPage","@id":"https:\/\/lasentinelle.dz\/index.php\/2026\/09\/02\/catastrophes-naturelles-le-deploiement-du-systeme-dalerte-par-cell-broadcast-accelere\/#webpage","url":"https:\/\/lasentinelle.dz\/index.php\/2026\/09\/02\/catastrophes-naturelles-le-deploiement-du-systeme-dalerte-par-cell-broadcast-accelere\/","name":"Catastrophes naturelles : Le d\u00e9ploiement du syst\u00e8me d\u2019alerte par Cell Broadcast acc\u00e9l\u00e9r\u00e9 - La Sentinelle","description":"Le ministre de la Poste et des T\u00e9l\u00e9communications, Sid Ali Zerrouki, a pr\u00e9sid\u00e9 mardi une r\u00e9union consacr\u00e9e au renforcement de la pr\u00e9paration du secteur et \u00e0 la garantie de la continuit\u00e9 des services en cas de catastrophes naturelles et de crises, en application des instructions du pr\u00e9sident de la R\u00e9publique, Abdelmadjid Tebboune, selon un communiqu\u00e9","inLanguage":"fr-FR","isPartOf":{"@id":"https:\/\/lasentinelle.dz\/#website"},"breadcrumb":{"@id":"https:\/\/lasentinelle.dz\/index.php\/2026\/09\/02\/catastrophes-naturelles-le-deploiement-du-systeme-dalerte-par-cell-broadcast-accelere\/#breadcrumblist"},"author":{"@id":"https:\/\/lasentinelle.dz\/author\/admin\/#author"},"creator":{"@id":"https:\/\/lasentinelle.dz\/author\/admin\/#author"},"image":{"@type":"ImageObject","url":"https:\/\/lasentinelle.dz\/wp-content\/uploads\/2026\/09\/cell-broadcast.jpeg","@id":"https:\/\/lasentinelle.dz\/index.php\/2026\/09\/02\/catastrophes-naturelles-le-deploiement-du-systeme-dalerte-par-cell-broadcast-accelere\/#mainImage","width":739,"height":415},"primaryImageOfPage":{"@id":"https:\/\/lasentinelle.dz\/index.php\/2026\/09\/02\/catastrophes-naturelles-le-deploiement-du-systeme-dalerte-par-cell-broadcast-accelere\/#mainImage"},"datePublished":"2026-09-02T12:39:09+01:00","dateModified":"2026-09-02T12:39:14+01:00"},{"@type":"WebSite","@id":"https:\/\/lasentinelle.dz\/#website","url":"https:\/\/lasentinelle.dz\/","name":"La Sentinelle","description":"Quotidien national d'information","inLanguage":"fr-FR","publisher":{"@id":"https:\/\/lasentinelle.dz\/#organization"}}]},"og:locale":"fr_FR","og:site_name":"La Sentinelle - Quotidien national d'information","og:type":"article","og:title":"Catastrophes naturelles : Le d\u00e9ploiement du syst\u00e8me d\u2019alerte par Cell Broadcast acc\u00e9l\u00e9r\u00e9 - La Sentinelle","og:description":"Le ministre de la Poste et des T\u00e9l\u00e9communications, Sid Ali Zerrouki, a pr\u00e9sid\u00e9 mardi une r\u00e9union consacr\u00e9e au renforcement de la pr\u00e9paration du secteur et \u00e0 la garantie de la continuit\u00e9 des services en cas de catastrophes naturelles et de crises, en application des instructions du pr\u00e9sident de la R\u00e9publique, Abdelmadjid Tebboune, selon un communiqu\u00e9","og:url":"https:\/\/lasentinelle.dz\/index.php\/2026\/09\/02\/catastrophes-naturelles-le-deploiement-du-systeme-dalerte-par-cell-broadcast-accelere\/","og:image":"https:\/\/lasentinelle.dz\/wp-content\/uploads\/2021\/09\/cropped-la-sentinelle-earth-golden-anima-5.gif","og:image:secure_url":"https:\/\/lasentinelle.dz\/wp-content\/uploads\/2021\/09\/cropped-la-sentinelle-earth-golden-anima-5.gif","og:image:width":450,"og:image:height":213,"article:published_time":"2026-09-02T11:39:09+00:00","article:modified_time":"2026-09-02T11:39:14+00:00","article:publisher":"https:\/\/www.facebook.com\/azzedine.lasentinelle.1","twitter:card":"summary_large_image","twitter:title":"Catastrophes naturelles : Le d\u00e9ploiement du syst\u00e8me d\u2019alerte par Cell Broadcast acc\u00e9l\u00e9r\u00e9 - La Sentinelle","twitter:description":"Le ministre de la Poste et des T\u00e9l\u00e9communications, Sid Ali Zerrouki, a pr\u00e9sid\u00e9 mardi une r\u00e9union consacr\u00e9e au renforcement de la pr\u00e9paration du secteur et \u00e0 la garantie de la continuit\u00e9 des services en cas de catastrophes naturelles et de crises, en application des instructions du pr\u00e9sident de la R\u00e9publique, Abdelmadjid Tebboune, selon un communiqu\u00e9","twitter:image":"https:\/\/lasentinelle.dz\/wp-content\/uploads\/2021\/09\/cropped-la-sentinelle-earth-golden-anima-5.gif"},"aioseo_meta_data":{"post_id":"94853","title":null,"description":null,"keywords":null,"keyphrases":{"focus":{"keyphrase":"","score":0,"analysis":{"keyphraseInTitle":{"score":0,"maxScore":9,"error":1}}},"additional":[]},"primary_term":null,"canonical_url":null,"og_title":null,"og_description":null,"og_object_type":"default","og_image_type":"default","og_image_url":null,"og_image_width":null,"og_image_height":null,"og_image_custom_url":null,"og_image_custom_fields":null,"og_video":"","og_custom_url":null,"og_article_section":null,"og_article_tags":null,"twitter_use_og":false,"twitter_card":"default","twitter_image_type":"default","twitter_image_url":null,"twitter_image_custom_url":null,"twitter_image_custom_fields":null,"twitter_title":null,"twitter_description":null,"schema":{"blockGraphs":[],"customGraphs":[],"default":{"data":{"Article":[],"Course":[],"Dataset":[],"FAQPage":[],"Movie":[],"Person":[],"Product":[],"ProductReview":[],"Car":[],"Recipe":[],"Service":[],"SoftwareApplication":[],"WebPage":[]},"graphName":"BlogPosting","isEnabled":true},"graphs":[]},"schema_type":"default","schema_type_options":null,"pillar_content":false,"robots_default":true,"robots_noindex":false,"robots_noarchive":false,"robots_nosnippet":false,"robots_nofollow":false,"robots_noimageindex":false,"robots_noodp":false,"robots_notranslate":false,"robots_max_snippet":"-1","robots_max_videopreview":"-1","robots_max_imagepreview":"large","priority":null,"frequency":"default","local_seo":null,"breadcrumb_settings":null,"limit_modified_date":false,"ai":{"faqs":[],"keyPoints":[],"schemas":[],"titles":[],"descriptions":[],"socialPosts":{"email":{"subject":"","preview":"","content":""},"linkedin":[],"twitter":[],"facebook":[],"instagram":[]}},"created":"2026-09-02 11:39:14","updated":"2026-09-02 12:31:45","focus_keyword":null,"additional_keywords":null,"truseo_locale":null,"seo_analyzer_scan_date":null},"aioseo_breadcrumb":"<div class=\"aioseo-breadcrumbs\"><span class=\"aioseo-breadcrumb\">\n\t\t\t<a href=\"https:\/\/lasentinelle.dz\" title=\"Home\">Home<\/a>\n\t\t<\/span><span class=\"aioseo-breadcrumb-separator\">&raquo;<\/span><span class=\"aioseo-breadcrumb\">\n\t\t\t<a href=\"https:\/\/lasentinelle.dz\/index.php\/category\/actualite\/\" title=\"Actualit\u00e9\">Actualit\u00e9<\/a>\n\t\t<\/span><span class=\"aioseo-breadcrumb-separator\">&raquo;<\/span><span class=\"aioseo-breadcrumb\">\n\t\t\tCatastrophes naturelles : Le d\u00e9ploiement du syst\u00e8me d\u2019alerte par Cell Broadcast acc\u00e9l\u00e9r\u00e9\n\t\t<\/span><\/div>","aioseo_breadcrumb_json":[{"label":"Home","link":"https:\/\/lasentinelle.dz"},{"label":"Actualit\u00e9","link":"https:\/\/lasentinelle.dz\/index.php\/category\/actualite\/"},{"label":"Catastrophes naturelles\u00a0: Le d\u00e9ploiement du syst\u00e8me d&rsquo;alerte par Cell Broadcast acc\u00e9l\u00e9r\u00e9","link":"https:\/\/lasentinelle.dz\/index.php\/2026\/09\/02\/catastrophes-naturelles-le-deploiement-du-systeme-dalerte-par-cell-broadcast-accelere\/"}],"yoast_head":"<!-- This site is optimized with the Yoast SEO plugin v28.4 - https:\/\/yoast.com\/product\/yoast-seo-wordpress\/ -->\n<title>Catastrophes naturelles\u00a0: Le d\u00e9ploiement du syst\u00e8me d&rsquo;alerte par Cell Broadcast acc\u00e9l\u00e9r\u00e9 - La Sentinelle<\/title>\n<meta name=\"robots\" content=\"index, follow, max-snippet:-1, max-image-preview:large, max-video-preview:-1\" \/>\n<link rel=\"canonical\" href=\"https:\/\/lasentinelle.dz\/index.php\/2026\/09\/02\/catastrophes-naturelles-le-deploiement-du-systeme-dalerte-par-cell-broadcast-accelere\/\" \/>\n<meta property=\"og:locale\" content=\"fr_FR\" \/>\n<meta property=\"og:type\" content=\"article\" \/>\n<meta property=\"og:title\" content=\"Catastrophes naturelles\u00a0: Le d\u00e9ploiement du syst\u00e8me d&rsquo;alerte par Cell Broadcast acc\u00e9l\u00e9r\u00e9 - La Sentinelle\" \/>\n<meta property=\"og:description\" content=\"Le ministre de la Poste et des T\u00e9l\u00e9communications, Sid Ali Zerrouki, a pr\u00e9sid\u00e9 mardi une r\u00e9union consacr\u00e9e au renforcement de\" \/>\n<meta property=\"og:url\" content=\"https:\/\/lasentinelle.dz\/index.php\/2026\/09\/02\/catastrophes-naturelles-le-deploiement-du-systeme-dalerte-par-cell-broadcast-accelere\/\" \/>\n<meta property=\"og:site_name\" content=\"La Sentinelle\" \/>\n<meta property=\"article:publisher\" content=\"https:\/\/www.facebook.com\/La-Sentinelle-104059864394773\" \/>\n<meta property=\"article:published_time\" content=\"2026-09-02T11:39:09+00:00\" \/>\n<meta property=\"article:modified_time\" content=\"2026-09-02T11:39:14+00:00\" \/>\n<meta property=\"og:image\" content=\"https:\/\/lasentinelle.dz\/wp-content\/uploads\/2026\/09\/cell-broadcast.jpeg\" \/>\n\t<meta property=\"og:image:width\" content=\"739\" \/>\n\t<meta property=\"og:image:height\" content=\"415\" \/>\n\t<meta property=\"og:image:type\" content=\"image\/jpeg\" \/>\n<meta name=\"author\" content=\"admin\" \/>\n<meta name=\"twitter:card\" content=\"summary_large_image\" \/>\n<meta name=\"twitter:label1\" content=\"\u00c9crit par\" \/>\n\t<meta name=\"twitter:data1\" content=\"admin\" \/>\n\t<meta name=\"twitter:label2\" content=\"Dur\u00e9e de lecture estim\u00e9e\" \/>\n\t<meta name=\"twitter:data2\" content=\"3 minutes\" \/>\n<script type=\"application\/ld+json\" class=\"yoast-schema-graph\">{\"@context\":\"https:\\\/\\\/schema.org\",\"@graph\":[{\"@type\":\"Article\",\"@id\":\"https:\\\/\\\/lasentinelle.dz\\\/index.php\\\/2026\\\/09\\\/02\\\/catastrophes-naturelles-le-deploiement-du-systeme-dalerte-par-cell-broadcast-accelere\\\/#article\",\"isPartOf\":{\"@id\":\"https:\\\/\\\/lasentinelle.dz\\\/index.php\\\/2026\\\/09\\\/02\\\/catastrophes-naturelles-le-deploiement-du-systeme-dalerte-par-cell-broadcast-accelere\\\/\"},\"author\":{\"name\":\"admin\",\"@id\":\"https:\\\/\\\/lasentinelle.dz\\\/#\\\/schema\\\/person\\\/729ee0024f24e0b8c5ec17232f8e8b41\"},\"headline\":\"Catastrophes naturelles\u00a0: Le d\u00e9ploiement du syst\u00e8me d&rsquo;alerte par Cell Broadcast acc\u00e9l\u00e9r\u00e9\",\"datePublished\":\"2026-09-02T11:39:09+00:00\",\"dateModified\":\"2026-09-02T11:39:14+00:00\",\"mainEntityOfPage\":{\"@id\":\"https:\\\/\\\/lasentinelle.dz\\\/index.php\\\/2026\\\/09\\\/02\\\/catastrophes-naturelles-le-deploiement-du-systeme-dalerte-par-cell-broadcast-accelere\\\/\"},\"wordCount\":614,\"commentCount\":0,\"publisher\":{\"@id\":\"https:\\\/\\\/lasentinelle.dz\\\/#organization\"},\"image\":{\"@id\":\"https:\\\/\\\/lasentinelle.dz\\\/index.php\\\/2026\\\/09\\\/02\\\/catastrophes-naturelles-le-deploiement-du-systeme-dalerte-par-cell-broadcast-accelere\\\/#primaryimage\"},\"thumbnailUrl\":\"https:\\\/\\\/lasentinelle.dz\\\/wp-content\\\/uploads\\\/2026\\\/09\\\/cell-broadcast.jpeg\",\"articleSection\":[\"\u00c0 la Une\",\"Actualit\u00e9\"],\"inLanguage\":\"fr-FR\",\"potentialAction\":[{\"@type\":\"CommentAction\",\"name\":\"Comment\",\"target\":[\"https:\\\/\\\/lasentinelle.dz\\\/index.php\\\/2026\\\/09\\\/02\\\/catastrophes-naturelles-le-deploiement-du-systeme-dalerte-par-cell-broadcast-accelere\\\/#respond\"]}]},{\"@type\":\"WebPage\",\"@id\":\"https:\\\/\\\/lasentinelle.dz\\\/index.php\\\/2026\\\/09\\\/02\\\/catastrophes-naturelles-le-deploiement-du-systeme-dalerte-par-cell-broadcast-accelere\\\/\",\"url\":\"https:\\\/\\\/lasentinelle.dz\\\/index.php\\\/2026\\\/09\\\/02\\\/catastrophes-naturelles-le-deploiement-du-systeme-dalerte-par-cell-broadcast-accelere\\\/\",\"name\":\"Catastrophes naturelles\u00a0: Le d\u00e9ploiement du syst\u00e8me d&rsquo;alerte par Cell Broadcast acc\u00e9l\u00e9r\u00e9 - La Sentinelle\",\"isPartOf\":{\"@id\":\"https:\\\/\\\/lasentinelle.dz\\\/#website\"},\"primaryImageOfPage\":{\"@id\":\"https:\\\/\\\/lasentinelle.dz\\\/index.php\\\/2026\\\/09\\\/02\\\/catastrophes-naturelles-le-deploiement-du-systeme-dalerte-par-cell-broadcast-accelere\\\/#primaryimage\"},\"image\":{\"@id\":\"https:\\\/\\\/lasentinelle.dz\\\/index.php\\\/2026\\\/09\\\/02\\\/catastrophes-naturelles-le-deploiement-du-systeme-dalerte-par-cell-broadcast-accelere\\\/#primaryimage\"},\"thumbnailUrl\":\"https:\\\/\\\/lasentinelle.dz\\\/wp-content\\\/uploads\\\/2026\\\/09\\\/cell-broadcast.jpeg\",\"datePublished\":\"2026-09-02T11:39:09+00:00\",\"dateModified\":\"2026-09-02T11:39:14+00:00\",\"breadcrumb\":{\"@id\":\"https:\\\/\\\/lasentinelle.dz\\\/index.php\\\/2026\\\/09\\\/02\\\/catastrophes-naturelles-le-deploiement-du-systeme-dalerte-par-cell-broadcast-accelere\\\/#breadcrumb\"},\"inLanguage\":\"fr-FR\",\"potentialAction\":[{\"@type\":\"ReadAction\",\"target\":[\"https:\\\/\\\/lasentinelle.dz\\\/index.php\\\/2026\\\/09\\\/02\\\/catastrophes-naturelles-le-deploiement-du-systeme-dalerte-par-cell-broadcast-accelere\\\/\"]}]},{\"@type\":\"ImageObject\",\"inLanguage\":\"fr-FR\",\"@id\":\"https:\\\/\\\/lasentinelle.dz\\\/index.php\\\/2026\\\/09\\\/02\\\/catastrophes-naturelles-le-deploiement-du-systeme-dalerte-par-cell-broadcast-accelere\\\/#primaryimage\",\"url\":\"https:\\\/\\\/lasentinelle.dz\\\/wp-content\\\/uploads\\\/2026\\\/09\\\/cell-broadcast.jpeg\",\"contentUrl\":\"https:\\\/\\\/lasentinelle.dz\\\/wp-content\\\/uploads\\\/2026\\\/09\\\/cell-broadcast.jpeg\",\"width\":739,\"height\":415},{\"@type\":\"BreadcrumbList\",\"@id\":\"https:\\\/\\\/lasentinelle.dz\\\/index.php\\\/2026\\\/09\\\/02\\\/catastrophes-naturelles-le-deploiement-du-systeme-dalerte-par-cell-broadcast-accelere\\\/#breadcrumb\",\"itemListElement\":[{\"@type\":\"ListItem\",\"position\":1,\"name\":\"Accueil\",\"item\":\"https:\\\/\\\/lasentinelle.dz\\\/\"},{\"@type\":\"ListItem\",\"position\":2,\"name\":\"Catastrophes naturelles\u00a0: Le d\u00e9ploiement du syst\u00e8me d&rsquo;alerte par Cell Broadcast acc\u00e9l\u00e9r\u00e9\"}]},{\"@type\":\"WebSite\",\"@id\":\"https:\\\/\\\/lasentinelle.dz\\\/#website\",\"url\":\"https:\\\/\\\/lasentinelle.dz\\\/\",\"name\":\"La Sentinelle\",\"description\":\"Quotidien national d&#039;information\",\"publisher\":{\"@id\":\"https:\\\/\\\/lasentinelle.dz\\\/#organization\"},\"potentialAction\":[{\"@type\":\"SearchAction\",\"target\":{\"@type\":\"EntryPoint\",\"urlTemplate\":\"https:\\\/\\\/lasentinelle.dz\\\/?s={search_term_string}\"},\"query-input\":{\"@type\":\"PropertyValueSpecification\",\"valueRequired\":true,\"valueName\":\"search_term_string\"}}],\"inLanguage\":\"fr-FR\"},{\"@type\":\"Organization\",\"@id\":\"https:\\\/\\\/lasentinelle.dz\\\/#organization\",\"name\":\"Quotidien La Sentinelle\",\"url\":\"https:\\\/\\\/lasentinelle.dz\\\/\",\"logo\":{\"@type\":\"ImageObject\",\"inLanguage\":\"fr-FR\",\"@id\":\"https:\\\/\\\/lasentinelle.dz\\\/#\\\/schema\\\/logo\\\/image\\\/\",\"url\":\"https:\\\/\\\/lasentinelle.dz\\\/wp-content\\\/uploads\\\/2021\\\/09\\\/logo-sentinelleSLOGAN-1.png\",\"contentUrl\":\"https:\\\/\\\/lasentinelle.dz\\\/wp-content\\\/uploads\\\/2021\\\/09\\\/logo-sentinelleSLOGAN-1.png\",\"width\":615,\"height\":142,\"caption\":\"Quotidien La Sentinelle\"},\"image\":{\"@id\":\"https:\\\/\\\/lasentinelle.dz\\\/#\\\/schema\\\/logo\\\/image\\\/\"},\"sameAs\":[\"https:\\\/\\\/www.facebook.com\\\/La-Sentinelle-104059864394773\"]},{\"@type\":\"Person\",\"@id\":\"https:\\\/\\\/lasentinelle.dz\\\/#\\\/schema\\\/person\\\/729ee0024f24e0b8c5ec17232f8e8b41\",\"name\":\"admin\",\"image\":{\"@type\":\"ImageObject\",\"inLanguage\":\"fr-FR\",\"@id\":\"https:\\\/\\\/secure.gravatar.com\\\/avatar\\\/4c81fed838786e9b53f540bf46533e750f5d292099ae3b66cfc6fb1982e29df7?s=96&d=mm&r=g\",\"url\":\"https:\\\/\\\/secure.gravatar.com\\\/avatar\\\/4c81fed838786e9b53f540bf46533e750f5d292099ae3b66cfc6fb1982e29df7?s=96&d=mm&r=g\",\"contentUrl\":\"https:\\\/\\\/secure.gravatar.com\\\/avatar\\\/4c81fed838786e9b53f540bf46533e750f5d292099ae3b66cfc6fb1982e29df7?s=96&d=mm&r=g\",\"caption\":\"admin\"},\"description\":\"admin\",\"url\":\"https:\\\/\\\/lasentinelle.dz\\\/author\\\/admin\\\/\"}]}<\/script>\n<!-- \/ Yoast SEO plugin. -->","yoast_head_json":{"title":"Catastrophes naturelles\u00a0: Le d\u00e9ploiement du syst\u00e8me d&rsquo;alerte par Cell Broadcast acc\u00e9l\u00e9r\u00e9 - La Sentinelle","robots":{"index":"index","follow":"follow","max-snippet":"max-snippet:-1","max-image-preview":"max-image-preview:large","max-video-preview":"max-video-preview:-1"},"canonical":"https:\/\/lasentinelle.dz\/index.php\/2026\/09\/02\/catastrophes-naturelles-le-deploiement-du-systeme-dalerte-par-cell-broadcast-accelere\/","og_locale":"fr_FR","og_type":"article","og_title":"Catastrophes naturelles\u00a0: Le d\u00e9ploiement du syst\u00e8me d&rsquo;alerte par Cell Broadcast acc\u00e9l\u00e9r\u00e9 - La Sentinelle","og_description":"Le ministre de la Poste et des T\u00e9l\u00e9communications, Sid Ali Zerrouki, a pr\u00e9sid\u00e9 mardi une r\u00e9union consacr\u00e9e au renforcement de","og_url":"https:\/\/lasentinelle.dz\/index.php\/2026\/09\/02\/catastrophes-naturelles-le-deploiement-du-systeme-dalerte-par-cell-broadcast-accelere\/","og_site_name":"La Sentinelle","article_publisher":"https:\/\/www.facebook.com\/La-Sentinelle-104059864394773","article_published_time":"2026-09-02T11:39:09+00:00","article_modified_time":"2026-09-02T11:39:14+00:00","og_image":[{"width":739,"height":415,"url":"https:\/\/lasentinelle.dz\/wp-content\/uploads\/2026\/09\/cell-broadcast.jpeg","type":"image\/jpeg"}],"author":"admin","twitter_card":"summary_large_image","twitter_misc":{"\u00c9crit par":"admin","Dur\u00e9e de lecture estim\u00e9e":"3 minutes"},"schema":{"@context":"https:\/\/schema.org","@graph":[{"@type":"Article","@id":"https:\/\/lasentinelle.dz\/index.php\/2026\/09\/02\/catastrophes-naturelles-le-deploiement-du-systeme-dalerte-par-cell-broadcast-accelere\/#article","isPartOf":{"@id":"https:\/\/lasentinelle.dz\/index.php\/2026\/09\/02\/catastrophes-naturelles-le-deploiement-du-systeme-dalerte-par-cell-broadcast-accelere\/"},"author":{"name":"admin","@id":"https:\/\/lasentinelle.dz\/#\/schema\/person\/729ee0024f24e0b8c5ec17232f8e8b41"},"headline":"Catastrophes naturelles\u00a0: Le d\u00e9ploiement du syst\u00e8me d&rsquo;alerte par Cell Broadcast acc\u00e9l\u00e9r\u00e9","datePublished":"2026-09-02T11:39:09+00:00","dateModified":"2026-09-02T11:39:14+00:00","mainEntityOfPage":{"@id":"https:\/\/lasentinelle.dz\/index.php\/2026\/09\/02\/catastrophes-naturelles-le-deploiement-du-systeme-dalerte-par-cell-broadcast-accelere\/"},"wordCount":614,"commentCount":0,"publisher":{"@id":"https:\/\/lasentinelle.dz\/#organization"},"image":{"@id":"https:\/\/lasentinelle.dz\/index.php\/2026\/09\/02\/catastrophes-naturelles-le-deploiement-du-systeme-dalerte-par-cell-broadcast-accelere\/#primaryimage"},"thumbnailUrl":"https:\/\/lasentinelle.dz\/wp-content\/uploads\/2026\/09\/cell-broadcast.jpeg","articleSection":["\u00c0 la Une","Actualit\u00e9"],"inLanguage":"fr-FR","potentialAction":[{"@type":"CommentAction","name":"Comment","target":["https:\/\/lasentinelle.dz\/index.php\/2026\/09\/02\/catastrophes-naturelles-le-deploiement-du-systeme-dalerte-par-cell-broadcast-accelere\/#respond"]}]},{"@type":"WebPage","@id":"https:\/\/lasentinelle.dz\/index.php\/2026\/09\/02\/catastrophes-naturelles-le-deploiement-du-systeme-dalerte-par-cell-broadcast-accelere\/","url":"https:\/\/lasentinelle.dz\/index.php\/2026\/09\/02\/catastrophes-naturelles-le-deploiement-du-systeme-dalerte-par-cell-broadcast-accelere\/","name":"Catastrophes naturelles\u00a0: Le d\u00e9ploiement du syst\u00e8me d&rsquo;alerte par Cell Broadcast acc\u00e9l\u00e9r\u00e9 - La Sentinelle","isPartOf":{"@id":"https:\/\/lasentinelle.dz\/#website"},"primaryImageOfPage":{"@id":"https:\/\/lasentinelle.dz\/index.php\/2026\/09\/02\/catastrophes-naturelles-le-deploiement-du-systeme-dalerte-par-cell-broadcast-accelere\/#primaryimage"},"image":{"@id":"https:\/\/lasentinelle.dz\/index.php\/2026\/09\/02\/catastrophes-naturelles-le-deploiement-du-systeme-dalerte-par-cell-broadcast-accelere\/#primaryimage"},"thumbnailUrl":"https:\/\/lasentinelle.dz\/wp-content\/uploads\/2026\/09\/cell-broadcast.jpeg","datePublished":"2026-09-02T11:39:09+00:00","dateModified":"2026-09-02T11:39:14+00:00","breadcrumb":{"@id":"https:\/\/lasentinelle.dz\/index.php\/2026\/09\/02\/catastrophes-naturelles-le-deploiement-du-systeme-dalerte-par-cell-broadcast-accelere\/#breadcrumb"},"inLanguage":"fr-FR","potentialAction":[{"@type":"ReadAction","target":["https:\/\/lasentinelle.dz\/index.php\/2026\/09\/02\/catastrophes-naturelles-le-deploiement-du-systeme-dalerte-par-cell-broadcast-accelere\/"]}]},{"@type":"ImageObject","inLanguage":"fr-FR","@id":"https:\/\/lasentinelle.dz\/index.php\/2026\/09\/02\/catastrophes-naturelles-le-deploiement-du-systeme-dalerte-par-cell-broadcast-accelere\/#primaryimage","url":"https:\/\/lasentinelle.dz\/wp-content\/uploads\/2026\/09\/cell-broadcast.jpeg","contentUrl":"https:\/\/lasentinelle.dz\/wp-content\/uploads\/2026\/09\/cell-broadcast.jpeg","width":739,"height":415},{"@type":"BreadcrumbList","@id":"https:\/\/lasentinelle.dz\/index.php\/2026\/09\/02\/catastrophes-naturelles-le-deploiement-du-systeme-dalerte-par-cell-broadcast-accelere\/#breadcrumb","itemListElement":[{"@type":"ListItem","position":1,"name":"Accueil","item":"https:\/\/lasentinelle.dz\/"},{"@type":"ListItem","position":2,"name":"Catastrophes naturelles\u00a0: Le d\u00e9ploiement du syst\u00e8me d&rsquo;alerte par Cell Broadcast acc\u00e9l\u00e9r\u00e9"}]},{"@type":"WebSite","@id":"https:\/\/lasentinelle.dz\/#website","url":"https:\/\/lasentinelle.dz\/","name":"La Sentinelle","description":"Quotidien national d&#039;information","publisher":{"@id":"https:\/\/lasentinelle.dz\/#organization"},"potentialAction":[{"@type":"SearchAction","target":{"@type":"EntryPoint","urlTemplate":"https:\/\/lasentinelle.dz\/?s={search_term_string}"},"query-input":{"@type":"PropertyValueSpecification","valueRequired":true,"valueName":"search_term_string"}}],"inLanguage":"fr-FR"},{"@type":"Organization","@id":"https:\/\/lasentinelle.dz\/#organization","name":"Quotidien La Sentinelle","url":"https:\/\/lasentinelle.dz\/","logo":{"@type":"ImageObject","inLanguage":"fr-FR","@id":"https:\/\/lasentinelle.dz\/#\/schema\/logo\/image\/","url":"https:\/\/lasentinelle.dz\/wp-content\/uploads\/2021\/09\/logo-sentinelleSLOGAN-1.png","contentUrl":"https:\/\/lasentinelle.dz\/wp-content\/uploads\/2021\/09\/logo-sentinelleSLOGAN-1.png","width":615,"height":142,"caption":"Quotidien La Sentinelle"},"image":{"@id":"https:\/\/lasentinelle.dz\/#\/schema\/logo\/image\/"},"sameAs":["https:\/\/www.facebook.com\/La-Sentinelle-104059864394773"]},{"@type":"Person","@id":"https:\/\/lasentinelle.dz\/#\/schema\/person\/729ee0024f24e0b8c5ec17232f8e8b41","name":"admin","image":{"@type":"ImageObject","inLanguage":"fr-FR","@id":"https:\/\/secure.gravatar.com\/avatar\/4c81fed838786e9b53f540bf46533e750f5d292099ae3b66cfc6fb1982e29df7?s=96&d=mm&r=g","url":"https:\/\/secure.gravatar.com\/avatar\/4c81fed838786e9b53f540bf46533e750f5d292099ae3b66cfc6fb1982e29df7?s=96&d=mm&r=g","contentUrl":"https:\/\/secure.gravatar.com\/avatar\/4c81fed838786e9b53f540bf46533e750f5d292099ae3b66cfc6fb1982e29df7?s=96&d=mm&r=g","caption":"admin"},"description":"admin","url":"https:\/\/lasentinelle.dz\/author\/admin\/"}]}},"_links":{"self":[{"href":"https:\/\/lasentinelle.dz\/index.php\/wp-json\/wp\/v2\/posts\/94853","targetHints":{"allow":["GET"]}}],"collection":[{"href":"https:\/\/lasentinelle.dz\/index.php\/wp-json\/wp\/v2\/posts"}],"about":[{"href":"https:\/\/lasentinelle.dz\/index.php\/wp-json\/wp\/v2\/types\/post"}],"author":[{"embeddable":true,"href":"https:\/\/lasentinelle.dz\/index.php\/wp-json\/wp\/v2\/users\/6"}],"replies":[{"embeddable":true,"href":"https:\/\/lasentinelle.dz\/index.php\/wp-json\/wp\/v2\/comments?post=94853"}],"version-history":[{"count":2,"href":"https:\/\/lasentinelle.dz\/index.php\/wp-json\/wp\/v2\/posts\/94853\/revisions"}],"predecessor-version":[{"id":94856,"href":"https:\/\/lasentinelle.dz\/index.php\/wp-json\/wp\/v2\/posts\/94853\/revisions\/94856"}],"wp:featuredmedia":[{"embeddable":true,"href":"https:\/\/lasentinelle.dz\/index.php\/wp-json\/wp\/v2\/media\/94854"}],"wp:attachment":[{"href":"https:\/\/lasentinelle.dz\/index.php\/wp-json\/wp\/v2\/media?parent=94853"}],"wp:term":[{"taxonomy":"category","embeddable":true,"href":"https:\/\/lasentinelle.dz\/index.php\/wp-json\/wp\/v2\/categories?post=94853"},{"taxonomy":"post_tag","embeddable":true,"href":"https:\/\/lasentinelle.dz\/index.php\/wp-json\/wp\/v2\/tags?post=94853"}],"curies":[{"name":"wp","href":"https:\/\/api.w.org\/{rel}","templated":true}]}}