{"id":94857,"date":"2026-09-02T12:40:34","date_gmt":"2026-09-02T11:40:34","guid":{"rendered":"https:\/\/lasentinelle.dz\/?p=94857"},"modified":"2026-09-02T12:40:38","modified_gmt":"2026-09-02T11:40:38","slug":"tebboune-au-mna-le-non-alignement-est-un-choix-souverain","status":"publish","type":"post","link":"https:\/\/lasentinelle.dz\/index.php\/2026\/09\/02\/tebboune-au-mna-le-non-alignement-est-un-choix-souverain\/","title":{"rendered":"Tebboune au MNA\u00a0: \u00ab Le non-alignement est un choix souverain \u00bb"},"content":{"rendered":"\n<p class=\"wp-block-paragraph\">Le pr\u00e9sident de la R\u00e9publique, Abdelmadjid Tebboune, a affirm\u00e9 mardi que le non-alignement constitue un choix souverain renouvel\u00e9, impos\u00e9 par les profondes transformations que conna\u00eet le monde, soulignant que le principe de souverainet\u00e9 est indivisible et que l&rsquo;application du droit international ne saurait ob\u00e9ir \u00e0 une logique s\u00e9lective. Dans une allocution adress\u00e9e \u00e0 la R\u00e9union de haut niveau comm\u00e9morant le 65e anniversaire de la premi\u00e8re Conf\u00e9rence du Mouvement des non-align\u00e9s (MNA), tenue \u00e0 Belgrade, et lue en son nom par la pr\u00e9sidente de l&rsquo;Assembl\u00e9e populaire nationale, Khalida Boufedeche, le chef de l&rsquo;\u00c9tat a pr\u00e9cis\u00e9 que \u00ab l&rsquo;Alg\u00e9rie, qui \u00e9voque aujourd&rsquo;hui l&rsquo;h\u00e9ritage et les positions historiques du Mouvement, r\u00e9affirme que le non-alignement n&rsquo;est ni une posture du pass\u00e9 ni un simple r\u00eave diplomatique passager, mais un choix souverain renouvel\u00e9, impos\u00e9 par les profondes transformations que conna\u00eet le monde \u00bb. Le pr\u00e9sident de la R\u00e9publique a insist\u00e9 sur le caract\u00e8re universel des principes d\u00e9fendus par l&rsquo;Alg\u00e9rie au sein du Mouvement. \u00ab Le principe de souverainet\u00e9 est indivisible et l&rsquo;application du droit international ne saurait \u00eatre s\u00e9lective, de m\u00eame que le respect de la l\u00e9galit\u00e9 internationale ne peut \u00eatre soumis \u00e0 une politique de deux poids deux mesures \u00bb, a-t-il d\u00e9clar\u00e9, pla\u00e7ant d&#8217;embl\u00e9e son propos sous le signe de la fid\u00e9lit\u00e9 aux fondements historiques du non-alignement.<\/p>\n\n\n\n<p class=\"wp-block-paragraph\">\u00c9voquant la situation dans les territoires palestiniens occup\u00e9s, M. Tebboune a estim\u00e9 que \u00ab la poursuite de l&rsquo;expansion isra\u00e9lienne agressive dans la bande de Ghaza et en Cisjordanie, les graves violations du droit international et du droit humanitaire et la catastrophe humanitaire provoqu\u00e9e par cette guerre r\u00e9gionale de grande ampleur, se r\u00e9percutent n\u00e9gativement et de mani\u00e8re consid\u00e9rable sur les pays membres de notre Mouvement et placent la communaut\u00e9 internationale devant une responsabilit\u00e9 historique qui ne saurait \u00eatre plus longtemps diff\u00e9r\u00e9e \u00bb. Un constat qui, selon lui, appelle \u00e0 une mobilisation accrue des pays non-align\u00e9s. \u00ab Cette situation nous impose de nous attacher davantage \u00e0 nos principes, en tant que bloc uni et solidaire, afin de renforcer notre r\u00f4le, en tant que plus grande coalition internationale apr\u00e8s l&rsquo;Organisation des Nations unies, dans la r\u00e9alisation de la paix et la consolidation de la s\u00e9curit\u00e9 et de la stabilit\u00e9 internationales \u00bb, a-t-il soutenu.<\/p>\n\n\n\n<p class=\"wp-block-paragraph\">Face \u00e0 la gravit\u00e9 de ces d\u00e9veloppements, le pr\u00e9sident de la R\u00e9publique a invit\u00e9 les pays membres du Mouvement \u00e0 un exercice d&rsquo;introspection collective. \u00ab Il est l\u00e9gitime de nous interroger constamment sur notre responsabilit\u00e9 collective et sur l&rsquo;efficacit\u00e9 de nos contributions \u00e0 la r\u00e9solution des questions justes, \u00e0 faire entendre la voix du droit et \u00e0 placer la l\u00e9galit\u00e9 internationale au-dessus de toute autre consid\u00e9ration, d&rsquo;autant que nous disposons d&rsquo;une large repr\u00e9sentation internationale regroupant plus de 120 \u00c9tats, ce qui fait de nous une force agissante et une voix collective unique, influente sur le cours des \u00e9v\u00e9nements sur la sc\u00e8ne internationale \u00bb, a-t-il affirm\u00e9, rappelant ainsi le poids diplomatique que continue de repr\u00e9senter le MNA plus de six d\u00e9cennies apr\u00e8s sa fondation.<\/p>\n\n\n\n<p class=\"wp-block-paragraph\">Le chef de l&rsquo;\u00c9tat a par ailleurs tenu \u00e0 replacer la contribution alg\u00e9rienne dans la continuit\u00e9 de l&rsquo;histoire du pays, pr\u00e9sent\u00e9 comme \u00ab la Mecque des r\u00e9volutionnaires et fervente d\u00e9fenseure des causes justes dans le monde \u00bb. Il a conclu son allocution en saluant \u00ab l&rsquo;engagement ferme et ind\u00e9fectible \u00bb du Mouvement des non-align\u00e9s \u00e0 \u00ab soutenir les buts et principes de la Charte des Nations unies, \u00e0 l&rsquo;instar de l&rsquo;\u00e9galit\u00e9 souveraine entre les \u00c9tats, du r\u00e8glement pacifique des diff\u00e9rends et du droit des peuples \u00e0 l&rsquo;autod\u00e9termination \u00bb, des principes que l&rsquo;Alg\u00e9rie continue de porter, soixante-cinq ans apr\u00e8s la premi\u00e8re Conf\u00e9rence de Belgrade, comme boussole de son action diplomatique.<\/p>\n\n\n\n<p class=\"wp-block-paragraph\">Chokri Hafed<\/p>\n","protected":false},"excerpt":{"rendered":"<p>Le pr\u00e9sident de la R\u00e9publique, Abdelmadjid Tebboune, a affirm\u00e9 mardi que le non-alignement constitue un choix souverain renouvel\u00e9, impos\u00e9 par<\/p>\n","protected":false},"author":6,"featured_media":87080,"comment_status":"open","ping_status":"closed","sticky":false,"template":"","format":"standard","meta":{"colormag_page_container_layout":"default_layout","colormag_page_sidebar_layout":"default_layout","om_disable_all_campaigns":false,"_monsterinsights_skip_tracking":false,"footnotes":"","_wpscppro_dont_share_socialmedia":false,"_wpscppro_custom_social_share_image":0,"_facebook_share_type":"default","_twitter_share_type":"default","_linkedin_share_type":"default","_pinterest_share_type":"default","_linkedin_share_type_page":"","_instagram_share_type":"default","_medium_share_type":"default","_threads_share_type":"default","_google_business_share_type":"default","_bluesky_share_type":"default","_mastodon_share_type":"default","_selected_social_profile":[],"_wpsp_enable_custom_social_template":false,"_wpsp_social_scheduling":{"enabled":false,"datetime":null,"platforms":[],"status":"template_only","dateOption":"today","timeOption":"now","customDays":"","customHours":"","customDate":"","customTime":"","schedulingType":"absolute"},"_wpsp_active_default_template":true},"categories":[52,27],"tags":[],"class_list":["post-94857","post","type-post","status-publish","format-standard","has-post-thumbnail","hentry","category-a-la-une","category-actualite"],"aioseo_notices":[],"aioseo_head":"\n\t\t<!-- All in One SEO 5.0.0.1 - aioseo.com -->\n\t<meta name=\"description\" content=\"Le pr\u00e9sident de la R\u00e9publique, Abdelmadjid Tebboune, a affirm\u00e9 mardi que le non-alignement constitue un choix souverain renouvel\u00e9, impos\u00e9 par les profondes transformations que conna\u00eet le monde, soulignant que le principe de souverainet\u00e9 est indivisible et que l&#039;application du droit international ne saurait ob\u00e9ir \u00e0 une logique s\u00e9lective. Dans une allocution adress\u00e9e \u00e0 la R\u00e9union\" \/>\n\t<meta name=\"robots\" content=\"max-image-preview:large\" \/>\n\t<meta name=\"author\" content=\"admin\"\/>\n\t<link rel=\"canonical\" href=\"https:\/\/lasentinelle.dz\/index.php\/2026\/09\/02\/tebboune-au-mna-le-non-alignement-est-un-choix-souverain\/\" \/>\n\t<meta name=\"generator\" content=\"All in One SEO (AIOSEO) 5.0.0.1\" \/>\n\t\t<meta property=\"og:locale\" content=\"fr_FR\" \/>\n\t\t<meta property=\"og:site_name\" content=\"La Sentinelle - Quotidien national d&#039;information\" \/>\n\t\t<meta property=\"og:type\" content=\"article\" \/>\n\t\t<meta property=\"og:title\" content=\"Tebboune au MNA : \u00ab Le non-alignement est un choix souverain \u00bb - La Sentinelle\" \/>\n\t\t<meta property=\"og:description\" content=\"Le pr\u00e9sident de la R\u00e9publique, Abdelmadjid Tebboune, a affirm\u00e9 mardi que le non-alignement constitue un choix souverain renouvel\u00e9, impos\u00e9 par les profondes transformations que conna\u00eet le monde, soulignant que le principe de souverainet\u00e9 est indivisible et que l&#039;application du droit international ne saurait ob\u00e9ir \u00e0 une logique s\u00e9lective. Dans une allocution adress\u00e9e \u00e0 la R\u00e9union\" \/>\n\t\t<meta property=\"og:url\" content=\"https:\/\/lasentinelle.dz\/index.php\/2026\/09\/02\/tebboune-au-mna-le-non-alignement-est-un-choix-souverain\/\" \/>\n\t\t<meta property=\"og:image\" content=\"https:\/\/lasentinelle.dz\/wp-content\/uploads\/2021\/09\/cropped-la-sentinelle-earth-golden-anima-5.gif\" \/>\n\t\t<meta property=\"og:image:secure_url\" content=\"https:\/\/lasentinelle.dz\/wp-content\/uploads\/2021\/09\/cropped-la-sentinelle-earth-golden-anima-5.gif\" \/>\n\t\t<meta property=\"og:image:width\" content=\"450\" \/>\n\t\t<meta property=\"og:image:height\" content=\"213\" \/>\n\t\t<meta property=\"article:published_time\" content=\"2026-09-02T11:40:34+00:00\" \/>\n\t\t<meta property=\"article:modified_time\" content=\"2026-09-02T11:40:38+00:00\" \/>\n\t\t<meta property=\"article:publisher\" content=\"https:\/\/www.facebook.com\/azzedine.lasentinelle.1\" \/>\n\t\t<meta name=\"twitter:card\" content=\"summary_large_image\" \/>\n\t\t<meta name=\"twitter:title\" content=\"Tebboune au MNA : \u00ab Le non-alignement est un choix souverain \u00bb - La Sentinelle\" \/>\n\t\t<meta name=\"twitter:description\" content=\"Le pr\u00e9sident de la R\u00e9publique, Abdelmadjid Tebboune, a affirm\u00e9 mardi que le non-alignement constitue un choix souverain renouvel\u00e9, impos\u00e9 par les profondes transformations que conna\u00eet le monde, soulignant que le principe de souverainet\u00e9 est indivisible et que l&#039;application du droit international ne saurait ob\u00e9ir \u00e0 une logique s\u00e9lective. Dans une allocution adress\u00e9e \u00e0 la R\u00e9union\" \/>\n\t\t<meta name=\"twitter:image\" content=\"https:\/\/lasentinelle.dz\/wp-content\/uploads\/2021\/09\/cropped-la-sentinelle-earth-golden-anima-5.gif\" \/>\n\t\t<script type=\"application\/ld+json\" class=\"aioseo-schema\">\n\t\t\t{\"@context\":\"https:\\\/\\\/schema.org\",\"@graph\":[{\"@type\":\"BlogPosting\",\"@id\":\"https:\\\/\\\/lasentinelle.dz\\\/index.php\\\/2026\\\/09\\\/02\\\/tebboune-au-mna-le-non-alignement-est-un-choix-souverain\\\/#blogposting\",\"name\":\"Tebboune au MNA : \\u00ab Le non-alignement est un choix souverain \\u00bb - La Sentinelle\",\"headline\":\"Tebboune au MNA\\u00a0: \\u00ab Le non-alignement est un choix souverain \\u00bb\",\"author\":{\"@id\":\"https:\\\/\\\/lasentinelle.dz\\\/author\\\/admin\\\/#author\"},\"publisher\":{\"@id\":\"https:\\\/\\\/lasentinelle.dz\\\/#organization\"},\"image\":{\"@type\":\"ImageObject\",\"url\":\"https:\\\/\\\/lasentinelle.dz\\\/wp-content\\\/uploads\\\/2026\\\/05\\\/tebboune-presse.webp\",\"width\":1400,\"height\":1050},\"datePublished\":\"2026-09-02T12:40:34+01:00\",\"dateModified\":\"2026-09-02T12:40:38+01:00\",\"inLanguage\":\"fr-FR\",\"mainEntityOfPage\":{\"@id\":\"https:\\\/\\\/lasentinelle.dz\\\/index.php\\\/2026\\\/09\\\/02\\\/tebboune-au-mna-le-non-alignement-est-un-choix-souverain\\\/#webpage\"},\"isPartOf\":{\"@id\":\"https:\\\/\\\/lasentinelle.dz\\\/index.php\\\/2026\\\/09\\\/02\\\/tebboune-au-mna-le-non-alignement-est-un-choix-souverain\\\/#webpage\"},\"articleSection\":\"\\u00c0 la Une, Actualit\\u00e9\"},{\"@type\":\"BreadcrumbList\",\"@id\":\"https:\\\/\\\/lasentinelle.dz\\\/index.php\\\/2026\\\/09\\\/02\\\/tebboune-au-mna-le-non-alignement-est-un-choix-souverain\\\/#breadcrumblist\",\"itemListElement\":[{\"@type\":\"ListItem\",\"@id\":\"https:\\\/\\\/lasentinelle.dz#listItem\",\"position\":1,\"name\":\"Home\",\"item\":\"https:\\\/\\\/lasentinelle.dz\",\"nextItem\":{\"@type\":\"ListItem\",\"@id\":\"https:\\\/\\\/lasentinelle.dz\\\/index.php\\\/category\\\/actualite\\\/#listItem\",\"name\":\"Actualit\\u00e9\"}},{\"@type\":\"ListItem\",\"@id\":\"https:\\\/\\\/lasentinelle.dz\\\/index.php\\\/category\\\/actualite\\\/#listItem\",\"position\":2,\"name\":\"Actualit\\u00e9\",\"item\":\"https:\\\/\\\/lasentinelle.dz\\\/index.php\\\/category\\\/actualite\\\/\",\"nextItem\":{\"@type\":\"ListItem\",\"@id\":\"https:\\\/\\\/lasentinelle.dz\\\/index.php\\\/2026\\\/09\\\/02\\\/tebboune-au-mna-le-non-alignement-est-un-choix-souverain\\\/#listItem\",\"name\":\"Tebboune au MNA\\u00a0: \\u00ab Le non-alignement est un choix souverain \\u00bb\"},\"previousItem\":{\"@type\":\"ListItem\",\"@id\":\"https:\\\/\\\/lasentinelle.dz#listItem\",\"name\":\"Home\"}},{\"@type\":\"ListItem\",\"@id\":\"https:\\\/\\\/lasentinelle.dz\\\/index.php\\\/2026\\\/09\\\/02\\\/tebboune-au-mna-le-non-alignement-est-un-choix-souverain\\\/#listItem\",\"position\":3,\"name\":\"Tebboune au MNA\\u00a0: \\u00ab Le non-alignement est un choix souverain \\u00bb\",\"previousItem\":{\"@type\":\"ListItem\",\"@id\":\"https:\\\/\\\/lasentinelle.dz\\\/index.php\\\/category\\\/actualite\\\/#listItem\",\"name\":\"Actualit\\u00e9\"}}]},{\"@type\":\"Organization\",\"@id\":\"https:\\\/\\\/lasentinelle.dz\\\/#organization\",\"name\":\"La Sentinelle La Sentinelle\",\"description\":\"Quotidien national d'information\",\"url\":\"https:\\\/\\\/lasentinelle.dz\\\/\",\"logo\":{\"@type\":\"ImageObject\",\"url\":\"https:\\\/\\\/lasentinelle.dz\\\/wp-content\\\/uploads\\\/2021\\\/09\\\/cropped-la-sentinelle-earth-golden-anima-5.gif\",\"@id\":\"https:\\\/\\\/lasentinelle.dz\\\/index.php\\\/2026\\\/09\\\/02\\\/tebboune-au-mna-le-non-alignement-est-un-choix-souverain\\\/#organizationLogo\",\"width\":450,\"height\":213},\"image\":{\"@id\":\"https:\\\/\\\/lasentinelle.dz\\\/index.php\\\/2026\\\/09\\\/02\\\/tebboune-au-mna-le-non-alignement-est-un-choix-souverain\\\/#organizationLogo\"},\"sameAs\":[\"https:\\\/\\\/www.facebook.com\\\/azzedine.lasentinelle.1\"]},{\"@type\":\"Person\",\"@id\":\"https:\\\/\\\/lasentinelle.dz\\\/author\\\/admin\\\/#author\",\"url\":\"https:\\\/\\\/lasentinelle.dz\\\/author\\\/admin\\\/\",\"name\":\"admin\",\"image\":{\"@type\":\"ImageObject\",\"@id\":\"https:\\\/\\\/lasentinelle.dz\\\/index.php\\\/2026\\\/09\\\/02\\\/tebboune-au-mna-le-non-alignement-est-un-choix-souverain\\\/#authorImage\",\"url\":\"https:\\\/\\\/secure.gravatar.com\\\/avatar\\\/4c81fed838786e9b53f540bf46533e750f5d292099ae3b66cfc6fb1982e29df7?s=96&d=mm&r=g\",\"width\":96,\"height\":96,\"caption\":\"admin\"}},{\"@type\":\"WebPage\",\"@id\":\"https:\\\/\\\/lasentinelle.dz\\\/index.php\\\/2026\\\/09\\\/02\\\/tebboune-au-mna-le-non-alignement-est-un-choix-souverain\\\/#webpage\",\"url\":\"https:\\\/\\\/lasentinelle.dz\\\/index.php\\\/2026\\\/09\\\/02\\\/tebboune-au-mna-le-non-alignement-est-un-choix-souverain\\\/\",\"name\":\"Tebboune au MNA : \\u00ab Le non-alignement est un choix souverain \\u00bb - La Sentinelle\",\"description\":\"Le pr\\u00e9sident de la R\\u00e9publique, Abdelmadjid Tebboune, a affirm\\u00e9 mardi que le non-alignement constitue un choix souverain renouvel\\u00e9, impos\\u00e9 par les profondes transformations que conna\\u00eet le monde, soulignant que le principe de souverainet\\u00e9 est indivisible et que l'application du droit international ne saurait ob\\u00e9ir \\u00e0 une logique s\\u00e9lective. Dans une allocution adress\\u00e9e \\u00e0 la R\\u00e9union\",\"inLanguage\":\"fr-FR\",\"isPartOf\":{\"@id\":\"https:\\\/\\\/lasentinelle.dz\\\/#website\"},\"breadcrumb\":{\"@id\":\"https:\\\/\\\/lasentinelle.dz\\\/index.php\\\/2026\\\/09\\\/02\\\/tebboune-au-mna-le-non-alignement-est-un-choix-souverain\\\/#breadcrumblist\"},\"author\":{\"@id\":\"https:\\\/\\\/lasentinelle.dz\\\/author\\\/admin\\\/#author\"},\"creator\":{\"@id\":\"https:\\\/\\\/lasentinelle.dz\\\/author\\\/admin\\\/#author\"},\"image\":{\"@type\":\"ImageObject\",\"url\":\"https:\\\/\\\/lasentinelle.dz\\\/wp-content\\\/uploads\\\/2026\\\/05\\\/tebboune-presse.webp\",\"@id\":\"https:\\\/\\\/lasentinelle.dz\\\/index.php\\\/2026\\\/09\\\/02\\\/tebboune-au-mna-le-non-alignement-est-un-choix-souverain\\\/#mainImage\",\"width\":1400,\"height\":1050},\"primaryImageOfPage\":{\"@id\":\"https:\\\/\\\/lasentinelle.dz\\\/index.php\\\/2026\\\/09\\\/02\\\/tebboune-au-mna-le-non-alignement-est-un-choix-souverain\\\/#mainImage\"},\"datePublished\":\"2026-09-02T12:40:34+01:00\",\"dateModified\":\"2026-09-02T12:40:38+01:00\"},{\"@type\":\"WebSite\",\"@id\":\"https:\\\/\\\/lasentinelle.dz\\\/#website\",\"url\":\"https:\\\/\\\/lasentinelle.dz\\\/\",\"name\":\"La Sentinelle\",\"description\":\"Quotidien national d'information\",\"inLanguage\":\"fr-FR\",\"publisher\":{\"@id\":\"https:\\\/\\\/lasentinelle.dz\\\/#organization\"}}]}\n\t\t<\/script>\n\t\t<!-- All in One SEO -->\n\n","aioseo_head_json":{"title":"Tebboune au MNA : \u00ab Le non-alignement est un choix souverain \u00bb - La Sentinelle","description":"Le pr\u00e9sident de la R\u00e9publique, Abdelmadjid Tebboune, a affirm\u00e9 mardi que le non-alignement constitue un choix souverain renouvel\u00e9, impos\u00e9 par les profondes transformations que conna\u00eet le monde, soulignant que le principe de souverainet\u00e9 est indivisible et que l'application du droit international ne saurait ob\u00e9ir \u00e0 une logique s\u00e9lective. Dans une allocution adress\u00e9e \u00e0 la R\u00e9union","canonical_url":"https:\/\/lasentinelle.dz\/index.php\/2026\/09\/02\/tebboune-au-mna-le-non-alignement-est-un-choix-souverain\/","robots":"max-image-preview:large","keywords":"","webmasterTools":{"miscellaneous":""},"schema":{"@context":"https:\/\/schema.org","@graph":[{"@type":"BlogPosting","@id":"https:\/\/lasentinelle.dz\/index.php\/2026\/09\/02\/tebboune-au-mna-le-non-alignement-est-un-choix-souverain\/#blogposting","name":"Tebboune au MNA : \u00ab Le non-alignement est un choix souverain \u00bb - La Sentinelle","headline":"Tebboune au MNA\u00a0: \u00ab Le non-alignement est un choix souverain \u00bb","author":{"@id":"https:\/\/lasentinelle.dz\/author\/admin\/#author"},"publisher":{"@id":"https:\/\/lasentinelle.dz\/#organization"},"image":{"@type":"ImageObject","url":"https:\/\/lasentinelle.dz\/wp-content\/uploads\/2026\/05\/tebboune-presse.webp","width":1400,"height":1050},"datePublished":"2026-09-02T12:40:34+01:00","dateModified":"2026-09-02T12:40:38+01:00","inLanguage":"fr-FR","mainEntityOfPage":{"@id":"https:\/\/lasentinelle.dz\/index.php\/2026\/09\/02\/tebboune-au-mna-le-non-alignement-est-un-choix-souverain\/#webpage"},"isPartOf":{"@id":"https:\/\/lasentinelle.dz\/index.php\/2026\/09\/02\/tebboune-au-mna-le-non-alignement-est-un-choix-souverain\/#webpage"},"articleSection":"\u00c0 la Une, Actualit\u00e9"},{"@type":"BreadcrumbList","@id":"https:\/\/lasentinelle.dz\/index.php\/2026\/09\/02\/tebboune-au-mna-le-non-alignement-est-un-choix-souverain\/#breadcrumblist","itemListElement":[{"@type":"ListItem","@id":"https:\/\/lasentinelle.dz#listItem","position":1,"name":"Home","item":"https:\/\/lasentinelle.dz","nextItem":{"@type":"ListItem","@id":"https:\/\/lasentinelle.dz\/index.php\/category\/actualite\/#listItem","name":"Actualit\u00e9"}},{"@type":"ListItem","@id":"https:\/\/lasentinelle.dz\/index.php\/category\/actualite\/#listItem","position":2,"name":"Actualit\u00e9","item":"https:\/\/lasentinelle.dz\/index.php\/category\/actualite\/","nextItem":{"@type":"ListItem","@id":"https:\/\/lasentinelle.dz\/index.php\/2026\/09\/02\/tebboune-au-mna-le-non-alignement-est-un-choix-souverain\/#listItem","name":"Tebboune au MNA\u00a0: \u00ab Le non-alignement est un choix souverain \u00bb"},"previousItem":{"@type":"ListItem","@id":"https:\/\/lasentinelle.dz#listItem","name":"Home"}},{"@type":"ListItem","@id":"https:\/\/lasentinelle.dz\/index.php\/2026\/09\/02\/tebboune-au-mna-le-non-alignement-est-un-choix-souverain\/#listItem","position":3,"name":"Tebboune au MNA\u00a0: \u00ab Le non-alignement est un choix souverain \u00bb","previousItem":{"@type":"ListItem","@id":"https:\/\/lasentinelle.dz\/index.php\/category\/actualite\/#listItem","name":"Actualit\u00e9"}}]},{"@type":"Organization","@id":"https:\/\/lasentinelle.dz\/#organization","name":"La Sentinelle La Sentinelle","description":"Quotidien national d'information","url":"https:\/\/lasentinelle.dz\/","logo":{"@type":"ImageObject","url":"https:\/\/lasentinelle.dz\/wp-content\/uploads\/2021\/09\/cropped-la-sentinelle-earth-golden-anima-5.gif","@id":"https:\/\/lasentinelle.dz\/index.php\/2026\/09\/02\/tebboune-au-mna-le-non-alignement-est-un-choix-souverain\/#organizationLogo","width":450,"height":213},"image":{"@id":"https:\/\/lasentinelle.dz\/index.php\/2026\/09\/02\/tebboune-au-mna-le-non-alignement-est-un-choix-souverain\/#organizationLogo"},"sameAs":["https:\/\/www.facebook.com\/azzedine.lasentinelle.1"]},{"@type":"Person","@id":"https:\/\/lasentinelle.dz\/author\/admin\/#author","url":"https:\/\/lasentinelle.dz\/author\/admin\/","name":"admin","image":{"@type":"ImageObject","@id":"https:\/\/lasentinelle.dz\/index.php\/2026\/09\/02\/tebboune-au-mna-le-non-alignement-est-un-choix-souverain\/#authorImage","url":"https:\/\/secure.gravatar.com\/avatar\/4c81fed838786e9b53f540bf46533e750f5d292099ae3b66cfc6fb1982e29df7?s=96&d=mm&r=g","width":96,"height":96,"caption":"admin"}},{"@type":"WebPage","@id":"https:\/\/lasentinelle.dz\/index.php\/2026\/09\/02\/tebboune-au-mna-le-non-alignement-est-un-choix-souverain\/#webpage","url":"https:\/\/lasentinelle.dz\/index.php\/2026\/09\/02\/tebboune-au-mna-le-non-alignement-est-un-choix-souverain\/","name":"Tebboune au MNA : \u00ab Le non-alignement est un choix souverain \u00bb - La Sentinelle","description":"Le pr\u00e9sident de la R\u00e9publique, Abdelmadjid Tebboune, a affirm\u00e9 mardi que le non-alignement constitue un choix souverain renouvel\u00e9, impos\u00e9 par les profondes transformations que conna\u00eet le monde, soulignant que le principe de souverainet\u00e9 est indivisible et que l'application du droit international ne saurait ob\u00e9ir \u00e0 une logique s\u00e9lective. Dans une allocution adress\u00e9e \u00e0 la R\u00e9union","inLanguage":"fr-FR","isPartOf":{"@id":"https:\/\/lasentinelle.dz\/#website"},"breadcrumb":{"@id":"https:\/\/lasentinelle.dz\/index.php\/2026\/09\/02\/tebboune-au-mna-le-non-alignement-est-un-choix-souverain\/#breadcrumblist"},"author":{"@id":"https:\/\/lasentinelle.dz\/author\/admin\/#author"},"creator":{"@id":"https:\/\/lasentinelle.dz\/author\/admin\/#author"},"image":{"@type":"ImageObject","url":"https:\/\/lasentinelle.dz\/wp-content\/uploads\/2026\/05\/tebboune-presse.webp","@id":"https:\/\/lasentinelle.dz\/index.php\/2026\/09\/02\/tebboune-au-mna-le-non-alignement-est-un-choix-souverain\/#mainImage","width":1400,"height":1050},"primaryImageOfPage":{"@id":"https:\/\/lasentinelle.dz\/index.php\/2026\/09\/02\/tebboune-au-mna-le-non-alignement-est-un-choix-souverain\/#mainImage"},"datePublished":"2026-09-02T12:40:34+01:00","dateModified":"2026-09-02T12:40:38+01:00"},{"@type":"WebSite","@id":"https:\/\/lasentinelle.dz\/#website","url":"https:\/\/lasentinelle.dz\/","name":"La Sentinelle","description":"Quotidien national d'information","inLanguage":"fr-FR","publisher":{"@id":"https:\/\/lasentinelle.dz\/#organization"}}]},"og:locale":"fr_FR","og:site_name":"La Sentinelle - Quotidien national d'information","og:type":"article","og:title":"Tebboune au MNA : \u00ab Le non-alignement est un choix souverain \u00bb - La Sentinelle","og:description":"Le pr\u00e9sident de la R\u00e9publique, Abdelmadjid Tebboune, a affirm\u00e9 mardi que le non-alignement constitue un choix souverain renouvel\u00e9, impos\u00e9 par les profondes transformations que conna\u00eet le monde, soulignant que le principe de souverainet\u00e9 est indivisible et que l'application du droit international ne saurait ob\u00e9ir \u00e0 une logique s\u00e9lective. Dans une allocution adress\u00e9e \u00e0 la R\u00e9union","og:url":"https:\/\/lasentinelle.dz\/index.php\/2026\/09\/02\/tebboune-au-mna-le-non-alignement-est-un-choix-souverain\/","og:image":"https:\/\/lasentinelle.dz\/wp-content\/uploads\/2021\/09\/cropped-la-sentinelle-earth-golden-anima-5.gif","og:image:secure_url":"https:\/\/lasentinelle.dz\/wp-content\/uploads\/2021\/09\/cropped-la-sentinelle-earth-golden-anima-5.gif","og:image:width":450,"og:image:height":213,"article:published_time":"2026-09-02T11:40:34+00:00","article:modified_time":"2026-09-02T11:40:38+00:00","article:publisher":"https:\/\/www.facebook.com\/azzedine.lasentinelle.1","twitter:card":"summary_large_image","twitter:title":"Tebboune au MNA : \u00ab Le non-alignement est un choix souverain \u00bb - La Sentinelle","twitter:description":"Le pr\u00e9sident de la R\u00e9publique, Abdelmadjid Tebboune, a affirm\u00e9 mardi que le non-alignement constitue un choix souverain renouvel\u00e9, impos\u00e9 par les profondes transformations que conna\u00eet le monde, soulignant que le principe de souverainet\u00e9 est indivisible et que l'application du droit international ne saurait ob\u00e9ir \u00e0 une logique s\u00e9lective. Dans une allocution adress\u00e9e \u00e0 la R\u00e9union","twitter:image":"https:\/\/lasentinelle.dz\/wp-content\/uploads\/2021\/09\/cropped-la-sentinelle-earth-golden-anima-5.gif"},"aioseo_meta_data":{"post_id":"94857","title":null,"description":null,"keywords":null,"keyphrases":{"focus":{"keyphrase":"","score":0,"analysis":{"keyphraseInTitle":{"score":0,"maxScore":9,"error":1}}},"additional":[]},"primary_term":null,"canonical_url":null,"og_title":null,"og_description":null,"og_object_type":"default","og_image_type":"default","og_image_url":null,"og_image_width":null,"og_image_height":null,"og_image_custom_url":null,"og_image_custom_fields":null,"og_video":"","og_custom_url":null,"og_article_section":null,"og_article_tags":null,"twitter_use_og":false,"twitter_card":"default","twitter_image_type":"default","twitter_image_url":null,"twitter_image_custom_url":null,"twitter_image_custom_fields":null,"twitter_title":null,"twitter_description":null,"schema":{"blockGraphs":[],"customGraphs":[],"default":{"data":{"Article":[],"Course":[],"Dataset":[],"FAQPage":[],"Movie":[],"Person":[],"Product":[],"ProductReview":[],"Car":[],"Recipe":[],"Service":[],"SoftwareApplication":[],"WebPage":[]},"graphName":"BlogPosting","isEnabled":true},"graphs":[]},"schema_type":"default","schema_type_options":null,"pillar_content":false,"robots_default":true,"robots_noindex":false,"robots_noarchive":false,"robots_nosnippet":false,"robots_nofollow":false,"robots_noimageindex":false,"robots_noodp":false,"robots_notranslate":false,"robots_max_snippet":"-1","robots_max_videopreview":"-1","robots_max_imagepreview":"large","priority":null,"frequency":"default","local_seo":null,"breadcrumb_settings":null,"limit_modified_date":false,"ai":{"faqs":[],"keyPoints":[],"schemas":[],"titles":[],"descriptions":[],"socialPosts":{"email":{"subject":"","preview":"","content":""},"linkedin":[],"twitter":[],"facebook":[],"instagram":[]}},"created":"2026-09-02 11:40:39","updated":"2026-09-02 12:46:31","focus_keyword":null,"additional_keywords":null,"truseo_locale":null,"seo_analyzer_scan_date":null},"aioseo_breadcrumb":"<div class=\"aioseo-breadcrumbs\"><span class=\"aioseo-breadcrumb\">\n\t\t\t<a href=\"https:\/\/lasentinelle.dz\" title=\"Home\">Home<\/a>\n\t\t<\/span><span class=\"aioseo-breadcrumb-separator\">&raquo;<\/span><span class=\"aioseo-breadcrumb\">\n\t\t\t<a href=\"https:\/\/lasentinelle.dz\/index.php\/category\/actualite\/\" title=\"Actualit\u00e9\">Actualit\u00e9<\/a>\n\t\t<\/span><span class=\"aioseo-breadcrumb-separator\">&raquo;<\/span><span class=\"aioseo-breadcrumb\">\n\t\t\tTebboune au MNA : \u00ab Le non-alignement est un choix souverain \u00bb\n\t\t<\/span><\/div>","aioseo_breadcrumb_json":[{"label":"Home","link":"https:\/\/lasentinelle.dz"},{"label":"Actualit\u00e9","link":"https:\/\/lasentinelle.dz\/index.php\/category\/actualite\/"},{"label":"Tebboune au MNA\u00a0: \u00ab Le non-alignement est un choix souverain \u00bb","link":"https:\/\/lasentinelle.dz\/index.php\/2026\/09\/02\/tebboune-au-mna-le-non-alignement-est-un-choix-souverain\/"}],"yoast_head":"<!-- This site is optimized with the Yoast SEO plugin v28.4 - https:\/\/yoast.com\/product\/yoast-seo-wordpress\/ -->\n<title>Tebboune au MNA\u00a0: \u00ab Le non-alignement est un choix souverain \u00bb - La Sentinelle<\/title>\n<meta name=\"robots\" content=\"index, follow, max-snippet:-1, max-image-preview:large, max-video-preview:-1\" \/>\n<link rel=\"canonical\" href=\"https:\/\/lasentinelle.dz\/index.php\/2026\/09\/02\/tebboune-au-mna-le-non-alignement-est-un-choix-souverain\/\" \/>\n<meta property=\"og:locale\" content=\"fr_FR\" \/>\n<meta property=\"og:type\" content=\"article\" \/>\n<meta property=\"og:title\" content=\"Tebboune au MNA\u00a0: \u00ab Le non-alignement est un choix souverain \u00bb - La Sentinelle\" \/>\n<meta property=\"og:description\" content=\"Le pr\u00e9sident de la R\u00e9publique, Abdelmadjid Tebboune, a affirm\u00e9 mardi que le non-alignement constitue un choix souverain renouvel\u00e9, impos\u00e9 par\" \/>\n<meta property=\"og:url\" content=\"https:\/\/lasentinelle.dz\/index.php\/2026\/09\/02\/tebboune-au-mna-le-non-alignement-est-un-choix-souverain\/\" \/>\n<meta property=\"og:site_name\" content=\"La Sentinelle\" \/>\n<meta property=\"article:publisher\" content=\"https:\/\/www.facebook.com\/La-Sentinelle-104059864394773\" \/>\n<meta property=\"article:published_time\" content=\"2026-09-02T11:40:34+00:00\" \/>\n<meta property=\"article:modified_time\" content=\"2026-09-02T11:40:38+00:00\" \/>\n<meta property=\"og:image\" content=\"https:\/\/lasentinelle.dz\/wp-content\/uploads\/2026\/05\/tebboune-presse.webp\" \/>\n\t<meta property=\"og:image:width\" content=\"1400\" \/>\n\t<meta property=\"og:image:height\" content=\"1050\" \/>\n\t<meta property=\"og:image:type\" content=\"image\/webp\" \/>\n<meta name=\"author\" content=\"admin\" \/>\n<meta name=\"twitter:card\" content=\"summary_large_image\" \/>\n<meta name=\"twitter:label1\" content=\"\u00c9crit par\" \/>\n\t<meta name=\"twitter:data1\" content=\"admin\" \/>\n\t<meta name=\"twitter:label2\" content=\"Dur\u00e9e de lecture estim\u00e9e\" \/>\n\t<meta name=\"twitter:data2\" content=\"4 minutes\" \/>\n<script type=\"application\/ld+json\" class=\"yoast-schema-graph\">{\"@context\":\"https:\\\/\\\/schema.org\",\"@graph\":[{\"@type\":\"Article\",\"@id\":\"https:\\\/\\\/lasentinelle.dz\\\/index.php\\\/2026\\\/09\\\/02\\\/tebboune-au-mna-le-non-alignement-est-un-choix-souverain\\\/#article\",\"isPartOf\":{\"@id\":\"https:\\\/\\\/lasentinelle.dz\\\/index.php\\\/2026\\\/09\\\/02\\\/tebboune-au-mna-le-non-alignement-est-un-choix-souverain\\\/\"},\"author\":{\"name\":\"admin\",\"@id\":\"https:\\\/\\\/lasentinelle.dz\\\/#\\\/schema\\\/person\\\/729ee0024f24e0b8c5ec17232f8e8b41\"},\"headline\":\"Tebboune au MNA\u00a0: \u00ab Le non-alignement est un choix souverain \u00bb\",\"datePublished\":\"2026-09-02T11:40:34+00:00\",\"dateModified\":\"2026-09-02T11:40:38+00:00\",\"mainEntityOfPage\":{\"@id\":\"https:\\\/\\\/lasentinelle.dz\\\/index.php\\\/2026\\\/09\\\/02\\\/tebboune-au-mna-le-non-alignement-est-un-choix-souverain\\\/\"},\"wordCount\":669,\"commentCount\":0,\"publisher\":{\"@id\":\"https:\\\/\\\/lasentinelle.dz\\\/#organization\"},\"image\":{\"@id\":\"https:\\\/\\\/lasentinelle.dz\\\/index.php\\\/2026\\\/09\\\/02\\\/tebboune-au-mna-le-non-alignement-est-un-choix-souverain\\\/#primaryimage\"},\"thumbnailUrl\":\"https:\\\/\\\/lasentinelle.dz\\\/wp-content\\\/uploads\\\/2026\\\/05\\\/tebboune-presse.webp\",\"articleSection\":[\"\u00c0 la Une\",\"Actualit\u00e9\"],\"inLanguage\":\"fr-FR\",\"potentialAction\":[{\"@type\":\"CommentAction\",\"name\":\"Comment\",\"target\":[\"https:\\\/\\\/lasentinelle.dz\\\/index.php\\\/2026\\\/09\\\/02\\\/tebboune-au-mna-le-non-alignement-est-un-choix-souverain\\\/#respond\"]}]},{\"@type\":\"WebPage\",\"@id\":\"https:\\\/\\\/lasentinelle.dz\\\/index.php\\\/2026\\\/09\\\/02\\\/tebboune-au-mna-le-non-alignement-est-un-choix-souverain\\\/\",\"url\":\"https:\\\/\\\/lasentinelle.dz\\\/index.php\\\/2026\\\/09\\\/02\\\/tebboune-au-mna-le-non-alignement-est-un-choix-souverain\\\/\",\"name\":\"Tebboune au MNA\u00a0: \u00ab Le non-alignement est un choix souverain \u00bb - La Sentinelle\",\"isPartOf\":{\"@id\":\"https:\\\/\\\/lasentinelle.dz\\\/#website\"},\"primaryImageOfPage\":{\"@id\":\"https:\\\/\\\/lasentinelle.dz\\\/index.php\\\/2026\\\/09\\\/02\\\/tebboune-au-mna-le-non-alignement-est-un-choix-souverain\\\/#primaryimage\"},\"image\":{\"@id\":\"https:\\\/\\\/lasentinelle.dz\\\/index.php\\\/2026\\\/09\\\/02\\\/tebboune-au-mna-le-non-alignement-est-un-choix-souverain\\\/#primaryimage\"},\"thumbnailUrl\":\"https:\\\/\\\/lasentinelle.dz\\\/wp-content\\\/uploads\\\/2026\\\/05\\\/tebboune-presse.webp\",\"datePublished\":\"2026-09-02T11:40:34+00:00\",\"dateModified\":\"2026-09-02T11:40:38+00:00\",\"breadcrumb\":{\"@id\":\"https:\\\/\\\/lasentinelle.dz\\\/index.php\\\/2026\\\/09\\\/02\\\/tebboune-au-mna-le-non-alignement-est-un-choix-souverain\\\/#breadcrumb\"},\"inLanguage\":\"fr-FR\",\"potentialAction\":[{\"@type\":\"ReadAction\",\"target\":[\"https:\\\/\\\/lasentinelle.dz\\\/index.php\\\/2026\\\/09\\\/02\\\/tebboune-au-mna-le-non-alignement-est-un-choix-souverain\\\/\"]}]},{\"@type\":\"ImageObject\",\"inLanguage\":\"fr-FR\",\"@id\":\"https:\\\/\\\/lasentinelle.dz\\\/index.php\\\/2026\\\/09\\\/02\\\/tebboune-au-mna-le-non-alignement-est-un-choix-souverain\\\/#primaryimage\",\"url\":\"https:\\\/\\\/lasentinelle.dz\\\/wp-content\\\/uploads\\\/2026\\\/05\\\/tebboune-presse.webp\",\"contentUrl\":\"https:\\\/\\\/lasentinelle.dz\\\/wp-content\\\/uploads\\\/2026\\\/05\\\/tebboune-presse.webp\",\"width\":1400,\"height\":1050},{\"@type\":\"BreadcrumbList\",\"@id\":\"https:\\\/\\\/lasentinelle.dz\\\/index.php\\\/2026\\\/09\\\/02\\\/tebboune-au-mna-le-non-alignement-est-un-choix-souverain\\\/#breadcrumb\",\"itemListElement\":[{\"@type\":\"ListItem\",\"position\":1,\"name\":\"Accueil\",\"item\":\"https:\\\/\\\/lasentinelle.dz\\\/\"},{\"@type\":\"ListItem\",\"position\":2,\"name\":\"Tebboune au MNA\u00a0: \u00ab Le non-alignement est un choix souverain \u00bb\"}]},{\"@type\":\"WebSite\",\"@id\":\"https:\\\/\\\/lasentinelle.dz\\\/#website\",\"url\":\"https:\\\/\\\/lasentinelle.dz\\\/\",\"name\":\"La Sentinelle\",\"description\":\"Quotidien national d&#039;information\",\"publisher\":{\"@id\":\"https:\\\/\\\/lasentinelle.dz\\\/#organization\"},\"potentialAction\":[{\"@type\":\"SearchAction\",\"target\":{\"@type\":\"EntryPoint\",\"urlTemplate\":\"https:\\\/\\\/lasentinelle.dz\\\/?s={search_term_string}\"},\"query-input\":{\"@type\":\"PropertyValueSpecification\",\"valueRequired\":true,\"valueName\":\"search_term_string\"}}],\"inLanguage\":\"fr-FR\"},{\"@type\":\"Organization\",\"@id\":\"https:\\\/\\\/lasentinelle.dz\\\/#organization\",\"name\":\"Quotidien La Sentinelle\",\"url\":\"https:\\\/\\\/lasentinelle.dz\\\/\",\"logo\":{\"@type\":\"ImageObject\",\"inLanguage\":\"fr-FR\",\"@id\":\"https:\\\/\\\/lasentinelle.dz\\\/#\\\/schema\\\/logo\\\/image\\\/\",\"url\":\"https:\\\/\\\/lasentinelle.dz\\\/wp-content\\\/uploads\\\/2021\\\/09\\\/logo-sentinelleSLOGAN-1.png\",\"contentUrl\":\"https:\\\/\\\/lasentinelle.dz\\\/wp-content\\\/uploads\\\/2021\\\/09\\\/logo-sentinelleSLOGAN-1.png\",\"width\":615,\"height\":142,\"caption\":\"Quotidien La Sentinelle\"},\"image\":{\"@id\":\"https:\\\/\\\/lasentinelle.dz\\\/#\\\/schema\\\/logo\\\/image\\\/\"},\"sameAs\":[\"https:\\\/\\\/www.facebook.com\\\/La-Sentinelle-104059864394773\"]},{\"@type\":\"Person\",\"@id\":\"https:\\\/\\\/lasentinelle.dz\\\/#\\\/schema\\\/person\\\/729ee0024f24e0b8c5ec17232f8e8b41\",\"name\":\"admin\",\"image\":{\"@type\":\"ImageObject\",\"inLanguage\":\"fr-FR\",\"@id\":\"https:\\\/\\\/secure.gravatar.com\\\/avatar\\\/4c81fed838786e9b53f540bf46533e750f5d292099ae3b66cfc6fb1982e29df7?s=96&d=mm&r=g\",\"url\":\"https:\\\/\\\/secure.gravatar.com\\\/avatar\\\/4c81fed838786e9b53f540bf46533e750f5d292099ae3b66cfc6fb1982e29df7?s=96&d=mm&r=g\",\"contentUrl\":\"https:\\\/\\\/secure.gravatar.com\\\/avatar\\\/4c81fed838786e9b53f540bf46533e750f5d292099ae3b66cfc6fb1982e29df7?s=96&d=mm&r=g\",\"caption\":\"admin\"},\"description\":\"admin\",\"url\":\"https:\\\/\\\/lasentinelle.dz\\\/author\\\/admin\\\/\"}]}<\/script>\n<!-- \/ Yoast SEO plugin. -->","yoast_head_json":{"title":"Tebboune au MNA\u00a0: \u00ab Le non-alignement est un choix souverain \u00bb - La Sentinelle","robots":{"index":"index","follow":"follow","max-snippet":"max-snippet:-1","max-image-preview":"max-image-preview:large","max-video-preview":"max-video-preview:-1"},"canonical":"https:\/\/lasentinelle.dz\/index.php\/2026\/09\/02\/tebboune-au-mna-le-non-alignement-est-un-choix-souverain\/","og_locale":"fr_FR","og_type":"article","og_title":"Tebboune au MNA\u00a0: \u00ab Le non-alignement est un choix souverain \u00bb - La Sentinelle","og_description":"Le pr\u00e9sident de la R\u00e9publique, Abdelmadjid Tebboune, a affirm\u00e9 mardi que le non-alignement constitue un choix souverain renouvel\u00e9, impos\u00e9 par","og_url":"https:\/\/lasentinelle.dz\/index.php\/2026\/09\/02\/tebboune-au-mna-le-non-alignement-est-un-choix-souverain\/","og_site_name":"La Sentinelle","article_publisher":"https:\/\/www.facebook.com\/La-Sentinelle-104059864394773","article_published_time":"2026-09-02T11:40:34+00:00","article_modified_time":"2026-09-02T11:40:38+00:00","og_image":[{"width":1400,"height":1050,"url":"https:\/\/lasentinelle.dz\/wp-content\/uploads\/2026\/05\/tebboune-presse.webp","type":"image\/webp"}],"author":"admin","twitter_card":"summary_large_image","twitter_misc":{"\u00c9crit par":"admin","Dur\u00e9e de lecture estim\u00e9e":"4 minutes"},"schema":{"@context":"https:\/\/schema.org","@graph":[{"@type":"Article","@id":"https:\/\/lasentinelle.dz\/index.php\/2026\/09\/02\/tebboune-au-mna-le-non-alignement-est-un-choix-souverain\/#article","isPartOf":{"@id":"https:\/\/lasentinelle.dz\/index.php\/2026\/09\/02\/tebboune-au-mna-le-non-alignement-est-un-choix-souverain\/"},"author":{"name":"admin","@id":"https:\/\/lasentinelle.dz\/#\/schema\/person\/729ee0024f24e0b8c5ec17232f8e8b41"},"headline":"Tebboune au MNA\u00a0: \u00ab Le non-alignement est un choix souverain \u00bb","datePublished":"2026-09-02T11:40:34+00:00","dateModified":"2026-09-02T11:40:38+00:00","mainEntityOfPage":{"@id":"https:\/\/lasentinelle.dz\/index.php\/2026\/09\/02\/tebboune-au-mna-le-non-alignement-est-un-choix-souverain\/"},"wordCount":669,"commentCount":0,"publisher":{"@id":"https:\/\/lasentinelle.dz\/#organization"},"image":{"@id":"https:\/\/lasentinelle.dz\/index.php\/2026\/09\/02\/tebboune-au-mna-le-non-alignement-est-un-choix-souverain\/#primaryimage"},"thumbnailUrl":"https:\/\/lasentinelle.dz\/wp-content\/uploads\/2026\/05\/tebboune-presse.webp","articleSection":["\u00c0 la Une","Actualit\u00e9"],"inLanguage":"fr-FR","potentialAction":[{"@type":"CommentAction","name":"Comment","target":["https:\/\/lasentinelle.dz\/index.php\/2026\/09\/02\/tebboune-au-mna-le-non-alignement-est-un-choix-souverain\/#respond"]}]},{"@type":"WebPage","@id":"https:\/\/lasentinelle.dz\/index.php\/2026\/09\/02\/tebboune-au-mna-le-non-alignement-est-un-choix-souverain\/","url":"https:\/\/lasentinelle.dz\/index.php\/2026\/09\/02\/tebboune-au-mna-le-non-alignement-est-un-choix-souverain\/","name":"Tebboune au MNA\u00a0: \u00ab Le non-alignement est un choix souverain \u00bb - La Sentinelle","isPartOf":{"@id":"https:\/\/lasentinelle.dz\/#website"},"primaryImageOfPage":{"@id":"https:\/\/lasentinelle.dz\/index.php\/2026\/09\/02\/tebboune-au-mna-le-non-alignement-est-un-choix-souverain\/#primaryimage"},"image":{"@id":"https:\/\/lasentinelle.dz\/index.php\/2026\/09\/02\/tebboune-au-mna-le-non-alignement-est-un-choix-souverain\/#primaryimage"},"thumbnailUrl":"https:\/\/lasentinelle.dz\/wp-content\/uploads\/2026\/05\/tebboune-presse.webp","datePublished":"2026-09-02T11:40:34+00:00","dateModified":"2026-09-02T11:40:38+00:00","breadcrumb":{"@id":"https:\/\/lasentinelle.dz\/index.php\/2026\/09\/02\/tebboune-au-mna-le-non-alignement-est-un-choix-souverain\/#breadcrumb"},"inLanguage":"fr-FR","potentialAction":[{"@type":"ReadAction","target":["https:\/\/lasentinelle.dz\/index.php\/2026\/09\/02\/tebboune-au-mna-le-non-alignement-est-un-choix-souverain\/"]}]},{"@type":"ImageObject","inLanguage":"fr-FR","@id":"https:\/\/lasentinelle.dz\/index.php\/2026\/09\/02\/tebboune-au-mna-le-non-alignement-est-un-choix-souverain\/#primaryimage","url":"https:\/\/lasentinelle.dz\/wp-content\/uploads\/2026\/05\/tebboune-presse.webp","contentUrl":"https:\/\/lasentinelle.dz\/wp-content\/uploads\/2026\/05\/tebboune-presse.webp","width":1400,"height":1050},{"@type":"BreadcrumbList","@id":"https:\/\/lasentinelle.dz\/index.php\/2026\/09\/02\/tebboune-au-mna-le-non-alignement-est-un-choix-souverain\/#breadcrumb","itemListElement":[{"@type":"ListItem","position":1,"name":"Accueil","item":"https:\/\/lasentinelle.dz\/"},{"@type":"ListItem","position":2,"name":"Tebboune au MNA\u00a0: \u00ab Le non-alignement est un choix souverain \u00bb"}]},{"@type":"WebSite","@id":"https:\/\/lasentinelle.dz\/#website","url":"https:\/\/lasentinelle.dz\/","name":"La Sentinelle","description":"Quotidien national d&#039;information","publisher":{"@id":"https:\/\/lasentinelle.dz\/#organization"},"potentialAction":[{"@type":"SearchAction","target":{"@type":"EntryPoint","urlTemplate":"https:\/\/lasentinelle.dz\/?s={search_term_string}"},"query-input":{"@type":"PropertyValueSpecification","valueRequired":true,"valueName":"search_term_string"}}],"inLanguage":"fr-FR"},{"@type":"Organization","@id":"https:\/\/lasentinelle.dz\/#organization","name":"Quotidien La Sentinelle","url":"https:\/\/lasentinelle.dz\/","logo":{"@type":"ImageObject","inLanguage":"fr-FR","@id":"https:\/\/lasentinelle.dz\/#\/schema\/logo\/image\/","url":"https:\/\/lasentinelle.dz\/wp-content\/uploads\/2021\/09\/logo-sentinelleSLOGAN-1.png","contentUrl":"https:\/\/lasentinelle.dz\/wp-content\/uploads\/2021\/09\/logo-sentinelleSLOGAN-1.png","width":615,"height":142,"caption":"Quotidien La Sentinelle"},"image":{"@id":"https:\/\/lasentinelle.dz\/#\/schema\/logo\/image\/"},"sameAs":["https:\/\/www.facebook.com\/La-Sentinelle-104059864394773"]},{"@type":"Person","@id":"https:\/\/lasentinelle.dz\/#\/schema\/person\/729ee0024f24e0b8c5ec17232f8e8b41","name":"admin","image":{"@type":"ImageObject","inLanguage":"fr-FR","@id":"https:\/\/secure.gravatar.com\/avatar\/4c81fed838786e9b53f540bf46533e750f5d292099ae3b66cfc6fb1982e29df7?s=96&d=mm&r=g","url":"https:\/\/secure.gravatar.com\/avatar\/4c81fed838786e9b53f540bf46533e750f5d292099ae3b66cfc6fb1982e29df7?s=96&d=mm&r=g","contentUrl":"https:\/\/secure.gravatar.com\/avatar\/4c81fed838786e9b53f540bf46533e750f5d292099ae3b66cfc6fb1982e29df7?s=96&d=mm&r=g","caption":"admin"},"description":"admin","url":"https:\/\/lasentinelle.dz\/author\/admin\/"}]}},"_links":{"self":[{"href":"https:\/\/lasentinelle.dz\/index.php\/wp-json\/wp\/v2\/posts\/94857","targetHints":{"allow":["GET"]}}],"collection":[{"href":"https:\/\/lasentinelle.dz\/index.php\/wp-json\/wp\/v2\/posts"}],"about":[{"href":"https:\/\/lasentinelle.dz\/index.php\/wp-json\/wp\/v2\/types\/post"}],"author":[{"embeddable":true,"href":"https:\/\/lasentinelle.dz\/index.php\/wp-json\/wp\/v2\/users\/6"}],"replies":[{"embeddable":true,"href":"https:\/\/lasentinelle.dz\/index.php\/wp-json\/wp\/v2\/comments?post=94857"}],"version-history":[{"count":1,"href":"https:\/\/lasentinelle.dz\/index.php\/wp-json\/wp\/v2\/posts\/94857\/revisions"}],"predecessor-version":[{"id":94858,"href":"https:\/\/lasentinelle.dz\/index.php\/wp-json\/wp\/v2\/posts\/94857\/revisions\/94858"}],"wp:featuredmedia":[{"embeddable":true,"href":"https:\/\/lasentinelle.dz\/index.php\/wp-json\/wp\/v2\/media\/87080"}],"wp:attachment":[{"href":"https:\/\/lasentinelle.dz\/index.php\/wp-json\/wp\/v2\/media?parent=94857"}],"wp:term":[{"taxonomy":"category","embeddable":true,"href":"https:\/\/lasentinelle.dz\/index.php\/wp-json\/wp\/v2\/categories?post=94857"},{"taxonomy":"post_tag","embeddable":true,"href":"https:\/\/lasentinelle.dz\/index.php\/wp-json\/wp\/v2\/tags?post=94857"}],"curies":[{"name":"wp","href":"https:\/\/api.w.org\/{rel}","templated":true}]}}