{"id":94859,"date":"2026-09-02T12:44:11","date_gmt":"2026-09-02T11:44:11","guid":{"rendered":"https:\/\/lasentinelle.dz\/?p=94859"},"modified":"2026-09-02T12:44:20","modified_gmt":"2026-09-02T11:44:20","slug":"le-president-de-la-republique-recoit-lambassadeur-dethiopie-en-algerie","status":"publish","type":"post","link":"https:\/\/lasentinelle.dz\/index.php\/2026\/09\/02\/le-president-de-la-republique-recoit-lambassadeur-dethiopie-en-algerie\/","title":{"rendered":"Le pr\u00e9sident de la R\u00e9publique re\u00e7oit l&rsquo;ambassadeur d&rsquo;Ethiopie en Alg\u00e9rie"},"content":{"rendered":"\n<p class=\"wp-block-paragraph\">Le pr\u00e9sident de la R\u00e9publique, M. Abdelmadjid Tebboune, a re\u00e7u, mardi, l&rsquo;ambassadeur de la R\u00e9publique d\u00e9mocratique f\u00e9d\u00e9rale d&rsquo;Ethiopie aupr\u00e8s de l&rsquo;Alg\u00e9rie, M. Muktar Mohamed Ware, qui lui a rendu une visite d&rsquo;adieu au terme de sa mission en Alg\u00e9rie. Dans une d\u00e9claration \u00e0 la presse \u00e0 l&rsquo;issue de l&rsquo;audience, M. Ware a adress\u00e9 ses \u00ab\u00a0vifs remerciements\u00a0\u00bb et exprim\u00e9 sa \u00ab\u00a0profonde gratitude\u00a0\u00bb au pr\u00e9sident de la R\u00e9publique, M. Abdelmadjid Tebboune, ainsi qu&rsquo;au peuple alg\u00e9rien, pour \u00ab\u00a0la coop\u00e9ration, la bienveillance et le pr\u00e9cieux soutien\u00a0\u00bb dont il a b\u00e9n\u00e9fici\u00e9 tout au long de sa mission diplomatique, soulignant son admiration pour l&rsquo;histoire de l&rsquo;Alg\u00e9rie et ses sacrifices. \u00ab\u00a0Au cours de mes deux ann\u00e9es de mission en Alg\u00e9rie, j&rsquo;ai v\u00e9ritablement d\u00e9couvert ce pays que j&rsquo;appr\u00e9cie \u00e9norm\u00e9ment et que je quitte avec un sentiment de gratitude et de fiert\u00e9 d&rsquo;avoir servi mon pays dans le pays d&rsquo;un million et demi de martyrs\u00a0\u00bb, a-t-il d\u00e9clar\u00e9. M. Ware a, en outre, pr\u00e9sent\u00e9 ses \u00ab\u00a0sinc\u00e8res condol\u00e9ances\u00a0\u00bb et fait part de sa \u00ab\u00a0profonde compassion\u00a0\u00bb aux sinistr\u00e9s des incendies ayant r\u00e9cemment touch\u00e9 certaines r\u00e9gions du Centre et de l&rsquo;Est du pays, tout en exprimant sa solidarit\u00e9 avec les bless\u00e9s. L&rsquo;audience s&rsquo;est d\u00e9roul\u00e9e en pr\u00e9sence du ministre d&rsquo;Etat, charg\u00e9 de l&rsquo;Inspection g\u00e9n\u00e9rale des services de l&rsquo;Etat et des Collectivit\u00e9s locales, M. Brahim Merad, et du conseiller aupr\u00e8s du pr\u00e9sident de la R\u00e9publique, charg\u00e9 des affaires diplomatiques, M. Amar Abba.<\/p>\n\n\n\n<p class=\"wp-block-paragraph\">APS<\/p>\n","protected":false},"excerpt":{"rendered":"<p>Le pr\u00e9sident de la R\u00e9publique, M. Abdelmadjid Tebboune, a re\u00e7u, mardi, l&rsquo;ambassadeur de la R\u00e9publique d\u00e9mocratique f\u00e9d\u00e9rale d&rsquo;Ethiopie aupr\u00e8s de<\/p>\n","protected":false},"author":6,"featured_media":94860,"comment_status":"open","ping_status":"closed","sticky":false,"template":"","format":"standard","meta":{"colormag_page_container_layout":"default_layout","colormag_page_sidebar_layout":"default_layout","om_disable_all_campaigns":false,"_monsterinsights_skip_tracking":false,"footnotes":"","_wpscppro_dont_share_socialmedia":false,"_wpscppro_custom_social_share_image":0,"_facebook_share_type":"default","_twitter_share_type":"default","_linkedin_share_type":"default","_pinterest_share_type":"default","_linkedin_share_type_page":"","_instagram_share_type":"default","_medium_share_type":"default","_threads_share_type":"default","_google_business_share_type":"default","_bluesky_share_type":"default","_mastodon_share_type":"default","_selected_social_profile":[],"_wpsp_enable_custom_social_template":false,"_wpsp_social_scheduling":{"enabled":false,"datetime":null,"platforms":[],"status":"template_only","dateOption":"today","timeOption":"now","customDays":"","customHours":"","customDate":"","customTime":"","schedulingType":"absolute"},"_wpsp_active_default_template":true},"categories":[27],"tags":[],"class_list":["post-94859","post","type-post","status-publish","format-standard","has-post-thumbnail","hentry","category-actualite"],"aioseo_notices":[],"aioseo_head":"\n\t\t<!-- All in One SEO 5.0.0.1 - aioseo.com -->\n\t<meta name=\"description\" content=\"Le pr\u00e9sident de la R\u00e9publique, M. Abdelmadjid Tebboune, a re\u00e7u, mardi, l&#039;ambassadeur de la R\u00e9publique d\u00e9mocratique f\u00e9d\u00e9rale d&#039;Ethiopie aupr\u00e8s de l&#039;Alg\u00e9rie, M. Muktar Mohamed Ware, qui lui a rendu une visite d&#039;adieu au terme de sa mission en Alg\u00e9rie. Dans une d\u00e9claration \u00e0 la presse \u00e0 l&#039;issue de l&#039;audience, M. Ware a adress\u00e9 ses &quot;vifs\" \/>\n\t<meta name=\"robots\" content=\"max-image-preview:large\" \/>\n\t<meta name=\"author\" content=\"admin\"\/>\n\t<link rel=\"canonical\" href=\"https:\/\/lasentinelle.dz\/index.php\/2026\/09\/02\/le-president-de-la-republique-recoit-lambassadeur-dethiopie-en-algerie\/\" \/>\n\t<meta name=\"generator\" content=\"All in One SEO (AIOSEO) 5.0.0.1\" \/>\n\t\t<meta property=\"og:locale\" content=\"fr_FR\" \/>\n\t\t<meta property=\"og:site_name\" content=\"La Sentinelle - Quotidien national d&#039;information\" \/>\n\t\t<meta property=\"og:type\" content=\"article\" \/>\n\t\t<meta property=\"og:title\" content=\"Le pr\u00e9sident de la R\u00e9publique re\u00e7oit l\u2019ambassadeur d\u2019Ethiopie en Alg\u00e9rie - La Sentinelle\" \/>\n\t\t<meta property=\"og:description\" content=\"Le pr\u00e9sident de la R\u00e9publique, M. Abdelmadjid Tebboune, a re\u00e7u, mardi, l&#039;ambassadeur de la R\u00e9publique d\u00e9mocratique f\u00e9d\u00e9rale d&#039;Ethiopie aupr\u00e8s de l&#039;Alg\u00e9rie, M. Muktar Mohamed Ware, qui lui a rendu une visite d&#039;adieu au terme de sa mission en Alg\u00e9rie. Dans une d\u00e9claration \u00e0 la presse \u00e0 l&#039;issue de l&#039;audience, M. Ware a adress\u00e9 ses &quot;vifs\" \/>\n\t\t<meta property=\"og:url\" content=\"https:\/\/lasentinelle.dz\/index.php\/2026\/09\/02\/le-president-de-la-republique-recoit-lambassadeur-dethiopie-en-algerie\/\" \/>\n\t\t<meta property=\"og:image\" content=\"https:\/\/lasentinelle.dz\/wp-content\/uploads\/2021\/09\/cropped-la-sentinelle-earth-golden-anima-5.gif\" \/>\n\t\t<meta property=\"og:image:secure_url\" content=\"https:\/\/lasentinelle.dz\/wp-content\/uploads\/2021\/09\/cropped-la-sentinelle-earth-golden-anima-5.gif\" \/>\n\t\t<meta property=\"og:image:width\" content=\"450\" \/>\n\t\t<meta property=\"og:image:height\" content=\"213\" \/>\n\t\t<meta property=\"article:published_time\" content=\"2026-09-02T11:44:11+00:00\" \/>\n\t\t<meta property=\"article:modified_time\" content=\"2026-09-02T11:44:20+00:00\" \/>\n\t\t<meta property=\"article:publisher\" content=\"https:\/\/www.facebook.com\/azzedine.lasentinelle.1\" \/>\n\t\t<meta name=\"twitter:card\" content=\"summary_large_image\" \/>\n\t\t<meta name=\"twitter:title\" content=\"Le pr\u00e9sident de la R\u00e9publique re\u00e7oit l\u2019ambassadeur d\u2019Ethiopie en Alg\u00e9rie - La Sentinelle\" \/>\n\t\t<meta name=\"twitter:description\" content=\"Le pr\u00e9sident de la R\u00e9publique, M. Abdelmadjid Tebboune, a re\u00e7u, mardi, l&#039;ambassadeur de la R\u00e9publique d\u00e9mocratique f\u00e9d\u00e9rale d&#039;Ethiopie aupr\u00e8s de l&#039;Alg\u00e9rie, M. Muktar Mohamed Ware, qui lui a rendu une visite d&#039;adieu au terme de sa mission en Alg\u00e9rie. Dans une d\u00e9claration \u00e0 la presse \u00e0 l&#039;issue de l&#039;audience, M. Ware a adress\u00e9 ses &quot;vifs\" \/>\n\t\t<meta name=\"twitter:image\" content=\"https:\/\/lasentinelle.dz\/wp-content\/uploads\/2021\/09\/cropped-la-sentinelle-earth-golden-anima-5.gif\" \/>\n\t\t<script type=\"application\/ld+json\" class=\"aioseo-schema\">\n\t\t\t{\"@context\":\"https:\\\/\\\/schema.org\",\"@graph\":[{\"@type\":\"BlogPosting\",\"@id\":\"https:\\\/\\\/lasentinelle.dz\\\/index.php\\\/2026\\\/09\\\/02\\\/le-president-de-la-republique-recoit-lambassadeur-dethiopie-en-algerie\\\/#blogposting\",\"name\":\"Le pr\\u00e9sident de la R\\u00e9publique re\\u00e7oit l\\u2019ambassadeur d\\u2019Ethiopie en Alg\\u00e9rie - La Sentinelle\",\"headline\":\"Le pr\\u00e9sident de la R\\u00e9publique re\\u00e7oit l&rsquo;ambassadeur d&rsquo;Ethiopie en Alg\\u00e9rie\",\"author\":{\"@id\":\"https:\\\/\\\/lasentinelle.dz\\\/author\\\/admin\\\/#author\"},\"publisher\":{\"@id\":\"https:\\\/\\\/lasentinelle.dz\\\/#organization\"},\"image\":{\"@type\":\"ImageObject\",\"url\":\"https:\\\/\\\/lasentinelle.dz\\\/wp-content\\\/uploads\\\/2026\\\/09\\\/791684070_1515407973954258_641768676563252552_n.jpg\",\"width\":970,\"height\":646},\"datePublished\":\"2026-09-02T12:44:11+01:00\",\"dateModified\":\"2026-09-02T12:44:20+01:00\",\"inLanguage\":\"fr-FR\",\"mainEntityOfPage\":{\"@id\":\"https:\\\/\\\/lasentinelle.dz\\\/index.php\\\/2026\\\/09\\\/02\\\/le-president-de-la-republique-recoit-lambassadeur-dethiopie-en-algerie\\\/#webpage\"},\"isPartOf\":{\"@id\":\"https:\\\/\\\/lasentinelle.dz\\\/index.php\\\/2026\\\/09\\\/02\\\/le-president-de-la-republique-recoit-lambassadeur-dethiopie-en-algerie\\\/#webpage\"},\"articleSection\":\"Actualit\\u00e9\"},{\"@type\":\"BreadcrumbList\",\"@id\":\"https:\\\/\\\/lasentinelle.dz\\\/index.php\\\/2026\\\/09\\\/02\\\/le-president-de-la-republique-recoit-lambassadeur-dethiopie-en-algerie\\\/#breadcrumblist\",\"itemListElement\":[{\"@type\":\"ListItem\",\"@id\":\"https:\\\/\\\/lasentinelle.dz#listItem\",\"position\":1,\"name\":\"Home\",\"item\":\"https:\\\/\\\/lasentinelle.dz\",\"nextItem\":{\"@type\":\"ListItem\",\"@id\":\"https:\\\/\\\/lasentinelle.dz\\\/index.php\\\/category\\\/actualite\\\/#listItem\",\"name\":\"Actualit\\u00e9\"}},{\"@type\":\"ListItem\",\"@id\":\"https:\\\/\\\/lasentinelle.dz\\\/index.php\\\/category\\\/actualite\\\/#listItem\",\"position\":2,\"name\":\"Actualit\\u00e9\",\"item\":\"https:\\\/\\\/lasentinelle.dz\\\/index.php\\\/category\\\/actualite\\\/\",\"nextItem\":{\"@type\":\"ListItem\",\"@id\":\"https:\\\/\\\/lasentinelle.dz\\\/index.php\\\/2026\\\/09\\\/02\\\/le-president-de-la-republique-recoit-lambassadeur-dethiopie-en-algerie\\\/#listItem\",\"name\":\"Le pr\\u00e9sident de la R\\u00e9publique re\\u00e7oit l&rsquo;ambassadeur d&rsquo;Ethiopie en Alg\\u00e9rie\"},\"previousItem\":{\"@type\":\"ListItem\",\"@id\":\"https:\\\/\\\/lasentinelle.dz#listItem\",\"name\":\"Home\"}},{\"@type\":\"ListItem\",\"@id\":\"https:\\\/\\\/lasentinelle.dz\\\/index.php\\\/2026\\\/09\\\/02\\\/le-president-de-la-republique-recoit-lambassadeur-dethiopie-en-algerie\\\/#listItem\",\"position\":3,\"name\":\"Le pr\\u00e9sident de la R\\u00e9publique re\\u00e7oit l&rsquo;ambassadeur d&rsquo;Ethiopie en Alg\\u00e9rie\",\"previousItem\":{\"@type\":\"ListItem\",\"@id\":\"https:\\\/\\\/lasentinelle.dz\\\/index.php\\\/category\\\/actualite\\\/#listItem\",\"name\":\"Actualit\\u00e9\"}}]},{\"@type\":\"Organization\",\"@id\":\"https:\\\/\\\/lasentinelle.dz\\\/#organization\",\"name\":\"La Sentinelle La Sentinelle\",\"description\":\"Quotidien national d'information\",\"url\":\"https:\\\/\\\/lasentinelle.dz\\\/\",\"logo\":{\"@type\":\"ImageObject\",\"url\":\"https:\\\/\\\/lasentinelle.dz\\\/wp-content\\\/uploads\\\/2021\\\/09\\\/cropped-la-sentinelle-earth-golden-anima-5.gif\",\"@id\":\"https:\\\/\\\/lasentinelle.dz\\\/index.php\\\/2026\\\/09\\\/02\\\/le-president-de-la-republique-recoit-lambassadeur-dethiopie-en-algerie\\\/#organizationLogo\",\"width\":450,\"height\":213},\"image\":{\"@id\":\"https:\\\/\\\/lasentinelle.dz\\\/index.php\\\/2026\\\/09\\\/02\\\/le-president-de-la-republique-recoit-lambassadeur-dethiopie-en-algerie\\\/#organizationLogo\"},\"sameAs\":[\"https:\\\/\\\/www.facebook.com\\\/azzedine.lasentinelle.1\"]},{\"@type\":\"Person\",\"@id\":\"https:\\\/\\\/lasentinelle.dz\\\/author\\\/admin\\\/#author\",\"url\":\"https:\\\/\\\/lasentinelle.dz\\\/author\\\/admin\\\/\",\"name\":\"admin\",\"image\":{\"@type\":\"ImageObject\",\"@id\":\"https:\\\/\\\/lasentinelle.dz\\\/index.php\\\/2026\\\/09\\\/02\\\/le-president-de-la-republique-recoit-lambassadeur-dethiopie-en-algerie\\\/#authorImage\",\"url\":\"https:\\\/\\\/secure.gravatar.com\\\/avatar\\\/4c81fed838786e9b53f540bf46533e750f5d292099ae3b66cfc6fb1982e29df7?s=96&d=mm&r=g\",\"width\":96,\"height\":96,\"caption\":\"admin\"}},{\"@type\":\"WebPage\",\"@id\":\"https:\\\/\\\/lasentinelle.dz\\\/index.php\\\/2026\\\/09\\\/02\\\/le-president-de-la-republique-recoit-lambassadeur-dethiopie-en-algerie\\\/#webpage\",\"url\":\"https:\\\/\\\/lasentinelle.dz\\\/index.php\\\/2026\\\/09\\\/02\\\/le-president-de-la-republique-recoit-lambassadeur-dethiopie-en-algerie\\\/\",\"name\":\"Le pr\\u00e9sident de la R\\u00e9publique re\\u00e7oit l\\u2019ambassadeur d\\u2019Ethiopie en Alg\\u00e9rie - La Sentinelle\",\"description\":\"Le pr\\u00e9sident de la R\\u00e9publique, M. Abdelmadjid Tebboune, a re\\u00e7u, mardi, l'ambassadeur de la R\\u00e9publique d\\u00e9mocratique f\\u00e9d\\u00e9rale d'Ethiopie aupr\\u00e8s de l'Alg\\u00e9rie, M. Muktar Mohamed Ware, qui lui a rendu une visite d'adieu au terme de sa mission en Alg\\u00e9rie. Dans une d\\u00e9claration \\u00e0 la presse \\u00e0 l'issue de l'audience, M. Ware a adress\\u00e9 ses \\\"vifs\",\"inLanguage\":\"fr-FR\",\"isPartOf\":{\"@id\":\"https:\\\/\\\/lasentinelle.dz\\\/#website\"},\"breadcrumb\":{\"@id\":\"https:\\\/\\\/lasentinelle.dz\\\/index.php\\\/2026\\\/09\\\/02\\\/le-president-de-la-republique-recoit-lambassadeur-dethiopie-en-algerie\\\/#breadcrumblist\"},\"author\":{\"@id\":\"https:\\\/\\\/lasentinelle.dz\\\/author\\\/admin\\\/#author\"},\"creator\":{\"@id\":\"https:\\\/\\\/lasentinelle.dz\\\/author\\\/admin\\\/#author\"},\"image\":{\"@type\":\"ImageObject\",\"url\":\"https:\\\/\\\/lasentinelle.dz\\\/wp-content\\\/uploads\\\/2026\\\/09\\\/791684070_1515407973954258_641768676563252552_n.jpg\",\"@id\":\"https:\\\/\\\/lasentinelle.dz\\\/index.php\\\/2026\\\/09\\\/02\\\/le-president-de-la-republique-recoit-lambassadeur-dethiopie-en-algerie\\\/#mainImage\",\"width\":970,\"height\":646},\"primaryImageOfPage\":{\"@id\":\"https:\\\/\\\/lasentinelle.dz\\\/index.php\\\/2026\\\/09\\\/02\\\/le-president-de-la-republique-recoit-lambassadeur-dethiopie-en-algerie\\\/#mainImage\"},\"datePublished\":\"2026-09-02T12:44:11+01:00\",\"dateModified\":\"2026-09-02T12:44:20+01:00\"},{\"@type\":\"WebSite\",\"@id\":\"https:\\\/\\\/lasentinelle.dz\\\/#website\",\"url\":\"https:\\\/\\\/lasentinelle.dz\\\/\",\"name\":\"La Sentinelle\",\"description\":\"Quotidien national d'information\",\"inLanguage\":\"fr-FR\",\"publisher\":{\"@id\":\"https:\\\/\\\/lasentinelle.dz\\\/#organization\"}}]}\n\t\t<\/script>\n\t\t<!-- All in One SEO -->\n\n","aioseo_head_json":{"title":"Le pr\u00e9sident de la R\u00e9publique re\u00e7oit l\u2019ambassadeur d\u2019Ethiopie en Alg\u00e9rie - La Sentinelle","description":"Le pr\u00e9sident de la R\u00e9publique, M. Abdelmadjid Tebboune, a re\u00e7u, mardi, l'ambassadeur de la R\u00e9publique d\u00e9mocratique f\u00e9d\u00e9rale d'Ethiopie aupr\u00e8s de l'Alg\u00e9rie, M. Muktar Mohamed Ware, qui lui a rendu une visite d'adieu au terme de sa mission en Alg\u00e9rie. Dans une d\u00e9claration \u00e0 la presse \u00e0 l'issue de l'audience, M. Ware a adress\u00e9 ses \"vifs","canonical_url":"https:\/\/lasentinelle.dz\/index.php\/2026\/09\/02\/le-president-de-la-republique-recoit-lambassadeur-dethiopie-en-algerie\/","robots":"max-image-preview:large","keywords":"","webmasterTools":{"miscellaneous":""},"schema":{"@context":"https:\/\/schema.org","@graph":[{"@type":"BlogPosting","@id":"https:\/\/lasentinelle.dz\/index.php\/2026\/09\/02\/le-president-de-la-republique-recoit-lambassadeur-dethiopie-en-algerie\/#blogposting","name":"Le pr\u00e9sident de la R\u00e9publique re\u00e7oit l\u2019ambassadeur d\u2019Ethiopie en Alg\u00e9rie - La Sentinelle","headline":"Le pr\u00e9sident de la R\u00e9publique re\u00e7oit l&rsquo;ambassadeur d&rsquo;Ethiopie en Alg\u00e9rie","author":{"@id":"https:\/\/lasentinelle.dz\/author\/admin\/#author"},"publisher":{"@id":"https:\/\/lasentinelle.dz\/#organization"},"image":{"@type":"ImageObject","url":"https:\/\/lasentinelle.dz\/wp-content\/uploads\/2026\/09\/791684070_1515407973954258_641768676563252552_n.jpg","width":970,"height":646},"datePublished":"2026-09-02T12:44:11+01:00","dateModified":"2026-09-02T12:44:20+01:00","inLanguage":"fr-FR","mainEntityOfPage":{"@id":"https:\/\/lasentinelle.dz\/index.php\/2026\/09\/02\/le-president-de-la-republique-recoit-lambassadeur-dethiopie-en-algerie\/#webpage"},"isPartOf":{"@id":"https:\/\/lasentinelle.dz\/index.php\/2026\/09\/02\/le-president-de-la-republique-recoit-lambassadeur-dethiopie-en-algerie\/#webpage"},"articleSection":"Actualit\u00e9"},{"@type":"BreadcrumbList","@id":"https:\/\/lasentinelle.dz\/index.php\/2026\/09\/02\/le-president-de-la-republique-recoit-lambassadeur-dethiopie-en-algerie\/#breadcrumblist","itemListElement":[{"@type":"ListItem","@id":"https:\/\/lasentinelle.dz#listItem","position":1,"name":"Home","item":"https:\/\/lasentinelle.dz","nextItem":{"@type":"ListItem","@id":"https:\/\/lasentinelle.dz\/index.php\/category\/actualite\/#listItem","name":"Actualit\u00e9"}},{"@type":"ListItem","@id":"https:\/\/lasentinelle.dz\/index.php\/category\/actualite\/#listItem","position":2,"name":"Actualit\u00e9","item":"https:\/\/lasentinelle.dz\/index.php\/category\/actualite\/","nextItem":{"@type":"ListItem","@id":"https:\/\/lasentinelle.dz\/index.php\/2026\/09\/02\/le-president-de-la-republique-recoit-lambassadeur-dethiopie-en-algerie\/#listItem","name":"Le pr\u00e9sident de la R\u00e9publique re\u00e7oit l&rsquo;ambassadeur d&rsquo;Ethiopie en Alg\u00e9rie"},"previousItem":{"@type":"ListItem","@id":"https:\/\/lasentinelle.dz#listItem","name":"Home"}},{"@type":"ListItem","@id":"https:\/\/lasentinelle.dz\/index.php\/2026\/09\/02\/le-president-de-la-republique-recoit-lambassadeur-dethiopie-en-algerie\/#listItem","position":3,"name":"Le pr\u00e9sident de la R\u00e9publique re\u00e7oit l&rsquo;ambassadeur d&rsquo;Ethiopie en Alg\u00e9rie","previousItem":{"@type":"ListItem","@id":"https:\/\/lasentinelle.dz\/index.php\/category\/actualite\/#listItem","name":"Actualit\u00e9"}}]},{"@type":"Organization","@id":"https:\/\/lasentinelle.dz\/#organization","name":"La Sentinelle La Sentinelle","description":"Quotidien national d'information","url":"https:\/\/lasentinelle.dz\/","logo":{"@type":"ImageObject","url":"https:\/\/lasentinelle.dz\/wp-content\/uploads\/2021\/09\/cropped-la-sentinelle-earth-golden-anima-5.gif","@id":"https:\/\/lasentinelle.dz\/index.php\/2026\/09\/02\/le-president-de-la-republique-recoit-lambassadeur-dethiopie-en-algerie\/#organizationLogo","width":450,"height":213},"image":{"@id":"https:\/\/lasentinelle.dz\/index.php\/2026\/09\/02\/le-president-de-la-republique-recoit-lambassadeur-dethiopie-en-algerie\/#organizationLogo"},"sameAs":["https:\/\/www.facebook.com\/azzedine.lasentinelle.1"]},{"@type":"Person","@id":"https:\/\/lasentinelle.dz\/author\/admin\/#author","url":"https:\/\/lasentinelle.dz\/author\/admin\/","name":"admin","image":{"@type":"ImageObject","@id":"https:\/\/lasentinelle.dz\/index.php\/2026\/09\/02\/le-president-de-la-republique-recoit-lambassadeur-dethiopie-en-algerie\/#authorImage","url":"https:\/\/secure.gravatar.com\/avatar\/4c81fed838786e9b53f540bf46533e750f5d292099ae3b66cfc6fb1982e29df7?s=96&d=mm&r=g","width":96,"height":96,"caption":"admin"}},{"@type":"WebPage","@id":"https:\/\/lasentinelle.dz\/index.php\/2026\/09\/02\/le-president-de-la-republique-recoit-lambassadeur-dethiopie-en-algerie\/#webpage","url":"https:\/\/lasentinelle.dz\/index.php\/2026\/09\/02\/le-president-de-la-republique-recoit-lambassadeur-dethiopie-en-algerie\/","name":"Le pr\u00e9sident de la R\u00e9publique re\u00e7oit l\u2019ambassadeur d\u2019Ethiopie en Alg\u00e9rie - La Sentinelle","description":"Le pr\u00e9sident de la R\u00e9publique, M. Abdelmadjid Tebboune, a re\u00e7u, mardi, l'ambassadeur de la R\u00e9publique d\u00e9mocratique f\u00e9d\u00e9rale d'Ethiopie aupr\u00e8s de l'Alg\u00e9rie, M. Muktar Mohamed Ware, qui lui a rendu une visite d'adieu au terme de sa mission en Alg\u00e9rie. Dans une d\u00e9claration \u00e0 la presse \u00e0 l'issue de l'audience, M. Ware a adress\u00e9 ses \"vifs","inLanguage":"fr-FR","isPartOf":{"@id":"https:\/\/lasentinelle.dz\/#website"},"breadcrumb":{"@id":"https:\/\/lasentinelle.dz\/index.php\/2026\/09\/02\/le-president-de-la-republique-recoit-lambassadeur-dethiopie-en-algerie\/#breadcrumblist"},"author":{"@id":"https:\/\/lasentinelle.dz\/author\/admin\/#author"},"creator":{"@id":"https:\/\/lasentinelle.dz\/author\/admin\/#author"},"image":{"@type":"ImageObject","url":"https:\/\/lasentinelle.dz\/wp-content\/uploads\/2026\/09\/791684070_1515407973954258_641768676563252552_n.jpg","@id":"https:\/\/lasentinelle.dz\/index.php\/2026\/09\/02\/le-president-de-la-republique-recoit-lambassadeur-dethiopie-en-algerie\/#mainImage","width":970,"height":646},"primaryImageOfPage":{"@id":"https:\/\/lasentinelle.dz\/index.php\/2026\/09\/02\/le-president-de-la-republique-recoit-lambassadeur-dethiopie-en-algerie\/#mainImage"},"datePublished":"2026-09-02T12:44:11+01:00","dateModified":"2026-09-02T12:44:20+01:00"},{"@type":"WebSite","@id":"https:\/\/lasentinelle.dz\/#website","url":"https:\/\/lasentinelle.dz\/","name":"La Sentinelle","description":"Quotidien national d'information","inLanguage":"fr-FR","publisher":{"@id":"https:\/\/lasentinelle.dz\/#organization"}}]},"og:locale":"fr_FR","og:site_name":"La Sentinelle - Quotidien national d'information","og:type":"article","og:title":"Le pr\u00e9sident de la R\u00e9publique re\u00e7oit l\u2019ambassadeur d\u2019Ethiopie en Alg\u00e9rie - La Sentinelle","og:description":"Le pr\u00e9sident de la R\u00e9publique, M. Abdelmadjid Tebboune, a re\u00e7u, mardi, l'ambassadeur de la R\u00e9publique d\u00e9mocratique f\u00e9d\u00e9rale d'Ethiopie aupr\u00e8s de l'Alg\u00e9rie, M. Muktar Mohamed Ware, qui lui a rendu une visite d'adieu au terme de sa mission en Alg\u00e9rie. Dans une d\u00e9claration \u00e0 la presse \u00e0 l'issue de l'audience, M. Ware a adress\u00e9 ses &quot;vifs","og:url":"https:\/\/lasentinelle.dz\/index.php\/2026\/09\/02\/le-president-de-la-republique-recoit-lambassadeur-dethiopie-en-algerie\/","og:image":"https:\/\/lasentinelle.dz\/wp-content\/uploads\/2021\/09\/cropped-la-sentinelle-earth-golden-anima-5.gif","og:image:secure_url":"https:\/\/lasentinelle.dz\/wp-content\/uploads\/2021\/09\/cropped-la-sentinelle-earth-golden-anima-5.gif","og:image:width":450,"og:image:height":213,"article:published_time":"2026-09-02T11:44:11+00:00","article:modified_time":"2026-09-02T11:44:20+00:00","article:publisher":"https:\/\/www.facebook.com\/azzedine.lasentinelle.1","twitter:card":"summary_large_image","twitter:title":"Le pr\u00e9sident de la R\u00e9publique re\u00e7oit l\u2019ambassadeur d\u2019Ethiopie en Alg\u00e9rie - La Sentinelle","twitter:description":"Le pr\u00e9sident de la R\u00e9publique, M. Abdelmadjid Tebboune, a re\u00e7u, mardi, l'ambassadeur de la R\u00e9publique d\u00e9mocratique f\u00e9d\u00e9rale d'Ethiopie aupr\u00e8s de l'Alg\u00e9rie, M. Muktar Mohamed Ware, qui lui a rendu une visite d'adieu au terme de sa mission en Alg\u00e9rie. Dans une d\u00e9claration \u00e0 la presse \u00e0 l'issue de l'audience, M. Ware a adress\u00e9 ses &quot;vifs","twitter:image":"https:\/\/lasentinelle.dz\/wp-content\/uploads\/2021\/09\/cropped-la-sentinelle-earth-golden-anima-5.gif"},"aioseo_meta_data":{"post_id":"94859","title":null,"description":null,"keywords":null,"keyphrases":{"focus":{"keyphrase":"","score":0,"analysis":{"keyphraseInTitle":{"score":0,"maxScore":9,"error":1}}},"additional":[]},"primary_term":null,"canonical_url":null,"og_title":null,"og_description":null,"og_object_type":"default","og_image_type":"default","og_image_url":null,"og_image_width":null,"og_image_height":null,"og_image_custom_url":null,"og_image_custom_fields":null,"og_video":"","og_custom_url":null,"og_article_section":null,"og_article_tags":null,"twitter_use_og":false,"twitter_card":"default","twitter_image_type":"default","twitter_image_url":null,"twitter_image_custom_url":null,"twitter_image_custom_fields":null,"twitter_title":null,"twitter_description":null,"schema":{"blockGraphs":[],"customGraphs":[],"default":{"data":{"Article":[],"Course":[],"Dataset":[],"FAQPage":[],"Movie":[],"Person":[],"Product":[],"ProductReview":[],"Car":[],"Recipe":[],"Service":[],"SoftwareApplication":[],"WebPage":[]},"graphName":"BlogPosting","isEnabled":true},"graphs":[]},"schema_type":"default","schema_type_options":null,"pillar_content":false,"robots_default":true,"robots_noindex":false,"robots_noarchive":false,"robots_nosnippet":false,"robots_nofollow":false,"robots_noimageindex":false,"robots_noodp":false,"robots_notranslate":false,"robots_max_snippet":"-1","robots_max_videopreview":"-1","robots_max_imagepreview":"large","priority":null,"frequency":"default","local_seo":null,"breadcrumb_settings":null,"limit_modified_date":false,"ai":{"faqs":[],"keyPoints":[],"schemas":[],"titles":[],"descriptions":[],"socialPosts":{"email":{"subject":"","preview":"","content":""},"linkedin":[],"twitter":[],"facebook":[],"instagram":[]}},"created":"2026-09-02 11:44:20","updated":"2026-09-02 12:46:31","focus_keyword":null,"additional_keywords":null,"truseo_locale":null,"seo_analyzer_scan_date":null},"aioseo_breadcrumb":"<div class=\"aioseo-breadcrumbs\"><span class=\"aioseo-breadcrumb\">\n\t\t\t<a href=\"https:\/\/lasentinelle.dz\" title=\"Home\">Home<\/a>\n\t\t<\/span><span class=\"aioseo-breadcrumb-separator\">&raquo;<\/span><span class=\"aioseo-breadcrumb\">\n\t\t\t<a href=\"https:\/\/lasentinelle.dz\/index.php\/category\/actualite\/\" title=\"Actualit\u00e9\">Actualit\u00e9<\/a>\n\t\t<\/span><span class=\"aioseo-breadcrumb-separator\">&raquo;<\/span><span class=\"aioseo-breadcrumb\">\n\t\t\tLe pr\u00e9sident de la R\u00e9publique re\u00e7oit l\u2019ambassadeur d\u2019Ethiopie en Alg\u00e9rie\n\t\t<\/span><\/div>","aioseo_breadcrumb_json":[{"label":"Home","link":"https:\/\/lasentinelle.dz"},{"label":"Actualit\u00e9","link":"https:\/\/lasentinelle.dz\/index.php\/category\/actualite\/"},{"label":"Le pr\u00e9sident de la R\u00e9publique re\u00e7oit l&rsquo;ambassadeur d&rsquo;Ethiopie en Alg\u00e9rie","link":"https:\/\/lasentinelle.dz\/index.php\/2026\/09\/02\/le-president-de-la-republique-recoit-lambassadeur-dethiopie-en-algerie\/"}],"yoast_head":"<!-- This site is optimized with the Yoast SEO plugin v28.4 - https:\/\/yoast.com\/product\/yoast-seo-wordpress\/ -->\n<title>Le pr\u00e9sident de la R\u00e9publique re\u00e7oit l&rsquo;ambassadeur d&rsquo;Ethiopie en Alg\u00e9rie - La Sentinelle<\/title>\n<meta name=\"robots\" content=\"index, follow, max-snippet:-1, max-image-preview:large, max-video-preview:-1\" \/>\n<link rel=\"canonical\" href=\"https:\/\/lasentinelle.dz\/index.php\/2026\/09\/02\/le-president-de-la-republique-recoit-lambassadeur-dethiopie-en-algerie\/\" \/>\n<meta property=\"og:locale\" content=\"fr_FR\" \/>\n<meta property=\"og:type\" content=\"article\" \/>\n<meta property=\"og:title\" content=\"Le pr\u00e9sident de la R\u00e9publique re\u00e7oit l&rsquo;ambassadeur d&rsquo;Ethiopie en Alg\u00e9rie - La Sentinelle\" \/>\n<meta property=\"og:description\" content=\"Le pr\u00e9sident de la R\u00e9publique, M. Abdelmadjid Tebboune, a re\u00e7u, mardi, l&rsquo;ambassadeur de la R\u00e9publique d\u00e9mocratique f\u00e9d\u00e9rale d&rsquo;Ethiopie aupr\u00e8s de\" \/>\n<meta property=\"og:url\" content=\"https:\/\/lasentinelle.dz\/index.php\/2026\/09\/02\/le-president-de-la-republique-recoit-lambassadeur-dethiopie-en-algerie\/\" \/>\n<meta property=\"og:site_name\" content=\"La Sentinelle\" \/>\n<meta property=\"article:publisher\" content=\"https:\/\/www.facebook.com\/La-Sentinelle-104059864394773\" \/>\n<meta property=\"article:published_time\" content=\"2026-09-02T11:44:11+00:00\" \/>\n<meta property=\"article:modified_time\" content=\"2026-09-02T11:44:20+00:00\" \/>\n<meta property=\"og:image\" content=\"https:\/\/lasentinelle.dz\/wp-content\/uploads\/2026\/09\/791684070_1515407973954258_641768676563252552_n.jpg\" \/>\n\t<meta property=\"og:image:width\" content=\"970\" \/>\n\t<meta property=\"og:image:height\" content=\"646\" \/>\n\t<meta property=\"og:image:type\" content=\"image\/jpeg\" \/>\n<meta name=\"author\" content=\"admin\" \/>\n<meta name=\"twitter:card\" content=\"summary_large_image\" \/>\n<meta name=\"twitter:label1\" content=\"\u00c9crit par\" \/>\n\t<meta name=\"twitter:data1\" content=\"admin\" \/>\n\t<meta name=\"twitter:label2\" content=\"Dur\u00e9e de lecture estim\u00e9e\" \/>\n\t<meta name=\"twitter:data2\" content=\"2 minutes\" \/>\n<script type=\"application\/ld+json\" class=\"yoast-schema-graph\">{\"@context\":\"https:\\\/\\\/schema.org\",\"@graph\":[{\"@type\":\"Article\",\"@id\":\"https:\\\/\\\/lasentinelle.dz\\\/index.php\\\/2026\\\/09\\\/02\\\/le-president-de-la-republique-recoit-lambassadeur-dethiopie-en-algerie\\\/#article\",\"isPartOf\":{\"@id\":\"https:\\\/\\\/lasentinelle.dz\\\/index.php\\\/2026\\\/09\\\/02\\\/le-president-de-la-republique-recoit-lambassadeur-dethiopie-en-algerie\\\/\"},\"author\":{\"name\":\"admin\",\"@id\":\"https:\\\/\\\/lasentinelle.dz\\\/#\\\/schema\\\/person\\\/729ee0024f24e0b8c5ec17232f8e8b41\"},\"headline\":\"Le pr\u00e9sident de la R\u00e9publique re\u00e7oit l&rsquo;ambassadeur d&rsquo;Ethiopie en Alg\u00e9rie\",\"datePublished\":\"2026-09-02T11:44:11+00:00\",\"dateModified\":\"2026-09-02T11:44:20+00:00\",\"mainEntityOfPage\":{\"@id\":\"https:\\\/\\\/lasentinelle.dz\\\/index.php\\\/2026\\\/09\\\/02\\\/le-president-de-la-republique-recoit-lambassadeur-dethiopie-en-algerie\\\/\"},\"wordCount\":305,\"commentCount\":0,\"publisher\":{\"@id\":\"https:\\\/\\\/lasentinelle.dz\\\/#organization\"},\"image\":{\"@id\":\"https:\\\/\\\/lasentinelle.dz\\\/index.php\\\/2026\\\/09\\\/02\\\/le-president-de-la-republique-recoit-lambassadeur-dethiopie-en-algerie\\\/#primaryimage\"},\"thumbnailUrl\":\"https:\\\/\\\/lasentinelle.dz\\\/wp-content\\\/uploads\\\/2026\\\/09\\\/791684070_1515407973954258_641768676563252552_n.jpg\",\"articleSection\":[\"Actualit\u00e9\"],\"inLanguage\":\"fr-FR\",\"potentialAction\":[{\"@type\":\"CommentAction\",\"name\":\"Comment\",\"target\":[\"https:\\\/\\\/lasentinelle.dz\\\/index.php\\\/2026\\\/09\\\/02\\\/le-president-de-la-republique-recoit-lambassadeur-dethiopie-en-algerie\\\/#respond\"]}]},{\"@type\":\"WebPage\",\"@id\":\"https:\\\/\\\/lasentinelle.dz\\\/index.php\\\/2026\\\/09\\\/02\\\/le-president-de-la-republique-recoit-lambassadeur-dethiopie-en-algerie\\\/\",\"url\":\"https:\\\/\\\/lasentinelle.dz\\\/index.php\\\/2026\\\/09\\\/02\\\/le-president-de-la-republique-recoit-lambassadeur-dethiopie-en-algerie\\\/\",\"name\":\"Le pr\u00e9sident de la R\u00e9publique re\u00e7oit l&rsquo;ambassadeur d&rsquo;Ethiopie en Alg\u00e9rie - La Sentinelle\",\"isPartOf\":{\"@id\":\"https:\\\/\\\/lasentinelle.dz\\\/#website\"},\"primaryImageOfPage\":{\"@id\":\"https:\\\/\\\/lasentinelle.dz\\\/index.php\\\/2026\\\/09\\\/02\\\/le-president-de-la-republique-recoit-lambassadeur-dethiopie-en-algerie\\\/#primaryimage\"},\"image\":{\"@id\":\"https:\\\/\\\/lasentinelle.dz\\\/index.php\\\/2026\\\/09\\\/02\\\/le-president-de-la-republique-recoit-lambassadeur-dethiopie-en-algerie\\\/#primaryimage\"},\"thumbnailUrl\":\"https:\\\/\\\/lasentinelle.dz\\\/wp-content\\\/uploads\\\/2026\\\/09\\\/791684070_1515407973954258_641768676563252552_n.jpg\",\"datePublished\":\"2026-09-02T11:44:11+00:00\",\"dateModified\":\"2026-09-02T11:44:20+00:00\",\"breadcrumb\":{\"@id\":\"https:\\\/\\\/lasentinelle.dz\\\/index.php\\\/2026\\\/09\\\/02\\\/le-president-de-la-republique-recoit-lambassadeur-dethiopie-en-algerie\\\/#breadcrumb\"},\"inLanguage\":\"fr-FR\",\"potentialAction\":[{\"@type\":\"ReadAction\",\"target\":[\"https:\\\/\\\/lasentinelle.dz\\\/index.php\\\/2026\\\/09\\\/02\\\/le-president-de-la-republique-recoit-lambassadeur-dethiopie-en-algerie\\\/\"]}]},{\"@type\":\"ImageObject\",\"inLanguage\":\"fr-FR\",\"@id\":\"https:\\\/\\\/lasentinelle.dz\\\/index.php\\\/2026\\\/09\\\/02\\\/le-president-de-la-republique-recoit-lambassadeur-dethiopie-en-algerie\\\/#primaryimage\",\"url\":\"https:\\\/\\\/lasentinelle.dz\\\/wp-content\\\/uploads\\\/2026\\\/09\\\/791684070_1515407973954258_641768676563252552_n.jpg\",\"contentUrl\":\"https:\\\/\\\/lasentinelle.dz\\\/wp-content\\\/uploads\\\/2026\\\/09\\\/791684070_1515407973954258_641768676563252552_n.jpg\",\"width\":970,\"height\":646},{\"@type\":\"BreadcrumbList\",\"@id\":\"https:\\\/\\\/lasentinelle.dz\\\/index.php\\\/2026\\\/09\\\/02\\\/le-president-de-la-republique-recoit-lambassadeur-dethiopie-en-algerie\\\/#breadcrumb\",\"itemListElement\":[{\"@type\":\"ListItem\",\"position\":1,\"name\":\"Accueil\",\"item\":\"https:\\\/\\\/lasentinelle.dz\\\/\"},{\"@type\":\"ListItem\",\"position\":2,\"name\":\"Le pr\u00e9sident de la R\u00e9publique re\u00e7oit l&rsquo;ambassadeur d&rsquo;Ethiopie en Alg\u00e9rie\"}]},{\"@type\":\"WebSite\",\"@id\":\"https:\\\/\\\/lasentinelle.dz\\\/#website\",\"url\":\"https:\\\/\\\/lasentinelle.dz\\\/\",\"name\":\"La Sentinelle\",\"description\":\"Quotidien national d&#039;information\",\"publisher\":{\"@id\":\"https:\\\/\\\/lasentinelle.dz\\\/#organization\"},\"potentialAction\":[{\"@type\":\"SearchAction\",\"target\":{\"@type\":\"EntryPoint\",\"urlTemplate\":\"https:\\\/\\\/lasentinelle.dz\\\/?s={search_term_string}\"},\"query-input\":{\"@type\":\"PropertyValueSpecification\",\"valueRequired\":true,\"valueName\":\"search_term_string\"}}],\"inLanguage\":\"fr-FR\"},{\"@type\":\"Organization\",\"@id\":\"https:\\\/\\\/lasentinelle.dz\\\/#organization\",\"name\":\"Quotidien La Sentinelle\",\"url\":\"https:\\\/\\\/lasentinelle.dz\\\/\",\"logo\":{\"@type\":\"ImageObject\",\"inLanguage\":\"fr-FR\",\"@id\":\"https:\\\/\\\/lasentinelle.dz\\\/#\\\/schema\\\/logo\\\/image\\\/\",\"url\":\"https:\\\/\\\/lasentinelle.dz\\\/wp-content\\\/uploads\\\/2021\\\/09\\\/logo-sentinelleSLOGAN-1.png\",\"contentUrl\":\"https:\\\/\\\/lasentinelle.dz\\\/wp-content\\\/uploads\\\/2021\\\/09\\\/logo-sentinelleSLOGAN-1.png\",\"width\":615,\"height\":142,\"caption\":\"Quotidien La Sentinelle\"},\"image\":{\"@id\":\"https:\\\/\\\/lasentinelle.dz\\\/#\\\/schema\\\/logo\\\/image\\\/\"},\"sameAs\":[\"https:\\\/\\\/www.facebook.com\\\/La-Sentinelle-104059864394773\"]},{\"@type\":\"Person\",\"@id\":\"https:\\\/\\\/lasentinelle.dz\\\/#\\\/schema\\\/person\\\/729ee0024f24e0b8c5ec17232f8e8b41\",\"name\":\"admin\",\"image\":{\"@type\":\"ImageObject\",\"inLanguage\":\"fr-FR\",\"@id\":\"https:\\\/\\\/secure.gravatar.com\\\/avatar\\\/4c81fed838786e9b53f540bf46533e750f5d292099ae3b66cfc6fb1982e29df7?s=96&d=mm&r=g\",\"url\":\"https:\\\/\\\/secure.gravatar.com\\\/avatar\\\/4c81fed838786e9b53f540bf46533e750f5d292099ae3b66cfc6fb1982e29df7?s=96&d=mm&r=g\",\"contentUrl\":\"https:\\\/\\\/secure.gravatar.com\\\/avatar\\\/4c81fed838786e9b53f540bf46533e750f5d292099ae3b66cfc6fb1982e29df7?s=96&d=mm&r=g\",\"caption\":\"admin\"},\"description\":\"admin\",\"url\":\"https:\\\/\\\/lasentinelle.dz\\\/author\\\/admin\\\/\"}]}<\/script>\n<!-- \/ Yoast SEO plugin. -->","yoast_head_json":{"title":"Le pr\u00e9sident de la R\u00e9publique re\u00e7oit l&rsquo;ambassadeur d&rsquo;Ethiopie en Alg\u00e9rie - La Sentinelle","robots":{"index":"index","follow":"follow","max-snippet":"max-snippet:-1","max-image-preview":"max-image-preview:large","max-video-preview":"max-video-preview:-1"},"canonical":"https:\/\/lasentinelle.dz\/index.php\/2026\/09\/02\/le-president-de-la-republique-recoit-lambassadeur-dethiopie-en-algerie\/","og_locale":"fr_FR","og_type":"article","og_title":"Le pr\u00e9sident de la R\u00e9publique re\u00e7oit l&rsquo;ambassadeur d&rsquo;Ethiopie en Alg\u00e9rie - La Sentinelle","og_description":"Le pr\u00e9sident de la R\u00e9publique, M. Abdelmadjid Tebboune, a re\u00e7u, mardi, l&rsquo;ambassadeur de la R\u00e9publique d\u00e9mocratique f\u00e9d\u00e9rale d&rsquo;Ethiopie aupr\u00e8s de","og_url":"https:\/\/lasentinelle.dz\/index.php\/2026\/09\/02\/le-president-de-la-republique-recoit-lambassadeur-dethiopie-en-algerie\/","og_site_name":"La Sentinelle","article_publisher":"https:\/\/www.facebook.com\/La-Sentinelle-104059864394773","article_published_time":"2026-09-02T11:44:11+00:00","article_modified_time":"2026-09-02T11:44:20+00:00","og_image":[{"width":970,"height":646,"url":"https:\/\/lasentinelle.dz\/wp-content\/uploads\/2026\/09\/791684070_1515407973954258_641768676563252552_n.jpg","type":"image\/jpeg"}],"author":"admin","twitter_card":"summary_large_image","twitter_misc":{"\u00c9crit par":"admin","Dur\u00e9e de lecture estim\u00e9e":"2 minutes"},"schema":{"@context":"https:\/\/schema.org","@graph":[{"@type":"Article","@id":"https:\/\/lasentinelle.dz\/index.php\/2026\/09\/02\/le-president-de-la-republique-recoit-lambassadeur-dethiopie-en-algerie\/#article","isPartOf":{"@id":"https:\/\/lasentinelle.dz\/index.php\/2026\/09\/02\/le-president-de-la-republique-recoit-lambassadeur-dethiopie-en-algerie\/"},"author":{"name":"admin","@id":"https:\/\/lasentinelle.dz\/#\/schema\/person\/729ee0024f24e0b8c5ec17232f8e8b41"},"headline":"Le pr\u00e9sident de la R\u00e9publique re\u00e7oit l&rsquo;ambassadeur d&rsquo;Ethiopie en Alg\u00e9rie","datePublished":"2026-09-02T11:44:11+00:00","dateModified":"2026-09-02T11:44:20+00:00","mainEntityOfPage":{"@id":"https:\/\/lasentinelle.dz\/index.php\/2026\/09\/02\/le-president-de-la-republique-recoit-lambassadeur-dethiopie-en-algerie\/"},"wordCount":305,"commentCount":0,"publisher":{"@id":"https:\/\/lasentinelle.dz\/#organization"},"image":{"@id":"https:\/\/lasentinelle.dz\/index.php\/2026\/09\/02\/le-president-de-la-republique-recoit-lambassadeur-dethiopie-en-algerie\/#primaryimage"},"thumbnailUrl":"https:\/\/lasentinelle.dz\/wp-content\/uploads\/2026\/09\/791684070_1515407973954258_641768676563252552_n.jpg","articleSection":["Actualit\u00e9"],"inLanguage":"fr-FR","potentialAction":[{"@type":"CommentAction","name":"Comment","target":["https:\/\/lasentinelle.dz\/index.php\/2026\/09\/02\/le-president-de-la-republique-recoit-lambassadeur-dethiopie-en-algerie\/#respond"]}]},{"@type":"WebPage","@id":"https:\/\/lasentinelle.dz\/index.php\/2026\/09\/02\/le-president-de-la-republique-recoit-lambassadeur-dethiopie-en-algerie\/","url":"https:\/\/lasentinelle.dz\/index.php\/2026\/09\/02\/le-president-de-la-republique-recoit-lambassadeur-dethiopie-en-algerie\/","name":"Le pr\u00e9sident de la R\u00e9publique re\u00e7oit l&rsquo;ambassadeur d&rsquo;Ethiopie en Alg\u00e9rie - La Sentinelle","isPartOf":{"@id":"https:\/\/lasentinelle.dz\/#website"},"primaryImageOfPage":{"@id":"https:\/\/lasentinelle.dz\/index.php\/2026\/09\/02\/le-president-de-la-republique-recoit-lambassadeur-dethiopie-en-algerie\/#primaryimage"},"image":{"@id":"https:\/\/lasentinelle.dz\/index.php\/2026\/09\/02\/le-president-de-la-republique-recoit-lambassadeur-dethiopie-en-algerie\/#primaryimage"},"thumbnailUrl":"https:\/\/lasentinelle.dz\/wp-content\/uploads\/2026\/09\/791684070_1515407973954258_641768676563252552_n.jpg","datePublished":"2026-09-02T11:44:11+00:00","dateModified":"2026-09-02T11:44:20+00:00","breadcrumb":{"@id":"https:\/\/lasentinelle.dz\/index.php\/2026\/09\/02\/le-president-de-la-republique-recoit-lambassadeur-dethiopie-en-algerie\/#breadcrumb"},"inLanguage":"fr-FR","potentialAction":[{"@type":"ReadAction","target":["https:\/\/lasentinelle.dz\/index.php\/2026\/09\/02\/le-president-de-la-republique-recoit-lambassadeur-dethiopie-en-algerie\/"]}]},{"@type":"ImageObject","inLanguage":"fr-FR","@id":"https:\/\/lasentinelle.dz\/index.php\/2026\/09\/02\/le-president-de-la-republique-recoit-lambassadeur-dethiopie-en-algerie\/#primaryimage","url":"https:\/\/lasentinelle.dz\/wp-content\/uploads\/2026\/09\/791684070_1515407973954258_641768676563252552_n.jpg","contentUrl":"https:\/\/lasentinelle.dz\/wp-content\/uploads\/2026\/09\/791684070_1515407973954258_641768676563252552_n.jpg","width":970,"height":646},{"@type":"BreadcrumbList","@id":"https:\/\/lasentinelle.dz\/index.php\/2026\/09\/02\/le-president-de-la-republique-recoit-lambassadeur-dethiopie-en-algerie\/#breadcrumb","itemListElement":[{"@type":"ListItem","position":1,"name":"Accueil","item":"https:\/\/lasentinelle.dz\/"},{"@type":"ListItem","position":2,"name":"Le pr\u00e9sident de la R\u00e9publique re\u00e7oit l&rsquo;ambassadeur d&rsquo;Ethiopie en Alg\u00e9rie"}]},{"@type":"WebSite","@id":"https:\/\/lasentinelle.dz\/#website","url":"https:\/\/lasentinelle.dz\/","name":"La Sentinelle","description":"Quotidien national d&#039;information","publisher":{"@id":"https:\/\/lasentinelle.dz\/#organization"},"potentialAction":[{"@type":"SearchAction","target":{"@type":"EntryPoint","urlTemplate":"https:\/\/lasentinelle.dz\/?s={search_term_string}"},"query-input":{"@type":"PropertyValueSpecification","valueRequired":true,"valueName":"search_term_string"}}],"inLanguage":"fr-FR"},{"@type":"Organization","@id":"https:\/\/lasentinelle.dz\/#organization","name":"Quotidien La Sentinelle","url":"https:\/\/lasentinelle.dz\/","logo":{"@type":"ImageObject","inLanguage":"fr-FR","@id":"https:\/\/lasentinelle.dz\/#\/schema\/logo\/image\/","url":"https:\/\/lasentinelle.dz\/wp-content\/uploads\/2021\/09\/logo-sentinelleSLOGAN-1.png","contentUrl":"https:\/\/lasentinelle.dz\/wp-content\/uploads\/2021\/09\/logo-sentinelleSLOGAN-1.png","width":615,"height":142,"caption":"Quotidien La Sentinelle"},"image":{"@id":"https:\/\/lasentinelle.dz\/#\/schema\/logo\/image\/"},"sameAs":["https:\/\/www.facebook.com\/La-Sentinelle-104059864394773"]},{"@type":"Person","@id":"https:\/\/lasentinelle.dz\/#\/schema\/person\/729ee0024f24e0b8c5ec17232f8e8b41","name":"admin","image":{"@type":"ImageObject","inLanguage":"fr-FR","@id":"https:\/\/secure.gravatar.com\/avatar\/4c81fed838786e9b53f540bf46533e750f5d292099ae3b66cfc6fb1982e29df7?s=96&d=mm&r=g","url":"https:\/\/secure.gravatar.com\/avatar\/4c81fed838786e9b53f540bf46533e750f5d292099ae3b66cfc6fb1982e29df7?s=96&d=mm&r=g","contentUrl":"https:\/\/secure.gravatar.com\/avatar\/4c81fed838786e9b53f540bf46533e750f5d292099ae3b66cfc6fb1982e29df7?s=96&d=mm&r=g","caption":"admin"},"description":"admin","url":"https:\/\/lasentinelle.dz\/author\/admin\/"}]}},"_links":{"self":[{"href":"https:\/\/lasentinelle.dz\/index.php\/wp-json\/wp\/v2\/posts\/94859","targetHints":{"allow":["GET"]}}],"collection":[{"href":"https:\/\/lasentinelle.dz\/index.php\/wp-json\/wp\/v2\/posts"}],"about":[{"href":"https:\/\/lasentinelle.dz\/index.php\/wp-json\/wp\/v2\/types\/post"}],"author":[{"embeddable":true,"href":"https:\/\/lasentinelle.dz\/index.php\/wp-json\/wp\/v2\/users\/6"}],"replies":[{"embeddable":true,"href":"https:\/\/lasentinelle.dz\/index.php\/wp-json\/wp\/v2\/comments?post=94859"}],"version-history":[{"count":2,"href":"https:\/\/lasentinelle.dz\/index.php\/wp-json\/wp\/v2\/posts\/94859\/revisions"}],"predecessor-version":[{"id":94862,"href":"https:\/\/lasentinelle.dz\/index.php\/wp-json\/wp\/v2\/posts\/94859\/revisions\/94862"}],"wp:featuredmedia":[{"embeddable":true,"href":"https:\/\/lasentinelle.dz\/index.php\/wp-json\/wp\/v2\/media\/94860"}],"wp:attachment":[{"href":"https:\/\/lasentinelle.dz\/index.php\/wp-json\/wp\/v2\/media?parent=94859"}],"wp:term":[{"taxonomy":"category","embeddable":true,"href":"https:\/\/lasentinelle.dz\/index.php\/wp-json\/wp\/v2\/categories?post=94859"},{"taxonomy":"post_tag","embeddable":true,"href":"https:\/\/lasentinelle.dz\/index.php\/wp-json\/wp\/v2\/tags?post=94859"}],"curies":[{"name":"wp","href":"https:\/\/api.w.org\/{rel}","templated":true}]}}