{"id":94863,"date":"2026-09-02T12:45:09","date_gmt":"2026-09-02T11:45:09","guid":{"rendered":"https:\/\/lasentinelle.dz\/?p=94863"},"modified":"2026-09-02T12:45:16","modified_gmt":"2026-09-02T11:45:16","slug":"gaz-hydrogene-et-partenariat-strategique-berlin-resserre-les-liens-avec-alger","status":"publish","type":"post","link":"https:\/\/lasentinelle.dz\/index.php\/2026\/09\/02\/gaz-hydrogene-et-partenariat-strategique-berlin-resserre-les-liens-avec-alger\/","title":{"rendered":"Gaz, hydrog\u00e8ne et partenariat strat\u00e9gique\u00a0: Berlin resserre les liens avec Alger"},"content":{"rendered":"\n<p class=\"wp-block-paragraph\">En visite de travail \u00e0 Alger, le chef de la diplomatie allemande, Johann Wadephul, a multipli\u00e9 mardi les rencontres avec les plus hauts responsables alg\u00e9riens, affichant la volont\u00e9 de son pays de b\u00e2tir avec l&rsquo;Alg\u00e9rie un partenariat \u00e9nerg\u00e9tique de long terme, dans un contexte o\u00f9 Berlin, coup\u00e9 du gaz russe et fragilis\u00e9 par les tensions au Moyen-Orient, cherche \u00e0 s\u00e9curiser ses approvisionnements gaziers avant l&rsquo;hiver.<\/p>\n\n\n\n<p class=\"wp-block-paragraph\">Re\u00e7u mardi par le pr\u00e9sident de la R\u00e9publique, Abdelmadjid Tebboune, le ministre des Affaires \u00e9trang\u00e8res de la R\u00e9publique f\u00e9d\u00e9rale d&rsquo;Allemagne, Johann Wadephul, a exprim\u00e9 la disposition de son pays \u00e0 approfondir ses relations avec l&rsquo;Alg\u00e9rie et \u00e0 \u00e9largir la coop\u00e9ration bilat\u00e9rale, en particulier dans les secteurs du commerce, de l&rsquo;investissement et de l&rsquo;\u00e9nergie, au terme d&rsquo;une journ\u00e9e d&rsquo;entretiens denses \u00e0 Alger. Devant la presse, \u00e0 l&rsquo;issue de son audience avec le chef de l&rsquo;\u00c9tat, le chef de la diplomatie allemande a rappel\u00e9 que le d\u00e9placement du pr\u00e9sident Tebboune \u00e0 Berlin, en juillet dernier, avait permis d&rsquo;\u00e9changer sur plusieurs dossiers d&rsquo;int\u00e9r\u00eat commun, et que sa propre visite s&rsquo;inscrivait dans le prolongement de cette \u00ab\u00a0dynamique positive\u00a0\u00bb qui caract\u00e9rise d\u00e9sormais les relations entre les deux capitales. Re\u00e7u par le Pr\u00e9sident Tebboune, apr\u00e8s avoir rencontr\u00e9 le ministre d&rsquo;\u00c9tat charg\u00e9 des Affaires \u00e9trang\u00e8res, Ahmed Attaf, son homologue des Hydrocarbures, Mohamed Arkab, ainsi que des repr\u00e9sentants d&rsquo;entreprises allemandes implant\u00e9es en Alg\u00e9rie, M. Wadephul a \u00e9voqu\u00e9 les \u00ab\u00a0importantes potentialit\u00e9s existantes en vue d&rsquo;approfondir les relations bilat\u00e9rales, notamment dans les domaines du commerce, de l&rsquo;investissement et de l&rsquo;\u00e9nergie\u00a0\u00bb.<\/p>\n\n\n\n<p class=\"wp-block-paragraph\">Le ministre allemand a particuli\u00e8rement insist\u00e9 sur le volet \u00e9nerg\u00e9tique, rappelant le r\u00f4le de l&rsquo;Alg\u00e9rie parmi les principaux fournisseurs de gaz de l&rsquo;Union europ\u00e9enne. \u00ab\u00a0L&rsquo;Alg\u00e9rie dispose d&rsquo;atouts lui permettant de poursuivre le processus de transition dans le domaine \u00e9nerg\u00e9tique et de renforcer son r\u00f4le en tant que fournisseur d&rsquo;hydrog\u00e8ne vert\u00a0\u00bb, a-t-il affirm\u00e9, avant d&rsquo;aborder plusieurs dossiers r\u00e9gionaux et internationaux au menu de ses entretiens, dont la situation au Sahel, les d\u00e9fis auxquels fait face le Moyen-Orient, ainsi que la guerre russo-ukrainienne et ses cons\u00e9quences sur la s\u00e9curit\u00e9 alimentaire mondiale. Insistant sur la n\u00e9cessit\u00e9 \u00ab\u00a0d&rsquo;investir dans le dialogue et la concertation mutuelle ainsi que de renforcer la coop\u00e9ration bas\u00e9e sur la confiance\u00a0\u00bb, il a assur\u00e9 que Berlin pla\u00e7ait au premier rang de ses priorit\u00e9s le renforcement de ses liens avec des partenaires comme l&rsquo;Alg\u00e9rie, tant sur le plan bilat\u00e9ral que dans le cadre europ\u00e9en. Le chef de la diplomatie allemande a par ailleurs tenu \u00e0 exprimer la solidarit\u00e9 de son pays avec l&rsquo;Alg\u00e9rie face aux r\u00e9cents incendies de for\u00eat, pr\u00e9sentant ses condol\u00e9ances aux familles des victimes.<\/p>\n\n\n\n<p class=\"wp-block-paragraph\"><strong>Hydrocarbures : un partenariat \u00e0 consolider avec Sonatrach<\/strong><\/p>\n\n\n\n<p class=\"wp-block-paragraph\">Re\u00e7u au si\u00e8ge de son d\u00e9partement par le ministre d&rsquo;\u00c9tat charg\u00e9 des Hydrocarbures, Mohamed Arkab, le chef de la diplomatie allemande a par ailleurs pass\u00e9 en revue, avec son h\u00f4te, les moyens de d\u00e9velopper le partenariat strat\u00e9gique alg\u00e9ro-allemand dans le secteur \u00e9nerg\u00e9tique. Un communiqu\u00e9 du minist\u00e8re des Hydrocarbures pr\u00e9cise que les discussions ont port\u00e9 sur \u00ab\u00a0le renforcement et le d\u00e9veloppement du partenariat strat\u00e9gique entre l&rsquo;Alg\u00e9rie et l&rsquo;Allemagne dans le domaine des hydrocarbures au mieux des int\u00e9r\u00eats communs des deux pays\u00a0\u00bb, \u00e0 la faveur de la dynamique enclench\u00e9e depuis la visite officielle du pr\u00e9sident Tebboune \u00e0 Berlin, les 16 et 17 juillet derniers.<\/p>\n\n\n\n<p class=\"wp-block-paragraph\">Les \u00e9changes ont couvert un large \u00e9ventail de domaines \u00e0 l\u2019image de l\u2019industrie p\u00e9troli\u00e8re et gazi\u00e8re, l\u2019ing\u00e9nierie et infrastructures, \u00e9quipements li\u00e9s au dessalement d&rsquo;eau de mer, commercialisation du gaz naturel et du GNL, ainsi que l&rsquo;int\u00e9gration de technologies bas carbone. Les deux parties ont \u00e9galement abord\u00e9 les projets port\u00e9s par Sonatrach en mati\u00e8re d&rsquo;hydrog\u00e8ne et d&rsquo;ammoniac verts, de m\u00eame que la coop\u00e9ration en mati\u00e8re de formation, de transfert d&rsquo;expertise et de r\u00e9duction des \u00e9missions de m\u00e9thane. M. Arkab a insist\u00e9, selon le communiqu\u00e9, sur l&rsquo;importance du savoir-faire allemand pour le d\u00e9veloppement de la fili\u00e8re p\u00e9trochimique nationale, r\u00e9affirmant \u00ab\u00a0la disposition de son secteur \u00e0 apporter toutes les facilit\u00e9s et l&rsquo;accompagnement n\u00e9cessaires aux entreprises allemandes souhaitant investir en Alg\u00e9rie\u00a0\u00bb, notamment via leur participation au cycle d&rsquo;appels d&rsquo;offres \u00ab\u00a0Algeria Bid Round 2026\u00a0\u00bb. De son c\u00f4t\u00e9, M. Wadephul a salu\u00e9 \u00ab\u00a0la place centrale de l&rsquo;Alg\u00e9rie en tant que partenaire \u00e9nerg\u00e9tique fiable\u00a0\u00bb, exprimant l&rsquo;int\u00e9r\u00eat des soci\u00e9t\u00e9s allemandes pour des projets structurants tels que le corridor SoutH2, d\u00e9di\u00e9 au transport de l&rsquo;hydrog\u00e8ne vers l&rsquo;Europe. La rencontre s&rsquo;est tenue en pr\u00e9sence des ambassadeurs des deux pays ainsi que de repr\u00e9sentants de plusieurs groupes industriels allemands, parmi lesquels Bosch Energy, ThyssenKrupp Uhde, VNG et Siemens Energy.<\/p>\n\n\n\n<p class=\"wp-block-paragraph\"><strong>S\u00e9curiser l&rsquo;hiver gr\u00e2ce au gaz alg\u00e9rien<\/strong><\/p>\n\n\n\n<p class=\"wp-block-paragraph\">Cette visite s&rsquo;inscrit dans un contexte o\u00f9 l&rsquo;Allemagne, priv\u00e9e de gaz russe depuis le d\u00e9but de la guerre en Ukraine et fragilis\u00e9e par la crise du d\u00e9troit d&rsquo;Ormuz, cherche activement \u00e0 diversifier ses sources d&rsquo;approvisionnement. Selon la presse allemande, Berlin souhaite d\u00e9sormais obtenir des contrats de livraison \u00e0 long terme afin de se doter d&rsquo;une source d&rsquo;approvisionnement suppl\u00e9mentaire fiable, alors que ses stocks de gaz affichent un taux de remplissage inf\u00e9rieur \u00e0 la moyenne europ\u00e9enne \u00e0 l&rsquo;approche de l&rsquo;hiver. L&rsquo;Alg\u00e9rie, qui achemine d\u00e9j\u00e0 d&rsquo;importants volumes de gaz vers l&rsquo;Espagne et l&rsquo;Italie, avait entam\u00e9 ses premi\u00e8res livraisons vers l&rsquo;Allemagne en 2024, via un accord entre Sonatrach et l&rsquo;\u00e9nerg\u00e9ticien allemand VNG, renforc\u00e9 en juillet dernier par un nouveau contrat pr\u00e9voyant une mont\u00e9e en puissance des livraisons \u00e0 partir de 2027. C&rsquo;est dans cette perspective que le chef de la diplomatie allemande a r\u00e9affirm\u00e9, \u00e0 l&rsquo;issue de ses entretiens avec M. Arkab, la volont\u00e9 de Berlin d&rsquo;intensifier ce partenariat, \u00ab\u00a0y compris en mati\u00e8re d&rsquo;hydrog\u00e8ne\u00a0\u00bb.<\/p>\n\n\n\n<p class=\"wp-block-paragraph\">Samir Amokrane<\/p>\n","protected":false},"excerpt":{"rendered":"<p>En visite de travail \u00e0 Alger, le chef de la diplomatie allemande, Johann Wadephul, a multipli\u00e9 mardi les rencontres avec<\/p>\n","protected":false},"author":6,"featured_media":94864,"comment_status":"open","ping_status":"closed","sticky":false,"template":"","format":"standard","meta":{"colormag_page_container_layout":"default_layout","colormag_page_sidebar_layout":"default_layout","om_disable_all_campaigns":false,"_monsterinsights_skip_tracking":false,"footnotes":"","_wpscppro_dont_share_socialmedia":false,"_wpscppro_custom_social_share_image":0,"_facebook_share_type":"default","_twitter_share_type":"default","_linkedin_share_type":"default","_pinterest_share_type":"default","_linkedin_share_type_page":"","_instagram_share_type":"default","_medium_share_type":"default","_threads_share_type":"default","_google_business_share_type":"default","_bluesky_share_type":"default","_mastodon_share_type":"default","_selected_social_profile":[],"_wpsp_enable_custom_social_template":false,"_wpsp_social_scheduling":{"enabled":false,"datetime":null,"platforms":[],"status":"template_only","dateOption":"today","timeOption":"now","customDays":"","customHours":"","customDate":"","customTime":"","schedulingType":"absolute"},"_wpsp_active_default_template":true},"categories":[52,27],"tags":[],"class_list":["post-94863","post","type-post","status-publish","format-standard","has-post-thumbnail","hentry","category-a-la-une","category-actualite"],"aioseo_notices":[],"aioseo_head":"\n\t\t<!-- All in One SEO 5.0.0.1 - aioseo.com -->\n\t<meta name=\"description\" content=\"En visite de travail \u00e0 Alger, le chef de la diplomatie allemande, Johann Wadephul, a multipli\u00e9 mardi les rencontres avec les plus hauts responsables alg\u00e9riens, affichant la volont\u00e9 de son pays de b\u00e2tir avec l&#039;Alg\u00e9rie un partenariat \u00e9nerg\u00e9tique de long terme, dans un contexte o\u00f9 Berlin, coup\u00e9 du gaz russe et fragilis\u00e9 par les tensions\" \/>\n\t<meta name=\"robots\" content=\"max-image-preview:large\" \/>\n\t<meta name=\"author\" content=\"admin\"\/>\n\t<link rel=\"canonical\" href=\"https:\/\/lasentinelle.dz\/index.php\/2026\/09\/02\/gaz-hydrogene-et-partenariat-strategique-berlin-resserre-les-liens-avec-alger\/\" \/>\n\t<meta name=\"generator\" content=\"All in One SEO (AIOSEO) 5.0.0.1\" \/>\n\t\t<meta property=\"og:locale\" content=\"fr_FR\" \/>\n\t\t<meta property=\"og:site_name\" content=\"La Sentinelle - Quotidien national d&#039;information\" \/>\n\t\t<meta property=\"og:type\" content=\"article\" \/>\n\t\t<meta property=\"og:title\" content=\"Gaz, hydrog\u00e8ne et partenariat strat\u00e9gique : Berlin resserre les liens avec Alger - La Sentinelle\" \/>\n\t\t<meta property=\"og:description\" content=\"En visite de travail \u00e0 Alger, le chef de la diplomatie allemande, Johann Wadephul, a multipli\u00e9 mardi les rencontres avec les plus hauts responsables alg\u00e9riens, affichant la volont\u00e9 de son pays de b\u00e2tir avec l&#039;Alg\u00e9rie un partenariat \u00e9nerg\u00e9tique de long terme, dans un contexte o\u00f9 Berlin, coup\u00e9 du gaz russe et fragilis\u00e9 par les tensions\" \/>\n\t\t<meta property=\"og:url\" content=\"https:\/\/lasentinelle.dz\/index.php\/2026\/09\/02\/gaz-hydrogene-et-partenariat-strategique-berlin-resserre-les-liens-avec-alger\/\" \/>\n\t\t<meta property=\"og:image\" content=\"https:\/\/lasentinelle.dz\/wp-content\/uploads\/2021\/09\/cropped-la-sentinelle-earth-golden-anima-5.gif\" \/>\n\t\t<meta property=\"og:image:secure_url\" content=\"https:\/\/lasentinelle.dz\/wp-content\/uploads\/2021\/09\/cropped-la-sentinelle-earth-golden-anima-5.gif\" \/>\n\t\t<meta property=\"og:image:width\" content=\"450\" \/>\n\t\t<meta property=\"og:image:height\" content=\"213\" \/>\n\t\t<meta property=\"article:published_time\" content=\"2026-09-02T11:45:09+00:00\" \/>\n\t\t<meta property=\"article:modified_time\" content=\"2026-09-02T11:45:16+00:00\" \/>\n\t\t<meta property=\"article:publisher\" content=\"https:\/\/www.facebook.com\/azzedine.lasentinelle.1\" \/>\n\t\t<meta name=\"twitter:card\" content=\"summary_large_image\" \/>\n\t\t<meta name=\"twitter:title\" content=\"Gaz, hydrog\u00e8ne et partenariat strat\u00e9gique : Berlin resserre les liens avec Alger - La Sentinelle\" \/>\n\t\t<meta name=\"twitter:description\" content=\"En visite de travail \u00e0 Alger, le chef de la diplomatie allemande, Johann Wadephul, a multipli\u00e9 mardi les rencontres avec les plus hauts responsables alg\u00e9riens, affichant la volont\u00e9 de son pays de b\u00e2tir avec l&#039;Alg\u00e9rie un partenariat \u00e9nerg\u00e9tique de long terme, dans un contexte o\u00f9 Berlin, coup\u00e9 du gaz russe et fragilis\u00e9 par les tensions\" \/>\n\t\t<meta name=\"twitter:image\" content=\"https:\/\/lasentinelle.dz\/wp-content\/uploads\/2021\/09\/cropped-la-sentinelle-earth-golden-anima-5.gif\" \/>\n\t\t<script type=\"application\/ld+json\" class=\"aioseo-schema\">\n\t\t\t{\"@context\":\"https:\\\/\\\/schema.org\",\"@graph\":[{\"@type\":\"BlogPosting\",\"@id\":\"https:\\\/\\\/lasentinelle.dz\\\/index.php\\\/2026\\\/09\\\/02\\\/gaz-hydrogene-et-partenariat-strategique-berlin-resserre-les-liens-avec-alger\\\/#blogposting\",\"name\":\"Gaz, hydrog\\u00e8ne et partenariat strat\\u00e9gique : Berlin resserre les liens avec Alger - La Sentinelle\",\"headline\":\"Gaz, hydrog\\u00e8ne et partenariat strat\\u00e9gique\\u00a0: Berlin resserre les liens avec Alger\",\"author\":{\"@id\":\"https:\\\/\\\/lasentinelle.dz\\\/author\\\/admin\\\/#author\"},\"publisher\":{\"@id\":\"https:\\\/\\\/lasentinelle.dz\\\/#organization\"},\"image\":{\"@type\":\"ImageObject\",\"url\":\"https:\\\/\\\/lasentinelle.dz\\\/wp-content\\\/uploads\\\/2026\\\/09\\\/tebboune-allemand.webp\",\"width\":900,\"height\":675},\"datePublished\":\"2026-09-02T12:45:09+01:00\",\"dateModified\":\"2026-09-02T12:45:16+01:00\",\"inLanguage\":\"fr-FR\",\"mainEntityOfPage\":{\"@id\":\"https:\\\/\\\/lasentinelle.dz\\\/index.php\\\/2026\\\/09\\\/02\\\/gaz-hydrogene-et-partenariat-strategique-berlin-resserre-les-liens-avec-alger\\\/#webpage\"},\"isPartOf\":{\"@id\":\"https:\\\/\\\/lasentinelle.dz\\\/index.php\\\/2026\\\/09\\\/02\\\/gaz-hydrogene-et-partenariat-strategique-berlin-resserre-les-liens-avec-alger\\\/#webpage\"},\"articleSection\":\"\\u00c0 la Une, Actualit\\u00e9\"},{\"@type\":\"BreadcrumbList\",\"@id\":\"https:\\\/\\\/lasentinelle.dz\\\/index.php\\\/2026\\\/09\\\/02\\\/gaz-hydrogene-et-partenariat-strategique-berlin-resserre-les-liens-avec-alger\\\/#breadcrumblist\",\"itemListElement\":[{\"@type\":\"ListItem\",\"@id\":\"https:\\\/\\\/lasentinelle.dz#listItem\",\"position\":1,\"name\":\"Home\",\"item\":\"https:\\\/\\\/lasentinelle.dz\",\"nextItem\":{\"@type\":\"ListItem\",\"@id\":\"https:\\\/\\\/lasentinelle.dz\\\/index.php\\\/category\\\/actualite\\\/#listItem\",\"name\":\"Actualit\\u00e9\"}},{\"@type\":\"ListItem\",\"@id\":\"https:\\\/\\\/lasentinelle.dz\\\/index.php\\\/category\\\/actualite\\\/#listItem\",\"position\":2,\"name\":\"Actualit\\u00e9\",\"item\":\"https:\\\/\\\/lasentinelle.dz\\\/index.php\\\/category\\\/actualite\\\/\",\"nextItem\":{\"@type\":\"ListItem\",\"@id\":\"https:\\\/\\\/lasentinelle.dz\\\/index.php\\\/2026\\\/09\\\/02\\\/gaz-hydrogene-et-partenariat-strategique-berlin-resserre-les-liens-avec-alger\\\/#listItem\",\"name\":\"Gaz, hydrog\\u00e8ne et partenariat strat\\u00e9gique\\u00a0: Berlin resserre les liens avec Alger\"},\"previousItem\":{\"@type\":\"ListItem\",\"@id\":\"https:\\\/\\\/lasentinelle.dz#listItem\",\"name\":\"Home\"}},{\"@type\":\"ListItem\",\"@id\":\"https:\\\/\\\/lasentinelle.dz\\\/index.php\\\/2026\\\/09\\\/02\\\/gaz-hydrogene-et-partenariat-strategique-berlin-resserre-les-liens-avec-alger\\\/#listItem\",\"position\":3,\"name\":\"Gaz, hydrog\\u00e8ne et partenariat strat\\u00e9gique\\u00a0: Berlin resserre les liens avec Alger\",\"previousItem\":{\"@type\":\"ListItem\",\"@id\":\"https:\\\/\\\/lasentinelle.dz\\\/index.php\\\/category\\\/actualite\\\/#listItem\",\"name\":\"Actualit\\u00e9\"}}]},{\"@type\":\"Organization\",\"@id\":\"https:\\\/\\\/lasentinelle.dz\\\/#organization\",\"name\":\"La Sentinelle La Sentinelle\",\"description\":\"Quotidien national d'information\",\"url\":\"https:\\\/\\\/lasentinelle.dz\\\/\",\"logo\":{\"@type\":\"ImageObject\",\"url\":\"https:\\\/\\\/lasentinelle.dz\\\/wp-content\\\/uploads\\\/2021\\\/09\\\/cropped-la-sentinelle-earth-golden-anima-5.gif\",\"@id\":\"https:\\\/\\\/lasentinelle.dz\\\/index.php\\\/2026\\\/09\\\/02\\\/gaz-hydrogene-et-partenariat-strategique-berlin-resserre-les-liens-avec-alger\\\/#organizationLogo\",\"width\":450,\"height\":213},\"image\":{\"@id\":\"https:\\\/\\\/lasentinelle.dz\\\/index.php\\\/2026\\\/09\\\/02\\\/gaz-hydrogene-et-partenariat-strategique-berlin-resserre-les-liens-avec-alger\\\/#organizationLogo\"},\"sameAs\":[\"https:\\\/\\\/www.facebook.com\\\/azzedine.lasentinelle.1\"]},{\"@type\":\"Person\",\"@id\":\"https:\\\/\\\/lasentinelle.dz\\\/author\\\/admin\\\/#author\",\"url\":\"https:\\\/\\\/lasentinelle.dz\\\/author\\\/admin\\\/\",\"name\":\"admin\",\"image\":{\"@type\":\"ImageObject\",\"@id\":\"https:\\\/\\\/lasentinelle.dz\\\/index.php\\\/2026\\\/09\\\/02\\\/gaz-hydrogene-et-partenariat-strategique-berlin-resserre-les-liens-avec-alger\\\/#authorImage\",\"url\":\"https:\\\/\\\/secure.gravatar.com\\\/avatar\\\/4c81fed838786e9b53f540bf46533e750f5d292099ae3b66cfc6fb1982e29df7?s=96&d=mm&r=g\",\"width\":96,\"height\":96,\"caption\":\"admin\"}},{\"@type\":\"WebPage\",\"@id\":\"https:\\\/\\\/lasentinelle.dz\\\/index.php\\\/2026\\\/09\\\/02\\\/gaz-hydrogene-et-partenariat-strategique-berlin-resserre-les-liens-avec-alger\\\/#webpage\",\"url\":\"https:\\\/\\\/lasentinelle.dz\\\/index.php\\\/2026\\\/09\\\/02\\\/gaz-hydrogene-et-partenariat-strategique-berlin-resserre-les-liens-avec-alger\\\/\",\"name\":\"Gaz, hydrog\\u00e8ne et partenariat strat\\u00e9gique : Berlin resserre les liens avec Alger - La Sentinelle\",\"description\":\"En visite de travail \\u00e0 Alger, le chef de la diplomatie allemande, Johann Wadephul, a multipli\\u00e9 mardi les rencontres avec les plus hauts responsables alg\\u00e9riens, affichant la volont\\u00e9 de son pays de b\\u00e2tir avec l'Alg\\u00e9rie un partenariat \\u00e9nerg\\u00e9tique de long terme, dans un contexte o\\u00f9 Berlin, coup\\u00e9 du gaz russe et fragilis\\u00e9 par les tensions\",\"inLanguage\":\"fr-FR\",\"isPartOf\":{\"@id\":\"https:\\\/\\\/lasentinelle.dz\\\/#website\"},\"breadcrumb\":{\"@id\":\"https:\\\/\\\/lasentinelle.dz\\\/index.php\\\/2026\\\/09\\\/02\\\/gaz-hydrogene-et-partenariat-strategique-berlin-resserre-les-liens-avec-alger\\\/#breadcrumblist\"},\"author\":{\"@id\":\"https:\\\/\\\/lasentinelle.dz\\\/author\\\/admin\\\/#author\"},\"creator\":{\"@id\":\"https:\\\/\\\/lasentinelle.dz\\\/author\\\/admin\\\/#author\"},\"image\":{\"@type\":\"ImageObject\",\"url\":\"https:\\\/\\\/lasentinelle.dz\\\/wp-content\\\/uploads\\\/2026\\\/09\\\/tebboune-allemand.webp\",\"@id\":\"https:\\\/\\\/lasentinelle.dz\\\/index.php\\\/2026\\\/09\\\/02\\\/gaz-hydrogene-et-partenariat-strategique-berlin-resserre-les-liens-avec-alger\\\/#mainImage\",\"width\":900,\"height\":675},\"primaryImageOfPage\":{\"@id\":\"https:\\\/\\\/lasentinelle.dz\\\/index.php\\\/2026\\\/09\\\/02\\\/gaz-hydrogene-et-partenariat-strategique-berlin-resserre-les-liens-avec-alger\\\/#mainImage\"},\"datePublished\":\"2026-09-02T12:45:09+01:00\",\"dateModified\":\"2026-09-02T12:45:16+01:00\"},{\"@type\":\"WebSite\",\"@id\":\"https:\\\/\\\/lasentinelle.dz\\\/#website\",\"url\":\"https:\\\/\\\/lasentinelle.dz\\\/\",\"name\":\"La Sentinelle\",\"description\":\"Quotidien national d'information\",\"inLanguage\":\"fr-FR\",\"publisher\":{\"@id\":\"https:\\\/\\\/lasentinelle.dz\\\/#organization\"}}]}\n\t\t<\/script>\n\t\t<!-- All in One SEO -->\n\n","aioseo_head_json":{"title":"Gaz, hydrog\u00e8ne et partenariat strat\u00e9gique : Berlin resserre les liens avec Alger - La Sentinelle","description":"En visite de travail \u00e0 Alger, le chef de la diplomatie allemande, Johann Wadephul, a multipli\u00e9 mardi les rencontres avec les plus hauts responsables alg\u00e9riens, affichant la volont\u00e9 de son pays de b\u00e2tir avec l'Alg\u00e9rie un partenariat \u00e9nerg\u00e9tique de long terme, dans un contexte o\u00f9 Berlin, coup\u00e9 du gaz russe et fragilis\u00e9 par les tensions","canonical_url":"https:\/\/lasentinelle.dz\/index.php\/2026\/09\/02\/gaz-hydrogene-et-partenariat-strategique-berlin-resserre-les-liens-avec-alger\/","robots":"max-image-preview:large","keywords":"","webmasterTools":{"miscellaneous":""},"schema":{"@context":"https:\/\/schema.org","@graph":[{"@type":"BlogPosting","@id":"https:\/\/lasentinelle.dz\/index.php\/2026\/09\/02\/gaz-hydrogene-et-partenariat-strategique-berlin-resserre-les-liens-avec-alger\/#blogposting","name":"Gaz, hydrog\u00e8ne et partenariat strat\u00e9gique : Berlin resserre les liens avec Alger - La Sentinelle","headline":"Gaz, hydrog\u00e8ne et partenariat strat\u00e9gique\u00a0: Berlin resserre les liens avec Alger","author":{"@id":"https:\/\/lasentinelle.dz\/author\/admin\/#author"},"publisher":{"@id":"https:\/\/lasentinelle.dz\/#organization"},"image":{"@type":"ImageObject","url":"https:\/\/lasentinelle.dz\/wp-content\/uploads\/2026\/09\/tebboune-allemand.webp","width":900,"height":675},"datePublished":"2026-09-02T12:45:09+01:00","dateModified":"2026-09-02T12:45:16+01:00","inLanguage":"fr-FR","mainEntityOfPage":{"@id":"https:\/\/lasentinelle.dz\/index.php\/2026\/09\/02\/gaz-hydrogene-et-partenariat-strategique-berlin-resserre-les-liens-avec-alger\/#webpage"},"isPartOf":{"@id":"https:\/\/lasentinelle.dz\/index.php\/2026\/09\/02\/gaz-hydrogene-et-partenariat-strategique-berlin-resserre-les-liens-avec-alger\/#webpage"},"articleSection":"\u00c0 la Une, Actualit\u00e9"},{"@type":"BreadcrumbList","@id":"https:\/\/lasentinelle.dz\/index.php\/2026\/09\/02\/gaz-hydrogene-et-partenariat-strategique-berlin-resserre-les-liens-avec-alger\/#breadcrumblist","itemListElement":[{"@type":"ListItem","@id":"https:\/\/lasentinelle.dz#listItem","position":1,"name":"Home","item":"https:\/\/lasentinelle.dz","nextItem":{"@type":"ListItem","@id":"https:\/\/lasentinelle.dz\/index.php\/category\/actualite\/#listItem","name":"Actualit\u00e9"}},{"@type":"ListItem","@id":"https:\/\/lasentinelle.dz\/index.php\/category\/actualite\/#listItem","position":2,"name":"Actualit\u00e9","item":"https:\/\/lasentinelle.dz\/index.php\/category\/actualite\/","nextItem":{"@type":"ListItem","@id":"https:\/\/lasentinelle.dz\/index.php\/2026\/09\/02\/gaz-hydrogene-et-partenariat-strategique-berlin-resserre-les-liens-avec-alger\/#listItem","name":"Gaz, hydrog\u00e8ne et partenariat strat\u00e9gique\u00a0: Berlin resserre les liens avec Alger"},"previousItem":{"@type":"ListItem","@id":"https:\/\/lasentinelle.dz#listItem","name":"Home"}},{"@type":"ListItem","@id":"https:\/\/lasentinelle.dz\/index.php\/2026\/09\/02\/gaz-hydrogene-et-partenariat-strategique-berlin-resserre-les-liens-avec-alger\/#listItem","position":3,"name":"Gaz, hydrog\u00e8ne et partenariat strat\u00e9gique\u00a0: Berlin resserre les liens avec Alger","previousItem":{"@type":"ListItem","@id":"https:\/\/lasentinelle.dz\/index.php\/category\/actualite\/#listItem","name":"Actualit\u00e9"}}]},{"@type":"Organization","@id":"https:\/\/lasentinelle.dz\/#organization","name":"La Sentinelle La Sentinelle","description":"Quotidien national d'information","url":"https:\/\/lasentinelle.dz\/","logo":{"@type":"ImageObject","url":"https:\/\/lasentinelle.dz\/wp-content\/uploads\/2021\/09\/cropped-la-sentinelle-earth-golden-anima-5.gif","@id":"https:\/\/lasentinelle.dz\/index.php\/2026\/09\/02\/gaz-hydrogene-et-partenariat-strategique-berlin-resserre-les-liens-avec-alger\/#organizationLogo","width":450,"height":213},"image":{"@id":"https:\/\/lasentinelle.dz\/index.php\/2026\/09\/02\/gaz-hydrogene-et-partenariat-strategique-berlin-resserre-les-liens-avec-alger\/#organizationLogo"},"sameAs":["https:\/\/www.facebook.com\/azzedine.lasentinelle.1"]},{"@type":"Person","@id":"https:\/\/lasentinelle.dz\/author\/admin\/#author","url":"https:\/\/lasentinelle.dz\/author\/admin\/","name":"admin","image":{"@type":"ImageObject","@id":"https:\/\/lasentinelle.dz\/index.php\/2026\/09\/02\/gaz-hydrogene-et-partenariat-strategique-berlin-resserre-les-liens-avec-alger\/#authorImage","url":"https:\/\/secure.gravatar.com\/avatar\/4c81fed838786e9b53f540bf46533e750f5d292099ae3b66cfc6fb1982e29df7?s=96&d=mm&r=g","width":96,"height":96,"caption":"admin"}},{"@type":"WebPage","@id":"https:\/\/lasentinelle.dz\/index.php\/2026\/09\/02\/gaz-hydrogene-et-partenariat-strategique-berlin-resserre-les-liens-avec-alger\/#webpage","url":"https:\/\/lasentinelle.dz\/index.php\/2026\/09\/02\/gaz-hydrogene-et-partenariat-strategique-berlin-resserre-les-liens-avec-alger\/","name":"Gaz, hydrog\u00e8ne et partenariat strat\u00e9gique : Berlin resserre les liens avec Alger - La Sentinelle","description":"En visite de travail \u00e0 Alger, le chef de la diplomatie allemande, Johann Wadephul, a multipli\u00e9 mardi les rencontres avec les plus hauts responsables alg\u00e9riens, affichant la volont\u00e9 de son pays de b\u00e2tir avec l'Alg\u00e9rie un partenariat \u00e9nerg\u00e9tique de long terme, dans un contexte o\u00f9 Berlin, coup\u00e9 du gaz russe et fragilis\u00e9 par les tensions","inLanguage":"fr-FR","isPartOf":{"@id":"https:\/\/lasentinelle.dz\/#website"},"breadcrumb":{"@id":"https:\/\/lasentinelle.dz\/index.php\/2026\/09\/02\/gaz-hydrogene-et-partenariat-strategique-berlin-resserre-les-liens-avec-alger\/#breadcrumblist"},"author":{"@id":"https:\/\/lasentinelle.dz\/author\/admin\/#author"},"creator":{"@id":"https:\/\/lasentinelle.dz\/author\/admin\/#author"},"image":{"@type":"ImageObject","url":"https:\/\/lasentinelle.dz\/wp-content\/uploads\/2026\/09\/tebboune-allemand.webp","@id":"https:\/\/lasentinelle.dz\/index.php\/2026\/09\/02\/gaz-hydrogene-et-partenariat-strategique-berlin-resserre-les-liens-avec-alger\/#mainImage","width":900,"height":675},"primaryImageOfPage":{"@id":"https:\/\/lasentinelle.dz\/index.php\/2026\/09\/02\/gaz-hydrogene-et-partenariat-strategique-berlin-resserre-les-liens-avec-alger\/#mainImage"},"datePublished":"2026-09-02T12:45:09+01:00","dateModified":"2026-09-02T12:45:16+01:00"},{"@type":"WebSite","@id":"https:\/\/lasentinelle.dz\/#website","url":"https:\/\/lasentinelle.dz\/","name":"La Sentinelle","description":"Quotidien national d'information","inLanguage":"fr-FR","publisher":{"@id":"https:\/\/lasentinelle.dz\/#organization"}}]},"og:locale":"fr_FR","og:site_name":"La Sentinelle - Quotidien national d'information","og:type":"article","og:title":"Gaz, hydrog\u00e8ne et partenariat strat\u00e9gique : Berlin resserre les liens avec Alger - La Sentinelle","og:description":"En visite de travail \u00e0 Alger, le chef de la diplomatie allemande, Johann Wadephul, a multipli\u00e9 mardi les rencontres avec les plus hauts responsables alg\u00e9riens, affichant la volont\u00e9 de son pays de b\u00e2tir avec l'Alg\u00e9rie un partenariat \u00e9nerg\u00e9tique de long terme, dans un contexte o\u00f9 Berlin, coup\u00e9 du gaz russe et fragilis\u00e9 par les tensions","og:url":"https:\/\/lasentinelle.dz\/index.php\/2026\/09\/02\/gaz-hydrogene-et-partenariat-strategique-berlin-resserre-les-liens-avec-alger\/","og:image":"https:\/\/lasentinelle.dz\/wp-content\/uploads\/2021\/09\/cropped-la-sentinelle-earth-golden-anima-5.gif","og:image:secure_url":"https:\/\/lasentinelle.dz\/wp-content\/uploads\/2021\/09\/cropped-la-sentinelle-earth-golden-anima-5.gif","og:image:width":450,"og:image:height":213,"article:published_time":"2026-09-02T11:45:09+00:00","article:modified_time":"2026-09-02T11:45:16+00:00","article:publisher":"https:\/\/www.facebook.com\/azzedine.lasentinelle.1","twitter:card":"summary_large_image","twitter:title":"Gaz, hydrog\u00e8ne et partenariat strat\u00e9gique : Berlin resserre les liens avec Alger - La Sentinelle","twitter:description":"En visite de travail \u00e0 Alger, le chef de la diplomatie allemande, Johann Wadephul, a multipli\u00e9 mardi les rencontres avec les plus hauts responsables alg\u00e9riens, affichant la volont\u00e9 de son pays de b\u00e2tir avec l'Alg\u00e9rie un partenariat \u00e9nerg\u00e9tique de long terme, dans un contexte o\u00f9 Berlin, coup\u00e9 du gaz russe et fragilis\u00e9 par les tensions","twitter:image":"https:\/\/lasentinelle.dz\/wp-content\/uploads\/2021\/09\/cropped-la-sentinelle-earth-golden-anima-5.gif"},"aioseo_meta_data":{"post_id":"94863","title":null,"description":null,"keywords":null,"keyphrases":{"focus":{"keyphrase":"","score":0,"analysis":{"keyphraseInTitle":{"score":0,"maxScore":9,"error":1}}},"additional":[]},"primary_term":null,"canonical_url":null,"og_title":null,"og_description":null,"og_object_type":"default","og_image_type":"default","og_image_url":null,"og_image_width":null,"og_image_height":null,"og_image_custom_url":null,"og_image_custom_fields":null,"og_video":"","og_custom_url":null,"og_article_section":null,"og_article_tags":null,"twitter_use_og":false,"twitter_card":"default","twitter_image_type":"default","twitter_image_url":null,"twitter_image_custom_url":null,"twitter_image_custom_fields":null,"twitter_title":null,"twitter_description":null,"schema":{"blockGraphs":[],"customGraphs":[],"default":{"data":{"Article":[],"Course":[],"Dataset":[],"FAQPage":[],"Movie":[],"Person":[],"Product":[],"ProductReview":[],"Car":[],"Recipe":[],"Service":[],"SoftwareApplication":[],"WebPage":[]},"graphName":"BlogPosting","isEnabled":true},"graphs":[]},"schema_type":"default","schema_type_options":null,"pillar_content":false,"robots_default":true,"robots_noindex":false,"robots_noarchive":false,"robots_nosnippet":false,"robots_nofollow":false,"robots_noimageindex":false,"robots_noodp":false,"robots_notranslate":false,"robots_max_snippet":"-1","robots_max_videopreview":"-1","robots_max_imagepreview":"large","priority":null,"frequency":"default","local_seo":null,"breadcrumb_settings":null,"limit_modified_date":false,"ai":{"faqs":[],"keyPoints":[],"schemas":[],"titles":[],"descriptions":[],"socialPosts":{"email":{"subject":"","preview":"","content":""},"linkedin":[],"twitter":[],"facebook":[],"instagram":[]}},"created":"2026-09-02 11:45:18","updated":"2026-09-02 12:46:31","focus_keyword":null,"additional_keywords":null,"truseo_locale":null,"seo_analyzer_scan_date":null},"aioseo_breadcrumb":"<div class=\"aioseo-breadcrumbs\"><span class=\"aioseo-breadcrumb\">\n\t\t\t<a href=\"https:\/\/lasentinelle.dz\" title=\"Home\">Home<\/a>\n\t\t<\/span><span class=\"aioseo-breadcrumb-separator\">&raquo;<\/span><span class=\"aioseo-breadcrumb\">\n\t\t\t<a href=\"https:\/\/lasentinelle.dz\/index.php\/category\/actualite\/\" title=\"Actualit\u00e9\">Actualit\u00e9<\/a>\n\t\t<\/span><span class=\"aioseo-breadcrumb-separator\">&raquo;<\/span><span class=\"aioseo-breadcrumb\">\n\t\t\tGaz, hydrog\u00e8ne et partenariat strat\u00e9gique : Berlin resserre les liens avec Alger\n\t\t<\/span><\/div>","aioseo_breadcrumb_json":[{"label":"Home","link":"https:\/\/lasentinelle.dz"},{"label":"Actualit\u00e9","link":"https:\/\/lasentinelle.dz\/index.php\/category\/actualite\/"},{"label":"Gaz, hydrog\u00e8ne et partenariat strat\u00e9gique\u00a0: Berlin resserre les liens avec Alger","link":"https:\/\/lasentinelle.dz\/index.php\/2026\/09\/02\/gaz-hydrogene-et-partenariat-strategique-berlin-resserre-les-liens-avec-alger\/"}],"yoast_head":"<!-- This site is optimized with the Yoast SEO plugin v28.4 - https:\/\/yoast.com\/product\/yoast-seo-wordpress\/ -->\n<title>Gaz, hydrog\u00e8ne et partenariat strat\u00e9gique\u00a0: Berlin resserre les liens avec Alger - La Sentinelle<\/title>\n<meta name=\"robots\" content=\"index, follow, max-snippet:-1, max-image-preview:large, max-video-preview:-1\" \/>\n<link rel=\"canonical\" href=\"https:\/\/lasentinelle.dz\/index.php\/2026\/09\/02\/gaz-hydrogene-et-partenariat-strategique-berlin-resserre-les-liens-avec-alger\/\" \/>\n<meta property=\"og:locale\" content=\"fr_FR\" \/>\n<meta property=\"og:type\" content=\"article\" \/>\n<meta property=\"og:title\" content=\"Gaz, hydrog\u00e8ne et partenariat strat\u00e9gique\u00a0: Berlin resserre les liens avec Alger - La Sentinelle\" \/>\n<meta property=\"og:description\" content=\"En visite de travail \u00e0 Alger, le chef de la diplomatie allemande, Johann Wadephul, a multipli\u00e9 mardi les rencontres avec\" \/>\n<meta property=\"og:url\" content=\"https:\/\/lasentinelle.dz\/index.php\/2026\/09\/02\/gaz-hydrogene-et-partenariat-strategique-berlin-resserre-les-liens-avec-alger\/\" \/>\n<meta property=\"og:site_name\" content=\"La Sentinelle\" \/>\n<meta property=\"article:publisher\" content=\"https:\/\/www.facebook.com\/La-Sentinelle-104059864394773\" \/>\n<meta property=\"article:published_time\" content=\"2026-09-02T11:45:09+00:00\" \/>\n<meta property=\"article:modified_time\" content=\"2026-09-02T11:45:16+00:00\" \/>\n<meta property=\"og:image\" content=\"https:\/\/lasentinelle.dz\/wp-content\/uploads\/2026\/09\/tebboune-allemand.webp\" \/>\n\t<meta property=\"og:image:width\" content=\"900\" \/>\n\t<meta property=\"og:image:height\" content=\"675\" \/>\n\t<meta property=\"og:image:type\" content=\"image\/webp\" \/>\n<meta name=\"author\" content=\"admin\" \/>\n<meta name=\"twitter:card\" content=\"summary_large_image\" \/>\n<meta name=\"twitter:label1\" content=\"\u00c9crit par\" \/>\n\t<meta name=\"twitter:data1\" content=\"admin\" \/>\n\t<meta name=\"twitter:label2\" content=\"Dur\u00e9e de lecture estim\u00e9e\" \/>\n\t<meta name=\"twitter:data2\" content=\"5 minutes\" \/>\n<script type=\"application\/ld+json\" class=\"yoast-schema-graph\">{\"@context\":\"https:\\\/\\\/schema.org\",\"@graph\":[{\"@type\":\"Article\",\"@id\":\"https:\\\/\\\/lasentinelle.dz\\\/index.php\\\/2026\\\/09\\\/02\\\/gaz-hydrogene-et-partenariat-strategique-berlin-resserre-les-liens-avec-alger\\\/#article\",\"isPartOf\":{\"@id\":\"https:\\\/\\\/lasentinelle.dz\\\/index.php\\\/2026\\\/09\\\/02\\\/gaz-hydrogene-et-partenariat-strategique-berlin-resserre-les-liens-avec-alger\\\/\"},\"author\":{\"name\":\"admin\",\"@id\":\"https:\\\/\\\/lasentinelle.dz\\\/#\\\/schema\\\/person\\\/729ee0024f24e0b8c5ec17232f8e8b41\"},\"headline\":\"Gaz, hydrog\u00e8ne et partenariat strat\u00e9gique\u00a0: Berlin resserre les liens avec Alger\",\"datePublished\":\"2026-09-02T11:45:09+00:00\",\"dateModified\":\"2026-09-02T11:45:16+00:00\",\"mainEntityOfPage\":{\"@id\":\"https:\\\/\\\/lasentinelle.dz\\\/index.php\\\/2026\\\/09\\\/02\\\/gaz-hydrogene-et-partenariat-strategique-berlin-resserre-les-liens-avec-alger\\\/\"},\"wordCount\":1077,\"commentCount\":0,\"publisher\":{\"@id\":\"https:\\\/\\\/lasentinelle.dz\\\/#organization\"},\"image\":{\"@id\":\"https:\\\/\\\/lasentinelle.dz\\\/index.php\\\/2026\\\/09\\\/02\\\/gaz-hydrogene-et-partenariat-strategique-berlin-resserre-les-liens-avec-alger\\\/#primaryimage\"},\"thumbnailUrl\":\"https:\\\/\\\/lasentinelle.dz\\\/wp-content\\\/uploads\\\/2026\\\/09\\\/tebboune-allemand.webp\",\"articleSection\":[\"\u00c0 la Une\",\"Actualit\u00e9\"],\"inLanguage\":\"fr-FR\",\"potentialAction\":[{\"@type\":\"CommentAction\",\"name\":\"Comment\",\"target\":[\"https:\\\/\\\/lasentinelle.dz\\\/index.php\\\/2026\\\/09\\\/02\\\/gaz-hydrogene-et-partenariat-strategique-berlin-resserre-les-liens-avec-alger\\\/#respond\"]}]},{\"@type\":\"WebPage\",\"@id\":\"https:\\\/\\\/lasentinelle.dz\\\/index.php\\\/2026\\\/09\\\/02\\\/gaz-hydrogene-et-partenariat-strategique-berlin-resserre-les-liens-avec-alger\\\/\",\"url\":\"https:\\\/\\\/lasentinelle.dz\\\/index.php\\\/2026\\\/09\\\/02\\\/gaz-hydrogene-et-partenariat-strategique-berlin-resserre-les-liens-avec-alger\\\/\",\"name\":\"Gaz, hydrog\u00e8ne et partenariat strat\u00e9gique\u00a0: Berlin resserre les liens avec Alger - La Sentinelle\",\"isPartOf\":{\"@id\":\"https:\\\/\\\/lasentinelle.dz\\\/#website\"},\"primaryImageOfPage\":{\"@id\":\"https:\\\/\\\/lasentinelle.dz\\\/index.php\\\/2026\\\/09\\\/02\\\/gaz-hydrogene-et-partenariat-strategique-berlin-resserre-les-liens-avec-alger\\\/#primaryimage\"},\"image\":{\"@id\":\"https:\\\/\\\/lasentinelle.dz\\\/index.php\\\/2026\\\/09\\\/02\\\/gaz-hydrogene-et-partenariat-strategique-berlin-resserre-les-liens-avec-alger\\\/#primaryimage\"},\"thumbnailUrl\":\"https:\\\/\\\/lasentinelle.dz\\\/wp-content\\\/uploads\\\/2026\\\/09\\\/tebboune-allemand.webp\",\"datePublished\":\"2026-09-02T11:45:09+00:00\",\"dateModified\":\"2026-09-02T11:45:16+00:00\",\"breadcrumb\":{\"@id\":\"https:\\\/\\\/lasentinelle.dz\\\/index.php\\\/2026\\\/09\\\/02\\\/gaz-hydrogene-et-partenariat-strategique-berlin-resserre-les-liens-avec-alger\\\/#breadcrumb\"},\"inLanguage\":\"fr-FR\",\"potentialAction\":[{\"@type\":\"ReadAction\",\"target\":[\"https:\\\/\\\/lasentinelle.dz\\\/index.php\\\/2026\\\/09\\\/02\\\/gaz-hydrogene-et-partenariat-strategique-berlin-resserre-les-liens-avec-alger\\\/\"]}]},{\"@type\":\"ImageObject\",\"inLanguage\":\"fr-FR\",\"@id\":\"https:\\\/\\\/lasentinelle.dz\\\/index.php\\\/2026\\\/09\\\/02\\\/gaz-hydrogene-et-partenariat-strategique-berlin-resserre-les-liens-avec-alger\\\/#primaryimage\",\"url\":\"https:\\\/\\\/lasentinelle.dz\\\/wp-content\\\/uploads\\\/2026\\\/09\\\/tebboune-allemand.webp\",\"contentUrl\":\"https:\\\/\\\/lasentinelle.dz\\\/wp-content\\\/uploads\\\/2026\\\/09\\\/tebboune-allemand.webp\",\"width\":900,\"height\":675},{\"@type\":\"BreadcrumbList\",\"@id\":\"https:\\\/\\\/lasentinelle.dz\\\/index.php\\\/2026\\\/09\\\/02\\\/gaz-hydrogene-et-partenariat-strategique-berlin-resserre-les-liens-avec-alger\\\/#breadcrumb\",\"itemListElement\":[{\"@type\":\"ListItem\",\"position\":1,\"name\":\"Accueil\",\"item\":\"https:\\\/\\\/lasentinelle.dz\\\/\"},{\"@type\":\"ListItem\",\"position\":2,\"name\":\"Gaz, hydrog\u00e8ne et partenariat strat\u00e9gique\u00a0: Berlin resserre les liens avec Alger\"}]},{\"@type\":\"WebSite\",\"@id\":\"https:\\\/\\\/lasentinelle.dz\\\/#website\",\"url\":\"https:\\\/\\\/lasentinelle.dz\\\/\",\"name\":\"La Sentinelle\",\"description\":\"Quotidien national d&#039;information\",\"publisher\":{\"@id\":\"https:\\\/\\\/lasentinelle.dz\\\/#organization\"},\"potentialAction\":[{\"@type\":\"SearchAction\",\"target\":{\"@type\":\"EntryPoint\",\"urlTemplate\":\"https:\\\/\\\/lasentinelle.dz\\\/?s={search_term_string}\"},\"query-input\":{\"@type\":\"PropertyValueSpecification\",\"valueRequired\":true,\"valueName\":\"search_term_string\"}}],\"inLanguage\":\"fr-FR\"},{\"@type\":\"Organization\",\"@id\":\"https:\\\/\\\/lasentinelle.dz\\\/#organization\",\"name\":\"Quotidien La Sentinelle\",\"url\":\"https:\\\/\\\/lasentinelle.dz\\\/\",\"logo\":{\"@type\":\"ImageObject\",\"inLanguage\":\"fr-FR\",\"@id\":\"https:\\\/\\\/lasentinelle.dz\\\/#\\\/schema\\\/logo\\\/image\\\/\",\"url\":\"https:\\\/\\\/lasentinelle.dz\\\/wp-content\\\/uploads\\\/2021\\\/09\\\/logo-sentinelleSLOGAN-1.png\",\"contentUrl\":\"https:\\\/\\\/lasentinelle.dz\\\/wp-content\\\/uploads\\\/2021\\\/09\\\/logo-sentinelleSLOGAN-1.png\",\"width\":615,\"height\":142,\"caption\":\"Quotidien La Sentinelle\"},\"image\":{\"@id\":\"https:\\\/\\\/lasentinelle.dz\\\/#\\\/schema\\\/logo\\\/image\\\/\"},\"sameAs\":[\"https:\\\/\\\/www.facebook.com\\\/La-Sentinelle-104059864394773\"]},{\"@type\":\"Person\",\"@id\":\"https:\\\/\\\/lasentinelle.dz\\\/#\\\/schema\\\/person\\\/729ee0024f24e0b8c5ec17232f8e8b41\",\"name\":\"admin\",\"image\":{\"@type\":\"ImageObject\",\"inLanguage\":\"fr-FR\",\"@id\":\"https:\\\/\\\/secure.gravatar.com\\\/avatar\\\/4c81fed838786e9b53f540bf46533e750f5d292099ae3b66cfc6fb1982e29df7?s=96&d=mm&r=g\",\"url\":\"https:\\\/\\\/secure.gravatar.com\\\/avatar\\\/4c81fed838786e9b53f540bf46533e750f5d292099ae3b66cfc6fb1982e29df7?s=96&d=mm&r=g\",\"contentUrl\":\"https:\\\/\\\/secure.gravatar.com\\\/avatar\\\/4c81fed838786e9b53f540bf46533e750f5d292099ae3b66cfc6fb1982e29df7?s=96&d=mm&r=g\",\"caption\":\"admin\"},\"description\":\"admin\",\"url\":\"https:\\\/\\\/lasentinelle.dz\\\/author\\\/admin\\\/\"}]}<\/script>\n<!-- \/ Yoast SEO plugin. -->","yoast_head_json":{"title":"Gaz, hydrog\u00e8ne et partenariat strat\u00e9gique\u00a0: Berlin resserre les liens avec Alger - La Sentinelle","robots":{"index":"index","follow":"follow","max-snippet":"max-snippet:-1","max-image-preview":"max-image-preview:large","max-video-preview":"max-video-preview:-1"},"canonical":"https:\/\/lasentinelle.dz\/index.php\/2026\/09\/02\/gaz-hydrogene-et-partenariat-strategique-berlin-resserre-les-liens-avec-alger\/","og_locale":"fr_FR","og_type":"article","og_title":"Gaz, hydrog\u00e8ne et partenariat strat\u00e9gique\u00a0: Berlin resserre les liens avec Alger - La Sentinelle","og_description":"En visite de travail \u00e0 Alger, le chef de la diplomatie allemande, Johann Wadephul, a multipli\u00e9 mardi les rencontres avec","og_url":"https:\/\/lasentinelle.dz\/index.php\/2026\/09\/02\/gaz-hydrogene-et-partenariat-strategique-berlin-resserre-les-liens-avec-alger\/","og_site_name":"La Sentinelle","article_publisher":"https:\/\/www.facebook.com\/La-Sentinelle-104059864394773","article_published_time":"2026-09-02T11:45:09+00:00","article_modified_time":"2026-09-02T11:45:16+00:00","og_image":[{"width":900,"height":675,"url":"https:\/\/lasentinelle.dz\/wp-content\/uploads\/2026\/09\/tebboune-allemand.webp","type":"image\/webp"}],"author":"admin","twitter_card":"summary_large_image","twitter_misc":{"\u00c9crit par":"admin","Dur\u00e9e de lecture estim\u00e9e":"5 minutes"},"schema":{"@context":"https:\/\/schema.org","@graph":[{"@type":"Article","@id":"https:\/\/lasentinelle.dz\/index.php\/2026\/09\/02\/gaz-hydrogene-et-partenariat-strategique-berlin-resserre-les-liens-avec-alger\/#article","isPartOf":{"@id":"https:\/\/lasentinelle.dz\/index.php\/2026\/09\/02\/gaz-hydrogene-et-partenariat-strategique-berlin-resserre-les-liens-avec-alger\/"},"author":{"name":"admin","@id":"https:\/\/lasentinelle.dz\/#\/schema\/person\/729ee0024f24e0b8c5ec17232f8e8b41"},"headline":"Gaz, hydrog\u00e8ne et partenariat strat\u00e9gique\u00a0: Berlin resserre les liens avec Alger","datePublished":"2026-09-02T11:45:09+00:00","dateModified":"2026-09-02T11:45:16+00:00","mainEntityOfPage":{"@id":"https:\/\/lasentinelle.dz\/index.php\/2026\/09\/02\/gaz-hydrogene-et-partenariat-strategique-berlin-resserre-les-liens-avec-alger\/"},"wordCount":1077,"commentCount":0,"publisher":{"@id":"https:\/\/lasentinelle.dz\/#organization"},"image":{"@id":"https:\/\/lasentinelle.dz\/index.php\/2026\/09\/02\/gaz-hydrogene-et-partenariat-strategique-berlin-resserre-les-liens-avec-alger\/#primaryimage"},"thumbnailUrl":"https:\/\/lasentinelle.dz\/wp-content\/uploads\/2026\/09\/tebboune-allemand.webp","articleSection":["\u00c0 la Une","Actualit\u00e9"],"inLanguage":"fr-FR","potentialAction":[{"@type":"CommentAction","name":"Comment","target":["https:\/\/lasentinelle.dz\/index.php\/2026\/09\/02\/gaz-hydrogene-et-partenariat-strategique-berlin-resserre-les-liens-avec-alger\/#respond"]}]},{"@type":"WebPage","@id":"https:\/\/lasentinelle.dz\/index.php\/2026\/09\/02\/gaz-hydrogene-et-partenariat-strategique-berlin-resserre-les-liens-avec-alger\/","url":"https:\/\/lasentinelle.dz\/index.php\/2026\/09\/02\/gaz-hydrogene-et-partenariat-strategique-berlin-resserre-les-liens-avec-alger\/","name":"Gaz, hydrog\u00e8ne et partenariat strat\u00e9gique\u00a0: Berlin resserre les liens avec Alger - La Sentinelle","isPartOf":{"@id":"https:\/\/lasentinelle.dz\/#website"},"primaryImageOfPage":{"@id":"https:\/\/lasentinelle.dz\/index.php\/2026\/09\/02\/gaz-hydrogene-et-partenariat-strategique-berlin-resserre-les-liens-avec-alger\/#primaryimage"},"image":{"@id":"https:\/\/lasentinelle.dz\/index.php\/2026\/09\/02\/gaz-hydrogene-et-partenariat-strategique-berlin-resserre-les-liens-avec-alger\/#primaryimage"},"thumbnailUrl":"https:\/\/lasentinelle.dz\/wp-content\/uploads\/2026\/09\/tebboune-allemand.webp","datePublished":"2026-09-02T11:45:09+00:00","dateModified":"2026-09-02T11:45:16+00:00","breadcrumb":{"@id":"https:\/\/lasentinelle.dz\/index.php\/2026\/09\/02\/gaz-hydrogene-et-partenariat-strategique-berlin-resserre-les-liens-avec-alger\/#breadcrumb"},"inLanguage":"fr-FR","potentialAction":[{"@type":"ReadAction","target":["https:\/\/lasentinelle.dz\/index.php\/2026\/09\/02\/gaz-hydrogene-et-partenariat-strategique-berlin-resserre-les-liens-avec-alger\/"]}]},{"@type":"ImageObject","inLanguage":"fr-FR","@id":"https:\/\/lasentinelle.dz\/index.php\/2026\/09\/02\/gaz-hydrogene-et-partenariat-strategique-berlin-resserre-les-liens-avec-alger\/#primaryimage","url":"https:\/\/lasentinelle.dz\/wp-content\/uploads\/2026\/09\/tebboune-allemand.webp","contentUrl":"https:\/\/lasentinelle.dz\/wp-content\/uploads\/2026\/09\/tebboune-allemand.webp","width":900,"height":675},{"@type":"BreadcrumbList","@id":"https:\/\/lasentinelle.dz\/index.php\/2026\/09\/02\/gaz-hydrogene-et-partenariat-strategique-berlin-resserre-les-liens-avec-alger\/#breadcrumb","itemListElement":[{"@type":"ListItem","position":1,"name":"Accueil","item":"https:\/\/lasentinelle.dz\/"},{"@type":"ListItem","position":2,"name":"Gaz, hydrog\u00e8ne et partenariat strat\u00e9gique\u00a0: Berlin resserre les liens avec Alger"}]},{"@type":"WebSite","@id":"https:\/\/lasentinelle.dz\/#website","url":"https:\/\/lasentinelle.dz\/","name":"La Sentinelle","description":"Quotidien national d&#039;information","publisher":{"@id":"https:\/\/lasentinelle.dz\/#organization"},"potentialAction":[{"@type":"SearchAction","target":{"@type":"EntryPoint","urlTemplate":"https:\/\/lasentinelle.dz\/?s={search_term_string}"},"query-input":{"@type":"PropertyValueSpecification","valueRequired":true,"valueName":"search_term_string"}}],"inLanguage":"fr-FR"},{"@type":"Organization","@id":"https:\/\/lasentinelle.dz\/#organization","name":"Quotidien La Sentinelle","url":"https:\/\/lasentinelle.dz\/","logo":{"@type":"ImageObject","inLanguage":"fr-FR","@id":"https:\/\/lasentinelle.dz\/#\/schema\/logo\/image\/","url":"https:\/\/lasentinelle.dz\/wp-content\/uploads\/2021\/09\/logo-sentinelleSLOGAN-1.png","contentUrl":"https:\/\/lasentinelle.dz\/wp-content\/uploads\/2021\/09\/logo-sentinelleSLOGAN-1.png","width":615,"height":142,"caption":"Quotidien La Sentinelle"},"image":{"@id":"https:\/\/lasentinelle.dz\/#\/schema\/logo\/image\/"},"sameAs":["https:\/\/www.facebook.com\/La-Sentinelle-104059864394773"]},{"@type":"Person","@id":"https:\/\/lasentinelle.dz\/#\/schema\/person\/729ee0024f24e0b8c5ec17232f8e8b41","name":"admin","image":{"@type":"ImageObject","inLanguage":"fr-FR","@id":"https:\/\/secure.gravatar.com\/avatar\/4c81fed838786e9b53f540bf46533e750f5d292099ae3b66cfc6fb1982e29df7?s=96&d=mm&r=g","url":"https:\/\/secure.gravatar.com\/avatar\/4c81fed838786e9b53f540bf46533e750f5d292099ae3b66cfc6fb1982e29df7?s=96&d=mm&r=g","contentUrl":"https:\/\/secure.gravatar.com\/avatar\/4c81fed838786e9b53f540bf46533e750f5d292099ae3b66cfc6fb1982e29df7?s=96&d=mm&r=g","caption":"admin"},"description":"admin","url":"https:\/\/lasentinelle.dz\/author\/admin\/"}]}},"_links":{"self":[{"href":"https:\/\/lasentinelle.dz\/index.php\/wp-json\/wp\/v2\/posts\/94863","targetHints":{"allow":["GET"]}}],"collection":[{"href":"https:\/\/lasentinelle.dz\/index.php\/wp-json\/wp\/v2\/posts"}],"about":[{"href":"https:\/\/lasentinelle.dz\/index.php\/wp-json\/wp\/v2\/types\/post"}],"author":[{"embeddable":true,"href":"https:\/\/lasentinelle.dz\/index.php\/wp-json\/wp\/v2\/users\/6"}],"replies":[{"embeddable":true,"href":"https:\/\/lasentinelle.dz\/index.php\/wp-json\/wp\/v2\/comments?post=94863"}],"version-history":[{"count":1,"href":"https:\/\/lasentinelle.dz\/index.php\/wp-json\/wp\/v2\/posts\/94863\/revisions"}],"predecessor-version":[{"id":94865,"href":"https:\/\/lasentinelle.dz\/index.php\/wp-json\/wp\/v2\/posts\/94863\/revisions\/94865"}],"wp:featuredmedia":[{"embeddable":true,"href":"https:\/\/lasentinelle.dz\/index.php\/wp-json\/wp\/v2\/media\/94864"}],"wp:attachment":[{"href":"https:\/\/lasentinelle.dz\/index.php\/wp-json\/wp\/v2\/media?parent=94863"}],"wp:term":[{"taxonomy":"category","embeddable":true,"href":"https:\/\/lasentinelle.dz\/index.php\/wp-json\/wp\/v2\/categories?post=94863"},{"taxonomy":"post_tag","embeddable":true,"href":"https:\/\/lasentinelle.dz\/index.php\/wp-json\/wp\/v2\/tags?post=94863"}],"curies":[{"name":"wp","href":"https:\/\/api.w.org\/{rel}","templated":true}]}}