{"id":94866,"date":"2026-09-02T12:48:03","date_gmt":"2026-09-02T11:48:03","guid":{"rendered":"https:\/\/lasentinelle.dz\/?p=94866"},"modified":"2026-09-02T12:48:05","modified_gmt":"2026-09-02T11:48:05","slug":"retrait-des-dossiers-de-candidature-aux-locales-les-precisions-de-lanie","status":"publish","type":"post","link":"https:\/\/lasentinelle.dz\/index.php\/2026\/09\/02\/retrait-des-dossiers-de-candidature-aux-locales-les-precisions-de-lanie\/","title":{"rendered":"Retrait des dossiers de candidature aux locales\u00a0: Les pr\u00e9cisions de l\u2019ANIE"},"content":{"rendered":"\n<p class=\"wp-block-paragraph\">L&rsquo;Autorit\u00e9 nationale ind\u00e9pendante des \u00e9lections (ANIE) a apport\u00e9, mardi, des pr\u00e9cisions sur les modalit\u00e9s de retrait du dossier de d\u00e9claration collective de candidature et des formulaires de souscription des signatures individuelles, en vue des \u00e9lections locales pr\u00e9vues le 28 novembre prochain. Dans un communiqu\u00e9, l&rsquo;Autorit\u00e9 indique que, \u00ab\u00a0conform\u00e9ment au d\u00e9cret pr\u00e9sidentiel n\u00b0 26-284 portant convocation du corps \u00e9lectoral pour l&rsquo;\u00e9lection des membres des assembl\u00e9es populaires communales et de wilaya, et en application des dispositions de l&rsquo;ordonnance n\u00b0 21-01 portant loi organique relative au r\u00e9gime \u00e9lectoral, modifi\u00e9e et compl\u00e9t\u00e9e\u00a0\u00bb, elle informe l&rsquo;ensemble des candidates et candidats \u00e0 l&rsquo;\u00e9lection des membres des assembl\u00e9es populaires communales et de wilaya, pr\u00e9vue le samedi 28 novembre 2026, que le retrait du dossier de d\u00e9claration collective de candidature et des formulaires de souscription des signatures individuelles en faveur de la liste des candidats \u00ab\u00a0s&rsquo;effectue aupr\u00e8s du si\u00e8ge du coordinateur de wilaya de l&rsquo;Autorit\u00e9 ind\u00e9pendante, dans la circonscription \u00e9lectorale concern\u00e9e par la candidature\u00a0\u00bb.<\/p>\n\n\n\n<p class=\"wp-block-paragraph\">L&rsquo;ANIE pr\u00e9cise par ailleurs que les postulants doivent \u00ab\u00a0pr\u00e9senter la d\u00e9claration de d\u00e9p\u00f4t de la liste r\u00e9unissant les conditions l\u00e9gales requises, au niveau du si\u00e8ge du coordinateur de wilaya de l&rsquo;Autorit\u00e9 ind\u00e9pendante, apr\u00e8s manifestation de l&rsquo;intention de constituer cette liste par un candidat ou une candidate mandat\u00e9(e) par un parti, par plusieurs partis, ou par les candidats d&rsquo;une liste ind\u00e9pendante, moyennant une lettre pr\u00e9sent\u00e9e sous forme de formulaire fourni par le coordinateur de wilaya de l&rsquo;Autorit\u00e9 ind\u00e9pendante\u00a0\u00bb. Cette op\u00e9ration de d\u00e9p\u00f4t est ouverte \u00ab\u00a0\u00e0 partir du lundi 31 ao\u00fbt 2026, de 8h00 \u00e0 16h30\u00a0\u00bb.<\/p>\n\n\n\n<p class=\"wp-block-paragraph\">L&rsquo;Autorit\u00e9 \u00e9lectorale a \u00e9galement indiqu\u00e9 que les personnes int\u00e9ress\u00e9es par le d\u00e9p\u00f4t de candidature peuvent faire part de leurs interrogations et de leurs pr\u00e9occupations concernant le d\u00e9roulement du processus via l&rsquo;adresse \u00e9lectronique contact@ina-elections.dz, ou en consultant le site officiel de l&rsquo;Autorit\u00e9 nationale ind\u00e9pendante des \u00e9lections pour davantage d&rsquo;informations.<\/p>\n\n\n\n<p class=\"wp-block-paragraph\">R.N.<\/p>\n","protected":false},"excerpt":{"rendered":"<p>L&rsquo;Autorit\u00e9 nationale ind\u00e9pendante des \u00e9lections (ANIE) a apport\u00e9, mardi, des pr\u00e9cisions sur les modalit\u00e9s de retrait du dossier de d\u00e9claration<\/p>\n","protected":false},"author":6,"featured_media":88540,"comment_status":"open","ping_status":"closed","sticky":false,"template":"","format":"standard","meta":{"colormag_page_container_layout":"default_layout","colormag_page_sidebar_layout":"default_layout","om_disable_all_campaigns":false,"_monsterinsights_skip_tracking":false,"footnotes":"","_wpscppro_dont_share_socialmedia":false,"_wpscppro_custom_social_share_image":0,"_facebook_share_type":"default","_twitter_share_type":"default","_linkedin_share_type":"default","_pinterest_share_type":"default","_linkedin_share_type_page":"","_instagram_share_type":"default","_medium_share_type":"default","_threads_share_type":"default","_google_business_share_type":"default","_bluesky_share_type":"default","_mastodon_share_type":"default","_selected_social_profile":[],"_wpsp_enable_custom_social_template":false,"_wpsp_social_scheduling":{"enabled":false,"datetime":null,"platforms":[],"status":"template_only","dateOption":"today","timeOption":"now","customDays":"","customHours":"","customDate":"","customTime":"","schedulingType":"absolute"},"_wpsp_active_default_template":true},"categories":[28],"tags":[],"class_list":["post-94866","post","type-post","status-publish","format-standard","has-post-thumbnail","hentry","category-politique"],"aioseo_notices":[],"aioseo_head":"\n\t\t<!-- All in One SEO 5.0.0.1 - aioseo.com -->\n\t<meta name=\"description\" content=\"L&#039;Autorit\u00e9 nationale ind\u00e9pendante des \u00e9lections (ANIE) a apport\u00e9, mardi, des pr\u00e9cisions sur les modalit\u00e9s de retrait du dossier de d\u00e9claration collective de candidature et des formulaires de souscription des signatures individuelles, en vue des \u00e9lections locales pr\u00e9vues le 28 novembre prochain. Dans un communiqu\u00e9, l&#039;Autorit\u00e9 indique que, &quot;conform\u00e9ment au d\u00e9cret pr\u00e9sidentiel n\u00b0 26-284 portant convocation\" \/>\n\t<meta name=\"robots\" content=\"max-image-preview:large\" \/>\n\t<meta name=\"author\" content=\"admin\"\/>\n\t<link rel=\"canonical\" href=\"https:\/\/lasentinelle.dz\/index.php\/2026\/09\/02\/retrait-des-dossiers-de-candidature-aux-locales-les-precisions-de-lanie\/\" \/>\n\t<meta name=\"generator\" content=\"All in One SEO (AIOSEO) 5.0.0.1\" \/>\n\t\t<meta property=\"og:locale\" content=\"fr_FR\" \/>\n\t\t<meta property=\"og:site_name\" content=\"La Sentinelle - Quotidien national d&#039;information\" \/>\n\t\t<meta property=\"og:type\" content=\"article\" \/>\n\t\t<meta property=\"og:title\" content=\"Retrait des dossiers de candidature aux locales : Les pr\u00e9cisions de l\u2019ANIE - La Sentinelle\" \/>\n\t\t<meta property=\"og:description\" content=\"L&#039;Autorit\u00e9 nationale ind\u00e9pendante des \u00e9lections (ANIE) a apport\u00e9, mardi, des pr\u00e9cisions sur les modalit\u00e9s de retrait du dossier de d\u00e9claration collective de candidature et des formulaires de souscription des signatures individuelles, en vue des \u00e9lections locales pr\u00e9vues le 28 novembre prochain. Dans un communiqu\u00e9, l&#039;Autorit\u00e9 indique que, &quot;conform\u00e9ment au d\u00e9cret pr\u00e9sidentiel n\u00b0 26-284 portant convocation\" \/>\n\t\t<meta property=\"og:url\" content=\"https:\/\/lasentinelle.dz\/index.php\/2026\/09\/02\/retrait-des-dossiers-de-candidature-aux-locales-les-precisions-de-lanie\/\" \/>\n\t\t<meta property=\"og:image\" content=\"https:\/\/lasentinelle.dz\/wp-content\/uploads\/2021\/09\/cropped-la-sentinelle-earth-golden-anima-5.gif\" \/>\n\t\t<meta property=\"og:image:secure_url\" content=\"https:\/\/lasentinelle.dz\/wp-content\/uploads\/2021\/09\/cropped-la-sentinelle-earth-golden-anima-5.gif\" \/>\n\t\t<meta property=\"og:image:width\" content=\"450\" \/>\n\t\t<meta property=\"og:image:height\" content=\"213\" \/>\n\t\t<meta property=\"article:published_time\" content=\"2026-09-02T11:48:03+00:00\" \/>\n\t\t<meta property=\"article:modified_time\" content=\"2026-09-02T11:48:05+00:00\" \/>\n\t\t<meta property=\"article:publisher\" content=\"https:\/\/www.facebook.com\/azzedine.lasentinelle.1\" \/>\n\t\t<meta name=\"twitter:card\" content=\"summary_large_image\" \/>\n\t\t<meta name=\"twitter:title\" content=\"Retrait des dossiers de candidature aux locales : Les pr\u00e9cisions de l\u2019ANIE - La Sentinelle\" \/>\n\t\t<meta name=\"twitter:description\" content=\"L&#039;Autorit\u00e9 nationale ind\u00e9pendante des \u00e9lections (ANIE) a apport\u00e9, mardi, des pr\u00e9cisions sur les modalit\u00e9s de retrait du dossier de d\u00e9claration collective de candidature et des formulaires de souscription des signatures individuelles, en vue des \u00e9lections locales pr\u00e9vues le 28 novembre prochain. Dans un communiqu\u00e9, l&#039;Autorit\u00e9 indique que, &quot;conform\u00e9ment au d\u00e9cret pr\u00e9sidentiel n\u00b0 26-284 portant convocation\" \/>\n\t\t<meta name=\"twitter:image\" content=\"https:\/\/lasentinelle.dz\/wp-content\/uploads\/2021\/09\/cropped-la-sentinelle-earth-golden-anima-5.gif\" \/>\n\t\t<script type=\"application\/ld+json\" class=\"aioseo-schema\">\n\t\t\t{\"@context\":\"https:\\\/\\\/schema.org\",\"@graph\":[{\"@type\":\"BlogPosting\",\"@id\":\"https:\\\/\\\/lasentinelle.dz\\\/index.php\\\/2026\\\/09\\\/02\\\/retrait-des-dossiers-de-candidature-aux-locales-les-precisions-de-lanie\\\/#blogposting\",\"name\":\"Retrait des dossiers de candidature aux locales : Les pr\\u00e9cisions de l\\u2019ANIE - La Sentinelle\",\"headline\":\"Retrait des dossiers de candidature aux locales\\u00a0: Les pr\\u00e9cisions de l\\u2019ANIE\",\"author\":{\"@id\":\"https:\\\/\\\/lasentinelle.dz\\\/author\\\/admin\\\/#author\"},\"publisher\":{\"@id\":\"https:\\\/\\\/lasentinelle.dz\\\/#organization\"},\"image\":{\"@type\":\"ImageObject\",\"url\":\"https:\\\/\\\/lasentinelle.dz\\\/wp-content\\\/uploads\\\/2026\\\/05\\\/ANIE.jpg\",\"width\":780,\"height\":470},\"datePublished\":\"2026-09-02T12:48:03+01:00\",\"dateModified\":\"2026-09-02T12:48:05+01:00\",\"inLanguage\":\"fr-FR\",\"mainEntityOfPage\":{\"@id\":\"https:\\\/\\\/lasentinelle.dz\\\/index.php\\\/2026\\\/09\\\/02\\\/retrait-des-dossiers-de-candidature-aux-locales-les-precisions-de-lanie\\\/#webpage\"},\"isPartOf\":{\"@id\":\"https:\\\/\\\/lasentinelle.dz\\\/index.php\\\/2026\\\/09\\\/02\\\/retrait-des-dossiers-de-candidature-aux-locales-les-precisions-de-lanie\\\/#webpage\"},\"articleSection\":\"Politique\"},{\"@type\":\"BreadcrumbList\",\"@id\":\"https:\\\/\\\/lasentinelle.dz\\\/index.php\\\/2026\\\/09\\\/02\\\/retrait-des-dossiers-de-candidature-aux-locales-les-precisions-de-lanie\\\/#breadcrumblist\",\"itemListElement\":[{\"@type\":\"ListItem\",\"@id\":\"https:\\\/\\\/lasentinelle.dz#listItem\",\"position\":1,\"name\":\"Home\",\"item\":\"https:\\\/\\\/lasentinelle.dz\",\"nextItem\":{\"@type\":\"ListItem\",\"@id\":\"https:\\\/\\\/lasentinelle.dz\\\/index.php\\\/category\\\/politique\\\/#listItem\",\"name\":\"Politique\"}},{\"@type\":\"ListItem\",\"@id\":\"https:\\\/\\\/lasentinelle.dz\\\/index.php\\\/category\\\/politique\\\/#listItem\",\"position\":2,\"name\":\"Politique\",\"item\":\"https:\\\/\\\/lasentinelle.dz\\\/index.php\\\/category\\\/politique\\\/\",\"nextItem\":{\"@type\":\"ListItem\",\"@id\":\"https:\\\/\\\/lasentinelle.dz\\\/index.php\\\/2026\\\/09\\\/02\\\/retrait-des-dossiers-de-candidature-aux-locales-les-precisions-de-lanie\\\/#listItem\",\"name\":\"Retrait des dossiers de candidature aux locales\\u00a0: Les pr\\u00e9cisions de l\\u2019ANIE\"},\"previousItem\":{\"@type\":\"ListItem\",\"@id\":\"https:\\\/\\\/lasentinelle.dz#listItem\",\"name\":\"Home\"}},{\"@type\":\"ListItem\",\"@id\":\"https:\\\/\\\/lasentinelle.dz\\\/index.php\\\/2026\\\/09\\\/02\\\/retrait-des-dossiers-de-candidature-aux-locales-les-precisions-de-lanie\\\/#listItem\",\"position\":3,\"name\":\"Retrait des dossiers de candidature aux locales\\u00a0: Les pr\\u00e9cisions de l\\u2019ANIE\",\"previousItem\":{\"@type\":\"ListItem\",\"@id\":\"https:\\\/\\\/lasentinelle.dz\\\/index.php\\\/category\\\/politique\\\/#listItem\",\"name\":\"Politique\"}}]},{\"@type\":\"Organization\",\"@id\":\"https:\\\/\\\/lasentinelle.dz\\\/#organization\",\"name\":\"La Sentinelle La Sentinelle\",\"description\":\"Quotidien national d'information\",\"url\":\"https:\\\/\\\/lasentinelle.dz\\\/\",\"logo\":{\"@type\":\"ImageObject\",\"url\":\"https:\\\/\\\/lasentinelle.dz\\\/wp-content\\\/uploads\\\/2021\\\/09\\\/cropped-la-sentinelle-earth-golden-anima-5.gif\",\"@id\":\"https:\\\/\\\/lasentinelle.dz\\\/index.php\\\/2026\\\/09\\\/02\\\/retrait-des-dossiers-de-candidature-aux-locales-les-precisions-de-lanie\\\/#organizationLogo\",\"width\":450,\"height\":213},\"image\":{\"@id\":\"https:\\\/\\\/lasentinelle.dz\\\/index.php\\\/2026\\\/09\\\/02\\\/retrait-des-dossiers-de-candidature-aux-locales-les-precisions-de-lanie\\\/#organizationLogo\"},\"sameAs\":[\"https:\\\/\\\/www.facebook.com\\\/azzedine.lasentinelle.1\"]},{\"@type\":\"Person\",\"@id\":\"https:\\\/\\\/lasentinelle.dz\\\/author\\\/admin\\\/#author\",\"url\":\"https:\\\/\\\/lasentinelle.dz\\\/author\\\/admin\\\/\",\"name\":\"admin\",\"image\":{\"@type\":\"ImageObject\",\"@id\":\"https:\\\/\\\/lasentinelle.dz\\\/index.php\\\/2026\\\/09\\\/02\\\/retrait-des-dossiers-de-candidature-aux-locales-les-precisions-de-lanie\\\/#authorImage\",\"url\":\"https:\\\/\\\/secure.gravatar.com\\\/avatar\\\/4c81fed838786e9b53f540bf46533e750f5d292099ae3b66cfc6fb1982e29df7?s=96&d=mm&r=g\",\"width\":96,\"height\":96,\"caption\":\"admin\"}},{\"@type\":\"WebPage\",\"@id\":\"https:\\\/\\\/lasentinelle.dz\\\/index.php\\\/2026\\\/09\\\/02\\\/retrait-des-dossiers-de-candidature-aux-locales-les-precisions-de-lanie\\\/#webpage\",\"url\":\"https:\\\/\\\/lasentinelle.dz\\\/index.php\\\/2026\\\/09\\\/02\\\/retrait-des-dossiers-de-candidature-aux-locales-les-precisions-de-lanie\\\/\",\"name\":\"Retrait des dossiers de candidature aux locales : Les pr\\u00e9cisions de l\\u2019ANIE - La Sentinelle\",\"description\":\"L'Autorit\\u00e9 nationale ind\\u00e9pendante des \\u00e9lections (ANIE) a apport\\u00e9, mardi, des pr\\u00e9cisions sur les modalit\\u00e9s de retrait du dossier de d\\u00e9claration collective de candidature et des formulaires de souscription des signatures individuelles, en vue des \\u00e9lections locales pr\\u00e9vues le 28 novembre prochain. Dans un communiqu\\u00e9, l'Autorit\\u00e9 indique que, \\\"conform\\u00e9ment au d\\u00e9cret pr\\u00e9sidentiel n\\u00b0 26-284 portant convocation\",\"inLanguage\":\"fr-FR\",\"isPartOf\":{\"@id\":\"https:\\\/\\\/lasentinelle.dz\\\/#website\"},\"breadcrumb\":{\"@id\":\"https:\\\/\\\/lasentinelle.dz\\\/index.php\\\/2026\\\/09\\\/02\\\/retrait-des-dossiers-de-candidature-aux-locales-les-precisions-de-lanie\\\/#breadcrumblist\"},\"author\":{\"@id\":\"https:\\\/\\\/lasentinelle.dz\\\/author\\\/admin\\\/#author\"},\"creator\":{\"@id\":\"https:\\\/\\\/lasentinelle.dz\\\/author\\\/admin\\\/#author\"},\"image\":{\"@type\":\"ImageObject\",\"url\":\"https:\\\/\\\/lasentinelle.dz\\\/wp-content\\\/uploads\\\/2026\\\/05\\\/ANIE.jpg\",\"@id\":\"https:\\\/\\\/lasentinelle.dz\\\/index.php\\\/2026\\\/09\\\/02\\\/retrait-des-dossiers-de-candidature-aux-locales-les-precisions-de-lanie\\\/#mainImage\",\"width\":780,\"height\":470},\"primaryImageOfPage\":{\"@id\":\"https:\\\/\\\/lasentinelle.dz\\\/index.php\\\/2026\\\/09\\\/02\\\/retrait-des-dossiers-de-candidature-aux-locales-les-precisions-de-lanie\\\/#mainImage\"},\"datePublished\":\"2026-09-02T12:48:03+01:00\",\"dateModified\":\"2026-09-02T12:48:05+01:00\"},{\"@type\":\"WebSite\",\"@id\":\"https:\\\/\\\/lasentinelle.dz\\\/#website\",\"url\":\"https:\\\/\\\/lasentinelle.dz\\\/\",\"name\":\"La Sentinelle\",\"description\":\"Quotidien national d'information\",\"inLanguage\":\"fr-FR\",\"publisher\":{\"@id\":\"https:\\\/\\\/lasentinelle.dz\\\/#organization\"}}]}\n\t\t<\/script>\n\t\t<!-- All in One SEO -->\n\n","aioseo_head_json":{"title":"Retrait des dossiers de candidature aux locales : Les pr\u00e9cisions de l\u2019ANIE - La Sentinelle","description":"L'Autorit\u00e9 nationale ind\u00e9pendante des \u00e9lections (ANIE) a apport\u00e9, mardi, des pr\u00e9cisions sur les modalit\u00e9s de retrait du dossier de d\u00e9claration collective de candidature et des formulaires de souscription des signatures individuelles, en vue des \u00e9lections locales pr\u00e9vues le 28 novembre prochain. Dans un communiqu\u00e9, l'Autorit\u00e9 indique que, \"conform\u00e9ment au d\u00e9cret pr\u00e9sidentiel n\u00b0 26-284 portant convocation","canonical_url":"https:\/\/lasentinelle.dz\/index.php\/2026\/09\/02\/retrait-des-dossiers-de-candidature-aux-locales-les-precisions-de-lanie\/","robots":"max-image-preview:large","keywords":"","webmasterTools":{"miscellaneous":""},"schema":{"@context":"https:\/\/schema.org","@graph":[{"@type":"BlogPosting","@id":"https:\/\/lasentinelle.dz\/index.php\/2026\/09\/02\/retrait-des-dossiers-de-candidature-aux-locales-les-precisions-de-lanie\/#blogposting","name":"Retrait des dossiers de candidature aux locales : Les pr\u00e9cisions de l\u2019ANIE - La Sentinelle","headline":"Retrait des dossiers de candidature aux locales\u00a0: Les pr\u00e9cisions de l\u2019ANIE","author":{"@id":"https:\/\/lasentinelle.dz\/author\/admin\/#author"},"publisher":{"@id":"https:\/\/lasentinelle.dz\/#organization"},"image":{"@type":"ImageObject","url":"https:\/\/lasentinelle.dz\/wp-content\/uploads\/2026\/05\/ANIE.jpg","width":780,"height":470},"datePublished":"2026-09-02T12:48:03+01:00","dateModified":"2026-09-02T12:48:05+01:00","inLanguage":"fr-FR","mainEntityOfPage":{"@id":"https:\/\/lasentinelle.dz\/index.php\/2026\/09\/02\/retrait-des-dossiers-de-candidature-aux-locales-les-precisions-de-lanie\/#webpage"},"isPartOf":{"@id":"https:\/\/lasentinelle.dz\/index.php\/2026\/09\/02\/retrait-des-dossiers-de-candidature-aux-locales-les-precisions-de-lanie\/#webpage"},"articleSection":"Politique"},{"@type":"BreadcrumbList","@id":"https:\/\/lasentinelle.dz\/index.php\/2026\/09\/02\/retrait-des-dossiers-de-candidature-aux-locales-les-precisions-de-lanie\/#breadcrumblist","itemListElement":[{"@type":"ListItem","@id":"https:\/\/lasentinelle.dz#listItem","position":1,"name":"Home","item":"https:\/\/lasentinelle.dz","nextItem":{"@type":"ListItem","@id":"https:\/\/lasentinelle.dz\/index.php\/category\/politique\/#listItem","name":"Politique"}},{"@type":"ListItem","@id":"https:\/\/lasentinelle.dz\/index.php\/category\/politique\/#listItem","position":2,"name":"Politique","item":"https:\/\/lasentinelle.dz\/index.php\/category\/politique\/","nextItem":{"@type":"ListItem","@id":"https:\/\/lasentinelle.dz\/index.php\/2026\/09\/02\/retrait-des-dossiers-de-candidature-aux-locales-les-precisions-de-lanie\/#listItem","name":"Retrait des dossiers de candidature aux locales\u00a0: Les pr\u00e9cisions de l\u2019ANIE"},"previousItem":{"@type":"ListItem","@id":"https:\/\/lasentinelle.dz#listItem","name":"Home"}},{"@type":"ListItem","@id":"https:\/\/lasentinelle.dz\/index.php\/2026\/09\/02\/retrait-des-dossiers-de-candidature-aux-locales-les-precisions-de-lanie\/#listItem","position":3,"name":"Retrait des dossiers de candidature aux locales\u00a0: Les pr\u00e9cisions de l\u2019ANIE","previousItem":{"@type":"ListItem","@id":"https:\/\/lasentinelle.dz\/index.php\/category\/politique\/#listItem","name":"Politique"}}]},{"@type":"Organization","@id":"https:\/\/lasentinelle.dz\/#organization","name":"La Sentinelle La Sentinelle","description":"Quotidien national d'information","url":"https:\/\/lasentinelle.dz\/","logo":{"@type":"ImageObject","url":"https:\/\/lasentinelle.dz\/wp-content\/uploads\/2021\/09\/cropped-la-sentinelle-earth-golden-anima-5.gif","@id":"https:\/\/lasentinelle.dz\/index.php\/2026\/09\/02\/retrait-des-dossiers-de-candidature-aux-locales-les-precisions-de-lanie\/#organizationLogo","width":450,"height":213},"image":{"@id":"https:\/\/lasentinelle.dz\/index.php\/2026\/09\/02\/retrait-des-dossiers-de-candidature-aux-locales-les-precisions-de-lanie\/#organizationLogo"},"sameAs":["https:\/\/www.facebook.com\/azzedine.lasentinelle.1"]},{"@type":"Person","@id":"https:\/\/lasentinelle.dz\/author\/admin\/#author","url":"https:\/\/lasentinelle.dz\/author\/admin\/","name":"admin","image":{"@type":"ImageObject","@id":"https:\/\/lasentinelle.dz\/index.php\/2026\/09\/02\/retrait-des-dossiers-de-candidature-aux-locales-les-precisions-de-lanie\/#authorImage","url":"https:\/\/secure.gravatar.com\/avatar\/4c81fed838786e9b53f540bf46533e750f5d292099ae3b66cfc6fb1982e29df7?s=96&d=mm&r=g","width":96,"height":96,"caption":"admin"}},{"@type":"WebPage","@id":"https:\/\/lasentinelle.dz\/index.php\/2026\/09\/02\/retrait-des-dossiers-de-candidature-aux-locales-les-precisions-de-lanie\/#webpage","url":"https:\/\/lasentinelle.dz\/index.php\/2026\/09\/02\/retrait-des-dossiers-de-candidature-aux-locales-les-precisions-de-lanie\/","name":"Retrait des dossiers de candidature aux locales : Les pr\u00e9cisions de l\u2019ANIE - La Sentinelle","description":"L'Autorit\u00e9 nationale ind\u00e9pendante des \u00e9lections (ANIE) a apport\u00e9, mardi, des pr\u00e9cisions sur les modalit\u00e9s de retrait du dossier de d\u00e9claration collective de candidature et des formulaires de souscription des signatures individuelles, en vue des \u00e9lections locales pr\u00e9vues le 28 novembre prochain. Dans un communiqu\u00e9, l'Autorit\u00e9 indique que, \"conform\u00e9ment au d\u00e9cret pr\u00e9sidentiel n\u00b0 26-284 portant convocation","inLanguage":"fr-FR","isPartOf":{"@id":"https:\/\/lasentinelle.dz\/#website"},"breadcrumb":{"@id":"https:\/\/lasentinelle.dz\/index.php\/2026\/09\/02\/retrait-des-dossiers-de-candidature-aux-locales-les-precisions-de-lanie\/#breadcrumblist"},"author":{"@id":"https:\/\/lasentinelle.dz\/author\/admin\/#author"},"creator":{"@id":"https:\/\/lasentinelle.dz\/author\/admin\/#author"},"image":{"@type":"ImageObject","url":"https:\/\/lasentinelle.dz\/wp-content\/uploads\/2026\/05\/ANIE.jpg","@id":"https:\/\/lasentinelle.dz\/index.php\/2026\/09\/02\/retrait-des-dossiers-de-candidature-aux-locales-les-precisions-de-lanie\/#mainImage","width":780,"height":470},"primaryImageOfPage":{"@id":"https:\/\/lasentinelle.dz\/index.php\/2026\/09\/02\/retrait-des-dossiers-de-candidature-aux-locales-les-precisions-de-lanie\/#mainImage"},"datePublished":"2026-09-02T12:48:03+01:00","dateModified":"2026-09-02T12:48:05+01:00"},{"@type":"WebSite","@id":"https:\/\/lasentinelle.dz\/#website","url":"https:\/\/lasentinelle.dz\/","name":"La Sentinelle","description":"Quotidien national d'information","inLanguage":"fr-FR","publisher":{"@id":"https:\/\/lasentinelle.dz\/#organization"}}]},"og:locale":"fr_FR","og:site_name":"La Sentinelle - Quotidien national d'information","og:type":"article","og:title":"Retrait des dossiers de candidature aux locales : Les pr\u00e9cisions de l\u2019ANIE - La Sentinelle","og:description":"L'Autorit\u00e9 nationale ind\u00e9pendante des \u00e9lections (ANIE) a apport\u00e9, mardi, des pr\u00e9cisions sur les modalit\u00e9s de retrait du dossier de d\u00e9claration collective de candidature et des formulaires de souscription des signatures individuelles, en vue des \u00e9lections locales pr\u00e9vues le 28 novembre prochain. Dans un communiqu\u00e9, l'Autorit\u00e9 indique que, &quot;conform\u00e9ment au d\u00e9cret pr\u00e9sidentiel n\u00b0 26-284 portant convocation","og:url":"https:\/\/lasentinelle.dz\/index.php\/2026\/09\/02\/retrait-des-dossiers-de-candidature-aux-locales-les-precisions-de-lanie\/","og:image":"https:\/\/lasentinelle.dz\/wp-content\/uploads\/2021\/09\/cropped-la-sentinelle-earth-golden-anima-5.gif","og:image:secure_url":"https:\/\/lasentinelle.dz\/wp-content\/uploads\/2021\/09\/cropped-la-sentinelle-earth-golden-anima-5.gif","og:image:width":450,"og:image:height":213,"article:published_time":"2026-09-02T11:48:03+00:00","article:modified_time":"2026-09-02T11:48:05+00:00","article:publisher":"https:\/\/www.facebook.com\/azzedine.lasentinelle.1","twitter:card":"summary_large_image","twitter:title":"Retrait des dossiers de candidature aux locales : Les pr\u00e9cisions de l\u2019ANIE - La Sentinelle","twitter:description":"L'Autorit\u00e9 nationale ind\u00e9pendante des \u00e9lections (ANIE) a apport\u00e9, mardi, des pr\u00e9cisions sur les modalit\u00e9s de retrait du dossier de d\u00e9claration collective de candidature et des formulaires de souscription des signatures individuelles, en vue des \u00e9lections locales pr\u00e9vues le 28 novembre prochain. Dans un communiqu\u00e9, l'Autorit\u00e9 indique que, &quot;conform\u00e9ment au d\u00e9cret pr\u00e9sidentiel n\u00b0 26-284 portant convocation","twitter:image":"https:\/\/lasentinelle.dz\/wp-content\/uploads\/2021\/09\/cropped-la-sentinelle-earth-golden-anima-5.gif"},"aioseo_meta_data":{"post_id":"94866","title":null,"description":null,"keywords":null,"keyphrases":{"focus":{"keyphrase":"","score":0,"analysis":{"keyphraseInTitle":{"score":0,"maxScore":9,"error":1}}},"additional":[]},"primary_term":null,"canonical_url":null,"og_title":null,"og_description":null,"og_object_type":"default","og_image_type":"default","og_image_url":null,"og_image_width":null,"og_image_height":null,"og_image_custom_url":null,"og_image_custom_fields":null,"og_video":"","og_custom_url":null,"og_article_section":null,"og_article_tags":null,"twitter_use_og":false,"twitter_card":"default","twitter_image_type":"default","twitter_image_url":null,"twitter_image_custom_url":null,"twitter_image_custom_fields":null,"twitter_title":null,"twitter_description":null,"schema":{"blockGraphs":[],"customGraphs":[],"default":{"data":{"Article":[],"Course":[],"Dataset":[],"FAQPage":[],"Movie":[],"Person":[],"Product":[],"ProductReview":[],"Car":[],"Recipe":[],"Service":[],"SoftwareApplication":[],"WebPage":[]},"graphName":"BlogPosting","isEnabled":true},"graphs":[]},"schema_type":"default","schema_type_options":null,"pillar_content":false,"robots_default":true,"robots_noindex":false,"robots_noarchive":false,"robots_nosnippet":false,"robots_nofollow":false,"robots_noimageindex":false,"robots_noodp":false,"robots_notranslate":false,"robots_max_snippet":"-1","robots_max_videopreview":"-1","robots_max_imagepreview":"large","priority":null,"frequency":"default","local_seo":null,"breadcrumb_settings":null,"limit_modified_date":false,"ai":{"faqs":[],"keyPoints":[],"schemas":[],"titles":[],"descriptions":[],"socialPosts":{"email":{"subject":"","preview":"","content":""},"linkedin":[],"twitter":[],"facebook":[],"instagram":[]}},"created":"2026-09-02 11:48:06","updated":"2026-09-02 12:46:32","focus_keyword":null,"additional_keywords":null,"truseo_locale":null,"seo_analyzer_scan_date":null},"aioseo_breadcrumb":"<div class=\"aioseo-breadcrumbs\"><span class=\"aioseo-breadcrumb\">\n\t\t\t<a href=\"https:\/\/lasentinelle.dz\" title=\"Home\">Home<\/a>\n\t\t<\/span><span class=\"aioseo-breadcrumb-separator\">&raquo;<\/span><span class=\"aioseo-breadcrumb\">\n\t\t\t<a href=\"https:\/\/lasentinelle.dz\/index.php\/category\/politique\/\" title=\"Politique\">Politique<\/a>\n\t\t<\/span><span class=\"aioseo-breadcrumb-separator\">&raquo;<\/span><span class=\"aioseo-breadcrumb\">\n\t\t\tRetrait des dossiers de candidature aux locales : Les pr\u00e9cisions de l\u2019ANIE\n\t\t<\/span><\/div>","aioseo_breadcrumb_json":[{"label":"Home","link":"https:\/\/lasentinelle.dz"},{"label":"Politique","link":"https:\/\/lasentinelle.dz\/index.php\/category\/politique\/"},{"label":"Retrait des dossiers de candidature aux locales\u00a0: Les pr\u00e9cisions de l\u2019ANIE","link":"https:\/\/lasentinelle.dz\/index.php\/2026\/09\/02\/retrait-des-dossiers-de-candidature-aux-locales-les-precisions-de-lanie\/"}],"yoast_head":"<!-- This site is optimized with the Yoast SEO plugin v28.4 - https:\/\/yoast.com\/product\/yoast-seo-wordpress\/ -->\n<title>Retrait des dossiers de candidature aux locales\u00a0: Les pr\u00e9cisions de l\u2019ANIE - La Sentinelle<\/title>\n<meta name=\"robots\" content=\"index, follow, max-snippet:-1, max-image-preview:large, max-video-preview:-1\" \/>\n<link rel=\"canonical\" href=\"https:\/\/lasentinelle.dz\/index.php\/2026\/09\/02\/retrait-des-dossiers-de-candidature-aux-locales-les-precisions-de-lanie\/\" \/>\n<meta property=\"og:locale\" content=\"fr_FR\" \/>\n<meta property=\"og:type\" content=\"article\" \/>\n<meta property=\"og:title\" content=\"Retrait des dossiers de candidature aux locales\u00a0: Les pr\u00e9cisions de l\u2019ANIE - La Sentinelle\" \/>\n<meta property=\"og:description\" content=\"L&rsquo;Autorit\u00e9 nationale ind\u00e9pendante des \u00e9lections (ANIE) a apport\u00e9, mardi, des pr\u00e9cisions sur les modalit\u00e9s de retrait du dossier de d\u00e9claration\" \/>\n<meta property=\"og:url\" content=\"https:\/\/lasentinelle.dz\/index.php\/2026\/09\/02\/retrait-des-dossiers-de-candidature-aux-locales-les-precisions-de-lanie\/\" \/>\n<meta property=\"og:site_name\" content=\"La Sentinelle\" \/>\n<meta property=\"article:publisher\" content=\"https:\/\/www.facebook.com\/La-Sentinelle-104059864394773\" \/>\n<meta property=\"article:published_time\" content=\"2026-09-02T11:48:03+00:00\" \/>\n<meta property=\"article:modified_time\" content=\"2026-09-02T11:48:05+00:00\" \/>\n<meta property=\"og:image\" content=\"https:\/\/lasentinelle.dz\/wp-content\/uploads\/2026\/05\/ANIE.jpg\" \/>\n\t<meta property=\"og:image:width\" content=\"780\" \/>\n\t<meta property=\"og:image:height\" content=\"470\" \/>\n\t<meta property=\"og:image:type\" content=\"image\/jpeg\" \/>\n<meta name=\"author\" content=\"admin\" \/>\n<meta name=\"twitter:card\" content=\"summary_large_image\" \/>\n<meta name=\"twitter:label1\" content=\"\u00c9crit par\" \/>\n\t<meta name=\"twitter:data1\" content=\"admin\" \/>\n\t<meta name=\"twitter:label2\" content=\"Dur\u00e9e de lecture estim\u00e9e\" \/>\n\t<meta name=\"twitter:data2\" content=\"2 minutes\" \/>\n<script type=\"application\/ld+json\" class=\"yoast-schema-graph\">{\"@context\":\"https:\\\/\\\/schema.org\",\"@graph\":[{\"@type\":\"Article\",\"@id\":\"https:\\\/\\\/lasentinelle.dz\\\/index.php\\\/2026\\\/09\\\/02\\\/retrait-des-dossiers-de-candidature-aux-locales-les-precisions-de-lanie\\\/#article\",\"isPartOf\":{\"@id\":\"https:\\\/\\\/lasentinelle.dz\\\/index.php\\\/2026\\\/09\\\/02\\\/retrait-des-dossiers-de-candidature-aux-locales-les-precisions-de-lanie\\\/\"},\"author\":{\"name\":\"admin\",\"@id\":\"https:\\\/\\\/lasentinelle.dz\\\/#\\\/schema\\\/person\\\/729ee0024f24e0b8c5ec17232f8e8b41\"},\"headline\":\"Retrait des dossiers de candidature aux locales\u00a0: Les pr\u00e9cisions de l\u2019ANIE\",\"datePublished\":\"2026-09-02T11:48:03+00:00\",\"dateModified\":\"2026-09-02T11:48:05+00:00\",\"mainEntityOfPage\":{\"@id\":\"https:\\\/\\\/lasentinelle.dz\\\/index.php\\\/2026\\\/09\\\/02\\\/retrait-des-dossiers-de-candidature-aux-locales-les-precisions-de-lanie\\\/\"},\"wordCount\":370,\"commentCount\":0,\"publisher\":{\"@id\":\"https:\\\/\\\/lasentinelle.dz\\\/#organization\"},\"image\":{\"@id\":\"https:\\\/\\\/lasentinelle.dz\\\/index.php\\\/2026\\\/09\\\/02\\\/retrait-des-dossiers-de-candidature-aux-locales-les-precisions-de-lanie\\\/#primaryimage\"},\"thumbnailUrl\":\"https:\\\/\\\/lasentinelle.dz\\\/wp-content\\\/uploads\\\/2026\\\/05\\\/ANIE.jpg\",\"articleSection\":[\"Politique\"],\"inLanguage\":\"fr-FR\",\"potentialAction\":[{\"@type\":\"CommentAction\",\"name\":\"Comment\",\"target\":[\"https:\\\/\\\/lasentinelle.dz\\\/index.php\\\/2026\\\/09\\\/02\\\/retrait-des-dossiers-de-candidature-aux-locales-les-precisions-de-lanie\\\/#respond\"]}]},{\"@type\":\"WebPage\",\"@id\":\"https:\\\/\\\/lasentinelle.dz\\\/index.php\\\/2026\\\/09\\\/02\\\/retrait-des-dossiers-de-candidature-aux-locales-les-precisions-de-lanie\\\/\",\"url\":\"https:\\\/\\\/lasentinelle.dz\\\/index.php\\\/2026\\\/09\\\/02\\\/retrait-des-dossiers-de-candidature-aux-locales-les-precisions-de-lanie\\\/\",\"name\":\"Retrait des dossiers de candidature aux locales\u00a0: Les pr\u00e9cisions de l\u2019ANIE - La Sentinelle\",\"isPartOf\":{\"@id\":\"https:\\\/\\\/lasentinelle.dz\\\/#website\"},\"primaryImageOfPage\":{\"@id\":\"https:\\\/\\\/lasentinelle.dz\\\/index.php\\\/2026\\\/09\\\/02\\\/retrait-des-dossiers-de-candidature-aux-locales-les-precisions-de-lanie\\\/#primaryimage\"},\"image\":{\"@id\":\"https:\\\/\\\/lasentinelle.dz\\\/index.php\\\/2026\\\/09\\\/02\\\/retrait-des-dossiers-de-candidature-aux-locales-les-precisions-de-lanie\\\/#primaryimage\"},\"thumbnailUrl\":\"https:\\\/\\\/lasentinelle.dz\\\/wp-content\\\/uploads\\\/2026\\\/05\\\/ANIE.jpg\",\"datePublished\":\"2026-09-02T11:48:03+00:00\",\"dateModified\":\"2026-09-02T11:48:05+00:00\",\"breadcrumb\":{\"@id\":\"https:\\\/\\\/lasentinelle.dz\\\/index.php\\\/2026\\\/09\\\/02\\\/retrait-des-dossiers-de-candidature-aux-locales-les-precisions-de-lanie\\\/#breadcrumb\"},\"inLanguage\":\"fr-FR\",\"potentialAction\":[{\"@type\":\"ReadAction\",\"target\":[\"https:\\\/\\\/lasentinelle.dz\\\/index.php\\\/2026\\\/09\\\/02\\\/retrait-des-dossiers-de-candidature-aux-locales-les-precisions-de-lanie\\\/\"]}]},{\"@type\":\"ImageObject\",\"inLanguage\":\"fr-FR\",\"@id\":\"https:\\\/\\\/lasentinelle.dz\\\/index.php\\\/2026\\\/09\\\/02\\\/retrait-des-dossiers-de-candidature-aux-locales-les-precisions-de-lanie\\\/#primaryimage\",\"url\":\"https:\\\/\\\/lasentinelle.dz\\\/wp-content\\\/uploads\\\/2026\\\/05\\\/ANIE.jpg\",\"contentUrl\":\"https:\\\/\\\/lasentinelle.dz\\\/wp-content\\\/uploads\\\/2026\\\/05\\\/ANIE.jpg\",\"width\":780,\"height\":470},{\"@type\":\"BreadcrumbList\",\"@id\":\"https:\\\/\\\/lasentinelle.dz\\\/index.php\\\/2026\\\/09\\\/02\\\/retrait-des-dossiers-de-candidature-aux-locales-les-precisions-de-lanie\\\/#breadcrumb\",\"itemListElement\":[{\"@type\":\"ListItem\",\"position\":1,\"name\":\"Accueil\",\"item\":\"https:\\\/\\\/lasentinelle.dz\\\/\"},{\"@type\":\"ListItem\",\"position\":2,\"name\":\"Retrait des dossiers de candidature aux locales\u00a0: Les pr\u00e9cisions de l\u2019ANIE\"}]},{\"@type\":\"WebSite\",\"@id\":\"https:\\\/\\\/lasentinelle.dz\\\/#website\",\"url\":\"https:\\\/\\\/lasentinelle.dz\\\/\",\"name\":\"La Sentinelle\",\"description\":\"Quotidien national d&#039;information\",\"publisher\":{\"@id\":\"https:\\\/\\\/lasentinelle.dz\\\/#organization\"},\"potentialAction\":[{\"@type\":\"SearchAction\",\"target\":{\"@type\":\"EntryPoint\",\"urlTemplate\":\"https:\\\/\\\/lasentinelle.dz\\\/?s={search_term_string}\"},\"query-input\":{\"@type\":\"PropertyValueSpecification\",\"valueRequired\":true,\"valueName\":\"search_term_string\"}}],\"inLanguage\":\"fr-FR\"},{\"@type\":\"Organization\",\"@id\":\"https:\\\/\\\/lasentinelle.dz\\\/#organization\",\"name\":\"Quotidien La Sentinelle\",\"url\":\"https:\\\/\\\/lasentinelle.dz\\\/\",\"logo\":{\"@type\":\"ImageObject\",\"inLanguage\":\"fr-FR\",\"@id\":\"https:\\\/\\\/lasentinelle.dz\\\/#\\\/schema\\\/logo\\\/image\\\/\",\"url\":\"https:\\\/\\\/lasentinelle.dz\\\/wp-content\\\/uploads\\\/2021\\\/09\\\/logo-sentinelleSLOGAN-1.png\",\"contentUrl\":\"https:\\\/\\\/lasentinelle.dz\\\/wp-content\\\/uploads\\\/2021\\\/09\\\/logo-sentinelleSLOGAN-1.png\",\"width\":615,\"height\":142,\"caption\":\"Quotidien La Sentinelle\"},\"image\":{\"@id\":\"https:\\\/\\\/lasentinelle.dz\\\/#\\\/schema\\\/logo\\\/image\\\/\"},\"sameAs\":[\"https:\\\/\\\/www.facebook.com\\\/La-Sentinelle-104059864394773\"]},{\"@type\":\"Person\",\"@id\":\"https:\\\/\\\/lasentinelle.dz\\\/#\\\/schema\\\/person\\\/729ee0024f24e0b8c5ec17232f8e8b41\",\"name\":\"admin\",\"image\":{\"@type\":\"ImageObject\",\"inLanguage\":\"fr-FR\",\"@id\":\"https:\\\/\\\/secure.gravatar.com\\\/avatar\\\/4c81fed838786e9b53f540bf46533e750f5d292099ae3b66cfc6fb1982e29df7?s=96&d=mm&r=g\",\"url\":\"https:\\\/\\\/secure.gravatar.com\\\/avatar\\\/4c81fed838786e9b53f540bf46533e750f5d292099ae3b66cfc6fb1982e29df7?s=96&d=mm&r=g\",\"contentUrl\":\"https:\\\/\\\/secure.gravatar.com\\\/avatar\\\/4c81fed838786e9b53f540bf46533e750f5d292099ae3b66cfc6fb1982e29df7?s=96&d=mm&r=g\",\"caption\":\"admin\"},\"description\":\"admin\",\"url\":\"https:\\\/\\\/lasentinelle.dz\\\/author\\\/admin\\\/\"}]}<\/script>\n<!-- \/ Yoast SEO plugin. -->","yoast_head_json":{"title":"Retrait des dossiers de candidature aux locales\u00a0: Les pr\u00e9cisions de l\u2019ANIE - La Sentinelle","robots":{"index":"index","follow":"follow","max-snippet":"max-snippet:-1","max-image-preview":"max-image-preview:large","max-video-preview":"max-video-preview:-1"},"canonical":"https:\/\/lasentinelle.dz\/index.php\/2026\/09\/02\/retrait-des-dossiers-de-candidature-aux-locales-les-precisions-de-lanie\/","og_locale":"fr_FR","og_type":"article","og_title":"Retrait des dossiers de candidature aux locales\u00a0: Les pr\u00e9cisions de l\u2019ANIE - La Sentinelle","og_description":"L&rsquo;Autorit\u00e9 nationale ind\u00e9pendante des \u00e9lections (ANIE) a apport\u00e9, mardi, des pr\u00e9cisions sur les modalit\u00e9s de retrait du dossier de d\u00e9claration","og_url":"https:\/\/lasentinelle.dz\/index.php\/2026\/09\/02\/retrait-des-dossiers-de-candidature-aux-locales-les-precisions-de-lanie\/","og_site_name":"La Sentinelle","article_publisher":"https:\/\/www.facebook.com\/La-Sentinelle-104059864394773","article_published_time":"2026-09-02T11:48:03+00:00","article_modified_time":"2026-09-02T11:48:05+00:00","og_image":[{"width":780,"height":470,"url":"https:\/\/lasentinelle.dz\/wp-content\/uploads\/2026\/05\/ANIE.jpg","type":"image\/jpeg"}],"author":"admin","twitter_card":"summary_large_image","twitter_misc":{"\u00c9crit par":"admin","Dur\u00e9e de lecture estim\u00e9e":"2 minutes"},"schema":{"@context":"https:\/\/schema.org","@graph":[{"@type":"Article","@id":"https:\/\/lasentinelle.dz\/index.php\/2026\/09\/02\/retrait-des-dossiers-de-candidature-aux-locales-les-precisions-de-lanie\/#article","isPartOf":{"@id":"https:\/\/lasentinelle.dz\/index.php\/2026\/09\/02\/retrait-des-dossiers-de-candidature-aux-locales-les-precisions-de-lanie\/"},"author":{"name":"admin","@id":"https:\/\/lasentinelle.dz\/#\/schema\/person\/729ee0024f24e0b8c5ec17232f8e8b41"},"headline":"Retrait des dossiers de candidature aux locales\u00a0: Les pr\u00e9cisions de l\u2019ANIE","datePublished":"2026-09-02T11:48:03+00:00","dateModified":"2026-09-02T11:48:05+00:00","mainEntityOfPage":{"@id":"https:\/\/lasentinelle.dz\/index.php\/2026\/09\/02\/retrait-des-dossiers-de-candidature-aux-locales-les-precisions-de-lanie\/"},"wordCount":370,"commentCount":0,"publisher":{"@id":"https:\/\/lasentinelle.dz\/#organization"},"image":{"@id":"https:\/\/lasentinelle.dz\/index.php\/2026\/09\/02\/retrait-des-dossiers-de-candidature-aux-locales-les-precisions-de-lanie\/#primaryimage"},"thumbnailUrl":"https:\/\/lasentinelle.dz\/wp-content\/uploads\/2026\/05\/ANIE.jpg","articleSection":["Politique"],"inLanguage":"fr-FR","potentialAction":[{"@type":"CommentAction","name":"Comment","target":["https:\/\/lasentinelle.dz\/index.php\/2026\/09\/02\/retrait-des-dossiers-de-candidature-aux-locales-les-precisions-de-lanie\/#respond"]}]},{"@type":"WebPage","@id":"https:\/\/lasentinelle.dz\/index.php\/2026\/09\/02\/retrait-des-dossiers-de-candidature-aux-locales-les-precisions-de-lanie\/","url":"https:\/\/lasentinelle.dz\/index.php\/2026\/09\/02\/retrait-des-dossiers-de-candidature-aux-locales-les-precisions-de-lanie\/","name":"Retrait des dossiers de candidature aux locales\u00a0: Les pr\u00e9cisions de l\u2019ANIE - La Sentinelle","isPartOf":{"@id":"https:\/\/lasentinelle.dz\/#website"},"primaryImageOfPage":{"@id":"https:\/\/lasentinelle.dz\/index.php\/2026\/09\/02\/retrait-des-dossiers-de-candidature-aux-locales-les-precisions-de-lanie\/#primaryimage"},"image":{"@id":"https:\/\/lasentinelle.dz\/index.php\/2026\/09\/02\/retrait-des-dossiers-de-candidature-aux-locales-les-precisions-de-lanie\/#primaryimage"},"thumbnailUrl":"https:\/\/lasentinelle.dz\/wp-content\/uploads\/2026\/05\/ANIE.jpg","datePublished":"2026-09-02T11:48:03+00:00","dateModified":"2026-09-02T11:48:05+00:00","breadcrumb":{"@id":"https:\/\/lasentinelle.dz\/index.php\/2026\/09\/02\/retrait-des-dossiers-de-candidature-aux-locales-les-precisions-de-lanie\/#breadcrumb"},"inLanguage":"fr-FR","potentialAction":[{"@type":"ReadAction","target":["https:\/\/lasentinelle.dz\/index.php\/2026\/09\/02\/retrait-des-dossiers-de-candidature-aux-locales-les-precisions-de-lanie\/"]}]},{"@type":"ImageObject","inLanguage":"fr-FR","@id":"https:\/\/lasentinelle.dz\/index.php\/2026\/09\/02\/retrait-des-dossiers-de-candidature-aux-locales-les-precisions-de-lanie\/#primaryimage","url":"https:\/\/lasentinelle.dz\/wp-content\/uploads\/2026\/05\/ANIE.jpg","contentUrl":"https:\/\/lasentinelle.dz\/wp-content\/uploads\/2026\/05\/ANIE.jpg","width":780,"height":470},{"@type":"BreadcrumbList","@id":"https:\/\/lasentinelle.dz\/index.php\/2026\/09\/02\/retrait-des-dossiers-de-candidature-aux-locales-les-precisions-de-lanie\/#breadcrumb","itemListElement":[{"@type":"ListItem","position":1,"name":"Accueil","item":"https:\/\/lasentinelle.dz\/"},{"@type":"ListItem","position":2,"name":"Retrait des dossiers de candidature aux locales\u00a0: Les pr\u00e9cisions de l\u2019ANIE"}]},{"@type":"WebSite","@id":"https:\/\/lasentinelle.dz\/#website","url":"https:\/\/lasentinelle.dz\/","name":"La Sentinelle","description":"Quotidien national d&#039;information","publisher":{"@id":"https:\/\/lasentinelle.dz\/#organization"},"potentialAction":[{"@type":"SearchAction","target":{"@type":"EntryPoint","urlTemplate":"https:\/\/lasentinelle.dz\/?s={search_term_string}"},"query-input":{"@type":"PropertyValueSpecification","valueRequired":true,"valueName":"search_term_string"}}],"inLanguage":"fr-FR"},{"@type":"Organization","@id":"https:\/\/lasentinelle.dz\/#organization","name":"Quotidien La Sentinelle","url":"https:\/\/lasentinelle.dz\/","logo":{"@type":"ImageObject","inLanguage":"fr-FR","@id":"https:\/\/lasentinelle.dz\/#\/schema\/logo\/image\/","url":"https:\/\/lasentinelle.dz\/wp-content\/uploads\/2021\/09\/logo-sentinelleSLOGAN-1.png","contentUrl":"https:\/\/lasentinelle.dz\/wp-content\/uploads\/2021\/09\/logo-sentinelleSLOGAN-1.png","width":615,"height":142,"caption":"Quotidien La Sentinelle"},"image":{"@id":"https:\/\/lasentinelle.dz\/#\/schema\/logo\/image\/"},"sameAs":["https:\/\/www.facebook.com\/La-Sentinelle-104059864394773"]},{"@type":"Person","@id":"https:\/\/lasentinelle.dz\/#\/schema\/person\/729ee0024f24e0b8c5ec17232f8e8b41","name":"admin","image":{"@type":"ImageObject","inLanguage":"fr-FR","@id":"https:\/\/secure.gravatar.com\/avatar\/4c81fed838786e9b53f540bf46533e750f5d292099ae3b66cfc6fb1982e29df7?s=96&d=mm&r=g","url":"https:\/\/secure.gravatar.com\/avatar\/4c81fed838786e9b53f540bf46533e750f5d292099ae3b66cfc6fb1982e29df7?s=96&d=mm&r=g","contentUrl":"https:\/\/secure.gravatar.com\/avatar\/4c81fed838786e9b53f540bf46533e750f5d292099ae3b66cfc6fb1982e29df7?s=96&d=mm&r=g","caption":"admin"},"description":"admin","url":"https:\/\/lasentinelle.dz\/author\/admin\/"}]}},"_links":{"self":[{"href":"https:\/\/lasentinelle.dz\/index.php\/wp-json\/wp\/v2\/posts\/94866","targetHints":{"allow":["GET"]}}],"collection":[{"href":"https:\/\/lasentinelle.dz\/index.php\/wp-json\/wp\/v2\/posts"}],"about":[{"href":"https:\/\/lasentinelle.dz\/index.php\/wp-json\/wp\/v2\/types\/post"}],"author":[{"embeddable":true,"href":"https:\/\/lasentinelle.dz\/index.php\/wp-json\/wp\/v2\/users\/6"}],"replies":[{"embeddable":true,"href":"https:\/\/lasentinelle.dz\/index.php\/wp-json\/wp\/v2\/comments?post=94866"}],"version-history":[{"count":1,"href":"https:\/\/lasentinelle.dz\/index.php\/wp-json\/wp\/v2\/posts\/94866\/revisions"}],"predecessor-version":[{"id":94867,"href":"https:\/\/lasentinelle.dz\/index.php\/wp-json\/wp\/v2\/posts\/94866\/revisions\/94867"}],"wp:featuredmedia":[{"embeddable":true,"href":"https:\/\/lasentinelle.dz\/index.php\/wp-json\/wp\/v2\/media\/88540"}],"wp:attachment":[{"href":"https:\/\/lasentinelle.dz\/index.php\/wp-json\/wp\/v2\/media?parent=94866"}],"wp:term":[{"taxonomy":"category","embeddable":true,"href":"https:\/\/lasentinelle.dz\/index.php\/wp-json\/wp\/v2\/categories?post=94866"},{"taxonomy":"post_tag","embeddable":true,"href":"https:\/\/lasentinelle.dz\/index.php\/wp-json\/wp\/v2\/tags?post=94866"}],"curies":[{"name":"wp","href":"https:\/\/api.w.org\/{rel}","templated":true}]}}