{"id":94868,"date":"2026-09-02T12:49:27","date_gmt":"2026-09-02T11:49:27","guid":{"rendered":"https:\/\/lasentinelle.dz\/?p=94868"},"modified":"2026-09-02T12:49:30","modified_gmt":"2026-09-02T11:49:30","slug":"elections-locales-du-28-novembre-lanie-installe-29-coordinateurs-de-wilaya-pour-deployer-son-dispositif-sur-le-terrain","status":"publish","type":"post","link":"https:\/\/lasentinelle.dz\/index.php\/2026\/09\/02\/elections-locales-du-28-novembre-lanie-installe-29-coordinateurs-de-wilaya-pour-deployer-son-dispositif-sur-le-terrain\/","title":{"rendered":"\u00c9lections locales du 28 novembre\u00a0: L&rsquo;ANIE installe 29 coordinateurs de wilaya pour d\u00e9ployer son dispositif sur le terrain"},"content":{"rendered":"\n<p class=\"wp-block-paragraph\">Le pr\u00e9sident de l&rsquo;Autorit\u00e9 nationale ind\u00e9pendante des \u00e9lections (ANIE), Saad Arous, a proc\u00e9d\u00e9 \u00e0 l&rsquo;installation de 29 coordinateurs de wilaya de l&rsquo;instance \u00e9lectorale, en pr\u00e9vision de l&rsquo;\u00e9lection des membres des Assembl\u00e9es populaires communales et de wilaya, pr\u00e9vue le 28 novembre prochain, a indiqu\u00e9 mardi un communiqu\u00e9 de l&rsquo;Autorit\u00e9. L&rsquo;op\u00e9ration, d\u00e9roul\u00e9e lundi soir par visioconf\u00e9rence, s&rsquo;inscrit dans le cadre des pr\u00e9paratifs en cours pour ce scrutin, \u00e0 la suite de la convocation du corps \u00e9lectoral, et en application des dispositions de l&rsquo;article 30 de la loi organique relative au r\u00e9gime \u00e9lectoral, modifi\u00e9e et compl\u00e9t\u00e9e. Ont ainsi \u00e9t\u00e9 install\u00e9s les coordinateurs des wilayas de Chlef, Laghouat, Oum El Bouaghi, Batna, Biskra, Blida, Tamanrasset, Alger, Jijel, S\u00e9tif, Sa\u00efda, Skikda, Sidi Bel Abb\u00e8s, Annaba, Guelma, Constantine, M\u00e9d\u00e9a, Mostaganem, Ouargla, Oran, Boumerd\u00e8s, El Oued, Tipasa, Mila, A\u00efn Defla, Na\u00e2ma, Relizane, Messa\u00e2d et Bou Sa\u00e2da. \u00c0 cette occasion, M. Arous a soulign\u00e9 que l&rsquo;installation des coordinateurs de wilaya vient \u00ab renforcer la disponibilit\u00e9 institutionnelle et sur le terrain de l&rsquo;ANIE \u00bb, insistant sur \u00ab la n\u00e9cessit\u00e9 pour les coordinateurs de wilayas de se conformer aux dispositions l\u00e9gislatives et r\u00e9glementaires en vigueur et de faire preuve de neutralit\u00e9, d&rsquo;int\u00e9grit\u00e9 et d&rsquo;ind\u00e9pendance dans l&rsquo;exercice de leurs fonctions \u00bb. Il a, \u00e0 cet \u00e9gard, appel\u00e9 les nouveaux coordinateurs \u00e0 assumer leurs responsabilit\u00e9s avec \u00ab rigueur et efficacit\u00e9 \u00bb, tout en \u00ab renfor\u00e7ant la coordination et la synergie avec les diff\u00e9rents intervenants dans le processus \u00e9lectoral, en vue de contribuer au bon d\u00e9roulement de cette \u00e9ch\u00e9ance \u00e9lectorale \u00bb, conclut le communiqu\u00e9 de l&rsquo;ANIE.<\/p>\n\n\n\n<p class=\"wp-block-paragraph\">Cette installation intervient dans un calendrier \u00e9lectoral particuli\u00e8rement resserr\u00e9. Le pr\u00e9sident de la R\u00e9publique, Abdelmadjid Tebboune, a sign\u00e9 le 29 ao\u00fbt un d\u00e9cret pr\u00e9sidentiel convoquant le corps \u00e9lectoral pour le samedi 28 novembre 2026, une date in\u00e9dite puisqu&rsquo;elle rompt avec la tradition des scrutins organis\u00e9s le jeudi. Le m\u00eame texte a fix\u00e9 l&rsquo;ouverture de la r\u00e9vision exceptionnelle des listes \u00e9lectorales du dimanche 6 au jeudi 17 septembre, soit une op\u00e9ration de douze jours durant laquelle les citoyens non encore inscrits, ainsi que ceux ayant atteint l&rsquo;\u00e2ge de 18 ans r\u00e9volus le jour du scrutin, sont appel\u00e9s \u00e0 se pr\u00e9senter aupr\u00e8s des commissions communales de r\u00e9vision, munis d&rsquo;une pi\u00e8ce d&rsquo;identit\u00e9 et d&rsquo;un justificatif de domicile, ou \u00e0 effectuer leurs d\u00e9marches en ligne via la plateforme d\u00e9di\u00e9e de l&rsquo;ANIE. L&rsquo;Autorit\u00e9, dont le conseil avait d\u00e9j\u00e0 examin\u00e9 les dossiers li\u00e9s \u00e0 l&rsquo;organisation du scrutin, notamment la pr\u00e9paration et la distribution des documents \u00e9lectoraux vers les wilayas, pr\u00e9voit par ailleurs d&rsquo;organiser des rencontres r\u00e9gionales avec les coordonnateurs de wilaya et communaux \u00e0 Constantine, Oran, Ouargla et Alger.<\/p>\n\n\n\n<p class=\"wp-block-paragraph\">Ce d\u00e9ploiement institutionnel s&rsquo;accompagne d&rsquo;une coordination affich\u00e9e avec la Cour constitutionnelle. Sa pr\u00e9sidente, Le\u00efla Aslaoui, a re\u00e7u mardi une visite de courtoisie de Saad Arous, l&rsquo;occasion pour elle de le f\u00e9liciter pour sa nomination \u00e0 la t\u00eate de l&rsquo;ANIE, saluant \u00ab sa comp\u00e9tence av\u00e9r\u00e9e et sa longue exp\u00e9rience \u00bb, et d&rsquo;insister sur l&rsquo;imp\u00e9ratif du travail conjoint entre les deux institutions constitutionnelles, dans le cadre des pr\u00e9rogatives de contr\u00f4le que leur conf\u00e8re la Constitution de 2020, afin de garantir \u00ab le bon d\u00e9roulement, la transparence et l&rsquo;int\u00e9grit\u00e9 des \u00e9lections \u00e9lectorales \u00bb. M. Arous a de son c\u00f4t\u00e9 salu\u00e9 le \u00ab r\u00f4le central \u00bb de la Cour constitutionnelle lors des pr\u00e9c\u00e9dentes \u00e9ch\u00e9ances, la qualifiant de \u00ab soupape de s\u00e9curit\u00e9 du processus d\u00e9mocratique garantissant la libert\u00e9 du citoyen \u00e0 choisir ses repr\u00e9sentants \u00bb, avant de passer en revue les principaux chantiers en cours, dont la d\u00e9signation des coordonnateurs de wilaya, la r\u00e9vision des listes \u00e9lectorales et les actions de sensibilisation destin\u00e9es \u00e0 \u00ab garantir une participation responsable et consciente \u00e0 ces \u00e9lections \u00bb.<\/p>\n\n\n\n<p class=\"wp-block-paragraph\">Ce scrutin local, le premier organis\u00e9 sous l&rsquo;\u00e9gide du nouveau code \u00e9lectoral et de la loi r\u00e9nov\u00e9e sur les partis politiques, intervient dans la continuit\u00e9 institutionnelle des l\u00e9gislatives de juillet dernier. Les pr\u00e9c\u00e9dentes \u00e9lections locales, tenues le 27 novembre 2021, avaient consacr\u00e9 la pr\u00e9dominance du Front de lib\u00e9ration nationale, suivi du Rassemblement national d\u00e9mocratique, une configuration que la nouvelle architecture territoriale et le dispositif renforc\u00e9 de l&rsquo;ANIE entendent d\u00e9sormais encadrer dans des conditions de transparence renouvel\u00e9es.<\/p>\n\n\n\n<p class=\"wp-block-paragraph\">Massinissa Ra\u00efs<\/p>\n","protected":false},"excerpt":{"rendered":"<p>Le pr\u00e9sident de l&rsquo;Autorit\u00e9 nationale ind\u00e9pendante des \u00e9lections (ANIE), Saad Arous, a proc\u00e9d\u00e9 \u00e0 l&rsquo;installation de 29 coordinateurs de wilaya<\/p>\n","protected":false},"author":6,"featured_media":94869,"comment_status":"open","ping_status":"closed","sticky":false,"template":"","format":"standard","meta":{"colormag_page_container_layout":"default_layout","colormag_page_sidebar_layout":"default_layout","om_disable_all_campaigns":false,"_monsterinsights_skip_tracking":false,"footnotes":"","_wpscppro_dont_share_socialmedia":false,"_wpscppro_custom_social_share_image":0,"_facebook_share_type":"default","_twitter_share_type":"default","_linkedin_share_type":"default","_pinterest_share_type":"default","_linkedin_share_type_page":"","_instagram_share_type":"default","_medium_share_type":"default","_threads_share_type":"default","_google_business_share_type":"default","_bluesky_share_type":"default","_mastodon_share_type":"default","_selected_social_profile":[],"_wpsp_enable_custom_social_template":false,"_wpsp_social_scheduling":{"enabled":false,"datetime":null,"platforms":[],"status":"template_only","dateOption":"today","timeOption":"now","customDays":"","customHours":"","customDate":"","customTime":"","schedulingType":"absolute"},"_wpsp_active_default_template":true},"categories":[28],"tags":[],"class_list":["post-94868","post","type-post","status-publish","format-standard","has-post-thumbnail","hentry","category-politique"],"aioseo_notices":[],"aioseo_head":"\n\t\t<!-- All in One SEO 5.0.0.1 - aioseo.com -->\n\t<meta name=\"description\" content=\"Le pr\u00e9sident de l&#039;Autorit\u00e9 nationale ind\u00e9pendante des \u00e9lections (ANIE), Saad Arous, a proc\u00e9d\u00e9 \u00e0 l&#039;installation de 29 coordinateurs de wilaya de l&#039;instance \u00e9lectorale, en pr\u00e9vision de l&#039;\u00e9lection des membres des Assembl\u00e9es populaires communales et de wilaya, pr\u00e9vue le 28 novembre prochain, a indiqu\u00e9 mardi un communiqu\u00e9 de l&#039;Autorit\u00e9. L&#039;op\u00e9ration, d\u00e9roul\u00e9e lundi soir par visioconf\u00e9rence, s&#039;inscrit\" \/>\n\t<meta name=\"robots\" content=\"max-image-preview:large\" \/>\n\t<meta name=\"author\" content=\"admin\"\/>\n\t<link rel=\"canonical\" href=\"https:\/\/lasentinelle.dz\/index.php\/2026\/09\/02\/elections-locales-du-28-novembre-lanie-installe-29-coordinateurs-de-wilaya-pour-deployer-son-dispositif-sur-le-terrain\/\" \/>\n\t<meta name=\"generator\" content=\"All in One SEO (AIOSEO) 5.0.0.1\" \/>\n\t\t<meta property=\"og:locale\" content=\"fr_FR\" \/>\n\t\t<meta property=\"og:site_name\" content=\"La Sentinelle - Quotidien national d&#039;information\" \/>\n\t\t<meta property=\"og:type\" content=\"article\" \/>\n\t\t<meta property=\"og:title\" content=\"\u00c9lections locales du 28 novembre : L\u2019ANIE installe 29 coordinateurs de wilaya pour d\u00e9ployer son dispositif sur le terrain - La Sentinelle\" \/>\n\t\t<meta property=\"og:description\" content=\"Le pr\u00e9sident de l&#039;Autorit\u00e9 nationale ind\u00e9pendante des \u00e9lections (ANIE), Saad Arous, a proc\u00e9d\u00e9 \u00e0 l&#039;installation de 29 coordinateurs de wilaya de l&#039;instance \u00e9lectorale, en pr\u00e9vision de l&#039;\u00e9lection des membres des Assembl\u00e9es populaires communales et de wilaya, pr\u00e9vue le 28 novembre prochain, a indiqu\u00e9 mardi un communiqu\u00e9 de l&#039;Autorit\u00e9. L&#039;op\u00e9ration, d\u00e9roul\u00e9e lundi soir par visioconf\u00e9rence, s&#039;inscrit\" \/>\n\t\t<meta property=\"og:url\" content=\"https:\/\/lasentinelle.dz\/index.php\/2026\/09\/02\/elections-locales-du-28-novembre-lanie-installe-29-coordinateurs-de-wilaya-pour-deployer-son-dispositif-sur-le-terrain\/\" \/>\n\t\t<meta property=\"og:image\" content=\"https:\/\/lasentinelle.dz\/wp-content\/uploads\/2021\/09\/cropped-la-sentinelle-earth-golden-anima-5.gif\" \/>\n\t\t<meta property=\"og:image:secure_url\" content=\"https:\/\/lasentinelle.dz\/wp-content\/uploads\/2021\/09\/cropped-la-sentinelle-earth-golden-anima-5.gif\" \/>\n\t\t<meta property=\"og:image:width\" content=\"450\" \/>\n\t\t<meta property=\"og:image:height\" content=\"213\" \/>\n\t\t<meta property=\"article:published_time\" content=\"2026-09-02T11:49:27+00:00\" \/>\n\t\t<meta property=\"article:modified_time\" content=\"2026-09-02T11:49:30+00:00\" \/>\n\t\t<meta property=\"article:publisher\" content=\"https:\/\/www.facebook.com\/azzedine.lasentinelle.1\" \/>\n\t\t<meta name=\"twitter:card\" content=\"summary_large_image\" \/>\n\t\t<meta name=\"twitter:title\" content=\"\u00c9lections locales du 28 novembre : L\u2019ANIE installe 29 coordinateurs de wilaya pour d\u00e9ployer son dispositif sur le terrain - La Sentinelle\" \/>\n\t\t<meta name=\"twitter:description\" content=\"Le pr\u00e9sident de l&#039;Autorit\u00e9 nationale ind\u00e9pendante des \u00e9lections (ANIE), Saad Arous, a proc\u00e9d\u00e9 \u00e0 l&#039;installation de 29 coordinateurs de wilaya de l&#039;instance \u00e9lectorale, en pr\u00e9vision de l&#039;\u00e9lection des membres des Assembl\u00e9es populaires communales et de wilaya, pr\u00e9vue le 28 novembre prochain, a indiqu\u00e9 mardi un communiqu\u00e9 de l&#039;Autorit\u00e9. L&#039;op\u00e9ration, d\u00e9roul\u00e9e lundi soir par visioconf\u00e9rence, s&#039;inscrit\" \/>\n\t\t<meta name=\"twitter:image\" content=\"https:\/\/lasentinelle.dz\/wp-content\/uploads\/2021\/09\/cropped-la-sentinelle-earth-golden-anima-5.gif\" \/>\n\t\t<script type=\"application\/ld+json\" class=\"aioseo-schema\">\n\t\t\t{\"@context\":\"https:\\\/\\\/schema.org\",\"@graph\":[{\"@type\":\"BlogPosting\",\"@id\":\"https:\\\/\\\/lasentinelle.dz\\\/index.php\\\/2026\\\/09\\\/02\\\/elections-locales-du-28-novembre-lanie-installe-29-coordinateurs-de-wilaya-pour-deployer-son-dispositif-sur-le-terrain\\\/#blogposting\",\"name\":\"\\u00c9lections locales du 28 novembre : L\\u2019ANIE installe 29 coordinateurs de wilaya pour d\\u00e9ployer son dispositif sur le terrain - La Sentinelle\",\"headline\":\"\\u00c9lections locales du 28 novembre\\u00a0: L&rsquo;ANIE installe 29 coordinateurs de wilaya pour d\\u00e9ployer son dispositif sur le terrain\",\"author\":{\"@id\":\"https:\\\/\\\/lasentinelle.dz\\\/author\\\/admin\\\/#author\"},\"publisher\":{\"@id\":\"https:\\\/\\\/lasentinelle.dz\\\/#organization\"},\"image\":{\"@type\":\"ImageObject\",\"url\":\"https:\\\/\\\/lasentinelle.dz\\\/wp-content\\\/uploads\\\/2026\\\/09\\\/anie.jpg\",\"width\":1600,\"height\":1066},\"datePublished\":\"2026-09-02T12:49:27+01:00\",\"dateModified\":\"2026-09-02T12:49:30+01:00\",\"inLanguage\":\"fr-FR\",\"mainEntityOfPage\":{\"@id\":\"https:\\\/\\\/lasentinelle.dz\\\/index.php\\\/2026\\\/09\\\/02\\\/elections-locales-du-28-novembre-lanie-installe-29-coordinateurs-de-wilaya-pour-deployer-son-dispositif-sur-le-terrain\\\/#webpage\"},\"isPartOf\":{\"@id\":\"https:\\\/\\\/lasentinelle.dz\\\/index.php\\\/2026\\\/09\\\/02\\\/elections-locales-du-28-novembre-lanie-installe-29-coordinateurs-de-wilaya-pour-deployer-son-dispositif-sur-le-terrain\\\/#webpage\"},\"articleSection\":\"Politique\"},{\"@type\":\"BreadcrumbList\",\"@id\":\"https:\\\/\\\/lasentinelle.dz\\\/index.php\\\/2026\\\/09\\\/02\\\/elections-locales-du-28-novembre-lanie-installe-29-coordinateurs-de-wilaya-pour-deployer-son-dispositif-sur-le-terrain\\\/#breadcrumblist\",\"itemListElement\":[{\"@type\":\"ListItem\",\"@id\":\"https:\\\/\\\/lasentinelle.dz#listItem\",\"position\":1,\"name\":\"Home\",\"item\":\"https:\\\/\\\/lasentinelle.dz\",\"nextItem\":{\"@type\":\"ListItem\",\"@id\":\"https:\\\/\\\/lasentinelle.dz\\\/index.php\\\/category\\\/politique\\\/#listItem\",\"name\":\"Politique\"}},{\"@type\":\"ListItem\",\"@id\":\"https:\\\/\\\/lasentinelle.dz\\\/index.php\\\/category\\\/politique\\\/#listItem\",\"position\":2,\"name\":\"Politique\",\"item\":\"https:\\\/\\\/lasentinelle.dz\\\/index.php\\\/category\\\/politique\\\/\",\"nextItem\":{\"@type\":\"ListItem\",\"@id\":\"https:\\\/\\\/lasentinelle.dz\\\/index.php\\\/2026\\\/09\\\/02\\\/elections-locales-du-28-novembre-lanie-installe-29-coordinateurs-de-wilaya-pour-deployer-son-dispositif-sur-le-terrain\\\/#listItem\",\"name\":\"\\u00c9lections locales du 28 novembre\\u00a0: L&rsquo;ANIE installe 29 coordinateurs de wilaya pour d\\u00e9ployer son dispositif sur le terrain\"},\"previousItem\":{\"@type\":\"ListItem\",\"@id\":\"https:\\\/\\\/lasentinelle.dz#listItem\",\"name\":\"Home\"}},{\"@type\":\"ListItem\",\"@id\":\"https:\\\/\\\/lasentinelle.dz\\\/index.php\\\/2026\\\/09\\\/02\\\/elections-locales-du-28-novembre-lanie-installe-29-coordinateurs-de-wilaya-pour-deployer-son-dispositif-sur-le-terrain\\\/#listItem\",\"position\":3,\"name\":\"\\u00c9lections locales du 28 novembre\\u00a0: L&rsquo;ANIE installe 29 coordinateurs de wilaya pour d\\u00e9ployer son dispositif sur le terrain\",\"previousItem\":{\"@type\":\"ListItem\",\"@id\":\"https:\\\/\\\/lasentinelle.dz\\\/index.php\\\/category\\\/politique\\\/#listItem\",\"name\":\"Politique\"}}]},{\"@type\":\"Organization\",\"@id\":\"https:\\\/\\\/lasentinelle.dz\\\/#organization\",\"name\":\"La Sentinelle La Sentinelle\",\"description\":\"Quotidien national d'information\",\"url\":\"https:\\\/\\\/lasentinelle.dz\\\/\",\"logo\":{\"@type\":\"ImageObject\",\"url\":\"https:\\\/\\\/lasentinelle.dz\\\/wp-content\\\/uploads\\\/2021\\\/09\\\/cropped-la-sentinelle-earth-golden-anima-5.gif\",\"@id\":\"https:\\\/\\\/lasentinelle.dz\\\/index.php\\\/2026\\\/09\\\/02\\\/elections-locales-du-28-novembre-lanie-installe-29-coordinateurs-de-wilaya-pour-deployer-son-dispositif-sur-le-terrain\\\/#organizationLogo\",\"width\":450,\"height\":213},\"image\":{\"@id\":\"https:\\\/\\\/lasentinelle.dz\\\/index.php\\\/2026\\\/09\\\/02\\\/elections-locales-du-28-novembre-lanie-installe-29-coordinateurs-de-wilaya-pour-deployer-son-dispositif-sur-le-terrain\\\/#organizationLogo\"},\"sameAs\":[\"https:\\\/\\\/www.facebook.com\\\/azzedine.lasentinelle.1\"]},{\"@type\":\"Person\",\"@id\":\"https:\\\/\\\/lasentinelle.dz\\\/author\\\/admin\\\/#author\",\"url\":\"https:\\\/\\\/lasentinelle.dz\\\/author\\\/admin\\\/\",\"name\":\"admin\",\"image\":{\"@type\":\"ImageObject\",\"@id\":\"https:\\\/\\\/lasentinelle.dz\\\/index.php\\\/2026\\\/09\\\/02\\\/elections-locales-du-28-novembre-lanie-installe-29-coordinateurs-de-wilaya-pour-deployer-son-dispositif-sur-le-terrain\\\/#authorImage\",\"url\":\"https:\\\/\\\/secure.gravatar.com\\\/avatar\\\/4c81fed838786e9b53f540bf46533e750f5d292099ae3b66cfc6fb1982e29df7?s=96&d=mm&r=g\",\"width\":96,\"height\":96,\"caption\":\"admin\"}},{\"@type\":\"WebPage\",\"@id\":\"https:\\\/\\\/lasentinelle.dz\\\/index.php\\\/2026\\\/09\\\/02\\\/elections-locales-du-28-novembre-lanie-installe-29-coordinateurs-de-wilaya-pour-deployer-son-dispositif-sur-le-terrain\\\/#webpage\",\"url\":\"https:\\\/\\\/lasentinelle.dz\\\/index.php\\\/2026\\\/09\\\/02\\\/elections-locales-du-28-novembre-lanie-installe-29-coordinateurs-de-wilaya-pour-deployer-son-dispositif-sur-le-terrain\\\/\",\"name\":\"\\u00c9lections locales du 28 novembre : L\\u2019ANIE installe 29 coordinateurs de wilaya pour d\\u00e9ployer son dispositif sur le terrain - La Sentinelle\",\"description\":\"Le pr\\u00e9sident de l'Autorit\\u00e9 nationale ind\\u00e9pendante des \\u00e9lections (ANIE), Saad Arous, a proc\\u00e9d\\u00e9 \\u00e0 l'installation de 29 coordinateurs de wilaya de l'instance \\u00e9lectorale, en pr\\u00e9vision de l'\\u00e9lection des membres des Assembl\\u00e9es populaires communales et de wilaya, pr\\u00e9vue le 28 novembre prochain, a indiqu\\u00e9 mardi un communiqu\\u00e9 de l'Autorit\\u00e9. L'op\\u00e9ration, d\\u00e9roul\\u00e9e lundi soir par visioconf\\u00e9rence, s'inscrit\",\"inLanguage\":\"fr-FR\",\"isPartOf\":{\"@id\":\"https:\\\/\\\/lasentinelle.dz\\\/#website\"},\"breadcrumb\":{\"@id\":\"https:\\\/\\\/lasentinelle.dz\\\/index.php\\\/2026\\\/09\\\/02\\\/elections-locales-du-28-novembre-lanie-installe-29-coordinateurs-de-wilaya-pour-deployer-son-dispositif-sur-le-terrain\\\/#breadcrumblist\"},\"author\":{\"@id\":\"https:\\\/\\\/lasentinelle.dz\\\/author\\\/admin\\\/#author\"},\"creator\":{\"@id\":\"https:\\\/\\\/lasentinelle.dz\\\/author\\\/admin\\\/#author\"},\"image\":{\"@type\":\"ImageObject\",\"url\":\"https:\\\/\\\/lasentinelle.dz\\\/wp-content\\\/uploads\\\/2026\\\/09\\\/anie.jpg\",\"@id\":\"https:\\\/\\\/lasentinelle.dz\\\/index.php\\\/2026\\\/09\\\/02\\\/elections-locales-du-28-novembre-lanie-installe-29-coordinateurs-de-wilaya-pour-deployer-son-dispositif-sur-le-terrain\\\/#mainImage\",\"width\":1600,\"height\":1066},\"primaryImageOfPage\":{\"@id\":\"https:\\\/\\\/lasentinelle.dz\\\/index.php\\\/2026\\\/09\\\/02\\\/elections-locales-du-28-novembre-lanie-installe-29-coordinateurs-de-wilaya-pour-deployer-son-dispositif-sur-le-terrain\\\/#mainImage\"},\"datePublished\":\"2026-09-02T12:49:27+01:00\",\"dateModified\":\"2026-09-02T12:49:30+01:00\"},{\"@type\":\"WebSite\",\"@id\":\"https:\\\/\\\/lasentinelle.dz\\\/#website\",\"url\":\"https:\\\/\\\/lasentinelle.dz\\\/\",\"name\":\"La Sentinelle\",\"description\":\"Quotidien national d'information\",\"inLanguage\":\"fr-FR\",\"publisher\":{\"@id\":\"https:\\\/\\\/lasentinelle.dz\\\/#organization\"}}]}\n\t\t<\/script>\n\t\t<!-- All in One SEO -->\n\n","aioseo_head_json":{"title":"\u00c9lections locales du 28 novembre : L\u2019ANIE installe 29 coordinateurs de wilaya pour d\u00e9ployer son dispositif sur le terrain - La Sentinelle","description":"Le pr\u00e9sident de l'Autorit\u00e9 nationale ind\u00e9pendante des \u00e9lections (ANIE), Saad Arous, a proc\u00e9d\u00e9 \u00e0 l'installation de 29 coordinateurs de wilaya de l'instance \u00e9lectorale, en pr\u00e9vision de l'\u00e9lection des membres des Assembl\u00e9es populaires communales et de wilaya, pr\u00e9vue le 28 novembre prochain, a indiqu\u00e9 mardi un communiqu\u00e9 de l'Autorit\u00e9. L'op\u00e9ration, d\u00e9roul\u00e9e lundi soir par visioconf\u00e9rence, s'inscrit","canonical_url":"https:\/\/lasentinelle.dz\/index.php\/2026\/09\/02\/elections-locales-du-28-novembre-lanie-installe-29-coordinateurs-de-wilaya-pour-deployer-son-dispositif-sur-le-terrain\/","robots":"max-image-preview:large","keywords":"","webmasterTools":{"miscellaneous":""},"schema":{"@context":"https:\/\/schema.org","@graph":[{"@type":"BlogPosting","@id":"https:\/\/lasentinelle.dz\/index.php\/2026\/09\/02\/elections-locales-du-28-novembre-lanie-installe-29-coordinateurs-de-wilaya-pour-deployer-son-dispositif-sur-le-terrain\/#blogposting","name":"\u00c9lections locales du 28 novembre : L\u2019ANIE installe 29 coordinateurs de wilaya pour d\u00e9ployer son dispositif sur le terrain - La Sentinelle","headline":"\u00c9lections locales du 28 novembre\u00a0: L&rsquo;ANIE installe 29 coordinateurs de wilaya pour d\u00e9ployer son dispositif sur le terrain","author":{"@id":"https:\/\/lasentinelle.dz\/author\/admin\/#author"},"publisher":{"@id":"https:\/\/lasentinelle.dz\/#organization"},"image":{"@type":"ImageObject","url":"https:\/\/lasentinelle.dz\/wp-content\/uploads\/2026\/09\/anie.jpg","width":1600,"height":1066},"datePublished":"2026-09-02T12:49:27+01:00","dateModified":"2026-09-02T12:49:30+01:00","inLanguage":"fr-FR","mainEntityOfPage":{"@id":"https:\/\/lasentinelle.dz\/index.php\/2026\/09\/02\/elections-locales-du-28-novembre-lanie-installe-29-coordinateurs-de-wilaya-pour-deployer-son-dispositif-sur-le-terrain\/#webpage"},"isPartOf":{"@id":"https:\/\/lasentinelle.dz\/index.php\/2026\/09\/02\/elections-locales-du-28-novembre-lanie-installe-29-coordinateurs-de-wilaya-pour-deployer-son-dispositif-sur-le-terrain\/#webpage"},"articleSection":"Politique"},{"@type":"BreadcrumbList","@id":"https:\/\/lasentinelle.dz\/index.php\/2026\/09\/02\/elections-locales-du-28-novembre-lanie-installe-29-coordinateurs-de-wilaya-pour-deployer-son-dispositif-sur-le-terrain\/#breadcrumblist","itemListElement":[{"@type":"ListItem","@id":"https:\/\/lasentinelle.dz#listItem","position":1,"name":"Home","item":"https:\/\/lasentinelle.dz","nextItem":{"@type":"ListItem","@id":"https:\/\/lasentinelle.dz\/index.php\/category\/politique\/#listItem","name":"Politique"}},{"@type":"ListItem","@id":"https:\/\/lasentinelle.dz\/index.php\/category\/politique\/#listItem","position":2,"name":"Politique","item":"https:\/\/lasentinelle.dz\/index.php\/category\/politique\/","nextItem":{"@type":"ListItem","@id":"https:\/\/lasentinelle.dz\/index.php\/2026\/09\/02\/elections-locales-du-28-novembre-lanie-installe-29-coordinateurs-de-wilaya-pour-deployer-son-dispositif-sur-le-terrain\/#listItem","name":"\u00c9lections locales du 28 novembre\u00a0: L&rsquo;ANIE installe 29 coordinateurs de wilaya pour d\u00e9ployer son dispositif sur le terrain"},"previousItem":{"@type":"ListItem","@id":"https:\/\/lasentinelle.dz#listItem","name":"Home"}},{"@type":"ListItem","@id":"https:\/\/lasentinelle.dz\/index.php\/2026\/09\/02\/elections-locales-du-28-novembre-lanie-installe-29-coordinateurs-de-wilaya-pour-deployer-son-dispositif-sur-le-terrain\/#listItem","position":3,"name":"\u00c9lections locales du 28 novembre\u00a0: L&rsquo;ANIE installe 29 coordinateurs de wilaya pour d\u00e9ployer son dispositif sur le terrain","previousItem":{"@type":"ListItem","@id":"https:\/\/lasentinelle.dz\/index.php\/category\/politique\/#listItem","name":"Politique"}}]},{"@type":"Organization","@id":"https:\/\/lasentinelle.dz\/#organization","name":"La Sentinelle La Sentinelle","description":"Quotidien national d'information","url":"https:\/\/lasentinelle.dz\/","logo":{"@type":"ImageObject","url":"https:\/\/lasentinelle.dz\/wp-content\/uploads\/2021\/09\/cropped-la-sentinelle-earth-golden-anima-5.gif","@id":"https:\/\/lasentinelle.dz\/index.php\/2026\/09\/02\/elections-locales-du-28-novembre-lanie-installe-29-coordinateurs-de-wilaya-pour-deployer-son-dispositif-sur-le-terrain\/#organizationLogo","width":450,"height":213},"image":{"@id":"https:\/\/lasentinelle.dz\/index.php\/2026\/09\/02\/elections-locales-du-28-novembre-lanie-installe-29-coordinateurs-de-wilaya-pour-deployer-son-dispositif-sur-le-terrain\/#organizationLogo"},"sameAs":["https:\/\/www.facebook.com\/azzedine.lasentinelle.1"]},{"@type":"Person","@id":"https:\/\/lasentinelle.dz\/author\/admin\/#author","url":"https:\/\/lasentinelle.dz\/author\/admin\/","name":"admin","image":{"@type":"ImageObject","@id":"https:\/\/lasentinelle.dz\/index.php\/2026\/09\/02\/elections-locales-du-28-novembre-lanie-installe-29-coordinateurs-de-wilaya-pour-deployer-son-dispositif-sur-le-terrain\/#authorImage","url":"https:\/\/secure.gravatar.com\/avatar\/4c81fed838786e9b53f540bf46533e750f5d292099ae3b66cfc6fb1982e29df7?s=96&d=mm&r=g","width":96,"height":96,"caption":"admin"}},{"@type":"WebPage","@id":"https:\/\/lasentinelle.dz\/index.php\/2026\/09\/02\/elections-locales-du-28-novembre-lanie-installe-29-coordinateurs-de-wilaya-pour-deployer-son-dispositif-sur-le-terrain\/#webpage","url":"https:\/\/lasentinelle.dz\/index.php\/2026\/09\/02\/elections-locales-du-28-novembre-lanie-installe-29-coordinateurs-de-wilaya-pour-deployer-son-dispositif-sur-le-terrain\/","name":"\u00c9lections locales du 28 novembre : L\u2019ANIE installe 29 coordinateurs de wilaya pour d\u00e9ployer son dispositif sur le terrain - La Sentinelle","description":"Le pr\u00e9sident de l'Autorit\u00e9 nationale ind\u00e9pendante des \u00e9lections (ANIE), Saad Arous, a proc\u00e9d\u00e9 \u00e0 l'installation de 29 coordinateurs de wilaya de l'instance \u00e9lectorale, en pr\u00e9vision de l'\u00e9lection des membres des Assembl\u00e9es populaires communales et de wilaya, pr\u00e9vue le 28 novembre prochain, a indiqu\u00e9 mardi un communiqu\u00e9 de l'Autorit\u00e9. L'op\u00e9ration, d\u00e9roul\u00e9e lundi soir par visioconf\u00e9rence, s'inscrit","inLanguage":"fr-FR","isPartOf":{"@id":"https:\/\/lasentinelle.dz\/#website"},"breadcrumb":{"@id":"https:\/\/lasentinelle.dz\/index.php\/2026\/09\/02\/elections-locales-du-28-novembre-lanie-installe-29-coordinateurs-de-wilaya-pour-deployer-son-dispositif-sur-le-terrain\/#breadcrumblist"},"author":{"@id":"https:\/\/lasentinelle.dz\/author\/admin\/#author"},"creator":{"@id":"https:\/\/lasentinelle.dz\/author\/admin\/#author"},"image":{"@type":"ImageObject","url":"https:\/\/lasentinelle.dz\/wp-content\/uploads\/2026\/09\/anie.jpg","@id":"https:\/\/lasentinelle.dz\/index.php\/2026\/09\/02\/elections-locales-du-28-novembre-lanie-installe-29-coordinateurs-de-wilaya-pour-deployer-son-dispositif-sur-le-terrain\/#mainImage","width":1600,"height":1066},"primaryImageOfPage":{"@id":"https:\/\/lasentinelle.dz\/index.php\/2026\/09\/02\/elections-locales-du-28-novembre-lanie-installe-29-coordinateurs-de-wilaya-pour-deployer-son-dispositif-sur-le-terrain\/#mainImage"},"datePublished":"2026-09-02T12:49:27+01:00","dateModified":"2026-09-02T12:49:30+01:00"},{"@type":"WebSite","@id":"https:\/\/lasentinelle.dz\/#website","url":"https:\/\/lasentinelle.dz\/","name":"La Sentinelle","description":"Quotidien national d'information","inLanguage":"fr-FR","publisher":{"@id":"https:\/\/lasentinelle.dz\/#organization"}}]},"og:locale":"fr_FR","og:site_name":"La Sentinelle - Quotidien national d'information","og:type":"article","og:title":"\u00c9lections locales du 28 novembre : L\u2019ANIE installe 29 coordinateurs de wilaya pour d\u00e9ployer son dispositif sur le terrain - La Sentinelle","og:description":"Le pr\u00e9sident de l'Autorit\u00e9 nationale ind\u00e9pendante des \u00e9lections (ANIE), Saad Arous, a proc\u00e9d\u00e9 \u00e0 l'installation de 29 coordinateurs de wilaya de l'instance \u00e9lectorale, en pr\u00e9vision de l'\u00e9lection des membres des Assembl\u00e9es populaires communales et de wilaya, pr\u00e9vue le 28 novembre prochain, a indiqu\u00e9 mardi un communiqu\u00e9 de l'Autorit\u00e9. L'op\u00e9ration, d\u00e9roul\u00e9e lundi soir par visioconf\u00e9rence, s'inscrit","og:url":"https:\/\/lasentinelle.dz\/index.php\/2026\/09\/02\/elections-locales-du-28-novembre-lanie-installe-29-coordinateurs-de-wilaya-pour-deployer-son-dispositif-sur-le-terrain\/","og:image":"https:\/\/lasentinelle.dz\/wp-content\/uploads\/2021\/09\/cropped-la-sentinelle-earth-golden-anima-5.gif","og:image:secure_url":"https:\/\/lasentinelle.dz\/wp-content\/uploads\/2021\/09\/cropped-la-sentinelle-earth-golden-anima-5.gif","og:image:width":450,"og:image:height":213,"article:published_time":"2026-09-02T11:49:27+00:00","article:modified_time":"2026-09-02T11:49:30+00:00","article:publisher":"https:\/\/www.facebook.com\/azzedine.lasentinelle.1","twitter:card":"summary_large_image","twitter:title":"\u00c9lections locales du 28 novembre : L\u2019ANIE installe 29 coordinateurs de wilaya pour d\u00e9ployer son dispositif sur le terrain - La Sentinelle","twitter:description":"Le pr\u00e9sident de l'Autorit\u00e9 nationale ind\u00e9pendante des \u00e9lections (ANIE), Saad Arous, a proc\u00e9d\u00e9 \u00e0 l'installation de 29 coordinateurs de wilaya de l'instance \u00e9lectorale, en pr\u00e9vision de l'\u00e9lection des membres des Assembl\u00e9es populaires communales et de wilaya, pr\u00e9vue le 28 novembre prochain, a indiqu\u00e9 mardi un communiqu\u00e9 de l'Autorit\u00e9. L'op\u00e9ration, d\u00e9roul\u00e9e lundi soir par visioconf\u00e9rence, s'inscrit","twitter:image":"https:\/\/lasentinelle.dz\/wp-content\/uploads\/2021\/09\/cropped-la-sentinelle-earth-golden-anima-5.gif"},"aioseo_meta_data":{"post_id":"94868","title":null,"description":null,"keywords":null,"keyphrases":{"focus":{"keyphrase":"","score":0,"analysis":{"keyphraseInTitle":{"score":0,"maxScore":9,"error":1}}},"additional":[]},"primary_term":null,"canonical_url":null,"og_title":null,"og_description":null,"og_object_type":"default","og_image_type":"default","og_image_url":null,"og_image_width":null,"og_image_height":null,"og_image_custom_url":null,"og_image_custom_fields":null,"og_video":"","og_custom_url":null,"og_article_section":null,"og_article_tags":null,"twitter_use_og":false,"twitter_card":"default","twitter_image_type":"default","twitter_image_url":null,"twitter_image_custom_url":null,"twitter_image_custom_fields":null,"twitter_title":null,"twitter_description":null,"schema":{"blockGraphs":[],"customGraphs":[],"default":{"data":{"Article":[],"Course":[],"Dataset":[],"FAQPage":[],"Movie":[],"Person":[],"Product":[],"ProductReview":[],"Car":[],"Recipe":[],"Service":[],"SoftwareApplication":[],"WebPage":[]},"graphName":"BlogPosting","isEnabled":true},"graphs":[]},"schema_type":"default","schema_type_options":null,"pillar_content":false,"robots_default":true,"robots_noindex":false,"robots_noarchive":false,"robots_nosnippet":false,"robots_nofollow":false,"robots_noimageindex":false,"robots_noodp":false,"robots_notranslate":false,"robots_max_snippet":"-1","robots_max_videopreview":"-1","robots_max_imagepreview":"large","priority":null,"frequency":"default","local_seo":null,"breadcrumb_settings":null,"limit_modified_date":false,"ai":{"faqs":[],"keyPoints":[],"schemas":[],"titles":[],"descriptions":[],"socialPosts":{"email":{"subject":"","preview":"","content":""},"linkedin":[],"twitter":[],"facebook":[],"instagram":[]}},"created":"2026-09-02 11:49:30","updated":"2026-09-02 12:46:32","focus_keyword":null,"additional_keywords":null,"truseo_locale":null,"seo_analyzer_scan_date":null},"aioseo_breadcrumb":"<div class=\"aioseo-breadcrumbs\"><span class=\"aioseo-breadcrumb\">\n\t\t\t<a href=\"https:\/\/lasentinelle.dz\" title=\"Home\">Home<\/a>\n\t\t<\/span><span class=\"aioseo-breadcrumb-separator\">&raquo;<\/span><span class=\"aioseo-breadcrumb\">\n\t\t\t<a href=\"https:\/\/lasentinelle.dz\/index.php\/category\/politique\/\" title=\"Politique\">Politique<\/a>\n\t\t<\/span><span class=\"aioseo-breadcrumb-separator\">&raquo;<\/span><span class=\"aioseo-breadcrumb\">\n\t\t\t\u00c9lections locales du 28 novembre : L\u2019ANIE installe 29 coordinateurs de wilaya pour d\u00e9ployer son dispositif sur le terrain\n\t\t<\/span><\/div>","aioseo_breadcrumb_json":[{"label":"Home","link":"https:\/\/lasentinelle.dz"},{"label":"Politique","link":"https:\/\/lasentinelle.dz\/index.php\/category\/politique\/"},{"label":"\u00c9lections locales du 28 novembre\u00a0: L&rsquo;ANIE installe 29 coordinateurs de wilaya pour d\u00e9ployer son dispositif sur le terrain","link":"https:\/\/lasentinelle.dz\/index.php\/2026\/09\/02\/elections-locales-du-28-novembre-lanie-installe-29-coordinateurs-de-wilaya-pour-deployer-son-dispositif-sur-le-terrain\/"}],"yoast_head":"<!-- This site is optimized with the Yoast SEO plugin v28.4 - https:\/\/yoast.com\/product\/yoast-seo-wordpress\/ -->\n<title>\u00c9lections locales du 28 novembre\u00a0: L&rsquo;ANIE installe 29 coordinateurs de wilaya pour d\u00e9ployer son dispositif sur le terrain - La Sentinelle<\/title>\n<meta name=\"robots\" content=\"index, follow, max-snippet:-1, max-image-preview:large, max-video-preview:-1\" \/>\n<link rel=\"canonical\" href=\"https:\/\/lasentinelle.dz\/index.php\/2026\/09\/02\/elections-locales-du-28-novembre-lanie-installe-29-coordinateurs-de-wilaya-pour-deployer-son-dispositif-sur-le-terrain\/\" \/>\n<meta property=\"og:locale\" content=\"fr_FR\" \/>\n<meta property=\"og:type\" content=\"article\" \/>\n<meta property=\"og:title\" content=\"\u00c9lections locales du 28 novembre\u00a0: L&rsquo;ANIE installe 29 coordinateurs de wilaya pour d\u00e9ployer son dispositif sur le terrain - La Sentinelle\" \/>\n<meta property=\"og:description\" content=\"Le pr\u00e9sident de l&rsquo;Autorit\u00e9 nationale ind\u00e9pendante des \u00e9lections (ANIE), Saad Arous, a proc\u00e9d\u00e9 \u00e0 l&rsquo;installation de 29 coordinateurs de wilaya\" \/>\n<meta property=\"og:url\" content=\"https:\/\/lasentinelle.dz\/index.php\/2026\/09\/02\/elections-locales-du-28-novembre-lanie-installe-29-coordinateurs-de-wilaya-pour-deployer-son-dispositif-sur-le-terrain\/\" \/>\n<meta property=\"og:site_name\" content=\"La Sentinelle\" \/>\n<meta property=\"article:publisher\" content=\"https:\/\/www.facebook.com\/La-Sentinelle-104059864394773\" \/>\n<meta property=\"article:published_time\" content=\"2026-09-02T11:49:27+00:00\" \/>\n<meta property=\"article:modified_time\" content=\"2026-09-02T11:49:30+00:00\" \/>\n<meta property=\"og:image\" content=\"https:\/\/lasentinelle.dz\/wp-content\/uploads\/2026\/09\/anie.jpg\" \/>\n\t<meta property=\"og:image:width\" content=\"1600\" \/>\n\t<meta property=\"og:image:height\" content=\"1066\" \/>\n\t<meta property=\"og:image:type\" content=\"image\/jpeg\" \/>\n<meta name=\"author\" content=\"admin\" \/>\n<meta name=\"twitter:card\" content=\"summary_large_image\" \/>\n<meta name=\"twitter:label1\" content=\"\u00c9crit par\" \/>\n\t<meta name=\"twitter:data1\" content=\"admin\" \/>\n\t<meta name=\"twitter:label2\" content=\"Dur\u00e9e de lecture estim\u00e9e\" \/>\n\t<meta name=\"twitter:data2\" content=\"4 minutes\" \/>\n<script type=\"application\/ld+json\" class=\"yoast-schema-graph\">{\"@context\":\"https:\\\/\\\/schema.org\",\"@graph\":[{\"@type\":\"Article\",\"@id\":\"https:\\\/\\\/lasentinelle.dz\\\/index.php\\\/2026\\\/09\\\/02\\\/elections-locales-du-28-novembre-lanie-installe-29-coordinateurs-de-wilaya-pour-deployer-son-dispositif-sur-le-terrain\\\/#article\",\"isPartOf\":{\"@id\":\"https:\\\/\\\/lasentinelle.dz\\\/index.php\\\/2026\\\/09\\\/02\\\/elections-locales-du-28-novembre-lanie-installe-29-coordinateurs-de-wilaya-pour-deployer-son-dispositif-sur-le-terrain\\\/\"},\"author\":{\"name\":\"admin\",\"@id\":\"https:\\\/\\\/lasentinelle.dz\\\/#\\\/schema\\\/person\\\/729ee0024f24e0b8c5ec17232f8e8b41\"},\"headline\":\"\u00c9lections locales du 28 novembre\u00a0: L&rsquo;ANIE installe 29 coordinateurs de wilaya pour d\u00e9ployer son dispositif sur le terrain\",\"datePublished\":\"2026-09-02T11:49:27+00:00\",\"dateModified\":\"2026-09-02T11:49:30+00:00\",\"mainEntityOfPage\":{\"@id\":\"https:\\\/\\\/lasentinelle.dz\\\/index.php\\\/2026\\\/09\\\/02\\\/elections-locales-du-28-novembre-lanie-installe-29-coordinateurs-de-wilaya-pour-deployer-son-dispositif-sur-le-terrain\\\/\"},\"wordCount\":783,\"commentCount\":0,\"publisher\":{\"@id\":\"https:\\\/\\\/lasentinelle.dz\\\/#organization\"},\"image\":{\"@id\":\"https:\\\/\\\/lasentinelle.dz\\\/index.php\\\/2026\\\/09\\\/02\\\/elections-locales-du-28-novembre-lanie-installe-29-coordinateurs-de-wilaya-pour-deployer-son-dispositif-sur-le-terrain\\\/#primaryimage\"},\"thumbnailUrl\":\"https:\\\/\\\/lasentinelle.dz\\\/wp-content\\\/uploads\\\/2026\\\/09\\\/anie.jpg\",\"articleSection\":[\"Politique\"],\"inLanguage\":\"fr-FR\",\"potentialAction\":[{\"@type\":\"CommentAction\",\"name\":\"Comment\",\"target\":[\"https:\\\/\\\/lasentinelle.dz\\\/index.php\\\/2026\\\/09\\\/02\\\/elections-locales-du-28-novembre-lanie-installe-29-coordinateurs-de-wilaya-pour-deployer-son-dispositif-sur-le-terrain\\\/#respond\"]}]},{\"@type\":\"WebPage\",\"@id\":\"https:\\\/\\\/lasentinelle.dz\\\/index.php\\\/2026\\\/09\\\/02\\\/elections-locales-du-28-novembre-lanie-installe-29-coordinateurs-de-wilaya-pour-deployer-son-dispositif-sur-le-terrain\\\/\",\"url\":\"https:\\\/\\\/lasentinelle.dz\\\/index.php\\\/2026\\\/09\\\/02\\\/elections-locales-du-28-novembre-lanie-installe-29-coordinateurs-de-wilaya-pour-deployer-son-dispositif-sur-le-terrain\\\/\",\"name\":\"\u00c9lections locales du 28 novembre\u00a0: L&rsquo;ANIE installe 29 coordinateurs de wilaya pour d\u00e9ployer son dispositif sur le terrain - La Sentinelle\",\"isPartOf\":{\"@id\":\"https:\\\/\\\/lasentinelle.dz\\\/#website\"},\"primaryImageOfPage\":{\"@id\":\"https:\\\/\\\/lasentinelle.dz\\\/index.php\\\/2026\\\/09\\\/02\\\/elections-locales-du-28-novembre-lanie-installe-29-coordinateurs-de-wilaya-pour-deployer-son-dispositif-sur-le-terrain\\\/#primaryimage\"},\"image\":{\"@id\":\"https:\\\/\\\/lasentinelle.dz\\\/index.php\\\/2026\\\/09\\\/02\\\/elections-locales-du-28-novembre-lanie-installe-29-coordinateurs-de-wilaya-pour-deployer-son-dispositif-sur-le-terrain\\\/#primaryimage\"},\"thumbnailUrl\":\"https:\\\/\\\/lasentinelle.dz\\\/wp-content\\\/uploads\\\/2026\\\/09\\\/anie.jpg\",\"datePublished\":\"2026-09-02T11:49:27+00:00\",\"dateModified\":\"2026-09-02T11:49:30+00:00\",\"breadcrumb\":{\"@id\":\"https:\\\/\\\/lasentinelle.dz\\\/index.php\\\/2026\\\/09\\\/02\\\/elections-locales-du-28-novembre-lanie-installe-29-coordinateurs-de-wilaya-pour-deployer-son-dispositif-sur-le-terrain\\\/#breadcrumb\"},\"inLanguage\":\"fr-FR\",\"potentialAction\":[{\"@type\":\"ReadAction\",\"target\":[\"https:\\\/\\\/lasentinelle.dz\\\/index.php\\\/2026\\\/09\\\/02\\\/elections-locales-du-28-novembre-lanie-installe-29-coordinateurs-de-wilaya-pour-deployer-son-dispositif-sur-le-terrain\\\/\"]}]},{\"@type\":\"ImageObject\",\"inLanguage\":\"fr-FR\",\"@id\":\"https:\\\/\\\/lasentinelle.dz\\\/index.php\\\/2026\\\/09\\\/02\\\/elections-locales-du-28-novembre-lanie-installe-29-coordinateurs-de-wilaya-pour-deployer-son-dispositif-sur-le-terrain\\\/#primaryimage\",\"url\":\"https:\\\/\\\/lasentinelle.dz\\\/wp-content\\\/uploads\\\/2026\\\/09\\\/anie.jpg\",\"contentUrl\":\"https:\\\/\\\/lasentinelle.dz\\\/wp-content\\\/uploads\\\/2026\\\/09\\\/anie.jpg\",\"width\":1600,\"height\":1066},{\"@type\":\"BreadcrumbList\",\"@id\":\"https:\\\/\\\/lasentinelle.dz\\\/index.php\\\/2026\\\/09\\\/02\\\/elections-locales-du-28-novembre-lanie-installe-29-coordinateurs-de-wilaya-pour-deployer-son-dispositif-sur-le-terrain\\\/#breadcrumb\",\"itemListElement\":[{\"@type\":\"ListItem\",\"position\":1,\"name\":\"Accueil\",\"item\":\"https:\\\/\\\/lasentinelle.dz\\\/\"},{\"@type\":\"ListItem\",\"position\":2,\"name\":\"\u00c9lections locales du 28 novembre\u00a0: L&rsquo;ANIE installe 29 coordinateurs de wilaya pour d\u00e9ployer son dispositif sur le terrain\"}]},{\"@type\":\"WebSite\",\"@id\":\"https:\\\/\\\/lasentinelle.dz\\\/#website\",\"url\":\"https:\\\/\\\/lasentinelle.dz\\\/\",\"name\":\"La Sentinelle\",\"description\":\"Quotidien national d&#039;information\",\"publisher\":{\"@id\":\"https:\\\/\\\/lasentinelle.dz\\\/#organization\"},\"potentialAction\":[{\"@type\":\"SearchAction\",\"target\":{\"@type\":\"EntryPoint\",\"urlTemplate\":\"https:\\\/\\\/lasentinelle.dz\\\/?s={search_term_string}\"},\"query-input\":{\"@type\":\"PropertyValueSpecification\",\"valueRequired\":true,\"valueName\":\"search_term_string\"}}],\"inLanguage\":\"fr-FR\"},{\"@type\":\"Organization\",\"@id\":\"https:\\\/\\\/lasentinelle.dz\\\/#organization\",\"name\":\"Quotidien La Sentinelle\",\"url\":\"https:\\\/\\\/lasentinelle.dz\\\/\",\"logo\":{\"@type\":\"ImageObject\",\"inLanguage\":\"fr-FR\",\"@id\":\"https:\\\/\\\/lasentinelle.dz\\\/#\\\/schema\\\/logo\\\/image\\\/\",\"url\":\"https:\\\/\\\/lasentinelle.dz\\\/wp-content\\\/uploads\\\/2021\\\/09\\\/logo-sentinelleSLOGAN-1.png\",\"contentUrl\":\"https:\\\/\\\/lasentinelle.dz\\\/wp-content\\\/uploads\\\/2021\\\/09\\\/logo-sentinelleSLOGAN-1.png\",\"width\":615,\"height\":142,\"caption\":\"Quotidien La Sentinelle\"},\"image\":{\"@id\":\"https:\\\/\\\/lasentinelle.dz\\\/#\\\/schema\\\/logo\\\/image\\\/\"},\"sameAs\":[\"https:\\\/\\\/www.facebook.com\\\/La-Sentinelle-104059864394773\"]},{\"@type\":\"Person\",\"@id\":\"https:\\\/\\\/lasentinelle.dz\\\/#\\\/schema\\\/person\\\/729ee0024f24e0b8c5ec17232f8e8b41\",\"name\":\"admin\",\"image\":{\"@type\":\"ImageObject\",\"inLanguage\":\"fr-FR\",\"@id\":\"https:\\\/\\\/secure.gravatar.com\\\/avatar\\\/4c81fed838786e9b53f540bf46533e750f5d292099ae3b66cfc6fb1982e29df7?s=96&d=mm&r=g\",\"url\":\"https:\\\/\\\/secure.gravatar.com\\\/avatar\\\/4c81fed838786e9b53f540bf46533e750f5d292099ae3b66cfc6fb1982e29df7?s=96&d=mm&r=g\",\"contentUrl\":\"https:\\\/\\\/secure.gravatar.com\\\/avatar\\\/4c81fed838786e9b53f540bf46533e750f5d292099ae3b66cfc6fb1982e29df7?s=96&d=mm&r=g\",\"caption\":\"admin\"},\"description\":\"admin\",\"url\":\"https:\\\/\\\/lasentinelle.dz\\\/author\\\/admin\\\/\"}]}<\/script>\n<!-- \/ Yoast SEO plugin. -->","yoast_head_json":{"title":"\u00c9lections locales du 28 novembre\u00a0: L&rsquo;ANIE installe 29 coordinateurs de wilaya pour d\u00e9ployer son dispositif sur le terrain - La Sentinelle","robots":{"index":"index","follow":"follow","max-snippet":"max-snippet:-1","max-image-preview":"max-image-preview:large","max-video-preview":"max-video-preview:-1"},"canonical":"https:\/\/lasentinelle.dz\/index.php\/2026\/09\/02\/elections-locales-du-28-novembre-lanie-installe-29-coordinateurs-de-wilaya-pour-deployer-son-dispositif-sur-le-terrain\/","og_locale":"fr_FR","og_type":"article","og_title":"\u00c9lections locales du 28 novembre\u00a0: L&rsquo;ANIE installe 29 coordinateurs de wilaya pour d\u00e9ployer son dispositif sur le terrain - La Sentinelle","og_description":"Le pr\u00e9sident de l&rsquo;Autorit\u00e9 nationale ind\u00e9pendante des \u00e9lections (ANIE), Saad Arous, a proc\u00e9d\u00e9 \u00e0 l&rsquo;installation de 29 coordinateurs de wilaya","og_url":"https:\/\/lasentinelle.dz\/index.php\/2026\/09\/02\/elections-locales-du-28-novembre-lanie-installe-29-coordinateurs-de-wilaya-pour-deployer-son-dispositif-sur-le-terrain\/","og_site_name":"La Sentinelle","article_publisher":"https:\/\/www.facebook.com\/La-Sentinelle-104059864394773","article_published_time":"2026-09-02T11:49:27+00:00","article_modified_time":"2026-09-02T11:49:30+00:00","og_image":[{"width":1600,"height":1066,"url":"https:\/\/lasentinelle.dz\/wp-content\/uploads\/2026\/09\/anie.jpg","type":"image\/jpeg"}],"author":"admin","twitter_card":"summary_large_image","twitter_misc":{"\u00c9crit par":"admin","Dur\u00e9e de lecture estim\u00e9e":"4 minutes"},"schema":{"@context":"https:\/\/schema.org","@graph":[{"@type":"Article","@id":"https:\/\/lasentinelle.dz\/index.php\/2026\/09\/02\/elections-locales-du-28-novembre-lanie-installe-29-coordinateurs-de-wilaya-pour-deployer-son-dispositif-sur-le-terrain\/#article","isPartOf":{"@id":"https:\/\/lasentinelle.dz\/index.php\/2026\/09\/02\/elections-locales-du-28-novembre-lanie-installe-29-coordinateurs-de-wilaya-pour-deployer-son-dispositif-sur-le-terrain\/"},"author":{"name":"admin","@id":"https:\/\/lasentinelle.dz\/#\/schema\/person\/729ee0024f24e0b8c5ec17232f8e8b41"},"headline":"\u00c9lections locales du 28 novembre\u00a0: L&rsquo;ANIE installe 29 coordinateurs de wilaya pour d\u00e9ployer son dispositif sur le terrain","datePublished":"2026-09-02T11:49:27+00:00","dateModified":"2026-09-02T11:49:30+00:00","mainEntityOfPage":{"@id":"https:\/\/lasentinelle.dz\/index.php\/2026\/09\/02\/elections-locales-du-28-novembre-lanie-installe-29-coordinateurs-de-wilaya-pour-deployer-son-dispositif-sur-le-terrain\/"},"wordCount":783,"commentCount":0,"publisher":{"@id":"https:\/\/lasentinelle.dz\/#organization"},"image":{"@id":"https:\/\/lasentinelle.dz\/index.php\/2026\/09\/02\/elections-locales-du-28-novembre-lanie-installe-29-coordinateurs-de-wilaya-pour-deployer-son-dispositif-sur-le-terrain\/#primaryimage"},"thumbnailUrl":"https:\/\/lasentinelle.dz\/wp-content\/uploads\/2026\/09\/anie.jpg","articleSection":["Politique"],"inLanguage":"fr-FR","potentialAction":[{"@type":"CommentAction","name":"Comment","target":["https:\/\/lasentinelle.dz\/index.php\/2026\/09\/02\/elections-locales-du-28-novembre-lanie-installe-29-coordinateurs-de-wilaya-pour-deployer-son-dispositif-sur-le-terrain\/#respond"]}]},{"@type":"WebPage","@id":"https:\/\/lasentinelle.dz\/index.php\/2026\/09\/02\/elections-locales-du-28-novembre-lanie-installe-29-coordinateurs-de-wilaya-pour-deployer-son-dispositif-sur-le-terrain\/","url":"https:\/\/lasentinelle.dz\/index.php\/2026\/09\/02\/elections-locales-du-28-novembre-lanie-installe-29-coordinateurs-de-wilaya-pour-deployer-son-dispositif-sur-le-terrain\/","name":"\u00c9lections locales du 28 novembre\u00a0: L&rsquo;ANIE installe 29 coordinateurs de wilaya pour d\u00e9ployer son dispositif sur le terrain - La Sentinelle","isPartOf":{"@id":"https:\/\/lasentinelle.dz\/#website"},"primaryImageOfPage":{"@id":"https:\/\/lasentinelle.dz\/index.php\/2026\/09\/02\/elections-locales-du-28-novembre-lanie-installe-29-coordinateurs-de-wilaya-pour-deployer-son-dispositif-sur-le-terrain\/#primaryimage"},"image":{"@id":"https:\/\/lasentinelle.dz\/index.php\/2026\/09\/02\/elections-locales-du-28-novembre-lanie-installe-29-coordinateurs-de-wilaya-pour-deployer-son-dispositif-sur-le-terrain\/#primaryimage"},"thumbnailUrl":"https:\/\/lasentinelle.dz\/wp-content\/uploads\/2026\/09\/anie.jpg","datePublished":"2026-09-02T11:49:27+00:00","dateModified":"2026-09-02T11:49:30+00:00","breadcrumb":{"@id":"https:\/\/lasentinelle.dz\/index.php\/2026\/09\/02\/elections-locales-du-28-novembre-lanie-installe-29-coordinateurs-de-wilaya-pour-deployer-son-dispositif-sur-le-terrain\/#breadcrumb"},"inLanguage":"fr-FR","potentialAction":[{"@type":"ReadAction","target":["https:\/\/lasentinelle.dz\/index.php\/2026\/09\/02\/elections-locales-du-28-novembre-lanie-installe-29-coordinateurs-de-wilaya-pour-deployer-son-dispositif-sur-le-terrain\/"]}]},{"@type":"ImageObject","inLanguage":"fr-FR","@id":"https:\/\/lasentinelle.dz\/index.php\/2026\/09\/02\/elections-locales-du-28-novembre-lanie-installe-29-coordinateurs-de-wilaya-pour-deployer-son-dispositif-sur-le-terrain\/#primaryimage","url":"https:\/\/lasentinelle.dz\/wp-content\/uploads\/2026\/09\/anie.jpg","contentUrl":"https:\/\/lasentinelle.dz\/wp-content\/uploads\/2026\/09\/anie.jpg","width":1600,"height":1066},{"@type":"BreadcrumbList","@id":"https:\/\/lasentinelle.dz\/index.php\/2026\/09\/02\/elections-locales-du-28-novembre-lanie-installe-29-coordinateurs-de-wilaya-pour-deployer-son-dispositif-sur-le-terrain\/#breadcrumb","itemListElement":[{"@type":"ListItem","position":1,"name":"Accueil","item":"https:\/\/lasentinelle.dz\/"},{"@type":"ListItem","position":2,"name":"\u00c9lections locales du 28 novembre\u00a0: L&rsquo;ANIE installe 29 coordinateurs de wilaya pour d\u00e9ployer son dispositif sur le terrain"}]},{"@type":"WebSite","@id":"https:\/\/lasentinelle.dz\/#website","url":"https:\/\/lasentinelle.dz\/","name":"La Sentinelle","description":"Quotidien national d&#039;information","publisher":{"@id":"https:\/\/lasentinelle.dz\/#organization"},"potentialAction":[{"@type":"SearchAction","target":{"@type":"EntryPoint","urlTemplate":"https:\/\/lasentinelle.dz\/?s={search_term_string}"},"query-input":{"@type":"PropertyValueSpecification","valueRequired":true,"valueName":"search_term_string"}}],"inLanguage":"fr-FR"},{"@type":"Organization","@id":"https:\/\/lasentinelle.dz\/#organization","name":"Quotidien La Sentinelle","url":"https:\/\/lasentinelle.dz\/","logo":{"@type":"ImageObject","inLanguage":"fr-FR","@id":"https:\/\/lasentinelle.dz\/#\/schema\/logo\/image\/","url":"https:\/\/lasentinelle.dz\/wp-content\/uploads\/2021\/09\/logo-sentinelleSLOGAN-1.png","contentUrl":"https:\/\/lasentinelle.dz\/wp-content\/uploads\/2021\/09\/logo-sentinelleSLOGAN-1.png","width":615,"height":142,"caption":"Quotidien La Sentinelle"},"image":{"@id":"https:\/\/lasentinelle.dz\/#\/schema\/logo\/image\/"},"sameAs":["https:\/\/www.facebook.com\/La-Sentinelle-104059864394773"]},{"@type":"Person","@id":"https:\/\/lasentinelle.dz\/#\/schema\/person\/729ee0024f24e0b8c5ec17232f8e8b41","name":"admin","image":{"@type":"ImageObject","inLanguage":"fr-FR","@id":"https:\/\/secure.gravatar.com\/avatar\/4c81fed838786e9b53f540bf46533e750f5d292099ae3b66cfc6fb1982e29df7?s=96&d=mm&r=g","url":"https:\/\/secure.gravatar.com\/avatar\/4c81fed838786e9b53f540bf46533e750f5d292099ae3b66cfc6fb1982e29df7?s=96&d=mm&r=g","contentUrl":"https:\/\/secure.gravatar.com\/avatar\/4c81fed838786e9b53f540bf46533e750f5d292099ae3b66cfc6fb1982e29df7?s=96&d=mm&r=g","caption":"admin"},"description":"admin","url":"https:\/\/lasentinelle.dz\/author\/admin\/"}]}},"_links":{"self":[{"href":"https:\/\/lasentinelle.dz\/index.php\/wp-json\/wp\/v2\/posts\/94868","targetHints":{"allow":["GET"]}}],"collection":[{"href":"https:\/\/lasentinelle.dz\/index.php\/wp-json\/wp\/v2\/posts"}],"about":[{"href":"https:\/\/lasentinelle.dz\/index.php\/wp-json\/wp\/v2\/types\/post"}],"author":[{"embeddable":true,"href":"https:\/\/lasentinelle.dz\/index.php\/wp-json\/wp\/v2\/users\/6"}],"replies":[{"embeddable":true,"href":"https:\/\/lasentinelle.dz\/index.php\/wp-json\/wp\/v2\/comments?post=94868"}],"version-history":[{"count":2,"href":"https:\/\/lasentinelle.dz\/index.php\/wp-json\/wp\/v2\/posts\/94868\/revisions"}],"predecessor-version":[{"id":94871,"href":"https:\/\/lasentinelle.dz\/index.php\/wp-json\/wp\/v2\/posts\/94868\/revisions\/94871"}],"wp:featuredmedia":[{"embeddable":true,"href":"https:\/\/lasentinelle.dz\/index.php\/wp-json\/wp\/v2\/media\/94869"}],"wp:attachment":[{"href":"https:\/\/lasentinelle.dz\/index.php\/wp-json\/wp\/v2\/media?parent=94868"}],"wp:term":[{"taxonomy":"category","embeddable":true,"href":"https:\/\/lasentinelle.dz\/index.php\/wp-json\/wp\/v2\/categories?post=94868"},{"taxonomy":"post_tag","embeddable":true,"href":"https:\/\/lasentinelle.dz\/index.php\/wp-json\/wp\/v2\/tags?post=94868"}],"curies":[{"name":"wp","href":"https:\/\/api.w.org\/{rel}","templated":true}]}}