{"id":94872,"date":"2026-09-02T12:51:01","date_gmt":"2026-09-02T11:51:01","guid":{"rendered":"https:\/\/lasentinelle.dz\/?p=94872"},"modified":"2026-09-02T12:51:05","modified_gmt":"2026-09-02T11:51:05","slug":"tebboune-effectue-un-remaniement-ministeriel-partiel-ajuster-laction-de-lexecutif","status":"publish","type":"post","link":"https:\/\/lasentinelle.dz\/index.php\/2026\/09\/02\/tebboune-effectue-un-remaniement-ministeriel-partiel-ajuster-laction-de-lexecutif\/","title":{"rendered":"Tebboune effectue un remaniement minist\u00e9riel partiel\u00a0: Ajuster l&rsquo;action de l&rsquo;Ex\u00e9cutif"},"content":{"rendered":"\n<p class=\"wp-block-paragraph\">Quatre d\u00e9partements minist\u00e9riels changent de titulaire. Le pr\u00e9sident de la R\u00e9publique, Abdelmadjid Tebboune, a proc\u00e9d\u00e9 mardi \u00e0 un remaniement minist\u00e9riel partiel touchant les Finances, le Travail, l&rsquo;Agriculture et la Communication, un mouvement qui s&rsquo;inscrit dans le prolongement de la recomposition entam\u00e9e depuis plusieurs mois au sommet de l&rsquo;\u00c9tat, \u00e0 quelques semaines d&rsquo;une rentr\u00e9e sociale et dans un contexte encore marqu\u00e9 par la gestion des s\u00e9quelles des r\u00e9cents incendies.<\/p>\n\n\n\n<p class=\"wp-block-paragraph\">Le pr\u00e9sident de la R\u00e9publique, Chef supr\u00eame des Forces arm\u00e9es, ministre de la D\u00e9fense nationale, Abdelmadjid Tebboune, a proc\u00e9d\u00e9, mardi, apr\u00e8s consultation du Premier ministre Sifi Ghrieb, \u00e0 un remaniement minist\u00e9riel partiel touchant quatre secteurs, a annonc\u00e9 la Pr\u00e9sidence de la R\u00e9publique dans un communiqu\u00e9.<\/p>\n\n\n\n<p class=\"wp-block-paragraph\">Selon ce texte, le chef de l&rsquo;\u00c9tat a nomm\u00e9 Mohammed Lamine Lebbou, jusque-l\u00e0 gouverneur de la Banque d&rsquo;Alg\u00e9rie, au poste de ministre des Finances, en remplacement d&rsquo;Abdelkrim Bouzred. Mohamed Hattab, qui occupait depuis avril dernier la fonction de m\u00e9diateur de la R\u00e9publique, prend quant \u00e0 lui la t\u00eate du minist\u00e8re du Travail, de l&rsquo;Emploi et de la S\u00e9curit\u00e9 sociale, succ\u00e9dant \u00e0 Abdelhak Saihi. Le portefeuille de l&rsquo;Agriculture, du D\u00e9veloppement rural et de la P\u00eache revient \u00e0 l&rsquo;avocat Sid Ali Khaldi, ancien ministre de la Jeunesse et des Sports entre janvier 2020 et juillet 2021, qui prend la rel\u00e8ve de Yacine Oualid. Enfin, Mohamed Bouslimani fait son retour \u00e0 la Communication, portefeuille qu&rsquo;il avait d\u00e9j\u00e0 dirig\u00e9 de novembre 2021 \u00e0 juin 2023, en remplacement de Zoheir Bouamama, en poste depuis septembre 2025.<\/p>\n\n\n\n<p class=\"wp-block-paragraph\">Ce mouvement intervient dans un contexte particulier pour au moins deux des d\u00e9partements concern\u00e9s. Le d\u00e9sormais ex-ministre de l&rsquo;Agriculture, Yacine Oualid, avait tenu, le jour m\u00eame de son remplacement, une r\u00e9union de travail avec les cadres de son secteur consacr\u00e9e au suivi des incendies de for\u00eat qui ont ravag\u00e9, fin ao\u00fbt, plusieurs wilayas de l&rsquo;Est et du Centre du pays, faisant au moins douze morts et provoquant la destruction de vastes superficies agricoles et foresti\u00e8res, notamment \u00e0 Jijel, B\u00e9ja\u00efa et Tizi-Ouzou. Un drame qui avait conduit le pr\u00e9sident de la R\u00e9publique \u00e0 d\u00e9cr\u00e9ter trois jours de deuil national et \u00e0 instruire une r\u00e9vision du Code p\u00e9nal pour durcir les sanctions contre les auteurs d&rsquo;incendies volontaires.<\/p>\n\n\n\n<p class=\"wp-block-paragraph\">Ce r\u00e9am\u00e9nagement gouvernemental survient par ailleurs \u00e0 l&rsquo;approche d&rsquo;une rentr\u00e9e sociale plac\u00e9e sous surveillance, le calendrier de la rentr\u00e9e scolaire 2026-2027 ayant lui-m\u00eame \u00e9t\u00e9 d\u00e9cal\u00e9 au 21 septembre, sur instruction pr\u00e9sidentielle, en raison de conditions climatiques encore difficiles dans certaines r\u00e9gions du pays. Les nouveaux ministres du Travail et des Finances h\u00e9riteront ainsi de dossiers sensibles, entre pouvoir d&rsquo;achat, emploi et \u00e9quilibres budg\u00e9taires, lors que l&rsquo;appareil ex\u00e9cutif est appel\u00e9 \u00e0 d\u00e9montrer sa capacit\u00e9 de r\u00e9ponse rapide aux pr\u00e9occupations sociales.<\/p>\n\n\n\n<p class=\"wp-block-paragraph\">Ce remaniement partiel s&rsquo;inscrit plus largement dans une dynamique de recomposition de l&rsquo;appareil d&rsquo;\u00c9tat engag\u00e9e depuis le printemps. Mi-avril, le pr\u00e9sident Tebboune avait ainsi port\u00e9 Loun\u00e8s Bouzegza \u00e0 la t\u00eate du minist\u00e8re de l&rsquo;Hydraulique, secteur soumis \u00e0 une pression climatique croissante. Les quatre nouveaux ministres devraient prendre leurs fonctions rapidement, avec une feuille de route centr\u00e9e sur une rentr\u00e9e sociale o\u00f9 les dossiers \u00e9conomiques et sociaux s&rsquo;annoncent au c\u0153ur de l&rsquo;action gouvernementale.<\/p>\n\n\n\n<p class=\"wp-block-paragraph\">Hocine Fadheli<\/p>\n","protected":false},"excerpt":{"rendered":"<p>Quatre d\u00e9partements minist\u00e9riels changent de titulaire. Le pr\u00e9sident de la R\u00e9publique, Abdelmadjid Tebboune, a proc\u00e9d\u00e9 mardi \u00e0 un remaniement minist\u00e9riel<\/p>\n","protected":false},"author":6,"featured_media":94873,"comment_status":"open","ping_status":"closed","sticky":false,"template":"","format":"standard","meta":{"colormag_page_container_layout":"default_layout","colormag_page_sidebar_layout":"default_layout","om_disable_all_campaigns":false,"_monsterinsights_skip_tracking":false,"footnotes":"","_wpscppro_dont_share_socialmedia":false,"_wpscppro_custom_social_share_image":0,"_facebook_share_type":"default","_twitter_share_type":"default","_linkedin_share_type":"default","_pinterest_share_type":"default","_linkedin_share_type_page":"","_instagram_share_type":"default","_medium_share_type":"default","_threads_share_type":"default","_google_business_share_type":"default","_bluesky_share_type":"default","_mastodon_share_type":"default","_selected_social_profile":[],"_wpsp_enable_custom_social_template":false,"_wpsp_social_scheduling":{"enabled":false,"datetime":null,"platforms":[],"status":"template_only","dateOption":"today","timeOption":"now","customDays":"","customHours":"","customDate":"","customTime":"","schedulingType":"absolute"},"_wpsp_active_default_template":true},"categories":[52,27],"tags":[],"class_list":["post-94872","post","type-post","status-publish","format-standard","has-post-thumbnail","hentry","category-a-la-une","category-actualite"],"aioseo_notices":[],"aioseo_head":"\n\t\t<!-- All in One SEO 5.0.0.1 - aioseo.com -->\n\t<meta name=\"description\" content=\"Quatre d\u00e9partements minist\u00e9riels changent de titulaire. Le pr\u00e9sident de la R\u00e9publique, Abdelmadjid Tebboune, a proc\u00e9d\u00e9 mardi \u00e0 un remaniement minist\u00e9riel partiel touchant les Finances, le Travail, l&#039;Agriculture et la Communication, un mouvement qui s&#039;inscrit dans le prolongement de la recomposition entam\u00e9e depuis plusieurs mois au sommet de l&#039;\u00c9tat, \u00e0 quelques semaines d&#039;une rentr\u00e9e sociale et\" \/>\n\t<meta name=\"robots\" content=\"max-image-preview:large\" \/>\n\t<meta name=\"author\" content=\"admin\"\/>\n\t<link rel=\"canonical\" href=\"https:\/\/lasentinelle.dz\/index.php\/2026\/09\/02\/tebboune-effectue-un-remaniement-ministeriel-partiel-ajuster-laction-de-lexecutif\/\" \/>\n\t<meta name=\"generator\" content=\"All in One SEO (AIOSEO) 5.0.0.1\" \/>\n\t\t<meta property=\"og:locale\" content=\"fr_FR\" \/>\n\t\t<meta property=\"og:site_name\" content=\"La Sentinelle - Quotidien national d&#039;information\" \/>\n\t\t<meta property=\"og:type\" content=\"article\" \/>\n\t\t<meta property=\"og:title\" content=\"Tebboune effectue un remaniement minist\u00e9riel partiel : Ajuster l\u2019action de l\u2019Ex\u00e9cutif - La Sentinelle\" \/>\n\t\t<meta property=\"og:description\" content=\"Quatre d\u00e9partements minist\u00e9riels changent de titulaire. Le pr\u00e9sident de la R\u00e9publique, Abdelmadjid Tebboune, a proc\u00e9d\u00e9 mardi \u00e0 un remaniement minist\u00e9riel partiel touchant les Finances, le Travail, l&#039;Agriculture et la Communication, un mouvement qui s&#039;inscrit dans le prolongement de la recomposition entam\u00e9e depuis plusieurs mois au sommet de l&#039;\u00c9tat, \u00e0 quelques semaines d&#039;une rentr\u00e9e sociale et\" \/>\n\t\t<meta property=\"og:url\" content=\"https:\/\/lasentinelle.dz\/index.php\/2026\/09\/02\/tebboune-effectue-un-remaniement-ministeriel-partiel-ajuster-laction-de-lexecutif\/\" \/>\n\t\t<meta property=\"og:image\" content=\"https:\/\/lasentinelle.dz\/wp-content\/uploads\/2021\/09\/cropped-la-sentinelle-earth-golden-anima-5.gif\" \/>\n\t\t<meta property=\"og:image:secure_url\" content=\"https:\/\/lasentinelle.dz\/wp-content\/uploads\/2021\/09\/cropped-la-sentinelle-earth-golden-anima-5.gif\" \/>\n\t\t<meta property=\"og:image:width\" content=\"450\" \/>\n\t\t<meta property=\"og:image:height\" content=\"213\" \/>\n\t\t<meta property=\"article:published_time\" content=\"2026-09-02T11:51:01+00:00\" \/>\n\t\t<meta property=\"article:modified_time\" content=\"2026-09-02T11:51:05+00:00\" \/>\n\t\t<meta property=\"article:publisher\" content=\"https:\/\/www.facebook.com\/azzedine.lasentinelle.1\" \/>\n\t\t<meta name=\"twitter:card\" content=\"summary_large_image\" \/>\n\t\t<meta name=\"twitter:title\" content=\"Tebboune effectue un remaniement minist\u00e9riel partiel : Ajuster l\u2019action de l\u2019Ex\u00e9cutif - La Sentinelle\" \/>\n\t\t<meta name=\"twitter:description\" content=\"Quatre d\u00e9partements minist\u00e9riels changent de titulaire. Le pr\u00e9sident de la R\u00e9publique, Abdelmadjid Tebboune, a proc\u00e9d\u00e9 mardi \u00e0 un remaniement minist\u00e9riel partiel touchant les Finances, le Travail, l&#039;Agriculture et la Communication, un mouvement qui s&#039;inscrit dans le prolongement de la recomposition entam\u00e9e depuis plusieurs mois au sommet de l&#039;\u00c9tat, \u00e0 quelques semaines d&#039;une rentr\u00e9e sociale et\" \/>\n\t\t<meta name=\"twitter:image\" content=\"https:\/\/lasentinelle.dz\/wp-content\/uploads\/2021\/09\/cropped-la-sentinelle-earth-golden-anima-5.gif\" \/>\n\t\t<script type=\"application\/ld+json\" class=\"aioseo-schema\">\n\t\t\t{\"@context\":\"https:\\\/\\\/schema.org\",\"@graph\":[{\"@type\":\"BlogPosting\",\"@id\":\"https:\\\/\\\/lasentinelle.dz\\\/index.php\\\/2026\\\/09\\\/02\\\/tebboune-effectue-un-remaniement-ministeriel-partiel-ajuster-laction-de-lexecutif\\\/#blogposting\",\"name\":\"Tebboune effectue un remaniement minist\\u00e9riel partiel : Ajuster l\\u2019action de l\\u2019Ex\\u00e9cutif - La Sentinelle\",\"headline\":\"Tebboune effectue un remaniement minist\\u00e9riel partiel\\u00a0: Ajuster l&rsquo;action de l&rsquo;Ex\\u00e9cutif\",\"author\":{\"@id\":\"https:\\\/\\\/lasentinelle.dz\\\/author\\\/admin\\\/#author\"},\"publisher\":{\"@id\":\"https:\\\/\\\/lasentinelle.dz\\\/#organization\"},\"image\":{\"@type\":\"ImageObject\",\"url\":\"https:\\\/\\\/lasentinelle.dz\\\/wp-content\\\/uploads\\\/2026\\\/09\\\/Tebboune.jpg\",\"width\":1280,\"height\":853},\"datePublished\":\"2026-09-02T12:51:01+01:00\",\"dateModified\":\"2026-09-02T12:51:05+01:00\",\"inLanguage\":\"fr-FR\",\"mainEntityOfPage\":{\"@id\":\"https:\\\/\\\/lasentinelle.dz\\\/index.php\\\/2026\\\/09\\\/02\\\/tebboune-effectue-un-remaniement-ministeriel-partiel-ajuster-laction-de-lexecutif\\\/#webpage\"},\"isPartOf\":{\"@id\":\"https:\\\/\\\/lasentinelle.dz\\\/index.php\\\/2026\\\/09\\\/02\\\/tebboune-effectue-un-remaniement-ministeriel-partiel-ajuster-laction-de-lexecutif\\\/#webpage\"},\"articleSection\":\"\\u00c0 la Une, Actualit\\u00e9\"},{\"@type\":\"BreadcrumbList\",\"@id\":\"https:\\\/\\\/lasentinelle.dz\\\/index.php\\\/2026\\\/09\\\/02\\\/tebboune-effectue-un-remaniement-ministeriel-partiel-ajuster-laction-de-lexecutif\\\/#breadcrumblist\",\"itemListElement\":[{\"@type\":\"ListItem\",\"@id\":\"https:\\\/\\\/lasentinelle.dz#listItem\",\"position\":1,\"name\":\"Home\",\"item\":\"https:\\\/\\\/lasentinelle.dz\",\"nextItem\":{\"@type\":\"ListItem\",\"@id\":\"https:\\\/\\\/lasentinelle.dz\\\/index.php\\\/category\\\/actualite\\\/#listItem\",\"name\":\"Actualit\\u00e9\"}},{\"@type\":\"ListItem\",\"@id\":\"https:\\\/\\\/lasentinelle.dz\\\/index.php\\\/category\\\/actualite\\\/#listItem\",\"position\":2,\"name\":\"Actualit\\u00e9\",\"item\":\"https:\\\/\\\/lasentinelle.dz\\\/index.php\\\/category\\\/actualite\\\/\",\"nextItem\":{\"@type\":\"ListItem\",\"@id\":\"https:\\\/\\\/lasentinelle.dz\\\/index.php\\\/2026\\\/09\\\/02\\\/tebboune-effectue-un-remaniement-ministeriel-partiel-ajuster-laction-de-lexecutif\\\/#listItem\",\"name\":\"Tebboune effectue un remaniement minist\\u00e9riel partiel\\u00a0: Ajuster l&rsquo;action de l&rsquo;Ex\\u00e9cutif\"},\"previousItem\":{\"@type\":\"ListItem\",\"@id\":\"https:\\\/\\\/lasentinelle.dz#listItem\",\"name\":\"Home\"}},{\"@type\":\"ListItem\",\"@id\":\"https:\\\/\\\/lasentinelle.dz\\\/index.php\\\/2026\\\/09\\\/02\\\/tebboune-effectue-un-remaniement-ministeriel-partiel-ajuster-laction-de-lexecutif\\\/#listItem\",\"position\":3,\"name\":\"Tebboune effectue un remaniement minist\\u00e9riel partiel\\u00a0: Ajuster l&rsquo;action de l&rsquo;Ex\\u00e9cutif\",\"previousItem\":{\"@type\":\"ListItem\",\"@id\":\"https:\\\/\\\/lasentinelle.dz\\\/index.php\\\/category\\\/actualite\\\/#listItem\",\"name\":\"Actualit\\u00e9\"}}]},{\"@type\":\"Organization\",\"@id\":\"https:\\\/\\\/lasentinelle.dz\\\/#organization\",\"name\":\"La Sentinelle La Sentinelle\",\"description\":\"Quotidien national d'information\",\"url\":\"https:\\\/\\\/lasentinelle.dz\\\/\",\"logo\":{\"@type\":\"ImageObject\",\"url\":\"https:\\\/\\\/lasentinelle.dz\\\/wp-content\\\/uploads\\\/2021\\\/09\\\/cropped-la-sentinelle-earth-golden-anima-5.gif\",\"@id\":\"https:\\\/\\\/lasentinelle.dz\\\/index.php\\\/2026\\\/09\\\/02\\\/tebboune-effectue-un-remaniement-ministeriel-partiel-ajuster-laction-de-lexecutif\\\/#organizationLogo\",\"width\":450,\"height\":213},\"image\":{\"@id\":\"https:\\\/\\\/lasentinelle.dz\\\/index.php\\\/2026\\\/09\\\/02\\\/tebboune-effectue-un-remaniement-ministeriel-partiel-ajuster-laction-de-lexecutif\\\/#organizationLogo\"},\"sameAs\":[\"https:\\\/\\\/www.facebook.com\\\/azzedine.lasentinelle.1\"]},{\"@type\":\"Person\",\"@id\":\"https:\\\/\\\/lasentinelle.dz\\\/author\\\/admin\\\/#author\",\"url\":\"https:\\\/\\\/lasentinelle.dz\\\/author\\\/admin\\\/\",\"name\":\"admin\",\"image\":{\"@type\":\"ImageObject\",\"@id\":\"https:\\\/\\\/lasentinelle.dz\\\/index.php\\\/2026\\\/09\\\/02\\\/tebboune-effectue-un-remaniement-ministeriel-partiel-ajuster-laction-de-lexecutif\\\/#authorImage\",\"url\":\"https:\\\/\\\/secure.gravatar.com\\\/avatar\\\/4c81fed838786e9b53f540bf46533e750f5d292099ae3b66cfc6fb1982e29df7?s=96&d=mm&r=g\",\"width\":96,\"height\":96,\"caption\":\"admin\"}},{\"@type\":\"WebPage\",\"@id\":\"https:\\\/\\\/lasentinelle.dz\\\/index.php\\\/2026\\\/09\\\/02\\\/tebboune-effectue-un-remaniement-ministeriel-partiel-ajuster-laction-de-lexecutif\\\/#webpage\",\"url\":\"https:\\\/\\\/lasentinelle.dz\\\/index.php\\\/2026\\\/09\\\/02\\\/tebboune-effectue-un-remaniement-ministeriel-partiel-ajuster-laction-de-lexecutif\\\/\",\"name\":\"Tebboune effectue un remaniement minist\\u00e9riel partiel : Ajuster l\\u2019action de l\\u2019Ex\\u00e9cutif - La Sentinelle\",\"description\":\"Quatre d\\u00e9partements minist\\u00e9riels changent de titulaire. Le pr\\u00e9sident de la R\\u00e9publique, Abdelmadjid Tebboune, a proc\\u00e9d\\u00e9 mardi \\u00e0 un remaniement minist\\u00e9riel partiel touchant les Finances, le Travail, l'Agriculture et la Communication, un mouvement qui s'inscrit dans le prolongement de la recomposition entam\\u00e9e depuis plusieurs mois au sommet de l'\\u00c9tat, \\u00e0 quelques semaines d'une rentr\\u00e9e sociale et\",\"inLanguage\":\"fr-FR\",\"isPartOf\":{\"@id\":\"https:\\\/\\\/lasentinelle.dz\\\/#website\"},\"breadcrumb\":{\"@id\":\"https:\\\/\\\/lasentinelle.dz\\\/index.php\\\/2026\\\/09\\\/02\\\/tebboune-effectue-un-remaniement-ministeriel-partiel-ajuster-laction-de-lexecutif\\\/#breadcrumblist\"},\"author\":{\"@id\":\"https:\\\/\\\/lasentinelle.dz\\\/author\\\/admin\\\/#author\"},\"creator\":{\"@id\":\"https:\\\/\\\/lasentinelle.dz\\\/author\\\/admin\\\/#author\"},\"image\":{\"@type\":\"ImageObject\",\"url\":\"https:\\\/\\\/lasentinelle.dz\\\/wp-content\\\/uploads\\\/2026\\\/09\\\/Tebboune.jpg\",\"@id\":\"https:\\\/\\\/lasentinelle.dz\\\/index.php\\\/2026\\\/09\\\/02\\\/tebboune-effectue-un-remaniement-ministeriel-partiel-ajuster-laction-de-lexecutif\\\/#mainImage\",\"width\":1280,\"height\":853},\"primaryImageOfPage\":{\"@id\":\"https:\\\/\\\/lasentinelle.dz\\\/index.php\\\/2026\\\/09\\\/02\\\/tebboune-effectue-un-remaniement-ministeriel-partiel-ajuster-laction-de-lexecutif\\\/#mainImage\"},\"datePublished\":\"2026-09-02T12:51:01+01:00\",\"dateModified\":\"2026-09-02T12:51:05+01:00\"},{\"@type\":\"WebSite\",\"@id\":\"https:\\\/\\\/lasentinelle.dz\\\/#website\",\"url\":\"https:\\\/\\\/lasentinelle.dz\\\/\",\"name\":\"La Sentinelle\",\"description\":\"Quotidien national d'information\",\"inLanguage\":\"fr-FR\",\"publisher\":{\"@id\":\"https:\\\/\\\/lasentinelle.dz\\\/#organization\"}}]}\n\t\t<\/script>\n\t\t<!-- All in One SEO -->\n\n","aioseo_head_json":{"title":"Tebboune effectue un remaniement minist\u00e9riel partiel : Ajuster l\u2019action de l\u2019Ex\u00e9cutif - La Sentinelle","description":"Quatre d\u00e9partements minist\u00e9riels changent de titulaire. Le pr\u00e9sident de la R\u00e9publique, Abdelmadjid Tebboune, a proc\u00e9d\u00e9 mardi \u00e0 un remaniement minist\u00e9riel partiel touchant les Finances, le Travail, l'Agriculture et la Communication, un mouvement qui s'inscrit dans le prolongement de la recomposition entam\u00e9e depuis plusieurs mois au sommet de l'\u00c9tat, \u00e0 quelques semaines d'une rentr\u00e9e sociale et","canonical_url":"https:\/\/lasentinelle.dz\/index.php\/2026\/09\/02\/tebboune-effectue-un-remaniement-ministeriel-partiel-ajuster-laction-de-lexecutif\/","robots":"max-image-preview:large","keywords":"","webmasterTools":{"miscellaneous":""},"schema":{"@context":"https:\/\/schema.org","@graph":[{"@type":"BlogPosting","@id":"https:\/\/lasentinelle.dz\/index.php\/2026\/09\/02\/tebboune-effectue-un-remaniement-ministeriel-partiel-ajuster-laction-de-lexecutif\/#blogposting","name":"Tebboune effectue un remaniement minist\u00e9riel partiel : Ajuster l\u2019action de l\u2019Ex\u00e9cutif - La Sentinelle","headline":"Tebboune effectue un remaniement minist\u00e9riel partiel\u00a0: Ajuster l&rsquo;action de l&rsquo;Ex\u00e9cutif","author":{"@id":"https:\/\/lasentinelle.dz\/author\/admin\/#author"},"publisher":{"@id":"https:\/\/lasentinelle.dz\/#organization"},"image":{"@type":"ImageObject","url":"https:\/\/lasentinelle.dz\/wp-content\/uploads\/2026\/09\/Tebboune.jpg","width":1280,"height":853},"datePublished":"2026-09-02T12:51:01+01:00","dateModified":"2026-09-02T12:51:05+01:00","inLanguage":"fr-FR","mainEntityOfPage":{"@id":"https:\/\/lasentinelle.dz\/index.php\/2026\/09\/02\/tebboune-effectue-un-remaniement-ministeriel-partiel-ajuster-laction-de-lexecutif\/#webpage"},"isPartOf":{"@id":"https:\/\/lasentinelle.dz\/index.php\/2026\/09\/02\/tebboune-effectue-un-remaniement-ministeriel-partiel-ajuster-laction-de-lexecutif\/#webpage"},"articleSection":"\u00c0 la Une, Actualit\u00e9"},{"@type":"BreadcrumbList","@id":"https:\/\/lasentinelle.dz\/index.php\/2026\/09\/02\/tebboune-effectue-un-remaniement-ministeriel-partiel-ajuster-laction-de-lexecutif\/#breadcrumblist","itemListElement":[{"@type":"ListItem","@id":"https:\/\/lasentinelle.dz#listItem","position":1,"name":"Home","item":"https:\/\/lasentinelle.dz","nextItem":{"@type":"ListItem","@id":"https:\/\/lasentinelle.dz\/index.php\/category\/actualite\/#listItem","name":"Actualit\u00e9"}},{"@type":"ListItem","@id":"https:\/\/lasentinelle.dz\/index.php\/category\/actualite\/#listItem","position":2,"name":"Actualit\u00e9","item":"https:\/\/lasentinelle.dz\/index.php\/category\/actualite\/","nextItem":{"@type":"ListItem","@id":"https:\/\/lasentinelle.dz\/index.php\/2026\/09\/02\/tebboune-effectue-un-remaniement-ministeriel-partiel-ajuster-laction-de-lexecutif\/#listItem","name":"Tebboune effectue un remaniement minist\u00e9riel partiel\u00a0: Ajuster l&rsquo;action de l&rsquo;Ex\u00e9cutif"},"previousItem":{"@type":"ListItem","@id":"https:\/\/lasentinelle.dz#listItem","name":"Home"}},{"@type":"ListItem","@id":"https:\/\/lasentinelle.dz\/index.php\/2026\/09\/02\/tebboune-effectue-un-remaniement-ministeriel-partiel-ajuster-laction-de-lexecutif\/#listItem","position":3,"name":"Tebboune effectue un remaniement minist\u00e9riel partiel\u00a0: Ajuster l&rsquo;action de l&rsquo;Ex\u00e9cutif","previousItem":{"@type":"ListItem","@id":"https:\/\/lasentinelle.dz\/index.php\/category\/actualite\/#listItem","name":"Actualit\u00e9"}}]},{"@type":"Organization","@id":"https:\/\/lasentinelle.dz\/#organization","name":"La Sentinelle La Sentinelle","description":"Quotidien national d'information","url":"https:\/\/lasentinelle.dz\/","logo":{"@type":"ImageObject","url":"https:\/\/lasentinelle.dz\/wp-content\/uploads\/2021\/09\/cropped-la-sentinelle-earth-golden-anima-5.gif","@id":"https:\/\/lasentinelle.dz\/index.php\/2026\/09\/02\/tebboune-effectue-un-remaniement-ministeriel-partiel-ajuster-laction-de-lexecutif\/#organizationLogo","width":450,"height":213},"image":{"@id":"https:\/\/lasentinelle.dz\/index.php\/2026\/09\/02\/tebboune-effectue-un-remaniement-ministeriel-partiel-ajuster-laction-de-lexecutif\/#organizationLogo"},"sameAs":["https:\/\/www.facebook.com\/azzedine.lasentinelle.1"]},{"@type":"Person","@id":"https:\/\/lasentinelle.dz\/author\/admin\/#author","url":"https:\/\/lasentinelle.dz\/author\/admin\/","name":"admin","image":{"@type":"ImageObject","@id":"https:\/\/lasentinelle.dz\/index.php\/2026\/09\/02\/tebboune-effectue-un-remaniement-ministeriel-partiel-ajuster-laction-de-lexecutif\/#authorImage","url":"https:\/\/secure.gravatar.com\/avatar\/4c81fed838786e9b53f540bf46533e750f5d292099ae3b66cfc6fb1982e29df7?s=96&d=mm&r=g","width":96,"height":96,"caption":"admin"}},{"@type":"WebPage","@id":"https:\/\/lasentinelle.dz\/index.php\/2026\/09\/02\/tebboune-effectue-un-remaniement-ministeriel-partiel-ajuster-laction-de-lexecutif\/#webpage","url":"https:\/\/lasentinelle.dz\/index.php\/2026\/09\/02\/tebboune-effectue-un-remaniement-ministeriel-partiel-ajuster-laction-de-lexecutif\/","name":"Tebboune effectue un remaniement minist\u00e9riel partiel : Ajuster l\u2019action de l\u2019Ex\u00e9cutif - La Sentinelle","description":"Quatre d\u00e9partements minist\u00e9riels changent de titulaire. Le pr\u00e9sident de la R\u00e9publique, Abdelmadjid Tebboune, a proc\u00e9d\u00e9 mardi \u00e0 un remaniement minist\u00e9riel partiel touchant les Finances, le Travail, l'Agriculture et la Communication, un mouvement qui s'inscrit dans le prolongement de la recomposition entam\u00e9e depuis plusieurs mois au sommet de l'\u00c9tat, \u00e0 quelques semaines d'une rentr\u00e9e sociale et","inLanguage":"fr-FR","isPartOf":{"@id":"https:\/\/lasentinelle.dz\/#website"},"breadcrumb":{"@id":"https:\/\/lasentinelle.dz\/index.php\/2026\/09\/02\/tebboune-effectue-un-remaniement-ministeriel-partiel-ajuster-laction-de-lexecutif\/#breadcrumblist"},"author":{"@id":"https:\/\/lasentinelle.dz\/author\/admin\/#author"},"creator":{"@id":"https:\/\/lasentinelle.dz\/author\/admin\/#author"},"image":{"@type":"ImageObject","url":"https:\/\/lasentinelle.dz\/wp-content\/uploads\/2026\/09\/Tebboune.jpg","@id":"https:\/\/lasentinelle.dz\/index.php\/2026\/09\/02\/tebboune-effectue-un-remaniement-ministeriel-partiel-ajuster-laction-de-lexecutif\/#mainImage","width":1280,"height":853},"primaryImageOfPage":{"@id":"https:\/\/lasentinelle.dz\/index.php\/2026\/09\/02\/tebboune-effectue-un-remaniement-ministeriel-partiel-ajuster-laction-de-lexecutif\/#mainImage"},"datePublished":"2026-09-02T12:51:01+01:00","dateModified":"2026-09-02T12:51:05+01:00"},{"@type":"WebSite","@id":"https:\/\/lasentinelle.dz\/#website","url":"https:\/\/lasentinelle.dz\/","name":"La Sentinelle","description":"Quotidien national d'information","inLanguage":"fr-FR","publisher":{"@id":"https:\/\/lasentinelle.dz\/#organization"}}]},"og:locale":"fr_FR","og:site_name":"La Sentinelle - Quotidien national d'information","og:type":"article","og:title":"Tebboune effectue un remaniement minist\u00e9riel partiel : Ajuster l\u2019action de l\u2019Ex\u00e9cutif - La Sentinelle","og:description":"Quatre d\u00e9partements minist\u00e9riels changent de titulaire. Le pr\u00e9sident de la R\u00e9publique, Abdelmadjid Tebboune, a proc\u00e9d\u00e9 mardi \u00e0 un remaniement minist\u00e9riel partiel touchant les Finances, le Travail, l'Agriculture et la Communication, un mouvement qui s'inscrit dans le prolongement de la recomposition entam\u00e9e depuis plusieurs mois au sommet de l'\u00c9tat, \u00e0 quelques semaines d'une rentr\u00e9e sociale et","og:url":"https:\/\/lasentinelle.dz\/index.php\/2026\/09\/02\/tebboune-effectue-un-remaniement-ministeriel-partiel-ajuster-laction-de-lexecutif\/","og:image":"https:\/\/lasentinelle.dz\/wp-content\/uploads\/2021\/09\/cropped-la-sentinelle-earth-golden-anima-5.gif","og:image:secure_url":"https:\/\/lasentinelle.dz\/wp-content\/uploads\/2021\/09\/cropped-la-sentinelle-earth-golden-anima-5.gif","og:image:width":450,"og:image:height":213,"article:published_time":"2026-09-02T11:51:01+00:00","article:modified_time":"2026-09-02T11:51:05+00:00","article:publisher":"https:\/\/www.facebook.com\/azzedine.lasentinelle.1","twitter:card":"summary_large_image","twitter:title":"Tebboune effectue un remaniement minist\u00e9riel partiel : Ajuster l\u2019action de l\u2019Ex\u00e9cutif - La Sentinelle","twitter:description":"Quatre d\u00e9partements minist\u00e9riels changent de titulaire. Le pr\u00e9sident de la R\u00e9publique, Abdelmadjid Tebboune, a proc\u00e9d\u00e9 mardi \u00e0 un remaniement minist\u00e9riel partiel touchant les Finances, le Travail, l'Agriculture et la Communication, un mouvement qui s'inscrit dans le prolongement de la recomposition entam\u00e9e depuis plusieurs mois au sommet de l'\u00c9tat, \u00e0 quelques semaines d'une rentr\u00e9e sociale et","twitter:image":"https:\/\/lasentinelle.dz\/wp-content\/uploads\/2021\/09\/cropped-la-sentinelle-earth-golden-anima-5.gif"},"aioseo_meta_data":{"post_id":"94872","title":null,"description":null,"keywords":null,"keyphrases":{"focus":{"keyphrase":"","score":0,"analysis":{"keyphraseInTitle":{"score":0,"maxScore":9,"error":1}}},"additional":[]},"primary_term":null,"canonical_url":null,"og_title":null,"og_description":null,"og_object_type":"default","og_image_type":"default","og_image_url":null,"og_image_width":null,"og_image_height":null,"og_image_custom_url":null,"og_image_custom_fields":null,"og_video":"","og_custom_url":null,"og_article_section":null,"og_article_tags":null,"twitter_use_og":false,"twitter_card":"default","twitter_image_type":"default","twitter_image_url":null,"twitter_image_custom_url":null,"twitter_image_custom_fields":null,"twitter_title":null,"twitter_description":null,"schema":{"blockGraphs":[],"customGraphs":[],"default":{"data":{"Article":[],"Course":[],"Dataset":[],"FAQPage":[],"Movie":[],"Person":[],"Product":[],"ProductReview":[],"Car":[],"Recipe":[],"Service":[],"SoftwareApplication":[],"WebPage":[]},"graphName":"BlogPosting","isEnabled":true},"graphs":[]},"schema_type":"default","schema_type_options":null,"pillar_content":false,"robots_default":true,"robots_noindex":false,"robots_noarchive":false,"robots_nosnippet":false,"robots_nofollow":false,"robots_noimageindex":false,"robots_noodp":false,"robots_notranslate":false,"robots_max_snippet":"-1","robots_max_videopreview":"-1","robots_max_imagepreview":"large","priority":null,"frequency":"default","local_seo":null,"breadcrumb_settings":null,"limit_modified_date":false,"ai":{"faqs":[],"keyPoints":[],"schemas":[],"titles":[],"descriptions":[],"socialPosts":{"email":{"subject":"","preview":"","content":""},"linkedin":[],"twitter":[],"facebook":[],"instagram":[]}},"created":"2026-09-02 11:51:06","updated":"2026-09-02 12:46:33","focus_keyword":null,"additional_keywords":null,"truseo_locale":null,"seo_analyzer_scan_date":null},"aioseo_breadcrumb":"<div class=\"aioseo-breadcrumbs\"><span class=\"aioseo-breadcrumb\">\n\t\t\t<a href=\"https:\/\/lasentinelle.dz\" title=\"Home\">Home<\/a>\n\t\t<\/span><span class=\"aioseo-breadcrumb-separator\">&raquo;<\/span><span class=\"aioseo-breadcrumb\">\n\t\t\t<a href=\"https:\/\/lasentinelle.dz\/index.php\/category\/actualite\/\" title=\"Actualit\u00e9\">Actualit\u00e9<\/a>\n\t\t<\/span><span class=\"aioseo-breadcrumb-separator\">&raquo;<\/span><span class=\"aioseo-breadcrumb\">\n\t\t\tTebboune effectue un remaniement minist\u00e9riel partiel : Ajuster l\u2019action de l\u2019Ex\u00e9cutif\n\t\t<\/span><\/div>","aioseo_breadcrumb_json":[{"label":"Home","link":"https:\/\/lasentinelle.dz"},{"label":"Actualit\u00e9","link":"https:\/\/lasentinelle.dz\/index.php\/category\/actualite\/"},{"label":"Tebboune effectue un remaniement minist\u00e9riel partiel\u00a0: Ajuster l&rsquo;action de l&rsquo;Ex\u00e9cutif","link":"https:\/\/lasentinelle.dz\/index.php\/2026\/09\/02\/tebboune-effectue-un-remaniement-ministeriel-partiel-ajuster-laction-de-lexecutif\/"}],"yoast_head":"<!-- This site is optimized with the Yoast SEO plugin v28.4 - https:\/\/yoast.com\/product\/yoast-seo-wordpress\/ -->\n<title>Tebboune effectue un remaniement minist\u00e9riel partiel\u00a0: Ajuster l&rsquo;action de l&rsquo;Ex\u00e9cutif - La Sentinelle<\/title>\n<meta name=\"robots\" content=\"index, follow, max-snippet:-1, max-image-preview:large, max-video-preview:-1\" \/>\n<link rel=\"canonical\" href=\"https:\/\/lasentinelle.dz\/index.php\/2026\/09\/02\/tebboune-effectue-un-remaniement-ministeriel-partiel-ajuster-laction-de-lexecutif\/\" \/>\n<meta property=\"og:locale\" content=\"fr_FR\" \/>\n<meta property=\"og:type\" content=\"article\" \/>\n<meta property=\"og:title\" content=\"Tebboune effectue un remaniement minist\u00e9riel partiel\u00a0: Ajuster l&rsquo;action de l&rsquo;Ex\u00e9cutif - La Sentinelle\" \/>\n<meta property=\"og:description\" content=\"Quatre d\u00e9partements minist\u00e9riels changent de titulaire. Le pr\u00e9sident de la R\u00e9publique, Abdelmadjid Tebboune, a proc\u00e9d\u00e9 mardi \u00e0 un remaniement minist\u00e9riel\" \/>\n<meta property=\"og:url\" content=\"https:\/\/lasentinelle.dz\/index.php\/2026\/09\/02\/tebboune-effectue-un-remaniement-ministeriel-partiel-ajuster-laction-de-lexecutif\/\" \/>\n<meta property=\"og:site_name\" content=\"La Sentinelle\" \/>\n<meta property=\"article:publisher\" content=\"https:\/\/www.facebook.com\/La-Sentinelle-104059864394773\" \/>\n<meta property=\"article:published_time\" content=\"2026-09-02T11:51:01+00:00\" \/>\n<meta property=\"article:modified_time\" content=\"2026-09-02T11:51:05+00:00\" \/>\n<meta property=\"og:image\" content=\"https:\/\/lasentinelle.dz\/wp-content\/uploads\/2026\/09\/Tebboune.jpg\" \/>\n\t<meta property=\"og:image:width\" content=\"1280\" \/>\n\t<meta property=\"og:image:height\" content=\"853\" \/>\n\t<meta property=\"og:image:type\" content=\"image\/jpeg\" \/>\n<meta name=\"author\" content=\"admin\" \/>\n<meta name=\"twitter:card\" content=\"summary_large_image\" \/>\n<meta name=\"twitter:label1\" content=\"\u00c9crit par\" \/>\n\t<meta name=\"twitter:data1\" content=\"admin\" \/>\n\t<meta name=\"twitter:label2\" content=\"Dur\u00e9e de lecture estim\u00e9e\" \/>\n\t<meta name=\"twitter:data2\" content=\"3 minutes\" \/>\n<script type=\"application\/ld+json\" class=\"yoast-schema-graph\">{\"@context\":\"https:\\\/\\\/schema.org\",\"@graph\":[{\"@type\":\"Article\",\"@id\":\"https:\\\/\\\/lasentinelle.dz\\\/index.php\\\/2026\\\/09\\\/02\\\/tebboune-effectue-un-remaniement-ministeriel-partiel-ajuster-laction-de-lexecutif\\\/#article\",\"isPartOf\":{\"@id\":\"https:\\\/\\\/lasentinelle.dz\\\/index.php\\\/2026\\\/09\\\/02\\\/tebboune-effectue-un-remaniement-ministeriel-partiel-ajuster-laction-de-lexecutif\\\/\"},\"author\":{\"name\":\"admin\",\"@id\":\"https:\\\/\\\/lasentinelle.dz\\\/#\\\/schema\\\/person\\\/729ee0024f24e0b8c5ec17232f8e8b41\"},\"headline\":\"Tebboune effectue un remaniement minist\u00e9riel partiel\u00a0: Ajuster l&rsquo;action de l&rsquo;Ex\u00e9cutif\",\"datePublished\":\"2026-09-02T11:51:01+00:00\",\"dateModified\":\"2026-09-02T11:51:05+00:00\",\"mainEntityOfPage\":{\"@id\":\"https:\\\/\\\/lasentinelle.dz\\\/index.php\\\/2026\\\/09\\\/02\\\/tebboune-effectue-un-remaniement-ministeriel-partiel-ajuster-laction-de-lexecutif\\\/\"},\"wordCount\":602,\"commentCount\":0,\"publisher\":{\"@id\":\"https:\\\/\\\/lasentinelle.dz\\\/#organization\"},\"image\":{\"@id\":\"https:\\\/\\\/lasentinelle.dz\\\/index.php\\\/2026\\\/09\\\/02\\\/tebboune-effectue-un-remaniement-ministeriel-partiel-ajuster-laction-de-lexecutif\\\/#primaryimage\"},\"thumbnailUrl\":\"https:\\\/\\\/lasentinelle.dz\\\/wp-content\\\/uploads\\\/2026\\\/09\\\/Tebboune.jpg\",\"articleSection\":[\"\u00c0 la Une\",\"Actualit\u00e9\"],\"inLanguage\":\"fr-FR\",\"potentialAction\":[{\"@type\":\"CommentAction\",\"name\":\"Comment\",\"target\":[\"https:\\\/\\\/lasentinelle.dz\\\/index.php\\\/2026\\\/09\\\/02\\\/tebboune-effectue-un-remaniement-ministeriel-partiel-ajuster-laction-de-lexecutif\\\/#respond\"]}]},{\"@type\":\"WebPage\",\"@id\":\"https:\\\/\\\/lasentinelle.dz\\\/index.php\\\/2026\\\/09\\\/02\\\/tebboune-effectue-un-remaniement-ministeriel-partiel-ajuster-laction-de-lexecutif\\\/\",\"url\":\"https:\\\/\\\/lasentinelle.dz\\\/index.php\\\/2026\\\/09\\\/02\\\/tebboune-effectue-un-remaniement-ministeriel-partiel-ajuster-laction-de-lexecutif\\\/\",\"name\":\"Tebboune effectue un remaniement minist\u00e9riel partiel\u00a0: Ajuster l&rsquo;action de l&rsquo;Ex\u00e9cutif - La Sentinelle\",\"isPartOf\":{\"@id\":\"https:\\\/\\\/lasentinelle.dz\\\/#website\"},\"primaryImageOfPage\":{\"@id\":\"https:\\\/\\\/lasentinelle.dz\\\/index.php\\\/2026\\\/09\\\/02\\\/tebboune-effectue-un-remaniement-ministeriel-partiel-ajuster-laction-de-lexecutif\\\/#primaryimage\"},\"image\":{\"@id\":\"https:\\\/\\\/lasentinelle.dz\\\/index.php\\\/2026\\\/09\\\/02\\\/tebboune-effectue-un-remaniement-ministeriel-partiel-ajuster-laction-de-lexecutif\\\/#primaryimage\"},\"thumbnailUrl\":\"https:\\\/\\\/lasentinelle.dz\\\/wp-content\\\/uploads\\\/2026\\\/09\\\/Tebboune.jpg\",\"datePublished\":\"2026-09-02T11:51:01+00:00\",\"dateModified\":\"2026-09-02T11:51:05+00:00\",\"breadcrumb\":{\"@id\":\"https:\\\/\\\/lasentinelle.dz\\\/index.php\\\/2026\\\/09\\\/02\\\/tebboune-effectue-un-remaniement-ministeriel-partiel-ajuster-laction-de-lexecutif\\\/#breadcrumb\"},\"inLanguage\":\"fr-FR\",\"potentialAction\":[{\"@type\":\"ReadAction\",\"target\":[\"https:\\\/\\\/lasentinelle.dz\\\/index.php\\\/2026\\\/09\\\/02\\\/tebboune-effectue-un-remaniement-ministeriel-partiel-ajuster-laction-de-lexecutif\\\/\"]}]},{\"@type\":\"ImageObject\",\"inLanguage\":\"fr-FR\",\"@id\":\"https:\\\/\\\/lasentinelle.dz\\\/index.php\\\/2026\\\/09\\\/02\\\/tebboune-effectue-un-remaniement-ministeriel-partiel-ajuster-laction-de-lexecutif\\\/#primaryimage\",\"url\":\"https:\\\/\\\/lasentinelle.dz\\\/wp-content\\\/uploads\\\/2026\\\/09\\\/Tebboune.jpg\",\"contentUrl\":\"https:\\\/\\\/lasentinelle.dz\\\/wp-content\\\/uploads\\\/2026\\\/09\\\/Tebboune.jpg\",\"width\":1280,\"height\":853},{\"@type\":\"BreadcrumbList\",\"@id\":\"https:\\\/\\\/lasentinelle.dz\\\/index.php\\\/2026\\\/09\\\/02\\\/tebboune-effectue-un-remaniement-ministeriel-partiel-ajuster-laction-de-lexecutif\\\/#breadcrumb\",\"itemListElement\":[{\"@type\":\"ListItem\",\"position\":1,\"name\":\"Accueil\",\"item\":\"https:\\\/\\\/lasentinelle.dz\\\/\"},{\"@type\":\"ListItem\",\"position\":2,\"name\":\"Tebboune effectue un remaniement minist\u00e9riel partiel\u00a0: Ajuster l&rsquo;action de l&rsquo;Ex\u00e9cutif\"}]},{\"@type\":\"WebSite\",\"@id\":\"https:\\\/\\\/lasentinelle.dz\\\/#website\",\"url\":\"https:\\\/\\\/lasentinelle.dz\\\/\",\"name\":\"La Sentinelle\",\"description\":\"Quotidien national d&#039;information\",\"publisher\":{\"@id\":\"https:\\\/\\\/lasentinelle.dz\\\/#organization\"},\"potentialAction\":[{\"@type\":\"SearchAction\",\"target\":{\"@type\":\"EntryPoint\",\"urlTemplate\":\"https:\\\/\\\/lasentinelle.dz\\\/?s={search_term_string}\"},\"query-input\":{\"@type\":\"PropertyValueSpecification\",\"valueRequired\":true,\"valueName\":\"search_term_string\"}}],\"inLanguage\":\"fr-FR\"},{\"@type\":\"Organization\",\"@id\":\"https:\\\/\\\/lasentinelle.dz\\\/#organization\",\"name\":\"Quotidien La Sentinelle\",\"url\":\"https:\\\/\\\/lasentinelle.dz\\\/\",\"logo\":{\"@type\":\"ImageObject\",\"inLanguage\":\"fr-FR\",\"@id\":\"https:\\\/\\\/lasentinelle.dz\\\/#\\\/schema\\\/logo\\\/image\\\/\",\"url\":\"https:\\\/\\\/lasentinelle.dz\\\/wp-content\\\/uploads\\\/2021\\\/09\\\/logo-sentinelleSLOGAN-1.png\",\"contentUrl\":\"https:\\\/\\\/lasentinelle.dz\\\/wp-content\\\/uploads\\\/2021\\\/09\\\/logo-sentinelleSLOGAN-1.png\",\"width\":615,\"height\":142,\"caption\":\"Quotidien La Sentinelle\"},\"image\":{\"@id\":\"https:\\\/\\\/lasentinelle.dz\\\/#\\\/schema\\\/logo\\\/image\\\/\"},\"sameAs\":[\"https:\\\/\\\/www.facebook.com\\\/La-Sentinelle-104059864394773\"]},{\"@type\":\"Person\",\"@id\":\"https:\\\/\\\/lasentinelle.dz\\\/#\\\/schema\\\/person\\\/729ee0024f24e0b8c5ec17232f8e8b41\",\"name\":\"admin\",\"image\":{\"@type\":\"ImageObject\",\"inLanguage\":\"fr-FR\",\"@id\":\"https:\\\/\\\/secure.gravatar.com\\\/avatar\\\/4c81fed838786e9b53f540bf46533e750f5d292099ae3b66cfc6fb1982e29df7?s=96&d=mm&r=g\",\"url\":\"https:\\\/\\\/secure.gravatar.com\\\/avatar\\\/4c81fed838786e9b53f540bf46533e750f5d292099ae3b66cfc6fb1982e29df7?s=96&d=mm&r=g\",\"contentUrl\":\"https:\\\/\\\/secure.gravatar.com\\\/avatar\\\/4c81fed838786e9b53f540bf46533e750f5d292099ae3b66cfc6fb1982e29df7?s=96&d=mm&r=g\",\"caption\":\"admin\"},\"description\":\"admin\",\"url\":\"https:\\\/\\\/lasentinelle.dz\\\/author\\\/admin\\\/\"}]}<\/script>\n<!-- \/ Yoast SEO plugin. -->","yoast_head_json":{"title":"Tebboune effectue un remaniement minist\u00e9riel partiel\u00a0: Ajuster l&rsquo;action de l&rsquo;Ex\u00e9cutif - La Sentinelle","robots":{"index":"index","follow":"follow","max-snippet":"max-snippet:-1","max-image-preview":"max-image-preview:large","max-video-preview":"max-video-preview:-1"},"canonical":"https:\/\/lasentinelle.dz\/index.php\/2026\/09\/02\/tebboune-effectue-un-remaniement-ministeriel-partiel-ajuster-laction-de-lexecutif\/","og_locale":"fr_FR","og_type":"article","og_title":"Tebboune effectue un remaniement minist\u00e9riel partiel\u00a0: Ajuster l&rsquo;action de l&rsquo;Ex\u00e9cutif - La Sentinelle","og_description":"Quatre d\u00e9partements minist\u00e9riels changent de titulaire. Le pr\u00e9sident de la R\u00e9publique, Abdelmadjid Tebboune, a proc\u00e9d\u00e9 mardi \u00e0 un remaniement minist\u00e9riel","og_url":"https:\/\/lasentinelle.dz\/index.php\/2026\/09\/02\/tebboune-effectue-un-remaniement-ministeriel-partiel-ajuster-laction-de-lexecutif\/","og_site_name":"La Sentinelle","article_publisher":"https:\/\/www.facebook.com\/La-Sentinelle-104059864394773","article_published_time":"2026-09-02T11:51:01+00:00","article_modified_time":"2026-09-02T11:51:05+00:00","og_image":[{"width":1280,"height":853,"url":"https:\/\/lasentinelle.dz\/wp-content\/uploads\/2026\/09\/Tebboune.jpg","type":"image\/jpeg"}],"author":"admin","twitter_card":"summary_large_image","twitter_misc":{"\u00c9crit par":"admin","Dur\u00e9e de lecture estim\u00e9e":"3 minutes"},"schema":{"@context":"https:\/\/schema.org","@graph":[{"@type":"Article","@id":"https:\/\/lasentinelle.dz\/index.php\/2026\/09\/02\/tebboune-effectue-un-remaniement-ministeriel-partiel-ajuster-laction-de-lexecutif\/#article","isPartOf":{"@id":"https:\/\/lasentinelle.dz\/index.php\/2026\/09\/02\/tebboune-effectue-un-remaniement-ministeriel-partiel-ajuster-laction-de-lexecutif\/"},"author":{"name":"admin","@id":"https:\/\/lasentinelle.dz\/#\/schema\/person\/729ee0024f24e0b8c5ec17232f8e8b41"},"headline":"Tebboune effectue un remaniement minist\u00e9riel partiel\u00a0: Ajuster l&rsquo;action de l&rsquo;Ex\u00e9cutif","datePublished":"2026-09-02T11:51:01+00:00","dateModified":"2026-09-02T11:51:05+00:00","mainEntityOfPage":{"@id":"https:\/\/lasentinelle.dz\/index.php\/2026\/09\/02\/tebboune-effectue-un-remaniement-ministeriel-partiel-ajuster-laction-de-lexecutif\/"},"wordCount":602,"commentCount":0,"publisher":{"@id":"https:\/\/lasentinelle.dz\/#organization"},"image":{"@id":"https:\/\/lasentinelle.dz\/index.php\/2026\/09\/02\/tebboune-effectue-un-remaniement-ministeriel-partiel-ajuster-laction-de-lexecutif\/#primaryimage"},"thumbnailUrl":"https:\/\/lasentinelle.dz\/wp-content\/uploads\/2026\/09\/Tebboune.jpg","articleSection":["\u00c0 la Une","Actualit\u00e9"],"inLanguage":"fr-FR","potentialAction":[{"@type":"CommentAction","name":"Comment","target":["https:\/\/lasentinelle.dz\/index.php\/2026\/09\/02\/tebboune-effectue-un-remaniement-ministeriel-partiel-ajuster-laction-de-lexecutif\/#respond"]}]},{"@type":"WebPage","@id":"https:\/\/lasentinelle.dz\/index.php\/2026\/09\/02\/tebboune-effectue-un-remaniement-ministeriel-partiel-ajuster-laction-de-lexecutif\/","url":"https:\/\/lasentinelle.dz\/index.php\/2026\/09\/02\/tebboune-effectue-un-remaniement-ministeriel-partiel-ajuster-laction-de-lexecutif\/","name":"Tebboune effectue un remaniement minist\u00e9riel partiel\u00a0: Ajuster l&rsquo;action de l&rsquo;Ex\u00e9cutif - La Sentinelle","isPartOf":{"@id":"https:\/\/lasentinelle.dz\/#website"},"primaryImageOfPage":{"@id":"https:\/\/lasentinelle.dz\/index.php\/2026\/09\/02\/tebboune-effectue-un-remaniement-ministeriel-partiel-ajuster-laction-de-lexecutif\/#primaryimage"},"image":{"@id":"https:\/\/lasentinelle.dz\/index.php\/2026\/09\/02\/tebboune-effectue-un-remaniement-ministeriel-partiel-ajuster-laction-de-lexecutif\/#primaryimage"},"thumbnailUrl":"https:\/\/lasentinelle.dz\/wp-content\/uploads\/2026\/09\/Tebboune.jpg","datePublished":"2026-09-02T11:51:01+00:00","dateModified":"2026-09-02T11:51:05+00:00","breadcrumb":{"@id":"https:\/\/lasentinelle.dz\/index.php\/2026\/09\/02\/tebboune-effectue-un-remaniement-ministeriel-partiel-ajuster-laction-de-lexecutif\/#breadcrumb"},"inLanguage":"fr-FR","potentialAction":[{"@type":"ReadAction","target":["https:\/\/lasentinelle.dz\/index.php\/2026\/09\/02\/tebboune-effectue-un-remaniement-ministeriel-partiel-ajuster-laction-de-lexecutif\/"]}]},{"@type":"ImageObject","inLanguage":"fr-FR","@id":"https:\/\/lasentinelle.dz\/index.php\/2026\/09\/02\/tebboune-effectue-un-remaniement-ministeriel-partiel-ajuster-laction-de-lexecutif\/#primaryimage","url":"https:\/\/lasentinelle.dz\/wp-content\/uploads\/2026\/09\/Tebboune.jpg","contentUrl":"https:\/\/lasentinelle.dz\/wp-content\/uploads\/2026\/09\/Tebboune.jpg","width":1280,"height":853},{"@type":"BreadcrumbList","@id":"https:\/\/lasentinelle.dz\/index.php\/2026\/09\/02\/tebboune-effectue-un-remaniement-ministeriel-partiel-ajuster-laction-de-lexecutif\/#breadcrumb","itemListElement":[{"@type":"ListItem","position":1,"name":"Accueil","item":"https:\/\/lasentinelle.dz\/"},{"@type":"ListItem","position":2,"name":"Tebboune effectue un remaniement minist\u00e9riel partiel\u00a0: Ajuster l&rsquo;action de l&rsquo;Ex\u00e9cutif"}]},{"@type":"WebSite","@id":"https:\/\/lasentinelle.dz\/#website","url":"https:\/\/lasentinelle.dz\/","name":"La Sentinelle","description":"Quotidien national d&#039;information","publisher":{"@id":"https:\/\/lasentinelle.dz\/#organization"},"potentialAction":[{"@type":"SearchAction","target":{"@type":"EntryPoint","urlTemplate":"https:\/\/lasentinelle.dz\/?s={search_term_string}"},"query-input":{"@type":"PropertyValueSpecification","valueRequired":true,"valueName":"search_term_string"}}],"inLanguage":"fr-FR"},{"@type":"Organization","@id":"https:\/\/lasentinelle.dz\/#organization","name":"Quotidien La Sentinelle","url":"https:\/\/lasentinelle.dz\/","logo":{"@type":"ImageObject","inLanguage":"fr-FR","@id":"https:\/\/lasentinelle.dz\/#\/schema\/logo\/image\/","url":"https:\/\/lasentinelle.dz\/wp-content\/uploads\/2021\/09\/logo-sentinelleSLOGAN-1.png","contentUrl":"https:\/\/lasentinelle.dz\/wp-content\/uploads\/2021\/09\/logo-sentinelleSLOGAN-1.png","width":615,"height":142,"caption":"Quotidien La Sentinelle"},"image":{"@id":"https:\/\/lasentinelle.dz\/#\/schema\/logo\/image\/"},"sameAs":["https:\/\/www.facebook.com\/La-Sentinelle-104059864394773"]},{"@type":"Person","@id":"https:\/\/lasentinelle.dz\/#\/schema\/person\/729ee0024f24e0b8c5ec17232f8e8b41","name":"admin","image":{"@type":"ImageObject","inLanguage":"fr-FR","@id":"https:\/\/secure.gravatar.com\/avatar\/4c81fed838786e9b53f540bf46533e750f5d292099ae3b66cfc6fb1982e29df7?s=96&d=mm&r=g","url":"https:\/\/secure.gravatar.com\/avatar\/4c81fed838786e9b53f540bf46533e750f5d292099ae3b66cfc6fb1982e29df7?s=96&d=mm&r=g","contentUrl":"https:\/\/secure.gravatar.com\/avatar\/4c81fed838786e9b53f540bf46533e750f5d292099ae3b66cfc6fb1982e29df7?s=96&d=mm&r=g","caption":"admin"},"description":"admin","url":"https:\/\/lasentinelle.dz\/author\/admin\/"}]}},"_links":{"self":[{"href":"https:\/\/lasentinelle.dz\/index.php\/wp-json\/wp\/v2\/posts\/94872","targetHints":{"allow":["GET"]}}],"collection":[{"href":"https:\/\/lasentinelle.dz\/index.php\/wp-json\/wp\/v2\/posts"}],"about":[{"href":"https:\/\/lasentinelle.dz\/index.php\/wp-json\/wp\/v2\/types\/post"}],"author":[{"embeddable":true,"href":"https:\/\/lasentinelle.dz\/index.php\/wp-json\/wp\/v2\/users\/6"}],"replies":[{"embeddable":true,"href":"https:\/\/lasentinelle.dz\/index.php\/wp-json\/wp\/v2\/comments?post=94872"}],"version-history":[{"count":2,"href":"https:\/\/lasentinelle.dz\/index.php\/wp-json\/wp\/v2\/posts\/94872\/revisions"}],"predecessor-version":[{"id":94875,"href":"https:\/\/lasentinelle.dz\/index.php\/wp-json\/wp\/v2\/posts\/94872\/revisions\/94875"}],"wp:featuredmedia":[{"embeddable":true,"href":"https:\/\/lasentinelle.dz\/index.php\/wp-json\/wp\/v2\/media\/94873"}],"wp:attachment":[{"href":"https:\/\/lasentinelle.dz\/index.php\/wp-json\/wp\/v2\/media?parent=94872"}],"wp:term":[{"taxonomy":"category","embeddable":true,"href":"https:\/\/lasentinelle.dz\/index.php\/wp-json\/wp\/v2\/categories?post=94872"},{"taxonomy":"post_tag","embeddable":true,"href":"https:\/\/lasentinelle.dz\/index.php\/wp-json\/wp\/v2\/tags?post=94872"}],"curies":[{"name":"wp","href":"https:\/\/api.w.org\/{rel}","templated":true}]}}