{"id":94885,"date":"2026-09-02T19:24:07","date_gmt":"2026-09-02T18:24:07","guid":{"rendered":"https:\/\/lasentinelle.dz\/?p=94885"},"modified":"2026-09-04T19:24:49","modified_gmt":"2026-09-04T18:24:49","slug":"la-protection-civile-fait-son-bilan-pour-lete-2026-plus-de-58-000-vies-sauvees-de-la-noyade","status":"publish","type":"post","link":"https:\/\/lasentinelle.dz\/index.php\/2026\/09\/02\/la-protection-civile-fait-son-bilan-pour-lete-2026-plus-de-58-000-vies-sauvees-de-la-noyade\/","title":{"rendered":"La protection civile fait son bilan pour l\u2019\u00e9t\u00e9 2026\u00a0: Plus de 58 000 vies sauv\u00e9es de la noyade"},"content":{"rendered":"\n<p class=\"wp-block-paragraph\">La saison baln\u00e9aire 2026 s&rsquo;ach\u00e8ve sur un bilan humain consid\u00e9rable pour la Protection civile, qui a sauv\u00e9 plus de 58 000 personnes de la noyade entre le 1er juin et le 31 ao\u00fbt, un chiffre qui d\u00e9passe d\u00e9j\u00e0 celui enregistr\u00e9 sur l&rsquo;ensemble de la saison pass\u00e9e. Dans un communiqu\u00e9 diffus\u00e9 mercredi, la Direction g\u00e9n\u00e9rale de la Protection civile pr\u00e9cise que ses \u00e9l\u00e9ments ont men\u00e9 \u00ab 82 093 interventions ayant permis de sauver 58 751 personnes \u00bb au niveau des plages autoris\u00e9es \u00e0 la baignade. Le m\u00eame texte ajoute que 19 537 estivants ont re\u00e7u des soins de premi\u00e8re urgence sur place, tandis que 3 697 bless\u00e9s ont d\u00fb \u00eatre \u00e9vacu\u00e9s vers des structures sanitaires. Ce volume d&rsquo;activit\u00e9 illustre l&rsquo;ampleur du dispositif d\u00e9ploy\u00e9 chaque \u00e9t\u00e9 le long du littoral. Pour encadrer les vacanciers, la Protection civile avait mobilis\u00e9 11 000 \u00e9l\u00e9ments sur les plages surveill\u00e9es, un contingent m\u00ealant professionnels, plongeurs et saisonniers. Compar\u00e9e \u00e0 l&rsquo;exercice pr\u00e9c\u00e9dent, la saison 2026 affiche des r\u00e9sultats qui tranchent avec ceux de l&rsquo;\u00e9t\u00e9 2025. Sur l&rsquo;ensemble de la saison \u00e9coul\u00e9e, les services de secours avaient r\u00e9alis\u00e9 78 174 interventions et sauv\u00e9 plus de 56 000 personnes, pour un bilan final de 214 d\u00e9c\u00e8s par noyade recens\u00e9s sur les plages, dont 131 survenus en dehors des zones autoris\u00e9es \u00e0 la baignade. Cette ann\u00e9e, \u00e0 donn\u00e9es comparables et alors que le mois de septembre n&rsquo;est pas encore comptabilis\u00e9, le nombre de noyades sur les plages s&rsquo;\u00e9tablit \u00e0 148 cas, dont 76 au niveau de zones interdites \u00e0 la baignade et 70 sur des plages surveill\u00e9es, parmi lesquelles 38 se sont produites hors des horaires de surveillance.<\/p>\n\n\n\n<p class=\"wp-block-paragraph\">Les plans et r\u00e9serves d&rsquo;eau demeurent toutefois un point noir persistant. Le bilan fait \u00e9tat de 62 d\u00e9c\u00e8s survenus dans des bassins, mares, piscines, retenues collinaires, oueds et barrages, la Protection civile soulignant que la majorit\u00e9 des victimes sont des enfants et des adolescents, confirmant une tendance d\u00e9j\u00e0 observ\u00e9e l&rsquo;\u00e9t\u00e9 dernier, o\u00f9 ces r\u00e9serves avaient caus\u00e9 76 d\u00e9c\u00e8s sur l&rsquo;ensemble de la saison. Les accidents nautiques ont par ailleurs co\u00fbt\u00e9 la vie \u00e0 deux personnes, \u00e0 Skikda et \u00e0 El Tarf, tandis que 29 autres ont pu \u00eatre secourues dans plusieurs wilayas c\u00f4ti\u00e8res, notamment \u00e0 Tipasa, Alger, Annaba, Oran, El Tarf et Jijel.<\/p>\n\n\n\n<p class=\"wp-block-paragraph\">Si le nombre de vies sauv\u00e9es progresse nettement par rapport \u00e0 2025, les autorit\u00e9s continuent d&rsquo;insister sur la vigilance dans les zones non surveill\u00e9es, qui concentrent l&rsquo;essentiel des drames, ainsi que sur la surveillance rapproch\u00e9e des enfants pr\u00e8s des points d&rsquo;eau int\u00e9rieurs, cat\u00e9gorie la plus durement touch\u00e9e chaque ann\u00e9e.<\/p>\n\n\n\n<p class=\"wp-block-paragraph\">Malik Meziane<\/p>\n","protected":false},"excerpt":{"rendered":"<p>La saison baln\u00e9aire 2026 s&rsquo;ach\u00e8ve sur un bilan humain consid\u00e9rable pour la Protection civile, qui a sauv\u00e9 plus de 58<\/p>\n","protected":false},"author":6,"featured_media":44088,"comment_status":"open","ping_status":"closed","sticky":false,"template":"","format":"standard","meta":{"colormag_page_container_layout":"default_layout","colormag_page_sidebar_layout":"default_layout","om_disable_all_campaigns":false,"_monsterinsights_skip_tracking":false,"footnotes":"","_wpscppro_dont_share_socialmedia":false,"_wpscppro_custom_social_share_image":0,"_facebook_share_type":"default","_twitter_share_type":"default","_linkedin_share_type":"default","_pinterest_share_type":"default","_linkedin_share_type_page":"","_instagram_share_type":"default","_medium_share_type":"default","_threads_share_type":"default","_google_business_share_type":"default","_bluesky_share_type":"default","_mastodon_share_type":"default","_selected_social_profile":[],"_wpsp_enable_custom_social_template":false,"_wpsp_social_scheduling":{"enabled":false,"datetime":null,"platforms":[],"status":"template_only","dateOption":"today","timeOption":"now","customDays":"","customHours":"","customDate":"","customTime":"","schedulingType":"absolute"},"_wpsp_active_default_template":true},"categories":[27],"tags":[],"class_list":["post-94885","post","type-post","status-publish","format-standard","has-post-thumbnail","hentry","category-actualite"],"aioseo_notices":[],"aioseo_head":"\n\t\t<!-- All in One SEO 5.0.0.1 - aioseo.com -->\n\t<meta name=\"description\" content=\"La saison baln\u00e9aire 2026 s&#039;ach\u00e8ve sur un bilan humain consid\u00e9rable pour la Protection civile, qui a sauv\u00e9 plus de 58 000 personnes de la noyade entre le 1er juin et le 31 ao\u00fbt, un chiffre qui d\u00e9passe d\u00e9j\u00e0 celui enregistr\u00e9 sur l&#039;ensemble de la saison pass\u00e9e. Dans un communiqu\u00e9 diffus\u00e9 mercredi, la Direction g\u00e9n\u00e9rale de\" \/>\n\t<meta name=\"robots\" content=\"max-image-preview:large\" \/>\n\t<meta name=\"author\" content=\"admin\"\/>\n\t<link rel=\"canonical\" href=\"https:\/\/lasentinelle.dz\/index.php\/2026\/09\/02\/la-protection-civile-fait-son-bilan-pour-lete-2026-plus-de-58-000-vies-sauvees-de-la-noyade\/\" \/>\n\t<meta name=\"generator\" content=\"All in One SEO (AIOSEO) 5.0.0.1\" \/>\n\t\t<meta property=\"og:locale\" content=\"fr_FR\" \/>\n\t\t<meta property=\"og:site_name\" content=\"La Sentinelle - Quotidien national d&#039;information\" \/>\n\t\t<meta property=\"og:type\" content=\"article\" \/>\n\t\t<meta property=\"og:title\" content=\"La protection civile fait son bilan pour l\u2019\u00e9t\u00e9 2026 : Plus de 58 000 vies sauv\u00e9es de la noyade - La Sentinelle\" \/>\n\t\t<meta property=\"og:description\" content=\"La saison baln\u00e9aire 2026 s&#039;ach\u00e8ve sur un bilan humain consid\u00e9rable pour la Protection civile, qui a sauv\u00e9 plus de 58 000 personnes de la noyade entre le 1er juin et le 31 ao\u00fbt, un chiffre qui d\u00e9passe d\u00e9j\u00e0 celui enregistr\u00e9 sur l&#039;ensemble de la saison pass\u00e9e. Dans un communiqu\u00e9 diffus\u00e9 mercredi, la Direction g\u00e9n\u00e9rale de\" \/>\n\t\t<meta property=\"og:url\" content=\"https:\/\/lasentinelle.dz\/index.php\/2026\/09\/02\/la-protection-civile-fait-son-bilan-pour-lete-2026-plus-de-58-000-vies-sauvees-de-la-noyade\/\" \/>\n\t\t<meta property=\"og:image\" content=\"https:\/\/lasentinelle.dz\/wp-content\/uploads\/2021\/09\/cropped-la-sentinelle-earth-golden-anima-5.gif\" \/>\n\t\t<meta property=\"og:image:secure_url\" content=\"https:\/\/lasentinelle.dz\/wp-content\/uploads\/2021\/09\/cropped-la-sentinelle-earth-golden-anima-5.gif\" \/>\n\t\t<meta property=\"og:image:width\" content=\"450\" \/>\n\t\t<meta property=\"og:image:height\" content=\"213\" \/>\n\t\t<meta property=\"article:published_time\" content=\"2026-09-02T18:24:07+00:00\" \/>\n\t\t<meta property=\"article:modified_time\" content=\"2026-09-04T18:24:49+00:00\" \/>\n\t\t<meta property=\"article:publisher\" content=\"https:\/\/www.facebook.com\/azzedine.lasentinelle.1\" \/>\n\t\t<meta name=\"twitter:card\" content=\"summary_large_image\" \/>\n\t\t<meta name=\"twitter:title\" content=\"La protection civile fait son bilan pour l\u2019\u00e9t\u00e9 2026 : Plus de 58 000 vies sauv\u00e9es de la noyade - La Sentinelle\" \/>\n\t\t<meta name=\"twitter:description\" content=\"La saison baln\u00e9aire 2026 s&#039;ach\u00e8ve sur un bilan humain consid\u00e9rable pour la Protection civile, qui a sauv\u00e9 plus de 58 000 personnes de la noyade entre le 1er juin et le 31 ao\u00fbt, un chiffre qui d\u00e9passe d\u00e9j\u00e0 celui enregistr\u00e9 sur l&#039;ensemble de la saison pass\u00e9e. Dans un communiqu\u00e9 diffus\u00e9 mercredi, la Direction g\u00e9n\u00e9rale de\" \/>\n\t\t<meta name=\"twitter:image\" content=\"https:\/\/lasentinelle.dz\/wp-content\/uploads\/2021\/09\/cropped-la-sentinelle-earth-golden-anima-5.gif\" \/>\n\t\t<script type=\"application\/ld+json\" class=\"aioseo-schema\">\n\t\t\t{\"@context\":\"https:\\\/\\\/schema.org\",\"@graph\":[{\"@type\":\"BlogPosting\",\"@id\":\"https:\\\/\\\/lasentinelle.dz\\\/index.php\\\/2026\\\/09\\\/02\\\/la-protection-civile-fait-son-bilan-pour-lete-2026-plus-de-58-000-vies-sauvees-de-la-noyade\\\/#blogposting\",\"name\":\"La protection civile fait son bilan pour l\\u2019\\u00e9t\\u00e9 2026 : Plus de 58 000 vies sauv\\u00e9es de la noyade - La Sentinelle\",\"headline\":\"La protection civile fait son bilan pour l\\u2019\\u00e9t\\u00e9 2026\\u00a0: Plus de 58 000 vies sauv\\u00e9es de la noyade\",\"author\":{\"@id\":\"https:\\\/\\\/lasentinelle.dz\\\/author\\\/admin\\\/#author\"},\"publisher\":{\"@id\":\"https:\\\/\\\/lasentinelle.dz\\\/#organization\"},\"image\":{\"@type\":\"ImageObject\",\"url\":\"https:\\\/\\\/lasentinelle.dz\\\/wp-content\\\/uploads\\\/2023\\\/07\\\/noyade.webp\",\"width\":450,\"height\":300},\"datePublished\":\"2026-09-02T19:24:07+01:00\",\"dateModified\":\"2026-09-04T19:24:49+01:00\",\"inLanguage\":\"fr-FR\",\"mainEntityOfPage\":{\"@id\":\"https:\\\/\\\/lasentinelle.dz\\\/index.php\\\/2026\\\/09\\\/02\\\/la-protection-civile-fait-son-bilan-pour-lete-2026-plus-de-58-000-vies-sauvees-de-la-noyade\\\/#webpage\"},\"isPartOf\":{\"@id\":\"https:\\\/\\\/lasentinelle.dz\\\/index.php\\\/2026\\\/09\\\/02\\\/la-protection-civile-fait-son-bilan-pour-lete-2026-plus-de-58-000-vies-sauvees-de-la-noyade\\\/#webpage\"},\"articleSection\":\"Actualit\\u00e9\"},{\"@type\":\"BreadcrumbList\",\"@id\":\"https:\\\/\\\/lasentinelle.dz\\\/index.php\\\/2026\\\/09\\\/02\\\/la-protection-civile-fait-son-bilan-pour-lete-2026-plus-de-58-000-vies-sauvees-de-la-noyade\\\/#breadcrumblist\",\"itemListElement\":[{\"@type\":\"ListItem\",\"@id\":\"https:\\\/\\\/lasentinelle.dz#listItem\",\"position\":1,\"name\":\"Home\",\"item\":\"https:\\\/\\\/lasentinelle.dz\",\"nextItem\":{\"@type\":\"ListItem\",\"@id\":\"https:\\\/\\\/lasentinelle.dz\\\/index.php\\\/category\\\/actualite\\\/#listItem\",\"name\":\"Actualit\\u00e9\"}},{\"@type\":\"ListItem\",\"@id\":\"https:\\\/\\\/lasentinelle.dz\\\/index.php\\\/category\\\/actualite\\\/#listItem\",\"position\":2,\"name\":\"Actualit\\u00e9\",\"item\":\"https:\\\/\\\/lasentinelle.dz\\\/index.php\\\/category\\\/actualite\\\/\",\"nextItem\":{\"@type\":\"ListItem\",\"@id\":\"https:\\\/\\\/lasentinelle.dz\\\/index.php\\\/2026\\\/09\\\/02\\\/la-protection-civile-fait-son-bilan-pour-lete-2026-plus-de-58-000-vies-sauvees-de-la-noyade\\\/#listItem\",\"name\":\"La protection civile fait son bilan pour l\\u2019\\u00e9t\\u00e9 2026\\u00a0: Plus de 58 000 vies sauv\\u00e9es de la noyade\"},\"previousItem\":{\"@type\":\"ListItem\",\"@id\":\"https:\\\/\\\/lasentinelle.dz#listItem\",\"name\":\"Home\"}},{\"@type\":\"ListItem\",\"@id\":\"https:\\\/\\\/lasentinelle.dz\\\/index.php\\\/2026\\\/09\\\/02\\\/la-protection-civile-fait-son-bilan-pour-lete-2026-plus-de-58-000-vies-sauvees-de-la-noyade\\\/#listItem\",\"position\":3,\"name\":\"La protection civile fait son bilan pour l\\u2019\\u00e9t\\u00e9 2026\\u00a0: Plus de 58 000 vies sauv\\u00e9es de la noyade\",\"previousItem\":{\"@type\":\"ListItem\",\"@id\":\"https:\\\/\\\/lasentinelle.dz\\\/index.php\\\/category\\\/actualite\\\/#listItem\",\"name\":\"Actualit\\u00e9\"}}]},{\"@type\":\"Organization\",\"@id\":\"https:\\\/\\\/lasentinelle.dz\\\/#organization\",\"name\":\"La Sentinelle La Sentinelle\",\"description\":\"Quotidien national d'information\",\"url\":\"https:\\\/\\\/lasentinelle.dz\\\/\",\"logo\":{\"@type\":\"ImageObject\",\"url\":\"https:\\\/\\\/lasentinelle.dz\\\/wp-content\\\/uploads\\\/2021\\\/09\\\/cropped-la-sentinelle-earth-golden-anima-5.gif\",\"@id\":\"https:\\\/\\\/lasentinelle.dz\\\/index.php\\\/2026\\\/09\\\/02\\\/la-protection-civile-fait-son-bilan-pour-lete-2026-plus-de-58-000-vies-sauvees-de-la-noyade\\\/#organizationLogo\",\"width\":450,\"height\":213},\"image\":{\"@id\":\"https:\\\/\\\/lasentinelle.dz\\\/index.php\\\/2026\\\/09\\\/02\\\/la-protection-civile-fait-son-bilan-pour-lete-2026-plus-de-58-000-vies-sauvees-de-la-noyade\\\/#organizationLogo\"},\"sameAs\":[\"https:\\\/\\\/www.facebook.com\\\/azzedine.lasentinelle.1\"]},{\"@type\":\"Person\",\"@id\":\"https:\\\/\\\/lasentinelle.dz\\\/author\\\/admin\\\/#author\",\"url\":\"https:\\\/\\\/lasentinelle.dz\\\/author\\\/admin\\\/\",\"name\":\"admin\",\"image\":{\"@type\":\"ImageObject\",\"@id\":\"https:\\\/\\\/lasentinelle.dz\\\/index.php\\\/2026\\\/09\\\/02\\\/la-protection-civile-fait-son-bilan-pour-lete-2026-plus-de-58-000-vies-sauvees-de-la-noyade\\\/#authorImage\",\"url\":\"https:\\\/\\\/secure.gravatar.com\\\/avatar\\\/4c81fed838786e9b53f540bf46533e750f5d292099ae3b66cfc6fb1982e29df7?s=96&d=mm&r=g\",\"width\":96,\"height\":96,\"caption\":\"admin\"}},{\"@type\":\"WebPage\",\"@id\":\"https:\\\/\\\/lasentinelle.dz\\\/index.php\\\/2026\\\/09\\\/02\\\/la-protection-civile-fait-son-bilan-pour-lete-2026-plus-de-58-000-vies-sauvees-de-la-noyade\\\/#webpage\",\"url\":\"https:\\\/\\\/lasentinelle.dz\\\/index.php\\\/2026\\\/09\\\/02\\\/la-protection-civile-fait-son-bilan-pour-lete-2026-plus-de-58-000-vies-sauvees-de-la-noyade\\\/\",\"name\":\"La protection civile fait son bilan pour l\\u2019\\u00e9t\\u00e9 2026 : Plus de 58 000 vies sauv\\u00e9es de la noyade - La Sentinelle\",\"description\":\"La saison baln\\u00e9aire 2026 s'ach\\u00e8ve sur un bilan humain consid\\u00e9rable pour la Protection civile, qui a sauv\\u00e9 plus de 58 000 personnes de la noyade entre le 1er juin et le 31 ao\\u00fbt, un chiffre qui d\\u00e9passe d\\u00e9j\\u00e0 celui enregistr\\u00e9 sur l'ensemble de la saison pass\\u00e9e. Dans un communiqu\\u00e9 diffus\\u00e9 mercredi, la Direction g\\u00e9n\\u00e9rale de\",\"inLanguage\":\"fr-FR\",\"isPartOf\":{\"@id\":\"https:\\\/\\\/lasentinelle.dz\\\/#website\"},\"breadcrumb\":{\"@id\":\"https:\\\/\\\/lasentinelle.dz\\\/index.php\\\/2026\\\/09\\\/02\\\/la-protection-civile-fait-son-bilan-pour-lete-2026-plus-de-58-000-vies-sauvees-de-la-noyade\\\/#breadcrumblist\"},\"author\":{\"@id\":\"https:\\\/\\\/lasentinelle.dz\\\/author\\\/admin\\\/#author\"},\"creator\":{\"@id\":\"https:\\\/\\\/lasentinelle.dz\\\/author\\\/admin\\\/#author\"},\"image\":{\"@type\":\"ImageObject\",\"url\":\"https:\\\/\\\/lasentinelle.dz\\\/wp-content\\\/uploads\\\/2023\\\/07\\\/noyade.webp\",\"@id\":\"https:\\\/\\\/lasentinelle.dz\\\/index.php\\\/2026\\\/09\\\/02\\\/la-protection-civile-fait-son-bilan-pour-lete-2026-plus-de-58-000-vies-sauvees-de-la-noyade\\\/#mainImage\",\"width\":450,\"height\":300},\"primaryImageOfPage\":{\"@id\":\"https:\\\/\\\/lasentinelle.dz\\\/index.php\\\/2026\\\/09\\\/02\\\/la-protection-civile-fait-son-bilan-pour-lete-2026-plus-de-58-000-vies-sauvees-de-la-noyade\\\/#mainImage\"},\"datePublished\":\"2026-09-02T19:24:07+01:00\",\"dateModified\":\"2026-09-04T19:24:49+01:00\"},{\"@type\":\"WebSite\",\"@id\":\"https:\\\/\\\/lasentinelle.dz\\\/#website\",\"url\":\"https:\\\/\\\/lasentinelle.dz\\\/\",\"name\":\"La Sentinelle\",\"description\":\"Quotidien national d'information\",\"inLanguage\":\"fr-FR\",\"publisher\":{\"@id\":\"https:\\\/\\\/lasentinelle.dz\\\/#organization\"}}]}\n\t\t<\/script>\n\t\t<!-- All in One SEO -->\n\n","aioseo_head_json":{"title":"La protection civile fait son bilan pour l\u2019\u00e9t\u00e9 2026 : Plus de 58 000 vies sauv\u00e9es de la noyade - La Sentinelle","description":"La saison baln\u00e9aire 2026 s'ach\u00e8ve sur un bilan humain consid\u00e9rable pour la Protection civile, qui a sauv\u00e9 plus de 58 000 personnes de la noyade entre le 1er juin et le 31 ao\u00fbt, un chiffre qui d\u00e9passe d\u00e9j\u00e0 celui enregistr\u00e9 sur l'ensemble de la saison pass\u00e9e. Dans un communiqu\u00e9 diffus\u00e9 mercredi, la Direction g\u00e9n\u00e9rale de","canonical_url":"https:\/\/lasentinelle.dz\/index.php\/2026\/09\/02\/la-protection-civile-fait-son-bilan-pour-lete-2026-plus-de-58-000-vies-sauvees-de-la-noyade\/","robots":"max-image-preview:large","keywords":"","webmasterTools":{"miscellaneous":""},"schema":{"@context":"https:\/\/schema.org","@graph":[{"@type":"BlogPosting","@id":"https:\/\/lasentinelle.dz\/index.php\/2026\/09\/02\/la-protection-civile-fait-son-bilan-pour-lete-2026-plus-de-58-000-vies-sauvees-de-la-noyade\/#blogposting","name":"La protection civile fait son bilan pour l\u2019\u00e9t\u00e9 2026 : Plus de 58 000 vies sauv\u00e9es de la noyade - La Sentinelle","headline":"La protection civile fait son bilan pour l\u2019\u00e9t\u00e9 2026\u00a0: Plus de 58 000 vies sauv\u00e9es de la noyade","author":{"@id":"https:\/\/lasentinelle.dz\/author\/admin\/#author"},"publisher":{"@id":"https:\/\/lasentinelle.dz\/#organization"},"image":{"@type":"ImageObject","url":"https:\/\/lasentinelle.dz\/wp-content\/uploads\/2023\/07\/noyade.webp","width":450,"height":300},"datePublished":"2026-09-02T19:24:07+01:00","dateModified":"2026-09-04T19:24:49+01:00","inLanguage":"fr-FR","mainEntityOfPage":{"@id":"https:\/\/lasentinelle.dz\/index.php\/2026\/09\/02\/la-protection-civile-fait-son-bilan-pour-lete-2026-plus-de-58-000-vies-sauvees-de-la-noyade\/#webpage"},"isPartOf":{"@id":"https:\/\/lasentinelle.dz\/index.php\/2026\/09\/02\/la-protection-civile-fait-son-bilan-pour-lete-2026-plus-de-58-000-vies-sauvees-de-la-noyade\/#webpage"},"articleSection":"Actualit\u00e9"},{"@type":"BreadcrumbList","@id":"https:\/\/lasentinelle.dz\/index.php\/2026\/09\/02\/la-protection-civile-fait-son-bilan-pour-lete-2026-plus-de-58-000-vies-sauvees-de-la-noyade\/#breadcrumblist","itemListElement":[{"@type":"ListItem","@id":"https:\/\/lasentinelle.dz#listItem","position":1,"name":"Home","item":"https:\/\/lasentinelle.dz","nextItem":{"@type":"ListItem","@id":"https:\/\/lasentinelle.dz\/index.php\/category\/actualite\/#listItem","name":"Actualit\u00e9"}},{"@type":"ListItem","@id":"https:\/\/lasentinelle.dz\/index.php\/category\/actualite\/#listItem","position":2,"name":"Actualit\u00e9","item":"https:\/\/lasentinelle.dz\/index.php\/category\/actualite\/","nextItem":{"@type":"ListItem","@id":"https:\/\/lasentinelle.dz\/index.php\/2026\/09\/02\/la-protection-civile-fait-son-bilan-pour-lete-2026-plus-de-58-000-vies-sauvees-de-la-noyade\/#listItem","name":"La protection civile fait son bilan pour l\u2019\u00e9t\u00e9 2026\u00a0: Plus de 58 000 vies sauv\u00e9es de la noyade"},"previousItem":{"@type":"ListItem","@id":"https:\/\/lasentinelle.dz#listItem","name":"Home"}},{"@type":"ListItem","@id":"https:\/\/lasentinelle.dz\/index.php\/2026\/09\/02\/la-protection-civile-fait-son-bilan-pour-lete-2026-plus-de-58-000-vies-sauvees-de-la-noyade\/#listItem","position":3,"name":"La protection civile fait son bilan pour l\u2019\u00e9t\u00e9 2026\u00a0: Plus de 58 000 vies sauv\u00e9es de la noyade","previousItem":{"@type":"ListItem","@id":"https:\/\/lasentinelle.dz\/index.php\/category\/actualite\/#listItem","name":"Actualit\u00e9"}}]},{"@type":"Organization","@id":"https:\/\/lasentinelle.dz\/#organization","name":"La Sentinelle La Sentinelle","description":"Quotidien national d'information","url":"https:\/\/lasentinelle.dz\/","logo":{"@type":"ImageObject","url":"https:\/\/lasentinelle.dz\/wp-content\/uploads\/2021\/09\/cropped-la-sentinelle-earth-golden-anima-5.gif","@id":"https:\/\/lasentinelle.dz\/index.php\/2026\/09\/02\/la-protection-civile-fait-son-bilan-pour-lete-2026-plus-de-58-000-vies-sauvees-de-la-noyade\/#organizationLogo","width":450,"height":213},"image":{"@id":"https:\/\/lasentinelle.dz\/index.php\/2026\/09\/02\/la-protection-civile-fait-son-bilan-pour-lete-2026-plus-de-58-000-vies-sauvees-de-la-noyade\/#organizationLogo"},"sameAs":["https:\/\/www.facebook.com\/azzedine.lasentinelle.1"]},{"@type":"Person","@id":"https:\/\/lasentinelle.dz\/author\/admin\/#author","url":"https:\/\/lasentinelle.dz\/author\/admin\/","name":"admin","image":{"@type":"ImageObject","@id":"https:\/\/lasentinelle.dz\/index.php\/2026\/09\/02\/la-protection-civile-fait-son-bilan-pour-lete-2026-plus-de-58-000-vies-sauvees-de-la-noyade\/#authorImage","url":"https:\/\/secure.gravatar.com\/avatar\/4c81fed838786e9b53f540bf46533e750f5d292099ae3b66cfc6fb1982e29df7?s=96&d=mm&r=g","width":96,"height":96,"caption":"admin"}},{"@type":"WebPage","@id":"https:\/\/lasentinelle.dz\/index.php\/2026\/09\/02\/la-protection-civile-fait-son-bilan-pour-lete-2026-plus-de-58-000-vies-sauvees-de-la-noyade\/#webpage","url":"https:\/\/lasentinelle.dz\/index.php\/2026\/09\/02\/la-protection-civile-fait-son-bilan-pour-lete-2026-plus-de-58-000-vies-sauvees-de-la-noyade\/","name":"La protection civile fait son bilan pour l\u2019\u00e9t\u00e9 2026 : Plus de 58 000 vies sauv\u00e9es de la noyade - La Sentinelle","description":"La saison baln\u00e9aire 2026 s'ach\u00e8ve sur un bilan humain consid\u00e9rable pour la Protection civile, qui a sauv\u00e9 plus de 58 000 personnes de la noyade entre le 1er juin et le 31 ao\u00fbt, un chiffre qui d\u00e9passe d\u00e9j\u00e0 celui enregistr\u00e9 sur l'ensemble de la saison pass\u00e9e. Dans un communiqu\u00e9 diffus\u00e9 mercredi, la Direction g\u00e9n\u00e9rale de","inLanguage":"fr-FR","isPartOf":{"@id":"https:\/\/lasentinelle.dz\/#website"},"breadcrumb":{"@id":"https:\/\/lasentinelle.dz\/index.php\/2026\/09\/02\/la-protection-civile-fait-son-bilan-pour-lete-2026-plus-de-58-000-vies-sauvees-de-la-noyade\/#breadcrumblist"},"author":{"@id":"https:\/\/lasentinelle.dz\/author\/admin\/#author"},"creator":{"@id":"https:\/\/lasentinelle.dz\/author\/admin\/#author"},"image":{"@type":"ImageObject","url":"https:\/\/lasentinelle.dz\/wp-content\/uploads\/2023\/07\/noyade.webp","@id":"https:\/\/lasentinelle.dz\/index.php\/2026\/09\/02\/la-protection-civile-fait-son-bilan-pour-lete-2026-plus-de-58-000-vies-sauvees-de-la-noyade\/#mainImage","width":450,"height":300},"primaryImageOfPage":{"@id":"https:\/\/lasentinelle.dz\/index.php\/2026\/09\/02\/la-protection-civile-fait-son-bilan-pour-lete-2026-plus-de-58-000-vies-sauvees-de-la-noyade\/#mainImage"},"datePublished":"2026-09-02T19:24:07+01:00","dateModified":"2026-09-04T19:24:49+01:00"},{"@type":"WebSite","@id":"https:\/\/lasentinelle.dz\/#website","url":"https:\/\/lasentinelle.dz\/","name":"La Sentinelle","description":"Quotidien national d'information","inLanguage":"fr-FR","publisher":{"@id":"https:\/\/lasentinelle.dz\/#organization"}}]},"og:locale":"fr_FR","og:site_name":"La Sentinelle - Quotidien national d'information","og:type":"article","og:title":"La protection civile fait son bilan pour l\u2019\u00e9t\u00e9 2026 : Plus de 58 000 vies sauv\u00e9es de la noyade - La Sentinelle","og:description":"La saison baln\u00e9aire 2026 s'ach\u00e8ve sur un bilan humain consid\u00e9rable pour la Protection civile, qui a sauv\u00e9 plus de 58 000 personnes de la noyade entre le 1er juin et le 31 ao\u00fbt, un chiffre qui d\u00e9passe d\u00e9j\u00e0 celui enregistr\u00e9 sur l'ensemble de la saison pass\u00e9e. Dans un communiqu\u00e9 diffus\u00e9 mercredi, la Direction g\u00e9n\u00e9rale de","og:url":"https:\/\/lasentinelle.dz\/index.php\/2026\/09\/02\/la-protection-civile-fait-son-bilan-pour-lete-2026-plus-de-58-000-vies-sauvees-de-la-noyade\/","og:image":"https:\/\/lasentinelle.dz\/wp-content\/uploads\/2021\/09\/cropped-la-sentinelle-earth-golden-anima-5.gif","og:image:secure_url":"https:\/\/lasentinelle.dz\/wp-content\/uploads\/2021\/09\/cropped-la-sentinelle-earth-golden-anima-5.gif","og:image:width":450,"og:image:height":213,"article:published_time":"2026-09-02T18:24:07+00:00","article:modified_time":"2026-09-04T18:24:49+00:00","article:publisher":"https:\/\/www.facebook.com\/azzedine.lasentinelle.1","twitter:card":"summary_large_image","twitter:title":"La protection civile fait son bilan pour l\u2019\u00e9t\u00e9 2026 : Plus de 58 000 vies sauv\u00e9es de la noyade - La Sentinelle","twitter:description":"La saison baln\u00e9aire 2026 s'ach\u00e8ve sur un bilan humain consid\u00e9rable pour la Protection civile, qui a sauv\u00e9 plus de 58 000 personnes de la noyade entre le 1er juin et le 31 ao\u00fbt, un chiffre qui d\u00e9passe d\u00e9j\u00e0 celui enregistr\u00e9 sur l'ensemble de la saison pass\u00e9e. Dans un communiqu\u00e9 diffus\u00e9 mercredi, la Direction g\u00e9n\u00e9rale de","twitter:image":"https:\/\/lasentinelle.dz\/wp-content\/uploads\/2021\/09\/cropped-la-sentinelle-earth-golden-anima-5.gif"},"aioseo_meta_data":{"post_id":"94885","title":null,"description":null,"keywords":null,"keyphrases":{"focus":{"keyphrase":"","score":0,"analysis":{"keyphraseInTitle":{"score":0,"maxScore":9,"error":1}}},"additional":[]},"primary_term":null,"canonical_url":null,"og_title":null,"og_description":null,"og_object_type":"default","og_image_type":"default","og_image_url":null,"og_image_width":null,"og_image_height":null,"og_image_custom_url":null,"og_image_custom_fields":null,"og_video":"","og_custom_url":null,"og_article_section":null,"og_article_tags":null,"twitter_use_og":false,"twitter_card":"default","twitter_image_type":"default","twitter_image_url":null,"twitter_image_custom_url":null,"twitter_image_custom_fields":null,"twitter_title":null,"twitter_description":null,"schema":{"blockGraphs":[],"customGraphs":[],"default":{"data":{"Article":[],"Course":[],"Dataset":[],"FAQPage":[],"Movie":[],"Person":[],"Product":[],"ProductReview":[],"Car":[],"Recipe":[],"Service":[],"SoftwareApplication":[],"WebPage":[]},"graphName":"BlogPosting","isEnabled":true},"graphs":[]},"schema_type":"default","schema_type_options":null,"pillar_content":false,"robots_default":true,"robots_noindex":false,"robots_noarchive":false,"robots_nosnippet":false,"robots_nofollow":false,"robots_noimageindex":false,"robots_noodp":false,"robots_notranslate":false,"robots_max_snippet":"-1","robots_max_videopreview":"-1","robots_max_imagepreview":"large","priority":null,"frequency":"default","local_seo":null,"breadcrumb_settings":null,"limit_modified_date":false,"ai":{"faqs":[],"keyPoints":[],"schemas":[],"titles":[],"descriptions":[],"socialPosts":{"email":{"subject":"","preview":"","content":""},"linkedin":[],"twitter":[],"facebook":[],"instagram":[]}},"created":"2026-09-04 18:24:49","updated":"2026-09-04 18:58:32","focus_keyword":null,"additional_keywords":null,"truseo_locale":null,"seo_analyzer_scan_date":null},"aioseo_breadcrumb":"<div class=\"aioseo-breadcrumbs\"><span class=\"aioseo-breadcrumb\">\n\t\t\t<a href=\"https:\/\/lasentinelle.dz\" title=\"Home\">Home<\/a>\n\t\t<\/span><span class=\"aioseo-breadcrumb-separator\">&raquo;<\/span><span class=\"aioseo-breadcrumb\">\n\t\t\t<a href=\"https:\/\/lasentinelle.dz\/index.php\/category\/actualite\/\" title=\"Actualit\u00e9\">Actualit\u00e9<\/a>\n\t\t<\/span><span class=\"aioseo-breadcrumb-separator\">&raquo;<\/span><span class=\"aioseo-breadcrumb\">\n\t\t\tLa protection civile fait son bilan pour l\u2019\u00e9t\u00e9 2026 : Plus de 58 000 vies sauv\u00e9es de la noyade\n\t\t<\/span><\/div>","aioseo_breadcrumb_json":[{"label":"Home","link":"https:\/\/lasentinelle.dz"},{"label":"Actualit\u00e9","link":"https:\/\/lasentinelle.dz\/index.php\/category\/actualite\/"},{"label":"La protection civile fait son bilan pour l\u2019\u00e9t\u00e9 2026\u00a0: Plus de 58 000 vies sauv\u00e9es de la noyade","link":"https:\/\/lasentinelle.dz\/index.php\/2026\/09\/02\/la-protection-civile-fait-son-bilan-pour-lete-2026-plus-de-58-000-vies-sauvees-de-la-noyade\/"}],"yoast_head":"<!-- This site is optimized with the Yoast SEO plugin v28.4 - https:\/\/yoast.com\/product\/yoast-seo-wordpress\/ -->\n<title>La protection civile fait son bilan pour l\u2019\u00e9t\u00e9 2026\u00a0: Plus de 58 000 vies sauv\u00e9es de la noyade - La Sentinelle<\/title>\n<meta name=\"robots\" content=\"index, follow, max-snippet:-1, max-image-preview:large, max-video-preview:-1\" \/>\n<link rel=\"canonical\" href=\"https:\/\/lasentinelle.dz\/index.php\/2026\/09\/02\/la-protection-civile-fait-son-bilan-pour-lete-2026-plus-de-58-000-vies-sauvees-de-la-noyade\/\" \/>\n<meta property=\"og:locale\" content=\"fr_FR\" \/>\n<meta property=\"og:type\" content=\"article\" \/>\n<meta property=\"og:title\" content=\"La protection civile fait son bilan pour l\u2019\u00e9t\u00e9 2026\u00a0: Plus de 58 000 vies sauv\u00e9es de la noyade - La Sentinelle\" \/>\n<meta property=\"og:description\" content=\"La saison baln\u00e9aire 2026 s&rsquo;ach\u00e8ve sur un bilan humain consid\u00e9rable pour la Protection civile, qui a sauv\u00e9 plus de 58\" \/>\n<meta property=\"og:url\" content=\"https:\/\/lasentinelle.dz\/index.php\/2026\/09\/02\/la-protection-civile-fait-son-bilan-pour-lete-2026-plus-de-58-000-vies-sauvees-de-la-noyade\/\" \/>\n<meta property=\"og:site_name\" content=\"La Sentinelle\" \/>\n<meta property=\"article:publisher\" content=\"https:\/\/www.facebook.com\/La-Sentinelle-104059864394773\" \/>\n<meta property=\"article:published_time\" content=\"2026-09-02T18:24:07+00:00\" \/>\n<meta property=\"article:modified_time\" content=\"2026-09-04T18:24:49+00:00\" \/>\n<meta property=\"og:image\" content=\"https:\/\/lasentinelle.dz\/wp-content\/uploads\/2023\/07\/noyade.webp\" \/>\n\t<meta property=\"og:image:width\" content=\"450\" \/>\n\t<meta property=\"og:image:height\" content=\"300\" \/>\n\t<meta property=\"og:image:type\" content=\"image\/webp\" \/>\n<meta name=\"author\" content=\"admin\" \/>\n<meta name=\"twitter:card\" content=\"summary_large_image\" \/>\n<meta name=\"twitter:label1\" content=\"\u00c9crit par\" \/>\n\t<meta name=\"twitter:data1\" content=\"admin\" \/>\n\t<meta name=\"twitter:label2\" content=\"Dur\u00e9e de lecture estim\u00e9e\" \/>\n\t<meta name=\"twitter:data2\" content=\"3 minutes\" \/>\n<script type=\"application\/ld+json\" class=\"yoast-schema-graph\">{\"@context\":\"https:\\\/\\\/schema.org\",\"@graph\":[{\"@type\":\"Article\",\"@id\":\"https:\\\/\\\/lasentinelle.dz\\\/index.php\\\/2026\\\/09\\\/02\\\/la-protection-civile-fait-son-bilan-pour-lete-2026-plus-de-58-000-vies-sauvees-de-la-noyade\\\/#article\",\"isPartOf\":{\"@id\":\"https:\\\/\\\/lasentinelle.dz\\\/index.php\\\/2026\\\/09\\\/02\\\/la-protection-civile-fait-son-bilan-pour-lete-2026-plus-de-58-000-vies-sauvees-de-la-noyade\\\/\"},\"author\":{\"name\":\"admin\",\"@id\":\"https:\\\/\\\/lasentinelle.dz\\\/#\\\/schema\\\/person\\\/729ee0024f24e0b8c5ec17232f8e8b41\"},\"headline\":\"La protection civile fait son bilan pour l\u2019\u00e9t\u00e9 2026\u00a0: Plus de 58 000 vies sauv\u00e9es de la noyade\",\"datePublished\":\"2026-09-02T18:24:07+00:00\",\"dateModified\":\"2026-09-04T18:24:49+00:00\",\"mainEntityOfPage\":{\"@id\":\"https:\\\/\\\/lasentinelle.dz\\\/index.php\\\/2026\\\/09\\\/02\\\/la-protection-civile-fait-son-bilan-pour-lete-2026-plus-de-58-000-vies-sauvees-de-la-noyade\\\/\"},\"wordCount\":465,\"commentCount\":0,\"publisher\":{\"@id\":\"https:\\\/\\\/lasentinelle.dz\\\/#organization\"},\"image\":{\"@id\":\"https:\\\/\\\/lasentinelle.dz\\\/index.php\\\/2026\\\/09\\\/02\\\/la-protection-civile-fait-son-bilan-pour-lete-2026-plus-de-58-000-vies-sauvees-de-la-noyade\\\/#primaryimage\"},\"thumbnailUrl\":\"https:\\\/\\\/lasentinelle.dz\\\/wp-content\\\/uploads\\\/2023\\\/07\\\/noyade.webp\",\"articleSection\":[\"Actualit\u00e9\"],\"inLanguage\":\"fr-FR\",\"potentialAction\":[{\"@type\":\"CommentAction\",\"name\":\"Comment\",\"target\":[\"https:\\\/\\\/lasentinelle.dz\\\/index.php\\\/2026\\\/09\\\/02\\\/la-protection-civile-fait-son-bilan-pour-lete-2026-plus-de-58-000-vies-sauvees-de-la-noyade\\\/#respond\"]}]},{\"@type\":\"WebPage\",\"@id\":\"https:\\\/\\\/lasentinelle.dz\\\/index.php\\\/2026\\\/09\\\/02\\\/la-protection-civile-fait-son-bilan-pour-lete-2026-plus-de-58-000-vies-sauvees-de-la-noyade\\\/\",\"url\":\"https:\\\/\\\/lasentinelle.dz\\\/index.php\\\/2026\\\/09\\\/02\\\/la-protection-civile-fait-son-bilan-pour-lete-2026-plus-de-58-000-vies-sauvees-de-la-noyade\\\/\",\"name\":\"La protection civile fait son bilan pour l\u2019\u00e9t\u00e9 2026\u00a0: Plus de 58 000 vies sauv\u00e9es de la noyade - La Sentinelle\",\"isPartOf\":{\"@id\":\"https:\\\/\\\/lasentinelle.dz\\\/#website\"},\"primaryImageOfPage\":{\"@id\":\"https:\\\/\\\/lasentinelle.dz\\\/index.php\\\/2026\\\/09\\\/02\\\/la-protection-civile-fait-son-bilan-pour-lete-2026-plus-de-58-000-vies-sauvees-de-la-noyade\\\/#primaryimage\"},\"image\":{\"@id\":\"https:\\\/\\\/lasentinelle.dz\\\/index.php\\\/2026\\\/09\\\/02\\\/la-protection-civile-fait-son-bilan-pour-lete-2026-plus-de-58-000-vies-sauvees-de-la-noyade\\\/#primaryimage\"},\"thumbnailUrl\":\"https:\\\/\\\/lasentinelle.dz\\\/wp-content\\\/uploads\\\/2023\\\/07\\\/noyade.webp\",\"datePublished\":\"2026-09-02T18:24:07+00:00\",\"dateModified\":\"2026-09-04T18:24:49+00:00\",\"breadcrumb\":{\"@id\":\"https:\\\/\\\/lasentinelle.dz\\\/index.php\\\/2026\\\/09\\\/02\\\/la-protection-civile-fait-son-bilan-pour-lete-2026-plus-de-58-000-vies-sauvees-de-la-noyade\\\/#breadcrumb\"},\"inLanguage\":\"fr-FR\",\"potentialAction\":[{\"@type\":\"ReadAction\",\"target\":[\"https:\\\/\\\/lasentinelle.dz\\\/index.php\\\/2026\\\/09\\\/02\\\/la-protection-civile-fait-son-bilan-pour-lete-2026-plus-de-58-000-vies-sauvees-de-la-noyade\\\/\"]}]},{\"@type\":\"ImageObject\",\"inLanguage\":\"fr-FR\",\"@id\":\"https:\\\/\\\/lasentinelle.dz\\\/index.php\\\/2026\\\/09\\\/02\\\/la-protection-civile-fait-son-bilan-pour-lete-2026-plus-de-58-000-vies-sauvees-de-la-noyade\\\/#primaryimage\",\"url\":\"https:\\\/\\\/lasentinelle.dz\\\/wp-content\\\/uploads\\\/2023\\\/07\\\/noyade.webp\",\"contentUrl\":\"https:\\\/\\\/lasentinelle.dz\\\/wp-content\\\/uploads\\\/2023\\\/07\\\/noyade.webp\",\"width\":450,\"height\":300},{\"@type\":\"BreadcrumbList\",\"@id\":\"https:\\\/\\\/lasentinelle.dz\\\/index.php\\\/2026\\\/09\\\/02\\\/la-protection-civile-fait-son-bilan-pour-lete-2026-plus-de-58-000-vies-sauvees-de-la-noyade\\\/#breadcrumb\",\"itemListElement\":[{\"@type\":\"ListItem\",\"position\":1,\"name\":\"Accueil\",\"item\":\"https:\\\/\\\/lasentinelle.dz\\\/\"},{\"@type\":\"ListItem\",\"position\":2,\"name\":\"La protection civile fait son bilan pour l\u2019\u00e9t\u00e9 2026\u00a0: Plus de 58 000 vies sauv\u00e9es de la noyade\"}]},{\"@type\":\"WebSite\",\"@id\":\"https:\\\/\\\/lasentinelle.dz\\\/#website\",\"url\":\"https:\\\/\\\/lasentinelle.dz\\\/\",\"name\":\"La Sentinelle\",\"description\":\"Quotidien national d&#039;information\",\"publisher\":{\"@id\":\"https:\\\/\\\/lasentinelle.dz\\\/#organization\"},\"potentialAction\":[{\"@type\":\"SearchAction\",\"target\":{\"@type\":\"EntryPoint\",\"urlTemplate\":\"https:\\\/\\\/lasentinelle.dz\\\/?s={search_term_string}\"},\"query-input\":{\"@type\":\"PropertyValueSpecification\",\"valueRequired\":true,\"valueName\":\"search_term_string\"}}],\"inLanguage\":\"fr-FR\"},{\"@type\":\"Organization\",\"@id\":\"https:\\\/\\\/lasentinelle.dz\\\/#organization\",\"name\":\"Quotidien La Sentinelle\",\"url\":\"https:\\\/\\\/lasentinelle.dz\\\/\",\"logo\":{\"@type\":\"ImageObject\",\"inLanguage\":\"fr-FR\",\"@id\":\"https:\\\/\\\/lasentinelle.dz\\\/#\\\/schema\\\/logo\\\/image\\\/\",\"url\":\"https:\\\/\\\/lasentinelle.dz\\\/wp-content\\\/uploads\\\/2021\\\/09\\\/logo-sentinelleSLOGAN-1.png\",\"contentUrl\":\"https:\\\/\\\/lasentinelle.dz\\\/wp-content\\\/uploads\\\/2021\\\/09\\\/logo-sentinelleSLOGAN-1.png\",\"width\":615,\"height\":142,\"caption\":\"Quotidien La Sentinelle\"},\"image\":{\"@id\":\"https:\\\/\\\/lasentinelle.dz\\\/#\\\/schema\\\/logo\\\/image\\\/\"},\"sameAs\":[\"https:\\\/\\\/www.facebook.com\\\/La-Sentinelle-104059864394773\"]},{\"@type\":\"Person\",\"@id\":\"https:\\\/\\\/lasentinelle.dz\\\/#\\\/schema\\\/person\\\/729ee0024f24e0b8c5ec17232f8e8b41\",\"name\":\"admin\",\"image\":{\"@type\":\"ImageObject\",\"inLanguage\":\"fr-FR\",\"@id\":\"https:\\\/\\\/secure.gravatar.com\\\/avatar\\\/4c81fed838786e9b53f540bf46533e750f5d292099ae3b66cfc6fb1982e29df7?s=96&d=mm&r=g\",\"url\":\"https:\\\/\\\/secure.gravatar.com\\\/avatar\\\/4c81fed838786e9b53f540bf46533e750f5d292099ae3b66cfc6fb1982e29df7?s=96&d=mm&r=g\",\"contentUrl\":\"https:\\\/\\\/secure.gravatar.com\\\/avatar\\\/4c81fed838786e9b53f540bf46533e750f5d292099ae3b66cfc6fb1982e29df7?s=96&d=mm&r=g\",\"caption\":\"admin\"},\"description\":\"admin\",\"url\":\"https:\\\/\\\/lasentinelle.dz\\\/author\\\/admin\\\/\"}]}<\/script>\n<!-- \/ Yoast SEO plugin. -->","yoast_head_json":{"title":"La protection civile fait son bilan pour l\u2019\u00e9t\u00e9 2026\u00a0: Plus de 58 000 vies sauv\u00e9es de la noyade - La Sentinelle","robots":{"index":"index","follow":"follow","max-snippet":"max-snippet:-1","max-image-preview":"max-image-preview:large","max-video-preview":"max-video-preview:-1"},"canonical":"https:\/\/lasentinelle.dz\/index.php\/2026\/09\/02\/la-protection-civile-fait-son-bilan-pour-lete-2026-plus-de-58-000-vies-sauvees-de-la-noyade\/","og_locale":"fr_FR","og_type":"article","og_title":"La protection civile fait son bilan pour l\u2019\u00e9t\u00e9 2026\u00a0: Plus de 58 000 vies sauv\u00e9es de la noyade - La Sentinelle","og_description":"La saison baln\u00e9aire 2026 s&rsquo;ach\u00e8ve sur un bilan humain consid\u00e9rable pour la Protection civile, qui a sauv\u00e9 plus de 58","og_url":"https:\/\/lasentinelle.dz\/index.php\/2026\/09\/02\/la-protection-civile-fait-son-bilan-pour-lete-2026-plus-de-58-000-vies-sauvees-de-la-noyade\/","og_site_name":"La Sentinelle","article_publisher":"https:\/\/www.facebook.com\/La-Sentinelle-104059864394773","article_published_time":"2026-09-02T18:24:07+00:00","article_modified_time":"2026-09-04T18:24:49+00:00","og_image":[{"width":450,"height":300,"url":"https:\/\/lasentinelle.dz\/wp-content\/uploads\/2023\/07\/noyade.webp","type":"image\/webp"}],"author":"admin","twitter_card":"summary_large_image","twitter_misc":{"\u00c9crit par":"admin","Dur\u00e9e de lecture estim\u00e9e":"3 minutes"},"schema":{"@context":"https:\/\/schema.org","@graph":[{"@type":"Article","@id":"https:\/\/lasentinelle.dz\/index.php\/2026\/09\/02\/la-protection-civile-fait-son-bilan-pour-lete-2026-plus-de-58-000-vies-sauvees-de-la-noyade\/#article","isPartOf":{"@id":"https:\/\/lasentinelle.dz\/index.php\/2026\/09\/02\/la-protection-civile-fait-son-bilan-pour-lete-2026-plus-de-58-000-vies-sauvees-de-la-noyade\/"},"author":{"name":"admin","@id":"https:\/\/lasentinelle.dz\/#\/schema\/person\/729ee0024f24e0b8c5ec17232f8e8b41"},"headline":"La protection civile fait son bilan pour l\u2019\u00e9t\u00e9 2026\u00a0: Plus de 58 000 vies sauv\u00e9es de la noyade","datePublished":"2026-09-02T18:24:07+00:00","dateModified":"2026-09-04T18:24:49+00:00","mainEntityOfPage":{"@id":"https:\/\/lasentinelle.dz\/index.php\/2026\/09\/02\/la-protection-civile-fait-son-bilan-pour-lete-2026-plus-de-58-000-vies-sauvees-de-la-noyade\/"},"wordCount":465,"commentCount":0,"publisher":{"@id":"https:\/\/lasentinelle.dz\/#organization"},"image":{"@id":"https:\/\/lasentinelle.dz\/index.php\/2026\/09\/02\/la-protection-civile-fait-son-bilan-pour-lete-2026-plus-de-58-000-vies-sauvees-de-la-noyade\/#primaryimage"},"thumbnailUrl":"https:\/\/lasentinelle.dz\/wp-content\/uploads\/2023\/07\/noyade.webp","articleSection":["Actualit\u00e9"],"inLanguage":"fr-FR","potentialAction":[{"@type":"CommentAction","name":"Comment","target":["https:\/\/lasentinelle.dz\/index.php\/2026\/09\/02\/la-protection-civile-fait-son-bilan-pour-lete-2026-plus-de-58-000-vies-sauvees-de-la-noyade\/#respond"]}]},{"@type":"WebPage","@id":"https:\/\/lasentinelle.dz\/index.php\/2026\/09\/02\/la-protection-civile-fait-son-bilan-pour-lete-2026-plus-de-58-000-vies-sauvees-de-la-noyade\/","url":"https:\/\/lasentinelle.dz\/index.php\/2026\/09\/02\/la-protection-civile-fait-son-bilan-pour-lete-2026-plus-de-58-000-vies-sauvees-de-la-noyade\/","name":"La protection civile fait son bilan pour l\u2019\u00e9t\u00e9 2026\u00a0: Plus de 58 000 vies sauv\u00e9es de la noyade - La Sentinelle","isPartOf":{"@id":"https:\/\/lasentinelle.dz\/#website"},"primaryImageOfPage":{"@id":"https:\/\/lasentinelle.dz\/index.php\/2026\/09\/02\/la-protection-civile-fait-son-bilan-pour-lete-2026-plus-de-58-000-vies-sauvees-de-la-noyade\/#primaryimage"},"image":{"@id":"https:\/\/lasentinelle.dz\/index.php\/2026\/09\/02\/la-protection-civile-fait-son-bilan-pour-lete-2026-plus-de-58-000-vies-sauvees-de-la-noyade\/#primaryimage"},"thumbnailUrl":"https:\/\/lasentinelle.dz\/wp-content\/uploads\/2023\/07\/noyade.webp","datePublished":"2026-09-02T18:24:07+00:00","dateModified":"2026-09-04T18:24:49+00:00","breadcrumb":{"@id":"https:\/\/lasentinelle.dz\/index.php\/2026\/09\/02\/la-protection-civile-fait-son-bilan-pour-lete-2026-plus-de-58-000-vies-sauvees-de-la-noyade\/#breadcrumb"},"inLanguage":"fr-FR","potentialAction":[{"@type":"ReadAction","target":["https:\/\/lasentinelle.dz\/index.php\/2026\/09\/02\/la-protection-civile-fait-son-bilan-pour-lete-2026-plus-de-58-000-vies-sauvees-de-la-noyade\/"]}]},{"@type":"ImageObject","inLanguage":"fr-FR","@id":"https:\/\/lasentinelle.dz\/index.php\/2026\/09\/02\/la-protection-civile-fait-son-bilan-pour-lete-2026-plus-de-58-000-vies-sauvees-de-la-noyade\/#primaryimage","url":"https:\/\/lasentinelle.dz\/wp-content\/uploads\/2023\/07\/noyade.webp","contentUrl":"https:\/\/lasentinelle.dz\/wp-content\/uploads\/2023\/07\/noyade.webp","width":450,"height":300},{"@type":"BreadcrumbList","@id":"https:\/\/lasentinelle.dz\/index.php\/2026\/09\/02\/la-protection-civile-fait-son-bilan-pour-lete-2026-plus-de-58-000-vies-sauvees-de-la-noyade\/#breadcrumb","itemListElement":[{"@type":"ListItem","position":1,"name":"Accueil","item":"https:\/\/lasentinelle.dz\/"},{"@type":"ListItem","position":2,"name":"La protection civile fait son bilan pour l\u2019\u00e9t\u00e9 2026\u00a0: Plus de 58 000 vies sauv\u00e9es de la noyade"}]},{"@type":"WebSite","@id":"https:\/\/lasentinelle.dz\/#website","url":"https:\/\/lasentinelle.dz\/","name":"La Sentinelle","description":"Quotidien national d&#039;information","publisher":{"@id":"https:\/\/lasentinelle.dz\/#organization"},"potentialAction":[{"@type":"SearchAction","target":{"@type":"EntryPoint","urlTemplate":"https:\/\/lasentinelle.dz\/?s={search_term_string}"},"query-input":{"@type":"PropertyValueSpecification","valueRequired":true,"valueName":"search_term_string"}}],"inLanguage":"fr-FR"},{"@type":"Organization","@id":"https:\/\/lasentinelle.dz\/#organization","name":"Quotidien La Sentinelle","url":"https:\/\/lasentinelle.dz\/","logo":{"@type":"ImageObject","inLanguage":"fr-FR","@id":"https:\/\/lasentinelle.dz\/#\/schema\/logo\/image\/","url":"https:\/\/lasentinelle.dz\/wp-content\/uploads\/2021\/09\/logo-sentinelleSLOGAN-1.png","contentUrl":"https:\/\/lasentinelle.dz\/wp-content\/uploads\/2021\/09\/logo-sentinelleSLOGAN-1.png","width":615,"height":142,"caption":"Quotidien La Sentinelle"},"image":{"@id":"https:\/\/lasentinelle.dz\/#\/schema\/logo\/image\/"},"sameAs":["https:\/\/www.facebook.com\/La-Sentinelle-104059864394773"]},{"@type":"Person","@id":"https:\/\/lasentinelle.dz\/#\/schema\/person\/729ee0024f24e0b8c5ec17232f8e8b41","name":"admin","image":{"@type":"ImageObject","inLanguage":"fr-FR","@id":"https:\/\/secure.gravatar.com\/avatar\/4c81fed838786e9b53f540bf46533e750f5d292099ae3b66cfc6fb1982e29df7?s=96&d=mm&r=g","url":"https:\/\/secure.gravatar.com\/avatar\/4c81fed838786e9b53f540bf46533e750f5d292099ae3b66cfc6fb1982e29df7?s=96&d=mm&r=g","contentUrl":"https:\/\/secure.gravatar.com\/avatar\/4c81fed838786e9b53f540bf46533e750f5d292099ae3b66cfc6fb1982e29df7?s=96&d=mm&r=g","caption":"admin"},"description":"admin","url":"https:\/\/lasentinelle.dz\/author\/admin\/"}]}},"_links":{"self":[{"href":"https:\/\/lasentinelle.dz\/index.php\/wp-json\/wp\/v2\/posts\/94885","targetHints":{"allow":["GET"]}}],"collection":[{"href":"https:\/\/lasentinelle.dz\/index.php\/wp-json\/wp\/v2\/posts"}],"about":[{"href":"https:\/\/lasentinelle.dz\/index.php\/wp-json\/wp\/v2\/types\/post"}],"author":[{"embeddable":true,"href":"https:\/\/lasentinelle.dz\/index.php\/wp-json\/wp\/v2\/users\/6"}],"replies":[{"embeddable":true,"href":"https:\/\/lasentinelle.dz\/index.php\/wp-json\/wp\/v2\/comments?post=94885"}],"version-history":[{"count":1,"href":"https:\/\/lasentinelle.dz\/index.php\/wp-json\/wp\/v2\/posts\/94885\/revisions"}],"predecessor-version":[{"id":94886,"href":"https:\/\/lasentinelle.dz\/index.php\/wp-json\/wp\/v2\/posts\/94885\/revisions\/94886"}],"wp:featuredmedia":[{"embeddable":true,"href":"https:\/\/lasentinelle.dz\/index.php\/wp-json\/wp\/v2\/media\/44088"}],"wp:attachment":[{"href":"https:\/\/lasentinelle.dz\/index.php\/wp-json\/wp\/v2\/media?parent=94885"}],"wp:term":[{"taxonomy":"category","embeddable":true,"href":"https:\/\/lasentinelle.dz\/index.php\/wp-json\/wp\/v2\/categories?post=94885"},{"taxonomy":"post_tag","embeddable":true,"href":"https:\/\/lasentinelle.dz\/index.php\/wp-json\/wp\/v2\/tags?post=94885"}],"curies":[{"name":"wp","href":"https:\/\/api.w.org\/{rel}","templated":true}]}}