{"id":94887,"date":"2026-09-02T19:25:40","date_gmt":"2026-09-02T18:25:40","guid":{"rendered":"https:\/\/lasentinelle.dz\/?p=94887"},"modified":"2026-09-04T19:26:59","modified_gmt":"2026-09-04T18:26:59","slug":"ghaza-netanyahu-reaffirme-le-refus-sioniste-de-tout-retrait","status":"publish","type":"post","link":"https:\/\/lasentinelle.dz\/index.php\/2026\/09\/02\/ghaza-netanyahu-reaffirme-le-refus-sioniste-de-tout-retrait\/","title":{"rendered":"Ghaza\u00a0: Netanyahu r\u00e9affirme le refus sioniste de tout retrait"},"content":{"rendered":"\n<p class=\"wp-block-paragraph\">Lors d&rsquo;une rare visite dans la bande de Ghaza, le Premier ministre isra\u00e9lien Benjamin Netanyahu a indiqu\u00e9 que l\u2019arm\u00e9e d\u2019occupation sioniste n&rsquo;avait aucune intention de se retirer des zones qu&rsquo;elle occupe, actant de fait le rejet de toute application r\u00e9elle du plan de paix port\u00e9 par Washington, tandis que le bilan de l&rsquo;agression continue de s&rsquo;alourdir. \u00ab Nous contr\u00f4lons la zone. Nous ne nous retirerons pas \u00bb, a lanc\u00e9 Benjamin Netanyahu mercredi, apr\u00e8s avoir rencontr\u00e9 des soldats post\u00e9s pr\u00e8s de la \u00ab ligne jaune \u00bb d\u00e9limitant les 60% du territoire encore sous contr\u00f4le militaire isra\u00e9lien, malgr\u00e9 le cessez-le-feu fragile en vigueur depuis octobre 2025. Ces propos, tenus sans d\u00e9tour, l\u00e8vent toute ambigu\u00eft\u00e9 sur les intentions r\u00e9elles de l&rsquo;occupation alors que le maintien de troupes sur plus de la moiti\u00e9 de l&rsquo;enclave palestinienne s&rsquo;apparente \u00e0 une entreprise de colonisation rampante, en contradiction frontale avec les termes m\u00eames du plan de paix am\u00e9ricain, cens\u00e9 pr\u00e9voir un retrait progressif des forces d\u2019occupation isra\u00e9liennes.<\/p>\n\n\n\n<p class=\"wp-block-paragraph\">Ces d\u00e9clarations interviennent alors que le bilan humain continue de s&rsquo;alourdir sur le terrain. Selon les autorit\u00e9s sanitaires palestiniennes, l&rsquo;agression g\u00e9nocidaire sioniste men\u00e9e depuis le 7 octobre 2023 a fait 73.470 martyrs et 174.540 bless\u00e9s, dont 8 morts et 31 bless\u00e9s recens\u00e9s lors des seules derni\u00e8res 24 heures. Depuis l&rsquo;entr\u00e9e en vigueur du cessez-le-feu le 10 octobre, 1.334 Palestiniens ont encore perdu la vie et 4.429 ont \u00e9t\u00e9 bless\u00e9s, plusieurs victimes demeurant introuvables sous les d\u00e9combres, faute de moyens de secours suffisants.<\/p>\n\n\n\n<p class=\"wp-block-paragraph\"><strong>L.S.<\/strong><\/p>\n","protected":false},"excerpt":{"rendered":"<p>Lors d&rsquo;une rare visite dans la bande de Ghaza, le Premier ministre isra\u00e9lien Benjamin Netanyahu a indiqu\u00e9 que l\u2019arm\u00e9e d\u2019occupation<\/p>\n","protected":false},"author":6,"featured_media":78338,"comment_status":"open","ping_status":"closed","sticky":false,"template":"","format":"standard","meta":{"colormag_page_container_layout":"default_layout","colormag_page_sidebar_layout":"default_layout","om_disable_all_campaigns":false,"_monsterinsights_skip_tracking":false,"footnotes":"","_wpscppro_dont_share_socialmedia":false,"_wpscppro_custom_social_share_image":0,"_facebook_share_type":"default","_twitter_share_type":"default","_linkedin_share_type":"default","_pinterest_share_type":"default","_linkedin_share_type_page":"","_instagram_share_type":"default","_medium_share_type":"default","_threads_share_type":"default","_google_business_share_type":"default","_bluesky_share_type":"default","_mastodon_share_type":"default","_selected_social_profile":[],"_wpsp_enable_custom_social_template":false,"_wpsp_social_scheduling":{"enabled":false,"datetime":null,"platforms":[],"status":"template_only","dateOption":"today","timeOption":"now","customDays":"","customHours":"","customDate":"","customTime":"","schedulingType":"absolute"},"_wpsp_active_default_template":true},"categories":[37],"tags":[],"class_list":["post-94887","post","type-post","status-publish","format-standard","has-post-thumbnail","hentry","category-monde"],"aioseo_notices":[],"aioseo_head":"\n\t\t<!-- All in One SEO 5.0.0.1 - aioseo.com -->\n\t<meta name=\"description\" content=\"Lors d&#039;une rare visite dans la bande de Ghaza, le Premier ministre isra\u00e9lien Benjamin Netanyahu a indiqu\u00e9 que l\u2019arm\u00e9e d\u2019occupation sioniste n&#039;avait aucune intention de se retirer des zones qu&#039;elle occupe, actant de fait le rejet de toute application r\u00e9elle du plan de paix port\u00e9 par Washington, tandis que le bilan de l&#039;agression continue de\" \/>\n\t<meta name=\"robots\" content=\"max-image-preview:large\" \/>\n\t<meta name=\"author\" content=\"admin\"\/>\n\t<link rel=\"canonical\" href=\"https:\/\/lasentinelle.dz\/index.php\/2026\/09\/02\/ghaza-netanyahu-reaffirme-le-refus-sioniste-de-tout-retrait\/\" \/>\n\t<meta name=\"generator\" content=\"All in One SEO (AIOSEO) 5.0.0.1\" \/>\n\t\t<meta property=\"og:locale\" content=\"fr_FR\" \/>\n\t\t<meta property=\"og:site_name\" content=\"La Sentinelle - Quotidien national d&#039;information\" \/>\n\t\t<meta property=\"og:type\" content=\"article\" \/>\n\t\t<meta property=\"og:title\" content=\"Ghaza : Netanyahu r\u00e9affirme le refus sioniste de tout retrait - La Sentinelle\" \/>\n\t\t<meta property=\"og:description\" content=\"Lors d&#039;une rare visite dans la bande de Ghaza, le Premier ministre isra\u00e9lien Benjamin Netanyahu a indiqu\u00e9 que l\u2019arm\u00e9e d\u2019occupation sioniste n&#039;avait aucune intention de se retirer des zones qu&#039;elle occupe, actant de fait le rejet de toute application r\u00e9elle du plan de paix port\u00e9 par Washington, tandis que le bilan de l&#039;agression continue de\" \/>\n\t\t<meta property=\"og:url\" content=\"https:\/\/lasentinelle.dz\/index.php\/2026\/09\/02\/ghaza-netanyahu-reaffirme-le-refus-sioniste-de-tout-retrait\/\" \/>\n\t\t<meta property=\"og:image\" content=\"https:\/\/lasentinelle.dz\/wp-content\/uploads\/2021\/09\/cropped-la-sentinelle-earth-golden-anima-5.gif\" \/>\n\t\t<meta property=\"og:image:secure_url\" content=\"https:\/\/lasentinelle.dz\/wp-content\/uploads\/2021\/09\/cropped-la-sentinelle-earth-golden-anima-5.gif\" \/>\n\t\t<meta property=\"og:image:width\" content=\"450\" \/>\n\t\t<meta property=\"og:image:height\" content=\"213\" \/>\n\t\t<meta property=\"article:published_time\" content=\"2026-09-02T18:25:40+00:00\" \/>\n\t\t<meta property=\"article:modified_time\" content=\"2026-09-04T18:26:59+00:00\" \/>\n\t\t<meta property=\"article:publisher\" content=\"https:\/\/www.facebook.com\/azzedine.lasentinelle.1\" \/>\n\t\t<meta name=\"twitter:card\" content=\"summary_large_image\" \/>\n\t\t<meta name=\"twitter:title\" content=\"Ghaza : Netanyahu r\u00e9affirme le refus sioniste de tout retrait - La Sentinelle\" \/>\n\t\t<meta name=\"twitter:description\" content=\"Lors d&#039;une rare visite dans la bande de Ghaza, le Premier ministre isra\u00e9lien Benjamin Netanyahu a indiqu\u00e9 que l\u2019arm\u00e9e d\u2019occupation sioniste n&#039;avait aucune intention de se retirer des zones qu&#039;elle occupe, actant de fait le rejet de toute application r\u00e9elle du plan de paix port\u00e9 par Washington, tandis que le bilan de l&#039;agression continue de\" \/>\n\t\t<meta name=\"twitter:image\" content=\"https:\/\/lasentinelle.dz\/wp-content\/uploads\/2021\/09\/cropped-la-sentinelle-earth-golden-anima-5.gif\" \/>\n\t\t<script type=\"application\/ld+json\" class=\"aioseo-schema\">\n\t\t\t{\"@context\":\"https:\\\/\\\/schema.org\",\"@graph\":[{\"@type\":\"BlogPosting\",\"@id\":\"https:\\\/\\\/lasentinelle.dz\\\/index.php\\\/2026\\\/09\\\/02\\\/ghaza-netanyahu-reaffirme-le-refus-sioniste-de-tout-retrait\\\/#blogposting\",\"name\":\"Ghaza : Netanyahu r\\u00e9affirme le refus sioniste de tout retrait - La Sentinelle\",\"headline\":\"Ghaza\\u00a0: Netanyahu r\\u00e9affirme le refus sioniste de tout retrait\",\"author\":{\"@id\":\"https:\\\/\\\/lasentinelle.dz\\\/author\\\/admin\\\/#author\"},\"publisher\":{\"@id\":\"https:\\\/\\\/lasentinelle.dz\\\/#organization\"},\"image\":{\"@type\":\"ImageObject\",\"url\":\"https:\\\/\\\/lasentinelle.dz\\\/wp-content\\\/uploads\\\/2025\\\/12\\\/occupation-Ghaza.jpeg\",\"width\":730,\"height\":410},\"datePublished\":\"2026-09-02T19:25:40+01:00\",\"dateModified\":\"2026-09-04T19:26:59+01:00\",\"inLanguage\":\"fr-FR\",\"mainEntityOfPage\":{\"@id\":\"https:\\\/\\\/lasentinelle.dz\\\/index.php\\\/2026\\\/09\\\/02\\\/ghaza-netanyahu-reaffirme-le-refus-sioniste-de-tout-retrait\\\/#webpage\"},\"isPartOf\":{\"@id\":\"https:\\\/\\\/lasentinelle.dz\\\/index.php\\\/2026\\\/09\\\/02\\\/ghaza-netanyahu-reaffirme-le-refus-sioniste-de-tout-retrait\\\/#webpage\"},\"articleSection\":\"Monde\"},{\"@type\":\"BreadcrumbList\",\"@id\":\"https:\\\/\\\/lasentinelle.dz\\\/index.php\\\/2026\\\/09\\\/02\\\/ghaza-netanyahu-reaffirme-le-refus-sioniste-de-tout-retrait\\\/#breadcrumblist\",\"itemListElement\":[{\"@type\":\"ListItem\",\"@id\":\"https:\\\/\\\/lasentinelle.dz#listItem\",\"position\":1,\"name\":\"Home\",\"item\":\"https:\\\/\\\/lasentinelle.dz\",\"nextItem\":{\"@type\":\"ListItem\",\"@id\":\"https:\\\/\\\/lasentinelle.dz\\\/index.php\\\/category\\\/monde\\\/#listItem\",\"name\":\"Monde\"}},{\"@type\":\"ListItem\",\"@id\":\"https:\\\/\\\/lasentinelle.dz\\\/index.php\\\/category\\\/monde\\\/#listItem\",\"position\":2,\"name\":\"Monde\",\"item\":\"https:\\\/\\\/lasentinelle.dz\\\/index.php\\\/category\\\/monde\\\/\",\"nextItem\":{\"@type\":\"ListItem\",\"@id\":\"https:\\\/\\\/lasentinelle.dz\\\/index.php\\\/2026\\\/09\\\/02\\\/ghaza-netanyahu-reaffirme-le-refus-sioniste-de-tout-retrait\\\/#listItem\",\"name\":\"Ghaza\\u00a0: Netanyahu r\\u00e9affirme le refus sioniste de tout retrait\"},\"previousItem\":{\"@type\":\"ListItem\",\"@id\":\"https:\\\/\\\/lasentinelle.dz#listItem\",\"name\":\"Home\"}},{\"@type\":\"ListItem\",\"@id\":\"https:\\\/\\\/lasentinelle.dz\\\/index.php\\\/2026\\\/09\\\/02\\\/ghaza-netanyahu-reaffirme-le-refus-sioniste-de-tout-retrait\\\/#listItem\",\"position\":3,\"name\":\"Ghaza\\u00a0: Netanyahu r\\u00e9affirme le refus sioniste de tout retrait\",\"previousItem\":{\"@type\":\"ListItem\",\"@id\":\"https:\\\/\\\/lasentinelle.dz\\\/index.php\\\/category\\\/monde\\\/#listItem\",\"name\":\"Monde\"}}]},{\"@type\":\"Organization\",\"@id\":\"https:\\\/\\\/lasentinelle.dz\\\/#organization\",\"name\":\"La Sentinelle La Sentinelle\",\"description\":\"Quotidien national d'information\",\"url\":\"https:\\\/\\\/lasentinelle.dz\\\/\",\"logo\":{\"@type\":\"ImageObject\",\"url\":\"https:\\\/\\\/lasentinelle.dz\\\/wp-content\\\/uploads\\\/2021\\\/09\\\/cropped-la-sentinelle-earth-golden-anima-5.gif\",\"@id\":\"https:\\\/\\\/lasentinelle.dz\\\/index.php\\\/2026\\\/09\\\/02\\\/ghaza-netanyahu-reaffirme-le-refus-sioniste-de-tout-retrait\\\/#organizationLogo\",\"width\":450,\"height\":213},\"image\":{\"@id\":\"https:\\\/\\\/lasentinelle.dz\\\/index.php\\\/2026\\\/09\\\/02\\\/ghaza-netanyahu-reaffirme-le-refus-sioniste-de-tout-retrait\\\/#organizationLogo\"},\"sameAs\":[\"https:\\\/\\\/www.facebook.com\\\/azzedine.lasentinelle.1\"]},{\"@type\":\"Person\",\"@id\":\"https:\\\/\\\/lasentinelle.dz\\\/author\\\/admin\\\/#author\",\"url\":\"https:\\\/\\\/lasentinelle.dz\\\/author\\\/admin\\\/\",\"name\":\"admin\",\"image\":{\"@type\":\"ImageObject\",\"@id\":\"https:\\\/\\\/lasentinelle.dz\\\/index.php\\\/2026\\\/09\\\/02\\\/ghaza-netanyahu-reaffirme-le-refus-sioniste-de-tout-retrait\\\/#authorImage\",\"url\":\"https:\\\/\\\/secure.gravatar.com\\\/avatar\\\/4c81fed838786e9b53f540bf46533e750f5d292099ae3b66cfc6fb1982e29df7?s=96&d=mm&r=g\",\"width\":96,\"height\":96,\"caption\":\"admin\"}},{\"@type\":\"WebPage\",\"@id\":\"https:\\\/\\\/lasentinelle.dz\\\/index.php\\\/2026\\\/09\\\/02\\\/ghaza-netanyahu-reaffirme-le-refus-sioniste-de-tout-retrait\\\/#webpage\",\"url\":\"https:\\\/\\\/lasentinelle.dz\\\/index.php\\\/2026\\\/09\\\/02\\\/ghaza-netanyahu-reaffirme-le-refus-sioniste-de-tout-retrait\\\/\",\"name\":\"Ghaza : Netanyahu r\\u00e9affirme le refus sioniste de tout retrait - La Sentinelle\",\"description\":\"Lors d'une rare visite dans la bande de Ghaza, le Premier ministre isra\\u00e9lien Benjamin Netanyahu a indiqu\\u00e9 que l\\u2019arm\\u00e9e d\\u2019occupation sioniste n'avait aucune intention de se retirer des zones qu'elle occupe, actant de fait le rejet de toute application r\\u00e9elle du plan de paix port\\u00e9 par Washington, tandis que le bilan de l'agression continue de\",\"inLanguage\":\"fr-FR\",\"isPartOf\":{\"@id\":\"https:\\\/\\\/lasentinelle.dz\\\/#website\"},\"breadcrumb\":{\"@id\":\"https:\\\/\\\/lasentinelle.dz\\\/index.php\\\/2026\\\/09\\\/02\\\/ghaza-netanyahu-reaffirme-le-refus-sioniste-de-tout-retrait\\\/#breadcrumblist\"},\"author\":{\"@id\":\"https:\\\/\\\/lasentinelle.dz\\\/author\\\/admin\\\/#author\"},\"creator\":{\"@id\":\"https:\\\/\\\/lasentinelle.dz\\\/author\\\/admin\\\/#author\"},\"image\":{\"@type\":\"ImageObject\",\"url\":\"https:\\\/\\\/lasentinelle.dz\\\/wp-content\\\/uploads\\\/2025\\\/12\\\/occupation-Ghaza.jpeg\",\"@id\":\"https:\\\/\\\/lasentinelle.dz\\\/index.php\\\/2026\\\/09\\\/02\\\/ghaza-netanyahu-reaffirme-le-refus-sioniste-de-tout-retrait\\\/#mainImage\",\"width\":730,\"height\":410},\"primaryImageOfPage\":{\"@id\":\"https:\\\/\\\/lasentinelle.dz\\\/index.php\\\/2026\\\/09\\\/02\\\/ghaza-netanyahu-reaffirme-le-refus-sioniste-de-tout-retrait\\\/#mainImage\"},\"datePublished\":\"2026-09-02T19:25:40+01:00\",\"dateModified\":\"2026-09-04T19:26:59+01:00\"},{\"@type\":\"WebSite\",\"@id\":\"https:\\\/\\\/lasentinelle.dz\\\/#website\",\"url\":\"https:\\\/\\\/lasentinelle.dz\\\/\",\"name\":\"La Sentinelle\",\"description\":\"Quotidien national d'information\",\"inLanguage\":\"fr-FR\",\"publisher\":{\"@id\":\"https:\\\/\\\/lasentinelle.dz\\\/#organization\"}}]}\n\t\t<\/script>\n\t\t<!-- All in One SEO -->\n\n","aioseo_head_json":{"title":"Ghaza : Netanyahu r\u00e9affirme le refus sioniste de tout retrait - La Sentinelle","description":"Lors d'une rare visite dans la bande de Ghaza, le Premier ministre isra\u00e9lien Benjamin Netanyahu a indiqu\u00e9 que l\u2019arm\u00e9e d\u2019occupation sioniste n'avait aucune intention de se retirer des zones qu'elle occupe, actant de fait le rejet de toute application r\u00e9elle du plan de paix port\u00e9 par Washington, tandis que le bilan de l'agression continue de","canonical_url":"https:\/\/lasentinelle.dz\/index.php\/2026\/09\/02\/ghaza-netanyahu-reaffirme-le-refus-sioniste-de-tout-retrait\/","robots":"max-image-preview:large","keywords":"","webmasterTools":{"miscellaneous":""},"schema":{"@context":"https:\/\/schema.org","@graph":[{"@type":"BlogPosting","@id":"https:\/\/lasentinelle.dz\/index.php\/2026\/09\/02\/ghaza-netanyahu-reaffirme-le-refus-sioniste-de-tout-retrait\/#blogposting","name":"Ghaza : Netanyahu r\u00e9affirme le refus sioniste de tout retrait - La Sentinelle","headline":"Ghaza\u00a0: Netanyahu r\u00e9affirme le refus sioniste de tout retrait","author":{"@id":"https:\/\/lasentinelle.dz\/author\/admin\/#author"},"publisher":{"@id":"https:\/\/lasentinelle.dz\/#organization"},"image":{"@type":"ImageObject","url":"https:\/\/lasentinelle.dz\/wp-content\/uploads\/2025\/12\/occupation-Ghaza.jpeg","width":730,"height":410},"datePublished":"2026-09-02T19:25:40+01:00","dateModified":"2026-09-04T19:26:59+01:00","inLanguage":"fr-FR","mainEntityOfPage":{"@id":"https:\/\/lasentinelle.dz\/index.php\/2026\/09\/02\/ghaza-netanyahu-reaffirme-le-refus-sioniste-de-tout-retrait\/#webpage"},"isPartOf":{"@id":"https:\/\/lasentinelle.dz\/index.php\/2026\/09\/02\/ghaza-netanyahu-reaffirme-le-refus-sioniste-de-tout-retrait\/#webpage"},"articleSection":"Monde"},{"@type":"BreadcrumbList","@id":"https:\/\/lasentinelle.dz\/index.php\/2026\/09\/02\/ghaza-netanyahu-reaffirme-le-refus-sioniste-de-tout-retrait\/#breadcrumblist","itemListElement":[{"@type":"ListItem","@id":"https:\/\/lasentinelle.dz#listItem","position":1,"name":"Home","item":"https:\/\/lasentinelle.dz","nextItem":{"@type":"ListItem","@id":"https:\/\/lasentinelle.dz\/index.php\/category\/monde\/#listItem","name":"Monde"}},{"@type":"ListItem","@id":"https:\/\/lasentinelle.dz\/index.php\/category\/monde\/#listItem","position":2,"name":"Monde","item":"https:\/\/lasentinelle.dz\/index.php\/category\/monde\/","nextItem":{"@type":"ListItem","@id":"https:\/\/lasentinelle.dz\/index.php\/2026\/09\/02\/ghaza-netanyahu-reaffirme-le-refus-sioniste-de-tout-retrait\/#listItem","name":"Ghaza\u00a0: Netanyahu r\u00e9affirme le refus sioniste de tout retrait"},"previousItem":{"@type":"ListItem","@id":"https:\/\/lasentinelle.dz#listItem","name":"Home"}},{"@type":"ListItem","@id":"https:\/\/lasentinelle.dz\/index.php\/2026\/09\/02\/ghaza-netanyahu-reaffirme-le-refus-sioniste-de-tout-retrait\/#listItem","position":3,"name":"Ghaza\u00a0: Netanyahu r\u00e9affirme le refus sioniste de tout retrait","previousItem":{"@type":"ListItem","@id":"https:\/\/lasentinelle.dz\/index.php\/category\/monde\/#listItem","name":"Monde"}}]},{"@type":"Organization","@id":"https:\/\/lasentinelle.dz\/#organization","name":"La Sentinelle La Sentinelle","description":"Quotidien national d'information","url":"https:\/\/lasentinelle.dz\/","logo":{"@type":"ImageObject","url":"https:\/\/lasentinelle.dz\/wp-content\/uploads\/2021\/09\/cropped-la-sentinelle-earth-golden-anima-5.gif","@id":"https:\/\/lasentinelle.dz\/index.php\/2026\/09\/02\/ghaza-netanyahu-reaffirme-le-refus-sioniste-de-tout-retrait\/#organizationLogo","width":450,"height":213},"image":{"@id":"https:\/\/lasentinelle.dz\/index.php\/2026\/09\/02\/ghaza-netanyahu-reaffirme-le-refus-sioniste-de-tout-retrait\/#organizationLogo"},"sameAs":["https:\/\/www.facebook.com\/azzedine.lasentinelle.1"]},{"@type":"Person","@id":"https:\/\/lasentinelle.dz\/author\/admin\/#author","url":"https:\/\/lasentinelle.dz\/author\/admin\/","name":"admin","image":{"@type":"ImageObject","@id":"https:\/\/lasentinelle.dz\/index.php\/2026\/09\/02\/ghaza-netanyahu-reaffirme-le-refus-sioniste-de-tout-retrait\/#authorImage","url":"https:\/\/secure.gravatar.com\/avatar\/4c81fed838786e9b53f540bf46533e750f5d292099ae3b66cfc6fb1982e29df7?s=96&d=mm&r=g","width":96,"height":96,"caption":"admin"}},{"@type":"WebPage","@id":"https:\/\/lasentinelle.dz\/index.php\/2026\/09\/02\/ghaza-netanyahu-reaffirme-le-refus-sioniste-de-tout-retrait\/#webpage","url":"https:\/\/lasentinelle.dz\/index.php\/2026\/09\/02\/ghaza-netanyahu-reaffirme-le-refus-sioniste-de-tout-retrait\/","name":"Ghaza : Netanyahu r\u00e9affirme le refus sioniste de tout retrait - La Sentinelle","description":"Lors d'une rare visite dans la bande de Ghaza, le Premier ministre isra\u00e9lien Benjamin Netanyahu a indiqu\u00e9 que l\u2019arm\u00e9e d\u2019occupation sioniste n'avait aucune intention de se retirer des zones qu'elle occupe, actant de fait le rejet de toute application r\u00e9elle du plan de paix port\u00e9 par Washington, tandis que le bilan de l'agression continue de","inLanguage":"fr-FR","isPartOf":{"@id":"https:\/\/lasentinelle.dz\/#website"},"breadcrumb":{"@id":"https:\/\/lasentinelle.dz\/index.php\/2026\/09\/02\/ghaza-netanyahu-reaffirme-le-refus-sioniste-de-tout-retrait\/#breadcrumblist"},"author":{"@id":"https:\/\/lasentinelle.dz\/author\/admin\/#author"},"creator":{"@id":"https:\/\/lasentinelle.dz\/author\/admin\/#author"},"image":{"@type":"ImageObject","url":"https:\/\/lasentinelle.dz\/wp-content\/uploads\/2025\/12\/occupation-Ghaza.jpeg","@id":"https:\/\/lasentinelle.dz\/index.php\/2026\/09\/02\/ghaza-netanyahu-reaffirme-le-refus-sioniste-de-tout-retrait\/#mainImage","width":730,"height":410},"primaryImageOfPage":{"@id":"https:\/\/lasentinelle.dz\/index.php\/2026\/09\/02\/ghaza-netanyahu-reaffirme-le-refus-sioniste-de-tout-retrait\/#mainImage"},"datePublished":"2026-09-02T19:25:40+01:00","dateModified":"2026-09-04T19:26:59+01:00"},{"@type":"WebSite","@id":"https:\/\/lasentinelle.dz\/#website","url":"https:\/\/lasentinelle.dz\/","name":"La Sentinelle","description":"Quotidien national d'information","inLanguage":"fr-FR","publisher":{"@id":"https:\/\/lasentinelle.dz\/#organization"}}]},"og:locale":"fr_FR","og:site_name":"La Sentinelle - Quotidien national d'information","og:type":"article","og:title":"Ghaza : Netanyahu r\u00e9affirme le refus sioniste de tout retrait - La Sentinelle","og:description":"Lors d'une rare visite dans la bande de Ghaza, le Premier ministre isra\u00e9lien Benjamin Netanyahu a indiqu\u00e9 que l\u2019arm\u00e9e d\u2019occupation sioniste n'avait aucune intention de se retirer des zones qu'elle occupe, actant de fait le rejet de toute application r\u00e9elle du plan de paix port\u00e9 par Washington, tandis que le bilan de l'agression continue de","og:url":"https:\/\/lasentinelle.dz\/index.php\/2026\/09\/02\/ghaza-netanyahu-reaffirme-le-refus-sioniste-de-tout-retrait\/","og:image":"https:\/\/lasentinelle.dz\/wp-content\/uploads\/2021\/09\/cropped-la-sentinelle-earth-golden-anima-5.gif","og:image:secure_url":"https:\/\/lasentinelle.dz\/wp-content\/uploads\/2021\/09\/cropped-la-sentinelle-earth-golden-anima-5.gif","og:image:width":450,"og:image:height":213,"article:published_time":"2026-09-02T18:25:40+00:00","article:modified_time":"2026-09-04T18:26:59+00:00","article:publisher":"https:\/\/www.facebook.com\/azzedine.lasentinelle.1","twitter:card":"summary_large_image","twitter:title":"Ghaza : Netanyahu r\u00e9affirme le refus sioniste de tout retrait - La Sentinelle","twitter:description":"Lors d'une rare visite dans la bande de Ghaza, le Premier ministre isra\u00e9lien Benjamin Netanyahu a indiqu\u00e9 que l\u2019arm\u00e9e d\u2019occupation sioniste n'avait aucune intention de se retirer des zones qu'elle occupe, actant de fait le rejet de toute application r\u00e9elle du plan de paix port\u00e9 par Washington, tandis que le bilan de l'agression continue de","twitter:image":"https:\/\/lasentinelle.dz\/wp-content\/uploads\/2021\/09\/cropped-la-sentinelle-earth-golden-anima-5.gif"},"aioseo_meta_data":{"post_id":"94887","title":null,"description":null,"keywords":null,"keyphrases":{"focus":{"keyphrase":"","score":0,"analysis":{"keyphraseInTitle":{"score":0,"maxScore":9,"error":1}}},"additional":[]},"primary_term":null,"canonical_url":null,"og_title":null,"og_description":null,"og_object_type":"default","og_image_type":"default","og_image_url":null,"og_image_width":null,"og_image_height":null,"og_image_custom_url":null,"og_image_custom_fields":null,"og_video":"","og_custom_url":null,"og_article_section":null,"og_article_tags":null,"twitter_use_og":false,"twitter_card":"default","twitter_image_type":"default","twitter_image_url":null,"twitter_image_custom_url":null,"twitter_image_custom_fields":null,"twitter_title":null,"twitter_description":null,"schema":{"blockGraphs":[],"customGraphs":[],"default":{"data":{"Article":[],"Course":[],"Dataset":[],"FAQPage":[],"Movie":[],"Person":[],"Product":[],"ProductReview":[],"Car":[],"Recipe":[],"Service":[],"SoftwareApplication":[],"WebPage":[]},"graphName":"BlogPosting","isEnabled":true},"graphs":[]},"schema_type":"default","schema_type_options":null,"pillar_content":false,"robots_default":true,"robots_noindex":false,"robots_noarchive":false,"robots_nosnippet":false,"robots_nofollow":false,"robots_noimageindex":false,"robots_noodp":false,"robots_notranslate":false,"robots_max_snippet":"-1","robots_max_videopreview":"-1","robots_max_imagepreview":"large","priority":null,"frequency":"default","local_seo":null,"breadcrumb_settings":null,"limit_modified_date":false,"ai":{"faqs":[],"keyPoints":[],"schemas":[],"titles":[],"descriptions":[],"socialPosts":{"email":{"subject":"","preview":"","content":""},"linkedin":[],"twitter":[],"facebook":[],"instagram":[]}},"created":"2026-09-04 18:27:00","updated":"2026-09-04 18:58:32","focus_keyword":null,"additional_keywords":null,"truseo_locale":null,"seo_analyzer_scan_date":null},"aioseo_breadcrumb":"<div class=\"aioseo-breadcrumbs\"><span class=\"aioseo-breadcrumb\">\n\t\t\t<a href=\"https:\/\/lasentinelle.dz\" title=\"Home\">Home<\/a>\n\t\t<\/span><span class=\"aioseo-breadcrumb-separator\">&raquo;<\/span><span class=\"aioseo-breadcrumb\">\n\t\t\t<a href=\"https:\/\/lasentinelle.dz\/index.php\/category\/monde\/\" title=\"Monde\">Monde<\/a>\n\t\t<\/span><span class=\"aioseo-breadcrumb-separator\">&raquo;<\/span><span class=\"aioseo-breadcrumb\">\n\t\t\tGhaza : Netanyahu r\u00e9affirme le refus sioniste de tout retrait\n\t\t<\/span><\/div>","aioseo_breadcrumb_json":[{"label":"Home","link":"https:\/\/lasentinelle.dz"},{"label":"Monde","link":"https:\/\/lasentinelle.dz\/index.php\/category\/monde\/"},{"label":"Ghaza\u00a0: Netanyahu r\u00e9affirme le refus sioniste de tout retrait","link":"https:\/\/lasentinelle.dz\/index.php\/2026\/09\/02\/ghaza-netanyahu-reaffirme-le-refus-sioniste-de-tout-retrait\/"}],"yoast_head":"<!-- This site is optimized with the Yoast SEO plugin v28.4 - https:\/\/yoast.com\/product\/yoast-seo-wordpress\/ -->\n<title>Ghaza\u00a0: Netanyahu r\u00e9affirme le refus sioniste de tout retrait - La Sentinelle<\/title>\n<meta name=\"robots\" content=\"index, follow, max-snippet:-1, max-image-preview:large, max-video-preview:-1\" \/>\n<link rel=\"canonical\" href=\"https:\/\/lasentinelle.dz\/index.php\/2026\/09\/02\/ghaza-netanyahu-reaffirme-le-refus-sioniste-de-tout-retrait\/\" \/>\n<meta property=\"og:locale\" content=\"fr_FR\" \/>\n<meta property=\"og:type\" content=\"article\" \/>\n<meta property=\"og:title\" content=\"Ghaza\u00a0: Netanyahu r\u00e9affirme le refus sioniste de tout retrait - La Sentinelle\" \/>\n<meta property=\"og:description\" content=\"Lors d&rsquo;une rare visite dans la bande de Ghaza, le Premier ministre isra\u00e9lien Benjamin Netanyahu a indiqu\u00e9 que l\u2019arm\u00e9e d\u2019occupation\" \/>\n<meta property=\"og:url\" content=\"https:\/\/lasentinelle.dz\/index.php\/2026\/09\/02\/ghaza-netanyahu-reaffirme-le-refus-sioniste-de-tout-retrait\/\" \/>\n<meta property=\"og:site_name\" content=\"La Sentinelle\" \/>\n<meta property=\"article:publisher\" content=\"https:\/\/www.facebook.com\/La-Sentinelle-104059864394773\" \/>\n<meta property=\"article:published_time\" content=\"2026-09-02T18:25:40+00:00\" \/>\n<meta property=\"article:modified_time\" content=\"2026-09-04T18:26:59+00:00\" \/>\n<meta property=\"og:image\" content=\"https:\/\/lasentinelle.dz\/wp-content\/uploads\/2025\/12\/occupation-Ghaza.jpeg\" \/>\n\t<meta property=\"og:image:width\" content=\"730\" \/>\n\t<meta property=\"og:image:height\" content=\"410\" \/>\n\t<meta property=\"og:image:type\" content=\"image\/jpeg\" \/>\n<meta name=\"author\" content=\"admin\" \/>\n<meta name=\"twitter:card\" content=\"summary_large_image\" \/>\n<meta name=\"twitter:label1\" content=\"\u00c9crit par\" \/>\n\t<meta name=\"twitter:data1\" content=\"admin\" \/>\n\t<meta name=\"twitter:label2\" content=\"Dur\u00e9e de lecture estim\u00e9e\" \/>\n\t<meta name=\"twitter:data2\" content=\"2 minutes\" \/>\n<script type=\"application\/ld+json\" class=\"yoast-schema-graph\">{\"@context\":\"https:\\\/\\\/schema.org\",\"@graph\":[{\"@type\":\"Article\",\"@id\":\"https:\\\/\\\/lasentinelle.dz\\\/index.php\\\/2026\\\/09\\\/02\\\/ghaza-netanyahu-reaffirme-le-refus-sioniste-de-tout-retrait\\\/#article\",\"isPartOf\":{\"@id\":\"https:\\\/\\\/lasentinelle.dz\\\/index.php\\\/2026\\\/09\\\/02\\\/ghaza-netanyahu-reaffirme-le-refus-sioniste-de-tout-retrait\\\/\"},\"author\":{\"name\":\"admin\",\"@id\":\"https:\\\/\\\/lasentinelle.dz\\\/#\\\/schema\\\/person\\\/729ee0024f24e0b8c5ec17232f8e8b41\"},\"headline\":\"Ghaza\u00a0: Netanyahu r\u00e9affirme le refus sioniste de tout retrait\",\"datePublished\":\"2026-09-02T18:25:40+00:00\",\"dateModified\":\"2026-09-04T18:26:59+00:00\",\"mainEntityOfPage\":{\"@id\":\"https:\\\/\\\/lasentinelle.dz\\\/index.php\\\/2026\\\/09\\\/02\\\/ghaza-netanyahu-reaffirme-le-refus-sioniste-de-tout-retrait\\\/\"},\"wordCount\":280,\"commentCount\":0,\"publisher\":{\"@id\":\"https:\\\/\\\/lasentinelle.dz\\\/#organization\"},\"image\":{\"@id\":\"https:\\\/\\\/lasentinelle.dz\\\/index.php\\\/2026\\\/09\\\/02\\\/ghaza-netanyahu-reaffirme-le-refus-sioniste-de-tout-retrait\\\/#primaryimage\"},\"thumbnailUrl\":\"https:\\\/\\\/lasentinelle.dz\\\/wp-content\\\/uploads\\\/2025\\\/12\\\/occupation-Ghaza.jpeg\",\"articleSection\":[\"Monde\"],\"inLanguage\":\"fr-FR\",\"potentialAction\":[{\"@type\":\"CommentAction\",\"name\":\"Comment\",\"target\":[\"https:\\\/\\\/lasentinelle.dz\\\/index.php\\\/2026\\\/09\\\/02\\\/ghaza-netanyahu-reaffirme-le-refus-sioniste-de-tout-retrait\\\/#respond\"]}]},{\"@type\":\"WebPage\",\"@id\":\"https:\\\/\\\/lasentinelle.dz\\\/index.php\\\/2026\\\/09\\\/02\\\/ghaza-netanyahu-reaffirme-le-refus-sioniste-de-tout-retrait\\\/\",\"url\":\"https:\\\/\\\/lasentinelle.dz\\\/index.php\\\/2026\\\/09\\\/02\\\/ghaza-netanyahu-reaffirme-le-refus-sioniste-de-tout-retrait\\\/\",\"name\":\"Ghaza\u00a0: Netanyahu r\u00e9affirme le refus sioniste de tout retrait - La Sentinelle\",\"isPartOf\":{\"@id\":\"https:\\\/\\\/lasentinelle.dz\\\/#website\"},\"primaryImageOfPage\":{\"@id\":\"https:\\\/\\\/lasentinelle.dz\\\/index.php\\\/2026\\\/09\\\/02\\\/ghaza-netanyahu-reaffirme-le-refus-sioniste-de-tout-retrait\\\/#primaryimage\"},\"image\":{\"@id\":\"https:\\\/\\\/lasentinelle.dz\\\/index.php\\\/2026\\\/09\\\/02\\\/ghaza-netanyahu-reaffirme-le-refus-sioniste-de-tout-retrait\\\/#primaryimage\"},\"thumbnailUrl\":\"https:\\\/\\\/lasentinelle.dz\\\/wp-content\\\/uploads\\\/2025\\\/12\\\/occupation-Ghaza.jpeg\",\"datePublished\":\"2026-09-02T18:25:40+00:00\",\"dateModified\":\"2026-09-04T18:26:59+00:00\",\"breadcrumb\":{\"@id\":\"https:\\\/\\\/lasentinelle.dz\\\/index.php\\\/2026\\\/09\\\/02\\\/ghaza-netanyahu-reaffirme-le-refus-sioniste-de-tout-retrait\\\/#breadcrumb\"},\"inLanguage\":\"fr-FR\",\"potentialAction\":[{\"@type\":\"ReadAction\",\"target\":[\"https:\\\/\\\/lasentinelle.dz\\\/index.php\\\/2026\\\/09\\\/02\\\/ghaza-netanyahu-reaffirme-le-refus-sioniste-de-tout-retrait\\\/\"]}]},{\"@type\":\"ImageObject\",\"inLanguage\":\"fr-FR\",\"@id\":\"https:\\\/\\\/lasentinelle.dz\\\/index.php\\\/2026\\\/09\\\/02\\\/ghaza-netanyahu-reaffirme-le-refus-sioniste-de-tout-retrait\\\/#primaryimage\",\"url\":\"https:\\\/\\\/lasentinelle.dz\\\/wp-content\\\/uploads\\\/2025\\\/12\\\/occupation-Ghaza.jpeg\",\"contentUrl\":\"https:\\\/\\\/lasentinelle.dz\\\/wp-content\\\/uploads\\\/2025\\\/12\\\/occupation-Ghaza.jpeg\",\"width\":730,\"height\":410},{\"@type\":\"BreadcrumbList\",\"@id\":\"https:\\\/\\\/lasentinelle.dz\\\/index.php\\\/2026\\\/09\\\/02\\\/ghaza-netanyahu-reaffirme-le-refus-sioniste-de-tout-retrait\\\/#breadcrumb\",\"itemListElement\":[{\"@type\":\"ListItem\",\"position\":1,\"name\":\"Accueil\",\"item\":\"https:\\\/\\\/lasentinelle.dz\\\/\"},{\"@type\":\"ListItem\",\"position\":2,\"name\":\"Ghaza\u00a0: Netanyahu r\u00e9affirme le refus sioniste de tout retrait\"}]},{\"@type\":\"WebSite\",\"@id\":\"https:\\\/\\\/lasentinelle.dz\\\/#website\",\"url\":\"https:\\\/\\\/lasentinelle.dz\\\/\",\"name\":\"La Sentinelle\",\"description\":\"Quotidien national d&#039;information\",\"publisher\":{\"@id\":\"https:\\\/\\\/lasentinelle.dz\\\/#organization\"},\"potentialAction\":[{\"@type\":\"SearchAction\",\"target\":{\"@type\":\"EntryPoint\",\"urlTemplate\":\"https:\\\/\\\/lasentinelle.dz\\\/?s={search_term_string}\"},\"query-input\":{\"@type\":\"PropertyValueSpecification\",\"valueRequired\":true,\"valueName\":\"search_term_string\"}}],\"inLanguage\":\"fr-FR\"},{\"@type\":\"Organization\",\"@id\":\"https:\\\/\\\/lasentinelle.dz\\\/#organization\",\"name\":\"Quotidien La Sentinelle\",\"url\":\"https:\\\/\\\/lasentinelle.dz\\\/\",\"logo\":{\"@type\":\"ImageObject\",\"inLanguage\":\"fr-FR\",\"@id\":\"https:\\\/\\\/lasentinelle.dz\\\/#\\\/schema\\\/logo\\\/image\\\/\",\"url\":\"https:\\\/\\\/lasentinelle.dz\\\/wp-content\\\/uploads\\\/2021\\\/09\\\/logo-sentinelleSLOGAN-1.png\",\"contentUrl\":\"https:\\\/\\\/lasentinelle.dz\\\/wp-content\\\/uploads\\\/2021\\\/09\\\/logo-sentinelleSLOGAN-1.png\",\"width\":615,\"height\":142,\"caption\":\"Quotidien La Sentinelle\"},\"image\":{\"@id\":\"https:\\\/\\\/lasentinelle.dz\\\/#\\\/schema\\\/logo\\\/image\\\/\"},\"sameAs\":[\"https:\\\/\\\/www.facebook.com\\\/La-Sentinelle-104059864394773\"]},{\"@type\":\"Person\",\"@id\":\"https:\\\/\\\/lasentinelle.dz\\\/#\\\/schema\\\/person\\\/729ee0024f24e0b8c5ec17232f8e8b41\",\"name\":\"admin\",\"image\":{\"@type\":\"ImageObject\",\"inLanguage\":\"fr-FR\",\"@id\":\"https:\\\/\\\/secure.gravatar.com\\\/avatar\\\/4c81fed838786e9b53f540bf46533e750f5d292099ae3b66cfc6fb1982e29df7?s=96&d=mm&r=g\",\"url\":\"https:\\\/\\\/secure.gravatar.com\\\/avatar\\\/4c81fed838786e9b53f540bf46533e750f5d292099ae3b66cfc6fb1982e29df7?s=96&d=mm&r=g\",\"contentUrl\":\"https:\\\/\\\/secure.gravatar.com\\\/avatar\\\/4c81fed838786e9b53f540bf46533e750f5d292099ae3b66cfc6fb1982e29df7?s=96&d=mm&r=g\",\"caption\":\"admin\"},\"description\":\"admin\",\"url\":\"https:\\\/\\\/lasentinelle.dz\\\/author\\\/admin\\\/\"}]}<\/script>\n<!-- \/ Yoast SEO plugin. -->","yoast_head_json":{"title":"Ghaza\u00a0: Netanyahu r\u00e9affirme le refus sioniste de tout retrait - La Sentinelle","robots":{"index":"index","follow":"follow","max-snippet":"max-snippet:-1","max-image-preview":"max-image-preview:large","max-video-preview":"max-video-preview:-1"},"canonical":"https:\/\/lasentinelle.dz\/index.php\/2026\/09\/02\/ghaza-netanyahu-reaffirme-le-refus-sioniste-de-tout-retrait\/","og_locale":"fr_FR","og_type":"article","og_title":"Ghaza\u00a0: Netanyahu r\u00e9affirme le refus sioniste de tout retrait - La Sentinelle","og_description":"Lors d&rsquo;une rare visite dans la bande de Ghaza, le Premier ministre isra\u00e9lien Benjamin Netanyahu a indiqu\u00e9 que l\u2019arm\u00e9e d\u2019occupation","og_url":"https:\/\/lasentinelle.dz\/index.php\/2026\/09\/02\/ghaza-netanyahu-reaffirme-le-refus-sioniste-de-tout-retrait\/","og_site_name":"La Sentinelle","article_publisher":"https:\/\/www.facebook.com\/La-Sentinelle-104059864394773","article_published_time":"2026-09-02T18:25:40+00:00","article_modified_time":"2026-09-04T18:26:59+00:00","og_image":[{"width":730,"height":410,"url":"https:\/\/lasentinelle.dz\/wp-content\/uploads\/2025\/12\/occupation-Ghaza.jpeg","type":"image\/jpeg"}],"author":"admin","twitter_card":"summary_large_image","twitter_misc":{"\u00c9crit par":"admin","Dur\u00e9e de lecture estim\u00e9e":"2 minutes"},"schema":{"@context":"https:\/\/schema.org","@graph":[{"@type":"Article","@id":"https:\/\/lasentinelle.dz\/index.php\/2026\/09\/02\/ghaza-netanyahu-reaffirme-le-refus-sioniste-de-tout-retrait\/#article","isPartOf":{"@id":"https:\/\/lasentinelle.dz\/index.php\/2026\/09\/02\/ghaza-netanyahu-reaffirme-le-refus-sioniste-de-tout-retrait\/"},"author":{"name":"admin","@id":"https:\/\/lasentinelle.dz\/#\/schema\/person\/729ee0024f24e0b8c5ec17232f8e8b41"},"headline":"Ghaza\u00a0: Netanyahu r\u00e9affirme le refus sioniste de tout retrait","datePublished":"2026-09-02T18:25:40+00:00","dateModified":"2026-09-04T18:26:59+00:00","mainEntityOfPage":{"@id":"https:\/\/lasentinelle.dz\/index.php\/2026\/09\/02\/ghaza-netanyahu-reaffirme-le-refus-sioniste-de-tout-retrait\/"},"wordCount":280,"commentCount":0,"publisher":{"@id":"https:\/\/lasentinelle.dz\/#organization"},"image":{"@id":"https:\/\/lasentinelle.dz\/index.php\/2026\/09\/02\/ghaza-netanyahu-reaffirme-le-refus-sioniste-de-tout-retrait\/#primaryimage"},"thumbnailUrl":"https:\/\/lasentinelle.dz\/wp-content\/uploads\/2025\/12\/occupation-Ghaza.jpeg","articleSection":["Monde"],"inLanguage":"fr-FR","potentialAction":[{"@type":"CommentAction","name":"Comment","target":["https:\/\/lasentinelle.dz\/index.php\/2026\/09\/02\/ghaza-netanyahu-reaffirme-le-refus-sioniste-de-tout-retrait\/#respond"]}]},{"@type":"WebPage","@id":"https:\/\/lasentinelle.dz\/index.php\/2026\/09\/02\/ghaza-netanyahu-reaffirme-le-refus-sioniste-de-tout-retrait\/","url":"https:\/\/lasentinelle.dz\/index.php\/2026\/09\/02\/ghaza-netanyahu-reaffirme-le-refus-sioniste-de-tout-retrait\/","name":"Ghaza\u00a0: Netanyahu r\u00e9affirme le refus sioniste de tout retrait - La Sentinelle","isPartOf":{"@id":"https:\/\/lasentinelle.dz\/#website"},"primaryImageOfPage":{"@id":"https:\/\/lasentinelle.dz\/index.php\/2026\/09\/02\/ghaza-netanyahu-reaffirme-le-refus-sioniste-de-tout-retrait\/#primaryimage"},"image":{"@id":"https:\/\/lasentinelle.dz\/index.php\/2026\/09\/02\/ghaza-netanyahu-reaffirme-le-refus-sioniste-de-tout-retrait\/#primaryimage"},"thumbnailUrl":"https:\/\/lasentinelle.dz\/wp-content\/uploads\/2025\/12\/occupation-Ghaza.jpeg","datePublished":"2026-09-02T18:25:40+00:00","dateModified":"2026-09-04T18:26:59+00:00","breadcrumb":{"@id":"https:\/\/lasentinelle.dz\/index.php\/2026\/09\/02\/ghaza-netanyahu-reaffirme-le-refus-sioniste-de-tout-retrait\/#breadcrumb"},"inLanguage":"fr-FR","potentialAction":[{"@type":"ReadAction","target":["https:\/\/lasentinelle.dz\/index.php\/2026\/09\/02\/ghaza-netanyahu-reaffirme-le-refus-sioniste-de-tout-retrait\/"]}]},{"@type":"ImageObject","inLanguage":"fr-FR","@id":"https:\/\/lasentinelle.dz\/index.php\/2026\/09\/02\/ghaza-netanyahu-reaffirme-le-refus-sioniste-de-tout-retrait\/#primaryimage","url":"https:\/\/lasentinelle.dz\/wp-content\/uploads\/2025\/12\/occupation-Ghaza.jpeg","contentUrl":"https:\/\/lasentinelle.dz\/wp-content\/uploads\/2025\/12\/occupation-Ghaza.jpeg","width":730,"height":410},{"@type":"BreadcrumbList","@id":"https:\/\/lasentinelle.dz\/index.php\/2026\/09\/02\/ghaza-netanyahu-reaffirme-le-refus-sioniste-de-tout-retrait\/#breadcrumb","itemListElement":[{"@type":"ListItem","position":1,"name":"Accueil","item":"https:\/\/lasentinelle.dz\/"},{"@type":"ListItem","position":2,"name":"Ghaza\u00a0: Netanyahu r\u00e9affirme le refus sioniste de tout retrait"}]},{"@type":"WebSite","@id":"https:\/\/lasentinelle.dz\/#website","url":"https:\/\/lasentinelle.dz\/","name":"La Sentinelle","description":"Quotidien national d&#039;information","publisher":{"@id":"https:\/\/lasentinelle.dz\/#organization"},"potentialAction":[{"@type":"SearchAction","target":{"@type":"EntryPoint","urlTemplate":"https:\/\/lasentinelle.dz\/?s={search_term_string}"},"query-input":{"@type":"PropertyValueSpecification","valueRequired":true,"valueName":"search_term_string"}}],"inLanguage":"fr-FR"},{"@type":"Organization","@id":"https:\/\/lasentinelle.dz\/#organization","name":"Quotidien La Sentinelle","url":"https:\/\/lasentinelle.dz\/","logo":{"@type":"ImageObject","inLanguage":"fr-FR","@id":"https:\/\/lasentinelle.dz\/#\/schema\/logo\/image\/","url":"https:\/\/lasentinelle.dz\/wp-content\/uploads\/2021\/09\/logo-sentinelleSLOGAN-1.png","contentUrl":"https:\/\/lasentinelle.dz\/wp-content\/uploads\/2021\/09\/logo-sentinelleSLOGAN-1.png","width":615,"height":142,"caption":"Quotidien La Sentinelle"},"image":{"@id":"https:\/\/lasentinelle.dz\/#\/schema\/logo\/image\/"},"sameAs":["https:\/\/www.facebook.com\/La-Sentinelle-104059864394773"]},{"@type":"Person","@id":"https:\/\/lasentinelle.dz\/#\/schema\/person\/729ee0024f24e0b8c5ec17232f8e8b41","name":"admin","image":{"@type":"ImageObject","inLanguage":"fr-FR","@id":"https:\/\/secure.gravatar.com\/avatar\/4c81fed838786e9b53f540bf46533e750f5d292099ae3b66cfc6fb1982e29df7?s=96&d=mm&r=g","url":"https:\/\/secure.gravatar.com\/avatar\/4c81fed838786e9b53f540bf46533e750f5d292099ae3b66cfc6fb1982e29df7?s=96&d=mm&r=g","contentUrl":"https:\/\/secure.gravatar.com\/avatar\/4c81fed838786e9b53f540bf46533e750f5d292099ae3b66cfc6fb1982e29df7?s=96&d=mm&r=g","caption":"admin"},"description":"admin","url":"https:\/\/lasentinelle.dz\/author\/admin\/"}]}},"_links":{"self":[{"href":"https:\/\/lasentinelle.dz\/index.php\/wp-json\/wp\/v2\/posts\/94887","targetHints":{"allow":["GET"]}}],"collection":[{"href":"https:\/\/lasentinelle.dz\/index.php\/wp-json\/wp\/v2\/posts"}],"about":[{"href":"https:\/\/lasentinelle.dz\/index.php\/wp-json\/wp\/v2\/types\/post"}],"author":[{"embeddable":true,"href":"https:\/\/lasentinelle.dz\/index.php\/wp-json\/wp\/v2\/users\/6"}],"replies":[{"embeddable":true,"href":"https:\/\/lasentinelle.dz\/index.php\/wp-json\/wp\/v2\/comments?post=94887"}],"version-history":[{"count":1,"href":"https:\/\/lasentinelle.dz\/index.php\/wp-json\/wp\/v2\/posts\/94887\/revisions"}],"predecessor-version":[{"id":94888,"href":"https:\/\/lasentinelle.dz\/index.php\/wp-json\/wp\/v2\/posts\/94887\/revisions\/94888"}],"wp:featuredmedia":[{"embeddable":true,"href":"https:\/\/lasentinelle.dz\/index.php\/wp-json\/wp\/v2\/media\/78338"}],"wp:attachment":[{"href":"https:\/\/lasentinelle.dz\/index.php\/wp-json\/wp\/v2\/media?parent=94887"}],"wp:term":[{"taxonomy":"category","embeddable":true,"href":"https:\/\/lasentinelle.dz\/index.php\/wp-json\/wp\/v2\/categories?post=94887"},{"taxonomy":"post_tag","embeddable":true,"href":"https:\/\/lasentinelle.dz\/index.php\/wp-json\/wp\/v2\/tags?post=94887"}],"curies":[{"name":"wp","href":"https:\/\/api.w.org\/{rel}","templated":true}]}}