{"id":94894,"date":"2026-09-02T19:29:47","date_gmt":"2026-09-02T18:29:47","guid":{"rendered":"https:\/\/lasentinelle.dz\/?p=94894"},"modified":"2026-09-04T19:30:34","modified_gmt":"2026-09-04T18:30:34","slug":"crise-migratoire-de-ceuta-un-rapport-de-la-police-espagnole-demontre-limplication-des-services-marocains","status":"publish","type":"post","link":"https:\/\/lasentinelle.dz\/index.php\/2026\/09\/02\/crise-migratoire-de-ceuta-un-rapport-de-la-police-espagnole-demontre-limplication-des-services-marocains\/","title":{"rendered":"Crise migratoire de Ceuta\u00a0: Un rapport de la police espagnole d\u00e9montre l&rsquo;implication des services marocains"},"content":{"rendered":"\n<p class=\"wp-block-paragraph\">Un rapport du renseignement de la police nationale espagnole transmis \u00e0 la juge charg\u00e9e du dossier, indiqu\u00e9 que l&rsquo;entr\u00e9e massive de migrants \u00e0 Sebta fin juillet aurait \u00e9t\u00e9 orchestr\u00e9e par des gendarmes marocains agissant sous les ordres d&rsquo;agents en civil, dans un but \u00e9tranger \u00e0 la question migratoire. Une conclusion qui d\u00e9place le d\u00e9bat d&rsquo;une simple crise frontali\u00e8re vers un dossier hautement s\u00e9curitaire et politique, rapporte le quotidien espagnol El Espa\u00f1ol. L&rsquo;irruption massive de plusieurs dizaines de milliers de migrants \u00e0 Sebta, les 30 et 31 juillet derniers, ne rel\u00e8verait pas d&rsquo;un simple d\u00e9bordement migratoire incontr\u00f4l\u00e9. C&rsquo;est en tout cas ce que sugg\u00e8re un rapport \u00e9tabli par le Centre national de l&rsquo;immigration et des fronti\u00e8res (CENIF), rattach\u00e9 \u00e0 la police nationale espagnole, et transmis \u00e0 la juge Mar\u00eda Tard\u00f3n, en charge de l&rsquo;instruction sur ce dossier, selon des informations rapport\u00e9es par le quotidien El Espa\u00f1ol.<\/p>\n\n\n\n<p class=\"wp-block-paragraph\">Ce document place les services marocains au c\u0153ur d&rsquo;une op\u00e9ration que les analystes du renseignement espagnol ne consid\u00e8rent pas comme un flux migratoire spontan\u00e9, mais comme une man\u0153uvre planifi\u00e9e et t\u00e9l\u00e9guid\u00e9e depuis le Maroc, dans l&rsquo;objectif d\u00e9clar\u00e9 de saturer le dispositif de surveillance des fronti\u00e8res espagnoles et de paralyser sa capacit\u00e9 de r\u00e9ponse. D&rsquo;apr\u00e8s les informations relay\u00e9es par El Espa\u00f1ol, les services de s\u00e9curit\u00e9 espagnols auraient identifi\u00e9 des \u00e9l\u00e9ments de la gendarmerie marocaine en train de diriger les mouvements de foule, \u00e9paul\u00e9s par des individus en tenue civile charg\u00e9s de donner les instructions et de superviser l&rsquo;ex\u00e9cution de l&rsquo;op\u00e9ration. Une observation qui fait basculer le dossier d&rsquo;une probl\u00e9matique migratoire vers une question de souverainet\u00e9 aux implications \u00e9minemment s\u00e9curitaires.<\/p>\n\n\n\n<p class=\"wp-block-paragraph\">Le Maroc se retrouve ainsi confront\u00e9 \u00e0 une accusation d&rsquo;une tout autre gravit\u00e9 que celle d&rsquo;une simple incapacit\u00e9 \u00e0 contr\u00f4ler ses fronti\u00e8res, celle d&rsquo;avoir instrumentalis\u00e9 ces m\u00eames fronti\u00e8res comme moyen de pression sur un pays membre de l&rsquo;Union europ\u00e9enne. Les soup\u00e7ons se trouvent renforc\u00e9s, toujours selon le rapport, par un constat troublant. Pr\u00e8s de 90% des personnes entr\u00e9es \u00e0 Sebta les 30 et 31 juillet seraient reparties vers le Maroc quelques heures plus tard seulement. Un \u00e9l\u00e9ment qui pousse la police espagnole \u00e0 remettre en question l&rsquo;hypoth\u00e8se d&rsquo;une volont\u00e9 de s&rsquo;installer \u00e0 Ceuta ou de rejoindre l&rsquo;Espagne, et \u00e0 privil\u00e9gier celle d&rsquo;une utilisation des migrants comme simple levier dans une op\u00e9ration de pression organis\u00e9e.<\/p>\n\n\n\n<p class=\"wp-block-paragraph\">Autre fait notable relev\u00e9 par El Espa\u00f1ol, l&rsquo;alerte s\u00e9curitaire espagnole avait pr\u00e9c\u00e9d\u00e9 les \u00e9v\u00e9nements. Le CENIF aurait en effet \u00e9voqu\u00e9 la possibilit\u00e9 d&rsquo;une entr\u00e9e massive le 30 juillet, y compris par voie maritime, et class\u00e9 le sc\u00e9nario d&rsquo;un passage coordonn\u00e9 \u00e0 la nage ou via la cl\u00f4ture parmi les risques \u00e9lev\u00e9s. Les services espagnols n&rsquo;auraient donc pas \u00e9t\u00e9 pris totalement au d\u00e9pourvu, mais disposaient d&rsquo;indices annon\u00e7ant un mouvement de grande ampleur. Le rapport, d&rsquo;apr\u00e8s le quotidien espagnol, relie \u00e9galement cette op\u00e9ration au contexte politique plus large des revendications marocaines sur Ceuta et Melilla, faisant de la mer, des fronti\u00e8res et de la question migratoire des \u00e9l\u00e9ments potentiels d&rsquo;une \u00e9quation d\u00e9passant largement le seul cadre migratoire pour toucher directement \u00e0 la s\u00e9curit\u00e9 et \u00e0 la souverainet\u00e9 espagnoles.<\/p>\n\n\n\n<p class=\"wp-block-paragraph\">Fait significatif, la juge Mar\u00eda Tard\u00f3n a sollicit\u00e9 des rapports de s\u00e9curit\u00e9 compl\u00e9mentaires afin de d\u00e9terminer si ces faits comportent des \u00e9l\u00e9ments susceptibles de relever de la comp\u00e9tence de l&rsquo;Audience nationale espagnole, plus haute juridiction du pays. Ce qui s&rsquo;apparentait \u00e0 une crise frontali\u00e8re ponctuelle prend ainsi une tournure judiciaire et s\u00e9curitaire appelant une enqu\u00eate approfondie. Ces r\u00e9v\u00e9lations interviennent alors que le gouvernement espagnol avait lui-m\u00eame, ces derniers jours, r\u00e9clam\u00e9 des \u00e9claircissements officiels sur l&rsquo;existence de ce rapport, dont le contenu contredit la version d\u00e9fendue jusque-l\u00e0 par Madrid, le Premier ministre Pedro S\u00e1nchez ayant \u00e9voqu\u00e9 une possible d\u00e9sinformation ext\u00e9rieure plut\u00f4t qu&rsquo;une implication marocaine. L&rsquo;affaire, d\u00e9j\u00e0 scrut\u00e9e par la justice espagnole, promet de conna\u00eetre de nouveaux d\u00e9veloppements.<\/p>\n\n\n\n<p class=\"wp-block-paragraph\">Lyes S.<\/p>\n","protected":false},"excerpt":{"rendered":"<p>Un rapport du renseignement de la police nationale espagnole transmis \u00e0 la juge charg\u00e9e du dossier, indiqu\u00e9 que l&rsquo;entr\u00e9e massive<\/p>\n","protected":false},"author":6,"featured_media":92660,"comment_status":"open","ping_status":"closed","sticky":false,"template":"","format":"standard","meta":{"colormag_page_container_layout":"default_layout","colormag_page_sidebar_layout":"default_layout","om_disable_all_campaigns":false,"_monsterinsights_skip_tracking":false,"footnotes":"","_wpscppro_dont_share_socialmedia":false,"_wpscppro_custom_social_share_image":0,"_facebook_share_type":"default","_twitter_share_type":"default","_linkedin_share_type":"default","_pinterest_share_type":"default","_linkedin_share_type_page":"","_instagram_share_type":"default","_medium_share_type":"default","_threads_share_type":"default","_google_business_share_type":"default","_bluesky_share_type":"default","_mastodon_share_type":"default","_selected_social_profile":[],"_wpsp_enable_custom_social_template":false,"_wpsp_social_scheduling":{"enabled":false,"datetime":null,"platforms":[],"status":"template_only","dateOption":"today","timeOption":"now","customDays":"","customHours":"","customDate":"","customTime":"","schedulingType":"absolute"},"_wpsp_active_default_template":true},"categories":[52,37],"tags":[],"class_list":["post-94894","post","type-post","status-publish","format-standard","has-post-thumbnail","hentry","category-a-la-une","category-monde"],"aioseo_notices":[],"aioseo_head":"\n\t\t<!-- All in One SEO 5.0.0.1 - aioseo.com -->\n\t<meta name=\"description\" content=\"Un rapport du renseignement de la police nationale espagnole transmis \u00e0 la juge charg\u00e9e du dossier, indiqu\u00e9 que l&#039;entr\u00e9e massive de migrants \u00e0 Sebta fin juillet aurait \u00e9t\u00e9 orchestr\u00e9e par des gendarmes marocains agissant sous les ordres d&#039;agents en civil, dans un but \u00e9tranger \u00e0 la question migratoire. Une conclusion qui d\u00e9place le d\u00e9bat d&#039;une\" \/>\n\t<meta name=\"robots\" content=\"max-image-preview:large\" \/>\n\t<meta name=\"author\" content=\"admin\"\/>\n\t<link rel=\"canonical\" href=\"https:\/\/lasentinelle.dz\/index.php\/2026\/09\/02\/crise-migratoire-de-ceuta-un-rapport-de-la-police-espagnole-demontre-limplication-des-services-marocains\/\" \/>\n\t<meta name=\"generator\" content=\"All in One SEO (AIOSEO) 5.0.0.1\" \/>\n\t\t<meta property=\"og:locale\" content=\"fr_FR\" \/>\n\t\t<meta property=\"og:site_name\" content=\"La Sentinelle - Quotidien national d&#039;information\" \/>\n\t\t<meta property=\"og:type\" content=\"article\" \/>\n\t\t<meta property=\"og:title\" content=\"Crise migratoire de Ceuta : Un rapport de la police espagnole d\u00e9montre l\u2019implication des services marocains - La Sentinelle\" \/>\n\t\t<meta property=\"og:description\" content=\"Un rapport du renseignement de la police nationale espagnole transmis \u00e0 la juge charg\u00e9e du dossier, indiqu\u00e9 que l&#039;entr\u00e9e massive de migrants \u00e0 Sebta fin juillet aurait \u00e9t\u00e9 orchestr\u00e9e par des gendarmes marocains agissant sous les ordres d&#039;agents en civil, dans un but \u00e9tranger \u00e0 la question migratoire. Une conclusion qui d\u00e9place le d\u00e9bat d&#039;une\" \/>\n\t\t<meta property=\"og:url\" content=\"https:\/\/lasentinelle.dz\/index.php\/2026\/09\/02\/crise-migratoire-de-ceuta-un-rapport-de-la-police-espagnole-demontre-limplication-des-services-marocains\/\" \/>\n\t\t<meta property=\"og:image\" content=\"https:\/\/lasentinelle.dz\/wp-content\/uploads\/2021\/09\/cropped-la-sentinelle-earth-golden-anima-5.gif\" \/>\n\t\t<meta property=\"og:image:secure_url\" content=\"https:\/\/lasentinelle.dz\/wp-content\/uploads\/2021\/09\/cropped-la-sentinelle-earth-golden-anima-5.gif\" \/>\n\t\t<meta property=\"og:image:width\" content=\"450\" \/>\n\t\t<meta property=\"og:image:height\" content=\"213\" \/>\n\t\t<meta property=\"article:published_time\" content=\"2026-09-02T18:29:47+00:00\" \/>\n\t\t<meta property=\"article:modified_time\" content=\"2026-09-04T18:30:34+00:00\" \/>\n\t\t<meta property=\"article:publisher\" content=\"https:\/\/www.facebook.com\/azzedine.lasentinelle.1\" \/>\n\t\t<meta name=\"twitter:card\" content=\"summary_large_image\" \/>\n\t\t<meta name=\"twitter:title\" content=\"Crise migratoire de Ceuta : Un rapport de la police espagnole d\u00e9montre l\u2019implication des services marocains - La Sentinelle\" \/>\n\t\t<meta name=\"twitter:description\" content=\"Un rapport du renseignement de la police nationale espagnole transmis \u00e0 la juge charg\u00e9e du dossier, indiqu\u00e9 que l&#039;entr\u00e9e massive de migrants \u00e0 Sebta fin juillet aurait \u00e9t\u00e9 orchestr\u00e9e par des gendarmes marocains agissant sous les ordres d&#039;agents en civil, dans un but \u00e9tranger \u00e0 la question migratoire. Une conclusion qui d\u00e9place le d\u00e9bat d&#039;une\" \/>\n\t\t<meta name=\"twitter:image\" content=\"https:\/\/lasentinelle.dz\/wp-content\/uploads\/2021\/09\/cropped-la-sentinelle-earth-golden-anima-5.gif\" \/>\n\t\t<script type=\"application\/ld+json\" class=\"aioseo-schema\">\n\t\t\t{\"@context\":\"https:\\\/\\\/schema.org\",\"@graph\":[{\"@type\":\"BlogPosting\",\"@id\":\"https:\\\/\\\/lasentinelle.dz\\\/index.php\\\/2026\\\/09\\\/02\\\/crise-migratoire-de-ceuta-un-rapport-de-la-police-espagnole-demontre-limplication-des-services-marocains\\\/#blogposting\",\"name\":\"Crise migratoire de Ceuta : Un rapport de la police espagnole d\\u00e9montre l\\u2019implication des services marocains - La Sentinelle\",\"headline\":\"Crise migratoire de Ceuta\\u00a0: Un rapport de la police espagnole d\\u00e9montre l&rsquo;implication des services marocains\",\"author\":{\"@id\":\"https:\\\/\\\/lasentinelle.dz\\\/author\\\/admin\\\/#author\"},\"publisher\":{\"@id\":\"https:\\\/\\\/lasentinelle.dz\\\/#organization\"},\"image\":{\"@type\":\"ImageObject\",\"url\":\"https:\\\/\\\/lasentinelle.dz\\\/wp-content\\\/uploads\\\/2026\\\/08\\\/Ceuta.avif\",\"width\":765,\"height\":575},\"datePublished\":\"2026-09-02T19:29:47+01:00\",\"dateModified\":\"2026-09-04T19:30:34+01:00\",\"inLanguage\":\"fr-FR\",\"mainEntityOfPage\":{\"@id\":\"https:\\\/\\\/lasentinelle.dz\\\/index.php\\\/2026\\\/09\\\/02\\\/crise-migratoire-de-ceuta-un-rapport-de-la-police-espagnole-demontre-limplication-des-services-marocains\\\/#webpage\"},\"isPartOf\":{\"@id\":\"https:\\\/\\\/lasentinelle.dz\\\/index.php\\\/2026\\\/09\\\/02\\\/crise-migratoire-de-ceuta-un-rapport-de-la-police-espagnole-demontre-limplication-des-services-marocains\\\/#webpage\"},\"articleSection\":\"\\u00c0 la Une, Monde\"},{\"@type\":\"BreadcrumbList\",\"@id\":\"https:\\\/\\\/lasentinelle.dz\\\/index.php\\\/2026\\\/09\\\/02\\\/crise-migratoire-de-ceuta-un-rapport-de-la-police-espagnole-demontre-limplication-des-services-marocains\\\/#breadcrumblist\",\"itemListElement\":[{\"@type\":\"ListItem\",\"@id\":\"https:\\\/\\\/lasentinelle.dz#listItem\",\"position\":1,\"name\":\"Home\",\"item\":\"https:\\\/\\\/lasentinelle.dz\",\"nextItem\":{\"@type\":\"ListItem\",\"@id\":\"https:\\\/\\\/lasentinelle.dz\\\/index.php\\\/category\\\/monde\\\/#listItem\",\"name\":\"Monde\"}},{\"@type\":\"ListItem\",\"@id\":\"https:\\\/\\\/lasentinelle.dz\\\/index.php\\\/category\\\/monde\\\/#listItem\",\"position\":2,\"name\":\"Monde\",\"item\":\"https:\\\/\\\/lasentinelle.dz\\\/index.php\\\/category\\\/monde\\\/\",\"nextItem\":{\"@type\":\"ListItem\",\"@id\":\"https:\\\/\\\/lasentinelle.dz\\\/index.php\\\/2026\\\/09\\\/02\\\/crise-migratoire-de-ceuta-un-rapport-de-la-police-espagnole-demontre-limplication-des-services-marocains\\\/#listItem\",\"name\":\"Crise migratoire de Ceuta\\u00a0: Un rapport de la police espagnole d\\u00e9montre l&rsquo;implication des services marocains\"},\"previousItem\":{\"@type\":\"ListItem\",\"@id\":\"https:\\\/\\\/lasentinelle.dz#listItem\",\"name\":\"Home\"}},{\"@type\":\"ListItem\",\"@id\":\"https:\\\/\\\/lasentinelle.dz\\\/index.php\\\/2026\\\/09\\\/02\\\/crise-migratoire-de-ceuta-un-rapport-de-la-police-espagnole-demontre-limplication-des-services-marocains\\\/#listItem\",\"position\":3,\"name\":\"Crise migratoire de Ceuta\\u00a0: Un rapport de la police espagnole d\\u00e9montre l&rsquo;implication des services marocains\",\"previousItem\":{\"@type\":\"ListItem\",\"@id\":\"https:\\\/\\\/lasentinelle.dz\\\/index.php\\\/category\\\/monde\\\/#listItem\",\"name\":\"Monde\"}}]},{\"@type\":\"Organization\",\"@id\":\"https:\\\/\\\/lasentinelle.dz\\\/#organization\",\"name\":\"La Sentinelle La Sentinelle\",\"description\":\"Quotidien national d'information\",\"url\":\"https:\\\/\\\/lasentinelle.dz\\\/\",\"logo\":{\"@type\":\"ImageObject\",\"url\":\"https:\\\/\\\/lasentinelle.dz\\\/wp-content\\\/uploads\\\/2021\\\/09\\\/cropped-la-sentinelle-earth-golden-anima-5.gif\",\"@id\":\"https:\\\/\\\/lasentinelle.dz\\\/index.php\\\/2026\\\/09\\\/02\\\/crise-migratoire-de-ceuta-un-rapport-de-la-police-espagnole-demontre-limplication-des-services-marocains\\\/#organizationLogo\",\"width\":450,\"height\":213},\"image\":{\"@id\":\"https:\\\/\\\/lasentinelle.dz\\\/index.php\\\/2026\\\/09\\\/02\\\/crise-migratoire-de-ceuta-un-rapport-de-la-police-espagnole-demontre-limplication-des-services-marocains\\\/#organizationLogo\"},\"sameAs\":[\"https:\\\/\\\/www.facebook.com\\\/azzedine.lasentinelle.1\"]},{\"@type\":\"Person\",\"@id\":\"https:\\\/\\\/lasentinelle.dz\\\/author\\\/admin\\\/#author\",\"url\":\"https:\\\/\\\/lasentinelle.dz\\\/author\\\/admin\\\/\",\"name\":\"admin\",\"image\":{\"@type\":\"ImageObject\",\"@id\":\"https:\\\/\\\/lasentinelle.dz\\\/index.php\\\/2026\\\/09\\\/02\\\/crise-migratoire-de-ceuta-un-rapport-de-la-police-espagnole-demontre-limplication-des-services-marocains\\\/#authorImage\",\"url\":\"https:\\\/\\\/secure.gravatar.com\\\/avatar\\\/4c81fed838786e9b53f540bf46533e750f5d292099ae3b66cfc6fb1982e29df7?s=96&d=mm&r=g\",\"width\":96,\"height\":96,\"caption\":\"admin\"}},{\"@type\":\"WebPage\",\"@id\":\"https:\\\/\\\/lasentinelle.dz\\\/index.php\\\/2026\\\/09\\\/02\\\/crise-migratoire-de-ceuta-un-rapport-de-la-police-espagnole-demontre-limplication-des-services-marocains\\\/#webpage\",\"url\":\"https:\\\/\\\/lasentinelle.dz\\\/index.php\\\/2026\\\/09\\\/02\\\/crise-migratoire-de-ceuta-un-rapport-de-la-police-espagnole-demontre-limplication-des-services-marocains\\\/\",\"name\":\"Crise migratoire de Ceuta : Un rapport de la police espagnole d\\u00e9montre l\\u2019implication des services marocains - La Sentinelle\",\"description\":\"Un rapport du renseignement de la police nationale espagnole transmis \\u00e0 la juge charg\\u00e9e du dossier, indiqu\\u00e9 que l'entr\\u00e9e massive de migrants \\u00e0 Sebta fin juillet aurait \\u00e9t\\u00e9 orchestr\\u00e9e par des gendarmes marocains agissant sous les ordres d'agents en civil, dans un but \\u00e9tranger \\u00e0 la question migratoire. Une conclusion qui d\\u00e9place le d\\u00e9bat d'une\",\"inLanguage\":\"fr-FR\",\"isPartOf\":{\"@id\":\"https:\\\/\\\/lasentinelle.dz\\\/#website\"},\"breadcrumb\":{\"@id\":\"https:\\\/\\\/lasentinelle.dz\\\/index.php\\\/2026\\\/09\\\/02\\\/crise-migratoire-de-ceuta-un-rapport-de-la-police-espagnole-demontre-limplication-des-services-marocains\\\/#breadcrumblist\"},\"author\":{\"@id\":\"https:\\\/\\\/lasentinelle.dz\\\/author\\\/admin\\\/#author\"},\"creator\":{\"@id\":\"https:\\\/\\\/lasentinelle.dz\\\/author\\\/admin\\\/#author\"},\"image\":{\"@type\":\"ImageObject\",\"url\":\"https:\\\/\\\/lasentinelle.dz\\\/wp-content\\\/uploads\\\/2026\\\/08\\\/Ceuta.avif\",\"@id\":\"https:\\\/\\\/lasentinelle.dz\\\/index.php\\\/2026\\\/09\\\/02\\\/crise-migratoire-de-ceuta-un-rapport-de-la-police-espagnole-demontre-limplication-des-services-marocains\\\/#mainImage\",\"width\":765,\"height\":575},\"primaryImageOfPage\":{\"@id\":\"https:\\\/\\\/lasentinelle.dz\\\/index.php\\\/2026\\\/09\\\/02\\\/crise-migratoire-de-ceuta-un-rapport-de-la-police-espagnole-demontre-limplication-des-services-marocains\\\/#mainImage\"},\"datePublished\":\"2026-09-02T19:29:47+01:00\",\"dateModified\":\"2026-09-04T19:30:34+01:00\"},{\"@type\":\"WebSite\",\"@id\":\"https:\\\/\\\/lasentinelle.dz\\\/#website\",\"url\":\"https:\\\/\\\/lasentinelle.dz\\\/\",\"name\":\"La Sentinelle\",\"description\":\"Quotidien national d'information\",\"inLanguage\":\"fr-FR\",\"publisher\":{\"@id\":\"https:\\\/\\\/lasentinelle.dz\\\/#organization\"}}]}\n\t\t<\/script>\n\t\t<!-- All in One SEO -->\n\n","aioseo_head_json":{"title":"Crise migratoire de Ceuta : Un rapport de la police espagnole d\u00e9montre l\u2019implication des services marocains - La Sentinelle","description":"Un rapport du renseignement de la police nationale espagnole transmis \u00e0 la juge charg\u00e9e du dossier, indiqu\u00e9 que l'entr\u00e9e massive de migrants \u00e0 Sebta fin juillet aurait \u00e9t\u00e9 orchestr\u00e9e par des gendarmes marocains agissant sous les ordres d'agents en civil, dans un but \u00e9tranger \u00e0 la question migratoire. Une conclusion qui d\u00e9place le d\u00e9bat d'une","canonical_url":"https:\/\/lasentinelle.dz\/index.php\/2026\/09\/02\/crise-migratoire-de-ceuta-un-rapport-de-la-police-espagnole-demontre-limplication-des-services-marocains\/","robots":"max-image-preview:large","keywords":"","webmasterTools":{"miscellaneous":""},"schema":{"@context":"https:\/\/schema.org","@graph":[{"@type":"BlogPosting","@id":"https:\/\/lasentinelle.dz\/index.php\/2026\/09\/02\/crise-migratoire-de-ceuta-un-rapport-de-la-police-espagnole-demontre-limplication-des-services-marocains\/#blogposting","name":"Crise migratoire de Ceuta : Un rapport de la police espagnole d\u00e9montre l\u2019implication des services marocains - La Sentinelle","headline":"Crise migratoire de Ceuta\u00a0: Un rapport de la police espagnole d\u00e9montre l&rsquo;implication des services marocains","author":{"@id":"https:\/\/lasentinelle.dz\/author\/admin\/#author"},"publisher":{"@id":"https:\/\/lasentinelle.dz\/#organization"},"image":{"@type":"ImageObject","url":"https:\/\/lasentinelle.dz\/wp-content\/uploads\/2026\/08\/Ceuta.avif","width":765,"height":575},"datePublished":"2026-09-02T19:29:47+01:00","dateModified":"2026-09-04T19:30:34+01:00","inLanguage":"fr-FR","mainEntityOfPage":{"@id":"https:\/\/lasentinelle.dz\/index.php\/2026\/09\/02\/crise-migratoire-de-ceuta-un-rapport-de-la-police-espagnole-demontre-limplication-des-services-marocains\/#webpage"},"isPartOf":{"@id":"https:\/\/lasentinelle.dz\/index.php\/2026\/09\/02\/crise-migratoire-de-ceuta-un-rapport-de-la-police-espagnole-demontre-limplication-des-services-marocains\/#webpage"},"articleSection":"\u00c0 la Une, Monde"},{"@type":"BreadcrumbList","@id":"https:\/\/lasentinelle.dz\/index.php\/2026\/09\/02\/crise-migratoire-de-ceuta-un-rapport-de-la-police-espagnole-demontre-limplication-des-services-marocains\/#breadcrumblist","itemListElement":[{"@type":"ListItem","@id":"https:\/\/lasentinelle.dz#listItem","position":1,"name":"Home","item":"https:\/\/lasentinelle.dz","nextItem":{"@type":"ListItem","@id":"https:\/\/lasentinelle.dz\/index.php\/category\/monde\/#listItem","name":"Monde"}},{"@type":"ListItem","@id":"https:\/\/lasentinelle.dz\/index.php\/category\/monde\/#listItem","position":2,"name":"Monde","item":"https:\/\/lasentinelle.dz\/index.php\/category\/monde\/","nextItem":{"@type":"ListItem","@id":"https:\/\/lasentinelle.dz\/index.php\/2026\/09\/02\/crise-migratoire-de-ceuta-un-rapport-de-la-police-espagnole-demontre-limplication-des-services-marocains\/#listItem","name":"Crise migratoire de Ceuta\u00a0: Un rapport de la police espagnole d\u00e9montre l&rsquo;implication des services marocains"},"previousItem":{"@type":"ListItem","@id":"https:\/\/lasentinelle.dz#listItem","name":"Home"}},{"@type":"ListItem","@id":"https:\/\/lasentinelle.dz\/index.php\/2026\/09\/02\/crise-migratoire-de-ceuta-un-rapport-de-la-police-espagnole-demontre-limplication-des-services-marocains\/#listItem","position":3,"name":"Crise migratoire de Ceuta\u00a0: Un rapport de la police espagnole d\u00e9montre l&rsquo;implication des services marocains","previousItem":{"@type":"ListItem","@id":"https:\/\/lasentinelle.dz\/index.php\/category\/monde\/#listItem","name":"Monde"}}]},{"@type":"Organization","@id":"https:\/\/lasentinelle.dz\/#organization","name":"La Sentinelle La Sentinelle","description":"Quotidien national d'information","url":"https:\/\/lasentinelle.dz\/","logo":{"@type":"ImageObject","url":"https:\/\/lasentinelle.dz\/wp-content\/uploads\/2021\/09\/cropped-la-sentinelle-earth-golden-anima-5.gif","@id":"https:\/\/lasentinelle.dz\/index.php\/2026\/09\/02\/crise-migratoire-de-ceuta-un-rapport-de-la-police-espagnole-demontre-limplication-des-services-marocains\/#organizationLogo","width":450,"height":213},"image":{"@id":"https:\/\/lasentinelle.dz\/index.php\/2026\/09\/02\/crise-migratoire-de-ceuta-un-rapport-de-la-police-espagnole-demontre-limplication-des-services-marocains\/#organizationLogo"},"sameAs":["https:\/\/www.facebook.com\/azzedine.lasentinelle.1"]},{"@type":"Person","@id":"https:\/\/lasentinelle.dz\/author\/admin\/#author","url":"https:\/\/lasentinelle.dz\/author\/admin\/","name":"admin","image":{"@type":"ImageObject","@id":"https:\/\/lasentinelle.dz\/index.php\/2026\/09\/02\/crise-migratoire-de-ceuta-un-rapport-de-la-police-espagnole-demontre-limplication-des-services-marocains\/#authorImage","url":"https:\/\/secure.gravatar.com\/avatar\/4c81fed838786e9b53f540bf46533e750f5d292099ae3b66cfc6fb1982e29df7?s=96&d=mm&r=g","width":96,"height":96,"caption":"admin"}},{"@type":"WebPage","@id":"https:\/\/lasentinelle.dz\/index.php\/2026\/09\/02\/crise-migratoire-de-ceuta-un-rapport-de-la-police-espagnole-demontre-limplication-des-services-marocains\/#webpage","url":"https:\/\/lasentinelle.dz\/index.php\/2026\/09\/02\/crise-migratoire-de-ceuta-un-rapport-de-la-police-espagnole-demontre-limplication-des-services-marocains\/","name":"Crise migratoire de Ceuta : Un rapport de la police espagnole d\u00e9montre l\u2019implication des services marocains - La Sentinelle","description":"Un rapport du renseignement de la police nationale espagnole transmis \u00e0 la juge charg\u00e9e du dossier, indiqu\u00e9 que l'entr\u00e9e massive de migrants \u00e0 Sebta fin juillet aurait \u00e9t\u00e9 orchestr\u00e9e par des gendarmes marocains agissant sous les ordres d'agents en civil, dans un but \u00e9tranger \u00e0 la question migratoire. Une conclusion qui d\u00e9place le d\u00e9bat d'une","inLanguage":"fr-FR","isPartOf":{"@id":"https:\/\/lasentinelle.dz\/#website"},"breadcrumb":{"@id":"https:\/\/lasentinelle.dz\/index.php\/2026\/09\/02\/crise-migratoire-de-ceuta-un-rapport-de-la-police-espagnole-demontre-limplication-des-services-marocains\/#breadcrumblist"},"author":{"@id":"https:\/\/lasentinelle.dz\/author\/admin\/#author"},"creator":{"@id":"https:\/\/lasentinelle.dz\/author\/admin\/#author"},"image":{"@type":"ImageObject","url":"https:\/\/lasentinelle.dz\/wp-content\/uploads\/2026\/08\/Ceuta.avif","@id":"https:\/\/lasentinelle.dz\/index.php\/2026\/09\/02\/crise-migratoire-de-ceuta-un-rapport-de-la-police-espagnole-demontre-limplication-des-services-marocains\/#mainImage","width":765,"height":575},"primaryImageOfPage":{"@id":"https:\/\/lasentinelle.dz\/index.php\/2026\/09\/02\/crise-migratoire-de-ceuta-un-rapport-de-la-police-espagnole-demontre-limplication-des-services-marocains\/#mainImage"},"datePublished":"2026-09-02T19:29:47+01:00","dateModified":"2026-09-04T19:30:34+01:00"},{"@type":"WebSite","@id":"https:\/\/lasentinelle.dz\/#website","url":"https:\/\/lasentinelle.dz\/","name":"La Sentinelle","description":"Quotidien national d'information","inLanguage":"fr-FR","publisher":{"@id":"https:\/\/lasentinelle.dz\/#organization"}}]},"og:locale":"fr_FR","og:site_name":"La Sentinelle - Quotidien national d'information","og:type":"article","og:title":"Crise migratoire de Ceuta : Un rapport de la police espagnole d\u00e9montre l\u2019implication des services marocains - La Sentinelle","og:description":"Un rapport du renseignement de la police nationale espagnole transmis \u00e0 la juge charg\u00e9e du dossier, indiqu\u00e9 que l'entr\u00e9e massive de migrants \u00e0 Sebta fin juillet aurait \u00e9t\u00e9 orchestr\u00e9e par des gendarmes marocains agissant sous les ordres d'agents en civil, dans un but \u00e9tranger \u00e0 la question migratoire. Une conclusion qui d\u00e9place le d\u00e9bat d'une","og:url":"https:\/\/lasentinelle.dz\/index.php\/2026\/09\/02\/crise-migratoire-de-ceuta-un-rapport-de-la-police-espagnole-demontre-limplication-des-services-marocains\/","og:image":"https:\/\/lasentinelle.dz\/wp-content\/uploads\/2021\/09\/cropped-la-sentinelle-earth-golden-anima-5.gif","og:image:secure_url":"https:\/\/lasentinelle.dz\/wp-content\/uploads\/2021\/09\/cropped-la-sentinelle-earth-golden-anima-5.gif","og:image:width":450,"og:image:height":213,"article:published_time":"2026-09-02T18:29:47+00:00","article:modified_time":"2026-09-04T18:30:34+00:00","article:publisher":"https:\/\/www.facebook.com\/azzedine.lasentinelle.1","twitter:card":"summary_large_image","twitter:title":"Crise migratoire de Ceuta : Un rapport de la police espagnole d\u00e9montre l\u2019implication des services marocains - La Sentinelle","twitter:description":"Un rapport du renseignement de la police nationale espagnole transmis \u00e0 la juge charg\u00e9e du dossier, indiqu\u00e9 que l'entr\u00e9e massive de migrants \u00e0 Sebta fin juillet aurait \u00e9t\u00e9 orchestr\u00e9e par des gendarmes marocains agissant sous les ordres d'agents en civil, dans un but \u00e9tranger \u00e0 la question migratoire. Une conclusion qui d\u00e9place le d\u00e9bat d'une","twitter:image":"https:\/\/lasentinelle.dz\/wp-content\/uploads\/2021\/09\/cropped-la-sentinelle-earth-golden-anima-5.gif"},"aioseo_meta_data":{"post_id":"94894","title":null,"description":null,"keywords":null,"keyphrases":{"focus":{"keyphrase":"","score":0,"analysis":{"keyphraseInTitle":{"score":0,"maxScore":9,"error":1}}},"additional":[]},"primary_term":null,"canonical_url":null,"og_title":null,"og_description":null,"og_object_type":"default","og_image_type":"default","og_image_url":null,"og_image_width":null,"og_image_height":null,"og_image_custom_url":null,"og_image_custom_fields":null,"og_video":"","og_custom_url":null,"og_article_section":null,"og_article_tags":null,"twitter_use_og":false,"twitter_card":"default","twitter_image_type":"default","twitter_image_url":null,"twitter_image_custom_url":null,"twitter_image_custom_fields":null,"twitter_title":null,"twitter_description":null,"schema":{"blockGraphs":[],"customGraphs":[],"default":{"data":{"Article":[],"Course":[],"Dataset":[],"FAQPage":[],"Movie":[],"Person":[],"Product":[],"ProductReview":[],"Car":[],"Recipe":[],"Service":[],"SoftwareApplication":[],"WebPage":[]},"graphName":"BlogPosting","isEnabled":true},"graphs":[]},"schema_type":"default","schema_type_options":null,"pillar_content":false,"robots_default":true,"robots_noindex":false,"robots_noarchive":false,"robots_nosnippet":false,"robots_nofollow":false,"robots_noimageindex":false,"robots_noodp":false,"robots_notranslate":false,"robots_max_snippet":"-1","robots_max_videopreview":"-1","robots_max_imagepreview":"large","priority":null,"frequency":"default","local_seo":null,"breadcrumb_settings":null,"limit_modified_date":false,"ai":{"faqs":[],"keyPoints":[],"schemas":[],"titles":[],"descriptions":[],"socialPosts":{"email":{"subject":"","preview":"","content":""},"linkedin":[],"twitter":[],"facebook":[],"instagram":[]}},"created":"2026-09-04 18:30:34","updated":"2026-09-04 18:58:33","focus_keyword":null,"additional_keywords":null,"truseo_locale":null,"seo_analyzer_scan_date":null},"aioseo_breadcrumb":"<div class=\"aioseo-breadcrumbs\"><span class=\"aioseo-breadcrumb\">\n\t\t\t<a href=\"https:\/\/lasentinelle.dz\" title=\"Home\">Home<\/a>\n\t\t<\/span><span class=\"aioseo-breadcrumb-separator\">&raquo;<\/span><span class=\"aioseo-breadcrumb\">\n\t\t\t<a href=\"https:\/\/lasentinelle.dz\/index.php\/category\/monde\/\" title=\"Monde\">Monde<\/a>\n\t\t<\/span><span class=\"aioseo-breadcrumb-separator\">&raquo;<\/span><span class=\"aioseo-breadcrumb\">\n\t\t\tCrise migratoire de Ceuta : Un rapport de la police espagnole d\u00e9montre l\u2019implication des services marocains\n\t\t<\/span><\/div>","aioseo_breadcrumb_json":[{"label":"Home","link":"https:\/\/lasentinelle.dz"},{"label":"Monde","link":"https:\/\/lasentinelle.dz\/index.php\/category\/monde\/"},{"label":"Crise migratoire de Ceuta\u00a0: Un rapport de la police espagnole d\u00e9montre l&rsquo;implication des services marocains","link":"https:\/\/lasentinelle.dz\/index.php\/2026\/09\/02\/crise-migratoire-de-ceuta-un-rapport-de-la-police-espagnole-demontre-limplication-des-services-marocains\/"}],"yoast_head":"<!-- This site is optimized with the Yoast SEO plugin v28.4 - https:\/\/yoast.com\/product\/yoast-seo-wordpress\/ -->\n<title>Crise migratoire de Ceuta\u00a0: Un rapport de la police espagnole d\u00e9montre l&rsquo;implication des services marocains - La Sentinelle<\/title>\n<meta name=\"robots\" content=\"index, follow, max-snippet:-1, max-image-preview:large, max-video-preview:-1\" \/>\n<link rel=\"canonical\" href=\"https:\/\/lasentinelle.dz\/index.php\/2026\/09\/02\/crise-migratoire-de-ceuta-un-rapport-de-la-police-espagnole-demontre-limplication-des-services-marocains\/\" \/>\n<meta property=\"og:locale\" content=\"fr_FR\" \/>\n<meta property=\"og:type\" content=\"article\" \/>\n<meta property=\"og:title\" content=\"Crise migratoire de Ceuta\u00a0: Un rapport de la police espagnole d\u00e9montre l&rsquo;implication des services marocains - La Sentinelle\" \/>\n<meta property=\"og:description\" content=\"Un rapport du renseignement de la police nationale espagnole transmis \u00e0 la juge charg\u00e9e du dossier, indiqu\u00e9 que l&rsquo;entr\u00e9e massive\" \/>\n<meta property=\"og:url\" content=\"https:\/\/lasentinelle.dz\/index.php\/2026\/09\/02\/crise-migratoire-de-ceuta-un-rapport-de-la-police-espagnole-demontre-limplication-des-services-marocains\/\" \/>\n<meta property=\"og:site_name\" content=\"La Sentinelle\" \/>\n<meta property=\"article:publisher\" content=\"https:\/\/www.facebook.com\/La-Sentinelle-104059864394773\" \/>\n<meta property=\"article:published_time\" content=\"2026-09-02T18:29:47+00:00\" \/>\n<meta property=\"article:modified_time\" content=\"2026-09-04T18:30:34+00:00\" \/>\n<meta name=\"author\" content=\"admin\" \/>\n<meta name=\"twitter:card\" content=\"summary_large_image\" \/>\n<meta name=\"twitter:label1\" content=\"\u00c9crit par\" \/>\n\t<meta name=\"twitter:data1\" content=\"admin\" \/>\n\t<meta name=\"twitter:label2\" content=\"Dur\u00e9e de lecture estim\u00e9e\" \/>\n\t<meta name=\"twitter:data2\" content=\"4 minutes\" \/>\n<script type=\"application\/ld+json\" class=\"yoast-schema-graph\">{\"@context\":\"https:\\\/\\\/schema.org\",\"@graph\":[{\"@type\":\"Article\",\"@id\":\"https:\\\/\\\/lasentinelle.dz\\\/index.php\\\/2026\\\/09\\\/02\\\/crise-migratoire-de-ceuta-un-rapport-de-la-police-espagnole-demontre-limplication-des-services-marocains\\\/#article\",\"isPartOf\":{\"@id\":\"https:\\\/\\\/lasentinelle.dz\\\/index.php\\\/2026\\\/09\\\/02\\\/crise-migratoire-de-ceuta-un-rapport-de-la-police-espagnole-demontre-limplication-des-services-marocains\\\/\"},\"author\":{\"name\":\"admin\",\"@id\":\"https:\\\/\\\/lasentinelle.dz\\\/#\\\/schema\\\/person\\\/729ee0024f24e0b8c5ec17232f8e8b41\"},\"headline\":\"Crise migratoire de Ceuta\u00a0: Un rapport de la police espagnole d\u00e9montre l&rsquo;implication des services marocains\",\"datePublished\":\"2026-09-02T18:29:47+00:00\",\"dateModified\":\"2026-09-04T18:30:34+00:00\",\"mainEntityOfPage\":{\"@id\":\"https:\\\/\\\/lasentinelle.dz\\\/index.php\\\/2026\\\/09\\\/02\\\/crise-migratoire-de-ceuta-un-rapport-de-la-police-espagnole-demontre-limplication-des-services-marocains\\\/\"},\"wordCount\":745,\"commentCount\":0,\"publisher\":{\"@id\":\"https:\\\/\\\/lasentinelle.dz\\\/#organization\"},\"image\":{\"@id\":\"https:\\\/\\\/lasentinelle.dz\\\/index.php\\\/2026\\\/09\\\/02\\\/crise-migratoire-de-ceuta-un-rapport-de-la-police-espagnole-demontre-limplication-des-services-marocains\\\/#primaryimage\"},\"thumbnailUrl\":\"https:\\\/\\\/lasentinelle.dz\\\/wp-content\\\/uploads\\\/2026\\\/08\\\/Ceuta.avif\",\"articleSection\":[\"\u00c0 la Une\",\"Monde\"],\"inLanguage\":\"fr-FR\",\"potentialAction\":[{\"@type\":\"CommentAction\",\"name\":\"Comment\",\"target\":[\"https:\\\/\\\/lasentinelle.dz\\\/index.php\\\/2026\\\/09\\\/02\\\/crise-migratoire-de-ceuta-un-rapport-de-la-police-espagnole-demontre-limplication-des-services-marocains\\\/#respond\"]}]},{\"@type\":\"WebPage\",\"@id\":\"https:\\\/\\\/lasentinelle.dz\\\/index.php\\\/2026\\\/09\\\/02\\\/crise-migratoire-de-ceuta-un-rapport-de-la-police-espagnole-demontre-limplication-des-services-marocains\\\/\",\"url\":\"https:\\\/\\\/lasentinelle.dz\\\/index.php\\\/2026\\\/09\\\/02\\\/crise-migratoire-de-ceuta-un-rapport-de-la-police-espagnole-demontre-limplication-des-services-marocains\\\/\",\"name\":\"Crise migratoire de Ceuta\u00a0: Un rapport de la police espagnole d\u00e9montre l&rsquo;implication des services marocains - La Sentinelle\",\"isPartOf\":{\"@id\":\"https:\\\/\\\/lasentinelle.dz\\\/#website\"},\"primaryImageOfPage\":{\"@id\":\"https:\\\/\\\/lasentinelle.dz\\\/index.php\\\/2026\\\/09\\\/02\\\/crise-migratoire-de-ceuta-un-rapport-de-la-police-espagnole-demontre-limplication-des-services-marocains\\\/#primaryimage\"},\"image\":{\"@id\":\"https:\\\/\\\/lasentinelle.dz\\\/index.php\\\/2026\\\/09\\\/02\\\/crise-migratoire-de-ceuta-un-rapport-de-la-police-espagnole-demontre-limplication-des-services-marocains\\\/#primaryimage\"},\"thumbnailUrl\":\"https:\\\/\\\/lasentinelle.dz\\\/wp-content\\\/uploads\\\/2026\\\/08\\\/Ceuta.avif\",\"datePublished\":\"2026-09-02T18:29:47+00:00\",\"dateModified\":\"2026-09-04T18:30:34+00:00\",\"breadcrumb\":{\"@id\":\"https:\\\/\\\/lasentinelle.dz\\\/index.php\\\/2026\\\/09\\\/02\\\/crise-migratoire-de-ceuta-un-rapport-de-la-police-espagnole-demontre-limplication-des-services-marocains\\\/#breadcrumb\"},\"inLanguage\":\"fr-FR\",\"potentialAction\":[{\"@type\":\"ReadAction\",\"target\":[\"https:\\\/\\\/lasentinelle.dz\\\/index.php\\\/2026\\\/09\\\/02\\\/crise-migratoire-de-ceuta-un-rapport-de-la-police-espagnole-demontre-limplication-des-services-marocains\\\/\"]}]},{\"@type\":\"ImageObject\",\"inLanguage\":\"fr-FR\",\"@id\":\"https:\\\/\\\/lasentinelle.dz\\\/index.php\\\/2026\\\/09\\\/02\\\/crise-migratoire-de-ceuta-un-rapport-de-la-police-espagnole-demontre-limplication-des-services-marocains\\\/#primaryimage\",\"url\":\"https:\\\/\\\/lasentinelle.dz\\\/wp-content\\\/uploads\\\/2026\\\/08\\\/Ceuta.avif\",\"contentUrl\":\"https:\\\/\\\/lasentinelle.dz\\\/wp-content\\\/uploads\\\/2026\\\/08\\\/Ceuta.avif\",\"width\":765,\"height\":575},{\"@type\":\"BreadcrumbList\",\"@id\":\"https:\\\/\\\/lasentinelle.dz\\\/index.php\\\/2026\\\/09\\\/02\\\/crise-migratoire-de-ceuta-un-rapport-de-la-police-espagnole-demontre-limplication-des-services-marocains\\\/#breadcrumb\",\"itemListElement\":[{\"@type\":\"ListItem\",\"position\":1,\"name\":\"Accueil\",\"item\":\"https:\\\/\\\/lasentinelle.dz\\\/\"},{\"@type\":\"ListItem\",\"position\":2,\"name\":\"Crise migratoire de Ceuta\u00a0: Un rapport de la police espagnole d\u00e9montre l&rsquo;implication des services marocains\"}]},{\"@type\":\"WebSite\",\"@id\":\"https:\\\/\\\/lasentinelle.dz\\\/#website\",\"url\":\"https:\\\/\\\/lasentinelle.dz\\\/\",\"name\":\"La Sentinelle\",\"description\":\"Quotidien national d&#039;information\",\"publisher\":{\"@id\":\"https:\\\/\\\/lasentinelle.dz\\\/#organization\"},\"potentialAction\":[{\"@type\":\"SearchAction\",\"target\":{\"@type\":\"EntryPoint\",\"urlTemplate\":\"https:\\\/\\\/lasentinelle.dz\\\/?s={search_term_string}\"},\"query-input\":{\"@type\":\"PropertyValueSpecification\",\"valueRequired\":true,\"valueName\":\"search_term_string\"}}],\"inLanguage\":\"fr-FR\"},{\"@type\":\"Organization\",\"@id\":\"https:\\\/\\\/lasentinelle.dz\\\/#organization\",\"name\":\"Quotidien La Sentinelle\",\"url\":\"https:\\\/\\\/lasentinelle.dz\\\/\",\"logo\":{\"@type\":\"ImageObject\",\"inLanguage\":\"fr-FR\",\"@id\":\"https:\\\/\\\/lasentinelle.dz\\\/#\\\/schema\\\/logo\\\/image\\\/\",\"url\":\"https:\\\/\\\/lasentinelle.dz\\\/wp-content\\\/uploads\\\/2021\\\/09\\\/logo-sentinelleSLOGAN-1.png\",\"contentUrl\":\"https:\\\/\\\/lasentinelle.dz\\\/wp-content\\\/uploads\\\/2021\\\/09\\\/logo-sentinelleSLOGAN-1.png\",\"width\":615,\"height\":142,\"caption\":\"Quotidien La Sentinelle\"},\"image\":{\"@id\":\"https:\\\/\\\/lasentinelle.dz\\\/#\\\/schema\\\/logo\\\/image\\\/\"},\"sameAs\":[\"https:\\\/\\\/www.facebook.com\\\/La-Sentinelle-104059864394773\"]},{\"@type\":\"Person\",\"@id\":\"https:\\\/\\\/lasentinelle.dz\\\/#\\\/schema\\\/person\\\/729ee0024f24e0b8c5ec17232f8e8b41\",\"name\":\"admin\",\"image\":{\"@type\":\"ImageObject\",\"inLanguage\":\"fr-FR\",\"@id\":\"https:\\\/\\\/secure.gravatar.com\\\/avatar\\\/4c81fed838786e9b53f540bf46533e750f5d292099ae3b66cfc6fb1982e29df7?s=96&d=mm&r=g\",\"url\":\"https:\\\/\\\/secure.gravatar.com\\\/avatar\\\/4c81fed838786e9b53f540bf46533e750f5d292099ae3b66cfc6fb1982e29df7?s=96&d=mm&r=g\",\"contentUrl\":\"https:\\\/\\\/secure.gravatar.com\\\/avatar\\\/4c81fed838786e9b53f540bf46533e750f5d292099ae3b66cfc6fb1982e29df7?s=96&d=mm&r=g\",\"caption\":\"admin\"},\"description\":\"admin\",\"url\":\"https:\\\/\\\/lasentinelle.dz\\\/author\\\/admin\\\/\"}]}<\/script>\n<!-- \/ Yoast SEO plugin. -->","yoast_head_json":{"title":"Crise migratoire de Ceuta\u00a0: Un rapport de la police espagnole d\u00e9montre l&rsquo;implication des services marocains - La Sentinelle","robots":{"index":"index","follow":"follow","max-snippet":"max-snippet:-1","max-image-preview":"max-image-preview:large","max-video-preview":"max-video-preview:-1"},"canonical":"https:\/\/lasentinelle.dz\/index.php\/2026\/09\/02\/crise-migratoire-de-ceuta-un-rapport-de-la-police-espagnole-demontre-limplication-des-services-marocains\/","og_locale":"fr_FR","og_type":"article","og_title":"Crise migratoire de Ceuta\u00a0: Un rapport de la police espagnole d\u00e9montre l&rsquo;implication des services marocains - La Sentinelle","og_description":"Un rapport du renseignement de la police nationale espagnole transmis \u00e0 la juge charg\u00e9e du dossier, indiqu\u00e9 que l&rsquo;entr\u00e9e massive","og_url":"https:\/\/lasentinelle.dz\/index.php\/2026\/09\/02\/crise-migratoire-de-ceuta-un-rapport-de-la-police-espagnole-demontre-limplication-des-services-marocains\/","og_site_name":"La Sentinelle","article_publisher":"https:\/\/www.facebook.com\/La-Sentinelle-104059864394773","article_published_time":"2026-09-02T18:29:47+00:00","article_modified_time":"2026-09-04T18:30:34+00:00","author":"admin","twitter_card":"summary_large_image","twitter_misc":{"\u00c9crit par":"admin","Dur\u00e9e de lecture estim\u00e9e":"4 minutes"},"schema":{"@context":"https:\/\/schema.org","@graph":[{"@type":"Article","@id":"https:\/\/lasentinelle.dz\/index.php\/2026\/09\/02\/crise-migratoire-de-ceuta-un-rapport-de-la-police-espagnole-demontre-limplication-des-services-marocains\/#article","isPartOf":{"@id":"https:\/\/lasentinelle.dz\/index.php\/2026\/09\/02\/crise-migratoire-de-ceuta-un-rapport-de-la-police-espagnole-demontre-limplication-des-services-marocains\/"},"author":{"name":"admin","@id":"https:\/\/lasentinelle.dz\/#\/schema\/person\/729ee0024f24e0b8c5ec17232f8e8b41"},"headline":"Crise migratoire de Ceuta\u00a0: Un rapport de la police espagnole d\u00e9montre l&rsquo;implication des services marocains","datePublished":"2026-09-02T18:29:47+00:00","dateModified":"2026-09-04T18:30:34+00:00","mainEntityOfPage":{"@id":"https:\/\/lasentinelle.dz\/index.php\/2026\/09\/02\/crise-migratoire-de-ceuta-un-rapport-de-la-police-espagnole-demontre-limplication-des-services-marocains\/"},"wordCount":745,"commentCount":0,"publisher":{"@id":"https:\/\/lasentinelle.dz\/#organization"},"image":{"@id":"https:\/\/lasentinelle.dz\/index.php\/2026\/09\/02\/crise-migratoire-de-ceuta-un-rapport-de-la-police-espagnole-demontre-limplication-des-services-marocains\/#primaryimage"},"thumbnailUrl":"https:\/\/lasentinelle.dz\/wp-content\/uploads\/2026\/08\/Ceuta.avif","articleSection":["\u00c0 la Une","Monde"],"inLanguage":"fr-FR","potentialAction":[{"@type":"CommentAction","name":"Comment","target":["https:\/\/lasentinelle.dz\/index.php\/2026\/09\/02\/crise-migratoire-de-ceuta-un-rapport-de-la-police-espagnole-demontre-limplication-des-services-marocains\/#respond"]}]},{"@type":"WebPage","@id":"https:\/\/lasentinelle.dz\/index.php\/2026\/09\/02\/crise-migratoire-de-ceuta-un-rapport-de-la-police-espagnole-demontre-limplication-des-services-marocains\/","url":"https:\/\/lasentinelle.dz\/index.php\/2026\/09\/02\/crise-migratoire-de-ceuta-un-rapport-de-la-police-espagnole-demontre-limplication-des-services-marocains\/","name":"Crise migratoire de Ceuta\u00a0: Un rapport de la police espagnole d\u00e9montre l&rsquo;implication des services marocains - La Sentinelle","isPartOf":{"@id":"https:\/\/lasentinelle.dz\/#website"},"primaryImageOfPage":{"@id":"https:\/\/lasentinelle.dz\/index.php\/2026\/09\/02\/crise-migratoire-de-ceuta-un-rapport-de-la-police-espagnole-demontre-limplication-des-services-marocains\/#primaryimage"},"image":{"@id":"https:\/\/lasentinelle.dz\/index.php\/2026\/09\/02\/crise-migratoire-de-ceuta-un-rapport-de-la-police-espagnole-demontre-limplication-des-services-marocains\/#primaryimage"},"thumbnailUrl":"https:\/\/lasentinelle.dz\/wp-content\/uploads\/2026\/08\/Ceuta.avif","datePublished":"2026-09-02T18:29:47+00:00","dateModified":"2026-09-04T18:30:34+00:00","breadcrumb":{"@id":"https:\/\/lasentinelle.dz\/index.php\/2026\/09\/02\/crise-migratoire-de-ceuta-un-rapport-de-la-police-espagnole-demontre-limplication-des-services-marocains\/#breadcrumb"},"inLanguage":"fr-FR","potentialAction":[{"@type":"ReadAction","target":["https:\/\/lasentinelle.dz\/index.php\/2026\/09\/02\/crise-migratoire-de-ceuta-un-rapport-de-la-police-espagnole-demontre-limplication-des-services-marocains\/"]}]},{"@type":"ImageObject","inLanguage":"fr-FR","@id":"https:\/\/lasentinelle.dz\/index.php\/2026\/09\/02\/crise-migratoire-de-ceuta-un-rapport-de-la-police-espagnole-demontre-limplication-des-services-marocains\/#primaryimage","url":"https:\/\/lasentinelle.dz\/wp-content\/uploads\/2026\/08\/Ceuta.avif","contentUrl":"https:\/\/lasentinelle.dz\/wp-content\/uploads\/2026\/08\/Ceuta.avif","width":765,"height":575},{"@type":"BreadcrumbList","@id":"https:\/\/lasentinelle.dz\/index.php\/2026\/09\/02\/crise-migratoire-de-ceuta-un-rapport-de-la-police-espagnole-demontre-limplication-des-services-marocains\/#breadcrumb","itemListElement":[{"@type":"ListItem","position":1,"name":"Accueil","item":"https:\/\/lasentinelle.dz\/"},{"@type":"ListItem","position":2,"name":"Crise migratoire de Ceuta\u00a0: Un rapport de la police espagnole d\u00e9montre l&rsquo;implication des services marocains"}]},{"@type":"WebSite","@id":"https:\/\/lasentinelle.dz\/#website","url":"https:\/\/lasentinelle.dz\/","name":"La Sentinelle","description":"Quotidien national d&#039;information","publisher":{"@id":"https:\/\/lasentinelle.dz\/#organization"},"potentialAction":[{"@type":"SearchAction","target":{"@type":"EntryPoint","urlTemplate":"https:\/\/lasentinelle.dz\/?s={search_term_string}"},"query-input":{"@type":"PropertyValueSpecification","valueRequired":true,"valueName":"search_term_string"}}],"inLanguage":"fr-FR"},{"@type":"Organization","@id":"https:\/\/lasentinelle.dz\/#organization","name":"Quotidien La Sentinelle","url":"https:\/\/lasentinelle.dz\/","logo":{"@type":"ImageObject","inLanguage":"fr-FR","@id":"https:\/\/lasentinelle.dz\/#\/schema\/logo\/image\/","url":"https:\/\/lasentinelle.dz\/wp-content\/uploads\/2021\/09\/logo-sentinelleSLOGAN-1.png","contentUrl":"https:\/\/lasentinelle.dz\/wp-content\/uploads\/2021\/09\/logo-sentinelleSLOGAN-1.png","width":615,"height":142,"caption":"Quotidien La Sentinelle"},"image":{"@id":"https:\/\/lasentinelle.dz\/#\/schema\/logo\/image\/"},"sameAs":["https:\/\/www.facebook.com\/La-Sentinelle-104059864394773"]},{"@type":"Person","@id":"https:\/\/lasentinelle.dz\/#\/schema\/person\/729ee0024f24e0b8c5ec17232f8e8b41","name":"admin","image":{"@type":"ImageObject","inLanguage":"fr-FR","@id":"https:\/\/secure.gravatar.com\/avatar\/4c81fed838786e9b53f540bf46533e750f5d292099ae3b66cfc6fb1982e29df7?s=96&d=mm&r=g","url":"https:\/\/secure.gravatar.com\/avatar\/4c81fed838786e9b53f540bf46533e750f5d292099ae3b66cfc6fb1982e29df7?s=96&d=mm&r=g","contentUrl":"https:\/\/secure.gravatar.com\/avatar\/4c81fed838786e9b53f540bf46533e750f5d292099ae3b66cfc6fb1982e29df7?s=96&d=mm&r=g","caption":"admin"},"description":"admin","url":"https:\/\/lasentinelle.dz\/author\/admin\/"}]}},"_links":{"self":[{"href":"https:\/\/lasentinelle.dz\/index.php\/wp-json\/wp\/v2\/posts\/94894","targetHints":{"allow":["GET"]}}],"collection":[{"href":"https:\/\/lasentinelle.dz\/index.php\/wp-json\/wp\/v2\/posts"}],"about":[{"href":"https:\/\/lasentinelle.dz\/index.php\/wp-json\/wp\/v2\/types\/post"}],"author":[{"embeddable":true,"href":"https:\/\/lasentinelle.dz\/index.php\/wp-json\/wp\/v2\/users\/6"}],"replies":[{"embeddable":true,"href":"https:\/\/lasentinelle.dz\/index.php\/wp-json\/wp\/v2\/comments?post=94894"}],"version-history":[{"count":2,"href":"https:\/\/lasentinelle.dz\/index.php\/wp-json\/wp\/v2\/posts\/94894\/revisions"}],"predecessor-version":[{"id":94896,"href":"https:\/\/lasentinelle.dz\/index.php\/wp-json\/wp\/v2\/posts\/94894\/revisions\/94896"}],"wp:featuredmedia":[{"embeddable":true,"href":"https:\/\/lasentinelle.dz\/index.php\/wp-json\/wp\/v2\/media\/92660"}],"wp:attachment":[{"href":"https:\/\/lasentinelle.dz\/index.php\/wp-json\/wp\/v2\/media?parent=94894"}],"wp:term":[{"taxonomy":"category","embeddable":true,"href":"https:\/\/lasentinelle.dz\/index.php\/wp-json\/wp\/v2\/categories?post=94894"},{"taxonomy":"post_tag","embeddable":true,"href":"https:\/\/lasentinelle.dz\/index.php\/wp-json\/wp\/v2\/tags?post=94894"}],"curies":[{"name":"wp","href":"https:\/\/api.w.org\/{rel}","templated":true}]}}