{"id":94901,"date":"2026-09-02T19:32:44","date_gmt":"2026-09-02T18:32:44","guid":{"rendered":"https:\/\/lasentinelle.dz\/?p=94901"},"modified":"2026-09-04T19:37:50","modified_gmt":"2026-09-04T18:37:50","slug":"batna-la-mosquee-sidi-abdeslam-de-tkout-rejoint-la-liste-du-patrimoine-classe","status":"publish","type":"post","link":"https:\/\/lasentinelle.dz\/index.php\/2026\/09\/02\/batna-la-mosquee-sidi-abdeslam-de-tkout-rejoint-la-liste-du-patrimoine-classe\/","title":{"rendered":"Batna\u00a0: La mosqu\u00e9e Sidi Abdeslam de T&rsquo;kout rejoint la liste du patrimoine class\u00e9"},"content":{"rendered":"\n<p class=\"wp-block-paragraph\">La vieille mosqu\u00e9e Sidi Abdeslam, dans la da\u00efra de T&rsquo;kout, \u00e0 une centaine de kilom\u00e8tres au sud de Batna, vient officiellement d&rsquo;int\u00e9grer le patrimoine prot\u00e9g\u00e9 de la wilaya. L&rsquo;arr\u00eat\u00e9 qui la classe au titre de monument historique, sur la liste d&rsquo;inventaire suppl\u00e9mentaire, a \u00e9t\u00e9 remis mardi sur place, en pr\u00e9sence du secr\u00e9taire g\u00e9n\u00e9ral du Haut commissariat \u00e0 l&rsquo;amazighit\u00e9, Si El Hachemi Assad, en d\u00e9placement dans la r\u00e9gion. B\u00e2ti au seizi\u00e8me si\u00e8cle, l&rsquo;\u00e9difice compte parmi les plus anciens monuments religieux des Aur\u00e8s. Il tient son nom du saint patron de T&rsquo;kout, Sidi Abdeslam, une figure toujours vivace dans la m\u00e9moire collective locale et associ\u00e9e depuis des g\u00e9n\u00e9rations au fameux souk annuel de l&rsquo;A\u00efd El Kharif, l&rsquo;un des rendez-vous culturels les plus suivis de la r\u00e9gion. La mosqu\u00e9e se distingue par une architecture traditionnelle typique du b\u00e2ti aurasien, en pierre et en toub, et abrite \u00e9galement une \u00e9cole coranique toujours en activit\u00e9, qui continue de former de jeunes \u00e9l\u00e8ves selon les m\u00e9thodes anciennes.<\/p>\n\n\n\n<p class=\"wp-block-paragraph\">Le classement officialise une reconnaissance patrimoniale que les habitants de T&rsquo;kout r\u00e9clamaient de longue date, tant l&rsquo;\u00e9difice fait figure de rep\u00e8re identitaire pour toute la da\u00efra. Il permet surtout \u00e0 la mosqu\u00e9e de b\u00e9n\u00e9ficier d\u00e9sormais d&rsquo;une protection juridique cens\u00e9e encadrer toute intervention future sur le b\u00e2ti, qu&rsquo;il s&rsquo;agisse de travaux de restauration ou de simples am\u00e9nagements, et d&rsquo;ouvrir la voie \u00e0 un financement public d\u00e9di\u00e9 \u00e0 sa pr\u00e9servation.<\/p>\n\n\n\n<p class=\"wp-block-paragraph\">La remise de l&rsquo;arr\u00eat\u00e9 s&rsquo;est d\u00e9roul\u00e9e dans le cadre d&rsquo;une visite de travail plus large effectu\u00e9e par le responsable du HCA \u00e0 T&rsquo;kout, en compagnie du wali de Batna, Benahmed Riadh, d&rsquo;autorit\u00e9s civiles et militaires ainsi que de plusieurs parlementaires. La d\u00e9l\u00e9gation s&rsquo;\u00e9tait d&rsquo;abord arr\u00eat\u00e9e \u00e0 la mosqu\u00e9e Abibakr Essedik, o\u00f9 la Fatiha a \u00e9t\u00e9 r\u00e9cit\u00e9e \u00e0 la m\u00e9moire des victimes des r\u00e9cents incendies de for\u00eat ayant touch\u00e9 plusieurs wilayas de l&rsquo;est et du centre du pays, avant de rejoindre la mosqu\u00e9e Sidi Abdeslam pour la c\u00e9r\u00e9monie de classement.<\/p>\n\n\n\n<p class=\"wp-block-paragraph\">Au del\u00e0 du symbole, cette inscription rejoint une dynamique plus large de recensement du patrimoine religieux et architectural des Aur\u00e8s, o\u00f9 plusieurs autres \u00e9difices anciens attendent encore une reconnaissance similaire. Pour les autorit\u00e9s locales, ce classement doit d\u00e9sormais servir de point d&rsquo;appui pour valoriser T&rsquo;kout comme \u00e9tape \u00e0 part enti\u00e8re sur la carte du patrimoine culturel de la wilaya de Batna, aux c\u00f4t\u00e9s des grands sites d\u00e9j\u00e0 connus de la r\u00e9gion.<\/p>\n\n\n\n<p class=\"wp-block-paragraph\">Longtemps rest\u00e9e en marge des grands circuits touristiques, la da\u00efra de T&rsquo;kout mise aujourd&rsquo;hui sur ce genre de reconnaissance officielle pour sortir de son relatif isolement g\u00e9ographique. La zone, consid\u00e9r\u00e9e par certains chercheurs comme une ancienne capitale des Aur\u00e8s du sud, conserve encore un b\u00e2ti traditionnel largement pr\u00e9serv\u00e9, que le classement de la mosqu\u00e9e Sidi Abdeslam pourrait aider \u00e0 documenter et \u00e0 prot\u00e9ger plus largement dans les ann\u00e9es \u00e0 venir.<\/p>\n\n\n\n<p class=\"wp-block-paragraph\">Mohand S.<\/p>\n","protected":false},"excerpt":{"rendered":"<p>La vieille mosqu\u00e9e Sidi Abdeslam, dans la da\u00efra de T&rsquo;kout, \u00e0 une centaine de kilom\u00e8tres au sud de Batna, vient<\/p>\n","protected":false},"author":6,"featured_media":94902,"comment_status":"open","ping_status":"closed","sticky":false,"template":"","format":"standard","meta":{"colormag_page_container_layout":"default_layout","colormag_page_sidebar_layout":"default_layout","om_disable_all_campaigns":false,"_monsterinsights_skip_tracking":false,"footnotes":"","_wpscppro_dont_share_socialmedia":false,"_wpscppro_custom_social_share_image":0,"_facebook_share_type":"default","_twitter_share_type":"default","_linkedin_share_type":"default","_pinterest_share_type":"default","_linkedin_share_type_page":"","_instagram_share_type":"default","_medium_share_type":"default","_threads_share_type":"default","_google_business_share_type":"default","_bluesky_share_type":"default","_mastodon_share_type":"default","_selected_social_profile":[],"_wpsp_enable_custom_social_template":false,"_wpsp_social_scheduling":{"enabled":false,"datetime":null,"platforms":[],"status":"template_only","dateOption":"today","timeOption":"now","customDays":"","customHours":"","customDate":"","customTime":"","schedulingType":"absolute"},"_wpsp_active_default_template":true},"categories":[36],"tags":[],"class_list":["post-94901","post","type-post","status-publish","format-standard","has-post-thumbnail","hentry","category-culture"],"aioseo_notices":[],"aioseo_head":"\n\t\t<!-- All in One SEO 5.0.0.1 - aioseo.com -->\n\t<meta name=\"description\" content=\"La vieille mosqu\u00e9e Sidi Abdeslam, dans la da\u00efra de T&#039;kout, \u00e0 une centaine de kilom\u00e8tres au sud de Batna, vient officiellement d&#039;int\u00e9grer le patrimoine prot\u00e9g\u00e9 de la wilaya. L&#039;arr\u00eat\u00e9 qui la classe au titre de monument historique, sur la liste d&#039;inventaire suppl\u00e9mentaire, a \u00e9t\u00e9 remis mardi sur place, en pr\u00e9sence du secr\u00e9taire g\u00e9n\u00e9ral du Haut\" \/>\n\t<meta name=\"robots\" content=\"max-image-preview:large\" \/>\n\t<meta name=\"author\" content=\"admin\"\/>\n\t<link rel=\"canonical\" href=\"https:\/\/lasentinelle.dz\/index.php\/2026\/09\/02\/batna-la-mosquee-sidi-abdeslam-de-tkout-rejoint-la-liste-du-patrimoine-classe\/\" \/>\n\t<meta name=\"generator\" content=\"All in One SEO (AIOSEO) 5.0.0.1\" \/>\n\t\t<meta property=\"og:locale\" content=\"fr_FR\" \/>\n\t\t<meta property=\"og:site_name\" content=\"La Sentinelle - Quotidien national d&#039;information\" \/>\n\t\t<meta property=\"og:type\" content=\"article\" \/>\n\t\t<meta property=\"og:title\" content=\"Batna : La mosqu\u00e9e Sidi Abdeslam de T\u2019kout rejoint la liste du patrimoine class\u00e9 - La Sentinelle\" \/>\n\t\t<meta property=\"og:description\" content=\"La vieille mosqu\u00e9e Sidi Abdeslam, dans la da\u00efra de T&#039;kout, \u00e0 une centaine de kilom\u00e8tres au sud de Batna, vient officiellement d&#039;int\u00e9grer le patrimoine prot\u00e9g\u00e9 de la wilaya. L&#039;arr\u00eat\u00e9 qui la classe au titre de monument historique, sur la liste d&#039;inventaire suppl\u00e9mentaire, a \u00e9t\u00e9 remis mardi sur place, en pr\u00e9sence du secr\u00e9taire g\u00e9n\u00e9ral du Haut\" \/>\n\t\t<meta property=\"og:url\" content=\"https:\/\/lasentinelle.dz\/index.php\/2026\/09\/02\/batna-la-mosquee-sidi-abdeslam-de-tkout-rejoint-la-liste-du-patrimoine-classe\/\" \/>\n\t\t<meta property=\"og:image\" content=\"https:\/\/lasentinelle.dz\/wp-content\/uploads\/2021\/09\/cropped-la-sentinelle-earth-golden-anima-5.gif\" \/>\n\t\t<meta property=\"og:image:secure_url\" content=\"https:\/\/lasentinelle.dz\/wp-content\/uploads\/2021\/09\/cropped-la-sentinelle-earth-golden-anima-5.gif\" \/>\n\t\t<meta property=\"og:image:width\" content=\"450\" \/>\n\t\t<meta property=\"og:image:height\" content=\"213\" \/>\n\t\t<meta property=\"article:published_time\" content=\"2026-09-02T18:32:44+00:00\" \/>\n\t\t<meta property=\"article:modified_time\" content=\"2026-09-04T18:37:50+00:00\" \/>\n\t\t<meta property=\"article:publisher\" content=\"https:\/\/www.facebook.com\/azzedine.lasentinelle.1\" \/>\n\t\t<meta name=\"twitter:card\" content=\"summary_large_image\" \/>\n\t\t<meta name=\"twitter:title\" content=\"Batna : La mosqu\u00e9e Sidi Abdeslam de T\u2019kout rejoint la liste du patrimoine class\u00e9 - La Sentinelle\" \/>\n\t\t<meta name=\"twitter:description\" content=\"La vieille mosqu\u00e9e Sidi Abdeslam, dans la da\u00efra de T&#039;kout, \u00e0 une centaine de kilom\u00e8tres au sud de Batna, vient officiellement d&#039;int\u00e9grer le patrimoine prot\u00e9g\u00e9 de la wilaya. L&#039;arr\u00eat\u00e9 qui la classe au titre de monument historique, sur la liste d&#039;inventaire suppl\u00e9mentaire, a \u00e9t\u00e9 remis mardi sur place, en pr\u00e9sence du secr\u00e9taire g\u00e9n\u00e9ral du Haut\" \/>\n\t\t<meta name=\"twitter:image\" content=\"https:\/\/lasentinelle.dz\/wp-content\/uploads\/2021\/09\/cropped-la-sentinelle-earth-golden-anima-5.gif\" \/>\n\t\t<script type=\"application\/ld+json\" class=\"aioseo-schema\">\n\t\t\t{\"@context\":\"https:\\\/\\\/schema.org\",\"@graph\":[{\"@type\":\"BlogPosting\",\"@id\":\"https:\\\/\\\/lasentinelle.dz\\\/index.php\\\/2026\\\/09\\\/02\\\/batna-la-mosquee-sidi-abdeslam-de-tkout-rejoint-la-liste-du-patrimoine-classe\\\/#blogposting\",\"name\":\"Batna : La mosqu\\u00e9e Sidi Abdeslam de T\\u2019kout rejoint la liste du patrimoine class\\u00e9 - La Sentinelle\",\"headline\":\"Batna\\u00a0: La mosqu\\u00e9e Sidi Abdeslam de T&rsquo;kout rejoint la liste du patrimoine class\\u00e9\",\"author\":{\"@id\":\"https:\\\/\\\/lasentinelle.dz\\\/author\\\/admin\\\/#author\"},\"publisher\":{\"@id\":\"https:\\\/\\\/lasentinelle.dz\\\/#organization\"},\"image\":{\"@type\":\"ImageObject\",\"url\":\"https:\\\/\\\/lasentinelle.dz\\\/wp-content\\\/uploads\\\/2026\\\/09\\\/793212638_3103221933216978_1499050937054781055_n.jpeg\",\"width\":708,\"height\":414},\"datePublished\":\"2026-09-02T19:32:44+01:00\",\"dateModified\":\"2026-09-04T19:37:50+01:00\",\"inLanguage\":\"fr-FR\",\"mainEntityOfPage\":{\"@id\":\"https:\\\/\\\/lasentinelle.dz\\\/index.php\\\/2026\\\/09\\\/02\\\/batna-la-mosquee-sidi-abdeslam-de-tkout-rejoint-la-liste-du-patrimoine-classe\\\/#webpage\"},\"isPartOf\":{\"@id\":\"https:\\\/\\\/lasentinelle.dz\\\/index.php\\\/2026\\\/09\\\/02\\\/batna-la-mosquee-sidi-abdeslam-de-tkout-rejoint-la-liste-du-patrimoine-classe\\\/#webpage\"},\"articleSection\":\"Culture\"},{\"@type\":\"BreadcrumbList\",\"@id\":\"https:\\\/\\\/lasentinelle.dz\\\/index.php\\\/2026\\\/09\\\/02\\\/batna-la-mosquee-sidi-abdeslam-de-tkout-rejoint-la-liste-du-patrimoine-classe\\\/#breadcrumblist\",\"itemListElement\":[{\"@type\":\"ListItem\",\"@id\":\"https:\\\/\\\/lasentinelle.dz#listItem\",\"position\":1,\"name\":\"Home\",\"item\":\"https:\\\/\\\/lasentinelle.dz\",\"nextItem\":{\"@type\":\"ListItem\",\"@id\":\"https:\\\/\\\/lasentinelle.dz\\\/index.php\\\/category\\\/culture\\\/#listItem\",\"name\":\"Culture\"}},{\"@type\":\"ListItem\",\"@id\":\"https:\\\/\\\/lasentinelle.dz\\\/index.php\\\/category\\\/culture\\\/#listItem\",\"position\":2,\"name\":\"Culture\",\"item\":\"https:\\\/\\\/lasentinelle.dz\\\/index.php\\\/category\\\/culture\\\/\",\"nextItem\":{\"@type\":\"ListItem\",\"@id\":\"https:\\\/\\\/lasentinelle.dz\\\/index.php\\\/2026\\\/09\\\/02\\\/batna-la-mosquee-sidi-abdeslam-de-tkout-rejoint-la-liste-du-patrimoine-classe\\\/#listItem\",\"name\":\"Batna\\u00a0: La mosqu\\u00e9e Sidi Abdeslam de T&rsquo;kout rejoint la liste du patrimoine class\\u00e9\"},\"previousItem\":{\"@type\":\"ListItem\",\"@id\":\"https:\\\/\\\/lasentinelle.dz#listItem\",\"name\":\"Home\"}},{\"@type\":\"ListItem\",\"@id\":\"https:\\\/\\\/lasentinelle.dz\\\/index.php\\\/2026\\\/09\\\/02\\\/batna-la-mosquee-sidi-abdeslam-de-tkout-rejoint-la-liste-du-patrimoine-classe\\\/#listItem\",\"position\":3,\"name\":\"Batna\\u00a0: La mosqu\\u00e9e Sidi Abdeslam de T&rsquo;kout rejoint la liste du patrimoine class\\u00e9\",\"previousItem\":{\"@type\":\"ListItem\",\"@id\":\"https:\\\/\\\/lasentinelle.dz\\\/index.php\\\/category\\\/culture\\\/#listItem\",\"name\":\"Culture\"}}]},{\"@type\":\"Organization\",\"@id\":\"https:\\\/\\\/lasentinelle.dz\\\/#organization\",\"name\":\"La Sentinelle La Sentinelle\",\"description\":\"Quotidien national d'information\",\"url\":\"https:\\\/\\\/lasentinelle.dz\\\/\",\"logo\":{\"@type\":\"ImageObject\",\"url\":\"https:\\\/\\\/lasentinelle.dz\\\/wp-content\\\/uploads\\\/2021\\\/09\\\/cropped-la-sentinelle-earth-golden-anima-5.gif\",\"@id\":\"https:\\\/\\\/lasentinelle.dz\\\/index.php\\\/2026\\\/09\\\/02\\\/batna-la-mosquee-sidi-abdeslam-de-tkout-rejoint-la-liste-du-patrimoine-classe\\\/#organizationLogo\",\"width\":450,\"height\":213},\"image\":{\"@id\":\"https:\\\/\\\/lasentinelle.dz\\\/index.php\\\/2026\\\/09\\\/02\\\/batna-la-mosquee-sidi-abdeslam-de-tkout-rejoint-la-liste-du-patrimoine-classe\\\/#organizationLogo\"},\"sameAs\":[\"https:\\\/\\\/www.facebook.com\\\/azzedine.lasentinelle.1\"]},{\"@type\":\"Person\",\"@id\":\"https:\\\/\\\/lasentinelle.dz\\\/author\\\/admin\\\/#author\",\"url\":\"https:\\\/\\\/lasentinelle.dz\\\/author\\\/admin\\\/\",\"name\":\"admin\",\"image\":{\"@type\":\"ImageObject\",\"@id\":\"https:\\\/\\\/lasentinelle.dz\\\/index.php\\\/2026\\\/09\\\/02\\\/batna-la-mosquee-sidi-abdeslam-de-tkout-rejoint-la-liste-du-patrimoine-classe\\\/#authorImage\",\"url\":\"https:\\\/\\\/secure.gravatar.com\\\/avatar\\\/4c81fed838786e9b53f540bf46533e750f5d292099ae3b66cfc6fb1982e29df7?s=96&d=mm&r=g\",\"width\":96,\"height\":96,\"caption\":\"admin\"}},{\"@type\":\"WebPage\",\"@id\":\"https:\\\/\\\/lasentinelle.dz\\\/index.php\\\/2026\\\/09\\\/02\\\/batna-la-mosquee-sidi-abdeslam-de-tkout-rejoint-la-liste-du-patrimoine-classe\\\/#webpage\",\"url\":\"https:\\\/\\\/lasentinelle.dz\\\/index.php\\\/2026\\\/09\\\/02\\\/batna-la-mosquee-sidi-abdeslam-de-tkout-rejoint-la-liste-du-patrimoine-classe\\\/\",\"name\":\"Batna : La mosqu\\u00e9e Sidi Abdeslam de T\\u2019kout rejoint la liste du patrimoine class\\u00e9 - La Sentinelle\",\"description\":\"La vieille mosqu\\u00e9e Sidi Abdeslam, dans la da\\u00efra de T'kout, \\u00e0 une centaine de kilom\\u00e8tres au sud de Batna, vient officiellement d'int\\u00e9grer le patrimoine prot\\u00e9g\\u00e9 de la wilaya. L'arr\\u00eat\\u00e9 qui la classe au titre de monument historique, sur la liste d'inventaire suppl\\u00e9mentaire, a \\u00e9t\\u00e9 remis mardi sur place, en pr\\u00e9sence du secr\\u00e9taire g\\u00e9n\\u00e9ral du Haut\",\"inLanguage\":\"fr-FR\",\"isPartOf\":{\"@id\":\"https:\\\/\\\/lasentinelle.dz\\\/#website\"},\"breadcrumb\":{\"@id\":\"https:\\\/\\\/lasentinelle.dz\\\/index.php\\\/2026\\\/09\\\/02\\\/batna-la-mosquee-sidi-abdeslam-de-tkout-rejoint-la-liste-du-patrimoine-classe\\\/#breadcrumblist\"},\"author\":{\"@id\":\"https:\\\/\\\/lasentinelle.dz\\\/author\\\/admin\\\/#author\"},\"creator\":{\"@id\":\"https:\\\/\\\/lasentinelle.dz\\\/author\\\/admin\\\/#author\"},\"image\":{\"@type\":\"ImageObject\",\"url\":\"https:\\\/\\\/lasentinelle.dz\\\/wp-content\\\/uploads\\\/2026\\\/09\\\/793212638_3103221933216978_1499050937054781055_n.jpeg\",\"@id\":\"https:\\\/\\\/lasentinelle.dz\\\/index.php\\\/2026\\\/09\\\/02\\\/batna-la-mosquee-sidi-abdeslam-de-tkout-rejoint-la-liste-du-patrimoine-classe\\\/#mainImage\",\"width\":708,\"height\":414},\"primaryImageOfPage\":{\"@id\":\"https:\\\/\\\/lasentinelle.dz\\\/index.php\\\/2026\\\/09\\\/02\\\/batna-la-mosquee-sidi-abdeslam-de-tkout-rejoint-la-liste-du-patrimoine-classe\\\/#mainImage\"},\"datePublished\":\"2026-09-02T19:32:44+01:00\",\"dateModified\":\"2026-09-04T19:37:50+01:00\"},{\"@type\":\"WebSite\",\"@id\":\"https:\\\/\\\/lasentinelle.dz\\\/#website\",\"url\":\"https:\\\/\\\/lasentinelle.dz\\\/\",\"name\":\"La Sentinelle\",\"description\":\"Quotidien national d'information\",\"inLanguage\":\"fr-FR\",\"publisher\":{\"@id\":\"https:\\\/\\\/lasentinelle.dz\\\/#organization\"}}]}\n\t\t<\/script>\n\t\t<!-- All in One SEO -->\n\n","aioseo_head_json":{"title":"Batna : La mosqu\u00e9e Sidi Abdeslam de T\u2019kout rejoint la liste du patrimoine class\u00e9 - La Sentinelle","description":"La vieille mosqu\u00e9e Sidi Abdeslam, dans la da\u00efra de T'kout, \u00e0 une centaine de kilom\u00e8tres au sud de Batna, vient officiellement d'int\u00e9grer le patrimoine prot\u00e9g\u00e9 de la wilaya. L'arr\u00eat\u00e9 qui la classe au titre de monument historique, sur la liste d'inventaire suppl\u00e9mentaire, a \u00e9t\u00e9 remis mardi sur place, en pr\u00e9sence du secr\u00e9taire g\u00e9n\u00e9ral du Haut","canonical_url":"https:\/\/lasentinelle.dz\/index.php\/2026\/09\/02\/batna-la-mosquee-sidi-abdeslam-de-tkout-rejoint-la-liste-du-patrimoine-classe\/","robots":"max-image-preview:large","keywords":"","webmasterTools":{"miscellaneous":""},"schema":{"@context":"https:\/\/schema.org","@graph":[{"@type":"BlogPosting","@id":"https:\/\/lasentinelle.dz\/index.php\/2026\/09\/02\/batna-la-mosquee-sidi-abdeslam-de-tkout-rejoint-la-liste-du-patrimoine-classe\/#blogposting","name":"Batna : La mosqu\u00e9e Sidi Abdeslam de T\u2019kout rejoint la liste du patrimoine class\u00e9 - La Sentinelle","headline":"Batna\u00a0: La mosqu\u00e9e Sidi Abdeslam de T&rsquo;kout rejoint la liste du patrimoine class\u00e9","author":{"@id":"https:\/\/lasentinelle.dz\/author\/admin\/#author"},"publisher":{"@id":"https:\/\/lasentinelle.dz\/#organization"},"image":{"@type":"ImageObject","url":"https:\/\/lasentinelle.dz\/wp-content\/uploads\/2026\/09\/793212638_3103221933216978_1499050937054781055_n.jpeg","width":708,"height":414},"datePublished":"2026-09-02T19:32:44+01:00","dateModified":"2026-09-04T19:37:50+01:00","inLanguage":"fr-FR","mainEntityOfPage":{"@id":"https:\/\/lasentinelle.dz\/index.php\/2026\/09\/02\/batna-la-mosquee-sidi-abdeslam-de-tkout-rejoint-la-liste-du-patrimoine-classe\/#webpage"},"isPartOf":{"@id":"https:\/\/lasentinelle.dz\/index.php\/2026\/09\/02\/batna-la-mosquee-sidi-abdeslam-de-tkout-rejoint-la-liste-du-patrimoine-classe\/#webpage"},"articleSection":"Culture"},{"@type":"BreadcrumbList","@id":"https:\/\/lasentinelle.dz\/index.php\/2026\/09\/02\/batna-la-mosquee-sidi-abdeslam-de-tkout-rejoint-la-liste-du-patrimoine-classe\/#breadcrumblist","itemListElement":[{"@type":"ListItem","@id":"https:\/\/lasentinelle.dz#listItem","position":1,"name":"Home","item":"https:\/\/lasentinelle.dz","nextItem":{"@type":"ListItem","@id":"https:\/\/lasentinelle.dz\/index.php\/category\/culture\/#listItem","name":"Culture"}},{"@type":"ListItem","@id":"https:\/\/lasentinelle.dz\/index.php\/category\/culture\/#listItem","position":2,"name":"Culture","item":"https:\/\/lasentinelle.dz\/index.php\/category\/culture\/","nextItem":{"@type":"ListItem","@id":"https:\/\/lasentinelle.dz\/index.php\/2026\/09\/02\/batna-la-mosquee-sidi-abdeslam-de-tkout-rejoint-la-liste-du-patrimoine-classe\/#listItem","name":"Batna\u00a0: La mosqu\u00e9e Sidi Abdeslam de T&rsquo;kout rejoint la liste du patrimoine class\u00e9"},"previousItem":{"@type":"ListItem","@id":"https:\/\/lasentinelle.dz#listItem","name":"Home"}},{"@type":"ListItem","@id":"https:\/\/lasentinelle.dz\/index.php\/2026\/09\/02\/batna-la-mosquee-sidi-abdeslam-de-tkout-rejoint-la-liste-du-patrimoine-classe\/#listItem","position":3,"name":"Batna\u00a0: La mosqu\u00e9e Sidi Abdeslam de T&rsquo;kout rejoint la liste du patrimoine class\u00e9","previousItem":{"@type":"ListItem","@id":"https:\/\/lasentinelle.dz\/index.php\/category\/culture\/#listItem","name":"Culture"}}]},{"@type":"Organization","@id":"https:\/\/lasentinelle.dz\/#organization","name":"La Sentinelle La Sentinelle","description":"Quotidien national d'information","url":"https:\/\/lasentinelle.dz\/","logo":{"@type":"ImageObject","url":"https:\/\/lasentinelle.dz\/wp-content\/uploads\/2021\/09\/cropped-la-sentinelle-earth-golden-anima-5.gif","@id":"https:\/\/lasentinelle.dz\/index.php\/2026\/09\/02\/batna-la-mosquee-sidi-abdeslam-de-tkout-rejoint-la-liste-du-patrimoine-classe\/#organizationLogo","width":450,"height":213},"image":{"@id":"https:\/\/lasentinelle.dz\/index.php\/2026\/09\/02\/batna-la-mosquee-sidi-abdeslam-de-tkout-rejoint-la-liste-du-patrimoine-classe\/#organizationLogo"},"sameAs":["https:\/\/www.facebook.com\/azzedine.lasentinelle.1"]},{"@type":"Person","@id":"https:\/\/lasentinelle.dz\/author\/admin\/#author","url":"https:\/\/lasentinelle.dz\/author\/admin\/","name":"admin","image":{"@type":"ImageObject","@id":"https:\/\/lasentinelle.dz\/index.php\/2026\/09\/02\/batna-la-mosquee-sidi-abdeslam-de-tkout-rejoint-la-liste-du-patrimoine-classe\/#authorImage","url":"https:\/\/secure.gravatar.com\/avatar\/4c81fed838786e9b53f540bf46533e750f5d292099ae3b66cfc6fb1982e29df7?s=96&d=mm&r=g","width":96,"height":96,"caption":"admin"}},{"@type":"WebPage","@id":"https:\/\/lasentinelle.dz\/index.php\/2026\/09\/02\/batna-la-mosquee-sidi-abdeslam-de-tkout-rejoint-la-liste-du-patrimoine-classe\/#webpage","url":"https:\/\/lasentinelle.dz\/index.php\/2026\/09\/02\/batna-la-mosquee-sidi-abdeslam-de-tkout-rejoint-la-liste-du-patrimoine-classe\/","name":"Batna : La mosqu\u00e9e Sidi Abdeslam de T\u2019kout rejoint la liste du patrimoine class\u00e9 - La Sentinelle","description":"La vieille mosqu\u00e9e Sidi Abdeslam, dans la da\u00efra de T'kout, \u00e0 une centaine de kilom\u00e8tres au sud de Batna, vient officiellement d'int\u00e9grer le patrimoine prot\u00e9g\u00e9 de la wilaya. L'arr\u00eat\u00e9 qui la classe au titre de monument historique, sur la liste d'inventaire suppl\u00e9mentaire, a \u00e9t\u00e9 remis mardi sur place, en pr\u00e9sence du secr\u00e9taire g\u00e9n\u00e9ral du Haut","inLanguage":"fr-FR","isPartOf":{"@id":"https:\/\/lasentinelle.dz\/#website"},"breadcrumb":{"@id":"https:\/\/lasentinelle.dz\/index.php\/2026\/09\/02\/batna-la-mosquee-sidi-abdeslam-de-tkout-rejoint-la-liste-du-patrimoine-classe\/#breadcrumblist"},"author":{"@id":"https:\/\/lasentinelle.dz\/author\/admin\/#author"},"creator":{"@id":"https:\/\/lasentinelle.dz\/author\/admin\/#author"},"image":{"@type":"ImageObject","url":"https:\/\/lasentinelle.dz\/wp-content\/uploads\/2026\/09\/793212638_3103221933216978_1499050937054781055_n.jpeg","@id":"https:\/\/lasentinelle.dz\/index.php\/2026\/09\/02\/batna-la-mosquee-sidi-abdeslam-de-tkout-rejoint-la-liste-du-patrimoine-classe\/#mainImage","width":708,"height":414},"primaryImageOfPage":{"@id":"https:\/\/lasentinelle.dz\/index.php\/2026\/09\/02\/batna-la-mosquee-sidi-abdeslam-de-tkout-rejoint-la-liste-du-patrimoine-classe\/#mainImage"},"datePublished":"2026-09-02T19:32:44+01:00","dateModified":"2026-09-04T19:37:50+01:00"},{"@type":"WebSite","@id":"https:\/\/lasentinelle.dz\/#website","url":"https:\/\/lasentinelle.dz\/","name":"La Sentinelle","description":"Quotidien national d'information","inLanguage":"fr-FR","publisher":{"@id":"https:\/\/lasentinelle.dz\/#organization"}}]},"og:locale":"fr_FR","og:site_name":"La Sentinelle - Quotidien national d'information","og:type":"article","og:title":"Batna : La mosqu\u00e9e Sidi Abdeslam de T\u2019kout rejoint la liste du patrimoine class\u00e9 - La Sentinelle","og:description":"La vieille mosqu\u00e9e Sidi Abdeslam, dans la da\u00efra de T'kout, \u00e0 une centaine de kilom\u00e8tres au sud de Batna, vient officiellement d'int\u00e9grer le patrimoine prot\u00e9g\u00e9 de la wilaya. L'arr\u00eat\u00e9 qui la classe au titre de monument historique, sur la liste d'inventaire suppl\u00e9mentaire, a \u00e9t\u00e9 remis mardi sur place, en pr\u00e9sence du secr\u00e9taire g\u00e9n\u00e9ral du Haut","og:url":"https:\/\/lasentinelle.dz\/index.php\/2026\/09\/02\/batna-la-mosquee-sidi-abdeslam-de-tkout-rejoint-la-liste-du-patrimoine-classe\/","og:image":"https:\/\/lasentinelle.dz\/wp-content\/uploads\/2021\/09\/cropped-la-sentinelle-earth-golden-anima-5.gif","og:image:secure_url":"https:\/\/lasentinelle.dz\/wp-content\/uploads\/2021\/09\/cropped-la-sentinelle-earth-golden-anima-5.gif","og:image:width":450,"og:image:height":213,"article:published_time":"2026-09-02T18:32:44+00:00","article:modified_time":"2026-09-04T18:37:50+00:00","article:publisher":"https:\/\/www.facebook.com\/azzedine.lasentinelle.1","twitter:card":"summary_large_image","twitter:title":"Batna : La mosqu\u00e9e Sidi Abdeslam de T\u2019kout rejoint la liste du patrimoine class\u00e9 - La Sentinelle","twitter:description":"La vieille mosqu\u00e9e Sidi Abdeslam, dans la da\u00efra de T'kout, \u00e0 une centaine de kilom\u00e8tres au sud de Batna, vient officiellement d'int\u00e9grer le patrimoine prot\u00e9g\u00e9 de la wilaya. L'arr\u00eat\u00e9 qui la classe au titre de monument historique, sur la liste d'inventaire suppl\u00e9mentaire, a \u00e9t\u00e9 remis mardi sur place, en pr\u00e9sence du secr\u00e9taire g\u00e9n\u00e9ral du Haut","twitter:image":"https:\/\/lasentinelle.dz\/wp-content\/uploads\/2021\/09\/cropped-la-sentinelle-earth-golden-anima-5.gif"},"aioseo_meta_data":{"post_id":"94901","title":null,"description":null,"keywords":null,"keyphrases":{"focus":{"keyphrase":"","score":0,"analysis":{"keyphraseInTitle":{"score":0,"maxScore":9,"error":1}}},"additional":[]},"primary_term":null,"canonical_url":null,"og_title":null,"og_description":null,"og_object_type":"default","og_image_type":"default","og_image_url":null,"og_image_width":null,"og_image_height":null,"og_image_custom_url":null,"og_image_custom_fields":null,"og_video":"","og_custom_url":null,"og_article_section":null,"og_article_tags":null,"twitter_use_og":false,"twitter_card":"default","twitter_image_type":"default","twitter_image_url":null,"twitter_image_custom_url":null,"twitter_image_custom_fields":null,"twitter_title":null,"twitter_description":null,"schema":{"blockGraphs":[],"customGraphs":[],"default":{"data":{"Article":[],"Course":[],"Dataset":[],"FAQPage":[],"Movie":[],"Person":[],"Product":[],"ProductReview":[],"Car":[],"Recipe":[],"Service":[],"SoftwareApplication":[],"WebPage":[]},"graphName":"BlogPosting","isEnabled":true},"graphs":[]},"schema_type":"default","schema_type_options":null,"pillar_content":false,"robots_default":true,"robots_noindex":false,"robots_noarchive":false,"robots_nosnippet":false,"robots_nofollow":false,"robots_noimageindex":false,"robots_noodp":false,"robots_notranslate":false,"robots_max_snippet":"-1","robots_max_videopreview":"-1","robots_max_imagepreview":"large","priority":null,"frequency":"default","local_seo":null,"breadcrumb_settings":null,"limit_modified_date":false,"ai":{"faqs":[],"keyPoints":[],"schemas":[],"titles":[],"descriptions":[],"socialPosts":{"email":{"subject":"","preview":"","content":""},"linkedin":[],"twitter":[],"facebook":[],"instagram":[]}},"created":"2026-09-04 18:37:50","updated":"2026-09-04 18:58:34","focus_keyword":null,"additional_keywords":null,"truseo_locale":null,"seo_analyzer_scan_date":null},"aioseo_breadcrumb":"<div class=\"aioseo-breadcrumbs\"><span class=\"aioseo-breadcrumb\">\n\t\t\t<a href=\"https:\/\/lasentinelle.dz\" title=\"Home\">Home<\/a>\n\t\t<\/span><span class=\"aioseo-breadcrumb-separator\">&raquo;<\/span><span class=\"aioseo-breadcrumb\">\n\t\t\t<a href=\"https:\/\/lasentinelle.dz\/index.php\/category\/culture\/\" title=\"Culture\">Culture<\/a>\n\t\t<\/span><span class=\"aioseo-breadcrumb-separator\">&raquo;<\/span><span class=\"aioseo-breadcrumb\">\n\t\t\tBatna : La mosqu\u00e9e Sidi Abdeslam de T\u2019kout rejoint la liste du patrimoine class\u00e9\n\t\t<\/span><\/div>","aioseo_breadcrumb_json":[{"label":"Home","link":"https:\/\/lasentinelle.dz"},{"label":"Culture","link":"https:\/\/lasentinelle.dz\/index.php\/category\/culture\/"},{"label":"Batna\u00a0: La mosqu\u00e9e Sidi Abdeslam de T&rsquo;kout rejoint la liste du patrimoine class\u00e9","link":"https:\/\/lasentinelle.dz\/index.php\/2026\/09\/02\/batna-la-mosquee-sidi-abdeslam-de-tkout-rejoint-la-liste-du-patrimoine-classe\/"}],"yoast_head":"<!-- This site is optimized with the Yoast SEO plugin v28.4 - https:\/\/yoast.com\/product\/yoast-seo-wordpress\/ -->\n<title>Batna\u00a0: La mosqu\u00e9e Sidi Abdeslam de T&rsquo;kout rejoint la liste du patrimoine class\u00e9 - La Sentinelle<\/title>\n<meta name=\"robots\" content=\"index, follow, max-snippet:-1, max-image-preview:large, max-video-preview:-1\" \/>\n<link rel=\"canonical\" href=\"https:\/\/lasentinelle.dz\/index.php\/2026\/09\/02\/batna-la-mosquee-sidi-abdeslam-de-tkout-rejoint-la-liste-du-patrimoine-classe\/\" \/>\n<meta property=\"og:locale\" content=\"fr_FR\" \/>\n<meta property=\"og:type\" content=\"article\" \/>\n<meta property=\"og:title\" content=\"Batna\u00a0: La mosqu\u00e9e Sidi Abdeslam de T&rsquo;kout rejoint la liste du patrimoine class\u00e9 - La Sentinelle\" \/>\n<meta property=\"og:description\" content=\"La vieille mosqu\u00e9e Sidi Abdeslam, dans la da\u00efra de T&rsquo;kout, \u00e0 une centaine de kilom\u00e8tres au sud de Batna, vient\" \/>\n<meta property=\"og:url\" content=\"https:\/\/lasentinelle.dz\/index.php\/2026\/09\/02\/batna-la-mosquee-sidi-abdeslam-de-tkout-rejoint-la-liste-du-patrimoine-classe\/\" \/>\n<meta property=\"og:site_name\" content=\"La Sentinelle\" \/>\n<meta property=\"article:publisher\" content=\"https:\/\/www.facebook.com\/La-Sentinelle-104059864394773\" \/>\n<meta property=\"article:published_time\" content=\"2026-09-02T18:32:44+00:00\" \/>\n<meta property=\"article:modified_time\" content=\"2026-09-04T18:37:50+00:00\" \/>\n<meta property=\"og:image\" content=\"https:\/\/lasentinelle.dz\/wp-content\/uploads\/2026\/09\/793212638_3103221933216978_1499050937054781055_n.jpeg\" \/>\n\t<meta property=\"og:image:width\" content=\"708\" \/>\n\t<meta property=\"og:image:height\" content=\"414\" \/>\n\t<meta property=\"og:image:type\" content=\"image\/jpeg\" \/>\n<meta name=\"author\" content=\"admin\" \/>\n<meta name=\"twitter:card\" content=\"summary_large_image\" \/>\n<meta name=\"twitter:label1\" content=\"\u00c9crit par\" \/>\n\t<meta name=\"twitter:data1\" content=\"admin\" \/>\n\t<meta name=\"twitter:label2\" content=\"Dur\u00e9e de lecture estim\u00e9e\" \/>\n\t<meta name=\"twitter:data2\" content=\"3 minutes\" \/>\n<script type=\"application\/ld+json\" class=\"yoast-schema-graph\">{\"@context\":\"https:\\\/\\\/schema.org\",\"@graph\":[{\"@type\":\"Article\",\"@id\":\"https:\\\/\\\/lasentinelle.dz\\\/index.php\\\/2026\\\/09\\\/02\\\/batna-la-mosquee-sidi-abdeslam-de-tkout-rejoint-la-liste-du-patrimoine-classe\\\/#article\",\"isPartOf\":{\"@id\":\"https:\\\/\\\/lasentinelle.dz\\\/index.php\\\/2026\\\/09\\\/02\\\/batna-la-mosquee-sidi-abdeslam-de-tkout-rejoint-la-liste-du-patrimoine-classe\\\/\"},\"author\":{\"name\":\"admin\",\"@id\":\"https:\\\/\\\/lasentinelle.dz\\\/#\\\/schema\\\/person\\\/729ee0024f24e0b8c5ec17232f8e8b41\"},\"headline\":\"Batna\u00a0: La mosqu\u00e9e Sidi Abdeslam de T&rsquo;kout rejoint la liste du patrimoine class\u00e9\",\"datePublished\":\"2026-09-02T18:32:44+00:00\",\"dateModified\":\"2026-09-04T18:37:50+00:00\",\"mainEntityOfPage\":{\"@id\":\"https:\\\/\\\/lasentinelle.dz\\\/index.php\\\/2026\\\/09\\\/02\\\/batna-la-mosquee-sidi-abdeslam-de-tkout-rejoint-la-liste-du-patrimoine-classe\\\/\"},\"wordCount\":568,\"commentCount\":0,\"publisher\":{\"@id\":\"https:\\\/\\\/lasentinelle.dz\\\/#organization\"},\"image\":{\"@id\":\"https:\\\/\\\/lasentinelle.dz\\\/index.php\\\/2026\\\/09\\\/02\\\/batna-la-mosquee-sidi-abdeslam-de-tkout-rejoint-la-liste-du-patrimoine-classe\\\/#primaryimage\"},\"thumbnailUrl\":\"https:\\\/\\\/lasentinelle.dz\\\/wp-content\\\/uploads\\\/2026\\\/09\\\/793212638_3103221933216978_1499050937054781055_n.jpeg\",\"articleSection\":[\"Culture\"],\"inLanguage\":\"fr-FR\",\"potentialAction\":[{\"@type\":\"CommentAction\",\"name\":\"Comment\",\"target\":[\"https:\\\/\\\/lasentinelle.dz\\\/index.php\\\/2026\\\/09\\\/02\\\/batna-la-mosquee-sidi-abdeslam-de-tkout-rejoint-la-liste-du-patrimoine-classe\\\/#respond\"]}]},{\"@type\":\"WebPage\",\"@id\":\"https:\\\/\\\/lasentinelle.dz\\\/index.php\\\/2026\\\/09\\\/02\\\/batna-la-mosquee-sidi-abdeslam-de-tkout-rejoint-la-liste-du-patrimoine-classe\\\/\",\"url\":\"https:\\\/\\\/lasentinelle.dz\\\/index.php\\\/2026\\\/09\\\/02\\\/batna-la-mosquee-sidi-abdeslam-de-tkout-rejoint-la-liste-du-patrimoine-classe\\\/\",\"name\":\"Batna\u00a0: La mosqu\u00e9e Sidi Abdeslam de T&rsquo;kout rejoint la liste du patrimoine class\u00e9 - La Sentinelle\",\"isPartOf\":{\"@id\":\"https:\\\/\\\/lasentinelle.dz\\\/#website\"},\"primaryImageOfPage\":{\"@id\":\"https:\\\/\\\/lasentinelle.dz\\\/index.php\\\/2026\\\/09\\\/02\\\/batna-la-mosquee-sidi-abdeslam-de-tkout-rejoint-la-liste-du-patrimoine-classe\\\/#primaryimage\"},\"image\":{\"@id\":\"https:\\\/\\\/lasentinelle.dz\\\/index.php\\\/2026\\\/09\\\/02\\\/batna-la-mosquee-sidi-abdeslam-de-tkout-rejoint-la-liste-du-patrimoine-classe\\\/#primaryimage\"},\"thumbnailUrl\":\"https:\\\/\\\/lasentinelle.dz\\\/wp-content\\\/uploads\\\/2026\\\/09\\\/793212638_3103221933216978_1499050937054781055_n.jpeg\",\"datePublished\":\"2026-09-02T18:32:44+00:00\",\"dateModified\":\"2026-09-04T18:37:50+00:00\",\"breadcrumb\":{\"@id\":\"https:\\\/\\\/lasentinelle.dz\\\/index.php\\\/2026\\\/09\\\/02\\\/batna-la-mosquee-sidi-abdeslam-de-tkout-rejoint-la-liste-du-patrimoine-classe\\\/#breadcrumb\"},\"inLanguage\":\"fr-FR\",\"potentialAction\":[{\"@type\":\"ReadAction\",\"target\":[\"https:\\\/\\\/lasentinelle.dz\\\/index.php\\\/2026\\\/09\\\/02\\\/batna-la-mosquee-sidi-abdeslam-de-tkout-rejoint-la-liste-du-patrimoine-classe\\\/\"]}]},{\"@type\":\"ImageObject\",\"inLanguage\":\"fr-FR\",\"@id\":\"https:\\\/\\\/lasentinelle.dz\\\/index.php\\\/2026\\\/09\\\/02\\\/batna-la-mosquee-sidi-abdeslam-de-tkout-rejoint-la-liste-du-patrimoine-classe\\\/#primaryimage\",\"url\":\"https:\\\/\\\/lasentinelle.dz\\\/wp-content\\\/uploads\\\/2026\\\/09\\\/793212638_3103221933216978_1499050937054781055_n.jpeg\",\"contentUrl\":\"https:\\\/\\\/lasentinelle.dz\\\/wp-content\\\/uploads\\\/2026\\\/09\\\/793212638_3103221933216978_1499050937054781055_n.jpeg\",\"width\":708,\"height\":414},{\"@type\":\"BreadcrumbList\",\"@id\":\"https:\\\/\\\/lasentinelle.dz\\\/index.php\\\/2026\\\/09\\\/02\\\/batna-la-mosquee-sidi-abdeslam-de-tkout-rejoint-la-liste-du-patrimoine-classe\\\/#breadcrumb\",\"itemListElement\":[{\"@type\":\"ListItem\",\"position\":1,\"name\":\"Accueil\",\"item\":\"https:\\\/\\\/lasentinelle.dz\\\/\"},{\"@type\":\"ListItem\",\"position\":2,\"name\":\"Batna\u00a0: La mosqu\u00e9e Sidi Abdeslam de T&rsquo;kout rejoint la liste du patrimoine class\u00e9\"}]},{\"@type\":\"WebSite\",\"@id\":\"https:\\\/\\\/lasentinelle.dz\\\/#website\",\"url\":\"https:\\\/\\\/lasentinelle.dz\\\/\",\"name\":\"La Sentinelle\",\"description\":\"Quotidien national d&#039;information\",\"publisher\":{\"@id\":\"https:\\\/\\\/lasentinelle.dz\\\/#organization\"},\"potentialAction\":[{\"@type\":\"SearchAction\",\"target\":{\"@type\":\"EntryPoint\",\"urlTemplate\":\"https:\\\/\\\/lasentinelle.dz\\\/?s={search_term_string}\"},\"query-input\":{\"@type\":\"PropertyValueSpecification\",\"valueRequired\":true,\"valueName\":\"search_term_string\"}}],\"inLanguage\":\"fr-FR\"},{\"@type\":\"Organization\",\"@id\":\"https:\\\/\\\/lasentinelle.dz\\\/#organization\",\"name\":\"Quotidien La Sentinelle\",\"url\":\"https:\\\/\\\/lasentinelle.dz\\\/\",\"logo\":{\"@type\":\"ImageObject\",\"inLanguage\":\"fr-FR\",\"@id\":\"https:\\\/\\\/lasentinelle.dz\\\/#\\\/schema\\\/logo\\\/image\\\/\",\"url\":\"https:\\\/\\\/lasentinelle.dz\\\/wp-content\\\/uploads\\\/2021\\\/09\\\/logo-sentinelleSLOGAN-1.png\",\"contentUrl\":\"https:\\\/\\\/lasentinelle.dz\\\/wp-content\\\/uploads\\\/2021\\\/09\\\/logo-sentinelleSLOGAN-1.png\",\"width\":615,\"height\":142,\"caption\":\"Quotidien La Sentinelle\"},\"image\":{\"@id\":\"https:\\\/\\\/lasentinelle.dz\\\/#\\\/schema\\\/logo\\\/image\\\/\"},\"sameAs\":[\"https:\\\/\\\/www.facebook.com\\\/La-Sentinelle-104059864394773\"]},{\"@type\":\"Person\",\"@id\":\"https:\\\/\\\/lasentinelle.dz\\\/#\\\/schema\\\/person\\\/729ee0024f24e0b8c5ec17232f8e8b41\",\"name\":\"admin\",\"image\":{\"@type\":\"ImageObject\",\"inLanguage\":\"fr-FR\",\"@id\":\"https:\\\/\\\/secure.gravatar.com\\\/avatar\\\/4c81fed838786e9b53f540bf46533e750f5d292099ae3b66cfc6fb1982e29df7?s=96&d=mm&r=g\",\"url\":\"https:\\\/\\\/secure.gravatar.com\\\/avatar\\\/4c81fed838786e9b53f540bf46533e750f5d292099ae3b66cfc6fb1982e29df7?s=96&d=mm&r=g\",\"contentUrl\":\"https:\\\/\\\/secure.gravatar.com\\\/avatar\\\/4c81fed838786e9b53f540bf46533e750f5d292099ae3b66cfc6fb1982e29df7?s=96&d=mm&r=g\",\"caption\":\"admin\"},\"description\":\"admin\",\"url\":\"https:\\\/\\\/lasentinelle.dz\\\/author\\\/admin\\\/\"}]}<\/script>\n<!-- \/ Yoast SEO plugin. -->","yoast_head_json":{"title":"Batna\u00a0: La mosqu\u00e9e Sidi Abdeslam de T&rsquo;kout rejoint la liste du patrimoine class\u00e9 - La Sentinelle","robots":{"index":"index","follow":"follow","max-snippet":"max-snippet:-1","max-image-preview":"max-image-preview:large","max-video-preview":"max-video-preview:-1"},"canonical":"https:\/\/lasentinelle.dz\/index.php\/2026\/09\/02\/batna-la-mosquee-sidi-abdeslam-de-tkout-rejoint-la-liste-du-patrimoine-classe\/","og_locale":"fr_FR","og_type":"article","og_title":"Batna\u00a0: La mosqu\u00e9e Sidi Abdeslam de T&rsquo;kout rejoint la liste du patrimoine class\u00e9 - La Sentinelle","og_description":"La vieille mosqu\u00e9e Sidi Abdeslam, dans la da\u00efra de T&rsquo;kout, \u00e0 une centaine de kilom\u00e8tres au sud de Batna, vient","og_url":"https:\/\/lasentinelle.dz\/index.php\/2026\/09\/02\/batna-la-mosquee-sidi-abdeslam-de-tkout-rejoint-la-liste-du-patrimoine-classe\/","og_site_name":"La Sentinelle","article_publisher":"https:\/\/www.facebook.com\/La-Sentinelle-104059864394773","article_published_time":"2026-09-02T18:32:44+00:00","article_modified_time":"2026-09-04T18:37:50+00:00","og_image":[{"width":708,"height":414,"url":"https:\/\/lasentinelle.dz\/wp-content\/uploads\/2026\/09\/793212638_3103221933216978_1499050937054781055_n.jpeg","type":"image\/jpeg"}],"author":"admin","twitter_card":"summary_large_image","twitter_misc":{"\u00c9crit par":"admin","Dur\u00e9e de lecture estim\u00e9e":"3 minutes"},"schema":{"@context":"https:\/\/schema.org","@graph":[{"@type":"Article","@id":"https:\/\/lasentinelle.dz\/index.php\/2026\/09\/02\/batna-la-mosquee-sidi-abdeslam-de-tkout-rejoint-la-liste-du-patrimoine-classe\/#article","isPartOf":{"@id":"https:\/\/lasentinelle.dz\/index.php\/2026\/09\/02\/batna-la-mosquee-sidi-abdeslam-de-tkout-rejoint-la-liste-du-patrimoine-classe\/"},"author":{"name":"admin","@id":"https:\/\/lasentinelle.dz\/#\/schema\/person\/729ee0024f24e0b8c5ec17232f8e8b41"},"headline":"Batna\u00a0: La mosqu\u00e9e Sidi Abdeslam de T&rsquo;kout rejoint la liste du patrimoine class\u00e9","datePublished":"2026-09-02T18:32:44+00:00","dateModified":"2026-09-04T18:37:50+00:00","mainEntityOfPage":{"@id":"https:\/\/lasentinelle.dz\/index.php\/2026\/09\/02\/batna-la-mosquee-sidi-abdeslam-de-tkout-rejoint-la-liste-du-patrimoine-classe\/"},"wordCount":568,"commentCount":0,"publisher":{"@id":"https:\/\/lasentinelle.dz\/#organization"},"image":{"@id":"https:\/\/lasentinelle.dz\/index.php\/2026\/09\/02\/batna-la-mosquee-sidi-abdeslam-de-tkout-rejoint-la-liste-du-patrimoine-classe\/#primaryimage"},"thumbnailUrl":"https:\/\/lasentinelle.dz\/wp-content\/uploads\/2026\/09\/793212638_3103221933216978_1499050937054781055_n.jpeg","articleSection":["Culture"],"inLanguage":"fr-FR","potentialAction":[{"@type":"CommentAction","name":"Comment","target":["https:\/\/lasentinelle.dz\/index.php\/2026\/09\/02\/batna-la-mosquee-sidi-abdeslam-de-tkout-rejoint-la-liste-du-patrimoine-classe\/#respond"]}]},{"@type":"WebPage","@id":"https:\/\/lasentinelle.dz\/index.php\/2026\/09\/02\/batna-la-mosquee-sidi-abdeslam-de-tkout-rejoint-la-liste-du-patrimoine-classe\/","url":"https:\/\/lasentinelle.dz\/index.php\/2026\/09\/02\/batna-la-mosquee-sidi-abdeslam-de-tkout-rejoint-la-liste-du-patrimoine-classe\/","name":"Batna\u00a0: La mosqu\u00e9e Sidi Abdeslam de T&rsquo;kout rejoint la liste du patrimoine class\u00e9 - La Sentinelle","isPartOf":{"@id":"https:\/\/lasentinelle.dz\/#website"},"primaryImageOfPage":{"@id":"https:\/\/lasentinelle.dz\/index.php\/2026\/09\/02\/batna-la-mosquee-sidi-abdeslam-de-tkout-rejoint-la-liste-du-patrimoine-classe\/#primaryimage"},"image":{"@id":"https:\/\/lasentinelle.dz\/index.php\/2026\/09\/02\/batna-la-mosquee-sidi-abdeslam-de-tkout-rejoint-la-liste-du-patrimoine-classe\/#primaryimage"},"thumbnailUrl":"https:\/\/lasentinelle.dz\/wp-content\/uploads\/2026\/09\/793212638_3103221933216978_1499050937054781055_n.jpeg","datePublished":"2026-09-02T18:32:44+00:00","dateModified":"2026-09-04T18:37:50+00:00","breadcrumb":{"@id":"https:\/\/lasentinelle.dz\/index.php\/2026\/09\/02\/batna-la-mosquee-sidi-abdeslam-de-tkout-rejoint-la-liste-du-patrimoine-classe\/#breadcrumb"},"inLanguage":"fr-FR","potentialAction":[{"@type":"ReadAction","target":["https:\/\/lasentinelle.dz\/index.php\/2026\/09\/02\/batna-la-mosquee-sidi-abdeslam-de-tkout-rejoint-la-liste-du-patrimoine-classe\/"]}]},{"@type":"ImageObject","inLanguage":"fr-FR","@id":"https:\/\/lasentinelle.dz\/index.php\/2026\/09\/02\/batna-la-mosquee-sidi-abdeslam-de-tkout-rejoint-la-liste-du-patrimoine-classe\/#primaryimage","url":"https:\/\/lasentinelle.dz\/wp-content\/uploads\/2026\/09\/793212638_3103221933216978_1499050937054781055_n.jpeg","contentUrl":"https:\/\/lasentinelle.dz\/wp-content\/uploads\/2026\/09\/793212638_3103221933216978_1499050937054781055_n.jpeg","width":708,"height":414},{"@type":"BreadcrumbList","@id":"https:\/\/lasentinelle.dz\/index.php\/2026\/09\/02\/batna-la-mosquee-sidi-abdeslam-de-tkout-rejoint-la-liste-du-patrimoine-classe\/#breadcrumb","itemListElement":[{"@type":"ListItem","position":1,"name":"Accueil","item":"https:\/\/lasentinelle.dz\/"},{"@type":"ListItem","position":2,"name":"Batna\u00a0: La mosqu\u00e9e Sidi Abdeslam de T&rsquo;kout rejoint la liste du patrimoine class\u00e9"}]},{"@type":"WebSite","@id":"https:\/\/lasentinelle.dz\/#website","url":"https:\/\/lasentinelle.dz\/","name":"La Sentinelle","description":"Quotidien national d&#039;information","publisher":{"@id":"https:\/\/lasentinelle.dz\/#organization"},"potentialAction":[{"@type":"SearchAction","target":{"@type":"EntryPoint","urlTemplate":"https:\/\/lasentinelle.dz\/?s={search_term_string}"},"query-input":{"@type":"PropertyValueSpecification","valueRequired":true,"valueName":"search_term_string"}}],"inLanguage":"fr-FR"},{"@type":"Organization","@id":"https:\/\/lasentinelle.dz\/#organization","name":"Quotidien La Sentinelle","url":"https:\/\/lasentinelle.dz\/","logo":{"@type":"ImageObject","inLanguage":"fr-FR","@id":"https:\/\/lasentinelle.dz\/#\/schema\/logo\/image\/","url":"https:\/\/lasentinelle.dz\/wp-content\/uploads\/2021\/09\/logo-sentinelleSLOGAN-1.png","contentUrl":"https:\/\/lasentinelle.dz\/wp-content\/uploads\/2021\/09\/logo-sentinelleSLOGAN-1.png","width":615,"height":142,"caption":"Quotidien La Sentinelle"},"image":{"@id":"https:\/\/lasentinelle.dz\/#\/schema\/logo\/image\/"},"sameAs":["https:\/\/www.facebook.com\/La-Sentinelle-104059864394773"]},{"@type":"Person","@id":"https:\/\/lasentinelle.dz\/#\/schema\/person\/729ee0024f24e0b8c5ec17232f8e8b41","name":"admin","image":{"@type":"ImageObject","inLanguage":"fr-FR","@id":"https:\/\/secure.gravatar.com\/avatar\/4c81fed838786e9b53f540bf46533e750f5d292099ae3b66cfc6fb1982e29df7?s=96&d=mm&r=g","url":"https:\/\/secure.gravatar.com\/avatar\/4c81fed838786e9b53f540bf46533e750f5d292099ae3b66cfc6fb1982e29df7?s=96&d=mm&r=g","contentUrl":"https:\/\/secure.gravatar.com\/avatar\/4c81fed838786e9b53f540bf46533e750f5d292099ae3b66cfc6fb1982e29df7?s=96&d=mm&r=g","caption":"admin"},"description":"admin","url":"https:\/\/lasentinelle.dz\/author\/admin\/"}]}},"_links":{"self":[{"href":"https:\/\/lasentinelle.dz\/index.php\/wp-json\/wp\/v2\/posts\/94901","targetHints":{"allow":["GET"]}}],"collection":[{"href":"https:\/\/lasentinelle.dz\/index.php\/wp-json\/wp\/v2\/posts"}],"about":[{"href":"https:\/\/lasentinelle.dz\/index.php\/wp-json\/wp\/v2\/types\/post"}],"author":[{"embeddable":true,"href":"https:\/\/lasentinelle.dz\/index.php\/wp-json\/wp\/v2\/users\/6"}],"replies":[{"embeddable":true,"href":"https:\/\/lasentinelle.dz\/index.php\/wp-json\/wp\/v2\/comments?post=94901"}],"version-history":[{"count":2,"href":"https:\/\/lasentinelle.dz\/index.php\/wp-json\/wp\/v2\/posts\/94901\/revisions"}],"predecessor-version":[{"id":94904,"href":"https:\/\/lasentinelle.dz\/index.php\/wp-json\/wp\/v2\/posts\/94901\/revisions\/94904"}],"wp:featuredmedia":[{"embeddable":true,"href":"https:\/\/lasentinelle.dz\/index.php\/wp-json\/wp\/v2\/media\/94902"}],"wp:attachment":[{"href":"https:\/\/lasentinelle.dz\/index.php\/wp-json\/wp\/v2\/media?parent=94901"}],"wp:term":[{"taxonomy":"category","embeddable":true,"href":"https:\/\/lasentinelle.dz\/index.php\/wp-json\/wp\/v2\/categories?post=94901"},{"taxonomy":"post_tag","embeddable":true,"href":"https:\/\/lasentinelle.dz\/index.php\/wp-json\/wp\/v2\/tags?post=94901"}],"curies":[{"name":"wp","href":"https:\/\/api.w.org\/{rel}","templated":true}]}}