{"id":94909,"date":"2026-09-02T19:39:56","date_gmt":"2026-09-02T18:39:56","guid":{"rendered":"https:\/\/lasentinelle.dz\/?p=94909"},"modified":"2026-09-04T19:41:00","modified_gmt":"2026-09-04T18:41:00","slug":"ligue-de-diamant-sedjati-moula-et-triki-a-lassaut-de-lelite-mondiale-a-bruxelles","status":"publish","type":"post","link":"https:\/\/lasentinelle.dz\/index.php\/2026\/09\/02\/ligue-de-diamant-sedjati-moula-et-triki-a-lassaut-de-lelite-mondiale-a-bruxelles\/","title":{"rendered":"Ligue de diamant\u00a0: Sedjati, Moula et Triki \u00e0 l&rsquo;assaut de l&rsquo;\u00e9lite mondiale \u00e0 Bruxelles"},"content":{"rendered":"\n<p class=\"wp-block-paragraph\">Trois athl\u00e8tes alg\u00e9riens se pr\u00e9senteront ce week-end sur la piste bruxelloise avec l&rsquo;ambition de boucler leur saison internationale en beaut\u00e9, \u00e0 l&rsquo;occasion de la finale de la Wanda Diamond League 2026, disput\u00e9e vendredi et samedi dans le cadre de l&rsquo;Allianz M\u00e9morial Van Damme. C&rsquo;est sur 800 m que l&rsquo;Alg\u00e9rie ouvrira son compte, vendredi \u00e0 19h42 heure alg\u00e9rienne, avec les pr\u00e9sences conjugu\u00e9es de Djamel Sedjati et Slimane Moula au sein d&rsquo;un plateau r\u00e9unissant dix des meilleurs sp\u00e9cialistes mondiaux de la distance.<\/p>\n\n\n\n<p class=\"wp-block-paragraph\">L&rsquo;attention se portera naturellement sur Djamel Sedjati, qui aborde ce rendez-vous bruxellois aur\u00e9ol\u00e9 d&rsquo;une saison exceptionnelle. Actuel num\u00e9ro deux mondial, l&rsquo;athl\u00e8te alg\u00e9rien a franchi un nouveau palier cette ann\u00e9e, confirm\u00e9 par son titre d\u00e9croch\u00e9 r\u00e9cemment aux Jeux m\u00e9diterran\u00e9ens de Tarente, o\u00f9 il s&rsquo;est impos\u00e9 sur cette m\u00eame distance du double tour de piste. Une cons\u00e9cration qui vient couronner une saison marqu\u00e9e par une r\u00e9gularit\u00e9 au plus haut niveau, symbolis\u00e9e par son chrono de 1:41.83, la meilleure performance mondiale de l&rsquo;ann\u00e9e, et par un record personnel \u00e9tabli \u00e0 1:41.46. Sedjati se pr\u00e9sente ainsi \u00e0 Bruxelles avec la stature d&rsquo;un pr\u00e9tendant s\u00e9rieux au podium, face \u00e0 une concurrence pourtant redoutable.<\/p>\n\n\n\n<p class=\"wp-block-paragraph\">Il devra en effet composer avec le Kenyan Emmanuel Wanyonyi, intouchable num\u00e9ro un mondial et d\u00e9tenteur de la meilleure marque personnelle du plateau avec 1:41.11, ainsi qu&rsquo;avec le Canadien Marco Arop, troisi\u00e8me mondial et auteur d&rsquo;un chrono de 1:41.84 cette saison pour un record personnel de 1:41.20. Le Britannique Ben Pattison, les Fran\u00e7ais Gabriel Tual et Yanis Meziane, le Belge Eliott Crestan, le Norv\u00e9gien Tobias Gr\u00f8nstad et le Slov\u00e8ne Jan Vukovi\u0107 compl\u00e8tent cette course qui s&rsquo;annonce ind\u00e9cise jusqu&rsquo;\u00e0 la ligne.<\/p>\n\n\n\n<p class=\"wp-block-paragraph\">\u00c0 ses c\u00f4t\u00e9s, Slimane Moula tentera lui aussi de se distinguer. Douzi\u00e8me mondial et auteur d&rsquo;un temps de 1:43.41 cette saison, pour un record personnel de 1:42.77, le demi-fondiste alg\u00e9rien aura \u00e0 c\u0153ur de venir bousculer la hi\u00e9rarchie \u00e9tablie et de se glisser parmi les premiers d&rsquo;une course o\u00f9 tout semble encore possible derri\u00e8re les grands favoris.<\/p>\n\n\n\n<p class=\"wp-block-paragraph\">Samedi, place au concours du triple saut, o\u00f9 Yasser Mohammed Triki entrera en lice \u00e0 partir de 18h23 face \u00e0 cinq autres finalistes. Quatri\u00e8me mondial, l&rsquo;Alg\u00e9rien arrive dans la capitale belge avec sa meilleure marque de la saison, 17,67 m, qui constitue \u00e9galement son record personnel. Un concours de tr\u00e8s haut niveau l&rsquo;attend, domin\u00e9 par le Portugais Pedro Pichardo, num\u00e9ro un mondial et d\u00e9tenteur d&rsquo;un record personnel de 18,08 m, ainsi que par l&rsquo;Italien Andy Diaz Hernandez, deuxi\u00e8me mondial et auteur de la meilleure performance de l&rsquo;ann\u00e9e avec 18,15 m. Le Cubain L\u00e1zaro Mart\u00ednez, sixi\u00e8me mondial avec 17,51 m, le Jama\u00efcain Jordan Scott, troisi\u00e8me mondial avec 17,69 m, et le Br\u00e9silien Almir Dos Santos, septi\u00e8me mondial avec 17,53 m, compl\u00e8tent ce plateau relev\u00e9. Fort de son rang parmi les quatre meilleurs sauteurs de la plan\u00e8te, Triki cherchera \u00e0 s&rsquo;inviter dans la lutte pour les places d&rsquo;honneur et \u00e0 conclure son exercice 2026 par une performance \u00e0 la mesure de ses ambitions.<\/p>\n\n\n\n<p class=\"wp-block-paragraph\">M.D.<\/p>\n","protected":false},"excerpt":{"rendered":"<p>Trois athl\u00e8tes alg\u00e9riens se pr\u00e9senteront ce week-end sur la piste bruxelloise avec l&rsquo;ambition de boucler leur saison internationale en beaut\u00e9,<\/p>\n","protected":false},"author":6,"featured_media":73526,"comment_status":"open","ping_status":"closed","sticky":false,"template":"","format":"standard","meta":{"colormag_page_container_layout":"default_layout","colormag_page_sidebar_layout":"default_layout","om_disable_all_campaigns":false,"_monsterinsights_skip_tracking":false,"footnotes":"","_wpscppro_dont_share_socialmedia":false,"_wpscppro_custom_social_share_image":0,"_facebook_share_type":"default","_twitter_share_type":"default","_linkedin_share_type":"default","_pinterest_share_type":"default","_linkedin_share_type_page":"","_instagram_share_type":"default","_medium_share_type":"default","_threads_share_type":"default","_google_business_share_type":"default","_bluesky_share_type":"default","_mastodon_share_type":"default","_selected_social_profile":[],"_wpsp_enable_custom_social_template":false,"_wpsp_social_scheduling":{"enabled":false,"datetime":null,"platforms":[],"status":"template_only","dateOption":"today","timeOption":"now","customDays":"","customHours":"","customDate":"","customTime":"","schedulingType":"absolute"},"_wpsp_active_default_template":true},"categories":[33],"tags":[],"class_list":["post-94909","post","type-post","status-publish","format-standard","has-post-thumbnail","hentry","category-sports"],"aioseo_notices":[],"aioseo_head":"\n\t\t<!-- All in One SEO 5.0.0.1 - aioseo.com -->\n\t<meta name=\"description\" content=\"Trois athl\u00e8tes alg\u00e9riens se pr\u00e9senteront ce week-end sur la piste bruxelloise avec l&#039;ambition de boucler leur saison internationale en beaut\u00e9, \u00e0 l&#039;occasion de la finale de la Wanda Diamond League 2026, disput\u00e9e vendredi et samedi dans le cadre de l&#039;Allianz M\u00e9morial Van Damme. C&#039;est sur 800 m que l&#039;Alg\u00e9rie ouvrira son compte, vendredi \u00e0 19h42\" \/>\n\t<meta name=\"robots\" content=\"max-image-preview:large\" \/>\n\t<meta name=\"author\" content=\"admin\"\/>\n\t<link rel=\"canonical\" href=\"https:\/\/lasentinelle.dz\/index.php\/2026\/09\/02\/ligue-de-diamant-sedjati-moula-et-triki-a-lassaut-de-lelite-mondiale-a-bruxelles\/\" \/>\n\t<meta name=\"generator\" content=\"All in One SEO (AIOSEO) 5.0.0.1\" \/>\n\t\t<meta property=\"og:locale\" content=\"fr_FR\" \/>\n\t\t<meta property=\"og:site_name\" content=\"La Sentinelle - Quotidien national d&#039;information\" \/>\n\t\t<meta property=\"og:type\" content=\"article\" \/>\n\t\t<meta property=\"og:title\" content=\"Ligue de diamant : Sedjati, Moula et Triki \u00e0 l\u2019assaut de l\u2019\u00e9lite mondiale \u00e0 Bruxelles - La Sentinelle\" \/>\n\t\t<meta property=\"og:description\" content=\"Trois athl\u00e8tes alg\u00e9riens se pr\u00e9senteront ce week-end sur la piste bruxelloise avec l&#039;ambition de boucler leur saison internationale en beaut\u00e9, \u00e0 l&#039;occasion de la finale de la Wanda Diamond League 2026, disput\u00e9e vendredi et samedi dans le cadre de l&#039;Allianz M\u00e9morial Van Damme. C&#039;est sur 800 m que l&#039;Alg\u00e9rie ouvrira son compte, vendredi \u00e0 19h42\" \/>\n\t\t<meta property=\"og:url\" content=\"https:\/\/lasentinelle.dz\/index.php\/2026\/09\/02\/ligue-de-diamant-sedjati-moula-et-triki-a-lassaut-de-lelite-mondiale-a-bruxelles\/\" \/>\n\t\t<meta property=\"og:image\" content=\"https:\/\/lasentinelle.dz\/wp-content\/uploads\/2021\/09\/cropped-la-sentinelle-earth-golden-anima-5.gif\" \/>\n\t\t<meta property=\"og:image:secure_url\" content=\"https:\/\/lasentinelle.dz\/wp-content\/uploads\/2021\/09\/cropped-la-sentinelle-earth-golden-anima-5.gif\" \/>\n\t\t<meta property=\"og:image:width\" content=\"450\" \/>\n\t\t<meta property=\"og:image:height\" content=\"213\" \/>\n\t\t<meta property=\"article:published_time\" content=\"2026-09-02T18:39:56+00:00\" \/>\n\t\t<meta property=\"article:modified_time\" content=\"2026-09-04T18:41:00+00:00\" \/>\n\t\t<meta property=\"article:publisher\" content=\"https:\/\/www.facebook.com\/azzedine.lasentinelle.1\" \/>\n\t\t<meta name=\"twitter:card\" content=\"summary_large_image\" \/>\n\t\t<meta name=\"twitter:title\" content=\"Ligue de diamant : Sedjati, Moula et Triki \u00e0 l\u2019assaut de l\u2019\u00e9lite mondiale \u00e0 Bruxelles - La Sentinelle\" \/>\n\t\t<meta name=\"twitter:description\" content=\"Trois athl\u00e8tes alg\u00e9riens se pr\u00e9senteront ce week-end sur la piste bruxelloise avec l&#039;ambition de boucler leur saison internationale en beaut\u00e9, \u00e0 l&#039;occasion de la finale de la Wanda Diamond League 2026, disput\u00e9e vendredi et samedi dans le cadre de l&#039;Allianz M\u00e9morial Van Damme. C&#039;est sur 800 m que l&#039;Alg\u00e9rie ouvrira son compte, vendredi \u00e0 19h42\" \/>\n\t\t<meta name=\"twitter:image\" content=\"https:\/\/lasentinelle.dz\/wp-content\/uploads\/2021\/09\/cropped-la-sentinelle-earth-golden-anima-5.gif\" \/>\n\t\t<script type=\"application\/ld+json\" class=\"aioseo-schema\">\n\t\t\t{\"@context\":\"https:\\\/\\\/schema.org\",\"@graph\":[{\"@type\":\"BlogPosting\",\"@id\":\"https:\\\/\\\/lasentinelle.dz\\\/index.php\\\/2026\\\/09\\\/02\\\/ligue-de-diamant-sedjati-moula-et-triki-a-lassaut-de-lelite-mondiale-a-bruxelles\\\/#blogposting\",\"name\":\"Ligue de diamant : Sedjati, Moula et Triki \\u00e0 l\\u2019assaut de l\\u2019\\u00e9lite mondiale \\u00e0 Bruxelles - La Sentinelle\",\"headline\":\"Ligue de diamant\\u00a0: Sedjati, Moula et Triki \\u00e0 l&rsquo;assaut de l&rsquo;\\u00e9lite mondiale \\u00e0 Bruxelles\",\"author\":{\"@id\":\"https:\\\/\\\/lasentinelle.dz\\\/author\\\/admin\\\/#author\"},\"publisher\":{\"@id\":\"https:\\\/\\\/lasentinelle.dz\\\/#organization\"},\"image\":{\"@type\":\"ImageObject\",\"url\":\"https:\\\/\\\/lasentinelle.dz\\\/wp-content\\\/uploads\\\/2025\\\/09\\\/Sedjati.jpg\",\"width\":745,\"height\":470},\"datePublished\":\"2026-09-02T19:39:56+01:00\",\"dateModified\":\"2026-09-04T19:41:00+01:00\",\"inLanguage\":\"fr-FR\",\"mainEntityOfPage\":{\"@id\":\"https:\\\/\\\/lasentinelle.dz\\\/index.php\\\/2026\\\/09\\\/02\\\/ligue-de-diamant-sedjati-moula-et-triki-a-lassaut-de-lelite-mondiale-a-bruxelles\\\/#webpage\"},\"isPartOf\":{\"@id\":\"https:\\\/\\\/lasentinelle.dz\\\/index.php\\\/2026\\\/09\\\/02\\\/ligue-de-diamant-sedjati-moula-et-triki-a-lassaut-de-lelite-mondiale-a-bruxelles\\\/#webpage\"},\"articleSection\":\"Sports\"},{\"@type\":\"BreadcrumbList\",\"@id\":\"https:\\\/\\\/lasentinelle.dz\\\/index.php\\\/2026\\\/09\\\/02\\\/ligue-de-diamant-sedjati-moula-et-triki-a-lassaut-de-lelite-mondiale-a-bruxelles\\\/#breadcrumblist\",\"itemListElement\":[{\"@type\":\"ListItem\",\"@id\":\"https:\\\/\\\/lasentinelle.dz#listItem\",\"position\":1,\"name\":\"Home\",\"item\":\"https:\\\/\\\/lasentinelle.dz\",\"nextItem\":{\"@type\":\"ListItem\",\"@id\":\"https:\\\/\\\/lasentinelle.dz\\\/index.php\\\/category\\\/sports\\\/#listItem\",\"name\":\"Sports\"}},{\"@type\":\"ListItem\",\"@id\":\"https:\\\/\\\/lasentinelle.dz\\\/index.php\\\/category\\\/sports\\\/#listItem\",\"position\":2,\"name\":\"Sports\",\"item\":\"https:\\\/\\\/lasentinelle.dz\\\/index.php\\\/category\\\/sports\\\/\",\"nextItem\":{\"@type\":\"ListItem\",\"@id\":\"https:\\\/\\\/lasentinelle.dz\\\/index.php\\\/2026\\\/09\\\/02\\\/ligue-de-diamant-sedjati-moula-et-triki-a-lassaut-de-lelite-mondiale-a-bruxelles\\\/#listItem\",\"name\":\"Ligue de diamant\\u00a0: Sedjati, Moula et Triki \\u00e0 l&rsquo;assaut de l&rsquo;\\u00e9lite mondiale \\u00e0 Bruxelles\"},\"previousItem\":{\"@type\":\"ListItem\",\"@id\":\"https:\\\/\\\/lasentinelle.dz#listItem\",\"name\":\"Home\"}},{\"@type\":\"ListItem\",\"@id\":\"https:\\\/\\\/lasentinelle.dz\\\/index.php\\\/2026\\\/09\\\/02\\\/ligue-de-diamant-sedjati-moula-et-triki-a-lassaut-de-lelite-mondiale-a-bruxelles\\\/#listItem\",\"position\":3,\"name\":\"Ligue de diamant\\u00a0: Sedjati, Moula et Triki \\u00e0 l&rsquo;assaut de l&rsquo;\\u00e9lite mondiale \\u00e0 Bruxelles\",\"previousItem\":{\"@type\":\"ListItem\",\"@id\":\"https:\\\/\\\/lasentinelle.dz\\\/index.php\\\/category\\\/sports\\\/#listItem\",\"name\":\"Sports\"}}]},{\"@type\":\"Organization\",\"@id\":\"https:\\\/\\\/lasentinelle.dz\\\/#organization\",\"name\":\"La Sentinelle La Sentinelle\",\"description\":\"Quotidien national d'information\",\"url\":\"https:\\\/\\\/lasentinelle.dz\\\/\",\"logo\":{\"@type\":\"ImageObject\",\"url\":\"https:\\\/\\\/lasentinelle.dz\\\/wp-content\\\/uploads\\\/2021\\\/09\\\/cropped-la-sentinelle-earth-golden-anima-5.gif\",\"@id\":\"https:\\\/\\\/lasentinelle.dz\\\/index.php\\\/2026\\\/09\\\/02\\\/ligue-de-diamant-sedjati-moula-et-triki-a-lassaut-de-lelite-mondiale-a-bruxelles\\\/#organizationLogo\",\"width\":450,\"height\":213},\"image\":{\"@id\":\"https:\\\/\\\/lasentinelle.dz\\\/index.php\\\/2026\\\/09\\\/02\\\/ligue-de-diamant-sedjati-moula-et-triki-a-lassaut-de-lelite-mondiale-a-bruxelles\\\/#organizationLogo\"},\"sameAs\":[\"https:\\\/\\\/www.facebook.com\\\/azzedine.lasentinelle.1\"]},{\"@type\":\"Person\",\"@id\":\"https:\\\/\\\/lasentinelle.dz\\\/author\\\/admin\\\/#author\",\"url\":\"https:\\\/\\\/lasentinelle.dz\\\/author\\\/admin\\\/\",\"name\":\"admin\",\"image\":{\"@type\":\"ImageObject\",\"@id\":\"https:\\\/\\\/lasentinelle.dz\\\/index.php\\\/2026\\\/09\\\/02\\\/ligue-de-diamant-sedjati-moula-et-triki-a-lassaut-de-lelite-mondiale-a-bruxelles\\\/#authorImage\",\"url\":\"https:\\\/\\\/secure.gravatar.com\\\/avatar\\\/4c81fed838786e9b53f540bf46533e750f5d292099ae3b66cfc6fb1982e29df7?s=96&d=mm&r=g\",\"width\":96,\"height\":96,\"caption\":\"admin\"}},{\"@type\":\"WebPage\",\"@id\":\"https:\\\/\\\/lasentinelle.dz\\\/index.php\\\/2026\\\/09\\\/02\\\/ligue-de-diamant-sedjati-moula-et-triki-a-lassaut-de-lelite-mondiale-a-bruxelles\\\/#webpage\",\"url\":\"https:\\\/\\\/lasentinelle.dz\\\/index.php\\\/2026\\\/09\\\/02\\\/ligue-de-diamant-sedjati-moula-et-triki-a-lassaut-de-lelite-mondiale-a-bruxelles\\\/\",\"name\":\"Ligue de diamant : Sedjati, Moula et Triki \\u00e0 l\\u2019assaut de l\\u2019\\u00e9lite mondiale \\u00e0 Bruxelles - La Sentinelle\",\"description\":\"Trois athl\\u00e8tes alg\\u00e9riens se pr\\u00e9senteront ce week-end sur la piste bruxelloise avec l'ambition de boucler leur saison internationale en beaut\\u00e9, \\u00e0 l'occasion de la finale de la Wanda Diamond League 2026, disput\\u00e9e vendredi et samedi dans le cadre de l'Allianz M\\u00e9morial Van Damme. C'est sur 800 m que l'Alg\\u00e9rie ouvrira son compte, vendredi \\u00e0 19h42\",\"inLanguage\":\"fr-FR\",\"isPartOf\":{\"@id\":\"https:\\\/\\\/lasentinelle.dz\\\/#website\"},\"breadcrumb\":{\"@id\":\"https:\\\/\\\/lasentinelle.dz\\\/index.php\\\/2026\\\/09\\\/02\\\/ligue-de-diamant-sedjati-moula-et-triki-a-lassaut-de-lelite-mondiale-a-bruxelles\\\/#breadcrumblist\"},\"author\":{\"@id\":\"https:\\\/\\\/lasentinelle.dz\\\/author\\\/admin\\\/#author\"},\"creator\":{\"@id\":\"https:\\\/\\\/lasentinelle.dz\\\/author\\\/admin\\\/#author\"},\"image\":{\"@type\":\"ImageObject\",\"url\":\"https:\\\/\\\/lasentinelle.dz\\\/wp-content\\\/uploads\\\/2025\\\/09\\\/Sedjati.jpg\",\"@id\":\"https:\\\/\\\/lasentinelle.dz\\\/index.php\\\/2026\\\/09\\\/02\\\/ligue-de-diamant-sedjati-moula-et-triki-a-lassaut-de-lelite-mondiale-a-bruxelles\\\/#mainImage\",\"width\":745,\"height\":470},\"primaryImageOfPage\":{\"@id\":\"https:\\\/\\\/lasentinelle.dz\\\/index.php\\\/2026\\\/09\\\/02\\\/ligue-de-diamant-sedjati-moula-et-triki-a-lassaut-de-lelite-mondiale-a-bruxelles\\\/#mainImage\"},\"datePublished\":\"2026-09-02T19:39:56+01:00\",\"dateModified\":\"2026-09-04T19:41:00+01:00\"},{\"@type\":\"WebSite\",\"@id\":\"https:\\\/\\\/lasentinelle.dz\\\/#website\",\"url\":\"https:\\\/\\\/lasentinelle.dz\\\/\",\"name\":\"La Sentinelle\",\"description\":\"Quotidien national d'information\",\"inLanguage\":\"fr-FR\",\"publisher\":{\"@id\":\"https:\\\/\\\/lasentinelle.dz\\\/#organization\"}}]}\n\t\t<\/script>\n\t\t<!-- All in One SEO -->\n\n","aioseo_head_json":{"title":"Ligue de diamant : Sedjati, Moula et Triki \u00e0 l\u2019assaut de l\u2019\u00e9lite mondiale \u00e0 Bruxelles - La Sentinelle","description":"Trois athl\u00e8tes alg\u00e9riens se pr\u00e9senteront ce week-end sur la piste bruxelloise avec l'ambition de boucler leur saison internationale en beaut\u00e9, \u00e0 l'occasion de la finale de la Wanda Diamond League 2026, disput\u00e9e vendredi et samedi dans le cadre de l'Allianz M\u00e9morial Van Damme. C'est sur 800 m que l'Alg\u00e9rie ouvrira son compte, vendredi \u00e0 19h42","canonical_url":"https:\/\/lasentinelle.dz\/index.php\/2026\/09\/02\/ligue-de-diamant-sedjati-moula-et-triki-a-lassaut-de-lelite-mondiale-a-bruxelles\/","robots":"max-image-preview:large","keywords":"","webmasterTools":{"miscellaneous":""},"schema":{"@context":"https:\/\/schema.org","@graph":[{"@type":"BlogPosting","@id":"https:\/\/lasentinelle.dz\/index.php\/2026\/09\/02\/ligue-de-diamant-sedjati-moula-et-triki-a-lassaut-de-lelite-mondiale-a-bruxelles\/#blogposting","name":"Ligue de diamant : Sedjati, Moula et Triki \u00e0 l\u2019assaut de l\u2019\u00e9lite mondiale \u00e0 Bruxelles - La Sentinelle","headline":"Ligue de diamant\u00a0: Sedjati, Moula et Triki \u00e0 l&rsquo;assaut de l&rsquo;\u00e9lite mondiale \u00e0 Bruxelles","author":{"@id":"https:\/\/lasentinelle.dz\/author\/admin\/#author"},"publisher":{"@id":"https:\/\/lasentinelle.dz\/#organization"},"image":{"@type":"ImageObject","url":"https:\/\/lasentinelle.dz\/wp-content\/uploads\/2025\/09\/Sedjati.jpg","width":745,"height":470},"datePublished":"2026-09-02T19:39:56+01:00","dateModified":"2026-09-04T19:41:00+01:00","inLanguage":"fr-FR","mainEntityOfPage":{"@id":"https:\/\/lasentinelle.dz\/index.php\/2026\/09\/02\/ligue-de-diamant-sedjati-moula-et-triki-a-lassaut-de-lelite-mondiale-a-bruxelles\/#webpage"},"isPartOf":{"@id":"https:\/\/lasentinelle.dz\/index.php\/2026\/09\/02\/ligue-de-diamant-sedjati-moula-et-triki-a-lassaut-de-lelite-mondiale-a-bruxelles\/#webpage"},"articleSection":"Sports"},{"@type":"BreadcrumbList","@id":"https:\/\/lasentinelle.dz\/index.php\/2026\/09\/02\/ligue-de-diamant-sedjati-moula-et-triki-a-lassaut-de-lelite-mondiale-a-bruxelles\/#breadcrumblist","itemListElement":[{"@type":"ListItem","@id":"https:\/\/lasentinelle.dz#listItem","position":1,"name":"Home","item":"https:\/\/lasentinelle.dz","nextItem":{"@type":"ListItem","@id":"https:\/\/lasentinelle.dz\/index.php\/category\/sports\/#listItem","name":"Sports"}},{"@type":"ListItem","@id":"https:\/\/lasentinelle.dz\/index.php\/category\/sports\/#listItem","position":2,"name":"Sports","item":"https:\/\/lasentinelle.dz\/index.php\/category\/sports\/","nextItem":{"@type":"ListItem","@id":"https:\/\/lasentinelle.dz\/index.php\/2026\/09\/02\/ligue-de-diamant-sedjati-moula-et-triki-a-lassaut-de-lelite-mondiale-a-bruxelles\/#listItem","name":"Ligue de diamant\u00a0: Sedjati, Moula et Triki \u00e0 l&rsquo;assaut de l&rsquo;\u00e9lite mondiale \u00e0 Bruxelles"},"previousItem":{"@type":"ListItem","@id":"https:\/\/lasentinelle.dz#listItem","name":"Home"}},{"@type":"ListItem","@id":"https:\/\/lasentinelle.dz\/index.php\/2026\/09\/02\/ligue-de-diamant-sedjati-moula-et-triki-a-lassaut-de-lelite-mondiale-a-bruxelles\/#listItem","position":3,"name":"Ligue de diamant\u00a0: Sedjati, Moula et Triki \u00e0 l&rsquo;assaut de l&rsquo;\u00e9lite mondiale \u00e0 Bruxelles","previousItem":{"@type":"ListItem","@id":"https:\/\/lasentinelle.dz\/index.php\/category\/sports\/#listItem","name":"Sports"}}]},{"@type":"Organization","@id":"https:\/\/lasentinelle.dz\/#organization","name":"La Sentinelle La Sentinelle","description":"Quotidien national d'information","url":"https:\/\/lasentinelle.dz\/","logo":{"@type":"ImageObject","url":"https:\/\/lasentinelle.dz\/wp-content\/uploads\/2021\/09\/cropped-la-sentinelle-earth-golden-anima-5.gif","@id":"https:\/\/lasentinelle.dz\/index.php\/2026\/09\/02\/ligue-de-diamant-sedjati-moula-et-triki-a-lassaut-de-lelite-mondiale-a-bruxelles\/#organizationLogo","width":450,"height":213},"image":{"@id":"https:\/\/lasentinelle.dz\/index.php\/2026\/09\/02\/ligue-de-diamant-sedjati-moula-et-triki-a-lassaut-de-lelite-mondiale-a-bruxelles\/#organizationLogo"},"sameAs":["https:\/\/www.facebook.com\/azzedine.lasentinelle.1"]},{"@type":"Person","@id":"https:\/\/lasentinelle.dz\/author\/admin\/#author","url":"https:\/\/lasentinelle.dz\/author\/admin\/","name":"admin","image":{"@type":"ImageObject","@id":"https:\/\/lasentinelle.dz\/index.php\/2026\/09\/02\/ligue-de-diamant-sedjati-moula-et-triki-a-lassaut-de-lelite-mondiale-a-bruxelles\/#authorImage","url":"https:\/\/secure.gravatar.com\/avatar\/4c81fed838786e9b53f540bf46533e750f5d292099ae3b66cfc6fb1982e29df7?s=96&d=mm&r=g","width":96,"height":96,"caption":"admin"}},{"@type":"WebPage","@id":"https:\/\/lasentinelle.dz\/index.php\/2026\/09\/02\/ligue-de-diamant-sedjati-moula-et-triki-a-lassaut-de-lelite-mondiale-a-bruxelles\/#webpage","url":"https:\/\/lasentinelle.dz\/index.php\/2026\/09\/02\/ligue-de-diamant-sedjati-moula-et-triki-a-lassaut-de-lelite-mondiale-a-bruxelles\/","name":"Ligue de diamant : Sedjati, Moula et Triki \u00e0 l\u2019assaut de l\u2019\u00e9lite mondiale \u00e0 Bruxelles - La Sentinelle","description":"Trois athl\u00e8tes alg\u00e9riens se pr\u00e9senteront ce week-end sur la piste bruxelloise avec l'ambition de boucler leur saison internationale en beaut\u00e9, \u00e0 l'occasion de la finale de la Wanda Diamond League 2026, disput\u00e9e vendredi et samedi dans le cadre de l'Allianz M\u00e9morial Van Damme. C'est sur 800 m que l'Alg\u00e9rie ouvrira son compte, vendredi \u00e0 19h42","inLanguage":"fr-FR","isPartOf":{"@id":"https:\/\/lasentinelle.dz\/#website"},"breadcrumb":{"@id":"https:\/\/lasentinelle.dz\/index.php\/2026\/09\/02\/ligue-de-diamant-sedjati-moula-et-triki-a-lassaut-de-lelite-mondiale-a-bruxelles\/#breadcrumblist"},"author":{"@id":"https:\/\/lasentinelle.dz\/author\/admin\/#author"},"creator":{"@id":"https:\/\/lasentinelle.dz\/author\/admin\/#author"},"image":{"@type":"ImageObject","url":"https:\/\/lasentinelle.dz\/wp-content\/uploads\/2025\/09\/Sedjati.jpg","@id":"https:\/\/lasentinelle.dz\/index.php\/2026\/09\/02\/ligue-de-diamant-sedjati-moula-et-triki-a-lassaut-de-lelite-mondiale-a-bruxelles\/#mainImage","width":745,"height":470},"primaryImageOfPage":{"@id":"https:\/\/lasentinelle.dz\/index.php\/2026\/09\/02\/ligue-de-diamant-sedjati-moula-et-triki-a-lassaut-de-lelite-mondiale-a-bruxelles\/#mainImage"},"datePublished":"2026-09-02T19:39:56+01:00","dateModified":"2026-09-04T19:41:00+01:00"},{"@type":"WebSite","@id":"https:\/\/lasentinelle.dz\/#website","url":"https:\/\/lasentinelle.dz\/","name":"La Sentinelle","description":"Quotidien national d'information","inLanguage":"fr-FR","publisher":{"@id":"https:\/\/lasentinelle.dz\/#organization"}}]},"og:locale":"fr_FR","og:site_name":"La Sentinelle - Quotidien national d'information","og:type":"article","og:title":"Ligue de diamant : Sedjati, Moula et Triki \u00e0 l\u2019assaut de l\u2019\u00e9lite mondiale \u00e0 Bruxelles - La Sentinelle","og:description":"Trois athl\u00e8tes alg\u00e9riens se pr\u00e9senteront ce week-end sur la piste bruxelloise avec l'ambition de boucler leur saison internationale en beaut\u00e9, \u00e0 l'occasion de la finale de la Wanda Diamond League 2026, disput\u00e9e vendredi et samedi dans le cadre de l'Allianz M\u00e9morial Van Damme. C'est sur 800 m que l'Alg\u00e9rie ouvrira son compte, vendredi \u00e0 19h42","og:url":"https:\/\/lasentinelle.dz\/index.php\/2026\/09\/02\/ligue-de-diamant-sedjati-moula-et-triki-a-lassaut-de-lelite-mondiale-a-bruxelles\/","og:image":"https:\/\/lasentinelle.dz\/wp-content\/uploads\/2021\/09\/cropped-la-sentinelle-earth-golden-anima-5.gif","og:image:secure_url":"https:\/\/lasentinelle.dz\/wp-content\/uploads\/2021\/09\/cropped-la-sentinelle-earth-golden-anima-5.gif","og:image:width":450,"og:image:height":213,"article:published_time":"2026-09-02T18:39:56+00:00","article:modified_time":"2026-09-04T18:41:00+00:00","article:publisher":"https:\/\/www.facebook.com\/azzedine.lasentinelle.1","twitter:card":"summary_large_image","twitter:title":"Ligue de diamant : Sedjati, Moula et Triki \u00e0 l\u2019assaut de l\u2019\u00e9lite mondiale \u00e0 Bruxelles - La Sentinelle","twitter:description":"Trois athl\u00e8tes alg\u00e9riens se pr\u00e9senteront ce week-end sur la piste bruxelloise avec l'ambition de boucler leur saison internationale en beaut\u00e9, \u00e0 l'occasion de la finale de la Wanda Diamond League 2026, disput\u00e9e vendredi et samedi dans le cadre de l'Allianz M\u00e9morial Van Damme. C'est sur 800 m que l'Alg\u00e9rie ouvrira son compte, vendredi \u00e0 19h42","twitter:image":"https:\/\/lasentinelle.dz\/wp-content\/uploads\/2021\/09\/cropped-la-sentinelle-earth-golden-anima-5.gif"},"aioseo_meta_data":{"post_id":"94909","title":null,"description":null,"keywords":null,"keyphrases":{"focus":{"keyphrase":"","score":0,"analysis":{"keyphraseInTitle":{"score":0,"maxScore":9,"error":1}}},"additional":[]},"primary_term":null,"canonical_url":null,"og_title":null,"og_description":null,"og_object_type":"default","og_image_type":"default","og_image_url":null,"og_image_width":null,"og_image_height":null,"og_image_custom_url":null,"og_image_custom_fields":null,"og_video":"","og_custom_url":null,"og_article_section":null,"og_article_tags":null,"twitter_use_og":false,"twitter_card":"default","twitter_image_type":"default","twitter_image_url":null,"twitter_image_custom_url":null,"twitter_image_custom_fields":null,"twitter_title":null,"twitter_description":null,"schema":{"blockGraphs":[],"customGraphs":[],"default":{"data":{"Article":[],"Course":[],"Dataset":[],"FAQPage":[],"Movie":[],"Person":[],"Product":[],"ProductReview":[],"Car":[],"Recipe":[],"Service":[],"SoftwareApplication":[],"WebPage":[]},"graphName":"BlogPosting","isEnabled":true},"graphs":[]},"schema_type":"default","schema_type_options":null,"pillar_content":false,"robots_default":true,"robots_noindex":false,"robots_noarchive":false,"robots_nosnippet":false,"robots_nofollow":false,"robots_noimageindex":false,"robots_noodp":false,"robots_notranslate":false,"robots_max_snippet":"-1","robots_max_videopreview":"-1","robots_max_imagepreview":"large","priority":null,"frequency":"default","local_seo":null,"breadcrumb_settings":null,"limit_modified_date":false,"ai":{"faqs":[],"keyPoints":[],"schemas":[],"titles":[],"descriptions":[],"socialPosts":{"email":{"subject":"","preview":"","content":""},"linkedin":[],"twitter":[],"facebook":[],"instagram":[]}},"created":"2026-09-04 18:41:01","updated":"2026-09-04 18:58:34","focus_keyword":null,"additional_keywords":null,"truseo_locale":null,"seo_analyzer_scan_date":null},"aioseo_breadcrumb":"<div class=\"aioseo-breadcrumbs\"><span class=\"aioseo-breadcrumb\">\n\t\t\t<a href=\"https:\/\/lasentinelle.dz\" title=\"Home\">Home<\/a>\n\t\t<\/span><span class=\"aioseo-breadcrumb-separator\">&raquo;<\/span><span class=\"aioseo-breadcrumb\">\n\t\t\t<a href=\"https:\/\/lasentinelle.dz\/index.php\/category\/sports\/\" title=\"Sports\">Sports<\/a>\n\t\t<\/span><span class=\"aioseo-breadcrumb-separator\">&raquo;<\/span><span class=\"aioseo-breadcrumb\">\n\t\t\tLigue de diamant : Sedjati, Moula et Triki \u00e0 l\u2019assaut de l\u2019\u00e9lite mondiale \u00e0 Bruxelles\n\t\t<\/span><\/div>","aioseo_breadcrumb_json":[{"label":"Home","link":"https:\/\/lasentinelle.dz"},{"label":"Sports","link":"https:\/\/lasentinelle.dz\/index.php\/category\/sports\/"},{"label":"Ligue de diamant\u00a0: Sedjati, Moula et Triki \u00e0 l&rsquo;assaut de l&rsquo;\u00e9lite mondiale \u00e0 Bruxelles","link":"https:\/\/lasentinelle.dz\/index.php\/2026\/09\/02\/ligue-de-diamant-sedjati-moula-et-triki-a-lassaut-de-lelite-mondiale-a-bruxelles\/"}],"yoast_head":"<!-- This site is optimized with the Yoast SEO plugin v28.4 - https:\/\/yoast.com\/product\/yoast-seo-wordpress\/ -->\n<title>Ligue de diamant\u00a0: Sedjati, Moula et Triki \u00e0 l&rsquo;assaut de l&rsquo;\u00e9lite mondiale \u00e0 Bruxelles - La Sentinelle<\/title>\n<meta name=\"robots\" content=\"index, follow, max-snippet:-1, max-image-preview:large, max-video-preview:-1\" \/>\n<link rel=\"canonical\" href=\"https:\/\/lasentinelle.dz\/index.php\/2026\/09\/02\/ligue-de-diamant-sedjati-moula-et-triki-a-lassaut-de-lelite-mondiale-a-bruxelles\/\" \/>\n<meta property=\"og:locale\" content=\"fr_FR\" \/>\n<meta property=\"og:type\" content=\"article\" \/>\n<meta property=\"og:title\" content=\"Ligue de diamant\u00a0: Sedjati, Moula et Triki \u00e0 l&rsquo;assaut de l&rsquo;\u00e9lite mondiale \u00e0 Bruxelles - La Sentinelle\" \/>\n<meta property=\"og:description\" content=\"Trois athl\u00e8tes alg\u00e9riens se pr\u00e9senteront ce week-end sur la piste bruxelloise avec l&rsquo;ambition de boucler leur saison internationale en beaut\u00e9,\" \/>\n<meta property=\"og:url\" content=\"https:\/\/lasentinelle.dz\/index.php\/2026\/09\/02\/ligue-de-diamant-sedjati-moula-et-triki-a-lassaut-de-lelite-mondiale-a-bruxelles\/\" \/>\n<meta property=\"og:site_name\" content=\"La Sentinelle\" \/>\n<meta property=\"article:publisher\" content=\"https:\/\/www.facebook.com\/La-Sentinelle-104059864394773\" \/>\n<meta property=\"article:published_time\" content=\"2026-09-02T18:39:56+00:00\" \/>\n<meta property=\"article:modified_time\" content=\"2026-09-04T18:41:00+00:00\" \/>\n<meta property=\"og:image\" content=\"https:\/\/lasentinelle.dz\/wp-content\/uploads\/2025\/09\/Sedjati.jpg\" \/>\n\t<meta property=\"og:image:width\" content=\"745\" \/>\n\t<meta property=\"og:image:height\" content=\"470\" \/>\n\t<meta property=\"og:image:type\" content=\"image\/jpeg\" \/>\n<meta name=\"author\" content=\"admin\" \/>\n<meta name=\"twitter:card\" content=\"summary_large_image\" \/>\n<meta name=\"twitter:label1\" content=\"\u00c9crit par\" \/>\n\t<meta name=\"twitter:data1\" content=\"admin\" \/>\n\t<meta name=\"twitter:label2\" content=\"Dur\u00e9e de lecture estim\u00e9e\" \/>\n\t<meta name=\"twitter:data2\" content=\"3 minutes\" \/>\n<script type=\"application\/ld+json\" class=\"yoast-schema-graph\">{\"@context\":\"https:\\\/\\\/schema.org\",\"@graph\":[{\"@type\":\"Article\",\"@id\":\"https:\\\/\\\/lasentinelle.dz\\\/index.php\\\/2026\\\/09\\\/02\\\/ligue-de-diamant-sedjati-moula-et-triki-a-lassaut-de-lelite-mondiale-a-bruxelles\\\/#article\",\"isPartOf\":{\"@id\":\"https:\\\/\\\/lasentinelle.dz\\\/index.php\\\/2026\\\/09\\\/02\\\/ligue-de-diamant-sedjati-moula-et-triki-a-lassaut-de-lelite-mondiale-a-bruxelles\\\/\"},\"author\":{\"name\":\"admin\",\"@id\":\"https:\\\/\\\/lasentinelle.dz\\\/#\\\/schema\\\/person\\\/729ee0024f24e0b8c5ec17232f8e8b41\"},\"headline\":\"Ligue de diamant\u00a0: Sedjati, Moula et Triki \u00e0 l&rsquo;assaut de l&rsquo;\u00e9lite mondiale \u00e0 Bruxelles\",\"datePublished\":\"2026-09-02T18:39:56+00:00\",\"dateModified\":\"2026-09-04T18:41:00+00:00\",\"mainEntityOfPage\":{\"@id\":\"https:\\\/\\\/lasentinelle.dz\\\/index.php\\\/2026\\\/09\\\/02\\\/ligue-de-diamant-sedjati-moula-et-triki-a-lassaut-de-lelite-mondiale-a-bruxelles\\\/\"},\"wordCount\":561,\"commentCount\":0,\"publisher\":{\"@id\":\"https:\\\/\\\/lasentinelle.dz\\\/#organization\"},\"image\":{\"@id\":\"https:\\\/\\\/lasentinelle.dz\\\/index.php\\\/2026\\\/09\\\/02\\\/ligue-de-diamant-sedjati-moula-et-triki-a-lassaut-de-lelite-mondiale-a-bruxelles\\\/#primaryimage\"},\"thumbnailUrl\":\"https:\\\/\\\/lasentinelle.dz\\\/wp-content\\\/uploads\\\/2025\\\/09\\\/Sedjati.jpg\",\"articleSection\":[\"Sports\"],\"inLanguage\":\"fr-FR\",\"potentialAction\":[{\"@type\":\"CommentAction\",\"name\":\"Comment\",\"target\":[\"https:\\\/\\\/lasentinelle.dz\\\/index.php\\\/2026\\\/09\\\/02\\\/ligue-de-diamant-sedjati-moula-et-triki-a-lassaut-de-lelite-mondiale-a-bruxelles\\\/#respond\"]}]},{\"@type\":\"WebPage\",\"@id\":\"https:\\\/\\\/lasentinelle.dz\\\/index.php\\\/2026\\\/09\\\/02\\\/ligue-de-diamant-sedjati-moula-et-triki-a-lassaut-de-lelite-mondiale-a-bruxelles\\\/\",\"url\":\"https:\\\/\\\/lasentinelle.dz\\\/index.php\\\/2026\\\/09\\\/02\\\/ligue-de-diamant-sedjati-moula-et-triki-a-lassaut-de-lelite-mondiale-a-bruxelles\\\/\",\"name\":\"Ligue de diamant\u00a0: Sedjati, Moula et Triki \u00e0 l&rsquo;assaut de l&rsquo;\u00e9lite mondiale \u00e0 Bruxelles - La Sentinelle\",\"isPartOf\":{\"@id\":\"https:\\\/\\\/lasentinelle.dz\\\/#website\"},\"primaryImageOfPage\":{\"@id\":\"https:\\\/\\\/lasentinelle.dz\\\/index.php\\\/2026\\\/09\\\/02\\\/ligue-de-diamant-sedjati-moula-et-triki-a-lassaut-de-lelite-mondiale-a-bruxelles\\\/#primaryimage\"},\"image\":{\"@id\":\"https:\\\/\\\/lasentinelle.dz\\\/index.php\\\/2026\\\/09\\\/02\\\/ligue-de-diamant-sedjati-moula-et-triki-a-lassaut-de-lelite-mondiale-a-bruxelles\\\/#primaryimage\"},\"thumbnailUrl\":\"https:\\\/\\\/lasentinelle.dz\\\/wp-content\\\/uploads\\\/2025\\\/09\\\/Sedjati.jpg\",\"datePublished\":\"2026-09-02T18:39:56+00:00\",\"dateModified\":\"2026-09-04T18:41:00+00:00\",\"breadcrumb\":{\"@id\":\"https:\\\/\\\/lasentinelle.dz\\\/index.php\\\/2026\\\/09\\\/02\\\/ligue-de-diamant-sedjati-moula-et-triki-a-lassaut-de-lelite-mondiale-a-bruxelles\\\/#breadcrumb\"},\"inLanguage\":\"fr-FR\",\"potentialAction\":[{\"@type\":\"ReadAction\",\"target\":[\"https:\\\/\\\/lasentinelle.dz\\\/index.php\\\/2026\\\/09\\\/02\\\/ligue-de-diamant-sedjati-moula-et-triki-a-lassaut-de-lelite-mondiale-a-bruxelles\\\/\"]}]},{\"@type\":\"ImageObject\",\"inLanguage\":\"fr-FR\",\"@id\":\"https:\\\/\\\/lasentinelle.dz\\\/index.php\\\/2026\\\/09\\\/02\\\/ligue-de-diamant-sedjati-moula-et-triki-a-lassaut-de-lelite-mondiale-a-bruxelles\\\/#primaryimage\",\"url\":\"https:\\\/\\\/lasentinelle.dz\\\/wp-content\\\/uploads\\\/2025\\\/09\\\/Sedjati.jpg\",\"contentUrl\":\"https:\\\/\\\/lasentinelle.dz\\\/wp-content\\\/uploads\\\/2025\\\/09\\\/Sedjati.jpg\",\"width\":745,\"height\":470},{\"@type\":\"BreadcrumbList\",\"@id\":\"https:\\\/\\\/lasentinelle.dz\\\/index.php\\\/2026\\\/09\\\/02\\\/ligue-de-diamant-sedjati-moula-et-triki-a-lassaut-de-lelite-mondiale-a-bruxelles\\\/#breadcrumb\",\"itemListElement\":[{\"@type\":\"ListItem\",\"position\":1,\"name\":\"Accueil\",\"item\":\"https:\\\/\\\/lasentinelle.dz\\\/\"},{\"@type\":\"ListItem\",\"position\":2,\"name\":\"Ligue de diamant\u00a0: Sedjati, Moula et Triki \u00e0 l&rsquo;assaut de l&rsquo;\u00e9lite mondiale \u00e0 Bruxelles\"}]},{\"@type\":\"WebSite\",\"@id\":\"https:\\\/\\\/lasentinelle.dz\\\/#website\",\"url\":\"https:\\\/\\\/lasentinelle.dz\\\/\",\"name\":\"La Sentinelle\",\"description\":\"Quotidien national d&#039;information\",\"publisher\":{\"@id\":\"https:\\\/\\\/lasentinelle.dz\\\/#organization\"},\"potentialAction\":[{\"@type\":\"SearchAction\",\"target\":{\"@type\":\"EntryPoint\",\"urlTemplate\":\"https:\\\/\\\/lasentinelle.dz\\\/?s={search_term_string}\"},\"query-input\":{\"@type\":\"PropertyValueSpecification\",\"valueRequired\":true,\"valueName\":\"search_term_string\"}}],\"inLanguage\":\"fr-FR\"},{\"@type\":\"Organization\",\"@id\":\"https:\\\/\\\/lasentinelle.dz\\\/#organization\",\"name\":\"Quotidien La Sentinelle\",\"url\":\"https:\\\/\\\/lasentinelle.dz\\\/\",\"logo\":{\"@type\":\"ImageObject\",\"inLanguage\":\"fr-FR\",\"@id\":\"https:\\\/\\\/lasentinelle.dz\\\/#\\\/schema\\\/logo\\\/image\\\/\",\"url\":\"https:\\\/\\\/lasentinelle.dz\\\/wp-content\\\/uploads\\\/2021\\\/09\\\/logo-sentinelleSLOGAN-1.png\",\"contentUrl\":\"https:\\\/\\\/lasentinelle.dz\\\/wp-content\\\/uploads\\\/2021\\\/09\\\/logo-sentinelleSLOGAN-1.png\",\"width\":615,\"height\":142,\"caption\":\"Quotidien La Sentinelle\"},\"image\":{\"@id\":\"https:\\\/\\\/lasentinelle.dz\\\/#\\\/schema\\\/logo\\\/image\\\/\"},\"sameAs\":[\"https:\\\/\\\/www.facebook.com\\\/La-Sentinelle-104059864394773\"]},{\"@type\":\"Person\",\"@id\":\"https:\\\/\\\/lasentinelle.dz\\\/#\\\/schema\\\/person\\\/729ee0024f24e0b8c5ec17232f8e8b41\",\"name\":\"admin\",\"image\":{\"@type\":\"ImageObject\",\"inLanguage\":\"fr-FR\",\"@id\":\"https:\\\/\\\/secure.gravatar.com\\\/avatar\\\/4c81fed838786e9b53f540bf46533e750f5d292099ae3b66cfc6fb1982e29df7?s=96&d=mm&r=g\",\"url\":\"https:\\\/\\\/secure.gravatar.com\\\/avatar\\\/4c81fed838786e9b53f540bf46533e750f5d292099ae3b66cfc6fb1982e29df7?s=96&d=mm&r=g\",\"contentUrl\":\"https:\\\/\\\/secure.gravatar.com\\\/avatar\\\/4c81fed838786e9b53f540bf46533e750f5d292099ae3b66cfc6fb1982e29df7?s=96&d=mm&r=g\",\"caption\":\"admin\"},\"description\":\"admin\",\"url\":\"https:\\\/\\\/lasentinelle.dz\\\/author\\\/admin\\\/\"}]}<\/script>\n<!-- \/ Yoast SEO plugin. -->","yoast_head_json":{"title":"Ligue de diamant\u00a0: Sedjati, Moula et Triki \u00e0 l&rsquo;assaut de l&rsquo;\u00e9lite mondiale \u00e0 Bruxelles - La Sentinelle","robots":{"index":"index","follow":"follow","max-snippet":"max-snippet:-1","max-image-preview":"max-image-preview:large","max-video-preview":"max-video-preview:-1"},"canonical":"https:\/\/lasentinelle.dz\/index.php\/2026\/09\/02\/ligue-de-diamant-sedjati-moula-et-triki-a-lassaut-de-lelite-mondiale-a-bruxelles\/","og_locale":"fr_FR","og_type":"article","og_title":"Ligue de diamant\u00a0: Sedjati, Moula et Triki \u00e0 l&rsquo;assaut de l&rsquo;\u00e9lite mondiale \u00e0 Bruxelles - La Sentinelle","og_description":"Trois athl\u00e8tes alg\u00e9riens se pr\u00e9senteront ce week-end sur la piste bruxelloise avec l&rsquo;ambition de boucler leur saison internationale en beaut\u00e9,","og_url":"https:\/\/lasentinelle.dz\/index.php\/2026\/09\/02\/ligue-de-diamant-sedjati-moula-et-triki-a-lassaut-de-lelite-mondiale-a-bruxelles\/","og_site_name":"La Sentinelle","article_publisher":"https:\/\/www.facebook.com\/La-Sentinelle-104059864394773","article_published_time":"2026-09-02T18:39:56+00:00","article_modified_time":"2026-09-04T18:41:00+00:00","og_image":[{"width":745,"height":470,"url":"https:\/\/lasentinelle.dz\/wp-content\/uploads\/2025\/09\/Sedjati.jpg","type":"image\/jpeg"}],"author":"admin","twitter_card":"summary_large_image","twitter_misc":{"\u00c9crit par":"admin","Dur\u00e9e de lecture estim\u00e9e":"3 minutes"},"schema":{"@context":"https:\/\/schema.org","@graph":[{"@type":"Article","@id":"https:\/\/lasentinelle.dz\/index.php\/2026\/09\/02\/ligue-de-diamant-sedjati-moula-et-triki-a-lassaut-de-lelite-mondiale-a-bruxelles\/#article","isPartOf":{"@id":"https:\/\/lasentinelle.dz\/index.php\/2026\/09\/02\/ligue-de-diamant-sedjati-moula-et-triki-a-lassaut-de-lelite-mondiale-a-bruxelles\/"},"author":{"name":"admin","@id":"https:\/\/lasentinelle.dz\/#\/schema\/person\/729ee0024f24e0b8c5ec17232f8e8b41"},"headline":"Ligue de diamant\u00a0: Sedjati, Moula et Triki \u00e0 l&rsquo;assaut de l&rsquo;\u00e9lite mondiale \u00e0 Bruxelles","datePublished":"2026-09-02T18:39:56+00:00","dateModified":"2026-09-04T18:41:00+00:00","mainEntityOfPage":{"@id":"https:\/\/lasentinelle.dz\/index.php\/2026\/09\/02\/ligue-de-diamant-sedjati-moula-et-triki-a-lassaut-de-lelite-mondiale-a-bruxelles\/"},"wordCount":561,"commentCount":0,"publisher":{"@id":"https:\/\/lasentinelle.dz\/#organization"},"image":{"@id":"https:\/\/lasentinelle.dz\/index.php\/2026\/09\/02\/ligue-de-diamant-sedjati-moula-et-triki-a-lassaut-de-lelite-mondiale-a-bruxelles\/#primaryimage"},"thumbnailUrl":"https:\/\/lasentinelle.dz\/wp-content\/uploads\/2025\/09\/Sedjati.jpg","articleSection":["Sports"],"inLanguage":"fr-FR","potentialAction":[{"@type":"CommentAction","name":"Comment","target":["https:\/\/lasentinelle.dz\/index.php\/2026\/09\/02\/ligue-de-diamant-sedjati-moula-et-triki-a-lassaut-de-lelite-mondiale-a-bruxelles\/#respond"]}]},{"@type":"WebPage","@id":"https:\/\/lasentinelle.dz\/index.php\/2026\/09\/02\/ligue-de-diamant-sedjati-moula-et-triki-a-lassaut-de-lelite-mondiale-a-bruxelles\/","url":"https:\/\/lasentinelle.dz\/index.php\/2026\/09\/02\/ligue-de-diamant-sedjati-moula-et-triki-a-lassaut-de-lelite-mondiale-a-bruxelles\/","name":"Ligue de diamant\u00a0: Sedjati, Moula et Triki \u00e0 l&rsquo;assaut de l&rsquo;\u00e9lite mondiale \u00e0 Bruxelles - La Sentinelle","isPartOf":{"@id":"https:\/\/lasentinelle.dz\/#website"},"primaryImageOfPage":{"@id":"https:\/\/lasentinelle.dz\/index.php\/2026\/09\/02\/ligue-de-diamant-sedjati-moula-et-triki-a-lassaut-de-lelite-mondiale-a-bruxelles\/#primaryimage"},"image":{"@id":"https:\/\/lasentinelle.dz\/index.php\/2026\/09\/02\/ligue-de-diamant-sedjati-moula-et-triki-a-lassaut-de-lelite-mondiale-a-bruxelles\/#primaryimage"},"thumbnailUrl":"https:\/\/lasentinelle.dz\/wp-content\/uploads\/2025\/09\/Sedjati.jpg","datePublished":"2026-09-02T18:39:56+00:00","dateModified":"2026-09-04T18:41:00+00:00","breadcrumb":{"@id":"https:\/\/lasentinelle.dz\/index.php\/2026\/09\/02\/ligue-de-diamant-sedjati-moula-et-triki-a-lassaut-de-lelite-mondiale-a-bruxelles\/#breadcrumb"},"inLanguage":"fr-FR","potentialAction":[{"@type":"ReadAction","target":["https:\/\/lasentinelle.dz\/index.php\/2026\/09\/02\/ligue-de-diamant-sedjati-moula-et-triki-a-lassaut-de-lelite-mondiale-a-bruxelles\/"]}]},{"@type":"ImageObject","inLanguage":"fr-FR","@id":"https:\/\/lasentinelle.dz\/index.php\/2026\/09\/02\/ligue-de-diamant-sedjati-moula-et-triki-a-lassaut-de-lelite-mondiale-a-bruxelles\/#primaryimage","url":"https:\/\/lasentinelle.dz\/wp-content\/uploads\/2025\/09\/Sedjati.jpg","contentUrl":"https:\/\/lasentinelle.dz\/wp-content\/uploads\/2025\/09\/Sedjati.jpg","width":745,"height":470},{"@type":"BreadcrumbList","@id":"https:\/\/lasentinelle.dz\/index.php\/2026\/09\/02\/ligue-de-diamant-sedjati-moula-et-triki-a-lassaut-de-lelite-mondiale-a-bruxelles\/#breadcrumb","itemListElement":[{"@type":"ListItem","position":1,"name":"Accueil","item":"https:\/\/lasentinelle.dz\/"},{"@type":"ListItem","position":2,"name":"Ligue de diamant\u00a0: Sedjati, Moula et Triki \u00e0 l&rsquo;assaut de l&rsquo;\u00e9lite mondiale \u00e0 Bruxelles"}]},{"@type":"WebSite","@id":"https:\/\/lasentinelle.dz\/#website","url":"https:\/\/lasentinelle.dz\/","name":"La Sentinelle","description":"Quotidien national d&#039;information","publisher":{"@id":"https:\/\/lasentinelle.dz\/#organization"},"potentialAction":[{"@type":"SearchAction","target":{"@type":"EntryPoint","urlTemplate":"https:\/\/lasentinelle.dz\/?s={search_term_string}"},"query-input":{"@type":"PropertyValueSpecification","valueRequired":true,"valueName":"search_term_string"}}],"inLanguage":"fr-FR"},{"@type":"Organization","@id":"https:\/\/lasentinelle.dz\/#organization","name":"Quotidien La Sentinelle","url":"https:\/\/lasentinelle.dz\/","logo":{"@type":"ImageObject","inLanguage":"fr-FR","@id":"https:\/\/lasentinelle.dz\/#\/schema\/logo\/image\/","url":"https:\/\/lasentinelle.dz\/wp-content\/uploads\/2021\/09\/logo-sentinelleSLOGAN-1.png","contentUrl":"https:\/\/lasentinelle.dz\/wp-content\/uploads\/2021\/09\/logo-sentinelleSLOGAN-1.png","width":615,"height":142,"caption":"Quotidien La Sentinelle"},"image":{"@id":"https:\/\/lasentinelle.dz\/#\/schema\/logo\/image\/"},"sameAs":["https:\/\/www.facebook.com\/La-Sentinelle-104059864394773"]},{"@type":"Person","@id":"https:\/\/lasentinelle.dz\/#\/schema\/person\/729ee0024f24e0b8c5ec17232f8e8b41","name":"admin","image":{"@type":"ImageObject","inLanguage":"fr-FR","@id":"https:\/\/secure.gravatar.com\/avatar\/4c81fed838786e9b53f540bf46533e750f5d292099ae3b66cfc6fb1982e29df7?s=96&d=mm&r=g","url":"https:\/\/secure.gravatar.com\/avatar\/4c81fed838786e9b53f540bf46533e750f5d292099ae3b66cfc6fb1982e29df7?s=96&d=mm&r=g","contentUrl":"https:\/\/secure.gravatar.com\/avatar\/4c81fed838786e9b53f540bf46533e750f5d292099ae3b66cfc6fb1982e29df7?s=96&d=mm&r=g","caption":"admin"},"description":"admin","url":"https:\/\/lasentinelle.dz\/author\/admin\/"}]}},"_links":{"self":[{"href":"https:\/\/lasentinelle.dz\/index.php\/wp-json\/wp\/v2\/posts\/94909","targetHints":{"allow":["GET"]}}],"collection":[{"href":"https:\/\/lasentinelle.dz\/index.php\/wp-json\/wp\/v2\/posts"}],"about":[{"href":"https:\/\/lasentinelle.dz\/index.php\/wp-json\/wp\/v2\/types\/post"}],"author":[{"embeddable":true,"href":"https:\/\/lasentinelle.dz\/index.php\/wp-json\/wp\/v2\/users\/6"}],"replies":[{"embeddable":true,"href":"https:\/\/lasentinelle.dz\/index.php\/wp-json\/wp\/v2\/comments?post=94909"}],"version-history":[{"count":2,"href":"https:\/\/lasentinelle.dz\/index.php\/wp-json\/wp\/v2\/posts\/94909\/revisions"}],"predecessor-version":[{"id":94911,"href":"https:\/\/lasentinelle.dz\/index.php\/wp-json\/wp\/v2\/posts\/94909\/revisions\/94911"}],"wp:featuredmedia":[{"embeddable":true,"href":"https:\/\/lasentinelle.dz\/index.php\/wp-json\/wp\/v2\/media\/73526"}],"wp:attachment":[{"href":"https:\/\/lasentinelle.dz\/index.php\/wp-json\/wp\/v2\/media?parent=94909"}],"wp:term":[{"taxonomy":"category","embeddable":true,"href":"https:\/\/lasentinelle.dz\/index.php\/wp-json\/wp\/v2\/categories?post=94909"},{"taxonomy":"post_tag","embeddable":true,"href":"https:\/\/lasentinelle.dz\/index.php\/wp-json\/wp\/v2\/tags?post=94909"}],"curies":[{"name":"wp","href":"https:\/\/api.w.org\/{rel}","templated":true}]}}