{"id":94926,"date":"2026-09-02T19:50:01","date_gmt":"2026-09-02T18:50:01","guid":{"rendered":"https:\/\/lasentinelle.dz\/?p=94926"},"modified":"2026-09-04T19:52:45","modified_gmt":"2026-09-04T18:52:45","slug":"ligue-1-mobilis-la-nouvelle-saison-souvre-avec-de-belles-affiches","status":"publish","type":"post","link":"https:\/\/lasentinelle.dz\/index.php\/2026\/09\/02\/ligue-1-mobilis-la-nouvelle-saison-souvre-avec-de-belles-affiches\/","title":{"rendered":"Ligue 1 Mobilis\u00a0: La nouvelle saison s\u2019ouvre avec de belles affiches"},"content":{"rendered":"\n<p class=\"wp-block-paragraph\">Le championnat de Ligue 1 Mobilis 2026-2027 l\u00e8ve enfin le rideau ce jeudi, avec une premi\u00e8re journ\u00e9e \u00e9tal\u00e9e sur plusieurs dates et un menu copieux pour les amateurs du ballon rond.<\/p>\n\n\n\n<p class=\"wp-block-paragraph\">Le coup d&rsquo;envoi de la nouvelle saison de Ligue 1 Mobilis sera donn\u00e9 ce jeudi 3 septembre, avec une journ\u00e9e inaugurale r\u00e9partie sur trois jours puis compl\u00e9t\u00e9e plus tard dans le mois. Ce lancement, initialement programm\u00e9 fin ao\u00fbt, avait d\u00fb \u00eatre d\u00e9cal\u00e9 apr\u00e8s la d\u00e9cision de deuil national prise \u00e0 la suite des incendies qui ont frapp\u00e9 plusieurs wilayas du pays.<\/p>\n\n\n\n<p class=\"wp-block-paragraph\">L&rsquo;affiche la plus scrut\u00e9e de cette entame de saison mettra aux prises l&rsquo;USM Khenchela et l&rsquo;USM Alger, vendredi. Les Rouge et Noir, tenants de la Coupe d&rsquo;Alg\u00e9rie et vainqueurs de la Coupe de la Conf\u00e9d\u00e9ration, se frotteront d&rsquo;entr\u00e9e \u00e0 une formation khenchelie coach\u00e9e par Bilel Dziri, sur un terrain r\u00e9put\u00e9 pi\u00e9geux. Un premier vrai test pour des Alg\u00e9rois qui voudront enclencher leur saison sur de bonnes bases, loin de tout exc\u00e8s de confiance.<\/p>\n\n\n\n<p class=\"wp-block-paragraph\">Autre duel suivi de pr\u00e8s, celui qui opposera l&rsquo;ASO Chlef au CR Belouizdad, samedi. Le Chabab version 2026-2027 s&rsquo;est offert un mercato estival copieux et arrive \u00e0 Chlef avec de fortes ambitions sous la houlette du nouvel entra\u00eeneur tunisien Nabil Maloul, d\u00e9cid\u00e9 \u00e0 renouer avec les titres apr\u00e8s une p\u00e9riode de disette. Les Ch\u00e9lifiens devront se montrer vigilants face \u00e0 une \u00e9quipe qui ne cachera pas ses intentions offensives. Jeudi toujours, l&rsquo;ES S\u00e9tif tentera de tourner la page d&rsquo;un exercice pr\u00e9c\u00e9dent d\u00e9cevant en accueillant l&rsquo;ES Ben Aknoun, au stade du 8 Mai 1945, tandis que la JS El Biar, tout juste promue, vivra son bapt\u00eame du feu en Ligue 1 face \u00e0 l&rsquo;Olympique Akbou, cinqui\u00e8me du dernier classement. La JS Kabylie recevra pour sa part le MB Rouissat au stade Hocine A\u00eft Ahmed vendredi, avec l&rsquo;ambition affich\u00e9e de d\u00e9marrer par une victoire \u00e0 domicile, pendant que le CR T\u00e9mouchent, second promu du lot, accueillera samedi un CS Constantine exp\u00e9riment\u00e9 et dirig\u00e9 par le technicien tunisien Moundher Kebair, dans un match qui vaudra double enjeu symbolique pour les T\u00e9mouchentois.<\/p>\n\n\n\n<p class=\"wp-block-paragraph\">Deux rencontres de cette premi\u00e8re journ\u00e9e ont en revanche \u00e9t\u00e9 report\u00e9es au 22 septembre, US Biskra contre JS Saoura et MC Alger contre MC Oran, en raison de l&rsquo;engagement du MCA et de la JSS dans le premier tour pr\u00e9liminaire de la Ligue des champions d&rsquo;Afrique, une contrainte de calendrier qui a pouss\u00e9 la Ligue de football professionnel \u00e0 revoir sa programmation initiale. Pour m\u00e9moire, cette nouvelle grille avait \u00e9t\u00e9 communiqu\u00e9e fin ao\u00fbt par la LFP, une fois act\u00e9e la d\u00e9cision de repousser la journ\u00e9e d&rsquo;ouverture. Elle pr\u00e9voit d\u00e9sormais une premi\u00e8re journ\u00e9e \u00e9tal\u00e9e sur les 3, 4, 5 et 22 septembre, et une deuxi\u00e8me journ\u00e9e fix\u00e9e aux 10, 11, 12 septembre puis au 6 octobre, avec notamment un choc JS Kabylie contre MC Alger programm\u00e9 ce jour-l\u00e0.<\/p>\n\n\n\n<p class=\"wp-block-paragraph\">Les autres rendez-vous de cette deuxi\u00e8me journ\u00e9e donnent d&rsquo;ores et d\u00e9j\u00e0 un aper\u00e7u du rythme soutenu qui attend les \u00e9quipes en ce d\u00e9but de saison, entre ES Ben Aknoun et US Biskra, USM Alger et JS El Biar d\u00e8s le 10 septembre, puis MC Oran contre CR T\u00e9mouchent et CR Belouizdad contre ES S\u00e9tif le lendemain. Autant de rencontres qui permettront de se faire une premi\u00e8re id\u00e9e plus pr\u00e9cise des forces en pr\u00e9sence, avant que le championnat ne trouve v\u00e9ritablement son rythme de croisi\u00e8re.<\/p>\n\n\n\n<p class=\"wp-block-paragraph\">Moncef Dahleb<\/p>\n","protected":false},"excerpt":{"rendered":"<p>Le championnat de Ligue 1 Mobilis 2026-2027 l\u00e8ve enfin le rideau ce jeudi, avec une premi\u00e8re journ\u00e9e \u00e9tal\u00e9e sur plusieurs<\/p>\n","protected":false},"author":6,"featured_media":72568,"comment_status":"open","ping_status":"closed","sticky":false,"template":"","format":"standard","meta":{"colormag_page_container_layout":"default_layout","colormag_page_sidebar_layout":"default_layout","om_disable_all_campaigns":false,"_monsterinsights_skip_tracking":false,"footnotes":"","_wpscppro_dont_share_socialmedia":false,"_wpscppro_custom_social_share_image":0,"_facebook_share_type":"default","_twitter_share_type":"default","_linkedin_share_type":"default","_pinterest_share_type":"default","_linkedin_share_type_page":"","_instagram_share_type":"default","_medium_share_type":"default","_threads_share_type":"default","_google_business_share_type":"default","_bluesky_share_type":"default","_mastodon_share_type":"default","_selected_social_profile":[],"_wpsp_enable_custom_social_template":false,"_wpsp_social_scheduling":{"enabled":false,"datetime":null,"platforms":[],"status":"template_only","dateOption":"today","timeOption":"now","customDays":"","customHours":"","customDate":"","customTime":"","schedulingType":"absolute"},"_wpsp_active_default_template":true},"categories":[33],"tags":[],"class_list":["post-94926","post","type-post","status-publish","format-standard","has-post-thumbnail","hentry","category-sports"],"aioseo_notices":[],"aioseo_head":"\n\t\t<!-- All in One SEO 5.0.0.1 - aioseo.com -->\n\t<meta name=\"description\" content=\"Le championnat de Ligue 1 Mobilis 2026-2027 l\u00e8ve enfin le rideau ce jeudi, avec une premi\u00e8re journ\u00e9e \u00e9tal\u00e9e sur plusieurs dates et un menu copieux pour les amateurs du ballon rond. Le coup d&#039;envoi de la nouvelle saison de Ligue 1 Mobilis sera donn\u00e9 ce jeudi 3 septembre, avec une journ\u00e9e inaugurale r\u00e9partie sur trois\" \/>\n\t<meta name=\"robots\" content=\"max-image-preview:large\" \/>\n\t<meta name=\"author\" content=\"admin\"\/>\n\t<link rel=\"canonical\" href=\"https:\/\/lasentinelle.dz\/index.php\/2026\/09\/02\/ligue-1-mobilis-la-nouvelle-saison-souvre-avec-de-belles-affiches\/\" \/>\n\t<meta name=\"generator\" content=\"All in One SEO (AIOSEO) 5.0.0.1\" \/>\n\t\t<meta property=\"og:locale\" content=\"fr_FR\" \/>\n\t\t<meta property=\"og:site_name\" content=\"La Sentinelle - Quotidien national d&#039;information\" \/>\n\t\t<meta property=\"og:type\" content=\"article\" \/>\n\t\t<meta property=\"og:title\" content=\"Ligue 1 Mobilis : La nouvelle saison s\u2019ouvre avec de belles affiches - La Sentinelle\" \/>\n\t\t<meta property=\"og:description\" content=\"Le championnat de Ligue 1 Mobilis 2026-2027 l\u00e8ve enfin le rideau ce jeudi, avec une premi\u00e8re journ\u00e9e \u00e9tal\u00e9e sur plusieurs dates et un menu copieux pour les amateurs du ballon rond. Le coup d&#039;envoi de la nouvelle saison de Ligue 1 Mobilis sera donn\u00e9 ce jeudi 3 septembre, avec une journ\u00e9e inaugurale r\u00e9partie sur trois\" \/>\n\t\t<meta property=\"og:url\" content=\"https:\/\/lasentinelle.dz\/index.php\/2026\/09\/02\/ligue-1-mobilis-la-nouvelle-saison-souvre-avec-de-belles-affiches\/\" \/>\n\t\t<meta property=\"og:image\" content=\"https:\/\/lasentinelle.dz\/wp-content\/uploads\/2021\/09\/cropped-la-sentinelle-earth-golden-anima-5.gif\" \/>\n\t\t<meta property=\"og:image:secure_url\" content=\"https:\/\/lasentinelle.dz\/wp-content\/uploads\/2021\/09\/cropped-la-sentinelle-earth-golden-anima-5.gif\" \/>\n\t\t<meta property=\"og:image:width\" content=\"450\" \/>\n\t\t<meta property=\"og:image:height\" content=\"213\" \/>\n\t\t<meta property=\"article:published_time\" content=\"2026-09-02T18:50:01+00:00\" \/>\n\t\t<meta property=\"article:modified_time\" content=\"2026-09-04T18:52:45+00:00\" \/>\n\t\t<meta property=\"article:publisher\" content=\"https:\/\/www.facebook.com\/azzedine.lasentinelle.1\" \/>\n\t\t<meta name=\"twitter:card\" content=\"summary_large_image\" \/>\n\t\t<meta name=\"twitter:title\" content=\"Ligue 1 Mobilis : La nouvelle saison s\u2019ouvre avec de belles affiches - La Sentinelle\" \/>\n\t\t<meta name=\"twitter:description\" content=\"Le championnat de Ligue 1 Mobilis 2026-2027 l\u00e8ve enfin le rideau ce jeudi, avec une premi\u00e8re journ\u00e9e \u00e9tal\u00e9e sur plusieurs dates et un menu copieux pour les amateurs du ballon rond. Le coup d&#039;envoi de la nouvelle saison de Ligue 1 Mobilis sera donn\u00e9 ce jeudi 3 septembre, avec une journ\u00e9e inaugurale r\u00e9partie sur trois\" \/>\n\t\t<meta name=\"twitter:image\" content=\"https:\/\/lasentinelle.dz\/wp-content\/uploads\/2021\/09\/cropped-la-sentinelle-earth-golden-anima-5.gif\" \/>\n\t\t<script type=\"application\/ld+json\" class=\"aioseo-schema\">\n\t\t\t{\"@context\":\"https:\\\/\\\/schema.org\",\"@graph\":[{\"@type\":\"BlogPosting\",\"@id\":\"https:\\\/\\\/lasentinelle.dz\\\/index.php\\\/2026\\\/09\\\/02\\\/ligue-1-mobilis-la-nouvelle-saison-souvre-avec-de-belles-affiches\\\/#blogposting\",\"name\":\"Ligue 1 Mobilis : La nouvelle saison s\\u2019ouvre avec de belles affiches - La Sentinelle\",\"headline\":\"Ligue 1 Mobilis\\u00a0: La nouvelle saison s\\u2019ouvre avec de belles affiches\",\"author\":{\"@id\":\"https:\\\/\\\/lasentinelle.dz\\\/author\\\/admin\\\/#author\"},\"publisher\":{\"@id\":\"https:\\\/\\\/lasentinelle.dz\\\/#organization\"},\"image\":{\"@type\":\"ImageObject\",\"url\":\"https:\\\/\\\/lasentinelle.dz\\\/wp-content\\\/uploads\\\/2025\\\/08\\\/Ligue-1.png\",\"width\":731,\"height\":375},\"datePublished\":\"2026-09-02T19:50:01+01:00\",\"dateModified\":\"2026-09-04T19:52:45+01:00\",\"inLanguage\":\"fr-FR\",\"mainEntityOfPage\":{\"@id\":\"https:\\\/\\\/lasentinelle.dz\\\/index.php\\\/2026\\\/09\\\/02\\\/ligue-1-mobilis-la-nouvelle-saison-souvre-avec-de-belles-affiches\\\/#webpage\"},\"isPartOf\":{\"@id\":\"https:\\\/\\\/lasentinelle.dz\\\/index.php\\\/2026\\\/09\\\/02\\\/ligue-1-mobilis-la-nouvelle-saison-souvre-avec-de-belles-affiches\\\/#webpage\"},\"articleSection\":\"Sports\"},{\"@type\":\"BreadcrumbList\",\"@id\":\"https:\\\/\\\/lasentinelle.dz\\\/index.php\\\/2026\\\/09\\\/02\\\/ligue-1-mobilis-la-nouvelle-saison-souvre-avec-de-belles-affiches\\\/#breadcrumblist\",\"itemListElement\":[{\"@type\":\"ListItem\",\"@id\":\"https:\\\/\\\/lasentinelle.dz#listItem\",\"position\":1,\"name\":\"Home\",\"item\":\"https:\\\/\\\/lasentinelle.dz\",\"nextItem\":{\"@type\":\"ListItem\",\"@id\":\"https:\\\/\\\/lasentinelle.dz\\\/index.php\\\/category\\\/sports\\\/#listItem\",\"name\":\"Sports\"}},{\"@type\":\"ListItem\",\"@id\":\"https:\\\/\\\/lasentinelle.dz\\\/index.php\\\/category\\\/sports\\\/#listItem\",\"position\":2,\"name\":\"Sports\",\"item\":\"https:\\\/\\\/lasentinelle.dz\\\/index.php\\\/category\\\/sports\\\/\",\"nextItem\":{\"@type\":\"ListItem\",\"@id\":\"https:\\\/\\\/lasentinelle.dz\\\/index.php\\\/2026\\\/09\\\/02\\\/ligue-1-mobilis-la-nouvelle-saison-souvre-avec-de-belles-affiches\\\/#listItem\",\"name\":\"Ligue 1 Mobilis\\u00a0: La nouvelle saison s\\u2019ouvre avec de belles affiches\"},\"previousItem\":{\"@type\":\"ListItem\",\"@id\":\"https:\\\/\\\/lasentinelle.dz#listItem\",\"name\":\"Home\"}},{\"@type\":\"ListItem\",\"@id\":\"https:\\\/\\\/lasentinelle.dz\\\/index.php\\\/2026\\\/09\\\/02\\\/ligue-1-mobilis-la-nouvelle-saison-souvre-avec-de-belles-affiches\\\/#listItem\",\"position\":3,\"name\":\"Ligue 1 Mobilis\\u00a0: La nouvelle saison s\\u2019ouvre avec de belles affiches\",\"previousItem\":{\"@type\":\"ListItem\",\"@id\":\"https:\\\/\\\/lasentinelle.dz\\\/index.php\\\/category\\\/sports\\\/#listItem\",\"name\":\"Sports\"}}]},{\"@type\":\"Organization\",\"@id\":\"https:\\\/\\\/lasentinelle.dz\\\/#organization\",\"name\":\"La Sentinelle La Sentinelle\",\"description\":\"Quotidien national d'information\",\"url\":\"https:\\\/\\\/lasentinelle.dz\\\/\",\"logo\":{\"@type\":\"ImageObject\",\"url\":\"https:\\\/\\\/lasentinelle.dz\\\/wp-content\\\/uploads\\\/2021\\\/09\\\/cropped-la-sentinelle-earth-golden-anima-5.gif\",\"@id\":\"https:\\\/\\\/lasentinelle.dz\\\/index.php\\\/2026\\\/09\\\/02\\\/ligue-1-mobilis-la-nouvelle-saison-souvre-avec-de-belles-affiches\\\/#organizationLogo\",\"width\":450,\"height\":213},\"image\":{\"@id\":\"https:\\\/\\\/lasentinelle.dz\\\/index.php\\\/2026\\\/09\\\/02\\\/ligue-1-mobilis-la-nouvelle-saison-souvre-avec-de-belles-affiches\\\/#organizationLogo\"},\"sameAs\":[\"https:\\\/\\\/www.facebook.com\\\/azzedine.lasentinelle.1\"]},{\"@type\":\"Person\",\"@id\":\"https:\\\/\\\/lasentinelle.dz\\\/author\\\/admin\\\/#author\",\"url\":\"https:\\\/\\\/lasentinelle.dz\\\/author\\\/admin\\\/\",\"name\":\"admin\",\"image\":{\"@type\":\"ImageObject\",\"@id\":\"https:\\\/\\\/lasentinelle.dz\\\/index.php\\\/2026\\\/09\\\/02\\\/ligue-1-mobilis-la-nouvelle-saison-souvre-avec-de-belles-affiches\\\/#authorImage\",\"url\":\"https:\\\/\\\/secure.gravatar.com\\\/avatar\\\/4c81fed838786e9b53f540bf46533e750f5d292099ae3b66cfc6fb1982e29df7?s=96&d=mm&r=g\",\"width\":96,\"height\":96,\"caption\":\"admin\"}},{\"@type\":\"WebPage\",\"@id\":\"https:\\\/\\\/lasentinelle.dz\\\/index.php\\\/2026\\\/09\\\/02\\\/ligue-1-mobilis-la-nouvelle-saison-souvre-avec-de-belles-affiches\\\/#webpage\",\"url\":\"https:\\\/\\\/lasentinelle.dz\\\/index.php\\\/2026\\\/09\\\/02\\\/ligue-1-mobilis-la-nouvelle-saison-souvre-avec-de-belles-affiches\\\/\",\"name\":\"Ligue 1 Mobilis : La nouvelle saison s\\u2019ouvre avec de belles affiches - La Sentinelle\",\"description\":\"Le championnat de Ligue 1 Mobilis 2026-2027 l\\u00e8ve enfin le rideau ce jeudi, avec une premi\\u00e8re journ\\u00e9e \\u00e9tal\\u00e9e sur plusieurs dates et un menu copieux pour les amateurs du ballon rond. Le coup d'envoi de la nouvelle saison de Ligue 1 Mobilis sera donn\\u00e9 ce jeudi 3 septembre, avec une journ\\u00e9e inaugurale r\\u00e9partie sur trois\",\"inLanguage\":\"fr-FR\",\"isPartOf\":{\"@id\":\"https:\\\/\\\/lasentinelle.dz\\\/#website\"},\"breadcrumb\":{\"@id\":\"https:\\\/\\\/lasentinelle.dz\\\/index.php\\\/2026\\\/09\\\/02\\\/ligue-1-mobilis-la-nouvelle-saison-souvre-avec-de-belles-affiches\\\/#breadcrumblist\"},\"author\":{\"@id\":\"https:\\\/\\\/lasentinelle.dz\\\/author\\\/admin\\\/#author\"},\"creator\":{\"@id\":\"https:\\\/\\\/lasentinelle.dz\\\/author\\\/admin\\\/#author\"},\"image\":{\"@type\":\"ImageObject\",\"url\":\"https:\\\/\\\/lasentinelle.dz\\\/wp-content\\\/uploads\\\/2025\\\/08\\\/Ligue-1.png\",\"@id\":\"https:\\\/\\\/lasentinelle.dz\\\/index.php\\\/2026\\\/09\\\/02\\\/ligue-1-mobilis-la-nouvelle-saison-souvre-avec-de-belles-affiches\\\/#mainImage\",\"width\":731,\"height\":375},\"primaryImageOfPage\":{\"@id\":\"https:\\\/\\\/lasentinelle.dz\\\/index.php\\\/2026\\\/09\\\/02\\\/ligue-1-mobilis-la-nouvelle-saison-souvre-avec-de-belles-affiches\\\/#mainImage\"},\"datePublished\":\"2026-09-02T19:50:01+01:00\",\"dateModified\":\"2026-09-04T19:52:45+01:00\"},{\"@type\":\"WebSite\",\"@id\":\"https:\\\/\\\/lasentinelle.dz\\\/#website\",\"url\":\"https:\\\/\\\/lasentinelle.dz\\\/\",\"name\":\"La Sentinelle\",\"description\":\"Quotidien national d'information\",\"inLanguage\":\"fr-FR\",\"publisher\":{\"@id\":\"https:\\\/\\\/lasentinelle.dz\\\/#organization\"}}]}\n\t\t<\/script>\n\t\t<!-- All in One SEO -->\n\n","aioseo_head_json":{"title":"Ligue 1 Mobilis : La nouvelle saison s\u2019ouvre avec de belles affiches - La Sentinelle","description":"Le championnat de Ligue 1 Mobilis 2026-2027 l\u00e8ve enfin le rideau ce jeudi, avec une premi\u00e8re journ\u00e9e \u00e9tal\u00e9e sur plusieurs dates et un menu copieux pour les amateurs du ballon rond. Le coup d'envoi de la nouvelle saison de Ligue 1 Mobilis sera donn\u00e9 ce jeudi 3 septembre, avec une journ\u00e9e inaugurale r\u00e9partie sur trois","canonical_url":"https:\/\/lasentinelle.dz\/index.php\/2026\/09\/02\/ligue-1-mobilis-la-nouvelle-saison-souvre-avec-de-belles-affiches\/","robots":"max-image-preview:large","keywords":"","webmasterTools":{"miscellaneous":""},"schema":{"@context":"https:\/\/schema.org","@graph":[{"@type":"BlogPosting","@id":"https:\/\/lasentinelle.dz\/index.php\/2026\/09\/02\/ligue-1-mobilis-la-nouvelle-saison-souvre-avec-de-belles-affiches\/#blogposting","name":"Ligue 1 Mobilis : La nouvelle saison s\u2019ouvre avec de belles affiches - La Sentinelle","headline":"Ligue 1 Mobilis\u00a0: La nouvelle saison s\u2019ouvre avec de belles affiches","author":{"@id":"https:\/\/lasentinelle.dz\/author\/admin\/#author"},"publisher":{"@id":"https:\/\/lasentinelle.dz\/#organization"},"image":{"@type":"ImageObject","url":"https:\/\/lasentinelle.dz\/wp-content\/uploads\/2025\/08\/Ligue-1.png","width":731,"height":375},"datePublished":"2026-09-02T19:50:01+01:00","dateModified":"2026-09-04T19:52:45+01:00","inLanguage":"fr-FR","mainEntityOfPage":{"@id":"https:\/\/lasentinelle.dz\/index.php\/2026\/09\/02\/ligue-1-mobilis-la-nouvelle-saison-souvre-avec-de-belles-affiches\/#webpage"},"isPartOf":{"@id":"https:\/\/lasentinelle.dz\/index.php\/2026\/09\/02\/ligue-1-mobilis-la-nouvelle-saison-souvre-avec-de-belles-affiches\/#webpage"},"articleSection":"Sports"},{"@type":"BreadcrumbList","@id":"https:\/\/lasentinelle.dz\/index.php\/2026\/09\/02\/ligue-1-mobilis-la-nouvelle-saison-souvre-avec-de-belles-affiches\/#breadcrumblist","itemListElement":[{"@type":"ListItem","@id":"https:\/\/lasentinelle.dz#listItem","position":1,"name":"Home","item":"https:\/\/lasentinelle.dz","nextItem":{"@type":"ListItem","@id":"https:\/\/lasentinelle.dz\/index.php\/category\/sports\/#listItem","name":"Sports"}},{"@type":"ListItem","@id":"https:\/\/lasentinelle.dz\/index.php\/category\/sports\/#listItem","position":2,"name":"Sports","item":"https:\/\/lasentinelle.dz\/index.php\/category\/sports\/","nextItem":{"@type":"ListItem","@id":"https:\/\/lasentinelle.dz\/index.php\/2026\/09\/02\/ligue-1-mobilis-la-nouvelle-saison-souvre-avec-de-belles-affiches\/#listItem","name":"Ligue 1 Mobilis\u00a0: La nouvelle saison s\u2019ouvre avec de belles affiches"},"previousItem":{"@type":"ListItem","@id":"https:\/\/lasentinelle.dz#listItem","name":"Home"}},{"@type":"ListItem","@id":"https:\/\/lasentinelle.dz\/index.php\/2026\/09\/02\/ligue-1-mobilis-la-nouvelle-saison-souvre-avec-de-belles-affiches\/#listItem","position":3,"name":"Ligue 1 Mobilis\u00a0: La nouvelle saison s\u2019ouvre avec de belles affiches","previousItem":{"@type":"ListItem","@id":"https:\/\/lasentinelle.dz\/index.php\/category\/sports\/#listItem","name":"Sports"}}]},{"@type":"Organization","@id":"https:\/\/lasentinelle.dz\/#organization","name":"La Sentinelle La Sentinelle","description":"Quotidien national d'information","url":"https:\/\/lasentinelle.dz\/","logo":{"@type":"ImageObject","url":"https:\/\/lasentinelle.dz\/wp-content\/uploads\/2021\/09\/cropped-la-sentinelle-earth-golden-anima-5.gif","@id":"https:\/\/lasentinelle.dz\/index.php\/2026\/09\/02\/ligue-1-mobilis-la-nouvelle-saison-souvre-avec-de-belles-affiches\/#organizationLogo","width":450,"height":213},"image":{"@id":"https:\/\/lasentinelle.dz\/index.php\/2026\/09\/02\/ligue-1-mobilis-la-nouvelle-saison-souvre-avec-de-belles-affiches\/#organizationLogo"},"sameAs":["https:\/\/www.facebook.com\/azzedine.lasentinelle.1"]},{"@type":"Person","@id":"https:\/\/lasentinelle.dz\/author\/admin\/#author","url":"https:\/\/lasentinelle.dz\/author\/admin\/","name":"admin","image":{"@type":"ImageObject","@id":"https:\/\/lasentinelle.dz\/index.php\/2026\/09\/02\/ligue-1-mobilis-la-nouvelle-saison-souvre-avec-de-belles-affiches\/#authorImage","url":"https:\/\/secure.gravatar.com\/avatar\/4c81fed838786e9b53f540bf46533e750f5d292099ae3b66cfc6fb1982e29df7?s=96&d=mm&r=g","width":96,"height":96,"caption":"admin"}},{"@type":"WebPage","@id":"https:\/\/lasentinelle.dz\/index.php\/2026\/09\/02\/ligue-1-mobilis-la-nouvelle-saison-souvre-avec-de-belles-affiches\/#webpage","url":"https:\/\/lasentinelle.dz\/index.php\/2026\/09\/02\/ligue-1-mobilis-la-nouvelle-saison-souvre-avec-de-belles-affiches\/","name":"Ligue 1 Mobilis : La nouvelle saison s\u2019ouvre avec de belles affiches - La Sentinelle","description":"Le championnat de Ligue 1 Mobilis 2026-2027 l\u00e8ve enfin le rideau ce jeudi, avec une premi\u00e8re journ\u00e9e \u00e9tal\u00e9e sur plusieurs dates et un menu copieux pour les amateurs du ballon rond. Le coup d'envoi de la nouvelle saison de Ligue 1 Mobilis sera donn\u00e9 ce jeudi 3 septembre, avec une journ\u00e9e inaugurale r\u00e9partie sur trois","inLanguage":"fr-FR","isPartOf":{"@id":"https:\/\/lasentinelle.dz\/#website"},"breadcrumb":{"@id":"https:\/\/lasentinelle.dz\/index.php\/2026\/09\/02\/ligue-1-mobilis-la-nouvelle-saison-souvre-avec-de-belles-affiches\/#breadcrumblist"},"author":{"@id":"https:\/\/lasentinelle.dz\/author\/admin\/#author"},"creator":{"@id":"https:\/\/lasentinelle.dz\/author\/admin\/#author"},"image":{"@type":"ImageObject","url":"https:\/\/lasentinelle.dz\/wp-content\/uploads\/2025\/08\/Ligue-1.png","@id":"https:\/\/lasentinelle.dz\/index.php\/2026\/09\/02\/ligue-1-mobilis-la-nouvelle-saison-souvre-avec-de-belles-affiches\/#mainImage","width":731,"height":375},"primaryImageOfPage":{"@id":"https:\/\/lasentinelle.dz\/index.php\/2026\/09\/02\/ligue-1-mobilis-la-nouvelle-saison-souvre-avec-de-belles-affiches\/#mainImage"},"datePublished":"2026-09-02T19:50:01+01:00","dateModified":"2026-09-04T19:52:45+01:00"},{"@type":"WebSite","@id":"https:\/\/lasentinelle.dz\/#website","url":"https:\/\/lasentinelle.dz\/","name":"La Sentinelle","description":"Quotidien national d'information","inLanguage":"fr-FR","publisher":{"@id":"https:\/\/lasentinelle.dz\/#organization"}}]},"og:locale":"fr_FR","og:site_name":"La Sentinelle - Quotidien national d'information","og:type":"article","og:title":"Ligue 1 Mobilis : La nouvelle saison s\u2019ouvre avec de belles affiches - La Sentinelle","og:description":"Le championnat de Ligue 1 Mobilis 2026-2027 l\u00e8ve enfin le rideau ce jeudi, avec une premi\u00e8re journ\u00e9e \u00e9tal\u00e9e sur plusieurs dates et un menu copieux pour les amateurs du ballon rond. Le coup d'envoi de la nouvelle saison de Ligue 1 Mobilis sera donn\u00e9 ce jeudi 3 septembre, avec une journ\u00e9e inaugurale r\u00e9partie sur trois","og:url":"https:\/\/lasentinelle.dz\/index.php\/2026\/09\/02\/ligue-1-mobilis-la-nouvelle-saison-souvre-avec-de-belles-affiches\/","og:image":"https:\/\/lasentinelle.dz\/wp-content\/uploads\/2021\/09\/cropped-la-sentinelle-earth-golden-anima-5.gif","og:image:secure_url":"https:\/\/lasentinelle.dz\/wp-content\/uploads\/2021\/09\/cropped-la-sentinelle-earth-golden-anima-5.gif","og:image:width":450,"og:image:height":213,"article:published_time":"2026-09-02T18:50:01+00:00","article:modified_time":"2026-09-04T18:52:45+00:00","article:publisher":"https:\/\/www.facebook.com\/azzedine.lasentinelle.1","twitter:card":"summary_large_image","twitter:title":"Ligue 1 Mobilis : La nouvelle saison s\u2019ouvre avec de belles affiches - La Sentinelle","twitter:description":"Le championnat de Ligue 1 Mobilis 2026-2027 l\u00e8ve enfin le rideau ce jeudi, avec une premi\u00e8re journ\u00e9e \u00e9tal\u00e9e sur plusieurs dates et un menu copieux pour les amateurs du ballon rond. Le coup d'envoi de la nouvelle saison de Ligue 1 Mobilis sera donn\u00e9 ce jeudi 3 septembre, avec une journ\u00e9e inaugurale r\u00e9partie sur trois","twitter:image":"https:\/\/lasentinelle.dz\/wp-content\/uploads\/2021\/09\/cropped-la-sentinelle-earth-golden-anima-5.gif"},"aioseo_meta_data":{"post_id":"94926","title":null,"description":null,"keywords":null,"keyphrases":{"focus":{"keyphrase":"","score":0,"analysis":{"keyphraseInTitle":{"score":0,"maxScore":9,"error":1}}},"additional":[]},"primary_term":null,"canonical_url":null,"og_title":null,"og_description":null,"og_object_type":"default","og_image_type":"default","og_image_url":null,"og_image_width":null,"og_image_height":null,"og_image_custom_url":null,"og_image_custom_fields":null,"og_video":"","og_custom_url":null,"og_article_section":null,"og_article_tags":null,"twitter_use_og":false,"twitter_card":"default","twitter_image_type":"default","twitter_image_url":null,"twitter_image_custom_url":null,"twitter_image_custom_fields":null,"twitter_title":null,"twitter_description":null,"schema":{"blockGraphs":[],"customGraphs":[],"default":{"data":{"Article":[],"Course":[],"Dataset":[],"FAQPage":[],"Movie":[],"Person":[],"Product":[],"ProductReview":[],"Car":[],"Recipe":[],"Service":[],"SoftwareApplication":[],"WebPage":[]},"graphName":"BlogPosting","isEnabled":true},"graphs":[]},"schema_type":"default","schema_type_options":null,"pillar_content":false,"robots_default":true,"robots_noindex":false,"robots_noarchive":false,"robots_nosnippet":false,"robots_nofollow":false,"robots_noimageindex":false,"robots_noodp":false,"robots_notranslate":false,"robots_max_snippet":"-1","robots_max_videopreview":"-1","robots_max_imagepreview":"large","priority":null,"frequency":"default","local_seo":null,"breadcrumb_settings":null,"limit_modified_date":false,"ai":{"faqs":[],"keyPoints":[],"schemas":[],"titles":[],"descriptions":[],"socialPosts":{"email":{"subject":"","preview":"","content":""},"linkedin":[],"twitter":[],"facebook":[],"instagram":[]}},"created":"2026-09-04 18:50:32","updated":"2026-09-04 19:00:07","focus_keyword":null,"additional_keywords":null,"truseo_locale":null,"seo_analyzer_scan_date":null},"aioseo_breadcrumb":"<div class=\"aioseo-breadcrumbs\"><span class=\"aioseo-breadcrumb\">\n\t\t\t<a href=\"https:\/\/lasentinelle.dz\" title=\"Home\">Home<\/a>\n\t\t<\/span><span class=\"aioseo-breadcrumb-separator\">&raquo;<\/span><span class=\"aioseo-breadcrumb\">\n\t\t\t<a href=\"https:\/\/lasentinelle.dz\/index.php\/category\/sports\/\" title=\"Sports\">Sports<\/a>\n\t\t<\/span><span class=\"aioseo-breadcrumb-separator\">&raquo;<\/span><span class=\"aioseo-breadcrumb\">\n\t\t\tLigue 1 Mobilis : La nouvelle saison s\u2019ouvre avec de belles affiches\n\t\t<\/span><\/div>","aioseo_breadcrumb_json":[{"label":"Home","link":"https:\/\/lasentinelle.dz"},{"label":"Sports","link":"https:\/\/lasentinelle.dz\/index.php\/category\/sports\/"},{"label":"Ligue 1 Mobilis\u00a0: La nouvelle saison s\u2019ouvre avec de belles affiches","link":"https:\/\/lasentinelle.dz\/index.php\/2026\/09\/02\/ligue-1-mobilis-la-nouvelle-saison-souvre-avec-de-belles-affiches\/"}],"yoast_head":"<!-- This site is optimized with the Yoast SEO plugin v28.4 - https:\/\/yoast.com\/product\/yoast-seo-wordpress\/ -->\n<title>Ligue 1 Mobilis\u00a0: La nouvelle saison s\u2019ouvre avec de belles affiches - La Sentinelle<\/title>\n<meta name=\"robots\" content=\"index, follow, max-snippet:-1, max-image-preview:large, max-video-preview:-1\" \/>\n<link rel=\"canonical\" href=\"https:\/\/lasentinelle.dz\/index.php\/2026\/09\/02\/ligue-1-mobilis-la-nouvelle-saison-souvre-avec-de-belles-affiches\/\" \/>\n<meta property=\"og:locale\" content=\"fr_FR\" \/>\n<meta property=\"og:type\" content=\"article\" \/>\n<meta property=\"og:title\" content=\"Ligue 1 Mobilis\u00a0: La nouvelle saison s\u2019ouvre avec de belles affiches - La Sentinelle\" \/>\n<meta property=\"og:description\" content=\"Le championnat de Ligue 1 Mobilis 2026-2027 l\u00e8ve enfin le rideau ce jeudi, avec une premi\u00e8re journ\u00e9e \u00e9tal\u00e9e sur plusieurs\" \/>\n<meta property=\"og:url\" content=\"https:\/\/lasentinelle.dz\/index.php\/2026\/09\/02\/ligue-1-mobilis-la-nouvelle-saison-souvre-avec-de-belles-affiches\/\" \/>\n<meta property=\"og:site_name\" content=\"La Sentinelle\" \/>\n<meta property=\"article:publisher\" content=\"https:\/\/www.facebook.com\/La-Sentinelle-104059864394773\" \/>\n<meta property=\"article:published_time\" content=\"2026-09-02T18:50:01+00:00\" \/>\n<meta property=\"article:modified_time\" content=\"2026-09-04T18:52:45+00:00\" \/>\n<meta property=\"og:image\" content=\"https:\/\/lasentinelle.dz\/wp-content\/uploads\/2025\/08\/Ligue-1.png\" \/>\n\t<meta property=\"og:image:width\" content=\"731\" \/>\n\t<meta property=\"og:image:height\" content=\"375\" \/>\n\t<meta property=\"og:image:type\" content=\"image\/png\" \/>\n<meta name=\"author\" content=\"admin\" \/>\n<meta name=\"twitter:card\" content=\"summary_large_image\" \/>\n<meta name=\"twitter:label1\" content=\"\u00c9crit par\" \/>\n\t<meta name=\"twitter:data1\" content=\"admin\" \/>\n\t<meta name=\"twitter:label2\" content=\"Dur\u00e9e de lecture estim\u00e9e\" \/>\n\t<meta name=\"twitter:data2\" content=\"4 minutes\" \/>\n<script type=\"application\/ld+json\" class=\"yoast-schema-graph\">{\"@context\":\"https:\\\/\\\/schema.org\",\"@graph\":[{\"@type\":\"Article\",\"@id\":\"https:\\\/\\\/lasentinelle.dz\\\/index.php\\\/2026\\\/09\\\/02\\\/ligue-1-mobilis-la-nouvelle-saison-souvre-avec-de-belles-affiches\\\/#article\",\"isPartOf\":{\"@id\":\"https:\\\/\\\/lasentinelle.dz\\\/index.php\\\/2026\\\/09\\\/02\\\/ligue-1-mobilis-la-nouvelle-saison-souvre-avec-de-belles-affiches\\\/\"},\"author\":{\"name\":\"admin\",\"@id\":\"https:\\\/\\\/lasentinelle.dz\\\/#\\\/schema\\\/person\\\/729ee0024f24e0b8c5ec17232f8e8b41\"},\"headline\":\"Ligue 1 Mobilis\u00a0: La nouvelle saison s\u2019ouvre avec de belles affiches\",\"datePublished\":\"2026-09-02T18:50:01+00:00\",\"dateModified\":\"2026-09-04T18:52:45+00:00\",\"mainEntityOfPage\":{\"@id\":\"https:\\\/\\\/lasentinelle.dz\\\/index.php\\\/2026\\\/09\\\/02\\\/ligue-1-mobilis-la-nouvelle-saison-souvre-avec-de-belles-affiches\\\/\"},\"wordCount\":632,\"commentCount\":0,\"publisher\":{\"@id\":\"https:\\\/\\\/lasentinelle.dz\\\/#organization\"},\"image\":{\"@id\":\"https:\\\/\\\/lasentinelle.dz\\\/index.php\\\/2026\\\/09\\\/02\\\/ligue-1-mobilis-la-nouvelle-saison-souvre-avec-de-belles-affiches\\\/#primaryimage\"},\"thumbnailUrl\":\"https:\\\/\\\/lasentinelle.dz\\\/wp-content\\\/uploads\\\/2025\\\/08\\\/Ligue-1.png\",\"articleSection\":[\"Sports\"],\"inLanguage\":\"fr-FR\",\"potentialAction\":[{\"@type\":\"CommentAction\",\"name\":\"Comment\",\"target\":[\"https:\\\/\\\/lasentinelle.dz\\\/index.php\\\/2026\\\/09\\\/02\\\/ligue-1-mobilis-la-nouvelle-saison-souvre-avec-de-belles-affiches\\\/#respond\"]}]},{\"@type\":\"WebPage\",\"@id\":\"https:\\\/\\\/lasentinelle.dz\\\/index.php\\\/2026\\\/09\\\/02\\\/ligue-1-mobilis-la-nouvelle-saison-souvre-avec-de-belles-affiches\\\/\",\"url\":\"https:\\\/\\\/lasentinelle.dz\\\/index.php\\\/2026\\\/09\\\/02\\\/ligue-1-mobilis-la-nouvelle-saison-souvre-avec-de-belles-affiches\\\/\",\"name\":\"Ligue 1 Mobilis\u00a0: La nouvelle saison s\u2019ouvre avec de belles affiches - La Sentinelle\",\"isPartOf\":{\"@id\":\"https:\\\/\\\/lasentinelle.dz\\\/#website\"},\"primaryImageOfPage\":{\"@id\":\"https:\\\/\\\/lasentinelle.dz\\\/index.php\\\/2026\\\/09\\\/02\\\/ligue-1-mobilis-la-nouvelle-saison-souvre-avec-de-belles-affiches\\\/#primaryimage\"},\"image\":{\"@id\":\"https:\\\/\\\/lasentinelle.dz\\\/index.php\\\/2026\\\/09\\\/02\\\/ligue-1-mobilis-la-nouvelle-saison-souvre-avec-de-belles-affiches\\\/#primaryimage\"},\"thumbnailUrl\":\"https:\\\/\\\/lasentinelle.dz\\\/wp-content\\\/uploads\\\/2025\\\/08\\\/Ligue-1.png\",\"datePublished\":\"2026-09-02T18:50:01+00:00\",\"dateModified\":\"2026-09-04T18:52:45+00:00\",\"breadcrumb\":{\"@id\":\"https:\\\/\\\/lasentinelle.dz\\\/index.php\\\/2026\\\/09\\\/02\\\/ligue-1-mobilis-la-nouvelle-saison-souvre-avec-de-belles-affiches\\\/#breadcrumb\"},\"inLanguage\":\"fr-FR\",\"potentialAction\":[{\"@type\":\"ReadAction\",\"target\":[\"https:\\\/\\\/lasentinelle.dz\\\/index.php\\\/2026\\\/09\\\/02\\\/ligue-1-mobilis-la-nouvelle-saison-souvre-avec-de-belles-affiches\\\/\"]}]},{\"@type\":\"ImageObject\",\"inLanguage\":\"fr-FR\",\"@id\":\"https:\\\/\\\/lasentinelle.dz\\\/index.php\\\/2026\\\/09\\\/02\\\/ligue-1-mobilis-la-nouvelle-saison-souvre-avec-de-belles-affiches\\\/#primaryimage\",\"url\":\"https:\\\/\\\/lasentinelle.dz\\\/wp-content\\\/uploads\\\/2025\\\/08\\\/Ligue-1.png\",\"contentUrl\":\"https:\\\/\\\/lasentinelle.dz\\\/wp-content\\\/uploads\\\/2025\\\/08\\\/Ligue-1.png\",\"width\":731,\"height\":375},{\"@type\":\"BreadcrumbList\",\"@id\":\"https:\\\/\\\/lasentinelle.dz\\\/index.php\\\/2026\\\/09\\\/02\\\/ligue-1-mobilis-la-nouvelle-saison-souvre-avec-de-belles-affiches\\\/#breadcrumb\",\"itemListElement\":[{\"@type\":\"ListItem\",\"position\":1,\"name\":\"Accueil\",\"item\":\"https:\\\/\\\/lasentinelle.dz\\\/\"},{\"@type\":\"ListItem\",\"position\":2,\"name\":\"Ligue 1 Mobilis\u00a0: La nouvelle saison s\u2019ouvre avec de belles affiches\"}]},{\"@type\":\"WebSite\",\"@id\":\"https:\\\/\\\/lasentinelle.dz\\\/#website\",\"url\":\"https:\\\/\\\/lasentinelle.dz\\\/\",\"name\":\"La Sentinelle\",\"description\":\"Quotidien national d&#039;information\",\"publisher\":{\"@id\":\"https:\\\/\\\/lasentinelle.dz\\\/#organization\"},\"potentialAction\":[{\"@type\":\"SearchAction\",\"target\":{\"@type\":\"EntryPoint\",\"urlTemplate\":\"https:\\\/\\\/lasentinelle.dz\\\/?s={search_term_string}\"},\"query-input\":{\"@type\":\"PropertyValueSpecification\",\"valueRequired\":true,\"valueName\":\"search_term_string\"}}],\"inLanguage\":\"fr-FR\"},{\"@type\":\"Organization\",\"@id\":\"https:\\\/\\\/lasentinelle.dz\\\/#organization\",\"name\":\"Quotidien La Sentinelle\",\"url\":\"https:\\\/\\\/lasentinelle.dz\\\/\",\"logo\":{\"@type\":\"ImageObject\",\"inLanguage\":\"fr-FR\",\"@id\":\"https:\\\/\\\/lasentinelle.dz\\\/#\\\/schema\\\/logo\\\/image\\\/\",\"url\":\"https:\\\/\\\/lasentinelle.dz\\\/wp-content\\\/uploads\\\/2021\\\/09\\\/logo-sentinelleSLOGAN-1.png\",\"contentUrl\":\"https:\\\/\\\/lasentinelle.dz\\\/wp-content\\\/uploads\\\/2021\\\/09\\\/logo-sentinelleSLOGAN-1.png\",\"width\":615,\"height\":142,\"caption\":\"Quotidien La Sentinelle\"},\"image\":{\"@id\":\"https:\\\/\\\/lasentinelle.dz\\\/#\\\/schema\\\/logo\\\/image\\\/\"},\"sameAs\":[\"https:\\\/\\\/www.facebook.com\\\/La-Sentinelle-104059864394773\"]},{\"@type\":\"Person\",\"@id\":\"https:\\\/\\\/lasentinelle.dz\\\/#\\\/schema\\\/person\\\/729ee0024f24e0b8c5ec17232f8e8b41\",\"name\":\"admin\",\"image\":{\"@type\":\"ImageObject\",\"inLanguage\":\"fr-FR\",\"@id\":\"https:\\\/\\\/secure.gravatar.com\\\/avatar\\\/4c81fed838786e9b53f540bf46533e750f5d292099ae3b66cfc6fb1982e29df7?s=96&d=mm&r=g\",\"url\":\"https:\\\/\\\/secure.gravatar.com\\\/avatar\\\/4c81fed838786e9b53f540bf46533e750f5d292099ae3b66cfc6fb1982e29df7?s=96&d=mm&r=g\",\"contentUrl\":\"https:\\\/\\\/secure.gravatar.com\\\/avatar\\\/4c81fed838786e9b53f540bf46533e750f5d292099ae3b66cfc6fb1982e29df7?s=96&d=mm&r=g\",\"caption\":\"admin\"},\"description\":\"admin\",\"url\":\"https:\\\/\\\/lasentinelle.dz\\\/author\\\/admin\\\/\"}]}<\/script>\n<!-- \/ Yoast SEO plugin. -->","yoast_head_json":{"title":"Ligue 1 Mobilis\u00a0: La nouvelle saison s\u2019ouvre avec de belles affiches - La Sentinelle","robots":{"index":"index","follow":"follow","max-snippet":"max-snippet:-1","max-image-preview":"max-image-preview:large","max-video-preview":"max-video-preview:-1"},"canonical":"https:\/\/lasentinelle.dz\/index.php\/2026\/09\/02\/ligue-1-mobilis-la-nouvelle-saison-souvre-avec-de-belles-affiches\/","og_locale":"fr_FR","og_type":"article","og_title":"Ligue 1 Mobilis\u00a0: La nouvelle saison s\u2019ouvre avec de belles affiches - La Sentinelle","og_description":"Le championnat de Ligue 1 Mobilis 2026-2027 l\u00e8ve enfin le rideau ce jeudi, avec une premi\u00e8re journ\u00e9e \u00e9tal\u00e9e sur plusieurs","og_url":"https:\/\/lasentinelle.dz\/index.php\/2026\/09\/02\/ligue-1-mobilis-la-nouvelle-saison-souvre-avec-de-belles-affiches\/","og_site_name":"La Sentinelle","article_publisher":"https:\/\/www.facebook.com\/La-Sentinelle-104059864394773","article_published_time":"2026-09-02T18:50:01+00:00","article_modified_time":"2026-09-04T18:52:45+00:00","og_image":[{"width":731,"height":375,"url":"https:\/\/lasentinelle.dz\/wp-content\/uploads\/2025\/08\/Ligue-1.png","type":"image\/png"}],"author":"admin","twitter_card":"summary_large_image","twitter_misc":{"\u00c9crit par":"admin","Dur\u00e9e de lecture estim\u00e9e":"4 minutes"},"schema":{"@context":"https:\/\/schema.org","@graph":[{"@type":"Article","@id":"https:\/\/lasentinelle.dz\/index.php\/2026\/09\/02\/ligue-1-mobilis-la-nouvelle-saison-souvre-avec-de-belles-affiches\/#article","isPartOf":{"@id":"https:\/\/lasentinelle.dz\/index.php\/2026\/09\/02\/ligue-1-mobilis-la-nouvelle-saison-souvre-avec-de-belles-affiches\/"},"author":{"name":"admin","@id":"https:\/\/lasentinelle.dz\/#\/schema\/person\/729ee0024f24e0b8c5ec17232f8e8b41"},"headline":"Ligue 1 Mobilis\u00a0: La nouvelle saison s\u2019ouvre avec de belles affiches","datePublished":"2026-09-02T18:50:01+00:00","dateModified":"2026-09-04T18:52:45+00:00","mainEntityOfPage":{"@id":"https:\/\/lasentinelle.dz\/index.php\/2026\/09\/02\/ligue-1-mobilis-la-nouvelle-saison-souvre-avec-de-belles-affiches\/"},"wordCount":632,"commentCount":0,"publisher":{"@id":"https:\/\/lasentinelle.dz\/#organization"},"image":{"@id":"https:\/\/lasentinelle.dz\/index.php\/2026\/09\/02\/ligue-1-mobilis-la-nouvelle-saison-souvre-avec-de-belles-affiches\/#primaryimage"},"thumbnailUrl":"https:\/\/lasentinelle.dz\/wp-content\/uploads\/2025\/08\/Ligue-1.png","articleSection":["Sports"],"inLanguage":"fr-FR","potentialAction":[{"@type":"CommentAction","name":"Comment","target":["https:\/\/lasentinelle.dz\/index.php\/2026\/09\/02\/ligue-1-mobilis-la-nouvelle-saison-souvre-avec-de-belles-affiches\/#respond"]}]},{"@type":"WebPage","@id":"https:\/\/lasentinelle.dz\/index.php\/2026\/09\/02\/ligue-1-mobilis-la-nouvelle-saison-souvre-avec-de-belles-affiches\/","url":"https:\/\/lasentinelle.dz\/index.php\/2026\/09\/02\/ligue-1-mobilis-la-nouvelle-saison-souvre-avec-de-belles-affiches\/","name":"Ligue 1 Mobilis\u00a0: La nouvelle saison s\u2019ouvre avec de belles affiches - La Sentinelle","isPartOf":{"@id":"https:\/\/lasentinelle.dz\/#website"},"primaryImageOfPage":{"@id":"https:\/\/lasentinelle.dz\/index.php\/2026\/09\/02\/ligue-1-mobilis-la-nouvelle-saison-souvre-avec-de-belles-affiches\/#primaryimage"},"image":{"@id":"https:\/\/lasentinelle.dz\/index.php\/2026\/09\/02\/ligue-1-mobilis-la-nouvelle-saison-souvre-avec-de-belles-affiches\/#primaryimage"},"thumbnailUrl":"https:\/\/lasentinelle.dz\/wp-content\/uploads\/2025\/08\/Ligue-1.png","datePublished":"2026-09-02T18:50:01+00:00","dateModified":"2026-09-04T18:52:45+00:00","breadcrumb":{"@id":"https:\/\/lasentinelle.dz\/index.php\/2026\/09\/02\/ligue-1-mobilis-la-nouvelle-saison-souvre-avec-de-belles-affiches\/#breadcrumb"},"inLanguage":"fr-FR","potentialAction":[{"@type":"ReadAction","target":["https:\/\/lasentinelle.dz\/index.php\/2026\/09\/02\/ligue-1-mobilis-la-nouvelle-saison-souvre-avec-de-belles-affiches\/"]}]},{"@type":"ImageObject","inLanguage":"fr-FR","@id":"https:\/\/lasentinelle.dz\/index.php\/2026\/09\/02\/ligue-1-mobilis-la-nouvelle-saison-souvre-avec-de-belles-affiches\/#primaryimage","url":"https:\/\/lasentinelle.dz\/wp-content\/uploads\/2025\/08\/Ligue-1.png","contentUrl":"https:\/\/lasentinelle.dz\/wp-content\/uploads\/2025\/08\/Ligue-1.png","width":731,"height":375},{"@type":"BreadcrumbList","@id":"https:\/\/lasentinelle.dz\/index.php\/2026\/09\/02\/ligue-1-mobilis-la-nouvelle-saison-souvre-avec-de-belles-affiches\/#breadcrumb","itemListElement":[{"@type":"ListItem","position":1,"name":"Accueil","item":"https:\/\/lasentinelle.dz\/"},{"@type":"ListItem","position":2,"name":"Ligue 1 Mobilis\u00a0: La nouvelle saison s\u2019ouvre avec de belles affiches"}]},{"@type":"WebSite","@id":"https:\/\/lasentinelle.dz\/#website","url":"https:\/\/lasentinelle.dz\/","name":"La Sentinelle","description":"Quotidien national d&#039;information","publisher":{"@id":"https:\/\/lasentinelle.dz\/#organization"},"potentialAction":[{"@type":"SearchAction","target":{"@type":"EntryPoint","urlTemplate":"https:\/\/lasentinelle.dz\/?s={search_term_string}"},"query-input":{"@type":"PropertyValueSpecification","valueRequired":true,"valueName":"search_term_string"}}],"inLanguage":"fr-FR"},{"@type":"Organization","@id":"https:\/\/lasentinelle.dz\/#organization","name":"Quotidien La Sentinelle","url":"https:\/\/lasentinelle.dz\/","logo":{"@type":"ImageObject","inLanguage":"fr-FR","@id":"https:\/\/lasentinelle.dz\/#\/schema\/logo\/image\/","url":"https:\/\/lasentinelle.dz\/wp-content\/uploads\/2021\/09\/logo-sentinelleSLOGAN-1.png","contentUrl":"https:\/\/lasentinelle.dz\/wp-content\/uploads\/2021\/09\/logo-sentinelleSLOGAN-1.png","width":615,"height":142,"caption":"Quotidien La Sentinelle"},"image":{"@id":"https:\/\/lasentinelle.dz\/#\/schema\/logo\/image\/"},"sameAs":["https:\/\/www.facebook.com\/La-Sentinelle-104059864394773"]},{"@type":"Person","@id":"https:\/\/lasentinelle.dz\/#\/schema\/person\/729ee0024f24e0b8c5ec17232f8e8b41","name":"admin","image":{"@type":"ImageObject","inLanguage":"fr-FR","@id":"https:\/\/secure.gravatar.com\/avatar\/4c81fed838786e9b53f540bf46533e750f5d292099ae3b66cfc6fb1982e29df7?s=96&d=mm&r=g","url":"https:\/\/secure.gravatar.com\/avatar\/4c81fed838786e9b53f540bf46533e750f5d292099ae3b66cfc6fb1982e29df7?s=96&d=mm&r=g","contentUrl":"https:\/\/secure.gravatar.com\/avatar\/4c81fed838786e9b53f540bf46533e750f5d292099ae3b66cfc6fb1982e29df7?s=96&d=mm&r=g","caption":"admin"},"description":"admin","url":"https:\/\/lasentinelle.dz\/author\/admin\/"}]}},"_links":{"self":[{"href":"https:\/\/lasentinelle.dz\/index.php\/wp-json\/wp\/v2\/posts\/94926","targetHints":{"allow":["GET"]}}],"collection":[{"href":"https:\/\/lasentinelle.dz\/index.php\/wp-json\/wp\/v2\/posts"}],"about":[{"href":"https:\/\/lasentinelle.dz\/index.php\/wp-json\/wp\/v2\/types\/post"}],"author":[{"embeddable":true,"href":"https:\/\/lasentinelle.dz\/index.php\/wp-json\/wp\/v2\/users\/6"}],"replies":[{"embeddable":true,"href":"https:\/\/lasentinelle.dz\/index.php\/wp-json\/wp\/v2\/comments?post=94926"}],"version-history":[{"count":1,"href":"https:\/\/lasentinelle.dz\/index.php\/wp-json\/wp\/v2\/posts\/94926\/revisions"}],"predecessor-version":[{"id":94927,"href":"https:\/\/lasentinelle.dz\/index.php\/wp-json\/wp\/v2\/posts\/94926\/revisions\/94927"}],"wp:featuredmedia":[{"embeddable":true,"href":"https:\/\/lasentinelle.dz\/index.php\/wp-json\/wp\/v2\/media\/72568"}],"wp:attachment":[{"href":"https:\/\/lasentinelle.dz\/index.php\/wp-json\/wp\/v2\/media?parent=94926"}],"wp:term":[{"taxonomy":"category","embeddable":true,"href":"https:\/\/lasentinelle.dz\/index.php\/wp-json\/wp\/v2\/categories?post=94926"},{"taxonomy":"post_tag","embeddable":true,"href":"https:\/\/lasentinelle.dz\/index.php\/wp-json\/wp\/v2\/tags?post=94926"}],"curies":[{"name":"wp","href":"https:\/\/api.w.org\/{rel}","templated":true}]}}