{"id":94942,"date":"2026-09-02T20:00:19","date_gmt":"2026-09-02T19:00:19","guid":{"rendered":"https:\/\/lasentinelle.dz\/?p=94942"},"modified":"2026-09-04T20:01:06","modified_gmt":"2026-09-04T19:01:06","slug":"presidence-algerienne-du-conseil-de-paix-et-de-securite-de-lua-un-mandat-axe-sur-la-prevention-pour-une-afrique-plus-sure","status":"publish","type":"post","link":"https:\/\/lasentinelle.dz\/index.php\/2026\/09\/02\/presidence-algerienne-du-conseil-de-paix-et-de-securite-de-lua-un-mandat-axe-sur-la-prevention-pour-une-afrique-plus-sure\/","title":{"rendered":"Pr\u00e9sidence alg\u00e9rienne du Conseil de paix et de s\u00e9curit\u00e9 de l&rsquo;UA\u00a0: Un mandat ax\u00e9 sur la pr\u00e9vention pour une Afrique plus s\u00fbre"},"content":{"rendered":"\n<p class=\"wp-block-paragraph\">L&rsquo;Alg\u00e9rie a boucl\u00e9, lundi, sa pr\u00e9sidence tournante du Conseil de paix et de s\u00e9curit\u00e9 (CPS) de l&rsquo;Union africaine, au terme d&rsquo;un mois d&rsquo;intense activit\u00e9 diplomatique ponctu\u00e9 de r\u00e9unions de haut niveau et d&rsquo;une mission de terrain au Soudan. Cette s\u00e9quence a permis \u00e0 Alger de peser en faveur d&rsquo;une gestion pr\u00e9ventive des crises africaines, fond\u00e9e sur le dialogue et l&rsquo;appropriation continentale des solutions.<\/p>\n\n\n\n<p class=\"wp-block-paragraph\">Un mois durant, la diplomatie alg\u00e9rienne a occup\u00e9 le devant de la sc\u00e8ne panafricaine \u00e0 la t\u00eate du CPS, l&rsquo;organe ex\u00e9cutif de l&rsquo;UA charg\u00e9 de la paix et de la s\u00e9curit\u00e9 continentales. Entre sessions consacr\u00e9es aux dossiers br\u00fblants et concertations avec les autres instances de l&rsquo;organisation, l&rsquo;Alg\u00e9rie a cherch\u00e9 \u00e0 donner corps \u00e0 une approche qu&rsquo;elle d\u00e9fend de longue date, celle qui consiste \u00e0 ne pas se contenter d&rsquo;\u00e9teindre les incendies une fois d\u00e9clar\u00e9s mais \u00e0 s&rsquo;attaquer \u00e0 leurs racines avant qu&rsquo;ils n&#8217;embrasent des r\u00e9gions enti\u00e8res. Cette lecture s&rsquo;appuie sur une conviction affich\u00e9e par Alger depuis des ann\u00e9es, \u00e0 savoir que le continent doit rester ma\u00eetre du r\u00e8glement de ses propres crises, en vertu du principe des solutions africaines aux probl\u00e8mes africains qui a guid\u00e9 l&rsquo;ensemble des travaux conduits sous pr\u00e9sidence alg\u00e9rienne, avec en toile de fond la volont\u00e9 de consolider le leadership continental face \u00e0 des d\u00e9fis de plus en plus imbriqu\u00e9s.<\/p>\n\n\n\n<p class=\"wp-block-paragraph\">Concr\u00e8tement, le CPS a engag\u00e9 sous cette pr\u00e9sidence un chantier de suivi in\u00e9dit en int\u00e9grant, dans ses documents de travail, une grille r\u00e9capitulative des d\u00e9cisions prises par l&rsquo;UA au fil de ses sommets. L&rsquo;objectif consiste \u00e0 s&rsquo;assurer que les engagements pris sur le papier se traduisent effectivement sur le terrain, plut\u00f4t que de rester lettre morte comme cela arrive trop souvent aux r\u00e9solutions internationales. Les dossiers du Sahel, du Soudan et du Soudan du Sud ont occup\u00e9 une bonne partie de l&rsquo;agenda, tout comme le soutien \u00e0 la relance de la feuille de route continentale pour le silence des armes. Sur le cas soudanais, une d\u00e9l\u00e9gation du CPS s&rsquo;est rendue sur place afin de prendre le pouls de la situation politique, s\u00e9curitaire et humanitaire, en rencontrant aussi bien les autorit\u00e9s que les partis politiques et la soci\u00e9t\u00e9 civile, dans le but de nourrir une position africaine plus coh\u00e9rente sur les voies de sortie de crise et de r\u00e9conciliation nationale.<\/p>\n\n\n\n<p class=\"wp-block-paragraph\">Au fil des travaux, la pr\u00e9sidence alg\u00e9rienne a insist\u00e9 sur le lien \u00e9troit entre s\u00e9curit\u00e9 et d\u00e9veloppement, la pauvret\u00e9, le ch\u00f4mage et les in\u00e9galit\u00e9s constituant un terreau propice \u00e0 l&rsquo;extr\u00e9misme violent, au terrorisme et \u00e0 la criminalit\u00e9 organis\u00e9e, ce qui pousse \u00e0 traiter les crises de mani\u00e8re globale plut\u00f4t que par des r\u00e9ponses uniquement militaires. L&rsquo;Alg\u00e9rie s&rsquo;est \u00e9galement employ\u00e9e \u00e0 doter le continent d&rsquo;instruments d&rsquo;alerte pr\u00e9coce plus performants, \u00e0 l&rsquo;image du dispositif continental d&rsquo;\u00e9valuation des risques et de cartographie des menaces, du mod\u00e8le africain d&rsquo;activation des r\u00e9ponses ou encore du syst\u00e8me d&rsquo;alerte li\u00e9 \u00e0 la gouvernance relevant du M\u00e9canisme africain d&rsquo;\u00e9valuation par les pairs. Une feuille de route a \u00e9t\u00e9 propos\u00e9e pour rendre ces outils op\u00e9rationnels, pr\u00e9voyant un m\u00e9canisme de coordination institutionnelle, des protocoles d&rsquo;\u00e9change d&rsquo;informations entre Etats et une plateforme num\u00e9rique dot\u00e9e d&rsquo;un tableau de bord interactif.<\/p>\n\n\n\n<p class=\"wp-block-paragraph\">Sur le plan multilat\u00e9ral, Alger a \u0153uvr\u00e9 \u00e0 mieux structurer la voix du continent au sein du Conseil de s\u00e9curit\u00e9 de l&rsquo;ONU, \u00e0 travers les trois membres africains non permanents connus sous le sigle A3, en harmonisant les positions communes sur les dossiers de paix et de s\u00e9curit\u00e9, en adoptant un plan d&rsquo;action annuel et en resserrant les liens entre le CPS et le Groupe africain pr\u00e9sent \u00e0 New York et \u00e0 Gen\u00e8ve. Les modalit\u00e9s de suivi des recommandations issues du s\u00e9minaire de haut niveau d&rsquo;Oran sur la paix et la s\u00e9curit\u00e9 en Afrique ont \u00e9galement \u00e9t\u00e9 arr\u00eat\u00e9es, dans la perspective de permettre aux pays africains de mieux d\u00e9fendre leurs priorit\u00e9s dans les enceintes internationales.<\/p>\n\n\n\n<p class=\"wp-block-paragraph\"><strong>Coordination interinstitutionnelle<\/strong><strong><\/strong><\/p>\n\n\n\n<p class=\"wp-block-paragraph\">Au del\u00e0 des dossiers de crise, la pr\u00e9sidence alg\u00e9rienne a fait de la coordination interinstitutionnelle l&rsquo;un des piliers de son action, partant du constat que l&rsquo;efficacit\u00e9 de l&rsquo;UA ne se mesure pas seulement au nombre de d\u00e9cisions adopt\u00e9es mais \u00e0 la capacit\u00e9 de ses organes \u00e0 les traduire en actes de fa\u00e7on unifi\u00e9e. Des concertations ont \u00e9t\u00e9 men\u00e9es entre le CPS, le sous comit\u00e9 du Comit\u00e9 des repr\u00e9sentants permanents charg\u00e9 des droits de l&rsquo;homme, de la d\u00e9mocratie et de la gouvernance, l&rsquo;Architecture africaine de gouvernance, l&rsquo;Architecture africaine de paix et de s\u00e9curit\u00e9, ainsi que la Commission africaine des droits de l&rsquo;homme et des peuples, en plus d&rsquo;une deuxi\u00e8me r\u00e9union consultative tenue avec le Parlement panafricain. Ces \u00e9changes ont d\u00e9bouch\u00e9 sur des r\u00e9sultats tangibles, avec la d\u00e9signation de points focaux entre institutions, un m\u00e9canisme d&rsquo;alerte pr\u00e9coce d\u00e9di\u00e9 aux droits de l&rsquo;homme, un renforcement de l&rsquo;\u00e9change d&rsquo;informations et une meilleure coordination des missions sur le terrain, sans oublier la question sensible du financement p\u00e9renne des m\u00e9canismes africains des droits de l&rsquo;homme. Le m\u00e9canisme de diplomatie parlementaire entre le CPS et le Parlement panafricain a \u00e9t\u00e9 institutionnalis\u00e9, tandis qu&rsquo;une approche unique de l&rsquo;UA a \u00e9t\u00e9 adopt\u00e9e pour \u00e9viter les chevauchements entre organes appel\u00e9s \u00e0 travailler sur les m\u00eames enjeux de paix, de gouvernance et de d\u00e9mocratie.<\/p>\n\n\n\n<p class=\"wp-block-paragraph\">Cette s\u00e9quence diplomatique s&rsquo;inscrit d\u00e9sormais dans la continuit\u00e9 de l&rsquo;agenda continental, avec plusieurs rendez vous \u00e0 venir. La 21e session extraordinaire de la Conf\u00e9rence des chefs d&rsquo;Etat et de gouvernement de l&rsquo;UA s&rsquo;est tenue \u00e0 Luanda, en Angola, tandis que la r\u00e9union consultative annuelle entre le CPS et le Conseil de s\u00e9curit\u00e9 de l&rsquo;ONU se pr\u00e9pare pour octobre. La mise en \u0153uvre de la feuille de route sur l&rsquo;alerte pr\u00e9coce doit se poursuivre, tout comme le renforcement de la coop\u00e9ration institutionnelle, dans la perspective de la 13e \u00e9dition du s\u00e9minaire du Processus d&rsquo;Oran, pr\u00e9vue les 1er et 2 d\u00e9cembre \u00e0 Alger.<\/p>\n\n\n\n<p class=\"wp-block-paragraph\">Au terme de ce mois \u00e0 la pr\u00e9sidence du CPS, la diplomatie alg\u00e9rienne aura confirm\u00e9 son ancrage dans les efforts de maintien de la paix sur le continent, en misant sur la m\u00e9diation, le dialogue et la coordination africaine comme leviers de pr\u00e9vention et de gestion des crises, au service d&rsquo;une Afrique plus s\u00fbre et stable, \u00e0 la mesure des aspirations de ses peuples en mati\u00e8re de paix, de d\u00e9veloppement et de prosp\u00e9rit\u00e9.<\/p>\n\n\n\n<p class=\"wp-block-paragraph\">Chokri Hafed<\/p>\n","protected":false},"excerpt":{"rendered":"<p>L&rsquo;Alg\u00e9rie a boucl\u00e9, lundi, sa pr\u00e9sidence tournante du Conseil de paix et de s\u00e9curit\u00e9 (CPS) de l&rsquo;Union africaine, au terme<\/p>\n","protected":false},"author":6,"featured_media":92940,"comment_status":"open","ping_status":"closed","sticky":false,"template":"","format":"standard","meta":{"colormag_page_container_layout":"default_layout","colormag_page_sidebar_layout":"default_layout","om_disable_all_campaigns":false,"_monsterinsights_skip_tracking":false,"footnotes":"","_wpscppro_dont_share_socialmedia":false,"_wpscppro_custom_social_share_image":0,"_facebook_share_type":"default","_twitter_share_type":"default","_linkedin_share_type":"default","_pinterest_share_type":"default","_linkedin_share_type_page":"","_instagram_share_type":"default","_medium_share_type":"default","_threads_share_type":"default","_google_business_share_type":"default","_bluesky_share_type":"default","_mastodon_share_type":"default","_selected_social_profile":[],"_wpsp_enable_custom_social_template":false,"_wpsp_social_scheduling":{"enabled":false,"datetime":null,"platforms":[],"status":"template_only","dateOption":"today","timeOption":"now","customDays":"","customHours":"","customDate":"","customTime":"","schedulingType":"absolute"},"_wpsp_active_default_template":true},"categories":[37],"tags":[],"class_list":["post-94942","post","type-post","status-publish","format-standard","has-post-thumbnail","hentry","category-monde"],"aioseo_notices":[],"aioseo_head":"\n\t\t<!-- All in One SEO 5.0.0.1 - aioseo.com -->\n\t<meta name=\"description\" content=\"L&#039;Alg\u00e9rie a boucl\u00e9, lundi, sa pr\u00e9sidence tournante du Conseil de paix et de s\u00e9curit\u00e9 (CPS) de l&#039;Union africaine, au terme d&#039;un mois d&#039;intense activit\u00e9 diplomatique ponctu\u00e9 de r\u00e9unions de haut niveau et d&#039;une mission de terrain au Soudan. Cette s\u00e9quence a permis \u00e0 Alger de peser en faveur d&#039;une gestion pr\u00e9ventive des crises africaines, fond\u00e9e\" \/>\n\t<meta name=\"robots\" content=\"max-image-preview:large\" \/>\n\t<meta name=\"author\" content=\"admin\"\/>\n\t<link rel=\"canonical\" href=\"https:\/\/lasentinelle.dz\/index.php\/2026\/09\/02\/presidence-algerienne-du-conseil-de-paix-et-de-securite-de-lua-un-mandat-axe-sur-la-prevention-pour-une-afrique-plus-sure\/\" \/>\n\t<meta name=\"generator\" content=\"All in One SEO (AIOSEO) 5.0.0.1\" \/>\n\t\t<meta property=\"og:locale\" content=\"fr_FR\" \/>\n\t\t<meta property=\"og:site_name\" content=\"La Sentinelle - Quotidien national d&#039;information\" \/>\n\t\t<meta property=\"og:type\" content=\"article\" \/>\n\t\t<meta property=\"og:title\" content=\"Pr\u00e9sidence alg\u00e9rienne du Conseil de paix et de s\u00e9curit\u00e9 de l\u2019UA : Un mandat ax\u00e9 sur la pr\u00e9vention pour une Afrique plus s\u00fbre - La Sentinelle\" \/>\n\t\t<meta property=\"og:description\" content=\"L&#039;Alg\u00e9rie a boucl\u00e9, lundi, sa pr\u00e9sidence tournante du Conseil de paix et de s\u00e9curit\u00e9 (CPS) de l&#039;Union africaine, au terme d&#039;un mois d&#039;intense activit\u00e9 diplomatique ponctu\u00e9 de r\u00e9unions de haut niveau et d&#039;une mission de terrain au Soudan. Cette s\u00e9quence a permis \u00e0 Alger de peser en faveur d&#039;une gestion pr\u00e9ventive des crises africaines, fond\u00e9e\" \/>\n\t\t<meta property=\"og:url\" content=\"https:\/\/lasentinelle.dz\/index.php\/2026\/09\/02\/presidence-algerienne-du-conseil-de-paix-et-de-securite-de-lua-un-mandat-axe-sur-la-prevention-pour-une-afrique-plus-sure\/\" \/>\n\t\t<meta property=\"og:image\" content=\"https:\/\/lasentinelle.dz\/wp-content\/uploads\/2021\/09\/cropped-la-sentinelle-earth-golden-anima-5.gif\" \/>\n\t\t<meta property=\"og:image:secure_url\" content=\"https:\/\/lasentinelle.dz\/wp-content\/uploads\/2021\/09\/cropped-la-sentinelle-earth-golden-anima-5.gif\" \/>\n\t\t<meta property=\"og:image:width\" content=\"450\" \/>\n\t\t<meta property=\"og:image:height\" content=\"213\" \/>\n\t\t<meta property=\"article:published_time\" content=\"2026-09-02T19:00:19+00:00\" \/>\n\t\t<meta property=\"article:modified_time\" content=\"2026-09-04T19:01:06+00:00\" \/>\n\t\t<meta property=\"article:publisher\" content=\"https:\/\/www.facebook.com\/azzedine.lasentinelle.1\" \/>\n\t\t<meta name=\"twitter:card\" content=\"summary_large_image\" \/>\n\t\t<meta name=\"twitter:title\" content=\"Pr\u00e9sidence alg\u00e9rienne du Conseil de paix et de s\u00e9curit\u00e9 de l\u2019UA : Un mandat ax\u00e9 sur la pr\u00e9vention pour une Afrique plus s\u00fbre - La Sentinelle\" \/>\n\t\t<meta name=\"twitter:description\" content=\"L&#039;Alg\u00e9rie a boucl\u00e9, lundi, sa pr\u00e9sidence tournante du Conseil de paix et de s\u00e9curit\u00e9 (CPS) de l&#039;Union africaine, au terme d&#039;un mois d&#039;intense activit\u00e9 diplomatique ponctu\u00e9 de r\u00e9unions de haut niveau et d&#039;une mission de terrain au Soudan. Cette s\u00e9quence a permis \u00e0 Alger de peser en faveur d&#039;une gestion pr\u00e9ventive des crises africaines, fond\u00e9e\" \/>\n\t\t<meta name=\"twitter:image\" content=\"https:\/\/lasentinelle.dz\/wp-content\/uploads\/2021\/09\/cropped-la-sentinelle-earth-golden-anima-5.gif\" \/>\n\t\t<script type=\"application\/ld+json\" class=\"aioseo-schema\">\n\t\t\t{\"@context\":\"https:\\\/\\\/schema.org\",\"@graph\":[{\"@type\":\"BlogPosting\",\"@id\":\"https:\\\/\\\/lasentinelle.dz\\\/index.php\\\/2026\\\/09\\\/02\\\/presidence-algerienne-du-conseil-de-paix-et-de-securite-de-lua-un-mandat-axe-sur-la-prevention-pour-une-afrique-plus-sure\\\/#blogposting\",\"name\":\"Pr\\u00e9sidence alg\\u00e9rienne du Conseil de paix et de s\\u00e9curit\\u00e9 de l\\u2019UA : Un mandat ax\\u00e9 sur la pr\\u00e9vention pour une Afrique plus s\\u00fbre - La Sentinelle\",\"headline\":\"Pr\\u00e9sidence alg\\u00e9rienne du Conseil de paix et de s\\u00e9curit\\u00e9 de l&rsquo;UA\\u00a0: Un mandat ax\\u00e9 sur la pr\\u00e9vention pour une Afrique plus s\\u00fbre\",\"author\":{\"@id\":\"https:\\\/\\\/lasentinelle.dz\\\/author\\\/admin\\\/#author\"},\"publisher\":{\"@id\":\"https:\\\/\\\/lasentinelle.dz\\\/#organization\"},\"image\":{\"@type\":\"ImageObject\",\"url\":\"https:\\\/\\\/lasentinelle.dz\\\/wp-content\\\/uploads\\\/2026\\\/08\\\/Algerie-CPS-UA.webp\",\"width\":900,\"height\":675},\"datePublished\":\"2026-09-02T20:00:19+01:00\",\"dateModified\":\"2026-09-04T20:01:06+01:00\",\"inLanguage\":\"fr-FR\",\"mainEntityOfPage\":{\"@id\":\"https:\\\/\\\/lasentinelle.dz\\\/index.php\\\/2026\\\/09\\\/02\\\/presidence-algerienne-du-conseil-de-paix-et-de-securite-de-lua-un-mandat-axe-sur-la-prevention-pour-une-afrique-plus-sure\\\/#webpage\"},\"isPartOf\":{\"@id\":\"https:\\\/\\\/lasentinelle.dz\\\/index.php\\\/2026\\\/09\\\/02\\\/presidence-algerienne-du-conseil-de-paix-et-de-securite-de-lua-un-mandat-axe-sur-la-prevention-pour-une-afrique-plus-sure\\\/#webpage\"},\"articleSection\":\"Monde\"},{\"@type\":\"BreadcrumbList\",\"@id\":\"https:\\\/\\\/lasentinelle.dz\\\/index.php\\\/2026\\\/09\\\/02\\\/presidence-algerienne-du-conseil-de-paix-et-de-securite-de-lua-un-mandat-axe-sur-la-prevention-pour-une-afrique-plus-sure\\\/#breadcrumblist\",\"itemListElement\":[{\"@type\":\"ListItem\",\"@id\":\"https:\\\/\\\/lasentinelle.dz#listItem\",\"position\":1,\"name\":\"Home\",\"item\":\"https:\\\/\\\/lasentinelle.dz\",\"nextItem\":{\"@type\":\"ListItem\",\"@id\":\"https:\\\/\\\/lasentinelle.dz\\\/index.php\\\/category\\\/monde\\\/#listItem\",\"name\":\"Monde\"}},{\"@type\":\"ListItem\",\"@id\":\"https:\\\/\\\/lasentinelle.dz\\\/index.php\\\/category\\\/monde\\\/#listItem\",\"position\":2,\"name\":\"Monde\",\"item\":\"https:\\\/\\\/lasentinelle.dz\\\/index.php\\\/category\\\/monde\\\/\",\"nextItem\":{\"@type\":\"ListItem\",\"@id\":\"https:\\\/\\\/lasentinelle.dz\\\/index.php\\\/2026\\\/09\\\/02\\\/presidence-algerienne-du-conseil-de-paix-et-de-securite-de-lua-un-mandat-axe-sur-la-prevention-pour-une-afrique-plus-sure\\\/#listItem\",\"name\":\"Pr\\u00e9sidence alg\\u00e9rienne du Conseil de paix et de s\\u00e9curit\\u00e9 de l&rsquo;UA\\u00a0: Un mandat ax\\u00e9 sur la pr\\u00e9vention pour une Afrique plus s\\u00fbre\"},\"previousItem\":{\"@type\":\"ListItem\",\"@id\":\"https:\\\/\\\/lasentinelle.dz#listItem\",\"name\":\"Home\"}},{\"@type\":\"ListItem\",\"@id\":\"https:\\\/\\\/lasentinelle.dz\\\/index.php\\\/2026\\\/09\\\/02\\\/presidence-algerienne-du-conseil-de-paix-et-de-securite-de-lua-un-mandat-axe-sur-la-prevention-pour-une-afrique-plus-sure\\\/#listItem\",\"position\":3,\"name\":\"Pr\\u00e9sidence alg\\u00e9rienne du Conseil de paix et de s\\u00e9curit\\u00e9 de l&rsquo;UA\\u00a0: Un mandat ax\\u00e9 sur la pr\\u00e9vention pour une Afrique plus s\\u00fbre\",\"previousItem\":{\"@type\":\"ListItem\",\"@id\":\"https:\\\/\\\/lasentinelle.dz\\\/index.php\\\/category\\\/monde\\\/#listItem\",\"name\":\"Monde\"}}]},{\"@type\":\"Organization\",\"@id\":\"https:\\\/\\\/lasentinelle.dz\\\/#organization\",\"name\":\"La Sentinelle La Sentinelle\",\"description\":\"Quotidien national d'information\",\"url\":\"https:\\\/\\\/lasentinelle.dz\\\/\",\"logo\":{\"@type\":\"ImageObject\",\"url\":\"https:\\\/\\\/lasentinelle.dz\\\/wp-content\\\/uploads\\\/2021\\\/09\\\/cropped-la-sentinelle-earth-golden-anima-5.gif\",\"@id\":\"https:\\\/\\\/lasentinelle.dz\\\/index.php\\\/2026\\\/09\\\/02\\\/presidence-algerienne-du-conseil-de-paix-et-de-securite-de-lua-un-mandat-axe-sur-la-prevention-pour-une-afrique-plus-sure\\\/#organizationLogo\",\"width\":450,\"height\":213},\"image\":{\"@id\":\"https:\\\/\\\/lasentinelle.dz\\\/index.php\\\/2026\\\/09\\\/02\\\/presidence-algerienne-du-conseil-de-paix-et-de-securite-de-lua-un-mandat-axe-sur-la-prevention-pour-une-afrique-plus-sure\\\/#organizationLogo\"},\"sameAs\":[\"https:\\\/\\\/www.facebook.com\\\/azzedine.lasentinelle.1\"]},{\"@type\":\"Person\",\"@id\":\"https:\\\/\\\/lasentinelle.dz\\\/author\\\/admin\\\/#author\",\"url\":\"https:\\\/\\\/lasentinelle.dz\\\/author\\\/admin\\\/\",\"name\":\"admin\",\"image\":{\"@type\":\"ImageObject\",\"@id\":\"https:\\\/\\\/lasentinelle.dz\\\/index.php\\\/2026\\\/09\\\/02\\\/presidence-algerienne-du-conseil-de-paix-et-de-securite-de-lua-un-mandat-axe-sur-la-prevention-pour-une-afrique-plus-sure\\\/#authorImage\",\"url\":\"https:\\\/\\\/secure.gravatar.com\\\/avatar\\\/4c81fed838786e9b53f540bf46533e750f5d292099ae3b66cfc6fb1982e29df7?s=96&d=mm&r=g\",\"width\":96,\"height\":96,\"caption\":\"admin\"}},{\"@type\":\"WebPage\",\"@id\":\"https:\\\/\\\/lasentinelle.dz\\\/index.php\\\/2026\\\/09\\\/02\\\/presidence-algerienne-du-conseil-de-paix-et-de-securite-de-lua-un-mandat-axe-sur-la-prevention-pour-une-afrique-plus-sure\\\/#webpage\",\"url\":\"https:\\\/\\\/lasentinelle.dz\\\/index.php\\\/2026\\\/09\\\/02\\\/presidence-algerienne-du-conseil-de-paix-et-de-securite-de-lua-un-mandat-axe-sur-la-prevention-pour-une-afrique-plus-sure\\\/\",\"name\":\"Pr\\u00e9sidence alg\\u00e9rienne du Conseil de paix et de s\\u00e9curit\\u00e9 de l\\u2019UA : Un mandat ax\\u00e9 sur la pr\\u00e9vention pour une Afrique plus s\\u00fbre - La Sentinelle\",\"description\":\"L'Alg\\u00e9rie a boucl\\u00e9, lundi, sa pr\\u00e9sidence tournante du Conseil de paix et de s\\u00e9curit\\u00e9 (CPS) de l'Union africaine, au terme d'un mois d'intense activit\\u00e9 diplomatique ponctu\\u00e9 de r\\u00e9unions de haut niveau et d'une mission de terrain au Soudan. Cette s\\u00e9quence a permis \\u00e0 Alger de peser en faveur d'une gestion pr\\u00e9ventive des crises africaines, fond\\u00e9e\",\"inLanguage\":\"fr-FR\",\"isPartOf\":{\"@id\":\"https:\\\/\\\/lasentinelle.dz\\\/#website\"},\"breadcrumb\":{\"@id\":\"https:\\\/\\\/lasentinelle.dz\\\/index.php\\\/2026\\\/09\\\/02\\\/presidence-algerienne-du-conseil-de-paix-et-de-securite-de-lua-un-mandat-axe-sur-la-prevention-pour-une-afrique-plus-sure\\\/#breadcrumblist\"},\"author\":{\"@id\":\"https:\\\/\\\/lasentinelle.dz\\\/author\\\/admin\\\/#author\"},\"creator\":{\"@id\":\"https:\\\/\\\/lasentinelle.dz\\\/author\\\/admin\\\/#author\"},\"image\":{\"@type\":\"ImageObject\",\"url\":\"https:\\\/\\\/lasentinelle.dz\\\/wp-content\\\/uploads\\\/2026\\\/08\\\/Algerie-CPS-UA.webp\",\"@id\":\"https:\\\/\\\/lasentinelle.dz\\\/index.php\\\/2026\\\/09\\\/02\\\/presidence-algerienne-du-conseil-de-paix-et-de-securite-de-lua-un-mandat-axe-sur-la-prevention-pour-une-afrique-plus-sure\\\/#mainImage\",\"width\":900,\"height\":675},\"primaryImageOfPage\":{\"@id\":\"https:\\\/\\\/lasentinelle.dz\\\/index.php\\\/2026\\\/09\\\/02\\\/presidence-algerienne-du-conseil-de-paix-et-de-securite-de-lua-un-mandat-axe-sur-la-prevention-pour-une-afrique-plus-sure\\\/#mainImage\"},\"datePublished\":\"2026-09-02T20:00:19+01:00\",\"dateModified\":\"2026-09-04T20:01:06+01:00\"},{\"@type\":\"WebSite\",\"@id\":\"https:\\\/\\\/lasentinelle.dz\\\/#website\",\"url\":\"https:\\\/\\\/lasentinelle.dz\\\/\",\"name\":\"La Sentinelle\",\"description\":\"Quotidien national d'information\",\"inLanguage\":\"fr-FR\",\"publisher\":{\"@id\":\"https:\\\/\\\/lasentinelle.dz\\\/#organization\"}}]}\n\t\t<\/script>\n\t\t<!-- All in One SEO -->\n\n","aioseo_head_json":{"title":"Pr\u00e9sidence alg\u00e9rienne du Conseil de paix et de s\u00e9curit\u00e9 de l\u2019UA : Un mandat ax\u00e9 sur la pr\u00e9vention pour une Afrique plus s\u00fbre - La Sentinelle","description":"L'Alg\u00e9rie a boucl\u00e9, lundi, sa pr\u00e9sidence tournante du Conseil de paix et de s\u00e9curit\u00e9 (CPS) de l'Union africaine, au terme d'un mois d'intense activit\u00e9 diplomatique ponctu\u00e9 de r\u00e9unions de haut niveau et d'une mission de terrain au Soudan. Cette s\u00e9quence a permis \u00e0 Alger de peser en faveur d'une gestion pr\u00e9ventive des crises africaines, fond\u00e9e","canonical_url":"https:\/\/lasentinelle.dz\/index.php\/2026\/09\/02\/presidence-algerienne-du-conseil-de-paix-et-de-securite-de-lua-un-mandat-axe-sur-la-prevention-pour-une-afrique-plus-sure\/","robots":"max-image-preview:large","keywords":"","webmasterTools":{"miscellaneous":""},"schema":{"@context":"https:\/\/schema.org","@graph":[{"@type":"BlogPosting","@id":"https:\/\/lasentinelle.dz\/index.php\/2026\/09\/02\/presidence-algerienne-du-conseil-de-paix-et-de-securite-de-lua-un-mandat-axe-sur-la-prevention-pour-une-afrique-plus-sure\/#blogposting","name":"Pr\u00e9sidence alg\u00e9rienne du Conseil de paix et de s\u00e9curit\u00e9 de l\u2019UA : Un mandat ax\u00e9 sur la pr\u00e9vention pour une Afrique plus s\u00fbre - La Sentinelle","headline":"Pr\u00e9sidence alg\u00e9rienne du Conseil de paix et de s\u00e9curit\u00e9 de l&rsquo;UA\u00a0: Un mandat ax\u00e9 sur la pr\u00e9vention pour une Afrique plus s\u00fbre","author":{"@id":"https:\/\/lasentinelle.dz\/author\/admin\/#author"},"publisher":{"@id":"https:\/\/lasentinelle.dz\/#organization"},"image":{"@type":"ImageObject","url":"https:\/\/lasentinelle.dz\/wp-content\/uploads\/2026\/08\/Algerie-CPS-UA.webp","width":900,"height":675},"datePublished":"2026-09-02T20:00:19+01:00","dateModified":"2026-09-04T20:01:06+01:00","inLanguage":"fr-FR","mainEntityOfPage":{"@id":"https:\/\/lasentinelle.dz\/index.php\/2026\/09\/02\/presidence-algerienne-du-conseil-de-paix-et-de-securite-de-lua-un-mandat-axe-sur-la-prevention-pour-une-afrique-plus-sure\/#webpage"},"isPartOf":{"@id":"https:\/\/lasentinelle.dz\/index.php\/2026\/09\/02\/presidence-algerienne-du-conseil-de-paix-et-de-securite-de-lua-un-mandat-axe-sur-la-prevention-pour-une-afrique-plus-sure\/#webpage"},"articleSection":"Monde"},{"@type":"BreadcrumbList","@id":"https:\/\/lasentinelle.dz\/index.php\/2026\/09\/02\/presidence-algerienne-du-conseil-de-paix-et-de-securite-de-lua-un-mandat-axe-sur-la-prevention-pour-une-afrique-plus-sure\/#breadcrumblist","itemListElement":[{"@type":"ListItem","@id":"https:\/\/lasentinelle.dz#listItem","position":1,"name":"Home","item":"https:\/\/lasentinelle.dz","nextItem":{"@type":"ListItem","@id":"https:\/\/lasentinelle.dz\/index.php\/category\/monde\/#listItem","name":"Monde"}},{"@type":"ListItem","@id":"https:\/\/lasentinelle.dz\/index.php\/category\/monde\/#listItem","position":2,"name":"Monde","item":"https:\/\/lasentinelle.dz\/index.php\/category\/monde\/","nextItem":{"@type":"ListItem","@id":"https:\/\/lasentinelle.dz\/index.php\/2026\/09\/02\/presidence-algerienne-du-conseil-de-paix-et-de-securite-de-lua-un-mandat-axe-sur-la-prevention-pour-une-afrique-plus-sure\/#listItem","name":"Pr\u00e9sidence alg\u00e9rienne du Conseil de paix et de s\u00e9curit\u00e9 de l&rsquo;UA\u00a0: Un mandat ax\u00e9 sur la pr\u00e9vention pour une Afrique plus s\u00fbre"},"previousItem":{"@type":"ListItem","@id":"https:\/\/lasentinelle.dz#listItem","name":"Home"}},{"@type":"ListItem","@id":"https:\/\/lasentinelle.dz\/index.php\/2026\/09\/02\/presidence-algerienne-du-conseil-de-paix-et-de-securite-de-lua-un-mandat-axe-sur-la-prevention-pour-une-afrique-plus-sure\/#listItem","position":3,"name":"Pr\u00e9sidence alg\u00e9rienne du Conseil de paix et de s\u00e9curit\u00e9 de l&rsquo;UA\u00a0: Un mandat ax\u00e9 sur la pr\u00e9vention pour une Afrique plus s\u00fbre","previousItem":{"@type":"ListItem","@id":"https:\/\/lasentinelle.dz\/index.php\/category\/monde\/#listItem","name":"Monde"}}]},{"@type":"Organization","@id":"https:\/\/lasentinelle.dz\/#organization","name":"La Sentinelle La Sentinelle","description":"Quotidien national d'information","url":"https:\/\/lasentinelle.dz\/","logo":{"@type":"ImageObject","url":"https:\/\/lasentinelle.dz\/wp-content\/uploads\/2021\/09\/cropped-la-sentinelle-earth-golden-anima-5.gif","@id":"https:\/\/lasentinelle.dz\/index.php\/2026\/09\/02\/presidence-algerienne-du-conseil-de-paix-et-de-securite-de-lua-un-mandat-axe-sur-la-prevention-pour-une-afrique-plus-sure\/#organizationLogo","width":450,"height":213},"image":{"@id":"https:\/\/lasentinelle.dz\/index.php\/2026\/09\/02\/presidence-algerienne-du-conseil-de-paix-et-de-securite-de-lua-un-mandat-axe-sur-la-prevention-pour-une-afrique-plus-sure\/#organizationLogo"},"sameAs":["https:\/\/www.facebook.com\/azzedine.lasentinelle.1"]},{"@type":"Person","@id":"https:\/\/lasentinelle.dz\/author\/admin\/#author","url":"https:\/\/lasentinelle.dz\/author\/admin\/","name":"admin","image":{"@type":"ImageObject","@id":"https:\/\/lasentinelle.dz\/index.php\/2026\/09\/02\/presidence-algerienne-du-conseil-de-paix-et-de-securite-de-lua-un-mandat-axe-sur-la-prevention-pour-une-afrique-plus-sure\/#authorImage","url":"https:\/\/secure.gravatar.com\/avatar\/4c81fed838786e9b53f540bf46533e750f5d292099ae3b66cfc6fb1982e29df7?s=96&d=mm&r=g","width":96,"height":96,"caption":"admin"}},{"@type":"WebPage","@id":"https:\/\/lasentinelle.dz\/index.php\/2026\/09\/02\/presidence-algerienne-du-conseil-de-paix-et-de-securite-de-lua-un-mandat-axe-sur-la-prevention-pour-une-afrique-plus-sure\/#webpage","url":"https:\/\/lasentinelle.dz\/index.php\/2026\/09\/02\/presidence-algerienne-du-conseil-de-paix-et-de-securite-de-lua-un-mandat-axe-sur-la-prevention-pour-une-afrique-plus-sure\/","name":"Pr\u00e9sidence alg\u00e9rienne du Conseil de paix et de s\u00e9curit\u00e9 de l\u2019UA : Un mandat ax\u00e9 sur la pr\u00e9vention pour une Afrique plus s\u00fbre - La Sentinelle","description":"L'Alg\u00e9rie a boucl\u00e9, lundi, sa pr\u00e9sidence tournante du Conseil de paix et de s\u00e9curit\u00e9 (CPS) de l'Union africaine, au terme d'un mois d'intense activit\u00e9 diplomatique ponctu\u00e9 de r\u00e9unions de haut niveau et d'une mission de terrain au Soudan. Cette s\u00e9quence a permis \u00e0 Alger de peser en faveur d'une gestion pr\u00e9ventive des crises africaines, fond\u00e9e","inLanguage":"fr-FR","isPartOf":{"@id":"https:\/\/lasentinelle.dz\/#website"},"breadcrumb":{"@id":"https:\/\/lasentinelle.dz\/index.php\/2026\/09\/02\/presidence-algerienne-du-conseil-de-paix-et-de-securite-de-lua-un-mandat-axe-sur-la-prevention-pour-une-afrique-plus-sure\/#breadcrumblist"},"author":{"@id":"https:\/\/lasentinelle.dz\/author\/admin\/#author"},"creator":{"@id":"https:\/\/lasentinelle.dz\/author\/admin\/#author"},"image":{"@type":"ImageObject","url":"https:\/\/lasentinelle.dz\/wp-content\/uploads\/2026\/08\/Algerie-CPS-UA.webp","@id":"https:\/\/lasentinelle.dz\/index.php\/2026\/09\/02\/presidence-algerienne-du-conseil-de-paix-et-de-securite-de-lua-un-mandat-axe-sur-la-prevention-pour-une-afrique-plus-sure\/#mainImage","width":900,"height":675},"primaryImageOfPage":{"@id":"https:\/\/lasentinelle.dz\/index.php\/2026\/09\/02\/presidence-algerienne-du-conseil-de-paix-et-de-securite-de-lua-un-mandat-axe-sur-la-prevention-pour-une-afrique-plus-sure\/#mainImage"},"datePublished":"2026-09-02T20:00:19+01:00","dateModified":"2026-09-04T20:01:06+01:00"},{"@type":"WebSite","@id":"https:\/\/lasentinelle.dz\/#website","url":"https:\/\/lasentinelle.dz\/","name":"La Sentinelle","description":"Quotidien national d'information","inLanguage":"fr-FR","publisher":{"@id":"https:\/\/lasentinelle.dz\/#organization"}}]},"og:locale":"fr_FR","og:site_name":"La Sentinelle - Quotidien national d'information","og:type":"article","og:title":"Pr\u00e9sidence alg\u00e9rienne du Conseil de paix et de s\u00e9curit\u00e9 de l\u2019UA : Un mandat ax\u00e9 sur la pr\u00e9vention pour une Afrique plus s\u00fbre - La Sentinelle","og:description":"L'Alg\u00e9rie a boucl\u00e9, lundi, sa pr\u00e9sidence tournante du Conseil de paix et de s\u00e9curit\u00e9 (CPS) de l'Union africaine, au terme d'un mois d'intense activit\u00e9 diplomatique ponctu\u00e9 de r\u00e9unions de haut niveau et d'une mission de terrain au Soudan. Cette s\u00e9quence a permis \u00e0 Alger de peser en faveur d'une gestion pr\u00e9ventive des crises africaines, fond\u00e9e","og:url":"https:\/\/lasentinelle.dz\/index.php\/2026\/09\/02\/presidence-algerienne-du-conseil-de-paix-et-de-securite-de-lua-un-mandat-axe-sur-la-prevention-pour-une-afrique-plus-sure\/","og:image":"https:\/\/lasentinelle.dz\/wp-content\/uploads\/2021\/09\/cropped-la-sentinelle-earth-golden-anima-5.gif","og:image:secure_url":"https:\/\/lasentinelle.dz\/wp-content\/uploads\/2021\/09\/cropped-la-sentinelle-earth-golden-anima-5.gif","og:image:width":450,"og:image:height":213,"article:published_time":"2026-09-02T19:00:19+00:00","article:modified_time":"2026-09-04T19:01:06+00:00","article:publisher":"https:\/\/www.facebook.com\/azzedine.lasentinelle.1","twitter:card":"summary_large_image","twitter:title":"Pr\u00e9sidence alg\u00e9rienne du Conseil de paix et de s\u00e9curit\u00e9 de l\u2019UA : Un mandat ax\u00e9 sur la pr\u00e9vention pour une Afrique plus s\u00fbre - La Sentinelle","twitter:description":"L'Alg\u00e9rie a boucl\u00e9, lundi, sa pr\u00e9sidence tournante du Conseil de paix et de s\u00e9curit\u00e9 (CPS) de l'Union africaine, au terme d'un mois d'intense activit\u00e9 diplomatique ponctu\u00e9 de r\u00e9unions de haut niveau et d'une mission de terrain au Soudan. Cette s\u00e9quence a permis \u00e0 Alger de peser en faveur d'une gestion pr\u00e9ventive des crises africaines, fond\u00e9e","twitter:image":"https:\/\/lasentinelle.dz\/wp-content\/uploads\/2021\/09\/cropped-la-sentinelle-earth-golden-anima-5.gif"},"aioseo_meta_data":{"post_id":"94942","title":null,"description":null,"keywords":null,"keyphrases":{"focus":{"keyphrase":"","score":0,"analysis":{"keyphraseInTitle":{"score":0,"maxScore":9,"error":1}}},"additional":[]},"primary_term":null,"canonical_url":null,"og_title":null,"og_description":null,"og_object_type":"default","og_image_type":"default","og_image_url":null,"og_image_width":null,"og_image_height":null,"og_image_custom_url":null,"og_image_custom_fields":null,"og_video":"","og_custom_url":null,"og_article_section":null,"og_article_tags":null,"twitter_use_og":false,"twitter_card":"default","twitter_image_type":"default","twitter_image_url":null,"twitter_image_custom_url":null,"twitter_image_custom_fields":null,"twitter_title":null,"twitter_description":null,"schema":{"blockGraphs":[],"customGraphs":[],"default":{"data":{"Article":[],"Course":[],"Dataset":[],"FAQPage":[],"Movie":[],"Person":[],"Product":[],"ProductReview":[],"Car":[],"Recipe":[],"Service":[],"SoftwareApplication":[],"WebPage":[]},"graphName":"BlogPosting","isEnabled":true},"graphs":[]},"schema_type":"default","schema_type_options":null,"pillar_content":false,"robots_default":true,"robots_noindex":false,"robots_noarchive":false,"robots_nosnippet":false,"robots_nofollow":false,"robots_noimageindex":false,"robots_noodp":false,"robots_notranslate":false,"robots_max_snippet":"-1","robots_max_videopreview":"-1","robots_max_imagepreview":"large","priority":null,"frequency":"default","local_seo":null,"breadcrumb_settings":null,"limit_modified_date":false,"ai":{"faqs":[],"keyPoints":[],"schemas":[],"titles":[],"descriptions":[],"socialPosts":{"email":{"subject":"","preview":"","content":""},"linkedin":[],"twitter":[],"facebook":[],"instagram":[]}},"created":"2026-09-04 19:01:07","updated":"2026-09-04 19:02:12","focus_keyword":null,"additional_keywords":null,"truseo_locale":null,"seo_analyzer_scan_date":null},"aioseo_breadcrumb":"<div class=\"aioseo-breadcrumbs\"><span class=\"aioseo-breadcrumb\">\n\t\t\t<a href=\"https:\/\/lasentinelle.dz\" title=\"Home\">Home<\/a>\n\t\t<\/span><span class=\"aioseo-breadcrumb-separator\">&raquo;<\/span><span class=\"aioseo-breadcrumb\">\n\t\t\t<a href=\"https:\/\/lasentinelle.dz\/index.php\/category\/monde\/\" title=\"Monde\">Monde<\/a>\n\t\t<\/span><span class=\"aioseo-breadcrumb-separator\">&raquo;<\/span><span class=\"aioseo-breadcrumb\">\n\t\t\tPr\u00e9sidence alg\u00e9rienne du Conseil de paix et de s\u00e9curit\u00e9 de l\u2019UA : Un mandat ax\u00e9 sur la pr\u00e9vention pour une Afrique plus s\u00fbre\n\t\t<\/span><\/div>","aioseo_breadcrumb_json":[{"label":"Home","link":"https:\/\/lasentinelle.dz"},{"label":"Monde","link":"https:\/\/lasentinelle.dz\/index.php\/category\/monde\/"},{"label":"Pr\u00e9sidence alg\u00e9rienne du Conseil de paix et de s\u00e9curit\u00e9 de l&rsquo;UA\u00a0: Un mandat ax\u00e9 sur la pr\u00e9vention pour une Afrique plus s\u00fbre","link":"https:\/\/lasentinelle.dz\/index.php\/2026\/09\/02\/presidence-algerienne-du-conseil-de-paix-et-de-securite-de-lua-un-mandat-axe-sur-la-prevention-pour-une-afrique-plus-sure\/"}],"yoast_head":"<!-- This site is optimized with the Yoast SEO plugin v28.4 - https:\/\/yoast.com\/product\/yoast-seo-wordpress\/ -->\n<title>Pr\u00e9sidence alg\u00e9rienne du Conseil de paix et de s\u00e9curit\u00e9 de l&rsquo;UA\u00a0: Un mandat ax\u00e9 sur la pr\u00e9vention pour une Afrique plus s\u00fbre - La Sentinelle<\/title>\n<meta name=\"robots\" content=\"index, follow, max-snippet:-1, max-image-preview:large, max-video-preview:-1\" \/>\n<link rel=\"canonical\" href=\"https:\/\/lasentinelle.dz\/index.php\/2026\/09\/02\/presidence-algerienne-du-conseil-de-paix-et-de-securite-de-lua-un-mandat-axe-sur-la-prevention-pour-une-afrique-plus-sure\/\" \/>\n<meta property=\"og:locale\" content=\"fr_FR\" \/>\n<meta property=\"og:type\" content=\"article\" \/>\n<meta property=\"og:title\" content=\"Pr\u00e9sidence alg\u00e9rienne du Conseil de paix et de s\u00e9curit\u00e9 de l&rsquo;UA\u00a0: Un mandat ax\u00e9 sur la pr\u00e9vention pour une Afrique plus s\u00fbre - La Sentinelle\" \/>\n<meta property=\"og:description\" content=\"L&rsquo;Alg\u00e9rie a boucl\u00e9, lundi, sa pr\u00e9sidence tournante du Conseil de paix et de s\u00e9curit\u00e9 (CPS) de l&rsquo;Union africaine, au terme\" \/>\n<meta property=\"og:url\" content=\"https:\/\/lasentinelle.dz\/index.php\/2026\/09\/02\/presidence-algerienne-du-conseil-de-paix-et-de-securite-de-lua-un-mandat-axe-sur-la-prevention-pour-une-afrique-plus-sure\/\" \/>\n<meta property=\"og:site_name\" content=\"La Sentinelle\" \/>\n<meta property=\"article:publisher\" content=\"https:\/\/www.facebook.com\/La-Sentinelle-104059864394773\" \/>\n<meta property=\"article:published_time\" content=\"2026-09-02T19:00:19+00:00\" \/>\n<meta property=\"article:modified_time\" content=\"2026-09-04T19:01:06+00:00\" \/>\n<meta property=\"og:image\" content=\"https:\/\/lasentinelle.dz\/wp-content\/uploads\/2026\/08\/Algerie-CPS-UA.webp\" \/>\n\t<meta property=\"og:image:width\" content=\"900\" \/>\n\t<meta property=\"og:image:height\" content=\"675\" \/>\n\t<meta property=\"og:image:type\" content=\"image\/webp\" \/>\n<meta name=\"author\" content=\"admin\" \/>\n<meta name=\"twitter:card\" content=\"summary_large_image\" \/>\n<meta name=\"twitter:label1\" content=\"\u00c9crit par\" \/>\n\t<meta name=\"twitter:data1\" content=\"admin\" \/>\n\t<meta name=\"twitter:label2\" content=\"Dur\u00e9e de lecture estim\u00e9e\" \/>\n\t<meta name=\"twitter:data2\" content=\"6 minutes\" \/>\n<script type=\"application\/ld+json\" class=\"yoast-schema-graph\">{\"@context\":\"https:\\\/\\\/schema.org\",\"@graph\":[{\"@type\":\"Article\",\"@id\":\"https:\\\/\\\/lasentinelle.dz\\\/index.php\\\/2026\\\/09\\\/02\\\/presidence-algerienne-du-conseil-de-paix-et-de-securite-de-lua-un-mandat-axe-sur-la-prevention-pour-une-afrique-plus-sure\\\/#article\",\"isPartOf\":{\"@id\":\"https:\\\/\\\/lasentinelle.dz\\\/index.php\\\/2026\\\/09\\\/02\\\/presidence-algerienne-du-conseil-de-paix-et-de-securite-de-lua-un-mandat-axe-sur-la-prevention-pour-une-afrique-plus-sure\\\/\"},\"author\":{\"name\":\"admin\",\"@id\":\"https:\\\/\\\/lasentinelle.dz\\\/#\\\/schema\\\/person\\\/729ee0024f24e0b8c5ec17232f8e8b41\"},\"headline\":\"Pr\u00e9sidence alg\u00e9rienne du Conseil de paix et de s\u00e9curit\u00e9 de l&rsquo;UA\u00a0: Un mandat ax\u00e9 sur la pr\u00e9vention pour une Afrique plus s\u00fbre\",\"datePublished\":\"2026-09-02T19:00:19+00:00\",\"dateModified\":\"2026-09-04T19:01:06+00:00\",\"mainEntityOfPage\":{\"@id\":\"https:\\\/\\\/lasentinelle.dz\\\/index.php\\\/2026\\\/09\\\/02\\\/presidence-algerienne-du-conseil-de-paix-et-de-securite-de-lua-un-mandat-axe-sur-la-prevention-pour-une-afrique-plus-sure\\\/\"},\"wordCount\":1206,\"commentCount\":0,\"publisher\":{\"@id\":\"https:\\\/\\\/lasentinelle.dz\\\/#organization\"},\"image\":{\"@id\":\"https:\\\/\\\/lasentinelle.dz\\\/index.php\\\/2026\\\/09\\\/02\\\/presidence-algerienne-du-conseil-de-paix-et-de-securite-de-lua-un-mandat-axe-sur-la-prevention-pour-une-afrique-plus-sure\\\/#primaryimage\"},\"thumbnailUrl\":\"https:\\\/\\\/lasentinelle.dz\\\/wp-content\\\/uploads\\\/2026\\\/08\\\/Algerie-CPS-UA.webp\",\"articleSection\":[\"Monde\"],\"inLanguage\":\"fr-FR\",\"potentialAction\":[{\"@type\":\"CommentAction\",\"name\":\"Comment\",\"target\":[\"https:\\\/\\\/lasentinelle.dz\\\/index.php\\\/2026\\\/09\\\/02\\\/presidence-algerienne-du-conseil-de-paix-et-de-securite-de-lua-un-mandat-axe-sur-la-prevention-pour-une-afrique-plus-sure\\\/#respond\"]}]},{\"@type\":\"WebPage\",\"@id\":\"https:\\\/\\\/lasentinelle.dz\\\/index.php\\\/2026\\\/09\\\/02\\\/presidence-algerienne-du-conseil-de-paix-et-de-securite-de-lua-un-mandat-axe-sur-la-prevention-pour-une-afrique-plus-sure\\\/\",\"url\":\"https:\\\/\\\/lasentinelle.dz\\\/index.php\\\/2026\\\/09\\\/02\\\/presidence-algerienne-du-conseil-de-paix-et-de-securite-de-lua-un-mandat-axe-sur-la-prevention-pour-une-afrique-plus-sure\\\/\",\"name\":\"Pr\u00e9sidence alg\u00e9rienne du Conseil de paix et de s\u00e9curit\u00e9 de l&rsquo;UA\u00a0: Un mandat ax\u00e9 sur la pr\u00e9vention pour une Afrique plus s\u00fbre - La Sentinelle\",\"isPartOf\":{\"@id\":\"https:\\\/\\\/lasentinelle.dz\\\/#website\"},\"primaryImageOfPage\":{\"@id\":\"https:\\\/\\\/lasentinelle.dz\\\/index.php\\\/2026\\\/09\\\/02\\\/presidence-algerienne-du-conseil-de-paix-et-de-securite-de-lua-un-mandat-axe-sur-la-prevention-pour-une-afrique-plus-sure\\\/#primaryimage\"},\"image\":{\"@id\":\"https:\\\/\\\/lasentinelle.dz\\\/index.php\\\/2026\\\/09\\\/02\\\/presidence-algerienne-du-conseil-de-paix-et-de-securite-de-lua-un-mandat-axe-sur-la-prevention-pour-une-afrique-plus-sure\\\/#primaryimage\"},\"thumbnailUrl\":\"https:\\\/\\\/lasentinelle.dz\\\/wp-content\\\/uploads\\\/2026\\\/08\\\/Algerie-CPS-UA.webp\",\"datePublished\":\"2026-09-02T19:00:19+00:00\",\"dateModified\":\"2026-09-04T19:01:06+00:00\",\"breadcrumb\":{\"@id\":\"https:\\\/\\\/lasentinelle.dz\\\/index.php\\\/2026\\\/09\\\/02\\\/presidence-algerienne-du-conseil-de-paix-et-de-securite-de-lua-un-mandat-axe-sur-la-prevention-pour-une-afrique-plus-sure\\\/#breadcrumb\"},\"inLanguage\":\"fr-FR\",\"potentialAction\":[{\"@type\":\"ReadAction\",\"target\":[\"https:\\\/\\\/lasentinelle.dz\\\/index.php\\\/2026\\\/09\\\/02\\\/presidence-algerienne-du-conseil-de-paix-et-de-securite-de-lua-un-mandat-axe-sur-la-prevention-pour-une-afrique-plus-sure\\\/\"]}]},{\"@type\":\"ImageObject\",\"inLanguage\":\"fr-FR\",\"@id\":\"https:\\\/\\\/lasentinelle.dz\\\/index.php\\\/2026\\\/09\\\/02\\\/presidence-algerienne-du-conseil-de-paix-et-de-securite-de-lua-un-mandat-axe-sur-la-prevention-pour-une-afrique-plus-sure\\\/#primaryimage\",\"url\":\"https:\\\/\\\/lasentinelle.dz\\\/wp-content\\\/uploads\\\/2026\\\/08\\\/Algerie-CPS-UA.webp\",\"contentUrl\":\"https:\\\/\\\/lasentinelle.dz\\\/wp-content\\\/uploads\\\/2026\\\/08\\\/Algerie-CPS-UA.webp\",\"width\":900,\"height\":675},{\"@type\":\"BreadcrumbList\",\"@id\":\"https:\\\/\\\/lasentinelle.dz\\\/index.php\\\/2026\\\/09\\\/02\\\/presidence-algerienne-du-conseil-de-paix-et-de-securite-de-lua-un-mandat-axe-sur-la-prevention-pour-une-afrique-plus-sure\\\/#breadcrumb\",\"itemListElement\":[{\"@type\":\"ListItem\",\"position\":1,\"name\":\"Accueil\",\"item\":\"https:\\\/\\\/lasentinelle.dz\\\/\"},{\"@type\":\"ListItem\",\"position\":2,\"name\":\"Pr\u00e9sidence alg\u00e9rienne du Conseil de paix et de s\u00e9curit\u00e9 de l&rsquo;UA\u00a0: Un mandat ax\u00e9 sur la pr\u00e9vention pour une Afrique plus s\u00fbre\"}]},{\"@type\":\"WebSite\",\"@id\":\"https:\\\/\\\/lasentinelle.dz\\\/#website\",\"url\":\"https:\\\/\\\/lasentinelle.dz\\\/\",\"name\":\"La Sentinelle\",\"description\":\"Quotidien national d&#039;information\",\"publisher\":{\"@id\":\"https:\\\/\\\/lasentinelle.dz\\\/#organization\"},\"potentialAction\":[{\"@type\":\"SearchAction\",\"target\":{\"@type\":\"EntryPoint\",\"urlTemplate\":\"https:\\\/\\\/lasentinelle.dz\\\/?s={search_term_string}\"},\"query-input\":{\"@type\":\"PropertyValueSpecification\",\"valueRequired\":true,\"valueName\":\"search_term_string\"}}],\"inLanguage\":\"fr-FR\"},{\"@type\":\"Organization\",\"@id\":\"https:\\\/\\\/lasentinelle.dz\\\/#organization\",\"name\":\"Quotidien La Sentinelle\",\"url\":\"https:\\\/\\\/lasentinelle.dz\\\/\",\"logo\":{\"@type\":\"ImageObject\",\"inLanguage\":\"fr-FR\",\"@id\":\"https:\\\/\\\/lasentinelle.dz\\\/#\\\/schema\\\/logo\\\/image\\\/\",\"url\":\"https:\\\/\\\/lasentinelle.dz\\\/wp-content\\\/uploads\\\/2021\\\/09\\\/logo-sentinelleSLOGAN-1.png\",\"contentUrl\":\"https:\\\/\\\/lasentinelle.dz\\\/wp-content\\\/uploads\\\/2021\\\/09\\\/logo-sentinelleSLOGAN-1.png\",\"width\":615,\"height\":142,\"caption\":\"Quotidien La Sentinelle\"},\"image\":{\"@id\":\"https:\\\/\\\/lasentinelle.dz\\\/#\\\/schema\\\/logo\\\/image\\\/\"},\"sameAs\":[\"https:\\\/\\\/www.facebook.com\\\/La-Sentinelle-104059864394773\"]},{\"@type\":\"Person\",\"@id\":\"https:\\\/\\\/lasentinelle.dz\\\/#\\\/schema\\\/person\\\/729ee0024f24e0b8c5ec17232f8e8b41\",\"name\":\"admin\",\"image\":{\"@type\":\"ImageObject\",\"inLanguage\":\"fr-FR\",\"@id\":\"https:\\\/\\\/secure.gravatar.com\\\/avatar\\\/4c81fed838786e9b53f540bf46533e750f5d292099ae3b66cfc6fb1982e29df7?s=96&d=mm&r=g\",\"url\":\"https:\\\/\\\/secure.gravatar.com\\\/avatar\\\/4c81fed838786e9b53f540bf46533e750f5d292099ae3b66cfc6fb1982e29df7?s=96&d=mm&r=g\",\"contentUrl\":\"https:\\\/\\\/secure.gravatar.com\\\/avatar\\\/4c81fed838786e9b53f540bf46533e750f5d292099ae3b66cfc6fb1982e29df7?s=96&d=mm&r=g\",\"caption\":\"admin\"},\"description\":\"admin\",\"url\":\"https:\\\/\\\/lasentinelle.dz\\\/author\\\/admin\\\/\"}]}<\/script>\n<!-- \/ Yoast SEO plugin. -->","yoast_head_json":{"title":"Pr\u00e9sidence alg\u00e9rienne du Conseil de paix et de s\u00e9curit\u00e9 de l&rsquo;UA\u00a0: Un mandat ax\u00e9 sur la pr\u00e9vention pour une Afrique plus s\u00fbre - La Sentinelle","robots":{"index":"index","follow":"follow","max-snippet":"max-snippet:-1","max-image-preview":"max-image-preview:large","max-video-preview":"max-video-preview:-1"},"canonical":"https:\/\/lasentinelle.dz\/index.php\/2026\/09\/02\/presidence-algerienne-du-conseil-de-paix-et-de-securite-de-lua-un-mandat-axe-sur-la-prevention-pour-une-afrique-plus-sure\/","og_locale":"fr_FR","og_type":"article","og_title":"Pr\u00e9sidence alg\u00e9rienne du Conseil de paix et de s\u00e9curit\u00e9 de l&rsquo;UA\u00a0: Un mandat ax\u00e9 sur la pr\u00e9vention pour une Afrique plus s\u00fbre - La Sentinelle","og_description":"L&rsquo;Alg\u00e9rie a boucl\u00e9, lundi, sa pr\u00e9sidence tournante du Conseil de paix et de s\u00e9curit\u00e9 (CPS) de l&rsquo;Union africaine, au terme","og_url":"https:\/\/lasentinelle.dz\/index.php\/2026\/09\/02\/presidence-algerienne-du-conseil-de-paix-et-de-securite-de-lua-un-mandat-axe-sur-la-prevention-pour-une-afrique-plus-sure\/","og_site_name":"La Sentinelle","article_publisher":"https:\/\/www.facebook.com\/La-Sentinelle-104059864394773","article_published_time":"2026-09-02T19:00:19+00:00","article_modified_time":"2026-09-04T19:01:06+00:00","og_image":[{"width":900,"height":675,"url":"https:\/\/lasentinelle.dz\/wp-content\/uploads\/2026\/08\/Algerie-CPS-UA.webp","type":"image\/webp"}],"author":"admin","twitter_card":"summary_large_image","twitter_misc":{"\u00c9crit par":"admin","Dur\u00e9e de lecture estim\u00e9e":"6 minutes"},"schema":{"@context":"https:\/\/schema.org","@graph":[{"@type":"Article","@id":"https:\/\/lasentinelle.dz\/index.php\/2026\/09\/02\/presidence-algerienne-du-conseil-de-paix-et-de-securite-de-lua-un-mandat-axe-sur-la-prevention-pour-une-afrique-plus-sure\/#article","isPartOf":{"@id":"https:\/\/lasentinelle.dz\/index.php\/2026\/09\/02\/presidence-algerienne-du-conseil-de-paix-et-de-securite-de-lua-un-mandat-axe-sur-la-prevention-pour-une-afrique-plus-sure\/"},"author":{"name":"admin","@id":"https:\/\/lasentinelle.dz\/#\/schema\/person\/729ee0024f24e0b8c5ec17232f8e8b41"},"headline":"Pr\u00e9sidence alg\u00e9rienne du Conseil de paix et de s\u00e9curit\u00e9 de l&rsquo;UA\u00a0: Un mandat ax\u00e9 sur la pr\u00e9vention pour une Afrique plus s\u00fbre","datePublished":"2026-09-02T19:00:19+00:00","dateModified":"2026-09-04T19:01:06+00:00","mainEntityOfPage":{"@id":"https:\/\/lasentinelle.dz\/index.php\/2026\/09\/02\/presidence-algerienne-du-conseil-de-paix-et-de-securite-de-lua-un-mandat-axe-sur-la-prevention-pour-une-afrique-plus-sure\/"},"wordCount":1206,"commentCount":0,"publisher":{"@id":"https:\/\/lasentinelle.dz\/#organization"},"image":{"@id":"https:\/\/lasentinelle.dz\/index.php\/2026\/09\/02\/presidence-algerienne-du-conseil-de-paix-et-de-securite-de-lua-un-mandat-axe-sur-la-prevention-pour-une-afrique-plus-sure\/#primaryimage"},"thumbnailUrl":"https:\/\/lasentinelle.dz\/wp-content\/uploads\/2026\/08\/Algerie-CPS-UA.webp","articleSection":["Monde"],"inLanguage":"fr-FR","potentialAction":[{"@type":"CommentAction","name":"Comment","target":["https:\/\/lasentinelle.dz\/index.php\/2026\/09\/02\/presidence-algerienne-du-conseil-de-paix-et-de-securite-de-lua-un-mandat-axe-sur-la-prevention-pour-une-afrique-plus-sure\/#respond"]}]},{"@type":"WebPage","@id":"https:\/\/lasentinelle.dz\/index.php\/2026\/09\/02\/presidence-algerienne-du-conseil-de-paix-et-de-securite-de-lua-un-mandat-axe-sur-la-prevention-pour-une-afrique-plus-sure\/","url":"https:\/\/lasentinelle.dz\/index.php\/2026\/09\/02\/presidence-algerienne-du-conseil-de-paix-et-de-securite-de-lua-un-mandat-axe-sur-la-prevention-pour-une-afrique-plus-sure\/","name":"Pr\u00e9sidence alg\u00e9rienne du Conseil de paix et de s\u00e9curit\u00e9 de l&rsquo;UA\u00a0: Un mandat ax\u00e9 sur la pr\u00e9vention pour une Afrique plus s\u00fbre - La Sentinelle","isPartOf":{"@id":"https:\/\/lasentinelle.dz\/#website"},"primaryImageOfPage":{"@id":"https:\/\/lasentinelle.dz\/index.php\/2026\/09\/02\/presidence-algerienne-du-conseil-de-paix-et-de-securite-de-lua-un-mandat-axe-sur-la-prevention-pour-une-afrique-plus-sure\/#primaryimage"},"image":{"@id":"https:\/\/lasentinelle.dz\/index.php\/2026\/09\/02\/presidence-algerienne-du-conseil-de-paix-et-de-securite-de-lua-un-mandat-axe-sur-la-prevention-pour-une-afrique-plus-sure\/#primaryimage"},"thumbnailUrl":"https:\/\/lasentinelle.dz\/wp-content\/uploads\/2026\/08\/Algerie-CPS-UA.webp","datePublished":"2026-09-02T19:00:19+00:00","dateModified":"2026-09-04T19:01:06+00:00","breadcrumb":{"@id":"https:\/\/lasentinelle.dz\/index.php\/2026\/09\/02\/presidence-algerienne-du-conseil-de-paix-et-de-securite-de-lua-un-mandat-axe-sur-la-prevention-pour-une-afrique-plus-sure\/#breadcrumb"},"inLanguage":"fr-FR","potentialAction":[{"@type":"ReadAction","target":["https:\/\/lasentinelle.dz\/index.php\/2026\/09\/02\/presidence-algerienne-du-conseil-de-paix-et-de-securite-de-lua-un-mandat-axe-sur-la-prevention-pour-une-afrique-plus-sure\/"]}]},{"@type":"ImageObject","inLanguage":"fr-FR","@id":"https:\/\/lasentinelle.dz\/index.php\/2026\/09\/02\/presidence-algerienne-du-conseil-de-paix-et-de-securite-de-lua-un-mandat-axe-sur-la-prevention-pour-une-afrique-plus-sure\/#primaryimage","url":"https:\/\/lasentinelle.dz\/wp-content\/uploads\/2026\/08\/Algerie-CPS-UA.webp","contentUrl":"https:\/\/lasentinelle.dz\/wp-content\/uploads\/2026\/08\/Algerie-CPS-UA.webp","width":900,"height":675},{"@type":"BreadcrumbList","@id":"https:\/\/lasentinelle.dz\/index.php\/2026\/09\/02\/presidence-algerienne-du-conseil-de-paix-et-de-securite-de-lua-un-mandat-axe-sur-la-prevention-pour-une-afrique-plus-sure\/#breadcrumb","itemListElement":[{"@type":"ListItem","position":1,"name":"Accueil","item":"https:\/\/lasentinelle.dz\/"},{"@type":"ListItem","position":2,"name":"Pr\u00e9sidence alg\u00e9rienne du Conseil de paix et de s\u00e9curit\u00e9 de l&rsquo;UA\u00a0: Un mandat ax\u00e9 sur la pr\u00e9vention pour une Afrique plus s\u00fbre"}]},{"@type":"WebSite","@id":"https:\/\/lasentinelle.dz\/#website","url":"https:\/\/lasentinelle.dz\/","name":"La Sentinelle","description":"Quotidien national d&#039;information","publisher":{"@id":"https:\/\/lasentinelle.dz\/#organization"},"potentialAction":[{"@type":"SearchAction","target":{"@type":"EntryPoint","urlTemplate":"https:\/\/lasentinelle.dz\/?s={search_term_string}"},"query-input":{"@type":"PropertyValueSpecification","valueRequired":true,"valueName":"search_term_string"}}],"inLanguage":"fr-FR"},{"@type":"Organization","@id":"https:\/\/lasentinelle.dz\/#organization","name":"Quotidien La Sentinelle","url":"https:\/\/lasentinelle.dz\/","logo":{"@type":"ImageObject","inLanguage":"fr-FR","@id":"https:\/\/lasentinelle.dz\/#\/schema\/logo\/image\/","url":"https:\/\/lasentinelle.dz\/wp-content\/uploads\/2021\/09\/logo-sentinelleSLOGAN-1.png","contentUrl":"https:\/\/lasentinelle.dz\/wp-content\/uploads\/2021\/09\/logo-sentinelleSLOGAN-1.png","width":615,"height":142,"caption":"Quotidien La Sentinelle"},"image":{"@id":"https:\/\/lasentinelle.dz\/#\/schema\/logo\/image\/"},"sameAs":["https:\/\/www.facebook.com\/La-Sentinelle-104059864394773"]},{"@type":"Person","@id":"https:\/\/lasentinelle.dz\/#\/schema\/person\/729ee0024f24e0b8c5ec17232f8e8b41","name":"admin","image":{"@type":"ImageObject","inLanguage":"fr-FR","@id":"https:\/\/secure.gravatar.com\/avatar\/4c81fed838786e9b53f540bf46533e750f5d292099ae3b66cfc6fb1982e29df7?s=96&d=mm&r=g","url":"https:\/\/secure.gravatar.com\/avatar\/4c81fed838786e9b53f540bf46533e750f5d292099ae3b66cfc6fb1982e29df7?s=96&d=mm&r=g","contentUrl":"https:\/\/secure.gravatar.com\/avatar\/4c81fed838786e9b53f540bf46533e750f5d292099ae3b66cfc6fb1982e29df7?s=96&d=mm&r=g","caption":"admin"},"description":"admin","url":"https:\/\/lasentinelle.dz\/author\/admin\/"}]}},"_links":{"self":[{"href":"https:\/\/lasentinelle.dz\/index.php\/wp-json\/wp\/v2\/posts\/94942","targetHints":{"allow":["GET"]}}],"collection":[{"href":"https:\/\/lasentinelle.dz\/index.php\/wp-json\/wp\/v2\/posts"}],"about":[{"href":"https:\/\/lasentinelle.dz\/index.php\/wp-json\/wp\/v2\/types\/post"}],"author":[{"embeddable":true,"href":"https:\/\/lasentinelle.dz\/index.php\/wp-json\/wp\/v2\/users\/6"}],"replies":[{"embeddable":true,"href":"https:\/\/lasentinelle.dz\/index.php\/wp-json\/wp\/v2\/comments?post=94942"}],"version-history":[{"count":2,"href":"https:\/\/lasentinelle.dz\/index.php\/wp-json\/wp\/v2\/posts\/94942\/revisions"}],"predecessor-version":[{"id":94944,"href":"https:\/\/lasentinelle.dz\/index.php\/wp-json\/wp\/v2\/posts\/94942\/revisions\/94944"}],"wp:featuredmedia":[{"embeddable":true,"href":"https:\/\/lasentinelle.dz\/index.php\/wp-json\/wp\/v2\/media\/92940"}],"wp:attachment":[{"href":"https:\/\/lasentinelle.dz\/index.php\/wp-json\/wp\/v2\/media?parent=94942"}],"wp:term":[{"taxonomy":"category","embeddable":true,"href":"https:\/\/lasentinelle.dz\/index.php\/wp-json\/wp\/v2\/categories?post=94942"},{"taxonomy":"post_tag","embeddable":true,"href":"https:\/\/lasentinelle.dz\/index.php\/wp-json\/wp\/v2\/tags?post=94942"}],"curies":[{"name":"wp","href":"https:\/\/api.w.org\/{rel}","templated":true}]}}