{"id":94948,"date":"2026-09-02T20:04:50","date_gmt":"2026-09-02T19:04:50","guid":{"rendered":"https:\/\/lasentinelle.dz\/?p=94948"},"modified":"2026-09-04T20:05:40","modified_gmt":"2026-09-04T19:05:40","slug":"adjal-accelere-sur-la-mobilite-electrique-et-la-tarification-horaire-vers-un-nouveau-mode-de-facturation-de-lelectricite","status":"publish","type":"post","link":"https:\/\/lasentinelle.dz\/index.php\/2026\/09\/02\/adjal-accelere-sur-la-mobilite-electrique-et-la-tarification-horaire-vers-un-nouveau-mode-de-facturation-de-lelectricite\/","title":{"rendered":"Adjal acc\u00e9l\u00e8re sur la mobilit\u00e9 \u00e9lectrique et la tarification horaire\u00a0: Vers un nouveau mode de facturation de l\u2019\u00e9lectricit\u00e9"},"content":{"rendered":"\n<p class=\"wp-block-paragraph\">Le ministre de l&rsquo;\u00c9nergie et des \u00c9nergies renouvelables, Mourad Adjal, a pr\u00e9sid\u00e9 mercredi une r\u00e9union de travail consacr\u00e9e au d\u00e9veloppement de la mobilit\u00e9 \u00e9lectrique et \u00e0 l&rsquo;adoption d&rsquo;une tarification de la consommation selon les tranches horaires, avec pour objectif de mieux piloter la demande nationale d&rsquo;\u00e9lectricit\u00e9 et de rationaliser son usage. Selon le communiqu\u00e9 diffus\u00e9 par le d\u00e9partement minist\u00e9riel, cette rencontre s&rsquo;est tenue en pr\u00e9sence de cadres et responsables centraux du secteur, ainsi que de responsables du groupe Sonelgaz et de la Commission de r\u00e9gulation de l&rsquo;\u00e9lectricit\u00e9 et du gaz, la CREG. Les \u00e9changes ont port\u00e9 sur les perspectives de d\u00e9veloppement du transport \u00e9lectrique en Alg\u00e9rie, avec un accent mis sur le renforcement des infrastructures de recharge et l&rsquo;int\u00e9gration progressive de ce mode de d\u00e9placement dans le r\u00e9seau \u00e9lectrique national.<\/p>\n\n\n\n<p class=\"wp-block-paragraph\">Les participants ont \u00e9galement planch\u00e9 sur les m\u00e9canismes de facturation par plages horaires, un dispositif appel\u00e9 \u00e0 am\u00e9liorer la gestion de la demande et \u00e0 soulager le r\u00e9seau durant les pics de consommation. Le r\u00f4le de la CREG dans l&rsquo;encadrement r\u00e9glementaire et tarifaire de ces chantiers a aussi \u00e9t\u00e9 \u00e9voqu\u00e9, dans une logique d&rsquo;\u00e9quilibre entre performance du syst\u00e8me \u00e9lectrique et int\u00e9r\u00eat du consommateur.<\/p>\n\n\n\n<p class=\"wp-block-paragraph\">Cette r\u00e9union s&rsquo;inscrit dans le prolongement du plan national de rationalisation de la consommation et de transition \u00e9nerg\u00e9tique, port\u00e9 depuis plusieurs mois par le minist\u00e8re et ses partenaires. Sonelgaz avait d\u00e9j\u00e0 annonc\u00e9 une hausse attendue de la consommation \u00e9lectrique pouvant atteindre 7% durant l&rsquo;\u00e9t\u00e9 2026, avec des pics concentr\u00e9s entre 14h et 18h, p\u00e9riode durant laquelle le groupe a multipli\u00e9 les appels aux \u00e9cogestes aupr\u00e8s des m\u00e9nages et des op\u00e9rateurs \u00e9conomiques.<\/p>\n\n\n\n<p class=\"wp-block-paragraph\">Sur le terrain, l&rsquo;Agence nationale pour la promotion et la rationalisation de l&rsquo;utilisation de l&rsquo;\u00e9nergie, l&rsquo;APRUE, a lanc\u00e9 cet \u00e9t\u00e9 une caravane nationale de sensibilisation sous le slogan \u00ab Rationaliser notre \u00e9nergie, garantir notre avenir \u00bb, relay\u00e9e dans plusieurs wilayas avec l&rsquo;appui de Sonelgaz-Distribution.<\/p>\n\n\n\n<p class=\"wp-block-paragraph\">C\u00f4t\u00e9 mobilit\u00e9 \u00e9lectrique, la loi de finances 2026 a introduit l&rsquo;exon\u00e9ration totale de la vignette automobile pour les v\u00e9hicules \u00e9lectriques et hybrides, en vigueur depuis le 1er janvier. Sonelgaz a de son c\u00f4t\u00e9 annonc\u00e9 l&rsquo;installation de centaines de bornes de recharge \u00e0 travers le pays, tandis que le march\u00e9 alg\u00e9rien des v\u00e9hicules \u00e9lectriques devrait franchir la barre des 15 000 unit\u00e9s vendues d&rsquo;ici la fin de l&rsquo;ann\u00e9e, port\u00e9 par la simplification des proc\u00e9dures d&rsquo;importation et l&rsquo;annonce d&rsquo;une production locale.<\/p>\n\n\n\n<p class=\"wp-block-paragraph\">Le ministre a insist\u00e9 sur la n\u00e9cessit\u00e9 de poursuivre le d\u00e9veloppement de solutions innovantes et durables, alliant efficacit\u00e9 \u00e9nerg\u00e9tique, modernisation du r\u00e9seau \u00e9lectrique et promotion des \u00e9nergies propres, dans la perspective d&rsquo;une transition progressive vers la mobilit\u00e9 \u00e9lectrique en Alg\u00e9rie.<\/p>\n\n\n\n<p class=\"wp-block-paragraph\">Sabrina Aziouez<\/p>\n","protected":false},"excerpt":{"rendered":"<p>Le ministre de l&rsquo;\u00c9nergie et des \u00c9nergies renouvelables, Mourad Adjal, a pr\u00e9sid\u00e9 mercredi une r\u00e9union de travail consacr\u00e9e au d\u00e9veloppement<\/p>\n","protected":false},"author":6,"featured_media":31342,"comment_status":"open","ping_status":"closed","sticky":false,"template":"","format":"standard","meta":{"colormag_page_container_layout":"default_layout","colormag_page_sidebar_layout":"default_layout","om_disable_all_campaigns":false,"_monsterinsights_skip_tracking":false,"footnotes":"","_wpscppro_dont_share_socialmedia":false,"_wpscppro_custom_social_share_image":0,"_facebook_share_type":"default","_twitter_share_type":"default","_linkedin_share_type":"default","_pinterest_share_type":"default","_linkedin_share_type_page":"","_instagram_share_type":"default","_medium_share_type":"default","_threads_share_type":"default","_google_business_share_type":"default","_bluesky_share_type":"default","_mastodon_share_type":"default","_selected_social_profile":[],"_wpsp_enable_custom_social_template":false,"_wpsp_social_scheduling":{"enabled":false,"datetime":null,"platforms":[],"status":"template_only","dateOption":"today","timeOption":"now","customDays":"","customHours":"","customDate":"","customTime":"","schedulingType":"absolute"},"_wpsp_active_default_template":true},"categories":[29],"tags":[],"class_list":["post-94948","post","type-post","status-publish","format-standard","has-post-thumbnail","hentry","category-economie"],"aioseo_notices":[],"aioseo_head":"\n\t\t<!-- All in One SEO 5.0.0.1 - aioseo.com -->\n\t<meta name=\"description\" content=\"Le ministre de l&#039;\u00c9nergie et des \u00c9nergies renouvelables, Mourad Adjal, a pr\u00e9sid\u00e9 mercredi une r\u00e9union de travail consacr\u00e9e au d\u00e9veloppement de la mobilit\u00e9 \u00e9lectrique et \u00e0 l&#039;adoption d&#039;une tarification de la consommation selon les tranches horaires, avec pour objectif de mieux piloter la demande nationale d&#039;\u00e9lectricit\u00e9 et de rationaliser son usage. Selon le communiqu\u00e9 diffus\u00e9\" \/>\n\t<meta name=\"robots\" content=\"max-image-preview:large\" \/>\n\t<meta name=\"author\" content=\"admin\"\/>\n\t<link rel=\"canonical\" href=\"https:\/\/lasentinelle.dz\/index.php\/2026\/09\/02\/adjal-accelere-sur-la-mobilite-electrique-et-la-tarification-horaire-vers-un-nouveau-mode-de-facturation-de-lelectricite\/\" \/>\n\t<meta name=\"generator\" content=\"All in One SEO (AIOSEO) 5.0.0.1\" \/>\n\t\t<meta property=\"og:locale\" content=\"fr_FR\" \/>\n\t\t<meta property=\"og:site_name\" content=\"La Sentinelle - Quotidien national d&#039;information\" \/>\n\t\t<meta property=\"og:type\" content=\"article\" \/>\n\t\t<meta property=\"og:title\" content=\"Adjal acc\u00e9l\u00e8re sur la mobilit\u00e9 \u00e9lectrique et la tarification horaire : Vers un nouveau mode de facturation de l\u2019\u00e9lectricit\u00e9 - La Sentinelle\" \/>\n\t\t<meta property=\"og:description\" content=\"Le ministre de l&#039;\u00c9nergie et des \u00c9nergies renouvelables, Mourad Adjal, a pr\u00e9sid\u00e9 mercredi une r\u00e9union de travail consacr\u00e9e au d\u00e9veloppement de la mobilit\u00e9 \u00e9lectrique et \u00e0 l&#039;adoption d&#039;une tarification de la consommation selon les tranches horaires, avec pour objectif de mieux piloter la demande nationale d&#039;\u00e9lectricit\u00e9 et de rationaliser son usage. Selon le communiqu\u00e9 diffus\u00e9\" \/>\n\t\t<meta property=\"og:url\" content=\"https:\/\/lasentinelle.dz\/index.php\/2026\/09\/02\/adjal-accelere-sur-la-mobilite-electrique-et-la-tarification-horaire-vers-un-nouveau-mode-de-facturation-de-lelectricite\/\" \/>\n\t\t<meta property=\"og:image\" content=\"https:\/\/lasentinelle.dz\/wp-content\/uploads\/2021\/09\/cropped-la-sentinelle-earth-golden-anima-5.gif\" \/>\n\t\t<meta property=\"og:image:secure_url\" content=\"https:\/\/lasentinelle.dz\/wp-content\/uploads\/2021\/09\/cropped-la-sentinelle-earth-golden-anima-5.gif\" \/>\n\t\t<meta property=\"og:image:width\" content=\"450\" \/>\n\t\t<meta property=\"og:image:height\" content=\"213\" \/>\n\t\t<meta property=\"article:published_time\" content=\"2026-09-02T19:04:50+00:00\" \/>\n\t\t<meta property=\"article:modified_time\" content=\"2026-09-04T19:05:40+00:00\" \/>\n\t\t<meta property=\"article:publisher\" content=\"https:\/\/www.facebook.com\/azzedine.lasentinelle.1\" \/>\n\t\t<meta name=\"twitter:card\" content=\"summary_large_image\" \/>\n\t\t<meta name=\"twitter:title\" content=\"Adjal acc\u00e9l\u00e8re sur la mobilit\u00e9 \u00e9lectrique et la tarification horaire : Vers un nouveau mode de facturation de l\u2019\u00e9lectricit\u00e9 - La Sentinelle\" \/>\n\t\t<meta name=\"twitter:description\" content=\"Le ministre de l&#039;\u00c9nergie et des \u00c9nergies renouvelables, Mourad Adjal, a pr\u00e9sid\u00e9 mercredi une r\u00e9union de travail consacr\u00e9e au d\u00e9veloppement de la mobilit\u00e9 \u00e9lectrique et \u00e0 l&#039;adoption d&#039;une tarification de la consommation selon les tranches horaires, avec pour objectif de mieux piloter la demande nationale d&#039;\u00e9lectricit\u00e9 et de rationaliser son usage. Selon le communiqu\u00e9 diffus\u00e9\" \/>\n\t\t<meta name=\"twitter:image\" content=\"https:\/\/lasentinelle.dz\/wp-content\/uploads\/2021\/09\/cropped-la-sentinelle-earth-golden-anima-5.gif\" \/>\n\t\t<script type=\"application\/ld+json\" class=\"aioseo-schema\">\n\t\t\t{\"@context\":\"https:\\\/\\\/schema.org\",\"@graph\":[{\"@type\":\"BlogPosting\",\"@id\":\"https:\\\/\\\/lasentinelle.dz\\\/index.php\\\/2026\\\/09\\\/02\\\/adjal-accelere-sur-la-mobilite-electrique-et-la-tarification-horaire-vers-un-nouveau-mode-de-facturation-de-lelectricite\\\/#blogposting\",\"name\":\"Adjal acc\\u00e9l\\u00e8re sur la mobilit\\u00e9 \\u00e9lectrique et la tarification horaire : Vers un nouveau mode de facturation de l\\u2019\\u00e9lectricit\\u00e9 - La Sentinelle\",\"headline\":\"Adjal acc\\u00e9l\\u00e8re sur la mobilit\\u00e9 \\u00e9lectrique et la tarification horaire\\u00a0: Vers un nouveau mode de facturation de l\\u2019\\u00e9lectricit\\u00e9\",\"author\":{\"@id\":\"https:\\\/\\\/lasentinelle.dz\\\/author\\\/admin\\\/#author\"},\"publisher\":{\"@id\":\"https:\\\/\\\/lasentinelle.dz\\\/#organization\"},\"image\":{\"@type\":\"ImageObject\",\"url\":\"https:\\\/\\\/lasentinelle.dz\\\/wp-content\\\/uploads\\\/2022\\\/11\\\/electricite-Une.png\",\"width\":1688,\"height\":900},\"datePublished\":\"2026-09-02T20:04:50+01:00\",\"dateModified\":\"2026-09-04T20:05:40+01:00\",\"inLanguage\":\"fr-FR\",\"mainEntityOfPage\":{\"@id\":\"https:\\\/\\\/lasentinelle.dz\\\/index.php\\\/2026\\\/09\\\/02\\\/adjal-accelere-sur-la-mobilite-electrique-et-la-tarification-horaire-vers-un-nouveau-mode-de-facturation-de-lelectricite\\\/#webpage\"},\"isPartOf\":{\"@id\":\"https:\\\/\\\/lasentinelle.dz\\\/index.php\\\/2026\\\/09\\\/02\\\/adjal-accelere-sur-la-mobilite-electrique-et-la-tarification-horaire-vers-un-nouveau-mode-de-facturation-de-lelectricite\\\/#webpage\"},\"articleSection\":\"\\u00c9conomie\"},{\"@type\":\"BreadcrumbList\",\"@id\":\"https:\\\/\\\/lasentinelle.dz\\\/index.php\\\/2026\\\/09\\\/02\\\/adjal-accelere-sur-la-mobilite-electrique-et-la-tarification-horaire-vers-un-nouveau-mode-de-facturation-de-lelectricite\\\/#breadcrumblist\",\"itemListElement\":[{\"@type\":\"ListItem\",\"@id\":\"https:\\\/\\\/lasentinelle.dz#listItem\",\"position\":1,\"name\":\"Home\",\"item\":\"https:\\\/\\\/lasentinelle.dz\",\"nextItem\":{\"@type\":\"ListItem\",\"@id\":\"https:\\\/\\\/lasentinelle.dz\\\/index.php\\\/category\\\/economie\\\/#listItem\",\"name\":\"\\u00c9conomie\"}},{\"@type\":\"ListItem\",\"@id\":\"https:\\\/\\\/lasentinelle.dz\\\/index.php\\\/category\\\/economie\\\/#listItem\",\"position\":2,\"name\":\"\\u00c9conomie\",\"item\":\"https:\\\/\\\/lasentinelle.dz\\\/index.php\\\/category\\\/economie\\\/\",\"nextItem\":{\"@type\":\"ListItem\",\"@id\":\"https:\\\/\\\/lasentinelle.dz\\\/index.php\\\/2026\\\/09\\\/02\\\/adjal-accelere-sur-la-mobilite-electrique-et-la-tarification-horaire-vers-un-nouveau-mode-de-facturation-de-lelectricite\\\/#listItem\",\"name\":\"Adjal acc\\u00e9l\\u00e8re sur la mobilit\\u00e9 \\u00e9lectrique et la tarification horaire\\u00a0: Vers un nouveau mode de facturation de l\\u2019\\u00e9lectricit\\u00e9\"},\"previousItem\":{\"@type\":\"ListItem\",\"@id\":\"https:\\\/\\\/lasentinelle.dz#listItem\",\"name\":\"Home\"}},{\"@type\":\"ListItem\",\"@id\":\"https:\\\/\\\/lasentinelle.dz\\\/index.php\\\/2026\\\/09\\\/02\\\/adjal-accelere-sur-la-mobilite-electrique-et-la-tarification-horaire-vers-un-nouveau-mode-de-facturation-de-lelectricite\\\/#listItem\",\"position\":3,\"name\":\"Adjal acc\\u00e9l\\u00e8re sur la mobilit\\u00e9 \\u00e9lectrique et la tarification horaire\\u00a0: Vers un nouveau mode de facturation de l\\u2019\\u00e9lectricit\\u00e9\",\"previousItem\":{\"@type\":\"ListItem\",\"@id\":\"https:\\\/\\\/lasentinelle.dz\\\/index.php\\\/category\\\/economie\\\/#listItem\",\"name\":\"\\u00c9conomie\"}}]},{\"@type\":\"Organization\",\"@id\":\"https:\\\/\\\/lasentinelle.dz\\\/#organization\",\"name\":\"La Sentinelle La Sentinelle\",\"description\":\"Quotidien national d'information\",\"url\":\"https:\\\/\\\/lasentinelle.dz\\\/\",\"logo\":{\"@type\":\"ImageObject\",\"url\":\"https:\\\/\\\/lasentinelle.dz\\\/wp-content\\\/uploads\\\/2021\\\/09\\\/cropped-la-sentinelle-earth-golden-anima-5.gif\",\"@id\":\"https:\\\/\\\/lasentinelle.dz\\\/index.php\\\/2026\\\/09\\\/02\\\/adjal-accelere-sur-la-mobilite-electrique-et-la-tarification-horaire-vers-un-nouveau-mode-de-facturation-de-lelectricite\\\/#organizationLogo\",\"width\":450,\"height\":213},\"image\":{\"@id\":\"https:\\\/\\\/lasentinelle.dz\\\/index.php\\\/2026\\\/09\\\/02\\\/adjal-accelere-sur-la-mobilite-electrique-et-la-tarification-horaire-vers-un-nouveau-mode-de-facturation-de-lelectricite\\\/#organizationLogo\"},\"sameAs\":[\"https:\\\/\\\/www.facebook.com\\\/azzedine.lasentinelle.1\"]},{\"@type\":\"Person\",\"@id\":\"https:\\\/\\\/lasentinelle.dz\\\/author\\\/admin\\\/#author\",\"url\":\"https:\\\/\\\/lasentinelle.dz\\\/author\\\/admin\\\/\",\"name\":\"admin\",\"image\":{\"@type\":\"ImageObject\",\"@id\":\"https:\\\/\\\/lasentinelle.dz\\\/index.php\\\/2026\\\/09\\\/02\\\/adjal-accelere-sur-la-mobilite-electrique-et-la-tarification-horaire-vers-un-nouveau-mode-de-facturation-de-lelectricite\\\/#authorImage\",\"url\":\"https:\\\/\\\/secure.gravatar.com\\\/avatar\\\/4c81fed838786e9b53f540bf46533e750f5d292099ae3b66cfc6fb1982e29df7?s=96&d=mm&r=g\",\"width\":96,\"height\":96,\"caption\":\"admin\"}},{\"@type\":\"WebPage\",\"@id\":\"https:\\\/\\\/lasentinelle.dz\\\/index.php\\\/2026\\\/09\\\/02\\\/adjal-accelere-sur-la-mobilite-electrique-et-la-tarification-horaire-vers-un-nouveau-mode-de-facturation-de-lelectricite\\\/#webpage\",\"url\":\"https:\\\/\\\/lasentinelle.dz\\\/index.php\\\/2026\\\/09\\\/02\\\/adjal-accelere-sur-la-mobilite-electrique-et-la-tarification-horaire-vers-un-nouveau-mode-de-facturation-de-lelectricite\\\/\",\"name\":\"Adjal acc\\u00e9l\\u00e8re sur la mobilit\\u00e9 \\u00e9lectrique et la tarification horaire : Vers un nouveau mode de facturation de l\\u2019\\u00e9lectricit\\u00e9 - La Sentinelle\",\"description\":\"Le ministre de l'\\u00c9nergie et des \\u00c9nergies renouvelables, Mourad Adjal, a pr\\u00e9sid\\u00e9 mercredi une r\\u00e9union de travail consacr\\u00e9e au d\\u00e9veloppement de la mobilit\\u00e9 \\u00e9lectrique et \\u00e0 l'adoption d'une tarification de la consommation selon les tranches horaires, avec pour objectif de mieux piloter la demande nationale d'\\u00e9lectricit\\u00e9 et de rationaliser son usage. Selon le communiqu\\u00e9 diffus\\u00e9\",\"inLanguage\":\"fr-FR\",\"isPartOf\":{\"@id\":\"https:\\\/\\\/lasentinelle.dz\\\/#website\"},\"breadcrumb\":{\"@id\":\"https:\\\/\\\/lasentinelle.dz\\\/index.php\\\/2026\\\/09\\\/02\\\/adjal-accelere-sur-la-mobilite-electrique-et-la-tarification-horaire-vers-un-nouveau-mode-de-facturation-de-lelectricite\\\/#breadcrumblist\"},\"author\":{\"@id\":\"https:\\\/\\\/lasentinelle.dz\\\/author\\\/admin\\\/#author\"},\"creator\":{\"@id\":\"https:\\\/\\\/lasentinelle.dz\\\/author\\\/admin\\\/#author\"},\"image\":{\"@type\":\"ImageObject\",\"url\":\"https:\\\/\\\/lasentinelle.dz\\\/wp-content\\\/uploads\\\/2022\\\/11\\\/electricite-Une.png\",\"@id\":\"https:\\\/\\\/lasentinelle.dz\\\/index.php\\\/2026\\\/09\\\/02\\\/adjal-accelere-sur-la-mobilite-electrique-et-la-tarification-horaire-vers-un-nouveau-mode-de-facturation-de-lelectricite\\\/#mainImage\",\"width\":1688,\"height\":900},\"primaryImageOfPage\":{\"@id\":\"https:\\\/\\\/lasentinelle.dz\\\/index.php\\\/2026\\\/09\\\/02\\\/adjal-accelere-sur-la-mobilite-electrique-et-la-tarification-horaire-vers-un-nouveau-mode-de-facturation-de-lelectricite\\\/#mainImage\"},\"datePublished\":\"2026-09-02T20:04:50+01:00\",\"dateModified\":\"2026-09-04T20:05:40+01:00\"},{\"@type\":\"WebSite\",\"@id\":\"https:\\\/\\\/lasentinelle.dz\\\/#website\",\"url\":\"https:\\\/\\\/lasentinelle.dz\\\/\",\"name\":\"La Sentinelle\",\"description\":\"Quotidien national d'information\",\"inLanguage\":\"fr-FR\",\"publisher\":{\"@id\":\"https:\\\/\\\/lasentinelle.dz\\\/#organization\"}}]}\n\t\t<\/script>\n\t\t<!-- All in One SEO -->\n\n","aioseo_head_json":{"title":"Adjal acc\u00e9l\u00e8re sur la mobilit\u00e9 \u00e9lectrique et la tarification horaire : Vers un nouveau mode de facturation de l\u2019\u00e9lectricit\u00e9 - La Sentinelle","description":"Le ministre de l'\u00c9nergie et des \u00c9nergies renouvelables, Mourad Adjal, a pr\u00e9sid\u00e9 mercredi une r\u00e9union de travail consacr\u00e9e au d\u00e9veloppement de la mobilit\u00e9 \u00e9lectrique et \u00e0 l'adoption d'une tarification de la consommation selon les tranches horaires, avec pour objectif de mieux piloter la demande nationale d'\u00e9lectricit\u00e9 et de rationaliser son usage. Selon le communiqu\u00e9 diffus\u00e9","canonical_url":"https:\/\/lasentinelle.dz\/index.php\/2026\/09\/02\/adjal-accelere-sur-la-mobilite-electrique-et-la-tarification-horaire-vers-un-nouveau-mode-de-facturation-de-lelectricite\/","robots":"max-image-preview:large","keywords":"","webmasterTools":{"miscellaneous":""},"schema":{"@context":"https:\/\/schema.org","@graph":[{"@type":"BlogPosting","@id":"https:\/\/lasentinelle.dz\/index.php\/2026\/09\/02\/adjal-accelere-sur-la-mobilite-electrique-et-la-tarification-horaire-vers-un-nouveau-mode-de-facturation-de-lelectricite\/#blogposting","name":"Adjal acc\u00e9l\u00e8re sur la mobilit\u00e9 \u00e9lectrique et la tarification horaire : Vers un nouveau mode de facturation de l\u2019\u00e9lectricit\u00e9 - La Sentinelle","headline":"Adjal acc\u00e9l\u00e8re sur la mobilit\u00e9 \u00e9lectrique et la tarification horaire\u00a0: Vers un nouveau mode de facturation de l\u2019\u00e9lectricit\u00e9","author":{"@id":"https:\/\/lasentinelle.dz\/author\/admin\/#author"},"publisher":{"@id":"https:\/\/lasentinelle.dz\/#organization"},"image":{"@type":"ImageObject","url":"https:\/\/lasentinelle.dz\/wp-content\/uploads\/2022\/11\/electricite-Une.png","width":1688,"height":900},"datePublished":"2026-09-02T20:04:50+01:00","dateModified":"2026-09-04T20:05:40+01:00","inLanguage":"fr-FR","mainEntityOfPage":{"@id":"https:\/\/lasentinelle.dz\/index.php\/2026\/09\/02\/adjal-accelere-sur-la-mobilite-electrique-et-la-tarification-horaire-vers-un-nouveau-mode-de-facturation-de-lelectricite\/#webpage"},"isPartOf":{"@id":"https:\/\/lasentinelle.dz\/index.php\/2026\/09\/02\/adjal-accelere-sur-la-mobilite-electrique-et-la-tarification-horaire-vers-un-nouveau-mode-de-facturation-de-lelectricite\/#webpage"},"articleSection":"\u00c9conomie"},{"@type":"BreadcrumbList","@id":"https:\/\/lasentinelle.dz\/index.php\/2026\/09\/02\/adjal-accelere-sur-la-mobilite-electrique-et-la-tarification-horaire-vers-un-nouveau-mode-de-facturation-de-lelectricite\/#breadcrumblist","itemListElement":[{"@type":"ListItem","@id":"https:\/\/lasentinelle.dz#listItem","position":1,"name":"Home","item":"https:\/\/lasentinelle.dz","nextItem":{"@type":"ListItem","@id":"https:\/\/lasentinelle.dz\/index.php\/category\/economie\/#listItem","name":"\u00c9conomie"}},{"@type":"ListItem","@id":"https:\/\/lasentinelle.dz\/index.php\/category\/economie\/#listItem","position":2,"name":"\u00c9conomie","item":"https:\/\/lasentinelle.dz\/index.php\/category\/economie\/","nextItem":{"@type":"ListItem","@id":"https:\/\/lasentinelle.dz\/index.php\/2026\/09\/02\/adjal-accelere-sur-la-mobilite-electrique-et-la-tarification-horaire-vers-un-nouveau-mode-de-facturation-de-lelectricite\/#listItem","name":"Adjal acc\u00e9l\u00e8re sur la mobilit\u00e9 \u00e9lectrique et la tarification horaire\u00a0: Vers un nouveau mode de facturation de l\u2019\u00e9lectricit\u00e9"},"previousItem":{"@type":"ListItem","@id":"https:\/\/lasentinelle.dz#listItem","name":"Home"}},{"@type":"ListItem","@id":"https:\/\/lasentinelle.dz\/index.php\/2026\/09\/02\/adjal-accelere-sur-la-mobilite-electrique-et-la-tarification-horaire-vers-un-nouveau-mode-de-facturation-de-lelectricite\/#listItem","position":3,"name":"Adjal acc\u00e9l\u00e8re sur la mobilit\u00e9 \u00e9lectrique et la tarification horaire\u00a0: Vers un nouveau mode de facturation de l\u2019\u00e9lectricit\u00e9","previousItem":{"@type":"ListItem","@id":"https:\/\/lasentinelle.dz\/index.php\/category\/economie\/#listItem","name":"\u00c9conomie"}}]},{"@type":"Organization","@id":"https:\/\/lasentinelle.dz\/#organization","name":"La Sentinelle La Sentinelle","description":"Quotidien national d'information","url":"https:\/\/lasentinelle.dz\/","logo":{"@type":"ImageObject","url":"https:\/\/lasentinelle.dz\/wp-content\/uploads\/2021\/09\/cropped-la-sentinelle-earth-golden-anima-5.gif","@id":"https:\/\/lasentinelle.dz\/index.php\/2026\/09\/02\/adjal-accelere-sur-la-mobilite-electrique-et-la-tarification-horaire-vers-un-nouveau-mode-de-facturation-de-lelectricite\/#organizationLogo","width":450,"height":213},"image":{"@id":"https:\/\/lasentinelle.dz\/index.php\/2026\/09\/02\/adjal-accelere-sur-la-mobilite-electrique-et-la-tarification-horaire-vers-un-nouveau-mode-de-facturation-de-lelectricite\/#organizationLogo"},"sameAs":["https:\/\/www.facebook.com\/azzedine.lasentinelle.1"]},{"@type":"Person","@id":"https:\/\/lasentinelle.dz\/author\/admin\/#author","url":"https:\/\/lasentinelle.dz\/author\/admin\/","name":"admin","image":{"@type":"ImageObject","@id":"https:\/\/lasentinelle.dz\/index.php\/2026\/09\/02\/adjal-accelere-sur-la-mobilite-electrique-et-la-tarification-horaire-vers-un-nouveau-mode-de-facturation-de-lelectricite\/#authorImage","url":"https:\/\/secure.gravatar.com\/avatar\/4c81fed838786e9b53f540bf46533e750f5d292099ae3b66cfc6fb1982e29df7?s=96&d=mm&r=g","width":96,"height":96,"caption":"admin"}},{"@type":"WebPage","@id":"https:\/\/lasentinelle.dz\/index.php\/2026\/09\/02\/adjal-accelere-sur-la-mobilite-electrique-et-la-tarification-horaire-vers-un-nouveau-mode-de-facturation-de-lelectricite\/#webpage","url":"https:\/\/lasentinelle.dz\/index.php\/2026\/09\/02\/adjal-accelere-sur-la-mobilite-electrique-et-la-tarification-horaire-vers-un-nouveau-mode-de-facturation-de-lelectricite\/","name":"Adjal acc\u00e9l\u00e8re sur la mobilit\u00e9 \u00e9lectrique et la tarification horaire : Vers un nouveau mode de facturation de l\u2019\u00e9lectricit\u00e9 - La Sentinelle","description":"Le ministre de l'\u00c9nergie et des \u00c9nergies renouvelables, Mourad Adjal, a pr\u00e9sid\u00e9 mercredi une r\u00e9union de travail consacr\u00e9e au d\u00e9veloppement de la mobilit\u00e9 \u00e9lectrique et \u00e0 l'adoption d'une tarification de la consommation selon les tranches horaires, avec pour objectif de mieux piloter la demande nationale d'\u00e9lectricit\u00e9 et de rationaliser son usage. Selon le communiqu\u00e9 diffus\u00e9","inLanguage":"fr-FR","isPartOf":{"@id":"https:\/\/lasentinelle.dz\/#website"},"breadcrumb":{"@id":"https:\/\/lasentinelle.dz\/index.php\/2026\/09\/02\/adjal-accelere-sur-la-mobilite-electrique-et-la-tarification-horaire-vers-un-nouveau-mode-de-facturation-de-lelectricite\/#breadcrumblist"},"author":{"@id":"https:\/\/lasentinelle.dz\/author\/admin\/#author"},"creator":{"@id":"https:\/\/lasentinelle.dz\/author\/admin\/#author"},"image":{"@type":"ImageObject","url":"https:\/\/lasentinelle.dz\/wp-content\/uploads\/2022\/11\/electricite-Une.png","@id":"https:\/\/lasentinelle.dz\/index.php\/2026\/09\/02\/adjal-accelere-sur-la-mobilite-electrique-et-la-tarification-horaire-vers-un-nouveau-mode-de-facturation-de-lelectricite\/#mainImage","width":1688,"height":900},"primaryImageOfPage":{"@id":"https:\/\/lasentinelle.dz\/index.php\/2026\/09\/02\/adjal-accelere-sur-la-mobilite-electrique-et-la-tarification-horaire-vers-un-nouveau-mode-de-facturation-de-lelectricite\/#mainImage"},"datePublished":"2026-09-02T20:04:50+01:00","dateModified":"2026-09-04T20:05:40+01:00"},{"@type":"WebSite","@id":"https:\/\/lasentinelle.dz\/#website","url":"https:\/\/lasentinelle.dz\/","name":"La Sentinelle","description":"Quotidien national d'information","inLanguage":"fr-FR","publisher":{"@id":"https:\/\/lasentinelle.dz\/#organization"}}]},"og:locale":"fr_FR","og:site_name":"La Sentinelle - Quotidien national d'information","og:type":"article","og:title":"Adjal acc\u00e9l\u00e8re sur la mobilit\u00e9 \u00e9lectrique et la tarification horaire : Vers un nouveau mode de facturation de l\u2019\u00e9lectricit\u00e9 - La Sentinelle","og:description":"Le ministre de l'\u00c9nergie et des \u00c9nergies renouvelables, Mourad Adjal, a pr\u00e9sid\u00e9 mercredi une r\u00e9union de travail consacr\u00e9e au d\u00e9veloppement de la mobilit\u00e9 \u00e9lectrique et \u00e0 l'adoption d'une tarification de la consommation selon les tranches horaires, avec pour objectif de mieux piloter la demande nationale d'\u00e9lectricit\u00e9 et de rationaliser son usage. Selon le communiqu\u00e9 diffus\u00e9","og:url":"https:\/\/lasentinelle.dz\/index.php\/2026\/09\/02\/adjal-accelere-sur-la-mobilite-electrique-et-la-tarification-horaire-vers-un-nouveau-mode-de-facturation-de-lelectricite\/","og:image":"https:\/\/lasentinelle.dz\/wp-content\/uploads\/2021\/09\/cropped-la-sentinelle-earth-golden-anima-5.gif","og:image:secure_url":"https:\/\/lasentinelle.dz\/wp-content\/uploads\/2021\/09\/cropped-la-sentinelle-earth-golden-anima-5.gif","og:image:width":450,"og:image:height":213,"article:published_time":"2026-09-02T19:04:50+00:00","article:modified_time":"2026-09-04T19:05:40+00:00","article:publisher":"https:\/\/www.facebook.com\/azzedine.lasentinelle.1","twitter:card":"summary_large_image","twitter:title":"Adjal acc\u00e9l\u00e8re sur la mobilit\u00e9 \u00e9lectrique et la tarification horaire : Vers un nouveau mode de facturation de l\u2019\u00e9lectricit\u00e9 - La Sentinelle","twitter:description":"Le ministre de l'\u00c9nergie et des \u00c9nergies renouvelables, Mourad Adjal, a pr\u00e9sid\u00e9 mercredi une r\u00e9union de travail consacr\u00e9e au d\u00e9veloppement de la mobilit\u00e9 \u00e9lectrique et \u00e0 l'adoption d'une tarification de la consommation selon les tranches horaires, avec pour objectif de mieux piloter la demande nationale d'\u00e9lectricit\u00e9 et de rationaliser son usage. Selon le communiqu\u00e9 diffus\u00e9","twitter:image":"https:\/\/lasentinelle.dz\/wp-content\/uploads\/2021\/09\/cropped-la-sentinelle-earth-golden-anima-5.gif"},"aioseo_meta_data":{"post_id":"94948","title":null,"description":null,"keywords":null,"keyphrases":{"focus":{"keyphrase":"","score":0,"analysis":{"keyphraseInTitle":{"score":0,"maxScore":9,"error":1}}},"additional":[]},"primary_term":null,"canonical_url":null,"og_title":null,"og_description":null,"og_object_type":"default","og_image_type":"default","og_image_url":null,"og_image_width":null,"og_image_height":null,"og_image_custom_url":null,"og_image_custom_fields":null,"og_video":"","og_custom_url":null,"og_article_section":null,"og_article_tags":null,"twitter_use_og":false,"twitter_card":"default","twitter_image_type":"default","twitter_image_url":null,"twitter_image_custom_url":null,"twitter_image_custom_fields":null,"twitter_title":null,"twitter_description":null,"schema":{"blockGraphs":[],"customGraphs":[],"default":{"data":{"Article":[],"Course":[],"Dataset":[],"FAQPage":[],"Movie":[],"Person":[],"Product":[],"ProductReview":[],"Car":[],"Recipe":[],"Service":[],"SoftwareApplication":[],"WebPage":[]},"graphName":"BlogPosting","isEnabled":true},"graphs":[]},"schema_type":"default","schema_type_options":null,"pillar_content":false,"robots_default":true,"robots_noindex":false,"robots_noarchive":false,"robots_nosnippet":false,"robots_nofollow":false,"robots_noimageindex":false,"robots_noodp":false,"robots_notranslate":false,"robots_max_snippet":"-1","robots_max_videopreview":"-1","robots_max_imagepreview":"large","priority":null,"frequency":"default","local_seo":null,"breadcrumb_settings":null,"limit_modified_date":false,"ai":{"faqs":[],"keyPoints":[],"schemas":[],"titles":[],"descriptions":[],"socialPosts":{"email":{"subject":"","preview":"","content":""},"linkedin":[],"twitter":[],"facebook":[],"instagram":[]}},"created":"2026-09-04 19:05:40","updated":"2026-09-04 19:06:24","focus_keyword":null,"additional_keywords":null,"truseo_locale":null,"seo_analyzer_scan_date":null},"aioseo_breadcrumb":"<div class=\"aioseo-breadcrumbs\"><span class=\"aioseo-breadcrumb\">\n\t\t\t<a href=\"https:\/\/lasentinelle.dz\" title=\"Home\">Home<\/a>\n\t\t<\/span><span class=\"aioseo-breadcrumb-separator\">&raquo;<\/span><span class=\"aioseo-breadcrumb\">\n\t\t\t<a href=\"https:\/\/lasentinelle.dz\/index.php\/category\/economie\/\" title=\"\u00c9conomie\">\u00c9conomie<\/a>\n\t\t<\/span><span class=\"aioseo-breadcrumb-separator\">&raquo;<\/span><span class=\"aioseo-breadcrumb\">\n\t\t\tAdjal acc\u00e9l\u00e8re sur la mobilit\u00e9 \u00e9lectrique et la tarification horaire : Vers un nouveau mode de facturation de l\u2019\u00e9lectricit\u00e9\n\t\t<\/span><\/div>","aioseo_breadcrumb_json":[{"label":"Home","link":"https:\/\/lasentinelle.dz"},{"label":"\u00c9conomie","link":"https:\/\/lasentinelle.dz\/index.php\/category\/economie\/"},{"label":"Adjal acc\u00e9l\u00e8re sur la mobilit\u00e9 \u00e9lectrique et la tarification horaire\u00a0: Vers un nouveau mode de facturation de l\u2019\u00e9lectricit\u00e9","link":"https:\/\/lasentinelle.dz\/index.php\/2026\/09\/02\/adjal-accelere-sur-la-mobilite-electrique-et-la-tarification-horaire-vers-un-nouveau-mode-de-facturation-de-lelectricite\/"}],"yoast_head":"<!-- This site is optimized with the Yoast SEO plugin v28.4 - https:\/\/yoast.com\/product\/yoast-seo-wordpress\/ -->\n<title>Adjal acc\u00e9l\u00e8re sur la mobilit\u00e9 \u00e9lectrique et la tarification horaire\u00a0: Vers un nouveau mode de facturation de l\u2019\u00e9lectricit\u00e9 - La Sentinelle<\/title>\n<meta name=\"robots\" content=\"index, follow, max-snippet:-1, max-image-preview:large, max-video-preview:-1\" \/>\n<link rel=\"canonical\" href=\"https:\/\/lasentinelle.dz\/index.php\/2026\/09\/02\/adjal-accelere-sur-la-mobilite-electrique-et-la-tarification-horaire-vers-un-nouveau-mode-de-facturation-de-lelectricite\/\" \/>\n<meta property=\"og:locale\" content=\"fr_FR\" \/>\n<meta property=\"og:type\" content=\"article\" \/>\n<meta property=\"og:title\" content=\"Adjal acc\u00e9l\u00e8re sur la mobilit\u00e9 \u00e9lectrique et la tarification horaire\u00a0: Vers un nouveau mode de facturation de l\u2019\u00e9lectricit\u00e9 - La Sentinelle\" \/>\n<meta property=\"og:description\" content=\"Le ministre de l&rsquo;\u00c9nergie et des \u00c9nergies renouvelables, Mourad Adjal, a pr\u00e9sid\u00e9 mercredi une r\u00e9union de travail consacr\u00e9e au d\u00e9veloppement\" \/>\n<meta property=\"og:url\" content=\"https:\/\/lasentinelle.dz\/index.php\/2026\/09\/02\/adjal-accelere-sur-la-mobilite-electrique-et-la-tarification-horaire-vers-un-nouveau-mode-de-facturation-de-lelectricite\/\" \/>\n<meta property=\"og:site_name\" content=\"La Sentinelle\" \/>\n<meta property=\"article:publisher\" content=\"https:\/\/www.facebook.com\/La-Sentinelle-104059864394773\" \/>\n<meta property=\"article:published_time\" content=\"2026-09-02T19:04:50+00:00\" \/>\n<meta property=\"article:modified_time\" content=\"2026-09-04T19:05:40+00:00\" \/>\n<meta property=\"og:image\" content=\"https:\/\/lasentinelle.dz\/wp-content\/uploads\/2022\/11\/electricite-Une.png\" \/>\n\t<meta property=\"og:image:width\" content=\"1688\" \/>\n\t<meta property=\"og:image:height\" content=\"900\" \/>\n\t<meta property=\"og:image:type\" content=\"image\/png\" \/>\n<meta name=\"author\" content=\"admin\" \/>\n<meta name=\"twitter:card\" content=\"summary_large_image\" \/>\n<meta name=\"twitter:label1\" content=\"\u00c9crit par\" \/>\n\t<meta name=\"twitter:data1\" content=\"admin\" \/>\n\t<meta name=\"twitter:label2\" content=\"Dur\u00e9e de lecture estim\u00e9e\" \/>\n\t<meta name=\"twitter:data2\" content=\"3 minutes\" \/>\n<script type=\"application\/ld+json\" class=\"yoast-schema-graph\">{\"@context\":\"https:\\\/\\\/schema.org\",\"@graph\":[{\"@type\":\"Article\",\"@id\":\"https:\\\/\\\/lasentinelle.dz\\\/index.php\\\/2026\\\/09\\\/02\\\/adjal-accelere-sur-la-mobilite-electrique-et-la-tarification-horaire-vers-un-nouveau-mode-de-facturation-de-lelectricite\\\/#article\",\"isPartOf\":{\"@id\":\"https:\\\/\\\/lasentinelle.dz\\\/index.php\\\/2026\\\/09\\\/02\\\/adjal-accelere-sur-la-mobilite-electrique-et-la-tarification-horaire-vers-un-nouveau-mode-de-facturation-de-lelectricite\\\/\"},\"author\":{\"name\":\"admin\",\"@id\":\"https:\\\/\\\/lasentinelle.dz\\\/#\\\/schema\\\/person\\\/729ee0024f24e0b8c5ec17232f8e8b41\"},\"headline\":\"Adjal acc\u00e9l\u00e8re sur la mobilit\u00e9 \u00e9lectrique et la tarification horaire\u00a0: Vers un nouveau mode de facturation de l\u2019\u00e9lectricit\u00e9\",\"datePublished\":\"2026-09-02T19:04:50+00:00\",\"dateModified\":\"2026-09-04T19:05:40+00:00\",\"mainEntityOfPage\":{\"@id\":\"https:\\\/\\\/lasentinelle.dz\\\/index.php\\\/2026\\\/09\\\/02\\\/adjal-accelere-sur-la-mobilite-electrique-et-la-tarification-horaire-vers-un-nouveau-mode-de-facturation-de-lelectricite\\\/\"},\"wordCount\":508,\"commentCount\":0,\"publisher\":{\"@id\":\"https:\\\/\\\/lasentinelle.dz\\\/#organization\"},\"image\":{\"@id\":\"https:\\\/\\\/lasentinelle.dz\\\/index.php\\\/2026\\\/09\\\/02\\\/adjal-accelere-sur-la-mobilite-electrique-et-la-tarification-horaire-vers-un-nouveau-mode-de-facturation-de-lelectricite\\\/#primaryimage\"},\"thumbnailUrl\":\"https:\\\/\\\/lasentinelle.dz\\\/wp-content\\\/uploads\\\/2022\\\/11\\\/electricite-Une.png\",\"articleSection\":[\"\u00c9conomie\"],\"inLanguage\":\"fr-FR\",\"potentialAction\":[{\"@type\":\"CommentAction\",\"name\":\"Comment\",\"target\":[\"https:\\\/\\\/lasentinelle.dz\\\/index.php\\\/2026\\\/09\\\/02\\\/adjal-accelere-sur-la-mobilite-electrique-et-la-tarification-horaire-vers-un-nouveau-mode-de-facturation-de-lelectricite\\\/#respond\"]}]},{\"@type\":\"WebPage\",\"@id\":\"https:\\\/\\\/lasentinelle.dz\\\/index.php\\\/2026\\\/09\\\/02\\\/adjal-accelere-sur-la-mobilite-electrique-et-la-tarification-horaire-vers-un-nouveau-mode-de-facturation-de-lelectricite\\\/\",\"url\":\"https:\\\/\\\/lasentinelle.dz\\\/index.php\\\/2026\\\/09\\\/02\\\/adjal-accelere-sur-la-mobilite-electrique-et-la-tarification-horaire-vers-un-nouveau-mode-de-facturation-de-lelectricite\\\/\",\"name\":\"Adjal acc\u00e9l\u00e8re sur la mobilit\u00e9 \u00e9lectrique et la tarification horaire\u00a0: Vers un nouveau mode de facturation de l\u2019\u00e9lectricit\u00e9 - La Sentinelle\",\"isPartOf\":{\"@id\":\"https:\\\/\\\/lasentinelle.dz\\\/#website\"},\"primaryImageOfPage\":{\"@id\":\"https:\\\/\\\/lasentinelle.dz\\\/index.php\\\/2026\\\/09\\\/02\\\/adjal-accelere-sur-la-mobilite-electrique-et-la-tarification-horaire-vers-un-nouveau-mode-de-facturation-de-lelectricite\\\/#primaryimage\"},\"image\":{\"@id\":\"https:\\\/\\\/lasentinelle.dz\\\/index.php\\\/2026\\\/09\\\/02\\\/adjal-accelere-sur-la-mobilite-electrique-et-la-tarification-horaire-vers-un-nouveau-mode-de-facturation-de-lelectricite\\\/#primaryimage\"},\"thumbnailUrl\":\"https:\\\/\\\/lasentinelle.dz\\\/wp-content\\\/uploads\\\/2022\\\/11\\\/electricite-Une.png\",\"datePublished\":\"2026-09-02T19:04:50+00:00\",\"dateModified\":\"2026-09-04T19:05:40+00:00\",\"breadcrumb\":{\"@id\":\"https:\\\/\\\/lasentinelle.dz\\\/index.php\\\/2026\\\/09\\\/02\\\/adjal-accelere-sur-la-mobilite-electrique-et-la-tarification-horaire-vers-un-nouveau-mode-de-facturation-de-lelectricite\\\/#breadcrumb\"},\"inLanguage\":\"fr-FR\",\"potentialAction\":[{\"@type\":\"ReadAction\",\"target\":[\"https:\\\/\\\/lasentinelle.dz\\\/index.php\\\/2026\\\/09\\\/02\\\/adjal-accelere-sur-la-mobilite-electrique-et-la-tarification-horaire-vers-un-nouveau-mode-de-facturation-de-lelectricite\\\/\"]}]},{\"@type\":\"ImageObject\",\"inLanguage\":\"fr-FR\",\"@id\":\"https:\\\/\\\/lasentinelle.dz\\\/index.php\\\/2026\\\/09\\\/02\\\/adjal-accelere-sur-la-mobilite-electrique-et-la-tarification-horaire-vers-un-nouveau-mode-de-facturation-de-lelectricite\\\/#primaryimage\",\"url\":\"https:\\\/\\\/lasentinelle.dz\\\/wp-content\\\/uploads\\\/2022\\\/11\\\/electricite-Une.png\",\"contentUrl\":\"https:\\\/\\\/lasentinelle.dz\\\/wp-content\\\/uploads\\\/2022\\\/11\\\/electricite-Une.png\",\"width\":1688,\"height\":900},{\"@type\":\"BreadcrumbList\",\"@id\":\"https:\\\/\\\/lasentinelle.dz\\\/index.php\\\/2026\\\/09\\\/02\\\/adjal-accelere-sur-la-mobilite-electrique-et-la-tarification-horaire-vers-un-nouveau-mode-de-facturation-de-lelectricite\\\/#breadcrumb\",\"itemListElement\":[{\"@type\":\"ListItem\",\"position\":1,\"name\":\"Accueil\",\"item\":\"https:\\\/\\\/lasentinelle.dz\\\/\"},{\"@type\":\"ListItem\",\"position\":2,\"name\":\"Adjal acc\u00e9l\u00e8re sur la mobilit\u00e9 \u00e9lectrique et la tarification horaire\u00a0: Vers un nouveau mode de facturation de l\u2019\u00e9lectricit\u00e9\"}]},{\"@type\":\"WebSite\",\"@id\":\"https:\\\/\\\/lasentinelle.dz\\\/#website\",\"url\":\"https:\\\/\\\/lasentinelle.dz\\\/\",\"name\":\"La Sentinelle\",\"description\":\"Quotidien national d&#039;information\",\"publisher\":{\"@id\":\"https:\\\/\\\/lasentinelle.dz\\\/#organization\"},\"potentialAction\":[{\"@type\":\"SearchAction\",\"target\":{\"@type\":\"EntryPoint\",\"urlTemplate\":\"https:\\\/\\\/lasentinelle.dz\\\/?s={search_term_string}\"},\"query-input\":{\"@type\":\"PropertyValueSpecification\",\"valueRequired\":true,\"valueName\":\"search_term_string\"}}],\"inLanguage\":\"fr-FR\"},{\"@type\":\"Organization\",\"@id\":\"https:\\\/\\\/lasentinelle.dz\\\/#organization\",\"name\":\"Quotidien La Sentinelle\",\"url\":\"https:\\\/\\\/lasentinelle.dz\\\/\",\"logo\":{\"@type\":\"ImageObject\",\"inLanguage\":\"fr-FR\",\"@id\":\"https:\\\/\\\/lasentinelle.dz\\\/#\\\/schema\\\/logo\\\/image\\\/\",\"url\":\"https:\\\/\\\/lasentinelle.dz\\\/wp-content\\\/uploads\\\/2021\\\/09\\\/logo-sentinelleSLOGAN-1.png\",\"contentUrl\":\"https:\\\/\\\/lasentinelle.dz\\\/wp-content\\\/uploads\\\/2021\\\/09\\\/logo-sentinelleSLOGAN-1.png\",\"width\":615,\"height\":142,\"caption\":\"Quotidien La Sentinelle\"},\"image\":{\"@id\":\"https:\\\/\\\/lasentinelle.dz\\\/#\\\/schema\\\/logo\\\/image\\\/\"},\"sameAs\":[\"https:\\\/\\\/www.facebook.com\\\/La-Sentinelle-104059864394773\"]},{\"@type\":\"Person\",\"@id\":\"https:\\\/\\\/lasentinelle.dz\\\/#\\\/schema\\\/person\\\/729ee0024f24e0b8c5ec17232f8e8b41\",\"name\":\"admin\",\"image\":{\"@type\":\"ImageObject\",\"inLanguage\":\"fr-FR\",\"@id\":\"https:\\\/\\\/secure.gravatar.com\\\/avatar\\\/4c81fed838786e9b53f540bf46533e750f5d292099ae3b66cfc6fb1982e29df7?s=96&d=mm&r=g\",\"url\":\"https:\\\/\\\/secure.gravatar.com\\\/avatar\\\/4c81fed838786e9b53f540bf46533e750f5d292099ae3b66cfc6fb1982e29df7?s=96&d=mm&r=g\",\"contentUrl\":\"https:\\\/\\\/secure.gravatar.com\\\/avatar\\\/4c81fed838786e9b53f540bf46533e750f5d292099ae3b66cfc6fb1982e29df7?s=96&d=mm&r=g\",\"caption\":\"admin\"},\"description\":\"admin\",\"url\":\"https:\\\/\\\/lasentinelle.dz\\\/author\\\/admin\\\/\"}]}<\/script>\n<!-- \/ Yoast SEO plugin. -->","yoast_head_json":{"title":"Adjal acc\u00e9l\u00e8re sur la mobilit\u00e9 \u00e9lectrique et la tarification horaire\u00a0: Vers un nouveau mode de facturation de l\u2019\u00e9lectricit\u00e9 - La Sentinelle","robots":{"index":"index","follow":"follow","max-snippet":"max-snippet:-1","max-image-preview":"max-image-preview:large","max-video-preview":"max-video-preview:-1"},"canonical":"https:\/\/lasentinelle.dz\/index.php\/2026\/09\/02\/adjal-accelere-sur-la-mobilite-electrique-et-la-tarification-horaire-vers-un-nouveau-mode-de-facturation-de-lelectricite\/","og_locale":"fr_FR","og_type":"article","og_title":"Adjal acc\u00e9l\u00e8re sur la mobilit\u00e9 \u00e9lectrique et la tarification horaire\u00a0: Vers un nouveau mode de facturation de l\u2019\u00e9lectricit\u00e9 - La Sentinelle","og_description":"Le ministre de l&rsquo;\u00c9nergie et des \u00c9nergies renouvelables, Mourad Adjal, a pr\u00e9sid\u00e9 mercredi une r\u00e9union de travail consacr\u00e9e au d\u00e9veloppement","og_url":"https:\/\/lasentinelle.dz\/index.php\/2026\/09\/02\/adjal-accelere-sur-la-mobilite-electrique-et-la-tarification-horaire-vers-un-nouveau-mode-de-facturation-de-lelectricite\/","og_site_name":"La Sentinelle","article_publisher":"https:\/\/www.facebook.com\/La-Sentinelle-104059864394773","article_published_time":"2026-09-02T19:04:50+00:00","article_modified_time":"2026-09-04T19:05:40+00:00","og_image":[{"width":1688,"height":900,"url":"https:\/\/lasentinelle.dz\/wp-content\/uploads\/2022\/11\/electricite-Une.png","type":"image\/png"}],"author":"admin","twitter_card":"summary_large_image","twitter_misc":{"\u00c9crit par":"admin","Dur\u00e9e de lecture estim\u00e9e":"3 minutes"},"schema":{"@context":"https:\/\/schema.org","@graph":[{"@type":"Article","@id":"https:\/\/lasentinelle.dz\/index.php\/2026\/09\/02\/adjal-accelere-sur-la-mobilite-electrique-et-la-tarification-horaire-vers-un-nouveau-mode-de-facturation-de-lelectricite\/#article","isPartOf":{"@id":"https:\/\/lasentinelle.dz\/index.php\/2026\/09\/02\/adjal-accelere-sur-la-mobilite-electrique-et-la-tarification-horaire-vers-un-nouveau-mode-de-facturation-de-lelectricite\/"},"author":{"name":"admin","@id":"https:\/\/lasentinelle.dz\/#\/schema\/person\/729ee0024f24e0b8c5ec17232f8e8b41"},"headline":"Adjal acc\u00e9l\u00e8re sur la mobilit\u00e9 \u00e9lectrique et la tarification horaire\u00a0: Vers un nouveau mode de facturation de l\u2019\u00e9lectricit\u00e9","datePublished":"2026-09-02T19:04:50+00:00","dateModified":"2026-09-04T19:05:40+00:00","mainEntityOfPage":{"@id":"https:\/\/lasentinelle.dz\/index.php\/2026\/09\/02\/adjal-accelere-sur-la-mobilite-electrique-et-la-tarification-horaire-vers-un-nouveau-mode-de-facturation-de-lelectricite\/"},"wordCount":508,"commentCount":0,"publisher":{"@id":"https:\/\/lasentinelle.dz\/#organization"},"image":{"@id":"https:\/\/lasentinelle.dz\/index.php\/2026\/09\/02\/adjal-accelere-sur-la-mobilite-electrique-et-la-tarification-horaire-vers-un-nouveau-mode-de-facturation-de-lelectricite\/#primaryimage"},"thumbnailUrl":"https:\/\/lasentinelle.dz\/wp-content\/uploads\/2022\/11\/electricite-Une.png","articleSection":["\u00c9conomie"],"inLanguage":"fr-FR","potentialAction":[{"@type":"CommentAction","name":"Comment","target":["https:\/\/lasentinelle.dz\/index.php\/2026\/09\/02\/adjal-accelere-sur-la-mobilite-electrique-et-la-tarification-horaire-vers-un-nouveau-mode-de-facturation-de-lelectricite\/#respond"]}]},{"@type":"WebPage","@id":"https:\/\/lasentinelle.dz\/index.php\/2026\/09\/02\/adjal-accelere-sur-la-mobilite-electrique-et-la-tarification-horaire-vers-un-nouveau-mode-de-facturation-de-lelectricite\/","url":"https:\/\/lasentinelle.dz\/index.php\/2026\/09\/02\/adjal-accelere-sur-la-mobilite-electrique-et-la-tarification-horaire-vers-un-nouveau-mode-de-facturation-de-lelectricite\/","name":"Adjal acc\u00e9l\u00e8re sur la mobilit\u00e9 \u00e9lectrique et la tarification horaire\u00a0: Vers un nouveau mode de facturation de l\u2019\u00e9lectricit\u00e9 - La Sentinelle","isPartOf":{"@id":"https:\/\/lasentinelle.dz\/#website"},"primaryImageOfPage":{"@id":"https:\/\/lasentinelle.dz\/index.php\/2026\/09\/02\/adjal-accelere-sur-la-mobilite-electrique-et-la-tarification-horaire-vers-un-nouveau-mode-de-facturation-de-lelectricite\/#primaryimage"},"image":{"@id":"https:\/\/lasentinelle.dz\/index.php\/2026\/09\/02\/adjal-accelere-sur-la-mobilite-electrique-et-la-tarification-horaire-vers-un-nouveau-mode-de-facturation-de-lelectricite\/#primaryimage"},"thumbnailUrl":"https:\/\/lasentinelle.dz\/wp-content\/uploads\/2022\/11\/electricite-Une.png","datePublished":"2026-09-02T19:04:50+00:00","dateModified":"2026-09-04T19:05:40+00:00","breadcrumb":{"@id":"https:\/\/lasentinelle.dz\/index.php\/2026\/09\/02\/adjal-accelere-sur-la-mobilite-electrique-et-la-tarification-horaire-vers-un-nouveau-mode-de-facturation-de-lelectricite\/#breadcrumb"},"inLanguage":"fr-FR","potentialAction":[{"@type":"ReadAction","target":["https:\/\/lasentinelle.dz\/index.php\/2026\/09\/02\/adjal-accelere-sur-la-mobilite-electrique-et-la-tarification-horaire-vers-un-nouveau-mode-de-facturation-de-lelectricite\/"]}]},{"@type":"ImageObject","inLanguage":"fr-FR","@id":"https:\/\/lasentinelle.dz\/index.php\/2026\/09\/02\/adjal-accelere-sur-la-mobilite-electrique-et-la-tarification-horaire-vers-un-nouveau-mode-de-facturation-de-lelectricite\/#primaryimage","url":"https:\/\/lasentinelle.dz\/wp-content\/uploads\/2022\/11\/electricite-Une.png","contentUrl":"https:\/\/lasentinelle.dz\/wp-content\/uploads\/2022\/11\/electricite-Une.png","width":1688,"height":900},{"@type":"BreadcrumbList","@id":"https:\/\/lasentinelle.dz\/index.php\/2026\/09\/02\/adjal-accelere-sur-la-mobilite-electrique-et-la-tarification-horaire-vers-un-nouveau-mode-de-facturation-de-lelectricite\/#breadcrumb","itemListElement":[{"@type":"ListItem","position":1,"name":"Accueil","item":"https:\/\/lasentinelle.dz\/"},{"@type":"ListItem","position":2,"name":"Adjal acc\u00e9l\u00e8re sur la mobilit\u00e9 \u00e9lectrique et la tarification horaire\u00a0: Vers un nouveau mode de facturation de l\u2019\u00e9lectricit\u00e9"}]},{"@type":"WebSite","@id":"https:\/\/lasentinelle.dz\/#website","url":"https:\/\/lasentinelle.dz\/","name":"La Sentinelle","description":"Quotidien national d&#039;information","publisher":{"@id":"https:\/\/lasentinelle.dz\/#organization"},"potentialAction":[{"@type":"SearchAction","target":{"@type":"EntryPoint","urlTemplate":"https:\/\/lasentinelle.dz\/?s={search_term_string}"},"query-input":{"@type":"PropertyValueSpecification","valueRequired":true,"valueName":"search_term_string"}}],"inLanguage":"fr-FR"},{"@type":"Organization","@id":"https:\/\/lasentinelle.dz\/#organization","name":"Quotidien La Sentinelle","url":"https:\/\/lasentinelle.dz\/","logo":{"@type":"ImageObject","inLanguage":"fr-FR","@id":"https:\/\/lasentinelle.dz\/#\/schema\/logo\/image\/","url":"https:\/\/lasentinelle.dz\/wp-content\/uploads\/2021\/09\/logo-sentinelleSLOGAN-1.png","contentUrl":"https:\/\/lasentinelle.dz\/wp-content\/uploads\/2021\/09\/logo-sentinelleSLOGAN-1.png","width":615,"height":142,"caption":"Quotidien La Sentinelle"},"image":{"@id":"https:\/\/lasentinelle.dz\/#\/schema\/logo\/image\/"},"sameAs":["https:\/\/www.facebook.com\/La-Sentinelle-104059864394773"]},{"@type":"Person","@id":"https:\/\/lasentinelle.dz\/#\/schema\/person\/729ee0024f24e0b8c5ec17232f8e8b41","name":"admin","image":{"@type":"ImageObject","inLanguage":"fr-FR","@id":"https:\/\/secure.gravatar.com\/avatar\/4c81fed838786e9b53f540bf46533e750f5d292099ae3b66cfc6fb1982e29df7?s=96&d=mm&r=g","url":"https:\/\/secure.gravatar.com\/avatar\/4c81fed838786e9b53f540bf46533e750f5d292099ae3b66cfc6fb1982e29df7?s=96&d=mm&r=g","contentUrl":"https:\/\/secure.gravatar.com\/avatar\/4c81fed838786e9b53f540bf46533e750f5d292099ae3b66cfc6fb1982e29df7?s=96&d=mm&r=g","caption":"admin"},"description":"admin","url":"https:\/\/lasentinelle.dz\/author\/admin\/"}]}},"_links":{"self":[{"href":"https:\/\/lasentinelle.dz\/index.php\/wp-json\/wp\/v2\/posts\/94948","targetHints":{"allow":["GET"]}}],"collection":[{"href":"https:\/\/lasentinelle.dz\/index.php\/wp-json\/wp\/v2\/posts"}],"about":[{"href":"https:\/\/lasentinelle.dz\/index.php\/wp-json\/wp\/v2\/types\/post"}],"author":[{"embeddable":true,"href":"https:\/\/lasentinelle.dz\/index.php\/wp-json\/wp\/v2\/users\/6"}],"replies":[{"embeddable":true,"href":"https:\/\/lasentinelle.dz\/index.php\/wp-json\/wp\/v2\/comments?post=94948"}],"version-history":[{"count":1,"href":"https:\/\/lasentinelle.dz\/index.php\/wp-json\/wp\/v2\/posts\/94948\/revisions"}],"predecessor-version":[{"id":94949,"href":"https:\/\/lasentinelle.dz\/index.php\/wp-json\/wp\/v2\/posts\/94948\/revisions\/94949"}],"wp:featuredmedia":[{"embeddable":true,"href":"https:\/\/lasentinelle.dz\/index.php\/wp-json\/wp\/v2\/media\/31342"}],"wp:attachment":[{"href":"https:\/\/lasentinelle.dz\/index.php\/wp-json\/wp\/v2\/media?parent=94948"}],"wp:term":[{"taxonomy":"category","embeddable":true,"href":"https:\/\/lasentinelle.dz\/index.php\/wp-json\/wp\/v2\/categories?post=94948"},{"taxonomy":"post_tag","embeddable":true,"href":"https:\/\/lasentinelle.dz\/index.php\/wp-json\/wp\/v2\/tags?post=94948"}],"curies":[{"name":"wp","href":"https:\/\/api.w.org\/{rel}","templated":true}]}}