{"id":94951,"date":"2026-09-02T20:05:59","date_gmt":"2026-09-02T19:05:59","guid":{"rendered":"https:\/\/lasentinelle.dz\/?p=94951"},"modified":"2026-09-04T20:06:55","modified_gmt":"2026-09-04T19:06:55","slug":"fraude-aux-importations-plus-dun-millier-doperateurs-demasques","status":"publish","type":"post","link":"https:\/\/lasentinelle.dz\/index.php\/2026\/09\/02\/fraude-aux-importations-plus-dun-millier-doperateurs-demasques\/","title":{"rendered":"Fraude aux importations\u00a0: Plus d\u2019un millier d\u2019op\u00e9rateurs d\u00e9masqu\u00e9s\u00a0!"},"content":{"rendered":"\n<p class=\"wp-block-paragraph\">Le minist\u00e8re du Commerce ext\u00e9rieur et de la Promotion des exportations a annonc\u00e9 mercredi avoir d\u00e9tect\u00e9, via la plateforme num\u00e9rique d\u00e9di\u00e9e au d\u00e9p\u00f4t des programmes pr\u00e9visionnels d&rsquo;importation, plusieurs cas jug\u00e9s \u00ab inhabituels et suspects \u00bb touchant plus d&rsquo;un millier d&rsquo;op\u00e9rateurs \u00e9conomiques, dans le cadre du contr\u00f4le renforc\u00e9 exerc\u00e9 sur les dossiers d&rsquo;importation de mati\u00e8res premi\u00e8res et d&rsquo;\u00e9quipements.<\/p>\n\n\n\n<p class=\"wp-block-paragraph\">Selon le communiqu\u00e9 du minist\u00e8re, les outils d&rsquo;analyse et de recoupement automatique int\u00e9gr\u00e9s \u00e0 la plateforme, adoss\u00e9s \u00e0 des technologies d&rsquo;intelligence artificielle, ont mis au jour \u00ab des similitudes notables dans les dossiers de 1013 op\u00e9rateurs \u00e9conomiques \u00bb, portant notamment sur des documents cens\u00e9s \u00eatre propres \u00e0 chaque entreprise. Le texte pr\u00e9cise que ces anomalies concernent des pi\u00e8ces administratives normalement uniques, ce qui a imm\u00e9diatement alert\u00e9 les services charg\u00e9s du suivi des dossiers. Le communiqu\u00e9 d\u00e9taille les chiffres avec pr\u00e9cision. Il fait \u00e9tat de \u00ab 278 op\u00e9rateurs \u00e9conomiques ayant d\u00e9pos\u00e9 le m\u00eame document de d\u00e9claration des salari\u00e9s aupr\u00e8s de la CNAS \u00bb et de \u00ab 277 op\u00e9rateurs ayant d\u00e9pos\u00e9 le m\u00eame document de d\u00e9claration des travailleurs aupr\u00e8s de la CASNOS \u00bb. S&rsquo;y ajoutent \u00ab 240 op\u00e9rateurs ayant d\u00e9pos\u00e9 le m\u00eame extrait de r\u00f4le \u00bb et \u00ab 60 op\u00e9rateurs ayant d\u00e9pos\u00e9 le m\u00eame document de bilan comptable \u00bb. Le minist\u00e8re signale \u00e9galement que \u00ab 56 op\u00e9rateurs \u00e9conomiques ont d\u00e9pos\u00e9 le m\u00eame num\u00e9ro d&rsquo;identification fiscale \u00bb, que \u00ab 38 op\u00e9rateurs ont d\u00e9pos\u00e9 le m\u00eame document relatif \u00e0 la liste des produits \u00e9ligibles aux avantages \u00bb d\u00e9livr\u00e9 par l&rsquo;Agence alg\u00e9rienne de promotion de l&rsquo;investissement, et que 25 dossiers partagent le m\u00eame certificat d&rsquo;inscription aupr\u00e8s de cette m\u00eame agence ainsi que le m\u00eame relev\u00e9 d&rsquo;identit\u00e9 bancaire. Quatorze op\u00e9rateurs enfin ont fourni des documents identiques relatifs \u00e0 leur programme compl\u00e9mentaire d&rsquo;entreprise.<\/p>\n\n\n\n<p class=\"wp-block-paragraph\"><strong>Convocations<\/strong><\/p>\n\n\n\n<p class=\"wp-block-paragraph\">Face \u00e0 ce constat, le minist\u00e8re indique que ses services vont convoquer les op\u00e9rateurs concern\u00e9s pour exiger la pr\u00e9sentation des originaux et v\u00e9rifier leur authenticit\u00e9, d\u00e9terminer leur origine et \u00e9tablir les circonstances de leur utilisation. Le communiqu\u00e9 insiste sur le fait que le partage de documents cens\u00e9s \u00eatre individuels \u00ab constitue un cas inhabituel n\u00e9cessitant une enqu\u00eate approfondie \u00bb, et pr\u00e9vient que toute infraction av\u00e9r\u00e9e exposera son auteur aux mesures l\u00e9gales pr\u00e9vues par la r\u00e9glementation en vigueur.<\/p>\n\n\n\n<p class=\"wp-block-paragraph\">Le d\u00e9partement de Kamel Rezig appelle une enqu\u00eate approfondie, dans la mesure o\u00f9 l&rsquo;utilisation par plusieurs op\u00e9rateurs \u00e9conomiques de documents et de donn\u00e9es cens\u00e9s \u00eatre sp\u00e9cifiques \u00e0 chacun d&rsquo;eux ne peut relever du simple hasard administratif. Le minist\u00e8re pr\u00e9cise enfin que les r\u00e9sultats de cette enqu\u00eate et des v\u00e9rifications engag\u00e9es d\u00e9termineront la suite donn\u00e9e \u00e0 chaque dossier, avec l&rsquo;application de toutes les mesures l\u00e9gales pr\u00e9vues par les lois et r\u00e8glements en vigueur \u00e0 l&rsquo;encontre des cas pour lesquels une infraction sera formellement \u00e9tablie.<\/p>\n\n\n\n<p class=\"wp-block-paragraph\">Cette op\u00e9ration s&rsquo;inscrit dans une logique plus large d&rsquo;assainissement du commerce ext\u00e9rieur, engag\u00e9e depuis l&rsquo;instauration du programme pr\u00e9visionnel d&rsquo;importation \u00e0 l&rsquo;\u00e9t\u00e9 2025. Le dispositif avait \u00e9t\u00e9 mis en place pour renforcer le contr\u00f4le sur les op\u00e9rations d&rsquo;importation, limiter les pratiques frauduleuses et freiner l&rsquo;envol\u00e9e des achats \u00e0 l&rsquo;\u00e9tranger, qui avaient bondi de 28,4 % durant le premier semestre 2025 pour atteindre 3.767 milliards de dinars, creusant le d\u00e9ficit commercial du pays \u00e0 711,5 milliards de dinars. Reconduit pour l&rsquo;ann\u00e9e 2026, le PPI a depuis \u00e9t\u00e9 \u00e9tendu \u00e0 plusieurs cat\u00e9gories d&rsquo;op\u00e9rateurs, des entreprises de production aux micro-entreprises accompagn\u00e9es par les dispositifs d&rsquo;aide \u00e0 l&rsquo;entrepreneuriat.<\/p>\n\n\n\n<p class=\"wp-block-paragraph\">La dimension num\u00e9rique du dispositif occupe une place centrale dans cette strat\u00e9gie. La plateforme d\u00e9di\u00e9e aux op\u00e9rateurs activant dans le fonctionnement et l&rsquo;\u00e9quipement a \u00e9t\u00e9 rouverte fin juin pour le second semestre 2026, accessible \u00e0 partir du 23 juin et jusqu&rsquo;au 31 juillet, confirmant la volont\u00e9 du minist\u00e8re de faire de la d\u00e9mat\u00e9rialisation un outil permanent de suivi. Cette bascule vers le num\u00e9rique vise, selon les autorit\u00e9s, \u00e0 garantir la transparence des dossiers, la rapidit\u00e9 de traitement des demandes et la fiabilit\u00e9 des donn\u00e9es transmises par les entreprises.<\/p>\n\n\n\n<p class=\"wp-block-paragraph\">L&rsquo;affaire r\u00e9v\u00e9l\u00e9e mercredi illustre ainsi le d\u00e9fi que repr\u00e9sente la r\u00e9alisation de deux objectifs poursuivis simultan\u00e9ment par les pouvoirs publics. D&rsquo;un c\u00f4t\u00e9, la n\u00e9cessit\u00e9 de s\u00e9curiser l&rsquo;approvisionnement du march\u00e9 national en mati\u00e8res premi\u00e8res et en \u00e9quipements indispensables \u00e0 l&rsquo;appareil productif. De l&rsquo;autre, l&rsquo;imp\u00e9ratif de ma\u00eetriser les flux financiers sortants et de couper court aux montages frauduleux qui gr\u00e8vent la balance commerciale.<\/p>\n\n\n\n<p class=\"wp-block-paragraph\">Amar Malki<\/p>\n","protected":false},"excerpt":{"rendered":"<p>Le minist\u00e8re du Commerce ext\u00e9rieur et de la Promotion des exportations a annonc\u00e9 mercredi avoir d\u00e9tect\u00e9, via la plateforme num\u00e9rique<\/p>\n","protected":false},"author":6,"featured_media":79321,"comment_status":"open","ping_status":"closed","sticky":false,"template":"","format":"standard","meta":{"colormag_page_container_layout":"default_layout","colormag_page_sidebar_layout":"default_layout","om_disable_all_campaigns":false,"_monsterinsights_skip_tracking":false,"footnotes":"","_wpscppro_dont_share_socialmedia":false,"_wpscppro_custom_social_share_image":0,"_facebook_share_type":"default","_twitter_share_type":"default","_linkedin_share_type":"default","_pinterest_share_type":"default","_linkedin_share_type_page":"","_instagram_share_type":"default","_medium_share_type":"default","_threads_share_type":"default","_google_business_share_type":"default","_bluesky_share_type":"default","_mastodon_share_type":"default","_selected_social_profile":[],"_wpsp_enable_custom_social_template":false,"_wpsp_social_scheduling":{"enabled":false,"datetime":null,"platforms":[],"status":"template_only","dateOption":"today","timeOption":"now","customDays":"","customHours":"","customDate":"","customTime":"","schedulingType":"absolute"},"_wpsp_active_default_template":true},"categories":[52,29],"tags":[],"class_list":["post-94951","post","type-post","status-publish","format-standard","has-post-thumbnail","hentry","category-a-la-une","category-economie"],"aioseo_notices":[],"aioseo_head":"\n\t\t<!-- All in One SEO 5.0.0.1 - aioseo.com -->\n\t<meta name=\"description\" content=\"Le minist\u00e8re du Commerce ext\u00e9rieur et de la Promotion des exportations a annonc\u00e9 mercredi avoir d\u00e9tect\u00e9, via la plateforme num\u00e9rique d\u00e9di\u00e9e au d\u00e9p\u00f4t des programmes pr\u00e9visionnels d&#039;importation, plusieurs cas jug\u00e9s \u00ab inhabituels et suspects \u00bb touchant plus d&#039;un millier d&#039;op\u00e9rateurs \u00e9conomiques, dans le cadre du contr\u00f4le renforc\u00e9 exerc\u00e9 sur les dossiers d&#039;importation de mati\u00e8res premi\u00e8res\" \/>\n\t<meta name=\"robots\" content=\"max-image-preview:large\" \/>\n\t<meta name=\"author\" content=\"admin\"\/>\n\t<link rel=\"canonical\" href=\"https:\/\/lasentinelle.dz\/index.php\/2026\/09\/02\/fraude-aux-importations-plus-dun-millier-doperateurs-demasques\/\" \/>\n\t<meta name=\"generator\" content=\"All in One SEO (AIOSEO) 5.0.0.1\" \/>\n\t\t<meta property=\"og:locale\" content=\"fr_FR\" \/>\n\t\t<meta property=\"og:site_name\" content=\"La Sentinelle - Quotidien national d&#039;information\" \/>\n\t\t<meta property=\"og:type\" content=\"article\" \/>\n\t\t<meta property=\"og:title\" content=\"Fraude aux importations : Plus d\u2019un millier d\u2019op\u00e9rateurs d\u00e9masqu\u00e9s ! - La Sentinelle\" \/>\n\t\t<meta property=\"og:description\" content=\"Le minist\u00e8re du Commerce ext\u00e9rieur et de la Promotion des exportations a annonc\u00e9 mercredi avoir d\u00e9tect\u00e9, via la plateforme num\u00e9rique d\u00e9di\u00e9e au d\u00e9p\u00f4t des programmes pr\u00e9visionnels d&#039;importation, plusieurs cas jug\u00e9s \u00ab inhabituels et suspects \u00bb touchant plus d&#039;un millier d&#039;op\u00e9rateurs \u00e9conomiques, dans le cadre du contr\u00f4le renforc\u00e9 exerc\u00e9 sur les dossiers d&#039;importation de mati\u00e8res premi\u00e8res\" \/>\n\t\t<meta property=\"og:url\" content=\"https:\/\/lasentinelle.dz\/index.php\/2026\/09\/02\/fraude-aux-importations-plus-dun-millier-doperateurs-demasques\/\" \/>\n\t\t<meta property=\"og:image\" content=\"https:\/\/lasentinelle.dz\/wp-content\/uploads\/2021\/09\/cropped-la-sentinelle-earth-golden-anima-5.gif\" \/>\n\t\t<meta property=\"og:image:secure_url\" content=\"https:\/\/lasentinelle.dz\/wp-content\/uploads\/2021\/09\/cropped-la-sentinelle-earth-golden-anima-5.gif\" \/>\n\t\t<meta property=\"og:image:width\" content=\"450\" \/>\n\t\t<meta property=\"og:image:height\" content=\"213\" \/>\n\t\t<meta property=\"article:published_time\" content=\"2026-09-02T19:05:59+00:00\" \/>\n\t\t<meta property=\"article:modified_time\" content=\"2026-09-04T19:06:55+00:00\" \/>\n\t\t<meta property=\"article:publisher\" content=\"https:\/\/www.facebook.com\/azzedine.lasentinelle.1\" \/>\n\t\t<meta name=\"twitter:card\" content=\"summary_large_image\" \/>\n\t\t<meta name=\"twitter:title\" content=\"Fraude aux importations : Plus d\u2019un millier d\u2019op\u00e9rateurs d\u00e9masqu\u00e9s ! - La Sentinelle\" \/>\n\t\t<meta name=\"twitter:description\" content=\"Le minist\u00e8re du Commerce ext\u00e9rieur et de la Promotion des exportations a annonc\u00e9 mercredi avoir d\u00e9tect\u00e9, via la plateforme num\u00e9rique d\u00e9di\u00e9e au d\u00e9p\u00f4t des programmes pr\u00e9visionnels d&#039;importation, plusieurs cas jug\u00e9s \u00ab inhabituels et suspects \u00bb touchant plus d&#039;un millier d&#039;op\u00e9rateurs \u00e9conomiques, dans le cadre du contr\u00f4le renforc\u00e9 exerc\u00e9 sur les dossiers d&#039;importation de mati\u00e8res premi\u00e8res\" \/>\n\t\t<meta name=\"twitter:image\" content=\"https:\/\/lasentinelle.dz\/wp-content\/uploads\/2021\/09\/cropped-la-sentinelle-earth-golden-anima-5.gif\" \/>\n\t\t<script type=\"application\/ld+json\" class=\"aioseo-schema\">\n\t\t\t{\"@context\":\"https:\\\/\\\/schema.org\",\"@graph\":[{\"@type\":\"BlogPosting\",\"@id\":\"https:\\\/\\\/lasentinelle.dz\\\/index.php\\\/2026\\\/09\\\/02\\\/fraude-aux-importations-plus-dun-millier-doperateurs-demasques\\\/#blogposting\",\"name\":\"Fraude aux importations : Plus d\\u2019un millier d\\u2019op\\u00e9rateurs d\\u00e9masqu\\u00e9s ! - La Sentinelle\",\"headline\":\"Fraude aux importations\\u00a0: Plus d\\u2019un millier d\\u2019op\\u00e9rateurs d\\u00e9masqu\\u00e9s\\u00a0!\",\"author\":{\"@id\":\"https:\\\/\\\/lasentinelle.dz\\\/author\\\/admin\\\/#author\"},\"publisher\":{\"@id\":\"https:\\\/\\\/lasentinelle.dz\\\/#organization\"},\"image\":{\"@type\":\"ImageObject\",\"url\":\"https:\\\/\\\/lasentinelle.dz\\\/wp-content\\\/uploads\\\/2026\\\/01\\\/port-scaled.jpeg\",\"width\":2560,\"height\":1700},\"datePublished\":\"2026-09-02T20:05:59+01:00\",\"dateModified\":\"2026-09-04T20:06:55+01:00\",\"inLanguage\":\"fr-FR\",\"mainEntityOfPage\":{\"@id\":\"https:\\\/\\\/lasentinelle.dz\\\/index.php\\\/2026\\\/09\\\/02\\\/fraude-aux-importations-plus-dun-millier-doperateurs-demasques\\\/#webpage\"},\"isPartOf\":{\"@id\":\"https:\\\/\\\/lasentinelle.dz\\\/index.php\\\/2026\\\/09\\\/02\\\/fraude-aux-importations-plus-dun-millier-doperateurs-demasques\\\/#webpage\"},\"articleSection\":\"\\u00c0 la Une, \\u00c9conomie\"},{\"@type\":\"BreadcrumbList\",\"@id\":\"https:\\\/\\\/lasentinelle.dz\\\/index.php\\\/2026\\\/09\\\/02\\\/fraude-aux-importations-plus-dun-millier-doperateurs-demasques\\\/#breadcrumblist\",\"itemListElement\":[{\"@type\":\"ListItem\",\"@id\":\"https:\\\/\\\/lasentinelle.dz#listItem\",\"position\":1,\"name\":\"Home\",\"item\":\"https:\\\/\\\/lasentinelle.dz\",\"nextItem\":{\"@type\":\"ListItem\",\"@id\":\"https:\\\/\\\/lasentinelle.dz\\\/index.php\\\/category\\\/economie\\\/#listItem\",\"name\":\"\\u00c9conomie\"}},{\"@type\":\"ListItem\",\"@id\":\"https:\\\/\\\/lasentinelle.dz\\\/index.php\\\/category\\\/economie\\\/#listItem\",\"position\":2,\"name\":\"\\u00c9conomie\",\"item\":\"https:\\\/\\\/lasentinelle.dz\\\/index.php\\\/category\\\/economie\\\/\",\"nextItem\":{\"@type\":\"ListItem\",\"@id\":\"https:\\\/\\\/lasentinelle.dz\\\/index.php\\\/2026\\\/09\\\/02\\\/fraude-aux-importations-plus-dun-millier-doperateurs-demasques\\\/#listItem\",\"name\":\"Fraude aux importations\\u00a0: Plus d\\u2019un millier d\\u2019op\\u00e9rateurs d\\u00e9masqu\\u00e9s\\u00a0!\"},\"previousItem\":{\"@type\":\"ListItem\",\"@id\":\"https:\\\/\\\/lasentinelle.dz#listItem\",\"name\":\"Home\"}},{\"@type\":\"ListItem\",\"@id\":\"https:\\\/\\\/lasentinelle.dz\\\/index.php\\\/2026\\\/09\\\/02\\\/fraude-aux-importations-plus-dun-millier-doperateurs-demasques\\\/#listItem\",\"position\":3,\"name\":\"Fraude aux importations\\u00a0: Plus d\\u2019un millier d\\u2019op\\u00e9rateurs d\\u00e9masqu\\u00e9s\\u00a0!\",\"previousItem\":{\"@type\":\"ListItem\",\"@id\":\"https:\\\/\\\/lasentinelle.dz\\\/index.php\\\/category\\\/economie\\\/#listItem\",\"name\":\"\\u00c9conomie\"}}]},{\"@type\":\"Organization\",\"@id\":\"https:\\\/\\\/lasentinelle.dz\\\/#organization\",\"name\":\"La Sentinelle La Sentinelle\",\"description\":\"Quotidien national d'information\",\"url\":\"https:\\\/\\\/lasentinelle.dz\\\/\",\"logo\":{\"@type\":\"ImageObject\",\"url\":\"https:\\\/\\\/lasentinelle.dz\\\/wp-content\\\/uploads\\\/2021\\\/09\\\/cropped-la-sentinelle-earth-golden-anima-5.gif\",\"@id\":\"https:\\\/\\\/lasentinelle.dz\\\/index.php\\\/2026\\\/09\\\/02\\\/fraude-aux-importations-plus-dun-millier-doperateurs-demasques\\\/#organizationLogo\",\"width\":450,\"height\":213},\"image\":{\"@id\":\"https:\\\/\\\/lasentinelle.dz\\\/index.php\\\/2026\\\/09\\\/02\\\/fraude-aux-importations-plus-dun-millier-doperateurs-demasques\\\/#organizationLogo\"},\"sameAs\":[\"https:\\\/\\\/www.facebook.com\\\/azzedine.lasentinelle.1\"]},{\"@type\":\"Person\",\"@id\":\"https:\\\/\\\/lasentinelle.dz\\\/author\\\/admin\\\/#author\",\"url\":\"https:\\\/\\\/lasentinelle.dz\\\/author\\\/admin\\\/\",\"name\":\"admin\",\"image\":{\"@type\":\"ImageObject\",\"@id\":\"https:\\\/\\\/lasentinelle.dz\\\/index.php\\\/2026\\\/09\\\/02\\\/fraude-aux-importations-plus-dun-millier-doperateurs-demasques\\\/#authorImage\",\"url\":\"https:\\\/\\\/secure.gravatar.com\\\/avatar\\\/4c81fed838786e9b53f540bf46533e750f5d292099ae3b66cfc6fb1982e29df7?s=96&d=mm&r=g\",\"width\":96,\"height\":96,\"caption\":\"admin\"}},{\"@type\":\"WebPage\",\"@id\":\"https:\\\/\\\/lasentinelle.dz\\\/index.php\\\/2026\\\/09\\\/02\\\/fraude-aux-importations-plus-dun-millier-doperateurs-demasques\\\/#webpage\",\"url\":\"https:\\\/\\\/lasentinelle.dz\\\/index.php\\\/2026\\\/09\\\/02\\\/fraude-aux-importations-plus-dun-millier-doperateurs-demasques\\\/\",\"name\":\"Fraude aux importations : Plus d\\u2019un millier d\\u2019op\\u00e9rateurs d\\u00e9masqu\\u00e9s ! - La Sentinelle\",\"description\":\"Le minist\\u00e8re du Commerce ext\\u00e9rieur et de la Promotion des exportations a annonc\\u00e9 mercredi avoir d\\u00e9tect\\u00e9, via la plateforme num\\u00e9rique d\\u00e9di\\u00e9e au d\\u00e9p\\u00f4t des programmes pr\\u00e9visionnels d'importation, plusieurs cas jug\\u00e9s \\u00ab inhabituels et suspects \\u00bb touchant plus d'un millier d'op\\u00e9rateurs \\u00e9conomiques, dans le cadre du contr\\u00f4le renforc\\u00e9 exerc\\u00e9 sur les dossiers d'importation de mati\\u00e8res premi\\u00e8res\",\"inLanguage\":\"fr-FR\",\"isPartOf\":{\"@id\":\"https:\\\/\\\/lasentinelle.dz\\\/#website\"},\"breadcrumb\":{\"@id\":\"https:\\\/\\\/lasentinelle.dz\\\/index.php\\\/2026\\\/09\\\/02\\\/fraude-aux-importations-plus-dun-millier-doperateurs-demasques\\\/#breadcrumblist\"},\"author\":{\"@id\":\"https:\\\/\\\/lasentinelle.dz\\\/author\\\/admin\\\/#author\"},\"creator\":{\"@id\":\"https:\\\/\\\/lasentinelle.dz\\\/author\\\/admin\\\/#author\"},\"image\":{\"@type\":\"ImageObject\",\"url\":\"https:\\\/\\\/lasentinelle.dz\\\/wp-content\\\/uploads\\\/2026\\\/01\\\/port-scaled.jpeg\",\"@id\":\"https:\\\/\\\/lasentinelle.dz\\\/index.php\\\/2026\\\/09\\\/02\\\/fraude-aux-importations-plus-dun-millier-doperateurs-demasques\\\/#mainImage\",\"width\":2560,\"height\":1700},\"primaryImageOfPage\":{\"@id\":\"https:\\\/\\\/lasentinelle.dz\\\/index.php\\\/2026\\\/09\\\/02\\\/fraude-aux-importations-plus-dun-millier-doperateurs-demasques\\\/#mainImage\"},\"datePublished\":\"2026-09-02T20:05:59+01:00\",\"dateModified\":\"2026-09-04T20:06:55+01:00\"},{\"@type\":\"WebSite\",\"@id\":\"https:\\\/\\\/lasentinelle.dz\\\/#website\",\"url\":\"https:\\\/\\\/lasentinelle.dz\\\/\",\"name\":\"La Sentinelle\",\"description\":\"Quotidien national d'information\",\"inLanguage\":\"fr-FR\",\"publisher\":{\"@id\":\"https:\\\/\\\/lasentinelle.dz\\\/#organization\"}}]}\n\t\t<\/script>\n\t\t<!-- All in One SEO -->\n\n","aioseo_head_json":{"title":"Fraude aux importations : Plus d\u2019un millier d\u2019op\u00e9rateurs d\u00e9masqu\u00e9s ! - La Sentinelle","description":"Le minist\u00e8re du Commerce ext\u00e9rieur et de la Promotion des exportations a annonc\u00e9 mercredi avoir d\u00e9tect\u00e9, via la plateforme num\u00e9rique d\u00e9di\u00e9e au d\u00e9p\u00f4t des programmes pr\u00e9visionnels d'importation, plusieurs cas jug\u00e9s \u00ab inhabituels et suspects \u00bb touchant plus d'un millier d'op\u00e9rateurs \u00e9conomiques, dans le cadre du contr\u00f4le renforc\u00e9 exerc\u00e9 sur les dossiers d'importation de mati\u00e8res premi\u00e8res","canonical_url":"https:\/\/lasentinelle.dz\/index.php\/2026\/09\/02\/fraude-aux-importations-plus-dun-millier-doperateurs-demasques\/","robots":"max-image-preview:large","keywords":"","webmasterTools":{"miscellaneous":""},"schema":{"@context":"https:\/\/schema.org","@graph":[{"@type":"BlogPosting","@id":"https:\/\/lasentinelle.dz\/index.php\/2026\/09\/02\/fraude-aux-importations-plus-dun-millier-doperateurs-demasques\/#blogposting","name":"Fraude aux importations : Plus d\u2019un millier d\u2019op\u00e9rateurs d\u00e9masqu\u00e9s ! - La Sentinelle","headline":"Fraude aux importations\u00a0: Plus d\u2019un millier d\u2019op\u00e9rateurs d\u00e9masqu\u00e9s\u00a0!","author":{"@id":"https:\/\/lasentinelle.dz\/author\/admin\/#author"},"publisher":{"@id":"https:\/\/lasentinelle.dz\/#organization"},"image":{"@type":"ImageObject","url":"https:\/\/lasentinelle.dz\/wp-content\/uploads\/2026\/01\/port-scaled.jpeg","width":2560,"height":1700},"datePublished":"2026-09-02T20:05:59+01:00","dateModified":"2026-09-04T20:06:55+01:00","inLanguage":"fr-FR","mainEntityOfPage":{"@id":"https:\/\/lasentinelle.dz\/index.php\/2026\/09\/02\/fraude-aux-importations-plus-dun-millier-doperateurs-demasques\/#webpage"},"isPartOf":{"@id":"https:\/\/lasentinelle.dz\/index.php\/2026\/09\/02\/fraude-aux-importations-plus-dun-millier-doperateurs-demasques\/#webpage"},"articleSection":"\u00c0 la Une, \u00c9conomie"},{"@type":"BreadcrumbList","@id":"https:\/\/lasentinelle.dz\/index.php\/2026\/09\/02\/fraude-aux-importations-plus-dun-millier-doperateurs-demasques\/#breadcrumblist","itemListElement":[{"@type":"ListItem","@id":"https:\/\/lasentinelle.dz#listItem","position":1,"name":"Home","item":"https:\/\/lasentinelle.dz","nextItem":{"@type":"ListItem","@id":"https:\/\/lasentinelle.dz\/index.php\/category\/economie\/#listItem","name":"\u00c9conomie"}},{"@type":"ListItem","@id":"https:\/\/lasentinelle.dz\/index.php\/category\/economie\/#listItem","position":2,"name":"\u00c9conomie","item":"https:\/\/lasentinelle.dz\/index.php\/category\/economie\/","nextItem":{"@type":"ListItem","@id":"https:\/\/lasentinelle.dz\/index.php\/2026\/09\/02\/fraude-aux-importations-plus-dun-millier-doperateurs-demasques\/#listItem","name":"Fraude aux importations\u00a0: Plus d\u2019un millier d\u2019op\u00e9rateurs d\u00e9masqu\u00e9s\u00a0!"},"previousItem":{"@type":"ListItem","@id":"https:\/\/lasentinelle.dz#listItem","name":"Home"}},{"@type":"ListItem","@id":"https:\/\/lasentinelle.dz\/index.php\/2026\/09\/02\/fraude-aux-importations-plus-dun-millier-doperateurs-demasques\/#listItem","position":3,"name":"Fraude aux importations\u00a0: Plus d\u2019un millier d\u2019op\u00e9rateurs d\u00e9masqu\u00e9s\u00a0!","previousItem":{"@type":"ListItem","@id":"https:\/\/lasentinelle.dz\/index.php\/category\/economie\/#listItem","name":"\u00c9conomie"}}]},{"@type":"Organization","@id":"https:\/\/lasentinelle.dz\/#organization","name":"La Sentinelle La Sentinelle","description":"Quotidien national d'information","url":"https:\/\/lasentinelle.dz\/","logo":{"@type":"ImageObject","url":"https:\/\/lasentinelle.dz\/wp-content\/uploads\/2021\/09\/cropped-la-sentinelle-earth-golden-anima-5.gif","@id":"https:\/\/lasentinelle.dz\/index.php\/2026\/09\/02\/fraude-aux-importations-plus-dun-millier-doperateurs-demasques\/#organizationLogo","width":450,"height":213},"image":{"@id":"https:\/\/lasentinelle.dz\/index.php\/2026\/09\/02\/fraude-aux-importations-plus-dun-millier-doperateurs-demasques\/#organizationLogo"},"sameAs":["https:\/\/www.facebook.com\/azzedine.lasentinelle.1"]},{"@type":"Person","@id":"https:\/\/lasentinelle.dz\/author\/admin\/#author","url":"https:\/\/lasentinelle.dz\/author\/admin\/","name":"admin","image":{"@type":"ImageObject","@id":"https:\/\/lasentinelle.dz\/index.php\/2026\/09\/02\/fraude-aux-importations-plus-dun-millier-doperateurs-demasques\/#authorImage","url":"https:\/\/secure.gravatar.com\/avatar\/4c81fed838786e9b53f540bf46533e750f5d292099ae3b66cfc6fb1982e29df7?s=96&d=mm&r=g","width":96,"height":96,"caption":"admin"}},{"@type":"WebPage","@id":"https:\/\/lasentinelle.dz\/index.php\/2026\/09\/02\/fraude-aux-importations-plus-dun-millier-doperateurs-demasques\/#webpage","url":"https:\/\/lasentinelle.dz\/index.php\/2026\/09\/02\/fraude-aux-importations-plus-dun-millier-doperateurs-demasques\/","name":"Fraude aux importations : Plus d\u2019un millier d\u2019op\u00e9rateurs d\u00e9masqu\u00e9s ! - La Sentinelle","description":"Le minist\u00e8re du Commerce ext\u00e9rieur et de la Promotion des exportations a annonc\u00e9 mercredi avoir d\u00e9tect\u00e9, via la plateforme num\u00e9rique d\u00e9di\u00e9e au d\u00e9p\u00f4t des programmes pr\u00e9visionnels d'importation, plusieurs cas jug\u00e9s \u00ab inhabituels et suspects \u00bb touchant plus d'un millier d'op\u00e9rateurs \u00e9conomiques, dans le cadre du contr\u00f4le renforc\u00e9 exerc\u00e9 sur les dossiers d'importation de mati\u00e8res premi\u00e8res","inLanguage":"fr-FR","isPartOf":{"@id":"https:\/\/lasentinelle.dz\/#website"},"breadcrumb":{"@id":"https:\/\/lasentinelle.dz\/index.php\/2026\/09\/02\/fraude-aux-importations-plus-dun-millier-doperateurs-demasques\/#breadcrumblist"},"author":{"@id":"https:\/\/lasentinelle.dz\/author\/admin\/#author"},"creator":{"@id":"https:\/\/lasentinelle.dz\/author\/admin\/#author"},"image":{"@type":"ImageObject","url":"https:\/\/lasentinelle.dz\/wp-content\/uploads\/2026\/01\/port-scaled.jpeg","@id":"https:\/\/lasentinelle.dz\/index.php\/2026\/09\/02\/fraude-aux-importations-plus-dun-millier-doperateurs-demasques\/#mainImage","width":2560,"height":1700},"primaryImageOfPage":{"@id":"https:\/\/lasentinelle.dz\/index.php\/2026\/09\/02\/fraude-aux-importations-plus-dun-millier-doperateurs-demasques\/#mainImage"},"datePublished":"2026-09-02T20:05:59+01:00","dateModified":"2026-09-04T20:06:55+01:00"},{"@type":"WebSite","@id":"https:\/\/lasentinelle.dz\/#website","url":"https:\/\/lasentinelle.dz\/","name":"La Sentinelle","description":"Quotidien national d'information","inLanguage":"fr-FR","publisher":{"@id":"https:\/\/lasentinelle.dz\/#organization"}}]},"og:locale":"fr_FR","og:site_name":"La Sentinelle - Quotidien national d'information","og:type":"article","og:title":"Fraude aux importations : Plus d\u2019un millier d\u2019op\u00e9rateurs d\u00e9masqu\u00e9s ! - La Sentinelle","og:description":"Le minist\u00e8re du Commerce ext\u00e9rieur et de la Promotion des exportations a annonc\u00e9 mercredi avoir d\u00e9tect\u00e9, via la plateforme num\u00e9rique d\u00e9di\u00e9e au d\u00e9p\u00f4t des programmes pr\u00e9visionnels d'importation, plusieurs cas jug\u00e9s \u00ab inhabituels et suspects \u00bb touchant plus d'un millier d'op\u00e9rateurs \u00e9conomiques, dans le cadre du contr\u00f4le renforc\u00e9 exerc\u00e9 sur les dossiers d'importation de mati\u00e8res premi\u00e8res","og:url":"https:\/\/lasentinelle.dz\/index.php\/2026\/09\/02\/fraude-aux-importations-plus-dun-millier-doperateurs-demasques\/","og:image":"https:\/\/lasentinelle.dz\/wp-content\/uploads\/2021\/09\/cropped-la-sentinelle-earth-golden-anima-5.gif","og:image:secure_url":"https:\/\/lasentinelle.dz\/wp-content\/uploads\/2021\/09\/cropped-la-sentinelle-earth-golden-anima-5.gif","og:image:width":450,"og:image:height":213,"article:published_time":"2026-09-02T19:05:59+00:00","article:modified_time":"2026-09-04T19:06:55+00:00","article:publisher":"https:\/\/www.facebook.com\/azzedine.lasentinelle.1","twitter:card":"summary_large_image","twitter:title":"Fraude aux importations : Plus d\u2019un millier d\u2019op\u00e9rateurs d\u00e9masqu\u00e9s ! - La Sentinelle","twitter:description":"Le minist\u00e8re du Commerce ext\u00e9rieur et de la Promotion des exportations a annonc\u00e9 mercredi avoir d\u00e9tect\u00e9, via la plateforme num\u00e9rique d\u00e9di\u00e9e au d\u00e9p\u00f4t des programmes pr\u00e9visionnels d'importation, plusieurs cas jug\u00e9s \u00ab inhabituels et suspects \u00bb touchant plus d'un millier d'op\u00e9rateurs \u00e9conomiques, dans le cadre du contr\u00f4le renforc\u00e9 exerc\u00e9 sur les dossiers d'importation de mati\u00e8res premi\u00e8res","twitter:image":"https:\/\/lasentinelle.dz\/wp-content\/uploads\/2021\/09\/cropped-la-sentinelle-earth-golden-anima-5.gif"},"aioseo_meta_data":{"post_id":"94951","title":null,"description":null,"keywords":null,"keyphrases":{"focus":{"keyphrase":"","score":0,"analysis":{"keyphraseInTitle":{"score":0,"maxScore":9,"error":1}}},"additional":[]},"primary_term":null,"canonical_url":null,"og_title":null,"og_description":null,"og_object_type":"default","og_image_type":"default","og_image_url":null,"og_image_width":null,"og_image_height":null,"og_image_custom_url":null,"og_image_custom_fields":null,"og_video":"","og_custom_url":null,"og_article_section":null,"og_article_tags":null,"twitter_use_og":false,"twitter_card":"default","twitter_image_type":"default","twitter_image_url":null,"twitter_image_custom_url":null,"twitter_image_custom_fields":null,"twitter_title":null,"twitter_description":null,"schema":{"blockGraphs":[],"customGraphs":[],"default":{"data":{"Article":[],"Course":[],"Dataset":[],"FAQPage":[],"Movie":[],"Person":[],"Product":[],"ProductReview":[],"Car":[],"Recipe":[],"Service":[],"SoftwareApplication":[],"WebPage":[]},"graphName":"BlogPosting","isEnabled":true},"graphs":[]},"schema_type":"default","schema_type_options":null,"pillar_content":false,"robots_default":true,"robots_noindex":false,"robots_noarchive":false,"robots_nosnippet":false,"robots_nofollow":false,"robots_noimageindex":false,"robots_noodp":false,"robots_notranslate":false,"robots_max_snippet":"-1","robots_max_videopreview":"-1","robots_max_imagepreview":"large","priority":null,"frequency":"default","local_seo":null,"breadcrumb_settings":null,"limit_modified_date":false,"ai":{"faqs":[],"keyPoints":[],"schemas":[],"titles":[],"descriptions":[],"socialPosts":{"email":{"subject":"","preview":"","content":""},"linkedin":[],"twitter":[],"facebook":[],"instagram":[]}},"created":"2026-09-04 19:06:56","updated":"2026-09-04 19:08:30","focus_keyword":null,"additional_keywords":null,"truseo_locale":null,"seo_analyzer_scan_date":null},"aioseo_breadcrumb":"<div class=\"aioseo-breadcrumbs\"><span class=\"aioseo-breadcrumb\">\n\t\t\t<a href=\"https:\/\/lasentinelle.dz\" title=\"Home\">Home<\/a>\n\t\t<\/span><span class=\"aioseo-breadcrumb-separator\">&raquo;<\/span><span class=\"aioseo-breadcrumb\">\n\t\t\t<a href=\"https:\/\/lasentinelle.dz\/index.php\/category\/economie\/\" title=\"\u00c9conomie\">\u00c9conomie<\/a>\n\t\t<\/span><span class=\"aioseo-breadcrumb-separator\">&raquo;<\/span><span class=\"aioseo-breadcrumb\">\n\t\t\tFraude aux importations : Plus d\u2019un millier d\u2019op\u00e9rateurs d\u00e9masqu\u00e9s !\n\t\t<\/span><\/div>","aioseo_breadcrumb_json":[{"label":"Home","link":"https:\/\/lasentinelle.dz"},{"label":"\u00c9conomie","link":"https:\/\/lasentinelle.dz\/index.php\/category\/economie\/"},{"label":"Fraude aux importations\u00a0: Plus d\u2019un millier d\u2019op\u00e9rateurs d\u00e9masqu\u00e9s\u00a0!","link":"https:\/\/lasentinelle.dz\/index.php\/2026\/09\/02\/fraude-aux-importations-plus-dun-millier-doperateurs-demasques\/"}],"yoast_head":"<!-- This site is optimized with the Yoast SEO plugin v28.4 - https:\/\/yoast.com\/product\/yoast-seo-wordpress\/ -->\n<title>Fraude aux importations\u00a0: Plus d\u2019un millier d\u2019op\u00e9rateurs d\u00e9masqu\u00e9s\u00a0! - La Sentinelle<\/title>\n<meta name=\"robots\" content=\"index, follow, max-snippet:-1, max-image-preview:large, max-video-preview:-1\" \/>\n<link rel=\"canonical\" href=\"https:\/\/lasentinelle.dz\/index.php\/2026\/09\/02\/fraude-aux-importations-plus-dun-millier-doperateurs-demasques\/\" \/>\n<meta property=\"og:locale\" content=\"fr_FR\" \/>\n<meta property=\"og:type\" content=\"article\" \/>\n<meta property=\"og:title\" content=\"Fraude aux importations\u00a0: Plus d\u2019un millier d\u2019op\u00e9rateurs d\u00e9masqu\u00e9s\u00a0! - La Sentinelle\" \/>\n<meta property=\"og:description\" content=\"Le minist\u00e8re du Commerce ext\u00e9rieur et de la Promotion des exportations a annonc\u00e9 mercredi avoir d\u00e9tect\u00e9, via la plateforme num\u00e9rique\" \/>\n<meta property=\"og:url\" content=\"https:\/\/lasentinelle.dz\/index.php\/2026\/09\/02\/fraude-aux-importations-plus-dun-millier-doperateurs-demasques\/\" \/>\n<meta property=\"og:site_name\" content=\"La Sentinelle\" \/>\n<meta property=\"article:publisher\" content=\"https:\/\/www.facebook.com\/La-Sentinelle-104059864394773\" \/>\n<meta property=\"article:published_time\" content=\"2026-09-02T19:05:59+00:00\" \/>\n<meta property=\"article:modified_time\" content=\"2026-09-04T19:06:55+00:00\" \/>\n<meta property=\"og:image\" content=\"https:\/\/lasentinelle.dz\/wp-content\/uploads\/2026\/01\/port-scaled.jpeg\" \/>\n\t<meta property=\"og:image:width\" content=\"2560\" \/>\n\t<meta property=\"og:image:height\" content=\"1700\" \/>\n\t<meta property=\"og:image:type\" content=\"image\/jpeg\" \/>\n<meta name=\"author\" content=\"admin\" \/>\n<meta name=\"twitter:card\" content=\"summary_large_image\" \/>\n<meta name=\"twitter:label1\" content=\"\u00c9crit par\" \/>\n\t<meta name=\"twitter:data1\" content=\"admin\" \/>\n\t<meta name=\"twitter:label2\" content=\"Dur\u00e9e de lecture estim\u00e9e\" \/>\n\t<meta name=\"twitter:data2\" content=\"4 minutes\" \/>\n<script type=\"application\/ld+json\" class=\"yoast-schema-graph\">{\"@context\":\"https:\\\/\\\/schema.org\",\"@graph\":[{\"@type\":\"Article\",\"@id\":\"https:\\\/\\\/lasentinelle.dz\\\/index.php\\\/2026\\\/09\\\/02\\\/fraude-aux-importations-plus-dun-millier-doperateurs-demasques\\\/#article\",\"isPartOf\":{\"@id\":\"https:\\\/\\\/lasentinelle.dz\\\/index.php\\\/2026\\\/09\\\/02\\\/fraude-aux-importations-plus-dun-millier-doperateurs-demasques\\\/\"},\"author\":{\"name\":\"admin\",\"@id\":\"https:\\\/\\\/lasentinelle.dz\\\/#\\\/schema\\\/person\\\/729ee0024f24e0b8c5ec17232f8e8b41\"},\"headline\":\"Fraude aux importations\u00a0: Plus d\u2019un millier d\u2019op\u00e9rateurs d\u00e9masqu\u00e9s\u00a0!\",\"datePublished\":\"2026-09-02T19:05:59+00:00\",\"dateModified\":\"2026-09-04T19:06:55+00:00\",\"mainEntityOfPage\":{\"@id\":\"https:\\\/\\\/lasentinelle.dz\\\/index.php\\\/2026\\\/09\\\/02\\\/fraude-aux-importations-plus-dun-millier-doperateurs-demasques\\\/\"},\"wordCount\":826,\"commentCount\":0,\"publisher\":{\"@id\":\"https:\\\/\\\/lasentinelle.dz\\\/#organization\"},\"image\":{\"@id\":\"https:\\\/\\\/lasentinelle.dz\\\/index.php\\\/2026\\\/09\\\/02\\\/fraude-aux-importations-plus-dun-millier-doperateurs-demasques\\\/#primaryimage\"},\"thumbnailUrl\":\"https:\\\/\\\/lasentinelle.dz\\\/wp-content\\\/uploads\\\/2026\\\/01\\\/port-scaled.jpeg\",\"articleSection\":[\"\u00c0 la Une\",\"\u00c9conomie\"],\"inLanguage\":\"fr-FR\",\"potentialAction\":[{\"@type\":\"CommentAction\",\"name\":\"Comment\",\"target\":[\"https:\\\/\\\/lasentinelle.dz\\\/index.php\\\/2026\\\/09\\\/02\\\/fraude-aux-importations-plus-dun-millier-doperateurs-demasques\\\/#respond\"]}]},{\"@type\":\"WebPage\",\"@id\":\"https:\\\/\\\/lasentinelle.dz\\\/index.php\\\/2026\\\/09\\\/02\\\/fraude-aux-importations-plus-dun-millier-doperateurs-demasques\\\/\",\"url\":\"https:\\\/\\\/lasentinelle.dz\\\/index.php\\\/2026\\\/09\\\/02\\\/fraude-aux-importations-plus-dun-millier-doperateurs-demasques\\\/\",\"name\":\"Fraude aux importations\u00a0: Plus d\u2019un millier d\u2019op\u00e9rateurs d\u00e9masqu\u00e9s\u00a0! - La Sentinelle\",\"isPartOf\":{\"@id\":\"https:\\\/\\\/lasentinelle.dz\\\/#website\"},\"primaryImageOfPage\":{\"@id\":\"https:\\\/\\\/lasentinelle.dz\\\/index.php\\\/2026\\\/09\\\/02\\\/fraude-aux-importations-plus-dun-millier-doperateurs-demasques\\\/#primaryimage\"},\"image\":{\"@id\":\"https:\\\/\\\/lasentinelle.dz\\\/index.php\\\/2026\\\/09\\\/02\\\/fraude-aux-importations-plus-dun-millier-doperateurs-demasques\\\/#primaryimage\"},\"thumbnailUrl\":\"https:\\\/\\\/lasentinelle.dz\\\/wp-content\\\/uploads\\\/2026\\\/01\\\/port-scaled.jpeg\",\"datePublished\":\"2026-09-02T19:05:59+00:00\",\"dateModified\":\"2026-09-04T19:06:55+00:00\",\"breadcrumb\":{\"@id\":\"https:\\\/\\\/lasentinelle.dz\\\/index.php\\\/2026\\\/09\\\/02\\\/fraude-aux-importations-plus-dun-millier-doperateurs-demasques\\\/#breadcrumb\"},\"inLanguage\":\"fr-FR\",\"potentialAction\":[{\"@type\":\"ReadAction\",\"target\":[\"https:\\\/\\\/lasentinelle.dz\\\/index.php\\\/2026\\\/09\\\/02\\\/fraude-aux-importations-plus-dun-millier-doperateurs-demasques\\\/\"]}]},{\"@type\":\"ImageObject\",\"inLanguage\":\"fr-FR\",\"@id\":\"https:\\\/\\\/lasentinelle.dz\\\/index.php\\\/2026\\\/09\\\/02\\\/fraude-aux-importations-plus-dun-millier-doperateurs-demasques\\\/#primaryimage\",\"url\":\"https:\\\/\\\/lasentinelle.dz\\\/wp-content\\\/uploads\\\/2026\\\/01\\\/port-scaled.jpeg\",\"contentUrl\":\"https:\\\/\\\/lasentinelle.dz\\\/wp-content\\\/uploads\\\/2026\\\/01\\\/port-scaled.jpeg\",\"width\":2560,\"height\":1700},{\"@type\":\"BreadcrumbList\",\"@id\":\"https:\\\/\\\/lasentinelle.dz\\\/index.php\\\/2026\\\/09\\\/02\\\/fraude-aux-importations-plus-dun-millier-doperateurs-demasques\\\/#breadcrumb\",\"itemListElement\":[{\"@type\":\"ListItem\",\"position\":1,\"name\":\"Accueil\",\"item\":\"https:\\\/\\\/lasentinelle.dz\\\/\"},{\"@type\":\"ListItem\",\"position\":2,\"name\":\"Fraude aux importations\u00a0: Plus d\u2019un millier d\u2019op\u00e9rateurs d\u00e9masqu\u00e9s\u00a0!\"}]},{\"@type\":\"WebSite\",\"@id\":\"https:\\\/\\\/lasentinelle.dz\\\/#website\",\"url\":\"https:\\\/\\\/lasentinelle.dz\\\/\",\"name\":\"La Sentinelle\",\"description\":\"Quotidien national d&#039;information\",\"publisher\":{\"@id\":\"https:\\\/\\\/lasentinelle.dz\\\/#organization\"},\"potentialAction\":[{\"@type\":\"SearchAction\",\"target\":{\"@type\":\"EntryPoint\",\"urlTemplate\":\"https:\\\/\\\/lasentinelle.dz\\\/?s={search_term_string}\"},\"query-input\":{\"@type\":\"PropertyValueSpecification\",\"valueRequired\":true,\"valueName\":\"search_term_string\"}}],\"inLanguage\":\"fr-FR\"},{\"@type\":\"Organization\",\"@id\":\"https:\\\/\\\/lasentinelle.dz\\\/#organization\",\"name\":\"Quotidien La Sentinelle\",\"url\":\"https:\\\/\\\/lasentinelle.dz\\\/\",\"logo\":{\"@type\":\"ImageObject\",\"inLanguage\":\"fr-FR\",\"@id\":\"https:\\\/\\\/lasentinelle.dz\\\/#\\\/schema\\\/logo\\\/image\\\/\",\"url\":\"https:\\\/\\\/lasentinelle.dz\\\/wp-content\\\/uploads\\\/2021\\\/09\\\/logo-sentinelleSLOGAN-1.png\",\"contentUrl\":\"https:\\\/\\\/lasentinelle.dz\\\/wp-content\\\/uploads\\\/2021\\\/09\\\/logo-sentinelleSLOGAN-1.png\",\"width\":615,\"height\":142,\"caption\":\"Quotidien La Sentinelle\"},\"image\":{\"@id\":\"https:\\\/\\\/lasentinelle.dz\\\/#\\\/schema\\\/logo\\\/image\\\/\"},\"sameAs\":[\"https:\\\/\\\/www.facebook.com\\\/La-Sentinelle-104059864394773\"]},{\"@type\":\"Person\",\"@id\":\"https:\\\/\\\/lasentinelle.dz\\\/#\\\/schema\\\/person\\\/729ee0024f24e0b8c5ec17232f8e8b41\",\"name\":\"admin\",\"image\":{\"@type\":\"ImageObject\",\"inLanguage\":\"fr-FR\",\"@id\":\"https:\\\/\\\/secure.gravatar.com\\\/avatar\\\/4c81fed838786e9b53f540bf46533e750f5d292099ae3b66cfc6fb1982e29df7?s=96&d=mm&r=g\",\"url\":\"https:\\\/\\\/secure.gravatar.com\\\/avatar\\\/4c81fed838786e9b53f540bf46533e750f5d292099ae3b66cfc6fb1982e29df7?s=96&d=mm&r=g\",\"contentUrl\":\"https:\\\/\\\/secure.gravatar.com\\\/avatar\\\/4c81fed838786e9b53f540bf46533e750f5d292099ae3b66cfc6fb1982e29df7?s=96&d=mm&r=g\",\"caption\":\"admin\"},\"description\":\"admin\",\"url\":\"https:\\\/\\\/lasentinelle.dz\\\/author\\\/admin\\\/\"}]}<\/script>\n<!-- \/ Yoast SEO plugin. -->","yoast_head_json":{"title":"Fraude aux importations\u00a0: Plus d\u2019un millier d\u2019op\u00e9rateurs d\u00e9masqu\u00e9s\u00a0! - La Sentinelle","robots":{"index":"index","follow":"follow","max-snippet":"max-snippet:-1","max-image-preview":"max-image-preview:large","max-video-preview":"max-video-preview:-1"},"canonical":"https:\/\/lasentinelle.dz\/index.php\/2026\/09\/02\/fraude-aux-importations-plus-dun-millier-doperateurs-demasques\/","og_locale":"fr_FR","og_type":"article","og_title":"Fraude aux importations\u00a0: Plus d\u2019un millier d\u2019op\u00e9rateurs d\u00e9masqu\u00e9s\u00a0! - La Sentinelle","og_description":"Le minist\u00e8re du Commerce ext\u00e9rieur et de la Promotion des exportations a annonc\u00e9 mercredi avoir d\u00e9tect\u00e9, via la plateforme num\u00e9rique","og_url":"https:\/\/lasentinelle.dz\/index.php\/2026\/09\/02\/fraude-aux-importations-plus-dun-millier-doperateurs-demasques\/","og_site_name":"La Sentinelle","article_publisher":"https:\/\/www.facebook.com\/La-Sentinelle-104059864394773","article_published_time":"2026-09-02T19:05:59+00:00","article_modified_time":"2026-09-04T19:06:55+00:00","og_image":[{"width":2560,"height":1700,"url":"https:\/\/lasentinelle.dz\/wp-content\/uploads\/2026\/01\/port-scaled.jpeg","type":"image\/jpeg"}],"author":"admin","twitter_card":"summary_large_image","twitter_misc":{"\u00c9crit par":"admin","Dur\u00e9e de lecture estim\u00e9e":"4 minutes"},"schema":{"@context":"https:\/\/schema.org","@graph":[{"@type":"Article","@id":"https:\/\/lasentinelle.dz\/index.php\/2026\/09\/02\/fraude-aux-importations-plus-dun-millier-doperateurs-demasques\/#article","isPartOf":{"@id":"https:\/\/lasentinelle.dz\/index.php\/2026\/09\/02\/fraude-aux-importations-plus-dun-millier-doperateurs-demasques\/"},"author":{"name":"admin","@id":"https:\/\/lasentinelle.dz\/#\/schema\/person\/729ee0024f24e0b8c5ec17232f8e8b41"},"headline":"Fraude aux importations\u00a0: Plus d\u2019un millier d\u2019op\u00e9rateurs d\u00e9masqu\u00e9s\u00a0!","datePublished":"2026-09-02T19:05:59+00:00","dateModified":"2026-09-04T19:06:55+00:00","mainEntityOfPage":{"@id":"https:\/\/lasentinelle.dz\/index.php\/2026\/09\/02\/fraude-aux-importations-plus-dun-millier-doperateurs-demasques\/"},"wordCount":826,"commentCount":0,"publisher":{"@id":"https:\/\/lasentinelle.dz\/#organization"},"image":{"@id":"https:\/\/lasentinelle.dz\/index.php\/2026\/09\/02\/fraude-aux-importations-plus-dun-millier-doperateurs-demasques\/#primaryimage"},"thumbnailUrl":"https:\/\/lasentinelle.dz\/wp-content\/uploads\/2026\/01\/port-scaled.jpeg","articleSection":["\u00c0 la Une","\u00c9conomie"],"inLanguage":"fr-FR","potentialAction":[{"@type":"CommentAction","name":"Comment","target":["https:\/\/lasentinelle.dz\/index.php\/2026\/09\/02\/fraude-aux-importations-plus-dun-millier-doperateurs-demasques\/#respond"]}]},{"@type":"WebPage","@id":"https:\/\/lasentinelle.dz\/index.php\/2026\/09\/02\/fraude-aux-importations-plus-dun-millier-doperateurs-demasques\/","url":"https:\/\/lasentinelle.dz\/index.php\/2026\/09\/02\/fraude-aux-importations-plus-dun-millier-doperateurs-demasques\/","name":"Fraude aux importations\u00a0: Plus d\u2019un millier d\u2019op\u00e9rateurs d\u00e9masqu\u00e9s\u00a0! - La Sentinelle","isPartOf":{"@id":"https:\/\/lasentinelle.dz\/#website"},"primaryImageOfPage":{"@id":"https:\/\/lasentinelle.dz\/index.php\/2026\/09\/02\/fraude-aux-importations-plus-dun-millier-doperateurs-demasques\/#primaryimage"},"image":{"@id":"https:\/\/lasentinelle.dz\/index.php\/2026\/09\/02\/fraude-aux-importations-plus-dun-millier-doperateurs-demasques\/#primaryimage"},"thumbnailUrl":"https:\/\/lasentinelle.dz\/wp-content\/uploads\/2026\/01\/port-scaled.jpeg","datePublished":"2026-09-02T19:05:59+00:00","dateModified":"2026-09-04T19:06:55+00:00","breadcrumb":{"@id":"https:\/\/lasentinelle.dz\/index.php\/2026\/09\/02\/fraude-aux-importations-plus-dun-millier-doperateurs-demasques\/#breadcrumb"},"inLanguage":"fr-FR","potentialAction":[{"@type":"ReadAction","target":["https:\/\/lasentinelle.dz\/index.php\/2026\/09\/02\/fraude-aux-importations-plus-dun-millier-doperateurs-demasques\/"]}]},{"@type":"ImageObject","inLanguage":"fr-FR","@id":"https:\/\/lasentinelle.dz\/index.php\/2026\/09\/02\/fraude-aux-importations-plus-dun-millier-doperateurs-demasques\/#primaryimage","url":"https:\/\/lasentinelle.dz\/wp-content\/uploads\/2026\/01\/port-scaled.jpeg","contentUrl":"https:\/\/lasentinelle.dz\/wp-content\/uploads\/2026\/01\/port-scaled.jpeg","width":2560,"height":1700},{"@type":"BreadcrumbList","@id":"https:\/\/lasentinelle.dz\/index.php\/2026\/09\/02\/fraude-aux-importations-plus-dun-millier-doperateurs-demasques\/#breadcrumb","itemListElement":[{"@type":"ListItem","position":1,"name":"Accueil","item":"https:\/\/lasentinelle.dz\/"},{"@type":"ListItem","position":2,"name":"Fraude aux importations\u00a0: Plus d\u2019un millier d\u2019op\u00e9rateurs d\u00e9masqu\u00e9s\u00a0!"}]},{"@type":"WebSite","@id":"https:\/\/lasentinelle.dz\/#website","url":"https:\/\/lasentinelle.dz\/","name":"La Sentinelle","description":"Quotidien national d&#039;information","publisher":{"@id":"https:\/\/lasentinelle.dz\/#organization"},"potentialAction":[{"@type":"SearchAction","target":{"@type":"EntryPoint","urlTemplate":"https:\/\/lasentinelle.dz\/?s={search_term_string}"},"query-input":{"@type":"PropertyValueSpecification","valueRequired":true,"valueName":"search_term_string"}}],"inLanguage":"fr-FR"},{"@type":"Organization","@id":"https:\/\/lasentinelle.dz\/#organization","name":"Quotidien La Sentinelle","url":"https:\/\/lasentinelle.dz\/","logo":{"@type":"ImageObject","inLanguage":"fr-FR","@id":"https:\/\/lasentinelle.dz\/#\/schema\/logo\/image\/","url":"https:\/\/lasentinelle.dz\/wp-content\/uploads\/2021\/09\/logo-sentinelleSLOGAN-1.png","contentUrl":"https:\/\/lasentinelle.dz\/wp-content\/uploads\/2021\/09\/logo-sentinelleSLOGAN-1.png","width":615,"height":142,"caption":"Quotidien La Sentinelle"},"image":{"@id":"https:\/\/lasentinelle.dz\/#\/schema\/logo\/image\/"},"sameAs":["https:\/\/www.facebook.com\/La-Sentinelle-104059864394773"]},{"@type":"Person","@id":"https:\/\/lasentinelle.dz\/#\/schema\/person\/729ee0024f24e0b8c5ec17232f8e8b41","name":"admin","image":{"@type":"ImageObject","inLanguage":"fr-FR","@id":"https:\/\/secure.gravatar.com\/avatar\/4c81fed838786e9b53f540bf46533e750f5d292099ae3b66cfc6fb1982e29df7?s=96&d=mm&r=g","url":"https:\/\/secure.gravatar.com\/avatar\/4c81fed838786e9b53f540bf46533e750f5d292099ae3b66cfc6fb1982e29df7?s=96&d=mm&r=g","contentUrl":"https:\/\/secure.gravatar.com\/avatar\/4c81fed838786e9b53f540bf46533e750f5d292099ae3b66cfc6fb1982e29df7?s=96&d=mm&r=g","caption":"admin"},"description":"admin","url":"https:\/\/lasentinelle.dz\/author\/admin\/"}]}},"_links":{"self":[{"href":"https:\/\/lasentinelle.dz\/index.php\/wp-json\/wp\/v2\/posts\/94951","targetHints":{"allow":["GET"]}}],"collection":[{"href":"https:\/\/lasentinelle.dz\/index.php\/wp-json\/wp\/v2\/posts"}],"about":[{"href":"https:\/\/lasentinelle.dz\/index.php\/wp-json\/wp\/v2\/types\/post"}],"author":[{"embeddable":true,"href":"https:\/\/lasentinelle.dz\/index.php\/wp-json\/wp\/v2\/users\/6"}],"replies":[{"embeddable":true,"href":"https:\/\/lasentinelle.dz\/index.php\/wp-json\/wp\/v2\/comments?post=94951"}],"version-history":[{"count":1,"href":"https:\/\/lasentinelle.dz\/index.php\/wp-json\/wp\/v2\/posts\/94951\/revisions"}],"predecessor-version":[{"id":94952,"href":"https:\/\/lasentinelle.dz\/index.php\/wp-json\/wp\/v2\/posts\/94951\/revisions\/94952"}],"wp:featuredmedia":[{"embeddable":true,"href":"https:\/\/lasentinelle.dz\/index.php\/wp-json\/wp\/v2\/media\/79321"}],"wp:attachment":[{"href":"https:\/\/lasentinelle.dz\/index.php\/wp-json\/wp\/v2\/media?parent=94951"}],"wp:term":[{"taxonomy":"category","embeddable":true,"href":"https:\/\/lasentinelle.dz\/index.php\/wp-json\/wp\/v2\/categories?post=94951"},{"taxonomy":"post_tag","embeddable":true,"href":"https:\/\/lasentinelle.dz\/index.php\/wp-json\/wp\/v2\/tags?post=94951"}],"curies":[{"name":"wp","href":"https:\/\/api.w.org\/{rel}","templated":true}]}}