{"id":94953,"date":"2026-09-02T20:07:57","date_gmt":"2026-09-02T19:07:57","guid":{"rendered":"https:\/\/lasentinelle.dz\/?p=94953"},"modified":"2026-09-04T20:09:43","modified_gmt":"2026-09-04T19:09:43","slug":"khaldi-hattab-et-bouslimani-de-retour-aux-affaires-les-nouveaux-ministres-affichent-leurs-ambitions","status":"publish","type":"post","link":"https:\/\/lasentinelle.dz\/index.php\/2026\/09\/02\/khaldi-hattab-et-bouslimani-de-retour-aux-affaires-les-nouveaux-ministres-affichent-leurs-ambitions\/","title":{"rendered":"Khaldi, Hattab et Bouslimani de retour aux affaires\u00a0: Les nouveaux ministres affichent leurs ambitions"},"content":{"rendered":"\n<p class=\"wp-block-paragraph\">Sid Ali Khaldi, Mohamed Hattab et Mohamed Bouslimani ont pris leurs fonctions mercredi respectivement \u00e0 la t\u00eate de l&rsquo;Agriculture, du D\u00e9veloppement rural et de la P\u00eache, du Travail, de l&rsquo;Emploi et de la S\u00e9curit\u00e9 sociale, et de la Communication, dans le cadre du remaniement minist\u00e9riel partiel op\u00e9r\u00e9 la veille par le pr\u00e9sident de la R\u00e9publique, Abdelmadjid Tebboune, qui a \u00e9galement port\u00e9 le gouverneur de la Banque d&rsquo;Alg\u00e9rie Mohammed Lamine Lebbou aux Finances. \u00c0 l&rsquo;Agriculture, Sid Ali Khaldi succ\u00e8de \u00e0 Yacine El-Mahdi Oualid, fragilis\u00e9 par un scandale entourant l&rsquo;op\u00e9ration d&rsquo;importation de moutons destin\u00e9e \u00e0 l&rsquo;A\u00efd al-Adha, un dossier qui serait toujours entre les mains de la justice. Dipl\u00f4m\u00e9 de l&rsquo;\u00c9cole nationale d&rsquo;administration et ancien ministre de la Jeunesse et des Sports entre 2020 et 2021, le nouveau ministre a dit sa fiert\u00e9 de \u00ab\u00a0diriger un secteur strat\u00e9gique qui constitue un levier vital de la souverainet\u00e9 \u00e9conomique et de la s\u00e9curit\u00e9 alimentaire nationale\u00a0\u00bb. Il h\u00e9rite d&rsquo;un chantier vaste avec l\u2019imp\u00e9ratif de renforcer la contribution du secteur au produit national brut, r\u00e9duire la facture des importations agricoles, moderniser le syst\u00e8me national des donn\u00e9es et statistiques, et composer avec les effets du changement climatique sur des ressources naturelles d\u00e9j\u00e0 sous pression, autant d&rsquo;axes qu&rsquo;il a lui-m\u00eame \u00e9num\u00e9r\u00e9s lors de la c\u00e9r\u00e9monie de passation.<\/p>\n\n\n\n<p class=\"wp-block-paragraph\">Au Travail, \u00e0 l&rsquo;Emploi et \u00e0 la S\u00e9curit\u00e9 sociale, Mohamed Hattab prend la rel\u00e8ve d&rsquo;Abdelhak Sa\u00efhi, dont le passage, entam\u00e9 en septembre 2025, avait \u00e9t\u00e9 marqu\u00e9 par des chantiers de modernisation administrative et de num\u00e9risation des prestations sociales rest\u00e9s \u00e0 des degr\u00e9s d&rsquo;avancement divers. M\u00e9diateur de la R\u00e9publique depuis avril dernier et ancien ministre de la Jeunesse et des Sports entre 2018 et 2019, M. Hattab a promis de d\u00e9velopper les politiques d&#8217;emploi et de protection sociale tout en rapprochant l&rsquo;administration des citoyens, appelant les cadres du secteur \u00e0 consolider les acquis avec \u00ab\u00a0\u00e9quit\u00e9 et solidarit\u00e9\u00a0\u00bb.<\/p>\n\n\n\n<p class=\"wp-block-paragraph\">\u00c0 la Communication enfin, Mohamed Bouslimani retrouve un portefeuille qu&rsquo;il avait d\u00e9j\u00e0 dirig\u00e9 entre novembre 2021 et juin 2023. Il remplace Zoheir Bouamama, dont le passage n&rsquo;aura pas atteint un an. M. Bouslimani a insist\u00e9 sur le caract\u00e8re \u00ab\u00a0sensible et strat\u00e9gique\u00a0\u00bb du secteur de l&rsquo;information, affichant son soutien au travail de terrain des journalistes et sa volont\u00e9 de d\u00e9velopper la communication institutionnelle. Il retrouve \u00e9galement un dossier rest\u00e9 en suspens sous ses pr\u00e9d\u00e9cesseurs, celui du Fonds d&rsquo;aide \u00e0 la presse annonc\u00e9 de longue date mais toujours pas concr\u00e9tis\u00e9.<\/p>\n\n\n\n<p class=\"wp-block-paragraph\">Chokri Hafed<\/p>\n","protected":false},"excerpt":{"rendered":"<p>Sid Ali Khaldi, Mohamed Hattab et Mohamed Bouslimani ont pris leurs fonctions mercredi respectivement \u00e0 la t\u00eate de l&rsquo;Agriculture, du<\/p>\n","protected":false},"author":6,"featured_media":94954,"comment_status":"open","ping_status":"closed","sticky":false,"template":"","format":"standard","meta":{"colormag_page_container_layout":"default_layout","colormag_page_sidebar_layout":"default_layout","om_disable_all_campaigns":false,"_monsterinsights_skip_tracking":false,"footnotes":"","_wpscppro_dont_share_socialmedia":false,"_wpscppro_custom_social_share_image":0,"_facebook_share_type":"default","_twitter_share_type":"default","_linkedin_share_type":"default","_pinterest_share_type":"default","_linkedin_share_type_page":"","_instagram_share_type":"default","_medium_share_type":"default","_threads_share_type":"default","_google_business_share_type":"default","_bluesky_share_type":"default","_mastodon_share_type":"default","_selected_social_profile":[],"_wpsp_enable_custom_social_template":false,"_wpsp_social_scheduling":{"enabled":false,"datetime":null,"platforms":[],"status":"template_only","dateOption":"today","timeOption":"now","customDays":"","customHours":"","customDate":"","customTime":"","schedulingType":"absolute"},"_wpsp_active_default_template":true},"categories":[27],"tags":[],"class_list":["post-94953","post","type-post","status-publish","format-standard","has-post-thumbnail","hentry","category-actualite"],"aioseo_notices":[],"aioseo_head":"\n\t\t<!-- All in One SEO 5.0.0.1 - aioseo.com -->\n\t<meta name=\"description\" content=\"Sid Ali Khaldi, Mohamed Hattab et Mohamed Bouslimani ont pris leurs fonctions mercredi respectivement \u00e0 la t\u00eate de l&#039;Agriculture, du D\u00e9veloppement rural et de la P\u00eache, du Travail, de l&#039;Emploi et de la S\u00e9curit\u00e9 sociale, et de la Communication, dans le cadre du remaniement minist\u00e9riel partiel op\u00e9r\u00e9 la veille par le pr\u00e9sident de la R\u00e9publique,\" \/>\n\t<meta name=\"robots\" content=\"max-image-preview:large\" \/>\n\t<meta name=\"author\" content=\"admin\"\/>\n\t<link rel=\"canonical\" href=\"https:\/\/lasentinelle.dz\/index.php\/2026\/09\/02\/khaldi-hattab-et-bouslimani-de-retour-aux-affaires-les-nouveaux-ministres-affichent-leurs-ambitions\/\" \/>\n\t<meta name=\"generator\" content=\"All in One SEO (AIOSEO) 5.0.0.1\" \/>\n\t\t<meta property=\"og:locale\" content=\"fr_FR\" \/>\n\t\t<meta property=\"og:site_name\" content=\"La Sentinelle - Quotidien national d&#039;information\" \/>\n\t\t<meta property=\"og:type\" content=\"article\" \/>\n\t\t<meta property=\"og:title\" content=\"Khaldi, Hattab et Bouslimani de retour aux affaires : Les nouveaux ministres affichent leurs ambitions - La Sentinelle\" \/>\n\t\t<meta property=\"og:description\" content=\"Sid Ali Khaldi, Mohamed Hattab et Mohamed Bouslimani ont pris leurs fonctions mercredi respectivement \u00e0 la t\u00eate de l&#039;Agriculture, du D\u00e9veloppement rural et de la P\u00eache, du Travail, de l&#039;Emploi et de la S\u00e9curit\u00e9 sociale, et de la Communication, dans le cadre du remaniement minist\u00e9riel partiel op\u00e9r\u00e9 la veille par le pr\u00e9sident de la R\u00e9publique,\" \/>\n\t\t<meta property=\"og:url\" content=\"https:\/\/lasentinelle.dz\/index.php\/2026\/09\/02\/khaldi-hattab-et-bouslimani-de-retour-aux-affaires-les-nouveaux-ministres-affichent-leurs-ambitions\/\" \/>\n\t\t<meta property=\"og:image\" content=\"https:\/\/lasentinelle.dz\/wp-content\/uploads\/2021\/09\/cropped-la-sentinelle-earth-golden-anima-5.gif\" \/>\n\t\t<meta property=\"og:image:secure_url\" content=\"https:\/\/lasentinelle.dz\/wp-content\/uploads\/2021\/09\/cropped-la-sentinelle-earth-golden-anima-5.gif\" \/>\n\t\t<meta property=\"og:image:width\" content=\"450\" \/>\n\t\t<meta property=\"og:image:height\" content=\"213\" \/>\n\t\t<meta property=\"article:published_time\" content=\"2026-09-02T19:07:57+00:00\" \/>\n\t\t<meta property=\"article:modified_time\" content=\"2026-09-04T19:09:43+00:00\" \/>\n\t\t<meta property=\"article:publisher\" content=\"https:\/\/www.facebook.com\/azzedine.lasentinelle.1\" \/>\n\t\t<meta name=\"twitter:card\" content=\"summary_large_image\" \/>\n\t\t<meta name=\"twitter:title\" content=\"Khaldi, Hattab et Bouslimani de retour aux affaires : Les nouveaux ministres affichent leurs ambitions - La Sentinelle\" \/>\n\t\t<meta name=\"twitter:description\" content=\"Sid Ali Khaldi, Mohamed Hattab et Mohamed Bouslimani ont pris leurs fonctions mercredi respectivement \u00e0 la t\u00eate de l&#039;Agriculture, du D\u00e9veloppement rural et de la P\u00eache, du Travail, de l&#039;Emploi et de la S\u00e9curit\u00e9 sociale, et de la Communication, dans le cadre du remaniement minist\u00e9riel partiel op\u00e9r\u00e9 la veille par le pr\u00e9sident de la R\u00e9publique,\" \/>\n\t\t<meta name=\"twitter:image\" content=\"https:\/\/lasentinelle.dz\/wp-content\/uploads\/2021\/09\/cropped-la-sentinelle-earth-golden-anima-5.gif\" \/>\n\t\t<script type=\"application\/ld+json\" class=\"aioseo-schema\">\n\t\t\t{\"@context\":\"https:\\\/\\\/schema.org\",\"@graph\":[{\"@type\":\"BlogPosting\",\"@id\":\"https:\\\/\\\/lasentinelle.dz\\\/index.php\\\/2026\\\/09\\\/02\\\/khaldi-hattab-et-bouslimani-de-retour-aux-affaires-les-nouveaux-ministres-affichent-leurs-ambitions\\\/#blogposting\",\"name\":\"Khaldi, Hattab et Bouslimani de retour aux affaires : Les nouveaux ministres affichent leurs ambitions - La Sentinelle\",\"headline\":\"Khaldi, Hattab et Bouslimani de retour aux affaires\\u00a0: Les nouveaux ministres affichent leurs ambitions\",\"author\":{\"@id\":\"https:\\\/\\\/lasentinelle.dz\\\/author\\\/admin\\\/#author\"},\"publisher\":{\"@id\":\"https:\\\/\\\/lasentinelle.dz\\\/#organization\"},\"image\":{\"@type\":\"ImageObject\",\"url\":\"https:\\\/\\\/lasentinelle.dz\\\/wp-content\\\/uploads\\\/2026\\\/09\\\/khaldi.jpeg\",\"width\":1280,\"height\":995},\"datePublished\":\"2026-09-02T20:07:57+01:00\",\"dateModified\":\"2026-09-04T20:09:43+01:00\",\"inLanguage\":\"fr-FR\",\"mainEntityOfPage\":{\"@id\":\"https:\\\/\\\/lasentinelle.dz\\\/index.php\\\/2026\\\/09\\\/02\\\/khaldi-hattab-et-bouslimani-de-retour-aux-affaires-les-nouveaux-ministres-affichent-leurs-ambitions\\\/#webpage\"},\"isPartOf\":{\"@id\":\"https:\\\/\\\/lasentinelle.dz\\\/index.php\\\/2026\\\/09\\\/02\\\/khaldi-hattab-et-bouslimani-de-retour-aux-affaires-les-nouveaux-ministres-affichent-leurs-ambitions\\\/#webpage\"},\"articleSection\":\"Actualit\\u00e9\"},{\"@type\":\"BreadcrumbList\",\"@id\":\"https:\\\/\\\/lasentinelle.dz\\\/index.php\\\/2026\\\/09\\\/02\\\/khaldi-hattab-et-bouslimani-de-retour-aux-affaires-les-nouveaux-ministres-affichent-leurs-ambitions\\\/#breadcrumblist\",\"itemListElement\":[{\"@type\":\"ListItem\",\"@id\":\"https:\\\/\\\/lasentinelle.dz#listItem\",\"position\":1,\"name\":\"Home\",\"item\":\"https:\\\/\\\/lasentinelle.dz\",\"nextItem\":{\"@type\":\"ListItem\",\"@id\":\"https:\\\/\\\/lasentinelle.dz\\\/index.php\\\/category\\\/actualite\\\/#listItem\",\"name\":\"Actualit\\u00e9\"}},{\"@type\":\"ListItem\",\"@id\":\"https:\\\/\\\/lasentinelle.dz\\\/index.php\\\/category\\\/actualite\\\/#listItem\",\"position\":2,\"name\":\"Actualit\\u00e9\",\"item\":\"https:\\\/\\\/lasentinelle.dz\\\/index.php\\\/category\\\/actualite\\\/\",\"nextItem\":{\"@type\":\"ListItem\",\"@id\":\"https:\\\/\\\/lasentinelle.dz\\\/index.php\\\/2026\\\/09\\\/02\\\/khaldi-hattab-et-bouslimani-de-retour-aux-affaires-les-nouveaux-ministres-affichent-leurs-ambitions\\\/#listItem\",\"name\":\"Khaldi, Hattab et Bouslimani de retour aux affaires\\u00a0: Les nouveaux ministres affichent leurs ambitions\"},\"previousItem\":{\"@type\":\"ListItem\",\"@id\":\"https:\\\/\\\/lasentinelle.dz#listItem\",\"name\":\"Home\"}},{\"@type\":\"ListItem\",\"@id\":\"https:\\\/\\\/lasentinelle.dz\\\/index.php\\\/2026\\\/09\\\/02\\\/khaldi-hattab-et-bouslimani-de-retour-aux-affaires-les-nouveaux-ministres-affichent-leurs-ambitions\\\/#listItem\",\"position\":3,\"name\":\"Khaldi, Hattab et Bouslimani de retour aux affaires\\u00a0: Les nouveaux ministres affichent leurs ambitions\",\"previousItem\":{\"@type\":\"ListItem\",\"@id\":\"https:\\\/\\\/lasentinelle.dz\\\/index.php\\\/category\\\/actualite\\\/#listItem\",\"name\":\"Actualit\\u00e9\"}}]},{\"@type\":\"Organization\",\"@id\":\"https:\\\/\\\/lasentinelle.dz\\\/#organization\",\"name\":\"La Sentinelle La Sentinelle\",\"description\":\"Quotidien national d'information\",\"url\":\"https:\\\/\\\/lasentinelle.dz\\\/\",\"logo\":{\"@type\":\"ImageObject\",\"url\":\"https:\\\/\\\/lasentinelle.dz\\\/wp-content\\\/uploads\\\/2021\\\/09\\\/cropped-la-sentinelle-earth-golden-anima-5.gif\",\"@id\":\"https:\\\/\\\/lasentinelle.dz\\\/index.php\\\/2026\\\/09\\\/02\\\/khaldi-hattab-et-bouslimani-de-retour-aux-affaires-les-nouveaux-ministres-affichent-leurs-ambitions\\\/#organizationLogo\",\"width\":450,\"height\":213},\"image\":{\"@id\":\"https:\\\/\\\/lasentinelle.dz\\\/index.php\\\/2026\\\/09\\\/02\\\/khaldi-hattab-et-bouslimani-de-retour-aux-affaires-les-nouveaux-ministres-affichent-leurs-ambitions\\\/#organizationLogo\"},\"sameAs\":[\"https:\\\/\\\/www.facebook.com\\\/azzedine.lasentinelle.1\"]},{\"@type\":\"Person\",\"@id\":\"https:\\\/\\\/lasentinelle.dz\\\/author\\\/admin\\\/#author\",\"url\":\"https:\\\/\\\/lasentinelle.dz\\\/author\\\/admin\\\/\",\"name\":\"admin\",\"image\":{\"@type\":\"ImageObject\",\"@id\":\"https:\\\/\\\/lasentinelle.dz\\\/index.php\\\/2026\\\/09\\\/02\\\/khaldi-hattab-et-bouslimani-de-retour-aux-affaires-les-nouveaux-ministres-affichent-leurs-ambitions\\\/#authorImage\",\"url\":\"https:\\\/\\\/secure.gravatar.com\\\/avatar\\\/4c81fed838786e9b53f540bf46533e750f5d292099ae3b66cfc6fb1982e29df7?s=96&d=mm&r=g\",\"width\":96,\"height\":96,\"caption\":\"admin\"}},{\"@type\":\"WebPage\",\"@id\":\"https:\\\/\\\/lasentinelle.dz\\\/index.php\\\/2026\\\/09\\\/02\\\/khaldi-hattab-et-bouslimani-de-retour-aux-affaires-les-nouveaux-ministres-affichent-leurs-ambitions\\\/#webpage\",\"url\":\"https:\\\/\\\/lasentinelle.dz\\\/index.php\\\/2026\\\/09\\\/02\\\/khaldi-hattab-et-bouslimani-de-retour-aux-affaires-les-nouveaux-ministres-affichent-leurs-ambitions\\\/\",\"name\":\"Khaldi, Hattab et Bouslimani de retour aux affaires : Les nouveaux ministres affichent leurs ambitions - La Sentinelle\",\"description\":\"Sid Ali Khaldi, Mohamed Hattab et Mohamed Bouslimani ont pris leurs fonctions mercredi respectivement \\u00e0 la t\\u00eate de l'Agriculture, du D\\u00e9veloppement rural et de la P\\u00eache, du Travail, de l'Emploi et de la S\\u00e9curit\\u00e9 sociale, et de la Communication, dans le cadre du remaniement minist\\u00e9riel partiel op\\u00e9r\\u00e9 la veille par le pr\\u00e9sident de la R\\u00e9publique,\",\"inLanguage\":\"fr-FR\",\"isPartOf\":{\"@id\":\"https:\\\/\\\/lasentinelle.dz\\\/#website\"},\"breadcrumb\":{\"@id\":\"https:\\\/\\\/lasentinelle.dz\\\/index.php\\\/2026\\\/09\\\/02\\\/khaldi-hattab-et-bouslimani-de-retour-aux-affaires-les-nouveaux-ministres-affichent-leurs-ambitions\\\/#breadcrumblist\"},\"author\":{\"@id\":\"https:\\\/\\\/lasentinelle.dz\\\/author\\\/admin\\\/#author\"},\"creator\":{\"@id\":\"https:\\\/\\\/lasentinelle.dz\\\/author\\\/admin\\\/#author\"},\"image\":{\"@type\":\"ImageObject\",\"url\":\"https:\\\/\\\/lasentinelle.dz\\\/wp-content\\\/uploads\\\/2026\\\/09\\\/khaldi.jpeg\",\"@id\":\"https:\\\/\\\/lasentinelle.dz\\\/index.php\\\/2026\\\/09\\\/02\\\/khaldi-hattab-et-bouslimani-de-retour-aux-affaires-les-nouveaux-ministres-affichent-leurs-ambitions\\\/#mainImage\",\"width\":1280,\"height\":995},\"primaryImageOfPage\":{\"@id\":\"https:\\\/\\\/lasentinelle.dz\\\/index.php\\\/2026\\\/09\\\/02\\\/khaldi-hattab-et-bouslimani-de-retour-aux-affaires-les-nouveaux-ministres-affichent-leurs-ambitions\\\/#mainImage\"},\"datePublished\":\"2026-09-02T20:07:57+01:00\",\"dateModified\":\"2026-09-04T20:09:43+01:00\"},{\"@type\":\"WebSite\",\"@id\":\"https:\\\/\\\/lasentinelle.dz\\\/#website\",\"url\":\"https:\\\/\\\/lasentinelle.dz\\\/\",\"name\":\"La Sentinelle\",\"description\":\"Quotidien national d'information\",\"inLanguage\":\"fr-FR\",\"publisher\":{\"@id\":\"https:\\\/\\\/lasentinelle.dz\\\/#organization\"}}]}\n\t\t<\/script>\n\t\t<!-- All in One SEO -->\n\n","aioseo_head_json":{"title":"Khaldi, Hattab et Bouslimani de retour aux affaires : Les nouveaux ministres affichent leurs ambitions - La Sentinelle","description":"Sid Ali Khaldi, Mohamed Hattab et Mohamed Bouslimani ont pris leurs fonctions mercredi respectivement \u00e0 la t\u00eate de l'Agriculture, du D\u00e9veloppement rural et de la P\u00eache, du Travail, de l'Emploi et de la S\u00e9curit\u00e9 sociale, et de la Communication, dans le cadre du remaniement minist\u00e9riel partiel op\u00e9r\u00e9 la veille par le pr\u00e9sident de la R\u00e9publique,","canonical_url":"https:\/\/lasentinelle.dz\/index.php\/2026\/09\/02\/khaldi-hattab-et-bouslimani-de-retour-aux-affaires-les-nouveaux-ministres-affichent-leurs-ambitions\/","robots":"max-image-preview:large","keywords":"","webmasterTools":{"miscellaneous":""},"schema":{"@context":"https:\/\/schema.org","@graph":[{"@type":"BlogPosting","@id":"https:\/\/lasentinelle.dz\/index.php\/2026\/09\/02\/khaldi-hattab-et-bouslimani-de-retour-aux-affaires-les-nouveaux-ministres-affichent-leurs-ambitions\/#blogposting","name":"Khaldi, Hattab et Bouslimani de retour aux affaires : Les nouveaux ministres affichent leurs ambitions - La Sentinelle","headline":"Khaldi, Hattab et Bouslimani de retour aux affaires\u00a0: Les nouveaux ministres affichent leurs ambitions","author":{"@id":"https:\/\/lasentinelle.dz\/author\/admin\/#author"},"publisher":{"@id":"https:\/\/lasentinelle.dz\/#organization"},"image":{"@type":"ImageObject","url":"https:\/\/lasentinelle.dz\/wp-content\/uploads\/2026\/09\/khaldi.jpeg","width":1280,"height":995},"datePublished":"2026-09-02T20:07:57+01:00","dateModified":"2026-09-04T20:09:43+01:00","inLanguage":"fr-FR","mainEntityOfPage":{"@id":"https:\/\/lasentinelle.dz\/index.php\/2026\/09\/02\/khaldi-hattab-et-bouslimani-de-retour-aux-affaires-les-nouveaux-ministres-affichent-leurs-ambitions\/#webpage"},"isPartOf":{"@id":"https:\/\/lasentinelle.dz\/index.php\/2026\/09\/02\/khaldi-hattab-et-bouslimani-de-retour-aux-affaires-les-nouveaux-ministres-affichent-leurs-ambitions\/#webpage"},"articleSection":"Actualit\u00e9"},{"@type":"BreadcrumbList","@id":"https:\/\/lasentinelle.dz\/index.php\/2026\/09\/02\/khaldi-hattab-et-bouslimani-de-retour-aux-affaires-les-nouveaux-ministres-affichent-leurs-ambitions\/#breadcrumblist","itemListElement":[{"@type":"ListItem","@id":"https:\/\/lasentinelle.dz#listItem","position":1,"name":"Home","item":"https:\/\/lasentinelle.dz","nextItem":{"@type":"ListItem","@id":"https:\/\/lasentinelle.dz\/index.php\/category\/actualite\/#listItem","name":"Actualit\u00e9"}},{"@type":"ListItem","@id":"https:\/\/lasentinelle.dz\/index.php\/category\/actualite\/#listItem","position":2,"name":"Actualit\u00e9","item":"https:\/\/lasentinelle.dz\/index.php\/category\/actualite\/","nextItem":{"@type":"ListItem","@id":"https:\/\/lasentinelle.dz\/index.php\/2026\/09\/02\/khaldi-hattab-et-bouslimani-de-retour-aux-affaires-les-nouveaux-ministres-affichent-leurs-ambitions\/#listItem","name":"Khaldi, Hattab et Bouslimani de retour aux affaires\u00a0: Les nouveaux ministres affichent leurs ambitions"},"previousItem":{"@type":"ListItem","@id":"https:\/\/lasentinelle.dz#listItem","name":"Home"}},{"@type":"ListItem","@id":"https:\/\/lasentinelle.dz\/index.php\/2026\/09\/02\/khaldi-hattab-et-bouslimani-de-retour-aux-affaires-les-nouveaux-ministres-affichent-leurs-ambitions\/#listItem","position":3,"name":"Khaldi, Hattab et Bouslimani de retour aux affaires\u00a0: Les nouveaux ministres affichent leurs ambitions","previousItem":{"@type":"ListItem","@id":"https:\/\/lasentinelle.dz\/index.php\/category\/actualite\/#listItem","name":"Actualit\u00e9"}}]},{"@type":"Organization","@id":"https:\/\/lasentinelle.dz\/#organization","name":"La Sentinelle La Sentinelle","description":"Quotidien national d'information","url":"https:\/\/lasentinelle.dz\/","logo":{"@type":"ImageObject","url":"https:\/\/lasentinelle.dz\/wp-content\/uploads\/2021\/09\/cropped-la-sentinelle-earth-golden-anima-5.gif","@id":"https:\/\/lasentinelle.dz\/index.php\/2026\/09\/02\/khaldi-hattab-et-bouslimani-de-retour-aux-affaires-les-nouveaux-ministres-affichent-leurs-ambitions\/#organizationLogo","width":450,"height":213},"image":{"@id":"https:\/\/lasentinelle.dz\/index.php\/2026\/09\/02\/khaldi-hattab-et-bouslimani-de-retour-aux-affaires-les-nouveaux-ministres-affichent-leurs-ambitions\/#organizationLogo"},"sameAs":["https:\/\/www.facebook.com\/azzedine.lasentinelle.1"]},{"@type":"Person","@id":"https:\/\/lasentinelle.dz\/author\/admin\/#author","url":"https:\/\/lasentinelle.dz\/author\/admin\/","name":"admin","image":{"@type":"ImageObject","@id":"https:\/\/lasentinelle.dz\/index.php\/2026\/09\/02\/khaldi-hattab-et-bouslimani-de-retour-aux-affaires-les-nouveaux-ministres-affichent-leurs-ambitions\/#authorImage","url":"https:\/\/secure.gravatar.com\/avatar\/4c81fed838786e9b53f540bf46533e750f5d292099ae3b66cfc6fb1982e29df7?s=96&d=mm&r=g","width":96,"height":96,"caption":"admin"}},{"@type":"WebPage","@id":"https:\/\/lasentinelle.dz\/index.php\/2026\/09\/02\/khaldi-hattab-et-bouslimani-de-retour-aux-affaires-les-nouveaux-ministres-affichent-leurs-ambitions\/#webpage","url":"https:\/\/lasentinelle.dz\/index.php\/2026\/09\/02\/khaldi-hattab-et-bouslimani-de-retour-aux-affaires-les-nouveaux-ministres-affichent-leurs-ambitions\/","name":"Khaldi, Hattab et Bouslimani de retour aux affaires : Les nouveaux ministres affichent leurs ambitions - La Sentinelle","description":"Sid Ali Khaldi, Mohamed Hattab et Mohamed Bouslimani ont pris leurs fonctions mercredi respectivement \u00e0 la t\u00eate de l'Agriculture, du D\u00e9veloppement rural et de la P\u00eache, du Travail, de l'Emploi et de la S\u00e9curit\u00e9 sociale, et de la Communication, dans le cadre du remaniement minist\u00e9riel partiel op\u00e9r\u00e9 la veille par le pr\u00e9sident de la R\u00e9publique,","inLanguage":"fr-FR","isPartOf":{"@id":"https:\/\/lasentinelle.dz\/#website"},"breadcrumb":{"@id":"https:\/\/lasentinelle.dz\/index.php\/2026\/09\/02\/khaldi-hattab-et-bouslimani-de-retour-aux-affaires-les-nouveaux-ministres-affichent-leurs-ambitions\/#breadcrumblist"},"author":{"@id":"https:\/\/lasentinelle.dz\/author\/admin\/#author"},"creator":{"@id":"https:\/\/lasentinelle.dz\/author\/admin\/#author"},"image":{"@type":"ImageObject","url":"https:\/\/lasentinelle.dz\/wp-content\/uploads\/2026\/09\/khaldi.jpeg","@id":"https:\/\/lasentinelle.dz\/index.php\/2026\/09\/02\/khaldi-hattab-et-bouslimani-de-retour-aux-affaires-les-nouveaux-ministres-affichent-leurs-ambitions\/#mainImage","width":1280,"height":995},"primaryImageOfPage":{"@id":"https:\/\/lasentinelle.dz\/index.php\/2026\/09\/02\/khaldi-hattab-et-bouslimani-de-retour-aux-affaires-les-nouveaux-ministres-affichent-leurs-ambitions\/#mainImage"},"datePublished":"2026-09-02T20:07:57+01:00","dateModified":"2026-09-04T20:09:43+01:00"},{"@type":"WebSite","@id":"https:\/\/lasentinelle.dz\/#website","url":"https:\/\/lasentinelle.dz\/","name":"La Sentinelle","description":"Quotidien national d'information","inLanguage":"fr-FR","publisher":{"@id":"https:\/\/lasentinelle.dz\/#organization"}}]},"og:locale":"fr_FR","og:site_name":"La Sentinelle - Quotidien national d'information","og:type":"article","og:title":"Khaldi, Hattab et Bouslimani de retour aux affaires : Les nouveaux ministres affichent leurs ambitions - La Sentinelle","og:description":"Sid Ali Khaldi, Mohamed Hattab et Mohamed Bouslimani ont pris leurs fonctions mercredi respectivement \u00e0 la t\u00eate de l'Agriculture, du D\u00e9veloppement rural et de la P\u00eache, du Travail, de l'Emploi et de la S\u00e9curit\u00e9 sociale, et de la Communication, dans le cadre du remaniement minist\u00e9riel partiel op\u00e9r\u00e9 la veille par le pr\u00e9sident de la R\u00e9publique,","og:url":"https:\/\/lasentinelle.dz\/index.php\/2026\/09\/02\/khaldi-hattab-et-bouslimani-de-retour-aux-affaires-les-nouveaux-ministres-affichent-leurs-ambitions\/","og:image":"https:\/\/lasentinelle.dz\/wp-content\/uploads\/2021\/09\/cropped-la-sentinelle-earth-golden-anima-5.gif","og:image:secure_url":"https:\/\/lasentinelle.dz\/wp-content\/uploads\/2021\/09\/cropped-la-sentinelle-earth-golden-anima-5.gif","og:image:width":450,"og:image:height":213,"article:published_time":"2026-09-02T19:07:57+00:00","article:modified_time":"2026-09-04T19:09:43+00:00","article:publisher":"https:\/\/www.facebook.com\/azzedine.lasentinelle.1","twitter:card":"summary_large_image","twitter:title":"Khaldi, Hattab et Bouslimani de retour aux affaires : Les nouveaux ministres affichent leurs ambitions - La Sentinelle","twitter:description":"Sid Ali Khaldi, Mohamed Hattab et Mohamed Bouslimani ont pris leurs fonctions mercredi respectivement \u00e0 la t\u00eate de l'Agriculture, du D\u00e9veloppement rural et de la P\u00eache, du Travail, de l'Emploi et de la S\u00e9curit\u00e9 sociale, et de la Communication, dans le cadre du remaniement minist\u00e9riel partiel op\u00e9r\u00e9 la veille par le pr\u00e9sident de la R\u00e9publique,","twitter:image":"https:\/\/lasentinelle.dz\/wp-content\/uploads\/2021\/09\/cropped-la-sentinelle-earth-golden-anima-5.gif"},"aioseo_meta_data":{"post_id":"94953","title":null,"description":null,"keywords":null,"keyphrases":{"focus":{"keyphrase":"","score":0,"analysis":{"keyphraseInTitle":{"score":0,"maxScore":9,"error":1}}},"additional":[]},"primary_term":null,"canonical_url":null,"og_title":null,"og_description":null,"og_object_type":"default","og_image_type":"default","og_image_url":null,"og_image_width":null,"og_image_height":null,"og_image_custom_url":null,"og_image_custom_fields":null,"og_video":"","og_custom_url":null,"og_article_section":null,"og_article_tags":null,"twitter_use_og":false,"twitter_card":"default","twitter_image_type":"default","twitter_image_url":null,"twitter_image_custom_url":null,"twitter_image_custom_fields":null,"twitter_title":null,"twitter_description":null,"schema":{"blockGraphs":[],"customGraphs":[],"default":{"data":{"Article":[],"Course":[],"Dataset":[],"FAQPage":[],"Movie":[],"Person":[],"Product":[],"ProductReview":[],"Car":[],"Recipe":[],"Service":[],"SoftwareApplication":[],"WebPage":[]},"graphName":"BlogPosting","isEnabled":true},"graphs":[]},"schema_type":"default","schema_type_options":null,"pillar_content":false,"robots_default":true,"robots_noindex":false,"robots_noarchive":false,"robots_nosnippet":false,"robots_nofollow":false,"robots_noimageindex":false,"robots_noodp":false,"robots_notranslate":false,"robots_max_snippet":"-1","robots_max_videopreview":"-1","robots_max_imagepreview":"large","priority":null,"frequency":"default","local_seo":null,"breadcrumb_settings":null,"limit_modified_date":false,"ai":{"faqs":[],"keyPoints":[],"schemas":[],"titles":[],"descriptions":[],"socialPosts":{"email":{"subject":"","preview":"","content":""},"linkedin":[],"twitter":[],"facebook":[],"instagram":[]}},"created":"2026-09-04 19:09:43","updated":"2026-09-04 19:10:32","focus_keyword":null,"additional_keywords":null,"truseo_locale":null,"seo_analyzer_scan_date":null},"aioseo_breadcrumb":"<div class=\"aioseo-breadcrumbs\"><span class=\"aioseo-breadcrumb\">\n\t\t\t<a href=\"https:\/\/lasentinelle.dz\" title=\"Home\">Home<\/a>\n\t\t<\/span><span class=\"aioseo-breadcrumb-separator\">&raquo;<\/span><span class=\"aioseo-breadcrumb\">\n\t\t\t<a href=\"https:\/\/lasentinelle.dz\/index.php\/category\/actualite\/\" title=\"Actualit\u00e9\">Actualit\u00e9<\/a>\n\t\t<\/span><span class=\"aioseo-breadcrumb-separator\">&raquo;<\/span><span class=\"aioseo-breadcrumb\">\n\t\t\tKhaldi, Hattab et Bouslimani de retour aux affaires : Les nouveaux ministres affichent leurs ambitions\n\t\t<\/span><\/div>","aioseo_breadcrumb_json":[{"label":"Home","link":"https:\/\/lasentinelle.dz"},{"label":"Actualit\u00e9","link":"https:\/\/lasentinelle.dz\/index.php\/category\/actualite\/"},{"label":"Khaldi, Hattab et Bouslimani de retour aux affaires\u00a0: Les nouveaux ministres affichent leurs ambitions","link":"https:\/\/lasentinelle.dz\/index.php\/2026\/09\/02\/khaldi-hattab-et-bouslimani-de-retour-aux-affaires-les-nouveaux-ministres-affichent-leurs-ambitions\/"}],"yoast_head":"<!-- This site is optimized with the Yoast SEO plugin v28.4 - https:\/\/yoast.com\/product\/yoast-seo-wordpress\/ -->\n<title>Khaldi, Hattab et Bouslimani de retour aux affaires\u00a0: Les nouveaux ministres affichent leurs ambitions - La Sentinelle<\/title>\n<meta name=\"robots\" content=\"index, follow, max-snippet:-1, max-image-preview:large, max-video-preview:-1\" \/>\n<link rel=\"canonical\" href=\"https:\/\/lasentinelle.dz\/index.php\/2026\/09\/02\/khaldi-hattab-et-bouslimani-de-retour-aux-affaires-les-nouveaux-ministres-affichent-leurs-ambitions\/\" \/>\n<meta property=\"og:locale\" content=\"fr_FR\" \/>\n<meta property=\"og:type\" content=\"article\" \/>\n<meta property=\"og:title\" content=\"Khaldi, Hattab et Bouslimani de retour aux affaires\u00a0: Les nouveaux ministres affichent leurs ambitions - La Sentinelle\" \/>\n<meta property=\"og:description\" content=\"Sid Ali Khaldi, Mohamed Hattab et Mohamed Bouslimani ont pris leurs fonctions mercredi respectivement \u00e0 la t\u00eate de l&rsquo;Agriculture, du\" \/>\n<meta property=\"og:url\" content=\"https:\/\/lasentinelle.dz\/index.php\/2026\/09\/02\/khaldi-hattab-et-bouslimani-de-retour-aux-affaires-les-nouveaux-ministres-affichent-leurs-ambitions\/\" \/>\n<meta property=\"og:site_name\" content=\"La Sentinelle\" \/>\n<meta property=\"article:publisher\" content=\"https:\/\/www.facebook.com\/La-Sentinelle-104059864394773\" \/>\n<meta property=\"article:published_time\" content=\"2026-09-02T19:07:57+00:00\" \/>\n<meta property=\"article:modified_time\" content=\"2026-09-04T19:09:43+00:00\" \/>\n<meta property=\"og:image\" content=\"https:\/\/lasentinelle.dz\/wp-content\/uploads\/2026\/09\/khaldi.jpeg\" \/>\n\t<meta property=\"og:image:width\" content=\"1280\" \/>\n\t<meta property=\"og:image:height\" content=\"995\" \/>\n\t<meta property=\"og:image:type\" content=\"image\/jpeg\" \/>\n<meta name=\"author\" content=\"admin\" \/>\n<meta name=\"twitter:card\" content=\"summary_large_image\" \/>\n<meta name=\"twitter:label1\" content=\"\u00c9crit par\" \/>\n\t<meta name=\"twitter:data1\" content=\"admin\" \/>\n\t<meta name=\"twitter:label2\" content=\"Dur\u00e9e de lecture estim\u00e9e\" \/>\n\t<meta name=\"twitter:data2\" content=\"3 minutes\" \/>\n<script type=\"application\/ld+json\" class=\"yoast-schema-graph\">{\"@context\":\"https:\\\/\\\/schema.org\",\"@graph\":[{\"@type\":\"Article\",\"@id\":\"https:\\\/\\\/lasentinelle.dz\\\/index.php\\\/2026\\\/09\\\/02\\\/khaldi-hattab-et-bouslimani-de-retour-aux-affaires-les-nouveaux-ministres-affichent-leurs-ambitions\\\/#article\",\"isPartOf\":{\"@id\":\"https:\\\/\\\/lasentinelle.dz\\\/index.php\\\/2026\\\/09\\\/02\\\/khaldi-hattab-et-bouslimani-de-retour-aux-affaires-les-nouveaux-ministres-affichent-leurs-ambitions\\\/\"},\"author\":{\"name\":\"admin\",\"@id\":\"https:\\\/\\\/lasentinelle.dz\\\/#\\\/schema\\\/person\\\/729ee0024f24e0b8c5ec17232f8e8b41\"},\"headline\":\"Khaldi, Hattab et Bouslimani de retour aux affaires\u00a0: Les nouveaux ministres affichent leurs ambitions\",\"datePublished\":\"2026-09-02T19:07:57+00:00\",\"dateModified\":\"2026-09-04T19:09:43+00:00\",\"mainEntityOfPage\":{\"@id\":\"https:\\\/\\\/lasentinelle.dz\\\/index.php\\\/2026\\\/09\\\/02\\\/khaldi-hattab-et-bouslimani-de-retour-aux-affaires-les-nouveaux-ministres-affichent-leurs-ambitions\\\/\"},\"wordCount\":457,\"commentCount\":0,\"publisher\":{\"@id\":\"https:\\\/\\\/lasentinelle.dz\\\/#organization\"},\"image\":{\"@id\":\"https:\\\/\\\/lasentinelle.dz\\\/index.php\\\/2026\\\/09\\\/02\\\/khaldi-hattab-et-bouslimani-de-retour-aux-affaires-les-nouveaux-ministres-affichent-leurs-ambitions\\\/#primaryimage\"},\"thumbnailUrl\":\"https:\\\/\\\/lasentinelle.dz\\\/wp-content\\\/uploads\\\/2026\\\/09\\\/khaldi.jpeg\",\"articleSection\":[\"Actualit\u00e9\"],\"inLanguage\":\"fr-FR\",\"potentialAction\":[{\"@type\":\"CommentAction\",\"name\":\"Comment\",\"target\":[\"https:\\\/\\\/lasentinelle.dz\\\/index.php\\\/2026\\\/09\\\/02\\\/khaldi-hattab-et-bouslimani-de-retour-aux-affaires-les-nouveaux-ministres-affichent-leurs-ambitions\\\/#respond\"]}]},{\"@type\":\"WebPage\",\"@id\":\"https:\\\/\\\/lasentinelle.dz\\\/index.php\\\/2026\\\/09\\\/02\\\/khaldi-hattab-et-bouslimani-de-retour-aux-affaires-les-nouveaux-ministres-affichent-leurs-ambitions\\\/\",\"url\":\"https:\\\/\\\/lasentinelle.dz\\\/index.php\\\/2026\\\/09\\\/02\\\/khaldi-hattab-et-bouslimani-de-retour-aux-affaires-les-nouveaux-ministres-affichent-leurs-ambitions\\\/\",\"name\":\"Khaldi, Hattab et Bouslimani de retour aux affaires\u00a0: Les nouveaux ministres affichent leurs ambitions - La Sentinelle\",\"isPartOf\":{\"@id\":\"https:\\\/\\\/lasentinelle.dz\\\/#website\"},\"primaryImageOfPage\":{\"@id\":\"https:\\\/\\\/lasentinelle.dz\\\/index.php\\\/2026\\\/09\\\/02\\\/khaldi-hattab-et-bouslimani-de-retour-aux-affaires-les-nouveaux-ministres-affichent-leurs-ambitions\\\/#primaryimage\"},\"image\":{\"@id\":\"https:\\\/\\\/lasentinelle.dz\\\/index.php\\\/2026\\\/09\\\/02\\\/khaldi-hattab-et-bouslimani-de-retour-aux-affaires-les-nouveaux-ministres-affichent-leurs-ambitions\\\/#primaryimage\"},\"thumbnailUrl\":\"https:\\\/\\\/lasentinelle.dz\\\/wp-content\\\/uploads\\\/2026\\\/09\\\/khaldi.jpeg\",\"datePublished\":\"2026-09-02T19:07:57+00:00\",\"dateModified\":\"2026-09-04T19:09:43+00:00\",\"breadcrumb\":{\"@id\":\"https:\\\/\\\/lasentinelle.dz\\\/index.php\\\/2026\\\/09\\\/02\\\/khaldi-hattab-et-bouslimani-de-retour-aux-affaires-les-nouveaux-ministres-affichent-leurs-ambitions\\\/#breadcrumb\"},\"inLanguage\":\"fr-FR\",\"potentialAction\":[{\"@type\":\"ReadAction\",\"target\":[\"https:\\\/\\\/lasentinelle.dz\\\/index.php\\\/2026\\\/09\\\/02\\\/khaldi-hattab-et-bouslimani-de-retour-aux-affaires-les-nouveaux-ministres-affichent-leurs-ambitions\\\/\"]}]},{\"@type\":\"ImageObject\",\"inLanguage\":\"fr-FR\",\"@id\":\"https:\\\/\\\/lasentinelle.dz\\\/index.php\\\/2026\\\/09\\\/02\\\/khaldi-hattab-et-bouslimani-de-retour-aux-affaires-les-nouveaux-ministres-affichent-leurs-ambitions\\\/#primaryimage\",\"url\":\"https:\\\/\\\/lasentinelle.dz\\\/wp-content\\\/uploads\\\/2026\\\/09\\\/khaldi.jpeg\",\"contentUrl\":\"https:\\\/\\\/lasentinelle.dz\\\/wp-content\\\/uploads\\\/2026\\\/09\\\/khaldi.jpeg\",\"width\":1280,\"height\":995},{\"@type\":\"BreadcrumbList\",\"@id\":\"https:\\\/\\\/lasentinelle.dz\\\/index.php\\\/2026\\\/09\\\/02\\\/khaldi-hattab-et-bouslimani-de-retour-aux-affaires-les-nouveaux-ministres-affichent-leurs-ambitions\\\/#breadcrumb\",\"itemListElement\":[{\"@type\":\"ListItem\",\"position\":1,\"name\":\"Accueil\",\"item\":\"https:\\\/\\\/lasentinelle.dz\\\/\"},{\"@type\":\"ListItem\",\"position\":2,\"name\":\"Khaldi, Hattab et Bouslimani de retour aux affaires\u00a0: Les nouveaux ministres affichent leurs ambitions\"}]},{\"@type\":\"WebSite\",\"@id\":\"https:\\\/\\\/lasentinelle.dz\\\/#website\",\"url\":\"https:\\\/\\\/lasentinelle.dz\\\/\",\"name\":\"La Sentinelle\",\"description\":\"Quotidien national d&#039;information\",\"publisher\":{\"@id\":\"https:\\\/\\\/lasentinelle.dz\\\/#organization\"},\"potentialAction\":[{\"@type\":\"SearchAction\",\"target\":{\"@type\":\"EntryPoint\",\"urlTemplate\":\"https:\\\/\\\/lasentinelle.dz\\\/?s={search_term_string}\"},\"query-input\":{\"@type\":\"PropertyValueSpecification\",\"valueRequired\":true,\"valueName\":\"search_term_string\"}}],\"inLanguage\":\"fr-FR\"},{\"@type\":\"Organization\",\"@id\":\"https:\\\/\\\/lasentinelle.dz\\\/#organization\",\"name\":\"Quotidien La Sentinelle\",\"url\":\"https:\\\/\\\/lasentinelle.dz\\\/\",\"logo\":{\"@type\":\"ImageObject\",\"inLanguage\":\"fr-FR\",\"@id\":\"https:\\\/\\\/lasentinelle.dz\\\/#\\\/schema\\\/logo\\\/image\\\/\",\"url\":\"https:\\\/\\\/lasentinelle.dz\\\/wp-content\\\/uploads\\\/2021\\\/09\\\/logo-sentinelleSLOGAN-1.png\",\"contentUrl\":\"https:\\\/\\\/lasentinelle.dz\\\/wp-content\\\/uploads\\\/2021\\\/09\\\/logo-sentinelleSLOGAN-1.png\",\"width\":615,\"height\":142,\"caption\":\"Quotidien La Sentinelle\"},\"image\":{\"@id\":\"https:\\\/\\\/lasentinelle.dz\\\/#\\\/schema\\\/logo\\\/image\\\/\"},\"sameAs\":[\"https:\\\/\\\/www.facebook.com\\\/La-Sentinelle-104059864394773\"]},{\"@type\":\"Person\",\"@id\":\"https:\\\/\\\/lasentinelle.dz\\\/#\\\/schema\\\/person\\\/729ee0024f24e0b8c5ec17232f8e8b41\",\"name\":\"admin\",\"image\":{\"@type\":\"ImageObject\",\"inLanguage\":\"fr-FR\",\"@id\":\"https:\\\/\\\/secure.gravatar.com\\\/avatar\\\/4c81fed838786e9b53f540bf46533e750f5d292099ae3b66cfc6fb1982e29df7?s=96&d=mm&r=g\",\"url\":\"https:\\\/\\\/secure.gravatar.com\\\/avatar\\\/4c81fed838786e9b53f540bf46533e750f5d292099ae3b66cfc6fb1982e29df7?s=96&d=mm&r=g\",\"contentUrl\":\"https:\\\/\\\/secure.gravatar.com\\\/avatar\\\/4c81fed838786e9b53f540bf46533e750f5d292099ae3b66cfc6fb1982e29df7?s=96&d=mm&r=g\",\"caption\":\"admin\"},\"description\":\"admin\",\"url\":\"https:\\\/\\\/lasentinelle.dz\\\/author\\\/admin\\\/\"}]}<\/script>\n<!-- \/ Yoast SEO plugin. -->","yoast_head_json":{"title":"Khaldi, Hattab et Bouslimani de retour aux affaires\u00a0: Les nouveaux ministres affichent leurs ambitions - La Sentinelle","robots":{"index":"index","follow":"follow","max-snippet":"max-snippet:-1","max-image-preview":"max-image-preview:large","max-video-preview":"max-video-preview:-1"},"canonical":"https:\/\/lasentinelle.dz\/index.php\/2026\/09\/02\/khaldi-hattab-et-bouslimani-de-retour-aux-affaires-les-nouveaux-ministres-affichent-leurs-ambitions\/","og_locale":"fr_FR","og_type":"article","og_title":"Khaldi, Hattab et Bouslimani de retour aux affaires\u00a0: Les nouveaux ministres affichent leurs ambitions - La Sentinelle","og_description":"Sid Ali Khaldi, Mohamed Hattab et Mohamed Bouslimani ont pris leurs fonctions mercredi respectivement \u00e0 la t\u00eate de l&rsquo;Agriculture, du","og_url":"https:\/\/lasentinelle.dz\/index.php\/2026\/09\/02\/khaldi-hattab-et-bouslimani-de-retour-aux-affaires-les-nouveaux-ministres-affichent-leurs-ambitions\/","og_site_name":"La Sentinelle","article_publisher":"https:\/\/www.facebook.com\/La-Sentinelle-104059864394773","article_published_time":"2026-09-02T19:07:57+00:00","article_modified_time":"2026-09-04T19:09:43+00:00","og_image":[{"width":1280,"height":995,"url":"https:\/\/lasentinelle.dz\/wp-content\/uploads\/2026\/09\/khaldi.jpeg","type":"image\/jpeg"}],"author":"admin","twitter_card":"summary_large_image","twitter_misc":{"\u00c9crit par":"admin","Dur\u00e9e de lecture estim\u00e9e":"3 minutes"},"schema":{"@context":"https:\/\/schema.org","@graph":[{"@type":"Article","@id":"https:\/\/lasentinelle.dz\/index.php\/2026\/09\/02\/khaldi-hattab-et-bouslimani-de-retour-aux-affaires-les-nouveaux-ministres-affichent-leurs-ambitions\/#article","isPartOf":{"@id":"https:\/\/lasentinelle.dz\/index.php\/2026\/09\/02\/khaldi-hattab-et-bouslimani-de-retour-aux-affaires-les-nouveaux-ministres-affichent-leurs-ambitions\/"},"author":{"name":"admin","@id":"https:\/\/lasentinelle.dz\/#\/schema\/person\/729ee0024f24e0b8c5ec17232f8e8b41"},"headline":"Khaldi, Hattab et Bouslimani de retour aux affaires\u00a0: Les nouveaux ministres affichent leurs ambitions","datePublished":"2026-09-02T19:07:57+00:00","dateModified":"2026-09-04T19:09:43+00:00","mainEntityOfPage":{"@id":"https:\/\/lasentinelle.dz\/index.php\/2026\/09\/02\/khaldi-hattab-et-bouslimani-de-retour-aux-affaires-les-nouveaux-ministres-affichent-leurs-ambitions\/"},"wordCount":457,"commentCount":0,"publisher":{"@id":"https:\/\/lasentinelle.dz\/#organization"},"image":{"@id":"https:\/\/lasentinelle.dz\/index.php\/2026\/09\/02\/khaldi-hattab-et-bouslimani-de-retour-aux-affaires-les-nouveaux-ministres-affichent-leurs-ambitions\/#primaryimage"},"thumbnailUrl":"https:\/\/lasentinelle.dz\/wp-content\/uploads\/2026\/09\/khaldi.jpeg","articleSection":["Actualit\u00e9"],"inLanguage":"fr-FR","potentialAction":[{"@type":"CommentAction","name":"Comment","target":["https:\/\/lasentinelle.dz\/index.php\/2026\/09\/02\/khaldi-hattab-et-bouslimani-de-retour-aux-affaires-les-nouveaux-ministres-affichent-leurs-ambitions\/#respond"]}]},{"@type":"WebPage","@id":"https:\/\/lasentinelle.dz\/index.php\/2026\/09\/02\/khaldi-hattab-et-bouslimani-de-retour-aux-affaires-les-nouveaux-ministres-affichent-leurs-ambitions\/","url":"https:\/\/lasentinelle.dz\/index.php\/2026\/09\/02\/khaldi-hattab-et-bouslimani-de-retour-aux-affaires-les-nouveaux-ministres-affichent-leurs-ambitions\/","name":"Khaldi, Hattab et Bouslimani de retour aux affaires\u00a0: Les nouveaux ministres affichent leurs ambitions - La Sentinelle","isPartOf":{"@id":"https:\/\/lasentinelle.dz\/#website"},"primaryImageOfPage":{"@id":"https:\/\/lasentinelle.dz\/index.php\/2026\/09\/02\/khaldi-hattab-et-bouslimani-de-retour-aux-affaires-les-nouveaux-ministres-affichent-leurs-ambitions\/#primaryimage"},"image":{"@id":"https:\/\/lasentinelle.dz\/index.php\/2026\/09\/02\/khaldi-hattab-et-bouslimani-de-retour-aux-affaires-les-nouveaux-ministres-affichent-leurs-ambitions\/#primaryimage"},"thumbnailUrl":"https:\/\/lasentinelle.dz\/wp-content\/uploads\/2026\/09\/khaldi.jpeg","datePublished":"2026-09-02T19:07:57+00:00","dateModified":"2026-09-04T19:09:43+00:00","breadcrumb":{"@id":"https:\/\/lasentinelle.dz\/index.php\/2026\/09\/02\/khaldi-hattab-et-bouslimani-de-retour-aux-affaires-les-nouveaux-ministres-affichent-leurs-ambitions\/#breadcrumb"},"inLanguage":"fr-FR","potentialAction":[{"@type":"ReadAction","target":["https:\/\/lasentinelle.dz\/index.php\/2026\/09\/02\/khaldi-hattab-et-bouslimani-de-retour-aux-affaires-les-nouveaux-ministres-affichent-leurs-ambitions\/"]}]},{"@type":"ImageObject","inLanguage":"fr-FR","@id":"https:\/\/lasentinelle.dz\/index.php\/2026\/09\/02\/khaldi-hattab-et-bouslimani-de-retour-aux-affaires-les-nouveaux-ministres-affichent-leurs-ambitions\/#primaryimage","url":"https:\/\/lasentinelle.dz\/wp-content\/uploads\/2026\/09\/khaldi.jpeg","contentUrl":"https:\/\/lasentinelle.dz\/wp-content\/uploads\/2026\/09\/khaldi.jpeg","width":1280,"height":995},{"@type":"BreadcrumbList","@id":"https:\/\/lasentinelle.dz\/index.php\/2026\/09\/02\/khaldi-hattab-et-bouslimani-de-retour-aux-affaires-les-nouveaux-ministres-affichent-leurs-ambitions\/#breadcrumb","itemListElement":[{"@type":"ListItem","position":1,"name":"Accueil","item":"https:\/\/lasentinelle.dz\/"},{"@type":"ListItem","position":2,"name":"Khaldi, Hattab et Bouslimani de retour aux affaires\u00a0: Les nouveaux ministres affichent leurs ambitions"}]},{"@type":"WebSite","@id":"https:\/\/lasentinelle.dz\/#website","url":"https:\/\/lasentinelle.dz\/","name":"La Sentinelle","description":"Quotidien national d&#039;information","publisher":{"@id":"https:\/\/lasentinelle.dz\/#organization"},"potentialAction":[{"@type":"SearchAction","target":{"@type":"EntryPoint","urlTemplate":"https:\/\/lasentinelle.dz\/?s={search_term_string}"},"query-input":{"@type":"PropertyValueSpecification","valueRequired":true,"valueName":"search_term_string"}}],"inLanguage":"fr-FR"},{"@type":"Organization","@id":"https:\/\/lasentinelle.dz\/#organization","name":"Quotidien La Sentinelle","url":"https:\/\/lasentinelle.dz\/","logo":{"@type":"ImageObject","inLanguage":"fr-FR","@id":"https:\/\/lasentinelle.dz\/#\/schema\/logo\/image\/","url":"https:\/\/lasentinelle.dz\/wp-content\/uploads\/2021\/09\/logo-sentinelleSLOGAN-1.png","contentUrl":"https:\/\/lasentinelle.dz\/wp-content\/uploads\/2021\/09\/logo-sentinelleSLOGAN-1.png","width":615,"height":142,"caption":"Quotidien La Sentinelle"},"image":{"@id":"https:\/\/lasentinelle.dz\/#\/schema\/logo\/image\/"},"sameAs":["https:\/\/www.facebook.com\/La-Sentinelle-104059864394773"]},{"@type":"Person","@id":"https:\/\/lasentinelle.dz\/#\/schema\/person\/729ee0024f24e0b8c5ec17232f8e8b41","name":"admin","image":{"@type":"ImageObject","inLanguage":"fr-FR","@id":"https:\/\/secure.gravatar.com\/avatar\/4c81fed838786e9b53f540bf46533e750f5d292099ae3b66cfc6fb1982e29df7?s=96&d=mm&r=g","url":"https:\/\/secure.gravatar.com\/avatar\/4c81fed838786e9b53f540bf46533e750f5d292099ae3b66cfc6fb1982e29df7?s=96&d=mm&r=g","contentUrl":"https:\/\/secure.gravatar.com\/avatar\/4c81fed838786e9b53f540bf46533e750f5d292099ae3b66cfc6fb1982e29df7?s=96&d=mm&r=g","caption":"admin"},"description":"admin","url":"https:\/\/lasentinelle.dz\/author\/admin\/"}]}},"_links":{"self":[{"href":"https:\/\/lasentinelle.dz\/index.php\/wp-json\/wp\/v2\/posts\/94953","targetHints":{"allow":["GET"]}}],"collection":[{"href":"https:\/\/lasentinelle.dz\/index.php\/wp-json\/wp\/v2\/posts"}],"about":[{"href":"https:\/\/lasentinelle.dz\/index.php\/wp-json\/wp\/v2\/types\/post"}],"author":[{"embeddable":true,"href":"https:\/\/lasentinelle.dz\/index.php\/wp-json\/wp\/v2\/users\/6"}],"replies":[{"embeddable":true,"href":"https:\/\/lasentinelle.dz\/index.php\/wp-json\/wp\/v2\/comments?post=94953"}],"version-history":[{"count":1,"href":"https:\/\/lasentinelle.dz\/index.php\/wp-json\/wp\/v2\/posts\/94953\/revisions"}],"predecessor-version":[{"id":94955,"href":"https:\/\/lasentinelle.dz\/index.php\/wp-json\/wp\/v2\/posts\/94953\/revisions\/94955"}],"wp:featuredmedia":[{"embeddable":true,"href":"https:\/\/lasentinelle.dz\/index.php\/wp-json\/wp\/v2\/media\/94954"}],"wp:attachment":[{"href":"https:\/\/lasentinelle.dz\/index.php\/wp-json\/wp\/v2\/media?parent=94953"}],"wp:term":[{"taxonomy":"category","embeddable":true,"href":"https:\/\/lasentinelle.dz\/index.php\/wp-json\/wp\/v2\/categories?post=94953"},{"taxonomy":"post_tag","embeddable":true,"href":"https:\/\/lasentinelle.dz\/index.php\/wp-json\/wp\/v2\/tags?post=94953"}],"curies":[{"name":"wp","href":"https:\/\/api.w.org\/{rel}","templated":true}]}}