{"id":94956,"date":"2026-09-02T20:13:14","date_gmt":"2026-09-02T19:13:14","guid":{"rendered":"https:\/\/lasentinelle.dz\/?p=94956"},"modified":"2026-09-04T20:14:54","modified_gmt":"2026-09-04T19:14:54","slug":"lebbou-prend-ses-fonctions-a-la-tete-du-departement-des-finances-relancer-un-chantier-de-reforme-inacheve","status":"publish","type":"post","link":"https:\/\/lasentinelle.dz\/index.php\/2026\/09\/02\/lebbou-prend-ses-fonctions-a-la-tete-du-departement-des-finances-relancer-un-chantier-de-reforme-inacheve\/","title":{"rendered":"Lebbou prend ses fonctions \u00e0 la t\u00eate du d\u00e9partement des Finances\u00a0: Relancer un chantier de r\u00e9forme inachev\u00e9"},"content":{"rendered":"\n<p class=\"wp-block-paragraph\">Mohammed Lamine Lebbou a pris ses fonctions de ministre des Finances mercredi, succ\u00e9dant \u00e0 Abdelkrim Bouzred dans le cadre du remaniement minist\u00e9riel partiel op\u00e9r\u00e9 la veille par le pr\u00e9sident Abdelmadjid Tebboune, qui a \u00e9galement renouvel\u00e9 les titulaires de l&rsquo;Agriculture, du Travail et de la Communication. S&rsquo;exprimant \u00e0 cette occasion, M. Lebbou a adress\u00e9 ses remerciements et fait part de sa gratitude au pr\u00e9sident de la R\u00e9publique pour la confiance plac\u00e9e en sa personne, soulignant son engagement \u00e0 poursuivre le processus de r\u00e9formes financi\u00e8res, \u00e0 renforcer les \u00e9quilibres \u00e9conomiques, \u00e0 rationaliser les d\u00e9penses publiques et \u00e0 ancrer les principes de transparence et d&rsquo;efficacit\u00e9 dans la gestion des deniers publics, en droite ligne avec les priorit\u00e9s de l&rsquo;Etat, tout en veillant \u00e0 la mise en \u0153uvre effective de la loi de finances. Mais au-del\u00e0 de la c\u00e9r\u00e9monie protocolaire, tenue au si\u00e8ge du minist\u00e8re en pr\u00e9sence du directeur g\u00e9n\u00e9ral des Douanes, le G\u00e9n\u00e9ral-Major Abdelhafid Bakhouche, c&rsquo;est un dossier rest\u00e9 en souffrance sous plusieurs ministres successifs que le nouvel arrivant doit d\u00e9sormais faire aboutir.<\/p>\n\n\n\n<p class=\"wp-block-paragraph\">Ce dossier, le chef de l&rsquo;\u00c9tat l&rsquo;a rappel\u00e9 \u00e0 intervalles r\u00e9guliers ces derniers mois. La r\u00e9forme du syst\u00e8me bancaire national avance trop lentement \u00e0 son go\u00fbt, et la frilosit\u00e9 persistante des banques publiques \u00e0 financer l&rsquo;investissement priv\u00e9 continue de freiner l&rsquo;\u00e9conomie. Lors de son dernier entretien p\u00e9riodique avec la presse nationale, le pr\u00e9sident de la R\u00e9publique a de nouveau reproch\u00e9 aux \u00e9tablissements publics leur lenteur \u00e0 accorder des cr\u00e9dits, rappelant avoir instruit l&rsquo;ouverture du capital du CPA et de la BDL \u00e0 des actionnaires priv\u00e9s pour changer l&rsquo;approche du financement. Il a confi\u00e9 interroger r\u00e9guli\u00e8rement ses ministres des Finances sur l&rsquo;\u00e9tat d&rsquo;avancement de cette r\u00e9forme, une insistance qui, jusqu&rsquo;ici, ne s&rsquo;est traduite que partiellement dans les faits.<\/p>\n\n\n\n<p class=\"wp-block-paragraph\">En confiant le portefeuille \u00e0 M. Lebbou, le pr\u00e9sident Tebboune mise sur un profil venu directement de la Banque d&rsquo;Alg\u00e9rie. Nomm\u00e9 gouverneur en f\u00e9vrier dernier, \u00e0 peine plus de six mois avant sa nomination aux Finances, l&rsquo;universitaire d&rsquo;Annaba y a maintenu le taux directeur \u00e0 2,50 % et le coefficient des r\u00e9serves obligatoires \u00e0 1 %, dans la continuit\u00e9 de la politique assouplie fin 2025, tout en engageant une modernisation r\u00e9glementaire du secteur. Sous son mandat, la Banque centrale a pr\u00e9par\u00e9 une directive contraignante sur la connaissance du client (KYC), destin\u00e9e \u00e0 aligner les banques alg\u00e9riennes sur les standards internationaux de lutte contre le blanchiment et \u00e0 capter les liquidit\u00e9s informelles vers les circuits officiels. Sa nomination fait de lui le troisi\u00e8me gouverneur de l&rsquo;institut d&rsquo;\u00e9mission, apr\u00e8s Mohamed Loukal et Aymen Benabderrahmane, \u00e0 rejoindre le minist\u00e8re des Finances depuis 2019, un aller-retour institutionnel qui illustre la centralit\u00e9 accord\u00e9e \u00e0 la stabilit\u00e9 mon\u00e9taire dans la conduite des finances publiques, mais aussi la rotation soutenue \u00e0 la t\u00eate de la Banque d&rsquo;Alg\u00e9rie, appel\u00e9e \u00e0 conna\u00eetre un sixi\u00e8me gouverneur en sept ans.<\/p>\n\n\n\n<p class=\"wp-block-paragraph\">Samira Ghrib<\/p>\n","protected":false},"excerpt":{"rendered":"<p>Mohammed Lamine Lebbou a pris ses fonctions de ministre des Finances mercredi, succ\u00e9dant \u00e0 Abdelkrim Bouzred dans le cadre du<\/p>\n","protected":false},"author":6,"featured_media":94957,"comment_status":"open","ping_status":"closed","sticky":false,"template":"","format":"standard","meta":{"colormag_page_container_layout":"default_layout","colormag_page_sidebar_layout":"default_layout","om_disable_all_campaigns":false,"_monsterinsights_skip_tracking":false,"footnotes":"","_wpscppro_dont_share_socialmedia":false,"_wpscppro_custom_social_share_image":0,"_facebook_share_type":"default","_twitter_share_type":"default","_linkedin_share_type":"default","_pinterest_share_type":"default","_linkedin_share_type_page":"","_instagram_share_type":"default","_medium_share_type":"default","_threads_share_type":"default","_google_business_share_type":"default","_bluesky_share_type":"default","_mastodon_share_type":"default","_selected_social_profile":[],"_wpsp_enable_custom_social_template":false,"_wpsp_social_scheduling":{"enabled":false,"datetime":null,"platforms":[],"status":"template_only","dateOption":"today","timeOption":"now","customDays":"","customHours":"","customDate":"","customTime":"","schedulingType":"absolute"},"_wpsp_active_default_template":true},"categories":[27],"tags":[],"class_list":["post-94956","post","type-post","status-publish","format-standard","has-post-thumbnail","hentry","category-actualite"],"aioseo_notices":[],"aioseo_head":"\n\t\t<!-- All in One SEO 5.0.0.1 - aioseo.com -->\n\t<meta name=\"description\" content=\"Mohammed Lamine Lebbou a pris ses fonctions de ministre des Finances mercredi, succ\u00e9dant \u00e0 Abdelkrim Bouzred dans le cadre du remaniement minist\u00e9riel partiel op\u00e9r\u00e9 la veille par le pr\u00e9sident Abdelmadjid Tebboune, qui a \u00e9galement renouvel\u00e9 les titulaires de l&#039;Agriculture, du Travail et de la Communication. S&#039;exprimant \u00e0 cette occasion, M. Lebbou a adress\u00e9 ses remerciements\" \/>\n\t<meta name=\"robots\" content=\"max-image-preview:large\" \/>\n\t<meta name=\"author\" content=\"admin\"\/>\n\t<link rel=\"canonical\" href=\"https:\/\/lasentinelle.dz\/index.php\/2026\/09\/02\/lebbou-prend-ses-fonctions-a-la-tete-du-departement-des-finances-relancer-un-chantier-de-reforme-inacheve\/\" \/>\n\t<meta name=\"generator\" content=\"All in One SEO (AIOSEO) 5.0.0.1\" \/>\n\t\t<meta property=\"og:locale\" content=\"fr_FR\" \/>\n\t\t<meta property=\"og:site_name\" content=\"La Sentinelle - Quotidien national d&#039;information\" \/>\n\t\t<meta property=\"og:type\" content=\"article\" \/>\n\t\t<meta property=\"og:title\" content=\"Lebbou prend ses fonctions \u00e0 la t\u00eate du d\u00e9partement des Finances : Relancer un chantier de r\u00e9forme inachev\u00e9 - La Sentinelle\" \/>\n\t\t<meta property=\"og:description\" content=\"Mohammed Lamine Lebbou a pris ses fonctions de ministre des Finances mercredi, succ\u00e9dant \u00e0 Abdelkrim Bouzred dans le cadre du remaniement minist\u00e9riel partiel op\u00e9r\u00e9 la veille par le pr\u00e9sident Abdelmadjid Tebboune, qui a \u00e9galement renouvel\u00e9 les titulaires de l&#039;Agriculture, du Travail et de la Communication. S&#039;exprimant \u00e0 cette occasion, M. Lebbou a adress\u00e9 ses remerciements\" \/>\n\t\t<meta property=\"og:url\" content=\"https:\/\/lasentinelle.dz\/index.php\/2026\/09\/02\/lebbou-prend-ses-fonctions-a-la-tete-du-departement-des-finances-relancer-un-chantier-de-reforme-inacheve\/\" \/>\n\t\t<meta property=\"og:image\" content=\"https:\/\/lasentinelle.dz\/wp-content\/uploads\/2021\/09\/cropped-la-sentinelle-earth-golden-anima-5.gif\" \/>\n\t\t<meta property=\"og:image:secure_url\" content=\"https:\/\/lasentinelle.dz\/wp-content\/uploads\/2021\/09\/cropped-la-sentinelle-earth-golden-anima-5.gif\" \/>\n\t\t<meta property=\"og:image:width\" content=\"450\" \/>\n\t\t<meta property=\"og:image:height\" content=\"213\" \/>\n\t\t<meta property=\"article:published_time\" content=\"2026-09-02T19:13:14+00:00\" \/>\n\t\t<meta property=\"article:modified_time\" content=\"2026-09-04T19:14:54+00:00\" \/>\n\t\t<meta property=\"article:publisher\" content=\"https:\/\/www.facebook.com\/azzedine.lasentinelle.1\" \/>\n\t\t<meta name=\"twitter:card\" content=\"summary_large_image\" \/>\n\t\t<meta name=\"twitter:title\" content=\"Lebbou prend ses fonctions \u00e0 la t\u00eate du d\u00e9partement des Finances : Relancer un chantier de r\u00e9forme inachev\u00e9 - La Sentinelle\" \/>\n\t\t<meta name=\"twitter:description\" content=\"Mohammed Lamine Lebbou a pris ses fonctions de ministre des Finances mercredi, succ\u00e9dant \u00e0 Abdelkrim Bouzred dans le cadre du remaniement minist\u00e9riel partiel op\u00e9r\u00e9 la veille par le pr\u00e9sident Abdelmadjid Tebboune, qui a \u00e9galement renouvel\u00e9 les titulaires de l&#039;Agriculture, du Travail et de la Communication. S&#039;exprimant \u00e0 cette occasion, M. Lebbou a adress\u00e9 ses remerciements\" \/>\n\t\t<meta name=\"twitter:image\" content=\"https:\/\/lasentinelle.dz\/wp-content\/uploads\/2021\/09\/cropped-la-sentinelle-earth-golden-anima-5.gif\" \/>\n\t\t<script type=\"application\/ld+json\" class=\"aioseo-schema\">\n\t\t\t{\"@context\":\"https:\\\/\\\/schema.org\",\"@graph\":[{\"@type\":\"BlogPosting\",\"@id\":\"https:\\\/\\\/lasentinelle.dz\\\/index.php\\\/2026\\\/09\\\/02\\\/lebbou-prend-ses-fonctions-a-la-tete-du-departement-des-finances-relancer-un-chantier-de-reforme-inacheve\\\/#blogposting\",\"name\":\"Lebbou prend ses fonctions \\u00e0 la t\\u00eate du d\\u00e9partement des Finances : Relancer un chantier de r\\u00e9forme inachev\\u00e9 - La Sentinelle\",\"headline\":\"Lebbou prend ses fonctions \\u00e0 la t\\u00eate du d\\u00e9partement des Finances\\u00a0: Relancer un chantier de r\\u00e9forme inachev\\u00e9\",\"author\":{\"@id\":\"https:\\\/\\\/lasentinelle.dz\\\/author\\\/admin\\\/#author\"},\"publisher\":{\"@id\":\"https:\\\/\\\/lasentinelle.dz\\\/#organization\"},\"image\":{\"@type\":\"ImageObject\",\"url\":\"https:\\\/\\\/lasentinelle.dz\\\/wp-content\\\/uploads\\\/2026\\\/09\\\/lebbou.webp\",\"width\":900,\"height\":675},\"datePublished\":\"2026-09-02T20:13:14+01:00\",\"dateModified\":\"2026-09-04T20:14:54+01:00\",\"inLanguage\":\"fr-FR\",\"mainEntityOfPage\":{\"@id\":\"https:\\\/\\\/lasentinelle.dz\\\/index.php\\\/2026\\\/09\\\/02\\\/lebbou-prend-ses-fonctions-a-la-tete-du-departement-des-finances-relancer-un-chantier-de-reforme-inacheve\\\/#webpage\"},\"isPartOf\":{\"@id\":\"https:\\\/\\\/lasentinelle.dz\\\/index.php\\\/2026\\\/09\\\/02\\\/lebbou-prend-ses-fonctions-a-la-tete-du-departement-des-finances-relancer-un-chantier-de-reforme-inacheve\\\/#webpage\"},\"articleSection\":\"Actualit\\u00e9\"},{\"@type\":\"BreadcrumbList\",\"@id\":\"https:\\\/\\\/lasentinelle.dz\\\/index.php\\\/2026\\\/09\\\/02\\\/lebbou-prend-ses-fonctions-a-la-tete-du-departement-des-finances-relancer-un-chantier-de-reforme-inacheve\\\/#breadcrumblist\",\"itemListElement\":[{\"@type\":\"ListItem\",\"@id\":\"https:\\\/\\\/lasentinelle.dz#listItem\",\"position\":1,\"name\":\"Home\",\"item\":\"https:\\\/\\\/lasentinelle.dz\",\"nextItem\":{\"@type\":\"ListItem\",\"@id\":\"https:\\\/\\\/lasentinelle.dz\\\/index.php\\\/category\\\/actualite\\\/#listItem\",\"name\":\"Actualit\\u00e9\"}},{\"@type\":\"ListItem\",\"@id\":\"https:\\\/\\\/lasentinelle.dz\\\/index.php\\\/category\\\/actualite\\\/#listItem\",\"position\":2,\"name\":\"Actualit\\u00e9\",\"item\":\"https:\\\/\\\/lasentinelle.dz\\\/index.php\\\/category\\\/actualite\\\/\",\"nextItem\":{\"@type\":\"ListItem\",\"@id\":\"https:\\\/\\\/lasentinelle.dz\\\/index.php\\\/2026\\\/09\\\/02\\\/lebbou-prend-ses-fonctions-a-la-tete-du-departement-des-finances-relancer-un-chantier-de-reforme-inacheve\\\/#listItem\",\"name\":\"Lebbou prend ses fonctions \\u00e0 la t\\u00eate du d\\u00e9partement des Finances\\u00a0: Relancer un chantier de r\\u00e9forme inachev\\u00e9\"},\"previousItem\":{\"@type\":\"ListItem\",\"@id\":\"https:\\\/\\\/lasentinelle.dz#listItem\",\"name\":\"Home\"}},{\"@type\":\"ListItem\",\"@id\":\"https:\\\/\\\/lasentinelle.dz\\\/index.php\\\/2026\\\/09\\\/02\\\/lebbou-prend-ses-fonctions-a-la-tete-du-departement-des-finances-relancer-un-chantier-de-reforme-inacheve\\\/#listItem\",\"position\":3,\"name\":\"Lebbou prend ses fonctions \\u00e0 la t\\u00eate du d\\u00e9partement des Finances\\u00a0: Relancer un chantier de r\\u00e9forme inachev\\u00e9\",\"previousItem\":{\"@type\":\"ListItem\",\"@id\":\"https:\\\/\\\/lasentinelle.dz\\\/index.php\\\/category\\\/actualite\\\/#listItem\",\"name\":\"Actualit\\u00e9\"}}]},{\"@type\":\"Organization\",\"@id\":\"https:\\\/\\\/lasentinelle.dz\\\/#organization\",\"name\":\"La Sentinelle La Sentinelle\",\"description\":\"Quotidien national d'information\",\"url\":\"https:\\\/\\\/lasentinelle.dz\\\/\",\"logo\":{\"@type\":\"ImageObject\",\"url\":\"https:\\\/\\\/lasentinelle.dz\\\/wp-content\\\/uploads\\\/2021\\\/09\\\/cropped-la-sentinelle-earth-golden-anima-5.gif\",\"@id\":\"https:\\\/\\\/lasentinelle.dz\\\/index.php\\\/2026\\\/09\\\/02\\\/lebbou-prend-ses-fonctions-a-la-tete-du-departement-des-finances-relancer-un-chantier-de-reforme-inacheve\\\/#organizationLogo\",\"width\":450,\"height\":213},\"image\":{\"@id\":\"https:\\\/\\\/lasentinelle.dz\\\/index.php\\\/2026\\\/09\\\/02\\\/lebbou-prend-ses-fonctions-a-la-tete-du-departement-des-finances-relancer-un-chantier-de-reforme-inacheve\\\/#organizationLogo\"},\"sameAs\":[\"https:\\\/\\\/www.facebook.com\\\/azzedine.lasentinelle.1\"]},{\"@type\":\"Person\",\"@id\":\"https:\\\/\\\/lasentinelle.dz\\\/author\\\/admin\\\/#author\",\"url\":\"https:\\\/\\\/lasentinelle.dz\\\/author\\\/admin\\\/\",\"name\":\"admin\",\"image\":{\"@type\":\"ImageObject\",\"@id\":\"https:\\\/\\\/lasentinelle.dz\\\/index.php\\\/2026\\\/09\\\/02\\\/lebbou-prend-ses-fonctions-a-la-tete-du-departement-des-finances-relancer-un-chantier-de-reforme-inacheve\\\/#authorImage\",\"url\":\"https:\\\/\\\/secure.gravatar.com\\\/avatar\\\/4c81fed838786e9b53f540bf46533e750f5d292099ae3b66cfc6fb1982e29df7?s=96&d=mm&r=g\",\"width\":96,\"height\":96,\"caption\":\"admin\"}},{\"@type\":\"WebPage\",\"@id\":\"https:\\\/\\\/lasentinelle.dz\\\/index.php\\\/2026\\\/09\\\/02\\\/lebbou-prend-ses-fonctions-a-la-tete-du-departement-des-finances-relancer-un-chantier-de-reforme-inacheve\\\/#webpage\",\"url\":\"https:\\\/\\\/lasentinelle.dz\\\/index.php\\\/2026\\\/09\\\/02\\\/lebbou-prend-ses-fonctions-a-la-tete-du-departement-des-finances-relancer-un-chantier-de-reforme-inacheve\\\/\",\"name\":\"Lebbou prend ses fonctions \\u00e0 la t\\u00eate du d\\u00e9partement des Finances : Relancer un chantier de r\\u00e9forme inachev\\u00e9 - La Sentinelle\",\"description\":\"Mohammed Lamine Lebbou a pris ses fonctions de ministre des Finances mercredi, succ\\u00e9dant \\u00e0 Abdelkrim Bouzred dans le cadre du remaniement minist\\u00e9riel partiel op\\u00e9r\\u00e9 la veille par le pr\\u00e9sident Abdelmadjid Tebboune, qui a \\u00e9galement renouvel\\u00e9 les titulaires de l'Agriculture, du Travail et de la Communication. S'exprimant \\u00e0 cette occasion, M. Lebbou a adress\\u00e9 ses remerciements\",\"inLanguage\":\"fr-FR\",\"isPartOf\":{\"@id\":\"https:\\\/\\\/lasentinelle.dz\\\/#website\"},\"breadcrumb\":{\"@id\":\"https:\\\/\\\/lasentinelle.dz\\\/index.php\\\/2026\\\/09\\\/02\\\/lebbou-prend-ses-fonctions-a-la-tete-du-departement-des-finances-relancer-un-chantier-de-reforme-inacheve\\\/#breadcrumblist\"},\"author\":{\"@id\":\"https:\\\/\\\/lasentinelle.dz\\\/author\\\/admin\\\/#author\"},\"creator\":{\"@id\":\"https:\\\/\\\/lasentinelle.dz\\\/author\\\/admin\\\/#author\"},\"image\":{\"@type\":\"ImageObject\",\"url\":\"https:\\\/\\\/lasentinelle.dz\\\/wp-content\\\/uploads\\\/2026\\\/09\\\/lebbou.webp\",\"@id\":\"https:\\\/\\\/lasentinelle.dz\\\/index.php\\\/2026\\\/09\\\/02\\\/lebbou-prend-ses-fonctions-a-la-tete-du-departement-des-finances-relancer-un-chantier-de-reforme-inacheve\\\/#mainImage\",\"width\":900,\"height\":675},\"primaryImageOfPage\":{\"@id\":\"https:\\\/\\\/lasentinelle.dz\\\/index.php\\\/2026\\\/09\\\/02\\\/lebbou-prend-ses-fonctions-a-la-tete-du-departement-des-finances-relancer-un-chantier-de-reforme-inacheve\\\/#mainImage\"},\"datePublished\":\"2026-09-02T20:13:14+01:00\",\"dateModified\":\"2026-09-04T20:14:54+01:00\"},{\"@type\":\"WebSite\",\"@id\":\"https:\\\/\\\/lasentinelle.dz\\\/#website\",\"url\":\"https:\\\/\\\/lasentinelle.dz\\\/\",\"name\":\"La Sentinelle\",\"description\":\"Quotidien national d'information\",\"inLanguage\":\"fr-FR\",\"publisher\":{\"@id\":\"https:\\\/\\\/lasentinelle.dz\\\/#organization\"}}]}\n\t\t<\/script>\n\t\t<!-- All in One SEO -->\n\n","aioseo_head_json":{"title":"Lebbou prend ses fonctions \u00e0 la t\u00eate du d\u00e9partement des Finances : Relancer un chantier de r\u00e9forme inachev\u00e9 - La Sentinelle","description":"Mohammed Lamine Lebbou a pris ses fonctions de ministre des Finances mercredi, succ\u00e9dant \u00e0 Abdelkrim Bouzred dans le cadre du remaniement minist\u00e9riel partiel op\u00e9r\u00e9 la veille par le pr\u00e9sident Abdelmadjid Tebboune, qui a \u00e9galement renouvel\u00e9 les titulaires de l'Agriculture, du Travail et de la Communication. S'exprimant \u00e0 cette occasion, M. Lebbou a adress\u00e9 ses remerciements","canonical_url":"https:\/\/lasentinelle.dz\/index.php\/2026\/09\/02\/lebbou-prend-ses-fonctions-a-la-tete-du-departement-des-finances-relancer-un-chantier-de-reforme-inacheve\/","robots":"max-image-preview:large","keywords":"","webmasterTools":{"miscellaneous":""},"schema":{"@context":"https:\/\/schema.org","@graph":[{"@type":"BlogPosting","@id":"https:\/\/lasentinelle.dz\/index.php\/2026\/09\/02\/lebbou-prend-ses-fonctions-a-la-tete-du-departement-des-finances-relancer-un-chantier-de-reforme-inacheve\/#blogposting","name":"Lebbou prend ses fonctions \u00e0 la t\u00eate du d\u00e9partement des Finances : Relancer un chantier de r\u00e9forme inachev\u00e9 - La Sentinelle","headline":"Lebbou prend ses fonctions \u00e0 la t\u00eate du d\u00e9partement des Finances\u00a0: Relancer un chantier de r\u00e9forme inachev\u00e9","author":{"@id":"https:\/\/lasentinelle.dz\/author\/admin\/#author"},"publisher":{"@id":"https:\/\/lasentinelle.dz\/#organization"},"image":{"@type":"ImageObject","url":"https:\/\/lasentinelle.dz\/wp-content\/uploads\/2026\/09\/lebbou.webp","width":900,"height":675},"datePublished":"2026-09-02T20:13:14+01:00","dateModified":"2026-09-04T20:14:54+01:00","inLanguage":"fr-FR","mainEntityOfPage":{"@id":"https:\/\/lasentinelle.dz\/index.php\/2026\/09\/02\/lebbou-prend-ses-fonctions-a-la-tete-du-departement-des-finances-relancer-un-chantier-de-reforme-inacheve\/#webpage"},"isPartOf":{"@id":"https:\/\/lasentinelle.dz\/index.php\/2026\/09\/02\/lebbou-prend-ses-fonctions-a-la-tete-du-departement-des-finances-relancer-un-chantier-de-reforme-inacheve\/#webpage"},"articleSection":"Actualit\u00e9"},{"@type":"BreadcrumbList","@id":"https:\/\/lasentinelle.dz\/index.php\/2026\/09\/02\/lebbou-prend-ses-fonctions-a-la-tete-du-departement-des-finances-relancer-un-chantier-de-reforme-inacheve\/#breadcrumblist","itemListElement":[{"@type":"ListItem","@id":"https:\/\/lasentinelle.dz#listItem","position":1,"name":"Home","item":"https:\/\/lasentinelle.dz","nextItem":{"@type":"ListItem","@id":"https:\/\/lasentinelle.dz\/index.php\/category\/actualite\/#listItem","name":"Actualit\u00e9"}},{"@type":"ListItem","@id":"https:\/\/lasentinelle.dz\/index.php\/category\/actualite\/#listItem","position":2,"name":"Actualit\u00e9","item":"https:\/\/lasentinelle.dz\/index.php\/category\/actualite\/","nextItem":{"@type":"ListItem","@id":"https:\/\/lasentinelle.dz\/index.php\/2026\/09\/02\/lebbou-prend-ses-fonctions-a-la-tete-du-departement-des-finances-relancer-un-chantier-de-reforme-inacheve\/#listItem","name":"Lebbou prend ses fonctions \u00e0 la t\u00eate du d\u00e9partement des Finances\u00a0: Relancer un chantier de r\u00e9forme inachev\u00e9"},"previousItem":{"@type":"ListItem","@id":"https:\/\/lasentinelle.dz#listItem","name":"Home"}},{"@type":"ListItem","@id":"https:\/\/lasentinelle.dz\/index.php\/2026\/09\/02\/lebbou-prend-ses-fonctions-a-la-tete-du-departement-des-finances-relancer-un-chantier-de-reforme-inacheve\/#listItem","position":3,"name":"Lebbou prend ses fonctions \u00e0 la t\u00eate du d\u00e9partement des Finances\u00a0: Relancer un chantier de r\u00e9forme inachev\u00e9","previousItem":{"@type":"ListItem","@id":"https:\/\/lasentinelle.dz\/index.php\/category\/actualite\/#listItem","name":"Actualit\u00e9"}}]},{"@type":"Organization","@id":"https:\/\/lasentinelle.dz\/#organization","name":"La Sentinelle La Sentinelle","description":"Quotidien national d'information","url":"https:\/\/lasentinelle.dz\/","logo":{"@type":"ImageObject","url":"https:\/\/lasentinelle.dz\/wp-content\/uploads\/2021\/09\/cropped-la-sentinelle-earth-golden-anima-5.gif","@id":"https:\/\/lasentinelle.dz\/index.php\/2026\/09\/02\/lebbou-prend-ses-fonctions-a-la-tete-du-departement-des-finances-relancer-un-chantier-de-reforme-inacheve\/#organizationLogo","width":450,"height":213},"image":{"@id":"https:\/\/lasentinelle.dz\/index.php\/2026\/09\/02\/lebbou-prend-ses-fonctions-a-la-tete-du-departement-des-finances-relancer-un-chantier-de-reforme-inacheve\/#organizationLogo"},"sameAs":["https:\/\/www.facebook.com\/azzedine.lasentinelle.1"]},{"@type":"Person","@id":"https:\/\/lasentinelle.dz\/author\/admin\/#author","url":"https:\/\/lasentinelle.dz\/author\/admin\/","name":"admin","image":{"@type":"ImageObject","@id":"https:\/\/lasentinelle.dz\/index.php\/2026\/09\/02\/lebbou-prend-ses-fonctions-a-la-tete-du-departement-des-finances-relancer-un-chantier-de-reforme-inacheve\/#authorImage","url":"https:\/\/secure.gravatar.com\/avatar\/4c81fed838786e9b53f540bf46533e750f5d292099ae3b66cfc6fb1982e29df7?s=96&d=mm&r=g","width":96,"height":96,"caption":"admin"}},{"@type":"WebPage","@id":"https:\/\/lasentinelle.dz\/index.php\/2026\/09\/02\/lebbou-prend-ses-fonctions-a-la-tete-du-departement-des-finances-relancer-un-chantier-de-reforme-inacheve\/#webpage","url":"https:\/\/lasentinelle.dz\/index.php\/2026\/09\/02\/lebbou-prend-ses-fonctions-a-la-tete-du-departement-des-finances-relancer-un-chantier-de-reforme-inacheve\/","name":"Lebbou prend ses fonctions \u00e0 la t\u00eate du d\u00e9partement des Finances : Relancer un chantier de r\u00e9forme inachev\u00e9 - La Sentinelle","description":"Mohammed Lamine Lebbou a pris ses fonctions de ministre des Finances mercredi, succ\u00e9dant \u00e0 Abdelkrim Bouzred dans le cadre du remaniement minist\u00e9riel partiel op\u00e9r\u00e9 la veille par le pr\u00e9sident Abdelmadjid Tebboune, qui a \u00e9galement renouvel\u00e9 les titulaires de l'Agriculture, du Travail et de la Communication. S'exprimant \u00e0 cette occasion, M. Lebbou a adress\u00e9 ses remerciements","inLanguage":"fr-FR","isPartOf":{"@id":"https:\/\/lasentinelle.dz\/#website"},"breadcrumb":{"@id":"https:\/\/lasentinelle.dz\/index.php\/2026\/09\/02\/lebbou-prend-ses-fonctions-a-la-tete-du-departement-des-finances-relancer-un-chantier-de-reforme-inacheve\/#breadcrumblist"},"author":{"@id":"https:\/\/lasentinelle.dz\/author\/admin\/#author"},"creator":{"@id":"https:\/\/lasentinelle.dz\/author\/admin\/#author"},"image":{"@type":"ImageObject","url":"https:\/\/lasentinelle.dz\/wp-content\/uploads\/2026\/09\/lebbou.webp","@id":"https:\/\/lasentinelle.dz\/index.php\/2026\/09\/02\/lebbou-prend-ses-fonctions-a-la-tete-du-departement-des-finances-relancer-un-chantier-de-reforme-inacheve\/#mainImage","width":900,"height":675},"primaryImageOfPage":{"@id":"https:\/\/lasentinelle.dz\/index.php\/2026\/09\/02\/lebbou-prend-ses-fonctions-a-la-tete-du-departement-des-finances-relancer-un-chantier-de-reforme-inacheve\/#mainImage"},"datePublished":"2026-09-02T20:13:14+01:00","dateModified":"2026-09-04T20:14:54+01:00"},{"@type":"WebSite","@id":"https:\/\/lasentinelle.dz\/#website","url":"https:\/\/lasentinelle.dz\/","name":"La Sentinelle","description":"Quotidien national d'information","inLanguage":"fr-FR","publisher":{"@id":"https:\/\/lasentinelle.dz\/#organization"}}]},"og:locale":"fr_FR","og:site_name":"La Sentinelle - Quotidien national d'information","og:type":"article","og:title":"Lebbou prend ses fonctions \u00e0 la t\u00eate du d\u00e9partement des Finances : Relancer un chantier de r\u00e9forme inachev\u00e9 - La Sentinelle","og:description":"Mohammed Lamine Lebbou a pris ses fonctions de ministre des Finances mercredi, succ\u00e9dant \u00e0 Abdelkrim Bouzred dans le cadre du remaniement minist\u00e9riel partiel op\u00e9r\u00e9 la veille par le pr\u00e9sident Abdelmadjid Tebboune, qui a \u00e9galement renouvel\u00e9 les titulaires de l'Agriculture, du Travail et de la Communication. S'exprimant \u00e0 cette occasion, M. Lebbou a adress\u00e9 ses remerciements","og:url":"https:\/\/lasentinelle.dz\/index.php\/2026\/09\/02\/lebbou-prend-ses-fonctions-a-la-tete-du-departement-des-finances-relancer-un-chantier-de-reforme-inacheve\/","og:image":"https:\/\/lasentinelle.dz\/wp-content\/uploads\/2021\/09\/cropped-la-sentinelle-earth-golden-anima-5.gif","og:image:secure_url":"https:\/\/lasentinelle.dz\/wp-content\/uploads\/2021\/09\/cropped-la-sentinelle-earth-golden-anima-5.gif","og:image:width":450,"og:image:height":213,"article:published_time":"2026-09-02T19:13:14+00:00","article:modified_time":"2026-09-04T19:14:54+00:00","article:publisher":"https:\/\/www.facebook.com\/azzedine.lasentinelle.1","twitter:card":"summary_large_image","twitter:title":"Lebbou prend ses fonctions \u00e0 la t\u00eate du d\u00e9partement des Finances : Relancer un chantier de r\u00e9forme inachev\u00e9 - La Sentinelle","twitter:description":"Mohammed Lamine Lebbou a pris ses fonctions de ministre des Finances mercredi, succ\u00e9dant \u00e0 Abdelkrim Bouzred dans le cadre du remaniement minist\u00e9riel partiel op\u00e9r\u00e9 la veille par le pr\u00e9sident Abdelmadjid Tebboune, qui a \u00e9galement renouvel\u00e9 les titulaires de l'Agriculture, du Travail et de la Communication. S'exprimant \u00e0 cette occasion, M. Lebbou a adress\u00e9 ses remerciements","twitter:image":"https:\/\/lasentinelle.dz\/wp-content\/uploads\/2021\/09\/cropped-la-sentinelle-earth-golden-anima-5.gif"},"aioseo_meta_data":{"post_id":"94956","title":null,"description":null,"keywords":null,"keyphrases":{"focus":{"keyphrase":"","score":0,"analysis":{"keyphraseInTitle":{"score":0,"maxScore":9,"error":1}}},"additional":[]},"primary_term":null,"canonical_url":null,"og_title":null,"og_description":null,"og_object_type":"default","og_image_type":"default","og_image_url":null,"og_image_width":null,"og_image_height":null,"og_image_custom_url":null,"og_image_custom_fields":null,"og_video":"","og_custom_url":null,"og_article_section":null,"og_article_tags":null,"twitter_use_og":false,"twitter_card":"default","twitter_image_type":"default","twitter_image_url":null,"twitter_image_custom_url":null,"twitter_image_custom_fields":null,"twitter_title":null,"twitter_description":null,"schema":{"blockGraphs":[],"customGraphs":[],"default":{"data":{"Article":[],"Course":[],"Dataset":[],"FAQPage":[],"Movie":[],"Person":[],"Product":[],"ProductReview":[],"Car":[],"Recipe":[],"Service":[],"SoftwareApplication":[],"WebPage":[]},"graphName":"BlogPosting","isEnabled":true},"graphs":[]},"schema_type":"default","schema_type_options":null,"pillar_content":false,"robots_default":true,"robots_noindex":false,"robots_noarchive":false,"robots_nosnippet":false,"robots_nofollow":false,"robots_noimageindex":false,"robots_noodp":false,"robots_notranslate":false,"robots_max_snippet":"-1","robots_max_videopreview":"-1","robots_max_imagepreview":"large","priority":null,"frequency":"default","local_seo":null,"breadcrumb_settings":null,"limit_modified_date":false,"ai":{"faqs":[],"keyPoints":[],"schemas":[],"titles":[],"descriptions":[],"socialPosts":{"email":{"subject":"","preview":"","content":""},"linkedin":[],"twitter":[],"facebook":[],"instagram":[]}},"created":"2026-09-04 19:13:18","updated":"2026-09-04 20:13:02","focus_keyword":null,"additional_keywords":null,"truseo_locale":null,"seo_analyzer_scan_date":null},"aioseo_breadcrumb":"<div class=\"aioseo-breadcrumbs\"><span class=\"aioseo-breadcrumb\">\n\t\t\t<a href=\"https:\/\/lasentinelle.dz\" title=\"Home\">Home<\/a>\n\t\t<\/span><span class=\"aioseo-breadcrumb-separator\">&raquo;<\/span><span class=\"aioseo-breadcrumb\">\n\t\t\t<a href=\"https:\/\/lasentinelle.dz\/index.php\/category\/actualite\/\" title=\"Actualit\u00e9\">Actualit\u00e9<\/a>\n\t\t<\/span><span class=\"aioseo-breadcrumb-separator\">&raquo;<\/span><span class=\"aioseo-breadcrumb\">\n\t\t\tLebbou prend ses fonctions \u00e0 la t\u00eate du d\u00e9partement des Finances : Relancer un chantier de r\u00e9forme inachev\u00e9\n\t\t<\/span><\/div>","aioseo_breadcrumb_json":[{"label":"Home","link":"https:\/\/lasentinelle.dz"},{"label":"Actualit\u00e9","link":"https:\/\/lasentinelle.dz\/index.php\/category\/actualite\/"},{"label":"Lebbou prend ses fonctions \u00e0 la t\u00eate du d\u00e9partement des Finances\u00a0: Relancer un chantier de r\u00e9forme inachev\u00e9","link":"https:\/\/lasentinelle.dz\/index.php\/2026\/09\/02\/lebbou-prend-ses-fonctions-a-la-tete-du-departement-des-finances-relancer-un-chantier-de-reforme-inacheve\/"}],"yoast_head":"<!-- This site is optimized with the Yoast SEO plugin v28.4 - https:\/\/yoast.com\/product\/yoast-seo-wordpress\/ -->\n<title>Lebbou prend ses fonctions \u00e0 la t\u00eate du d\u00e9partement des Finances\u00a0: Relancer un chantier de r\u00e9forme inachev\u00e9 - La Sentinelle<\/title>\n<meta name=\"robots\" content=\"index, follow, max-snippet:-1, max-image-preview:large, max-video-preview:-1\" \/>\n<link rel=\"canonical\" href=\"https:\/\/lasentinelle.dz\/index.php\/2026\/09\/02\/lebbou-prend-ses-fonctions-a-la-tete-du-departement-des-finances-relancer-un-chantier-de-reforme-inacheve\/\" \/>\n<meta property=\"og:locale\" content=\"fr_FR\" \/>\n<meta property=\"og:type\" content=\"article\" \/>\n<meta property=\"og:title\" content=\"Lebbou prend ses fonctions \u00e0 la t\u00eate du d\u00e9partement des Finances\u00a0: Relancer un chantier de r\u00e9forme inachev\u00e9 - La Sentinelle\" \/>\n<meta property=\"og:description\" content=\"Mohammed Lamine Lebbou a pris ses fonctions de ministre des Finances mercredi, succ\u00e9dant \u00e0 Abdelkrim Bouzred dans le cadre du\" \/>\n<meta property=\"og:url\" content=\"https:\/\/lasentinelle.dz\/index.php\/2026\/09\/02\/lebbou-prend-ses-fonctions-a-la-tete-du-departement-des-finances-relancer-un-chantier-de-reforme-inacheve\/\" \/>\n<meta property=\"og:site_name\" content=\"La Sentinelle\" \/>\n<meta property=\"article:publisher\" content=\"https:\/\/www.facebook.com\/La-Sentinelle-104059864394773\" \/>\n<meta property=\"article:published_time\" content=\"2026-09-02T19:13:14+00:00\" \/>\n<meta property=\"article:modified_time\" content=\"2026-09-04T19:14:54+00:00\" \/>\n<meta property=\"og:image\" content=\"https:\/\/lasentinelle.dz\/wp-content\/uploads\/2026\/09\/lebbou.webp\" \/>\n\t<meta property=\"og:image:width\" content=\"900\" \/>\n\t<meta property=\"og:image:height\" content=\"675\" \/>\n\t<meta property=\"og:image:type\" content=\"image\/webp\" \/>\n<meta name=\"author\" content=\"admin\" \/>\n<meta name=\"twitter:card\" content=\"summary_large_image\" \/>\n<meta name=\"twitter:label1\" content=\"\u00c9crit par\" \/>\n\t<meta name=\"twitter:data1\" content=\"admin\" \/>\n\t<meta name=\"twitter:label2\" content=\"Dur\u00e9e de lecture estim\u00e9e\" \/>\n\t<meta name=\"twitter:data2\" content=\"3 minutes\" \/>\n<script type=\"application\/ld+json\" class=\"yoast-schema-graph\">{\"@context\":\"https:\\\/\\\/schema.org\",\"@graph\":[{\"@type\":\"Article\",\"@id\":\"https:\\\/\\\/lasentinelle.dz\\\/index.php\\\/2026\\\/09\\\/02\\\/lebbou-prend-ses-fonctions-a-la-tete-du-departement-des-finances-relancer-un-chantier-de-reforme-inacheve\\\/#article\",\"isPartOf\":{\"@id\":\"https:\\\/\\\/lasentinelle.dz\\\/index.php\\\/2026\\\/09\\\/02\\\/lebbou-prend-ses-fonctions-a-la-tete-du-departement-des-finances-relancer-un-chantier-de-reforme-inacheve\\\/\"},\"author\":{\"name\":\"admin\",\"@id\":\"https:\\\/\\\/lasentinelle.dz\\\/#\\\/schema\\\/person\\\/729ee0024f24e0b8c5ec17232f8e8b41\"},\"headline\":\"Lebbou prend ses fonctions \u00e0 la t\u00eate du d\u00e9partement des Finances\u00a0: Relancer un chantier de r\u00e9forme inachev\u00e9\",\"datePublished\":\"2026-09-02T19:13:14+00:00\",\"dateModified\":\"2026-09-04T19:14:54+00:00\",\"mainEntityOfPage\":{\"@id\":\"https:\\\/\\\/lasentinelle.dz\\\/index.php\\\/2026\\\/09\\\/02\\\/lebbou-prend-ses-fonctions-a-la-tete-du-departement-des-finances-relancer-un-chantier-de-reforme-inacheve\\\/\"},\"wordCount\":532,\"commentCount\":0,\"publisher\":{\"@id\":\"https:\\\/\\\/lasentinelle.dz\\\/#organization\"},\"image\":{\"@id\":\"https:\\\/\\\/lasentinelle.dz\\\/index.php\\\/2026\\\/09\\\/02\\\/lebbou-prend-ses-fonctions-a-la-tete-du-departement-des-finances-relancer-un-chantier-de-reforme-inacheve\\\/#primaryimage\"},\"thumbnailUrl\":\"https:\\\/\\\/lasentinelle.dz\\\/wp-content\\\/uploads\\\/2026\\\/09\\\/lebbou.webp\",\"articleSection\":[\"Actualit\u00e9\"],\"inLanguage\":\"fr-FR\",\"potentialAction\":[{\"@type\":\"CommentAction\",\"name\":\"Comment\",\"target\":[\"https:\\\/\\\/lasentinelle.dz\\\/index.php\\\/2026\\\/09\\\/02\\\/lebbou-prend-ses-fonctions-a-la-tete-du-departement-des-finances-relancer-un-chantier-de-reforme-inacheve\\\/#respond\"]}]},{\"@type\":\"WebPage\",\"@id\":\"https:\\\/\\\/lasentinelle.dz\\\/index.php\\\/2026\\\/09\\\/02\\\/lebbou-prend-ses-fonctions-a-la-tete-du-departement-des-finances-relancer-un-chantier-de-reforme-inacheve\\\/\",\"url\":\"https:\\\/\\\/lasentinelle.dz\\\/index.php\\\/2026\\\/09\\\/02\\\/lebbou-prend-ses-fonctions-a-la-tete-du-departement-des-finances-relancer-un-chantier-de-reforme-inacheve\\\/\",\"name\":\"Lebbou prend ses fonctions \u00e0 la t\u00eate du d\u00e9partement des Finances\u00a0: Relancer un chantier de r\u00e9forme inachev\u00e9 - La Sentinelle\",\"isPartOf\":{\"@id\":\"https:\\\/\\\/lasentinelle.dz\\\/#website\"},\"primaryImageOfPage\":{\"@id\":\"https:\\\/\\\/lasentinelle.dz\\\/index.php\\\/2026\\\/09\\\/02\\\/lebbou-prend-ses-fonctions-a-la-tete-du-departement-des-finances-relancer-un-chantier-de-reforme-inacheve\\\/#primaryimage\"},\"image\":{\"@id\":\"https:\\\/\\\/lasentinelle.dz\\\/index.php\\\/2026\\\/09\\\/02\\\/lebbou-prend-ses-fonctions-a-la-tete-du-departement-des-finances-relancer-un-chantier-de-reforme-inacheve\\\/#primaryimage\"},\"thumbnailUrl\":\"https:\\\/\\\/lasentinelle.dz\\\/wp-content\\\/uploads\\\/2026\\\/09\\\/lebbou.webp\",\"datePublished\":\"2026-09-02T19:13:14+00:00\",\"dateModified\":\"2026-09-04T19:14:54+00:00\",\"breadcrumb\":{\"@id\":\"https:\\\/\\\/lasentinelle.dz\\\/index.php\\\/2026\\\/09\\\/02\\\/lebbou-prend-ses-fonctions-a-la-tete-du-departement-des-finances-relancer-un-chantier-de-reforme-inacheve\\\/#breadcrumb\"},\"inLanguage\":\"fr-FR\",\"potentialAction\":[{\"@type\":\"ReadAction\",\"target\":[\"https:\\\/\\\/lasentinelle.dz\\\/index.php\\\/2026\\\/09\\\/02\\\/lebbou-prend-ses-fonctions-a-la-tete-du-departement-des-finances-relancer-un-chantier-de-reforme-inacheve\\\/\"]}]},{\"@type\":\"ImageObject\",\"inLanguage\":\"fr-FR\",\"@id\":\"https:\\\/\\\/lasentinelle.dz\\\/index.php\\\/2026\\\/09\\\/02\\\/lebbou-prend-ses-fonctions-a-la-tete-du-departement-des-finances-relancer-un-chantier-de-reforme-inacheve\\\/#primaryimage\",\"url\":\"https:\\\/\\\/lasentinelle.dz\\\/wp-content\\\/uploads\\\/2026\\\/09\\\/lebbou.webp\",\"contentUrl\":\"https:\\\/\\\/lasentinelle.dz\\\/wp-content\\\/uploads\\\/2026\\\/09\\\/lebbou.webp\",\"width\":900,\"height\":675},{\"@type\":\"BreadcrumbList\",\"@id\":\"https:\\\/\\\/lasentinelle.dz\\\/index.php\\\/2026\\\/09\\\/02\\\/lebbou-prend-ses-fonctions-a-la-tete-du-departement-des-finances-relancer-un-chantier-de-reforme-inacheve\\\/#breadcrumb\",\"itemListElement\":[{\"@type\":\"ListItem\",\"position\":1,\"name\":\"Accueil\",\"item\":\"https:\\\/\\\/lasentinelle.dz\\\/\"},{\"@type\":\"ListItem\",\"position\":2,\"name\":\"Lebbou prend ses fonctions \u00e0 la t\u00eate du d\u00e9partement des Finances\u00a0: Relancer un chantier de r\u00e9forme inachev\u00e9\"}]},{\"@type\":\"WebSite\",\"@id\":\"https:\\\/\\\/lasentinelle.dz\\\/#website\",\"url\":\"https:\\\/\\\/lasentinelle.dz\\\/\",\"name\":\"La Sentinelle\",\"description\":\"Quotidien national d&#039;information\",\"publisher\":{\"@id\":\"https:\\\/\\\/lasentinelle.dz\\\/#organization\"},\"potentialAction\":[{\"@type\":\"SearchAction\",\"target\":{\"@type\":\"EntryPoint\",\"urlTemplate\":\"https:\\\/\\\/lasentinelle.dz\\\/?s={search_term_string}\"},\"query-input\":{\"@type\":\"PropertyValueSpecification\",\"valueRequired\":true,\"valueName\":\"search_term_string\"}}],\"inLanguage\":\"fr-FR\"},{\"@type\":\"Organization\",\"@id\":\"https:\\\/\\\/lasentinelle.dz\\\/#organization\",\"name\":\"Quotidien La Sentinelle\",\"url\":\"https:\\\/\\\/lasentinelle.dz\\\/\",\"logo\":{\"@type\":\"ImageObject\",\"inLanguage\":\"fr-FR\",\"@id\":\"https:\\\/\\\/lasentinelle.dz\\\/#\\\/schema\\\/logo\\\/image\\\/\",\"url\":\"https:\\\/\\\/lasentinelle.dz\\\/wp-content\\\/uploads\\\/2021\\\/09\\\/logo-sentinelleSLOGAN-1.png\",\"contentUrl\":\"https:\\\/\\\/lasentinelle.dz\\\/wp-content\\\/uploads\\\/2021\\\/09\\\/logo-sentinelleSLOGAN-1.png\",\"width\":615,\"height\":142,\"caption\":\"Quotidien La Sentinelle\"},\"image\":{\"@id\":\"https:\\\/\\\/lasentinelle.dz\\\/#\\\/schema\\\/logo\\\/image\\\/\"},\"sameAs\":[\"https:\\\/\\\/www.facebook.com\\\/La-Sentinelle-104059864394773\"]},{\"@type\":\"Person\",\"@id\":\"https:\\\/\\\/lasentinelle.dz\\\/#\\\/schema\\\/person\\\/729ee0024f24e0b8c5ec17232f8e8b41\",\"name\":\"admin\",\"image\":{\"@type\":\"ImageObject\",\"inLanguage\":\"fr-FR\",\"@id\":\"https:\\\/\\\/secure.gravatar.com\\\/avatar\\\/4c81fed838786e9b53f540bf46533e750f5d292099ae3b66cfc6fb1982e29df7?s=96&d=mm&r=g\",\"url\":\"https:\\\/\\\/secure.gravatar.com\\\/avatar\\\/4c81fed838786e9b53f540bf46533e750f5d292099ae3b66cfc6fb1982e29df7?s=96&d=mm&r=g\",\"contentUrl\":\"https:\\\/\\\/secure.gravatar.com\\\/avatar\\\/4c81fed838786e9b53f540bf46533e750f5d292099ae3b66cfc6fb1982e29df7?s=96&d=mm&r=g\",\"caption\":\"admin\"},\"description\":\"admin\",\"url\":\"https:\\\/\\\/lasentinelle.dz\\\/author\\\/admin\\\/\"}]}<\/script>\n<!-- \/ Yoast SEO plugin. -->","yoast_head_json":{"title":"Lebbou prend ses fonctions \u00e0 la t\u00eate du d\u00e9partement des Finances\u00a0: Relancer un chantier de r\u00e9forme inachev\u00e9 - La Sentinelle","robots":{"index":"index","follow":"follow","max-snippet":"max-snippet:-1","max-image-preview":"max-image-preview:large","max-video-preview":"max-video-preview:-1"},"canonical":"https:\/\/lasentinelle.dz\/index.php\/2026\/09\/02\/lebbou-prend-ses-fonctions-a-la-tete-du-departement-des-finances-relancer-un-chantier-de-reforme-inacheve\/","og_locale":"fr_FR","og_type":"article","og_title":"Lebbou prend ses fonctions \u00e0 la t\u00eate du d\u00e9partement des Finances\u00a0: Relancer un chantier de r\u00e9forme inachev\u00e9 - La Sentinelle","og_description":"Mohammed Lamine Lebbou a pris ses fonctions de ministre des Finances mercredi, succ\u00e9dant \u00e0 Abdelkrim Bouzred dans le cadre du","og_url":"https:\/\/lasentinelle.dz\/index.php\/2026\/09\/02\/lebbou-prend-ses-fonctions-a-la-tete-du-departement-des-finances-relancer-un-chantier-de-reforme-inacheve\/","og_site_name":"La Sentinelle","article_publisher":"https:\/\/www.facebook.com\/La-Sentinelle-104059864394773","article_published_time":"2026-09-02T19:13:14+00:00","article_modified_time":"2026-09-04T19:14:54+00:00","og_image":[{"width":900,"height":675,"url":"https:\/\/lasentinelle.dz\/wp-content\/uploads\/2026\/09\/lebbou.webp","type":"image\/webp"}],"author":"admin","twitter_card":"summary_large_image","twitter_misc":{"\u00c9crit par":"admin","Dur\u00e9e de lecture estim\u00e9e":"3 minutes"},"schema":{"@context":"https:\/\/schema.org","@graph":[{"@type":"Article","@id":"https:\/\/lasentinelle.dz\/index.php\/2026\/09\/02\/lebbou-prend-ses-fonctions-a-la-tete-du-departement-des-finances-relancer-un-chantier-de-reforme-inacheve\/#article","isPartOf":{"@id":"https:\/\/lasentinelle.dz\/index.php\/2026\/09\/02\/lebbou-prend-ses-fonctions-a-la-tete-du-departement-des-finances-relancer-un-chantier-de-reforme-inacheve\/"},"author":{"name":"admin","@id":"https:\/\/lasentinelle.dz\/#\/schema\/person\/729ee0024f24e0b8c5ec17232f8e8b41"},"headline":"Lebbou prend ses fonctions \u00e0 la t\u00eate du d\u00e9partement des Finances\u00a0: Relancer un chantier de r\u00e9forme inachev\u00e9","datePublished":"2026-09-02T19:13:14+00:00","dateModified":"2026-09-04T19:14:54+00:00","mainEntityOfPage":{"@id":"https:\/\/lasentinelle.dz\/index.php\/2026\/09\/02\/lebbou-prend-ses-fonctions-a-la-tete-du-departement-des-finances-relancer-un-chantier-de-reforme-inacheve\/"},"wordCount":532,"commentCount":0,"publisher":{"@id":"https:\/\/lasentinelle.dz\/#organization"},"image":{"@id":"https:\/\/lasentinelle.dz\/index.php\/2026\/09\/02\/lebbou-prend-ses-fonctions-a-la-tete-du-departement-des-finances-relancer-un-chantier-de-reforme-inacheve\/#primaryimage"},"thumbnailUrl":"https:\/\/lasentinelle.dz\/wp-content\/uploads\/2026\/09\/lebbou.webp","articleSection":["Actualit\u00e9"],"inLanguage":"fr-FR","potentialAction":[{"@type":"CommentAction","name":"Comment","target":["https:\/\/lasentinelle.dz\/index.php\/2026\/09\/02\/lebbou-prend-ses-fonctions-a-la-tete-du-departement-des-finances-relancer-un-chantier-de-reforme-inacheve\/#respond"]}]},{"@type":"WebPage","@id":"https:\/\/lasentinelle.dz\/index.php\/2026\/09\/02\/lebbou-prend-ses-fonctions-a-la-tete-du-departement-des-finances-relancer-un-chantier-de-reforme-inacheve\/","url":"https:\/\/lasentinelle.dz\/index.php\/2026\/09\/02\/lebbou-prend-ses-fonctions-a-la-tete-du-departement-des-finances-relancer-un-chantier-de-reforme-inacheve\/","name":"Lebbou prend ses fonctions \u00e0 la t\u00eate du d\u00e9partement des Finances\u00a0: Relancer un chantier de r\u00e9forme inachev\u00e9 - La Sentinelle","isPartOf":{"@id":"https:\/\/lasentinelle.dz\/#website"},"primaryImageOfPage":{"@id":"https:\/\/lasentinelle.dz\/index.php\/2026\/09\/02\/lebbou-prend-ses-fonctions-a-la-tete-du-departement-des-finances-relancer-un-chantier-de-reforme-inacheve\/#primaryimage"},"image":{"@id":"https:\/\/lasentinelle.dz\/index.php\/2026\/09\/02\/lebbou-prend-ses-fonctions-a-la-tete-du-departement-des-finances-relancer-un-chantier-de-reforme-inacheve\/#primaryimage"},"thumbnailUrl":"https:\/\/lasentinelle.dz\/wp-content\/uploads\/2026\/09\/lebbou.webp","datePublished":"2026-09-02T19:13:14+00:00","dateModified":"2026-09-04T19:14:54+00:00","breadcrumb":{"@id":"https:\/\/lasentinelle.dz\/index.php\/2026\/09\/02\/lebbou-prend-ses-fonctions-a-la-tete-du-departement-des-finances-relancer-un-chantier-de-reforme-inacheve\/#breadcrumb"},"inLanguage":"fr-FR","potentialAction":[{"@type":"ReadAction","target":["https:\/\/lasentinelle.dz\/index.php\/2026\/09\/02\/lebbou-prend-ses-fonctions-a-la-tete-du-departement-des-finances-relancer-un-chantier-de-reforme-inacheve\/"]}]},{"@type":"ImageObject","inLanguage":"fr-FR","@id":"https:\/\/lasentinelle.dz\/index.php\/2026\/09\/02\/lebbou-prend-ses-fonctions-a-la-tete-du-departement-des-finances-relancer-un-chantier-de-reforme-inacheve\/#primaryimage","url":"https:\/\/lasentinelle.dz\/wp-content\/uploads\/2026\/09\/lebbou.webp","contentUrl":"https:\/\/lasentinelle.dz\/wp-content\/uploads\/2026\/09\/lebbou.webp","width":900,"height":675},{"@type":"BreadcrumbList","@id":"https:\/\/lasentinelle.dz\/index.php\/2026\/09\/02\/lebbou-prend-ses-fonctions-a-la-tete-du-departement-des-finances-relancer-un-chantier-de-reforme-inacheve\/#breadcrumb","itemListElement":[{"@type":"ListItem","position":1,"name":"Accueil","item":"https:\/\/lasentinelle.dz\/"},{"@type":"ListItem","position":2,"name":"Lebbou prend ses fonctions \u00e0 la t\u00eate du d\u00e9partement des Finances\u00a0: Relancer un chantier de r\u00e9forme inachev\u00e9"}]},{"@type":"WebSite","@id":"https:\/\/lasentinelle.dz\/#website","url":"https:\/\/lasentinelle.dz\/","name":"La Sentinelle","description":"Quotidien national d&#039;information","publisher":{"@id":"https:\/\/lasentinelle.dz\/#organization"},"potentialAction":[{"@type":"SearchAction","target":{"@type":"EntryPoint","urlTemplate":"https:\/\/lasentinelle.dz\/?s={search_term_string}"},"query-input":{"@type":"PropertyValueSpecification","valueRequired":true,"valueName":"search_term_string"}}],"inLanguage":"fr-FR"},{"@type":"Organization","@id":"https:\/\/lasentinelle.dz\/#organization","name":"Quotidien La Sentinelle","url":"https:\/\/lasentinelle.dz\/","logo":{"@type":"ImageObject","inLanguage":"fr-FR","@id":"https:\/\/lasentinelle.dz\/#\/schema\/logo\/image\/","url":"https:\/\/lasentinelle.dz\/wp-content\/uploads\/2021\/09\/logo-sentinelleSLOGAN-1.png","contentUrl":"https:\/\/lasentinelle.dz\/wp-content\/uploads\/2021\/09\/logo-sentinelleSLOGAN-1.png","width":615,"height":142,"caption":"Quotidien La Sentinelle"},"image":{"@id":"https:\/\/lasentinelle.dz\/#\/schema\/logo\/image\/"},"sameAs":["https:\/\/www.facebook.com\/La-Sentinelle-104059864394773"]},{"@type":"Person","@id":"https:\/\/lasentinelle.dz\/#\/schema\/person\/729ee0024f24e0b8c5ec17232f8e8b41","name":"admin","image":{"@type":"ImageObject","inLanguage":"fr-FR","@id":"https:\/\/secure.gravatar.com\/avatar\/4c81fed838786e9b53f540bf46533e750f5d292099ae3b66cfc6fb1982e29df7?s=96&d=mm&r=g","url":"https:\/\/secure.gravatar.com\/avatar\/4c81fed838786e9b53f540bf46533e750f5d292099ae3b66cfc6fb1982e29df7?s=96&d=mm&r=g","contentUrl":"https:\/\/secure.gravatar.com\/avatar\/4c81fed838786e9b53f540bf46533e750f5d292099ae3b66cfc6fb1982e29df7?s=96&d=mm&r=g","caption":"admin"},"description":"admin","url":"https:\/\/lasentinelle.dz\/author\/admin\/"}]}},"_links":{"self":[{"href":"https:\/\/lasentinelle.dz\/index.php\/wp-json\/wp\/v2\/posts\/94956","targetHints":{"allow":["GET"]}}],"collection":[{"href":"https:\/\/lasentinelle.dz\/index.php\/wp-json\/wp\/v2\/posts"}],"about":[{"href":"https:\/\/lasentinelle.dz\/index.php\/wp-json\/wp\/v2\/types\/post"}],"author":[{"embeddable":true,"href":"https:\/\/lasentinelle.dz\/index.php\/wp-json\/wp\/v2\/users\/6"}],"replies":[{"embeddable":true,"href":"https:\/\/lasentinelle.dz\/index.php\/wp-json\/wp\/v2\/comments?post=94956"}],"version-history":[{"count":1,"href":"https:\/\/lasentinelle.dz\/index.php\/wp-json\/wp\/v2\/posts\/94956\/revisions"}],"predecessor-version":[{"id":94958,"href":"https:\/\/lasentinelle.dz\/index.php\/wp-json\/wp\/v2\/posts\/94956\/revisions\/94958"}],"wp:featuredmedia":[{"embeddable":true,"href":"https:\/\/lasentinelle.dz\/index.php\/wp-json\/wp\/v2\/media\/94957"}],"wp:attachment":[{"href":"https:\/\/lasentinelle.dz\/index.php\/wp-json\/wp\/v2\/media?parent=94956"}],"wp:term":[{"taxonomy":"category","embeddable":true,"href":"https:\/\/lasentinelle.dz\/index.php\/wp-json\/wp\/v2\/categories?post=94956"},{"taxonomy":"post_tag","embeddable":true,"href":"https:\/\/lasentinelle.dz\/index.php\/wp-json\/wp\/v2\/tags?post=94956"}],"curies":[{"name":"wp","href":"https:\/\/api.w.org\/{rel}","templated":true}]}}