{"id":94960,"date":"2026-09-02T20:13:33","date_gmt":"2026-09-02T19:13:33","guid":{"rendered":"https:\/\/lasentinelle.dz\/?p=94960"},"modified":"2026-09-04T20:14:37","modified_gmt":"2026-09-04T19:14:37","slug":"tebboune-opere-un-nouveau-mini-remaniement-ministeriel-des-changements-et-des-enjeux","status":"publish","type":"post","link":"https:\/\/lasentinelle.dz\/index.php\/2026\/09\/02\/tebboune-opere-un-nouveau-mini-remaniement-ministeriel-des-changements-et-des-enjeux\/","title":{"rendered":"Tebboune op\u00e8re un nouveau mini remaniement minist\u00e9riel\u00a0: Des changements et des enjeux"},"content":{"rendered":"\n<p class=\"wp-block-paragraph\">Le pr\u00e9sident de la R\u00e9publique, Abdelmadjid Tebboune, a nomm\u00e9 mercredi Farid Kourtel au poste de ministre de l&rsquo;Industrie et Fouzia Naama comme ministre d\u00e9l\u00e9gu\u00e9e aupr\u00e8s du ministre de l&rsquo;Int\u00e9rieur, des Collectivit\u00e9s locales et des Transports, charg\u00e9e des Collectivit\u00e9s locales, compl\u00e9tant ainsi en deux temps le remaniement minist\u00e9riel partiel entam\u00e9 la veille et mettant un terme, du moins provisoirement, aux sp\u00e9culations qui entouraient la composition du prochain gouvernement dans le sillage des \u00e9lections l\u00e9gislatives.<\/p>\n\n\n\n<p class=\"wp-block-paragraph\">La m\u00e9thode retenue cette fois m\u00e9rite qu&rsquo;on s&rsquo;y attarde. Contrairement aux remaniements pr\u00e9c\u00e9dents, annonc\u00e9s en un seul bloc, celui-ci s&rsquo;est d\u00e9roul\u00e9 en deux s\u00e9quences distinctes. Mardi, la pr\u00e9sidence avait fait savoir que Mohammed Lamine Lebbou quittait la Banque d&rsquo;Alg\u00e9rie pour prendre le portefeuille des Finances, tandis que l&rsquo;Agriculture, le Travail et la Communication changeaient \u00e9galement de titulaires. Le lendemain seulement, mercredi, sont venues les nominations de l&rsquo;Industrie et de la nouvelle ministre d\u00e9l\u00e9gu\u00e9e aux Collectivit\u00e9s locales. Ce phasage en dit long sur la nature du r\u00e9ajustement en cours. Il ne s&rsquo;agit pas d&rsquo;un remaniement d&rsquo;ampleur redessinant l&rsquo;architecture du gouvernement, mais d&rsquo;ajustements cibl\u00e9s touchant des portefeuilles pr\u00e9cis, \u00e9conomiques pour l&rsquo;essentiel, avec les Finances et l&rsquo;Industrie, et sociaux avec le Travail et les Collectivit\u00e9s locales. La Communication et l&rsquo;Agriculture, elles, r\u00e9pondaient davantage \u00e0 des logiques propres \u00e0 chaque secteur, la premi\u00e8re marqu\u00e9e par un passage \u00e9clair de moins d&rsquo;un an, la seconde par un dossier judiciaire qui pesait sur son ancien titulaire.<\/p>\n\n\n\n<p class=\"wp-block-paragraph\">L&rsquo;arriv\u00e9e de Farid Kourtel \u00e0 l&rsquo;Industrie s&rsquo;inscrit dans cette lecture \u00e9conomique du r\u00e9ajustement. Conseiller du pr\u00e9sident charg\u00e9 des affaires \u00e9conomiques depuis le printemps, ancien recteur universitaire, il h\u00e9rite d&rsquo;un secteur identifi\u00e9 depuis plusieurs ann\u00e9es comme un pilier de la diversification \u00e9conomique, entre relance des fili\u00e8res manufacturi\u00e8res et r\u00e9duction de la d\u00e9pendance aux importations. Sa nomination confirme la volont\u00e9 de la pr\u00e9sidence de continuer \u00e0 puiser dans le vivier des conseillers et experts \u00e9conomiques plac\u00e9s r\u00e9cemment aupr\u00e8s du chef de l&rsquo;\u00c9tat, une tendance d\u00e9j\u00e0 observ\u00e9e avec la nomination de Mohammed Lamine Lebbou aux Finances.<\/p>\n\n\n\n<p class=\"wp-block-paragraph\">Le choix de Fouzia Naama comme ministre d\u00e9l\u00e9gu\u00e9e charg\u00e9e des Collectivit\u00e9s locales r\u00e9pond \u00e0 une logique diff\u00e9rente, celle de l&rsquo;exp\u00e9rience du terrain. Ancienne wali de Boumerd\u00e8s depuis septembre 2023, elle a suivi de pr\u00e8s les dossiers de d\u00e9veloppement local, un profil qui colle directement \u00e0 ses nouvelles attributions. Sa nomination illustre par ailleurs une pratique de plus en plus courante ces derni\u00e8res ann\u00e9es, celle du recours \u00e0 d&rsquo;anciens responsables de l&rsquo;ex\u00e9cutif local pour occuper des postes minist\u00e9riels d\u00e9l\u00e9gu\u00e9s, jug\u00e9s plus techniques que politiques.<\/p>\n\n\n\n<p class=\"wp-block-paragraph\">Au-del\u00e0 des profils, c&rsquo;est le calendrier de ce mini remaniement qui interpelle les observateurs. Intervenant apr\u00e8s les \u00e9lections l\u00e9gislatives, il alimentait depuis plusieurs semaines des supputations sur un possible changement plus large de gouvernement, voire sur la nomination d&rsquo;un nouveau Premier ministre. En optant pour des ajustements limit\u00e9s \u00e0 quelques portefeuilles, sans toucher \u00e0 l&rsquo;architecture g\u00e9n\u00e9rale de l&rsquo;ex\u00e9cutif ni \u00e0 sa direction, la pr\u00e9sidence semble avoir tranch\u00e9 en faveur de la continuit\u00e9 plut\u00f4t que de la rupture. Le message envoy\u00e9 est celui d&rsquo;une \u00e9quipe gouvernementale jug\u00e9e globalement en phase avec les priorit\u00e9s pr\u00e9sidentielles, mais dont certains maillons n\u00e9cessitaient un renforcement cibl\u00e9, en particulier sur les dossiers financiers et industriels, consid\u00e9r\u00e9s comme prioritaires pour les mois \u00e0 venir.<\/p>\n\n\n\n<p class=\"wp-block-paragraph\">Reste que ce r\u00e9ajustement, aussi mesur\u00e9 soit il dans sa forme, replace imm\u00e9diatement plusieurs chantiers sensibles sous les projecteurs. La r\u00e9forme bancaire, la relance industrielle et la modernisation de la gestion locale figurent parmi les dossiers que les nouveaux arrivants devront d\u00e9sormais faire avancer, avec l&rsquo;attention soutenue d&rsquo;une pr\u00e9sidence qui a multipli\u00e9 ces derniers mois les rappels \u00e0 la performance adress\u00e9s \u00e0 son gouvernement.<\/p>\n\n\n\n<p class=\"wp-block-paragraph\">Hocine Fadheli<\/p>\n","protected":false},"excerpt":{"rendered":"<p>Le pr\u00e9sident de la R\u00e9publique, Abdelmadjid Tebboune, a nomm\u00e9 mercredi Farid Kourtel au poste de ministre de l&rsquo;Industrie et Fouzia<\/p>\n","protected":false},"author":6,"featured_media":94665,"comment_status":"open","ping_status":"closed","sticky":false,"template":"","format":"standard","meta":{"colormag_page_container_layout":"default_layout","colormag_page_sidebar_layout":"default_layout","om_disable_all_campaigns":false,"_monsterinsights_skip_tracking":false,"footnotes":"","_wpscppro_dont_share_socialmedia":false,"_wpscppro_custom_social_share_image":0,"_facebook_share_type":"default","_twitter_share_type":"default","_linkedin_share_type":"default","_pinterest_share_type":"default","_linkedin_share_type_page":"","_instagram_share_type":"default","_medium_share_type":"default","_threads_share_type":"default","_google_business_share_type":"default","_bluesky_share_type":"default","_mastodon_share_type":"default","_selected_social_profile":[],"_wpsp_enable_custom_social_template":false,"_wpsp_social_scheduling":{"enabled":false,"datetime":null,"platforms":[],"status":"template_only","dateOption":"today","timeOption":"now","customDays":"","customHours":"","customDate":"","customTime":"","schedulingType":"absolute"},"_wpsp_active_default_template":true},"categories":[52,27],"tags":[],"class_list":["post-94960","post","type-post","status-publish","format-standard","has-post-thumbnail","hentry","category-a-la-une","category-actualite"],"aioseo_notices":[],"aioseo_head":"\n\t\t<!-- All in One SEO 5.0.0.1 - aioseo.com -->\n\t<meta name=\"description\" content=\"Le pr\u00e9sident de la R\u00e9publique, Abdelmadjid Tebboune, a nomm\u00e9 mercredi Farid Kourtel au poste de ministre de l&#039;Industrie et Fouzia Naama comme ministre d\u00e9l\u00e9gu\u00e9e aupr\u00e8s du ministre de l&#039;Int\u00e9rieur, des Collectivit\u00e9s locales et des Transports, charg\u00e9e des Collectivit\u00e9s locales, compl\u00e9tant ainsi en deux temps le remaniement minist\u00e9riel partiel entam\u00e9 la veille et mettant un terme,\" \/>\n\t<meta name=\"robots\" content=\"max-image-preview:large\" \/>\n\t<meta name=\"author\" content=\"admin\"\/>\n\t<link rel=\"canonical\" href=\"https:\/\/lasentinelle.dz\/index.php\/2026\/09\/02\/tebboune-opere-un-nouveau-mini-remaniement-ministeriel-des-changements-et-des-enjeux\/\" \/>\n\t<meta name=\"generator\" content=\"All in One SEO (AIOSEO) 5.0.0.1\" \/>\n\t\t<meta property=\"og:locale\" content=\"fr_FR\" \/>\n\t\t<meta property=\"og:site_name\" content=\"La Sentinelle - Quotidien national d&#039;information\" \/>\n\t\t<meta property=\"og:type\" content=\"article\" \/>\n\t\t<meta property=\"og:title\" content=\"Tebboune op\u00e8re un nouveau mini remaniement minist\u00e9riel : Des changements et des enjeux - La Sentinelle\" \/>\n\t\t<meta property=\"og:description\" content=\"Le pr\u00e9sident de la R\u00e9publique, Abdelmadjid Tebboune, a nomm\u00e9 mercredi Farid Kourtel au poste de ministre de l&#039;Industrie et Fouzia Naama comme ministre d\u00e9l\u00e9gu\u00e9e aupr\u00e8s du ministre de l&#039;Int\u00e9rieur, des Collectivit\u00e9s locales et des Transports, charg\u00e9e des Collectivit\u00e9s locales, compl\u00e9tant ainsi en deux temps le remaniement minist\u00e9riel partiel entam\u00e9 la veille et mettant un terme,\" \/>\n\t\t<meta property=\"og:url\" content=\"https:\/\/lasentinelle.dz\/index.php\/2026\/09\/02\/tebboune-opere-un-nouveau-mini-remaniement-ministeriel-des-changements-et-des-enjeux\/\" \/>\n\t\t<meta property=\"og:image\" content=\"https:\/\/lasentinelle.dz\/wp-content\/uploads\/2021\/09\/cropped-la-sentinelle-earth-golden-anima-5.gif\" \/>\n\t\t<meta property=\"og:image:secure_url\" content=\"https:\/\/lasentinelle.dz\/wp-content\/uploads\/2021\/09\/cropped-la-sentinelle-earth-golden-anima-5.gif\" \/>\n\t\t<meta property=\"og:image:width\" content=\"450\" \/>\n\t\t<meta property=\"og:image:height\" content=\"213\" \/>\n\t\t<meta property=\"article:published_time\" content=\"2026-09-02T19:13:33+00:00\" \/>\n\t\t<meta property=\"article:modified_time\" content=\"2026-09-04T19:14:37+00:00\" \/>\n\t\t<meta property=\"article:publisher\" content=\"https:\/\/www.facebook.com\/azzedine.lasentinelle.1\" \/>\n\t\t<meta name=\"twitter:card\" content=\"summary_large_image\" \/>\n\t\t<meta name=\"twitter:title\" content=\"Tebboune op\u00e8re un nouveau mini remaniement minist\u00e9riel : Des changements et des enjeux - La Sentinelle\" \/>\n\t\t<meta name=\"twitter:description\" content=\"Le pr\u00e9sident de la R\u00e9publique, Abdelmadjid Tebboune, a nomm\u00e9 mercredi Farid Kourtel au poste de ministre de l&#039;Industrie et Fouzia Naama comme ministre d\u00e9l\u00e9gu\u00e9e aupr\u00e8s du ministre de l&#039;Int\u00e9rieur, des Collectivit\u00e9s locales et des Transports, charg\u00e9e des Collectivit\u00e9s locales, compl\u00e9tant ainsi en deux temps le remaniement minist\u00e9riel partiel entam\u00e9 la veille et mettant un terme,\" \/>\n\t\t<meta name=\"twitter:image\" content=\"https:\/\/lasentinelle.dz\/wp-content\/uploads\/2021\/09\/cropped-la-sentinelle-earth-golden-anima-5.gif\" \/>\n\t\t<script type=\"application\/ld+json\" class=\"aioseo-schema\">\n\t\t\t{\"@context\":\"https:\\\/\\\/schema.org\",\"@graph\":[{\"@type\":\"BlogPosting\",\"@id\":\"https:\\\/\\\/lasentinelle.dz\\\/index.php\\\/2026\\\/09\\\/02\\\/tebboune-opere-un-nouveau-mini-remaniement-ministeriel-des-changements-et-des-enjeux\\\/#blogposting\",\"name\":\"Tebboune op\\u00e8re un nouveau mini remaniement minist\\u00e9riel : Des changements et des enjeux - La Sentinelle\",\"headline\":\"Tebboune op\\u00e8re un nouveau mini remaniement minist\\u00e9riel\\u00a0: Des changements et des enjeux\",\"author\":{\"@id\":\"https:\\\/\\\/lasentinelle.dz\\\/author\\\/admin\\\/#author\"},\"publisher\":{\"@id\":\"https:\\\/\\\/lasentinelle.dz\\\/#organization\"},\"image\":{\"@type\":\"ImageObject\",\"url\":\"https:\\\/\\\/lasentinelle.dz\\\/wp-content\\\/uploads\\\/2026\\\/08\\\/tebboune.jpg\",\"width\":1280,\"height\":853},\"datePublished\":\"2026-09-02T20:13:33+01:00\",\"dateModified\":\"2026-09-04T20:14:37+01:00\",\"inLanguage\":\"fr-FR\",\"mainEntityOfPage\":{\"@id\":\"https:\\\/\\\/lasentinelle.dz\\\/index.php\\\/2026\\\/09\\\/02\\\/tebboune-opere-un-nouveau-mini-remaniement-ministeriel-des-changements-et-des-enjeux\\\/#webpage\"},\"isPartOf\":{\"@id\":\"https:\\\/\\\/lasentinelle.dz\\\/index.php\\\/2026\\\/09\\\/02\\\/tebboune-opere-un-nouveau-mini-remaniement-ministeriel-des-changements-et-des-enjeux\\\/#webpage\"},\"articleSection\":\"\\u00c0 la Une, Actualit\\u00e9\"},{\"@type\":\"BreadcrumbList\",\"@id\":\"https:\\\/\\\/lasentinelle.dz\\\/index.php\\\/2026\\\/09\\\/02\\\/tebboune-opere-un-nouveau-mini-remaniement-ministeriel-des-changements-et-des-enjeux\\\/#breadcrumblist\",\"itemListElement\":[{\"@type\":\"ListItem\",\"@id\":\"https:\\\/\\\/lasentinelle.dz#listItem\",\"position\":1,\"name\":\"Home\",\"item\":\"https:\\\/\\\/lasentinelle.dz\",\"nextItem\":{\"@type\":\"ListItem\",\"@id\":\"https:\\\/\\\/lasentinelle.dz\\\/index.php\\\/category\\\/actualite\\\/#listItem\",\"name\":\"Actualit\\u00e9\"}},{\"@type\":\"ListItem\",\"@id\":\"https:\\\/\\\/lasentinelle.dz\\\/index.php\\\/category\\\/actualite\\\/#listItem\",\"position\":2,\"name\":\"Actualit\\u00e9\",\"item\":\"https:\\\/\\\/lasentinelle.dz\\\/index.php\\\/category\\\/actualite\\\/\",\"nextItem\":{\"@type\":\"ListItem\",\"@id\":\"https:\\\/\\\/lasentinelle.dz\\\/index.php\\\/2026\\\/09\\\/02\\\/tebboune-opere-un-nouveau-mini-remaniement-ministeriel-des-changements-et-des-enjeux\\\/#listItem\",\"name\":\"Tebboune op\\u00e8re un nouveau mini remaniement minist\\u00e9riel\\u00a0: Des changements et des enjeux\"},\"previousItem\":{\"@type\":\"ListItem\",\"@id\":\"https:\\\/\\\/lasentinelle.dz#listItem\",\"name\":\"Home\"}},{\"@type\":\"ListItem\",\"@id\":\"https:\\\/\\\/lasentinelle.dz\\\/index.php\\\/2026\\\/09\\\/02\\\/tebboune-opere-un-nouveau-mini-remaniement-ministeriel-des-changements-et-des-enjeux\\\/#listItem\",\"position\":3,\"name\":\"Tebboune op\\u00e8re un nouveau mini remaniement minist\\u00e9riel\\u00a0: Des changements et des enjeux\",\"previousItem\":{\"@type\":\"ListItem\",\"@id\":\"https:\\\/\\\/lasentinelle.dz\\\/index.php\\\/category\\\/actualite\\\/#listItem\",\"name\":\"Actualit\\u00e9\"}}]},{\"@type\":\"Organization\",\"@id\":\"https:\\\/\\\/lasentinelle.dz\\\/#organization\",\"name\":\"La Sentinelle La Sentinelle\",\"description\":\"Quotidien national d'information\",\"url\":\"https:\\\/\\\/lasentinelle.dz\\\/\",\"logo\":{\"@type\":\"ImageObject\",\"url\":\"https:\\\/\\\/lasentinelle.dz\\\/wp-content\\\/uploads\\\/2021\\\/09\\\/cropped-la-sentinelle-earth-golden-anima-5.gif\",\"@id\":\"https:\\\/\\\/lasentinelle.dz\\\/index.php\\\/2026\\\/09\\\/02\\\/tebboune-opere-un-nouveau-mini-remaniement-ministeriel-des-changements-et-des-enjeux\\\/#organizationLogo\",\"width\":450,\"height\":213},\"image\":{\"@id\":\"https:\\\/\\\/lasentinelle.dz\\\/index.php\\\/2026\\\/09\\\/02\\\/tebboune-opere-un-nouveau-mini-remaniement-ministeriel-des-changements-et-des-enjeux\\\/#organizationLogo\"},\"sameAs\":[\"https:\\\/\\\/www.facebook.com\\\/azzedine.lasentinelle.1\"]},{\"@type\":\"Person\",\"@id\":\"https:\\\/\\\/lasentinelle.dz\\\/author\\\/admin\\\/#author\",\"url\":\"https:\\\/\\\/lasentinelle.dz\\\/author\\\/admin\\\/\",\"name\":\"admin\",\"image\":{\"@type\":\"ImageObject\",\"@id\":\"https:\\\/\\\/lasentinelle.dz\\\/index.php\\\/2026\\\/09\\\/02\\\/tebboune-opere-un-nouveau-mini-remaniement-ministeriel-des-changements-et-des-enjeux\\\/#authorImage\",\"url\":\"https:\\\/\\\/secure.gravatar.com\\\/avatar\\\/4c81fed838786e9b53f540bf46533e750f5d292099ae3b66cfc6fb1982e29df7?s=96&d=mm&r=g\",\"width\":96,\"height\":96,\"caption\":\"admin\"}},{\"@type\":\"WebPage\",\"@id\":\"https:\\\/\\\/lasentinelle.dz\\\/index.php\\\/2026\\\/09\\\/02\\\/tebboune-opere-un-nouveau-mini-remaniement-ministeriel-des-changements-et-des-enjeux\\\/#webpage\",\"url\":\"https:\\\/\\\/lasentinelle.dz\\\/index.php\\\/2026\\\/09\\\/02\\\/tebboune-opere-un-nouveau-mini-remaniement-ministeriel-des-changements-et-des-enjeux\\\/\",\"name\":\"Tebboune op\\u00e8re un nouveau mini remaniement minist\\u00e9riel : Des changements et des enjeux - La Sentinelle\",\"description\":\"Le pr\\u00e9sident de la R\\u00e9publique, Abdelmadjid Tebboune, a nomm\\u00e9 mercredi Farid Kourtel au poste de ministre de l'Industrie et Fouzia Naama comme ministre d\\u00e9l\\u00e9gu\\u00e9e aupr\\u00e8s du ministre de l'Int\\u00e9rieur, des Collectivit\\u00e9s locales et des Transports, charg\\u00e9e des Collectivit\\u00e9s locales, compl\\u00e9tant ainsi en deux temps le remaniement minist\\u00e9riel partiel entam\\u00e9 la veille et mettant un terme,\",\"inLanguage\":\"fr-FR\",\"isPartOf\":{\"@id\":\"https:\\\/\\\/lasentinelle.dz\\\/#website\"},\"breadcrumb\":{\"@id\":\"https:\\\/\\\/lasentinelle.dz\\\/index.php\\\/2026\\\/09\\\/02\\\/tebboune-opere-un-nouveau-mini-remaniement-ministeriel-des-changements-et-des-enjeux\\\/#breadcrumblist\"},\"author\":{\"@id\":\"https:\\\/\\\/lasentinelle.dz\\\/author\\\/admin\\\/#author\"},\"creator\":{\"@id\":\"https:\\\/\\\/lasentinelle.dz\\\/author\\\/admin\\\/#author\"},\"image\":{\"@type\":\"ImageObject\",\"url\":\"https:\\\/\\\/lasentinelle.dz\\\/wp-content\\\/uploads\\\/2026\\\/08\\\/tebboune.jpg\",\"@id\":\"https:\\\/\\\/lasentinelle.dz\\\/index.php\\\/2026\\\/09\\\/02\\\/tebboune-opere-un-nouveau-mini-remaniement-ministeriel-des-changements-et-des-enjeux\\\/#mainImage\",\"width\":1280,\"height\":853},\"primaryImageOfPage\":{\"@id\":\"https:\\\/\\\/lasentinelle.dz\\\/index.php\\\/2026\\\/09\\\/02\\\/tebboune-opere-un-nouveau-mini-remaniement-ministeriel-des-changements-et-des-enjeux\\\/#mainImage\"},\"datePublished\":\"2026-09-02T20:13:33+01:00\",\"dateModified\":\"2026-09-04T20:14:37+01:00\"},{\"@type\":\"WebSite\",\"@id\":\"https:\\\/\\\/lasentinelle.dz\\\/#website\",\"url\":\"https:\\\/\\\/lasentinelle.dz\\\/\",\"name\":\"La Sentinelle\",\"description\":\"Quotidien national d'information\",\"inLanguage\":\"fr-FR\",\"publisher\":{\"@id\":\"https:\\\/\\\/lasentinelle.dz\\\/#organization\"}}]}\n\t\t<\/script>\n\t\t<!-- All in One SEO -->\n\n","aioseo_head_json":{"title":"Tebboune op\u00e8re un nouveau mini remaniement minist\u00e9riel : Des changements et des enjeux - La Sentinelle","description":"Le pr\u00e9sident de la R\u00e9publique, Abdelmadjid Tebboune, a nomm\u00e9 mercredi Farid Kourtel au poste de ministre de l'Industrie et Fouzia Naama comme ministre d\u00e9l\u00e9gu\u00e9e aupr\u00e8s du ministre de l'Int\u00e9rieur, des Collectivit\u00e9s locales et des Transports, charg\u00e9e des Collectivit\u00e9s locales, compl\u00e9tant ainsi en deux temps le remaniement minist\u00e9riel partiel entam\u00e9 la veille et mettant un terme,","canonical_url":"https:\/\/lasentinelle.dz\/index.php\/2026\/09\/02\/tebboune-opere-un-nouveau-mini-remaniement-ministeriel-des-changements-et-des-enjeux\/","robots":"max-image-preview:large","keywords":"","webmasterTools":{"miscellaneous":""},"schema":{"@context":"https:\/\/schema.org","@graph":[{"@type":"BlogPosting","@id":"https:\/\/lasentinelle.dz\/index.php\/2026\/09\/02\/tebboune-opere-un-nouveau-mini-remaniement-ministeriel-des-changements-et-des-enjeux\/#blogposting","name":"Tebboune op\u00e8re un nouveau mini remaniement minist\u00e9riel : Des changements et des enjeux - La Sentinelle","headline":"Tebboune op\u00e8re un nouveau mini remaniement minist\u00e9riel\u00a0: Des changements et des enjeux","author":{"@id":"https:\/\/lasentinelle.dz\/author\/admin\/#author"},"publisher":{"@id":"https:\/\/lasentinelle.dz\/#organization"},"image":{"@type":"ImageObject","url":"https:\/\/lasentinelle.dz\/wp-content\/uploads\/2026\/08\/tebboune.jpg","width":1280,"height":853},"datePublished":"2026-09-02T20:13:33+01:00","dateModified":"2026-09-04T20:14:37+01:00","inLanguage":"fr-FR","mainEntityOfPage":{"@id":"https:\/\/lasentinelle.dz\/index.php\/2026\/09\/02\/tebboune-opere-un-nouveau-mini-remaniement-ministeriel-des-changements-et-des-enjeux\/#webpage"},"isPartOf":{"@id":"https:\/\/lasentinelle.dz\/index.php\/2026\/09\/02\/tebboune-opere-un-nouveau-mini-remaniement-ministeriel-des-changements-et-des-enjeux\/#webpage"},"articleSection":"\u00c0 la Une, Actualit\u00e9"},{"@type":"BreadcrumbList","@id":"https:\/\/lasentinelle.dz\/index.php\/2026\/09\/02\/tebboune-opere-un-nouveau-mini-remaniement-ministeriel-des-changements-et-des-enjeux\/#breadcrumblist","itemListElement":[{"@type":"ListItem","@id":"https:\/\/lasentinelle.dz#listItem","position":1,"name":"Home","item":"https:\/\/lasentinelle.dz","nextItem":{"@type":"ListItem","@id":"https:\/\/lasentinelle.dz\/index.php\/category\/actualite\/#listItem","name":"Actualit\u00e9"}},{"@type":"ListItem","@id":"https:\/\/lasentinelle.dz\/index.php\/category\/actualite\/#listItem","position":2,"name":"Actualit\u00e9","item":"https:\/\/lasentinelle.dz\/index.php\/category\/actualite\/","nextItem":{"@type":"ListItem","@id":"https:\/\/lasentinelle.dz\/index.php\/2026\/09\/02\/tebboune-opere-un-nouveau-mini-remaniement-ministeriel-des-changements-et-des-enjeux\/#listItem","name":"Tebboune op\u00e8re un nouveau mini remaniement minist\u00e9riel\u00a0: Des changements et des enjeux"},"previousItem":{"@type":"ListItem","@id":"https:\/\/lasentinelle.dz#listItem","name":"Home"}},{"@type":"ListItem","@id":"https:\/\/lasentinelle.dz\/index.php\/2026\/09\/02\/tebboune-opere-un-nouveau-mini-remaniement-ministeriel-des-changements-et-des-enjeux\/#listItem","position":3,"name":"Tebboune op\u00e8re un nouveau mini remaniement minist\u00e9riel\u00a0: Des changements et des enjeux","previousItem":{"@type":"ListItem","@id":"https:\/\/lasentinelle.dz\/index.php\/category\/actualite\/#listItem","name":"Actualit\u00e9"}}]},{"@type":"Organization","@id":"https:\/\/lasentinelle.dz\/#organization","name":"La Sentinelle La Sentinelle","description":"Quotidien national d'information","url":"https:\/\/lasentinelle.dz\/","logo":{"@type":"ImageObject","url":"https:\/\/lasentinelle.dz\/wp-content\/uploads\/2021\/09\/cropped-la-sentinelle-earth-golden-anima-5.gif","@id":"https:\/\/lasentinelle.dz\/index.php\/2026\/09\/02\/tebboune-opere-un-nouveau-mini-remaniement-ministeriel-des-changements-et-des-enjeux\/#organizationLogo","width":450,"height":213},"image":{"@id":"https:\/\/lasentinelle.dz\/index.php\/2026\/09\/02\/tebboune-opere-un-nouveau-mini-remaniement-ministeriel-des-changements-et-des-enjeux\/#organizationLogo"},"sameAs":["https:\/\/www.facebook.com\/azzedine.lasentinelle.1"]},{"@type":"Person","@id":"https:\/\/lasentinelle.dz\/author\/admin\/#author","url":"https:\/\/lasentinelle.dz\/author\/admin\/","name":"admin","image":{"@type":"ImageObject","@id":"https:\/\/lasentinelle.dz\/index.php\/2026\/09\/02\/tebboune-opere-un-nouveau-mini-remaniement-ministeriel-des-changements-et-des-enjeux\/#authorImage","url":"https:\/\/secure.gravatar.com\/avatar\/4c81fed838786e9b53f540bf46533e750f5d292099ae3b66cfc6fb1982e29df7?s=96&d=mm&r=g","width":96,"height":96,"caption":"admin"}},{"@type":"WebPage","@id":"https:\/\/lasentinelle.dz\/index.php\/2026\/09\/02\/tebboune-opere-un-nouveau-mini-remaniement-ministeriel-des-changements-et-des-enjeux\/#webpage","url":"https:\/\/lasentinelle.dz\/index.php\/2026\/09\/02\/tebboune-opere-un-nouveau-mini-remaniement-ministeriel-des-changements-et-des-enjeux\/","name":"Tebboune op\u00e8re un nouveau mini remaniement minist\u00e9riel : Des changements et des enjeux - La Sentinelle","description":"Le pr\u00e9sident de la R\u00e9publique, Abdelmadjid Tebboune, a nomm\u00e9 mercredi Farid Kourtel au poste de ministre de l'Industrie et Fouzia Naama comme ministre d\u00e9l\u00e9gu\u00e9e aupr\u00e8s du ministre de l'Int\u00e9rieur, des Collectivit\u00e9s locales et des Transports, charg\u00e9e des Collectivit\u00e9s locales, compl\u00e9tant ainsi en deux temps le remaniement minist\u00e9riel partiel entam\u00e9 la veille et mettant un terme,","inLanguage":"fr-FR","isPartOf":{"@id":"https:\/\/lasentinelle.dz\/#website"},"breadcrumb":{"@id":"https:\/\/lasentinelle.dz\/index.php\/2026\/09\/02\/tebboune-opere-un-nouveau-mini-remaniement-ministeriel-des-changements-et-des-enjeux\/#breadcrumblist"},"author":{"@id":"https:\/\/lasentinelle.dz\/author\/admin\/#author"},"creator":{"@id":"https:\/\/lasentinelle.dz\/author\/admin\/#author"},"image":{"@type":"ImageObject","url":"https:\/\/lasentinelle.dz\/wp-content\/uploads\/2026\/08\/tebboune.jpg","@id":"https:\/\/lasentinelle.dz\/index.php\/2026\/09\/02\/tebboune-opere-un-nouveau-mini-remaniement-ministeriel-des-changements-et-des-enjeux\/#mainImage","width":1280,"height":853},"primaryImageOfPage":{"@id":"https:\/\/lasentinelle.dz\/index.php\/2026\/09\/02\/tebboune-opere-un-nouveau-mini-remaniement-ministeriel-des-changements-et-des-enjeux\/#mainImage"},"datePublished":"2026-09-02T20:13:33+01:00","dateModified":"2026-09-04T20:14:37+01:00"},{"@type":"WebSite","@id":"https:\/\/lasentinelle.dz\/#website","url":"https:\/\/lasentinelle.dz\/","name":"La Sentinelle","description":"Quotidien national d'information","inLanguage":"fr-FR","publisher":{"@id":"https:\/\/lasentinelle.dz\/#organization"}}]},"og:locale":"fr_FR","og:site_name":"La Sentinelle - Quotidien national d'information","og:type":"article","og:title":"Tebboune op\u00e8re un nouveau mini remaniement minist\u00e9riel : Des changements et des enjeux - La Sentinelle","og:description":"Le pr\u00e9sident de la R\u00e9publique, Abdelmadjid Tebboune, a nomm\u00e9 mercredi Farid Kourtel au poste de ministre de l'Industrie et Fouzia Naama comme ministre d\u00e9l\u00e9gu\u00e9e aupr\u00e8s du ministre de l'Int\u00e9rieur, des Collectivit\u00e9s locales et des Transports, charg\u00e9e des Collectivit\u00e9s locales, compl\u00e9tant ainsi en deux temps le remaniement minist\u00e9riel partiel entam\u00e9 la veille et mettant un terme,","og:url":"https:\/\/lasentinelle.dz\/index.php\/2026\/09\/02\/tebboune-opere-un-nouveau-mini-remaniement-ministeriel-des-changements-et-des-enjeux\/","og:image":"https:\/\/lasentinelle.dz\/wp-content\/uploads\/2021\/09\/cropped-la-sentinelle-earth-golden-anima-5.gif","og:image:secure_url":"https:\/\/lasentinelle.dz\/wp-content\/uploads\/2021\/09\/cropped-la-sentinelle-earth-golden-anima-5.gif","og:image:width":450,"og:image:height":213,"article:published_time":"2026-09-02T19:13:33+00:00","article:modified_time":"2026-09-04T19:14:37+00:00","article:publisher":"https:\/\/www.facebook.com\/azzedine.lasentinelle.1","twitter:card":"summary_large_image","twitter:title":"Tebboune op\u00e8re un nouveau mini remaniement minist\u00e9riel : Des changements et des enjeux - La Sentinelle","twitter:description":"Le pr\u00e9sident de la R\u00e9publique, Abdelmadjid Tebboune, a nomm\u00e9 mercredi Farid Kourtel au poste de ministre de l'Industrie et Fouzia Naama comme ministre d\u00e9l\u00e9gu\u00e9e aupr\u00e8s du ministre de l'Int\u00e9rieur, des Collectivit\u00e9s locales et des Transports, charg\u00e9e des Collectivit\u00e9s locales, compl\u00e9tant ainsi en deux temps le remaniement minist\u00e9riel partiel entam\u00e9 la veille et mettant un terme,","twitter:image":"https:\/\/lasentinelle.dz\/wp-content\/uploads\/2021\/09\/cropped-la-sentinelle-earth-golden-anima-5.gif"},"aioseo_meta_data":{"post_id":"94960","title":null,"description":null,"keywords":null,"keyphrases":{"focus":{"keyphrase":"","score":0,"analysis":{"keyphraseInTitle":{"score":0,"maxScore":9,"error":1}}},"additional":[]},"primary_term":null,"canonical_url":null,"og_title":null,"og_description":null,"og_object_type":"default","og_image_type":"default","og_image_url":null,"og_image_width":null,"og_image_height":null,"og_image_custom_url":null,"og_image_custom_fields":null,"og_video":"","og_custom_url":null,"og_article_section":null,"og_article_tags":null,"twitter_use_og":false,"twitter_card":"default","twitter_image_type":"default","twitter_image_url":null,"twitter_image_custom_url":null,"twitter_image_custom_fields":null,"twitter_title":null,"twitter_description":null,"schema":{"blockGraphs":[],"customGraphs":[],"default":{"data":{"Article":[],"Course":[],"Dataset":[],"FAQPage":[],"Movie":[],"Person":[],"Product":[],"ProductReview":[],"Car":[],"Recipe":[],"Service":[],"SoftwareApplication":[],"WebPage":[]},"graphName":"BlogPosting","isEnabled":true},"graphs":[]},"schema_type":"default","schema_type_options":null,"pillar_content":false,"robots_default":true,"robots_noindex":false,"robots_noarchive":false,"robots_nosnippet":false,"robots_nofollow":false,"robots_noimageindex":false,"robots_noodp":false,"robots_notranslate":false,"robots_max_snippet":"-1","robots_max_videopreview":"-1","robots_max_imagepreview":"large","priority":null,"frequency":"default","local_seo":null,"breadcrumb_settings":null,"limit_modified_date":false,"ai":{"faqs":[],"keyPoints":[],"schemas":[],"titles":[],"descriptions":[],"socialPosts":{"email":{"subject":"","preview":"","content":""},"linkedin":[],"twitter":[],"facebook":[],"instagram":[]}},"created":"2026-09-04 19:14:38","updated":"2026-09-04 20:13:02","focus_keyword":null,"additional_keywords":null,"truseo_locale":null,"seo_analyzer_scan_date":null},"aioseo_breadcrumb":"<div class=\"aioseo-breadcrumbs\"><span class=\"aioseo-breadcrumb\">\n\t\t\t<a href=\"https:\/\/lasentinelle.dz\" title=\"Home\">Home<\/a>\n\t\t<\/span><span class=\"aioseo-breadcrumb-separator\">&raquo;<\/span><span class=\"aioseo-breadcrumb\">\n\t\t\t<a href=\"https:\/\/lasentinelle.dz\/index.php\/category\/actualite\/\" title=\"Actualit\u00e9\">Actualit\u00e9<\/a>\n\t\t<\/span><span class=\"aioseo-breadcrumb-separator\">&raquo;<\/span><span class=\"aioseo-breadcrumb\">\n\t\t\tTebboune op\u00e8re un nouveau mini remaniement minist\u00e9riel : Des changements et des enjeux\n\t\t<\/span><\/div>","aioseo_breadcrumb_json":[{"label":"Home","link":"https:\/\/lasentinelle.dz"},{"label":"Actualit\u00e9","link":"https:\/\/lasentinelle.dz\/index.php\/category\/actualite\/"},{"label":"Tebboune op\u00e8re un nouveau mini remaniement minist\u00e9riel\u00a0: Des changements et des enjeux","link":"https:\/\/lasentinelle.dz\/index.php\/2026\/09\/02\/tebboune-opere-un-nouveau-mini-remaniement-ministeriel-des-changements-et-des-enjeux\/"}],"yoast_head":"<!-- This site is optimized with the Yoast SEO plugin v28.4 - https:\/\/yoast.com\/product\/yoast-seo-wordpress\/ -->\n<title>Tebboune op\u00e8re un nouveau mini remaniement minist\u00e9riel\u00a0: Des changements et des enjeux - La Sentinelle<\/title>\n<meta name=\"robots\" content=\"index, follow, max-snippet:-1, max-image-preview:large, max-video-preview:-1\" \/>\n<link rel=\"canonical\" href=\"https:\/\/lasentinelle.dz\/index.php\/2026\/09\/02\/tebboune-opere-un-nouveau-mini-remaniement-ministeriel-des-changements-et-des-enjeux\/\" \/>\n<meta property=\"og:locale\" content=\"fr_FR\" \/>\n<meta property=\"og:type\" content=\"article\" \/>\n<meta property=\"og:title\" content=\"Tebboune op\u00e8re un nouveau mini remaniement minist\u00e9riel\u00a0: Des changements et des enjeux - La Sentinelle\" \/>\n<meta property=\"og:description\" content=\"Le pr\u00e9sident de la R\u00e9publique, Abdelmadjid Tebboune, a nomm\u00e9 mercredi Farid Kourtel au poste de ministre de l&rsquo;Industrie et Fouzia\" \/>\n<meta property=\"og:url\" content=\"https:\/\/lasentinelle.dz\/index.php\/2026\/09\/02\/tebboune-opere-un-nouveau-mini-remaniement-ministeriel-des-changements-et-des-enjeux\/\" \/>\n<meta property=\"og:site_name\" content=\"La Sentinelle\" \/>\n<meta property=\"article:publisher\" content=\"https:\/\/www.facebook.com\/La-Sentinelle-104059864394773\" \/>\n<meta property=\"article:published_time\" content=\"2026-09-02T19:13:33+00:00\" \/>\n<meta property=\"article:modified_time\" content=\"2026-09-04T19:14:37+00:00\" \/>\n<meta property=\"og:image\" content=\"https:\/\/lasentinelle.dz\/wp-content\/uploads\/2026\/08\/tebboune.jpg\" \/>\n\t<meta property=\"og:image:width\" content=\"1280\" \/>\n\t<meta property=\"og:image:height\" content=\"853\" \/>\n\t<meta property=\"og:image:type\" content=\"image\/jpeg\" \/>\n<meta name=\"author\" content=\"admin\" \/>\n<meta name=\"twitter:card\" content=\"summary_large_image\" \/>\n<meta name=\"twitter:label1\" content=\"\u00c9crit par\" \/>\n\t<meta name=\"twitter:data1\" content=\"admin\" \/>\n\t<meta name=\"twitter:label2\" content=\"Dur\u00e9e de lecture estim\u00e9e\" \/>\n\t<meta name=\"twitter:data2\" content=\"4 minutes\" \/>\n<script type=\"application\/ld+json\" class=\"yoast-schema-graph\">{\"@context\":\"https:\\\/\\\/schema.org\",\"@graph\":[{\"@type\":\"Article\",\"@id\":\"https:\\\/\\\/lasentinelle.dz\\\/index.php\\\/2026\\\/09\\\/02\\\/tebboune-opere-un-nouveau-mini-remaniement-ministeriel-des-changements-et-des-enjeux\\\/#article\",\"isPartOf\":{\"@id\":\"https:\\\/\\\/lasentinelle.dz\\\/index.php\\\/2026\\\/09\\\/02\\\/tebboune-opere-un-nouveau-mini-remaniement-ministeriel-des-changements-et-des-enjeux\\\/\"},\"author\":{\"name\":\"admin\",\"@id\":\"https:\\\/\\\/lasentinelle.dz\\\/#\\\/schema\\\/person\\\/729ee0024f24e0b8c5ec17232f8e8b41\"},\"headline\":\"Tebboune op\u00e8re un nouveau mini remaniement minist\u00e9riel\u00a0: Des changements et des enjeux\",\"datePublished\":\"2026-09-02T19:13:33+00:00\",\"dateModified\":\"2026-09-04T19:14:37+00:00\",\"mainEntityOfPage\":{\"@id\":\"https:\\\/\\\/lasentinelle.dz\\\/index.php\\\/2026\\\/09\\\/02\\\/tebboune-opere-un-nouveau-mini-remaniement-ministeriel-des-changements-et-des-enjeux\\\/\"},\"wordCount\":712,\"commentCount\":0,\"publisher\":{\"@id\":\"https:\\\/\\\/lasentinelle.dz\\\/#organization\"},\"image\":{\"@id\":\"https:\\\/\\\/lasentinelle.dz\\\/index.php\\\/2026\\\/09\\\/02\\\/tebboune-opere-un-nouveau-mini-remaniement-ministeriel-des-changements-et-des-enjeux\\\/#primaryimage\"},\"thumbnailUrl\":\"https:\\\/\\\/lasentinelle.dz\\\/wp-content\\\/uploads\\\/2026\\\/08\\\/tebboune.jpg\",\"articleSection\":[\"\u00c0 la Une\",\"Actualit\u00e9\"],\"inLanguage\":\"fr-FR\",\"potentialAction\":[{\"@type\":\"CommentAction\",\"name\":\"Comment\",\"target\":[\"https:\\\/\\\/lasentinelle.dz\\\/index.php\\\/2026\\\/09\\\/02\\\/tebboune-opere-un-nouveau-mini-remaniement-ministeriel-des-changements-et-des-enjeux\\\/#respond\"]}]},{\"@type\":\"WebPage\",\"@id\":\"https:\\\/\\\/lasentinelle.dz\\\/index.php\\\/2026\\\/09\\\/02\\\/tebboune-opere-un-nouveau-mini-remaniement-ministeriel-des-changements-et-des-enjeux\\\/\",\"url\":\"https:\\\/\\\/lasentinelle.dz\\\/index.php\\\/2026\\\/09\\\/02\\\/tebboune-opere-un-nouveau-mini-remaniement-ministeriel-des-changements-et-des-enjeux\\\/\",\"name\":\"Tebboune op\u00e8re un nouveau mini remaniement minist\u00e9riel\u00a0: Des changements et des enjeux - La Sentinelle\",\"isPartOf\":{\"@id\":\"https:\\\/\\\/lasentinelle.dz\\\/#website\"},\"primaryImageOfPage\":{\"@id\":\"https:\\\/\\\/lasentinelle.dz\\\/index.php\\\/2026\\\/09\\\/02\\\/tebboune-opere-un-nouveau-mini-remaniement-ministeriel-des-changements-et-des-enjeux\\\/#primaryimage\"},\"image\":{\"@id\":\"https:\\\/\\\/lasentinelle.dz\\\/index.php\\\/2026\\\/09\\\/02\\\/tebboune-opere-un-nouveau-mini-remaniement-ministeriel-des-changements-et-des-enjeux\\\/#primaryimage\"},\"thumbnailUrl\":\"https:\\\/\\\/lasentinelle.dz\\\/wp-content\\\/uploads\\\/2026\\\/08\\\/tebboune.jpg\",\"datePublished\":\"2026-09-02T19:13:33+00:00\",\"dateModified\":\"2026-09-04T19:14:37+00:00\",\"breadcrumb\":{\"@id\":\"https:\\\/\\\/lasentinelle.dz\\\/index.php\\\/2026\\\/09\\\/02\\\/tebboune-opere-un-nouveau-mini-remaniement-ministeriel-des-changements-et-des-enjeux\\\/#breadcrumb\"},\"inLanguage\":\"fr-FR\",\"potentialAction\":[{\"@type\":\"ReadAction\",\"target\":[\"https:\\\/\\\/lasentinelle.dz\\\/index.php\\\/2026\\\/09\\\/02\\\/tebboune-opere-un-nouveau-mini-remaniement-ministeriel-des-changements-et-des-enjeux\\\/\"]}]},{\"@type\":\"ImageObject\",\"inLanguage\":\"fr-FR\",\"@id\":\"https:\\\/\\\/lasentinelle.dz\\\/index.php\\\/2026\\\/09\\\/02\\\/tebboune-opere-un-nouveau-mini-remaniement-ministeriel-des-changements-et-des-enjeux\\\/#primaryimage\",\"url\":\"https:\\\/\\\/lasentinelle.dz\\\/wp-content\\\/uploads\\\/2026\\\/08\\\/tebboune.jpg\",\"contentUrl\":\"https:\\\/\\\/lasentinelle.dz\\\/wp-content\\\/uploads\\\/2026\\\/08\\\/tebboune.jpg\",\"width\":1280,\"height\":853},{\"@type\":\"BreadcrumbList\",\"@id\":\"https:\\\/\\\/lasentinelle.dz\\\/index.php\\\/2026\\\/09\\\/02\\\/tebboune-opere-un-nouveau-mini-remaniement-ministeriel-des-changements-et-des-enjeux\\\/#breadcrumb\",\"itemListElement\":[{\"@type\":\"ListItem\",\"position\":1,\"name\":\"Accueil\",\"item\":\"https:\\\/\\\/lasentinelle.dz\\\/\"},{\"@type\":\"ListItem\",\"position\":2,\"name\":\"Tebboune op\u00e8re un nouveau mini remaniement minist\u00e9riel\u00a0: Des changements et des enjeux\"}]},{\"@type\":\"WebSite\",\"@id\":\"https:\\\/\\\/lasentinelle.dz\\\/#website\",\"url\":\"https:\\\/\\\/lasentinelle.dz\\\/\",\"name\":\"La Sentinelle\",\"description\":\"Quotidien national d&#039;information\",\"publisher\":{\"@id\":\"https:\\\/\\\/lasentinelle.dz\\\/#organization\"},\"potentialAction\":[{\"@type\":\"SearchAction\",\"target\":{\"@type\":\"EntryPoint\",\"urlTemplate\":\"https:\\\/\\\/lasentinelle.dz\\\/?s={search_term_string}\"},\"query-input\":{\"@type\":\"PropertyValueSpecification\",\"valueRequired\":true,\"valueName\":\"search_term_string\"}}],\"inLanguage\":\"fr-FR\"},{\"@type\":\"Organization\",\"@id\":\"https:\\\/\\\/lasentinelle.dz\\\/#organization\",\"name\":\"Quotidien La Sentinelle\",\"url\":\"https:\\\/\\\/lasentinelle.dz\\\/\",\"logo\":{\"@type\":\"ImageObject\",\"inLanguage\":\"fr-FR\",\"@id\":\"https:\\\/\\\/lasentinelle.dz\\\/#\\\/schema\\\/logo\\\/image\\\/\",\"url\":\"https:\\\/\\\/lasentinelle.dz\\\/wp-content\\\/uploads\\\/2021\\\/09\\\/logo-sentinelleSLOGAN-1.png\",\"contentUrl\":\"https:\\\/\\\/lasentinelle.dz\\\/wp-content\\\/uploads\\\/2021\\\/09\\\/logo-sentinelleSLOGAN-1.png\",\"width\":615,\"height\":142,\"caption\":\"Quotidien La Sentinelle\"},\"image\":{\"@id\":\"https:\\\/\\\/lasentinelle.dz\\\/#\\\/schema\\\/logo\\\/image\\\/\"},\"sameAs\":[\"https:\\\/\\\/www.facebook.com\\\/La-Sentinelle-104059864394773\"]},{\"@type\":\"Person\",\"@id\":\"https:\\\/\\\/lasentinelle.dz\\\/#\\\/schema\\\/person\\\/729ee0024f24e0b8c5ec17232f8e8b41\",\"name\":\"admin\",\"image\":{\"@type\":\"ImageObject\",\"inLanguage\":\"fr-FR\",\"@id\":\"https:\\\/\\\/secure.gravatar.com\\\/avatar\\\/4c81fed838786e9b53f540bf46533e750f5d292099ae3b66cfc6fb1982e29df7?s=96&d=mm&r=g\",\"url\":\"https:\\\/\\\/secure.gravatar.com\\\/avatar\\\/4c81fed838786e9b53f540bf46533e750f5d292099ae3b66cfc6fb1982e29df7?s=96&d=mm&r=g\",\"contentUrl\":\"https:\\\/\\\/secure.gravatar.com\\\/avatar\\\/4c81fed838786e9b53f540bf46533e750f5d292099ae3b66cfc6fb1982e29df7?s=96&d=mm&r=g\",\"caption\":\"admin\"},\"description\":\"admin\",\"url\":\"https:\\\/\\\/lasentinelle.dz\\\/author\\\/admin\\\/\"}]}<\/script>\n<!-- \/ Yoast SEO plugin. -->","yoast_head_json":{"title":"Tebboune op\u00e8re un nouveau mini remaniement minist\u00e9riel\u00a0: Des changements et des enjeux - La Sentinelle","robots":{"index":"index","follow":"follow","max-snippet":"max-snippet:-1","max-image-preview":"max-image-preview:large","max-video-preview":"max-video-preview:-1"},"canonical":"https:\/\/lasentinelle.dz\/index.php\/2026\/09\/02\/tebboune-opere-un-nouveau-mini-remaniement-ministeriel-des-changements-et-des-enjeux\/","og_locale":"fr_FR","og_type":"article","og_title":"Tebboune op\u00e8re un nouveau mini remaniement minist\u00e9riel\u00a0: Des changements et des enjeux - La Sentinelle","og_description":"Le pr\u00e9sident de la R\u00e9publique, Abdelmadjid Tebboune, a nomm\u00e9 mercredi Farid Kourtel au poste de ministre de l&rsquo;Industrie et Fouzia","og_url":"https:\/\/lasentinelle.dz\/index.php\/2026\/09\/02\/tebboune-opere-un-nouveau-mini-remaniement-ministeriel-des-changements-et-des-enjeux\/","og_site_name":"La Sentinelle","article_publisher":"https:\/\/www.facebook.com\/La-Sentinelle-104059864394773","article_published_time":"2026-09-02T19:13:33+00:00","article_modified_time":"2026-09-04T19:14:37+00:00","og_image":[{"width":1280,"height":853,"url":"https:\/\/lasentinelle.dz\/wp-content\/uploads\/2026\/08\/tebboune.jpg","type":"image\/jpeg"}],"author":"admin","twitter_card":"summary_large_image","twitter_misc":{"\u00c9crit par":"admin","Dur\u00e9e de lecture estim\u00e9e":"4 minutes"},"schema":{"@context":"https:\/\/schema.org","@graph":[{"@type":"Article","@id":"https:\/\/lasentinelle.dz\/index.php\/2026\/09\/02\/tebboune-opere-un-nouveau-mini-remaniement-ministeriel-des-changements-et-des-enjeux\/#article","isPartOf":{"@id":"https:\/\/lasentinelle.dz\/index.php\/2026\/09\/02\/tebboune-opere-un-nouveau-mini-remaniement-ministeriel-des-changements-et-des-enjeux\/"},"author":{"name":"admin","@id":"https:\/\/lasentinelle.dz\/#\/schema\/person\/729ee0024f24e0b8c5ec17232f8e8b41"},"headline":"Tebboune op\u00e8re un nouveau mini remaniement minist\u00e9riel\u00a0: Des changements et des enjeux","datePublished":"2026-09-02T19:13:33+00:00","dateModified":"2026-09-04T19:14:37+00:00","mainEntityOfPage":{"@id":"https:\/\/lasentinelle.dz\/index.php\/2026\/09\/02\/tebboune-opere-un-nouveau-mini-remaniement-ministeriel-des-changements-et-des-enjeux\/"},"wordCount":712,"commentCount":0,"publisher":{"@id":"https:\/\/lasentinelle.dz\/#organization"},"image":{"@id":"https:\/\/lasentinelle.dz\/index.php\/2026\/09\/02\/tebboune-opere-un-nouveau-mini-remaniement-ministeriel-des-changements-et-des-enjeux\/#primaryimage"},"thumbnailUrl":"https:\/\/lasentinelle.dz\/wp-content\/uploads\/2026\/08\/tebboune.jpg","articleSection":["\u00c0 la Une","Actualit\u00e9"],"inLanguage":"fr-FR","potentialAction":[{"@type":"CommentAction","name":"Comment","target":["https:\/\/lasentinelle.dz\/index.php\/2026\/09\/02\/tebboune-opere-un-nouveau-mini-remaniement-ministeriel-des-changements-et-des-enjeux\/#respond"]}]},{"@type":"WebPage","@id":"https:\/\/lasentinelle.dz\/index.php\/2026\/09\/02\/tebboune-opere-un-nouveau-mini-remaniement-ministeriel-des-changements-et-des-enjeux\/","url":"https:\/\/lasentinelle.dz\/index.php\/2026\/09\/02\/tebboune-opere-un-nouveau-mini-remaniement-ministeriel-des-changements-et-des-enjeux\/","name":"Tebboune op\u00e8re un nouveau mini remaniement minist\u00e9riel\u00a0: Des changements et des enjeux - La Sentinelle","isPartOf":{"@id":"https:\/\/lasentinelle.dz\/#website"},"primaryImageOfPage":{"@id":"https:\/\/lasentinelle.dz\/index.php\/2026\/09\/02\/tebboune-opere-un-nouveau-mini-remaniement-ministeriel-des-changements-et-des-enjeux\/#primaryimage"},"image":{"@id":"https:\/\/lasentinelle.dz\/index.php\/2026\/09\/02\/tebboune-opere-un-nouveau-mini-remaniement-ministeriel-des-changements-et-des-enjeux\/#primaryimage"},"thumbnailUrl":"https:\/\/lasentinelle.dz\/wp-content\/uploads\/2026\/08\/tebboune.jpg","datePublished":"2026-09-02T19:13:33+00:00","dateModified":"2026-09-04T19:14:37+00:00","breadcrumb":{"@id":"https:\/\/lasentinelle.dz\/index.php\/2026\/09\/02\/tebboune-opere-un-nouveau-mini-remaniement-ministeriel-des-changements-et-des-enjeux\/#breadcrumb"},"inLanguage":"fr-FR","potentialAction":[{"@type":"ReadAction","target":["https:\/\/lasentinelle.dz\/index.php\/2026\/09\/02\/tebboune-opere-un-nouveau-mini-remaniement-ministeriel-des-changements-et-des-enjeux\/"]}]},{"@type":"ImageObject","inLanguage":"fr-FR","@id":"https:\/\/lasentinelle.dz\/index.php\/2026\/09\/02\/tebboune-opere-un-nouveau-mini-remaniement-ministeriel-des-changements-et-des-enjeux\/#primaryimage","url":"https:\/\/lasentinelle.dz\/wp-content\/uploads\/2026\/08\/tebboune.jpg","contentUrl":"https:\/\/lasentinelle.dz\/wp-content\/uploads\/2026\/08\/tebboune.jpg","width":1280,"height":853},{"@type":"BreadcrumbList","@id":"https:\/\/lasentinelle.dz\/index.php\/2026\/09\/02\/tebboune-opere-un-nouveau-mini-remaniement-ministeriel-des-changements-et-des-enjeux\/#breadcrumb","itemListElement":[{"@type":"ListItem","position":1,"name":"Accueil","item":"https:\/\/lasentinelle.dz\/"},{"@type":"ListItem","position":2,"name":"Tebboune op\u00e8re un nouveau mini remaniement minist\u00e9riel\u00a0: Des changements et des enjeux"}]},{"@type":"WebSite","@id":"https:\/\/lasentinelle.dz\/#website","url":"https:\/\/lasentinelle.dz\/","name":"La Sentinelle","description":"Quotidien national d&#039;information","publisher":{"@id":"https:\/\/lasentinelle.dz\/#organization"},"potentialAction":[{"@type":"SearchAction","target":{"@type":"EntryPoint","urlTemplate":"https:\/\/lasentinelle.dz\/?s={search_term_string}"},"query-input":{"@type":"PropertyValueSpecification","valueRequired":true,"valueName":"search_term_string"}}],"inLanguage":"fr-FR"},{"@type":"Organization","@id":"https:\/\/lasentinelle.dz\/#organization","name":"Quotidien La Sentinelle","url":"https:\/\/lasentinelle.dz\/","logo":{"@type":"ImageObject","inLanguage":"fr-FR","@id":"https:\/\/lasentinelle.dz\/#\/schema\/logo\/image\/","url":"https:\/\/lasentinelle.dz\/wp-content\/uploads\/2021\/09\/logo-sentinelleSLOGAN-1.png","contentUrl":"https:\/\/lasentinelle.dz\/wp-content\/uploads\/2021\/09\/logo-sentinelleSLOGAN-1.png","width":615,"height":142,"caption":"Quotidien La Sentinelle"},"image":{"@id":"https:\/\/lasentinelle.dz\/#\/schema\/logo\/image\/"},"sameAs":["https:\/\/www.facebook.com\/La-Sentinelle-104059864394773"]},{"@type":"Person","@id":"https:\/\/lasentinelle.dz\/#\/schema\/person\/729ee0024f24e0b8c5ec17232f8e8b41","name":"admin","image":{"@type":"ImageObject","inLanguage":"fr-FR","@id":"https:\/\/secure.gravatar.com\/avatar\/4c81fed838786e9b53f540bf46533e750f5d292099ae3b66cfc6fb1982e29df7?s=96&d=mm&r=g","url":"https:\/\/secure.gravatar.com\/avatar\/4c81fed838786e9b53f540bf46533e750f5d292099ae3b66cfc6fb1982e29df7?s=96&d=mm&r=g","contentUrl":"https:\/\/secure.gravatar.com\/avatar\/4c81fed838786e9b53f540bf46533e750f5d292099ae3b66cfc6fb1982e29df7?s=96&d=mm&r=g","caption":"admin"},"description":"admin","url":"https:\/\/lasentinelle.dz\/author\/admin\/"}]}},"_links":{"self":[{"href":"https:\/\/lasentinelle.dz\/index.php\/wp-json\/wp\/v2\/posts\/94960","targetHints":{"allow":["GET"]}}],"collection":[{"href":"https:\/\/lasentinelle.dz\/index.php\/wp-json\/wp\/v2\/posts"}],"about":[{"href":"https:\/\/lasentinelle.dz\/index.php\/wp-json\/wp\/v2\/types\/post"}],"author":[{"embeddable":true,"href":"https:\/\/lasentinelle.dz\/index.php\/wp-json\/wp\/v2\/users\/6"}],"replies":[{"embeddable":true,"href":"https:\/\/lasentinelle.dz\/index.php\/wp-json\/wp\/v2\/comments?post=94960"}],"version-history":[{"count":1,"href":"https:\/\/lasentinelle.dz\/index.php\/wp-json\/wp\/v2\/posts\/94960\/revisions"}],"predecessor-version":[{"id":94961,"href":"https:\/\/lasentinelle.dz\/index.php\/wp-json\/wp\/v2\/posts\/94960\/revisions\/94961"}],"wp:featuredmedia":[{"embeddable":true,"href":"https:\/\/lasentinelle.dz\/index.php\/wp-json\/wp\/v2\/media\/94665"}],"wp:attachment":[{"href":"https:\/\/lasentinelle.dz\/index.php\/wp-json\/wp\/v2\/media?parent=94960"}],"wp:term":[{"taxonomy":"category","embeddable":true,"href":"https:\/\/lasentinelle.dz\/index.php\/wp-json\/wp\/v2\/categories?post=94960"},{"taxonomy":"post_tag","embeddable":true,"href":"https:\/\/lasentinelle.dz\/index.php\/wp-json\/wp\/v2\/tags?post=94960"}],"curies":[{"name":"wp","href":"https:\/\/api.w.org\/{rel}","templated":true}]}}