{"id":94962,"date":"2026-09-02T20:14:59","date_gmt":"2026-09-02T19:14:59","guid":{"rendered":"https:\/\/lasentinelle.dz\/?p=94962"},"modified":"2026-09-04T20:16:35","modified_gmt":"2026-09-04T19:16:35","slug":"incendies-le-logement-au-coeur-de-la-prise-en-charge-des-sinistres-a-jijel","status":"publish","type":"post","link":"https:\/\/lasentinelle.dz\/index.php\/2026\/09\/02\/incendies-le-logement-au-coeur-de-la-prise-en-charge-des-sinistres-a-jijel\/","title":{"rendered":"Incendies\u00a0: Le logement au c\u0153ur de la prise en charge des sinistr\u00e9s \u00e0 Jijel"},"content":{"rendered":"\n<p class=\"wp-block-paragraph\">Le ministre de l&rsquo;Habitat, de l&rsquo;Urbanisme, de la Ville et de l&rsquo;Am\u00e9nagement du territoire, Mohamed Tarek Belaribi, s&rsquo;est rendu mercredi dans la wilaya de Jijel pour suivre sur le terrain la mise en \u0153uvre des mesures de prise en charge des cons\u00e9quences des incendies ayant touch\u00e9 plusieurs wilayas du pays, notamment en ce qui concerne la r\u00e9habilitation des habitations et des \u00e9quipements scolaires endommag\u00e9s, indique un communiqu\u00e9 du minist\u00e8re. Cette visite intervient apr\u00e8s le parach\u00e8vement des diff\u00e9rentes mesures et dispositions n\u00e9cessaires au niveau du minist\u00e8re, conform\u00e9ment aux orientations donn\u00e9es lundi dernier par le ministre lors d&rsquo;une r\u00e9union de coordination consacr\u00e9e \u00e0 l&rsquo;\u00e9valuation du degr\u00e9 de mise en \u0153uvre des dispositifs adopt\u00e9s en faveur des sinistr\u00e9s. Sur place, M. Belaribi s&rsquo;est enquis de l&rsquo;\u00e9tat d&rsquo;avancement des travaux de r\u00e9habilitation des habitations et des \u00e9quipements scolaires endommag\u00e9s, et a supervis\u00e9 les derni\u00e8res retouches en pr\u00e9vision de l&rsquo;op\u00e9ration de remise des indemnisations aux familles touch\u00e9es. Il a \u00e9galement rencontr\u00e9 un groupe d&rsquo;experts de l&rsquo;Organisme national de contr\u00f4le technique de la construction (CTC), afin de s&rsquo;enqu\u00e9rir de l&rsquo;\u00e9tat d&rsquo;avancement des op\u00e9rations de constat des b\u00e2timents endommag\u00e9s et des efforts d\u00e9ploy\u00e9s pour d\u00e9terminer les interventions n\u00e9cessaires \u00e0 leur r\u00e9habilitation, insistant, selon le communiqu\u00e9, sur \u00ab la n\u00e9cessit\u00e9 d&rsquo;assurer une prise en charge imm\u00e9diate des points soulev\u00e9s et de respecter les d\u00e9lais fix\u00e9s pour la r\u00e9alisation des diff\u00e9rentes op\u00e9rations \u00bb. Le ministre avait par ailleurs instruit, lundi, la mobilisation dans un d\u00e9lai maximum de 72 heures des ing\u00e9nieurs du CTC des autres wilayas pour renforcer les op\u00e9rations de constat technique dans les zones sinistr\u00e9es, tandis que les directeurs de l&rsquo;habitat concern\u00e9s ont \u00e9t\u00e9 charg\u00e9s d&rsquo;\u00e9tablir les d\u00e9cisions d&rsquo;octroi d&rsquo;aides financi\u00e8res, la Banque nationale de l&rsquo;habitat (BNH) \u00e9tant quant \u00e0 elle mobilis\u00e9e pour le versement de ces aides conform\u00e9ment aux proc\u00e9dures en vigueur. Des moyens humains suppl\u00e9mentaires doivent \u00e9galement \u00eatre mis \u00e0 disposition pour entamer le nettoyage et la r\u00e9habilitation des habitations et \u00e9quipements publics endommag\u00e9s.<\/p>\n\n\n\n<p class=\"wp-block-paragraph\">Cette mobilisation gouvernementale s&rsquo;accompagne d&rsquo;un suivi parlementaire. Une d\u00e9l\u00e9gation de l&rsquo;Assembl\u00e9e populaire nationale, conduite sur instruction de la pr\u00e9sidente de l&rsquo;institution, Khalida Boufedeche, effectue depuis mercredi une visite de deux jours \u00e0 Jijel pour s&rsquo;enqu\u00e9rir de la situation des sinistr\u00e9s, constater l&rsquo;ampleur des d\u00e9g\u00e2ts et pr\u00e9senter ses condol\u00e9ances aux familles des victimes. Sur le plan social, la Caisse nationale des assurances sociales des travailleurs salari\u00e9s (CNAS) a annonc\u00e9 la mise en place de mesures d&rsquo;urgence au profit des assur\u00e9s ayant perdu leurs cartes Chifa dans les incendies. Un lien \u00e9lectronique d\u00e9di\u00e9 permet d\u00e9sormais aux sinistr\u00e9s de Jijel, B\u00e9ja\u00efa, Skikda, Tizi Ouzou, Annaba, El-Tarf et Mila d&rsquo;obtenir une nouvelle carte \u00ab sans avoir \u00e0 suivre les proc\u00e9dures administratives pr\u00e9c\u00e9demment en vigueur, ni \u00e0 se d\u00e9placer aupr\u00e8s des structures de la Caisse \u00bb. L&rsquo;\u00e9tablissement des nouvelles cartes s&rsquo;effectue d\u00e9sormais directement au niveau de la direction g\u00e9n\u00e9rale, une initiative que la CNAS inscrit dans \u00ab la concr\u00e9tisation de la politique de rapprochement de l&rsquo;administration du citoyen \u00bb.<\/p>\n\n\n\n<p class=\"wp-block-paragraph\">Samir Benisid<\/p>\n","protected":false},"excerpt":{"rendered":"<p>Le ministre de l&rsquo;Habitat, de l&rsquo;Urbanisme, de la Ville et de l&rsquo;Am\u00e9nagement du territoire, Mohamed Tarek Belaribi, s&rsquo;est rendu mercredi<\/p>\n","protected":false},"author":6,"featured_media":94963,"comment_status":"open","ping_status":"closed","sticky":false,"template":"","format":"standard","meta":{"colormag_page_container_layout":"default_layout","colormag_page_sidebar_layout":"default_layout","om_disable_all_campaigns":false,"_monsterinsights_skip_tracking":false,"footnotes":"","_wpscppro_dont_share_socialmedia":false,"_wpscppro_custom_social_share_image":0,"_facebook_share_type":"default","_twitter_share_type":"default","_linkedin_share_type":"default","_pinterest_share_type":"default","_linkedin_share_type_page":"","_instagram_share_type":"default","_medium_share_type":"default","_threads_share_type":"default","_google_business_share_type":"default","_bluesky_share_type":"default","_mastodon_share_type":"default","_selected_social_profile":[],"_wpsp_enable_custom_social_template":false,"_wpsp_social_scheduling":{"enabled":false,"datetime":null,"platforms":[],"status":"template_only","dateOption":"today","timeOption":"now","customDays":"","customHours":"","customDate":"","customTime":"","schedulingType":"absolute"},"_wpsp_active_default_template":true},"categories":[27],"tags":[],"class_list":["post-94962","post","type-post","status-publish","format-standard","has-post-thumbnail","hentry","category-actualite"],"aioseo_notices":[],"aioseo_head":"\n\t\t<!-- All in One SEO 5.0.0.1 - aioseo.com -->\n\t<meta name=\"description\" content=\"Le ministre de l&#039;Habitat, de l&#039;Urbanisme, de la Ville et de l&#039;Am\u00e9nagement du territoire, Mohamed Tarek Belaribi, s&#039;est rendu mercredi dans la wilaya de Jijel pour suivre sur le terrain la mise en \u0153uvre des mesures de prise en charge des cons\u00e9quences des incendies ayant touch\u00e9 plusieurs wilayas du pays, notamment en ce qui concerne\" \/>\n\t<meta name=\"robots\" content=\"max-image-preview:large\" \/>\n\t<meta name=\"author\" content=\"admin\"\/>\n\t<link rel=\"canonical\" href=\"https:\/\/lasentinelle.dz\/index.php\/2026\/09\/02\/incendies-le-logement-au-coeur-de-la-prise-en-charge-des-sinistres-a-jijel\/\" \/>\n\t<meta name=\"generator\" content=\"All in One SEO (AIOSEO) 5.0.0.1\" \/>\n\t\t<meta property=\"og:locale\" content=\"fr_FR\" \/>\n\t\t<meta property=\"og:site_name\" content=\"La Sentinelle - Quotidien national d&#039;information\" \/>\n\t\t<meta property=\"og:type\" content=\"article\" \/>\n\t\t<meta property=\"og:title\" content=\"Incendies : Le logement au c\u0153ur de la prise en charge des sinistr\u00e9s \u00e0 Jijel - La Sentinelle\" \/>\n\t\t<meta property=\"og:description\" content=\"Le ministre de l&#039;Habitat, de l&#039;Urbanisme, de la Ville et de l&#039;Am\u00e9nagement du territoire, Mohamed Tarek Belaribi, s&#039;est rendu mercredi dans la wilaya de Jijel pour suivre sur le terrain la mise en \u0153uvre des mesures de prise en charge des cons\u00e9quences des incendies ayant touch\u00e9 plusieurs wilayas du pays, notamment en ce qui concerne\" \/>\n\t\t<meta property=\"og:url\" content=\"https:\/\/lasentinelle.dz\/index.php\/2026\/09\/02\/incendies-le-logement-au-coeur-de-la-prise-en-charge-des-sinistres-a-jijel\/\" \/>\n\t\t<meta property=\"og:image\" content=\"https:\/\/lasentinelle.dz\/wp-content\/uploads\/2021\/09\/cropped-la-sentinelle-earth-golden-anima-5.gif\" \/>\n\t\t<meta property=\"og:image:secure_url\" content=\"https:\/\/lasentinelle.dz\/wp-content\/uploads\/2021\/09\/cropped-la-sentinelle-earth-golden-anima-5.gif\" \/>\n\t\t<meta property=\"og:image:width\" content=\"450\" \/>\n\t\t<meta property=\"og:image:height\" content=\"213\" \/>\n\t\t<meta property=\"article:published_time\" content=\"2026-09-02T19:14:59+00:00\" \/>\n\t\t<meta property=\"article:modified_time\" content=\"2026-09-04T19:16:35+00:00\" \/>\n\t\t<meta property=\"article:publisher\" content=\"https:\/\/www.facebook.com\/azzedine.lasentinelle.1\" \/>\n\t\t<meta name=\"twitter:card\" content=\"summary_large_image\" \/>\n\t\t<meta name=\"twitter:title\" content=\"Incendies : Le logement au c\u0153ur de la prise en charge des sinistr\u00e9s \u00e0 Jijel - La Sentinelle\" \/>\n\t\t<meta name=\"twitter:description\" content=\"Le ministre de l&#039;Habitat, de l&#039;Urbanisme, de la Ville et de l&#039;Am\u00e9nagement du territoire, Mohamed Tarek Belaribi, s&#039;est rendu mercredi dans la wilaya de Jijel pour suivre sur le terrain la mise en \u0153uvre des mesures de prise en charge des cons\u00e9quences des incendies ayant touch\u00e9 plusieurs wilayas du pays, notamment en ce qui concerne\" \/>\n\t\t<meta name=\"twitter:image\" content=\"https:\/\/lasentinelle.dz\/wp-content\/uploads\/2021\/09\/cropped-la-sentinelle-earth-golden-anima-5.gif\" \/>\n\t\t<script type=\"application\/ld+json\" class=\"aioseo-schema\">\n\t\t\t{\"@context\":\"https:\\\/\\\/schema.org\",\"@graph\":[{\"@type\":\"BlogPosting\",\"@id\":\"https:\\\/\\\/lasentinelle.dz\\\/index.php\\\/2026\\\/09\\\/02\\\/incendies-le-logement-au-coeur-de-la-prise-en-charge-des-sinistres-a-jijel\\\/#blogposting\",\"name\":\"Incendies : Le logement au c\\u0153ur de la prise en charge des sinistr\\u00e9s \\u00e0 Jijel - La Sentinelle\",\"headline\":\"Incendies\\u00a0: Le logement au c\\u0153ur de la prise en charge des sinistr\\u00e9s \\u00e0 Jijel\",\"author\":{\"@id\":\"https:\\\/\\\/lasentinelle.dz\\\/author\\\/admin\\\/#author\"},\"publisher\":{\"@id\":\"https:\\\/\\\/lasentinelle.dz\\\/#organization\"},\"image\":{\"@type\":\"ImageObject\",\"url\":\"https:\\\/\\\/lasentinelle.dz\\\/wp-content\\\/uploads\\\/2026\\\/09\\\/belaribi.webp\",\"width\":900,\"height\":675},\"datePublished\":\"2026-09-02T20:14:59+01:00\",\"dateModified\":\"2026-09-04T20:16:35+01:00\",\"inLanguage\":\"fr-FR\",\"mainEntityOfPage\":{\"@id\":\"https:\\\/\\\/lasentinelle.dz\\\/index.php\\\/2026\\\/09\\\/02\\\/incendies-le-logement-au-coeur-de-la-prise-en-charge-des-sinistres-a-jijel\\\/#webpage\"},\"isPartOf\":{\"@id\":\"https:\\\/\\\/lasentinelle.dz\\\/index.php\\\/2026\\\/09\\\/02\\\/incendies-le-logement-au-coeur-de-la-prise-en-charge-des-sinistres-a-jijel\\\/#webpage\"},\"articleSection\":\"Actualit\\u00e9\"},{\"@type\":\"BreadcrumbList\",\"@id\":\"https:\\\/\\\/lasentinelle.dz\\\/index.php\\\/2026\\\/09\\\/02\\\/incendies-le-logement-au-coeur-de-la-prise-en-charge-des-sinistres-a-jijel\\\/#breadcrumblist\",\"itemListElement\":[{\"@type\":\"ListItem\",\"@id\":\"https:\\\/\\\/lasentinelle.dz#listItem\",\"position\":1,\"name\":\"Home\",\"item\":\"https:\\\/\\\/lasentinelle.dz\",\"nextItem\":{\"@type\":\"ListItem\",\"@id\":\"https:\\\/\\\/lasentinelle.dz\\\/index.php\\\/category\\\/actualite\\\/#listItem\",\"name\":\"Actualit\\u00e9\"}},{\"@type\":\"ListItem\",\"@id\":\"https:\\\/\\\/lasentinelle.dz\\\/index.php\\\/category\\\/actualite\\\/#listItem\",\"position\":2,\"name\":\"Actualit\\u00e9\",\"item\":\"https:\\\/\\\/lasentinelle.dz\\\/index.php\\\/category\\\/actualite\\\/\",\"nextItem\":{\"@type\":\"ListItem\",\"@id\":\"https:\\\/\\\/lasentinelle.dz\\\/index.php\\\/2026\\\/09\\\/02\\\/incendies-le-logement-au-coeur-de-la-prise-en-charge-des-sinistres-a-jijel\\\/#listItem\",\"name\":\"Incendies\\u00a0: Le logement au c\\u0153ur de la prise en charge des sinistr\\u00e9s \\u00e0 Jijel\"},\"previousItem\":{\"@type\":\"ListItem\",\"@id\":\"https:\\\/\\\/lasentinelle.dz#listItem\",\"name\":\"Home\"}},{\"@type\":\"ListItem\",\"@id\":\"https:\\\/\\\/lasentinelle.dz\\\/index.php\\\/2026\\\/09\\\/02\\\/incendies-le-logement-au-coeur-de-la-prise-en-charge-des-sinistres-a-jijel\\\/#listItem\",\"position\":3,\"name\":\"Incendies\\u00a0: Le logement au c\\u0153ur de la prise en charge des sinistr\\u00e9s \\u00e0 Jijel\",\"previousItem\":{\"@type\":\"ListItem\",\"@id\":\"https:\\\/\\\/lasentinelle.dz\\\/index.php\\\/category\\\/actualite\\\/#listItem\",\"name\":\"Actualit\\u00e9\"}}]},{\"@type\":\"Organization\",\"@id\":\"https:\\\/\\\/lasentinelle.dz\\\/#organization\",\"name\":\"La Sentinelle La Sentinelle\",\"description\":\"Quotidien national d'information\",\"url\":\"https:\\\/\\\/lasentinelle.dz\\\/\",\"logo\":{\"@type\":\"ImageObject\",\"url\":\"https:\\\/\\\/lasentinelle.dz\\\/wp-content\\\/uploads\\\/2021\\\/09\\\/cropped-la-sentinelle-earth-golden-anima-5.gif\",\"@id\":\"https:\\\/\\\/lasentinelle.dz\\\/index.php\\\/2026\\\/09\\\/02\\\/incendies-le-logement-au-coeur-de-la-prise-en-charge-des-sinistres-a-jijel\\\/#organizationLogo\",\"width\":450,\"height\":213},\"image\":{\"@id\":\"https:\\\/\\\/lasentinelle.dz\\\/index.php\\\/2026\\\/09\\\/02\\\/incendies-le-logement-au-coeur-de-la-prise-en-charge-des-sinistres-a-jijel\\\/#organizationLogo\"},\"sameAs\":[\"https:\\\/\\\/www.facebook.com\\\/azzedine.lasentinelle.1\"]},{\"@type\":\"Person\",\"@id\":\"https:\\\/\\\/lasentinelle.dz\\\/author\\\/admin\\\/#author\",\"url\":\"https:\\\/\\\/lasentinelle.dz\\\/author\\\/admin\\\/\",\"name\":\"admin\",\"image\":{\"@type\":\"ImageObject\",\"@id\":\"https:\\\/\\\/lasentinelle.dz\\\/index.php\\\/2026\\\/09\\\/02\\\/incendies-le-logement-au-coeur-de-la-prise-en-charge-des-sinistres-a-jijel\\\/#authorImage\",\"url\":\"https:\\\/\\\/secure.gravatar.com\\\/avatar\\\/4c81fed838786e9b53f540bf46533e750f5d292099ae3b66cfc6fb1982e29df7?s=96&d=mm&r=g\",\"width\":96,\"height\":96,\"caption\":\"admin\"}},{\"@type\":\"WebPage\",\"@id\":\"https:\\\/\\\/lasentinelle.dz\\\/index.php\\\/2026\\\/09\\\/02\\\/incendies-le-logement-au-coeur-de-la-prise-en-charge-des-sinistres-a-jijel\\\/#webpage\",\"url\":\"https:\\\/\\\/lasentinelle.dz\\\/index.php\\\/2026\\\/09\\\/02\\\/incendies-le-logement-au-coeur-de-la-prise-en-charge-des-sinistres-a-jijel\\\/\",\"name\":\"Incendies : Le logement au c\\u0153ur de la prise en charge des sinistr\\u00e9s \\u00e0 Jijel - La Sentinelle\",\"description\":\"Le ministre de l'Habitat, de l'Urbanisme, de la Ville et de l'Am\\u00e9nagement du territoire, Mohamed Tarek Belaribi, s'est rendu mercredi dans la wilaya de Jijel pour suivre sur le terrain la mise en \\u0153uvre des mesures de prise en charge des cons\\u00e9quences des incendies ayant touch\\u00e9 plusieurs wilayas du pays, notamment en ce qui concerne\",\"inLanguage\":\"fr-FR\",\"isPartOf\":{\"@id\":\"https:\\\/\\\/lasentinelle.dz\\\/#website\"},\"breadcrumb\":{\"@id\":\"https:\\\/\\\/lasentinelle.dz\\\/index.php\\\/2026\\\/09\\\/02\\\/incendies-le-logement-au-coeur-de-la-prise-en-charge-des-sinistres-a-jijel\\\/#breadcrumblist\"},\"author\":{\"@id\":\"https:\\\/\\\/lasentinelle.dz\\\/author\\\/admin\\\/#author\"},\"creator\":{\"@id\":\"https:\\\/\\\/lasentinelle.dz\\\/author\\\/admin\\\/#author\"},\"image\":{\"@type\":\"ImageObject\",\"url\":\"https:\\\/\\\/lasentinelle.dz\\\/wp-content\\\/uploads\\\/2026\\\/09\\\/belaribi.webp\",\"@id\":\"https:\\\/\\\/lasentinelle.dz\\\/index.php\\\/2026\\\/09\\\/02\\\/incendies-le-logement-au-coeur-de-la-prise-en-charge-des-sinistres-a-jijel\\\/#mainImage\",\"width\":900,\"height\":675},\"primaryImageOfPage\":{\"@id\":\"https:\\\/\\\/lasentinelle.dz\\\/index.php\\\/2026\\\/09\\\/02\\\/incendies-le-logement-au-coeur-de-la-prise-en-charge-des-sinistres-a-jijel\\\/#mainImage\"},\"datePublished\":\"2026-09-02T20:14:59+01:00\",\"dateModified\":\"2026-09-04T20:16:35+01:00\"},{\"@type\":\"WebSite\",\"@id\":\"https:\\\/\\\/lasentinelle.dz\\\/#website\",\"url\":\"https:\\\/\\\/lasentinelle.dz\\\/\",\"name\":\"La Sentinelle\",\"description\":\"Quotidien national d'information\",\"inLanguage\":\"fr-FR\",\"publisher\":{\"@id\":\"https:\\\/\\\/lasentinelle.dz\\\/#organization\"}}]}\n\t\t<\/script>\n\t\t<!-- All in One SEO -->\n\n","aioseo_head_json":{"title":"Incendies : Le logement au c\u0153ur de la prise en charge des sinistr\u00e9s \u00e0 Jijel - La Sentinelle","description":"Le ministre de l'Habitat, de l'Urbanisme, de la Ville et de l'Am\u00e9nagement du territoire, Mohamed Tarek Belaribi, s'est rendu mercredi dans la wilaya de Jijel pour suivre sur le terrain la mise en \u0153uvre des mesures de prise en charge des cons\u00e9quences des incendies ayant touch\u00e9 plusieurs wilayas du pays, notamment en ce qui concerne","canonical_url":"https:\/\/lasentinelle.dz\/index.php\/2026\/09\/02\/incendies-le-logement-au-coeur-de-la-prise-en-charge-des-sinistres-a-jijel\/","robots":"max-image-preview:large","keywords":"","webmasterTools":{"miscellaneous":""},"schema":{"@context":"https:\/\/schema.org","@graph":[{"@type":"BlogPosting","@id":"https:\/\/lasentinelle.dz\/index.php\/2026\/09\/02\/incendies-le-logement-au-coeur-de-la-prise-en-charge-des-sinistres-a-jijel\/#blogposting","name":"Incendies : Le logement au c\u0153ur de la prise en charge des sinistr\u00e9s \u00e0 Jijel - La Sentinelle","headline":"Incendies\u00a0: Le logement au c\u0153ur de la prise en charge des sinistr\u00e9s \u00e0 Jijel","author":{"@id":"https:\/\/lasentinelle.dz\/author\/admin\/#author"},"publisher":{"@id":"https:\/\/lasentinelle.dz\/#organization"},"image":{"@type":"ImageObject","url":"https:\/\/lasentinelle.dz\/wp-content\/uploads\/2026\/09\/belaribi.webp","width":900,"height":675},"datePublished":"2026-09-02T20:14:59+01:00","dateModified":"2026-09-04T20:16:35+01:00","inLanguage":"fr-FR","mainEntityOfPage":{"@id":"https:\/\/lasentinelle.dz\/index.php\/2026\/09\/02\/incendies-le-logement-au-coeur-de-la-prise-en-charge-des-sinistres-a-jijel\/#webpage"},"isPartOf":{"@id":"https:\/\/lasentinelle.dz\/index.php\/2026\/09\/02\/incendies-le-logement-au-coeur-de-la-prise-en-charge-des-sinistres-a-jijel\/#webpage"},"articleSection":"Actualit\u00e9"},{"@type":"BreadcrumbList","@id":"https:\/\/lasentinelle.dz\/index.php\/2026\/09\/02\/incendies-le-logement-au-coeur-de-la-prise-en-charge-des-sinistres-a-jijel\/#breadcrumblist","itemListElement":[{"@type":"ListItem","@id":"https:\/\/lasentinelle.dz#listItem","position":1,"name":"Home","item":"https:\/\/lasentinelle.dz","nextItem":{"@type":"ListItem","@id":"https:\/\/lasentinelle.dz\/index.php\/category\/actualite\/#listItem","name":"Actualit\u00e9"}},{"@type":"ListItem","@id":"https:\/\/lasentinelle.dz\/index.php\/category\/actualite\/#listItem","position":2,"name":"Actualit\u00e9","item":"https:\/\/lasentinelle.dz\/index.php\/category\/actualite\/","nextItem":{"@type":"ListItem","@id":"https:\/\/lasentinelle.dz\/index.php\/2026\/09\/02\/incendies-le-logement-au-coeur-de-la-prise-en-charge-des-sinistres-a-jijel\/#listItem","name":"Incendies\u00a0: Le logement au c\u0153ur de la prise en charge des sinistr\u00e9s \u00e0 Jijel"},"previousItem":{"@type":"ListItem","@id":"https:\/\/lasentinelle.dz#listItem","name":"Home"}},{"@type":"ListItem","@id":"https:\/\/lasentinelle.dz\/index.php\/2026\/09\/02\/incendies-le-logement-au-coeur-de-la-prise-en-charge-des-sinistres-a-jijel\/#listItem","position":3,"name":"Incendies\u00a0: Le logement au c\u0153ur de la prise en charge des sinistr\u00e9s \u00e0 Jijel","previousItem":{"@type":"ListItem","@id":"https:\/\/lasentinelle.dz\/index.php\/category\/actualite\/#listItem","name":"Actualit\u00e9"}}]},{"@type":"Organization","@id":"https:\/\/lasentinelle.dz\/#organization","name":"La Sentinelle La Sentinelle","description":"Quotidien national d'information","url":"https:\/\/lasentinelle.dz\/","logo":{"@type":"ImageObject","url":"https:\/\/lasentinelle.dz\/wp-content\/uploads\/2021\/09\/cropped-la-sentinelle-earth-golden-anima-5.gif","@id":"https:\/\/lasentinelle.dz\/index.php\/2026\/09\/02\/incendies-le-logement-au-coeur-de-la-prise-en-charge-des-sinistres-a-jijel\/#organizationLogo","width":450,"height":213},"image":{"@id":"https:\/\/lasentinelle.dz\/index.php\/2026\/09\/02\/incendies-le-logement-au-coeur-de-la-prise-en-charge-des-sinistres-a-jijel\/#organizationLogo"},"sameAs":["https:\/\/www.facebook.com\/azzedine.lasentinelle.1"]},{"@type":"Person","@id":"https:\/\/lasentinelle.dz\/author\/admin\/#author","url":"https:\/\/lasentinelle.dz\/author\/admin\/","name":"admin","image":{"@type":"ImageObject","@id":"https:\/\/lasentinelle.dz\/index.php\/2026\/09\/02\/incendies-le-logement-au-coeur-de-la-prise-en-charge-des-sinistres-a-jijel\/#authorImage","url":"https:\/\/secure.gravatar.com\/avatar\/4c81fed838786e9b53f540bf46533e750f5d292099ae3b66cfc6fb1982e29df7?s=96&d=mm&r=g","width":96,"height":96,"caption":"admin"}},{"@type":"WebPage","@id":"https:\/\/lasentinelle.dz\/index.php\/2026\/09\/02\/incendies-le-logement-au-coeur-de-la-prise-en-charge-des-sinistres-a-jijel\/#webpage","url":"https:\/\/lasentinelle.dz\/index.php\/2026\/09\/02\/incendies-le-logement-au-coeur-de-la-prise-en-charge-des-sinistres-a-jijel\/","name":"Incendies : Le logement au c\u0153ur de la prise en charge des sinistr\u00e9s \u00e0 Jijel - La Sentinelle","description":"Le ministre de l'Habitat, de l'Urbanisme, de la Ville et de l'Am\u00e9nagement du territoire, Mohamed Tarek Belaribi, s'est rendu mercredi dans la wilaya de Jijel pour suivre sur le terrain la mise en \u0153uvre des mesures de prise en charge des cons\u00e9quences des incendies ayant touch\u00e9 plusieurs wilayas du pays, notamment en ce qui concerne","inLanguage":"fr-FR","isPartOf":{"@id":"https:\/\/lasentinelle.dz\/#website"},"breadcrumb":{"@id":"https:\/\/lasentinelle.dz\/index.php\/2026\/09\/02\/incendies-le-logement-au-coeur-de-la-prise-en-charge-des-sinistres-a-jijel\/#breadcrumblist"},"author":{"@id":"https:\/\/lasentinelle.dz\/author\/admin\/#author"},"creator":{"@id":"https:\/\/lasentinelle.dz\/author\/admin\/#author"},"image":{"@type":"ImageObject","url":"https:\/\/lasentinelle.dz\/wp-content\/uploads\/2026\/09\/belaribi.webp","@id":"https:\/\/lasentinelle.dz\/index.php\/2026\/09\/02\/incendies-le-logement-au-coeur-de-la-prise-en-charge-des-sinistres-a-jijel\/#mainImage","width":900,"height":675},"primaryImageOfPage":{"@id":"https:\/\/lasentinelle.dz\/index.php\/2026\/09\/02\/incendies-le-logement-au-coeur-de-la-prise-en-charge-des-sinistres-a-jijel\/#mainImage"},"datePublished":"2026-09-02T20:14:59+01:00","dateModified":"2026-09-04T20:16:35+01:00"},{"@type":"WebSite","@id":"https:\/\/lasentinelle.dz\/#website","url":"https:\/\/lasentinelle.dz\/","name":"La Sentinelle","description":"Quotidien national d'information","inLanguage":"fr-FR","publisher":{"@id":"https:\/\/lasentinelle.dz\/#organization"}}]},"og:locale":"fr_FR","og:site_name":"La Sentinelle - Quotidien national d'information","og:type":"article","og:title":"Incendies : Le logement au c\u0153ur de la prise en charge des sinistr\u00e9s \u00e0 Jijel - La Sentinelle","og:description":"Le ministre de l'Habitat, de l'Urbanisme, de la Ville et de l'Am\u00e9nagement du territoire, Mohamed Tarek Belaribi, s'est rendu mercredi dans la wilaya de Jijel pour suivre sur le terrain la mise en \u0153uvre des mesures de prise en charge des cons\u00e9quences des incendies ayant touch\u00e9 plusieurs wilayas du pays, notamment en ce qui concerne","og:url":"https:\/\/lasentinelle.dz\/index.php\/2026\/09\/02\/incendies-le-logement-au-coeur-de-la-prise-en-charge-des-sinistres-a-jijel\/","og:image":"https:\/\/lasentinelle.dz\/wp-content\/uploads\/2021\/09\/cropped-la-sentinelle-earth-golden-anima-5.gif","og:image:secure_url":"https:\/\/lasentinelle.dz\/wp-content\/uploads\/2021\/09\/cropped-la-sentinelle-earth-golden-anima-5.gif","og:image:width":450,"og:image:height":213,"article:published_time":"2026-09-02T19:14:59+00:00","article:modified_time":"2026-09-04T19:16:35+00:00","article:publisher":"https:\/\/www.facebook.com\/azzedine.lasentinelle.1","twitter:card":"summary_large_image","twitter:title":"Incendies : Le logement au c\u0153ur de la prise en charge des sinistr\u00e9s \u00e0 Jijel - La Sentinelle","twitter:description":"Le ministre de l'Habitat, de l'Urbanisme, de la Ville et de l'Am\u00e9nagement du territoire, Mohamed Tarek Belaribi, s'est rendu mercredi dans la wilaya de Jijel pour suivre sur le terrain la mise en \u0153uvre des mesures de prise en charge des cons\u00e9quences des incendies ayant touch\u00e9 plusieurs wilayas du pays, notamment en ce qui concerne","twitter:image":"https:\/\/lasentinelle.dz\/wp-content\/uploads\/2021\/09\/cropped-la-sentinelle-earth-golden-anima-5.gif"},"aioseo_meta_data":{"post_id":"94962","title":null,"description":null,"keywords":null,"keyphrases":{"focus":{"keyphrase":"","score":0,"analysis":{"keyphraseInTitle":{"score":0,"maxScore":9,"error":1}}},"additional":[]},"primary_term":null,"canonical_url":null,"og_title":null,"og_description":null,"og_object_type":"default","og_image_type":"default","og_image_url":null,"og_image_width":null,"og_image_height":null,"og_image_custom_url":null,"og_image_custom_fields":null,"og_video":"","og_custom_url":null,"og_article_section":null,"og_article_tags":null,"twitter_use_og":false,"twitter_card":"default","twitter_image_type":"default","twitter_image_url":null,"twitter_image_custom_url":null,"twitter_image_custom_fields":null,"twitter_title":null,"twitter_description":null,"schema":{"blockGraphs":[],"customGraphs":[],"default":{"data":{"Article":[],"Course":[],"Dataset":[],"FAQPage":[],"Movie":[],"Person":[],"Product":[],"ProductReview":[],"Car":[],"Recipe":[],"Service":[],"SoftwareApplication":[],"WebPage":[]},"graphName":"BlogPosting","isEnabled":true},"graphs":[]},"schema_type":"default","schema_type_options":null,"pillar_content":false,"robots_default":true,"robots_noindex":false,"robots_noarchive":false,"robots_nosnippet":false,"robots_nofollow":false,"robots_noimageindex":false,"robots_noodp":false,"robots_notranslate":false,"robots_max_snippet":"-1","robots_max_videopreview":"-1","robots_max_imagepreview":"large","priority":null,"frequency":"default","local_seo":null,"breadcrumb_settings":null,"limit_modified_date":false,"ai":{"faqs":[],"keyPoints":[],"schemas":[],"titles":[],"descriptions":[],"socialPosts":{"email":{"subject":"","preview":"","content":""},"linkedin":[],"twitter":[],"facebook":[],"instagram":[]}},"created":"2026-09-04 19:16:37","updated":"2026-09-04 20:13:03","focus_keyword":null,"additional_keywords":null,"truseo_locale":null,"seo_analyzer_scan_date":null},"aioseo_breadcrumb":"<div class=\"aioseo-breadcrumbs\"><span class=\"aioseo-breadcrumb\">\n\t\t\t<a href=\"https:\/\/lasentinelle.dz\" title=\"Home\">Home<\/a>\n\t\t<\/span><span class=\"aioseo-breadcrumb-separator\">&raquo;<\/span><span class=\"aioseo-breadcrumb\">\n\t\t\t<a href=\"https:\/\/lasentinelle.dz\/index.php\/category\/actualite\/\" title=\"Actualit\u00e9\">Actualit\u00e9<\/a>\n\t\t<\/span><span class=\"aioseo-breadcrumb-separator\">&raquo;<\/span><span class=\"aioseo-breadcrumb\">\n\t\t\tIncendies : Le logement au c\u0153ur de la prise en charge des sinistr\u00e9s \u00e0 Jijel\n\t\t<\/span><\/div>","aioseo_breadcrumb_json":[{"label":"Home","link":"https:\/\/lasentinelle.dz"},{"label":"Actualit\u00e9","link":"https:\/\/lasentinelle.dz\/index.php\/category\/actualite\/"},{"label":"Incendies\u00a0: Le logement au c\u0153ur de la prise en charge des sinistr\u00e9s \u00e0 Jijel","link":"https:\/\/lasentinelle.dz\/index.php\/2026\/09\/02\/incendies-le-logement-au-coeur-de-la-prise-en-charge-des-sinistres-a-jijel\/"}],"yoast_head":"<!-- This site is optimized with the Yoast SEO plugin v28.4 - https:\/\/yoast.com\/product\/yoast-seo-wordpress\/ -->\n<title>Incendies\u00a0: Le logement au c\u0153ur de la prise en charge des sinistr\u00e9s \u00e0 Jijel - La Sentinelle<\/title>\n<meta name=\"robots\" content=\"index, follow, max-snippet:-1, max-image-preview:large, max-video-preview:-1\" \/>\n<link rel=\"canonical\" href=\"https:\/\/lasentinelle.dz\/index.php\/2026\/09\/02\/incendies-le-logement-au-coeur-de-la-prise-en-charge-des-sinistres-a-jijel\/\" \/>\n<meta property=\"og:locale\" content=\"fr_FR\" \/>\n<meta property=\"og:type\" content=\"article\" \/>\n<meta property=\"og:title\" content=\"Incendies\u00a0: Le logement au c\u0153ur de la prise en charge des sinistr\u00e9s \u00e0 Jijel - La Sentinelle\" \/>\n<meta property=\"og:description\" content=\"Le ministre de l&rsquo;Habitat, de l&rsquo;Urbanisme, de la Ville et de l&rsquo;Am\u00e9nagement du territoire, Mohamed Tarek Belaribi, s&rsquo;est rendu mercredi\" \/>\n<meta property=\"og:url\" content=\"https:\/\/lasentinelle.dz\/index.php\/2026\/09\/02\/incendies-le-logement-au-coeur-de-la-prise-en-charge-des-sinistres-a-jijel\/\" \/>\n<meta property=\"og:site_name\" content=\"La Sentinelle\" \/>\n<meta property=\"article:publisher\" content=\"https:\/\/www.facebook.com\/La-Sentinelle-104059864394773\" \/>\n<meta property=\"article:published_time\" content=\"2026-09-02T19:14:59+00:00\" \/>\n<meta property=\"article:modified_time\" content=\"2026-09-04T19:16:35+00:00\" \/>\n<meta property=\"og:image\" content=\"https:\/\/lasentinelle.dz\/wp-content\/uploads\/2026\/09\/belaribi.webp\" \/>\n\t<meta property=\"og:image:width\" content=\"900\" \/>\n\t<meta property=\"og:image:height\" content=\"675\" \/>\n\t<meta property=\"og:image:type\" content=\"image\/webp\" \/>\n<meta name=\"author\" content=\"admin\" \/>\n<meta name=\"twitter:card\" content=\"summary_large_image\" \/>\n<meta name=\"twitter:label1\" content=\"\u00c9crit par\" \/>\n\t<meta name=\"twitter:data1\" content=\"admin\" \/>\n\t<meta name=\"twitter:label2\" content=\"Dur\u00e9e de lecture estim\u00e9e\" \/>\n\t<meta name=\"twitter:data2\" content=\"3 minutes\" \/>\n<script type=\"application\/ld+json\" class=\"yoast-schema-graph\">{\"@context\":\"https:\\\/\\\/schema.org\",\"@graph\":[{\"@type\":\"Article\",\"@id\":\"https:\\\/\\\/lasentinelle.dz\\\/index.php\\\/2026\\\/09\\\/02\\\/incendies-le-logement-au-coeur-de-la-prise-en-charge-des-sinistres-a-jijel\\\/#article\",\"isPartOf\":{\"@id\":\"https:\\\/\\\/lasentinelle.dz\\\/index.php\\\/2026\\\/09\\\/02\\\/incendies-le-logement-au-coeur-de-la-prise-en-charge-des-sinistres-a-jijel\\\/\"},\"author\":{\"name\":\"admin\",\"@id\":\"https:\\\/\\\/lasentinelle.dz\\\/#\\\/schema\\\/person\\\/729ee0024f24e0b8c5ec17232f8e8b41\"},\"headline\":\"Incendies\u00a0: Le logement au c\u0153ur de la prise en charge des sinistr\u00e9s \u00e0 Jijel\",\"datePublished\":\"2026-09-02T19:14:59+00:00\",\"dateModified\":\"2026-09-04T19:16:35+00:00\",\"mainEntityOfPage\":{\"@id\":\"https:\\\/\\\/lasentinelle.dz\\\/index.php\\\/2026\\\/09\\\/02\\\/incendies-le-logement-au-coeur-de-la-prise-en-charge-des-sinistres-a-jijel\\\/\"},\"wordCount\":598,\"commentCount\":0,\"publisher\":{\"@id\":\"https:\\\/\\\/lasentinelle.dz\\\/#organization\"},\"image\":{\"@id\":\"https:\\\/\\\/lasentinelle.dz\\\/index.php\\\/2026\\\/09\\\/02\\\/incendies-le-logement-au-coeur-de-la-prise-en-charge-des-sinistres-a-jijel\\\/#primaryimage\"},\"thumbnailUrl\":\"https:\\\/\\\/lasentinelle.dz\\\/wp-content\\\/uploads\\\/2026\\\/09\\\/belaribi.webp\",\"articleSection\":[\"Actualit\u00e9\"],\"inLanguage\":\"fr-FR\",\"potentialAction\":[{\"@type\":\"CommentAction\",\"name\":\"Comment\",\"target\":[\"https:\\\/\\\/lasentinelle.dz\\\/index.php\\\/2026\\\/09\\\/02\\\/incendies-le-logement-au-coeur-de-la-prise-en-charge-des-sinistres-a-jijel\\\/#respond\"]}]},{\"@type\":\"WebPage\",\"@id\":\"https:\\\/\\\/lasentinelle.dz\\\/index.php\\\/2026\\\/09\\\/02\\\/incendies-le-logement-au-coeur-de-la-prise-en-charge-des-sinistres-a-jijel\\\/\",\"url\":\"https:\\\/\\\/lasentinelle.dz\\\/index.php\\\/2026\\\/09\\\/02\\\/incendies-le-logement-au-coeur-de-la-prise-en-charge-des-sinistres-a-jijel\\\/\",\"name\":\"Incendies\u00a0: Le logement au c\u0153ur de la prise en charge des sinistr\u00e9s \u00e0 Jijel - La Sentinelle\",\"isPartOf\":{\"@id\":\"https:\\\/\\\/lasentinelle.dz\\\/#website\"},\"primaryImageOfPage\":{\"@id\":\"https:\\\/\\\/lasentinelle.dz\\\/index.php\\\/2026\\\/09\\\/02\\\/incendies-le-logement-au-coeur-de-la-prise-en-charge-des-sinistres-a-jijel\\\/#primaryimage\"},\"image\":{\"@id\":\"https:\\\/\\\/lasentinelle.dz\\\/index.php\\\/2026\\\/09\\\/02\\\/incendies-le-logement-au-coeur-de-la-prise-en-charge-des-sinistres-a-jijel\\\/#primaryimage\"},\"thumbnailUrl\":\"https:\\\/\\\/lasentinelle.dz\\\/wp-content\\\/uploads\\\/2026\\\/09\\\/belaribi.webp\",\"datePublished\":\"2026-09-02T19:14:59+00:00\",\"dateModified\":\"2026-09-04T19:16:35+00:00\",\"breadcrumb\":{\"@id\":\"https:\\\/\\\/lasentinelle.dz\\\/index.php\\\/2026\\\/09\\\/02\\\/incendies-le-logement-au-coeur-de-la-prise-en-charge-des-sinistres-a-jijel\\\/#breadcrumb\"},\"inLanguage\":\"fr-FR\",\"potentialAction\":[{\"@type\":\"ReadAction\",\"target\":[\"https:\\\/\\\/lasentinelle.dz\\\/index.php\\\/2026\\\/09\\\/02\\\/incendies-le-logement-au-coeur-de-la-prise-en-charge-des-sinistres-a-jijel\\\/\"]}]},{\"@type\":\"ImageObject\",\"inLanguage\":\"fr-FR\",\"@id\":\"https:\\\/\\\/lasentinelle.dz\\\/index.php\\\/2026\\\/09\\\/02\\\/incendies-le-logement-au-coeur-de-la-prise-en-charge-des-sinistres-a-jijel\\\/#primaryimage\",\"url\":\"https:\\\/\\\/lasentinelle.dz\\\/wp-content\\\/uploads\\\/2026\\\/09\\\/belaribi.webp\",\"contentUrl\":\"https:\\\/\\\/lasentinelle.dz\\\/wp-content\\\/uploads\\\/2026\\\/09\\\/belaribi.webp\",\"width\":900,\"height\":675},{\"@type\":\"BreadcrumbList\",\"@id\":\"https:\\\/\\\/lasentinelle.dz\\\/index.php\\\/2026\\\/09\\\/02\\\/incendies-le-logement-au-coeur-de-la-prise-en-charge-des-sinistres-a-jijel\\\/#breadcrumb\",\"itemListElement\":[{\"@type\":\"ListItem\",\"position\":1,\"name\":\"Accueil\",\"item\":\"https:\\\/\\\/lasentinelle.dz\\\/\"},{\"@type\":\"ListItem\",\"position\":2,\"name\":\"Incendies\u00a0: Le logement au c\u0153ur de la prise en charge des sinistr\u00e9s \u00e0 Jijel\"}]},{\"@type\":\"WebSite\",\"@id\":\"https:\\\/\\\/lasentinelle.dz\\\/#website\",\"url\":\"https:\\\/\\\/lasentinelle.dz\\\/\",\"name\":\"La Sentinelle\",\"description\":\"Quotidien national d&#039;information\",\"publisher\":{\"@id\":\"https:\\\/\\\/lasentinelle.dz\\\/#organization\"},\"potentialAction\":[{\"@type\":\"SearchAction\",\"target\":{\"@type\":\"EntryPoint\",\"urlTemplate\":\"https:\\\/\\\/lasentinelle.dz\\\/?s={search_term_string}\"},\"query-input\":{\"@type\":\"PropertyValueSpecification\",\"valueRequired\":true,\"valueName\":\"search_term_string\"}}],\"inLanguage\":\"fr-FR\"},{\"@type\":\"Organization\",\"@id\":\"https:\\\/\\\/lasentinelle.dz\\\/#organization\",\"name\":\"Quotidien La Sentinelle\",\"url\":\"https:\\\/\\\/lasentinelle.dz\\\/\",\"logo\":{\"@type\":\"ImageObject\",\"inLanguage\":\"fr-FR\",\"@id\":\"https:\\\/\\\/lasentinelle.dz\\\/#\\\/schema\\\/logo\\\/image\\\/\",\"url\":\"https:\\\/\\\/lasentinelle.dz\\\/wp-content\\\/uploads\\\/2021\\\/09\\\/logo-sentinelleSLOGAN-1.png\",\"contentUrl\":\"https:\\\/\\\/lasentinelle.dz\\\/wp-content\\\/uploads\\\/2021\\\/09\\\/logo-sentinelleSLOGAN-1.png\",\"width\":615,\"height\":142,\"caption\":\"Quotidien La Sentinelle\"},\"image\":{\"@id\":\"https:\\\/\\\/lasentinelle.dz\\\/#\\\/schema\\\/logo\\\/image\\\/\"},\"sameAs\":[\"https:\\\/\\\/www.facebook.com\\\/La-Sentinelle-104059864394773\"]},{\"@type\":\"Person\",\"@id\":\"https:\\\/\\\/lasentinelle.dz\\\/#\\\/schema\\\/person\\\/729ee0024f24e0b8c5ec17232f8e8b41\",\"name\":\"admin\",\"image\":{\"@type\":\"ImageObject\",\"inLanguage\":\"fr-FR\",\"@id\":\"https:\\\/\\\/secure.gravatar.com\\\/avatar\\\/4c81fed838786e9b53f540bf46533e750f5d292099ae3b66cfc6fb1982e29df7?s=96&d=mm&r=g\",\"url\":\"https:\\\/\\\/secure.gravatar.com\\\/avatar\\\/4c81fed838786e9b53f540bf46533e750f5d292099ae3b66cfc6fb1982e29df7?s=96&d=mm&r=g\",\"contentUrl\":\"https:\\\/\\\/secure.gravatar.com\\\/avatar\\\/4c81fed838786e9b53f540bf46533e750f5d292099ae3b66cfc6fb1982e29df7?s=96&d=mm&r=g\",\"caption\":\"admin\"},\"description\":\"admin\",\"url\":\"https:\\\/\\\/lasentinelle.dz\\\/author\\\/admin\\\/\"}]}<\/script>\n<!-- \/ Yoast SEO plugin. -->","yoast_head_json":{"title":"Incendies\u00a0: Le logement au c\u0153ur de la prise en charge des sinistr\u00e9s \u00e0 Jijel - La Sentinelle","robots":{"index":"index","follow":"follow","max-snippet":"max-snippet:-1","max-image-preview":"max-image-preview:large","max-video-preview":"max-video-preview:-1"},"canonical":"https:\/\/lasentinelle.dz\/index.php\/2026\/09\/02\/incendies-le-logement-au-coeur-de-la-prise-en-charge-des-sinistres-a-jijel\/","og_locale":"fr_FR","og_type":"article","og_title":"Incendies\u00a0: Le logement au c\u0153ur de la prise en charge des sinistr\u00e9s \u00e0 Jijel - La Sentinelle","og_description":"Le ministre de l&rsquo;Habitat, de l&rsquo;Urbanisme, de la Ville et de l&rsquo;Am\u00e9nagement du territoire, Mohamed Tarek Belaribi, s&rsquo;est rendu mercredi","og_url":"https:\/\/lasentinelle.dz\/index.php\/2026\/09\/02\/incendies-le-logement-au-coeur-de-la-prise-en-charge-des-sinistres-a-jijel\/","og_site_name":"La Sentinelle","article_publisher":"https:\/\/www.facebook.com\/La-Sentinelle-104059864394773","article_published_time":"2026-09-02T19:14:59+00:00","article_modified_time":"2026-09-04T19:16:35+00:00","og_image":[{"width":900,"height":675,"url":"https:\/\/lasentinelle.dz\/wp-content\/uploads\/2026\/09\/belaribi.webp","type":"image\/webp"}],"author":"admin","twitter_card":"summary_large_image","twitter_misc":{"\u00c9crit par":"admin","Dur\u00e9e de lecture estim\u00e9e":"3 minutes"},"schema":{"@context":"https:\/\/schema.org","@graph":[{"@type":"Article","@id":"https:\/\/lasentinelle.dz\/index.php\/2026\/09\/02\/incendies-le-logement-au-coeur-de-la-prise-en-charge-des-sinistres-a-jijel\/#article","isPartOf":{"@id":"https:\/\/lasentinelle.dz\/index.php\/2026\/09\/02\/incendies-le-logement-au-coeur-de-la-prise-en-charge-des-sinistres-a-jijel\/"},"author":{"name":"admin","@id":"https:\/\/lasentinelle.dz\/#\/schema\/person\/729ee0024f24e0b8c5ec17232f8e8b41"},"headline":"Incendies\u00a0: Le logement au c\u0153ur de la prise en charge des sinistr\u00e9s \u00e0 Jijel","datePublished":"2026-09-02T19:14:59+00:00","dateModified":"2026-09-04T19:16:35+00:00","mainEntityOfPage":{"@id":"https:\/\/lasentinelle.dz\/index.php\/2026\/09\/02\/incendies-le-logement-au-coeur-de-la-prise-en-charge-des-sinistres-a-jijel\/"},"wordCount":598,"commentCount":0,"publisher":{"@id":"https:\/\/lasentinelle.dz\/#organization"},"image":{"@id":"https:\/\/lasentinelle.dz\/index.php\/2026\/09\/02\/incendies-le-logement-au-coeur-de-la-prise-en-charge-des-sinistres-a-jijel\/#primaryimage"},"thumbnailUrl":"https:\/\/lasentinelle.dz\/wp-content\/uploads\/2026\/09\/belaribi.webp","articleSection":["Actualit\u00e9"],"inLanguage":"fr-FR","potentialAction":[{"@type":"CommentAction","name":"Comment","target":["https:\/\/lasentinelle.dz\/index.php\/2026\/09\/02\/incendies-le-logement-au-coeur-de-la-prise-en-charge-des-sinistres-a-jijel\/#respond"]}]},{"@type":"WebPage","@id":"https:\/\/lasentinelle.dz\/index.php\/2026\/09\/02\/incendies-le-logement-au-coeur-de-la-prise-en-charge-des-sinistres-a-jijel\/","url":"https:\/\/lasentinelle.dz\/index.php\/2026\/09\/02\/incendies-le-logement-au-coeur-de-la-prise-en-charge-des-sinistres-a-jijel\/","name":"Incendies\u00a0: Le logement au c\u0153ur de la prise en charge des sinistr\u00e9s \u00e0 Jijel - La Sentinelle","isPartOf":{"@id":"https:\/\/lasentinelle.dz\/#website"},"primaryImageOfPage":{"@id":"https:\/\/lasentinelle.dz\/index.php\/2026\/09\/02\/incendies-le-logement-au-coeur-de-la-prise-en-charge-des-sinistres-a-jijel\/#primaryimage"},"image":{"@id":"https:\/\/lasentinelle.dz\/index.php\/2026\/09\/02\/incendies-le-logement-au-coeur-de-la-prise-en-charge-des-sinistres-a-jijel\/#primaryimage"},"thumbnailUrl":"https:\/\/lasentinelle.dz\/wp-content\/uploads\/2026\/09\/belaribi.webp","datePublished":"2026-09-02T19:14:59+00:00","dateModified":"2026-09-04T19:16:35+00:00","breadcrumb":{"@id":"https:\/\/lasentinelle.dz\/index.php\/2026\/09\/02\/incendies-le-logement-au-coeur-de-la-prise-en-charge-des-sinistres-a-jijel\/#breadcrumb"},"inLanguage":"fr-FR","potentialAction":[{"@type":"ReadAction","target":["https:\/\/lasentinelle.dz\/index.php\/2026\/09\/02\/incendies-le-logement-au-coeur-de-la-prise-en-charge-des-sinistres-a-jijel\/"]}]},{"@type":"ImageObject","inLanguage":"fr-FR","@id":"https:\/\/lasentinelle.dz\/index.php\/2026\/09\/02\/incendies-le-logement-au-coeur-de-la-prise-en-charge-des-sinistres-a-jijel\/#primaryimage","url":"https:\/\/lasentinelle.dz\/wp-content\/uploads\/2026\/09\/belaribi.webp","contentUrl":"https:\/\/lasentinelle.dz\/wp-content\/uploads\/2026\/09\/belaribi.webp","width":900,"height":675},{"@type":"BreadcrumbList","@id":"https:\/\/lasentinelle.dz\/index.php\/2026\/09\/02\/incendies-le-logement-au-coeur-de-la-prise-en-charge-des-sinistres-a-jijel\/#breadcrumb","itemListElement":[{"@type":"ListItem","position":1,"name":"Accueil","item":"https:\/\/lasentinelle.dz\/"},{"@type":"ListItem","position":2,"name":"Incendies\u00a0: Le logement au c\u0153ur de la prise en charge des sinistr\u00e9s \u00e0 Jijel"}]},{"@type":"WebSite","@id":"https:\/\/lasentinelle.dz\/#website","url":"https:\/\/lasentinelle.dz\/","name":"La Sentinelle","description":"Quotidien national d&#039;information","publisher":{"@id":"https:\/\/lasentinelle.dz\/#organization"},"potentialAction":[{"@type":"SearchAction","target":{"@type":"EntryPoint","urlTemplate":"https:\/\/lasentinelle.dz\/?s={search_term_string}"},"query-input":{"@type":"PropertyValueSpecification","valueRequired":true,"valueName":"search_term_string"}}],"inLanguage":"fr-FR"},{"@type":"Organization","@id":"https:\/\/lasentinelle.dz\/#organization","name":"Quotidien La Sentinelle","url":"https:\/\/lasentinelle.dz\/","logo":{"@type":"ImageObject","inLanguage":"fr-FR","@id":"https:\/\/lasentinelle.dz\/#\/schema\/logo\/image\/","url":"https:\/\/lasentinelle.dz\/wp-content\/uploads\/2021\/09\/logo-sentinelleSLOGAN-1.png","contentUrl":"https:\/\/lasentinelle.dz\/wp-content\/uploads\/2021\/09\/logo-sentinelleSLOGAN-1.png","width":615,"height":142,"caption":"Quotidien La Sentinelle"},"image":{"@id":"https:\/\/lasentinelle.dz\/#\/schema\/logo\/image\/"},"sameAs":["https:\/\/www.facebook.com\/La-Sentinelle-104059864394773"]},{"@type":"Person","@id":"https:\/\/lasentinelle.dz\/#\/schema\/person\/729ee0024f24e0b8c5ec17232f8e8b41","name":"admin","image":{"@type":"ImageObject","inLanguage":"fr-FR","@id":"https:\/\/secure.gravatar.com\/avatar\/4c81fed838786e9b53f540bf46533e750f5d292099ae3b66cfc6fb1982e29df7?s=96&d=mm&r=g","url":"https:\/\/secure.gravatar.com\/avatar\/4c81fed838786e9b53f540bf46533e750f5d292099ae3b66cfc6fb1982e29df7?s=96&d=mm&r=g","contentUrl":"https:\/\/secure.gravatar.com\/avatar\/4c81fed838786e9b53f540bf46533e750f5d292099ae3b66cfc6fb1982e29df7?s=96&d=mm&r=g","caption":"admin"},"description":"admin","url":"https:\/\/lasentinelle.dz\/author\/admin\/"}]}},"_links":{"self":[{"href":"https:\/\/lasentinelle.dz\/index.php\/wp-json\/wp\/v2\/posts\/94962","targetHints":{"allow":["GET"]}}],"collection":[{"href":"https:\/\/lasentinelle.dz\/index.php\/wp-json\/wp\/v2\/posts"}],"about":[{"href":"https:\/\/lasentinelle.dz\/index.php\/wp-json\/wp\/v2\/types\/post"}],"author":[{"embeddable":true,"href":"https:\/\/lasentinelle.dz\/index.php\/wp-json\/wp\/v2\/users\/6"}],"replies":[{"embeddable":true,"href":"https:\/\/lasentinelle.dz\/index.php\/wp-json\/wp\/v2\/comments?post=94962"}],"version-history":[{"count":1,"href":"https:\/\/lasentinelle.dz\/index.php\/wp-json\/wp\/v2\/posts\/94962\/revisions"}],"predecessor-version":[{"id":94964,"href":"https:\/\/lasentinelle.dz\/index.php\/wp-json\/wp\/v2\/posts\/94962\/revisions\/94964"}],"wp:featuredmedia":[{"embeddable":true,"href":"https:\/\/lasentinelle.dz\/index.php\/wp-json\/wp\/v2\/media\/94963"}],"wp:attachment":[{"href":"https:\/\/lasentinelle.dz\/index.php\/wp-json\/wp\/v2\/media?parent=94962"}],"wp:term":[{"taxonomy":"category","embeddable":true,"href":"https:\/\/lasentinelle.dz\/index.php\/wp-json\/wp\/v2\/categories?post=94962"},{"taxonomy":"post_tag","embeddable":true,"href":"https:\/\/lasentinelle.dz\/index.php\/wp-json\/wp\/v2\/tags?post=94962"}],"curies":[{"name":"wp","href":"https:\/\/api.w.org\/{rel}","templated":true}]}}