{"id":94968,"date":"2026-09-02T20:16:52","date_gmt":"2026-09-02T19:16:52","guid":{"rendered":"https:\/\/lasentinelle.dz\/?p=94968"},"modified":"2026-09-04T20:18:10","modified_gmt":"2026-09-04T19:18:10","slug":"bilan-operationnel-de-lanp-plus-de-deux-quintaux-de-kif-traite-en-provenance-du-maroc-interceptes","status":"publish","type":"post","link":"https:\/\/lasentinelle.dz\/index.php\/2026\/09\/02\/bilan-operationnel-de-lanp-plus-de-deux-quintaux-de-kif-traite-en-provenance-du-maroc-interceptes\/","title":{"rendered":"Bilan op\u00e9rationnel de l\u2019ANP\u00a0: Plus de deux quintaux de kif trait\u00e9 en provenance du Maroc intercept\u00e9s"},"content":{"rendered":"\n<p class=\"wp-block-paragraph\">L&rsquo;Arm\u00e9e nationale populaire (ANP) a r\u00e9alis\u00e9, durant la p\u00e9riode allant du 26 ao\u00fbt au 1er septembre 2026, une s\u00e9rie d&rsquo;op\u00e9rations d&rsquo;envergure contre le terrorisme, le narcotrafic, l&rsquo;orpaillage illicite, la contrebande et l&rsquo;immigration clandestine, selon un bilan op\u00e9rationnel rendu public mercredi par le minist\u00e8re de la D\u00e9fense nationale (MDN). \u00ab Dans la dynamique des efforts soutenus dans la lutte antiterroriste et contre la criminalit\u00e9 organis\u00e9e multiforme, des unit\u00e9s et des d\u00e9tachements de l&rsquo;ANP ont ex\u00e9cut\u00e9, durant la p\u00e9riode allant du 26 ao\u00fbt au 1er septembre 2026, plusieurs op\u00e9rations ayant abouti \u00e0 des r\u00e9sultats de qualit\u00e9 qui refl\u00e8tent le haut professionnalisme, la vigilance et la disponibilit\u00e9 permanente de nos Forces arm\u00e9es \u00e0 travers tout le territoire national \u00bb, pr\u00e9cise le communiqu\u00e9. Dans le cadre de la lutte antiterroriste, \u00ab des d\u00e9tachements de l&rsquo;ANP en coordination avec les services des Douanes ont r\u00e9cup\u00e9r\u00e9 dans le Secteur op\u00e9rationnel Bordj Badji Mokhtar, 1 mitrailleuse lourde, 7 pistolets-mitrailleurs de type Kalachnikov, des munitions et d&rsquo;autres effets dissimul\u00e9s au niveau de la bande frontali\u00e8re sud \u00bb, indique la m\u00eame source.<\/p>\n\n\n\n<p class=\"wp-block-paragraph\">Dans le m\u00eame contexte, huit \u00e9l\u00e9ments de soutien aux groupes terroristes ont \u00e9t\u00e9 appr\u00e9hend\u00e9s dans diff\u00e9rentes op\u00e9rations men\u00e9es par d&rsquo;autres d\u00e9tachements de l&rsquo;ANP \u00e0 travers le territoire national.<\/p>\n\n\n\n<p class=\"wp-block-paragraph\">S&rsquo;agissant de la lutte contre la criminalit\u00e9 organis\u00e9e, le bilan souligne qu&rsquo;\u00ab en continuit\u00e9 des efforts d\u00e9ploy\u00e9s afin de contrecarrer le fl\u00e9au du narcotrafic dans notre pays, des d\u00e9tachements combin\u00e9s de l&rsquo;ANP ont intercept\u00e9, en coordination avec les diff\u00e9rents services de s\u00e9curit\u00e9, 42 narcotrafiquants et mis en \u00e9chec des tentatives d&rsquo;introduction de 2 quintaux et 13 kilogrammes de kif trait\u00e9 provenant des fronti\u00e8res avec le Maroc, alors que 2,16 kilogrammes de coca\u00efne et 50 765 comprim\u00e9s psychotropes ont \u00e9t\u00e9 saisis, et ce, lors d&rsquo;op\u00e9rations ex\u00e9cut\u00e9es \u00e0 travers les R\u00e9gions militaires \u00bb.<\/p>\n\n\n\n<p class=\"wp-block-paragraph\">Cette drogue, provenant des fronti\u00e8res avec le Maroc, illustre la persistance de ce trafic transfrontalier que les forces arm\u00e9es s&#8217;emploient \u00e0 endiguer par une surveillance renforc\u00e9e des zones frontali\u00e8res.<\/p>\n\n\n\n<p class=\"wp-block-paragraph\">Concernant la lutte contre l&rsquo;orpaillage illicite, le communiqu\u00e9 du MDN d\u00e9taille qu&rsquo;\u00e0 Tamanrasset, Bordj Badji Mokhtar, In Salah et In Guezzam, \u00ab des d\u00e9tachements de l&rsquo;ANP ont arr\u00eat\u00e9 353 individus et saisi 28 v\u00e9hicules, 302 groupes \u00e9lectrog\u00e8nes, 180 marteaux piqueurs et des quantit\u00e9s de m\u00e9lange d&rsquo;or brut et de pierres, ainsi que d&rsquo;\u00e9quipements utilis\u00e9s dans des op\u00e9rations d&rsquo;orpaillage illicite \u00bb. Ce chiffre, particuli\u00e8rement \u00e9lev\u00e9, t\u00e9moigne de l&rsquo;ampleur du ph\u00e9nom\u00e8ne dans ces wilayas du Grand Sud, o\u00f9 l&rsquo;ANP multiplie les op\u00e9rations de ratissage pour d\u00e9manteler les r\u00e9seaux et confisquer le mat\u00e9riel utilis\u00e9.<\/p>\n\n\n\n<p class=\"wp-block-paragraph\">En mati\u00e8re de contrebande, le bilan fait \u00e9tat de l&rsquo;arrestation de huit autres individus lors d&rsquo;op\u00e9rations distinctes. Ces op\u00e9rations ont permis la saisie de \u00ab 2 pistolets mitrailleurs de type Kalachnikov, 8 fusils de chasse, 8 129 litres de carburants et 32 quintaux de tabacs \u00bb, destin\u00e9s \u00e0 ce trafic transfrontalier.<\/p>\n\n\n\n<p class=\"wp-block-paragraph\">Sur le volet de l&rsquo;immigration clandestine, les garde-c\u00f4tes ont d\u00e9jou\u00e9 plusieurs tentatives d&rsquo;\u00e9migration clandestine au large des c\u00f4tes nationales. \u00ab Les Garde-c\u00f4tes ont mis en \u00e9chec, sur les c\u00f4tes nationales, des tentatives d&rsquo;\u00e9migration clandestine et proc\u00e9d\u00e9 au sauvetage de 210 individus \u00e0 bord d&#8217;embarcations de construction artisanale \u00bb, pr\u00e9cise le communiqu\u00e9.<\/p>\n\n\n\n<p class=\"wp-block-paragraph\">Par ailleurs, 388 immigrants clandestins de diff\u00e9rentes nationalit\u00e9s subsahariennes ont \u00e9t\u00e9 interpell\u00e9s \u00e0 travers le territoire national, conclut le bilan op\u00e9rationnel du MDN.<\/p>\n\n\n\n<p class=\"wp-block-paragraph\">Ce nouveau bilan hebdomadaire confirme la mobilisation constante de l&rsquo;ANP sur l&rsquo;ensemble des fronts s\u00e9curitaires, qu&rsquo;il s&rsquo;agisse du terrorisme, du crime organis\u00e9 ou des trafics transfrontaliers, dans le cadre de la protection des fronti\u00e8res et de la stabilit\u00e9 du pays.<\/p>\n\n\n\n<p class=\"wp-block-paragraph\">Sofia Chahine<\/p>\n","protected":false},"excerpt":{"rendered":"<p>L&rsquo;Arm\u00e9e nationale populaire (ANP) a r\u00e9alis\u00e9, durant la p\u00e9riode allant du 26 ao\u00fbt au 1er septembre 2026, une s\u00e9rie d&rsquo;op\u00e9rations<\/p>\n","protected":false},"author":6,"featured_media":42978,"comment_status":"open","ping_status":"closed","sticky":false,"template":"","format":"standard","meta":{"colormag_page_container_layout":"default_layout","colormag_page_sidebar_layout":"default_layout","om_disable_all_campaigns":false,"_monsterinsights_skip_tracking":false,"footnotes":"","_wpscppro_dont_share_socialmedia":false,"_wpscppro_custom_social_share_image":0,"_facebook_share_type":"default","_twitter_share_type":"default","_linkedin_share_type":"default","_pinterest_share_type":"default","_linkedin_share_type_page":"","_instagram_share_type":"default","_medium_share_type":"default","_threads_share_type":"default","_google_business_share_type":"default","_bluesky_share_type":"default","_mastodon_share_type":"default","_selected_social_profile":[],"_wpsp_enable_custom_social_template":false,"_wpsp_social_scheduling":{"enabled":false,"datetime":null,"platforms":[],"status":"template_only","dateOption":"today","timeOption":"now","customDays":"","customHours":"","customDate":"","customTime":"","schedulingType":"absolute"},"_wpsp_active_default_template":true},"categories":[27],"tags":[],"class_list":["post-94968","post","type-post","status-publish","format-standard","has-post-thumbnail","hentry","category-actualite"],"aioseo_notices":[],"aioseo_head":"\n\t\t<!-- All in One SEO 5.0.0.1 - aioseo.com -->\n\t<meta name=\"description\" content=\"L&#039;Arm\u00e9e nationale populaire (ANP) a r\u00e9alis\u00e9, durant la p\u00e9riode allant du 26 ao\u00fbt au 1er septembre 2026, une s\u00e9rie d&#039;op\u00e9rations d&#039;envergure contre le terrorisme, le narcotrafic, l&#039;orpaillage illicite, la contrebande et l&#039;immigration clandestine, selon un bilan op\u00e9rationnel rendu public mercredi par le minist\u00e8re de la D\u00e9fense nationale (MDN). \u00ab Dans la dynamique des efforts soutenus\" \/>\n\t<meta name=\"robots\" content=\"max-image-preview:large\" \/>\n\t<meta name=\"author\" content=\"admin\"\/>\n\t<link rel=\"canonical\" href=\"https:\/\/lasentinelle.dz\/index.php\/2026\/09\/02\/bilan-operationnel-de-lanp-plus-de-deux-quintaux-de-kif-traite-en-provenance-du-maroc-interceptes\/\" \/>\n\t<meta name=\"generator\" content=\"All in One SEO (AIOSEO) 5.0.0.1\" \/>\n\t\t<meta property=\"og:locale\" content=\"fr_FR\" \/>\n\t\t<meta property=\"og:site_name\" content=\"La Sentinelle - Quotidien national d&#039;information\" \/>\n\t\t<meta property=\"og:type\" content=\"article\" \/>\n\t\t<meta property=\"og:title\" content=\"Bilan op\u00e9rationnel de l\u2019ANP : Plus de deux quintaux de kif trait\u00e9 en provenance du Maroc intercept\u00e9s - La Sentinelle\" \/>\n\t\t<meta property=\"og:description\" content=\"L&#039;Arm\u00e9e nationale populaire (ANP) a r\u00e9alis\u00e9, durant la p\u00e9riode allant du 26 ao\u00fbt au 1er septembre 2026, une s\u00e9rie d&#039;op\u00e9rations d&#039;envergure contre le terrorisme, le narcotrafic, l&#039;orpaillage illicite, la contrebande et l&#039;immigration clandestine, selon un bilan op\u00e9rationnel rendu public mercredi par le minist\u00e8re de la D\u00e9fense nationale (MDN). \u00ab Dans la dynamique des efforts soutenus\" \/>\n\t\t<meta property=\"og:url\" content=\"https:\/\/lasentinelle.dz\/index.php\/2026\/09\/02\/bilan-operationnel-de-lanp-plus-de-deux-quintaux-de-kif-traite-en-provenance-du-maroc-interceptes\/\" \/>\n\t\t<meta property=\"og:image\" content=\"https:\/\/lasentinelle.dz\/wp-content\/uploads\/2021\/09\/cropped-la-sentinelle-earth-golden-anima-5.gif\" \/>\n\t\t<meta property=\"og:image:secure_url\" content=\"https:\/\/lasentinelle.dz\/wp-content\/uploads\/2021\/09\/cropped-la-sentinelle-earth-golden-anima-5.gif\" \/>\n\t\t<meta property=\"og:image:width\" content=\"450\" \/>\n\t\t<meta property=\"og:image:height\" content=\"213\" \/>\n\t\t<meta property=\"article:published_time\" content=\"2026-09-02T19:16:52+00:00\" \/>\n\t\t<meta property=\"article:modified_time\" content=\"2026-09-04T19:18:10+00:00\" \/>\n\t\t<meta property=\"article:publisher\" content=\"https:\/\/www.facebook.com\/azzedine.lasentinelle.1\" \/>\n\t\t<meta name=\"twitter:card\" content=\"summary_large_image\" \/>\n\t\t<meta name=\"twitter:title\" content=\"Bilan op\u00e9rationnel de l\u2019ANP : Plus de deux quintaux de kif trait\u00e9 en provenance du Maroc intercept\u00e9s - La Sentinelle\" \/>\n\t\t<meta name=\"twitter:description\" content=\"L&#039;Arm\u00e9e nationale populaire (ANP) a r\u00e9alis\u00e9, durant la p\u00e9riode allant du 26 ao\u00fbt au 1er septembre 2026, une s\u00e9rie d&#039;op\u00e9rations d&#039;envergure contre le terrorisme, le narcotrafic, l&#039;orpaillage illicite, la contrebande et l&#039;immigration clandestine, selon un bilan op\u00e9rationnel rendu public mercredi par le minist\u00e8re de la D\u00e9fense nationale (MDN). \u00ab Dans la dynamique des efforts soutenus\" \/>\n\t\t<meta name=\"twitter:image\" content=\"https:\/\/lasentinelle.dz\/wp-content\/uploads\/2021\/09\/cropped-la-sentinelle-earth-golden-anima-5.gif\" \/>\n\t\t<script type=\"application\/ld+json\" class=\"aioseo-schema\">\n\t\t\t{\"@context\":\"https:\\\/\\\/schema.org\",\"@graph\":[{\"@type\":\"BlogPosting\",\"@id\":\"https:\\\/\\\/lasentinelle.dz\\\/index.php\\\/2026\\\/09\\\/02\\\/bilan-operationnel-de-lanp-plus-de-deux-quintaux-de-kif-traite-en-provenance-du-maroc-interceptes\\\/#blogposting\",\"name\":\"Bilan op\\u00e9rationnel de l\\u2019ANP : Plus de deux quintaux de kif trait\\u00e9 en provenance du Maroc intercept\\u00e9s - La Sentinelle\",\"headline\":\"Bilan op\\u00e9rationnel de l\\u2019ANP\\u00a0: Plus de deux quintaux de kif trait\\u00e9 en provenance du Maroc intercept\\u00e9s\",\"author\":{\"@id\":\"https:\\\/\\\/lasentinelle.dz\\\/author\\\/admin\\\/#author\"},\"publisher\":{\"@id\":\"https:\\\/\\\/lasentinelle.dz\\\/#organization\"},\"image\":{\"@type\":\"ImageObject\",\"url\":\"https:\\\/\\\/lasentinelle.dz\\\/wp-content\\\/uploads\\\/2023\\\/06\\\/kif.jpg\",\"width\":1210,\"height\":682},\"datePublished\":\"2026-09-02T20:16:52+01:00\",\"dateModified\":\"2026-09-04T20:18:10+01:00\",\"inLanguage\":\"fr-FR\",\"mainEntityOfPage\":{\"@id\":\"https:\\\/\\\/lasentinelle.dz\\\/index.php\\\/2026\\\/09\\\/02\\\/bilan-operationnel-de-lanp-plus-de-deux-quintaux-de-kif-traite-en-provenance-du-maroc-interceptes\\\/#webpage\"},\"isPartOf\":{\"@id\":\"https:\\\/\\\/lasentinelle.dz\\\/index.php\\\/2026\\\/09\\\/02\\\/bilan-operationnel-de-lanp-plus-de-deux-quintaux-de-kif-traite-en-provenance-du-maroc-interceptes\\\/#webpage\"},\"articleSection\":\"Actualit\\u00e9\"},{\"@type\":\"BreadcrumbList\",\"@id\":\"https:\\\/\\\/lasentinelle.dz\\\/index.php\\\/2026\\\/09\\\/02\\\/bilan-operationnel-de-lanp-plus-de-deux-quintaux-de-kif-traite-en-provenance-du-maroc-interceptes\\\/#breadcrumblist\",\"itemListElement\":[{\"@type\":\"ListItem\",\"@id\":\"https:\\\/\\\/lasentinelle.dz#listItem\",\"position\":1,\"name\":\"Home\",\"item\":\"https:\\\/\\\/lasentinelle.dz\",\"nextItem\":{\"@type\":\"ListItem\",\"@id\":\"https:\\\/\\\/lasentinelle.dz\\\/index.php\\\/category\\\/actualite\\\/#listItem\",\"name\":\"Actualit\\u00e9\"}},{\"@type\":\"ListItem\",\"@id\":\"https:\\\/\\\/lasentinelle.dz\\\/index.php\\\/category\\\/actualite\\\/#listItem\",\"position\":2,\"name\":\"Actualit\\u00e9\",\"item\":\"https:\\\/\\\/lasentinelle.dz\\\/index.php\\\/category\\\/actualite\\\/\",\"nextItem\":{\"@type\":\"ListItem\",\"@id\":\"https:\\\/\\\/lasentinelle.dz\\\/index.php\\\/2026\\\/09\\\/02\\\/bilan-operationnel-de-lanp-plus-de-deux-quintaux-de-kif-traite-en-provenance-du-maroc-interceptes\\\/#listItem\",\"name\":\"Bilan op\\u00e9rationnel de l\\u2019ANP\\u00a0: Plus de deux quintaux de kif trait\\u00e9 en provenance du Maroc intercept\\u00e9s\"},\"previousItem\":{\"@type\":\"ListItem\",\"@id\":\"https:\\\/\\\/lasentinelle.dz#listItem\",\"name\":\"Home\"}},{\"@type\":\"ListItem\",\"@id\":\"https:\\\/\\\/lasentinelle.dz\\\/index.php\\\/2026\\\/09\\\/02\\\/bilan-operationnel-de-lanp-plus-de-deux-quintaux-de-kif-traite-en-provenance-du-maroc-interceptes\\\/#listItem\",\"position\":3,\"name\":\"Bilan op\\u00e9rationnel de l\\u2019ANP\\u00a0: Plus de deux quintaux de kif trait\\u00e9 en provenance du Maroc intercept\\u00e9s\",\"previousItem\":{\"@type\":\"ListItem\",\"@id\":\"https:\\\/\\\/lasentinelle.dz\\\/index.php\\\/category\\\/actualite\\\/#listItem\",\"name\":\"Actualit\\u00e9\"}}]},{\"@type\":\"Organization\",\"@id\":\"https:\\\/\\\/lasentinelle.dz\\\/#organization\",\"name\":\"La Sentinelle La Sentinelle\",\"description\":\"Quotidien national d'information\",\"url\":\"https:\\\/\\\/lasentinelle.dz\\\/\",\"logo\":{\"@type\":\"ImageObject\",\"url\":\"https:\\\/\\\/lasentinelle.dz\\\/wp-content\\\/uploads\\\/2021\\\/09\\\/cropped-la-sentinelle-earth-golden-anima-5.gif\",\"@id\":\"https:\\\/\\\/lasentinelle.dz\\\/index.php\\\/2026\\\/09\\\/02\\\/bilan-operationnel-de-lanp-plus-de-deux-quintaux-de-kif-traite-en-provenance-du-maroc-interceptes\\\/#organizationLogo\",\"width\":450,\"height\":213},\"image\":{\"@id\":\"https:\\\/\\\/lasentinelle.dz\\\/index.php\\\/2026\\\/09\\\/02\\\/bilan-operationnel-de-lanp-plus-de-deux-quintaux-de-kif-traite-en-provenance-du-maroc-interceptes\\\/#organizationLogo\"},\"sameAs\":[\"https:\\\/\\\/www.facebook.com\\\/azzedine.lasentinelle.1\"]},{\"@type\":\"Person\",\"@id\":\"https:\\\/\\\/lasentinelle.dz\\\/author\\\/admin\\\/#author\",\"url\":\"https:\\\/\\\/lasentinelle.dz\\\/author\\\/admin\\\/\",\"name\":\"admin\",\"image\":{\"@type\":\"ImageObject\",\"@id\":\"https:\\\/\\\/lasentinelle.dz\\\/index.php\\\/2026\\\/09\\\/02\\\/bilan-operationnel-de-lanp-plus-de-deux-quintaux-de-kif-traite-en-provenance-du-maroc-interceptes\\\/#authorImage\",\"url\":\"https:\\\/\\\/secure.gravatar.com\\\/avatar\\\/4c81fed838786e9b53f540bf46533e750f5d292099ae3b66cfc6fb1982e29df7?s=96&d=mm&r=g\",\"width\":96,\"height\":96,\"caption\":\"admin\"}},{\"@type\":\"WebPage\",\"@id\":\"https:\\\/\\\/lasentinelle.dz\\\/index.php\\\/2026\\\/09\\\/02\\\/bilan-operationnel-de-lanp-plus-de-deux-quintaux-de-kif-traite-en-provenance-du-maroc-interceptes\\\/#webpage\",\"url\":\"https:\\\/\\\/lasentinelle.dz\\\/index.php\\\/2026\\\/09\\\/02\\\/bilan-operationnel-de-lanp-plus-de-deux-quintaux-de-kif-traite-en-provenance-du-maroc-interceptes\\\/\",\"name\":\"Bilan op\\u00e9rationnel de l\\u2019ANP : Plus de deux quintaux de kif trait\\u00e9 en provenance du Maroc intercept\\u00e9s - La Sentinelle\",\"description\":\"L'Arm\\u00e9e nationale populaire (ANP) a r\\u00e9alis\\u00e9, durant la p\\u00e9riode allant du 26 ao\\u00fbt au 1er septembre 2026, une s\\u00e9rie d'op\\u00e9rations d'envergure contre le terrorisme, le narcotrafic, l'orpaillage illicite, la contrebande et l'immigration clandestine, selon un bilan op\\u00e9rationnel rendu public mercredi par le minist\\u00e8re de la D\\u00e9fense nationale (MDN). \\u00ab Dans la dynamique des efforts soutenus\",\"inLanguage\":\"fr-FR\",\"isPartOf\":{\"@id\":\"https:\\\/\\\/lasentinelle.dz\\\/#website\"},\"breadcrumb\":{\"@id\":\"https:\\\/\\\/lasentinelle.dz\\\/index.php\\\/2026\\\/09\\\/02\\\/bilan-operationnel-de-lanp-plus-de-deux-quintaux-de-kif-traite-en-provenance-du-maroc-interceptes\\\/#breadcrumblist\"},\"author\":{\"@id\":\"https:\\\/\\\/lasentinelle.dz\\\/author\\\/admin\\\/#author\"},\"creator\":{\"@id\":\"https:\\\/\\\/lasentinelle.dz\\\/author\\\/admin\\\/#author\"},\"image\":{\"@type\":\"ImageObject\",\"url\":\"https:\\\/\\\/lasentinelle.dz\\\/wp-content\\\/uploads\\\/2023\\\/06\\\/kif.jpg\",\"@id\":\"https:\\\/\\\/lasentinelle.dz\\\/index.php\\\/2026\\\/09\\\/02\\\/bilan-operationnel-de-lanp-plus-de-deux-quintaux-de-kif-traite-en-provenance-du-maroc-interceptes\\\/#mainImage\",\"width\":1210,\"height\":682},\"primaryImageOfPage\":{\"@id\":\"https:\\\/\\\/lasentinelle.dz\\\/index.php\\\/2026\\\/09\\\/02\\\/bilan-operationnel-de-lanp-plus-de-deux-quintaux-de-kif-traite-en-provenance-du-maroc-interceptes\\\/#mainImage\"},\"datePublished\":\"2026-09-02T20:16:52+01:00\",\"dateModified\":\"2026-09-04T20:18:10+01:00\"},{\"@type\":\"WebSite\",\"@id\":\"https:\\\/\\\/lasentinelle.dz\\\/#website\",\"url\":\"https:\\\/\\\/lasentinelle.dz\\\/\",\"name\":\"La Sentinelle\",\"description\":\"Quotidien national d'information\",\"inLanguage\":\"fr-FR\",\"publisher\":{\"@id\":\"https:\\\/\\\/lasentinelle.dz\\\/#organization\"}}]}\n\t\t<\/script>\n\t\t<!-- All in One SEO -->\n\n","aioseo_head_json":{"title":"Bilan op\u00e9rationnel de l\u2019ANP : Plus de deux quintaux de kif trait\u00e9 en provenance du Maroc intercept\u00e9s - La Sentinelle","description":"L'Arm\u00e9e nationale populaire (ANP) a r\u00e9alis\u00e9, durant la p\u00e9riode allant du 26 ao\u00fbt au 1er septembre 2026, une s\u00e9rie d'op\u00e9rations d'envergure contre le terrorisme, le narcotrafic, l'orpaillage illicite, la contrebande et l'immigration clandestine, selon un bilan op\u00e9rationnel rendu public mercredi par le minist\u00e8re de la D\u00e9fense nationale (MDN). \u00ab Dans la dynamique des efforts soutenus","canonical_url":"https:\/\/lasentinelle.dz\/index.php\/2026\/09\/02\/bilan-operationnel-de-lanp-plus-de-deux-quintaux-de-kif-traite-en-provenance-du-maroc-interceptes\/","robots":"max-image-preview:large","keywords":"","webmasterTools":{"miscellaneous":""},"schema":{"@context":"https:\/\/schema.org","@graph":[{"@type":"BlogPosting","@id":"https:\/\/lasentinelle.dz\/index.php\/2026\/09\/02\/bilan-operationnel-de-lanp-plus-de-deux-quintaux-de-kif-traite-en-provenance-du-maroc-interceptes\/#blogposting","name":"Bilan op\u00e9rationnel de l\u2019ANP : Plus de deux quintaux de kif trait\u00e9 en provenance du Maroc intercept\u00e9s - La Sentinelle","headline":"Bilan op\u00e9rationnel de l\u2019ANP\u00a0: Plus de deux quintaux de kif trait\u00e9 en provenance du Maroc intercept\u00e9s","author":{"@id":"https:\/\/lasentinelle.dz\/author\/admin\/#author"},"publisher":{"@id":"https:\/\/lasentinelle.dz\/#organization"},"image":{"@type":"ImageObject","url":"https:\/\/lasentinelle.dz\/wp-content\/uploads\/2023\/06\/kif.jpg","width":1210,"height":682},"datePublished":"2026-09-02T20:16:52+01:00","dateModified":"2026-09-04T20:18:10+01:00","inLanguage":"fr-FR","mainEntityOfPage":{"@id":"https:\/\/lasentinelle.dz\/index.php\/2026\/09\/02\/bilan-operationnel-de-lanp-plus-de-deux-quintaux-de-kif-traite-en-provenance-du-maroc-interceptes\/#webpage"},"isPartOf":{"@id":"https:\/\/lasentinelle.dz\/index.php\/2026\/09\/02\/bilan-operationnel-de-lanp-plus-de-deux-quintaux-de-kif-traite-en-provenance-du-maroc-interceptes\/#webpage"},"articleSection":"Actualit\u00e9"},{"@type":"BreadcrumbList","@id":"https:\/\/lasentinelle.dz\/index.php\/2026\/09\/02\/bilan-operationnel-de-lanp-plus-de-deux-quintaux-de-kif-traite-en-provenance-du-maroc-interceptes\/#breadcrumblist","itemListElement":[{"@type":"ListItem","@id":"https:\/\/lasentinelle.dz#listItem","position":1,"name":"Home","item":"https:\/\/lasentinelle.dz","nextItem":{"@type":"ListItem","@id":"https:\/\/lasentinelle.dz\/index.php\/category\/actualite\/#listItem","name":"Actualit\u00e9"}},{"@type":"ListItem","@id":"https:\/\/lasentinelle.dz\/index.php\/category\/actualite\/#listItem","position":2,"name":"Actualit\u00e9","item":"https:\/\/lasentinelle.dz\/index.php\/category\/actualite\/","nextItem":{"@type":"ListItem","@id":"https:\/\/lasentinelle.dz\/index.php\/2026\/09\/02\/bilan-operationnel-de-lanp-plus-de-deux-quintaux-de-kif-traite-en-provenance-du-maroc-interceptes\/#listItem","name":"Bilan op\u00e9rationnel de l\u2019ANP\u00a0: Plus de deux quintaux de kif trait\u00e9 en provenance du Maroc intercept\u00e9s"},"previousItem":{"@type":"ListItem","@id":"https:\/\/lasentinelle.dz#listItem","name":"Home"}},{"@type":"ListItem","@id":"https:\/\/lasentinelle.dz\/index.php\/2026\/09\/02\/bilan-operationnel-de-lanp-plus-de-deux-quintaux-de-kif-traite-en-provenance-du-maroc-interceptes\/#listItem","position":3,"name":"Bilan op\u00e9rationnel de l\u2019ANP\u00a0: Plus de deux quintaux de kif trait\u00e9 en provenance du Maroc intercept\u00e9s","previousItem":{"@type":"ListItem","@id":"https:\/\/lasentinelle.dz\/index.php\/category\/actualite\/#listItem","name":"Actualit\u00e9"}}]},{"@type":"Organization","@id":"https:\/\/lasentinelle.dz\/#organization","name":"La Sentinelle La Sentinelle","description":"Quotidien national d'information","url":"https:\/\/lasentinelle.dz\/","logo":{"@type":"ImageObject","url":"https:\/\/lasentinelle.dz\/wp-content\/uploads\/2021\/09\/cropped-la-sentinelle-earth-golden-anima-5.gif","@id":"https:\/\/lasentinelle.dz\/index.php\/2026\/09\/02\/bilan-operationnel-de-lanp-plus-de-deux-quintaux-de-kif-traite-en-provenance-du-maroc-interceptes\/#organizationLogo","width":450,"height":213},"image":{"@id":"https:\/\/lasentinelle.dz\/index.php\/2026\/09\/02\/bilan-operationnel-de-lanp-plus-de-deux-quintaux-de-kif-traite-en-provenance-du-maroc-interceptes\/#organizationLogo"},"sameAs":["https:\/\/www.facebook.com\/azzedine.lasentinelle.1"]},{"@type":"Person","@id":"https:\/\/lasentinelle.dz\/author\/admin\/#author","url":"https:\/\/lasentinelle.dz\/author\/admin\/","name":"admin","image":{"@type":"ImageObject","@id":"https:\/\/lasentinelle.dz\/index.php\/2026\/09\/02\/bilan-operationnel-de-lanp-plus-de-deux-quintaux-de-kif-traite-en-provenance-du-maroc-interceptes\/#authorImage","url":"https:\/\/secure.gravatar.com\/avatar\/4c81fed838786e9b53f540bf46533e750f5d292099ae3b66cfc6fb1982e29df7?s=96&d=mm&r=g","width":96,"height":96,"caption":"admin"}},{"@type":"WebPage","@id":"https:\/\/lasentinelle.dz\/index.php\/2026\/09\/02\/bilan-operationnel-de-lanp-plus-de-deux-quintaux-de-kif-traite-en-provenance-du-maroc-interceptes\/#webpage","url":"https:\/\/lasentinelle.dz\/index.php\/2026\/09\/02\/bilan-operationnel-de-lanp-plus-de-deux-quintaux-de-kif-traite-en-provenance-du-maroc-interceptes\/","name":"Bilan op\u00e9rationnel de l\u2019ANP : Plus de deux quintaux de kif trait\u00e9 en provenance du Maroc intercept\u00e9s - La Sentinelle","description":"L'Arm\u00e9e nationale populaire (ANP) a r\u00e9alis\u00e9, durant la p\u00e9riode allant du 26 ao\u00fbt au 1er septembre 2026, une s\u00e9rie d'op\u00e9rations d'envergure contre le terrorisme, le narcotrafic, l'orpaillage illicite, la contrebande et l'immigration clandestine, selon un bilan op\u00e9rationnel rendu public mercredi par le minist\u00e8re de la D\u00e9fense nationale (MDN). \u00ab Dans la dynamique des efforts soutenus","inLanguage":"fr-FR","isPartOf":{"@id":"https:\/\/lasentinelle.dz\/#website"},"breadcrumb":{"@id":"https:\/\/lasentinelle.dz\/index.php\/2026\/09\/02\/bilan-operationnel-de-lanp-plus-de-deux-quintaux-de-kif-traite-en-provenance-du-maroc-interceptes\/#breadcrumblist"},"author":{"@id":"https:\/\/lasentinelle.dz\/author\/admin\/#author"},"creator":{"@id":"https:\/\/lasentinelle.dz\/author\/admin\/#author"},"image":{"@type":"ImageObject","url":"https:\/\/lasentinelle.dz\/wp-content\/uploads\/2023\/06\/kif.jpg","@id":"https:\/\/lasentinelle.dz\/index.php\/2026\/09\/02\/bilan-operationnel-de-lanp-plus-de-deux-quintaux-de-kif-traite-en-provenance-du-maroc-interceptes\/#mainImage","width":1210,"height":682},"primaryImageOfPage":{"@id":"https:\/\/lasentinelle.dz\/index.php\/2026\/09\/02\/bilan-operationnel-de-lanp-plus-de-deux-quintaux-de-kif-traite-en-provenance-du-maroc-interceptes\/#mainImage"},"datePublished":"2026-09-02T20:16:52+01:00","dateModified":"2026-09-04T20:18:10+01:00"},{"@type":"WebSite","@id":"https:\/\/lasentinelle.dz\/#website","url":"https:\/\/lasentinelle.dz\/","name":"La Sentinelle","description":"Quotidien national d'information","inLanguage":"fr-FR","publisher":{"@id":"https:\/\/lasentinelle.dz\/#organization"}}]},"og:locale":"fr_FR","og:site_name":"La Sentinelle - Quotidien national d'information","og:type":"article","og:title":"Bilan op\u00e9rationnel de l\u2019ANP : Plus de deux quintaux de kif trait\u00e9 en provenance du Maroc intercept\u00e9s - La Sentinelle","og:description":"L'Arm\u00e9e nationale populaire (ANP) a r\u00e9alis\u00e9, durant la p\u00e9riode allant du 26 ao\u00fbt au 1er septembre 2026, une s\u00e9rie d'op\u00e9rations d'envergure contre le terrorisme, le narcotrafic, l'orpaillage illicite, la contrebande et l'immigration clandestine, selon un bilan op\u00e9rationnel rendu public mercredi par le minist\u00e8re de la D\u00e9fense nationale (MDN). \u00ab Dans la dynamique des efforts soutenus","og:url":"https:\/\/lasentinelle.dz\/index.php\/2026\/09\/02\/bilan-operationnel-de-lanp-plus-de-deux-quintaux-de-kif-traite-en-provenance-du-maroc-interceptes\/","og:image":"https:\/\/lasentinelle.dz\/wp-content\/uploads\/2021\/09\/cropped-la-sentinelle-earth-golden-anima-5.gif","og:image:secure_url":"https:\/\/lasentinelle.dz\/wp-content\/uploads\/2021\/09\/cropped-la-sentinelle-earth-golden-anima-5.gif","og:image:width":450,"og:image:height":213,"article:published_time":"2026-09-02T19:16:52+00:00","article:modified_time":"2026-09-04T19:18:10+00:00","article:publisher":"https:\/\/www.facebook.com\/azzedine.lasentinelle.1","twitter:card":"summary_large_image","twitter:title":"Bilan op\u00e9rationnel de l\u2019ANP : Plus de deux quintaux de kif trait\u00e9 en provenance du Maroc intercept\u00e9s - La Sentinelle","twitter:description":"L'Arm\u00e9e nationale populaire (ANP) a r\u00e9alis\u00e9, durant la p\u00e9riode allant du 26 ao\u00fbt au 1er septembre 2026, une s\u00e9rie d'op\u00e9rations d'envergure contre le terrorisme, le narcotrafic, l'orpaillage illicite, la contrebande et l'immigration clandestine, selon un bilan op\u00e9rationnel rendu public mercredi par le minist\u00e8re de la D\u00e9fense nationale (MDN). \u00ab Dans la dynamique des efforts soutenus","twitter:image":"https:\/\/lasentinelle.dz\/wp-content\/uploads\/2021\/09\/cropped-la-sentinelle-earth-golden-anima-5.gif"},"aioseo_meta_data":{"post_id":"94968","title":null,"description":null,"keywords":null,"keyphrases":{"focus":{"keyphrase":"","score":0,"analysis":{"keyphraseInTitle":{"score":0,"maxScore":9,"error":1}}},"additional":[]},"primary_term":null,"canonical_url":null,"og_title":null,"og_description":null,"og_object_type":"default","og_image_type":"default","og_image_url":null,"og_image_width":null,"og_image_height":null,"og_image_custom_url":null,"og_image_custom_fields":null,"og_video":"","og_custom_url":null,"og_article_section":null,"og_article_tags":null,"twitter_use_og":false,"twitter_card":"default","twitter_image_type":"default","twitter_image_url":null,"twitter_image_custom_url":null,"twitter_image_custom_fields":null,"twitter_title":null,"twitter_description":null,"schema":{"blockGraphs":[],"customGraphs":[],"default":{"data":{"Article":[],"Course":[],"Dataset":[],"FAQPage":[],"Movie":[],"Person":[],"Product":[],"ProductReview":[],"Car":[],"Recipe":[],"Service":[],"SoftwareApplication":[],"WebPage":[]},"graphName":"BlogPosting","isEnabled":true},"graphs":[]},"schema_type":"default","schema_type_options":null,"pillar_content":false,"robots_default":true,"robots_noindex":false,"robots_noarchive":false,"robots_nosnippet":false,"robots_nofollow":false,"robots_noimageindex":false,"robots_noodp":false,"robots_notranslate":false,"robots_max_snippet":"-1","robots_max_videopreview":"-1","robots_max_imagepreview":"large","priority":null,"frequency":"default","local_seo":null,"breadcrumb_settings":null,"limit_modified_date":false,"ai":{"faqs":[],"keyPoints":[],"schemas":[],"titles":[],"descriptions":[],"socialPosts":{"email":{"subject":"","preview":"","content":""},"linkedin":[],"twitter":[],"facebook":[],"instagram":[]}},"created":"2026-09-04 19:18:10","updated":"2026-09-04 20:13:03","focus_keyword":null,"additional_keywords":null,"truseo_locale":null,"seo_analyzer_scan_date":null},"aioseo_breadcrumb":"<div class=\"aioseo-breadcrumbs\"><span class=\"aioseo-breadcrumb\">\n\t\t\t<a href=\"https:\/\/lasentinelle.dz\" title=\"Home\">Home<\/a>\n\t\t<\/span><span class=\"aioseo-breadcrumb-separator\">&raquo;<\/span><span class=\"aioseo-breadcrumb\">\n\t\t\t<a href=\"https:\/\/lasentinelle.dz\/index.php\/category\/actualite\/\" title=\"Actualit\u00e9\">Actualit\u00e9<\/a>\n\t\t<\/span><span class=\"aioseo-breadcrumb-separator\">&raquo;<\/span><span class=\"aioseo-breadcrumb\">\n\t\t\tBilan op\u00e9rationnel de l\u2019ANP : Plus de deux quintaux de kif trait\u00e9 en provenance du Maroc intercept\u00e9s\n\t\t<\/span><\/div>","aioseo_breadcrumb_json":[{"label":"Home","link":"https:\/\/lasentinelle.dz"},{"label":"Actualit\u00e9","link":"https:\/\/lasentinelle.dz\/index.php\/category\/actualite\/"},{"label":"Bilan op\u00e9rationnel de l\u2019ANP\u00a0: Plus de deux quintaux de kif trait\u00e9 en provenance du Maroc intercept\u00e9s","link":"https:\/\/lasentinelle.dz\/index.php\/2026\/09\/02\/bilan-operationnel-de-lanp-plus-de-deux-quintaux-de-kif-traite-en-provenance-du-maroc-interceptes\/"}],"yoast_head":"<!-- This site is optimized with the Yoast SEO plugin v28.4 - https:\/\/yoast.com\/product\/yoast-seo-wordpress\/ -->\n<title>Bilan op\u00e9rationnel de l\u2019ANP\u00a0: Plus de deux quintaux de kif trait\u00e9 en provenance du Maroc intercept\u00e9s - La Sentinelle<\/title>\n<meta name=\"robots\" content=\"index, follow, max-snippet:-1, max-image-preview:large, max-video-preview:-1\" \/>\n<link rel=\"canonical\" href=\"https:\/\/lasentinelle.dz\/index.php\/2026\/09\/02\/bilan-operationnel-de-lanp-plus-de-deux-quintaux-de-kif-traite-en-provenance-du-maroc-interceptes\/\" \/>\n<meta property=\"og:locale\" content=\"fr_FR\" \/>\n<meta property=\"og:type\" content=\"article\" \/>\n<meta property=\"og:title\" content=\"Bilan op\u00e9rationnel de l\u2019ANP\u00a0: Plus de deux quintaux de kif trait\u00e9 en provenance du Maroc intercept\u00e9s - La Sentinelle\" \/>\n<meta property=\"og:description\" content=\"L&rsquo;Arm\u00e9e nationale populaire (ANP) a r\u00e9alis\u00e9, durant la p\u00e9riode allant du 26 ao\u00fbt au 1er septembre 2026, une s\u00e9rie d&rsquo;op\u00e9rations\" \/>\n<meta property=\"og:url\" content=\"https:\/\/lasentinelle.dz\/index.php\/2026\/09\/02\/bilan-operationnel-de-lanp-plus-de-deux-quintaux-de-kif-traite-en-provenance-du-maroc-interceptes\/\" \/>\n<meta property=\"og:site_name\" content=\"La Sentinelle\" \/>\n<meta property=\"article:publisher\" content=\"https:\/\/www.facebook.com\/La-Sentinelle-104059864394773\" \/>\n<meta property=\"article:published_time\" content=\"2026-09-02T19:16:52+00:00\" \/>\n<meta property=\"article:modified_time\" content=\"2026-09-04T19:18:10+00:00\" \/>\n<meta property=\"og:image\" content=\"https:\/\/lasentinelle.dz\/wp-content\/uploads\/2023\/06\/kif.jpg\" \/>\n\t<meta property=\"og:image:width\" content=\"1210\" \/>\n\t<meta property=\"og:image:height\" content=\"682\" \/>\n\t<meta property=\"og:image:type\" content=\"image\/jpeg\" \/>\n<meta name=\"author\" content=\"admin\" \/>\n<meta name=\"twitter:card\" content=\"summary_large_image\" \/>\n<meta name=\"twitter:label1\" content=\"\u00c9crit par\" \/>\n\t<meta name=\"twitter:data1\" content=\"admin\" \/>\n\t<meta name=\"twitter:label2\" content=\"Dur\u00e9e de lecture estim\u00e9e\" \/>\n\t<meta name=\"twitter:data2\" content=\"4 minutes\" \/>\n<script type=\"application\/ld+json\" class=\"yoast-schema-graph\">{\"@context\":\"https:\\\/\\\/schema.org\",\"@graph\":[{\"@type\":\"Article\",\"@id\":\"https:\\\/\\\/lasentinelle.dz\\\/index.php\\\/2026\\\/09\\\/02\\\/bilan-operationnel-de-lanp-plus-de-deux-quintaux-de-kif-traite-en-provenance-du-maroc-interceptes\\\/#article\",\"isPartOf\":{\"@id\":\"https:\\\/\\\/lasentinelle.dz\\\/index.php\\\/2026\\\/09\\\/02\\\/bilan-operationnel-de-lanp-plus-de-deux-quintaux-de-kif-traite-en-provenance-du-maroc-interceptes\\\/\"},\"author\":{\"name\":\"admin\",\"@id\":\"https:\\\/\\\/lasentinelle.dz\\\/#\\\/schema\\\/person\\\/729ee0024f24e0b8c5ec17232f8e8b41\"},\"headline\":\"Bilan op\u00e9rationnel de l\u2019ANP\u00a0: Plus de deux quintaux de kif trait\u00e9 en provenance du Maroc intercept\u00e9s\",\"datePublished\":\"2026-09-02T19:16:52+00:00\",\"dateModified\":\"2026-09-04T19:18:10+00:00\",\"mainEntityOfPage\":{\"@id\":\"https:\\\/\\\/lasentinelle.dz\\\/index.php\\\/2026\\\/09\\\/02\\\/bilan-operationnel-de-lanp-plus-de-deux-quintaux-de-kif-traite-en-provenance-du-maroc-interceptes\\\/\"},\"wordCount\":676,\"commentCount\":0,\"publisher\":{\"@id\":\"https:\\\/\\\/lasentinelle.dz\\\/#organization\"},\"image\":{\"@id\":\"https:\\\/\\\/lasentinelle.dz\\\/index.php\\\/2026\\\/09\\\/02\\\/bilan-operationnel-de-lanp-plus-de-deux-quintaux-de-kif-traite-en-provenance-du-maroc-interceptes\\\/#primaryimage\"},\"thumbnailUrl\":\"https:\\\/\\\/lasentinelle.dz\\\/wp-content\\\/uploads\\\/2023\\\/06\\\/kif.jpg\",\"articleSection\":[\"Actualit\u00e9\"],\"inLanguage\":\"fr-FR\",\"potentialAction\":[{\"@type\":\"CommentAction\",\"name\":\"Comment\",\"target\":[\"https:\\\/\\\/lasentinelle.dz\\\/index.php\\\/2026\\\/09\\\/02\\\/bilan-operationnel-de-lanp-plus-de-deux-quintaux-de-kif-traite-en-provenance-du-maroc-interceptes\\\/#respond\"]}]},{\"@type\":\"WebPage\",\"@id\":\"https:\\\/\\\/lasentinelle.dz\\\/index.php\\\/2026\\\/09\\\/02\\\/bilan-operationnel-de-lanp-plus-de-deux-quintaux-de-kif-traite-en-provenance-du-maroc-interceptes\\\/\",\"url\":\"https:\\\/\\\/lasentinelle.dz\\\/index.php\\\/2026\\\/09\\\/02\\\/bilan-operationnel-de-lanp-plus-de-deux-quintaux-de-kif-traite-en-provenance-du-maroc-interceptes\\\/\",\"name\":\"Bilan op\u00e9rationnel de l\u2019ANP\u00a0: Plus de deux quintaux de kif trait\u00e9 en provenance du Maroc intercept\u00e9s - La Sentinelle\",\"isPartOf\":{\"@id\":\"https:\\\/\\\/lasentinelle.dz\\\/#website\"},\"primaryImageOfPage\":{\"@id\":\"https:\\\/\\\/lasentinelle.dz\\\/index.php\\\/2026\\\/09\\\/02\\\/bilan-operationnel-de-lanp-plus-de-deux-quintaux-de-kif-traite-en-provenance-du-maroc-interceptes\\\/#primaryimage\"},\"image\":{\"@id\":\"https:\\\/\\\/lasentinelle.dz\\\/index.php\\\/2026\\\/09\\\/02\\\/bilan-operationnel-de-lanp-plus-de-deux-quintaux-de-kif-traite-en-provenance-du-maroc-interceptes\\\/#primaryimage\"},\"thumbnailUrl\":\"https:\\\/\\\/lasentinelle.dz\\\/wp-content\\\/uploads\\\/2023\\\/06\\\/kif.jpg\",\"datePublished\":\"2026-09-02T19:16:52+00:00\",\"dateModified\":\"2026-09-04T19:18:10+00:00\",\"breadcrumb\":{\"@id\":\"https:\\\/\\\/lasentinelle.dz\\\/index.php\\\/2026\\\/09\\\/02\\\/bilan-operationnel-de-lanp-plus-de-deux-quintaux-de-kif-traite-en-provenance-du-maroc-interceptes\\\/#breadcrumb\"},\"inLanguage\":\"fr-FR\",\"potentialAction\":[{\"@type\":\"ReadAction\",\"target\":[\"https:\\\/\\\/lasentinelle.dz\\\/index.php\\\/2026\\\/09\\\/02\\\/bilan-operationnel-de-lanp-plus-de-deux-quintaux-de-kif-traite-en-provenance-du-maroc-interceptes\\\/\"]}]},{\"@type\":\"ImageObject\",\"inLanguage\":\"fr-FR\",\"@id\":\"https:\\\/\\\/lasentinelle.dz\\\/index.php\\\/2026\\\/09\\\/02\\\/bilan-operationnel-de-lanp-plus-de-deux-quintaux-de-kif-traite-en-provenance-du-maroc-interceptes\\\/#primaryimage\",\"url\":\"https:\\\/\\\/lasentinelle.dz\\\/wp-content\\\/uploads\\\/2023\\\/06\\\/kif.jpg\",\"contentUrl\":\"https:\\\/\\\/lasentinelle.dz\\\/wp-content\\\/uploads\\\/2023\\\/06\\\/kif.jpg\",\"width\":1210,\"height\":682},{\"@type\":\"BreadcrumbList\",\"@id\":\"https:\\\/\\\/lasentinelle.dz\\\/index.php\\\/2026\\\/09\\\/02\\\/bilan-operationnel-de-lanp-plus-de-deux-quintaux-de-kif-traite-en-provenance-du-maroc-interceptes\\\/#breadcrumb\",\"itemListElement\":[{\"@type\":\"ListItem\",\"position\":1,\"name\":\"Accueil\",\"item\":\"https:\\\/\\\/lasentinelle.dz\\\/\"},{\"@type\":\"ListItem\",\"position\":2,\"name\":\"Bilan op\u00e9rationnel de l\u2019ANP\u00a0: Plus de deux quintaux de kif trait\u00e9 en provenance du Maroc intercept\u00e9s\"}]},{\"@type\":\"WebSite\",\"@id\":\"https:\\\/\\\/lasentinelle.dz\\\/#website\",\"url\":\"https:\\\/\\\/lasentinelle.dz\\\/\",\"name\":\"La Sentinelle\",\"description\":\"Quotidien national d&#039;information\",\"publisher\":{\"@id\":\"https:\\\/\\\/lasentinelle.dz\\\/#organization\"},\"potentialAction\":[{\"@type\":\"SearchAction\",\"target\":{\"@type\":\"EntryPoint\",\"urlTemplate\":\"https:\\\/\\\/lasentinelle.dz\\\/?s={search_term_string}\"},\"query-input\":{\"@type\":\"PropertyValueSpecification\",\"valueRequired\":true,\"valueName\":\"search_term_string\"}}],\"inLanguage\":\"fr-FR\"},{\"@type\":\"Organization\",\"@id\":\"https:\\\/\\\/lasentinelle.dz\\\/#organization\",\"name\":\"Quotidien La Sentinelle\",\"url\":\"https:\\\/\\\/lasentinelle.dz\\\/\",\"logo\":{\"@type\":\"ImageObject\",\"inLanguage\":\"fr-FR\",\"@id\":\"https:\\\/\\\/lasentinelle.dz\\\/#\\\/schema\\\/logo\\\/image\\\/\",\"url\":\"https:\\\/\\\/lasentinelle.dz\\\/wp-content\\\/uploads\\\/2021\\\/09\\\/logo-sentinelleSLOGAN-1.png\",\"contentUrl\":\"https:\\\/\\\/lasentinelle.dz\\\/wp-content\\\/uploads\\\/2021\\\/09\\\/logo-sentinelleSLOGAN-1.png\",\"width\":615,\"height\":142,\"caption\":\"Quotidien La Sentinelle\"},\"image\":{\"@id\":\"https:\\\/\\\/lasentinelle.dz\\\/#\\\/schema\\\/logo\\\/image\\\/\"},\"sameAs\":[\"https:\\\/\\\/www.facebook.com\\\/La-Sentinelle-104059864394773\"]},{\"@type\":\"Person\",\"@id\":\"https:\\\/\\\/lasentinelle.dz\\\/#\\\/schema\\\/person\\\/729ee0024f24e0b8c5ec17232f8e8b41\",\"name\":\"admin\",\"image\":{\"@type\":\"ImageObject\",\"inLanguage\":\"fr-FR\",\"@id\":\"https:\\\/\\\/secure.gravatar.com\\\/avatar\\\/4c81fed838786e9b53f540bf46533e750f5d292099ae3b66cfc6fb1982e29df7?s=96&d=mm&r=g\",\"url\":\"https:\\\/\\\/secure.gravatar.com\\\/avatar\\\/4c81fed838786e9b53f540bf46533e750f5d292099ae3b66cfc6fb1982e29df7?s=96&d=mm&r=g\",\"contentUrl\":\"https:\\\/\\\/secure.gravatar.com\\\/avatar\\\/4c81fed838786e9b53f540bf46533e750f5d292099ae3b66cfc6fb1982e29df7?s=96&d=mm&r=g\",\"caption\":\"admin\"},\"description\":\"admin\",\"url\":\"https:\\\/\\\/lasentinelle.dz\\\/author\\\/admin\\\/\"}]}<\/script>\n<!-- \/ Yoast SEO plugin. -->","yoast_head_json":{"title":"Bilan op\u00e9rationnel de l\u2019ANP\u00a0: Plus de deux quintaux de kif trait\u00e9 en provenance du Maroc intercept\u00e9s - La Sentinelle","robots":{"index":"index","follow":"follow","max-snippet":"max-snippet:-1","max-image-preview":"max-image-preview:large","max-video-preview":"max-video-preview:-1"},"canonical":"https:\/\/lasentinelle.dz\/index.php\/2026\/09\/02\/bilan-operationnel-de-lanp-plus-de-deux-quintaux-de-kif-traite-en-provenance-du-maroc-interceptes\/","og_locale":"fr_FR","og_type":"article","og_title":"Bilan op\u00e9rationnel de l\u2019ANP\u00a0: Plus de deux quintaux de kif trait\u00e9 en provenance du Maroc intercept\u00e9s - La Sentinelle","og_description":"L&rsquo;Arm\u00e9e nationale populaire (ANP) a r\u00e9alis\u00e9, durant la p\u00e9riode allant du 26 ao\u00fbt au 1er septembre 2026, une s\u00e9rie d&rsquo;op\u00e9rations","og_url":"https:\/\/lasentinelle.dz\/index.php\/2026\/09\/02\/bilan-operationnel-de-lanp-plus-de-deux-quintaux-de-kif-traite-en-provenance-du-maroc-interceptes\/","og_site_name":"La Sentinelle","article_publisher":"https:\/\/www.facebook.com\/La-Sentinelle-104059864394773","article_published_time":"2026-09-02T19:16:52+00:00","article_modified_time":"2026-09-04T19:18:10+00:00","og_image":[{"width":1210,"height":682,"url":"https:\/\/lasentinelle.dz\/wp-content\/uploads\/2023\/06\/kif.jpg","type":"image\/jpeg"}],"author":"admin","twitter_card":"summary_large_image","twitter_misc":{"\u00c9crit par":"admin","Dur\u00e9e de lecture estim\u00e9e":"4 minutes"},"schema":{"@context":"https:\/\/schema.org","@graph":[{"@type":"Article","@id":"https:\/\/lasentinelle.dz\/index.php\/2026\/09\/02\/bilan-operationnel-de-lanp-plus-de-deux-quintaux-de-kif-traite-en-provenance-du-maroc-interceptes\/#article","isPartOf":{"@id":"https:\/\/lasentinelle.dz\/index.php\/2026\/09\/02\/bilan-operationnel-de-lanp-plus-de-deux-quintaux-de-kif-traite-en-provenance-du-maroc-interceptes\/"},"author":{"name":"admin","@id":"https:\/\/lasentinelle.dz\/#\/schema\/person\/729ee0024f24e0b8c5ec17232f8e8b41"},"headline":"Bilan op\u00e9rationnel de l\u2019ANP\u00a0: Plus de deux quintaux de kif trait\u00e9 en provenance du Maroc intercept\u00e9s","datePublished":"2026-09-02T19:16:52+00:00","dateModified":"2026-09-04T19:18:10+00:00","mainEntityOfPage":{"@id":"https:\/\/lasentinelle.dz\/index.php\/2026\/09\/02\/bilan-operationnel-de-lanp-plus-de-deux-quintaux-de-kif-traite-en-provenance-du-maroc-interceptes\/"},"wordCount":676,"commentCount":0,"publisher":{"@id":"https:\/\/lasentinelle.dz\/#organization"},"image":{"@id":"https:\/\/lasentinelle.dz\/index.php\/2026\/09\/02\/bilan-operationnel-de-lanp-plus-de-deux-quintaux-de-kif-traite-en-provenance-du-maroc-interceptes\/#primaryimage"},"thumbnailUrl":"https:\/\/lasentinelle.dz\/wp-content\/uploads\/2023\/06\/kif.jpg","articleSection":["Actualit\u00e9"],"inLanguage":"fr-FR","potentialAction":[{"@type":"CommentAction","name":"Comment","target":["https:\/\/lasentinelle.dz\/index.php\/2026\/09\/02\/bilan-operationnel-de-lanp-plus-de-deux-quintaux-de-kif-traite-en-provenance-du-maroc-interceptes\/#respond"]}]},{"@type":"WebPage","@id":"https:\/\/lasentinelle.dz\/index.php\/2026\/09\/02\/bilan-operationnel-de-lanp-plus-de-deux-quintaux-de-kif-traite-en-provenance-du-maroc-interceptes\/","url":"https:\/\/lasentinelle.dz\/index.php\/2026\/09\/02\/bilan-operationnel-de-lanp-plus-de-deux-quintaux-de-kif-traite-en-provenance-du-maroc-interceptes\/","name":"Bilan op\u00e9rationnel de l\u2019ANP\u00a0: Plus de deux quintaux de kif trait\u00e9 en provenance du Maroc intercept\u00e9s - La Sentinelle","isPartOf":{"@id":"https:\/\/lasentinelle.dz\/#website"},"primaryImageOfPage":{"@id":"https:\/\/lasentinelle.dz\/index.php\/2026\/09\/02\/bilan-operationnel-de-lanp-plus-de-deux-quintaux-de-kif-traite-en-provenance-du-maroc-interceptes\/#primaryimage"},"image":{"@id":"https:\/\/lasentinelle.dz\/index.php\/2026\/09\/02\/bilan-operationnel-de-lanp-plus-de-deux-quintaux-de-kif-traite-en-provenance-du-maroc-interceptes\/#primaryimage"},"thumbnailUrl":"https:\/\/lasentinelle.dz\/wp-content\/uploads\/2023\/06\/kif.jpg","datePublished":"2026-09-02T19:16:52+00:00","dateModified":"2026-09-04T19:18:10+00:00","breadcrumb":{"@id":"https:\/\/lasentinelle.dz\/index.php\/2026\/09\/02\/bilan-operationnel-de-lanp-plus-de-deux-quintaux-de-kif-traite-en-provenance-du-maroc-interceptes\/#breadcrumb"},"inLanguage":"fr-FR","potentialAction":[{"@type":"ReadAction","target":["https:\/\/lasentinelle.dz\/index.php\/2026\/09\/02\/bilan-operationnel-de-lanp-plus-de-deux-quintaux-de-kif-traite-en-provenance-du-maroc-interceptes\/"]}]},{"@type":"ImageObject","inLanguage":"fr-FR","@id":"https:\/\/lasentinelle.dz\/index.php\/2026\/09\/02\/bilan-operationnel-de-lanp-plus-de-deux-quintaux-de-kif-traite-en-provenance-du-maroc-interceptes\/#primaryimage","url":"https:\/\/lasentinelle.dz\/wp-content\/uploads\/2023\/06\/kif.jpg","contentUrl":"https:\/\/lasentinelle.dz\/wp-content\/uploads\/2023\/06\/kif.jpg","width":1210,"height":682},{"@type":"BreadcrumbList","@id":"https:\/\/lasentinelle.dz\/index.php\/2026\/09\/02\/bilan-operationnel-de-lanp-plus-de-deux-quintaux-de-kif-traite-en-provenance-du-maroc-interceptes\/#breadcrumb","itemListElement":[{"@type":"ListItem","position":1,"name":"Accueil","item":"https:\/\/lasentinelle.dz\/"},{"@type":"ListItem","position":2,"name":"Bilan op\u00e9rationnel de l\u2019ANP\u00a0: Plus de deux quintaux de kif trait\u00e9 en provenance du Maroc intercept\u00e9s"}]},{"@type":"WebSite","@id":"https:\/\/lasentinelle.dz\/#website","url":"https:\/\/lasentinelle.dz\/","name":"La Sentinelle","description":"Quotidien national d&#039;information","publisher":{"@id":"https:\/\/lasentinelle.dz\/#organization"},"potentialAction":[{"@type":"SearchAction","target":{"@type":"EntryPoint","urlTemplate":"https:\/\/lasentinelle.dz\/?s={search_term_string}"},"query-input":{"@type":"PropertyValueSpecification","valueRequired":true,"valueName":"search_term_string"}}],"inLanguage":"fr-FR"},{"@type":"Organization","@id":"https:\/\/lasentinelle.dz\/#organization","name":"Quotidien La Sentinelle","url":"https:\/\/lasentinelle.dz\/","logo":{"@type":"ImageObject","inLanguage":"fr-FR","@id":"https:\/\/lasentinelle.dz\/#\/schema\/logo\/image\/","url":"https:\/\/lasentinelle.dz\/wp-content\/uploads\/2021\/09\/logo-sentinelleSLOGAN-1.png","contentUrl":"https:\/\/lasentinelle.dz\/wp-content\/uploads\/2021\/09\/logo-sentinelleSLOGAN-1.png","width":615,"height":142,"caption":"Quotidien La Sentinelle"},"image":{"@id":"https:\/\/lasentinelle.dz\/#\/schema\/logo\/image\/"},"sameAs":["https:\/\/www.facebook.com\/La-Sentinelle-104059864394773"]},{"@type":"Person","@id":"https:\/\/lasentinelle.dz\/#\/schema\/person\/729ee0024f24e0b8c5ec17232f8e8b41","name":"admin","image":{"@type":"ImageObject","inLanguage":"fr-FR","@id":"https:\/\/secure.gravatar.com\/avatar\/4c81fed838786e9b53f540bf46533e750f5d292099ae3b66cfc6fb1982e29df7?s=96&d=mm&r=g","url":"https:\/\/secure.gravatar.com\/avatar\/4c81fed838786e9b53f540bf46533e750f5d292099ae3b66cfc6fb1982e29df7?s=96&d=mm&r=g","contentUrl":"https:\/\/secure.gravatar.com\/avatar\/4c81fed838786e9b53f540bf46533e750f5d292099ae3b66cfc6fb1982e29df7?s=96&d=mm&r=g","caption":"admin"},"description":"admin","url":"https:\/\/lasentinelle.dz\/author\/admin\/"}]}},"_links":{"self":[{"href":"https:\/\/lasentinelle.dz\/index.php\/wp-json\/wp\/v2\/posts\/94968","targetHints":{"allow":["GET"]}}],"collection":[{"href":"https:\/\/lasentinelle.dz\/index.php\/wp-json\/wp\/v2\/posts"}],"about":[{"href":"https:\/\/lasentinelle.dz\/index.php\/wp-json\/wp\/v2\/types\/post"}],"author":[{"embeddable":true,"href":"https:\/\/lasentinelle.dz\/index.php\/wp-json\/wp\/v2\/users\/6"}],"replies":[{"embeddable":true,"href":"https:\/\/lasentinelle.dz\/index.php\/wp-json\/wp\/v2\/comments?post=94968"}],"version-history":[{"count":1,"href":"https:\/\/lasentinelle.dz\/index.php\/wp-json\/wp\/v2\/posts\/94968\/revisions"}],"predecessor-version":[{"id":94969,"href":"https:\/\/lasentinelle.dz\/index.php\/wp-json\/wp\/v2\/posts\/94968\/revisions\/94969"}],"wp:featuredmedia":[{"embeddable":true,"href":"https:\/\/lasentinelle.dz\/index.php\/wp-json\/wp\/v2\/media\/42978"}],"wp:attachment":[{"href":"https:\/\/lasentinelle.dz\/index.php\/wp-json\/wp\/v2\/media?parent=94968"}],"wp:term":[{"taxonomy":"category","embeddable":true,"href":"https:\/\/lasentinelle.dz\/index.php\/wp-json\/wp\/v2\/categories?post=94968"},{"taxonomy":"post_tag","embeddable":true,"href":"https:\/\/lasentinelle.dz\/index.php\/wp-json\/wp\/v2\/tags?post=94968"}],"curies":[{"name":"wp","href":"https:\/\/api.w.org\/{rel}","templated":true}]}}