{"id":94974,"date":"2026-09-02T20:11:00","date_gmt":"2026-09-02T19:11:00","guid":{"rendered":"https:\/\/lasentinelle.dz\/?p=94974"},"modified":"2026-09-04T21:12:02","modified_gmt":"2026-09-04T20:12:02","slug":"le-president-tebboune-opere-un-mouvement-dans-le-corps-de-la-magistrature","status":"publish","type":"post","link":"https:\/\/lasentinelle.dz\/index.php\/2026\/09\/02\/le-president-tebboune-opere-un-mouvement-dans-le-corps-de-la-magistrature\/","title":{"rendered":"Le Pr\u00e9sident Tebboune op\u00e8re un mouvement dans le corps de la magistrature"},"content":{"rendered":"\n<p class=\"wp-block-paragraph\">Le pr\u00e9sident de la R\u00e9publique, Abdelmadjid Tebboune, a proc\u00e9d\u00e9 mercredi \u00e0 un mouvement partiel dans le corps de la magistrature, touchant le Conseil d&rsquo;\u00c9tat, le Tribunal des conflits, les pr\u00e9sidents des cours et les procureurs g\u00e9n\u00e9raux pr\u00e8s celles-ci, ainsi que les commissaires d&rsquo;\u00c9tat pr\u00e8s les tribunaux administratifs d&rsquo;appel, selon un communiqu\u00e9 de la pr\u00e9sidence de la R\u00e9publique.<\/p>\n\n\n\n<p class=\"wp-block-paragraph\">Benahmed Lakhdar a \u00e9t\u00e9 nomm\u00e9 pr\u00e9sident du Conseil d&rsquo;\u00c9tat, tandis que Dahou Nassira prend la pr\u00e9sidence du Tribunal des conflits. Lahcine Kahina h\u00e9rite pour sa part de la pr\u00e9sidence du tribunal administratif d&rsquo;appel d&rsquo;Alger.<\/p>\n\n\n\n<p class=\"wp-block-paragraph\">Le mouvement touche \u00e9galement plusieurs cours du pays. Mouni Omar est ainsi install\u00e9 \u00e0 la t\u00eate de la cour d&rsquo;Oum El Bouaghi, Allag Abderrahmane \u00e0 Biskra, Djehlat Abdelkader \u00e0 B\u00e9char, Boukhobza La\u00efd \u00e0 Djelfa, Hamali Samir \u00e0 Skikda, Antar Menouar \u00e0 Sidi Bel Abb\u00e8s, Zerkat Soufiane \u00e0 Guelma, Bouazla Benyagoub \u00e0 Mascara, Benbekir Monsef \u00e0 Ouargla, Yakoub Maamar \u00e0 El Bayadh et Belbel Mohamed \u00e0 Souk Ahras.<\/p>\n\n\n\n<p class=\"wp-block-paragraph\">Du c\u00f4t\u00e9 des parquets g\u00e9n\u00e9raux, Hamouda Nesreddine est nomm\u00e9 \u00e0 Laghouat, Menasra Youcef \u00e0 Blida, Kadari Ahmed \u00e0 Tlemcen, Belaid Abdelhafid \u00e0 Djelfa, Bouchakour Mohamed \u00e0 Sidi Bel Abb\u00e8s, Azizi Yacine \u00e0 Mostaganem, Laanasser Abdelaziz \u00e0 Tipasa, Saker Mourad \u00e0 Mila, Hammache Khaled \u00e0 A\u00efn Defla et Maameri Mohamed \u00e0 Gharda\u00efa.<\/p>\n\n\n\n<p class=\"wp-block-paragraph\">Trois commissaires d&rsquo;\u00c9tat sont enfin install\u00e9s pr\u00e8s les tribunaux administratifs d&rsquo;appel. Il s&rsquo;agit de Baghou Abdelfattah \u00e0 Constantine, Amrani Kamel \u00e0 Alger et Amamra Ahmed \u00e0 Oran.<\/p>\n\n\n\n<p class=\"wp-block-paragraph\">R.N.<\/p>\n","protected":false},"excerpt":{"rendered":"<p>Le pr\u00e9sident de la R\u00e9publique, Abdelmadjid Tebboune, a proc\u00e9d\u00e9 mercredi \u00e0 un mouvement partiel dans le corps de la magistrature,<\/p>\n","protected":false},"author":2,"featured_media":0,"comment_status":"open","ping_status":"closed","sticky":false,"template":"","format":"standard","meta":{"colormag_page_container_layout":"default_layout","colormag_page_sidebar_layout":"default_layout","om_disable_all_campaigns":false,"_monsterinsights_skip_tracking":false,"footnotes":"","_wpscppro_dont_share_socialmedia":false,"_wpscppro_custom_social_share_image":0,"_facebook_share_type":"default","_twitter_share_type":"default","_linkedin_share_type":"default","_pinterest_share_type":"default","_linkedin_share_type_page":"","_instagram_share_type":"default","_medium_share_type":"default","_threads_share_type":"default","_google_business_share_type":"default","_bluesky_share_type":"default","_mastodon_share_type":"default","_selected_social_profile":[],"_wpsp_enable_custom_social_template":false,"_wpsp_social_scheduling":{"enabled":false,"datetime":null,"platforms":[],"status":"template_only","dateOption":"today","timeOption":"now","customDays":"","customHours":"","customDate":"","customTime":"","schedulingType":"absolute"},"_wpsp_active_default_template":true},"categories":[27],"tags":[],"class_list":["post-94974","post","type-post","status-publish","format-standard","hentry","category-actualite"],"aioseo_notices":[],"aioseo_head":"\n\t\t<!-- All in One SEO 5.0.0.1 - aioseo.com -->\n\t<meta name=\"description\" content=\"Le pr\u00e9sident de la R\u00e9publique, Abdelmadjid Tebboune, a proc\u00e9d\u00e9 mercredi \u00e0 un mouvement partiel dans le corps de la magistrature, touchant le Conseil d&#039;\u00c9tat, le Tribunal des conflits, les pr\u00e9sidents des cours et les procureurs g\u00e9n\u00e9raux pr\u00e8s celles-ci, ainsi que les commissaires d&#039;\u00c9tat pr\u00e8s les tribunaux administratifs d&#039;appel, selon un communiqu\u00e9 de la pr\u00e9sidence de\" \/>\n\t<meta name=\"robots\" content=\"max-image-preview:large\" \/>\n\t<meta name=\"author\" content=\"Azzedine Belferag\"\/>\n\t<link rel=\"canonical\" href=\"https:\/\/lasentinelle.dz\/index.php\/2026\/09\/02\/le-president-tebboune-opere-un-mouvement-dans-le-corps-de-la-magistrature\/\" \/>\n\t<meta name=\"generator\" content=\"All in One SEO (AIOSEO) 5.0.0.1\" \/>\n\t\t<meta property=\"og:locale\" content=\"fr_FR\" \/>\n\t\t<meta property=\"og:site_name\" content=\"La Sentinelle - Quotidien national d&#039;information\" \/>\n\t\t<meta property=\"og:type\" content=\"article\" \/>\n\t\t<meta property=\"og:title\" content=\"Le Pr\u00e9sident Tebboune op\u00e8re un mouvement dans le corps de la magistrature - La Sentinelle\" \/>\n\t\t<meta property=\"og:description\" content=\"Le pr\u00e9sident de la R\u00e9publique, Abdelmadjid Tebboune, a proc\u00e9d\u00e9 mercredi \u00e0 un mouvement partiel dans le corps de la magistrature, touchant le Conseil d&#039;\u00c9tat, le Tribunal des conflits, les pr\u00e9sidents des cours et les procureurs g\u00e9n\u00e9raux pr\u00e8s celles-ci, ainsi que les commissaires d&#039;\u00c9tat pr\u00e8s les tribunaux administratifs d&#039;appel, selon un communiqu\u00e9 de la pr\u00e9sidence de\" \/>\n\t\t<meta property=\"og:url\" content=\"https:\/\/lasentinelle.dz\/index.php\/2026\/09\/02\/le-president-tebboune-opere-un-mouvement-dans-le-corps-de-la-magistrature\/\" \/>\n\t\t<meta property=\"og:image\" content=\"https:\/\/lasentinelle.dz\/wp-content\/uploads\/2021\/09\/cropped-la-sentinelle-earth-golden-anima-5.gif\" \/>\n\t\t<meta property=\"og:image:secure_url\" content=\"https:\/\/lasentinelle.dz\/wp-content\/uploads\/2021\/09\/cropped-la-sentinelle-earth-golden-anima-5.gif\" \/>\n\t\t<meta property=\"og:image:width\" content=\"450\" \/>\n\t\t<meta property=\"og:image:height\" content=\"213\" \/>\n\t\t<meta property=\"article:published_time\" content=\"2026-09-02T19:11:00+00:00\" \/>\n\t\t<meta property=\"article:modified_time\" content=\"2026-09-04T20:12:02+00:00\" \/>\n\t\t<meta property=\"article:publisher\" content=\"https:\/\/www.facebook.com\/azzedine.lasentinelle.1\" \/>\n\t\t<meta name=\"twitter:card\" content=\"summary_large_image\" \/>\n\t\t<meta name=\"twitter:title\" content=\"Le Pr\u00e9sident Tebboune op\u00e8re un mouvement dans le corps de la magistrature - La Sentinelle\" \/>\n\t\t<meta name=\"twitter:description\" content=\"Le pr\u00e9sident de la R\u00e9publique, Abdelmadjid Tebboune, a proc\u00e9d\u00e9 mercredi \u00e0 un mouvement partiel dans le corps de la magistrature, touchant le Conseil d&#039;\u00c9tat, le Tribunal des conflits, les pr\u00e9sidents des cours et les procureurs g\u00e9n\u00e9raux pr\u00e8s celles-ci, ainsi que les commissaires d&#039;\u00c9tat pr\u00e8s les tribunaux administratifs d&#039;appel, selon un communiqu\u00e9 de la pr\u00e9sidence de\" \/>\n\t\t<meta name=\"twitter:image\" content=\"https:\/\/lasentinelle.dz\/wp-content\/uploads\/2021\/09\/cropped-la-sentinelle-earth-golden-anima-5.gif\" \/>\n\t\t<script type=\"application\/ld+json\" class=\"aioseo-schema\">\n\t\t\t{\"@context\":\"https:\\\/\\\/schema.org\",\"@graph\":[{\"@type\":\"BlogPosting\",\"@id\":\"https:\\\/\\\/lasentinelle.dz\\\/index.php\\\/2026\\\/09\\\/02\\\/le-president-tebboune-opere-un-mouvement-dans-le-corps-de-la-magistrature\\\/#blogposting\",\"name\":\"Le Pr\\u00e9sident Tebboune op\\u00e8re un mouvement dans le corps de la magistrature - La Sentinelle\",\"headline\":\"Le Pr\\u00e9sident Tebboune op\\u00e8re un mouvement dans le corps de la magistrature\",\"author\":{\"@id\":\"https:\\\/\\\/lasentinelle.dz\\\/author\\\/belferag\\\/#author\"},\"publisher\":{\"@id\":\"https:\\\/\\\/lasentinelle.dz\\\/#organization\"},\"image\":{\"@type\":\"ImageObject\",\"url\":\"https:\\\/\\\/lasentinelle.dz\\\/wp-content\\\/uploads\\\/2021\\\/09\\\/cropped-la-sentinelle-earth-golden-anima-5.gif\",\"@id\":\"https:\\\/\\\/lasentinelle.dz\\\/#articleImage\",\"width\":450,\"height\":213},\"datePublished\":\"2026-09-02T20:11:00+01:00\",\"dateModified\":\"2026-09-04T21:12:02+01:00\",\"inLanguage\":\"fr-FR\",\"mainEntityOfPage\":{\"@id\":\"https:\\\/\\\/lasentinelle.dz\\\/index.php\\\/2026\\\/09\\\/02\\\/le-president-tebboune-opere-un-mouvement-dans-le-corps-de-la-magistrature\\\/#webpage\"},\"isPartOf\":{\"@id\":\"https:\\\/\\\/lasentinelle.dz\\\/index.php\\\/2026\\\/09\\\/02\\\/le-president-tebboune-opere-un-mouvement-dans-le-corps-de-la-magistrature\\\/#webpage\"},\"articleSection\":\"Actualit\\u00e9\"},{\"@type\":\"BreadcrumbList\",\"@id\":\"https:\\\/\\\/lasentinelle.dz\\\/index.php\\\/2026\\\/09\\\/02\\\/le-president-tebboune-opere-un-mouvement-dans-le-corps-de-la-magistrature\\\/#breadcrumblist\",\"itemListElement\":[{\"@type\":\"ListItem\",\"@id\":\"https:\\\/\\\/lasentinelle.dz#listItem\",\"position\":1,\"name\":\"Home\",\"item\":\"https:\\\/\\\/lasentinelle.dz\",\"nextItem\":{\"@type\":\"ListItem\",\"@id\":\"https:\\\/\\\/lasentinelle.dz\\\/index.php\\\/category\\\/actualite\\\/#listItem\",\"name\":\"Actualit\\u00e9\"}},{\"@type\":\"ListItem\",\"@id\":\"https:\\\/\\\/lasentinelle.dz\\\/index.php\\\/category\\\/actualite\\\/#listItem\",\"position\":2,\"name\":\"Actualit\\u00e9\",\"item\":\"https:\\\/\\\/lasentinelle.dz\\\/index.php\\\/category\\\/actualite\\\/\",\"nextItem\":{\"@type\":\"ListItem\",\"@id\":\"https:\\\/\\\/lasentinelle.dz\\\/index.php\\\/2026\\\/09\\\/02\\\/le-president-tebboune-opere-un-mouvement-dans-le-corps-de-la-magistrature\\\/#listItem\",\"name\":\"Le Pr\\u00e9sident Tebboune op\\u00e8re un mouvement dans le corps de la magistrature\"},\"previousItem\":{\"@type\":\"ListItem\",\"@id\":\"https:\\\/\\\/lasentinelle.dz#listItem\",\"name\":\"Home\"}},{\"@type\":\"ListItem\",\"@id\":\"https:\\\/\\\/lasentinelle.dz\\\/index.php\\\/2026\\\/09\\\/02\\\/le-president-tebboune-opere-un-mouvement-dans-le-corps-de-la-magistrature\\\/#listItem\",\"position\":3,\"name\":\"Le Pr\\u00e9sident Tebboune op\\u00e8re un mouvement dans le corps de la magistrature\",\"previousItem\":{\"@type\":\"ListItem\",\"@id\":\"https:\\\/\\\/lasentinelle.dz\\\/index.php\\\/category\\\/actualite\\\/#listItem\",\"name\":\"Actualit\\u00e9\"}}]},{\"@type\":\"Organization\",\"@id\":\"https:\\\/\\\/lasentinelle.dz\\\/#organization\",\"name\":\"La Sentinelle La Sentinelle\",\"description\":\"Quotidien national d'information\",\"url\":\"https:\\\/\\\/lasentinelle.dz\\\/\",\"logo\":{\"@type\":\"ImageObject\",\"url\":\"https:\\\/\\\/lasentinelle.dz\\\/wp-content\\\/uploads\\\/2021\\\/09\\\/cropped-la-sentinelle-earth-golden-anima-5.gif\",\"@id\":\"https:\\\/\\\/lasentinelle.dz\\\/index.php\\\/2026\\\/09\\\/02\\\/le-president-tebboune-opere-un-mouvement-dans-le-corps-de-la-magistrature\\\/#organizationLogo\",\"width\":450,\"height\":213},\"image\":{\"@id\":\"https:\\\/\\\/lasentinelle.dz\\\/index.php\\\/2026\\\/09\\\/02\\\/le-president-tebboune-opere-un-mouvement-dans-le-corps-de-la-magistrature\\\/#organizationLogo\"},\"sameAs\":[\"https:\\\/\\\/www.facebook.com\\\/azzedine.lasentinelle.1\"]},{\"@type\":\"Person\",\"@id\":\"https:\\\/\\\/lasentinelle.dz\\\/author\\\/belferag\\\/#author\",\"url\":\"https:\\\/\\\/lasentinelle.dz\\\/author\\\/belferag\\\/\",\"name\":\"Azzedine Belferag\",\"image\":{\"@type\":\"ImageObject\",\"@id\":\"https:\\\/\\\/lasentinelle.dz\\\/index.php\\\/2026\\\/09\\\/02\\\/le-president-tebboune-opere-un-mouvement-dans-le-corps-de-la-magistrature\\\/#authorImage\",\"url\":\"https:\\\/\\\/secure.gravatar.com\\\/avatar\\\/767ecc3bfcf23cd6d0dae1705f124feb13a88fded1daa56498e4fb3aa3fc36a1?s=96&d=mm&r=g\",\"width\":96,\"height\":96,\"caption\":\"Azzedine Belferag\"}},{\"@type\":\"WebPage\",\"@id\":\"https:\\\/\\\/lasentinelle.dz\\\/index.php\\\/2026\\\/09\\\/02\\\/le-president-tebboune-opere-un-mouvement-dans-le-corps-de-la-magistrature\\\/#webpage\",\"url\":\"https:\\\/\\\/lasentinelle.dz\\\/index.php\\\/2026\\\/09\\\/02\\\/le-president-tebboune-opere-un-mouvement-dans-le-corps-de-la-magistrature\\\/\",\"name\":\"Le Pr\\u00e9sident Tebboune op\\u00e8re un mouvement dans le corps de la magistrature - La Sentinelle\",\"description\":\"Le pr\\u00e9sident de la R\\u00e9publique, Abdelmadjid Tebboune, a proc\\u00e9d\\u00e9 mercredi \\u00e0 un mouvement partiel dans le corps de la magistrature, touchant le Conseil d'\\u00c9tat, le Tribunal des conflits, les pr\\u00e9sidents des cours et les procureurs g\\u00e9n\\u00e9raux pr\\u00e8s celles-ci, ainsi que les commissaires d'\\u00c9tat pr\\u00e8s les tribunaux administratifs d'appel, selon un communiqu\\u00e9 de la pr\\u00e9sidence de\",\"inLanguage\":\"fr-FR\",\"isPartOf\":{\"@id\":\"https:\\\/\\\/lasentinelle.dz\\\/#website\"},\"breadcrumb\":{\"@id\":\"https:\\\/\\\/lasentinelle.dz\\\/index.php\\\/2026\\\/09\\\/02\\\/le-president-tebboune-opere-un-mouvement-dans-le-corps-de-la-magistrature\\\/#breadcrumblist\"},\"author\":{\"@id\":\"https:\\\/\\\/lasentinelle.dz\\\/author\\\/belferag\\\/#author\"},\"creator\":{\"@id\":\"https:\\\/\\\/lasentinelle.dz\\\/author\\\/belferag\\\/#author\"},\"datePublished\":\"2026-09-02T20:11:00+01:00\",\"dateModified\":\"2026-09-04T21:12:02+01:00\"},{\"@type\":\"WebSite\",\"@id\":\"https:\\\/\\\/lasentinelle.dz\\\/#website\",\"url\":\"https:\\\/\\\/lasentinelle.dz\\\/\",\"name\":\"La Sentinelle\",\"description\":\"Quotidien national d'information\",\"inLanguage\":\"fr-FR\",\"publisher\":{\"@id\":\"https:\\\/\\\/lasentinelle.dz\\\/#organization\"}}]}\n\t\t<\/script>\n\t\t<!-- All in One SEO -->\n\n","aioseo_head_json":{"title":"Le Pr\u00e9sident Tebboune op\u00e8re un mouvement dans le corps de la magistrature - La Sentinelle","description":"Le pr\u00e9sident de la R\u00e9publique, Abdelmadjid Tebboune, a proc\u00e9d\u00e9 mercredi \u00e0 un mouvement partiel dans le corps de la magistrature, touchant le Conseil d'\u00c9tat, le Tribunal des conflits, les pr\u00e9sidents des cours et les procureurs g\u00e9n\u00e9raux pr\u00e8s celles-ci, ainsi que les commissaires d'\u00c9tat pr\u00e8s les tribunaux administratifs d'appel, selon un communiqu\u00e9 de la pr\u00e9sidence de","canonical_url":"https:\/\/lasentinelle.dz\/index.php\/2026\/09\/02\/le-president-tebboune-opere-un-mouvement-dans-le-corps-de-la-magistrature\/","robots":"max-image-preview:large","keywords":"","webmasterTools":{"miscellaneous":""},"schema":{"@context":"https:\/\/schema.org","@graph":[{"@type":"BlogPosting","@id":"https:\/\/lasentinelle.dz\/index.php\/2026\/09\/02\/le-president-tebboune-opere-un-mouvement-dans-le-corps-de-la-magistrature\/#blogposting","name":"Le Pr\u00e9sident Tebboune op\u00e8re un mouvement dans le corps de la magistrature - La Sentinelle","headline":"Le Pr\u00e9sident Tebboune op\u00e8re un mouvement dans le corps de la magistrature","author":{"@id":"https:\/\/lasentinelle.dz\/author\/belferag\/#author"},"publisher":{"@id":"https:\/\/lasentinelle.dz\/#organization"},"image":{"@type":"ImageObject","url":"https:\/\/lasentinelle.dz\/wp-content\/uploads\/2021\/09\/cropped-la-sentinelle-earth-golden-anima-5.gif","@id":"https:\/\/lasentinelle.dz\/#articleImage","width":450,"height":213},"datePublished":"2026-09-02T20:11:00+01:00","dateModified":"2026-09-04T21:12:02+01:00","inLanguage":"fr-FR","mainEntityOfPage":{"@id":"https:\/\/lasentinelle.dz\/index.php\/2026\/09\/02\/le-president-tebboune-opere-un-mouvement-dans-le-corps-de-la-magistrature\/#webpage"},"isPartOf":{"@id":"https:\/\/lasentinelle.dz\/index.php\/2026\/09\/02\/le-president-tebboune-opere-un-mouvement-dans-le-corps-de-la-magistrature\/#webpage"},"articleSection":"Actualit\u00e9"},{"@type":"BreadcrumbList","@id":"https:\/\/lasentinelle.dz\/index.php\/2026\/09\/02\/le-president-tebboune-opere-un-mouvement-dans-le-corps-de-la-magistrature\/#breadcrumblist","itemListElement":[{"@type":"ListItem","@id":"https:\/\/lasentinelle.dz#listItem","position":1,"name":"Home","item":"https:\/\/lasentinelle.dz","nextItem":{"@type":"ListItem","@id":"https:\/\/lasentinelle.dz\/index.php\/category\/actualite\/#listItem","name":"Actualit\u00e9"}},{"@type":"ListItem","@id":"https:\/\/lasentinelle.dz\/index.php\/category\/actualite\/#listItem","position":2,"name":"Actualit\u00e9","item":"https:\/\/lasentinelle.dz\/index.php\/category\/actualite\/","nextItem":{"@type":"ListItem","@id":"https:\/\/lasentinelle.dz\/index.php\/2026\/09\/02\/le-president-tebboune-opere-un-mouvement-dans-le-corps-de-la-magistrature\/#listItem","name":"Le Pr\u00e9sident Tebboune op\u00e8re un mouvement dans le corps de la magistrature"},"previousItem":{"@type":"ListItem","@id":"https:\/\/lasentinelle.dz#listItem","name":"Home"}},{"@type":"ListItem","@id":"https:\/\/lasentinelle.dz\/index.php\/2026\/09\/02\/le-president-tebboune-opere-un-mouvement-dans-le-corps-de-la-magistrature\/#listItem","position":3,"name":"Le Pr\u00e9sident Tebboune op\u00e8re un mouvement dans le corps de la magistrature","previousItem":{"@type":"ListItem","@id":"https:\/\/lasentinelle.dz\/index.php\/category\/actualite\/#listItem","name":"Actualit\u00e9"}}]},{"@type":"Organization","@id":"https:\/\/lasentinelle.dz\/#organization","name":"La Sentinelle La Sentinelle","description":"Quotidien national d'information","url":"https:\/\/lasentinelle.dz\/","logo":{"@type":"ImageObject","url":"https:\/\/lasentinelle.dz\/wp-content\/uploads\/2021\/09\/cropped-la-sentinelle-earth-golden-anima-5.gif","@id":"https:\/\/lasentinelle.dz\/index.php\/2026\/09\/02\/le-president-tebboune-opere-un-mouvement-dans-le-corps-de-la-magistrature\/#organizationLogo","width":450,"height":213},"image":{"@id":"https:\/\/lasentinelle.dz\/index.php\/2026\/09\/02\/le-president-tebboune-opere-un-mouvement-dans-le-corps-de-la-magistrature\/#organizationLogo"},"sameAs":["https:\/\/www.facebook.com\/azzedine.lasentinelle.1"]},{"@type":"Person","@id":"https:\/\/lasentinelle.dz\/author\/belferag\/#author","url":"https:\/\/lasentinelle.dz\/author\/belferag\/","name":"Azzedine Belferag","image":{"@type":"ImageObject","@id":"https:\/\/lasentinelle.dz\/index.php\/2026\/09\/02\/le-president-tebboune-opere-un-mouvement-dans-le-corps-de-la-magistrature\/#authorImage","url":"https:\/\/secure.gravatar.com\/avatar\/767ecc3bfcf23cd6d0dae1705f124feb13a88fded1daa56498e4fb3aa3fc36a1?s=96&d=mm&r=g","width":96,"height":96,"caption":"Azzedine Belferag"}},{"@type":"WebPage","@id":"https:\/\/lasentinelle.dz\/index.php\/2026\/09\/02\/le-president-tebboune-opere-un-mouvement-dans-le-corps-de-la-magistrature\/#webpage","url":"https:\/\/lasentinelle.dz\/index.php\/2026\/09\/02\/le-president-tebboune-opere-un-mouvement-dans-le-corps-de-la-magistrature\/","name":"Le Pr\u00e9sident Tebboune op\u00e8re un mouvement dans le corps de la magistrature - La Sentinelle","description":"Le pr\u00e9sident de la R\u00e9publique, Abdelmadjid Tebboune, a proc\u00e9d\u00e9 mercredi \u00e0 un mouvement partiel dans le corps de la magistrature, touchant le Conseil d'\u00c9tat, le Tribunal des conflits, les pr\u00e9sidents des cours et les procureurs g\u00e9n\u00e9raux pr\u00e8s celles-ci, ainsi que les commissaires d'\u00c9tat pr\u00e8s les tribunaux administratifs d'appel, selon un communiqu\u00e9 de la pr\u00e9sidence de","inLanguage":"fr-FR","isPartOf":{"@id":"https:\/\/lasentinelle.dz\/#website"},"breadcrumb":{"@id":"https:\/\/lasentinelle.dz\/index.php\/2026\/09\/02\/le-president-tebboune-opere-un-mouvement-dans-le-corps-de-la-magistrature\/#breadcrumblist"},"author":{"@id":"https:\/\/lasentinelle.dz\/author\/belferag\/#author"},"creator":{"@id":"https:\/\/lasentinelle.dz\/author\/belferag\/#author"},"datePublished":"2026-09-02T20:11:00+01:00","dateModified":"2026-09-04T21:12:02+01:00"},{"@type":"WebSite","@id":"https:\/\/lasentinelle.dz\/#website","url":"https:\/\/lasentinelle.dz\/","name":"La Sentinelle","description":"Quotidien national d'information","inLanguage":"fr-FR","publisher":{"@id":"https:\/\/lasentinelle.dz\/#organization"}}]},"og:locale":"fr_FR","og:site_name":"La Sentinelle - Quotidien national d'information","og:type":"article","og:title":"Le Pr\u00e9sident Tebboune op\u00e8re un mouvement dans le corps de la magistrature - La Sentinelle","og:description":"Le pr\u00e9sident de la R\u00e9publique, Abdelmadjid Tebboune, a proc\u00e9d\u00e9 mercredi \u00e0 un mouvement partiel dans le corps de la magistrature, touchant le Conseil d'\u00c9tat, le Tribunal des conflits, les pr\u00e9sidents des cours et les procureurs g\u00e9n\u00e9raux pr\u00e8s celles-ci, ainsi que les commissaires d'\u00c9tat pr\u00e8s les tribunaux administratifs d'appel, selon un communiqu\u00e9 de la pr\u00e9sidence de","og:url":"https:\/\/lasentinelle.dz\/index.php\/2026\/09\/02\/le-president-tebboune-opere-un-mouvement-dans-le-corps-de-la-magistrature\/","og:image":"https:\/\/lasentinelle.dz\/wp-content\/uploads\/2021\/09\/cropped-la-sentinelle-earth-golden-anima-5.gif","og:image:secure_url":"https:\/\/lasentinelle.dz\/wp-content\/uploads\/2021\/09\/cropped-la-sentinelle-earth-golden-anima-5.gif","og:image:width":450,"og:image:height":213,"article:published_time":"2026-09-02T19:11:00+00:00","article:modified_time":"2026-09-04T20:12:02+00:00","article:publisher":"https:\/\/www.facebook.com\/azzedine.lasentinelle.1","twitter:card":"summary_large_image","twitter:title":"Le Pr\u00e9sident Tebboune op\u00e8re un mouvement dans le corps de la magistrature - La Sentinelle","twitter:description":"Le pr\u00e9sident de la R\u00e9publique, Abdelmadjid Tebboune, a proc\u00e9d\u00e9 mercredi \u00e0 un mouvement partiel dans le corps de la magistrature, touchant le Conseil d'\u00c9tat, le Tribunal des conflits, les pr\u00e9sidents des cours et les procureurs g\u00e9n\u00e9raux pr\u00e8s celles-ci, ainsi que les commissaires d'\u00c9tat pr\u00e8s les tribunaux administratifs d'appel, selon un communiqu\u00e9 de la pr\u00e9sidence de","twitter:image":"https:\/\/lasentinelle.dz\/wp-content\/uploads\/2021\/09\/cropped-la-sentinelle-earth-golden-anima-5.gif"},"aioseo_meta_data":{"post_id":"94974","title":null,"description":null,"keywords":null,"keyphrases":{"focus":{"keyphrase":"","score":0,"analysis":{"keyphraseInTitle":{"score":0,"maxScore":9,"error":1}}},"additional":[]},"primary_term":null,"canonical_url":null,"og_title":null,"og_description":null,"og_object_type":"default","og_image_type":"default","og_image_url":null,"og_image_width":null,"og_image_height":null,"og_image_custom_url":null,"og_image_custom_fields":null,"og_video":"","og_custom_url":null,"og_article_section":null,"og_article_tags":null,"twitter_use_og":false,"twitter_card":"default","twitter_image_type":"default","twitter_image_url":null,"twitter_image_custom_url":null,"twitter_image_custom_fields":null,"twitter_title":null,"twitter_description":null,"schema":{"blockGraphs":[],"customGraphs":[],"default":{"data":{"Article":[],"Course":[],"Dataset":[],"FAQPage":[],"Movie":[],"Person":[],"Product":[],"ProductReview":[],"Car":[],"Recipe":[],"Service":[],"SoftwareApplication":[],"WebPage":[]},"graphName":"BlogPosting","isEnabled":true},"graphs":[]},"schema_type":"default","schema_type_options":null,"pillar_content":false,"robots_default":true,"robots_noindex":false,"robots_noarchive":false,"robots_nosnippet":false,"robots_nofollow":false,"robots_noimageindex":false,"robots_noodp":false,"robots_notranslate":false,"robots_max_snippet":"-1","robots_max_videopreview":"-1","robots_max_imagepreview":"large","priority":null,"frequency":"default","local_seo":null,"breadcrumb_settings":null,"limit_modified_date":false,"ai":{"faqs":[],"keyPoints":[],"schemas":[],"titles":[],"descriptions":[],"socialPosts":{"email":{"subject":"","preview":"","content":""},"linkedin":[],"twitter":[],"facebook":[],"instagram":[]}},"created":"2026-09-04 20:12:02","updated":"2026-09-04 20:13:04","focus_keyword":null,"additional_keywords":null,"truseo_locale":null,"seo_analyzer_scan_date":null},"aioseo_breadcrumb":"<div class=\"aioseo-breadcrumbs\"><span class=\"aioseo-breadcrumb\">\n\t\t\t<a href=\"https:\/\/lasentinelle.dz\" title=\"Home\">Home<\/a>\n\t\t<\/span><span class=\"aioseo-breadcrumb-separator\">&raquo;<\/span><span class=\"aioseo-breadcrumb\">\n\t\t\t<a href=\"https:\/\/lasentinelle.dz\/index.php\/category\/actualite\/\" title=\"Actualit\u00e9\">Actualit\u00e9<\/a>\n\t\t<\/span><span class=\"aioseo-breadcrumb-separator\">&raquo;<\/span><span class=\"aioseo-breadcrumb\">\n\t\t\tLe Pr\u00e9sident Tebboune op\u00e8re un mouvement dans le corps de la magistrature\n\t\t<\/span><\/div>","aioseo_breadcrumb_json":[{"label":"Home","link":"https:\/\/lasentinelle.dz"},{"label":"Actualit\u00e9","link":"https:\/\/lasentinelle.dz\/index.php\/category\/actualite\/"},{"label":"Le Pr\u00e9sident Tebboune op\u00e8re un mouvement dans le corps de la magistrature","link":"https:\/\/lasentinelle.dz\/index.php\/2026\/09\/02\/le-president-tebboune-opere-un-mouvement-dans-le-corps-de-la-magistrature\/"}],"yoast_head":"<!-- This site is optimized with the Yoast SEO plugin v28.4 - https:\/\/yoast.com\/product\/yoast-seo-wordpress\/ -->\n<title>Le Pr\u00e9sident Tebboune op\u00e8re un mouvement dans le corps de la magistrature - La Sentinelle<\/title>\n<meta name=\"robots\" content=\"index, follow, max-snippet:-1, max-image-preview:large, max-video-preview:-1\" \/>\n<link rel=\"canonical\" href=\"https:\/\/lasentinelle.dz\/index.php\/2026\/09\/02\/le-president-tebboune-opere-un-mouvement-dans-le-corps-de-la-magistrature\/\" \/>\n<meta property=\"og:locale\" content=\"fr_FR\" \/>\n<meta property=\"og:type\" content=\"article\" \/>\n<meta property=\"og:title\" content=\"Le Pr\u00e9sident Tebboune op\u00e8re un mouvement dans le corps de la magistrature - La Sentinelle\" \/>\n<meta property=\"og:description\" content=\"Le pr\u00e9sident de la R\u00e9publique, Abdelmadjid Tebboune, a proc\u00e9d\u00e9 mercredi \u00e0 un mouvement partiel dans le corps de la magistrature,\" \/>\n<meta property=\"og:url\" content=\"https:\/\/lasentinelle.dz\/index.php\/2026\/09\/02\/le-president-tebboune-opere-un-mouvement-dans-le-corps-de-la-magistrature\/\" \/>\n<meta property=\"og:site_name\" content=\"La Sentinelle\" \/>\n<meta property=\"article:publisher\" content=\"https:\/\/www.facebook.com\/La-Sentinelle-104059864394773\" \/>\n<meta property=\"article:published_time\" content=\"2026-09-02T19:11:00+00:00\" \/>\n<meta property=\"article:modified_time\" content=\"2026-09-04T20:12:02+00:00\" \/>\n<meta name=\"author\" content=\"Azzedine Belferag\" \/>\n<meta name=\"twitter:card\" content=\"summary_large_image\" \/>\n<meta name=\"twitter:label1\" content=\"\u00c9crit par\" \/>\n\t<meta name=\"twitter:data1\" content=\"Azzedine Belferag\" \/>\n\t<meta name=\"twitter:label2\" content=\"Dur\u00e9e de lecture estim\u00e9e\" \/>\n\t<meta name=\"twitter:data2\" content=\"2 minutes\" \/>\n<script type=\"application\/ld+json\" class=\"yoast-schema-graph\">{\"@context\":\"https:\\\/\\\/schema.org\",\"@graph\":[{\"@type\":\"Article\",\"@id\":\"https:\\\/\\\/lasentinelle.dz\\\/index.php\\\/2026\\\/09\\\/02\\\/le-president-tebboune-opere-un-mouvement-dans-le-corps-de-la-magistrature\\\/#article\",\"isPartOf\":{\"@id\":\"https:\\\/\\\/lasentinelle.dz\\\/index.php\\\/2026\\\/09\\\/02\\\/le-president-tebboune-opere-un-mouvement-dans-le-corps-de-la-magistrature\\\/\"},\"author\":{\"name\":\"Azzedine Belferag\",\"@id\":\"https:\\\/\\\/lasentinelle.dz\\\/#\\\/schema\\\/person\\\/e22c868643946ece5f328ac9d185b29f\"},\"headline\":\"Le Pr\u00e9sident Tebboune op\u00e8re un mouvement dans le corps de la magistrature\",\"datePublished\":\"2026-09-02T19:11:00+00:00\",\"dateModified\":\"2026-09-04T20:12:02+00:00\",\"mainEntityOfPage\":{\"@id\":\"https:\\\/\\\/lasentinelle.dz\\\/index.php\\\/2026\\\/09\\\/02\\\/le-president-tebboune-opere-un-mouvement-dans-le-corps-de-la-magistrature\\\/\"},\"wordCount\":263,\"commentCount\":0,\"publisher\":{\"@id\":\"https:\\\/\\\/lasentinelle.dz\\\/#organization\"},\"articleSection\":[\"Actualit\u00e9\"],\"inLanguage\":\"fr-FR\",\"potentialAction\":[{\"@type\":\"CommentAction\",\"name\":\"Comment\",\"target\":[\"https:\\\/\\\/lasentinelle.dz\\\/index.php\\\/2026\\\/09\\\/02\\\/le-president-tebboune-opere-un-mouvement-dans-le-corps-de-la-magistrature\\\/#respond\"]}]},{\"@type\":\"WebPage\",\"@id\":\"https:\\\/\\\/lasentinelle.dz\\\/index.php\\\/2026\\\/09\\\/02\\\/le-president-tebboune-opere-un-mouvement-dans-le-corps-de-la-magistrature\\\/\",\"url\":\"https:\\\/\\\/lasentinelle.dz\\\/index.php\\\/2026\\\/09\\\/02\\\/le-president-tebboune-opere-un-mouvement-dans-le-corps-de-la-magistrature\\\/\",\"name\":\"Le Pr\u00e9sident Tebboune op\u00e8re un mouvement dans le corps de la magistrature - La Sentinelle\",\"isPartOf\":{\"@id\":\"https:\\\/\\\/lasentinelle.dz\\\/#website\"},\"datePublished\":\"2026-09-02T19:11:00+00:00\",\"dateModified\":\"2026-09-04T20:12:02+00:00\",\"breadcrumb\":{\"@id\":\"https:\\\/\\\/lasentinelle.dz\\\/index.php\\\/2026\\\/09\\\/02\\\/le-president-tebboune-opere-un-mouvement-dans-le-corps-de-la-magistrature\\\/#breadcrumb\"},\"inLanguage\":\"fr-FR\",\"potentialAction\":[{\"@type\":\"ReadAction\",\"target\":[\"https:\\\/\\\/lasentinelle.dz\\\/index.php\\\/2026\\\/09\\\/02\\\/le-president-tebboune-opere-un-mouvement-dans-le-corps-de-la-magistrature\\\/\"]}]},{\"@type\":\"BreadcrumbList\",\"@id\":\"https:\\\/\\\/lasentinelle.dz\\\/index.php\\\/2026\\\/09\\\/02\\\/le-president-tebboune-opere-un-mouvement-dans-le-corps-de-la-magistrature\\\/#breadcrumb\",\"itemListElement\":[{\"@type\":\"ListItem\",\"position\":1,\"name\":\"Accueil\",\"item\":\"https:\\\/\\\/lasentinelle.dz\\\/\"},{\"@type\":\"ListItem\",\"position\":2,\"name\":\"Le Pr\u00e9sident Tebboune op\u00e8re un mouvement dans le corps de la magistrature\"}]},{\"@type\":\"WebSite\",\"@id\":\"https:\\\/\\\/lasentinelle.dz\\\/#website\",\"url\":\"https:\\\/\\\/lasentinelle.dz\\\/\",\"name\":\"La Sentinelle\",\"description\":\"Quotidien national d&#039;information\",\"publisher\":{\"@id\":\"https:\\\/\\\/lasentinelle.dz\\\/#organization\"},\"potentialAction\":[{\"@type\":\"SearchAction\",\"target\":{\"@type\":\"EntryPoint\",\"urlTemplate\":\"https:\\\/\\\/lasentinelle.dz\\\/?s={search_term_string}\"},\"query-input\":{\"@type\":\"PropertyValueSpecification\",\"valueRequired\":true,\"valueName\":\"search_term_string\"}}],\"inLanguage\":\"fr-FR\"},{\"@type\":\"Organization\",\"@id\":\"https:\\\/\\\/lasentinelle.dz\\\/#organization\",\"name\":\"Quotidien La Sentinelle\",\"url\":\"https:\\\/\\\/lasentinelle.dz\\\/\",\"logo\":{\"@type\":\"ImageObject\",\"inLanguage\":\"fr-FR\",\"@id\":\"https:\\\/\\\/lasentinelle.dz\\\/#\\\/schema\\\/logo\\\/image\\\/\",\"url\":\"https:\\\/\\\/lasentinelle.dz\\\/wp-content\\\/uploads\\\/2021\\\/09\\\/logo-sentinelleSLOGAN-1.png\",\"contentUrl\":\"https:\\\/\\\/lasentinelle.dz\\\/wp-content\\\/uploads\\\/2021\\\/09\\\/logo-sentinelleSLOGAN-1.png\",\"width\":615,\"height\":142,\"caption\":\"Quotidien La Sentinelle\"},\"image\":{\"@id\":\"https:\\\/\\\/lasentinelle.dz\\\/#\\\/schema\\\/logo\\\/image\\\/\"},\"sameAs\":[\"https:\\\/\\\/www.facebook.com\\\/La-Sentinelle-104059864394773\"]},{\"@type\":\"Person\",\"@id\":\"https:\\\/\\\/lasentinelle.dz\\\/#\\\/schema\\\/person\\\/e22c868643946ece5f328ac9d185b29f\",\"name\":\"Azzedine Belferag\",\"image\":{\"@type\":\"ImageObject\",\"inLanguage\":\"fr-FR\",\"@id\":\"https:\\\/\\\/secure.gravatar.com\\\/avatar\\\/767ecc3bfcf23cd6d0dae1705f124feb13a88fded1daa56498e4fb3aa3fc36a1?s=96&d=mm&r=g\",\"url\":\"https:\\\/\\\/secure.gravatar.com\\\/avatar\\\/767ecc3bfcf23cd6d0dae1705f124feb13a88fded1daa56498e4fb3aa3fc36a1?s=96&d=mm&r=g\",\"contentUrl\":\"https:\\\/\\\/secure.gravatar.com\\\/avatar\\\/767ecc3bfcf23cd6d0dae1705f124feb13a88fded1daa56498e4fb3aa3fc36a1?s=96&d=mm&r=g\",\"caption\":\"Azzedine Belferag\"},\"sameAs\":[\"http:\\\/\\\/www.lasentinelle.dz\"],\"url\":\"https:\\\/\\\/lasentinelle.dz\\\/author\\\/belferag\\\/\"}]}<\/script>\n<!-- \/ Yoast SEO plugin. -->","yoast_head_json":{"title":"Le Pr\u00e9sident Tebboune op\u00e8re un mouvement dans le corps de la magistrature - La Sentinelle","robots":{"index":"index","follow":"follow","max-snippet":"max-snippet:-1","max-image-preview":"max-image-preview:large","max-video-preview":"max-video-preview:-1"},"canonical":"https:\/\/lasentinelle.dz\/index.php\/2026\/09\/02\/le-president-tebboune-opere-un-mouvement-dans-le-corps-de-la-magistrature\/","og_locale":"fr_FR","og_type":"article","og_title":"Le Pr\u00e9sident Tebboune op\u00e8re un mouvement dans le corps de la magistrature - La Sentinelle","og_description":"Le pr\u00e9sident de la R\u00e9publique, Abdelmadjid Tebboune, a proc\u00e9d\u00e9 mercredi \u00e0 un mouvement partiel dans le corps de la magistrature,","og_url":"https:\/\/lasentinelle.dz\/index.php\/2026\/09\/02\/le-president-tebboune-opere-un-mouvement-dans-le-corps-de-la-magistrature\/","og_site_name":"La Sentinelle","article_publisher":"https:\/\/www.facebook.com\/La-Sentinelle-104059864394773","article_published_time":"2026-09-02T19:11:00+00:00","article_modified_time":"2026-09-04T20:12:02+00:00","author":"Azzedine Belferag","twitter_card":"summary_large_image","twitter_misc":{"\u00c9crit par":"Azzedine Belferag","Dur\u00e9e de lecture estim\u00e9e":"2 minutes"},"schema":{"@context":"https:\/\/schema.org","@graph":[{"@type":"Article","@id":"https:\/\/lasentinelle.dz\/index.php\/2026\/09\/02\/le-president-tebboune-opere-un-mouvement-dans-le-corps-de-la-magistrature\/#article","isPartOf":{"@id":"https:\/\/lasentinelle.dz\/index.php\/2026\/09\/02\/le-president-tebboune-opere-un-mouvement-dans-le-corps-de-la-magistrature\/"},"author":{"name":"Azzedine Belferag","@id":"https:\/\/lasentinelle.dz\/#\/schema\/person\/e22c868643946ece5f328ac9d185b29f"},"headline":"Le Pr\u00e9sident Tebboune op\u00e8re un mouvement dans le corps de la magistrature","datePublished":"2026-09-02T19:11:00+00:00","dateModified":"2026-09-04T20:12:02+00:00","mainEntityOfPage":{"@id":"https:\/\/lasentinelle.dz\/index.php\/2026\/09\/02\/le-president-tebboune-opere-un-mouvement-dans-le-corps-de-la-magistrature\/"},"wordCount":263,"commentCount":0,"publisher":{"@id":"https:\/\/lasentinelle.dz\/#organization"},"articleSection":["Actualit\u00e9"],"inLanguage":"fr-FR","potentialAction":[{"@type":"CommentAction","name":"Comment","target":["https:\/\/lasentinelle.dz\/index.php\/2026\/09\/02\/le-president-tebboune-opere-un-mouvement-dans-le-corps-de-la-magistrature\/#respond"]}]},{"@type":"WebPage","@id":"https:\/\/lasentinelle.dz\/index.php\/2026\/09\/02\/le-president-tebboune-opere-un-mouvement-dans-le-corps-de-la-magistrature\/","url":"https:\/\/lasentinelle.dz\/index.php\/2026\/09\/02\/le-president-tebboune-opere-un-mouvement-dans-le-corps-de-la-magistrature\/","name":"Le Pr\u00e9sident Tebboune op\u00e8re un mouvement dans le corps de la magistrature - La Sentinelle","isPartOf":{"@id":"https:\/\/lasentinelle.dz\/#website"},"datePublished":"2026-09-02T19:11:00+00:00","dateModified":"2026-09-04T20:12:02+00:00","breadcrumb":{"@id":"https:\/\/lasentinelle.dz\/index.php\/2026\/09\/02\/le-president-tebboune-opere-un-mouvement-dans-le-corps-de-la-magistrature\/#breadcrumb"},"inLanguage":"fr-FR","potentialAction":[{"@type":"ReadAction","target":["https:\/\/lasentinelle.dz\/index.php\/2026\/09\/02\/le-president-tebboune-opere-un-mouvement-dans-le-corps-de-la-magistrature\/"]}]},{"@type":"BreadcrumbList","@id":"https:\/\/lasentinelle.dz\/index.php\/2026\/09\/02\/le-president-tebboune-opere-un-mouvement-dans-le-corps-de-la-magistrature\/#breadcrumb","itemListElement":[{"@type":"ListItem","position":1,"name":"Accueil","item":"https:\/\/lasentinelle.dz\/"},{"@type":"ListItem","position":2,"name":"Le Pr\u00e9sident Tebboune op\u00e8re un mouvement dans le corps de la magistrature"}]},{"@type":"WebSite","@id":"https:\/\/lasentinelle.dz\/#website","url":"https:\/\/lasentinelle.dz\/","name":"La Sentinelle","description":"Quotidien national d&#039;information","publisher":{"@id":"https:\/\/lasentinelle.dz\/#organization"},"potentialAction":[{"@type":"SearchAction","target":{"@type":"EntryPoint","urlTemplate":"https:\/\/lasentinelle.dz\/?s={search_term_string}"},"query-input":{"@type":"PropertyValueSpecification","valueRequired":true,"valueName":"search_term_string"}}],"inLanguage":"fr-FR"},{"@type":"Organization","@id":"https:\/\/lasentinelle.dz\/#organization","name":"Quotidien La Sentinelle","url":"https:\/\/lasentinelle.dz\/","logo":{"@type":"ImageObject","inLanguage":"fr-FR","@id":"https:\/\/lasentinelle.dz\/#\/schema\/logo\/image\/","url":"https:\/\/lasentinelle.dz\/wp-content\/uploads\/2021\/09\/logo-sentinelleSLOGAN-1.png","contentUrl":"https:\/\/lasentinelle.dz\/wp-content\/uploads\/2021\/09\/logo-sentinelleSLOGAN-1.png","width":615,"height":142,"caption":"Quotidien La Sentinelle"},"image":{"@id":"https:\/\/lasentinelle.dz\/#\/schema\/logo\/image\/"},"sameAs":["https:\/\/www.facebook.com\/La-Sentinelle-104059864394773"]},{"@type":"Person","@id":"https:\/\/lasentinelle.dz\/#\/schema\/person\/e22c868643946ece5f328ac9d185b29f","name":"Azzedine Belferag","image":{"@type":"ImageObject","inLanguage":"fr-FR","@id":"https:\/\/secure.gravatar.com\/avatar\/767ecc3bfcf23cd6d0dae1705f124feb13a88fded1daa56498e4fb3aa3fc36a1?s=96&d=mm&r=g","url":"https:\/\/secure.gravatar.com\/avatar\/767ecc3bfcf23cd6d0dae1705f124feb13a88fded1daa56498e4fb3aa3fc36a1?s=96&d=mm&r=g","contentUrl":"https:\/\/secure.gravatar.com\/avatar\/767ecc3bfcf23cd6d0dae1705f124feb13a88fded1daa56498e4fb3aa3fc36a1?s=96&d=mm&r=g","caption":"Azzedine Belferag"},"sameAs":["http:\/\/www.lasentinelle.dz"],"url":"https:\/\/lasentinelle.dz\/author\/belferag\/"}]}},"_links":{"self":[{"href":"https:\/\/lasentinelle.dz\/index.php\/wp-json\/wp\/v2\/posts\/94974","targetHints":{"allow":["GET"]}}],"collection":[{"href":"https:\/\/lasentinelle.dz\/index.php\/wp-json\/wp\/v2\/posts"}],"about":[{"href":"https:\/\/lasentinelle.dz\/index.php\/wp-json\/wp\/v2\/types\/post"}],"author":[{"embeddable":true,"href":"https:\/\/lasentinelle.dz\/index.php\/wp-json\/wp\/v2\/users\/2"}],"replies":[{"embeddable":true,"href":"https:\/\/lasentinelle.dz\/index.php\/wp-json\/wp\/v2\/comments?post=94974"}],"version-history":[{"count":1,"href":"https:\/\/lasentinelle.dz\/index.php\/wp-json\/wp\/v2\/posts\/94974\/revisions"}],"predecessor-version":[{"id":94975,"href":"https:\/\/lasentinelle.dz\/index.php\/wp-json\/wp\/v2\/posts\/94974\/revisions\/94975"}],"wp:attachment":[{"href":"https:\/\/lasentinelle.dz\/index.php\/wp-json\/wp\/v2\/media?parent=94974"}],"wp:term":[{"taxonomy":"category","embeddable":true,"href":"https:\/\/lasentinelle.dz\/index.php\/wp-json\/wp\/v2\/categories?post=94974"},{"taxonomy":"post_tag","embeddable":true,"href":"https:\/\/lasentinelle.dz\/index.php\/wp-json\/wp\/v2\/tags?post=94974"}],"curies":[{"name":"wp","href":"https:\/\/api.w.org\/{rel}","templated":true}]}}