{"id":94990,"date":"2026-09-05T21:48:34","date_gmt":"2026-09-05T20:48:34","guid":{"rendered":"https:\/\/lasentinelle.dz\/?p=94990"},"modified":"2026-09-05T21:48:37","modified_gmt":"2026-09-05T20:48:37","slug":"tentative-de-destabilisation-au-niger-niamey-accuse-paris-davoir-arme-la-main-des-mutins","status":"publish","type":"post","link":"https:\/\/lasentinelle.dz\/index.php\/2026\/09\/05\/tentative-de-destabilisation-au-niger-niamey-accuse-paris-davoir-arme-la-main-des-mutins\/","title":{"rendered":"Tentative de d\u00e9stabilisation au Niger\u00a0: Niamey accuse Paris d&rsquo;avoir arm\u00e9 la main des mutins"},"content":{"rendered":"\n<p class=\"wp-block-paragraph\"><em>Le Conseil des ministres nig\u00e9rien affirme d\u00e9tenir des preuves de l&rsquo;implication du r\u00e9gime fran\u00e7ais de Emmanuel Macron dans la tentative de d\u00e9stabilisation survenue fin ao\u00fbt \u00e0 Niamey, un dossier que les autorit\u00e9s nig\u00e9riennes disent pr\u00eates \u00e0 porter devant la justice internationale<\/em><em>.<\/em><\/p>\n\n\n\n<p class=\"wp-block-paragraph\">Le gouvernement nig\u00e9rien a formellement accus\u00e9 vendredi la France d&rsquo;avoir incit\u00e9 et entretenu la tentative de mutinerie militaire survenue dans la nuit du 28 au 29 ao\u00fbt \u00e0 Niamey. <em><\/em>&nbsp;R\u00e9uni sous la pr\u00e9sidence du g\u00e9n\u00e9ral Abdourahamane Tiani, chef du Conseil national pour la sauvegarde de la patrie, le Conseil des ministres a consacr\u00e9 sa s\u00e9ance \u00e0 l&rsquo;examen de la situation n\u00e9e d&rsquo;une \u00ab tentative de d\u00e9stabilisation du pays \u00bb, orchestr\u00e9e selon lui par des \u00e9l\u00e9ments de la compagnie de renseignement sp\u00e9cial relevant du commandement des op\u00e9rations sp\u00e9ciales, notamment \u00e0 la base a\u00e9rienne 101 de Niamey. Selon le communiqu\u00e9 officiel de la pr\u00e9sidence nig\u00e9rienne, cette op\u00e9ration aux ramifications internationales a \u00e9t\u00e9 \u00ab incit\u00e9e et entretenue par un vaste r\u00e9seau de connivences \u00e0 la t\u00eate duquel se trouve le r\u00e9gime fran\u00e7ais de monsieur Macron \u00bb. Le texte va plus loin, \u00e9voquant des \u00ab tra\u00eetres et des mutins \u00bb app\u00e2t\u00e9s par des promesses mirobolantes pour ex\u00e9cuter un plan de Macron et de ses complices, plan que les autorit\u00e9s nig\u00e9riennes assurent avoir fait \u00e9chouer sur leur sol.<\/p>\n\n\n\n<p class=\"wp-block-paragraph\">Le Conseil des ministres inscrit cet \u00e9pisode dans la continuit\u00e9 des man\u0153uvres visant \u00e0 \u00e9branler la volont\u00e9 affich\u00e9e par le Niger dans sa marche r\u00e9solue vers la souverainet\u00e9 et la ma\u00eetrise de ses ressources naturelles. Le communiqu\u00e9 d\u00e9nonce \u00e0 ce titre le \u00ab double visage \u00bb qu&rsquo;affichent, selon lui, certains fr\u00e8res africains, prompts \u00e0 servir de relais aux activit\u00e9s d\u00e9stabilisatrices men\u00e9es par les partisans du r\u00e9gime fran\u00e7ais, tout en assurant que ces man\u0153uvres subversives sont vou\u00e9es \u00e0 l&rsquo;\u00e9chec gr\u00e2ce \u00e0 l&rsquo;engagement des forces de d\u00e9fense et de s\u00e9curit\u00e9 et de l&rsquo;ensemble du peuple nig\u00e9rien.<\/p>\n\n\n\n<p class=\"wp-block-paragraph\">Le gouvernement a pr\u00e9sent\u00e9 ses condol\u00e9ances aux familles des \u00ab martyrs civils et militaires \u00bb tomb\u00e9s lors de ces \u00e9v\u00e8nements et souhait\u00e9 un prompt r\u00e9tablissement aux bless\u00e9s. Il a par ailleurs exprim\u00e9 sa gratitude aux pays amis, au premier rang desquels l&rsquo;Alg\u00e9rie, la Russie et les \u00c9tats de la Conf\u00e9d\u00e9ration des \u00c9tats du Sahel, qui se sont empress\u00e9s d\u00e8s le d\u00e9but de la crise d&rsquo;exprimer leur solidarit\u00e9 avec le peuple nig\u00e9rien et ses institutions. Rappelons que sur instruction du pr\u00e9sident de la R\u00e9publique, chef supr\u00eame des forces arm\u00e9es et ministre de la D\u00e9fense nationale, Abdelmadjid Tebboune, soucieux de renforcer la coop\u00e9ration strat\u00e9gique entre les deux pays notamment dans le domaine militaire, Alger a d\u00e9p\u00each\u00e9 deux patrouilles de chasseurs Sukhoi Su-30, soit quatre appareils, en appui \u00e0 l&rsquo;arm\u00e9e nig\u00e9rienne face \u00e0 cette tentative de d\u00e9stabilisation. Cette intervention, effectu\u00e9e \u00e0 la demande du commandement nig\u00e9rien selon un communiqu\u00e9 du minist\u00e8re de la D\u00e9fense nationale, a \u00e9t\u00e9 salu\u00e9e par les autorit\u00e9s de Niamey qui ont exprim\u00e9 leur \u00ab profonde gratitude \u00bb envers le pays voisin et fr\u00e8re.<\/p>\n\n\n\n<p class=\"wp-block-paragraph\">Le communiqu\u00e9 du Conseil des ministres nig\u00e9rien se conclut par une mise au point, le Niger n&rsquo;entend faire la guerre \u00e0 aucun pays, n&rsquo;en nourrit pas l&rsquo;intention, et se dit dispos\u00e9 \u00e0 produire les documents r\u00e9unis sur cette \u00ab agression \u00bb, tout en se r\u00e9servant le droit de saisir la justice internationale.<\/p>\n\n\n\n<p class=\"wp-block-paragraph\">Les \u00e9v\u00e8nements \u00e9voqu\u00e9s par Niamey renvoient \u00e0 une nuit de tirs \u00e0 l&rsquo;arme lourde ayant secou\u00e9 la capitale nig\u00e9rienne aux abords de l&rsquo;a\u00e9roport international Diori Hamani, du palais pr\u00e9sidentiel et de la t\u00e9l\u00e9vision nationale. Le ministre nig\u00e9rien de la D\u00e9fense, Salifou Mody, avait alors fait \u00e9tat d&rsquo;un groupe de militaires \u00ab en rupture avec le r\u00e8glement militaire \u00bb ayant s\u00e9questr\u00e9 des camarades \u00e0 la base 101 avant d&rsquo;ouvrir le feu sur plusieurs sites sensibles. Le pr\u00e9sident Tiani avait assur\u00e9 d\u00e8s le 31 ao\u00fbt, lors d&rsquo;un \u00e9change t\u00e9l\u00e9phonique avec le Pr\u00e9sident Tebboune, que la situation \u00e9tait \u00ab totalement sous contr\u00f4le \u00bb, remerciant Alger pour son appui. Quelques jours plus tard, le commandant de la premi\u00e8re compagnie parachutiste de Niamey avait affirm\u00e9 \u00e0 la t\u00e9l\u00e9vision publique avoir re\u00e7u des appels en provenance de France, du B\u00e9nin, de Belgique, de Duba\u00ef et du Tchad, l&rsquo;invitant \u00e0 soutenir les militaires insurg\u00e9s, citant notamment des proches de l&rsquo;ex-pr\u00e9sident Mohamed Bazoum et le chef d&rsquo;\u00e9tat-major de l&rsquo;arm\u00e9e de l&rsquo;air du Tchad. Cotonou a de son c\u00f4t\u00e9 rejet\u00e9 toute implication dans ces \u00e9v\u00e8nements, son porte-parole affirmant \u00eatre \u00ab contre la d\u00e9stabilisation du Niger aujourd&rsquo;hui \u00bb et le rester \u00ab demain \u00bb.<\/p>\n\n\n\n<p class=\"wp-block-paragraph\">Lyes Sa\u00efdi<\/p>\n","protected":false},"excerpt":{"rendered":"<p>Le Conseil des ministres nig\u00e9rien affirme d\u00e9tenir des preuves de l&rsquo;implication du r\u00e9gime fran\u00e7ais de Emmanuel Macron dans la tentative<\/p>\n","protected":false},"author":6,"featured_media":94991,"comment_status":"open","ping_status":"closed","sticky":false,"template":"","format":"standard","meta":{"colormag_page_container_layout":"default_layout","colormag_page_sidebar_layout":"default_layout","om_disable_all_campaigns":false,"_monsterinsights_skip_tracking":false,"footnotes":"","_wpscppro_dont_share_socialmedia":false,"_wpscppro_custom_social_share_image":0,"_facebook_share_type":"default","_twitter_share_type":"default","_linkedin_share_type":"default","_pinterest_share_type":"default","_linkedin_share_type_page":"","_instagram_share_type":"default","_medium_share_type":"default","_threads_share_type":"default","_google_business_share_type":"default","_bluesky_share_type":"default","_mastodon_share_type":"default","_selected_social_profile":[],"_wpsp_enable_custom_social_template":false,"_wpsp_social_scheduling":{"enabled":false,"datetime":null,"platforms":[],"status":"template_only","dateOption":"today","timeOption":"now","customDays":"","customHours":"","customDate":"","customTime":"","schedulingType":"absolute"},"_wpsp_active_default_template":true},"categories":[52,37],"tags":[],"class_list":["post-94990","post","type-post","status-publish","format-standard","has-post-thumbnail","hentry","category-a-la-une","category-monde"],"aioseo_notices":[],"aioseo_head":"\n\t\t<!-- All in One SEO 5.0.0.1 - aioseo.com -->\n\t<meta name=\"description\" content=\"Le Conseil des ministres nig\u00e9rien affirme d\u00e9tenir des preuves de l&#039;implication du r\u00e9gime fran\u00e7ais de Emmanuel Macron dans la tentative de d\u00e9stabilisation survenue fin ao\u00fbt \u00e0 Niamey, un dossier que les autorit\u00e9s nig\u00e9riennes disent pr\u00eates \u00e0 porter devant la justice internationale. Le gouvernement nig\u00e9rien a formellement accus\u00e9 vendredi la France d&#039;avoir incit\u00e9 et entretenu la\" \/>\n\t<meta name=\"robots\" content=\"max-image-preview:large\" \/>\n\t<meta name=\"author\" content=\"admin\"\/>\n\t<link rel=\"canonical\" href=\"https:\/\/lasentinelle.dz\/index.php\/2026\/09\/05\/tentative-de-destabilisation-au-niger-niamey-accuse-paris-davoir-arme-la-main-des-mutins\/\" \/>\n\t<meta name=\"generator\" content=\"All in One SEO (AIOSEO) 5.0.0.1\" \/>\n\t\t<meta property=\"og:locale\" content=\"fr_FR\" \/>\n\t\t<meta property=\"og:site_name\" content=\"La Sentinelle - Quotidien national d&#039;information\" \/>\n\t\t<meta property=\"og:type\" content=\"article\" \/>\n\t\t<meta property=\"og:title\" content=\"Tentative de d\u00e9stabilisation au Niger : Niamey accuse Paris d\u2019avoir arm\u00e9 la main des mutins - La Sentinelle\" \/>\n\t\t<meta property=\"og:description\" content=\"Le Conseil des ministres nig\u00e9rien affirme d\u00e9tenir des preuves de l&#039;implication du r\u00e9gime fran\u00e7ais de Emmanuel Macron dans la tentative de d\u00e9stabilisation survenue fin ao\u00fbt \u00e0 Niamey, un dossier que les autorit\u00e9s nig\u00e9riennes disent pr\u00eates \u00e0 porter devant la justice internationale. Le gouvernement nig\u00e9rien a formellement accus\u00e9 vendredi la France d&#039;avoir incit\u00e9 et entretenu la\" \/>\n\t\t<meta property=\"og:url\" content=\"https:\/\/lasentinelle.dz\/index.php\/2026\/09\/05\/tentative-de-destabilisation-au-niger-niamey-accuse-paris-davoir-arme-la-main-des-mutins\/\" \/>\n\t\t<meta property=\"og:image\" content=\"https:\/\/lasentinelle.dz\/wp-content\/uploads\/2021\/09\/cropped-la-sentinelle-earth-golden-anima-5.gif\" \/>\n\t\t<meta property=\"og:image:secure_url\" content=\"https:\/\/lasentinelle.dz\/wp-content\/uploads\/2021\/09\/cropped-la-sentinelle-earth-golden-anima-5.gif\" \/>\n\t\t<meta property=\"og:image:width\" content=\"450\" \/>\n\t\t<meta property=\"og:image:height\" content=\"213\" \/>\n\t\t<meta property=\"article:published_time\" content=\"2026-09-05T20:48:34+00:00\" \/>\n\t\t<meta property=\"article:modified_time\" content=\"2026-09-05T20:48:37+00:00\" \/>\n\t\t<meta property=\"article:publisher\" content=\"https:\/\/www.facebook.com\/azzedine.lasentinelle.1\" \/>\n\t\t<meta name=\"twitter:card\" content=\"summary_large_image\" \/>\n\t\t<meta name=\"twitter:title\" content=\"Tentative de d\u00e9stabilisation au Niger : Niamey accuse Paris d\u2019avoir arm\u00e9 la main des mutins - La Sentinelle\" \/>\n\t\t<meta name=\"twitter:description\" content=\"Le Conseil des ministres nig\u00e9rien affirme d\u00e9tenir des preuves de l&#039;implication du r\u00e9gime fran\u00e7ais de Emmanuel Macron dans la tentative de d\u00e9stabilisation survenue fin ao\u00fbt \u00e0 Niamey, un dossier que les autorit\u00e9s nig\u00e9riennes disent pr\u00eates \u00e0 porter devant la justice internationale. Le gouvernement nig\u00e9rien a formellement accus\u00e9 vendredi la France d&#039;avoir incit\u00e9 et entretenu la\" \/>\n\t\t<meta name=\"twitter:image\" content=\"https:\/\/lasentinelle.dz\/wp-content\/uploads\/2021\/09\/cropped-la-sentinelle-earth-golden-anima-5.gif\" \/>\n\t\t<script type=\"application\/ld+json\" class=\"aioseo-schema\">\n\t\t\t{\"@context\":\"https:\\\/\\\/schema.org\",\"@graph\":[{\"@type\":\"BlogPosting\",\"@id\":\"https:\\\/\\\/lasentinelle.dz\\\/index.php\\\/2026\\\/09\\\/05\\\/tentative-de-destabilisation-au-niger-niamey-accuse-paris-davoir-arme-la-main-des-mutins\\\/#blogposting\",\"name\":\"Tentative de d\\u00e9stabilisation au Niger : Niamey accuse Paris d\\u2019avoir arm\\u00e9 la main des mutins - La Sentinelle\",\"headline\":\"Tentative de d\\u00e9stabilisation au Niger\\u00a0: Niamey accuse Paris d&rsquo;avoir arm\\u00e9 la main des mutins\",\"author\":{\"@id\":\"https:\\\/\\\/lasentinelle.dz\\\/author\\\/admin\\\/#author\"},\"publisher\":{\"@id\":\"https:\\\/\\\/lasentinelle.dz\\\/#organization\"},\"image\":{\"@type\":\"ImageObject\",\"url\":\"https:\\\/\\\/lasentinelle.dz\\\/wp-content\\\/uploads\\\/2026\\\/09\\\/niger.jpg\",\"width\":1080,\"height\":651},\"datePublished\":\"2026-09-05T21:48:34+01:00\",\"dateModified\":\"2026-09-05T21:48:37+01:00\",\"inLanguage\":\"fr-FR\",\"mainEntityOfPage\":{\"@id\":\"https:\\\/\\\/lasentinelle.dz\\\/index.php\\\/2026\\\/09\\\/05\\\/tentative-de-destabilisation-au-niger-niamey-accuse-paris-davoir-arme-la-main-des-mutins\\\/#webpage\"},\"isPartOf\":{\"@id\":\"https:\\\/\\\/lasentinelle.dz\\\/index.php\\\/2026\\\/09\\\/05\\\/tentative-de-destabilisation-au-niger-niamey-accuse-paris-davoir-arme-la-main-des-mutins\\\/#webpage\"},\"articleSection\":\"\\u00c0 la Une, Monde\"},{\"@type\":\"BreadcrumbList\",\"@id\":\"https:\\\/\\\/lasentinelle.dz\\\/index.php\\\/2026\\\/09\\\/05\\\/tentative-de-destabilisation-au-niger-niamey-accuse-paris-davoir-arme-la-main-des-mutins\\\/#breadcrumblist\",\"itemListElement\":[{\"@type\":\"ListItem\",\"@id\":\"https:\\\/\\\/lasentinelle.dz#listItem\",\"position\":1,\"name\":\"Home\",\"item\":\"https:\\\/\\\/lasentinelle.dz\",\"nextItem\":{\"@type\":\"ListItem\",\"@id\":\"https:\\\/\\\/lasentinelle.dz\\\/index.php\\\/category\\\/monde\\\/#listItem\",\"name\":\"Monde\"}},{\"@type\":\"ListItem\",\"@id\":\"https:\\\/\\\/lasentinelle.dz\\\/index.php\\\/category\\\/monde\\\/#listItem\",\"position\":2,\"name\":\"Monde\",\"item\":\"https:\\\/\\\/lasentinelle.dz\\\/index.php\\\/category\\\/monde\\\/\",\"nextItem\":{\"@type\":\"ListItem\",\"@id\":\"https:\\\/\\\/lasentinelle.dz\\\/index.php\\\/2026\\\/09\\\/05\\\/tentative-de-destabilisation-au-niger-niamey-accuse-paris-davoir-arme-la-main-des-mutins\\\/#listItem\",\"name\":\"Tentative de d\\u00e9stabilisation au Niger\\u00a0: Niamey accuse Paris d&rsquo;avoir arm\\u00e9 la main des mutins\"},\"previousItem\":{\"@type\":\"ListItem\",\"@id\":\"https:\\\/\\\/lasentinelle.dz#listItem\",\"name\":\"Home\"}},{\"@type\":\"ListItem\",\"@id\":\"https:\\\/\\\/lasentinelle.dz\\\/index.php\\\/2026\\\/09\\\/05\\\/tentative-de-destabilisation-au-niger-niamey-accuse-paris-davoir-arme-la-main-des-mutins\\\/#listItem\",\"position\":3,\"name\":\"Tentative de d\\u00e9stabilisation au Niger\\u00a0: Niamey accuse Paris d&rsquo;avoir arm\\u00e9 la main des mutins\",\"previousItem\":{\"@type\":\"ListItem\",\"@id\":\"https:\\\/\\\/lasentinelle.dz\\\/index.php\\\/category\\\/monde\\\/#listItem\",\"name\":\"Monde\"}}]},{\"@type\":\"Organization\",\"@id\":\"https:\\\/\\\/lasentinelle.dz\\\/#organization\",\"name\":\"La Sentinelle La Sentinelle\",\"description\":\"Quotidien national d'information\",\"url\":\"https:\\\/\\\/lasentinelle.dz\\\/\",\"logo\":{\"@type\":\"ImageObject\",\"url\":\"https:\\\/\\\/lasentinelle.dz\\\/wp-content\\\/uploads\\\/2021\\\/09\\\/cropped-la-sentinelle-earth-golden-anima-5.gif\",\"@id\":\"https:\\\/\\\/lasentinelle.dz\\\/index.php\\\/2026\\\/09\\\/05\\\/tentative-de-destabilisation-au-niger-niamey-accuse-paris-davoir-arme-la-main-des-mutins\\\/#organizationLogo\",\"width\":450,\"height\":213},\"image\":{\"@id\":\"https:\\\/\\\/lasentinelle.dz\\\/index.php\\\/2026\\\/09\\\/05\\\/tentative-de-destabilisation-au-niger-niamey-accuse-paris-davoir-arme-la-main-des-mutins\\\/#organizationLogo\"},\"sameAs\":[\"https:\\\/\\\/www.facebook.com\\\/azzedine.lasentinelle.1\"]},{\"@type\":\"Person\",\"@id\":\"https:\\\/\\\/lasentinelle.dz\\\/author\\\/admin\\\/#author\",\"url\":\"https:\\\/\\\/lasentinelle.dz\\\/author\\\/admin\\\/\",\"name\":\"admin\",\"image\":{\"@type\":\"ImageObject\",\"@id\":\"https:\\\/\\\/lasentinelle.dz\\\/index.php\\\/2026\\\/09\\\/05\\\/tentative-de-destabilisation-au-niger-niamey-accuse-paris-davoir-arme-la-main-des-mutins\\\/#authorImage\",\"url\":\"https:\\\/\\\/secure.gravatar.com\\\/avatar\\\/4c81fed838786e9b53f540bf46533e750f5d292099ae3b66cfc6fb1982e29df7?s=96&d=mm&r=g\",\"width\":96,\"height\":96,\"caption\":\"admin\"}},{\"@type\":\"WebPage\",\"@id\":\"https:\\\/\\\/lasentinelle.dz\\\/index.php\\\/2026\\\/09\\\/05\\\/tentative-de-destabilisation-au-niger-niamey-accuse-paris-davoir-arme-la-main-des-mutins\\\/#webpage\",\"url\":\"https:\\\/\\\/lasentinelle.dz\\\/index.php\\\/2026\\\/09\\\/05\\\/tentative-de-destabilisation-au-niger-niamey-accuse-paris-davoir-arme-la-main-des-mutins\\\/\",\"name\":\"Tentative de d\\u00e9stabilisation au Niger : Niamey accuse Paris d\\u2019avoir arm\\u00e9 la main des mutins - La Sentinelle\",\"description\":\"Le Conseil des ministres nig\\u00e9rien affirme d\\u00e9tenir des preuves de l'implication du r\\u00e9gime fran\\u00e7ais de Emmanuel Macron dans la tentative de d\\u00e9stabilisation survenue fin ao\\u00fbt \\u00e0 Niamey, un dossier que les autorit\\u00e9s nig\\u00e9riennes disent pr\\u00eates \\u00e0 porter devant la justice internationale. Le gouvernement nig\\u00e9rien a formellement accus\\u00e9 vendredi la France d'avoir incit\\u00e9 et entretenu la\",\"inLanguage\":\"fr-FR\",\"isPartOf\":{\"@id\":\"https:\\\/\\\/lasentinelle.dz\\\/#website\"},\"breadcrumb\":{\"@id\":\"https:\\\/\\\/lasentinelle.dz\\\/index.php\\\/2026\\\/09\\\/05\\\/tentative-de-destabilisation-au-niger-niamey-accuse-paris-davoir-arme-la-main-des-mutins\\\/#breadcrumblist\"},\"author\":{\"@id\":\"https:\\\/\\\/lasentinelle.dz\\\/author\\\/admin\\\/#author\"},\"creator\":{\"@id\":\"https:\\\/\\\/lasentinelle.dz\\\/author\\\/admin\\\/#author\"},\"image\":{\"@type\":\"ImageObject\",\"url\":\"https:\\\/\\\/lasentinelle.dz\\\/wp-content\\\/uploads\\\/2026\\\/09\\\/niger.jpg\",\"@id\":\"https:\\\/\\\/lasentinelle.dz\\\/index.php\\\/2026\\\/09\\\/05\\\/tentative-de-destabilisation-au-niger-niamey-accuse-paris-davoir-arme-la-main-des-mutins\\\/#mainImage\",\"width\":1080,\"height\":651},\"primaryImageOfPage\":{\"@id\":\"https:\\\/\\\/lasentinelle.dz\\\/index.php\\\/2026\\\/09\\\/05\\\/tentative-de-destabilisation-au-niger-niamey-accuse-paris-davoir-arme-la-main-des-mutins\\\/#mainImage\"},\"datePublished\":\"2026-09-05T21:48:34+01:00\",\"dateModified\":\"2026-09-05T21:48:37+01:00\"},{\"@type\":\"WebSite\",\"@id\":\"https:\\\/\\\/lasentinelle.dz\\\/#website\",\"url\":\"https:\\\/\\\/lasentinelle.dz\\\/\",\"name\":\"La Sentinelle\",\"description\":\"Quotidien national d'information\",\"inLanguage\":\"fr-FR\",\"publisher\":{\"@id\":\"https:\\\/\\\/lasentinelle.dz\\\/#organization\"}}]}\n\t\t<\/script>\n\t\t<!-- All in One SEO -->\n\n","aioseo_head_json":{"title":"Tentative de d\u00e9stabilisation au Niger : Niamey accuse Paris d\u2019avoir arm\u00e9 la main des mutins - La Sentinelle","description":"Le Conseil des ministres nig\u00e9rien affirme d\u00e9tenir des preuves de l'implication du r\u00e9gime fran\u00e7ais de Emmanuel Macron dans la tentative de d\u00e9stabilisation survenue fin ao\u00fbt \u00e0 Niamey, un dossier que les autorit\u00e9s nig\u00e9riennes disent pr\u00eates \u00e0 porter devant la justice internationale. Le gouvernement nig\u00e9rien a formellement accus\u00e9 vendredi la France d'avoir incit\u00e9 et entretenu la","canonical_url":"https:\/\/lasentinelle.dz\/index.php\/2026\/09\/05\/tentative-de-destabilisation-au-niger-niamey-accuse-paris-davoir-arme-la-main-des-mutins\/","robots":"max-image-preview:large","keywords":"","webmasterTools":{"miscellaneous":""},"schema":{"@context":"https:\/\/schema.org","@graph":[{"@type":"BlogPosting","@id":"https:\/\/lasentinelle.dz\/index.php\/2026\/09\/05\/tentative-de-destabilisation-au-niger-niamey-accuse-paris-davoir-arme-la-main-des-mutins\/#blogposting","name":"Tentative de d\u00e9stabilisation au Niger : Niamey accuse Paris d\u2019avoir arm\u00e9 la main des mutins - La Sentinelle","headline":"Tentative de d\u00e9stabilisation au Niger\u00a0: Niamey accuse Paris d&rsquo;avoir arm\u00e9 la main des mutins","author":{"@id":"https:\/\/lasentinelle.dz\/author\/admin\/#author"},"publisher":{"@id":"https:\/\/lasentinelle.dz\/#organization"},"image":{"@type":"ImageObject","url":"https:\/\/lasentinelle.dz\/wp-content\/uploads\/2026\/09\/niger.jpg","width":1080,"height":651},"datePublished":"2026-09-05T21:48:34+01:00","dateModified":"2026-09-05T21:48:37+01:00","inLanguage":"fr-FR","mainEntityOfPage":{"@id":"https:\/\/lasentinelle.dz\/index.php\/2026\/09\/05\/tentative-de-destabilisation-au-niger-niamey-accuse-paris-davoir-arme-la-main-des-mutins\/#webpage"},"isPartOf":{"@id":"https:\/\/lasentinelle.dz\/index.php\/2026\/09\/05\/tentative-de-destabilisation-au-niger-niamey-accuse-paris-davoir-arme-la-main-des-mutins\/#webpage"},"articleSection":"\u00c0 la Une, Monde"},{"@type":"BreadcrumbList","@id":"https:\/\/lasentinelle.dz\/index.php\/2026\/09\/05\/tentative-de-destabilisation-au-niger-niamey-accuse-paris-davoir-arme-la-main-des-mutins\/#breadcrumblist","itemListElement":[{"@type":"ListItem","@id":"https:\/\/lasentinelle.dz#listItem","position":1,"name":"Home","item":"https:\/\/lasentinelle.dz","nextItem":{"@type":"ListItem","@id":"https:\/\/lasentinelle.dz\/index.php\/category\/monde\/#listItem","name":"Monde"}},{"@type":"ListItem","@id":"https:\/\/lasentinelle.dz\/index.php\/category\/monde\/#listItem","position":2,"name":"Monde","item":"https:\/\/lasentinelle.dz\/index.php\/category\/monde\/","nextItem":{"@type":"ListItem","@id":"https:\/\/lasentinelle.dz\/index.php\/2026\/09\/05\/tentative-de-destabilisation-au-niger-niamey-accuse-paris-davoir-arme-la-main-des-mutins\/#listItem","name":"Tentative de d\u00e9stabilisation au Niger\u00a0: Niamey accuse Paris d&rsquo;avoir arm\u00e9 la main des mutins"},"previousItem":{"@type":"ListItem","@id":"https:\/\/lasentinelle.dz#listItem","name":"Home"}},{"@type":"ListItem","@id":"https:\/\/lasentinelle.dz\/index.php\/2026\/09\/05\/tentative-de-destabilisation-au-niger-niamey-accuse-paris-davoir-arme-la-main-des-mutins\/#listItem","position":3,"name":"Tentative de d\u00e9stabilisation au Niger\u00a0: Niamey accuse Paris d&rsquo;avoir arm\u00e9 la main des mutins","previousItem":{"@type":"ListItem","@id":"https:\/\/lasentinelle.dz\/index.php\/category\/monde\/#listItem","name":"Monde"}}]},{"@type":"Organization","@id":"https:\/\/lasentinelle.dz\/#organization","name":"La Sentinelle La Sentinelle","description":"Quotidien national d'information","url":"https:\/\/lasentinelle.dz\/","logo":{"@type":"ImageObject","url":"https:\/\/lasentinelle.dz\/wp-content\/uploads\/2021\/09\/cropped-la-sentinelle-earth-golden-anima-5.gif","@id":"https:\/\/lasentinelle.dz\/index.php\/2026\/09\/05\/tentative-de-destabilisation-au-niger-niamey-accuse-paris-davoir-arme-la-main-des-mutins\/#organizationLogo","width":450,"height":213},"image":{"@id":"https:\/\/lasentinelle.dz\/index.php\/2026\/09\/05\/tentative-de-destabilisation-au-niger-niamey-accuse-paris-davoir-arme-la-main-des-mutins\/#organizationLogo"},"sameAs":["https:\/\/www.facebook.com\/azzedine.lasentinelle.1"]},{"@type":"Person","@id":"https:\/\/lasentinelle.dz\/author\/admin\/#author","url":"https:\/\/lasentinelle.dz\/author\/admin\/","name":"admin","image":{"@type":"ImageObject","@id":"https:\/\/lasentinelle.dz\/index.php\/2026\/09\/05\/tentative-de-destabilisation-au-niger-niamey-accuse-paris-davoir-arme-la-main-des-mutins\/#authorImage","url":"https:\/\/secure.gravatar.com\/avatar\/4c81fed838786e9b53f540bf46533e750f5d292099ae3b66cfc6fb1982e29df7?s=96&d=mm&r=g","width":96,"height":96,"caption":"admin"}},{"@type":"WebPage","@id":"https:\/\/lasentinelle.dz\/index.php\/2026\/09\/05\/tentative-de-destabilisation-au-niger-niamey-accuse-paris-davoir-arme-la-main-des-mutins\/#webpage","url":"https:\/\/lasentinelle.dz\/index.php\/2026\/09\/05\/tentative-de-destabilisation-au-niger-niamey-accuse-paris-davoir-arme-la-main-des-mutins\/","name":"Tentative de d\u00e9stabilisation au Niger : Niamey accuse Paris d\u2019avoir arm\u00e9 la main des mutins - La Sentinelle","description":"Le Conseil des ministres nig\u00e9rien affirme d\u00e9tenir des preuves de l'implication du r\u00e9gime fran\u00e7ais de Emmanuel Macron dans la tentative de d\u00e9stabilisation survenue fin ao\u00fbt \u00e0 Niamey, un dossier que les autorit\u00e9s nig\u00e9riennes disent pr\u00eates \u00e0 porter devant la justice internationale. Le gouvernement nig\u00e9rien a formellement accus\u00e9 vendredi la France d'avoir incit\u00e9 et entretenu la","inLanguage":"fr-FR","isPartOf":{"@id":"https:\/\/lasentinelle.dz\/#website"},"breadcrumb":{"@id":"https:\/\/lasentinelle.dz\/index.php\/2026\/09\/05\/tentative-de-destabilisation-au-niger-niamey-accuse-paris-davoir-arme-la-main-des-mutins\/#breadcrumblist"},"author":{"@id":"https:\/\/lasentinelle.dz\/author\/admin\/#author"},"creator":{"@id":"https:\/\/lasentinelle.dz\/author\/admin\/#author"},"image":{"@type":"ImageObject","url":"https:\/\/lasentinelle.dz\/wp-content\/uploads\/2026\/09\/niger.jpg","@id":"https:\/\/lasentinelle.dz\/index.php\/2026\/09\/05\/tentative-de-destabilisation-au-niger-niamey-accuse-paris-davoir-arme-la-main-des-mutins\/#mainImage","width":1080,"height":651},"primaryImageOfPage":{"@id":"https:\/\/lasentinelle.dz\/index.php\/2026\/09\/05\/tentative-de-destabilisation-au-niger-niamey-accuse-paris-davoir-arme-la-main-des-mutins\/#mainImage"},"datePublished":"2026-09-05T21:48:34+01:00","dateModified":"2026-09-05T21:48:37+01:00"},{"@type":"WebSite","@id":"https:\/\/lasentinelle.dz\/#website","url":"https:\/\/lasentinelle.dz\/","name":"La Sentinelle","description":"Quotidien national d'information","inLanguage":"fr-FR","publisher":{"@id":"https:\/\/lasentinelle.dz\/#organization"}}]},"og:locale":"fr_FR","og:site_name":"La Sentinelle - Quotidien national d'information","og:type":"article","og:title":"Tentative de d\u00e9stabilisation au Niger : Niamey accuse Paris d\u2019avoir arm\u00e9 la main des mutins - La Sentinelle","og:description":"Le Conseil des ministres nig\u00e9rien affirme d\u00e9tenir des preuves de l'implication du r\u00e9gime fran\u00e7ais de Emmanuel Macron dans la tentative de d\u00e9stabilisation survenue fin ao\u00fbt \u00e0 Niamey, un dossier que les autorit\u00e9s nig\u00e9riennes disent pr\u00eates \u00e0 porter devant la justice internationale. Le gouvernement nig\u00e9rien a formellement accus\u00e9 vendredi la France d'avoir incit\u00e9 et entretenu la","og:url":"https:\/\/lasentinelle.dz\/index.php\/2026\/09\/05\/tentative-de-destabilisation-au-niger-niamey-accuse-paris-davoir-arme-la-main-des-mutins\/","og:image":"https:\/\/lasentinelle.dz\/wp-content\/uploads\/2021\/09\/cropped-la-sentinelle-earth-golden-anima-5.gif","og:image:secure_url":"https:\/\/lasentinelle.dz\/wp-content\/uploads\/2021\/09\/cropped-la-sentinelle-earth-golden-anima-5.gif","og:image:width":450,"og:image:height":213,"article:published_time":"2026-09-05T20:48:34+00:00","article:modified_time":"2026-09-05T20:48:37+00:00","article:publisher":"https:\/\/www.facebook.com\/azzedine.lasentinelle.1","twitter:card":"summary_large_image","twitter:title":"Tentative de d\u00e9stabilisation au Niger : Niamey accuse Paris d\u2019avoir arm\u00e9 la main des mutins - La Sentinelle","twitter:description":"Le Conseil des ministres nig\u00e9rien affirme d\u00e9tenir des preuves de l'implication du r\u00e9gime fran\u00e7ais de Emmanuel Macron dans la tentative de d\u00e9stabilisation survenue fin ao\u00fbt \u00e0 Niamey, un dossier que les autorit\u00e9s nig\u00e9riennes disent pr\u00eates \u00e0 porter devant la justice internationale. Le gouvernement nig\u00e9rien a formellement accus\u00e9 vendredi la France d'avoir incit\u00e9 et entretenu la","twitter:image":"https:\/\/lasentinelle.dz\/wp-content\/uploads\/2021\/09\/cropped-la-sentinelle-earth-golden-anima-5.gif"},"aioseo_meta_data":{"post_id":"94990","title":null,"description":null,"keywords":null,"keyphrases":{"focus":{"keyphrase":"","score":0,"analysis":{"keyphraseInTitle":{"score":0,"maxScore":9,"error":1}}},"additional":[]},"primary_term":null,"canonical_url":null,"og_title":null,"og_description":null,"og_object_type":"default","og_image_type":"default","og_image_url":null,"og_image_width":null,"og_image_height":null,"og_image_custom_url":null,"og_image_custom_fields":null,"og_video":"","og_custom_url":null,"og_article_section":null,"og_article_tags":null,"twitter_use_og":false,"twitter_card":"default","twitter_image_type":"default","twitter_image_url":null,"twitter_image_custom_url":null,"twitter_image_custom_fields":null,"twitter_title":null,"twitter_description":null,"schema":{"blockGraphs":[],"customGraphs":[],"default":{"data":{"Article":[],"Course":[],"Dataset":[],"FAQPage":[],"Movie":[],"Person":[],"Product":[],"ProductReview":[],"Car":[],"Recipe":[],"Service":[],"SoftwareApplication":[],"WebPage":[]},"graphName":"BlogPosting","isEnabled":true},"graphs":[]},"schema_type":"default","schema_type_options":null,"pillar_content":false,"robots_default":true,"robots_noindex":false,"robots_noarchive":false,"robots_nosnippet":false,"robots_nofollow":false,"robots_noimageindex":false,"robots_noodp":false,"robots_notranslate":false,"robots_max_snippet":"-1","robots_max_videopreview":"-1","robots_max_imagepreview":"large","priority":null,"frequency":"default","local_seo":null,"breadcrumb_settings":null,"limit_modified_date":false,"ai":{"faqs":[],"keyPoints":[],"schemas":[],"titles":[],"descriptions":[],"socialPosts":{"email":{"subject":"","preview":"","content":""},"linkedin":[],"twitter":[],"facebook":[],"instagram":[]}},"created":"2026-09-05 20:48:38","updated":"2026-09-05 22:00:25","focus_keyword":null,"additional_keywords":null,"truseo_locale":null,"seo_analyzer_scan_date":null},"aioseo_breadcrumb":"<div class=\"aioseo-breadcrumbs\"><span class=\"aioseo-breadcrumb\">\n\t\t\t<a href=\"https:\/\/lasentinelle.dz\" title=\"Home\">Home<\/a>\n\t\t<\/span><span class=\"aioseo-breadcrumb-separator\">&raquo;<\/span><span class=\"aioseo-breadcrumb\">\n\t\t\t<a href=\"https:\/\/lasentinelle.dz\/index.php\/category\/monde\/\" title=\"Monde\">Monde<\/a>\n\t\t<\/span><span class=\"aioseo-breadcrumb-separator\">&raquo;<\/span><span class=\"aioseo-breadcrumb\">\n\t\t\tTentative de d\u00e9stabilisation au Niger : Niamey accuse Paris d\u2019avoir arm\u00e9 la main des mutins\n\t\t<\/span><\/div>","aioseo_breadcrumb_json":[{"label":"Home","link":"https:\/\/lasentinelle.dz"},{"label":"Monde","link":"https:\/\/lasentinelle.dz\/index.php\/category\/monde\/"},{"label":"Tentative de d\u00e9stabilisation au Niger\u00a0: Niamey accuse Paris d&rsquo;avoir arm\u00e9 la main des mutins","link":"https:\/\/lasentinelle.dz\/index.php\/2026\/09\/05\/tentative-de-destabilisation-au-niger-niamey-accuse-paris-davoir-arme-la-main-des-mutins\/"}],"yoast_head":"<!-- This site is optimized with the Yoast SEO plugin v28.4 - https:\/\/yoast.com\/product\/yoast-seo-wordpress\/ -->\n<title>Tentative de d\u00e9stabilisation au Niger\u00a0: Niamey accuse Paris d&rsquo;avoir arm\u00e9 la main des mutins - La Sentinelle<\/title>\n<meta name=\"robots\" content=\"index, follow, max-snippet:-1, max-image-preview:large, max-video-preview:-1\" \/>\n<link rel=\"canonical\" href=\"https:\/\/lasentinelle.dz\/index.php\/2026\/09\/05\/tentative-de-destabilisation-au-niger-niamey-accuse-paris-davoir-arme-la-main-des-mutins\/\" \/>\n<meta property=\"og:locale\" content=\"fr_FR\" \/>\n<meta property=\"og:type\" content=\"article\" \/>\n<meta property=\"og:title\" content=\"Tentative de d\u00e9stabilisation au Niger\u00a0: Niamey accuse Paris d&rsquo;avoir arm\u00e9 la main des mutins - La Sentinelle\" \/>\n<meta property=\"og:description\" content=\"Le Conseil des ministres nig\u00e9rien affirme d\u00e9tenir des preuves de l&rsquo;implication du r\u00e9gime fran\u00e7ais de Emmanuel Macron dans la tentative\" \/>\n<meta property=\"og:url\" content=\"https:\/\/lasentinelle.dz\/index.php\/2026\/09\/05\/tentative-de-destabilisation-au-niger-niamey-accuse-paris-davoir-arme-la-main-des-mutins\/\" \/>\n<meta property=\"og:site_name\" content=\"La Sentinelle\" \/>\n<meta property=\"article:publisher\" content=\"https:\/\/www.facebook.com\/La-Sentinelle-104059864394773\" \/>\n<meta property=\"article:published_time\" content=\"2026-09-05T20:48:34+00:00\" \/>\n<meta property=\"article:modified_time\" content=\"2026-09-05T20:48:37+00:00\" \/>\n<meta property=\"og:image\" content=\"https:\/\/lasentinelle.dz\/wp-content\/uploads\/2026\/09\/niger.jpg\" \/>\n\t<meta property=\"og:image:width\" content=\"1080\" \/>\n\t<meta property=\"og:image:height\" content=\"651\" \/>\n\t<meta property=\"og:image:type\" content=\"image\/jpeg\" \/>\n<meta name=\"author\" content=\"admin\" \/>\n<meta name=\"twitter:card\" content=\"summary_large_image\" \/>\n<meta name=\"twitter:label1\" content=\"\u00c9crit par\" \/>\n\t<meta name=\"twitter:data1\" content=\"admin\" \/>\n\t<meta name=\"twitter:label2\" content=\"Dur\u00e9e de lecture estim\u00e9e\" \/>\n\t<meta name=\"twitter:data2\" content=\"4 minutes\" \/>\n<script type=\"application\/ld+json\" class=\"yoast-schema-graph\">{\"@context\":\"https:\\\/\\\/schema.org\",\"@graph\":[{\"@type\":\"Article\",\"@id\":\"https:\\\/\\\/lasentinelle.dz\\\/index.php\\\/2026\\\/09\\\/05\\\/tentative-de-destabilisation-au-niger-niamey-accuse-paris-davoir-arme-la-main-des-mutins\\\/#article\",\"isPartOf\":{\"@id\":\"https:\\\/\\\/lasentinelle.dz\\\/index.php\\\/2026\\\/09\\\/05\\\/tentative-de-destabilisation-au-niger-niamey-accuse-paris-davoir-arme-la-main-des-mutins\\\/\"},\"author\":{\"name\":\"admin\",\"@id\":\"https:\\\/\\\/lasentinelle.dz\\\/#\\\/schema\\\/person\\\/729ee0024f24e0b8c5ec17232f8e8b41\"},\"headline\":\"Tentative de d\u00e9stabilisation au Niger\u00a0: Niamey accuse Paris d&rsquo;avoir arm\u00e9 la main des mutins\",\"datePublished\":\"2026-09-05T20:48:34+00:00\",\"dateModified\":\"2026-09-05T20:48:37+00:00\",\"mainEntityOfPage\":{\"@id\":\"https:\\\/\\\/lasentinelle.dz\\\/index.php\\\/2026\\\/09\\\/05\\\/tentative-de-destabilisation-au-niger-niamey-accuse-paris-davoir-arme-la-main-des-mutins\\\/\"},\"wordCount\":845,\"commentCount\":0,\"publisher\":{\"@id\":\"https:\\\/\\\/lasentinelle.dz\\\/#organization\"},\"image\":{\"@id\":\"https:\\\/\\\/lasentinelle.dz\\\/index.php\\\/2026\\\/09\\\/05\\\/tentative-de-destabilisation-au-niger-niamey-accuse-paris-davoir-arme-la-main-des-mutins\\\/#primaryimage\"},\"thumbnailUrl\":\"https:\\\/\\\/lasentinelle.dz\\\/wp-content\\\/uploads\\\/2026\\\/09\\\/niger.jpg\",\"articleSection\":[\"\u00c0 la Une\",\"Monde\"],\"inLanguage\":\"fr-FR\",\"potentialAction\":[{\"@type\":\"CommentAction\",\"name\":\"Comment\",\"target\":[\"https:\\\/\\\/lasentinelle.dz\\\/index.php\\\/2026\\\/09\\\/05\\\/tentative-de-destabilisation-au-niger-niamey-accuse-paris-davoir-arme-la-main-des-mutins\\\/#respond\"]}]},{\"@type\":\"WebPage\",\"@id\":\"https:\\\/\\\/lasentinelle.dz\\\/index.php\\\/2026\\\/09\\\/05\\\/tentative-de-destabilisation-au-niger-niamey-accuse-paris-davoir-arme-la-main-des-mutins\\\/\",\"url\":\"https:\\\/\\\/lasentinelle.dz\\\/index.php\\\/2026\\\/09\\\/05\\\/tentative-de-destabilisation-au-niger-niamey-accuse-paris-davoir-arme-la-main-des-mutins\\\/\",\"name\":\"Tentative de d\u00e9stabilisation au Niger\u00a0: Niamey accuse Paris d&rsquo;avoir arm\u00e9 la main des mutins - La Sentinelle\",\"isPartOf\":{\"@id\":\"https:\\\/\\\/lasentinelle.dz\\\/#website\"},\"primaryImageOfPage\":{\"@id\":\"https:\\\/\\\/lasentinelle.dz\\\/index.php\\\/2026\\\/09\\\/05\\\/tentative-de-destabilisation-au-niger-niamey-accuse-paris-davoir-arme-la-main-des-mutins\\\/#primaryimage\"},\"image\":{\"@id\":\"https:\\\/\\\/lasentinelle.dz\\\/index.php\\\/2026\\\/09\\\/05\\\/tentative-de-destabilisation-au-niger-niamey-accuse-paris-davoir-arme-la-main-des-mutins\\\/#primaryimage\"},\"thumbnailUrl\":\"https:\\\/\\\/lasentinelle.dz\\\/wp-content\\\/uploads\\\/2026\\\/09\\\/niger.jpg\",\"datePublished\":\"2026-09-05T20:48:34+00:00\",\"dateModified\":\"2026-09-05T20:48:37+00:00\",\"breadcrumb\":{\"@id\":\"https:\\\/\\\/lasentinelle.dz\\\/index.php\\\/2026\\\/09\\\/05\\\/tentative-de-destabilisation-au-niger-niamey-accuse-paris-davoir-arme-la-main-des-mutins\\\/#breadcrumb\"},\"inLanguage\":\"fr-FR\",\"potentialAction\":[{\"@type\":\"ReadAction\",\"target\":[\"https:\\\/\\\/lasentinelle.dz\\\/index.php\\\/2026\\\/09\\\/05\\\/tentative-de-destabilisation-au-niger-niamey-accuse-paris-davoir-arme-la-main-des-mutins\\\/\"]}]},{\"@type\":\"ImageObject\",\"inLanguage\":\"fr-FR\",\"@id\":\"https:\\\/\\\/lasentinelle.dz\\\/index.php\\\/2026\\\/09\\\/05\\\/tentative-de-destabilisation-au-niger-niamey-accuse-paris-davoir-arme-la-main-des-mutins\\\/#primaryimage\",\"url\":\"https:\\\/\\\/lasentinelle.dz\\\/wp-content\\\/uploads\\\/2026\\\/09\\\/niger.jpg\",\"contentUrl\":\"https:\\\/\\\/lasentinelle.dz\\\/wp-content\\\/uploads\\\/2026\\\/09\\\/niger.jpg\",\"width\":1080,\"height\":651},{\"@type\":\"BreadcrumbList\",\"@id\":\"https:\\\/\\\/lasentinelle.dz\\\/index.php\\\/2026\\\/09\\\/05\\\/tentative-de-destabilisation-au-niger-niamey-accuse-paris-davoir-arme-la-main-des-mutins\\\/#breadcrumb\",\"itemListElement\":[{\"@type\":\"ListItem\",\"position\":1,\"name\":\"Accueil\",\"item\":\"https:\\\/\\\/lasentinelle.dz\\\/\"},{\"@type\":\"ListItem\",\"position\":2,\"name\":\"Tentative de d\u00e9stabilisation au Niger\u00a0: Niamey accuse Paris d&rsquo;avoir arm\u00e9 la main des mutins\"}]},{\"@type\":\"WebSite\",\"@id\":\"https:\\\/\\\/lasentinelle.dz\\\/#website\",\"url\":\"https:\\\/\\\/lasentinelle.dz\\\/\",\"name\":\"La Sentinelle\",\"description\":\"Quotidien national d&#039;information\",\"publisher\":{\"@id\":\"https:\\\/\\\/lasentinelle.dz\\\/#organization\"},\"potentialAction\":[{\"@type\":\"SearchAction\",\"target\":{\"@type\":\"EntryPoint\",\"urlTemplate\":\"https:\\\/\\\/lasentinelle.dz\\\/?s={search_term_string}\"},\"query-input\":{\"@type\":\"PropertyValueSpecification\",\"valueRequired\":true,\"valueName\":\"search_term_string\"}}],\"inLanguage\":\"fr-FR\"},{\"@type\":\"Organization\",\"@id\":\"https:\\\/\\\/lasentinelle.dz\\\/#organization\",\"name\":\"Quotidien La Sentinelle\",\"url\":\"https:\\\/\\\/lasentinelle.dz\\\/\",\"logo\":{\"@type\":\"ImageObject\",\"inLanguage\":\"fr-FR\",\"@id\":\"https:\\\/\\\/lasentinelle.dz\\\/#\\\/schema\\\/logo\\\/image\\\/\",\"url\":\"https:\\\/\\\/lasentinelle.dz\\\/wp-content\\\/uploads\\\/2021\\\/09\\\/logo-sentinelleSLOGAN-1.png\",\"contentUrl\":\"https:\\\/\\\/lasentinelle.dz\\\/wp-content\\\/uploads\\\/2021\\\/09\\\/logo-sentinelleSLOGAN-1.png\",\"width\":615,\"height\":142,\"caption\":\"Quotidien La Sentinelle\"},\"image\":{\"@id\":\"https:\\\/\\\/lasentinelle.dz\\\/#\\\/schema\\\/logo\\\/image\\\/\"},\"sameAs\":[\"https:\\\/\\\/www.facebook.com\\\/La-Sentinelle-104059864394773\"]},{\"@type\":\"Person\",\"@id\":\"https:\\\/\\\/lasentinelle.dz\\\/#\\\/schema\\\/person\\\/729ee0024f24e0b8c5ec17232f8e8b41\",\"name\":\"admin\",\"image\":{\"@type\":\"ImageObject\",\"inLanguage\":\"fr-FR\",\"@id\":\"https:\\\/\\\/secure.gravatar.com\\\/avatar\\\/4c81fed838786e9b53f540bf46533e750f5d292099ae3b66cfc6fb1982e29df7?s=96&d=mm&r=g\",\"url\":\"https:\\\/\\\/secure.gravatar.com\\\/avatar\\\/4c81fed838786e9b53f540bf46533e750f5d292099ae3b66cfc6fb1982e29df7?s=96&d=mm&r=g\",\"contentUrl\":\"https:\\\/\\\/secure.gravatar.com\\\/avatar\\\/4c81fed838786e9b53f540bf46533e750f5d292099ae3b66cfc6fb1982e29df7?s=96&d=mm&r=g\",\"caption\":\"admin\"},\"description\":\"admin\",\"url\":\"https:\\\/\\\/lasentinelle.dz\\\/author\\\/admin\\\/\"}]}<\/script>\n<!-- \/ Yoast SEO plugin. -->","yoast_head_json":{"title":"Tentative de d\u00e9stabilisation au Niger\u00a0: Niamey accuse Paris d&rsquo;avoir arm\u00e9 la main des mutins - La Sentinelle","robots":{"index":"index","follow":"follow","max-snippet":"max-snippet:-1","max-image-preview":"max-image-preview:large","max-video-preview":"max-video-preview:-1"},"canonical":"https:\/\/lasentinelle.dz\/index.php\/2026\/09\/05\/tentative-de-destabilisation-au-niger-niamey-accuse-paris-davoir-arme-la-main-des-mutins\/","og_locale":"fr_FR","og_type":"article","og_title":"Tentative de d\u00e9stabilisation au Niger\u00a0: Niamey accuse Paris d&rsquo;avoir arm\u00e9 la main des mutins - La Sentinelle","og_description":"Le Conseil des ministres nig\u00e9rien affirme d\u00e9tenir des preuves de l&rsquo;implication du r\u00e9gime fran\u00e7ais de Emmanuel Macron dans la tentative","og_url":"https:\/\/lasentinelle.dz\/index.php\/2026\/09\/05\/tentative-de-destabilisation-au-niger-niamey-accuse-paris-davoir-arme-la-main-des-mutins\/","og_site_name":"La Sentinelle","article_publisher":"https:\/\/www.facebook.com\/La-Sentinelle-104059864394773","article_published_time":"2026-09-05T20:48:34+00:00","article_modified_time":"2026-09-05T20:48:37+00:00","og_image":[{"width":1080,"height":651,"url":"https:\/\/lasentinelle.dz\/wp-content\/uploads\/2026\/09\/niger.jpg","type":"image\/jpeg"}],"author":"admin","twitter_card":"summary_large_image","twitter_misc":{"\u00c9crit par":"admin","Dur\u00e9e de lecture estim\u00e9e":"4 minutes"},"schema":{"@context":"https:\/\/schema.org","@graph":[{"@type":"Article","@id":"https:\/\/lasentinelle.dz\/index.php\/2026\/09\/05\/tentative-de-destabilisation-au-niger-niamey-accuse-paris-davoir-arme-la-main-des-mutins\/#article","isPartOf":{"@id":"https:\/\/lasentinelle.dz\/index.php\/2026\/09\/05\/tentative-de-destabilisation-au-niger-niamey-accuse-paris-davoir-arme-la-main-des-mutins\/"},"author":{"name":"admin","@id":"https:\/\/lasentinelle.dz\/#\/schema\/person\/729ee0024f24e0b8c5ec17232f8e8b41"},"headline":"Tentative de d\u00e9stabilisation au Niger\u00a0: Niamey accuse Paris d&rsquo;avoir arm\u00e9 la main des mutins","datePublished":"2026-09-05T20:48:34+00:00","dateModified":"2026-09-05T20:48:37+00:00","mainEntityOfPage":{"@id":"https:\/\/lasentinelle.dz\/index.php\/2026\/09\/05\/tentative-de-destabilisation-au-niger-niamey-accuse-paris-davoir-arme-la-main-des-mutins\/"},"wordCount":845,"commentCount":0,"publisher":{"@id":"https:\/\/lasentinelle.dz\/#organization"},"image":{"@id":"https:\/\/lasentinelle.dz\/index.php\/2026\/09\/05\/tentative-de-destabilisation-au-niger-niamey-accuse-paris-davoir-arme-la-main-des-mutins\/#primaryimage"},"thumbnailUrl":"https:\/\/lasentinelle.dz\/wp-content\/uploads\/2026\/09\/niger.jpg","articleSection":["\u00c0 la Une","Monde"],"inLanguage":"fr-FR","potentialAction":[{"@type":"CommentAction","name":"Comment","target":["https:\/\/lasentinelle.dz\/index.php\/2026\/09\/05\/tentative-de-destabilisation-au-niger-niamey-accuse-paris-davoir-arme-la-main-des-mutins\/#respond"]}]},{"@type":"WebPage","@id":"https:\/\/lasentinelle.dz\/index.php\/2026\/09\/05\/tentative-de-destabilisation-au-niger-niamey-accuse-paris-davoir-arme-la-main-des-mutins\/","url":"https:\/\/lasentinelle.dz\/index.php\/2026\/09\/05\/tentative-de-destabilisation-au-niger-niamey-accuse-paris-davoir-arme-la-main-des-mutins\/","name":"Tentative de d\u00e9stabilisation au Niger\u00a0: Niamey accuse Paris d&rsquo;avoir arm\u00e9 la main des mutins - La Sentinelle","isPartOf":{"@id":"https:\/\/lasentinelle.dz\/#website"},"primaryImageOfPage":{"@id":"https:\/\/lasentinelle.dz\/index.php\/2026\/09\/05\/tentative-de-destabilisation-au-niger-niamey-accuse-paris-davoir-arme-la-main-des-mutins\/#primaryimage"},"image":{"@id":"https:\/\/lasentinelle.dz\/index.php\/2026\/09\/05\/tentative-de-destabilisation-au-niger-niamey-accuse-paris-davoir-arme-la-main-des-mutins\/#primaryimage"},"thumbnailUrl":"https:\/\/lasentinelle.dz\/wp-content\/uploads\/2026\/09\/niger.jpg","datePublished":"2026-09-05T20:48:34+00:00","dateModified":"2026-09-05T20:48:37+00:00","breadcrumb":{"@id":"https:\/\/lasentinelle.dz\/index.php\/2026\/09\/05\/tentative-de-destabilisation-au-niger-niamey-accuse-paris-davoir-arme-la-main-des-mutins\/#breadcrumb"},"inLanguage":"fr-FR","potentialAction":[{"@type":"ReadAction","target":["https:\/\/lasentinelle.dz\/index.php\/2026\/09\/05\/tentative-de-destabilisation-au-niger-niamey-accuse-paris-davoir-arme-la-main-des-mutins\/"]}]},{"@type":"ImageObject","inLanguage":"fr-FR","@id":"https:\/\/lasentinelle.dz\/index.php\/2026\/09\/05\/tentative-de-destabilisation-au-niger-niamey-accuse-paris-davoir-arme-la-main-des-mutins\/#primaryimage","url":"https:\/\/lasentinelle.dz\/wp-content\/uploads\/2026\/09\/niger.jpg","contentUrl":"https:\/\/lasentinelle.dz\/wp-content\/uploads\/2026\/09\/niger.jpg","width":1080,"height":651},{"@type":"BreadcrumbList","@id":"https:\/\/lasentinelle.dz\/index.php\/2026\/09\/05\/tentative-de-destabilisation-au-niger-niamey-accuse-paris-davoir-arme-la-main-des-mutins\/#breadcrumb","itemListElement":[{"@type":"ListItem","position":1,"name":"Accueil","item":"https:\/\/lasentinelle.dz\/"},{"@type":"ListItem","position":2,"name":"Tentative de d\u00e9stabilisation au Niger\u00a0: Niamey accuse Paris d&rsquo;avoir arm\u00e9 la main des mutins"}]},{"@type":"WebSite","@id":"https:\/\/lasentinelle.dz\/#website","url":"https:\/\/lasentinelle.dz\/","name":"La Sentinelle","description":"Quotidien national d&#039;information","publisher":{"@id":"https:\/\/lasentinelle.dz\/#organization"},"potentialAction":[{"@type":"SearchAction","target":{"@type":"EntryPoint","urlTemplate":"https:\/\/lasentinelle.dz\/?s={search_term_string}"},"query-input":{"@type":"PropertyValueSpecification","valueRequired":true,"valueName":"search_term_string"}}],"inLanguage":"fr-FR"},{"@type":"Organization","@id":"https:\/\/lasentinelle.dz\/#organization","name":"Quotidien La Sentinelle","url":"https:\/\/lasentinelle.dz\/","logo":{"@type":"ImageObject","inLanguage":"fr-FR","@id":"https:\/\/lasentinelle.dz\/#\/schema\/logo\/image\/","url":"https:\/\/lasentinelle.dz\/wp-content\/uploads\/2021\/09\/logo-sentinelleSLOGAN-1.png","contentUrl":"https:\/\/lasentinelle.dz\/wp-content\/uploads\/2021\/09\/logo-sentinelleSLOGAN-1.png","width":615,"height":142,"caption":"Quotidien La Sentinelle"},"image":{"@id":"https:\/\/lasentinelle.dz\/#\/schema\/logo\/image\/"},"sameAs":["https:\/\/www.facebook.com\/La-Sentinelle-104059864394773"]},{"@type":"Person","@id":"https:\/\/lasentinelle.dz\/#\/schema\/person\/729ee0024f24e0b8c5ec17232f8e8b41","name":"admin","image":{"@type":"ImageObject","inLanguage":"fr-FR","@id":"https:\/\/secure.gravatar.com\/avatar\/4c81fed838786e9b53f540bf46533e750f5d292099ae3b66cfc6fb1982e29df7?s=96&d=mm&r=g","url":"https:\/\/secure.gravatar.com\/avatar\/4c81fed838786e9b53f540bf46533e750f5d292099ae3b66cfc6fb1982e29df7?s=96&d=mm&r=g","contentUrl":"https:\/\/secure.gravatar.com\/avatar\/4c81fed838786e9b53f540bf46533e750f5d292099ae3b66cfc6fb1982e29df7?s=96&d=mm&r=g","caption":"admin"},"description":"admin","url":"https:\/\/lasentinelle.dz\/author\/admin\/"}]}},"_links":{"self":[{"href":"https:\/\/lasentinelle.dz\/index.php\/wp-json\/wp\/v2\/posts\/94990","targetHints":{"allow":["GET"]}}],"collection":[{"href":"https:\/\/lasentinelle.dz\/index.php\/wp-json\/wp\/v2\/posts"}],"about":[{"href":"https:\/\/lasentinelle.dz\/index.php\/wp-json\/wp\/v2\/types\/post"}],"author":[{"embeddable":true,"href":"https:\/\/lasentinelle.dz\/index.php\/wp-json\/wp\/v2\/users\/6"}],"replies":[{"embeddable":true,"href":"https:\/\/lasentinelle.dz\/index.php\/wp-json\/wp\/v2\/comments?post=94990"}],"version-history":[{"count":2,"href":"https:\/\/lasentinelle.dz\/index.php\/wp-json\/wp\/v2\/posts\/94990\/revisions"}],"predecessor-version":[{"id":94993,"href":"https:\/\/lasentinelle.dz\/index.php\/wp-json\/wp\/v2\/posts\/94990\/revisions\/94993"}],"wp:featuredmedia":[{"embeddable":true,"href":"https:\/\/lasentinelle.dz\/index.php\/wp-json\/wp\/v2\/media\/94991"}],"wp:attachment":[{"href":"https:\/\/lasentinelle.dz\/index.php\/wp-json\/wp\/v2\/media?parent=94990"}],"wp:term":[{"taxonomy":"category","embeddable":true,"href":"https:\/\/lasentinelle.dz\/index.php\/wp-json\/wp\/v2\/categories?post=94990"},{"taxonomy":"post_tag","embeddable":true,"href":"https:\/\/lasentinelle.dz\/index.php\/wp-json\/wp\/v2\/tags?post=94990"}],"curies":[{"name":"wp","href":"https:\/\/api.w.org\/{rel}","templated":true}]}}