{"id":94994,"date":"2026-09-05T21:49:35","date_gmt":"2026-09-05T20:49:35","guid":{"rendered":"https:\/\/lasentinelle.dz\/?p=94994"},"modified":"2026-09-05T21:49:39","modified_gmt":"2026-09-05T20:49:39","slug":"dar-abdellatif-cloture-dune-formation-inedite-sur-les-marches-internationaux-de-lart","status":"publish","type":"post","link":"https:\/\/lasentinelle.dz\/index.php\/2026\/09\/05\/dar-abdellatif-cloture-dune-formation-inedite-sur-les-marches-internationaux-de-lart\/","title":{"rendered":"Dar Abdellatif\u00a0: Cl\u00f4ture d&rsquo;une formation in\u00e9dite sur les march\u00e9s internationaux de l&rsquo;art"},"content":{"rendered":"\n<p class=\"wp-block-paragraph\">L&rsquo;Agence alg\u00e9rienne pour le rayonnement culturel (AARC) a cl\u00f4tur\u00e9, jeudi \u00e0 Dar Abdellatif une session de formation de cinq jours consacr\u00e9e aux march\u00e9s internationaux des arts, organis\u00e9e du 31 ao\u00fbt au 4 septembre en partenariat avec le programme ACERCA, dans l&rsquo;objectif de doter les artistes et professionnels culturels alg\u00e9riens des outils n\u00e9cessaires \u00e0 la valorisation de leurs projets \u00e0 l&rsquo;international.<\/p>\n\n\n\n<p class=\"wp-block-paragraph\">Dans son communiqu\u00e9, l&rsquo;agence \u00e9voque \u00ab 5 jours d&rsquo;\u00e9changes intenses, d&rsquo;apprentissage et de partage \u00bb et affirme que la session \u00ab s&rsquo;est couronn\u00e9e de succ\u00e8s \u00bb. Le programme a couvert quatre volets structurants \u00e0 savoir la pr\u00e9sentation de projets, \u00e0 travers la ma\u00eetrise de l&rsquo;art du pitch et la mise en valeur de l&rsquo;\u0153uvre artistique ; le d\u00e9veloppement de r\u00e9seaux professionnels ; la compr\u00e9hension des m\u00e9canismes des march\u00e9s culturels internationaux, afin d&rsquo;\u00ab en tirer le meilleur parti \u00bb ; et l&rsquo;identification d&rsquo;opportunit\u00e9s de partenariats \u00e0 travers le monde.<\/p>\n\n\n\n<p class=\"wp-block-paragraph\">L&rsquo;atelier, intitul\u00e9 \u00ab Atelier sur les march\u00e9s internationaux de l&rsquo;art et comment y participer \u00bb, \u00e9tait encadr\u00e9 par le formateur Alejandro de los Santos et limit\u00e9 \u00e0 quinze participants au maximum. L&rsquo;AARC a salu\u00e9 la participation d&rsquo;institutions sous tutelle du minist\u00e8re de la Culture et des Arts et de professionnels du secteur priv\u00e9, citant notamment le Th\u00e9\u00e2tre national alg\u00e9rien (TNA), l&rsquo;Office national pour la culture et l&rsquo;information (ONCI) et l&rsquo;Op\u00e9ra d&rsquo;Alger Boualem-Bessaih, tout en remerciant particuli\u00e8rement le programme ACERCA pour \u00ab son pr\u00e9cieux soutien et son accompagnement continu \u00bb.<\/p>\n\n\n\n<p class=\"wp-block-paragraph\">L&rsquo;enjeu d\u00e9passe le seul cadre p\u00e9dagogique. Il s&rsquo;agit de professionnaliser l&rsquo;acc\u00e8s des artistes alg\u00e9riens aux circuits internationaux comme les foires, salons, r\u00e9seaux de diffusion, &nbsp;dans un secteur o\u00f9 la ma\u00eetrise des codes de pr\u00e9sentation et de n\u00e9gociation conditionne souvent l&rsquo;acc\u00e8s au financement et \u00e0 la visibilit\u00e9.<\/p>\n\n\n\n<p class=\"wp-block-paragraph\">Pour rappel, l&rsquo;AARC, cr\u00e9\u00e9e en 2005 et dot\u00e9e depuis 2008 du statut d&rsquo;\u00e9tablissement public \u00e0 caract\u00e8re industriel et commercial, a pour double mission de promouvoir la culture alg\u00e9rienne \u00e0 l&rsquo;\u00e9tranger et d&rsquo;accueillir les expressions \u00e9trang\u00e8res en Alg\u00e9rie. Son si\u00e8ge, la Villa Abdellatif, avait fait l&rsquo;objet en mai 2025 d&rsquo;une visite du ministre de la Culture et des Arts, , qui avait alors donn\u00e9 des directives visant \u00e0 renforcer la pr\u00e9sence de la culture alg\u00e9rienne aux niveaux national et international, dans la perspective de faire de ce site un espace permanent d&rsquo;accueil de manifestations culturelles.<\/p>\n\n\n\n<p class=\"wp-block-paragraph\">M.S.<\/p>\n","protected":false},"excerpt":{"rendered":"<p>L&rsquo;Agence alg\u00e9rienne pour le rayonnement culturel (AARC) a cl\u00f4tur\u00e9, jeudi \u00e0 Dar Abdellatif une session de formation de cinq jours<\/p>\n","protected":false},"author":6,"featured_media":67745,"comment_status":"open","ping_status":"closed","sticky":false,"template":"","format":"standard","meta":{"colormag_page_container_layout":"default_layout","colormag_page_sidebar_layout":"default_layout","om_disable_all_campaigns":false,"_monsterinsights_skip_tracking":false,"footnotes":"","_wpscppro_dont_share_socialmedia":false,"_wpscppro_custom_social_share_image":0,"_facebook_share_type":"default","_twitter_share_type":"default","_linkedin_share_type":"default","_pinterest_share_type":"default","_linkedin_share_type_page":"","_instagram_share_type":"default","_medium_share_type":"default","_threads_share_type":"default","_google_business_share_type":"default","_bluesky_share_type":"default","_mastodon_share_type":"default","_selected_social_profile":[],"_wpsp_enable_custom_social_template":false,"_wpsp_social_scheduling":{"enabled":false,"datetime":null,"platforms":[],"status":"template_only","dateOption":"today","timeOption":"now","customDays":"","customHours":"","customDate":"","customTime":"","schedulingType":"absolute"},"_wpsp_active_default_template":true},"categories":[36],"tags":[],"class_list":["post-94994","post","type-post","status-publish","format-standard","has-post-thumbnail","hentry","category-culture"],"aioseo_notices":[],"aioseo_head":"\n\t\t<!-- All in One SEO 5.0.0.1 - aioseo.com -->\n\t<meta name=\"description\" content=\"L&#039;Agence alg\u00e9rienne pour le rayonnement culturel (AARC) a cl\u00f4tur\u00e9, jeudi \u00e0 Dar Abdellatif une session de formation de cinq jours consacr\u00e9e aux march\u00e9s internationaux des arts, organis\u00e9e du 31 ao\u00fbt au 4 septembre en partenariat avec le programme ACERCA, dans l&#039;objectif de doter les artistes et professionnels culturels alg\u00e9riens des outils n\u00e9cessaires \u00e0 la valorisation\" \/>\n\t<meta name=\"robots\" content=\"max-image-preview:large\" \/>\n\t<meta name=\"author\" content=\"admin\"\/>\n\t<link rel=\"canonical\" href=\"https:\/\/lasentinelle.dz\/index.php\/2026\/09\/05\/dar-abdellatif-cloture-dune-formation-inedite-sur-les-marches-internationaux-de-lart\/\" \/>\n\t<meta name=\"generator\" content=\"All in One SEO (AIOSEO) 5.0.0.1\" \/>\n\t\t<meta property=\"og:locale\" content=\"fr_FR\" \/>\n\t\t<meta property=\"og:site_name\" content=\"La Sentinelle - Quotidien national d&#039;information\" \/>\n\t\t<meta property=\"og:type\" content=\"article\" \/>\n\t\t<meta property=\"og:title\" content=\"Dar Abdellatif : Cl\u00f4ture d\u2019une formation in\u00e9dite sur les march\u00e9s internationaux de l\u2019art - La Sentinelle\" \/>\n\t\t<meta property=\"og:description\" content=\"L&#039;Agence alg\u00e9rienne pour le rayonnement culturel (AARC) a cl\u00f4tur\u00e9, jeudi \u00e0 Dar Abdellatif une session de formation de cinq jours consacr\u00e9e aux march\u00e9s internationaux des arts, organis\u00e9e du 31 ao\u00fbt au 4 septembre en partenariat avec le programme ACERCA, dans l&#039;objectif de doter les artistes et professionnels culturels alg\u00e9riens des outils n\u00e9cessaires \u00e0 la valorisation\" \/>\n\t\t<meta property=\"og:url\" content=\"https:\/\/lasentinelle.dz\/index.php\/2026\/09\/05\/dar-abdellatif-cloture-dune-formation-inedite-sur-les-marches-internationaux-de-lart\/\" \/>\n\t\t<meta property=\"og:image\" content=\"https:\/\/lasentinelle.dz\/wp-content\/uploads\/2021\/09\/cropped-la-sentinelle-earth-golden-anima-5.gif\" \/>\n\t\t<meta property=\"og:image:secure_url\" content=\"https:\/\/lasentinelle.dz\/wp-content\/uploads\/2021\/09\/cropped-la-sentinelle-earth-golden-anima-5.gif\" \/>\n\t\t<meta property=\"og:image:width\" content=\"450\" \/>\n\t\t<meta property=\"og:image:height\" content=\"213\" \/>\n\t\t<meta property=\"article:published_time\" content=\"2026-09-05T20:49:35+00:00\" \/>\n\t\t<meta property=\"article:modified_time\" content=\"2026-09-05T20:49:39+00:00\" \/>\n\t\t<meta property=\"article:publisher\" content=\"https:\/\/www.facebook.com\/azzedine.lasentinelle.1\" \/>\n\t\t<meta name=\"twitter:card\" content=\"summary_large_image\" \/>\n\t\t<meta name=\"twitter:title\" content=\"Dar Abdellatif : Cl\u00f4ture d\u2019une formation in\u00e9dite sur les march\u00e9s internationaux de l\u2019art - La Sentinelle\" \/>\n\t\t<meta name=\"twitter:description\" content=\"L&#039;Agence alg\u00e9rienne pour le rayonnement culturel (AARC) a cl\u00f4tur\u00e9, jeudi \u00e0 Dar Abdellatif une session de formation de cinq jours consacr\u00e9e aux march\u00e9s internationaux des arts, organis\u00e9e du 31 ao\u00fbt au 4 septembre en partenariat avec le programme ACERCA, dans l&#039;objectif de doter les artistes et professionnels culturels alg\u00e9riens des outils n\u00e9cessaires \u00e0 la valorisation\" \/>\n\t\t<meta name=\"twitter:image\" content=\"https:\/\/lasentinelle.dz\/wp-content\/uploads\/2021\/09\/cropped-la-sentinelle-earth-golden-anima-5.gif\" \/>\n\t\t<script type=\"application\/ld+json\" class=\"aioseo-schema\">\n\t\t\t{\"@context\":\"https:\\\/\\\/schema.org\",\"@graph\":[{\"@type\":\"BlogPosting\",\"@id\":\"https:\\\/\\\/lasentinelle.dz\\\/index.php\\\/2026\\\/09\\\/05\\\/dar-abdellatif-cloture-dune-formation-inedite-sur-les-marches-internationaux-de-lart\\\/#blogposting\",\"name\":\"Dar Abdellatif : Cl\\u00f4ture d\\u2019une formation in\\u00e9dite sur les march\\u00e9s internationaux de l\\u2019art - La Sentinelle\",\"headline\":\"Dar Abdellatif\\u00a0: Cl\\u00f4ture d&rsquo;une formation in\\u00e9dite sur les march\\u00e9s internationaux de l&rsquo;art\",\"author\":{\"@id\":\"https:\\\/\\\/lasentinelle.dz\\\/author\\\/admin\\\/#author\"},\"publisher\":{\"@id\":\"https:\\\/\\\/lasentinelle.dz\\\/#organization\"},\"image\":{\"@type\":\"ImageObject\",\"url\":\"https:\\\/\\\/lasentinelle.dz\\\/wp-content\\\/uploads\\\/2025\\\/05\\\/AARC.png\",\"width\":600,\"height\":433},\"datePublished\":\"2026-09-05T21:49:35+01:00\",\"dateModified\":\"2026-09-05T21:49:39+01:00\",\"inLanguage\":\"fr-FR\",\"mainEntityOfPage\":{\"@id\":\"https:\\\/\\\/lasentinelle.dz\\\/index.php\\\/2026\\\/09\\\/05\\\/dar-abdellatif-cloture-dune-formation-inedite-sur-les-marches-internationaux-de-lart\\\/#webpage\"},\"isPartOf\":{\"@id\":\"https:\\\/\\\/lasentinelle.dz\\\/index.php\\\/2026\\\/09\\\/05\\\/dar-abdellatif-cloture-dune-formation-inedite-sur-les-marches-internationaux-de-lart\\\/#webpage\"},\"articleSection\":\"Culture\"},{\"@type\":\"BreadcrumbList\",\"@id\":\"https:\\\/\\\/lasentinelle.dz\\\/index.php\\\/2026\\\/09\\\/05\\\/dar-abdellatif-cloture-dune-formation-inedite-sur-les-marches-internationaux-de-lart\\\/#breadcrumblist\",\"itemListElement\":[{\"@type\":\"ListItem\",\"@id\":\"https:\\\/\\\/lasentinelle.dz#listItem\",\"position\":1,\"name\":\"Home\",\"item\":\"https:\\\/\\\/lasentinelle.dz\",\"nextItem\":{\"@type\":\"ListItem\",\"@id\":\"https:\\\/\\\/lasentinelle.dz\\\/index.php\\\/category\\\/culture\\\/#listItem\",\"name\":\"Culture\"}},{\"@type\":\"ListItem\",\"@id\":\"https:\\\/\\\/lasentinelle.dz\\\/index.php\\\/category\\\/culture\\\/#listItem\",\"position\":2,\"name\":\"Culture\",\"item\":\"https:\\\/\\\/lasentinelle.dz\\\/index.php\\\/category\\\/culture\\\/\",\"nextItem\":{\"@type\":\"ListItem\",\"@id\":\"https:\\\/\\\/lasentinelle.dz\\\/index.php\\\/2026\\\/09\\\/05\\\/dar-abdellatif-cloture-dune-formation-inedite-sur-les-marches-internationaux-de-lart\\\/#listItem\",\"name\":\"Dar Abdellatif\\u00a0: Cl\\u00f4ture d&rsquo;une formation in\\u00e9dite sur les march\\u00e9s internationaux de l&rsquo;art\"},\"previousItem\":{\"@type\":\"ListItem\",\"@id\":\"https:\\\/\\\/lasentinelle.dz#listItem\",\"name\":\"Home\"}},{\"@type\":\"ListItem\",\"@id\":\"https:\\\/\\\/lasentinelle.dz\\\/index.php\\\/2026\\\/09\\\/05\\\/dar-abdellatif-cloture-dune-formation-inedite-sur-les-marches-internationaux-de-lart\\\/#listItem\",\"position\":3,\"name\":\"Dar Abdellatif\\u00a0: Cl\\u00f4ture d&rsquo;une formation in\\u00e9dite sur les march\\u00e9s internationaux de l&rsquo;art\",\"previousItem\":{\"@type\":\"ListItem\",\"@id\":\"https:\\\/\\\/lasentinelle.dz\\\/index.php\\\/category\\\/culture\\\/#listItem\",\"name\":\"Culture\"}}]},{\"@type\":\"Organization\",\"@id\":\"https:\\\/\\\/lasentinelle.dz\\\/#organization\",\"name\":\"La Sentinelle La Sentinelle\",\"description\":\"Quotidien national d'information\",\"url\":\"https:\\\/\\\/lasentinelle.dz\\\/\",\"logo\":{\"@type\":\"ImageObject\",\"url\":\"https:\\\/\\\/lasentinelle.dz\\\/wp-content\\\/uploads\\\/2021\\\/09\\\/cropped-la-sentinelle-earth-golden-anima-5.gif\",\"@id\":\"https:\\\/\\\/lasentinelle.dz\\\/index.php\\\/2026\\\/09\\\/05\\\/dar-abdellatif-cloture-dune-formation-inedite-sur-les-marches-internationaux-de-lart\\\/#organizationLogo\",\"width\":450,\"height\":213},\"image\":{\"@id\":\"https:\\\/\\\/lasentinelle.dz\\\/index.php\\\/2026\\\/09\\\/05\\\/dar-abdellatif-cloture-dune-formation-inedite-sur-les-marches-internationaux-de-lart\\\/#organizationLogo\"},\"sameAs\":[\"https:\\\/\\\/www.facebook.com\\\/azzedine.lasentinelle.1\"]},{\"@type\":\"Person\",\"@id\":\"https:\\\/\\\/lasentinelle.dz\\\/author\\\/admin\\\/#author\",\"url\":\"https:\\\/\\\/lasentinelle.dz\\\/author\\\/admin\\\/\",\"name\":\"admin\",\"image\":{\"@type\":\"ImageObject\",\"@id\":\"https:\\\/\\\/lasentinelle.dz\\\/index.php\\\/2026\\\/09\\\/05\\\/dar-abdellatif-cloture-dune-formation-inedite-sur-les-marches-internationaux-de-lart\\\/#authorImage\",\"url\":\"https:\\\/\\\/secure.gravatar.com\\\/avatar\\\/4c81fed838786e9b53f540bf46533e750f5d292099ae3b66cfc6fb1982e29df7?s=96&d=mm&r=g\",\"width\":96,\"height\":96,\"caption\":\"admin\"}},{\"@type\":\"WebPage\",\"@id\":\"https:\\\/\\\/lasentinelle.dz\\\/index.php\\\/2026\\\/09\\\/05\\\/dar-abdellatif-cloture-dune-formation-inedite-sur-les-marches-internationaux-de-lart\\\/#webpage\",\"url\":\"https:\\\/\\\/lasentinelle.dz\\\/index.php\\\/2026\\\/09\\\/05\\\/dar-abdellatif-cloture-dune-formation-inedite-sur-les-marches-internationaux-de-lart\\\/\",\"name\":\"Dar Abdellatif : Cl\\u00f4ture d\\u2019une formation in\\u00e9dite sur les march\\u00e9s internationaux de l\\u2019art - La Sentinelle\",\"description\":\"L'Agence alg\\u00e9rienne pour le rayonnement culturel (AARC) a cl\\u00f4tur\\u00e9, jeudi \\u00e0 Dar Abdellatif une session de formation de cinq jours consacr\\u00e9e aux march\\u00e9s internationaux des arts, organis\\u00e9e du 31 ao\\u00fbt au 4 septembre en partenariat avec le programme ACERCA, dans l'objectif de doter les artistes et professionnels culturels alg\\u00e9riens des outils n\\u00e9cessaires \\u00e0 la valorisation\",\"inLanguage\":\"fr-FR\",\"isPartOf\":{\"@id\":\"https:\\\/\\\/lasentinelle.dz\\\/#website\"},\"breadcrumb\":{\"@id\":\"https:\\\/\\\/lasentinelle.dz\\\/index.php\\\/2026\\\/09\\\/05\\\/dar-abdellatif-cloture-dune-formation-inedite-sur-les-marches-internationaux-de-lart\\\/#breadcrumblist\"},\"author\":{\"@id\":\"https:\\\/\\\/lasentinelle.dz\\\/author\\\/admin\\\/#author\"},\"creator\":{\"@id\":\"https:\\\/\\\/lasentinelle.dz\\\/author\\\/admin\\\/#author\"},\"image\":{\"@type\":\"ImageObject\",\"url\":\"https:\\\/\\\/lasentinelle.dz\\\/wp-content\\\/uploads\\\/2025\\\/05\\\/AARC.png\",\"@id\":\"https:\\\/\\\/lasentinelle.dz\\\/index.php\\\/2026\\\/09\\\/05\\\/dar-abdellatif-cloture-dune-formation-inedite-sur-les-marches-internationaux-de-lart\\\/#mainImage\",\"width\":600,\"height\":433},\"primaryImageOfPage\":{\"@id\":\"https:\\\/\\\/lasentinelle.dz\\\/index.php\\\/2026\\\/09\\\/05\\\/dar-abdellatif-cloture-dune-formation-inedite-sur-les-marches-internationaux-de-lart\\\/#mainImage\"},\"datePublished\":\"2026-09-05T21:49:35+01:00\",\"dateModified\":\"2026-09-05T21:49:39+01:00\"},{\"@type\":\"WebSite\",\"@id\":\"https:\\\/\\\/lasentinelle.dz\\\/#website\",\"url\":\"https:\\\/\\\/lasentinelle.dz\\\/\",\"name\":\"La Sentinelle\",\"description\":\"Quotidien national d'information\",\"inLanguage\":\"fr-FR\",\"publisher\":{\"@id\":\"https:\\\/\\\/lasentinelle.dz\\\/#organization\"}}]}\n\t\t<\/script>\n\t\t<!-- All in One SEO -->\n\n","aioseo_head_json":{"title":"Dar Abdellatif : Cl\u00f4ture d\u2019une formation in\u00e9dite sur les march\u00e9s internationaux de l\u2019art - La Sentinelle","description":"L'Agence alg\u00e9rienne pour le rayonnement culturel (AARC) a cl\u00f4tur\u00e9, jeudi \u00e0 Dar Abdellatif une session de formation de cinq jours consacr\u00e9e aux march\u00e9s internationaux des arts, organis\u00e9e du 31 ao\u00fbt au 4 septembre en partenariat avec le programme ACERCA, dans l'objectif de doter les artistes et professionnels culturels alg\u00e9riens des outils n\u00e9cessaires \u00e0 la valorisation","canonical_url":"https:\/\/lasentinelle.dz\/index.php\/2026\/09\/05\/dar-abdellatif-cloture-dune-formation-inedite-sur-les-marches-internationaux-de-lart\/","robots":"max-image-preview:large","keywords":"","webmasterTools":{"miscellaneous":""},"schema":{"@context":"https:\/\/schema.org","@graph":[{"@type":"BlogPosting","@id":"https:\/\/lasentinelle.dz\/index.php\/2026\/09\/05\/dar-abdellatif-cloture-dune-formation-inedite-sur-les-marches-internationaux-de-lart\/#blogposting","name":"Dar Abdellatif : Cl\u00f4ture d\u2019une formation in\u00e9dite sur les march\u00e9s internationaux de l\u2019art - La Sentinelle","headline":"Dar Abdellatif\u00a0: Cl\u00f4ture d&rsquo;une formation in\u00e9dite sur les march\u00e9s internationaux de l&rsquo;art","author":{"@id":"https:\/\/lasentinelle.dz\/author\/admin\/#author"},"publisher":{"@id":"https:\/\/lasentinelle.dz\/#organization"},"image":{"@type":"ImageObject","url":"https:\/\/lasentinelle.dz\/wp-content\/uploads\/2025\/05\/AARC.png","width":600,"height":433},"datePublished":"2026-09-05T21:49:35+01:00","dateModified":"2026-09-05T21:49:39+01:00","inLanguage":"fr-FR","mainEntityOfPage":{"@id":"https:\/\/lasentinelle.dz\/index.php\/2026\/09\/05\/dar-abdellatif-cloture-dune-formation-inedite-sur-les-marches-internationaux-de-lart\/#webpage"},"isPartOf":{"@id":"https:\/\/lasentinelle.dz\/index.php\/2026\/09\/05\/dar-abdellatif-cloture-dune-formation-inedite-sur-les-marches-internationaux-de-lart\/#webpage"},"articleSection":"Culture"},{"@type":"BreadcrumbList","@id":"https:\/\/lasentinelle.dz\/index.php\/2026\/09\/05\/dar-abdellatif-cloture-dune-formation-inedite-sur-les-marches-internationaux-de-lart\/#breadcrumblist","itemListElement":[{"@type":"ListItem","@id":"https:\/\/lasentinelle.dz#listItem","position":1,"name":"Home","item":"https:\/\/lasentinelle.dz","nextItem":{"@type":"ListItem","@id":"https:\/\/lasentinelle.dz\/index.php\/category\/culture\/#listItem","name":"Culture"}},{"@type":"ListItem","@id":"https:\/\/lasentinelle.dz\/index.php\/category\/culture\/#listItem","position":2,"name":"Culture","item":"https:\/\/lasentinelle.dz\/index.php\/category\/culture\/","nextItem":{"@type":"ListItem","@id":"https:\/\/lasentinelle.dz\/index.php\/2026\/09\/05\/dar-abdellatif-cloture-dune-formation-inedite-sur-les-marches-internationaux-de-lart\/#listItem","name":"Dar Abdellatif\u00a0: Cl\u00f4ture d&rsquo;une formation in\u00e9dite sur les march\u00e9s internationaux de l&rsquo;art"},"previousItem":{"@type":"ListItem","@id":"https:\/\/lasentinelle.dz#listItem","name":"Home"}},{"@type":"ListItem","@id":"https:\/\/lasentinelle.dz\/index.php\/2026\/09\/05\/dar-abdellatif-cloture-dune-formation-inedite-sur-les-marches-internationaux-de-lart\/#listItem","position":3,"name":"Dar Abdellatif\u00a0: Cl\u00f4ture d&rsquo;une formation in\u00e9dite sur les march\u00e9s internationaux de l&rsquo;art","previousItem":{"@type":"ListItem","@id":"https:\/\/lasentinelle.dz\/index.php\/category\/culture\/#listItem","name":"Culture"}}]},{"@type":"Organization","@id":"https:\/\/lasentinelle.dz\/#organization","name":"La Sentinelle La Sentinelle","description":"Quotidien national d'information","url":"https:\/\/lasentinelle.dz\/","logo":{"@type":"ImageObject","url":"https:\/\/lasentinelle.dz\/wp-content\/uploads\/2021\/09\/cropped-la-sentinelle-earth-golden-anima-5.gif","@id":"https:\/\/lasentinelle.dz\/index.php\/2026\/09\/05\/dar-abdellatif-cloture-dune-formation-inedite-sur-les-marches-internationaux-de-lart\/#organizationLogo","width":450,"height":213},"image":{"@id":"https:\/\/lasentinelle.dz\/index.php\/2026\/09\/05\/dar-abdellatif-cloture-dune-formation-inedite-sur-les-marches-internationaux-de-lart\/#organizationLogo"},"sameAs":["https:\/\/www.facebook.com\/azzedine.lasentinelle.1"]},{"@type":"Person","@id":"https:\/\/lasentinelle.dz\/author\/admin\/#author","url":"https:\/\/lasentinelle.dz\/author\/admin\/","name":"admin","image":{"@type":"ImageObject","@id":"https:\/\/lasentinelle.dz\/index.php\/2026\/09\/05\/dar-abdellatif-cloture-dune-formation-inedite-sur-les-marches-internationaux-de-lart\/#authorImage","url":"https:\/\/secure.gravatar.com\/avatar\/4c81fed838786e9b53f540bf46533e750f5d292099ae3b66cfc6fb1982e29df7?s=96&d=mm&r=g","width":96,"height":96,"caption":"admin"}},{"@type":"WebPage","@id":"https:\/\/lasentinelle.dz\/index.php\/2026\/09\/05\/dar-abdellatif-cloture-dune-formation-inedite-sur-les-marches-internationaux-de-lart\/#webpage","url":"https:\/\/lasentinelle.dz\/index.php\/2026\/09\/05\/dar-abdellatif-cloture-dune-formation-inedite-sur-les-marches-internationaux-de-lart\/","name":"Dar Abdellatif : Cl\u00f4ture d\u2019une formation in\u00e9dite sur les march\u00e9s internationaux de l\u2019art - La Sentinelle","description":"L'Agence alg\u00e9rienne pour le rayonnement culturel (AARC) a cl\u00f4tur\u00e9, jeudi \u00e0 Dar Abdellatif une session de formation de cinq jours consacr\u00e9e aux march\u00e9s internationaux des arts, organis\u00e9e du 31 ao\u00fbt au 4 septembre en partenariat avec le programme ACERCA, dans l'objectif de doter les artistes et professionnels culturels alg\u00e9riens des outils n\u00e9cessaires \u00e0 la valorisation","inLanguage":"fr-FR","isPartOf":{"@id":"https:\/\/lasentinelle.dz\/#website"},"breadcrumb":{"@id":"https:\/\/lasentinelle.dz\/index.php\/2026\/09\/05\/dar-abdellatif-cloture-dune-formation-inedite-sur-les-marches-internationaux-de-lart\/#breadcrumblist"},"author":{"@id":"https:\/\/lasentinelle.dz\/author\/admin\/#author"},"creator":{"@id":"https:\/\/lasentinelle.dz\/author\/admin\/#author"},"image":{"@type":"ImageObject","url":"https:\/\/lasentinelle.dz\/wp-content\/uploads\/2025\/05\/AARC.png","@id":"https:\/\/lasentinelle.dz\/index.php\/2026\/09\/05\/dar-abdellatif-cloture-dune-formation-inedite-sur-les-marches-internationaux-de-lart\/#mainImage","width":600,"height":433},"primaryImageOfPage":{"@id":"https:\/\/lasentinelle.dz\/index.php\/2026\/09\/05\/dar-abdellatif-cloture-dune-formation-inedite-sur-les-marches-internationaux-de-lart\/#mainImage"},"datePublished":"2026-09-05T21:49:35+01:00","dateModified":"2026-09-05T21:49:39+01:00"},{"@type":"WebSite","@id":"https:\/\/lasentinelle.dz\/#website","url":"https:\/\/lasentinelle.dz\/","name":"La Sentinelle","description":"Quotidien national d'information","inLanguage":"fr-FR","publisher":{"@id":"https:\/\/lasentinelle.dz\/#organization"}}]},"og:locale":"fr_FR","og:site_name":"La Sentinelle - Quotidien national d'information","og:type":"article","og:title":"Dar Abdellatif : Cl\u00f4ture d\u2019une formation in\u00e9dite sur les march\u00e9s internationaux de l\u2019art - La Sentinelle","og:description":"L'Agence alg\u00e9rienne pour le rayonnement culturel (AARC) a cl\u00f4tur\u00e9, jeudi \u00e0 Dar Abdellatif une session de formation de cinq jours consacr\u00e9e aux march\u00e9s internationaux des arts, organis\u00e9e du 31 ao\u00fbt au 4 septembre en partenariat avec le programme ACERCA, dans l'objectif de doter les artistes et professionnels culturels alg\u00e9riens des outils n\u00e9cessaires \u00e0 la valorisation","og:url":"https:\/\/lasentinelle.dz\/index.php\/2026\/09\/05\/dar-abdellatif-cloture-dune-formation-inedite-sur-les-marches-internationaux-de-lart\/","og:image":"https:\/\/lasentinelle.dz\/wp-content\/uploads\/2021\/09\/cropped-la-sentinelle-earth-golden-anima-5.gif","og:image:secure_url":"https:\/\/lasentinelle.dz\/wp-content\/uploads\/2021\/09\/cropped-la-sentinelle-earth-golden-anima-5.gif","og:image:width":450,"og:image:height":213,"article:published_time":"2026-09-05T20:49:35+00:00","article:modified_time":"2026-09-05T20:49:39+00:00","article:publisher":"https:\/\/www.facebook.com\/azzedine.lasentinelle.1","twitter:card":"summary_large_image","twitter:title":"Dar Abdellatif : Cl\u00f4ture d\u2019une formation in\u00e9dite sur les march\u00e9s internationaux de l\u2019art - La Sentinelle","twitter:description":"L'Agence alg\u00e9rienne pour le rayonnement culturel (AARC) a cl\u00f4tur\u00e9, jeudi \u00e0 Dar Abdellatif une session de formation de cinq jours consacr\u00e9e aux march\u00e9s internationaux des arts, organis\u00e9e du 31 ao\u00fbt au 4 septembre en partenariat avec le programme ACERCA, dans l'objectif de doter les artistes et professionnels culturels alg\u00e9riens des outils n\u00e9cessaires \u00e0 la valorisation","twitter:image":"https:\/\/lasentinelle.dz\/wp-content\/uploads\/2021\/09\/cropped-la-sentinelle-earth-golden-anima-5.gif"},"aioseo_meta_data":{"post_id":"94994","title":null,"description":null,"keywords":null,"keyphrases":{"focus":{"keyphrase":"","score":0,"analysis":{"keyphraseInTitle":{"score":0,"maxScore":9,"error":1}}},"additional":[]},"primary_term":null,"canonical_url":null,"og_title":null,"og_description":null,"og_object_type":"default","og_image_type":"default","og_image_url":null,"og_image_width":null,"og_image_height":null,"og_image_custom_url":null,"og_image_custom_fields":null,"og_video":"","og_custom_url":null,"og_article_section":null,"og_article_tags":null,"twitter_use_og":false,"twitter_card":"default","twitter_image_type":"default","twitter_image_url":null,"twitter_image_custom_url":null,"twitter_image_custom_fields":null,"twitter_title":null,"twitter_description":null,"schema":{"blockGraphs":[],"customGraphs":[],"default":{"data":{"Article":[],"Course":[],"Dataset":[],"FAQPage":[],"Movie":[],"Person":[],"Product":[],"ProductReview":[],"Car":[],"Recipe":[],"Service":[],"SoftwareApplication":[],"WebPage":[]},"graphName":"BlogPosting","isEnabled":true},"graphs":[]},"schema_type":"default","schema_type_options":null,"pillar_content":false,"robots_default":true,"robots_noindex":false,"robots_noarchive":false,"robots_nosnippet":false,"robots_nofollow":false,"robots_noimageindex":false,"robots_noodp":false,"robots_notranslate":false,"robots_max_snippet":"-1","robots_max_videopreview":"-1","robots_max_imagepreview":"large","priority":null,"frequency":"default","local_seo":null,"breadcrumb_settings":null,"limit_modified_date":false,"ai":{"faqs":[],"keyPoints":[],"schemas":[],"titles":[],"descriptions":[],"socialPosts":{"email":{"subject":"","preview":"","content":""},"linkedin":[],"twitter":[],"facebook":[],"instagram":[]}},"created":"2026-09-05 20:49:39","updated":"2026-09-05 22:00:26","focus_keyword":null,"additional_keywords":null,"truseo_locale":null,"seo_analyzer_scan_date":null},"aioseo_breadcrumb":"<div class=\"aioseo-breadcrumbs\"><span class=\"aioseo-breadcrumb\">\n\t\t\t<a href=\"https:\/\/lasentinelle.dz\" title=\"Home\">Home<\/a>\n\t\t<\/span><span class=\"aioseo-breadcrumb-separator\">&raquo;<\/span><span class=\"aioseo-breadcrumb\">\n\t\t\t<a href=\"https:\/\/lasentinelle.dz\/index.php\/category\/culture\/\" title=\"Culture\">Culture<\/a>\n\t\t<\/span><span class=\"aioseo-breadcrumb-separator\">&raquo;<\/span><span class=\"aioseo-breadcrumb\">\n\t\t\tDar Abdellatif : Cl\u00f4ture d\u2019une formation in\u00e9dite sur les march\u00e9s internationaux de l\u2019art\n\t\t<\/span><\/div>","aioseo_breadcrumb_json":[{"label":"Home","link":"https:\/\/lasentinelle.dz"},{"label":"Culture","link":"https:\/\/lasentinelle.dz\/index.php\/category\/culture\/"},{"label":"Dar Abdellatif\u00a0: Cl\u00f4ture d&rsquo;une formation in\u00e9dite sur les march\u00e9s internationaux de l&rsquo;art","link":"https:\/\/lasentinelle.dz\/index.php\/2026\/09\/05\/dar-abdellatif-cloture-dune-formation-inedite-sur-les-marches-internationaux-de-lart\/"}],"yoast_head":"<!-- This site is optimized with the Yoast SEO plugin v28.4 - https:\/\/yoast.com\/product\/yoast-seo-wordpress\/ -->\n<title>Dar Abdellatif\u00a0: Cl\u00f4ture d&rsquo;une formation in\u00e9dite sur les march\u00e9s internationaux de l&rsquo;art - La Sentinelle<\/title>\n<meta name=\"robots\" content=\"index, follow, max-snippet:-1, max-image-preview:large, max-video-preview:-1\" \/>\n<link rel=\"canonical\" href=\"https:\/\/lasentinelle.dz\/index.php\/2026\/09\/05\/dar-abdellatif-cloture-dune-formation-inedite-sur-les-marches-internationaux-de-lart\/\" \/>\n<meta property=\"og:locale\" content=\"fr_FR\" \/>\n<meta property=\"og:type\" content=\"article\" \/>\n<meta property=\"og:title\" content=\"Dar Abdellatif\u00a0: Cl\u00f4ture d&rsquo;une formation in\u00e9dite sur les march\u00e9s internationaux de l&rsquo;art - La Sentinelle\" \/>\n<meta property=\"og:description\" content=\"L&rsquo;Agence alg\u00e9rienne pour le rayonnement culturel (AARC) a cl\u00f4tur\u00e9, jeudi \u00e0 Dar Abdellatif une session de formation de cinq jours\" \/>\n<meta property=\"og:url\" content=\"https:\/\/lasentinelle.dz\/index.php\/2026\/09\/05\/dar-abdellatif-cloture-dune-formation-inedite-sur-les-marches-internationaux-de-lart\/\" \/>\n<meta property=\"og:site_name\" content=\"La Sentinelle\" \/>\n<meta property=\"article:publisher\" content=\"https:\/\/www.facebook.com\/La-Sentinelle-104059864394773\" \/>\n<meta property=\"article:published_time\" content=\"2026-09-05T20:49:35+00:00\" \/>\n<meta property=\"article:modified_time\" content=\"2026-09-05T20:49:39+00:00\" \/>\n<meta property=\"og:image\" content=\"https:\/\/lasentinelle.dz\/wp-content\/uploads\/2025\/05\/AARC.png\" \/>\n\t<meta property=\"og:image:width\" content=\"600\" \/>\n\t<meta property=\"og:image:height\" content=\"433\" \/>\n\t<meta property=\"og:image:type\" content=\"image\/png\" \/>\n<meta name=\"author\" content=\"admin\" \/>\n<meta name=\"twitter:card\" content=\"summary_large_image\" \/>\n<meta name=\"twitter:label1\" content=\"\u00c9crit par\" \/>\n\t<meta name=\"twitter:data1\" content=\"admin\" \/>\n\t<meta name=\"twitter:label2\" content=\"Dur\u00e9e de lecture estim\u00e9e\" \/>\n\t<meta name=\"twitter:data2\" content=\"3 minutes\" \/>\n<script type=\"application\/ld+json\" class=\"yoast-schema-graph\">{\"@context\":\"https:\\\/\\\/schema.org\",\"@graph\":[{\"@type\":\"Article\",\"@id\":\"https:\\\/\\\/lasentinelle.dz\\\/index.php\\\/2026\\\/09\\\/05\\\/dar-abdellatif-cloture-dune-formation-inedite-sur-les-marches-internationaux-de-lart\\\/#article\",\"isPartOf\":{\"@id\":\"https:\\\/\\\/lasentinelle.dz\\\/index.php\\\/2026\\\/09\\\/05\\\/dar-abdellatif-cloture-dune-formation-inedite-sur-les-marches-internationaux-de-lart\\\/\"},\"author\":{\"name\":\"admin\",\"@id\":\"https:\\\/\\\/lasentinelle.dz\\\/#\\\/schema\\\/person\\\/729ee0024f24e0b8c5ec17232f8e8b41\"},\"headline\":\"Dar Abdellatif\u00a0: Cl\u00f4ture d&rsquo;une formation in\u00e9dite sur les march\u00e9s internationaux de l&rsquo;art\",\"datePublished\":\"2026-09-05T20:49:35+00:00\",\"dateModified\":\"2026-09-05T20:49:39+00:00\",\"mainEntityOfPage\":{\"@id\":\"https:\\\/\\\/lasentinelle.dz\\\/index.php\\\/2026\\\/09\\\/05\\\/dar-abdellatif-cloture-dune-formation-inedite-sur-les-marches-internationaux-de-lart\\\/\"},\"wordCount\":442,\"commentCount\":0,\"publisher\":{\"@id\":\"https:\\\/\\\/lasentinelle.dz\\\/#organization\"},\"image\":{\"@id\":\"https:\\\/\\\/lasentinelle.dz\\\/index.php\\\/2026\\\/09\\\/05\\\/dar-abdellatif-cloture-dune-formation-inedite-sur-les-marches-internationaux-de-lart\\\/#primaryimage\"},\"thumbnailUrl\":\"https:\\\/\\\/lasentinelle.dz\\\/wp-content\\\/uploads\\\/2025\\\/05\\\/AARC.png\",\"articleSection\":[\"Culture\"],\"inLanguage\":\"fr-FR\",\"potentialAction\":[{\"@type\":\"CommentAction\",\"name\":\"Comment\",\"target\":[\"https:\\\/\\\/lasentinelle.dz\\\/index.php\\\/2026\\\/09\\\/05\\\/dar-abdellatif-cloture-dune-formation-inedite-sur-les-marches-internationaux-de-lart\\\/#respond\"]}]},{\"@type\":\"WebPage\",\"@id\":\"https:\\\/\\\/lasentinelle.dz\\\/index.php\\\/2026\\\/09\\\/05\\\/dar-abdellatif-cloture-dune-formation-inedite-sur-les-marches-internationaux-de-lart\\\/\",\"url\":\"https:\\\/\\\/lasentinelle.dz\\\/index.php\\\/2026\\\/09\\\/05\\\/dar-abdellatif-cloture-dune-formation-inedite-sur-les-marches-internationaux-de-lart\\\/\",\"name\":\"Dar Abdellatif\u00a0: Cl\u00f4ture d&rsquo;une formation in\u00e9dite sur les march\u00e9s internationaux de l&rsquo;art - La Sentinelle\",\"isPartOf\":{\"@id\":\"https:\\\/\\\/lasentinelle.dz\\\/#website\"},\"primaryImageOfPage\":{\"@id\":\"https:\\\/\\\/lasentinelle.dz\\\/index.php\\\/2026\\\/09\\\/05\\\/dar-abdellatif-cloture-dune-formation-inedite-sur-les-marches-internationaux-de-lart\\\/#primaryimage\"},\"image\":{\"@id\":\"https:\\\/\\\/lasentinelle.dz\\\/index.php\\\/2026\\\/09\\\/05\\\/dar-abdellatif-cloture-dune-formation-inedite-sur-les-marches-internationaux-de-lart\\\/#primaryimage\"},\"thumbnailUrl\":\"https:\\\/\\\/lasentinelle.dz\\\/wp-content\\\/uploads\\\/2025\\\/05\\\/AARC.png\",\"datePublished\":\"2026-09-05T20:49:35+00:00\",\"dateModified\":\"2026-09-05T20:49:39+00:00\",\"breadcrumb\":{\"@id\":\"https:\\\/\\\/lasentinelle.dz\\\/index.php\\\/2026\\\/09\\\/05\\\/dar-abdellatif-cloture-dune-formation-inedite-sur-les-marches-internationaux-de-lart\\\/#breadcrumb\"},\"inLanguage\":\"fr-FR\",\"potentialAction\":[{\"@type\":\"ReadAction\",\"target\":[\"https:\\\/\\\/lasentinelle.dz\\\/index.php\\\/2026\\\/09\\\/05\\\/dar-abdellatif-cloture-dune-formation-inedite-sur-les-marches-internationaux-de-lart\\\/\"]}]},{\"@type\":\"ImageObject\",\"inLanguage\":\"fr-FR\",\"@id\":\"https:\\\/\\\/lasentinelle.dz\\\/index.php\\\/2026\\\/09\\\/05\\\/dar-abdellatif-cloture-dune-formation-inedite-sur-les-marches-internationaux-de-lart\\\/#primaryimage\",\"url\":\"https:\\\/\\\/lasentinelle.dz\\\/wp-content\\\/uploads\\\/2025\\\/05\\\/AARC.png\",\"contentUrl\":\"https:\\\/\\\/lasentinelle.dz\\\/wp-content\\\/uploads\\\/2025\\\/05\\\/AARC.png\",\"width\":600,\"height\":433},{\"@type\":\"BreadcrumbList\",\"@id\":\"https:\\\/\\\/lasentinelle.dz\\\/index.php\\\/2026\\\/09\\\/05\\\/dar-abdellatif-cloture-dune-formation-inedite-sur-les-marches-internationaux-de-lart\\\/#breadcrumb\",\"itemListElement\":[{\"@type\":\"ListItem\",\"position\":1,\"name\":\"Accueil\",\"item\":\"https:\\\/\\\/lasentinelle.dz\\\/\"},{\"@type\":\"ListItem\",\"position\":2,\"name\":\"Dar Abdellatif\u00a0: Cl\u00f4ture d&rsquo;une formation in\u00e9dite sur les march\u00e9s internationaux de l&rsquo;art\"}]},{\"@type\":\"WebSite\",\"@id\":\"https:\\\/\\\/lasentinelle.dz\\\/#website\",\"url\":\"https:\\\/\\\/lasentinelle.dz\\\/\",\"name\":\"La Sentinelle\",\"description\":\"Quotidien national d&#039;information\",\"publisher\":{\"@id\":\"https:\\\/\\\/lasentinelle.dz\\\/#organization\"},\"potentialAction\":[{\"@type\":\"SearchAction\",\"target\":{\"@type\":\"EntryPoint\",\"urlTemplate\":\"https:\\\/\\\/lasentinelle.dz\\\/?s={search_term_string}\"},\"query-input\":{\"@type\":\"PropertyValueSpecification\",\"valueRequired\":true,\"valueName\":\"search_term_string\"}}],\"inLanguage\":\"fr-FR\"},{\"@type\":\"Organization\",\"@id\":\"https:\\\/\\\/lasentinelle.dz\\\/#organization\",\"name\":\"Quotidien La Sentinelle\",\"url\":\"https:\\\/\\\/lasentinelle.dz\\\/\",\"logo\":{\"@type\":\"ImageObject\",\"inLanguage\":\"fr-FR\",\"@id\":\"https:\\\/\\\/lasentinelle.dz\\\/#\\\/schema\\\/logo\\\/image\\\/\",\"url\":\"https:\\\/\\\/lasentinelle.dz\\\/wp-content\\\/uploads\\\/2021\\\/09\\\/logo-sentinelleSLOGAN-1.png\",\"contentUrl\":\"https:\\\/\\\/lasentinelle.dz\\\/wp-content\\\/uploads\\\/2021\\\/09\\\/logo-sentinelleSLOGAN-1.png\",\"width\":615,\"height\":142,\"caption\":\"Quotidien La Sentinelle\"},\"image\":{\"@id\":\"https:\\\/\\\/lasentinelle.dz\\\/#\\\/schema\\\/logo\\\/image\\\/\"},\"sameAs\":[\"https:\\\/\\\/www.facebook.com\\\/La-Sentinelle-104059864394773\"]},{\"@type\":\"Person\",\"@id\":\"https:\\\/\\\/lasentinelle.dz\\\/#\\\/schema\\\/person\\\/729ee0024f24e0b8c5ec17232f8e8b41\",\"name\":\"admin\",\"image\":{\"@type\":\"ImageObject\",\"inLanguage\":\"fr-FR\",\"@id\":\"https:\\\/\\\/secure.gravatar.com\\\/avatar\\\/4c81fed838786e9b53f540bf46533e750f5d292099ae3b66cfc6fb1982e29df7?s=96&d=mm&r=g\",\"url\":\"https:\\\/\\\/secure.gravatar.com\\\/avatar\\\/4c81fed838786e9b53f540bf46533e750f5d292099ae3b66cfc6fb1982e29df7?s=96&d=mm&r=g\",\"contentUrl\":\"https:\\\/\\\/secure.gravatar.com\\\/avatar\\\/4c81fed838786e9b53f540bf46533e750f5d292099ae3b66cfc6fb1982e29df7?s=96&d=mm&r=g\",\"caption\":\"admin\"},\"description\":\"admin\",\"url\":\"https:\\\/\\\/lasentinelle.dz\\\/author\\\/admin\\\/\"}]}<\/script>\n<!-- \/ Yoast SEO plugin. -->","yoast_head_json":{"title":"Dar Abdellatif\u00a0: Cl\u00f4ture d&rsquo;une formation in\u00e9dite sur les march\u00e9s internationaux de l&rsquo;art - La Sentinelle","robots":{"index":"index","follow":"follow","max-snippet":"max-snippet:-1","max-image-preview":"max-image-preview:large","max-video-preview":"max-video-preview:-1"},"canonical":"https:\/\/lasentinelle.dz\/index.php\/2026\/09\/05\/dar-abdellatif-cloture-dune-formation-inedite-sur-les-marches-internationaux-de-lart\/","og_locale":"fr_FR","og_type":"article","og_title":"Dar Abdellatif\u00a0: Cl\u00f4ture d&rsquo;une formation in\u00e9dite sur les march\u00e9s internationaux de l&rsquo;art - La Sentinelle","og_description":"L&rsquo;Agence alg\u00e9rienne pour le rayonnement culturel (AARC) a cl\u00f4tur\u00e9, jeudi \u00e0 Dar Abdellatif une session de formation de cinq jours","og_url":"https:\/\/lasentinelle.dz\/index.php\/2026\/09\/05\/dar-abdellatif-cloture-dune-formation-inedite-sur-les-marches-internationaux-de-lart\/","og_site_name":"La Sentinelle","article_publisher":"https:\/\/www.facebook.com\/La-Sentinelle-104059864394773","article_published_time":"2026-09-05T20:49:35+00:00","article_modified_time":"2026-09-05T20:49:39+00:00","og_image":[{"width":600,"height":433,"url":"https:\/\/lasentinelle.dz\/wp-content\/uploads\/2025\/05\/AARC.png","type":"image\/png"}],"author":"admin","twitter_card":"summary_large_image","twitter_misc":{"\u00c9crit par":"admin","Dur\u00e9e de lecture estim\u00e9e":"3 minutes"},"schema":{"@context":"https:\/\/schema.org","@graph":[{"@type":"Article","@id":"https:\/\/lasentinelle.dz\/index.php\/2026\/09\/05\/dar-abdellatif-cloture-dune-formation-inedite-sur-les-marches-internationaux-de-lart\/#article","isPartOf":{"@id":"https:\/\/lasentinelle.dz\/index.php\/2026\/09\/05\/dar-abdellatif-cloture-dune-formation-inedite-sur-les-marches-internationaux-de-lart\/"},"author":{"name":"admin","@id":"https:\/\/lasentinelle.dz\/#\/schema\/person\/729ee0024f24e0b8c5ec17232f8e8b41"},"headline":"Dar Abdellatif\u00a0: Cl\u00f4ture d&rsquo;une formation in\u00e9dite sur les march\u00e9s internationaux de l&rsquo;art","datePublished":"2026-09-05T20:49:35+00:00","dateModified":"2026-09-05T20:49:39+00:00","mainEntityOfPage":{"@id":"https:\/\/lasentinelle.dz\/index.php\/2026\/09\/05\/dar-abdellatif-cloture-dune-formation-inedite-sur-les-marches-internationaux-de-lart\/"},"wordCount":442,"commentCount":0,"publisher":{"@id":"https:\/\/lasentinelle.dz\/#organization"},"image":{"@id":"https:\/\/lasentinelle.dz\/index.php\/2026\/09\/05\/dar-abdellatif-cloture-dune-formation-inedite-sur-les-marches-internationaux-de-lart\/#primaryimage"},"thumbnailUrl":"https:\/\/lasentinelle.dz\/wp-content\/uploads\/2025\/05\/AARC.png","articleSection":["Culture"],"inLanguage":"fr-FR","potentialAction":[{"@type":"CommentAction","name":"Comment","target":["https:\/\/lasentinelle.dz\/index.php\/2026\/09\/05\/dar-abdellatif-cloture-dune-formation-inedite-sur-les-marches-internationaux-de-lart\/#respond"]}]},{"@type":"WebPage","@id":"https:\/\/lasentinelle.dz\/index.php\/2026\/09\/05\/dar-abdellatif-cloture-dune-formation-inedite-sur-les-marches-internationaux-de-lart\/","url":"https:\/\/lasentinelle.dz\/index.php\/2026\/09\/05\/dar-abdellatif-cloture-dune-formation-inedite-sur-les-marches-internationaux-de-lart\/","name":"Dar Abdellatif\u00a0: Cl\u00f4ture d&rsquo;une formation in\u00e9dite sur les march\u00e9s internationaux de l&rsquo;art - La Sentinelle","isPartOf":{"@id":"https:\/\/lasentinelle.dz\/#website"},"primaryImageOfPage":{"@id":"https:\/\/lasentinelle.dz\/index.php\/2026\/09\/05\/dar-abdellatif-cloture-dune-formation-inedite-sur-les-marches-internationaux-de-lart\/#primaryimage"},"image":{"@id":"https:\/\/lasentinelle.dz\/index.php\/2026\/09\/05\/dar-abdellatif-cloture-dune-formation-inedite-sur-les-marches-internationaux-de-lart\/#primaryimage"},"thumbnailUrl":"https:\/\/lasentinelle.dz\/wp-content\/uploads\/2025\/05\/AARC.png","datePublished":"2026-09-05T20:49:35+00:00","dateModified":"2026-09-05T20:49:39+00:00","breadcrumb":{"@id":"https:\/\/lasentinelle.dz\/index.php\/2026\/09\/05\/dar-abdellatif-cloture-dune-formation-inedite-sur-les-marches-internationaux-de-lart\/#breadcrumb"},"inLanguage":"fr-FR","potentialAction":[{"@type":"ReadAction","target":["https:\/\/lasentinelle.dz\/index.php\/2026\/09\/05\/dar-abdellatif-cloture-dune-formation-inedite-sur-les-marches-internationaux-de-lart\/"]}]},{"@type":"ImageObject","inLanguage":"fr-FR","@id":"https:\/\/lasentinelle.dz\/index.php\/2026\/09\/05\/dar-abdellatif-cloture-dune-formation-inedite-sur-les-marches-internationaux-de-lart\/#primaryimage","url":"https:\/\/lasentinelle.dz\/wp-content\/uploads\/2025\/05\/AARC.png","contentUrl":"https:\/\/lasentinelle.dz\/wp-content\/uploads\/2025\/05\/AARC.png","width":600,"height":433},{"@type":"BreadcrumbList","@id":"https:\/\/lasentinelle.dz\/index.php\/2026\/09\/05\/dar-abdellatif-cloture-dune-formation-inedite-sur-les-marches-internationaux-de-lart\/#breadcrumb","itemListElement":[{"@type":"ListItem","position":1,"name":"Accueil","item":"https:\/\/lasentinelle.dz\/"},{"@type":"ListItem","position":2,"name":"Dar Abdellatif\u00a0: Cl\u00f4ture d&rsquo;une formation in\u00e9dite sur les march\u00e9s internationaux de l&rsquo;art"}]},{"@type":"WebSite","@id":"https:\/\/lasentinelle.dz\/#website","url":"https:\/\/lasentinelle.dz\/","name":"La Sentinelle","description":"Quotidien national d&#039;information","publisher":{"@id":"https:\/\/lasentinelle.dz\/#organization"},"potentialAction":[{"@type":"SearchAction","target":{"@type":"EntryPoint","urlTemplate":"https:\/\/lasentinelle.dz\/?s={search_term_string}"},"query-input":{"@type":"PropertyValueSpecification","valueRequired":true,"valueName":"search_term_string"}}],"inLanguage":"fr-FR"},{"@type":"Organization","@id":"https:\/\/lasentinelle.dz\/#organization","name":"Quotidien La Sentinelle","url":"https:\/\/lasentinelle.dz\/","logo":{"@type":"ImageObject","inLanguage":"fr-FR","@id":"https:\/\/lasentinelle.dz\/#\/schema\/logo\/image\/","url":"https:\/\/lasentinelle.dz\/wp-content\/uploads\/2021\/09\/logo-sentinelleSLOGAN-1.png","contentUrl":"https:\/\/lasentinelle.dz\/wp-content\/uploads\/2021\/09\/logo-sentinelleSLOGAN-1.png","width":615,"height":142,"caption":"Quotidien La Sentinelle"},"image":{"@id":"https:\/\/lasentinelle.dz\/#\/schema\/logo\/image\/"},"sameAs":["https:\/\/www.facebook.com\/La-Sentinelle-104059864394773"]},{"@type":"Person","@id":"https:\/\/lasentinelle.dz\/#\/schema\/person\/729ee0024f24e0b8c5ec17232f8e8b41","name":"admin","image":{"@type":"ImageObject","inLanguage":"fr-FR","@id":"https:\/\/secure.gravatar.com\/avatar\/4c81fed838786e9b53f540bf46533e750f5d292099ae3b66cfc6fb1982e29df7?s=96&d=mm&r=g","url":"https:\/\/secure.gravatar.com\/avatar\/4c81fed838786e9b53f540bf46533e750f5d292099ae3b66cfc6fb1982e29df7?s=96&d=mm&r=g","contentUrl":"https:\/\/secure.gravatar.com\/avatar\/4c81fed838786e9b53f540bf46533e750f5d292099ae3b66cfc6fb1982e29df7?s=96&d=mm&r=g","caption":"admin"},"description":"admin","url":"https:\/\/lasentinelle.dz\/author\/admin\/"}]}},"_links":{"self":[{"href":"https:\/\/lasentinelle.dz\/index.php\/wp-json\/wp\/v2\/posts\/94994","targetHints":{"allow":["GET"]}}],"collection":[{"href":"https:\/\/lasentinelle.dz\/index.php\/wp-json\/wp\/v2\/posts"}],"about":[{"href":"https:\/\/lasentinelle.dz\/index.php\/wp-json\/wp\/v2\/types\/post"}],"author":[{"embeddable":true,"href":"https:\/\/lasentinelle.dz\/index.php\/wp-json\/wp\/v2\/users\/6"}],"replies":[{"embeddable":true,"href":"https:\/\/lasentinelle.dz\/index.php\/wp-json\/wp\/v2\/comments?post=94994"}],"version-history":[{"count":2,"href":"https:\/\/lasentinelle.dz\/index.php\/wp-json\/wp\/v2\/posts\/94994\/revisions"}],"predecessor-version":[{"id":94996,"href":"https:\/\/lasentinelle.dz\/index.php\/wp-json\/wp\/v2\/posts\/94994\/revisions\/94996"}],"wp:featuredmedia":[{"embeddable":true,"href":"https:\/\/lasentinelle.dz\/index.php\/wp-json\/wp\/v2\/media\/67745"}],"wp:attachment":[{"href":"https:\/\/lasentinelle.dz\/index.php\/wp-json\/wp\/v2\/media?parent=94994"}],"wp:term":[{"taxonomy":"category","embeddable":true,"href":"https:\/\/lasentinelle.dz\/index.php\/wp-json\/wp\/v2\/categories?post=94994"},{"taxonomy":"post_tag","embeddable":true,"href":"https:\/\/lasentinelle.dz\/index.php\/wp-json\/wp\/v2\/tags?post=94994"}],"curies":[{"name":"wp","href":"https:\/\/api.w.org\/{rel}","templated":true}]}}