{"id":94997,"date":"2026-09-05T21:50:41","date_gmt":"2026-09-05T20:50:41","guid":{"rendered":"https:\/\/lasentinelle.dz\/?p=94997"},"modified":"2026-09-05T21:50:49","modified_gmt":"2026-09-05T20:50:49","slug":"festival-national-du-theatre-amateur-louverture-de-la-57e-edition-du-reportee","status":"publish","type":"post","link":"https:\/\/lasentinelle.dz\/index.php\/2026\/09\/05\/festival-national-du-theatre-amateur-louverture-de-la-57e-edition-du-reportee\/","title":{"rendered":"Festival national du th\u00e9\u00e2tre amateur\u00a0: L\u2019ouverture de la 57e \u00e9dition du report\u00e9e"},"content":{"rendered":"\n<p class=\"wp-block-paragraph\">Le Commissariat du Festival culturel national du th\u00e9\u00e2tre amateur a annonc\u00e9, mercredi, le report de la 57e \u00e9dition de cette manifestation, initialement programm\u00e9e du 3 au 8 septembre \u00e0 Mostaganem, en application des directives du minist\u00e8re de la Culture suite aux incendies qui ont frapp\u00e9 plusieurs wilayas. Dans un communiqu\u00e9 transmis \u00e0 l&rsquo;APS, le Commissariat du Festival culturel national du th\u00e9\u00e2tre amateur a confirm\u00e9 le report de la 57e \u00e9dition de cette manifestation, doyenne des rendez-vous th\u00e9\u00e2traux en Alg\u00e9rie, qui devait se tenir \u00e0 Mostaganem du 3 au 8 septembre. La d\u00e9cision fait suite \u00e0 \u00ab l&rsquo;instruction \u00e9mise par le minist\u00e8re de la Culture et des Arts, le 27 ao\u00fbt dernier, portant report des festivals et manifestations culturelles \u00e0 caract\u00e8re festif, compte tenu des circonstances douloureuses que traverse notre pays \u00e0 la suite des incendies ayant touch\u00e9 plusieurs wilayas et fait des victimes et des bless\u00e9s, outre d&rsquo;importants d\u00e9g\u00e2ts mat\u00e9riels \u00bb.<\/p>\n\n\n\n<p class=\"wp-block-paragraph\">Le Commissariat pr\u00e9cise qu&rsquo;aucune nouvelle date n&rsquo;a pour l&rsquo;instant \u00e9t\u00e9 retenue. \u00ab Une nouvelle date pour cet \u00e9v\u00e9nement sera fix\u00e9e d\u00e8s la publication de nouvelles directives concernant la reprogrammation des manifestations culturelles \u00bb, indique le texte, qui renvoie la suite du calendrier aux prochaines instructions minist\u00e9rielles.<\/p>\n\n\n\n<p class=\"wp-block-paragraph\">Au-del\u00e0 de l&rsquo;aspect organisationnel, le communiqu\u00e9 insiste sur la dimension symbolique de ce geste. La m\u00eame source affirme que cette d\u00e9cision \u00ab vient consacrer l&rsquo;esprit de solidarit\u00e9 nationale avec les familles des victimes, les bless\u00e9s et les personnes sinistr\u00e9es \u00bb. Le Commissariat en a profit\u00e9 pour adresser ses condol\u00e9ances aux familles endeuill\u00e9es et souhaiter un prompt r\u00e9tablissement aux bless\u00e9s, tout en formulant des v\u0153ux de s\u00e9curit\u00e9 pour l&rsquo;ensemble des citoyens.<\/p>\n\n\n\n<p class=\"wp-block-paragraph\">Ce report intervient alors que l&rsquo;\u00e9dition 2026 du festival \u00e9tait entr\u00e9e depuis plusieurs semaines dans sa derni\u00e8re ligne droite. Les phases \u00e9liminatoires de la zone Est s&rsquo;\u00e9taient d\u00e9roul\u00e9es d\u00e9but ao\u00fbt \u00e0 la Maison de la culture Mohamed-Boudiaf de Bordj Bou Arr\u00e9ridj, avec une mesure in\u00e9dite permettant aux troupes emp\u00each\u00e9es de participer sur place de transmettre un enregistrement vid\u00e9o int\u00e9gral de leur spectacle. Fin ao\u00fbt, la commission d&rsquo;\u00e9valuation avait arr\u00eat\u00e9 son choix sur sept cr\u00e9ations appel\u00e9es \u00e0 d\u00e9fendre leurs chances en finale, parmi lesquelles \u00ab Un parmi le public \u00bb, \u00ab El Ghoula \u00bb, \u00ab Erreur 404 \u00bb ou encore \u00ab Ghafwa \u00bb, repr\u00e9sentant des troupes venues d&rsquo;Oran, de Mostaganem, de Tissemsilt, de Tizi Ouzou, d&rsquo;Alger et de Boudouaou.<\/p>\n\n\n\n<p class=\"wp-block-paragraph\">Fond\u00e9 en 1967, le Festival culturel national du th\u00e9\u00e2tre amateur de Mostaganem est consid\u00e9r\u00e9 comme la plus ancienne manifestation de ce type \u00e0 l&rsquo;\u00e9chelle arabe et africaine. Il continue chaque ann\u00e9e d&rsquo;\u00eatre pr\u00e9sent\u00e9 comme un rendez-vous incontournable pour les troupes amateurs du pays, entre comp\u00e9tition, ateliers de formation et masterclass destin\u00e9s \u00e0 accompagner les jeunes talents.<\/p>\n\n\n\n<p class=\"wp-block-paragraph\">Le Commissariat conclut son communiqu\u00e9 en assurant que la reprogrammation des activit\u00e9s \u00ab fera l&rsquo;objet d&rsquo;une annonce ult\u00e9rieure, en coordination avec les autorit\u00e9s de tutelle et les services concern\u00e9s \u00bb.<\/p>\n\n\n\n<p class=\"wp-block-paragraph\">Mohand S.<\/p>\n","protected":false},"excerpt":{"rendered":"<p>Le Commissariat du Festival culturel national du th\u00e9\u00e2tre amateur a annonc\u00e9, mercredi, le report de la 57e \u00e9dition de cette<\/p>\n","protected":false},"author":6,"featured_media":69967,"comment_status":"open","ping_status":"closed","sticky":false,"template":"","format":"standard","meta":{"colormag_page_container_layout":"default_layout","colormag_page_sidebar_layout":"default_layout","om_disable_all_campaigns":false,"_monsterinsights_skip_tracking":false,"footnotes":"","_wpscppro_dont_share_socialmedia":false,"_wpscppro_custom_social_share_image":0,"_facebook_share_type":"default","_twitter_share_type":"default","_linkedin_share_type":"default","_pinterest_share_type":"default","_linkedin_share_type_page":"","_instagram_share_type":"default","_medium_share_type":"default","_threads_share_type":"default","_google_business_share_type":"default","_bluesky_share_type":"default","_mastodon_share_type":"default","_selected_social_profile":[],"_wpsp_enable_custom_social_template":false,"_wpsp_social_scheduling":{"enabled":false,"datetime":null,"platforms":[],"status":"template_only","dateOption":"today","timeOption":"now","customDays":"","customHours":"","customDate":"","customTime":"","schedulingType":"absolute"},"_wpsp_active_default_template":true},"categories":[36],"tags":[],"class_list":["post-94997","post","type-post","status-publish","format-standard","has-post-thumbnail","hentry","category-culture"],"aioseo_notices":[],"aioseo_head":"\n\t\t<!-- All in One SEO 5.0.0.1 - aioseo.com -->\n\t<meta name=\"description\" content=\"Le Commissariat du Festival culturel national du th\u00e9\u00e2tre amateur a annonc\u00e9, mercredi, le report de la 57e \u00e9dition de cette manifestation, initialement programm\u00e9e du 3 au 8 septembre \u00e0 Mostaganem, en application des directives du minist\u00e8re de la Culture suite aux incendies qui ont frapp\u00e9 plusieurs wilayas. Dans un communiqu\u00e9 transmis \u00e0 l&#039;APS, le Commissariat\" \/>\n\t<meta name=\"robots\" content=\"max-image-preview:large\" \/>\n\t<meta name=\"author\" content=\"admin\"\/>\n\t<link rel=\"canonical\" href=\"https:\/\/lasentinelle.dz\/index.php\/2026\/09\/05\/festival-national-du-theatre-amateur-louverture-de-la-57e-edition-du-reportee\/\" \/>\n\t<meta name=\"generator\" content=\"All in One SEO (AIOSEO) 5.0.0.1\" \/>\n\t\t<meta property=\"og:locale\" content=\"fr_FR\" \/>\n\t\t<meta property=\"og:site_name\" content=\"La Sentinelle - Quotidien national d&#039;information\" \/>\n\t\t<meta property=\"og:type\" content=\"article\" \/>\n\t\t<meta property=\"og:title\" content=\"Festival national du th\u00e9\u00e2tre amateur : L\u2019ouverture de la 57e \u00e9dition du report\u00e9e - La Sentinelle\" \/>\n\t\t<meta property=\"og:description\" content=\"Le Commissariat du Festival culturel national du th\u00e9\u00e2tre amateur a annonc\u00e9, mercredi, le report de la 57e \u00e9dition de cette manifestation, initialement programm\u00e9e du 3 au 8 septembre \u00e0 Mostaganem, en application des directives du minist\u00e8re de la Culture suite aux incendies qui ont frapp\u00e9 plusieurs wilayas. Dans un communiqu\u00e9 transmis \u00e0 l&#039;APS, le Commissariat\" \/>\n\t\t<meta property=\"og:url\" content=\"https:\/\/lasentinelle.dz\/index.php\/2026\/09\/05\/festival-national-du-theatre-amateur-louverture-de-la-57e-edition-du-reportee\/\" \/>\n\t\t<meta property=\"og:image\" content=\"https:\/\/lasentinelle.dz\/wp-content\/uploads\/2021\/09\/cropped-la-sentinelle-earth-golden-anima-5.gif\" \/>\n\t\t<meta property=\"og:image:secure_url\" content=\"https:\/\/lasentinelle.dz\/wp-content\/uploads\/2021\/09\/cropped-la-sentinelle-earth-golden-anima-5.gif\" \/>\n\t\t<meta property=\"og:image:width\" content=\"450\" \/>\n\t\t<meta property=\"og:image:height\" content=\"213\" \/>\n\t\t<meta property=\"article:published_time\" content=\"2026-09-05T20:50:41+00:00\" \/>\n\t\t<meta property=\"article:modified_time\" content=\"2026-09-05T20:50:49+00:00\" \/>\n\t\t<meta property=\"article:publisher\" content=\"https:\/\/www.facebook.com\/azzedine.lasentinelle.1\" \/>\n\t\t<meta name=\"twitter:card\" content=\"summary_large_image\" \/>\n\t\t<meta name=\"twitter:title\" content=\"Festival national du th\u00e9\u00e2tre amateur : L\u2019ouverture de la 57e \u00e9dition du report\u00e9e - La Sentinelle\" \/>\n\t\t<meta name=\"twitter:description\" content=\"Le Commissariat du Festival culturel national du th\u00e9\u00e2tre amateur a annonc\u00e9, mercredi, le report de la 57e \u00e9dition de cette manifestation, initialement programm\u00e9e du 3 au 8 septembre \u00e0 Mostaganem, en application des directives du minist\u00e8re de la Culture suite aux incendies qui ont frapp\u00e9 plusieurs wilayas. Dans un communiqu\u00e9 transmis \u00e0 l&#039;APS, le Commissariat\" \/>\n\t\t<meta name=\"twitter:image\" content=\"https:\/\/lasentinelle.dz\/wp-content\/uploads\/2021\/09\/cropped-la-sentinelle-earth-golden-anima-5.gif\" \/>\n\t\t<script type=\"application\/ld+json\" class=\"aioseo-schema\">\n\t\t\t{\"@context\":\"https:\\\/\\\/schema.org\",\"@graph\":[{\"@type\":\"BlogPosting\",\"@id\":\"https:\\\/\\\/lasentinelle.dz\\\/index.php\\\/2026\\\/09\\\/05\\\/festival-national-du-theatre-amateur-louverture-de-la-57e-edition-du-reportee\\\/#blogposting\",\"name\":\"Festival national du th\\u00e9\\u00e2tre amateur : L\\u2019ouverture de la 57e \\u00e9dition du report\\u00e9e - La Sentinelle\",\"headline\":\"Festival national du th\\u00e9\\u00e2tre amateur\\u00a0: L\\u2019ouverture de la 57e \\u00e9dition du report\\u00e9e\",\"author\":{\"@id\":\"https:\\\/\\\/lasentinelle.dz\\\/author\\\/admin\\\/#author\"},\"publisher\":{\"@id\":\"https:\\\/\\\/lasentinelle.dz\\\/#organization\"},\"image\":{\"@type\":\"ImageObject\",\"url\":\"https:\\\/\\\/lasentinelle.dz\\\/wp-content\\\/uploads\\\/2025\\\/07\\\/theatre.jpeg\",\"width\":1000,\"height\":700},\"datePublished\":\"2026-09-05T21:50:41+01:00\",\"dateModified\":\"2026-09-05T21:50:49+01:00\",\"inLanguage\":\"fr-FR\",\"mainEntityOfPage\":{\"@id\":\"https:\\\/\\\/lasentinelle.dz\\\/index.php\\\/2026\\\/09\\\/05\\\/festival-national-du-theatre-amateur-louverture-de-la-57e-edition-du-reportee\\\/#webpage\"},\"isPartOf\":{\"@id\":\"https:\\\/\\\/lasentinelle.dz\\\/index.php\\\/2026\\\/09\\\/05\\\/festival-national-du-theatre-amateur-louverture-de-la-57e-edition-du-reportee\\\/#webpage\"},\"articleSection\":\"Culture\"},{\"@type\":\"BreadcrumbList\",\"@id\":\"https:\\\/\\\/lasentinelle.dz\\\/index.php\\\/2026\\\/09\\\/05\\\/festival-national-du-theatre-amateur-louverture-de-la-57e-edition-du-reportee\\\/#breadcrumblist\",\"itemListElement\":[{\"@type\":\"ListItem\",\"@id\":\"https:\\\/\\\/lasentinelle.dz#listItem\",\"position\":1,\"name\":\"Home\",\"item\":\"https:\\\/\\\/lasentinelle.dz\",\"nextItem\":{\"@type\":\"ListItem\",\"@id\":\"https:\\\/\\\/lasentinelle.dz\\\/index.php\\\/category\\\/culture\\\/#listItem\",\"name\":\"Culture\"}},{\"@type\":\"ListItem\",\"@id\":\"https:\\\/\\\/lasentinelle.dz\\\/index.php\\\/category\\\/culture\\\/#listItem\",\"position\":2,\"name\":\"Culture\",\"item\":\"https:\\\/\\\/lasentinelle.dz\\\/index.php\\\/category\\\/culture\\\/\",\"nextItem\":{\"@type\":\"ListItem\",\"@id\":\"https:\\\/\\\/lasentinelle.dz\\\/index.php\\\/2026\\\/09\\\/05\\\/festival-national-du-theatre-amateur-louverture-de-la-57e-edition-du-reportee\\\/#listItem\",\"name\":\"Festival national du th\\u00e9\\u00e2tre amateur\\u00a0: L\\u2019ouverture de la 57e \\u00e9dition du report\\u00e9e\"},\"previousItem\":{\"@type\":\"ListItem\",\"@id\":\"https:\\\/\\\/lasentinelle.dz#listItem\",\"name\":\"Home\"}},{\"@type\":\"ListItem\",\"@id\":\"https:\\\/\\\/lasentinelle.dz\\\/index.php\\\/2026\\\/09\\\/05\\\/festival-national-du-theatre-amateur-louverture-de-la-57e-edition-du-reportee\\\/#listItem\",\"position\":3,\"name\":\"Festival national du th\\u00e9\\u00e2tre amateur\\u00a0: L\\u2019ouverture de la 57e \\u00e9dition du report\\u00e9e\",\"previousItem\":{\"@type\":\"ListItem\",\"@id\":\"https:\\\/\\\/lasentinelle.dz\\\/index.php\\\/category\\\/culture\\\/#listItem\",\"name\":\"Culture\"}}]},{\"@type\":\"Organization\",\"@id\":\"https:\\\/\\\/lasentinelle.dz\\\/#organization\",\"name\":\"La Sentinelle La Sentinelle\",\"description\":\"Quotidien national d'information\",\"url\":\"https:\\\/\\\/lasentinelle.dz\\\/\",\"logo\":{\"@type\":\"ImageObject\",\"url\":\"https:\\\/\\\/lasentinelle.dz\\\/wp-content\\\/uploads\\\/2021\\\/09\\\/cropped-la-sentinelle-earth-golden-anima-5.gif\",\"@id\":\"https:\\\/\\\/lasentinelle.dz\\\/index.php\\\/2026\\\/09\\\/05\\\/festival-national-du-theatre-amateur-louverture-de-la-57e-edition-du-reportee\\\/#organizationLogo\",\"width\":450,\"height\":213},\"image\":{\"@id\":\"https:\\\/\\\/lasentinelle.dz\\\/index.php\\\/2026\\\/09\\\/05\\\/festival-national-du-theatre-amateur-louverture-de-la-57e-edition-du-reportee\\\/#organizationLogo\"},\"sameAs\":[\"https:\\\/\\\/www.facebook.com\\\/azzedine.lasentinelle.1\"]},{\"@type\":\"Person\",\"@id\":\"https:\\\/\\\/lasentinelle.dz\\\/author\\\/admin\\\/#author\",\"url\":\"https:\\\/\\\/lasentinelle.dz\\\/author\\\/admin\\\/\",\"name\":\"admin\",\"image\":{\"@type\":\"ImageObject\",\"@id\":\"https:\\\/\\\/lasentinelle.dz\\\/index.php\\\/2026\\\/09\\\/05\\\/festival-national-du-theatre-amateur-louverture-de-la-57e-edition-du-reportee\\\/#authorImage\",\"url\":\"https:\\\/\\\/secure.gravatar.com\\\/avatar\\\/4c81fed838786e9b53f540bf46533e750f5d292099ae3b66cfc6fb1982e29df7?s=96&d=mm&r=g\",\"width\":96,\"height\":96,\"caption\":\"admin\"}},{\"@type\":\"WebPage\",\"@id\":\"https:\\\/\\\/lasentinelle.dz\\\/index.php\\\/2026\\\/09\\\/05\\\/festival-national-du-theatre-amateur-louverture-de-la-57e-edition-du-reportee\\\/#webpage\",\"url\":\"https:\\\/\\\/lasentinelle.dz\\\/index.php\\\/2026\\\/09\\\/05\\\/festival-national-du-theatre-amateur-louverture-de-la-57e-edition-du-reportee\\\/\",\"name\":\"Festival national du th\\u00e9\\u00e2tre amateur : L\\u2019ouverture de la 57e \\u00e9dition du report\\u00e9e - La Sentinelle\",\"description\":\"Le Commissariat du Festival culturel national du th\\u00e9\\u00e2tre amateur a annonc\\u00e9, mercredi, le report de la 57e \\u00e9dition de cette manifestation, initialement programm\\u00e9e du 3 au 8 septembre \\u00e0 Mostaganem, en application des directives du minist\\u00e8re de la Culture suite aux incendies qui ont frapp\\u00e9 plusieurs wilayas. Dans un communiqu\\u00e9 transmis \\u00e0 l'APS, le Commissariat\",\"inLanguage\":\"fr-FR\",\"isPartOf\":{\"@id\":\"https:\\\/\\\/lasentinelle.dz\\\/#website\"},\"breadcrumb\":{\"@id\":\"https:\\\/\\\/lasentinelle.dz\\\/index.php\\\/2026\\\/09\\\/05\\\/festival-national-du-theatre-amateur-louverture-de-la-57e-edition-du-reportee\\\/#breadcrumblist\"},\"author\":{\"@id\":\"https:\\\/\\\/lasentinelle.dz\\\/author\\\/admin\\\/#author\"},\"creator\":{\"@id\":\"https:\\\/\\\/lasentinelle.dz\\\/author\\\/admin\\\/#author\"},\"image\":{\"@type\":\"ImageObject\",\"url\":\"https:\\\/\\\/lasentinelle.dz\\\/wp-content\\\/uploads\\\/2025\\\/07\\\/theatre.jpeg\",\"@id\":\"https:\\\/\\\/lasentinelle.dz\\\/index.php\\\/2026\\\/09\\\/05\\\/festival-national-du-theatre-amateur-louverture-de-la-57e-edition-du-reportee\\\/#mainImage\",\"width\":1000,\"height\":700},\"primaryImageOfPage\":{\"@id\":\"https:\\\/\\\/lasentinelle.dz\\\/index.php\\\/2026\\\/09\\\/05\\\/festival-national-du-theatre-amateur-louverture-de-la-57e-edition-du-reportee\\\/#mainImage\"},\"datePublished\":\"2026-09-05T21:50:41+01:00\",\"dateModified\":\"2026-09-05T21:50:49+01:00\"},{\"@type\":\"WebSite\",\"@id\":\"https:\\\/\\\/lasentinelle.dz\\\/#website\",\"url\":\"https:\\\/\\\/lasentinelle.dz\\\/\",\"name\":\"La Sentinelle\",\"description\":\"Quotidien national d'information\",\"inLanguage\":\"fr-FR\",\"publisher\":{\"@id\":\"https:\\\/\\\/lasentinelle.dz\\\/#organization\"}}]}\n\t\t<\/script>\n\t\t<!-- All in One SEO -->\n\n","aioseo_head_json":{"title":"Festival national du th\u00e9\u00e2tre amateur : L\u2019ouverture de la 57e \u00e9dition du report\u00e9e - La Sentinelle","description":"Le Commissariat du Festival culturel national du th\u00e9\u00e2tre amateur a annonc\u00e9, mercredi, le report de la 57e \u00e9dition de cette manifestation, initialement programm\u00e9e du 3 au 8 septembre \u00e0 Mostaganem, en application des directives du minist\u00e8re de la Culture suite aux incendies qui ont frapp\u00e9 plusieurs wilayas. Dans un communiqu\u00e9 transmis \u00e0 l'APS, le Commissariat","canonical_url":"https:\/\/lasentinelle.dz\/index.php\/2026\/09\/05\/festival-national-du-theatre-amateur-louverture-de-la-57e-edition-du-reportee\/","robots":"max-image-preview:large","keywords":"","webmasterTools":{"miscellaneous":""},"schema":{"@context":"https:\/\/schema.org","@graph":[{"@type":"BlogPosting","@id":"https:\/\/lasentinelle.dz\/index.php\/2026\/09\/05\/festival-national-du-theatre-amateur-louverture-de-la-57e-edition-du-reportee\/#blogposting","name":"Festival national du th\u00e9\u00e2tre amateur : L\u2019ouverture de la 57e \u00e9dition du report\u00e9e - La Sentinelle","headline":"Festival national du th\u00e9\u00e2tre amateur\u00a0: L\u2019ouverture de la 57e \u00e9dition du report\u00e9e","author":{"@id":"https:\/\/lasentinelle.dz\/author\/admin\/#author"},"publisher":{"@id":"https:\/\/lasentinelle.dz\/#organization"},"image":{"@type":"ImageObject","url":"https:\/\/lasentinelle.dz\/wp-content\/uploads\/2025\/07\/theatre.jpeg","width":1000,"height":700},"datePublished":"2026-09-05T21:50:41+01:00","dateModified":"2026-09-05T21:50:49+01:00","inLanguage":"fr-FR","mainEntityOfPage":{"@id":"https:\/\/lasentinelle.dz\/index.php\/2026\/09\/05\/festival-national-du-theatre-amateur-louverture-de-la-57e-edition-du-reportee\/#webpage"},"isPartOf":{"@id":"https:\/\/lasentinelle.dz\/index.php\/2026\/09\/05\/festival-national-du-theatre-amateur-louverture-de-la-57e-edition-du-reportee\/#webpage"},"articleSection":"Culture"},{"@type":"BreadcrumbList","@id":"https:\/\/lasentinelle.dz\/index.php\/2026\/09\/05\/festival-national-du-theatre-amateur-louverture-de-la-57e-edition-du-reportee\/#breadcrumblist","itemListElement":[{"@type":"ListItem","@id":"https:\/\/lasentinelle.dz#listItem","position":1,"name":"Home","item":"https:\/\/lasentinelle.dz","nextItem":{"@type":"ListItem","@id":"https:\/\/lasentinelle.dz\/index.php\/category\/culture\/#listItem","name":"Culture"}},{"@type":"ListItem","@id":"https:\/\/lasentinelle.dz\/index.php\/category\/culture\/#listItem","position":2,"name":"Culture","item":"https:\/\/lasentinelle.dz\/index.php\/category\/culture\/","nextItem":{"@type":"ListItem","@id":"https:\/\/lasentinelle.dz\/index.php\/2026\/09\/05\/festival-national-du-theatre-amateur-louverture-de-la-57e-edition-du-reportee\/#listItem","name":"Festival national du th\u00e9\u00e2tre amateur\u00a0: L\u2019ouverture de la 57e \u00e9dition du report\u00e9e"},"previousItem":{"@type":"ListItem","@id":"https:\/\/lasentinelle.dz#listItem","name":"Home"}},{"@type":"ListItem","@id":"https:\/\/lasentinelle.dz\/index.php\/2026\/09\/05\/festival-national-du-theatre-amateur-louverture-de-la-57e-edition-du-reportee\/#listItem","position":3,"name":"Festival national du th\u00e9\u00e2tre amateur\u00a0: L\u2019ouverture de la 57e \u00e9dition du report\u00e9e","previousItem":{"@type":"ListItem","@id":"https:\/\/lasentinelle.dz\/index.php\/category\/culture\/#listItem","name":"Culture"}}]},{"@type":"Organization","@id":"https:\/\/lasentinelle.dz\/#organization","name":"La Sentinelle La Sentinelle","description":"Quotidien national d'information","url":"https:\/\/lasentinelle.dz\/","logo":{"@type":"ImageObject","url":"https:\/\/lasentinelle.dz\/wp-content\/uploads\/2021\/09\/cropped-la-sentinelle-earth-golden-anima-5.gif","@id":"https:\/\/lasentinelle.dz\/index.php\/2026\/09\/05\/festival-national-du-theatre-amateur-louverture-de-la-57e-edition-du-reportee\/#organizationLogo","width":450,"height":213},"image":{"@id":"https:\/\/lasentinelle.dz\/index.php\/2026\/09\/05\/festival-national-du-theatre-amateur-louverture-de-la-57e-edition-du-reportee\/#organizationLogo"},"sameAs":["https:\/\/www.facebook.com\/azzedine.lasentinelle.1"]},{"@type":"Person","@id":"https:\/\/lasentinelle.dz\/author\/admin\/#author","url":"https:\/\/lasentinelle.dz\/author\/admin\/","name":"admin","image":{"@type":"ImageObject","@id":"https:\/\/lasentinelle.dz\/index.php\/2026\/09\/05\/festival-national-du-theatre-amateur-louverture-de-la-57e-edition-du-reportee\/#authorImage","url":"https:\/\/secure.gravatar.com\/avatar\/4c81fed838786e9b53f540bf46533e750f5d292099ae3b66cfc6fb1982e29df7?s=96&d=mm&r=g","width":96,"height":96,"caption":"admin"}},{"@type":"WebPage","@id":"https:\/\/lasentinelle.dz\/index.php\/2026\/09\/05\/festival-national-du-theatre-amateur-louverture-de-la-57e-edition-du-reportee\/#webpage","url":"https:\/\/lasentinelle.dz\/index.php\/2026\/09\/05\/festival-national-du-theatre-amateur-louverture-de-la-57e-edition-du-reportee\/","name":"Festival national du th\u00e9\u00e2tre amateur : L\u2019ouverture de la 57e \u00e9dition du report\u00e9e - La Sentinelle","description":"Le Commissariat du Festival culturel national du th\u00e9\u00e2tre amateur a annonc\u00e9, mercredi, le report de la 57e \u00e9dition de cette manifestation, initialement programm\u00e9e du 3 au 8 septembre \u00e0 Mostaganem, en application des directives du minist\u00e8re de la Culture suite aux incendies qui ont frapp\u00e9 plusieurs wilayas. Dans un communiqu\u00e9 transmis \u00e0 l'APS, le Commissariat","inLanguage":"fr-FR","isPartOf":{"@id":"https:\/\/lasentinelle.dz\/#website"},"breadcrumb":{"@id":"https:\/\/lasentinelle.dz\/index.php\/2026\/09\/05\/festival-national-du-theatre-amateur-louverture-de-la-57e-edition-du-reportee\/#breadcrumblist"},"author":{"@id":"https:\/\/lasentinelle.dz\/author\/admin\/#author"},"creator":{"@id":"https:\/\/lasentinelle.dz\/author\/admin\/#author"},"image":{"@type":"ImageObject","url":"https:\/\/lasentinelle.dz\/wp-content\/uploads\/2025\/07\/theatre.jpeg","@id":"https:\/\/lasentinelle.dz\/index.php\/2026\/09\/05\/festival-national-du-theatre-amateur-louverture-de-la-57e-edition-du-reportee\/#mainImage","width":1000,"height":700},"primaryImageOfPage":{"@id":"https:\/\/lasentinelle.dz\/index.php\/2026\/09\/05\/festival-national-du-theatre-amateur-louverture-de-la-57e-edition-du-reportee\/#mainImage"},"datePublished":"2026-09-05T21:50:41+01:00","dateModified":"2026-09-05T21:50:49+01:00"},{"@type":"WebSite","@id":"https:\/\/lasentinelle.dz\/#website","url":"https:\/\/lasentinelle.dz\/","name":"La Sentinelle","description":"Quotidien national d'information","inLanguage":"fr-FR","publisher":{"@id":"https:\/\/lasentinelle.dz\/#organization"}}]},"og:locale":"fr_FR","og:site_name":"La Sentinelle - Quotidien national d'information","og:type":"article","og:title":"Festival national du th\u00e9\u00e2tre amateur : L\u2019ouverture de la 57e \u00e9dition du report\u00e9e - La Sentinelle","og:description":"Le Commissariat du Festival culturel national du th\u00e9\u00e2tre amateur a annonc\u00e9, mercredi, le report de la 57e \u00e9dition de cette manifestation, initialement programm\u00e9e du 3 au 8 septembre \u00e0 Mostaganem, en application des directives du minist\u00e8re de la Culture suite aux incendies qui ont frapp\u00e9 plusieurs wilayas. Dans un communiqu\u00e9 transmis \u00e0 l'APS, le Commissariat","og:url":"https:\/\/lasentinelle.dz\/index.php\/2026\/09\/05\/festival-national-du-theatre-amateur-louverture-de-la-57e-edition-du-reportee\/","og:image":"https:\/\/lasentinelle.dz\/wp-content\/uploads\/2021\/09\/cropped-la-sentinelle-earth-golden-anima-5.gif","og:image:secure_url":"https:\/\/lasentinelle.dz\/wp-content\/uploads\/2021\/09\/cropped-la-sentinelle-earth-golden-anima-5.gif","og:image:width":450,"og:image:height":213,"article:published_time":"2026-09-05T20:50:41+00:00","article:modified_time":"2026-09-05T20:50:49+00:00","article:publisher":"https:\/\/www.facebook.com\/azzedine.lasentinelle.1","twitter:card":"summary_large_image","twitter:title":"Festival national du th\u00e9\u00e2tre amateur : L\u2019ouverture de la 57e \u00e9dition du report\u00e9e - La Sentinelle","twitter:description":"Le Commissariat du Festival culturel national du th\u00e9\u00e2tre amateur a annonc\u00e9, mercredi, le report de la 57e \u00e9dition de cette manifestation, initialement programm\u00e9e du 3 au 8 septembre \u00e0 Mostaganem, en application des directives du minist\u00e8re de la Culture suite aux incendies qui ont frapp\u00e9 plusieurs wilayas. Dans un communiqu\u00e9 transmis \u00e0 l'APS, le Commissariat","twitter:image":"https:\/\/lasentinelle.dz\/wp-content\/uploads\/2021\/09\/cropped-la-sentinelle-earth-golden-anima-5.gif"},"aioseo_meta_data":{"post_id":"94997","title":null,"description":null,"keywords":null,"keyphrases":{"focus":{"keyphrase":"","score":0,"analysis":{"keyphraseInTitle":{"score":0,"maxScore":9,"error":1}}},"additional":[]},"primary_term":null,"canonical_url":null,"og_title":null,"og_description":null,"og_object_type":"default","og_image_type":"default","og_image_url":null,"og_image_width":null,"og_image_height":null,"og_image_custom_url":null,"og_image_custom_fields":null,"og_video":"","og_custom_url":null,"og_article_section":null,"og_article_tags":null,"twitter_use_og":false,"twitter_card":"default","twitter_image_type":"default","twitter_image_url":null,"twitter_image_custom_url":null,"twitter_image_custom_fields":null,"twitter_title":null,"twitter_description":null,"schema":{"blockGraphs":[],"customGraphs":[],"default":{"data":{"Article":[],"Course":[],"Dataset":[],"FAQPage":[],"Movie":[],"Person":[],"Product":[],"ProductReview":[],"Car":[],"Recipe":[],"Service":[],"SoftwareApplication":[],"WebPage":[]},"graphName":"BlogPosting","isEnabled":true},"graphs":[]},"schema_type":"default","schema_type_options":null,"pillar_content":false,"robots_default":true,"robots_noindex":false,"robots_noarchive":false,"robots_nosnippet":false,"robots_nofollow":false,"robots_noimageindex":false,"robots_noodp":false,"robots_notranslate":false,"robots_max_snippet":"-1","robots_max_videopreview":"-1","robots_max_imagepreview":"large","priority":null,"frequency":"default","local_seo":null,"breadcrumb_settings":null,"limit_modified_date":false,"ai":{"faqs":[],"keyPoints":[],"schemas":[],"titles":[],"descriptions":[],"socialPosts":{"email":{"subject":"","preview":"","content":""},"linkedin":[],"twitter":[],"facebook":[],"instagram":[]}},"created":"2026-09-05 20:50:49","updated":"2026-09-05 22:00:27","focus_keyword":null,"additional_keywords":null,"truseo_locale":null,"seo_analyzer_scan_date":null},"aioseo_breadcrumb":"<div class=\"aioseo-breadcrumbs\"><span class=\"aioseo-breadcrumb\">\n\t\t\t<a href=\"https:\/\/lasentinelle.dz\" title=\"Home\">Home<\/a>\n\t\t<\/span><span class=\"aioseo-breadcrumb-separator\">&raquo;<\/span><span class=\"aioseo-breadcrumb\">\n\t\t\t<a href=\"https:\/\/lasentinelle.dz\/index.php\/category\/culture\/\" title=\"Culture\">Culture<\/a>\n\t\t<\/span><span class=\"aioseo-breadcrumb-separator\">&raquo;<\/span><span class=\"aioseo-breadcrumb\">\n\t\t\tFestival national du th\u00e9\u00e2tre amateur : L\u2019ouverture de la 57e \u00e9dition du report\u00e9e\n\t\t<\/span><\/div>","aioseo_breadcrumb_json":[{"label":"Home","link":"https:\/\/lasentinelle.dz"},{"label":"Culture","link":"https:\/\/lasentinelle.dz\/index.php\/category\/culture\/"},{"label":"Festival national du th\u00e9\u00e2tre amateur\u00a0: L\u2019ouverture de la 57e \u00e9dition du report\u00e9e","link":"https:\/\/lasentinelle.dz\/index.php\/2026\/09\/05\/festival-national-du-theatre-amateur-louverture-de-la-57e-edition-du-reportee\/"}],"yoast_head":"<!-- This site is optimized with the Yoast SEO plugin v28.4 - https:\/\/yoast.com\/product\/yoast-seo-wordpress\/ -->\n<title>Festival national du th\u00e9\u00e2tre amateur\u00a0: L\u2019ouverture de la 57e \u00e9dition du report\u00e9e - La Sentinelle<\/title>\n<meta name=\"robots\" content=\"index, follow, max-snippet:-1, max-image-preview:large, max-video-preview:-1\" \/>\n<link rel=\"canonical\" href=\"https:\/\/lasentinelle.dz\/index.php\/2026\/09\/05\/festival-national-du-theatre-amateur-louverture-de-la-57e-edition-du-reportee\/\" \/>\n<meta property=\"og:locale\" content=\"fr_FR\" \/>\n<meta property=\"og:type\" content=\"article\" \/>\n<meta property=\"og:title\" content=\"Festival national du th\u00e9\u00e2tre amateur\u00a0: L\u2019ouverture de la 57e \u00e9dition du report\u00e9e - La Sentinelle\" \/>\n<meta property=\"og:description\" content=\"Le Commissariat du Festival culturel national du th\u00e9\u00e2tre amateur a annonc\u00e9, mercredi, le report de la 57e \u00e9dition de cette\" \/>\n<meta property=\"og:url\" content=\"https:\/\/lasentinelle.dz\/index.php\/2026\/09\/05\/festival-national-du-theatre-amateur-louverture-de-la-57e-edition-du-reportee\/\" \/>\n<meta property=\"og:site_name\" content=\"La Sentinelle\" \/>\n<meta property=\"article:publisher\" content=\"https:\/\/www.facebook.com\/La-Sentinelle-104059864394773\" \/>\n<meta property=\"article:published_time\" content=\"2026-09-05T20:50:41+00:00\" \/>\n<meta property=\"article:modified_time\" content=\"2026-09-05T20:50:49+00:00\" \/>\n<meta property=\"og:image\" content=\"https:\/\/lasentinelle.dz\/wp-content\/uploads\/2025\/07\/theatre.jpeg\" \/>\n\t<meta property=\"og:image:width\" content=\"1000\" \/>\n\t<meta property=\"og:image:height\" content=\"700\" \/>\n\t<meta property=\"og:image:type\" content=\"image\/jpeg\" \/>\n<meta name=\"author\" content=\"admin\" \/>\n<meta name=\"twitter:card\" content=\"summary_large_image\" \/>\n<meta name=\"twitter:label1\" content=\"\u00c9crit par\" \/>\n\t<meta name=\"twitter:data1\" content=\"admin\" \/>\n\t<meta name=\"twitter:label2\" content=\"Dur\u00e9e de lecture estim\u00e9e\" \/>\n\t<meta name=\"twitter:data2\" content=\"3 minutes\" \/>\n<script type=\"application\/ld+json\" class=\"yoast-schema-graph\">{\"@context\":\"https:\\\/\\\/schema.org\",\"@graph\":[{\"@type\":\"Article\",\"@id\":\"https:\\\/\\\/lasentinelle.dz\\\/index.php\\\/2026\\\/09\\\/05\\\/festival-national-du-theatre-amateur-louverture-de-la-57e-edition-du-reportee\\\/#article\",\"isPartOf\":{\"@id\":\"https:\\\/\\\/lasentinelle.dz\\\/index.php\\\/2026\\\/09\\\/05\\\/festival-national-du-theatre-amateur-louverture-de-la-57e-edition-du-reportee\\\/\"},\"author\":{\"name\":\"admin\",\"@id\":\"https:\\\/\\\/lasentinelle.dz\\\/#\\\/schema\\\/person\\\/729ee0024f24e0b8c5ec17232f8e8b41\"},\"headline\":\"Festival national du th\u00e9\u00e2tre amateur\u00a0: L\u2019ouverture de la 57e \u00e9dition du report\u00e9e\",\"datePublished\":\"2026-09-05T20:50:41+00:00\",\"dateModified\":\"2026-09-05T20:50:49+00:00\",\"mainEntityOfPage\":{\"@id\":\"https:\\\/\\\/lasentinelle.dz\\\/index.php\\\/2026\\\/09\\\/05\\\/festival-national-du-theatre-amateur-louverture-de-la-57e-edition-du-reportee\\\/\"},\"wordCount\":529,\"commentCount\":0,\"publisher\":{\"@id\":\"https:\\\/\\\/lasentinelle.dz\\\/#organization\"},\"image\":{\"@id\":\"https:\\\/\\\/lasentinelle.dz\\\/index.php\\\/2026\\\/09\\\/05\\\/festival-national-du-theatre-amateur-louverture-de-la-57e-edition-du-reportee\\\/#primaryimage\"},\"thumbnailUrl\":\"https:\\\/\\\/lasentinelle.dz\\\/wp-content\\\/uploads\\\/2025\\\/07\\\/theatre.jpeg\",\"articleSection\":[\"Culture\"],\"inLanguage\":\"fr-FR\",\"potentialAction\":[{\"@type\":\"CommentAction\",\"name\":\"Comment\",\"target\":[\"https:\\\/\\\/lasentinelle.dz\\\/index.php\\\/2026\\\/09\\\/05\\\/festival-national-du-theatre-amateur-louverture-de-la-57e-edition-du-reportee\\\/#respond\"]}]},{\"@type\":\"WebPage\",\"@id\":\"https:\\\/\\\/lasentinelle.dz\\\/index.php\\\/2026\\\/09\\\/05\\\/festival-national-du-theatre-amateur-louverture-de-la-57e-edition-du-reportee\\\/\",\"url\":\"https:\\\/\\\/lasentinelle.dz\\\/index.php\\\/2026\\\/09\\\/05\\\/festival-national-du-theatre-amateur-louverture-de-la-57e-edition-du-reportee\\\/\",\"name\":\"Festival national du th\u00e9\u00e2tre amateur\u00a0: L\u2019ouverture de la 57e \u00e9dition du report\u00e9e - La Sentinelle\",\"isPartOf\":{\"@id\":\"https:\\\/\\\/lasentinelle.dz\\\/#website\"},\"primaryImageOfPage\":{\"@id\":\"https:\\\/\\\/lasentinelle.dz\\\/index.php\\\/2026\\\/09\\\/05\\\/festival-national-du-theatre-amateur-louverture-de-la-57e-edition-du-reportee\\\/#primaryimage\"},\"image\":{\"@id\":\"https:\\\/\\\/lasentinelle.dz\\\/index.php\\\/2026\\\/09\\\/05\\\/festival-national-du-theatre-amateur-louverture-de-la-57e-edition-du-reportee\\\/#primaryimage\"},\"thumbnailUrl\":\"https:\\\/\\\/lasentinelle.dz\\\/wp-content\\\/uploads\\\/2025\\\/07\\\/theatre.jpeg\",\"datePublished\":\"2026-09-05T20:50:41+00:00\",\"dateModified\":\"2026-09-05T20:50:49+00:00\",\"breadcrumb\":{\"@id\":\"https:\\\/\\\/lasentinelle.dz\\\/index.php\\\/2026\\\/09\\\/05\\\/festival-national-du-theatre-amateur-louverture-de-la-57e-edition-du-reportee\\\/#breadcrumb\"},\"inLanguage\":\"fr-FR\",\"potentialAction\":[{\"@type\":\"ReadAction\",\"target\":[\"https:\\\/\\\/lasentinelle.dz\\\/index.php\\\/2026\\\/09\\\/05\\\/festival-national-du-theatre-amateur-louverture-de-la-57e-edition-du-reportee\\\/\"]}]},{\"@type\":\"ImageObject\",\"inLanguage\":\"fr-FR\",\"@id\":\"https:\\\/\\\/lasentinelle.dz\\\/index.php\\\/2026\\\/09\\\/05\\\/festival-national-du-theatre-amateur-louverture-de-la-57e-edition-du-reportee\\\/#primaryimage\",\"url\":\"https:\\\/\\\/lasentinelle.dz\\\/wp-content\\\/uploads\\\/2025\\\/07\\\/theatre.jpeg\",\"contentUrl\":\"https:\\\/\\\/lasentinelle.dz\\\/wp-content\\\/uploads\\\/2025\\\/07\\\/theatre.jpeg\",\"width\":1000,\"height\":700},{\"@type\":\"BreadcrumbList\",\"@id\":\"https:\\\/\\\/lasentinelle.dz\\\/index.php\\\/2026\\\/09\\\/05\\\/festival-national-du-theatre-amateur-louverture-de-la-57e-edition-du-reportee\\\/#breadcrumb\",\"itemListElement\":[{\"@type\":\"ListItem\",\"position\":1,\"name\":\"Accueil\",\"item\":\"https:\\\/\\\/lasentinelle.dz\\\/\"},{\"@type\":\"ListItem\",\"position\":2,\"name\":\"Festival national du th\u00e9\u00e2tre amateur\u00a0: L\u2019ouverture de la 57e \u00e9dition du report\u00e9e\"}]},{\"@type\":\"WebSite\",\"@id\":\"https:\\\/\\\/lasentinelle.dz\\\/#website\",\"url\":\"https:\\\/\\\/lasentinelle.dz\\\/\",\"name\":\"La Sentinelle\",\"description\":\"Quotidien national d&#039;information\",\"publisher\":{\"@id\":\"https:\\\/\\\/lasentinelle.dz\\\/#organization\"},\"potentialAction\":[{\"@type\":\"SearchAction\",\"target\":{\"@type\":\"EntryPoint\",\"urlTemplate\":\"https:\\\/\\\/lasentinelle.dz\\\/?s={search_term_string}\"},\"query-input\":{\"@type\":\"PropertyValueSpecification\",\"valueRequired\":true,\"valueName\":\"search_term_string\"}}],\"inLanguage\":\"fr-FR\"},{\"@type\":\"Organization\",\"@id\":\"https:\\\/\\\/lasentinelle.dz\\\/#organization\",\"name\":\"Quotidien La Sentinelle\",\"url\":\"https:\\\/\\\/lasentinelle.dz\\\/\",\"logo\":{\"@type\":\"ImageObject\",\"inLanguage\":\"fr-FR\",\"@id\":\"https:\\\/\\\/lasentinelle.dz\\\/#\\\/schema\\\/logo\\\/image\\\/\",\"url\":\"https:\\\/\\\/lasentinelle.dz\\\/wp-content\\\/uploads\\\/2021\\\/09\\\/logo-sentinelleSLOGAN-1.png\",\"contentUrl\":\"https:\\\/\\\/lasentinelle.dz\\\/wp-content\\\/uploads\\\/2021\\\/09\\\/logo-sentinelleSLOGAN-1.png\",\"width\":615,\"height\":142,\"caption\":\"Quotidien La Sentinelle\"},\"image\":{\"@id\":\"https:\\\/\\\/lasentinelle.dz\\\/#\\\/schema\\\/logo\\\/image\\\/\"},\"sameAs\":[\"https:\\\/\\\/www.facebook.com\\\/La-Sentinelle-104059864394773\"]},{\"@type\":\"Person\",\"@id\":\"https:\\\/\\\/lasentinelle.dz\\\/#\\\/schema\\\/person\\\/729ee0024f24e0b8c5ec17232f8e8b41\",\"name\":\"admin\",\"image\":{\"@type\":\"ImageObject\",\"inLanguage\":\"fr-FR\",\"@id\":\"https:\\\/\\\/secure.gravatar.com\\\/avatar\\\/4c81fed838786e9b53f540bf46533e750f5d292099ae3b66cfc6fb1982e29df7?s=96&d=mm&r=g\",\"url\":\"https:\\\/\\\/secure.gravatar.com\\\/avatar\\\/4c81fed838786e9b53f540bf46533e750f5d292099ae3b66cfc6fb1982e29df7?s=96&d=mm&r=g\",\"contentUrl\":\"https:\\\/\\\/secure.gravatar.com\\\/avatar\\\/4c81fed838786e9b53f540bf46533e750f5d292099ae3b66cfc6fb1982e29df7?s=96&d=mm&r=g\",\"caption\":\"admin\"},\"description\":\"admin\",\"url\":\"https:\\\/\\\/lasentinelle.dz\\\/author\\\/admin\\\/\"}]}<\/script>\n<!-- \/ Yoast SEO plugin. -->","yoast_head_json":{"title":"Festival national du th\u00e9\u00e2tre amateur\u00a0: L\u2019ouverture de la 57e \u00e9dition du report\u00e9e - La Sentinelle","robots":{"index":"index","follow":"follow","max-snippet":"max-snippet:-1","max-image-preview":"max-image-preview:large","max-video-preview":"max-video-preview:-1"},"canonical":"https:\/\/lasentinelle.dz\/index.php\/2026\/09\/05\/festival-national-du-theatre-amateur-louverture-de-la-57e-edition-du-reportee\/","og_locale":"fr_FR","og_type":"article","og_title":"Festival national du th\u00e9\u00e2tre amateur\u00a0: L\u2019ouverture de la 57e \u00e9dition du report\u00e9e - La Sentinelle","og_description":"Le Commissariat du Festival culturel national du th\u00e9\u00e2tre amateur a annonc\u00e9, mercredi, le report de la 57e \u00e9dition de cette","og_url":"https:\/\/lasentinelle.dz\/index.php\/2026\/09\/05\/festival-national-du-theatre-amateur-louverture-de-la-57e-edition-du-reportee\/","og_site_name":"La Sentinelle","article_publisher":"https:\/\/www.facebook.com\/La-Sentinelle-104059864394773","article_published_time":"2026-09-05T20:50:41+00:00","article_modified_time":"2026-09-05T20:50:49+00:00","og_image":[{"width":1000,"height":700,"url":"https:\/\/lasentinelle.dz\/wp-content\/uploads\/2025\/07\/theatre.jpeg","type":"image\/jpeg"}],"author":"admin","twitter_card":"summary_large_image","twitter_misc":{"\u00c9crit par":"admin","Dur\u00e9e de lecture estim\u00e9e":"3 minutes"},"schema":{"@context":"https:\/\/schema.org","@graph":[{"@type":"Article","@id":"https:\/\/lasentinelle.dz\/index.php\/2026\/09\/05\/festival-national-du-theatre-amateur-louverture-de-la-57e-edition-du-reportee\/#article","isPartOf":{"@id":"https:\/\/lasentinelle.dz\/index.php\/2026\/09\/05\/festival-national-du-theatre-amateur-louverture-de-la-57e-edition-du-reportee\/"},"author":{"name":"admin","@id":"https:\/\/lasentinelle.dz\/#\/schema\/person\/729ee0024f24e0b8c5ec17232f8e8b41"},"headline":"Festival national du th\u00e9\u00e2tre amateur\u00a0: L\u2019ouverture de la 57e \u00e9dition du report\u00e9e","datePublished":"2026-09-05T20:50:41+00:00","dateModified":"2026-09-05T20:50:49+00:00","mainEntityOfPage":{"@id":"https:\/\/lasentinelle.dz\/index.php\/2026\/09\/05\/festival-national-du-theatre-amateur-louverture-de-la-57e-edition-du-reportee\/"},"wordCount":529,"commentCount":0,"publisher":{"@id":"https:\/\/lasentinelle.dz\/#organization"},"image":{"@id":"https:\/\/lasentinelle.dz\/index.php\/2026\/09\/05\/festival-national-du-theatre-amateur-louverture-de-la-57e-edition-du-reportee\/#primaryimage"},"thumbnailUrl":"https:\/\/lasentinelle.dz\/wp-content\/uploads\/2025\/07\/theatre.jpeg","articleSection":["Culture"],"inLanguage":"fr-FR","potentialAction":[{"@type":"CommentAction","name":"Comment","target":["https:\/\/lasentinelle.dz\/index.php\/2026\/09\/05\/festival-national-du-theatre-amateur-louverture-de-la-57e-edition-du-reportee\/#respond"]}]},{"@type":"WebPage","@id":"https:\/\/lasentinelle.dz\/index.php\/2026\/09\/05\/festival-national-du-theatre-amateur-louverture-de-la-57e-edition-du-reportee\/","url":"https:\/\/lasentinelle.dz\/index.php\/2026\/09\/05\/festival-national-du-theatre-amateur-louverture-de-la-57e-edition-du-reportee\/","name":"Festival national du th\u00e9\u00e2tre amateur\u00a0: L\u2019ouverture de la 57e \u00e9dition du report\u00e9e - La Sentinelle","isPartOf":{"@id":"https:\/\/lasentinelle.dz\/#website"},"primaryImageOfPage":{"@id":"https:\/\/lasentinelle.dz\/index.php\/2026\/09\/05\/festival-national-du-theatre-amateur-louverture-de-la-57e-edition-du-reportee\/#primaryimage"},"image":{"@id":"https:\/\/lasentinelle.dz\/index.php\/2026\/09\/05\/festival-national-du-theatre-amateur-louverture-de-la-57e-edition-du-reportee\/#primaryimage"},"thumbnailUrl":"https:\/\/lasentinelle.dz\/wp-content\/uploads\/2025\/07\/theatre.jpeg","datePublished":"2026-09-05T20:50:41+00:00","dateModified":"2026-09-05T20:50:49+00:00","breadcrumb":{"@id":"https:\/\/lasentinelle.dz\/index.php\/2026\/09\/05\/festival-national-du-theatre-amateur-louverture-de-la-57e-edition-du-reportee\/#breadcrumb"},"inLanguage":"fr-FR","potentialAction":[{"@type":"ReadAction","target":["https:\/\/lasentinelle.dz\/index.php\/2026\/09\/05\/festival-national-du-theatre-amateur-louverture-de-la-57e-edition-du-reportee\/"]}]},{"@type":"ImageObject","inLanguage":"fr-FR","@id":"https:\/\/lasentinelle.dz\/index.php\/2026\/09\/05\/festival-national-du-theatre-amateur-louverture-de-la-57e-edition-du-reportee\/#primaryimage","url":"https:\/\/lasentinelle.dz\/wp-content\/uploads\/2025\/07\/theatre.jpeg","contentUrl":"https:\/\/lasentinelle.dz\/wp-content\/uploads\/2025\/07\/theatre.jpeg","width":1000,"height":700},{"@type":"BreadcrumbList","@id":"https:\/\/lasentinelle.dz\/index.php\/2026\/09\/05\/festival-national-du-theatre-amateur-louverture-de-la-57e-edition-du-reportee\/#breadcrumb","itemListElement":[{"@type":"ListItem","position":1,"name":"Accueil","item":"https:\/\/lasentinelle.dz\/"},{"@type":"ListItem","position":2,"name":"Festival national du th\u00e9\u00e2tre amateur\u00a0: L\u2019ouverture de la 57e \u00e9dition du report\u00e9e"}]},{"@type":"WebSite","@id":"https:\/\/lasentinelle.dz\/#website","url":"https:\/\/lasentinelle.dz\/","name":"La Sentinelle","description":"Quotidien national d&#039;information","publisher":{"@id":"https:\/\/lasentinelle.dz\/#organization"},"potentialAction":[{"@type":"SearchAction","target":{"@type":"EntryPoint","urlTemplate":"https:\/\/lasentinelle.dz\/?s={search_term_string}"},"query-input":{"@type":"PropertyValueSpecification","valueRequired":true,"valueName":"search_term_string"}}],"inLanguage":"fr-FR"},{"@type":"Organization","@id":"https:\/\/lasentinelle.dz\/#organization","name":"Quotidien La Sentinelle","url":"https:\/\/lasentinelle.dz\/","logo":{"@type":"ImageObject","inLanguage":"fr-FR","@id":"https:\/\/lasentinelle.dz\/#\/schema\/logo\/image\/","url":"https:\/\/lasentinelle.dz\/wp-content\/uploads\/2021\/09\/logo-sentinelleSLOGAN-1.png","contentUrl":"https:\/\/lasentinelle.dz\/wp-content\/uploads\/2021\/09\/logo-sentinelleSLOGAN-1.png","width":615,"height":142,"caption":"Quotidien La Sentinelle"},"image":{"@id":"https:\/\/lasentinelle.dz\/#\/schema\/logo\/image\/"},"sameAs":["https:\/\/www.facebook.com\/La-Sentinelle-104059864394773"]},{"@type":"Person","@id":"https:\/\/lasentinelle.dz\/#\/schema\/person\/729ee0024f24e0b8c5ec17232f8e8b41","name":"admin","image":{"@type":"ImageObject","inLanguage":"fr-FR","@id":"https:\/\/secure.gravatar.com\/avatar\/4c81fed838786e9b53f540bf46533e750f5d292099ae3b66cfc6fb1982e29df7?s=96&d=mm&r=g","url":"https:\/\/secure.gravatar.com\/avatar\/4c81fed838786e9b53f540bf46533e750f5d292099ae3b66cfc6fb1982e29df7?s=96&d=mm&r=g","contentUrl":"https:\/\/secure.gravatar.com\/avatar\/4c81fed838786e9b53f540bf46533e750f5d292099ae3b66cfc6fb1982e29df7?s=96&d=mm&r=g","caption":"admin"},"description":"admin","url":"https:\/\/lasentinelle.dz\/author\/admin\/"}]}},"_links":{"self":[{"href":"https:\/\/lasentinelle.dz\/index.php\/wp-json\/wp\/v2\/posts\/94997","targetHints":{"allow":["GET"]}}],"collection":[{"href":"https:\/\/lasentinelle.dz\/index.php\/wp-json\/wp\/v2\/posts"}],"about":[{"href":"https:\/\/lasentinelle.dz\/index.php\/wp-json\/wp\/v2\/types\/post"}],"author":[{"embeddable":true,"href":"https:\/\/lasentinelle.dz\/index.php\/wp-json\/wp\/v2\/users\/6"}],"replies":[{"embeddable":true,"href":"https:\/\/lasentinelle.dz\/index.php\/wp-json\/wp\/v2\/comments?post=94997"}],"version-history":[{"count":1,"href":"https:\/\/lasentinelle.dz\/index.php\/wp-json\/wp\/v2\/posts\/94997\/revisions"}],"predecessor-version":[{"id":94998,"href":"https:\/\/lasentinelle.dz\/index.php\/wp-json\/wp\/v2\/posts\/94997\/revisions\/94998"}],"wp:featuredmedia":[{"embeddable":true,"href":"https:\/\/lasentinelle.dz\/index.php\/wp-json\/wp\/v2\/media\/69967"}],"wp:attachment":[{"href":"https:\/\/lasentinelle.dz\/index.php\/wp-json\/wp\/v2\/media?parent=94997"}],"wp:term":[{"taxonomy":"category","embeddable":true,"href":"https:\/\/lasentinelle.dz\/index.php\/wp-json\/wp\/v2\/categories?post=94997"},{"taxonomy":"post_tag","embeddable":true,"href":"https:\/\/lasentinelle.dz\/index.php\/wp-json\/wp\/v2\/tags?post=94997"}],"curies":[{"name":"wp","href":"https:\/\/api.w.org\/{rel}","templated":true}]}}