{"id":94999,"date":"2026-09-05T21:52:21","date_gmt":"2026-09-05T20:52:21","guid":{"rendered":"https:\/\/lasentinelle.dz\/?p=94999"},"modified":"2026-09-05T21:52:24","modified_gmt":"2026-09-05T20:52:24","slug":"une-caravane-culturelle-de-solidarite-avec-les-sinistres-un-remede-pour-les-ames","status":"publish","type":"post","link":"https:\/\/lasentinelle.dz\/index.php\/2026\/09\/05\/une-caravane-culturelle-de-solidarite-avec-les-sinistres-un-remede-pour-les-ames\/","title":{"rendered":"Une caravane culturelle de solidarit\u00e9 avec les sinistr\u00e9s\u00a0: Un rem\u00e8de pour les \u00e2mes"},"content":{"rendered":"\n<p class=\"wp-block-paragraph\"><em>Les caravanes solidaires du minist\u00e8re de la Culture<\/em> <em>et des Arts posent leurs valises dans les wilayas ravag\u00e9es par les incendies, avec des livres, des jeux et des artistes venus redonner le sourire aux enfants.<\/em><\/p>\n\n\n\n<p class=\"wp-block-paragraph\">La ministre de la Culture et des Arts, Malika Bendouada, a donn\u00e9 le coup d&rsquo;envoi jeudi au Palais de la culture Moufdi Zakaria d&rsquo;une vaste op\u00e9ration de solidarit\u00e9 culturelle destin\u00e9e aux enfants des r\u00e9gions touch\u00e9es par les r\u00e9cents incendies. Baptis\u00e9e \u00ab Caravanes de la culture, main dans la main, l&rsquo;Alg\u00e9rie est une \u00bb, l&rsquo;initiative a depuis pris la route vers Jijel, B\u00e9ja\u00efa, Skikda et Tizi Ouzou, port\u00e9e par des dizaines d&rsquo;artistes et de cr\u00e9ateurs mobilis\u00e9s pour l&rsquo;occasion. Le communiqu\u00e9 du minist\u00e8re pr\u00e9cise que cette action \u00ab s&rsquo;inscrit dans le plan culturel solidaire du secteur, visant \u00e0 accompagner les sinistr\u00e9s, en particulier les enfants, \u00e0 travers des espaces de loisirs, d&rsquo;expression et de cr\u00e9ativit\u00e9, et \u00e0 contribuer \u00e0 att\u00e9nuer les effets psychologiques laiss\u00e9s par les incendies \u00bb. Une mani\u00e8re pour le d\u00e9partement minist\u00e9riel de rappeler que le travail culturel ne s&rsquo;arr\u00eate pas aux salles de spectacle ou aux librairies, et qu&rsquo;il peut aussi se glisser dans les moments les plus difficiles travers\u00e9s par des familles enti\u00e8res.<\/p>\n\n\n\n<p class=\"wp-block-paragraph\">Concr\u00e8tement, la caravane d\u00e9ploie des moyens cons\u00e9quents. Le communiqu\u00e9 \u00e9voque 24 biblioth\u00e8ques mobiles, 20 000 livres et contes, ainsi que 24 000 jeux \u00e9ducatifs et r\u00e9cr\u00e9atifs, sans oublier le mat\u00e9riel de dessin et les ateliers artistiques mis \u00e0 disposition des plus jeunes. De quoi occuper les enfants sur plusieurs journ\u00e9es, loin des images de d\u00e9solation qui ont marqu\u00e9 l&rsquo;\u00e9t\u00e9.<\/p>\n\n\n\n<p class=\"wp-block-paragraph\">Sur place, la premi\u00e8re \u00e9tape s&rsquo;est d\u00e9roul\u00e9e au centre de formation professionnelle de Chekfa, \u00e0 Jijel. Selon le communiqu\u00e9 diffus\u00e9 par le minist\u00e8re, les enfants y ont v\u00e9cu \u00ab des moments de joie et de bonheur \u00bb, gr\u00e2ce \u00e0 des activit\u00e9s qui leur ont offert \u00ab un espace d&rsquo;expression et de cr\u00e9ativit\u00e9 \u00bb et qui ont \u00ab redessin\u00e9 le sourire sur leurs visages \u00bb. Les artistes qui accompagnent le convoi n&rsquo;ont pas \u00e9t\u00e9 de simples spectateurs. Le texte souligne qu&rsquo;ils ont partag\u00e9 ces instants avec les enfants, dans \u00ab une pr\u00e9sence humaine qui incarne la place de l&rsquo;artiste aux c\u00f4t\u00e9s de sa soci\u00e9t\u00e9, et sa capacit\u00e9 \u00e0 faire de la culture un acte d&rsquo;accompagnement et de r\u00e9confort, et de l&rsquo;art un espace d&rsquo;espoir dans les circonstances les plus difficiles \u00bb. Le minist\u00e8re pr\u00e9cise \u00e9galement que l&rsquo;appel reste ouvert. Les caravanes \u00ab attendent les artistes et cr\u00e9ateurs d\u00e9sireux d&rsquo;accompagner les enfants \u00bb, afin de leur offrir \u00ab des moments de joie \u00bb et de les aider \u00e0 \u00ab retrouver l&rsquo;espoir \u00bb, et ce dans toutes les zones touch\u00e9es, wilaya par wilaya.<\/p>\n\n\n\n<p class=\"wp-block-paragraph\">La ministre de la Culture Malika Bendouda a d\u2019ailleurs tenu \u00e0 adresser un message pour l\u2019occasion. Dans un texte publi\u00e9 sur sa page, la ministre \u00e9crit que \u00ab sur cette terre, il y a encore quelque chose qui m\u00e9rite la vie \u00bb, avant d&rsquo;ajouter que \u00ab les caravanes de la culture sont arriv\u00e9es \u00bb. Elle y salue \u00ab tous les artistes, cr\u00e9ateurs, acteurs culturels et cr\u00e9ateurs de contenu qui ont accompagn\u00e9 la caravane \u00bb, disant appr\u00e9cier \u00ab ce sens national, cette fid\u00e9lit\u00e9 envers les gens dans les moments d&rsquo;\u00e9preuve \u00bb. Elle poursuit en affirmant que \u00ab chacun d&rsquo;eux a port\u00e9 quelque chose de sa bont\u00e9 vers les enfants \u00bb.<\/p>\n\n\n\n<p class=\"wp-block-paragraph\">La formule qui donne son nom \u00e0 l&rsquo;op\u00e9ration, \u00ab main dans la main \u00bb, prend ici tout son sens. La ministre l&rsquo;explique elle-m\u00eame en \u00e9crivant que \u00ab l&rsquo;Alg\u00e9rie se construit aussi par ce qu&rsquo;une main donne \u00e0 une autre, et ce qu&rsquo;un c\u0153ur offre \u00e0 un c\u0153ur \u00bb. Elle conclut son message en assurant que les caravanes \u00ab poursuivent leur chemin et leur noble mission \u00bb, et qu&rsquo;elles attendent \u00ab chaque artiste, cr\u00e9ateur et homme de culture qui veut venir vers les enfants avec son conte, son art, et la chaleur de sa pr\u00e9sence \u00bb.<\/p>\n\n\n\n<p class=\"wp-block-paragraph\">Face au feu qui a tout emport\u00e9 sur son passage, le minist\u00e8re de la Culture a choisi de r\u00e9pondre par les livres, le dessin et la pr\u00e9sence humaine, misant sur l&rsquo;id\u00e9e qu&rsquo;un conte lu \u00e0 voix haute ou un atelier de peinture peuvent, \u00e0 leur \u00e9chelle, aider un enfant \u00e0 retrouver le sourire.<\/p>\n\n\n\n<p class=\"wp-block-paragraph\">Mohand Seghir<\/p>\n","protected":false},"excerpt":{"rendered":"<p>Les caravanes solidaires du minist\u00e8re de la Culture et des Arts posent leurs valises dans les wilayas ravag\u00e9es par les<\/p>\n","protected":false},"author":6,"featured_media":95000,"comment_status":"open","ping_status":"closed","sticky":false,"template":"","format":"standard","meta":{"colormag_page_container_layout":"default_layout","colormag_page_sidebar_layout":"default_layout","om_disable_all_campaigns":false,"_monsterinsights_skip_tracking":false,"footnotes":"","_wpscppro_dont_share_socialmedia":false,"_wpscppro_custom_social_share_image":0,"_facebook_share_type":"default","_twitter_share_type":"default","_linkedin_share_type":"default","_pinterest_share_type":"default","_linkedin_share_type_page":"","_instagram_share_type":"default","_medium_share_type":"default","_threads_share_type":"default","_google_business_share_type":"default","_bluesky_share_type":"default","_mastodon_share_type":"default","_selected_social_profile":[],"_wpsp_enable_custom_social_template":false,"_wpsp_social_scheduling":{"enabled":false,"datetime":null,"platforms":[],"status":"template_only","dateOption":"today","timeOption":"now","customDays":"","customHours":"","customDate":"","customTime":"","schedulingType":"absolute"},"_wpsp_active_default_template":true},"categories":[36],"tags":[],"class_list":["post-94999","post","type-post","status-publish","format-standard","has-post-thumbnail","hentry","category-culture"],"aioseo_notices":[],"aioseo_head":"\n\t\t<!-- All in One SEO 5.0.0.1 - aioseo.com -->\n\t<meta name=\"description\" content=\"Les caravanes solidaires du minist\u00e8re de la Culture et des Arts posent leurs valises dans les wilayas ravag\u00e9es par les incendies, avec des livres, des jeux et des artistes venus redonner le sourire aux enfants. La ministre de la Culture et des Arts, Malika Bendouada, a donn\u00e9 le coup d&#039;envoi jeudi au Palais de la\" \/>\n\t<meta name=\"robots\" content=\"max-image-preview:large\" \/>\n\t<meta name=\"author\" content=\"admin\"\/>\n\t<link rel=\"canonical\" href=\"https:\/\/lasentinelle.dz\/index.php\/2026\/09\/05\/une-caravane-culturelle-de-solidarite-avec-les-sinistres-un-remede-pour-les-ames\/\" \/>\n\t<meta name=\"generator\" content=\"All in One SEO (AIOSEO) 5.0.0.1\" \/>\n\t\t<meta property=\"og:locale\" content=\"fr_FR\" \/>\n\t\t<meta property=\"og:site_name\" content=\"La Sentinelle - Quotidien national d&#039;information\" \/>\n\t\t<meta property=\"og:type\" content=\"article\" \/>\n\t\t<meta property=\"og:title\" content=\"Une caravane culturelle de solidarit\u00e9 avec les sinistr\u00e9s : Un rem\u00e8de pour les \u00e2mes - La Sentinelle\" \/>\n\t\t<meta property=\"og:description\" content=\"Les caravanes solidaires du minist\u00e8re de la Culture et des Arts posent leurs valises dans les wilayas ravag\u00e9es par les incendies, avec des livres, des jeux et des artistes venus redonner le sourire aux enfants. La ministre de la Culture et des Arts, Malika Bendouada, a donn\u00e9 le coup d&#039;envoi jeudi au Palais de la\" \/>\n\t\t<meta property=\"og:url\" content=\"https:\/\/lasentinelle.dz\/index.php\/2026\/09\/05\/une-caravane-culturelle-de-solidarite-avec-les-sinistres-un-remede-pour-les-ames\/\" \/>\n\t\t<meta property=\"og:image\" content=\"https:\/\/lasentinelle.dz\/wp-content\/uploads\/2021\/09\/cropped-la-sentinelle-earth-golden-anima-5.gif\" \/>\n\t\t<meta property=\"og:image:secure_url\" content=\"https:\/\/lasentinelle.dz\/wp-content\/uploads\/2021\/09\/cropped-la-sentinelle-earth-golden-anima-5.gif\" \/>\n\t\t<meta property=\"og:image:width\" content=\"450\" \/>\n\t\t<meta property=\"og:image:height\" content=\"213\" \/>\n\t\t<meta property=\"article:published_time\" content=\"2026-09-05T20:52:21+00:00\" \/>\n\t\t<meta property=\"article:modified_time\" content=\"2026-09-05T20:52:24+00:00\" \/>\n\t\t<meta property=\"article:publisher\" content=\"https:\/\/www.facebook.com\/azzedine.lasentinelle.1\" \/>\n\t\t<meta name=\"twitter:card\" content=\"summary_large_image\" \/>\n\t\t<meta name=\"twitter:title\" content=\"Une caravane culturelle de solidarit\u00e9 avec les sinistr\u00e9s : Un rem\u00e8de pour les \u00e2mes - La Sentinelle\" \/>\n\t\t<meta name=\"twitter:description\" content=\"Les caravanes solidaires du minist\u00e8re de la Culture et des Arts posent leurs valises dans les wilayas ravag\u00e9es par les incendies, avec des livres, des jeux et des artistes venus redonner le sourire aux enfants. La ministre de la Culture et des Arts, Malika Bendouada, a donn\u00e9 le coup d&#039;envoi jeudi au Palais de la\" \/>\n\t\t<meta name=\"twitter:image\" content=\"https:\/\/lasentinelle.dz\/wp-content\/uploads\/2021\/09\/cropped-la-sentinelle-earth-golden-anima-5.gif\" \/>\n\t\t<script type=\"application\/ld+json\" class=\"aioseo-schema\">\n\t\t\t{\"@context\":\"https:\\\/\\\/schema.org\",\"@graph\":[{\"@type\":\"BlogPosting\",\"@id\":\"https:\\\/\\\/lasentinelle.dz\\\/index.php\\\/2026\\\/09\\\/05\\\/une-caravane-culturelle-de-solidarite-avec-les-sinistres-un-remede-pour-les-ames\\\/#blogposting\",\"name\":\"Une caravane culturelle de solidarit\\u00e9 avec les sinistr\\u00e9s : Un rem\\u00e8de pour les \\u00e2mes - La Sentinelle\",\"headline\":\"Une caravane culturelle de solidarit\\u00e9 avec les sinistr\\u00e9s\\u00a0: Un rem\\u00e8de pour les \\u00e2mes\",\"author\":{\"@id\":\"https:\\\/\\\/lasentinelle.dz\\\/author\\\/admin\\\/#author\"},\"publisher\":{\"@id\":\"https:\\\/\\\/lasentinelle.dz\\\/#organization\"},\"image\":{\"@type\":\"ImageObject\",\"url\":\"https:\\\/\\\/lasentinelle.dz\\\/wp-content\\\/uploads\\\/2026\\\/09\\\/caravane-culture.jpg\",\"width\":1920,\"height\":1080},\"datePublished\":\"2026-09-05T21:52:21+01:00\",\"dateModified\":\"2026-09-05T21:52:24+01:00\",\"inLanguage\":\"fr-FR\",\"mainEntityOfPage\":{\"@id\":\"https:\\\/\\\/lasentinelle.dz\\\/index.php\\\/2026\\\/09\\\/05\\\/une-caravane-culturelle-de-solidarite-avec-les-sinistres-un-remede-pour-les-ames\\\/#webpage\"},\"isPartOf\":{\"@id\":\"https:\\\/\\\/lasentinelle.dz\\\/index.php\\\/2026\\\/09\\\/05\\\/une-caravane-culturelle-de-solidarite-avec-les-sinistres-un-remede-pour-les-ames\\\/#webpage\"},\"articleSection\":\"Culture\"},{\"@type\":\"BreadcrumbList\",\"@id\":\"https:\\\/\\\/lasentinelle.dz\\\/index.php\\\/2026\\\/09\\\/05\\\/une-caravane-culturelle-de-solidarite-avec-les-sinistres-un-remede-pour-les-ames\\\/#breadcrumblist\",\"itemListElement\":[{\"@type\":\"ListItem\",\"@id\":\"https:\\\/\\\/lasentinelle.dz#listItem\",\"position\":1,\"name\":\"Home\",\"item\":\"https:\\\/\\\/lasentinelle.dz\",\"nextItem\":{\"@type\":\"ListItem\",\"@id\":\"https:\\\/\\\/lasentinelle.dz\\\/index.php\\\/category\\\/culture\\\/#listItem\",\"name\":\"Culture\"}},{\"@type\":\"ListItem\",\"@id\":\"https:\\\/\\\/lasentinelle.dz\\\/index.php\\\/category\\\/culture\\\/#listItem\",\"position\":2,\"name\":\"Culture\",\"item\":\"https:\\\/\\\/lasentinelle.dz\\\/index.php\\\/category\\\/culture\\\/\",\"nextItem\":{\"@type\":\"ListItem\",\"@id\":\"https:\\\/\\\/lasentinelle.dz\\\/index.php\\\/2026\\\/09\\\/05\\\/une-caravane-culturelle-de-solidarite-avec-les-sinistres-un-remede-pour-les-ames\\\/#listItem\",\"name\":\"Une caravane culturelle de solidarit\\u00e9 avec les sinistr\\u00e9s\\u00a0: Un rem\\u00e8de pour les \\u00e2mes\"},\"previousItem\":{\"@type\":\"ListItem\",\"@id\":\"https:\\\/\\\/lasentinelle.dz#listItem\",\"name\":\"Home\"}},{\"@type\":\"ListItem\",\"@id\":\"https:\\\/\\\/lasentinelle.dz\\\/index.php\\\/2026\\\/09\\\/05\\\/une-caravane-culturelle-de-solidarite-avec-les-sinistres-un-remede-pour-les-ames\\\/#listItem\",\"position\":3,\"name\":\"Une caravane culturelle de solidarit\\u00e9 avec les sinistr\\u00e9s\\u00a0: Un rem\\u00e8de pour les \\u00e2mes\",\"previousItem\":{\"@type\":\"ListItem\",\"@id\":\"https:\\\/\\\/lasentinelle.dz\\\/index.php\\\/category\\\/culture\\\/#listItem\",\"name\":\"Culture\"}}]},{\"@type\":\"Organization\",\"@id\":\"https:\\\/\\\/lasentinelle.dz\\\/#organization\",\"name\":\"La Sentinelle La Sentinelle\",\"description\":\"Quotidien national d'information\",\"url\":\"https:\\\/\\\/lasentinelle.dz\\\/\",\"logo\":{\"@type\":\"ImageObject\",\"url\":\"https:\\\/\\\/lasentinelle.dz\\\/wp-content\\\/uploads\\\/2021\\\/09\\\/cropped-la-sentinelle-earth-golden-anima-5.gif\",\"@id\":\"https:\\\/\\\/lasentinelle.dz\\\/index.php\\\/2026\\\/09\\\/05\\\/une-caravane-culturelle-de-solidarite-avec-les-sinistres-un-remede-pour-les-ames\\\/#organizationLogo\",\"width\":450,\"height\":213},\"image\":{\"@id\":\"https:\\\/\\\/lasentinelle.dz\\\/index.php\\\/2026\\\/09\\\/05\\\/une-caravane-culturelle-de-solidarite-avec-les-sinistres-un-remede-pour-les-ames\\\/#organizationLogo\"},\"sameAs\":[\"https:\\\/\\\/www.facebook.com\\\/azzedine.lasentinelle.1\"]},{\"@type\":\"Person\",\"@id\":\"https:\\\/\\\/lasentinelle.dz\\\/author\\\/admin\\\/#author\",\"url\":\"https:\\\/\\\/lasentinelle.dz\\\/author\\\/admin\\\/\",\"name\":\"admin\",\"image\":{\"@type\":\"ImageObject\",\"@id\":\"https:\\\/\\\/lasentinelle.dz\\\/index.php\\\/2026\\\/09\\\/05\\\/une-caravane-culturelle-de-solidarite-avec-les-sinistres-un-remede-pour-les-ames\\\/#authorImage\",\"url\":\"https:\\\/\\\/secure.gravatar.com\\\/avatar\\\/4c81fed838786e9b53f540bf46533e750f5d292099ae3b66cfc6fb1982e29df7?s=96&d=mm&r=g\",\"width\":96,\"height\":96,\"caption\":\"admin\"}},{\"@type\":\"WebPage\",\"@id\":\"https:\\\/\\\/lasentinelle.dz\\\/index.php\\\/2026\\\/09\\\/05\\\/une-caravane-culturelle-de-solidarite-avec-les-sinistres-un-remede-pour-les-ames\\\/#webpage\",\"url\":\"https:\\\/\\\/lasentinelle.dz\\\/index.php\\\/2026\\\/09\\\/05\\\/une-caravane-culturelle-de-solidarite-avec-les-sinistres-un-remede-pour-les-ames\\\/\",\"name\":\"Une caravane culturelle de solidarit\\u00e9 avec les sinistr\\u00e9s : Un rem\\u00e8de pour les \\u00e2mes - La Sentinelle\",\"description\":\"Les caravanes solidaires du minist\\u00e8re de la Culture et des Arts posent leurs valises dans les wilayas ravag\\u00e9es par les incendies, avec des livres, des jeux et des artistes venus redonner le sourire aux enfants. La ministre de la Culture et des Arts, Malika Bendouada, a donn\\u00e9 le coup d'envoi jeudi au Palais de la\",\"inLanguage\":\"fr-FR\",\"isPartOf\":{\"@id\":\"https:\\\/\\\/lasentinelle.dz\\\/#website\"},\"breadcrumb\":{\"@id\":\"https:\\\/\\\/lasentinelle.dz\\\/index.php\\\/2026\\\/09\\\/05\\\/une-caravane-culturelle-de-solidarite-avec-les-sinistres-un-remede-pour-les-ames\\\/#breadcrumblist\"},\"author\":{\"@id\":\"https:\\\/\\\/lasentinelle.dz\\\/author\\\/admin\\\/#author\"},\"creator\":{\"@id\":\"https:\\\/\\\/lasentinelle.dz\\\/author\\\/admin\\\/#author\"},\"image\":{\"@type\":\"ImageObject\",\"url\":\"https:\\\/\\\/lasentinelle.dz\\\/wp-content\\\/uploads\\\/2026\\\/09\\\/caravane-culture.jpg\",\"@id\":\"https:\\\/\\\/lasentinelle.dz\\\/index.php\\\/2026\\\/09\\\/05\\\/une-caravane-culturelle-de-solidarite-avec-les-sinistres-un-remede-pour-les-ames\\\/#mainImage\",\"width\":1920,\"height\":1080},\"primaryImageOfPage\":{\"@id\":\"https:\\\/\\\/lasentinelle.dz\\\/index.php\\\/2026\\\/09\\\/05\\\/une-caravane-culturelle-de-solidarite-avec-les-sinistres-un-remede-pour-les-ames\\\/#mainImage\"},\"datePublished\":\"2026-09-05T21:52:21+01:00\",\"dateModified\":\"2026-09-05T21:52:24+01:00\"},{\"@type\":\"WebSite\",\"@id\":\"https:\\\/\\\/lasentinelle.dz\\\/#website\",\"url\":\"https:\\\/\\\/lasentinelle.dz\\\/\",\"name\":\"La Sentinelle\",\"description\":\"Quotidien national d'information\",\"inLanguage\":\"fr-FR\",\"publisher\":{\"@id\":\"https:\\\/\\\/lasentinelle.dz\\\/#organization\"}}]}\n\t\t<\/script>\n\t\t<!-- All in One SEO -->\n\n","aioseo_head_json":{"title":"Une caravane culturelle de solidarit\u00e9 avec les sinistr\u00e9s : Un rem\u00e8de pour les \u00e2mes - La Sentinelle","description":"Les caravanes solidaires du minist\u00e8re de la Culture et des Arts posent leurs valises dans les wilayas ravag\u00e9es par les incendies, avec des livres, des jeux et des artistes venus redonner le sourire aux enfants. La ministre de la Culture et des Arts, Malika Bendouada, a donn\u00e9 le coup d'envoi jeudi au Palais de la","canonical_url":"https:\/\/lasentinelle.dz\/index.php\/2026\/09\/05\/une-caravane-culturelle-de-solidarite-avec-les-sinistres-un-remede-pour-les-ames\/","robots":"max-image-preview:large","keywords":"","webmasterTools":{"miscellaneous":""},"schema":{"@context":"https:\/\/schema.org","@graph":[{"@type":"BlogPosting","@id":"https:\/\/lasentinelle.dz\/index.php\/2026\/09\/05\/une-caravane-culturelle-de-solidarite-avec-les-sinistres-un-remede-pour-les-ames\/#blogposting","name":"Une caravane culturelle de solidarit\u00e9 avec les sinistr\u00e9s : Un rem\u00e8de pour les \u00e2mes - La Sentinelle","headline":"Une caravane culturelle de solidarit\u00e9 avec les sinistr\u00e9s\u00a0: Un rem\u00e8de pour les \u00e2mes","author":{"@id":"https:\/\/lasentinelle.dz\/author\/admin\/#author"},"publisher":{"@id":"https:\/\/lasentinelle.dz\/#organization"},"image":{"@type":"ImageObject","url":"https:\/\/lasentinelle.dz\/wp-content\/uploads\/2026\/09\/caravane-culture.jpg","width":1920,"height":1080},"datePublished":"2026-09-05T21:52:21+01:00","dateModified":"2026-09-05T21:52:24+01:00","inLanguage":"fr-FR","mainEntityOfPage":{"@id":"https:\/\/lasentinelle.dz\/index.php\/2026\/09\/05\/une-caravane-culturelle-de-solidarite-avec-les-sinistres-un-remede-pour-les-ames\/#webpage"},"isPartOf":{"@id":"https:\/\/lasentinelle.dz\/index.php\/2026\/09\/05\/une-caravane-culturelle-de-solidarite-avec-les-sinistres-un-remede-pour-les-ames\/#webpage"},"articleSection":"Culture"},{"@type":"BreadcrumbList","@id":"https:\/\/lasentinelle.dz\/index.php\/2026\/09\/05\/une-caravane-culturelle-de-solidarite-avec-les-sinistres-un-remede-pour-les-ames\/#breadcrumblist","itemListElement":[{"@type":"ListItem","@id":"https:\/\/lasentinelle.dz#listItem","position":1,"name":"Home","item":"https:\/\/lasentinelle.dz","nextItem":{"@type":"ListItem","@id":"https:\/\/lasentinelle.dz\/index.php\/category\/culture\/#listItem","name":"Culture"}},{"@type":"ListItem","@id":"https:\/\/lasentinelle.dz\/index.php\/category\/culture\/#listItem","position":2,"name":"Culture","item":"https:\/\/lasentinelle.dz\/index.php\/category\/culture\/","nextItem":{"@type":"ListItem","@id":"https:\/\/lasentinelle.dz\/index.php\/2026\/09\/05\/une-caravane-culturelle-de-solidarite-avec-les-sinistres-un-remede-pour-les-ames\/#listItem","name":"Une caravane culturelle de solidarit\u00e9 avec les sinistr\u00e9s\u00a0: Un rem\u00e8de pour les \u00e2mes"},"previousItem":{"@type":"ListItem","@id":"https:\/\/lasentinelle.dz#listItem","name":"Home"}},{"@type":"ListItem","@id":"https:\/\/lasentinelle.dz\/index.php\/2026\/09\/05\/une-caravane-culturelle-de-solidarite-avec-les-sinistres-un-remede-pour-les-ames\/#listItem","position":3,"name":"Une caravane culturelle de solidarit\u00e9 avec les sinistr\u00e9s\u00a0: Un rem\u00e8de pour les \u00e2mes","previousItem":{"@type":"ListItem","@id":"https:\/\/lasentinelle.dz\/index.php\/category\/culture\/#listItem","name":"Culture"}}]},{"@type":"Organization","@id":"https:\/\/lasentinelle.dz\/#organization","name":"La Sentinelle La Sentinelle","description":"Quotidien national d'information","url":"https:\/\/lasentinelle.dz\/","logo":{"@type":"ImageObject","url":"https:\/\/lasentinelle.dz\/wp-content\/uploads\/2021\/09\/cropped-la-sentinelle-earth-golden-anima-5.gif","@id":"https:\/\/lasentinelle.dz\/index.php\/2026\/09\/05\/une-caravane-culturelle-de-solidarite-avec-les-sinistres-un-remede-pour-les-ames\/#organizationLogo","width":450,"height":213},"image":{"@id":"https:\/\/lasentinelle.dz\/index.php\/2026\/09\/05\/une-caravane-culturelle-de-solidarite-avec-les-sinistres-un-remede-pour-les-ames\/#organizationLogo"},"sameAs":["https:\/\/www.facebook.com\/azzedine.lasentinelle.1"]},{"@type":"Person","@id":"https:\/\/lasentinelle.dz\/author\/admin\/#author","url":"https:\/\/lasentinelle.dz\/author\/admin\/","name":"admin","image":{"@type":"ImageObject","@id":"https:\/\/lasentinelle.dz\/index.php\/2026\/09\/05\/une-caravane-culturelle-de-solidarite-avec-les-sinistres-un-remede-pour-les-ames\/#authorImage","url":"https:\/\/secure.gravatar.com\/avatar\/4c81fed838786e9b53f540bf46533e750f5d292099ae3b66cfc6fb1982e29df7?s=96&d=mm&r=g","width":96,"height":96,"caption":"admin"}},{"@type":"WebPage","@id":"https:\/\/lasentinelle.dz\/index.php\/2026\/09\/05\/une-caravane-culturelle-de-solidarite-avec-les-sinistres-un-remede-pour-les-ames\/#webpage","url":"https:\/\/lasentinelle.dz\/index.php\/2026\/09\/05\/une-caravane-culturelle-de-solidarite-avec-les-sinistres-un-remede-pour-les-ames\/","name":"Une caravane culturelle de solidarit\u00e9 avec les sinistr\u00e9s : Un rem\u00e8de pour les \u00e2mes - La Sentinelle","description":"Les caravanes solidaires du minist\u00e8re de la Culture et des Arts posent leurs valises dans les wilayas ravag\u00e9es par les incendies, avec des livres, des jeux et des artistes venus redonner le sourire aux enfants. La ministre de la Culture et des Arts, Malika Bendouada, a donn\u00e9 le coup d'envoi jeudi au Palais de la","inLanguage":"fr-FR","isPartOf":{"@id":"https:\/\/lasentinelle.dz\/#website"},"breadcrumb":{"@id":"https:\/\/lasentinelle.dz\/index.php\/2026\/09\/05\/une-caravane-culturelle-de-solidarite-avec-les-sinistres-un-remede-pour-les-ames\/#breadcrumblist"},"author":{"@id":"https:\/\/lasentinelle.dz\/author\/admin\/#author"},"creator":{"@id":"https:\/\/lasentinelle.dz\/author\/admin\/#author"},"image":{"@type":"ImageObject","url":"https:\/\/lasentinelle.dz\/wp-content\/uploads\/2026\/09\/caravane-culture.jpg","@id":"https:\/\/lasentinelle.dz\/index.php\/2026\/09\/05\/une-caravane-culturelle-de-solidarite-avec-les-sinistres-un-remede-pour-les-ames\/#mainImage","width":1920,"height":1080},"primaryImageOfPage":{"@id":"https:\/\/lasentinelle.dz\/index.php\/2026\/09\/05\/une-caravane-culturelle-de-solidarite-avec-les-sinistres-un-remede-pour-les-ames\/#mainImage"},"datePublished":"2026-09-05T21:52:21+01:00","dateModified":"2026-09-05T21:52:24+01:00"},{"@type":"WebSite","@id":"https:\/\/lasentinelle.dz\/#website","url":"https:\/\/lasentinelle.dz\/","name":"La Sentinelle","description":"Quotidien national d'information","inLanguage":"fr-FR","publisher":{"@id":"https:\/\/lasentinelle.dz\/#organization"}}]},"og:locale":"fr_FR","og:site_name":"La Sentinelle - Quotidien national d'information","og:type":"article","og:title":"Une caravane culturelle de solidarit\u00e9 avec les sinistr\u00e9s : Un rem\u00e8de pour les \u00e2mes - La Sentinelle","og:description":"Les caravanes solidaires du minist\u00e8re de la Culture et des Arts posent leurs valises dans les wilayas ravag\u00e9es par les incendies, avec des livres, des jeux et des artistes venus redonner le sourire aux enfants. La ministre de la Culture et des Arts, Malika Bendouada, a donn\u00e9 le coup d'envoi jeudi au Palais de la","og:url":"https:\/\/lasentinelle.dz\/index.php\/2026\/09\/05\/une-caravane-culturelle-de-solidarite-avec-les-sinistres-un-remede-pour-les-ames\/","og:image":"https:\/\/lasentinelle.dz\/wp-content\/uploads\/2021\/09\/cropped-la-sentinelle-earth-golden-anima-5.gif","og:image:secure_url":"https:\/\/lasentinelle.dz\/wp-content\/uploads\/2021\/09\/cropped-la-sentinelle-earth-golden-anima-5.gif","og:image:width":450,"og:image:height":213,"article:published_time":"2026-09-05T20:52:21+00:00","article:modified_time":"2026-09-05T20:52:24+00:00","article:publisher":"https:\/\/www.facebook.com\/azzedine.lasentinelle.1","twitter:card":"summary_large_image","twitter:title":"Une caravane culturelle de solidarit\u00e9 avec les sinistr\u00e9s : Un rem\u00e8de pour les \u00e2mes - La Sentinelle","twitter:description":"Les caravanes solidaires du minist\u00e8re de la Culture et des Arts posent leurs valises dans les wilayas ravag\u00e9es par les incendies, avec des livres, des jeux et des artistes venus redonner le sourire aux enfants. La ministre de la Culture et des Arts, Malika Bendouada, a donn\u00e9 le coup d'envoi jeudi au Palais de la","twitter:image":"https:\/\/lasentinelle.dz\/wp-content\/uploads\/2021\/09\/cropped-la-sentinelle-earth-golden-anima-5.gif"},"aioseo_meta_data":{"post_id":"94999","title":null,"description":null,"keywords":null,"keyphrases":{"focus":{"keyphrase":"","score":0,"analysis":{"keyphraseInTitle":{"score":0,"maxScore":9,"error":1}}},"additional":[]},"primary_term":null,"canonical_url":null,"og_title":null,"og_description":null,"og_object_type":"default","og_image_type":"default","og_image_url":null,"og_image_width":null,"og_image_height":null,"og_image_custom_url":null,"og_image_custom_fields":null,"og_video":"","og_custom_url":null,"og_article_section":null,"og_article_tags":null,"twitter_use_og":false,"twitter_card":"default","twitter_image_type":"default","twitter_image_url":null,"twitter_image_custom_url":null,"twitter_image_custom_fields":null,"twitter_title":null,"twitter_description":null,"schema":{"blockGraphs":[],"customGraphs":[],"default":{"data":{"Article":[],"Course":[],"Dataset":[],"FAQPage":[],"Movie":[],"Person":[],"Product":[],"ProductReview":[],"Car":[],"Recipe":[],"Service":[],"SoftwareApplication":[],"WebPage":[]},"graphName":"BlogPosting","isEnabled":true},"graphs":[]},"schema_type":"default","schema_type_options":null,"pillar_content":false,"robots_default":true,"robots_noindex":false,"robots_noarchive":false,"robots_nosnippet":false,"robots_nofollow":false,"robots_noimageindex":false,"robots_noodp":false,"robots_notranslate":false,"robots_max_snippet":"-1","robots_max_videopreview":"-1","robots_max_imagepreview":"large","priority":null,"frequency":"default","local_seo":null,"breadcrumb_settings":null,"limit_modified_date":false,"ai":{"faqs":[],"keyPoints":[],"schemas":[],"titles":[],"descriptions":[],"socialPosts":{"email":{"subject":"","preview":"","content":""},"linkedin":[],"twitter":[],"facebook":[],"instagram":[]}},"created":"2026-09-05 20:52:25","updated":"2026-09-05 22:00:28","focus_keyword":null,"additional_keywords":null,"truseo_locale":null,"seo_analyzer_scan_date":null},"aioseo_breadcrumb":"<div class=\"aioseo-breadcrumbs\"><span class=\"aioseo-breadcrumb\">\n\t\t\t<a href=\"https:\/\/lasentinelle.dz\" title=\"Home\">Home<\/a>\n\t\t<\/span><span class=\"aioseo-breadcrumb-separator\">&raquo;<\/span><span class=\"aioseo-breadcrumb\">\n\t\t\t<a href=\"https:\/\/lasentinelle.dz\/index.php\/category\/culture\/\" title=\"Culture\">Culture<\/a>\n\t\t<\/span><span class=\"aioseo-breadcrumb-separator\">&raquo;<\/span><span class=\"aioseo-breadcrumb\">\n\t\t\tUne caravane culturelle de solidarit\u00e9 avec les sinistr\u00e9s : Un rem\u00e8de pour les \u00e2mes\n\t\t<\/span><\/div>","aioseo_breadcrumb_json":[{"label":"Home","link":"https:\/\/lasentinelle.dz"},{"label":"Culture","link":"https:\/\/lasentinelle.dz\/index.php\/category\/culture\/"},{"label":"Une caravane culturelle de solidarit\u00e9 avec les sinistr\u00e9s\u00a0: Un rem\u00e8de pour les \u00e2mes","link":"https:\/\/lasentinelle.dz\/index.php\/2026\/09\/05\/une-caravane-culturelle-de-solidarite-avec-les-sinistres-un-remede-pour-les-ames\/"}],"yoast_head":"<!-- This site is optimized with the Yoast SEO plugin v28.4 - https:\/\/yoast.com\/product\/yoast-seo-wordpress\/ -->\n<title>Une caravane culturelle de solidarit\u00e9 avec les sinistr\u00e9s\u00a0: Un rem\u00e8de pour les \u00e2mes - La Sentinelle<\/title>\n<meta name=\"robots\" content=\"index, follow, max-snippet:-1, max-image-preview:large, max-video-preview:-1\" \/>\n<link rel=\"canonical\" href=\"https:\/\/lasentinelle.dz\/index.php\/2026\/09\/05\/une-caravane-culturelle-de-solidarite-avec-les-sinistres-un-remede-pour-les-ames\/\" \/>\n<meta property=\"og:locale\" content=\"fr_FR\" \/>\n<meta property=\"og:type\" content=\"article\" \/>\n<meta property=\"og:title\" content=\"Une caravane culturelle de solidarit\u00e9 avec les sinistr\u00e9s\u00a0: Un rem\u00e8de pour les \u00e2mes - La Sentinelle\" \/>\n<meta property=\"og:description\" content=\"Les caravanes solidaires du minist\u00e8re de la Culture et des Arts posent leurs valises dans les wilayas ravag\u00e9es par les\" \/>\n<meta property=\"og:url\" content=\"https:\/\/lasentinelle.dz\/index.php\/2026\/09\/05\/une-caravane-culturelle-de-solidarite-avec-les-sinistres-un-remede-pour-les-ames\/\" \/>\n<meta property=\"og:site_name\" content=\"La Sentinelle\" \/>\n<meta property=\"article:publisher\" content=\"https:\/\/www.facebook.com\/La-Sentinelle-104059864394773\" \/>\n<meta property=\"article:published_time\" content=\"2026-09-05T20:52:21+00:00\" \/>\n<meta property=\"article:modified_time\" content=\"2026-09-05T20:52:24+00:00\" \/>\n<meta property=\"og:image\" content=\"https:\/\/lasentinelle.dz\/wp-content\/uploads\/2026\/09\/caravane-culture.jpg\" \/>\n\t<meta property=\"og:image:width\" content=\"1920\" \/>\n\t<meta property=\"og:image:height\" content=\"1080\" \/>\n\t<meta property=\"og:image:type\" content=\"image\/jpeg\" \/>\n<meta name=\"author\" content=\"admin\" \/>\n<meta name=\"twitter:card\" content=\"summary_large_image\" \/>\n<meta name=\"twitter:label1\" content=\"\u00c9crit par\" \/>\n\t<meta name=\"twitter:data1\" content=\"admin\" \/>\n\t<meta name=\"twitter:label2\" content=\"Dur\u00e9e de lecture estim\u00e9e\" \/>\n\t<meta name=\"twitter:data2\" content=\"4 minutes\" \/>\n<script type=\"application\/ld+json\" class=\"yoast-schema-graph\">{\"@context\":\"https:\\\/\\\/schema.org\",\"@graph\":[{\"@type\":\"Article\",\"@id\":\"https:\\\/\\\/lasentinelle.dz\\\/index.php\\\/2026\\\/09\\\/05\\\/une-caravane-culturelle-de-solidarite-avec-les-sinistres-un-remede-pour-les-ames\\\/#article\",\"isPartOf\":{\"@id\":\"https:\\\/\\\/lasentinelle.dz\\\/index.php\\\/2026\\\/09\\\/05\\\/une-caravane-culturelle-de-solidarite-avec-les-sinistres-un-remede-pour-les-ames\\\/\"},\"author\":{\"name\":\"admin\",\"@id\":\"https:\\\/\\\/lasentinelle.dz\\\/#\\\/schema\\\/person\\\/729ee0024f24e0b8c5ec17232f8e8b41\"},\"headline\":\"Une caravane culturelle de solidarit\u00e9 avec les sinistr\u00e9s\u00a0: Un rem\u00e8de pour les \u00e2mes\",\"datePublished\":\"2026-09-05T20:52:21+00:00\",\"dateModified\":\"2026-09-05T20:52:24+00:00\",\"mainEntityOfPage\":{\"@id\":\"https:\\\/\\\/lasentinelle.dz\\\/index.php\\\/2026\\\/09\\\/05\\\/une-caravane-culturelle-de-solidarite-avec-les-sinistres-un-remede-pour-les-ames\\\/\"},\"wordCount\":761,\"commentCount\":0,\"publisher\":{\"@id\":\"https:\\\/\\\/lasentinelle.dz\\\/#organization\"},\"image\":{\"@id\":\"https:\\\/\\\/lasentinelle.dz\\\/index.php\\\/2026\\\/09\\\/05\\\/une-caravane-culturelle-de-solidarite-avec-les-sinistres-un-remede-pour-les-ames\\\/#primaryimage\"},\"thumbnailUrl\":\"https:\\\/\\\/lasentinelle.dz\\\/wp-content\\\/uploads\\\/2026\\\/09\\\/caravane-culture.jpg\",\"articleSection\":[\"Culture\"],\"inLanguage\":\"fr-FR\",\"potentialAction\":[{\"@type\":\"CommentAction\",\"name\":\"Comment\",\"target\":[\"https:\\\/\\\/lasentinelle.dz\\\/index.php\\\/2026\\\/09\\\/05\\\/une-caravane-culturelle-de-solidarite-avec-les-sinistres-un-remede-pour-les-ames\\\/#respond\"]}]},{\"@type\":\"WebPage\",\"@id\":\"https:\\\/\\\/lasentinelle.dz\\\/index.php\\\/2026\\\/09\\\/05\\\/une-caravane-culturelle-de-solidarite-avec-les-sinistres-un-remede-pour-les-ames\\\/\",\"url\":\"https:\\\/\\\/lasentinelle.dz\\\/index.php\\\/2026\\\/09\\\/05\\\/une-caravane-culturelle-de-solidarite-avec-les-sinistres-un-remede-pour-les-ames\\\/\",\"name\":\"Une caravane culturelle de solidarit\u00e9 avec les sinistr\u00e9s\u00a0: Un rem\u00e8de pour les \u00e2mes - La Sentinelle\",\"isPartOf\":{\"@id\":\"https:\\\/\\\/lasentinelle.dz\\\/#website\"},\"primaryImageOfPage\":{\"@id\":\"https:\\\/\\\/lasentinelle.dz\\\/index.php\\\/2026\\\/09\\\/05\\\/une-caravane-culturelle-de-solidarite-avec-les-sinistres-un-remede-pour-les-ames\\\/#primaryimage\"},\"image\":{\"@id\":\"https:\\\/\\\/lasentinelle.dz\\\/index.php\\\/2026\\\/09\\\/05\\\/une-caravane-culturelle-de-solidarite-avec-les-sinistres-un-remede-pour-les-ames\\\/#primaryimage\"},\"thumbnailUrl\":\"https:\\\/\\\/lasentinelle.dz\\\/wp-content\\\/uploads\\\/2026\\\/09\\\/caravane-culture.jpg\",\"datePublished\":\"2026-09-05T20:52:21+00:00\",\"dateModified\":\"2026-09-05T20:52:24+00:00\",\"breadcrumb\":{\"@id\":\"https:\\\/\\\/lasentinelle.dz\\\/index.php\\\/2026\\\/09\\\/05\\\/une-caravane-culturelle-de-solidarite-avec-les-sinistres-un-remede-pour-les-ames\\\/#breadcrumb\"},\"inLanguage\":\"fr-FR\",\"potentialAction\":[{\"@type\":\"ReadAction\",\"target\":[\"https:\\\/\\\/lasentinelle.dz\\\/index.php\\\/2026\\\/09\\\/05\\\/une-caravane-culturelle-de-solidarite-avec-les-sinistres-un-remede-pour-les-ames\\\/\"]}]},{\"@type\":\"ImageObject\",\"inLanguage\":\"fr-FR\",\"@id\":\"https:\\\/\\\/lasentinelle.dz\\\/index.php\\\/2026\\\/09\\\/05\\\/une-caravane-culturelle-de-solidarite-avec-les-sinistres-un-remede-pour-les-ames\\\/#primaryimage\",\"url\":\"https:\\\/\\\/lasentinelle.dz\\\/wp-content\\\/uploads\\\/2026\\\/09\\\/caravane-culture.jpg\",\"contentUrl\":\"https:\\\/\\\/lasentinelle.dz\\\/wp-content\\\/uploads\\\/2026\\\/09\\\/caravane-culture.jpg\",\"width\":1920,\"height\":1080},{\"@type\":\"BreadcrumbList\",\"@id\":\"https:\\\/\\\/lasentinelle.dz\\\/index.php\\\/2026\\\/09\\\/05\\\/une-caravane-culturelle-de-solidarite-avec-les-sinistres-un-remede-pour-les-ames\\\/#breadcrumb\",\"itemListElement\":[{\"@type\":\"ListItem\",\"position\":1,\"name\":\"Accueil\",\"item\":\"https:\\\/\\\/lasentinelle.dz\\\/\"},{\"@type\":\"ListItem\",\"position\":2,\"name\":\"Une caravane culturelle de solidarit\u00e9 avec les sinistr\u00e9s\u00a0: Un rem\u00e8de pour les \u00e2mes\"}]},{\"@type\":\"WebSite\",\"@id\":\"https:\\\/\\\/lasentinelle.dz\\\/#website\",\"url\":\"https:\\\/\\\/lasentinelle.dz\\\/\",\"name\":\"La Sentinelle\",\"description\":\"Quotidien national d&#039;information\",\"publisher\":{\"@id\":\"https:\\\/\\\/lasentinelle.dz\\\/#organization\"},\"potentialAction\":[{\"@type\":\"SearchAction\",\"target\":{\"@type\":\"EntryPoint\",\"urlTemplate\":\"https:\\\/\\\/lasentinelle.dz\\\/?s={search_term_string}\"},\"query-input\":{\"@type\":\"PropertyValueSpecification\",\"valueRequired\":true,\"valueName\":\"search_term_string\"}}],\"inLanguage\":\"fr-FR\"},{\"@type\":\"Organization\",\"@id\":\"https:\\\/\\\/lasentinelle.dz\\\/#organization\",\"name\":\"Quotidien La Sentinelle\",\"url\":\"https:\\\/\\\/lasentinelle.dz\\\/\",\"logo\":{\"@type\":\"ImageObject\",\"inLanguage\":\"fr-FR\",\"@id\":\"https:\\\/\\\/lasentinelle.dz\\\/#\\\/schema\\\/logo\\\/image\\\/\",\"url\":\"https:\\\/\\\/lasentinelle.dz\\\/wp-content\\\/uploads\\\/2021\\\/09\\\/logo-sentinelleSLOGAN-1.png\",\"contentUrl\":\"https:\\\/\\\/lasentinelle.dz\\\/wp-content\\\/uploads\\\/2021\\\/09\\\/logo-sentinelleSLOGAN-1.png\",\"width\":615,\"height\":142,\"caption\":\"Quotidien La Sentinelle\"},\"image\":{\"@id\":\"https:\\\/\\\/lasentinelle.dz\\\/#\\\/schema\\\/logo\\\/image\\\/\"},\"sameAs\":[\"https:\\\/\\\/www.facebook.com\\\/La-Sentinelle-104059864394773\"]},{\"@type\":\"Person\",\"@id\":\"https:\\\/\\\/lasentinelle.dz\\\/#\\\/schema\\\/person\\\/729ee0024f24e0b8c5ec17232f8e8b41\",\"name\":\"admin\",\"image\":{\"@type\":\"ImageObject\",\"inLanguage\":\"fr-FR\",\"@id\":\"https:\\\/\\\/secure.gravatar.com\\\/avatar\\\/4c81fed838786e9b53f540bf46533e750f5d292099ae3b66cfc6fb1982e29df7?s=96&d=mm&r=g\",\"url\":\"https:\\\/\\\/secure.gravatar.com\\\/avatar\\\/4c81fed838786e9b53f540bf46533e750f5d292099ae3b66cfc6fb1982e29df7?s=96&d=mm&r=g\",\"contentUrl\":\"https:\\\/\\\/secure.gravatar.com\\\/avatar\\\/4c81fed838786e9b53f540bf46533e750f5d292099ae3b66cfc6fb1982e29df7?s=96&d=mm&r=g\",\"caption\":\"admin\"},\"description\":\"admin\",\"url\":\"https:\\\/\\\/lasentinelle.dz\\\/author\\\/admin\\\/\"}]}<\/script>\n<!-- \/ Yoast SEO plugin. -->","yoast_head_json":{"title":"Une caravane culturelle de solidarit\u00e9 avec les sinistr\u00e9s\u00a0: Un rem\u00e8de pour les \u00e2mes - La Sentinelle","robots":{"index":"index","follow":"follow","max-snippet":"max-snippet:-1","max-image-preview":"max-image-preview:large","max-video-preview":"max-video-preview:-1"},"canonical":"https:\/\/lasentinelle.dz\/index.php\/2026\/09\/05\/une-caravane-culturelle-de-solidarite-avec-les-sinistres-un-remede-pour-les-ames\/","og_locale":"fr_FR","og_type":"article","og_title":"Une caravane culturelle de solidarit\u00e9 avec les sinistr\u00e9s\u00a0: Un rem\u00e8de pour les \u00e2mes - La Sentinelle","og_description":"Les caravanes solidaires du minist\u00e8re de la Culture et des Arts posent leurs valises dans les wilayas ravag\u00e9es par les","og_url":"https:\/\/lasentinelle.dz\/index.php\/2026\/09\/05\/une-caravane-culturelle-de-solidarite-avec-les-sinistres-un-remede-pour-les-ames\/","og_site_name":"La Sentinelle","article_publisher":"https:\/\/www.facebook.com\/La-Sentinelle-104059864394773","article_published_time":"2026-09-05T20:52:21+00:00","article_modified_time":"2026-09-05T20:52:24+00:00","og_image":[{"width":1920,"height":1080,"url":"https:\/\/lasentinelle.dz\/wp-content\/uploads\/2026\/09\/caravane-culture.jpg","type":"image\/jpeg"}],"author":"admin","twitter_card":"summary_large_image","twitter_misc":{"\u00c9crit par":"admin","Dur\u00e9e de lecture estim\u00e9e":"4 minutes"},"schema":{"@context":"https:\/\/schema.org","@graph":[{"@type":"Article","@id":"https:\/\/lasentinelle.dz\/index.php\/2026\/09\/05\/une-caravane-culturelle-de-solidarite-avec-les-sinistres-un-remede-pour-les-ames\/#article","isPartOf":{"@id":"https:\/\/lasentinelle.dz\/index.php\/2026\/09\/05\/une-caravane-culturelle-de-solidarite-avec-les-sinistres-un-remede-pour-les-ames\/"},"author":{"name":"admin","@id":"https:\/\/lasentinelle.dz\/#\/schema\/person\/729ee0024f24e0b8c5ec17232f8e8b41"},"headline":"Une caravane culturelle de solidarit\u00e9 avec les sinistr\u00e9s\u00a0: Un rem\u00e8de pour les \u00e2mes","datePublished":"2026-09-05T20:52:21+00:00","dateModified":"2026-09-05T20:52:24+00:00","mainEntityOfPage":{"@id":"https:\/\/lasentinelle.dz\/index.php\/2026\/09\/05\/une-caravane-culturelle-de-solidarite-avec-les-sinistres-un-remede-pour-les-ames\/"},"wordCount":761,"commentCount":0,"publisher":{"@id":"https:\/\/lasentinelle.dz\/#organization"},"image":{"@id":"https:\/\/lasentinelle.dz\/index.php\/2026\/09\/05\/une-caravane-culturelle-de-solidarite-avec-les-sinistres-un-remede-pour-les-ames\/#primaryimage"},"thumbnailUrl":"https:\/\/lasentinelle.dz\/wp-content\/uploads\/2026\/09\/caravane-culture.jpg","articleSection":["Culture"],"inLanguage":"fr-FR","potentialAction":[{"@type":"CommentAction","name":"Comment","target":["https:\/\/lasentinelle.dz\/index.php\/2026\/09\/05\/une-caravane-culturelle-de-solidarite-avec-les-sinistres-un-remede-pour-les-ames\/#respond"]}]},{"@type":"WebPage","@id":"https:\/\/lasentinelle.dz\/index.php\/2026\/09\/05\/une-caravane-culturelle-de-solidarite-avec-les-sinistres-un-remede-pour-les-ames\/","url":"https:\/\/lasentinelle.dz\/index.php\/2026\/09\/05\/une-caravane-culturelle-de-solidarite-avec-les-sinistres-un-remede-pour-les-ames\/","name":"Une caravane culturelle de solidarit\u00e9 avec les sinistr\u00e9s\u00a0: Un rem\u00e8de pour les \u00e2mes - La Sentinelle","isPartOf":{"@id":"https:\/\/lasentinelle.dz\/#website"},"primaryImageOfPage":{"@id":"https:\/\/lasentinelle.dz\/index.php\/2026\/09\/05\/une-caravane-culturelle-de-solidarite-avec-les-sinistres-un-remede-pour-les-ames\/#primaryimage"},"image":{"@id":"https:\/\/lasentinelle.dz\/index.php\/2026\/09\/05\/une-caravane-culturelle-de-solidarite-avec-les-sinistres-un-remede-pour-les-ames\/#primaryimage"},"thumbnailUrl":"https:\/\/lasentinelle.dz\/wp-content\/uploads\/2026\/09\/caravane-culture.jpg","datePublished":"2026-09-05T20:52:21+00:00","dateModified":"2026-09-05T20:52:24+00:00","breadcrumb":{"@id":"https:\/\/lasentinelle.dz\/index.php\/2026\/09\/05\/une-caravane-culturelle-de-solidarite-avec-les-sinistres-un-remede-pour-les-ames\/#breadcrumb"},"inLanguage":"fr-FR","potentialAction":[{"@type":"ReadAction","target":["https:\/\/lasentinelle.dz\/index.php\/2026\/09\/05\/une-caravane-culturelle-de-solidarite-avec-les-sinistres-un-remede-pour-les-ames\/"]}]},{"@type":"ImageObject","inLanguage":"fr-FR","@id":"https:\/\/lasentinelle.dz\/index.php\/2026\/09\/05\/une-caravane-culturelle-de-solidarite-avec-les-sinistres-un-remede-pour-les-ames\/#primaryimage","url":"https:\/\/lasentinelle.dz\/wp-content\/uploads\/2026\/09\/caravane-culture.jpg","contentUrl":"https:\/\/lasentinelle.dz\/wp-content\/uploads\/2026\/09\/caravane-culture.jpg","width":1920,"height":1080},{"@type":"BreadcrumbList","@id":"https:\/\/lasentinelle.dz\/index.php\/2026\/09\/05\/une-caravane-culturelle-de-solidarite-avec-les-sinistres-un-remede-pour-les-ames\/#breadcrumb","itemListElement":[{"@type":"ListItem","position":1,"name":"Accueil","item":"https:\/\/lasentinelle.dz\/"},{"@type":"ListItem","position":2,"name":"Une caravane culturelle de solidarit\u00e9 avec les sinistr\u00e9s\u00a0: Un rem\u00e8de pour les \u00e2mes"}]},{"@type":"WebSite","@id":"https:\/\/lasentinelle.dz\/#website","url":"https:\/\/lasentinelle.dz\/","name":"La Sentinelle","description":"Quotidien national d&#039;information","publisher":{"@id":"https:\/\/lasentinelle.dz\/#organization"},"potentialAction":[{"@type":"SearchAction","target":{"@type":"EntryPoint","urlTemplate":"https:\/\/lasentinelle.dz\/?s={search_term_string}"},"query-input":{"@type":"PropertyValueSpecification","valueRequired":true,"valueName":"search_term_string"}}],"inLanguage":"fr-FR"},{"@type":"Organization","@id":"https:\/\/lasentinelle.dz\/#organization","name":"Quotidien La Sentinelle","url":"https:\/\/lasentinelle.dz\/","logo":{"@type":"ImageObject","inLanguage":"fr-FR","@id":"https:\/\/lasentinelle.dz\/#\/schema\/logo\/image\/","url":"https:\/\/lasentinelle.dz\/wp-content\/uploads\/2021\/09\/logo-sentinelleSLOGAN-1.png","contentUrl":"https:\/\/lasentinelle.dz\/wp-content\/uploads\/2021\/09\/logo-sentinelleSLOGAN-1.png","width":615,"height":142,"caption":"Quotidien La Sentinelle"},"image":{"@id":"https:\/\/lasentinelle.dz\/#\/schema\/logo\/image\/"},"sameAs":["https:\/\/www.facebook.com\/La-Sentinelle-104059864394773"]},{"@type":"Person","@id":"https:\/\/lasentinelle.dz\/#\/schema\/person\/729ee0024f24e0b8c5ec17232f8e8b41","name":"admin","image":{"@type":"ImageObject","inLanguage":"fr-FR","@id":"https:\/\/secure.gravatar.com\/avatar\/4c81fed838786e9b53f540bf46533e750f5d292099ae3b66cfc6fb1982e29df7?s=96&d=mm&r=g","url":"https:\/\/secure.gravatar.com\/avatar\/4c81fed838786e9b53f540bf46533e750f5d292099ae3b66cfc6fb1982e29df7?s=96&d=mm&r=g","contentUrl":"https:\/\/secure.gravatar.com\/avatar\/4c81fed838786e9b53f540bf46533e750f5d292099ae3b66cfc6fb1982e29df7?s=96&d=mm&r=g","caption":"admin"},"description":"admin","url":"https:\/\/lasentinelle.dz\/author\/admin\/"}]}},"_links":{"self":[{"href":"https:\/\/lasentinelle.dz\/index.php\/wp-json\/wp\/v2\/posts\/94999","targetHints":{"allow":["GET"]}}],"collection":[{"href":"https:\/\/lasentinelle.dz\/index.php\/wp-json\/wp\/v2\/posts"}],"about":[{"href":"https:\/\/lasentinelle.dz\/index.php\/wp-json\/wp\/v2\/types\/post"}],"author":[{"embeddable":true,"href":"https:\/\/lasentinelle.dz\/index.php\/wp-json\/wp\/v2\/users\/6"}],"replies":[{"embeddable":true,"href":"https:\/\/lasentinelle.dz\/index.php\/wp-json\/wp\/v2\/comments?post=94999"}],"version-history":[{"count":1,"href":"https:\/\/lasentinelle.dz\/index.php\/wp-json\/wp\/v2\/posts\/94999\/revisions"}],"predecessor-version":[{"id":95001,"href":"https:\/\/lasentinelle.dz\/index.php\/wp-json\/wp\/v2\/posts\/94999\/revisions\/95001"}],"wp:featuredmedia":[{"embeddable":true,"href":"https:\/\/lasentinelle.dz\/index.php\/wp-json\/wp\/v2\/media\/95000"}],"wp:attachment":[{"href":"https:\/\/lasentinelle.dz\/index.php\/wp-json\/wp\/v2\/media?parent=94999"}],"wp:term":[{"taxonomy":"category","embeddable":true,"href":"https:\/\/lasentinelle.dz\/index.php\/wp-json\/wp\/v2\/categories?post=94999"},{"taxonomy":"post_tag","embeddable":true,"href":"https:\/\/lasentinelle.dz\/index.php\/wp-json\/wp\/v2\/tags?post=94999"}],"curies":[{"name":"wp","href":"https:\/\/api.w.org\/{rel}","templated":true}]}}