{"id":95004,"date":"2026-09-05T21:54:21","date_gmt":"2026-09-05T20:54:21","guid":{"rendered":"https:\/\/lasentinelle.dz\/?p=95004"},"modified":"2026-09-05T21:54:29","modified_gmt":"2026-09-05T20:54:29","slug":"ligue-de-diamant-sedjati-boucle-une-saison-xxl","status":"publish","type":"post","link":"https:\/\/lasentinelle.dz\/index.php\/2026\/09\/05\/ligue-de-diamant-sedjati-boucle-une-saison-xxl\/","title":{"rendered":"Ligue de diamant\u00a0: Sedjati boucle une saison XXL"},"content":{"rendered":"\n<p class=\"wp-block-paragraph\"><em>Deuxi\u00e8me de la finale de la Ligue de diamant vendredi soir \u00e0 Bruxelles, Djamel Sedjati referme une saison XXL sur le 800 m, ponctu\u00e9e par le sacre continental de Tarente fin ao\u00fbt et une avalanche de podiums en Diamond League. Le natif de Tiaret conclura son exercice la semaine prochaine \u00e0 Budapest.<\/em><\/p>\n\n\n\n<p class=\"wp-block-paragraph\">L&rsquo;Alg\u00e9rien Djamel Sedjati a pris la deuxi\u00e8me place de la finale du 800 m de la Ligue de diamant 2026, vendredi soir \u00e0 Bruxelles, en signant un chrono de 1:42.80, devanc\u00e9 par le K\u00e9nyan Emmanuel Wanyonyi, num\u00e9ro un mondial, auteur du record du meeting en 1:41.80 devant le Fran\u00e7ais Yanis Meziane, troisi\u00e8me en 1:42.87. Le deuxi\u00e8me repr\u00e9sentant alg\u00e9rien engag\u00e9 dans la course, Slimane Moula, a lui pris la huiti\u00e8me place en 1:49.62. Cette place d&rsquo;honneur bruxelloise vient couronner une fin de saison exceptionnelle pour le demi-fondiste de 27 ans. Sacr\u00e9 champion m\u00e9diterran\u00e9en le 31 ao\u00fbt dernier \u00e0 Tarente, en Italie, avec un temps de 1:46.03, Sedjati y avait offert \u00e0 l&rsquo;Alg\u00e9rie sa quatri\u00e8me m\u00e9daille d&rsquo;or de ces Jeux, devan\u00e7ant l&rsquo;Espagnol David Barroso Bravo et le Croate Marino Bloudek. Une cons\u00e9cration continentale qui intervient un an apr\u00e8s son titre de vice-champion du monde \u00e0 Tokyo, d\u00e9croch\u00e9 en 1:41.90 derri\u00e8re Wanyonyi.<\/p>\n\n\n\n<p class=\"wp-block-paragraph\">Sur les pistes de la Ligue de diamant, l&rsquo;Alg\u00e9rien a multipli\u00e9 les places d&rsquo;honneur de haut niveau tout au long de l&rsquo;\u00e9t\u00e9, deuxi\u00e8me \u00e0 Lausanne le 21 ao\u00fbt en 1:42.31, sa meilleure performance de la saison \u00e0 l&rsquo;\u00e9poque, am\u00e9liorant alors son meilleur chrono qui \u00e9tait de 1 min 43 sec 19, puis de nouveau deuxi\u00e8me \u00e0 Zurich six jours plus tard, cette fois en 1:41.83, sa meilleure marque de la saison. Il avait par ailleurs sign\u00e9 sur 1000 m un temps de 2:13.94 d\u00e9but juillet \u00e0 Monaco. Sedjati court sous les couleurs de l&rsquo;Alg\u00e9rie avec, en ligne de mire permanente, son record national du 800 m, \u00e9tabli \u00e0 Monaco en 1:41.46, la cinqui\u00e8me meilleure performance de tous les temps sur la distance, derri\u00e8re le Sud-Africain Marco Arop, Wanyonyi, le Danois Wilson Kipketer et le record du monde d\u00e9tenu par le K\u00e9nyan David Rudisha.<\/p>\n\n\n\n<p class=\"wp-block-paragraph\">L&rsquo;enjeu de cette derni\u00e8re ligne droite de saison est double pour l&rsquo;athl\u00e8te form\u00e9 par Amar Benida. Il s\u2019agit de confirmer sa place parmi l&rsquo;\u00e9lite mondiale du deux-tours de piste, &nbsp;il avait d\u00e9j\u00e0 d\u00e9croch\u00e9 le bronze olympique \u00e0 Paris en 2024, en 1:41.50, et engranger des points avant l&rsquo;ultime rendez-vous de l&rsquo;ann\u00e9e. Sedjati bouclera en effet son exercice 2026 la semaine prochaine \u00e0 Budapest, \u00e0 l&rsquo;occasion des Championnats Ultimate, pr\u00e9vus du 11 au 13 septembre.<\/p>\n\n\n\n<p class=\"wp-block-paragraph\">M. Dahleb<\/p>\n","protected":false},"excerpt":{"rendered":"<p>Deuxi\u00e8me de la finale de la Ligue de diamant vendredi soir \u00e0 Bruxelles, Djamel Sedjati referme une saison XXL sur<\/p>\n","protected":false},"author":6,"featured_media":55408,"comment_status":"open","ping_status":"closed","sticky":false,"template":"","format":"standard","meta":{"colormag_page_container_layout":"default_layout","colormag_page_sidebar_layout":"default_layout","om_disable_all_campaigns":false,"_monsterinsights_skip_tracking":false,"footnotes":"","_wpscppro_dont_share_socialmedia":false,"_wpscppro_custom_social_share_image":0,"_facebook_share_type":"default","_twitter_share_type":"default","_linkedin_share_type":"default","_pinterest_share_type":"default","_linkedin_share_type_page":"","_instagram_share_type":"default","_medium_share_type":"default","_threads_share_type":"default","_google_business_share_type":"default","_bluesky_share_type":"default","_mastodon_share_type":"default","_selected_social_profile":[],"_wpsp_enable_custom_social_template":false,"_wpsp_social_scheduling":{"enabled":false,"datetime":null,"platforms":[],"status":"template_only","dateOption":"today","timeOption":"now","customDays":"","customHours":"","customDate":"","customTime":"","schedulingType":"absolute"},"_wpsp_active_default_template":true},"categories":[33],"tags":[],"class_list":["post-95004","post","type-post","status-publish","format-standard","has-post-thumbnail","hentry","category-sports"],"aioseo_notices":[],"aioseo_head":"\n\t\t<!-- All in One SEO 5.0.0.1 - aioseo.com -->\n\t<meta name=\"description\" content=\"Deuxi\u00e8me de la finale de la Ligue de diamant vendredi soir \u00e0 Bruxelles, Djamel Sedjati referme une saison XXL sur le 800 m, ponctu\u00e9e par le sacre continental de Tarente fin ao\u00fbt et une avalanche de podiums en Diamond League. Le natif de Tiaret conclura son exercice la semaine prochaine \u00e0 Budapest. L&#039;Alg\u00e9rien Djamel Sedjati\" \/>\n\t<meta name=\"robots\" content=\"max-image-preview:large\" \/>\n\t<meta name=\"author\" content=\"admin\"\/>\n\t<link rel=\"canonical\" href=\"https:\/\/lasentinelle.dz\/index.php\/2026\/09\/05\/ligue-de-diamant-sedjati-boucle-une-saison-xxl\/\" \/>\n\t<meta name=\"generator\" content=\"All in One SEO (AIOSEO) 5.0.0.1\" \/>\n\t\t<meta property=\"og:locale\" content=\"fr_FR\" \/>\n\t\t<meta property=\"og:site_name\" content=\"La Sentinelle - Quotidien national d&#039;information\" \/>\n\t\t<meta property=\"og:type\" content=\"article\" \/>\n\t\t<meta property=\"og:title\" content=\"Ligue de diamant : Sedjati boucle une saison XXL - La Sentinelle\" \/>\n\t\t<meta property=\"og:description\" content=\"Deuxi\u00e8me de la finale de la Ligue de diamant vendredi soir \u00e0 Bruxelles, Djamel Sedjati referme une saison XXL sur le 800 m, ponctu\u00e9e par le sacre continental de Tarente fin ao\u00fbt et une avalanche de podiums en Diamond League. Le natif de Tiaret conclura son exercice la semaine prochaine \u00e0 Budapest. L&#039;Alg\u00e9rien Djamel Sedjati\" \/>\n\t\t<meta property=\"og:url\" content=\"https:\/\/lasentinelle.dz\/index.php\/2026\/09\/05\/ligue-de-diamant-sedjati-boucle-une-saison-xxl\/\" \/>\n\t\t<meta property=\"og:image\" content=\"https:\/\/lasentinelle.dz\/wp-content\/uploads\/2021\/09\/cropped-la-sentinelle-earth-golden-anima-5.gif\" \/>\n\t\t<meta property=\"og:image:secure_url\" content=\"https:\/\/lasentinelle.dz\/wp-content\/uploads\/2021\/09\/cropped-la-sentinelle-earth-golden-anima-5.gif\" \/>\n\t\t<meta property=\"og:image:width\" content=\"450\" \/>\n\t\t<meta property=\"og:image:height\" content=\"213\" \/>\n\t\t<meta property=\"article:published_time\" content=\"2026-09-05T20:54:21+00:00\" \/>\n\t\t<meta property=\"article:modified_time\" content=\"2026-09-05T20:54:29+00:00\" \/>\n\t\t<meta property=\"article:publisher\" content=\"https:\/\/www.facebook.com\/azzedine.lasentinelle.1\" \/>\n\t\t<meta name=\"twitter:card\" content=\"summary_large_image\" \/>\n\t\t<meta name=\"twitter:title\" content=\"Ligue de diamant : Sedjati boucle une saison XXL - La Sentinelle\" \/>\n\t\t<meta name=\"twitter:description\" content=\"Deuxi\u00e8me de la finale de la Ligue de diamant vendredi soir \u00e0 Bruxelles, Djamel Sedjati referme une saison XXL sur le 800 m, ponctu\u00e9e par le sacre continental de Tarente fin ao\u00fbt et une avalanche de podiums en Diamond League. Le natif de Tiaret conclura son exercice la semaine prochaine \u00e0 Budapest. L&#039;Alg\u00e9rien Djamel Sedjati\" \/>\n\t\t<meta name=\"twitter:image\" content=\"https:\/\/lasentinelle.dz\/wp-content\/uploads\/2021\/09\/cropped-la-sentinelle-earth-golden-anima-5.gif\" \/>\n\t\t<script type=\"application\/ld+json\" class=\"aioseo-schema\">\n\t\t\t{\"@context\":\"https:\\\/\\\/schema.org\",\"@graph\":[{\"@type\":\"BlogPosting\",\"@id\":\"https:\\\/\\\/lasentinelle.dz\\\/index.php\\\/2026\\\/09\\\/05\\\/ligue-de-diamant-sedjati-boucle-une-saison-xxl\\\/#blogposting\",\"name\":\"Ligue de diamant : Sedjati boucle une saison XXL - La Sentinelle\",\"headline\":\"Ligue de diamant\\u00a0: Sedjati boucle une saison XXL\",\"author\":{\"@id\":\"https:\\\/\\\/lasentinelle.dz\\\/author\\\/admin\\\/#author\"},\"publisher\":{\"@id\":\"https:\\\/\\\/lasentinelle.dz\\\/#organization\"},\"image\":{\"@type\":\"ImageObject\",\"url\":\"https:\\\/\\\/lasentinelle.dz\\\/wp-content\\\/uploads\\\/2024\\\/08\\\/sedjati.png\",\"width\":1382,\"height\":778},\"datePublished\":\"2026-09-05T21:54:21+01:00\",\"dateModified\":\"2026-09-05T21:54:29+01:00\",\"inLanguage\":\"fr-FR\",\"mainEntityOfPage\":{\"@id\":\"https:\\\/\\\/lasentinelle.dz\\\/index.php\\\/2026\\\/09\\\/05\\\/ligue-de-diamant-sedjati-boucle-une-saison-xxl\\\/#webpage\"},\"isPartOf\":{\"@id\":\"https:\\\/\\\/lasentinelle.dz\\\/index.php\\\/2026\\\/09\\\/05\\\/ligue-de-diamant-sedjati-boucle-une-saison-xxl\\\/#webpage\"},\"articleSection\":\"Sports\"},{\"@type\":\"BreadcrumbList\",\"@id\":\"https:\\\/\\\/lasentinelle.dz\\\/index.php\\\/2026\\\/09\\\/05\\\/ligue-de-diamant-sedjati-boucle-une-saison-xxl\\\/#breadcrumblist\",\"itemListElement\":[{\"@type\":\"ListItem\",\"@id\":\"https:\\\/\\\/lasentinelle.dz#listItem\",\"position\":1,\"name\":\"Home\",\"item\":\"https:\\\/\\\/lasentinelle.dz\",\"nextItem\":{\"@type\":\"ListItem\",\"@id\":\"https:\\\/\\\/lasentinelle.dz\\\/index.php\\\/category\\\/sports\\\/#listItem\",\"name\":\"Sports\"}},{\"@type\":\"ListItem\",\"@id\":\"https:\\\/\\\/lasentinelle.dz\\\/index.php\\\/category\\\/sports\\\/#listItem\",\"position\":2,\"name\":\"Sports\",\"item\":\"https:\\\/\\\/lasentinelle.dz\\\/index.php\\\/category\\\/sports\\\/\",\"nextItem\":{\"@type\":\"ListItem\",\"@id\":\"https:\\\/\\\/lasentinelle.dz\\\/index.php\\\/2026\\\/09\\\/05\\\/ligue-de-diamant-sedjati-boucle-une-saison-xxl\\\/#listItem\",\"name\":\"Ligue de diamant\\u00a0: Sedjati boucle une saison XXL\"},\"previousItem\":{\"@type\":\"ListItem\",\"@id\":\"https:\\\/\\\/lasentinelle.dz#listItem\",\"name\":\"Home\"}},{\"@type\":\"ListItem\",\"@id\":\"https:\\\/\\\/lasentinelle.dz\\\/index.php\\\/2026\\\/09\\\/05\\\/ligue-de-diamant-sedjati-boucle-une-saison-xxl\\\/#listItem\",\"position\":3,\"name\":\"Ligue de diamant\\u00a0: Sedjati boucle une saison XXL\",\"previousItem\":{\"@type\":\"ListItem\",\"@id\":\"https:\\\/\\\/lasentinelle.dz\\\/index.php\\\/category\\\/sports\\\/#listItem\",\"name\":\"Sports\"}}]},{\"@type\":\"Organization\",\"@id\":\"https:\\\/\\\/lasentinelle.dz\\\/#organization\",\"name\":\"La Sentinelle La Sentinelle\",\"description\":\"Quotidien national d'information\",\"url\":\"https:\\\/\\\/lasentinelle.dz\\\/\",\"logo\":{\"@type\":\"ImageObject\",\"url\":\"https:\\\/\\\/lasentinelle.dz\\\/wp-content\\\/uploads\\\/2021\\\/09\\\/cropped-la-sentinelle-earth-golden-anima-5.gif\",\"@id\":\"https:\\\/\\\/lasentinelle.dz\\\/index.php\\\/2026\\\/09\\\/05\\\/ligue-de-diamant-sedjati-boucle-une-saison-xxl\\\/#organizationLogo\",\"width\":450,\"height\":213},\"image\":{\"@id\":\"https:\\\/\\\/lasentinelle.dz\\\/index.php\\\/2026\\\/09\\\/05\\\/ligue-de-diamant-sedjati-boucle-une-saison-xxl\\\/#organizationLogo\"},\"sameAs\":[\"https:\\\/\\\/www.facebook.com\\\/azzedine.lasentinelle.1\"]},{\"@type\":\"Person\",\"@id\":\"https:\\\/\\\/lasentinelle.dz\\\/author\\\/admin\\\/#author\",\"url\":\"https:\\\/\\\/lasentinelle.dz\\\/author\\\/admin\\\/\",\"name\":\"admin\",\"image\":{\"@type\":\"ImageObject\",\"@id\":\"https:\\\/\\\/lasentinelle.dz\\\/index.php\\\/2026\\\/09\\\/05\\\/ligue-de-diamant-sedjati-boucle-une-saison-xxl\\\/#authorImage\",\"url\":\"https:\\\/\\\/secure.gravatar.com\\\/avatar\\\/4c81fed838786e9b53f540bf46533e750f5d292099ae3b66cfc6fb1982e29df7?s=96&d=mm&r=g\",\"width\":96,\"height\":96,\"caption\":\"admin\"}},{\"@type\":\"WebPage\",\"@id\":\"https:\\\/\\\/lasentinelle.dz\\\/index.php\\\/2026\\\/09\\\/05\\\/ligue-de-diamant-sedjati-boucle-une-saison-xxl\\\/#webpage\",\"url\":\"https:\\\/\\\/lasentinelle.dz\\\/index.php\\\/2026\\\/09\\\/05\\\/ligue-de-diamant-sedjati-boucle-une-saison-xxl\\\/\",\"name\":\"Ligue de diamant : Sedjati boucle une saison XXL - La Sentinelle\",\"description\":\"Deuxi\\u00e8me de la finale de la Ligue de diamant vendredi soir \\u00e0 Bruxelles, Djamel Sedjati referme une saison XXL sur le 800 m, ponctu\\u00e9e par le sacre continental de Tarente fin ao\\u00fbt et une avalanche de podiums en Diamond League. Le natif de Tiaret conclura son exercice la semaine prochaine \\u00e0 Budapest. L'Alg\\u00e9rien Djamel Sedjati\",\"inLanguage\":\"fr-FR\",\"isPartOf\":{\"@id\":\"https:\\\/\\\/lasentinelle.dz\\\/#website\"},\"breadcrumb\":{\"@id\":\"https:\\\/\\\/lasentinelle.dz\\\/index.php\\\/2026\\\/09\\\/05\\\/ligue-de-diamant-sedjati-boucle-une-saison-xxl\\\/#breadcrumblist\"},\"author\":{\"@id\":\"https:\\\/\\\/lasentinelle.dz\\\/author\\\/admin\\\/#author\"},\"creator\":{\"@id\":\"https:\\\/\\\/lasentinelle.dz\\\/author\\\/admin\\\/#author\"},\"image\":{\"@type\":\"ImageObject\",\"url\":\"https:\\\/\\\/lasentinelle.dz\\\/wp-content\\\/uploads\\\/2024\\\/08\\\/sedjati.png\",\"@id\":\"https:\\\/\\\/lasentinelle.dz\\\/index.php\\\/2026\\\/09\\\/05\\\/ligue-de-diamant-sedjati-boucle-une-saison-xxl\\\/#mainImage\",\"width\":1382,\"height\":778},\"primaryImageOfPage\":{\"@id\":\"https:\\\/\\\/lasentinelle.dz\\\/index.php\\\/2026\\\/09\\\/05\\\/ligue-de-diamant-sedjati-boucle-une-saison-xxl\\\/#mainImage\"},\"datePublished\":\"2026-09-05T21:54:21+01:00\",\"dateModified\":\"2026-09-05T21:54:29+01:00\"},{\"@type\":\"WebSite\",\"@id\":\"https:\\\/\\\/lasentinelle.dz\\\/#website\",\"url\":\"https:\\\/\\\/lasentinelle.dz\\\/\",\"name\":\"La Sentinelle\",\"description\":\"Quotidien national d'information\",\"inLanguage\":\"fr-FR\",\"publisher\":{\"@id\":\"https:\\\/\\\/lasentinelle.dz\\\/#organization\"}}]}\n\t\t<\/script>\n\t\t<!-- All in One SEO -->\n\n","aioseo_head_json":{"title":"Ligue de diamant : Sedjati boucle une saison XXL - La Sentinelle","description":"Deuxi\u00e8me de la finale de la Ligue de diamant vendredi soir \u00e0 Bruxelles, Djamel Sedjati referme une saison XXL sur le 800 m, ponctu\u00e9e par le sacre continental de Tarente fin ao\u00fbt et une avalanche de podiums en Diamond League. Le natif de Tiaret conclura son exercice la semaine prochaine \u00e0 Budapest. L'Alg\u00e9rien Djamel Sedjati","canonical_url":"https:\/\/lasentinelle.dz\/index.php\/2026\/09\/05\/ligue-de-diamant-sedjati-boucle-une-saison-xxl\/","robots":"max-image-preview:large","keywords":"","webmasterTools":{"miscellaneous":""},"schema":{"@context":"https:\/\/schema.org","@graph":[{"@type":"BlogPosting","@id":"https:\/\/lasentinelle.dz\/index.php\/2026\/09\/05\/ligue-de-diamant-sedjati-boucle-une-saison-xxl\/#blogposting","name":"Ligue de diamant : Sedjati boucle une saison XXL - La Sentinelle","headline":"Ligue de diamant\u00a0: Sedjati boucle une saison XXL","author":{"@id":"https:\/\/lasentinelle.dz\/author\/admin\/#author"},"publisher":{"@id":"https:\/\/lasentinelle.dz\/#organization"},"image":{"@type":"ImageObject","url":"https:\/\/lasentinelle.dz\/wp-content\/uploads\/2024\/08\/sedjati.png","width":1382,"height":778},"datePublished":"2026-09-05T21:54:21+01:00","dateModified":"2026-09-05T21:54:29+01:00","inLanguage":"fr-FR","mainEntityOfPage":{"@id":"https:\/\/lasentinelle.dz\/index.php\/2026\/09\/05\/ligue-de-diamant-sedjati-boucle-une-saison-xxl\/#webpage"},"isPartOf":{"@id":"https:\/\/lasentinelle.dz\/index.php\/2026\/09\/05\/ligue-de-diamant-sedjati-boucle-une-saison-xxl\/#webpage"},"articleSection":"Sports"},{"@type":"BreadcrumbList","@id":"https:\/\/lasentinelle.dz\/index.php\/2026\/09\/05\/ligue-de-diamant-sedjati-boucle-une-saison-xxl\/#breadcrumblist","itemListElement":[{"@type":"ListItem","@id":"https:\/\/lasentinelle.dz#listItem","position":1,"name":"Home","item":"https:\/\/lasentinelle.dz","nextItem":{"@type":"ListItem","@id":"https:\/\/lasentinelle.dz\/index.php\/category\/sports\/#listItem","name":"Sports"}},{"@type":"ListItem","@id":"https:\/\/lasentinelle.dz\/index.php\/category\/sports\/#listItem","position":2,"name":"Sports","item":"https:\/\/lasentinelle.dz\/index.php\/category\/sports\/","nextItem":{"@type":"ListItem","@id":"https:\/\/lasentinelle.dz\/index.php\/2026\/09\/05\/ligue-de-diamant-sedjati-boucle-une-saison-xxl\/#listItem","name":"Ligue de diamant\u00a0: Sedjati boucle une saison XXL"},"previousItem":{"@type":"ListItem","@id":"https:\/\/lasentinelle.dz#listItem","name":"Home"}},{"@type":"ListItem","@id":"https:\/\/lasentinelle.dz\/index.php\/2026\/09\/05\/ligue-de-diamant-sedjati-boucle-une-saison-xxl\/#listItem","position":3,"name":"Ligue de diamant\u00a0: Sedjati boucle une saison XXL","previousItem":{"@type":"ListItem","@id":"https:\/\/lasentinelle.dz\/index.php\/category\/sports\/#listItem","name":"Sports"}}]},{"@type":"Organization","@id":"https:\/\/lasentinelle.dz\/#organization","name":"La Sentinelle La Sentinelle","description":"Quotidien national d'information","url":"https:\/\/lasentinelle.dz\/","logo":{"@type":"ImageObject","url":"https:\/\/lasentinelle.dz\/wp-content\/uploads\/2021\/09\/cropped-la-sentinelle-earth-golden-anima-5.gif","@id":"https:\/\/lasentinelle.dz\/index.php\/2026\/09\/05\/ligue-de-diamant-sedjati-boucle-une-saison-xxl\/#organizationLogo","width":450,"height":213},"image":{"@id":"https:\/\/lasentinelle.dz\/index.php\/2026\/09\/05\/ligue-de-diamant-sedjati-boucle-une-saison-xxl\/#organizationLogo"},"sameAs":["https:\/\/www.facebook.com\/azzedine.lasentinelle.1"]},{"@type":"Person","@id":"https:\/\/lasentinelle.dz\/author\/admin\/#author","url":"https:\/\/lasentinelle.dz\/author\/admin\/","name":"admin","image":{"@type":"ImageObject","@id":"https:\/\/lasentinelle.dz\/index.php\/2026\/09\/05\/ligue-de-diamant-sedjati-boucle-une-saison-xxl\/#authorImage","url":"https:\/\/secure.gravatar.com\/avatar\/4c81fed838786e9b53f540bf46533e750f5d292099ae3b66cfc6fb1982e29df7?s=96&d=mm&r=g","width":96,"height":96,"caption":"admin"}},{"@type":"WebPage","@id":"https:\/\/lasentinelle.dz\/index.php\/2026\/09\/05\/ligue-de-diamant-sedjati-boucle-une-saison-xxl\/#webpage","url":"https:\/\/lasentinelle.dz\/index.php\/2026\/09\/05\/ligue-de-diamant-sedjati-boucle-une-saison-xxl\/","name":"Ligue de diamant : Sedjati boucle une saison XXL - La Sentinelle","description":"Deuxi\u00e8me de la finale de la Ligue de diamant vendredi soir \u00e0 Bruxelles, Djamel Sedjati referme une saison XXL sur le 800 m, ponctu\u00e9e par le sacre continental de Tarente fin ao\u00fbt et une avalanche de podiums en Diamond League. Le natif de Tiaret conclura son exercice la semaine prochaine \u00e0 Budapest. L'Alg\u00e9rien Djamel Sedjati","inLanguage":"fr-FR","isPartOf":{"@id":"https:\/\/lasentinelle.dz\/#website"},"breadcrumb":{"@id":"https:\/\/lasentinelle.dz\/index.php\/2026\/09\/05\/ligue-de-diamant-sedjati-boucle-une-saison-xxl\/#breadcrumblist"},"author":{"@id":"https:\/\/lasentinelle.dz\/author\/admin\/#author"},"creator":{"@id":"https:\/\/lasentinelle.dz\/author\/admin\/#author"},"image":{"@type":"ImageObject","url":"https:\/\/lasentinelle.dz\/wp-content\/uploads\/2024\/08\/sedjati.png","@id":"https:\/\/lasentinelle.dz\/index.php\/2026\/09\/05\/ligue-de-diamant-sedjati-boucle-une-saison-xxl\/#mainImage","width":1382,"height":778},"primaryImageOfPage":{"@id":"https:\/\/lasentinelle.dz\/index.php\/2026\/09\/05\/ligue-de-diamant-sedjati-boucle-une-saison-xxl\/#mainImage"},"datePublished":"2026-09-05T21:54:21+01:00","dateModified":"2026-09-05T21:54:29+01:00"},{"@type":"WebSite","@id":"https:\/\/lasentinelle.dz\/#website","url":"https:\/\/lasentinelle.dz\/","name":"La Sentinelle","description":"Quotidien national d'information","inLanguage":"fr-FR","publisher":{"@id":"https:\/\/lasentinelle.dz\/#organization"}}]},"og:locale":"fr_FR","og:site_name":"La Sentinelle - Quotidien national d'information","og:type":"article","og:title":"Ligue de diamant : Sedjati boucle une saison XXL - La Sentinelle","og:description":"Deuxi\u00e8me de la finale de la Ligue de diamant vendredi soir \u00e0 Bruxelles, Djamel Sedjati referme une saison XXL sur le 800 m, ponctu\u00e9e par le sacre continental de Tarente fin ao\u00fbt et une avalanche de podiums en Diamond League. Le natif de Tiaret conclura son exercice la semaine prochaine \u00e0 Budapest. L'Alg\u00e9rien Djamel Sedjati","og:url":"https:\/\/lasentinelle.dz\/index.php\/2026\/09\/05\/ligue-de-diamant-sedjati-boucle-une-saison-xxl\/","og:image":"https:\/\/lasentinelle.dz\/wp-content\/uploads\/2021\/09\/cropped-la-sentinelle-earth-golden-anima-5.gif","og:image:secure_url":"https:\/\/lasentinelle.dz\/wp-content\/uploads\/2021\/09\/cropped-la-sentinelle-earth-golden-anima-5.gif","og:image:width":450,"og:image:height":213,"article:published_time":"2026-09-05T20:54:21+00:00","article:modified_time":"2026-09-05T20:54:29+00:00","article:publisher":"https:\/\/www.facebook.com\/azzedine.lasentinelle.1","twitter:card":"summary_large_image","twitter:title":"Ligue de diamant : Sedjati boucle une saison XXL - La Sentinelle","twitter:description":"Deuxi\u00e8me de la finale de la Ligue de diamant vendredi soir \u00e0 Bruxelles, Djamel Sedjati referme une saison XXL sur le 800 m, ponctu\u00e9e par le sacre continental de Tarente fin ao\u00fbt et une avalanche de podiums en Diamond League. Le natif de Tiaret conclura son exercice la semaine prochaine \u00e0 Budapest. L'Alg\u00e9rien Djamel Sedjati","twitter:image":"https:\/\/lasentinelle.dz\/wp-content\/uploads\/2021\/09\/cropped-la-sentinelle-earth-golden-anima-5.gif"},"aioseo_meta_data":{"post_id":"95004","title":null,"description":null,"keywords":null,"keyphrases":{"focus":{"keyphrase":"","score":0,"analysis":{"keyphraseInTitle":{"score":0,"maxScore":9,"error":1}}},"additional":[]},"primary_term":null,"canonical_url":null,"og_title":null,"og_description":null,"og_object_type":"default","og_image_type":"default","og_image_url":null,"og_image_width":null,"og_image_height":null,"og_image_custom_url":null,"og_image_custom_fields":null,"og_video":"","og_custom_url":null,"og_article_section":null,"og_article_tags":null,"twitter_use_og":false,"twitter_card":"default","twitter_image_type":"default","twitter_image_url":null,"twitter_image_custom_url":null,"twitter_image_custom_fields":null,"twitter_title":null,"twitter_description":null,"schema":{"blockGraphs":[],"customGraphs":[],"default":{"data":{"Article":[],"Course":[],"Dataset":[],"FAQPage":[],"Movie":[],"Person":[],"Product":[],"ProductReview":[],"Car":[],"Recipe":[],"Service":[],"SoftwareApplication":[],"WebPage":[]},"graphName":"BlogPosting","isEnabled":true},"graphs":[]},"schema_type":"default","schema_type_options":null,"pillar_content":false,"robots_default":true,"robots_noindex":false,"robots_noarchive":false,"robots_nosnippet":false,"robots_nofollow":false,"robots_noimageindex":false,"robots_noodp":false,"robots_notranslate":false,"robots_max_snippet":"-1","robots_max_videopreview":"-1","robots_max_imagepreview":"large","priority":null,"frequency":"default","local_seo":null,"breadcrumb_settings":null,"limit_modified_date":false,"ai":{"faqs":[],"keyPoints":[],"schemas":[],"titles":[],"descriptions":[],"socialPosts":{"email":{"subject":"","preview":"","content":""},"linkedin":[],"twitter":[],"facebook":[],"instagram":[]}},"created":"2026-09-05 20:54:29","updated":"2026-09-05 22:14:53","focus_keyword":null,"additional_keywords":null,"truseo_locale":null,"seo_analyzer_scan_date":null},"aioseo_breadcrumb":"<div class=\"aioseo-breadcrumbs\"><span class=\"aioseo-breadcrumb\">\n\t\t\t<a href=\"https:\/\/lasentinelle.dz\" title=\"Home\">Home<\/a>\n\t\t<\/span><span class=\"aioseo-breadcrumb-separator\">&raquo;<\/span><span class=\"aioseo-breadcrumb\">\n\t\t\t<a href=\"https:\/\/lasentinelle.dz\/index.php\/category\/sports\/\" title=\"Sports\">Sports<\/a>\n\t\t<\/span><span class=\"aioseo-breadcrumb-separator\">&raquo;<\/span><span class=\"aioseo-breadcrumb\">\n\t\t\tLigue de diamant : Sedjati boucle une saison XXL\n\t\t<\/span><\/div>","aioseo_breadcrumb_json":[{"label":"Home","link":"https:\/\/lasentinelle.dz"},{"label":"Sports","link":"https:\/\/lasentinelle.dz\/index.php\/category\/sports\/"},{"label":"Ligue de diamant\u00a0: Sedjati boucle une saison XXL","link":"https:\/\/lasentinelle.dz\/index.php\/2026\/09\/05\/ligue-de-diamant-sedjati-boucle-une-saison-xxl\/"}],"yoast_head":"<!-- This site is optimized with the Yoast SEO plugin v28.4 - https:\/\/yoast.com\/product\/yoast-seo-wordpress\/ -->\n<title>Ligue de diamant\u00a0: Sedjati boucle une saison XXL - La Sentinelle<\/title>\n<meta name=\"robots\" content=\"index, follow, max-snippet:-1, max-image-preview:large, max-video-preview:-1\" \/>\n<link rel=\"canonical\" href=\"https:\/\/lasentinelle.dz\/index.php\/2026\/09\/05\/ligue-de-diamant-sedjati-boucle-une-saison-xxl\/\" \/>\n<meta property=\"og:locale\" content=\"fr_FR\" \/>\n<meta property=\"og:type\" content=\"article\" \/>\n<meta property=\"og:title\" content=\"Ligue de diamant\u00a0: Sedjati boucle une saison XXL - La Sentinelle\" \/>\n<meta property=\"og:description\" content=\"Deuxi\u00e8me de la finale de la Ligue de diamant vendredi soir \u00e0 Bruxelles, Djamel Sedjati referme une saison XXL sur\" \/>\n<meta property=\"og:url\" content=\"https:\/\/lasentinelle.dz\/index.php\/2026\/09\/05\/ligue-de-diamant-sedjati-boucle-une-saison-xxl\/\" \/>\n<meta property=\"og:site_name\" content=\"La Sentinelle\" \/>\n<meta property=\"article:publisher\" content=\"https:\/\/www.facebook.com\/La-Sentinelle-104059864394773\" \/>\n<meta property=\"article:published_time\" content=\"2026-09-05T20:54:21+00:00\" \/>\n<meta property=\"article:modified_time\" content=\"2026-09-05T20:54:29+00:00\" \/>\n<meta property=\"og:image\" content=\"https:\/\/lasentinelle.dz\/wp-content\/uploads\/2024\/08\/sedjati.png\" \/>\n\t<meta property=\"og:image:width\" content=\"1382\" \/>\n\t<meta property=\"og:image:height\" content=\"778\" \/>\n\t<meta property=\"og:image:type\" content=\"image\/png\" \/>\n<meta name=\"author\" content=\"admin\" \/>\n<meta name=\"twitter:card\" content=\"summary_large_image\" \/>\n<meta name=\"twitter:label1\" content=\"\u00c9crit par\" \/>\n\t<meta name=\"twitter:data1\" content=\"admin\" \/>\n\t<meta name=\"twitter:label2\" content=\"Dur\u00e9e de lecture estim\u00e9e\" \/>\n\t<meta name=\"twitter:data2\" content=\"3 minutes\" \/>\n<script type=\"application\/ld+json\" class=\"yoast-schema-graph\">{\"@context\":\"https:\\\/\\\/schema.org\",\"@graph\":[{\"@type\":\"Article\",\"@id\":\"https:\\\/\\\/lasentinelle.dz\\\/index.php\\\/2026\\\/09\\\/05\\\/ligue-de-diamant-sedjati-boucle-une-saison-xxl\\\/#article\",\"isPartOf\":{\"@id\":\"https:\\\/\\\/lasentinelle.dz\\\/index.php\\\/2026\\\/09\\\/05\\\/ligue-de-diamant-sedjati-boucle-une-saison-xxl\\\/\"},\"author\":{\"name\":\"admin\",\"@id\":\"https:\\\/\\\/lasentinelle.dz\\\/#\\\/schema\\\/person\\\/729ee0024f24e0b8c5ec17232f8e8b41\"},\"headline\":\"Ligue de diamant\u00a0: Sedjati boucle une saison XXL\",\"datePublished\":\"2026-09-05T20:54:21+00:00\",\"dateModified\":\"2026-09-05T20:54:29+00:00\",\"mainEntityOfPage\":{\"@id\":\"https:\\\/\\\/lasentinelle.dz\\\/index.php\\\/2026\\\/09\\\/05\\\/ligue-de-diamant-sedjati-boucle-une-saison-xxl\\\/\"},\"wordCount\":447,\"commentCount\":0,\"publisher\":{\"@id\":\"https:\\\/\\\/lasentinelle.dz\\\/#organization\"},\"image\":{\"@id\":\"https:\\\/\\\/lasentinelle.dz\\\/index.php\\\/2026\\\/09\\\/05\\\/ligue-de-diamant-sedjati-boucle-une-saison-xxl\\\/#primaryimage\"},\"thumbnailUrl\":\"https:\\\/\\\/lasentinelle.dz\\\/wp-content\\\/uploads\\\/2024\\\/08\\\/sedjati.png\",\"articleSection\":[\"Sports\"],\"inLanguage\":\"fr-FR\",\"potentialAction\":[{\"@type\":\"CommentAction\",\"name\":\"Comment\",\"target\":[\"https:\\\/\\\/lasentinelle.dz\\\/index.php\\\/2026\\\/09\\\/05\\\/ligue-de-diamant-sedjati-boucle-une-saison-xxl\\\/#respond\"]}]},{\"@type\":\"WebPage\",\"@id\":\"https:\\\/\\\/lasentinelle.dz\\\/index.php\\\/2026\\\/09\\\/05\\\/ligue-de-diamant-sedjati-boucle-une-saison-xxl\\\/\",\"url\":\"https:\\\/\\\/lasentinelle.dz\\\/index.php\\\/2026\\\/09\\\/05\\\/ligue-de-diamant-sedjati-boucle-une-saison-xxl\\\/\",\"name\":\"Ligue de diamant\u00a0: Sedjati boucle une saison XXL - La Sentinelle\",\"isPartOf\":{\"@id\":\"https:\\\/\\\/lasentinelle.dz\\\/#website\"},\"primaryImageOfPage\":{\"@id\":\"https:\\\/\\\/lasentinelle.dz\\\/index.php\\\/2026\\\/09\\\/05\\\/ligue-de-diamant-sedjati-boucle-une-saison-xxl\\\/#primaryimage\"},\"image\":{\"@id\":\"https:\\\/\\\/lasentinelle.dz\\\/index.php\\\/2026\\\/09\\\/05\\\/ligue-de-diamant-sedjati-boucle-une-saison-xxl\\\/#primaryimage\"},\"thumbnailUrl\":\"https:\\\/\\\/lasentinelle.dz\\\/wp-content\\\/uploads\\\/2024\\\/08\\\/sedjati.png\",\"datePublished\":\"2026-09-05T20:54:21+00:00\",\"dateModified\":\"2026-09-05T20:54:29+00:00\",\"breadcrumb\":{\"@id\":\"https:\\\/\\\/lasentinelle.dz\\\/index.php\\\/2026\\\/09\\\/05\\\/ligue-de-diamant-sedjati-boucle-une-saison-xxl\\\/#breadcrumb\"},\"inLanguage\":\"fr-FR\",\"potentialAction\":[{\"@type\":\"ReadAction\",\"target\":[\"https:\\\/\\\/lasentinelle.dz\\\/index.php\\\/2026\\\/09\\\/05\\\/ligue-de-diamant-sedjati-boucle-une-saison-xxl\\\/\"]}]},{\"@type\":\"ImageObject\",\"inLanguage\":\"fr-FR\",\"@id\":\"https:\\\/\\\/lasentinelle.dz\\\/index.php\\\/2026\\\/09\\\/05\\\/ligue-de-diamant-sedjati-boucle-une-saison-xxl\\\/#primaryimage\",\"url\":\"https:\\\/\\\/lasentinelle.dz\\\/wp-content\\\/uploads\\\/2024\\\/08\\\/sedjati.png\",\"contentUrl\":\"https:\\\/\\\/lasentinelle.dz\\\/wp-content\\\/uploads\\\/2024\\\/08\\\/sedjati.png\",\"width\":1382,\"height\":778},{\"@type\":\"BreadcrumbList\",\"@id\":\"https:\\\/\\\/lasentinelle.dz\\\/index.php\\\/2026\\\/09\\\/05\\\/ligue-de-diamant-sedjati-boucle-une-saison-xxl\\\/#breadcrumb\",\"itemListElement\":[{\"@type\":\"ListItem\",\"position\":1,\"name\":\"Accueil\",\"item\":\"https:\\\/\\\/lasentinelle.dz\\\/\"},{\"@type\":\"ListItem\",\"position\":2,\"name\":\"Ligue de diamant\u00a0: Sedjati boucle une saison XXL\"}]},{\"@type\":\"WebSite\",\"@id\":\"https:\\\/\\\/lasentinelle.dz\\\/#website\",\"url\":\"https:\\\/\\\/lasentinelle.dz\\\/\",\"name\":\"La Sentinelle\",\"description\":\"Quotidien national d&#039;information\",\"publisher\":{\"@id\":\"https:\\\/\\\/lasentinelle.dz\\\/#organization\"},\"potentialAction\":[{\"@type\":\"SearchAction\",\"target\":{\"@type\":\"EntryPoint\",\"urlTemplate\":\"https:\\\/\\\/lasentinelle.dz\\\/?s={search_term_string}\"},\"query-input\":{\"@type\":\"PropertyValueSpecification\",\"valueRequired\":true,\"valueName\":\"search_term_string\"}}],\"inLanguage\":\"fr-FR\"},{\"@type\":\"Organization\",\"@id\":\"https:\\\/\\\/lasentinelle.dz\\\/#organization\",\"name\":\"Quotidien La Sentinelle\",\"url\":\"https:\\\/\\\/lasentinelle.dz\\\/\",\"logo\":{\"@type\":\"ImageObject\",\"inLanguage\":\"fr-FR\",\"@id\":\"https:\\\/\\\/lasentinelle.dz\\\/#\\\/schema\\\/logo\\\/image\\\/\",\"url\":\"https:\\\/\\\/lasentinelle.dz\\\/wp-content\\\/uploads\\\/2021\\\/09\\\/logo-sentinelleSLOGAN-1.png\",\"contentUrl\":\"https:\\\/\\\/lasentinelle.dz\\\/wp-content\\\/uploads\\\/2021\\\/09\\\/logo-sentinelleSLOGAN-1.png\",\"width\":615,\"height\":142,\"caption\":\"Quotidien La Sentinelle\"},\"image\":{\"@id\":\"https:\\\/\\\/lasentinelle.dz\\\/#\\\/schema\\\/logo\\\/image\\\/\"},\"sameAs\":[\"https:\\\/\\\/www.facebook.com\\\/La-Sentinelle-104059864394773\"]},{\"@type\":\"Person\",\"@id\":\"https:\\\/\\\/lasentinelle.dz\\\/#\\\/schema\\\/person\\\/729ee0024f24e0b8c5ec17232f8e8b41\",\"name\":\"admin\",\"image\":{\"@type\":\"ImageObject\",\"inLanguage\":\"fr-FR\",\"@id\":\"https:\\\/\\\/secure.gravatar.com\\\/avatar\\\/4c81fed838786e9b53f540bf46533e750f5d292099ae3b66cfc6fb1982e29df7?s=96&d=mm&r=g\",\"url\":\"https:\\\/\\\/secure.gravatar.com\\\/avatar\\\/4c81fed838786e9b53f540bf46533e750f5d292099ae3b66cfc6fb1982e29df7?s=96&d=mm&r=g\",\"contentUrl\":\"https:\\\/\\\/secure.gravatar.com\\\/avatar\\\/4c81fed838786e9b53f540bf46533e750f5d292099ae3b66cfc6fb1982e29df7?s=96&d=mm&r=g\",\"caption\":\"admin\"},\"description\":\"admin\",\"url\":\"https:\\\/\\\/lasentinelle.dz\\\/author\\\/admin\\\/\"}]}<\/script>\n<!-- \/ Yoast SEO plugin. -->","yoast_head_json":{"title":"Ligue de diamant\u00a0: Sedjati boucle une saison XXL - La Sentinelle","robots":{"index":"index","follow":"follow","max-snippet":"max-snippet:-1","max-image-preview":"max-image-preview:large","max-video-preview":"max-video-preview:-1"},"canonical":"https:\/\/lasentinelle.dz\/index.php\/2026\/09\/05\/ligue-de-diamant-sedjati-boucle-une-saison-xxl\/","og_locale":"fr_FR","og_type":"article","og_title":"Ligue de diamant\u00a0: Sedjati boucle une saison XXL - La Sentinelle","og_description":"Deuxi\u00e8me de la finale de la Ligue de diamant vendredi soir \u00e0 Bruxelles, Djamel Sedjati referme une saison XXL sur","og_url":"https:\/\/lasentinelle.dz\/index.php\/2026\/09\/05\/ligue-de-diamant-sedjati-boucle-une-saison-xxl\/","og_site_name":"La Sentinelle","article_publisher":"https:\/\/www.facebook.com\/La-Sentinelle-104059864394773","article_published_time":"2026-09-05T20:54:21+00:00","article_modified_time":"2026-09-05T20:54:29+00:00","og_image":[{"width":1382,"height":778,"url":"https:\/\/lasentinelle.dz\/wp-content\/uploads\/2024\/08\/sedjati.png","type":"image\/png"}],"author":"admin","twitter_card":"summary_large_image","twitter_misc":{"\u00c9crit par":"admin","Dur\u00e9e de lecture estim\u00e9e":"3 minutes"},"schema":{"@context":"https:\/\/schema.org","@graph":[{"@type":"Article","@id":"https:\/\/lasentinelle.dz\/index.php\/2026\/09\/05\/ligue-de-diamant-sedjati-boucle-une-saison-xxl\/#article","isPartOf":{"@id":"https:\/\/lasentinelle.dz\/index.php\/2026\/09\/05\/ligue-de-diamant-sedjati-boucle-une-saison-xxl\/"},"author":{"name":"admin","@id":"https:\/\/lasentinelle.dz\/#\/schema\/person\/729ee0024f24e0b8c5ec17232f8e8b41"},"headline":"Ligue de diamant\u00a0: Sedjati boucle une saison XXL","datePublished":"2026-09-05T20:54:21+00:00","dateModified":"2026-09-05T20:54:29+00:00","mainEntityOfPage":{"@id":"https:\/\/lasentinelle.dz\/index.php\/2026\/09\/05\/ligue-de-diamant-sedjati-boucle-une-saison-xxl\/"},"wordCount":447,"commentCount":0,"publisher":{"@id":"https:\/\/lasentinelle.dz\/#organization"},"image":{"@id":"https:\/\/lasentinelle.dz\/index.php\/2026\/09\/05\/ligue-de-diamant-sedjati-boucle-une-saison-xxl\/#primaryimage"},"thumbnailUrl":"https:\/\/lasentinelle.dz\/wp-content\/uploads\/2024\/08\/sedjati.png","articleSection":["Sports"],"inLanguage":"fr-FR","potentialAction":[{"@type":"CommentAction","name":"Comment","target":["https:\/\/lasentinelle.dz\/index.php\/2026\/09\/05\/ligue-de-diamant-sedjati-boucle-une-saison-xxl\/#respond"]}]},{"@type":"WebPage","@id":"https:\/\/lasentinelle.dz\/index.php\/2026\/09\/05\/ligue-de-diamant-sedjati-boucle-une-saison-xxl\/","url":"https:\/\/lasentinelle.dz\/index.php\/2026\/09\/05\/ligue-de-diamant-sedjati-boucle-une-saison-xxl\/","name":"Ligue de diamant\u00a0: Sedjati boucle une saison XXL - La Sentinelle","isPartOf":{"@id":"https:\/\/lasentinelle.dz\/#website"},"primaryImageOfPage":{"@id":"https:\/\/lasentinelle.dz\/index.php\/2026\/09\/05\/ligue-de-diamant-sedjati-boucle-une-saison-xxl\/#primaryimage"},"image":{"@id":"https:\/\/lasentinelle.dz\/index.php\/2026\/09\/05\/ligue-de-diamant-sedjati-boucle-une-saison-xxl\/#primaryimage"},"thumbnailUrl":"https:\/\/lasentinelle.dz\/wp-content\/uploads\/2024\/08\/sedjati.png","datePublished":"2026-09-05T20:54:21+00:00","dateModified":"2026-09-05T20:54:29+00:00","breadcrumb":{"@id":"https:\/\/lasentinelle.dz\/index.php\/2026\/09\/05\/ligue-de-diamant-sedjati-boucle-une-saison-xxl\/#breadcrumb"},"inLanguage":"fr-FR","potentialAction":[{"@type":"ReadAction","target":["https:\/\/lasentinelle.dz\/index.php\/2026\/09\/05\/ligue-de-diamant-sedjati-boucle-une-saison-xxl\/"]}]},{"@type":"ImageObject","inLanguage":"fr-FR","@id":"https:\/\/lasentinelle.dz\/index.php\/2026\/09\/05\/ligue-de-diamant-sedjati-boucle-une-saison-xxl\/#primaryimage","url":"https:\/\/lasentinelle.dz\/wp-content\/uploads\/2024\/08\/sedjati.png","contentUrl":"https:\/\/lasentinelle.dz\/wp-content\/uploads\/2024\/08\/sedjati.png","width":1382,"height":778},{"@type":"BreadcrumbList","@id":"https:\/\/lasentinelle.dz\/index.php\/2026\/09\/05\/ligue-de-diamant-sedjati-boucle-une-saison-xxl\/#breadcrumb","itemListElement":[{"@type":"ListItem","position":1,"name":"Accueil","item":"https:\/\/lasentinelle.dz\/"},{"@type":"ListItem","position":2,"name":"Ligue de diamant\u00a0: Sedjati boucle une saison XXL"}]},{"@type":"WebSite","@id":"https:\/\/lasentinelle.dz\/#website","url":"https:\/\/lasentinelle.dz\/","name":"La Sentinelle","description":"Quotidien national d&#039;information","publisher":{"@id":"https:\/\/lasentinelle.dz\/#organization"},"potentialAction":[{"@type":"SearchAction","target":{"@type":"EntryPoint","urlTemplate":"https:\/\/lasentinelle.dz\/?s={search_term_string}"},"query-input":{"@type":"PropertyValueSpecification","valueRequired":true,"valueName":"search_term_string"}}],"inLanguage":"fr-FR"},{"@type":"Organization","@id":"https:\/\/lasentinelle.dz\/#organization","name":"Quotidien La Sentinelle","url":"https:\/\/lasentinelle.dz\/","logo":{"@type":"ImageObject","inLanguage":"fr-FR","@id":"https:\/\/lasentinelle.dz\/#\/schema\/logo\/image\/","url":"https:\/\/lasentinelle.dz\/wp-content\/uploads\/2021\/09\/logo-sentinelleSLOGAN-1.png","contentUrl":"https:\/\/lasentinelle.dz\/wp-content\/uploads\/2021\/09\/logo-sentinelleSLOGAN-1.png","width":615,"height":142,"caption":"Quotidien La Sentinelle"},"image":{"@id":"https:\/\/lasentinelle.dz\/#\/schema\/logo\/image\/"},"sameAs":["https:\/\/www.facebook.com\/La-Sentinelle-104059864394773"]},{"@type":"Person","@id":"https:\/\/lasentinelle.dz\/#\/schema\/person\/729ee0024f24e0b8c5ec17232f8e8b41","name":"admin","image":{"@type":"ImageObject","inLanguage":"fr-FR","@id":"https:\/\/secure.gravatar.com\/avatar\/4c81fed838786e9b53f540bf46533e750f5d292099ae3b66cfc6fb1982e29df7?s=96&d=mm&r=g","url":"https:\/\/secure.gravatar.com\/avatar\/4c81fed838786e9b53f540bf46533e750f5d292099ae3b66cfc6fb1982e29df7?s=96&d=mm&r=g","contentUrl":"https:\/\/secure.gravatar.com\/avatar\/4c81fed838786e9b53f540bf46533e750f5d292099ae3b66cfc6fb1982e29df7?s=96&d=mm&r=g","caption":"admin"},"description":"admin","url":"https:\/\/lasentinelle.dz\/author\/admin\/"}]}},"_links":{"self":[{"href":"https:\/\/lasentinelle.dz\/index.php\/wp-json\/wp\/v2\/posts\/95004","targetHints":{"allow":["GET"]}}],"collection":[{"href":"https:\/\/lasentinelle.dz\/index.php\/wp-json\/wp\/v2\/posts"}],"about":[{"href":"https:\/\/lasentinelle.dz\/index.php\/wp-json\/wp\/v2\/types\/post"}],"author":[{"embeddable":true,"href":"https:\/\/lasentinelle.dz\/index.php\/wp-json\/wp\/v2\/users\/6"}],"replies":[{"embeddable":true,"href":"https:\/\/lasentinelle.dz\/index.php\/wp-json\/wp\/v2\/comments?post=95004"}],"version-history":[{"count":1,"href":"https:\/\/lasentinelle.dz\/index.php\/wp-json\/wp\/v2\/posts\/95004\/revisions"}],"predecessor-version":[{"id":95005,"href":"https:\/\/lasentinelle.dz\/index.php\/wp-json\/wp\/v2\/posts\/95004\/revisions\/95005"}],"wp:featuredmedia":[{"embeddable":true,"href":"https:\/\/lasentinelle.dz\/index.php\/wp-json\/wp\/v2\/media\/55408"}],"wp:attachment":[{"href":"https:\/\/lasentinelle.dz\/index.php\/wp-json\/wp\/v2\/media?parent=95004"}],"wp:term":[{"taxonomy":"category","embeddable":true,"href":"https:\/\/lasentinelle.dz\/index.php\/wp-json\/wp\/v2\/categories?post=95004"},{"taxonomy":"post_tag","embeddable":true,"href":"https:\/\/lasentinelle.dz\/index.php\/wp-json\/wp\/v2\/tags?post=95004"}],"curies":[{"name":"wp","href":"https:\/\/api.w.org\/{rel}","templated":true}]}}