{"id":95006,"date":"2026-09-05T21:55:36","date_gmt":"2026-09-05T20:55:36","guid":{"rendered":"https:\/\/lasentinelle.dz\/?p=95006"},"modified":"2026-09-05T21:55:39","modified_gmt":"2026-09-05T20:55:39","slug":"loffre-dal-ittihad-rejetee-hadj-moussa-prolonge-laventure-a-rotterdam","status":"publish","type":"post","link":"https:\/\/lasentinelle.dz\/index.php\/2026\/09\/05\/loffre-dal-ittihad-rejetee-hadj-moussa-prolonge-laventure-a-rotterdam\/","title":{"rendered":"L\u2019offre d\u2019Al Ittihad rejet\u00e9e\u00a0: Hadj Moussa prolonge l&rsquo;aventure \u00e0 Rotterdam"},"content":{"rendered":"\n<p class=\"wp-block-paragraph\">Le dossier Anis Hadj Moussa aura occup\u00e9 une bonne partie des derni\u00e8res heures du mercato n\u00e9erlandais, sans conna\u00eetre le d\u00e9nouement esp\u00e9r\u00e9 du c\u00f4t\u00e9 saoudien. Al Ittihad, d\u00e9j\u00e0 \u00e9conduit une premi\u00e8re fois par Feyenoord, avait relanc\u00e9 les n\u00e9gociations avec une enveloppe nettement revue \u00e0 la hausse, proposant 37,5 millions d&rsquo;euros pour s&rsquo;attacher les services de l&rsquo;international alg\u00e9rien. Une somme qui aurait constitu\u00e9, \u00e0 elle seule, la vente la plus ch\u00e8re jamais enregistr\u00e9e par le club de Rotterdam. La direction n\u00e9erlandaise a pourtant fini par trancher dans le sens inverse. D&rsquo;apr\u00e8s les r\u00e9v\u00e9lations du journal De Telegraaf, Feyenoord a refus\u00e9 cette seconde offre saoudienne et choisi de garder son ailier dans l&rsquo;effectif pour disputer les comp\u00e9titions nationale et europ\u00e9enne de la saison en cours.<\/p>\n\n\n\n<p class=\"wp-block-paragraph\">\u00c0 24 ans, l&rsquo;international alg\u00e9rien restera donc, au moins pour l&rsquo;exercice \u00e0 venir, l&rsquo;une des valeurs s\u00fbres du secteur offensif de Feyenoord, \u00e9chappant \u00e0 ce qui aurait \u00e9t\u00e9 un transfert record pour le club rotterdamois.<\/p>\n","protected":false},"excerpt":{"rendered":"<p>Le dossier Anis Hadj Moussa aura occup\u00e9 une bonne partie des derni\u00e8res heures du mercato n\u00e9erlandais, sans conna\u00eetre le d\u00e9nouement<\/p>\n","protected":false},"author":6,"featured_media":77095,"comment_status":"open","ping_status":"closed","sticky":false,"template":"","format":"standard","meta":{"colormag_page_container_layout":"default_layout","colormag_page_sidebar_layout":"default_layout","om_disable_all_campaigns":false,"_monsterinsights_skip_tracking":false,"footnotes":"","_wpscppro_dont_share_socialmedia":false,"_wpscppro_custom_social_share_image":0,"_facebook_share_type":"default","_twitter_share_type":"default","_linkedin_share_type":"default","_pinterest_share_type":"default","_linkedin_share_type_page":"","_instagram_share_type":"default","_medium_share_type":"default","_threads_share_type":"default","_google_business_share_type":"default","_bluesky_share_type":"default","_mastodon_share_type":"default","_selected_social_profile":[],"_wpsp_enable_custom_social_template":false,"_wpsp_social_scheduling":{"enabled":false,"datetime":null,"platforms":[],"status":"template_only","dateOption":"today","timeOption":"now","customDays":"","customHours":"","customDate":"","customTime":"","schedulingType":"absolute"},"_wpsp_active_default_template":true},"categories":[33],"tags":[],"class_list":["post-95006","post","type-post","status-publish","format-standard","has-post-thumbnail","hentry","category-sports"],"aioseo_notices":[],"aioseo_head":"\n\t\t<!-- All in One SEO 5.0.0.1 - aioseo.com -->\n\t<meta name=\"description\" content=\"Le dossier Anis Hadj Moussa aura occup\u00e9 une bonne partie des derni\u00e8res heures du mercato n\u00e9erlandais, sans conna\u00eetre le d\u00e9nouement esp\u00e9r\u00e9 du c\u00f4t\u00e9 saoudien. Al Ittihad, d\u00e9j\u00e0 \u00e9conduit une premi\u00e8re fois par Feyenoord, avait relanc\u00e9 les n\u00e9gociations avec une enveloppe nettement revue \u00e0 la hausse, proposant 37,5 millions d&#039;euros pour s&#039;attacher les services de l&#039;international\" \/>\n\t<meta name=\"robots\" content=\"max-image-preview:large\" \/>\n\t<meta name=\"author\" content=\"admin\"\/>\n\t<link rel=\"canonical\" href=\"https:\/\/lasentinelle.dz\/index.php\/2026\/09\/05\/loffre-dal-ittihad-rejetee-hadj-moussa-prolonge-laventure-a-rotterdam\/\" \/>\n\t<meta name=\"generator\" content=\"All in One SEO (AIOSEO) 5.0.0.1\" \/>\n\t\t<meta property=\"og:locale\" content=\"fr_FR\" \/>\n\t\t<meta property=\"og:site_name\" content=\"La Sentinelle - Quotidien national d&#039;information\" \/>\n\t\t<meta property=\"og:type\" content=\"article\" \/>\n\t\t<meta property=\"og:title\" content=\"L\u2019offre d\u2019Al Ittihad rejet\u00e9e : Hadj Moussa prolonge l\u2019aventure \u00e0 Rotterdam - La Sentinelle\" \/>\n\t\t<meta property=\"og:description\" content=\"Le dossier Anis Hadj Moussa aura occup\u00e9 une bonne partie des derni\u00e8res heures du mercato n\u00e9erlandais, sans conna\u00eetre le d\u00e9nouement esp\u00e9r\u00e9 du c\u00f4t\u00e9 saoudien. Al Ittihad, d\u00e9j\u00e0 \u00e9conduit une premi\u00e8re fois par Feyenoord, avait relanc\u00e9 les n\u00e9gociations avec une enveloppe nettement revue \u00e0 la hausse, proposant 37,5 millions d&#039;euros pour s&#039;attacher les services de l&#039;international\" \/>\n\t\t<meta property=\"og:url\" content=\"https:\/\/lasentinelle.dz\/index.php\/2026\/09\/05\/loffre-dal-ittihad-rejetee-hadj-moussa-prolonge-laventure-a-rotterdam\/\" \/>\n\t\t<meta property=\"og:image\" content=\"https:\/\/lasentinelle.dz\/wp-content\/uploads\/2021\/09\/cropped-la-sentinelle-earth-golden-anima-5.gif\" \/>\n\t\t<meta property=\"og:image:secure_url\" content=\"https:\/\/lasentinelle.dz\/wp-content\/uploads\/2021\/09\/cropped-la-sentinelle-earth-golden-anima-5.gif\" \/>\n\t\t<meta property=\"og:image:width\" content=\"450\" \/>\n\t\t<meta property=\"og:image:height\" content=\"213\" \/>\n\t\t<meta property=\"article:published_time\" content=\"2026-09-05T20:55:36+00:00\" \/>\n\t\t<meta property=\"article:modified_time\" content=\"2026-09-05T20:55:39+00:00\" \/>\n\t\t<meta property=\"article:publisher\" content=\"https:\/\/www.facebook.com\/azzedine.lasentinelle.1\" \/>\n\t\t<meta name=\"twitter:card\" content=\"summary_large_image\" \/>\n\t\t<meta name=\"twitter:title\" content=\"L\u2019offre d\u2019Al Ittihad rejet\u00e9e : Hadj Moussa prolonge l\u2019aventure \u00e0 Rotterdam - La Sentinelle\" \/>\n\t\t<meta name=\"twitter:description\" content=\"Le dossier Anis Hadj Moussa aura occup\u00e9 une bonne partie des derni\u00e8res heures du mercato n\u00e9erlandais, sans conna\u00eetre le d\u00e9nouement esp\u00e9r\u00e9 du c\u00f4t\u00e9 saoudien. Al Ittihad, d\u00e9j\u00e0 \u00e9conduit une premi\u00e8re fois par Feyenoord, avait relanc\u00e9 les n\u00e9gociations avec une enveloppe nettement revue \u00e0 la hausse, proposant 37,5 millions d&#039;euros pour s&#039;attacher les services de l&#039;international\" \/>\n\t\t<meta name=\"twitter:image\" content=\"https:\/\/lasentinelle.dz\/wp-content\/uploads\/2021\/09\/cropped-la-sentinelle-earth-golden-anima-5.gif\" \/>\n\t\t<script type=\"application\/ld+json\" class=\"aioseo-schema\">\n\t\t\t{\"@context\":\"https:\\\/\\\/schema.org\",\"@graph\":[{\"@type\":\"BlogPosting\",\"@id\":\"https:\\\/\\\/lasentinelle.dz\\\/index.php\\\/2026\\\/09\\\/05\\\/loffre-dal-ittihad-rejetee-hadj-moussa-prolonge-laventure-a-rotterdam\\\/#blogposting\",\"name\":\"L\\u2019offre d\\u2019Al Ittihad rejet\\u00e9e : Hadj Moussa prolonge l\\u2019aventure \\u00e0 Rotterdam - La Sentinelle\",\"headline\":\"L\\u2019offre d\\u2019Al Ittihad rejet\\u00e9e\\u00a0: Hadj Moussa prolonge l&rsquo;aventure \\u00e0 Rotterdam\",\"author\":{\"@id\":\"https:\\\/\\\/lasentinelle.dz\\\/author\\\/admin\\\/#author\"},\"publisher\":{\"@id\":\"https:\\\/\\\/lasentinelle.dz\\\/#organization\"},\"image\":{\"@type\":\"ImageObject\",\"url\":\"https:\\\/\\\/lasentinelle.dz\\\/wp-content\\\/uploads\\\/2025\\\/12\\\/hadj-moussa.webp\",\"width\":2400,\"height\":1350},\"datePublished\":\"2026-09-05T21:55:36+01:00\",\"dateModified\":\"2026-09-05T21:55:39+01:00\",\"inLanguage\":\"fr-FR\",\"mainEntityOfPage\":{\"@id\":\"https:\\\/\\\/lasentinelle.dz\\\/index.php\\\/2026\\\/09\\\/05\\\/loffre-dal-ittihad-rejetee-hadj-moussa-prolonge-laventure-a-rotterdam\\\/#webpage\"},\"isPartOf\":{\"@id\":\"https:\\\/\\\/lasentinelle.dz\\\/index.php\\\/2026\\\/09\\\/05\\\/loffre-dal-ittihad-rejetee-hadj-moussa-prolonge-laventure-a-rotterdam\\\/#webpage\"},\"articleSection\":\"Sports\"},{\"@type\":\"BreadcrumbList\",\"@id\":\"https:\\\/\\\/lasentinelle.dz\\\/index.php\\\/2026\\\/09\\\/05\\\/loffre-dal-ittihad-rejetee-hadj-moussa-prolonge-laventure-a-rotterdam\\\/#breadcrumblist\",\"itemListElement\":[{\"@type\":\"ListItem\",\"@id\":\"https:\\\/\\\/lasentinelle.dz#listItem\",\"position\":1,\"name\":\"Home\",\"item\":\"https:\\\/\\\/lasentinelle.dz\",\"nextItem\":{\"@type\":\"ListItem\",\"@id\":\"https:\\\/\\\/lasentinelle.dz\\\/index.php\\\/category\\\/sports\\\/#listItem\",\"name\":\"Sports\"}},{\"@type\":\"ListItem\",\"@id\":\"https:\\\/\\\/lasentinelle.dz\\\/index.php\\\/category\\\/sports\\\/#listItem\",\"position\":2,\"name\":\"Sports\",\"item\":\"https:\\\/\\\/lasentinelle.dz\\\/index.php\\\/category\\\/sports\\\/\",\"nextItem\":{\"@type\":\"ListItem\",\"@id\":\"https:\\\/\\\/lasentinelle.dz\\\/index.php\\\/2026\\\/09\\\/05\\\/loffre-dal-ittihad-rejetee-hadj-moussa-prolonge-laventure-a-rotterdam\\\/#listItem\",\"name\":\"L\\u2019offre d\\u2019Al Ittihad rejet\\u00e9e\\u00a0: Hadj Moussa prolonge l&rsquo;aventure \\u00e0 Rotterdam\"},\"previousItem\":{\"@type\":\"ListItem\",\"@id\":\"https:\\\/\\\/lasentinelle.dz#listItem\",\"name\":\"Home\"}},{\"@type\":\"ListItem\",\"@id\":\"https:\\\/\\\/lasentinelle.dz\\\/index.php\\\/2026\\\/09\\\/05\\\/loffre-dal-ittihad-rejetee-hadj-moussa-prolonge-laventure-a-rotterdam\\\/#listItem\",\"position\":3,\"name\":\"L\\u2019offre d\\u2019Al Ittihad rejet\\u00e9e\\u00a0: Hadj Moussa prolonge l&rsquo;aventure \\u00e0 Rotterdam\",\"previousItem\":{\"@type\":\"ListItem\",\"@id\":\"https:\\\/\\\/lasentinelle.dz\\\/index.php\\\/category\\\/sports\\\/#listItem\",\"name\":\"Sports\"}}]},{\"@type\":\"Organization\",\"@id\":\"https:\\\/\\\/lasentinelle.dz\\\/#organization\",\"name\":\"La Sentinelle La Sentinelle\",\"description\":\"Quotidien national d'information\",\"url\":\"https:\\\/\\\/lasentinelle.dz\\\/\",\"logo\":{\"@type\":\"ImageObject\",\"url\":\"https:\\\/\\\/lasentinelle.dz\\\/wp-content\\\/uploads\\\/2021\\\/09\\\/cropped-la-sentinelle-earth-golden-anima-5.gif\",\"@id\":\"https:\\\/\\\/lasentinelle.dz\\\/index.php\\\/2026\\\/09\\\/05\\\/loffre-dal-ittihad-rejetee-hadj-moussa-prolonge-laventure-a-rotterdam\\\/#organizationLogo\",\"width\":450,\"height\":213},\"image\":{\"@id\":\"https:\\\/\\\/lasentinelle.dz\\\/index.php\\\/2026\\\/09\\\/05\\\/loffre-dal-ittihad-rejetee-hadj-moussa-prolonge-laventure-a-rotterdam\\\/#organizationLogo\"},\"sameAs\":[\"https:\\\/\\\/www.facebook.com\\\/azzedine.lasentinelle.1\"]},{\"@type\":\"Person\",\"@id\":\"https:\\\/\\\/lasentinelle.dz\\\/author\\\/admin\\\/#author\",\"url\":\"https:\\\/\\\/lasentinelle.dz\\\/author\\\/admin\\\/\",\"name\":\"admin\",\"image\":{\"@type\":\"ImageObject\",\"@id\":\"https:\\\/\\\/lasentinelle.dz\\\/index.php\\\/2026\\\/09\\\/05\\\/loffre-dal-ittihad-rejetee-hadj-moussa-prolonge-laventure-a-rotterdam\\\/#authorImage\",\"url\":\"https:\\\/\\\/secure.gravatar.com\\\/avatar\\\/4c81fed838786e9b53f540bf46533e750f5d292099ae3b66cfc6fb1982e29df7?s=96&d=mm&r=g\",\"width\":96,\"height\":96,\"caption\":\"admin\"}},{\"@type\":\"WebPage\",\"@id\":\"https:\\\/\\\/lasentinelle.dz\\\/index.php\\\/2026\\\/09\\\/05\\\/loffre-dal-ittihad-rejetee-hadj-moussa-prolonge-laventure-a-rotterdam\\\/#webpage\",\"url\":\"https:\\\/\\\/lasentinelle.dz\\\/index.php\\\/2026\\\/09\\\/05\\\/loffre-dal-ittihad-rejetee-hadj-moussa-prolonge-laventure-a-rotterdam\\\/\",\"name\":\"L\\u2019offre d\\u2019Al Ittihad rejet\\u00e9e : Hadj Moussa prolonge l\\u2019aventure \\u00e0 Rotterdam - La Sentinelle\",\"description\":\"Le dossier Anis Hadj Moussa aura occup\\u00e9 une bonne partie des derni\\u00e8res heures du mercato n\\u00e9erlandais, sans conna\\u00eetre le d\\u00e9nouement esp\\u00e9r\\u00e9 du c\\u00f4t\\u00e9 saoudien. Al Ittihad, d\\u00e9j\\u00e0 \\u00e9conduit une premi\\u00e8re fois par Feyenoord, avait relanc\\u00e9 les n\\u00e9gociations avec une enveloppe nettement revue \\u00e0 la hausse, proposant 37,5 millions d'euros pour s'attacher les services de l'international\",\"inLanguage\":\"fr-FR\",\"isPartOf\":{\"@id\":\"https:\\\/\\\/lasentinelle.dz\\\/#website\"},\"breadcrumb\":{\"@id\":\"https:\\\/\\\/lasentinelle.dz\\\/index.php\\\/2026\\\/09\\\/05\\\/loffre-dal-ittihad-rejetee-hadj-moussa-prolonge-laventure-a-rotterdam\\\/#breadcrumblist\"},\"author\":{\"@id\":\"https:\\\/\\\/lasentinelle.dz\\\/author\\\/admin\\\/#author\"},\"creator\":{\"@id\":\"https:\\\/\\\/lasentinelle.dz\\\/author\\\/admin\\\/#author\"},\"image\":{\"@type\":\"ImageObject\",\"url\":\"https:\\\/\\\/lasentinelle.dz\\\/wp-content\\\/uploads\\\/2025\\\/12\\\/hadj-moussa.webp\",\"@id\":\"https:\\\/\\\/lasentinelle.dz\\\/index.php\\\/2026\\\/09\\\/05\\\/loffre-dal-ittihad-rejetee-hadj-moussa-prolonge-laventure-a-rotterdam\\\/#mainImage\",\"width\":2400,\"height\":1350},\"primaryImageOfPage\":{\"@id\":\"https:\\\/\\\/lasentinelle.dz\\\/index.php\\\/2026\\\/09\\\/05\\\/loffre-dal-ittihad-rejetee-hadj-moussa-prolonge-laventure-a-rotterdam\\\/#mainImage\"},\"datePublished\":\"2026-09-05T21:55:36+01:00\",\"dateModified\":\"2026-09-05T21:55:39+01:00\"},{\"@type\":\"WebSite\",\"@id\":\"https:\\\/\\\/lasentinelle.dz\\\/#website\",\"url\":\"https:\\\/\\\/lasentinelle.dz\\\/\",\"name\":\"La Sentinelle\",\"description\":\"Quotidien national d'information\",\"inLanguage\":\"fr-FR\",\"publisher\":{\"@id\":\"https:\\\/\\\/lasentinelle.dz\\\/#organization\"}}]}\n\t\t<\/script>\n\t\t<!-- All in One SEO -->\n\n","aioseo_head_json":{"title":"L\u2019offre d\u2019Al Ittihad rejet\u00e9e : Hadj Moussa prolonge l\u2019aventure \u00e0 Rotterdam - La Sentinelle","description":"Le dossier Anis Hadj Moussa aura occup\u00e9 une bonne partie des derni\u00e8res heures du mercato n\u00e9erlandais, sans conna\u00eetre le d\u00e9nouement esp\u00e9r\u00e9 du c\u00f4t\u00e9 saoudien. Al Ittihad, d\u00e9j\u00e0 \u00e9conduit une premi\u00e8re fois par Feyenoord, avait relanc\u00e9 les n\u00e9gociations avec une enveloppe nettement revue \u00e0 la hausse, proposant 37,5 millions d'euros pour s'attacher les services de l'international","canonical_url":"https:\/\/lasentinelle.dz\/index.php\/2026\/09\/05\/loffre-dal-ittihad-rejetee-hadj-moussa-prolonge-laventure-a-rotterdam\/","robots":"max-image-preview:large","keywords":"","webmasterTools":{"miscellaneous":""},"schema":{"@context":"https:\/\/schema.org","@graph":[{"@type":"BlogPosting","@id":"https:\/\/lasentinelle.dz\/index.php\/2026\/09\/05\/loffre-dal-ittihad-rejetee-hadj-moussa-prolonge-laventure-a-rotterdam\/#blogposting","name":"L\u2019offre d\u2019Al Ittihad rejet\u00e9e : Hadj Moussa prolonge l\u2019aventure \u00e0 Rotterdam - La Sentinelle","headline":"L\u2019offre d\u2019Al Ittihad rejet\u00e9e\u00a0: Hadj Moussa prolonge l&rsquo;aventure \u00e0 Rotterdam","author":{"@id":"https:\/\/lasentinelle.dz\/author\/admin\/#author"},"publisher":{"@id":"https:\/\/lasentinelle.dz\/#organization"},"image":{"@type":"ImageObject","url":"https:\/\/lasentinelle.dz\/wp-content\/uploads\/2025\/12\/hadj-moussa.webp","width":2400,"height":1350},"datePublished":"2026-09-05T21:55:36+01:00","dateModified":"2026-09-05T21:55:39+01:00","inLanguage":"fr-FR","mainEntityOfPage":{"@id":"https:\/\/lasentinelle.dz\/index.php\/2026\/09\/05\/loffre-dal-ittihad-rejetee-hadj-moussa-prolonge-laventure-a-rotterdam\/#webpage"},"isPartOf":{"@id":"https:\/\/lasentinelle.dz\/index.php\/2026\/09\/05\/loffre-dal-ittihad-rejetee-hadj-moussa-prolonge-laventure-a-rotterdam\/#webpage"},"articleSection":"Sports"},{"@type":"BreadcrumbList","@id":"https:\/\/lasentinelle.dz\/index.php\/2026\/09\/05\/loffre-dal-ittihad-rejetee-hadj-moussa-prolonge-laventure-a-rotterdam\/#breadcrumblist","itemListElement":[{"@type":"ListItem","@id":"https:\/\/lasentinelle.dz#listItem","position":1,"name":"Home","item":"https:\/\/lasentinelle.dz","nextItem":{"@type":"ListItem","@id":"https:\/\/lasentinelle.dz\/index.php\/category\/sports\/#listItem","name":"Sports"}},{"@type":"ListItem","@id":"https:\/\/lasentinelle.dz\/index.php\/category\/sports\/#listItem","position":2,"name":"Sports","item":"https:\/\/lasentinelle.dz\/index.php\/category\/sports\/","nextItem":{"@type":"ListItem","@id":"https:\/\/lasentinelle.dz\/index.php\/2026\/09\/05\/loffre-dal-ittihad-rejetee-hadj-moussa-prolonge-laventure-a-rotterdam\/#listItem","name":"L\u2019offre d\u2019Al Ittihad rejet\u00e9e\u00a0: Hadj Moussa prolonge l&rsquo;aventure \u00e0 Rotterdam"},"previousItem":{"@type":"ListItem","@id":"https:\/\/lasentinelle.dz#listItem","name":"Home"}},{"@type":"ListItem","@id":"https:\/\/lasentinelle.dz\/index.php\/2026\/09\/05\/loffre-dal-ittihad-rejetee-hadj-moussa-prolonge-laventure-a-rotterdam\/#listItem","position":3,"name":"L\u2019offre d\u2019Al Ittihad rejet\u00e9e\u00a0: Hadj Moussa prolonge l&rsquo;aventure \u00e0 Rotterdam","previousItem":{"@type":"ListItem","@id":"https:\/\/lasentinelle.dz\/index.php\/category\/sports\/#listItem","name":"Sports"}}]},{"@type":"Organization","@id":"https:\/\/lasentinelle.dz\/#organization","name":"La Sentinelle La Sentinelle","description":"Quotidien national d'information","url":"https:\/\/lasentinelle.dz\/","logo":{"@type":"ImageObject","url":"https:\/\/lasentinelle.dz\/wp-content\/uploads\/2021\/09\/cropped-la-sentinelle-earth-golden-anima-5.gif","@id":"https:\/\/lasentinelle.dz\/index.php\/2026\/09\/05\/loffre-dal-ittihad-rejetee-hadj-moussa-prolonge-laventure-a-rotterdam\/#organizationLogo","width":450,"height":213},"image":{"@id":"https:\/\/lasentinelle.dz\/index.php\/2026\/09\/05\/loffre-dal-ittihad-rejetee-hadj-moussa-prolonge-laventure-a-rotterdam\/#organizationLogo"},"sameAs":["https:\/\/www.facebook.com\/azzedine.lasentinelle.1"]},{"@type":"Person","@id":"https:\/\/lasentinelle.dz\/author\/admin\/#author","url":"https:\/\/lasentinelle.dz\/author\/admin\/","name":"admin","image":{"@type":"ImageObject","@id":"https:\/\/lasentinelle.dz\/index.php\/2026\/09\/05\/loffre-dal-ittihad-rejetee-hadj-moussa-prolonge-laventure-a-rotterdam\/#authorImage","url":"https:\/\/secure.gravatar.com\/avatar\/4c81fed838786e9b53f540bf46533e750f5d292099ae3b66cfc6fb1982e29df7?s=96&d=mm&r=g","width":96,"height":96,"caption":"admin"}},{"@type":"WebPage","@id":"https:\/\/lasentinelle.dz\/index.php\/2026\/09\/05\/loffre-dal-ittihad-rejetee-hadj-moussa-prolonge-laventure-a-rotterdam\/#webpage","url":"https:\/\/lasentinelle.dz\/index.php\/2026\/09\/05\/loffre-dal-ittihad-rejetee-hadj-moussa-prolonge-laventure-a-rotterdam\/","name":"L\u2019offre d\u2019Al Ittihad rejet\u00e9e : Hadj Moussa prolonge l\u2019aventure \u00e0 Rotterdam - La Sentinelle","description":"Le dossier Anis Hadj Moussa aura occup\u00e9 une bonne partie des derni\u00e8res heures du mercato n\u00e9erlandais, sans conna\u00eetre le d\u00e9nouement esp\u00e9r\u00e9 du c\u00f4t\u00e9 saoudien. Al Ittihad, d\u00e9j\u00e0 \u00e9conduit une premi\u00e8re fois par Feyenoord, avait relanc\u00e9 les n\u00e9gociations avec une enveloppe nettement revue \u00e0 la hausse, proposant 37,5 millions d'euros pour s'attacher les services de l'international","inLanguage":"fr-FR","isPartOf":{"@id":"https:\/\/lasentinelle.dz\/#website"},"breadcrumb":{"@id":"https:\/\/lasentinelle.dz\/index.php\/2026\/09\/05\/loffre-dal-ittihad-rejetee-hadj-moussa-prolonge-laventure-a-rotterdam\/#breadcrumblist"},"author":{"@id":"https:\/\/lasentinelle.dz\/author\/admin\/#author"},"creator":{"@id":"https:\/\/lasentinelle.dz\/author\/admin\/#author"},"image":{"@type":"ImageObject","url":"https:\/\/lasentinelle.dz\/wp-content\/uploads\/2025\/12\/hadj-moussa.webp","@id":"https:\/\/lasentinelle.dz\/index.php\/2026\/09\/05\/loffre-dal-ittihad-rejetee-hadj-moussa-prolonge-laventure-a-rotterdam\/#mainImage","width":2400,"height":1350},"primaryImageOfPage":{"@id":"https:\/\/lasentinelle.dz\/index.php\/2026\/09\/05\/loffre-dal-ittihad-rejetee-hadj-moussa-prolonge-laventure-a-rotterdam\/#mainImage"},"datePublished":"2026-09-05T21:55:36+01:00","dateModified":"2026-09-05T21:55:39+01:00"},{"@type":"WebSite","@id":"https:\/\/lasentinelle.dz\/#website","url":"https:\/\/lasentinelle.dz\/","name":"La Sentinelle","description":"Quotidien national d'information","inLanguage":"fr-FR","publisher":{"@id":"https:\/\/lasentinelle.dz\/#organization"}}]},"og:locale":"fr_FR","og:site_name":"La Sentinelle - Quotidien national d'information","og:type":"article","og:title":"L\u2019offre d\u2019Al Ittihad rejet\u00e9e : Hadj Moussa prolonge l\u2019aventure \u00e0 Rotterdam - La Sentinelle","og:description":"Le dossier Anis Hadj Moussa aura occup\u00e9 une bonne partie des derni\u00e8res heures du mercato n\u00e9erlandais, sans conna\u00eetre le d\u00e9nouement esp\u00e9r\u00e9 du c\u00f4t\u00e9 saoudien. Al Ittihad, d\u00e9j\u00e0 \u00e9conduit une premi\u00e8re fois par Feyenoord, avait relanc\u00e9 les n\u00e9gociations avec une enveloppe nettement revue \u00e0 la hausse, proposant 37,5 millions d'euros pour s'attacher les services de l'international","og:url":"https:\/\/lasentinelle.dz\/index.php\/2026\/09\/05\/loffre-dal-ittihad-rejetee-hadj-moussa-prolonge-laventure-a-rotterdam\/","og:image":"https:\/\/lasentinelle.dz\/wp-content\/uploads\/2021\/09\/cropped-la-sentinelle-earth-golden-anima-5.gif","og:image:secure_url":"https:\/\/lasentinelle.dz\/wp-content\/uploads\/2021\/09\/cropped-la-sentinelle-earth-golden-anima-5.gif","og:image:width":450,"og:image:height":213,"article:published_time":"2026-09-05T20:55:36+00:00","article:modified_time":"2026-09-05T20:55:39+00:00","article:publisher":"https:\/\/www.facebook.com\/azzedine.lasentinelle.1","twitter:card":"summary_large_image","twitter:title":"L\u2019offre d\u2019Al Ittihad rejet\u00e9e : Hadj Moussa prolonge l\u2019aventure \u00e0 Rotterdam - La Sentinelle","twitter:description":"Le dossier Anis Hadj Moussa aura occup\u00e9 une bonne partie des derni\u00e8res heures du mercato n\u00e9erlandais, sans conna\u00eetre le d\u00e9nouement esp\u00e9r\u00e9 du c\u00f4t\u00e9 saoudien. Al Ittihad, d\u00e9j\u00e0 \u00e9conduit une premi\u00e8re fois par Feyenoord, avait relanc\u00e9 les n\u00e9gociations avec une enveloppe nettement revue \u00e0 la hausse, proposant 37,5 millions d'euros pour s'attacher les services de l'international","twitter:image":"https:\/\/lasentinelle.dz\/wp-content\/uploads\/2021\/09\/cropped-la-sentinelle-earth-golden-anima-5.gif"},"aioseo_meta_data":{"post_id":"95006","title":null,"description":null,"keywords":null,"keyphrases":{"focus":{"keyphrase":"","score":0,"analysis":{"keyphraseInTitle":{"score":0,"maxScore":9,"error":1}}},"additional":[]},"primary_term":null,"canonical_url":null,"og_title":null,"og_description":null,"og_object_type":"default","og_image_type":"default","og_image_url":null,"og_image_width":null,"og_image_height":null,"og_image_custom_url":null,"og_image_custom_fields":null,"og_video":"","og_custom_url":null,"og_article_section":null,"og_article_tags":null,"twitter_use_og":false,"twitter_card":"default","twitter_image_type":"default","twitter_image_url":null,"twitter_image_custom_url":null,"twitter_image_custom_fields":null,"twitter_title":null,"twitter_description":null,"schema":{"blockGraphs":[],"customGraphs":[],"default":{"data":{"Article":[],"Course":[],"Dataset":[],"FAQPage":[],"Movie":[],"Person":[],"Product":[],"ProductReview":[],"Car":[],"Recipe":[],"Service":[],"SoftwareApplication":[],"WebPage":[]},"graphName":"BlogPosting","isEnabled":true},"graphs":[]},"schema_type":"default","schema_type_options":null,"pillar_content":false,"robots_default":true,"robots_noindex":false,"robots_noarchive":false,"robots_nosnippet":false,"robots_nofollow":false,"robots_noimageindex":false,"robots_noodp":false,"robots_notranslate":false,"robots_max_snippet":"-1","robots_max_videopreview":"-1","robots_max_imagepreview":"large","priority":null,"frequency":"default","local_seo":null,"breadcrumb_settings":null,"limit_modified_date":false,"ai":{"faqs":[],"keyPoints":[],"schemas":[],"titles":[],"descriptions":[],"socialPosts":{"email":{"subject":"","preview":"","content":""},"linkedin":[],"twitter":[],"facebook":[],"instagram":[]}},"created":"2026-09-05 20:55:40","updated":"2026-09-05 22:14:53","focus_keyword":null,"additional_keywords":null,"truseo_locale":null,"seo_analyzer_scan_date":null},"aioseo_breadcrumb":"<div class=\"aioseo-breadcrumbs\"><span class=\"aioseo-breadcrumb\">\n\t\t\t<a href=\"https:\/\/lasentinelle.dz\" title=\"Home\">Home<\/a>\n\t\t<\/span><span class=\"aioseo-breadcrumb-separator\">&raquo;<\/span><span class=\"aioseo-breadcrumb\">\n\t\t\t<a href=\"https:\/\/lasentinelle.dz\/index.php\/category\/sports\/\" title=\"Sports\">Sports<\/a>\n\t\t<\/span><span class=\"aioseo-breadcrumb-separator\">&raquo;<\/span><span class=\"aioseo-breadcrumb\">\n\t\t\tL\u2019offre d\u2019Al Ittihad rejet\u00e9e : Hadj Moussa prolonge l\u2019aventure \u00e0 Rotterdam\n\t\t<\/span><\/div>","aioseo_breadcrumb_json":[{"label":"Home","link":"https:\/\/lasentinelle.dz"},{"label":"Sports","link":"https:\/\/lasentinelle.dz\/index.php\/category\/sports\/"},{"label":"L\u2019offre d\u2019Al Ittihad rejet\u00e9e\u00a0: Hadj Moussa prolonge l&rsquo;aventure \u00e0 Rotterdam","link":"https:\/\/lasentinelle.dz\/index.php\/2026\/09\/05\/loffre-dal-ittihad-rejetee-hadj-moussa-prolonge-laventure-a-rotterdam\/"}],"yoast_head":"<!-- This site is optimized with the Yoast SEO plugin v28.4 - https:\/\/yoast.com\/product\/yoast-seo-wordpress\/ -->\n<title>L\u2019offre d\u2019Al Ittihad rejet\u00e9e\u00a0: Hadj Moussa prolonge l&rsquo;aventure \u00e0 Rotterdam - La Sentinelle<\/title>\n<meta name=\"robots\" content=\"index, follow, max-snippet:-1, max-image-preview:large, max-video-preview:-1\" \/>\n<link rel=\"canonical\" href=\"https:\/\/lasentinelle.dz\/index.php\/2026\/09\/05\/loffre-dal-ittihad-rejetee-hadj-moussa-prolonge-laventure-a-rotterdam\/\" \/>\n<meta property=\"og:locale\" content=\"fr_FR\" \/>\n<meta property=\"og:type\" content=\"article\" \/>\n<meta property=\"og:title\" content=\"L\u2019offre d\u2019Al Ittihad rejet\u00e9e\u00a0: Hadj Moussa prolonge l&rsquo;aventure \u00e0 Rotterdam - La Sentinelle\" \/>\n<meta property=\"og:description\" content=\"Le dossier Anis Hadj Moussa aura occup\u00e9 une bonne partie des derni\u00e8res heures du mercato n\u00e9erlandais, sans conna\u00eetre le d\u00e9nouement\" \/>\n<meta property=\"og:url\" content=\"https:\/\/lasentinelle.dz\/index.php\/2026\/09\/05\/loffre-dal-ittihad-rejetee-hadj-moussa-prolonge-laventure-a-rotterdam\/\" \/>\n<meta property=\"og:site_name\" content=\"La Sentinelle\" \/>\n<meta property=\"article:publisher\" content=\"https:\/\/www.facebook.com\/La-Sentinelle-104059864394773\" \/>\n<meta property=\"article:published_time\" content=\"2026-09-05T20:55:36+00:00\" \/>\n<meta property=\"article:modified_time\" content=\"2026-09-05T20:55:39+00:00\" \/>\n<meta property=\"og:image\" content=\"https:\/\/lasentinelle.dz\/wp-content\/uploads\/2025\/12\/hadj-moussa.webp\" \/>\n\t<meta property=\"og:image:width\" content=\"2400\" \/>\n\t<meta property=\"og:image:height\" content=\"1350\" \/>\n\t<meta property=\"og:image:type\" content=\"image\/webp\" \/>\n<meta name=\"author\" content=\"admin\" \/>\n<meta name=\"twitter:card\" content=\"summary_large_image\" \/>\n<meta name=\"twitter:label1\" content=\"\u00c9crit par\" \/>\n\t<meta name=\"twitter:data1\" content=\"admin\" \/>\n\t<meta name=\"twitter:label2\" content=\"Dur\u00e9e de lecture estim\u00e9e\" \/>\n\t<meta name=\"twitter:data2\" content=\"2 minutes\" \/>\n<script type=\"application\/ld+json\" class=\"yoast-schema-graph\">{\"@context\":\"https:\\\/\\\/schema.org\",\"@graph\":[{\"@type\":\"Article\",\"@id\":\"https:\\\/\\\/lasentinelle.dz\\\/index.php\\\/2026\\\/09\\\/05\\\/loffre-dal-ittihad-rejetee-hadj-moussa-prolonge-laventure-a-rotterdam\\\/#article\",\"isPartOf\":{\"@id\":\"https:\\\/\\\/lasentinelle.dz\\\/index.php\\\/2026\\\/09\\\/05\\\/loffre-dal-ittihad-rejetee-hadj-moussa-prolonge-laventure-a-rotterdam\\\/\"},\"author\":{\"name\":\"admin\",\"@id\":\"https:\\\/\\\/lasentinelle.dz\\\/#\\\/schema\\\/person\\\/729ee0024f24e0b8c5ec17232f8e8b41\"},\"headline\":\"L\u2019offre d\u2019Al Ittihad rejet\u00e9e\u00a0: Hadj Moussa prolonge l&rsquo;aventure \u00e0 Rotterdam\",\"datePublished\":\"2026-09-05T20:55:36+00:00\",\"dateModified\":\"2026-09-05T20:55:39+00:00\",\"mainEntityOfPage\":{\"@id\":\"https:\\\/\\\/lasentinelle.dz\\\/index.php\\\/2026\\\/09\\\/05\\\/loffre-dal-ittihad-rejetee-hadj-moussa-prolonge-laventure-a-rotterdam\\\/\"},\"wordCount\":192,\"commentCount\":0,\"publisher\":{\"@id\":\"https:\\\/\\\/lasentinelle.dz\\\/#organization\"},\"image\":{\"@id\":\"https:\\\/\\\/lasentinelle.dz\\\/index.php\\\/2026\\\/09\\\/05\\\/loffre-dal-ittihad-rejetee-hadj-moussa-prolonge-laventure-a-rotterdam\\\/#primaryimage\"},\"thumbnailUrl\":\"https:\\\/\\\/lasentinelle.dz\\\/wp-content\\\/uploads\\\/2025\\\/12\\\/hadj-moussa.webp\",\"articleSection\":[\"Sports\"],\"inLanguage\":\"fr-FR\",\"potentialAction\":[{\"@type\":\"CommentAction\",\"name\":\"Comment\",\"target\":[\"https:\\\/\\\/lasentinelle.dz\\\/index.php\\\/2026\\\/09\\\/05\\\/loffre-dal-ittihad-rejetee-hadj-moussa-prolonge-laventure-a-rotterdam\\\/#respond\"]}]},{\"@type\":\"WebPage\",\"@id\":\"https:\\\/\\\/lasentinelle.dz\\\/index.php\\\/2026\\\/09\\\/05\\\/loffre-dal-ittihad-rejetee-hadj-moussa-prolonge-laventure-a-rotterdam\\\/\",\"url\":\"https:\\\/\\\/lasentinelle.dz\\\/index.php\\\/2026\\\/09\\\/05\\\/loffre-dal-ittihad-rejetee-hadj-moussa-prolonge-laventure-a-rotterdam\\\/\",\"name\":\"L\u2019offre d\u2019Al Ittihad rejet\u00e9e\u00a0: Hadj Moussa prolonge l&rsquo;aventure \u00e0 Rotterdam - La Sentinelle\",\"isPartOf\":{\"@id\":\"https:\\\/\\\/lasentinelle.dz\\\/#website\"},\"primaryImageOfPage\":{\"@id\":\"https:\\\/\\\/lasentinelle.dz\\\/index.php\\\/2026\\\/09\\\/05\\\/loffre-dal-ittihad-rejetee-hadj-moussa-prolonge-laventure-a-rotterdam\\\/#primaryimage\"},\"image\":{\"@id\":\"https:\\\/\\\/lasentinelle.dz\\\/index.php\\\/2026\\\/09\\\/05\\\/loffre-dal-ittihad-rejetee-hadj-moussa-prolonge-laventure-a-rotterdam\\\/#primaryimage\"},\"thumbnailUrl\":\"https:\\\/\\\/lasentinelle.dz\\\/wp-content\\\/uploads\\\/2025\\\/12\\\/hadj-moussa.webp\",\"datePublished\":\"2026-09-05T20:55:36+00:00\",\"dateModified\":\"2026-09-05T20:55:39+00:00\",\"breadcrumb\":{\"@id\":\"https:\\\/\\\/lasentinelle.dz\\\/index.php\\\/2026\\\/09\\\/05\\\/loffre-dal-ittihad-rejetee-hadj-moussa-prolonge-laventure-a-rotterdam\\\/#breadcrumb\"},\"inLanguage\":\"fr-FR\",\"potentialAction\":[{\"@type\":\"ReadAction\",\"target\":[\"https:\\\/\\\/lasentinelle.dz\\\/index.php\\\/2026\\\/09\\\/05\\\/loffre-dal-ittihad-rejetee-hadj-moussa-prolonge-laventure-a-rotterdam\\\/\"]}]},{\"@type\":\"ImageObject\",\"inLanguage\":\"fr-FR\",\"@id\":\"https:\\\/\\\/lasentinelle.dz\\\/index.php\\\/2026\\\/09\\\/05\\\/loffre-dal-ittihad-rejetee-hadj-moussa-prolonge-laventure-a-rotterdam\\\/#primaryimage\",\"url\":\"https:\\\/\\\/lasentinelle.dz\\\/wp-content\\\/uploads\\\/2025\\\/12\\\/hadj-moussa.webp\",\"contentUrl\":\"https:\\\/\\\/lasentinelle.dz\\\/wp-content\\\/uploads\\\/2025\\\/12\\\/hadj-moussa.webp\",\"width\":2400,\"height\":1350},{\"@type\":\"BreadcrumbList\",\"@id\":\"https:\\\/\\\/lasentinelle.dz\\\/index.php\\\/2026\\\/09\\\/05\\\/loffre-dal-ittihad-rejetee-hadj-moussa-prolonge-laventure-a-rotterdam\\\/#breadcrumb\",\"itemListElement\":[{\"@type\":\"ListItem\",\"position\":1,\"name\":\"Accueil\",\"item\":\"https:\\\/\\\/lasentinelle.dz\\\/\"},{\"@type\":\"ListItem\",\"position\":2,\"name\":\"L\u2019offre d\u2019Al Ittihad rejet\u00e9e\u00a0: Hadj Moussa prolonge l&rsquo;aventure \u00e0 Rotterdam\"}]},{\"@type\":\"WebSite\",\"@id\":\"https:\\\/\\\/lasentinelle.dz\\\/#website\",\"url\":\"https:\\\/\\\/lasentinelle.dz\\\/\",\"name\":\"La Sentinelle\",\"description\":\"Quotidien national d&#039;information\",\"publisher\":{\"@id\":\"https:\\\/\\\/lasentinelle.dz\\\/#organization\"},\"potentialAction\":[{\"@type\":\"SearchAction\",\"target\":{\"@type\":\"EntryPoint\",\"urlTemplate\":\"https:\\\/\\\/lasentinelle.dz\\\/?s={search_term_string}\"},\"query-input\":{\"@type\":\"PropertyValueSpecification\",\"valueRequired\":true,\"valueName\":\"search_term_string\"}}],\"inLanguage\":\"fr-FR\"},{\"@type\":\"Organization\",\"@id\":\"https:\\\/\\\/lasentinelle.dz\\\/#organization\",\"name\":\"Quotidien La Sentinelle\",\"url\":\"https:\\\/\\\/lasentinelle.dz\\\/\",\"logo\":{\"@type\":\"ImageObject\",\"inLanguage\":\"fr-FR\",\"@id\":\"https:\\\/\\\/lasentinelle.dz\\\/#\\\/schema\\\/logo\\\/image\\\/\",\"url\":\"https:\\\/\\\/lasentinelle.dz\\\/wp-content\\\/uploads\\\/2021\\\/09\\\/logo-sentinelleSLOGAN-1.png\",\"contentUrl\":\"https:\\\/\\\/lasentinelle.dz\\\/wp-content\\\/uploads\\\/2021\\\/09\\\/logo-sentinelleSLOGAN-1.png\",\"width\":615,\"height\":142,\"caption\":\"Quotidien La Sentinelle\"},\"image\":{\"@id\":\"https:\\\/\\\/lasentinelle.dz\\\/#\\\/schema\\\/logo\\\/image\\\/\"},\"sameAs\":[\"https:\\\/\\\/www.facebook.com\\\/La-Sentinelle-104059864394773\"]},{\"@type\":\"Person\",\"@id\":\"https:\\\/\\\/lasentinelle.dz\\\/#\\\/schema\\\/person\\\/729ee0024f24e0b8c5ec17232f8e8b41\",\"name\":\"admin\",\"image\":{\"@type\":\"ImageObject\",\"inLanguage\":\"fr-FR\",\"@id\":\"https:\\\/\\\/secure.gravatar.com\\\/avatar\\\/4c81fed838786e9b53f540bf46533e750f5d292099ae3b66cfc6fb1982e29df7?s=96&d=mm&r=g\",\"url\":\"https:\\\/\\\/secure.gravatar.com\\\/avatar\\\/4c81fed838786e9b53f540bf46533e750f5d292099ae3b66cfc6fb1982e29df7?s=96&d=mm&r=g\",\"contentUrl\":\"https:\\\/\\\/secure.gravatar.com\\\/avatar\\\/4c81fed838786e9b53f540bf46533e750f5d292099ae3b66cfc6fb1982e29df7?s=96&d=mm&r=g\",\"caption\":\"admin\"},\"description\":\"admin\",\"url\":\"https:\\\/\\\/lasentinelle.dz\\\/author\\\/admin\\\/\"}]}<\/script>\n<!-- \/ Yoast SEO plugin. -->","yoast_head_json":{"title":"L\u2019offre d\u2019Al Ittihad rejet\u00e9e\u00a0: Hadj Moussa prolonge l&rsquo;aventure \u00e0 Rotterdam - La Sentinelle","robots":{"index":"index","follow":"follow","max-snippet":"max-snippet:-1","max-image-preview":"max-image-preview:large","max-video-preview":"max-video-preview:-1"},"canonical":"https:\/\/lasentinelle.dz\/index.php\/2026\/09\/05\/loffre-dal-ittihad-rejetee-hadj-moussa-prolonge-laventure-a-rotterdam\/","og_locale":"fr_FR","og_type":"article","og_title":"L\u2019offre d\u2019Al Ittihad rejet\u00e9e\u00a0: Hadj Moussa prolonge l&rsquo;aventure \u00e0 Rotterdam - La Sentinelle","og_description":"Le dossier Anis Hadj Moussa aura occup\u00e9 une bonne partie des derni\u00e8res heures du mercato n\u00e9erlandais, sans conna\u00eetre le d\u00e9nouement","og_url":"https:\/\/lasentinelle.dz\/index.php\/2026\/09\/05\/loffre-dal-ittihad-rejetee-hadj-moussa-prolonge-laventure-a-rotterdam\/","og_site_name":"La Sentinelle","article_publisher":"https:\/\/www.facebook.com\/La-Sentinelle-104059864394773","article_published_time":"2026-09-05T20:55:36+00:00","article_modified_time":"2026-09-05T20:55:39+00:00","og_image":[{"width":2400,"height":1350,"url":"https:\/\/lasentinelle.dz\/wp-content\/uploads\/2025\/12\/hadj-moussa.webp","type":"image\/webp"}],"author":"admin","twitter_card":"summary_large_image","twitter_misc":{"\u00c9crit par":"admin","Dur\u00e9e de lecture estim\u00e9e":"2 minutes"},"schema":{"@context":"https:\/\/schema.org","@graph":[{"@type":"Article","@id":"https:\/\/lasentinelle.dz\/index.php\/2026\/09\/05\/loffre-dal-ittihad-rejetee-hadj-moussa-prolonge-laventure-a-rotterdam\/#article","isPartOf":{"@id":"https:\/\/lasentinelle.dz\/index.php\/2026\/09\/05\/loffre-dal-ittihad-rejetee-hadj-moussa-prolonge-laventure-a-rotterdam\/"},"author":{"name":"admin","@id":"https:\/\/lasentinelle.dz\/#\/schema\/person\/729ee0024f24e0b8c5ec17232f8e8b41"},"headline":"L\u2019offre d\u2019Al Ittihad rejet\u00e9e\u00a0: Hadj Moussa prolonge l&rsquo;aventure \u00e0 Rotterdam","datePublished":"2026-09-05T20:55:36+00:00","dateModified":"2026-09-05T20:55:39+00:00","mainEntityOfPage":{"@id":"https:\/\/lasentinelle.dz\/index.php\/2026\/09\/05\/loffre-dal-ittihad-rejetee-hadj-moussa-prolonge-laventure-a-rotterdam\/"},"wordCount":192,"commentCount":0,"publisher":{"@id":"https:\/\/lasentinelle.dz\/#organization"},"image":{"@id":"https:\/\/lasentinelle.dz\/index.php\/2026\/09\/05\/loffre-dal-ittihad-rejetee-hadj-moussa-prolonge-laventure-a-rotterdam\/#primaryimage"},"thumbnailUrl":"https:\/\/lasentinelle.dz\/wp-content\/uploads\/2025\/12\/hadj-moussa.webp","articleSection":["Sports"],"inLanguage":"fr-FR","potentialAction":[{"@type":"CommentAction","name":"Comment","target":["https:\/\/lasentinelle.dz\/index.php\/2026\/09\/05\/loffre-dal-ittihad-rejetee-hadj-moussa-prolonge-laventure-a-rotterdam\/#respond"]}]},{"@type":"WebPage","@id":"https:\/\/lasentinelle.dz\/index.php\/2026\/09\/05\/loffre-dal-ittihad-rejetee-hadj-moussa-prolonge-laventure-a-rotterdam\/","url":"https:\/\/lasentinelle.dz\/index.php\/2026\/09\/05\/loffre-dal-ittihad-rejetee-hadj-moussa-prolonge-laventure-a-rotterdam\/","name":"L\u2019offre d\u2019Al Ittihad rejet\u00e9e\u00a0: Hadj Moussa prolonge l&rsquo;aventure \u00e0 Rotterdam - La Sentinelle","isPartOf":{"@id":"https:\/\/lasentinelle.dz\/#website"},"primaryImageOfPage":{"@id":"https:\/\/lasentinelle.dz\/index.php\/2026\/09\/05\/loffre-dal-ittihad-rejetee-hadj-moussa-prolonge-laventure-a-rotterdam\/#primaryimage"},"image":{"@id":"https:\/\/lasentinelle.dz\/index.php\/2026\/09\/05\/loffre-dal-ittihad-rejetee-hadj-moussa-prolonge-laventure-a-rotterdam\/#primaryimage"},"thumbnailUrl":"https:\/\/lasentinelle.dz\/wp-content\/uploads\/2025\/12\/hadj-moussa.webp","datePublished":"2026-09-05T20:55:36+00:00","dateModified":"2026-09-05T20:55:39+00:00","breadcrumb":{"@id":"https:\/\/lasentinelle.dz\/index.php\/2026\/09\/05\/loffre-dal-ittihad-rejetee-hadj-moussa-prolonge-laventure-a-rotterdam\/#breadcrumb"},"inLanguage":"fr-FR","potentialAction":[{"@type":"ReadAction","target":["https:\/\/lasentinelle.dz\/index.php\/2026\/09\/05\/loffre-dal-ittihad-rejetee-hadj-moussa-prolonge-laventure-a-rotterdam\/"]}]},{"@type":"ImageObject","inLanguage":"fr-FR","@id":"https:\/\/lasentinelle.dz\/index.php\/2026\/09\/05\/loffre-dal-ittihad-rejetee-hadj-moussa-prolonge-laventure-a-rotterdam\/#primaryimage","url":"https:\/\/lasentinelle.dz\/wp-content\/uploads\/2025\/12\/hadj-moussa.webp","contentUrl":"https:\/\/lasentinelle.dz\/wp-content\/uploads\/2025\/12\/hadj-moussa.webp","width":2400,"height":1350},{"@type":"BreadcrumbList","@id":"https:\/\/lasentinelle.dz\/index.php\/2026\/09\/05\/loffre-dal-ittihad-rejetee-hadj-moussa-prolonge-laventure-a-rotterdam\/#breadcrumb","itemListElement":[{"@type":"ListItem","position":1,"name":"Accueil","item":"https:\/\/lasentinelle.dz\/"},{"@type":"ListItem","position":2,"name":"L\u2019offre d\u2019Al Ittihad rejet\u00e9e\u00a0: Hadj Moussa prolonge l&rsquo;aventure \u00e0 Rotterdam"}]},{"@type":"WebSite","@id":"https:\/\/lasentinelle.dz\/#website","url":"https:\/\/lasentinelle.dz\/","name":"La Sentinelle","description":"Quotidien national d&#039;information","publisher":{"@id":"https:\/\/lasentinelle.dz\/#organization"},"potentialAction":[{"@type":"SearchAction","target":{"@type":"EntryPoint","urlTemplate":"https:\/\/lasentinelle.dz\/?s={search_term_string}"},"query-input":{"@type":"PropertyValueSpecification","valueRequired":true,"valueName":"search_term_string"}}],"inLanguage":"fr-FR"},{"@type":"Organization","@id":"https:\/\/lasentinelle.dz\/#organization","name":"Quotidien La Sentinelle","url":"https:\/\/lasentinelle.dz\/","logo":{"@type":"ImageObject","inLanguage":"fr-FR","@id":"https:\/\/lasentinelle.dz\/#\/schema\/logo\/image\/","url":"https:\/\/lasentinelle.dz\/wp-content\/uploads\/2021\/09\/logo-sentinelleSLOGAN-1.png","contentUrl":"https:\/\/lasentinelle.dz\/wp-content\/uploads\/2021\/09\/logo-sentinelleSLOGAN-1.png","width":615,"height":142,"caption":"Quotidien La Sentinelle"},"image":{"@id":"https:\/\/lasentinelle.dz\/#\/schema\/logo\/image\/"},"sameAs":["https:\/\/www.facebook.com\/La-Sentinelle-104059864394773"]},{"@type":"Person","@id":"https:\/\/lasentinelle.dz\/#\/schema\/person\/729ee0024f24e0b8c5ec17232f8e8b41","name":"admin","image":{"@type":"ImageObject","inLanguage":"fr-FR","@id":"https:\/\/secure.gravatar.com\/avatar\/4c81fed838786e9b53f540bf46533e750f5d292099ae3b66cfc6fb1982e29df7?s=96&d=mm&r=g","url":"https:\/\/secure.gravatar.com\/avatar\/4c81fed838786e9b53f540bf46533e750f5d292099ae3b66cfc6fb1982e29df7?s=96&d=mm&r=g","contentUrl":"https:\/\/secure.gravatar.com\/avatar\/4c81fed838786e9b53f540bf46533e750f5d292099ae3b66cfc6fb1982e29df7?s=96&d=mm&r=g","caption":"admin"},"description":"admin","url":"https:\/\/lasentinelle.dz\/author\/admin\/"}]}},"_links":{"self":[{"href":"https:\/\/lasentinelle.dz\/index.php\/wp-json\/wp\/v2\/posts\/95006","targetHints":{"allow":["GET"]}}],"collection":[{"href":"https:\/\/lasentinelle.dz\/index.php\/wp-json\/wp\/v2\/posts"}],"about":[{"href":"https:\/\/lasentinelle.dz\/index.php\/wp-json\/wp\/v2\/types\/post"}],"author":[{"embeddable":true,"href":"https:\/\/lasentinelle.dz\/index.php\/wp-json\/wp\/v2\/users\/6"}],"replies":[{"embeddable":true,"href":"https:\/\/lasentinelle.dz\/index.php\/wp-json\/wp\/v2\/comments?post=95006"}],"version-history":[{"count":2,"href":"https:\/\/lasentinelle.dz\/index.php\/wp-json\/wp\/v2\/posts\/95006\/revisions"}],"predecessor-version":[{"id":95008,"href":"https:\/\/lasentinelle.dz\/index.php\/wp-json\/wp\/v2\/posts\/95006\/revisions\/95008"}],"wp:featuredmedia":[{"embeddable":true,"href":"https:\/\/lasentinelle.dz\/index.php\/wp-json\/wp\/v2\/media\/77095"}],"wp:attachment":[{"href":"https:\/\/lasentinelle.dz\/index.php\/wp-json\/wp\/v2\/media?parent=95006"}],"wp:term":[{"taxonomy":"category","embeddable":true,"href":"https:\/\/lasentinelle.dz\/index.php\/wp-json\/wp\/v2\/categories?post=95006"},{"taxonomy":"post_tag","embeddable":true,"href":"https:\/\/lasentinelle.dz\/index.php\/wp-json\/wp\/v2\/tags?post=95006"}],"curies":[{"name":"wp","href":"https:\/\/api.w.org\/{rel}","templated":true}]}}