{"id":95009,"date":"2026-09-05T21:56:55","date_gmt":"2026-09-05T20:56:55","guid":{"rendered":"https:\/\/lasentinelle.dz\/?p=95009"},"modified":"2026-09-05T21:56:59","modified_gmt":"2026-09-05T20:56:59","slug":"transferts-adam-ounas-rejoint-al-gharafa-qatari","status":"publish","type":"post","link":"https:\/\/lasentinelle.dz\/index.php\/2026\/09\/05\/transferts-adam-ounas-rejoint-al-gharafa-qatari\/","title":{"rendered":"Transferts\u00a0: Adam Ounas rejoint Al-Gharafa qatari"},"content":{"rendered":"\n<p class=\"wp-block-paragraph\">Le club qatari d&rsquo;Al-Gharafa a annonc\u00e9 la signature de l&rsquo;international alg\u00e9rien Adam Ounas, qui poursuit ainsi sa carri\u00e8re dans le championnat qatari, sans d\u00e9voiler la dur\u00e9e du contrat ni les d\u00e9tails financiers de l&rsquo;op\u00e9ration. Le club a annonc\u00e9, vendredi soir, le recrutement d&rsquo;Ounas, \u00e2g\u00e9 de 29 ans, \u00e0 travers une vid\u00e9o publi\u00e9e sur ses r\u00e9seaux sociaux, o\u00f9 il retrouvera son compatriote Yacine Brahimi. Selon des informations de la presse locale, le contrat porte sur une saison, avec une option de renouvellement. Ounas a connu plusieurs exp\u00e9riences dans les championnats europ\u00e9ens avant de rejoindre le championnat qatari en 2024, o\u00f9 il a \u00e9volu\u00e9 sous les couleurs d&rsquo;Al-Sadd, d&rsquo;Al-Sailiya et d&rsquo;Al-Shamal, devenant ainsi le quatri\u00e8me club qatari de sa carri\u00e8re.<\/p>\n","protected":false},"excerpt":{"rendered":"<p>Le club qatari d&rsquo;Al-Gharafa a annonc\u00e9 la signature de l&rsquo;international alg\u00e9rien Adam Ounas, qui poursuit ainsi sa carri\u00e8re dans le<\/p>\n","protected":false},"author":6,"featured_media":57494,"comment_status":"open","ping_status":"closed","sticky":false,"template":"","format":"standard","meta":{"colormag_page_container_layout":"default_layout","colormag_page_sidebar_layout":"default_layout","om_disable_all_campaigns":false,"_monsterinsights_skip_tracking":false,"footnotes":"","_wpscppro_dont_share_socialmedia":false,"_wpscppro_custom_social_share_image":0,"_facebook_share_type":"default","_twitter_share_type":"default","_linkedin_share_type":"default","_pinterest_share_type":"default","_linkedin_share_type_page":"","_instagram_share_type":"default","_medium_share_type":"default","_threads_share_type":"default","_google_business_share_type":"default","_bluesky_share_type":"default","_mastodon_share_type":"default","_selected_social_profile":[],"_wpsp_enable_custom_social_template":false,"_wpsp_social_scheduling":{"enabled":false,"datetime":null,"platforms":[],"status":"template_only","dateOption":"today","timeOption":"now","customDays":"","customHours":"","customDate":"","customTime":"","schedulingType":"absolute"},"_wpsp_active_default_template":true},"categories":[33],"tags":[],"class_list":["post-95009","post","type-post","status-publish","format-standard","has-post-thumbnail","hentry","category-sports"],"aioseo_notices":[],"aioseo_head":"\n\t\t<!-- All in One SEO 5.0.0.1 - aioseo.com -->\n\t<meta name=\"description\" content=\"Le club qatari d&#039;Al-Gharafa a annonc\u00e9 la signature de l&#039;international alg\u00e9rien Adam Ounas, qui poursuit ainsi sa carri\u00e8re dans le championnat qatari, sans d\u00e9voiler la dur\u00e9e du contrat ni les d\u00e9tails financiers de l&#039;op\u00e9ration. Le club a annonc\u00e9, vendredi soir, le recrutement d&#039;Ounas, \u00e2g\u00e9 de 29 ans, \u00e0 travers une vid\u00e9o publi\u00e9e sur ses r\u00e9seaux\" \/>\n\t<meta name=\"robots\" content=\"max-image-preview:large\" \/>\n\t<meta name=\"author\" content=\"admin\"\/>\n\t<link rel=\"canonical\" href=\"https:\/\/lasentinelle.dz\/index.php\/2026\/09\/05\/transferts-adam-ounas-rejoint-al-gharafa-qatari\/\" \/>\n\t<meta name=\"generator\" content=\"All in One SEO (AIOSEO) 5.0.0.1\" \/>\n\t\t<meta property=\"og:locale\" content=\"fr_FR\" \/>\n\t\t<meta property=\"og:site_name\" content=\"La Sentinelle - Quotidien national d&#039;information\" \/>\n\t\t<meta property=\"og:type\" content=\"article\" \/>\n\t\t<meta property=\"og:title\" content=\"Transferts : Adam Ounas rejoint Al-Gharafa qatari - La Sentinelle\" \/>\n\t\t<meta property=\"og:description\" content=\"Le club qatari d&#039;Al-Gharafa a annonc\u00e9 la signature de l&#039;international alg\u00e9rien Adam Ounas, qui poursuit ainsi sa carri\u00e8re dans le championnat qatari, sans d\u00e9voiler la dur\u00e9e du contrat ni les d\u00e9tails financiers de l&#039;op\u00e9ration. Le club a annonc\u00e9, vendredi soir, le recrutement d&#039;Ounas, \u00e2g\u00e9 de 29 ans, \u00e0 travers une vid\u00e9o publi\u00e9e sur ses r\u00e9seaux\" \/>\n\t\t<meta property=\"og:url\" content=\"https:\/\/lasentinelle.dz\/index.php\/2026\/09\/05\/transferts-adam-ounas-rejoint-al-gharafa-qatari\/\" \/>\n\t\t<meta property=\"og:image\" content=\"https:\/\/lasentinelle.dz\/wp-content\/uploads\/2021\/09\/cropped-la-sentinelle-earth-golden-anima-5.gif\" \/>\n\t\t<meta property=\"og:image:secure_url\" content=\"https:\/\/lasentinelle.dz\/wp-content\/uploads\/2021\/09\/cropped-la-sentinelle-earth-golden-anima-5.gif\" \/>\n\t\t<meta property=\"og:image:width\" content=\"450\" \/>\n\t\t<meta property=\"og:image:height\" content=\"213\" \/>\n\t\t<meta property=\"article:published_time\" content=\"2026-09-05T20:56:55+00:00\" \/>\n\t\t<meta property=\"article:modified_time\" content=\"2026-09-05T20:56:59+00:00\" \/>\n\t\t<meta property=\"article:publisher\" content=\"https:\/\/www.facebook.com\/azzedine.lasentinelle.1\" \/>\n\t\t<meta name=\"twitter:card\" content=\"summary_large_image\" \/>\n\t\t<meta name=\"twitter:title\" content=\"Transferts : Adam Ounas rejoint Al-Gharafa qatari - La Sentinelle\" \/>\n\t\t<meta name=\"twitter:description\" content=\"Le club qatari d&#039;Al-Gharafa a annonc\u00e9 la signature de l&#039;international alg\u00e9rien Adam Ounas, qui poursuit ainsi sa carri\u00e8re dans le championnat qatari, sans d\u00e9voiler la dur\u00e9e du contrat ni les d\u00e9tails financiers de l&#039;op\u00e9ration. Le club a annonc\u00e9, vendredi soir, le recrutement d&#039;Ounas, \u00e2g\u00e9 de 29 ans, \u00e0 travers une vid\u00e9o publi\u00e9e sur ses r\u00e9seaux\" \/>\n\t\t<meta name=\"twitter:image\" content=\"https:\/\/lasentinelle.dz\/wp-content\/uploads\/2021\/09\/cropped-la-sentinelle-earth-golden-anima-5.gif\" \/>\n\t\t<script type=\"application\/ld+json\" class=\"aioseo-schema\">\n\t\t\t{\"@context\":\"https:\\\/\\\/schema.org\",\"@graph\":[{\"@type\":\"BlogPosting\",\"@id\":\"https:\\\/\\\/lasentinelle.dz\\\/index.php\\\/2026\\\/09\\\/05\\\/transferts-adam-ounas-rejoint-al-gharafa-qatari\\\/#blogposting\",\"name\":\"Transferts : Adam Ounas rejoint Al-Gharafa qatari - La Sentinelle\",\"headline\":\"Transferts\\u00a0: Adam Ounas rejoint Al-Gharafa qatari\",\"author\":{\"@id\":\"https:\\\/\\\/lasentinelle.dz\\\/author\\\/admin\\\/#author\"},\"publisher\":{\"@id\":\"https:\\\/\\\/lasentinelle.dz\\\/#organization\"},\"image\":{\"@type\":\"ImageObject\",\"url\":\"https:\\\/\\\/lasentinelle.dz\\\/wp-content\\\/uploads\\\/2024\\\/09\\\/Ounas.jpeg\",\"width\":2000,\"height\":1400},\"datePublished\":\"2026-09-05T21:56:55+01:00\",\"dateModified\":\"2026-09-05T21:56:59+01:00\",\"inLanguage\":\"fr-FR\",\"mainEntityOfPage\":{\"@id\":\"https:\\\/\\\/lasentinelle.dz\\\/index.php\\\/2026\\\/09\\\/05\\\/transferts-adam-ounas-rejoint-al-gharafa-qatari\\\/#webpage\"},\"isPartOf\":{\"@id\":\"https:\\\/\\\/lasentinelle.dz\\\/index.php\\\/2026\\\/09\\\/05\\\/transferts-adam-ounas-rejoint-al-gharafa-qatari\\\/#webpage\"},\"articleSection\":\"Sports\"},{\"@type\":\"BreadcrumbList\",\"@id\":\"https:\\\/\\\/lasentinelle.dz\\\/index.php\\\/2026\\\/09\\\/05\\\/transferts-adam-ounas-rejoint-al-gharafa-qatari\\\/#breadcrumblist\",\"itemListElement\":[{\"@type\":\"ListItem\",\"@id\":\"https:\\\/\\\/lasentinelle.dz#listItem\",\"position\":1,\"name\":\"Home\",\"item\":\"https:\\\/\\\/lasentinelle.dz\",\"nextItem\":{\"@type\":\"ListItem\",\"@id\":\"https:\\\/\\\/lasentinelle.dz\\\/index.php\\\/category\\\/sports\\\/#listItem\",\"name\":\"Sports\"}},{\"@type\":\"ListItem\",\"@id\":\"https:\\\/\\\/lasentinelle.dz\\\/index.php\\\/category\\\/sports\\\/#listItem\",\"position\":2,\"name\":\"Sports\",\"item\":\"https:\\\/\\\/lasentinelle.dz\\\/index.php\\\/category\\\/sports\\\/\",\"nextItem\":{\"@type\":\"ListItem\",\"@id\":\"https:\\\/\\\/lasentinelle.dz\\\/index.php\\\/2026\\\/09\\\/05\\\/transferts-adam-ounas-rejoint-al-gharafa-qatari\\\/#listItem\",\"name\":\"Transferts\\u00a0: Adam Ounas rejoint Al-Gharafa qatari\"},\"previousItem\":{\"@type\":\"ListItem\",\"@id\":\"https:\\\/\\\/lasentinelle.dz#listItem\",\"name\":\"Home\"}},{\"@type\":\"ListItem\",\"@id\":\"https:\\\/\\\/lasentinelle.dz\\\/index.php\\\/2026\\\/09\\\/05\\\/transferts-adam-ounas-rejoint-al-gharafa-qatari\\\/#listItem\",\"position\":3,\"name\":\"Transferts\\u00a0: Adam Ounas rejoint Al-Gharafa qatari\",\"previousItem\":{\"@type\":\"ListItem\",\"@id\":\"https:\\\/\\\/lasentinelle.dz\\\/index.php\\\/category\\\/sports\\\/#listItem\",\"name\":\"Sports\"}}]},{\"@type\":\"Organization\",\"@id\":\"https:\\\/\\\/lasentinelle.dz\\\/#organization\",\"name\":\"La Sentinelle La Sentinelle\",\"description\":\"Quotidien national d'information\",\"url\":\"https:\\\/\\\/lasentinelle.dz\\\/\",\"logo\":{\"@type\":\"ImageObject\",\"url\":\"https:\\\/\\\/lasentinelle.dz\\\/wp-content\\\/uploads\\\/2021\\\/09\\\/cropped-la-sentinelle-earth-golden-anima-5.gif\",\"@id\":\"https:\\\/\\\/lasentinelle.dz\\\/index.php\\\/2026\\\/09\\\/05\\\/transferts-adam-ounas-rejoint-al-gharafa-qatari\\\/#organizationLogo\",\"width\":450,\"height\":213},\"image\":{\"@id\":\"https:\\\/\\\/lasentinelle.dz\\\/index.php\\\/2026\\\/09\\\/05\\\/transferts-adam-ounas-rejoint-al-gharafa-qatari\\\/#organizationLogo\"},\"sameAs\":[\"https:\\\/\\\/www.facebook.com\\\/azzedine.lasentinelle.1\"]},{\"@type\":\"Person\",\"@id\":\"https:\\\/\\\/lasentinelle.dz\\\/author\\\/admin\\\/#author\",\"url\":\"https:\\\/\\\/lasentinelle.dz\\\/author\\\/admin\\\/\",\"name\":\"admin\",\"image\":{\"@type\":\"ImageObject\",\"@id\":\"https:\\\/\\\/lasentinelle.dz\\\/index.php\\\/2026\\\/09\\\/05\\\/transferts-adam-ounas-rejoint-al-gharafa-qatari\\\/#authorImage\",\"url\":\"https:\\\/\\\/secure.gravatar.com\\\/avatar\\\/4c81fed838786e9b53f540bf46533e750f5d292099ae3b66cfc6fb1982e29df7?s=96&d=mm&r=g\",\"width\":96,\"height\":96,\"caption\":\"admin\"}},{\"@type\":\"WebPage\",\"@id\":\"https:\\\/\\\/lasentinelle.dz\\\/index.php\\\/2026\\\/09\\\/05\\\/transferts-adam-ounas-rejoint-al-gharafa-qatari\\\/#webpage\",\"url\":\"https:\\\/\\\/lasentinelle.dz\\\/index.php\\\/2026\\\/09\\\/05\\\/transferts-adam-ounas-rejoint-al-gharafa-qatari\\\/\",\"name\":\"Transferts : Adam Ounas rejoint Al-Gharafa qatari - La Sentinelle\",\"description\":\"Le club qatari d'Al-Gharafa a annonc\\u00e9 la signature de l'international alg\\u00e9rien Adam Ounas, qui poursuit ainsi sa carri\\u00e8re dans le championnat qatari, sans d\\u00e9voiler la dur\\u00e9e du contrat ni les d\\u00e9tails financiers de l'op\\u00e9ration. Le club a annonc\\u00e9, vendredi soir, le recrutement d'Ounas, \\u00e2g\\u00e9 de 29 ans, \\u00e0 travers une vid\\u00e9o publi\\u00e9e sur ses r\\u00e9seaux\",\"inLanguage\":\"fr-FR\",\"isPartOf\":{\"@id\":\"https:\\\/\\\/lasentinelle.dz\\\/#website\"},\"breadcrumb\":{\"@id\":\"https:\\\/\\\/lasentinelle.dz\\\/index.php\\\/2026\\\/09\\\/05\\\/transferts-adam-ounas-rejoint-al-gharafa-qatari\\\/#breadcrumblist\"},\"author\":{\"@id\":\"https:\\\/\\\/lasentinelle.dz\\\/author\\\/admin\\\/#author\"},\"creator\":{\"@id\":\"https:\\\/\\\/lasentinelle.dz\\\/author\\\/admin\\\/#author\"},\"image\":{\"@type\":\"ImageObject\",\"url\":\"https:\\\/\\\/lasentinelle.dz\\\/wp-content\\\/uploads\\\/2024\\\/09\\\/Ounas.jpeg\",\"@id\":\"https:\\\/\\\/lasentinelle.dz\\\/index.php\\\/2026\\\/09\\\/05\\\/transferts-adam-ounas-rejoint-al-gharafa-qatari\\\/#mainImage\",\"width\":2000,\"height\":1400},\"primaryImageOfPage\":{\"@id\":\"https:\\\/\\\/lasentinelle.dz\\\/index.php\\\/2026\\\/09\\\/05\\\/transferts-adam-ounas-rejoint-al-gharafa-qatari\\\/#mainImage\"},\"datePublished\":\"2026-09-05T21:56:55+01:00\",\"dateModified\":\"2026-09-05T21:56:59+01:00\"},{\"@type\":\"WebSite\",\"@id\":\"https:\\\/\\\/lasentinelle.dz\\\/#website\",\"url\":\"https:\\\/\\\/lasentinelle.dz\\\/\",\"name\":\"La Sentinelle\",\"description\":\"Quotidien national d'information\",\"inLanguage\":\"fr-FR\",\"publisher\":{\"@id\":\"https:\\\/\\\/lasentinelle.dz\\\/#organization\"}}]}\n\t\t<\/script>\n\t\t<!-- All in One SEO -->\n\n","aioseo_head_json":{"title":"Transferts : Adam Ounas rejoint Al-Gharafa qatari - La Sentinelle","description":"Le club qatari d'Al-Gharafa a annonc\u00e9 la signature de l'international alg\u00e9rien Adam Ounas, qui poursuit ainsi sa carri\u00e8re dans le championnat qatari, sans d\u00e9voiler la dur\u00e9e du contrat ni les d\u00e9tails financiers de l'op\u00e9ration. Le club a annonc\u00e9, vendredi soir, le recrutement d'Ounas, \u00e2g\u00e9 de 29 ans, \u00e0 travers une vid\u00e9o publi\u00e9e sur ses r\u00e9seaux","canonical_url":"https:\/\/lasentinelle.dz\/index.php\/2026\/09\/05\/transferts-adam-ounas-rejoint-al-gharafa-qatari\/","robots":"max-image-preview:large","keywords":"","webmasterTools":{"miscellaneous":""},"schema":{"@context":"https:\/\/schema.org","@graph":[{"@type":"BlogPosting","@id":"https:\/\/lasentinelle.dz\/index.php\/2026\/09\/05\/transferts-adam-ounas-rejoint-al-gharafa-qatari\/#blogposting","name":"Transferts : Adam Ounas rejoint Al-Gharafa qatari - La Sentinelle","headline":"Transferts\u00a0: Adam Ounas rejoint Al-Gharafa qatari","author":{"@id":"https:\/\/lasentinelle.dz\/author\/admin\/#author"},"publisher":{"@id":"https:\/\/lasentinelle.dz\/#organization"},"image":{"@type":"ImageObject","url":"https:\/\/lasentinelle.dz\/wp-content\/uploads\/2024\/09\/Ounas.jpeg","width":2000,"height":1400},"datePublished":"2026-09-05T21:56:55+01:00","dateModified":"2026-09-05T21:56:59+01:00","inLanguage":"fr-FR","mainEntityOfPage":{"@id":"https:\/\/lasentinelle.dz\/index.php\/2026\/09\/05\/transferts-adam-ounas-rejoint-al-gharafa-qatari\/#webpage"},"isPartOf":{"@id":"https:\/\/lasentinelle.dz\/index.php\/2026\/09\/05\/transferts-adam-ounas-rejoint-al-gharafa-qatari\/#webpage"},"articleSection":"Sports"},{"@type":"BreadcrumbList","@id":"https:\/\/lasentinelle.dz\/index.php\/2026\/09\/05\/transferts-adam-ounas-rejoint-al-gharafa-qatari\/#breadcrumblist","itemListElement":[{"@type":"ListItem","@id":"https:\/\/lasentinelle.dz#listItem","position":1,"name":"Home","item":"https:\/\/lasentinelle.dz","nextItem":{"@type":"ListItem","@id":"https:\/\/lasentinelle.dz\/index.php\/category\/sports\/#listItem","name":"Sports"}},{"@type":"ListItem","@id":"https:\/\/lasentinelle.dz\/index.php\/category\/sports\/#listItem","position":2,"name":"Sports","item":"https:\/\/lasentinelle.dz\/index.php\/category\/sports\/","nextItem":{"@type":"ListItem","@id":"https:\/\/lasentinelle.dz\/index.php\/2026\/09\/05\/transferts-adam-ounas-rejoint-al-gharafa-qatari\/#listItem","name":"Transferts\u00a0: Adam Ounas rejoint Al-Gharafa qatari"},"previousItem":{"@type":"ListItem","@id":"https:\/\/lasentinelle.dz#listItem","name":"Home"}},{"@type":"ListItem","@id":"https:\/\/lasentinelle.dz\/index.php\/2026\/09\/05\/transferts-adam-ounas-rejoint-al-gharafa-qatari\/#listItem","position":3,"name":"Transferts\u00a0: Adam Ounas rejoint Al-Gharafa qatari","previousItem":{"@type":"ListItem","@id":"https:\/\/lasentinelle.dz\/index.php\/category\/sports\/#listItem","name":"Sports"}}]},{"@type":"Organization","@id":"https:\/\/lasentinelle.dz\/#organization","name":"La Sentinelle La Sentinelle","description":"Quotidien national d'information","url":"https:\/\/lasentinelle.dz\/","logo":{"@type":"ImageObject","url":"https:\/\/lasentinelle.dz\/wp-content\/uploads\/2021\/09\/cropped-la-sentinelle-earth-golden-anima-5.gif","@id":"https:\/\/lasentinelle.dz\/index.php\/2026\/09\/05\/transferts-adam-ounas-rejoint-al-gharafa-qatari\/#organizationLogo","width":450,"height":213},"image":{"@id":"https:\/\/lasentinelle.dz\/index.php\/2026\/09\/05\/transferts-adam-ounas-rejoint-al-gharafa-qatari\/#organizationLogo"},"sameAs":["https:\/\/www.facebook.com\/azzedine.lasentinelle.1"]},{"@type":"Person","@id":"https:\/\/lasentinelle.dz\/author\/admin\/#author","url":"https:\/\/lasentinelle.dz\/author\/admin\/","name":"admin","image":{"@type":"ImageObject","@id":"https:\/\/lasentinelle.dz\/index.php\/2026\/09\/05\/transferts-adam-ounas-rejoint-al-gharafa-qatari\/#authorImage","url":"https:\/\/secure.gravatar.com\/avatar\/4c81fed838786e9b53f540bf46533e750f5d292099ae3b66cfc6fb1982e29df7?s=96&d=mm&r=g","width":96,"height":96,"caption":"admin"}},{"@type":"WebPage","@id":"https:\/\/lasentinelle.dz\/index.php\/2026\/09\/05\/transferts-adam-ounas-rejoint-al-gharafa-qatari\/#webpage","url":"https:\/\/lasentinelle.dz\/index.php\/2026\/09\/05\/transferts-adam-ounas-rejoint-al-gharafa-qatari\/","name":"Transferts : Adam Ounas rejoint Al-Gharafa qatari - La Sentinelle","description":"Le club qatari d'Al-Gharafa a annonc\u00e9 la signature de l'international alg\u00e9rien Adam Ounas, qui poursuit ainsi sa carri\u00e8re dans le championnat qatari, sans d\u00e9voiler la dur\u00e9e du contrat ni les d\u00e9tails financiers de l'op\u00e9ration. Le club a annonc\u00e9, vendredi soir, le recrutement d'Ounas, \u00e2g\u00e9 de 29 ans, \u00e0 travers une vid\u00e9o publi\u00e9e sur ses r\u00e9seaux","inLanguage":"fr-FR","isPartOf":{"@id":"https:\/\/lasentinelle.dz\/#website"},"breadcrumb":{"@id":"https:\/\/lasentinelle.dz\/index.php\/2026\/09\/05\/transferts-adam-ounas-rejoint-al-gharafa-qatari\/#breadcrumblist"},"author":{"@id":"https:\/\/lasentinelle.dz\/author\/admin\/#author"},"creator":{"@id":"https:\/\/lasentinelle.dz\/author\/admin\/#author"},"image":{"@type":"ImageObject","url":"https:\/\/lasentinelle.dz\/wp-content\/uploads\/2024\/09\/Ounas.jpeg","@id":"https:\/\/lasentinelle.dz\/index.php\/2026\/09\/05\/transferts-adam-ounas-rejoint-al-gharafa-qatari\/#mainImage","width":2000,"height":1400},"primaryImageOfPage":{"@id":"https:\/\/lasentinelle.dz\/index.php\/2026\/09\/05\/transferts-adam-ounas-rejoint-al-gharafa-qatari\/#mainImage"},"datePublished":"2026-09-05T21:56:55+01:00","dateModified":"2026-09-05T21:56:59+01:00"},{"@type":"WebSite","@id":"https:\/\/lasentinelle.dz\/#website","url":"https:\/\/lasentinelle.dz\/","name":"La Sentinelle","description":"Quotidien national d'information","inLanguage":"fr-FR","publisher":{"@id":"https:\/\/lasentinelle.dz\/#organization"}}]},"og:locale":"fr_FR","og:site_name":"La Sentinelle - Quotidien national d'information","og:type":"article","og:title":"Transferts : Adam Ounas rejoint Al-Gharafa qatari - La Sentinelle","og:description":"Le club qatari d'Al-Gharafa a annonc\u00e9 la signature de l'international alg\u00e9rien Adam Ounas, qui poursuit ainsi sa carri\u00e8re dans le championnat qatari, sans d\u00e9voiler la dur\u00e9e du contrat ni les d\u00e9tails financiers de l'op\u00e9ration. Le club a annonc\u00e9, vendredi soir, le recrutement d'Ounas, \u00e2g\u00e9 de 29 ans, \u00e0 travers une vid\u00e9o publi\u00e9e sur ses r\u00e9seaux","og:url":"https:\/\/lasentinelle.dz\/index.php\/2026\/09\/05\/transferts-adam-ounas-rejoint-al-gharafa-qatari\/","og:image":"https:\/\/lasentinelle.dz\/wp-content\/uploads\/2021\/09\/cropped-la-sentinelle-earth-golden-anima-5.gif","og:image:secure_url":"https:\/\/lasentinelle.dz\/wp-content\/uploads\/2021\/09\/cropped-la-sentinelle-earth-golden-anima-5.gif","og:image:width":450,"og:image:height":213,"article:published_time":"2026-09-05T20:56:55+00:00","article:modified_time":"2026-09-05T20:56:59+00:00","article:publisher":"https:\/\/www.facebook.com\/azzedine.lasentinelle.1","twitter:card":"summary_large_image","twitter:title":"Transferts : Adam Ounas rejoint Al-Gharafa qatari - La Sentinelle","twitter:description":"Le club qatari d'Al-Gharafa a annonc\u00e9 la signature de l'international alg\u00e9rien Adam Ounas, qui poursuit ainsi sa carri\u00e8re dans le championnat qatari, sans d\u00e9voiler la dur\u00e9e du contrat ni les d\u00e9tails financiers de l'op\u00e9ration. Le club a annonc\u00e9, vendredi soir, le recrutement d'Ounas, \u00e2g\u00e9 de 29 ans, \u00e0 travers une vid\u00e9o publi\u00e9e sur ses r\u00e9seaux","twitter:image":"https:\/\/lasentinelle.dz\/wp-content\/uploads\/2021\/09\/cropped-la-sentinelle-earth-golden-anima-5.gif"},"aioseo_meta_data":{"post_id":"95009","title":null,"description":null,"keywords":null,"keyphrases":{"focus":{"keyphrase":"","score":0,"analysis":{"keyphraseInTitle":{"score":0,"maxScore":9,"error":1}}},"additional":[]},"primary_term":null,"canonical_url":null,"og_title":null,"og_description":null,"og_object_type":"default","og_image_type":"default","og_image_url":null,"og_image_width":null,"og_image_height":null,"og_image_custom_url":null,"og_image_custom_fields":null,"og_video":"","og_custom_url":null,"og_article_section":null,"og_article_tags":null,"twitter_use_og":false,"twitter_card":"default","twitter_image_type":"default","twitter_image_url":null,"twitter_image_custom_url":null,"twitter_image_custom_fields":null,"twitter_title":null,"twitter_description":null,"schema":{"blockGraphs":[],"customGraphs":[],"default":{"data":{"Article":[],"Course":[],"Dataset":[],"FAQPage":[],"Movie":[],"Person":[],"Product":[],"ProductReview":[],"Car":[],"Recipe":[],"Service":[],"SoftwareApplication":[],"WebPage":[]},"graphName":"BlogPosting","isEnabled":true},"graphs":[]},"schema_type":"default","schema_type_options":null,"pillar_content":false,"robots_default":true,"robots_noindex":false,"robots_noarchive":false,"robots_nosnippet":false,"robots_nofollow":false,"robots_noimageindex":false,"robots_noodp":false,"robots_notranslate":false,"robots_max_snippet":"-1","robots_max_videopreview":"-1","robots_max_imagepreview":"large","priority":null,"frequency":"default","local_seo":null,"breadcrumb_settings":null,"limit_modified_date":false,"ai":{"faqs":[],"keyPoints":[],"schemas":[],"titles":[],"descriptions":[],"socialPosts":{"email":{"subject":"","preview":"","content":""},"linkedin":[],"twitter":[],"facebook":[],"instagram":[]}},"created":"2026-09-05 20:57:00","updated":"2026-09-05 22:14:54","focus_keyword":null,"additional_keywords":null,"truseo_locale":null,"seo_analyzer_scan_date":null},"aioseo_breadcrumb":"<div class=\"aioseo-breadcrumbs\"><span class=\"aioseo-breadcrumb\">\n\t\t\t<a href=\"https:\/\/lasentinelle.dz\" title=\"Home\">Home<\/a>\n\t\t<\/span><span class=\"aioseo-breadcrumb-separator\">&raquo;<\/span><span class=\"aioseo-breadcrumb\">\n\t\t\t<a href=\"https:\/\/lasentinelle.dz\/index.php\/category\/sports\/\" title=\"Sports\">Sports<\/a>\n\t\t<\/span><span class=\"aioseo-breadcrumb-separator\">&raquo;<\/span><span class=\"aioseo-breadcrumb\">\n\t\t\tTransferts : Adam Ounas rejoint Al-Gharafa qatari\n\t\t<\/span><\/div>","aioseo_breadcrumb_json":[{"label":"Home","link":"https:\/\/lasentinelle.dz"},{"label":"Sports","link":"https:\/\/lasentinelle.dz\/index.php\/category\/sports\/"},{"label":"Transferts\u00a0: Adam Ounas rejoint Al-Gharafa qatari","link":"https:\/\/lasentinelle.dz\/index.php\/2026\/09\/05\/transferts-adam-ounas-rejoint-al-gharafa-qatari\/"}],"yoast_head":"<!-- This site is optimized with the Yoast SEO plugin v28.4 - https:\/\/yoast.com\/product\/yoast-seo-wordpress\/ -->\n<title>Transferts\u00a0: Adam Ounas rejoint Al-Gharafa qatari - La Sentinelle<\/title>\n<meta name=\"robots\" content=\"index, follow, max-snippet:-1, max-image-preview:large, max-video-preview:-1\" \/>\n<link rel=\"canonical\" href=\"https:\/\/lasentinelle.dz\/index.php\/2026\/09\/05\/transferts-adam-ounas-rejoint-al-gharafa-qatari\/\" \/>\n<meta property=\"og:locale\" content=\"fr_FR\" \/>\n<meta property=\"og:type\" content=\"article\" \/>\n<meta property=\"og:title\" content=\"Transferts\u00a0: Adam Ounas rejoint Al-Gharafa qatari - La Sentinelle\" \/>\n<meta property=\"og:description\" content=\"Le club qatari d&rsquo;Al-Gharafa a annonc\u00e9 la signature de l&rsquo;international alg\u00e9rien Adam Ounas, qui poursuit ainsi sa carri\u00e8re dans le\" \/>\n<meta property=\"og:url\" content=\"https:\/\/lasentinelle.dz\/index.php\/2026\/09\/05\/transferts-adam-ounas-rejoint-al-gharafa-qatari\/\" \/>\n<meta property=\"og:site_name\" content=\"La Sentinelle\" \/>\n<meta property=\"article:publisher\" content=\"https:\/\/www.facebook.com\/La-Sentinelle-104059864394773\" \/>\n<meta property=\"article:published_time\" content=\"2026-09-05T20:56:55+00:00\" \/>\n<meta property=\"article:modified_time\" content=\"2026-09-05T20:56:59+00:00\" \/>\n<meta property=\"og:image\" content=\"https:\/\/lasentinelle.dz\/wp-content\/uploads\/2024\/09\/Ounas.jpeg\" \/>\n\t<meta property=\"og:image:width\" content=\"2000\" \/>\n\t<meta property=\"og:image:height\" content=\"1400\" \/>\n\t<meta property=\"og:image:type\" content=\"image\/jpeg\" \/>\n<meta name=\"author\" content=\"admin\" \/>\n<meta name=\"twitter:card\" content=\"summary_large_image\" \/>\n<meta name=\"twitter:label1\" content=\"\u00c9crit par\" \/>\n\t<meta name=\"twitter:data1\" content=\"admin\" \/>\n\t<meta name=\"twitter:label2\" content=\"Dur\u00e9e de lecture estim\u00e9e\" \/>\n\t<meta name=\"twitter:data2\" content=\"1 minute\" \/>\n<script type=\"application\/ld+json\" class=\"yoast-schema-graph\">{\"@context\":\"https:\\\/\\\/schema.org\",\"@graph\":[{\"@type\":\"Article\",\"@id\":\"https:\\\/\\\/lasentinelle.dz\\\/index.php\\\/2026\\\/09\\\/05\\\/transferts-adam-ounas-rejoint-al-gharafa-qatari\\\/#article\",\"isPartOf\":{\"@id\":\"https:\\\/\\\/lasentinelle.dz\\\/index.php\\\/2026\\\/09\\\/05\\\/transferts-adam-ounas-rejoint-al-gharafa-qatari\\\/\"},\"author\":{\"name\":\"admin\",\"@id\":\"https:\\\/\\\/lasentinelle.dz\\\/#\\\/schema\\\/person\\\/729ee0024f24e0b8c5ec17232f8e8b41\"},\"headline\":\"Transferts\u00a0: Adam Ounas rejoint Al-Gharafa qatari\",\"datePublished\":\"2026-09-05T20:56:55+00:00\",\"dateModified\":\"2026-09-05T20:56:59+00:00\",\"mainEntityOfPage\":{\"@id\":\"https:\\\/\\\/lasentinelle.dz\\\/index.php\\\/2026\\\/09\\\/05\\\/transferts-adam-ounas-rejoint-al-gharafa-qatari\\\/\"},\"wordCount\":141,\"commentCount\":0,\"publisher\":{\"@id\":\"https:\\\/\\\/lasentinelle.dz\\\/#organization\"},\"image\":{\"@id\":\"https:\\\/\\\/lasentinelle.dz\\\/index.php\\\/2026\\\/09\\\/05\\\/transferts-adam-ounas-rejoint-al-gharafa-qatari\\\/#primaryimage\"},\"thumbnailUrl\":\"https:\\\/\\\/lasentinelle.dz\\\/wp-content\\\/uploads\\\/2024\\\/09\\\/Ounas.jpeg\",\"articleSection\":[\"Sports\"],\"inLanguage\":\"fr-FR\",\"potentialAction\":[{\"@type\":\"CommentAction\",\"name\":\"Comment\",\"target\":[\"https:\\\/\\\/lasentinelle.dz\\\/index.php\\\/2026\\\/09\\\/05\\\/transferts-adam-ounas-rejoint-al-gharafa-qatari\\\/#respond\"]}]},{\"@type\":\"WebPage\",\"@id\":\"https:\\\/\\\/lasentinelle.dz\\\/index.php\\\/2026\\\/09\\\/05\\\/transferts-adam-ounas-rejoint-al-gharafa-qatari\\\/\",\"url\":\"https:\\\/\\\/lasentinelle.dz\\\/index.php\\\/2026\\\/09\\\/05\\\/transferts-adam-ounas-rejoint-al-gharafa-qatari\\\/\",\"name\":\"Transferts\u00a0: Adam Ounas rejoint Al-Gharafa qatari - La Sentinelle\",\"isPartOf\":{\"@id\":\"https:\\\/\\\/lasentinelle.dz\\\/#website\"},\"primaryImageOfPage\":{\"@id\":\"https:\\\/\\\/lasentinelle.dz\\\/index.php\\\/2026\\\/09\\\/05\\\/transferts-adam-ounas-rejoint-al-gharafa-qatari\\\/#primaryimage\"},\"image\":{\"@id\":\"https:\\\/\\\/lasentinelle.dz\\\/index.php\\\/2026\\\/09\\\/05\\\/transferts-adam-ounas-rejoint-al-gharafa-qatari\\\/#primaryimage\"},\"thumbnailUrl\":\"https:\\\/\\\/lasentinelle.dz\\\/wp-content\\\/uploads\\\/2024\\\/09\\\/Ounas.jpeg\",\"datePublished\":\"2026-09-05T20:56:55+00:00\",\"dateModified\":\"2026-09-05T20:56:59+00:00\",\"breadcrumb\":{\"@id\":\"https:\\\/\\\/lasentinelle.dz\\\/index.php\\\/2026\\\/09\\\/05\\\/transferts-adam-ounas-rejoint-al-gharafa-qatari\\\/#breadcrumb\"},\"inLanguage\":\"fr-FR\",\"potentialAction\":[{\"@type\":\"ReadAction\",\"target\":[\"https:\\\/\\\/lasentinelle.dz\\\/index.php\\\/2026\\\/09\\\/05\\\/transferts-adam-ounas-rejoint-al-gharafa-qatari\\\/\"]}]},{\"@type\":\"ImageObject\",\"inLanguage\":\"fr-FR\",\"@id\":\"https:\\\/\\\/lasentinelle.dz\\\/index.php\\\/2026\\\/09\\\/05\\\/transferts-adam-ounas-rejoint-al-gharafa-qatari\\\/#primaryimage\",\"url\":\"https:\\\/\\\/lasentinelle.dz\\\/wp-content\\\/uploads\\\/2024\\\/09\\\/Ounas.jpeg\",\"contentUrl\":\"https:\\\/\\\/lasentinelle.dz\\\/wp-content\\\/uploads\\\/2024\\\/09\\\/Ounas.jpeg\",\"width\":2000,\"height\":1400},{\"@type\":\"BreadcrumbList\",\"@id\":\"https:\\\/\\\/lasentinelle.dz\\\/index.php\\\/2026\\\/09\\\/05\\\/transferts-adam-ounas-rejoint-al-gharafa-qatari\\\/#breadcrumb\",\"itemListElement\":[{\"@type\":\"ListItem\",\"position\":1,\"name\":\"Accueil\",\"item\":\"https:\\\/\\\/lasentinelle.dz\\\/\"},{\"@type\":\"ListItem\",\"position\":2,\"name\":\"Transferts\u00a0: Adam Ounas rejoint Al-Gharafa qatari\"}]},{\"@type\":\"WebSite\",\"@id\":\"https:\\\/\\\/lasentinelle.dz\\\/#website\",\"url\":\"https:\\\/\\\/lasentinelle.dz\\\/\",\"name\":\"La Sentinelle\",\"description\":\"Quotidien national d&#039;information\",\"publisher\":{\"@id\":\"https:\\\/\\\/lasentinelle.dz\\\/#organization\"},\"potentialAction\":[{\"@type\":\"SearchAction\",\"target\":{\"@type\":\"EntryPoint\",\"urlTemplate\":\"https:\\\/\\\/lasentinelle.dz\\\/?s={search_term_string}\"},\"query-input\":{\"@type\":\"PropertyValueSpecification\",\"valueRequired\":true,\"valueName\":\"search_term_string\"}}],\"inLanguage\":\"fr-FR\"},{\"@type\":\"Organization\",\"@id\":\"https:\\\/\\\/lasentinelle.dz\\\/#organization\",\"name\":\"Quotidien La Sentinelle\",\"url\":\"https:\\\/\\\/lasentinelle.dz\\\/\",\"logo\":{\"@type\":\"ImageObject\",\"inLanguage\":\"fr-FR\",\"@id\":\"https:\\\/\\\/lasentinelle.dz\\\/#\\\/schema\\\/logo\\\/image\\\/\",\"url\":\"https:\\\/\\\/lasentinelle.dz\\\/wp-content\\\/uploads\\\/2021\\\/09\\\/logo-sentinelleSLOGAN-1.png\",\"contentUrl\":\"https:\\\/\\\/lasentinelle.dz\\\/wp-content\\\/uploads\\\/2021\\\/09\\\/logo-sentinelleSLOGAN-1.png\",\"width\":615,\"height\":142,\"caption\":\"Quotidien La Sentinelle\"},\"image\":{\"@id\":\"https:\\\/\\\/lasentinelle.dz\\\/#\\\/schema\\\/logo\\\/image\\\/\"},\"sameAs\":[\"https:\\\/\\\/www.facebook.com\\\/La-Sentinelle-104059864394773\"]},{\"@type\":\"Person\",\"@id\":\"https:\\\/\\\/lasentinelle.dz\\\/#\\\/schema\\\/person\\\/729ee0024f24e0b8c5ec17232f8e8b41\",\"name\":\"admin\",\"image\":{\"@type\":\"ImageObject\",\"inLanguage\":\"fr-FR\",\"@id\":\"https:\\\/\\\/secure.gravatar.com\\\/avatar\\\/4c81fed838786e9b53f540bf46533e750f5d292099ae3b66cfc6fb1982e29df7?s=96&d=mm&r=g\",\"url\":\"https:\\\/\\\/secure.gravatar.com\\\/avatar\\\/4c81fed838786e9b53f540bf46533e750f5d292099ae3b66cfc6fb1982e29df7?s=96&d=mm&r=g\",\"contentUrl\":\"https:\\\/\\\/secure.gravatar.com\\\/avatar\\\/4c81fed838786e9b53f540bf46533e750f5d292099ae3b66cfc6fb1982e29df7?s=96&d=mm&r=g\",\"caption\":\"admin\"},\"description\":\"admin\",\"url\":\"https:\\\/\\\/lasentinelle.dz\\\/author\\\/admin\\\/\"}]}<\/script>\n<!-- \/ Yoast SEO plugin. -->","yoast_head_json":{"title":"Transferts\u00a0: Adam Ounas rejoint Al-Gharafa qatari - La Sentinelle","robots":{"index":"index","follow":"follow","max-snippet":"max-snippet:-1","max-image-preview":"max-image-preview:large","max-video-preview":"max-video-preview:-1"},"canonical":"https:\/\/lasentinelle.dz\/index.php\/2026\/09\/05\/transferts-adam-ounas-rejoint-al-gharafa-qatari\/","og_locale":"fr_FR","og_type":"article","og_title":"Transferts\u00a0: Adam Ounas rejoint Al-Gharafa qatari - La Sentinelle","og_description":"Le club qatari d&rsquo;Al-Gharafa a annonc\u00e9 la signature de l&rsquo;international alg\u00e9rien Adam Ounas, qui poursuit ainsi sa carri\u00e8re dans le","og_url":"https:\/\/lasentinelle.dz\/index.php\/2026\/09\/05\/transferts-adam-ounas-rejoint-al-gharafa-qatari\/","og_site_name":"La Sentinelle","article_publisher":"https:\/\/www.facebook.com\/La-Sentinelle-104059864394773","article_published_time":"2026-09-05T20:56:55+00:00","article_modified_time":"2026-09-05T20:56:59+00:00","og_image":[{"width":2000,"height":1400,"url":"https:\/\/lasentinelle.dz\/wp-content\/uploads\/2024\/09\/Ounas.jpeg","type":"image\/jpeg"}],"author":"admin","twitter_card":"summary_large_image","twitter_misc":{"\u00c9crit par":"admin","Dur\u00e9e de lecture estim\u00e9e":"1 minute"},"schema":{"@context":"https:\/\/schema.org","@graph":[{"@type":"Article","@id":"https:\/\/lasentinelle.dz\/index.php\/2026\/09\/05\/transferts-adam-ounas-rejoint-al-gharafa-qatari\/#article","isPartOf":{"@id":"https:\/\/lasentinelle.dz\/index.php\/2026\/09\/05\/transferts-adam-ounas-rejoint-al-gharafa-qatari\/"},"author":{"name":"admin","@id":"https:\/\/lasentinelle.dz\/#\/schema\/person\/729ee0024f24e0b8c5ec17232f8e8b41"},"headline":"Transferts\u00a0: Adam Ounas rejoint Al-Gharafa qatari","datePublished":"2026-09-05T20:56:55+00:00","dateModified":"2026-09-05T20:56:59+00:00","mainEntityOfPage":{"@id":"https:\/\/lasentinelle.dz\/index.php\/2026\/09\/05\/transferts-adam-ounas-rejoint-al-gharafa-qatari\/"},"wordCount":141,"commentCount":0,"publisher":{"@id":"https:\/\/lasentinelle.dz\/#organization"},"image":{"@id":"https:\/\/lasentinelle.dz\/index.php\/2026\/09\/05\/transferts-adam-ounas-rejoint-al-gharafa-qatari\/#primaryimage"},"thumbnailUrl":"https:\/\/lasentinelle.dz\/wp-content\/uploads\/2024\/09\/Ounas.jpeg","articleSection":["Sports"],"inLanguage":"fr-FR","potentialAction":[{"@type":"CommentAction","name":"Comment","target":["https:\/\/lasentinelle.dz\/index.php\/2026\/09\/05\/transferts-adam-ounas-rejoint-al-gharafa-qatari\/#respond"]}]},{"@type":"WebPage","@id":"https:\/\/lasentinelle.dz\/index.php\/2026\/09\/05\/transferts-adam-ounas-rejoint-al-gharafa-qatari\/","url":"https:\/\/lasentinelle.dz\/index.php\/2026\/09\/05\/transferts-adam-ounas-rejoint-al-gharafa-qatari\/","name":"Transferts\u00a0: Adam Ounas rejoint Al-Gharafa qatari - La Sentinelle","isPartOf":{"@id":"https:\/\/lasentinelle.dz\/#website"},"primaryImageOfPage":{"@id":"https:\/\/lasentinelle.dz\/index.php\/2026\/09\/05\/transferts-adam-ounas-rejoint-al-gharafa-qatari\/#primaryimage"},"image":{"@id":"https:\/\/lasentinelle.dz\/index.php\/2026\/09\/05\/transferts-adam-ounas-rejoint-al-gharafa-qatari\/#primaryimage"},"thumbnailUrl":"https:\/\/lasentinelle.dz\/wp-content\/uploads\/2024\/09\/Ounas.jpeg","datePublished":"2026-09-05T20:56:55+00:00","dateModified":"2026-09-05T20:56:59+00:00","breadcrumb":{"@id":"https:\/\/lasentinelle.dz\/index.php\/2026\/09\/05\/transferts-adam-ounas-rejoint-al-gharafa-qatari\/#breadcrumb"},"inLanguage":"fr-FR","potentialAction":[{"@type":"ReadAction","target":["https:\/\/lasentinelle.dz\/index.php\/2026\/09\/05\/transferts-adam-ounas-rejoint-al-gharafa-qatari\/"]}]},{"@type":"ImageObject","inLanguage":"fr-FR","@id":"https:\/\/lasentinelle.dz\/index.php\/2026\/09\/05\/transferts-adam-ounas-rejoint-al-gharafa-qatari\/#primaryimage","url":"https:\/\/lasentinelle.dz\/wp-content\/uploads\/2024\/09\/Ounas.jpeg","contentUrl":"https:\/\/lasentinelle.dz\/wp-content\/uploads\/2024\/09\/Ounas.jpeg","width":2000,"height":1400},{"@type":"BreadcrumbList","@id":"https:\/\/lasentinelle.dz\/index.php\/2026\/09\/05\/transferts-adam-ounas-rejoint-al-gharafa-qatari\/#breadcrumb","itemListElement":[{"@type":"ListItem","position":1,"name":"Accueil","item":"https:\/\/lasentinelle.dz\/"},{"@type":"ListItem","position":2,"name":"Transferts\u00a0: Adam Ounas rejoint Al-Gharafa qatari"}]},{"@type":"WebSite","@id":"https:\/\/lasentinelle.dz\/#website","url":"https:\/\/lasentinelle.dz\/","name":"La Sentinelle","description":"Quotidien national d&#039;information","publisher":{"@id":"https:\/\/lasentinelle.dz\/#organization"},"potentialAction":[{"@type":"SearchAction","target":{"@type":"EntryPoint","urlTemplate":"https:\/\/lasentinelle.dz\/?s={search_term_string}"},"query-input":{"@type":"PropertyValueSpecification","valueRequired":true,"valueName":"search_term_string"}}],"inLanguage":"fr-FR"},{"@type":"Organization","@id":"https:\/\/lasentinelle.dz\/#organization","name":"Quotidien La Sentinelle","url":"https:\/\/lasentinelle.dz\/","logo":{"@type":"ImageObject","inLanguage":"fr-FR","@id":"https:\/\/lasentinelle.dz\/#\/schema\/logo\/image\/","url":"https:\/\/lasentinelle.dz\/wp-content\/uploads\/2021\/09\/logo-sentinelleSLOGAN-1.png","contentUrl":"https:\/\/lasentinelle.dz\/wp-content\/uploads\/2021\/09\/logo-sentinelleSLOGAN-1.png","width":615,"height":142,"caption":"Quotidien La Sentinelle"},"image":{"@id":"https:\/\/lasentinelle.dz\/#\/schema\/logo\/image\/"},"sameAs":["https:\/\/www.facebook.com\/La-Sentinelle-104059864394773"]},{"@type":"Person","@id":"https:\/\/lasentinelle.dz\/#\/schema\/person\/729ee0024f24e0b8c5ec17232f8e8b41","name":"admin","image":{"@type":"ImageObject","inLanguage":"fr-FR","@id":"https:\/\/secure.gravatar.com\/avatar\/4c81fed838786e9b53f540bf46533e750f5d292099ae3b66cfc6fb1982e29df7?s=96&d=mm&r=g","url":"https:\/\/secure.gravatar.com\/avatar\/4c81fed838786e9b53f540bf46533e750f5d292099ae3b66cfc6fb1982e29df7?s=96&d=mm&r=g","contentUrl":"https:\/\/secure.gravatar.com\/avatar\/4c81fed838786e9b53f540bf46533e750f5d292099ae3b66cfc6fb1982e29df7?s=96&d=mm&r=g","caption":"admin"},"description":"admin","url":"https:\/\/lasentinelle.dz\/author\/admin\/"}]}},"_links":{"self":[{"href":"https:\/\/lasentinelle.dz\/index.php\/wp-json\/wp\/v2\/posts\/95009","targetHints":{"allow":["GET"]}}],"collection":[{"href":"https:\/\/lasentinelle.dz\/index.php\/wp-json\/wp\/v2\/posts"}],"about":[{"href":"https:\/\/lasentinelle.dz\/index.php\/wp-json\/wp\/v2\/types\/post"}],"author":[{"embeddable":true,"href":"https:\/\/lasentinelle.dz\/index.php\/wp-json\/wp\/v2\/users\/6"}],"replies":[{"embeddable":true,"href":"https:\/\/lasentinelle.dz\/index.php\/wp-json\/wp\/v2\/comments?post=95009"}],"version-history":[{"count":1,"href":"https:\/\/lasentinelle.dz\/index.php\/wp-json\/wp\/v2\/posts\/95009\/revisions"}],"predecessor-version":[{"id":95010,"href":"https:\/\/lasentinelle.dz\/index.php\/wp-json\/wp\/v2\/posts\/95009\/revisions\/95010"}],"wp:featuredmedia":[{"embeddable":true,"href":"https:\/\/lasentinelle.dz\/index.php\/wp-json\/wp\/v2\/media\/57494"}],"wp:attachment":[{"href":"https:\/\/lasentinelle.dz\/index.php\/wp-json\/wp\/v2\/media?parent=95009"}],"wp:term":[{"taxonomy":"category","embeddable":true,"href":"https:\/\/lasentinelle.dz\/index.php\/wp-json\/wp\/v2\/categories?post=95009"},{"taxonomy":"post_tag","embeddable":true,"href":"https:\/\/lasentinelle.dz\/index.php\/wp-json\/wp\/v2\/tags?post=95009"}],"curies":[{"name":"wp","href":"https:\/\/api.w.org\/{rel}","templated":true}]}}