{"id":95020,"date":"2026-09-05T22:06:04","date_gmt":"2026-09-05T21:06:04","guid":{"rendered":"https:\/\/lasentinelle.dz\/?p=95020"},"modified":"2026-09-05T22:06:11","modified_gmt":"2026-09-05T21:06:11","slug":"succession-de-petkovic-a-la-tete-de-len-la-faf-a-tranche","status":"publish","type":"post","link":"https:\/\/lasentinelle.dz\/index.php\/2026\/09\/05\/succession-de-petkovic-a-la-tete-de-len-la-faf-a-tranche\/","title":{"rendered":"Succession de Petkovic \u00e0 la t\u00eate de l&rsquo;EN\u00a0: La FAF a tranch\u00e9"},"content":{"rendered":"\n<p class=\"wp-block-paragraph\">R\u00e9uni ce samedi au Centre technique national de Sidi Moussa, le Bureau f\u00e9d\u00e9ral de la F\u00e9d\u00e9ration alg\u00e9rienne de football (FAF) a mis fin au suspense entourant la succession de Vladimir Petkovic. L&rsquo;ancien international Brahim Hemdani devient le nouveau s\u00e9lectionneur de l&rsquo;\u00e9quipe nationale A, \u00e9paul\u00e9 par Antar Yahia comme adjoint et Moussa Sa\u00efb comme manager g\u00e9n\u00e9ral, dans l&rsquo;optique des qualifications de la CAN 2027.<\/p>\n\n\n\n<p class=\"wp-block-paragraph\">Le Bureau f\u00e9d\u00e9ral de la F\u00e9d\u00e9ration alg\u00e9rienne de football, r\u00e9uni ce samedi en session ordinaire au Centre technique national de Sidi Moussa, a d\u00e9sign\u00e9 Brahim Hemdani pour conduire la s\u00e9lection nationale A, en remplacement du technicien bosnien Vladimir Petkovic, dont le contrat avait \u00e9t\u00e9 r\u00e9sili\u00e9 \u00e0 l&rsquo;amiable d\u00e9but ao\u00fbt, quelques semaines apr\u00e8s l&rsquo;\u00e9limination des Verts par la Suisse (0-2) en seizi\u00e8mes de finale de la Coupe du monde 2026.<\/p>\n\n\n\n<p class=\"wp-block-paragraph\"><strong>Un trio d&rsquo;anciens Verts aux commandes<\/strong><\/p>\n\n\n\n<p class=\"wp-block-paragraph\">\u00c2g\u00e9 de 48 ans, l&rsquo;ancien milieu d\u00e9fensif de l&rsquo;Olympique de Marseille et des Glasgow Rangers ne dispose pas d&rsquo;un long parcours sur les bancs de touche, mais son profil s\u00e9duit l&rsquo;instance f\u00e9d\u00e9rale, qui y voit des similitudes avec celui de Djamel Belmadi au moment de sa nomination. Hemdani sortait tout juste d&rsquo;une premi\u00e8re exp\u00e9rience r\u00e9ussie \u00e0 la t\u00eate de l&rsquo;\u00e9quipe nationale des moins de 21 ans, qu&rsquo;il avait men\u00e9e au titre lors du tournoi de football des Jeux m\u00e9diterran\u00e9ens de Tarente 2026, en dominant la Tunisie en finale (2-0).<\/p>\n\n\n\n<p class=\"wp-block-paragraph\">Pour l&rsquo;accompagner dans cette nouvelle mission, la FAF a constitu\u00e9 un encadrement enti\u00e8rement compos\u00e9 d&rsquo;anciens internationaux. Antar Yahia occupera le poste d&rsquo;entra\u00eeneur adjoint, tandis que Moussa Sa\u00efb prendra en charge le management g\u00e9n\u00e9ral de la s\u00e9lection. Le reste du staff technique a \u00e9galement \u00e9t\u00e9 pr\u00e9cis\u00e9. Nacerddine Berarma s&rsquo;occupera de l&rsquo;entra\u00eenement des gardiens de but, et Nacer Daineche assurera la pr\u00e9paration physique du groupe. Trois figures marquantes de diff\u00e9rentes g\u00e9n\u00e9rations du football alg\u00e9rien se retrouvent ainsi r\u00e9unies autour d&rsquo;un m\u00eame projet, celui de pr\u00e9parer les Verts aux prochaines \u00e9ch\u00e9ances internationales.<\/p>\n\n\n\n<p class=\"wp-block-paragraph\"><strong>Une nomination \u00e0 titre provisoire<\/strong><\/p>\n\n\n\n<p class=\"wp-block-paragraph\">Si la d\u00e9cision du Bureau f\u00e9d\u00e9ral est act\u00e9e, elle n&rsquo;a toutefois pas la forme d&rsquo;un engagement d\u00e9finitif. Selon plusieurs sources proches du dossier, la FAF a opt\u00e9 pour une nomination \u00e0 titre provisoire, se r\u00e9servant le droit d&rsquo;\u00e9valuer les premiers r\u00e9sultats du nouveau staff avant de statuer sur une \u00e9ventuelle titularisation. Cette prudence intervient apr\u00e8s l&rsquo;\u00e9chec des tentatives de la f\u00e9d\u00e9ration de s&rsquo;attacher les services d&rsquo;un entra\u00eeneur \u00e9tranger de renom pour prendre la suite de Petkovic, des n\u00e9gociations qui n&rsquo;ont finalement pas abouti.<\/p>\n\n\n\n<p class=\"wp-block-paragraph\">Par ailleurs, ce remaniement ne se limite pas \u00e0 la seule \u00e9quipe A. Le Bureau f\u00e9d\u00e9ral a \u00e9galement proc\u00e9d\u00e9 \u00e0 la promotion de Hocine El Orfi, d\u00e9sormais charg\u00e9 de la s\u00e9lection nationale des moins de 21 ans, un poste laiss\u00e9 vacant par la nomination de Hemdani \u00e0 la t\u00eate de l&rsquo;\u00e9quipe A.<\/p>\n\n\n\n<p class=\"wp-block-paragraph\"><strong>Objectif CAN 2027<\/strong><\/p>\n\n\n\n<p class=\"wp-block-paragraph\">La premi\u00e8re mission confi\u00e9e au nouveau s\u00e9lectionneur consiste \u00e0 pr\u00e9parer les Verts pour l&rsquo;entame des qualifications de la Coupe d&rsquo;Afrique des nations CAN-2027, dont le coup d&rsquo;envoi est pr\u00e9vu ce mois-ci. L&rsquo;Alg\u00e9rie disputera son premier match du groupe I face \u00e0 la Zambie, le vendredi 25 septembre au stade Hocine-A\u00eft-Ahmed de Tizi-Ouzou, \u00e0 20h00, avant de se d\u00e9placer \u00e0 Bujumbura pour y affronter le Burundi, le mardi 29 septembre \u00e0 14h00, selon le calendrier d\u00e9voil\u00e9 par la Conf\u00e9d\u00e9ration africaine de football. Un match amical face \u00e0 une s\u00e9lection africaine est \u00e9galement programm\u00e9 le 6 octobre \u00e0 Tizi-Ouzou, en cl\u00f4ture de cette premi\u00e8re fen\u00eatre internationale.<\/p>\n\n\n\n<p class=\"wp-block-paragraph\">Ces qualifications, qui r\u00e9uniront 48 s\u00e9lections r\u00e9parties en douze groupes de quatre \u00e9quipes, se d\u00e9rouleront sur six journ\u00e9es disput\u00e9es en matches aller-retour, entre septembre 2026 et mars 2027. \u00c0 l&rsquo;issue de la phase de groupes, les deux premi\u00e8res \u00e9quipes de chaque poule ne comprenant pas de pays h\u00f4te valideront leur billet pour la phase finale. Les trois pays organisateurs de la CAN-2027 \u2014 le Kenya, la Tanzanie et l&rsquo;Ouganda \u2014 sont d&rsquo;ores et d\u00e9j\u00e0 qualifi\u00e9s d&rsquo;office, une place suppl\u00e9mentaire \u00e9tant n\u00e9anmoins accessible dans leurs groupes respectifs. La comp\u00e9tition continentale se tiendra du 19 juin au 17 juillet 2027 dans ces trois pays est-africains.<\/p>\n\n\n\n<p class=\"wp-block-paragraph\">En misant sur un staff exclusivement alg\u00e9rien, connaissant intimement les rouages de la s\u00e9lection nationale, la FAF affiche sa volont\u00e9 de conjuguer continuit\u00e9 et enracinement identitaire pour amorcer ce nouveau cycle, tout en assumant la part de pari que repr\u00e9sente le choix d&rsquo;un technicien encore peu exp\u00e9riment\u00e9 \u00e0 ce niveau de responsabilit\u00e9.<\/p>\n\n\n\n<p class=\"wp-block-paragraph\">Moncef Dahleb<\/p>\n","protected":false},"excerpt":{"rendered":"<p>R\u00e9uni ce samedi au Centre technique national de Sidi Moussa, le Bureau f\u00e9d\u00e9ral de la F\u00e9d\u00e9ration alg\u00e9rienne de football (FAF)<\/p>\n","protected":false},"author":6,"featured_media":95021,"comment_status":"open","ping_status":"closed","sticky":false,"template":"","format":"standard","meta":{"colormag_page_container_layout":"default_layout","colormag_page_sidebar_layout":"default_layout","om_disable_all_campaigns":false,"_monsterinsights_skip_tracking":false,"footnotes":"","_wpscppro_dont_share_socialmedia":false,"_wpscppro_custom_social_share_image":0,"_facebook_share_type":"default","_twitter_share_type":"default","_linkedin_share_type":"default","_pinterest_share_type":"default","_linkedin_share_type_page":"","_instagram_share_type":"default","_medium_share_type":"default","_threads_share_type":"default","_google_business_share_type":"default","_bluesky_share_type":"default","_mastodon_share_type":"default","_selected_social_profile":[],"_wpsp_enable_custom_social_template":false,"_wpsp_social_scheduling":{"enabled":false,"datetime":null,"platforms":[],"status":"template_only","dateOption":"today","timeOption":"now","customDays":"","customHours":"","customDate":"","customTime":"","schedulingType":"absolute"},"_wpsp_active_default_template":true},"categories":[52,33],"tags":[],"class_list":["post-95020","post","type-post","status-publish","format-standard","has-post-thumbnail","hentry","category-a-la-une","category-sports"],"aioseo_notices":[],"aioseo_head":"\n\t\t<!-- All in One SEO 5.0.0.1 - aioseo.com -->\n\t<meta name=\"description\" content=\"R\u00e9uni ce samedi au Centre technique national de Sidi Moussa, le Bureau f\u00e9d\u00e9ral de la F\u00e9d\u00e9ration alg\u00e9rienne de football (FAF) a mis fin au suspense entourant la succession de Vladimir Petkovic. L&#039;ancien international Brahim Hemdani devient le nouveau s\u00e9lectionneur de l&#039;\u00e9quipe nationale A, \u00e9paul\u00e9 par Antar Yahia comme adjoint et Moussa Sa\u00efb comme manager g\u00e9n\u00e9ral,\" \/>\n\t<meta name=\"robots\" content=\"max-image-preview:large\" \/>\n\t<meta name=\"author\" content=\"admin\"\/>\n\t<link rel=\"canonical\" href=\"https:\/\/lasentinelle.dz\/index.php\/2026\/09\/05\/succession-de-petkovic-a-la-tete-de-len-la-faf-a-tranche\/\" \/>\n\t<meta name=\"generator\" content=\"All in One SEO (AIOSEO) 5.0.0.1\" \/>\n\t\t<meta property=\"og:locale\" content=\"fr_FR\" \/>\n\t\t<meta property=\"og:site_name\" content=\"La Sentinelle - Quotidien national d&#039;information\" \/>\n\t\t<meta property=\"og:type\" content=\"article\" \/>\n\t\t<meta property=\"og:title\" content=\"Succession de Petkovic \u00e0 la t\u00eate de l\u2019EN : La FAF a tranch\u00e9 - La Sentinelle\" \/>\n\t\t<meta property=\"og:description\" content=\"R\u00e9uni ce samedi au Centre technique national de Sidi Moussa, le Bureau f\u00e9d\u00e9ral de la F\u00e9d\u00e9ration alg\u00e9rienne de football (FAF) a mis fin au suspense entourant la succession de Vladimir Petkovic. L&#039;ancien international Brahim Hemdani devient le nouveau s\u00e9lectionneur de l&#039;\u00e9quipe nationale A, \u00e9paul\u00e9 par Antar Yahia comme adjoint et Moussa Sa\u00efb comme manager g\u00e9n\u00e9ral,\" \/>\n\t\t<meta property=\"og:url\" content=\"https:\/\/lasentinelle.dz\/index.php\/2026\/09\/05\/succession-de-petkovic-a-la-tete-de-len-la-faf-a-tranche\/\" \/>\n\t\t<meta property=\"og:image\" content=\"https:\/\/lasentinelle.dz\/wp-content\/uploads\/2021\/09\/cropped-la-sentinelle-earth-golden-anima-5.gif\" \/>\n\t\t<meta property=\"og:image:secure_url\" content=\"https:\/\/lasentinelle.dz\/wp-content\/uploads\/2021\/09\/cropped-la-sentinelle-earth-golden-anima-5.gif\" \/>\n\t\t<meta property=\"og:image:width\" content=\"450\" \/>\n\t\t<meta property=\"og:image:height\" content=\"213\" \/>\n\t\t<meta property=\"article:published_time\" content=\"2026-09-05T21:06:04+00:00\" \/>\n\t\t<meta property=\"article:modified_time\" content=\"2026-09-05T21:06:11+00:00\" \/>\n\t\t<meta property=\"article:publisher\" content=\"https:\/\/www.facebook.com\/azzedine.lasentinelle.1\" \/>\n\t\t<meta name=\"twitter:card\" content=\"summary_large_image\" \/>\n\t\t<meta name=\"twitter:title\" content=\"Succession de Petkovic \u00e0 la t\u00eate de l\u2019EN : La FAF a tranch\u00e9 - La Sentinelle\" \/>\n\t\t<meta name=\"twitter:description\" content=\"R\u00e9uni ce samedi au Centre technique national de Sidi Moussa, le Bureau f\u00e9d\u00e9ral de la F\u00e9d\u00e9ration alg\u00e9rienne de football (FAF) a mis fin au suspense entourant la succession de Vladimir Petkovic. L&#039;ancien international Brahim Hemdani devient le nouveau s\u00e9lectionneur de l&#039;\u00e9quipe nationale A, \u00e9paul\u00e9 par Antar Yahia comme adjoint et Moussa Sa\u00efb comme manager g\u00e9n\u00e9ral,\" \/>\n\t\t<meta name=\"twitter:image\" content=\"https:\/\/lasentinelle.dz\/wp-content\/uploads\/2021\/09\/cropped-la-sentinelle-earth-golden-anima-5.gif\" \/>\n\t\t<script type=\"application\/ld+json\" class=\"aioseo-schema\">\n\t\t\t{\"@context\":\"https:\\\/\\\/schema.org\",\"@graph\":[{\"@type\":\"BlogPosting\",\"@id\":\"https:\\\/\\\/lasentinelle.dz\\\/index.php\\\/2026\\\/09\\\/05\\\/succession-de-petkovic-a-la-tete-de-len-la-faf-a-tranche\\\/#blogposting\",\"name\":\"Succession de Petkovic \\u00e0 la t\\u00eate de l\\u2019EN : La FAF a tranch\\u00e9 - La Sentinelle\",\"headline\":\"Succession de Petkovic \\u00e0 la t\\u00eate de l&rsquo;EN\\u00a0: La FAF a tranch\\u00e9\",\"author\":{\"@id\":\"https:\\\/\\\/lasentinelle.dz\\\/author\\\/admin\\\/#author\"},\"publisher\":{\"@id\":\"https:\\\/\\\/lasentinelle.dz\\\/#organization\"},\"image\":{\"@type\":\"ImageObject\",\"url\":\"https:\\\/\\\/lasentinelle.dz\\\/wp-content\\\/uploads\\\/2026\\\/09\\\/faf-scaled.jpg\",\"width\":2560,\"height\":1831},\"datePublished\":\"2026-09-05T22:06:04+01:00\",\"dateModified\":\"2026-09-05T22:06:11+01:00\",\"inLanguage\":\"fr-FR\",\"mainEntityOfPage\":{\"@id\":\"https:\\\/\\\/lasentinelle.dz\\\/index.php\\\/2026\\\/09\\\/05\\\/succession-de-petkovic-a-la-tete-de-len-la-faf-a-tranche\\\/#webpage\"},\"isPartOf\":{\"@id\":\"https:\\\/\\\/lasentinelle.dz\\\/index.php\\\/2026\\\/09\\\/05\\\/succession-de-petkovic-a-la-tete-de-len-la-faf-a-tranche\\\/#webpage\"},\"articleSection\":\"\\u00c0 la Une, Sports\"},{\"@type\":\"BreadcrumbList\",\"@id\":\"https:\\\/\\\/lasentinelle.dz\\\/index.php\\\/2026\\\/09\\\/05\\\/succession-de-petkovic-a-la-tete-de-len-la-faf-a-tranche\\\/#breadcrumblist\",\"itemListElement\":[{\"@type\":\"ListItem\",\"@id\":\"https:\\\/\\\/lasentinelle.dz#listItem\",\"position\":1,\"name\":\"Home\",\"item\":\"https:\\\/\\\/lasentinelle.dz\",\"nextItem\":{\"@type\":\"ListItem\",\"@id\":\"https:\\\/\\\/lasentinelle.dz\\\/index.php\\\/category\\\/sports\\\/#listItem\",\"name\":\"Sports\"}},{\"@type\":\"ListItem\",\"@id\":\"https:\\\/\\\/lasentinelle.dz\\\/index.php\\\/category\\\/sports\\\/#listItem\",\"position\":2,\"name\":\"Sports\",\"item\":\"https:\\\/\\\/lasentinelle.dz\\\/index.php\\\/category\\\/sports\\\/\",\"nextItem\":{\"@type\":\"ListItem\",\"@id\":\"https:\\\/\\\/lasentinelle.dz\\\/index.php\\\/2026\\\/09\\\/05\\\/succession-de-petkovic-a-la-tete-de-len-la-faf-a-tranche\\\/#listItem\",\"name\":\"Succession de Petkovic \\u00e0 la t\\u00eate de l&rsquo;EN\\u00a0: La FAF a tranch\\u00e9\"},\"previousItem\":{\"@type\":\"ListItem\",\"@id\":\"https:\\\/\\\/lasentinelle.dz#listItem\",\"name\":\"Home\"}},{\"@type\":\"ListItem\",\"@id\":\"https:\\\/\\\/lasentinelle.dz\\\/index.php\\\/2026\\\/09\\\/05\\\/succession-de-petkovic-a-la-tete-de-len-la-faf-a-tranche\\\/#listItem\",\"position\":3,\"name\":\"Succession de Petkovic \\u00e0 la t\\u00eate de l&rsquo;EN\\u00a0: La FAF a tranch\\u00e9\",\"previousItem\":{\"@type\":\"ListItem\",\"@id\":\"https:\\\/\\\/lasentinelle.dz\\\/index.php\\\/category\\\/sports\\\/#listItem\",\"name\":\"Sports\"}}]},{\"@type\":\"Organization\",\"@id\":\"https:\\\/\\\/lasentinelle.dz\\\/#organization\",\"name\":\"La Sentinelle La Sentinelle\",\"description\":\"Quotidien national d'information\",\"url\":\"https:\\\/\\\/lasentinelle.dz\\\/\",\"logo\":{\"@type\":\"ImageObject\",\"url\":\"https:\\\/\\\/lasentinelle.dz\\\/wp-content\\\/uploads\\\/2021\\\/09\\\/cropped-la-sentinelle-earth-golden-anima-5.gif\",\"@id\":\"https:\\\/\\\/lasentinelle.dz\\\/index.php\\\/2026\\\/09\\\/05\\\/succession-de-petkovic-a-la-tete-de-len-la-faf-a-tranche\\\/#organizationLogo\",\"width\":450,\"height\":213},\"image\":{\"@id\":\"https:\\\/\\\/lasentinelle.dz\\\/index.php\\\/2026\\\/09\\\/05\\\/succession-de-petkovic-a-la-tete-de-len-la-faf-a-tranche\\\/#organizationLogo\"},\"sameAs\":[\"https:\\\/\\\/www.facebook.com\\\/azzedine.lasentinelle.1\"]},{\"@type\":\"Person\",\"@id\":\"https:\\\/\\\/lasentinelle.dz\\\/author\\\/admin\\\/#author\",\"url\":\"https:\\\/\\\/lasentinelle.dz\\\/author\\\/admin\\\/\",\"name\":\"admin\",\"image\":{\"@type\":\"ImageObject\",\"@id\":\"https:\\\/\\\/lasentinelle.dz\\\/index.php\\\/2026\\\/09\\\/05\\\/succession-de-petkovic-a-la-tete-de-len-la-faf-a-tranche\\\/#authorImage\",\"url\":\"https:\\\/\\\/secure.gravatar.com\\\/avatar\\\/4c81fed838786e9b53f540bf46533e750f5d292099ae3b66cfc6fb1982e29df7?s=96&d=mm&r=g\",\"width\":96,\"height\":96,\"caption\":\"admin\"}},{\"@type\":\"WebPage\",\"@id\":\"https:\\\/\\\/lasentinelle.dz\\\/index.php\\\/2026\\\/09\\\/05\\\/succession-de-petkovic-a-la-tete-de-len-la-faf-a-tranche\\\/#webpage\",\"url\":\"https:\\\/\\\/lasentinelle.dz\\\/index.php\\\/2026\\\/09\\\/05\\\/succession-de-petkovic-a-la-tete-de-len-la-faf-a-tranche\\\/\",\"name\":\"Succession de Petkovic \\u00e0 la t\\u00eate de l\\u2019EN : La FAF a tranch\\u00e9 - La Sentinelle\",\"description\":\"R\\u00e9uni ce samedi au Centre technique national de Sidi Moussa, le Bureau f\\u00e9d\\u00e9ral de la F\\u00e9d\\u00e9ration alg\\u00e9rienne de football (FAF) a mis fin au suspense entourant la succession de Vladimir Petkovic. L'ancien international Brahim Hemdani devient le nouveau s\\u00e9lectionneur de l'\\u00e9quipe nationale A, \\u00e9paul\\u00e9 par Antar Yahia comme adjoint et Moussa Sa\\u00efb comme manager g\\u00e9n\\u00e9ral,\",\"inLanguage\":\"fr-FR\",\"isPartOf\":{\"@id\":\"https:\\\/\\\/lasentinelle.dz\\\/#website\"},\"breadcrumb\":{\"@id\":\"https:\\\/\\\/lasentinelle.dz\\\/index.php\\\/2026\\\/09\\\/05\\\/succession-de-petkovic-a-la-tete-de-len-la-faf-a-tranche\\\/#breadcrumblist\"},\"author\":{\"@id\":\"https:\\\/\\\/lasentinelle.dz\\\/author\\\/admin\\\/#author\"},\"creator\":{\"@id\":\"https:\\\/\\\/lasentinelle.dz\\\/author\\\/admin\\\/#author\"},\"image\":{\"@type\":\"ImageObject\",\"url\":\"https:\\\/\\\/lasentinelle.dz\\\/wp-content\\\/uploads\\\/2026\\\/09\\\/faf-scaled.jpg\",\"@id\":\"https:\\\/\\\/lasentinelle.dz\\\/index.php\\\/2026\\\/09\\\/05\\\/succession-de-petkovic-a-la-tete-de-len-la-faf-a-tranche\\\/#mainImage\",\"width\":2560,\"height\":1831},\"primaryImageOfPage\":{\"@id\":\"https:\\\/\\\/lasentinelle.dz\\\/index.php\\\/2026\\\/09\\\/05\\\/succession-de-petkovic-a-la-tete-de-len-la-faf-a-tranche\\\/#mainImage\"},\"datePublished\":\"2026-09-05T22:06:04+01:00\",\"dateModified\":\"2026-09-05T22:06:11+01:00\"},{\"@type\":\"WebSite\",\"@id\":\"https:\\\/\\\/lasentinelle.dz\\\/#website\",\"url\":\"https:\\\/\\\/lasentinelle.dz\\\/\",\"name\":\"La Sentinelle\",\"description\":\"Quotidien national d'information\",\"inLanguage\":\"fr-FR\",\"publisher\":{\"@id\":\"https:\\\/\\\/lasentinelle.dz\\\/#organization\"}}]}\n\t\t<\/script>\n\t\t<!-- All in One SEO -->\n\n","aioseo_head_json":{"title":"Succession de Petkovic \u00e0 la t\u00eate de l\u2019EN : La FAF a tranch\u00e9 - La Sentinelle","description":"R\u00e9uni ce samedi au Centre technique national de Sidi Moussa, le Bureau f\u00e9d\u00e9ral de la F\u00e9d\u00e9ration alg\u00e9rienne de football (FAF) a mis fin au suspense entourant la succession de Vladimir Petkovic. L'ancien international Brahim Hemdani devient le nouveau s\u00e9lectionneur de l'\u00e9quipe nationale A, \u00e9paul\u00e9 par Antar Yahia comme adjoint et Moussa Sa\u00efb comme manager g\u00e9n\u00e9ral,","canonical_url":"https:\/\/lasentinelle.dz\/index.php\/2026\/09\/05\/succession-de-petkovic-a-la-tete-de-len-la-faf-a-tranche\/","robots":"max-image-preview:large","keywords":"","webmasterTools":{"miscellaneous":""},"schema":{"@context":"https:\/\/schema.org","@graph":[{"@type":"BlogPosting","@id":"https:\/\/lasentinelle.dz\/index.php\/2026\/09\/05\/succession-de-petkovic-a-la-tete-de-len-la-faf-a-tranche\/#blogposting","name":"Succession de Petkovic \u00e0 la t\u00eate de l\u2019EN : La FAF a tranch\u00e9 - La Sentinelle","headline":"Succession de Petkovic \u00e0 la t\u00eate de l&rsquo;EN\u00a0: La FAF a tranch\u00e9","author":{"@id":"https:\/\/lasentinelle.dz\/author\/admin\/#author"},"publisher":{"@id":"https:\/\/lasentinelle.dz\/#organization"},"image":{"@type":"ImageObject","url":"https:\/\/lasentinelle.dz\/wp-content\/uploads\/2026\/09\/faf-scaled.jpg","width":2560,"height":1831},"datePublished":"2026-09-05T22:06:04+01:00","dateModified":"2026-09-05T22:06:11+01:00","inLanguage":"fr-FR","mainEntityOfPage":{"@id":"https:\/\/lasentinelle.dz\/index.php\/2026\/09\/05\/succession-de-petkovic-a-la-tete-de-len-la-faf-a-tranche\/#webpage"},"isPartOf":{"@id":"https:\/\/lasentinelle.dz\/index.php\/2026\/09\/05\/succession-de-petkovic-a-la-tete-de-len-la-faf-a-tranche\/#webpage"},"articleSection":"\u00c0 la Une, Sports"},{"@type":"BreadcrumbList","@id":"https:\/\/lasentinelle.dz\/index.php\/2026\/09\/05\/succession-de-petkovic-a-la-tete-de-len-la-faf-a-tranche\/#breadcrumblist","itemListElement":[{"@type":"ListItem","@id":"https:\/\/lasentinelle.dz#listItem","position":1,"name":"Home","item":"https:\/\/lasentinelle.dz","nextItem":{"@type":"ListItem","@id":"https:\/\/lasentinelle.dz\/index.php\/category\/sports\/#listItem","name":"Sports"}},{"@type":"ListItem","@id":"https:\/\/lasentinelle.dz\/index.php\/category\/sports\/#listItem","position":2,"name":"Sports","item":"https:\/\/lasentinelle.dz\/index.php\/category\/sports\/","nextItem":{"@type":"ListItem","@id":"https:\/\/lasentinelle.dz\/index.php\/2026\/09\/05\/succession-de-petkovic-a-la-tete-de-len-la-faf-a-tranche\/#listItem","name":"Succession de Petkovic \u00e0 la t\u00eate de l&rsquo;EN\u00a0: La FAF a tranch\u00e9"},"previousItem":{"@type":"ListItem","@id":"https:\/\/lasentinelle.dz#listItem","name":"Home"}},{"@type":"ListItem","@id":"https:\/\/lasentinelle.dz\/index.php\/2026\/09\/05\/succession-de-petkovic-a-la-tete-de-len-la-faf-a-tranche\/#listItem","position":3,"name":"Succession de Petkovic \u00e0 la t\u00eate de l&rsquo;EN\u00a0: La FAF a tranch\u00e9","previousItem":{"@type":"ListItem","@id":"https:\/\/lasentinelle.dz\/index.php\/category\/sports\/#listItem","name":"Sports"}}]},{"@type":"Organization","@id":"https:\/\/lasentinelle.dz\/#organization","name":"La Sentinelle La Sentinelle","description":"Quotidien national d'information","url":"https:\/\/lasentinelle.dz\/","logo":{"@type":"ImageObject","url":"https:\/\/lasentinelle.dz\/wp-content\/uploads\/2021\/09\/cropped-la-sentinelle-earth-golden-anima-5.gif","@id":"https:\/\/lasentinelle.dz\/index.php\/2026\/09\/05\/succession-de-petkovic-a-la-tete-de-len-la-faf-a-tranche\/#organizationLogo","width":450,"height":213},"image":{"@id":"https:\/\/lasentinelle.dz\/index.php\/2026\/09\/05\/succession-de-petkovic-a-la-tete-de-len-la-faf-a-tranche\/#organizationLogo"},"sameAs":["https:\/\/www.facebook.com\/azzedine.lasentinelle.1"]},{"@type":"Person","@id":"https:\/\/lasentinelle.dz\/author\/admin\/#author","url":"https:\/\/lasentinelle.dz\/author\/admin\/","name":"admin","image":{"@type":"ImageObject","@id":"https:\/\/lasentinelle.dz\/index.php\/2026\/09\/05\/succession-de-petkovic-a-la-tete-de-len-la-faf-a-tranche\/#authorImage","url":"https:\/\/secure.gravatar.com\/avatar\/4c81fed838786e9b53f540bf46533e750f5d292099ae3b66cfc6fb1982e29df7?s=96&d=mm&r=g","width":96,"height":96,"caption":"admin"}},{"@type":"WebPage","@id":"https:\/\/lasentinelle.dz\/index.php\/2026\/09\/05\/succession-de-petkovic-a-la-tete-de-len-la-faf-a-tranche\/#webpage","url":"https:\/\/lasentinelle.dz\/index.php\/2026\/09\/05\/succession-de-petkovic-a-la-tete-de-len-la-faf-a-tranche\/","name":"Succession de Petkovic \u00e0 la t\u00eate de l\u2019EN : La FAF a tranch\u00e9 - La Sentinelle","description":"R\u00e9uni ce samedi au Centre technique national de Sidi Moussa, le Bureau f\u00e9d\u00e9ral de la F\u00e9d\u00e9ration alg\u00e9rienne de football (FAF) a mis fin au suspense entourant la succession de Vladimir Petkovic. L'ancien international Brahim Hemdani devient le nouveau s\u00e9lectionneur de l'\u00e9quipe nationale A, \u00e9paul\u00e9 par Antar Yahia comme adjoint et Moussa Sa\u00efb comme manager g\u00e9n\u00e9ral,","inLanguage":"fr-FR","isPartOf":{"@id":"https:\/\/lasentinelle.dz\/#website"},"breadcrumb":{"@id":"https:\/\/lasentinelle.dz\/index.php\/2026\/09\/05\/succession-de-petkovic-a-la-tete-de-len-la-faf-a-tranche\/#breadcrumblist"},"author":{"@id":"https:\/\/lasentinelle.dz\/author\/admin\/#author"},"creator":{"@id":"https:\/\/lasentinelle.dz\/author\/admin\/#author"},"image":{"@type":"ImageObject","url":"https:\/\/lasentinelle.dz\/wp-content\/uploads\/2026\/09\/faf-scaled.jpg","@id":"https:\/\/lasentinelle.dz\/index.php\/2026\/09\/05\/succession-de-petkovic-a-la-tete-de-len-la-faf-a-tranche\/#mainImage","width":2560,"height":1831},"primaryImageOfPage":{"@id":"https:\/\/lasentinelle.dz\/index.php\/2026\/09\/05\/succession-de-petkovic-a-la-tete-de-len-la-faf-a-tranche\/#mainImage"},"datePublished":"2026-09-05T22:06:04+01:00","dateModified":"2026-09-05T22:06:11+01:00"},{"@type":"WebSite","@id":"https:\/\/lasentinelle.dz\/#website","url":"https:\/\/lasentinelle.dz\/","name":"La Sentinelle","description":"Quotidien national d'information","inLanguage":"fr-FR","publisher":{"@id":"https:\/\/lasentinelle.dz\/#organization"}}]},"og:locale":"fr_FR","og:site_name":"La Sentinelle - Quotidien national d'information","og:type":"article","og:title":"Succession de Petkovic \u00e0 la t\u00eate de l\u2019EN : La FAF a tranch\u00e9 - La Sentinelle","og:description":"R\u00e9uni ce samedi au Centre technique national de Sidi Moussa, le Bureau f\u00e9d\u00e9ral de la F\u00e9d\u00e9ration alg\u00e9rienne de football (FAF) a mis fin au suspense entourant la succession de Vladimir Petkovic. L'ancien international Brahim Hemdani devient le nouveau s\u00e9lectionneur de l'\u00e9quipe nationale A, \u00e9paul\u00e9 par Antar Yahia comme adjoint et Moussa Sa\u00efb comme manager g\u00e9n\u00e9ral,","og:url":"https:\/\/lasentinelle.dz\/index.php\/2026\/09\/05\/succession-de-petkovic-a-la-tete-de-len-la-faf-a-tranche\/","og:image":"https:\/\/lasentinelle.dz\/wp-content\/uploads\/2021\/09\/cropped-la-sentinelle-earth-golden-anima-5.gif","og:image:secure_url":"https:\/\/lasentinelle.dz\/wp-content\/uploads\/2021\/09\/cropped-la-sentinelle-earth-golden-anima-5.gif","og:image:width":450,"og:image:height":213,"article:published_time":"2026-09-05T21:06:04+00:00","article:modified_time":"2026-09-05T21:06:11+00:00","article:publisher":"https:\/\/www.facebook.com\/azzedine.lasentinelle.1","twitter:card":"summary_large_image","twitter:title":"Succession de Petkovic \u00e0 la t\u00eate de l\u2019EN : La FAF a tranch\u00e9 - La Sentinelle","twitter:description":"R\u00e9uni ce samedi au Centre technique national de Sidi Moussa, le Bureau f\u00e9d\u00e9ral de la F\u00e9d\u00e9ration alg\u00e9rienne de football (FAF) a mis fin au suspense entourant la succession de Vladimir Petkovic. L'ancien international Brahim Hemdani devient le nouveau s\u00e9lectionneur de l'\u00e9quipe nationale A, \u00e9paul\u00e9 par Antar Yahia comme adjoint et Moussa Sa\u00efb comme manager g\u00e9n\u00e9ral,","twitter:image":"https:\/\/lasentinelle.dz\/wp-content\/uploads\/2021\/09\/cropped-la-sentinelle-earth-golden-anima-5.gif"},"aioseo_meta_data":{"post_id":"95020","title":null,"description":null,"keywords":null,"keyphrases":{"focus":{"keyphrase":"","score":0,"analysis":{"keyphraseInTitle":{"score":0,"maxScore":9,"error":1}}},"additional":[]},"primary_term":null,"canonical_url":null,"og_title":null,"og_description":null,"og_object_type":"default","og_image_type":"default","og_image_url":null,"og_image_width":null,"og_image_height":null,"og_image_custom_url":null,"og_image_custom_fields":null,"og_video":"","og_custom_url":null,"og_article_section":null,"og_article_tags":null,"twitter_use_og":false,"twitter_card":"default","twitter_image_type":"default","twitter_image_url":null,"twitter_image_custom_url":null,"twitter_image_custom_fields":null,"twitter_title":null,"twitter_description":null,"schema":{"blockGraphs":[],"customGraphs":[],"default":{"data":{"Article":[],"Course":[],"Dataset":[],"FAQPage":[],"Movie":[],"Person":[],"Product":[],"ProductReview":[],"Car":[],"Recipe":[],"Service":[],"SoftwareApplication":[],"WebPage":[]},"graphName":"BlogPosting","isEnabled":true},"graphs":[]},"schema_type":"default","schema_type_options":null,"pillar_content":false,"robots_default":true,"robots_noindex":false,"robots_noarchive":false,"robots_nosnippet":false,"robots_nofollow":false,"robots_noimageindex":false,"robots_noodp":false,"robots_notranslate":false,"robots_max_snippet":"-1","robots_max_videopreview":"-1","robots_max_imagepreview":"large","priority":null,"frequency":"default","local_seo":null,"breadcrumb_settings":null,"limit_modified_date":false,"ai":{"faqs":[],"keyPoints":[],"schemas":[],"titles":[],"descriptions":[],"socialPosts":{"email":{"subject":"","preview":"","content":""},"linkedin":[],"twitter":[],"facebook":[],"instagram":[]}},"created":"2026-09-05 21:06:12","updated":"2026-09-05 22:14:56","focus_keyword":null,"additional_keywords":null,"truseo_locale":null,"seo_analyzer_scan_date":null},"aioseo_breadcrumb":"<div class=\"aioseo-breadcrumbs\"><span class=\"aioseo-breadcrumb\">\n\t\t\t<a href=\"https:\/\/lasentinelle.dz\" title=\"Home\">Home<\/a>\n\t\t<\/span><span class=\"aioseo-breadcrumb-separator\">&raquo;<\/span><span class=\"aioseo-breadcrumb\">\n\t\t\t<a href=\"https:\/\/lasentinelle.dz\/index.php\/category\/sports\/\" title=\"Sports\">Sports<\/a>\n\t\t<\/span><span class=\"aioseo-breadcrumb-separator\">&raquo;<\/span><span class=\"aioseo-breadcrumb\">\n\t\t\tSuccession de Petkovic \u00e0 la t\u00eate de l\u2019EN : La FAF a tranch\u00e9\n\t\t<\/span><\/div>","aioseo_breadcrumb_json":[{"label":"Home","link":"https:\/\/lasentinelle.dz"},{"label":"Sports","link":"https:\/\/lasentinelle.dz\/index.php\/category\/sports\/"},{"label":"Succession de Petkovic \u00e0 la t\u00eate de l&rsquo;EN\u00a0: La FAF a tranch\u00e9","link":"https:\/\/lasentinelle.dz\/index.php\/2026\/09\/05\/succession-de-petkovic-a-la-tete-de-len-la-faf-a-tranche\/"}],"yoast_head":"<!-- This site is optimized with the Yoast SEO plugin v28.4 - https:\/\/yoast.com\/product\/yoast-seo-wordpress\/ -->\n<title>Succession de Petkovic \u00e0 la t\u00eate de l&rsquo;EN\u00a0: La FAF a tranch\u00e9 - La Sentinelle<\/title>\n<meta name=\"robots\" content=\"index, follow, max-snippet:-1, max-image-preview:large, max-video-preview:-1\" \/>\n<link rel=\"canonical\" href=\"https:\/\/lasentinelle.dz\/index.php\/2026\/09\/05\/succession-de-petkovic-a-la-tete-de-len-la-faf-a-tranche\/\" \/>\n<meta property=\"og:locale\" content=\"fr_FR\" \/>\n<meta property=\"og:type\" content=\"article\" \/>\n<meta property=\"og:title\" content=\"Succession de Petkovic \u00e0 la t\u00eate de l&rsquo;EN\u00a0: La FAF a tranch\u00e9 - La Sentinelle\" \/>\n<meta property=\"og:description\" content=\"R\u00e9uni ce samedi au Centre technique national de Sidi Moussa, le Bureau f\u00e9d\u00e9ral de la F\u00e9d\u00e9ration alg\u00e9rienne de football (FAF)\" \/>\n<meta property=\"og:url\" content=\"https:\/\/lasentinelle.dz\/index.php\/2026\/09\/05\/succession-de-petkovic-a-la-tete-de-len-la-faf-a-tranche\/\" \/>\n<meta property=\"og:site_name\" content=\"La Sentinelle\" \/>\n<meta property=\"article:publisher\" content=\"https:\/\/www.facebook.com\/La-Sentinelle-104059864394773\" \/>\n<meta property=\"article:published_time\" content=\"2026-09-05T21:06:04+00:00\" \/>\n<meta property=\"article:modified_time\" content=\"2026-09-05T21:06:11+00:00\" \/>\n<meta property=\"og:image\" content=\"https:\/\/lasentinelle.dz\/wp-content\/uploads\/2026\/09\/faf-scaled.jpg\" \/>\n\t<meta property=\"og:image:width\" content=\"2560\" \/>\n\t<meta property=\"og:image:height\" content=\"1831\" \/>\n\t<meta property=\"og:image:type\" content=\"image\/jpeg\" \/>\n<meta name=\"author\" content=\"admin\" \/>\n<meta name=\"twitter:card\" content=\"summary_large_image\" \/>\n<meta name=\"twitter:label1\" content=\"\u00c9crit par\" \/>\n\t<meta name=\"twitter:data1\" content=\"admin\" \/>\n\t<meta name=\"twitter:label2\" content=\"Dur\u00e9e de lecture estim\u00e9e\" \/>\n\t<meta name=\"twitter:data2\" content=\"4 minutes\" \/>\n<script type=\"application\/ld+json\" class=\"yoast-schema-graph\">{\"@context\":\"https:\\\/\\\/schema.org\",\"@graph\":[{\"@type\":\"Article\",\"@id\":\"https:\\\/\\\/lasentinelle.dz\\\/index.php\\\/2026\\\/09\\\/05\\\/succession-de-petkovic-a-la-tete-de-len-la-faf-a-tranche\\\/#article\",\"isPartOf\":{\"@id\":\"https:\\\/\\\/lasentinelle.dz\\\/index.php\\\/2026\\\/09\\\/05\\\/succession-de-petkovic-a-la-tete-de-len-la-faf-a-tranche\\\/\"},\"author\":{\"name\":\"admin\",\"@id\":\"https:\\\/\\\/lasentinelle.dz\\\/#\\\/schema\\\/person\\\/729ee0024f24e0b8c5ec17232f8e8b41\"},\"headline\":\"Succession de Petkovic \u00e0 la t\u00eate de l&rsquo;EN\u00a0: La FAF a tranch\u00e9\",\"datePublished\":\"2026-09-05T21:06:04+00:00\",\"dateModified\":\"2026-09-05T21:06:11+00:00\",\"mainEntityOfPage\":{\"@id\":\"https:\\\/\\\/lasentinelle.dz\\\/index.php\\\/2026\\\/09\\\/05\\\/succession-de-petkovic-a-la-tete-de-len-la-faf-a-tranche\\\/\"},\"wordCount\":837,\"commentCount\":0,\"publisher\":{\"@id\":\"https:\\\/\\\/lasentinelle.dz\\\/#organization\"},\"image\":{\"@id\":\"https:\\\/\\\/lasentinelle.dz\\\/index.php\\\/2026\\\/09\\\/05\\\/succession-de-petkovic-a-la-tete-de-len-la-faf-a-tranche\\\/#primaryimage\"},\"thumbnailUrl\":\"https:\\\/\\\/lasentinelle.dz\\\/wp-content\\\/uploads\\\/2026\\\/09\\\/faf-scaled.jpg\",\"articleSection\":[\"\u00c0 la Une\",\"Sports\"],\"inLanguage\":\"fr-FR\",\"potentialAction\":[{\"@type\":\"CommentAction\",\"name\":\"Comment\",\"target\":[\"https:\\\/\\\/lasentinelle.dz\\\/index.php\\\/2026\\\/09\\\/05\\\/succession-de-petkovic-a-la-tete-de-len-la-faf-a-tranche\\\/#respond\"]}]},{\"@type\":\"WebPage\",\"@id\":\"https:\\\/\\\/lasentinelle.dz\\\/index.php\\\/2026\\\/09\\\/05\\\/succession-de-petkovic-a-la-tete-de-len-la-faf-a-tranche\\\/\",\"url\":\"https:\\\/\\\/lasentinelle.dz\\\/index.php\\\/2026\\\/09\\\/05\\\/succession-de-petkovic-a-la-tete-de-len-la-faf-a-tranche\\\/\",\"name\":\"Succession de Petkovic \u00e0 la t\u00eate de l&rsquo;EN\u00a0: La FAF a tranch\u00e9 - La Sentinelle\",\"isPartOf\":{\"@id\":\"https:\\\/\\\/lasentinelle.dz\\\/#website\"},\"primaryImageOfPage\":{\"@id\":\"https:\\\/\\\/lasentinelle.dz\\\/index.php\\\/2026\\\/09\\\/05\\\/succession-de-petkovic-a-la-tete-de-len-la-faf-a-tranche\\\/#primaryimage\"},\"image\":{\"@id\":\"https:\\\/\\\/lasentinelle.dz\\\/index.php\\\/2026\\\/09\\\/05\\\/succession-de-petkovic-a-la-tete-de-len-la-faf-a-tranche\\\/#primaryimage\"},\"thumbnailUrl\":\"https:\\\/\\\/lasentinelle.dz\\\/wp-content\\\/uploads\\\/2026\\\/09\\\/faf-scaled.jpg\",\"datePublished\":\"2026-09-05T21:06:04+00:00\",\"dateModified\":\"2026-09-05T21:06:11+00:00\",\"breadcrumb\":{\"@id\":\"https:\\\/\\\/lasentinelle.dz\\\/index.php\\\/2026\\\/09\\\/05\\\/succession-de-petkovic-a-la-tete-de-len-la-faf-a-tranche\\\/#breadcrumb\"},\"inLanguage\":\"fr-FR\",\"potentialAction\":[{\"@type\":\"ReadAction\",\"target\":[\"https:\\\/\\\/lasentinelle.dz\\\/index.php\\\/2026\\\/09\\\/05\\\/succession-de-petkovic-a-la-tete-de-len-la-faf-a-tranche\\\/\"]}]},{\"@type\":\"ImageObject\",\"inLanguage\":\"fr-FR\",\"@id\":\"https:\\\/\\\/lasentinelle.dz\\\/index.php\\\/2026\\\/09\\\/05\\\/succession-de-petkovic-a-la-tete-de-len-la-faf-a-tranche\\\/#primaryimage\",\"url\":\"https:\\\/\\\/lasentinelle.dz\\\/wp-content\\\/uploads\\\/2026\\\/09\\\/faf-scaled.jpg\",\"contentUrl\":\"https:\\\/\\\/lasentinelle.dz\\\/wp-content\\\/uploads\\\/2026\\\/09\\\/faf-scaled.jpg\",\"width\":2560,\"height\":1831},{\"@type\":\"BreadcrumbList\",\"@id\":\"https:\\\/\\\/lasentinelle.dz\\\/index.php\\\/2026\\\/09\\\/05\\\/succession-de-petkovic-a-la-tete-de-len-la-faf-a-tranche\\\/#breadcrumb\",\"itemListElement\":[{\"@type\":\"ListItem\",\"position\":1,\"name\":\"Accueil\",\"item\":\"https:\\\/\\\/lasentinelle.dz\\\/\"},{\"@type\":\"ListItem\",\"position\":2,\"name\":\"Succession de Petkovic \u00e0 la t\u00eate de l&rsquo;EN\u00a0: La FAF a tranch\u00e9\"}]},{\"@type\":\"WebSite\",\"@id\":\"https:\\\/\\\/lasentinelle.dz\\\/#website\",\"url\":\"https:\\\/\\\/lasentinelle.dz\\\/\",\"name\":\"La Sentinelle\",\"description\":\"Quotidien national d&#039;information\",\"publisher\":{\"@id\":\"https:\\\/\\\/lasentinelle.dz\\\/#organization\"},\"potentialAction\":[{\"@type\":\"SearchAction\",\"target\":{\"@type\":\"EntryPoint\",\"urlTemplate\":\"https:\\\/\\\/lasentinelle.dz\\\/?s={search_term_string}\"},\"query-input\":{\"@type\":\"PropertyValueSpecification\",\"valueRequired\":true,\"valueName\":\"search_term_string\"}}],\"inLanguage\":\"fr-FR\"},{\"@type\":\"Organization\",\"@id\":\"https:\\\/\\\/lasentinelle.dz\\\/#organization\",\"name\":\"Quotidien La Sentinelle\",\"url\":\"https:\\\/\\\/lasentinelle.dz\\\/\",\"logo\":{\"@type\":\"ImageObject\",\"inLanguage\":\"fr-FR\",\"@id\":\"https:\\\/\\\/lasentinelle.dz\\\/#\\\/schema\\\/logo\\\/image\\\/\",\"url\":\"https:\\\/\\\/lasentinelle.dz\\\/wp-content\\\/uploads\\\/2021\\\/09\\\/logo-sentinelleSLOGAN-1.png\",\"contentUrl\":\"https:\\\/\\\/lasentinelle.dz\\\/wp-content\\\/uploads\\\/2021\\\/09\\\/logo-sentinelleSLOGAN-1.png\",\"width\":615,\"height\":142,\"caption\":\"Quotidien La Sentinelle\"},\"image\":{\"@id\":\"https:\\\/\\\/lasentinelle.dz\\\/#\\\/schema\\\/logo\\\/image\\\/\"},\"sameAs\":[\"https:\\\/\\\/www.facebook.com\\\/La-Sentinelle-104059864394773\"]},{\"@type\":\"Person\",\"@id\":\"https:\\\/\\\/lasentinelle.dz\\\/#\\\/schema\\\/person\\\/729ee0024f24e0b8c5ec17232f8e8b41\",\"name\":\"admin\",\"image\":{\"@type\":\"ImageObject\",\"inLanguage\":\"fr-FR\",\"@id\":\"https:\\\/\\\/secure.gravatar.com\\\/avatar\\\/4c81fed838786e9b53f540bf46533e750f5d292099ae3b66cfc6fb1982e29df7?s=96&d=mm&r=g\",\"url\":\"https:\\\/\\\/secure.gravatar.com\\\/avatar\\\/4c81fed838786e9b53f540bf46533e750f5d292099ae3b66cfc6fb1982e29df7?s=96&d=mm&r=g\",\"contentUrl\":\"https:\\\/\\\/secure.gravatar.com\\\/avatar\\\/4c81fed838786e9b53f540bf46533e750f5d292099ae3b66cfc6fb1982e29df7?s=96&d=mm&r=g\",\"caption\":\"admin\"},\"description\":\"admin\",\"url\":\"https:\\\/\\\/lasentinelle.dz\\\/author\\\/admin\\\/\"}]}<\/script>\n<!-- \/ Yoast SEO plugin. -->","yoast_head_json":{"title":"Succession de Petkovic \u00e0 la t\u00eate de l&rsquo;EN\u00a0: La FAF a tranch\u00e9 - La Sentinelle","robots":{"index":"index","follow":"follow","max-snippet":"max-snippet:-1","max-image-preview":"max-image-preview:large","max-video-preview":"max-video-preview:-1"},"canonical":"https:\/\/lasentinelle.dz\/index.php\/2026\/09\/05\/succession-de-petkovic-a-la-tete-de-len-la-faf-a-tranche\/","og_locale":"fr_FR","og_type":"article","og_title":"Succession de Petkovic \u00e0 la t\u00eate de l&rsquo;EN\u00a0: La FAF a tranch\u00e9 - La Sentinelle","og_description":"R\u00e9uni ce samedi au Centre technique national de Sidi Moussa, le Bureau f\u00e9d\u00e9ral de la F\u00e9d\u00e9ration alg\u00e9rienne de football (FAF)","og_url":"https:\/\/lasentinelle.dz\/index.php\/2026\/09\/05\/succession-de-petkovic-a-la-tete-de-len-la-faf-a-tranche\/","og_site_name":"La Sentinelle","article_publisher":"https:\/\/www.facebook.com\/La-Sentinelle-104059864394773","article_published_time":"2026-09-05T21:06:04+00:00","article_modified_time":"2026-09-05T21:06:11+00:00","og_image":[{"width":2560,"height":1831,"url":"https:\/\/lasentinelle.dz\/wp-content\/uploads\/2026\/09\/faf-scaled.jpg","type":"image\/jpeg"}],"author":"admin","twitter_card":"summary_large_image","twitter_misc":{"\u00c9crit par":"admin","Dur\u00e9e de lecture estim\u00e9e":"4 minutes"},"schema":{"@context":"https:\/\/schema.org","@graph":[{"@type":"Article","@id":"https:\/\/lasentinelle.dz\/index.php\/2026\/09\/05\/succession-de-petkovic-a-la-tete-de-len-la-faf-a-tranche\/#article","isPartOf":{"@id":"https:\/\/lasentinelle.dz\/index.php\/2026\/09\/05\/succession-de-petkovic-a-la-tete-de-len-la-faf-a-tranche\/"},"author":{"name":"admin","@id":"https:\/\/lasentinelle.dz\/#\/schema\/person\/729ee0024f24e0b8c5ec17232f8e8b41"},"headline":"Succession de Petkovic \u00e0 la t\u00eate de l&rsquo;EN\u00a0: La FAF a tranch\u00e9","datePublished":"2026-09-05T21:06:04+00:00","dateModified":"2026-09-05T21:06:11+00:00","mainEntityOfPage":{"@id":"https:\/\/lasentinelle.dz\/index.php\/2026\/09\/05\/succession-de-petkovic-a-la-tete-de-len-la-faf-a-tranche\/"},"wordCount":837,"commentCount":0,"publisher":{"@id":"https:\/\/lasentinelle.dz\/#organization"},"image":{"@id":"https:\/\/lasentinelle.dz\/index.php\/2026\/09\/05\/succession-de-petkovic-a-la-tete-de-len-la-faf-a-tranche\/#primaryimage"},"thumbnailUrl":"https:\/\/lasentinelle.dz\/wp-content\/uploads\/2026\/09\/faf-scaled.jpg","articleSection":["\u00c0 la Une","Sports"],"inLanguage":"fr-FR","potentialAction":[{"@type":"CommentAction","name":"Comment","target":["https:\/\/lasentinelle.dz\/index.php\/2026\/09\/05\/succession-de-petkovic-a-la-tete-de-len-la-faf-a-tranche\/#respond"]}]},{"@type":"WebPage","@id":"https:\/\/lasentinelle.dz\/index.php\/2026\/09\/05\/succession-de-petkovic-a-la-tete-de-len-la-faf-a-tranche\/","url":"https:\/\/lasentinelle.dz\/index.php\/2026\/09\/05\/succession-de-petkovic-a-la-tete-de-len-la-faf-a-tranche\/","name":"Succession de Petkovic \u00e0 la t\u00eate de l&rsquo;EN\u00a0: La FAF a tranch\u00e9 - La Sentinelle","isPartOf":{"@id":"https:\/\/lasentinelle.dz\/#website"},"primaryImageOfPage":{"@id":"https:\/\/lasentinelle.dz\/index.php\/2026\/09\/05\/succession-de-petkovic-a-la-tete-de-len-la-faf-a-tranche\/#primaryimage"},"image":{"@id":"https:\/\/lasentinelle.dz\/index.php\/2026\/09\/05\/succession-de-petkovic-a-la-tete-de-len-la-faf-a-tranche\/#primaryimage"},"thumbnailUrl":"https:\/\/lasentinelle.dz\/wp-content\/uploads\/2026\/09\/faf-scaled.jpg","datePublished":"2026-09-05T21:06:04+00:00","dateModified":"2026-09-05T21:06:11+00:00","breadcrumb":{"@id":"https:\/\/lasentinelle.dz\/index.php\/2026\/09\/05\/succession-de-petkovic-a-la-tete-de-len-la-faf-a-tranche\/#breadcrumb"},"inLanguage":"fr-FR","potentialAction":[{"@type":"ReadAction","target":["https:\/\/lasentinelle.dz\/index.php\/2026\/09\/05\/succession-de-petkovic-a-la-tete-de-len-la-faf-a-tranche\/"]}]},{"@type":"ImageObject","inLanguage":"fr-FR","@id":"https:\/\/lasentinelle.dz\/index.php\/2026\/09\/05\/succession-de-petkovic-a-la-tete-de-len-la-faf-a-tranche\/#primaryimage","url":"https:\/\/lasentinelle.dz\/wp-content\/uploads\/2026\/09\/faf-scaled.jpg","contentUrl":"https:\/\/lasentinelle.dz\/wp-content\/uploads\/2026\/09\/faf-scaled.jpg","width":2560,"height":1831},{"@type":"BreadcrumbList","@id":"https:\/\/lasentinelle.dz\/index.php\/2026\/09\/05\/succession-de-petkovic-a-la-tete-de-len-la-faf-a-tranche\/#breadcrumb","itemListElement":[{"@type":"ListItem","position":1,"name":"Accueil","item":"https:\/\/lasentinelle.dz\/"},{"@type":"ListItem","position":2,"name":"Succession de Petkovic \u00e0 la t\u00eate de l&rsquo;EN\u00a0: La FAF a tranch\u00e9"}]},{"@type":"WebSite","@id":"https:\/\/lasentinelle.dz\/#website","url":"https:\/\/lasentinelle.dz\/","name":"La Sentinelle","description":"Quotidien national d&#039;information","publisher":{"@id":"https:\/\/lasentinelle.dz\/#organization"},"potentialAction":[{"@type":"SearchAction","target":{"@type":"EntryPoint","urlTemplate":"https:\/\/lasentinelle.dz\/?s={search_term_string}"},"query-input":{"@type":"PropertyValueSpecification","valueRequired":true,"valueName":"search_term_string"}}],"inLanguage":"fr-FR"},{"@type":"Organization","@id":"https:\/\/lasentinelle.dz\/#organization","name":"Quotidien La Sentinelle","url":"https:\/\/lasentinelle.dz\/","logo":{"@type":"ImageObject","inLanguage":"fr-FR","@id":"https:\/\/lasentinelle.dz\/#\/schema\/logo\/image\/","url":"https:\/\/lasentinelle.dz\/wp-content\/uploads\/2021\/09\/logo-sentinelleSLOGAN-1.png","contentUrl":"https:\/\/lasentinelle.dz\/wp-content\/uploads\/2021\/09\/logo-sentinelleSLOGAN-1.png","width":615,"height":142,"caption":"Quotidien La Sentinelle"},"image":{"@id":"https:\/\/lasentinelle.dz\/#\/schema\/logo\/image\/"},"sameAs":["https:\/\/www.facebook.com\/La-Sentinelle-104059864394773"]},{"@type":"Person","@id":"https:\/\/lasentinelle.dz\/#\/schema\/person\/729ee0024f24e0b8c5ec17232f8e8b41","name":"admin","image":{"@type":"ImageObject","inLanguage":"fr-FR","@id":"https:\/\/secure.gravatar.com\/avatar\/4c81fed838786e9b53f540bf46533e750f5d292099ae3b66cfc6fb1982e29df7?s=96&d=mm&r=g","url":"https:\/\/secure.gravatar.com\/avatar\/4c81fed838786e9b53f540bf46533e750f5d292099ae3b66cfc6fb1982e29df7?s=96&d=mm&r=g","contentUrl":"https:\/\/secure.gravatar.com\/avatar\/4c81fed838786e9b53f540bf46533e750f5d292099ae3b66cfc6fb1982e29df7?s=96&d=mm&r=g","caption":"admin"},"description":"admin","url":"https:\/\/lasentinelle.dz\/author\/admin\/"}]}},"_links":{"self":[{"href":"https:\/\/lasentinelle.dz\/index.php\/wp-json\/wp\/v2\/posts\/95020","targetHints":{"allow":["GET"]}}],"collection":[{"href":"https:\/\/lasentinelle.dz\/index.php\/wp-json\/wp\/v2\/posts"}],"about":[{"href":"https:\/\/lasentinelle.dz\/index.php\/wp-json\/wp\/v2\/types\/post"}],"author":[{"embeddable":true,"href":"https:\/\/lasentinelle.dz\/index.php\/wp-json\/wp\/v2\/users\/6"}],"replies":[{"embeddable":true,"href":"https:\/\/lasentinelle.dz\/index.php\/wp-json\/wp\/v2\/comments?post=95020"}],"version-history":[{"count":2,"href":"https:\/\/lasentinelle.dz\/index.php\/wp-json\/wp\/v2\/posts\/95020\/revisions"}],"predecessor-version":[{"id":95023,"href":"https:\/\/lasentinelle.dz\/index.php\/wp-json\/wp\/v2\/posts\/95020\/revisions\/95023"}],"wp:featuredmedia":[{"embeddable":true,"href":"https:\/\/lasentinelle.dz\/index.php\/wp-json\/wp\/v2\/media\/95021"}],"wp:attachment":[{"href":"https:\/\/lasentinelle.dz\/index.php\/wp-json\/wp\/v2\/media?parent=95020"}],"wp:term":[{"taxonomy":"category","embeddable":true,"href":"https:\/\/lasentinelle.dz\/index.php\/wp-json\/wp\/v2\/categories?post=95020"},{"taxonomy":"post_tag","embeddable":true,"href":"https:\/\/lasentinelle.dz\/index.php\/wp-json\/wp\/v2\/tags?post=95020"}],"curies":[{"name":"wp","href":"https:\/\/api.w.org\/{rel}","templated":true}]}}