{"id":95024,"date":"2026-09-05T22:07:09","date_gmt":"2026-09-05T21:07:09","guid":{"rendered":"https:\/\/lasentinelle.dz\/?p=95024"},"modified":"2026-09-05T22:07:12","modified_gmt":"2026-09-05T21:07:12","slug":"constantine-la-protection-civile-densifie-son-maillage-territorial","status":"publish","type":"post","link":"https:\/\/lasentinelle.dz\/index.php\/2026\/09\/05\/constantine-la-protection-civile-densifie-son-maillage-territorial\/","title":{"rendered":"Constantine\u00a0: La Protection civile densifie son maillage territorial"},"content":{"rendered":"\n<p class=\"wp-block-paragraph\">\u00c0 Constantine, le renforcement du dispositif de la Protection civile se poursuit \u00e0 travers la cr\u00e9ation de nouvelles structures destin\u00e9es \u00e0 rapprocher les secours des zones \u00e0 forte fr\u00e9quentation et des secteurs connaissant une croissance urbaine importante. Le nouveau centre de secours routier de Massinissa s&rsquo;inscrit dans cette d\u00e9marche, avec un emplacement strat\u00e9gique \u00e0 l&rsquo;entr\u00e9e de cette agglom\u00e9ration de la commune d&rsquo;El Khroub, sur un axe routier particuli\u00e8rement fr\u00e9quent\u00e9. L&rsquo;infrastructure est appel\u00e9e \u00e0 renforcer la pr\u00e9sence op\u00e9rationnelle de la Protection civile sur la RN n\u00b03 et \u00e0 permettre une intervention plus rapide en cas d&rsquo;accident de la circulation. Le projet a franchi plusieurs \u00e9tapes avant son lancement. L&rsquo;\u00e9tude technique a \u00e9t\u00e9 achev\u00e9e en 2025 et une enveloppe de 5 milliards de centimes a \u00e9t\u00e9 inscrite au titre de l&rsquo;exercice budg\u00e9taire 2026. L&rsquo;ordre de service marquant le d\u00e9but officiel des travaux a \u00e9t\u00e9 d\u00e9livr\u00e9 le 13 juillet dernier. Mais au-del\u00e0 de Massinissa, c&rsquo;est tout le maillage territorial des secours qui est appel\u00e9 \u00e0 \u00e9voluer. La Direction de la Protection civile a propos\u00e9 plusieurs op\u00e9rations dans le cadre de la pr\u00e9paration de la loi de finances 2027. Parmi elles figurent notamment la cr\u00e9ation d&rsquo;une unit\u00e9 secondaire \u00e0 Zighoud Youcef et d&rsquo;un deuxi\u00e8me centre de secours routier \u00e0 Bekira. L&rsquo;objectif affich\u00e9 est de r\u00e9duire les insuffisances de couverture qui subsistent dans certaines parties de la wilaya. Des projets d&rsquo;implantation de nouvelles unit\u00e9s sont ainsi propos\u00e9s \u00e0 Ouled Rahmoune, B\u00e9ni Hamidane et Messaoud Boudjeriou, trois communes qui figurent parmi les secteurs cibl\u00e9s par ce programme de d\u00e9veloppement. Cette volont\u00e9 de densifier le r\u00e9seau concerne \u00e9galement les nouveaux p\u00f4les urbains. La nouvelle ville Ali Mendjeli, qui conna\u00eet une importante concentration de population et une extension continue de son tissu urbain, figure parmi les secteurs n\u00e9cessitant une adaptation du dispositif de secours. Le p\u00f4le urbain Zouaghi Slimane est \u00e9galement concern\u00e9 par les propositions d&rsquo;implantation. La logique est donc celle d&rsquo;un r\u00e9seau op\u00e9rationnel appel\u00e9 \u00e0 \u00e9voluer parall\u00e8lement \u00e0 la configuration de la wilaya. L&rsquo;extension des agglom\u00e9rations, l&rsquo;apparition de nouveaux p\u00f4les d&rsquo;habitat et l&rsquo;intensification des d\u00e9placements imposent en effet une organisation des secours capable de tenir compte de cette nouvelle g\u00e9ographie urbaine et routi\u00e8re. Le programme envisag\u00e9 ne repose toutefois pas uniquement sur la construction de nouvelles structures. Une partie des op\u00e9rations concerne la remise \u00e0 niveau d&rsquo;\u00e9quipements existants. La r\u00e9habilitation du centre avanc\u00e9 de Bab El Kantara ainsi que celle du parc de maintenance des \u00e9quipements d&rsquo;intervention figurent parmi les op\u00e9rations propos\u00e9es. Certaines infrastructures relevant du si\u00e8ge de la direction sont \u00e9galement concern\u00e9es par ce volet de modernisation. Le renouvellement du dispositif passe aussi par la formation des personnels. Dans ce cadre, la cr\u00e9ation d&rsquo;un centre p\u00e9dagogique consacr\u00e9 \u00e0 la formation initiale et continue est envisag\u00e9e. Un tel \u00e9quipement doit accompagner l&rsquo;\u00e9volution des besoins op\u00e9rationnels en renfor\u00e7ant les capacit\u00e9s de formation et de perfectionnement des agents. \u00c0 travers cet ensemble de projets, la Protection civile de Constantine ne se limite donc pas \u00e0 augmenter le nombre de ses implantations. Elle cherche \u00e9galement \u00e0 consolider les structures existantes, \u00e0 am\u00e9liorer les moyens d&rsquo;intervention et \u00e0 renforcer la formation de ses effectifs. La r\u00e9alisation du centre de Massinissa appara\u00eet ainsi comme une premi\u00e8re concr\u00e9tisation de cette dynamique de renforcement. Les autres op\u00e9rations propos\u00e9es au titre de la loi de finances 2027 devront, quant \u00e0 elles, suivre les proc\u00e9dures budg\u00e9taires et administratives n\u00e9cessaires avant leur \u00e9ventuelle r\u00e9alisation.<\/p>\n\n\n\n<p class=\"wp-block-paragraph\">S.C.<\/p>\n","protected":false},"excerpt":{"rendered":"<p>\u00c0 Constantine, le renforcement du dispositif de la Protection civile se poursuit \u00e0 travers la cr\u00e9ation de nouvelles structures destin\u00e9es<\/p>\n","protected":false},"author":6,"featured_media":90268,"comment_status":"open","ping_status":"closed","sticky":false,"template":"","format":"standard","meta":{"colormag_page_container_layout":"default_layout","colormag_page_sidebar_layout":"default_layout","om_disable_all_campaigns":false,"_monsterinsights_skip_tracking":false,"footnotes":"","_wpscppro_dont_share_socialmedia":false,"_wpscppro_custom_social_share_image":0,"_facebook_share_type":"default","_twitter_share_type":"default","_linkedin_share_type":"default","_pinterest_share_type":"default","_linkedin_share_type_page":"","_instagram_share_type":"default","_medium_share_type":"default","_threads_share_type":"default","_google_business_share_type":"default","_bluesky_share_type":"default","_mastodon_share_type":"default","_selected_social_profile":[],"_wpsp_enable_custom_social_template":false,"_wpsp_social_scheduling":{"enabled":false,"datetime":null,"platforms":[],"status":"template_only","dateOption":"today","timeOption":"now","customDays":"","customHours":"","customDate":"","customTime":"","schedulingType":"absolute"},"_wpsp_active_default_template":true},"categories":[31],"tags":[],"class_list":["post-95024","post","type-post","status-publish","format-standard","has-post-thumbnail","hentry","category-regions"],"aioseo_notices":[],"aioseo_head":"\n\t\t<!-- All in One SEO 5.0.0.1 - aioseo.com -->\n\t<meta name=\"description\" content=\"\u00c0 Constantine, le renforcement du dispositif de la Protection civile se poursuit \u00e0 travers la cr\u00e9ation de nouvelles structures destin\u00e9es \u00e0 rapprocher les secours des zones \u00e0 forte fr\u00e9quentation et des secteurs connaissant une croissance urbaine importante. Le nouveau centre de secours routier de Massinissa s&#039;inscrit dans cette d\u00e9marche, avec un emplacement strat\u00e9gique \u00e0 l&#039;entr\u00e9e\" \/>\n\t<meta name=\"robots\" content=\"max-image-preview:large\" \/>\n\t<meta name=\"author\" content=\"admin\"\/>\n\t<link rel=\"canonical\" href=\"https:\/\/lasentinelle.dz\/index.php\/2026\/09\/05\/constantine-la-protection-civile-densifie-son-maillage-territorial\/\" \/>\n\t<meta name=\"generator\" content=\"All in One SEO (AIOSEO) 5.0.0.1\" \/>\n\t\t<meta property=\"og:locale\" content=\"fr_FR\" \/>\n\t\t<meta property=\"og:site_name\" content=\"La Sentinelle - Quotidien national d&#039;information\" \/>\n\t\t<meta property=\"og:type\" content=\"article\" \/>\n\t\t<meta property=\"og:title\" content=\"Constantine : La Protection civile densifie son maillage territorial - La Sentinelle\" \/>\n\t\t<meta property=\"og:description\" content=\"\u00c0 Constantine, le renforcement du dispositif de la Protection civile se poursuit \u00e0 travers la cr\u00e9ation de nouvelles structures destin\u00e9es \u00e0 rapprocher les secours des zones \u00e0 forte fr\u00e9quentation et des secteurs connaissant une croissance urbaine importante. Le nouveau centre de secours routier de Massinissa s&#039;inscrit dans cette d\u00e9marche, avec un emplacement strat\u00e9gique \u00e0 l&#039;entr\u00e9e\" \/>\n\t\t<meta property=\"og:url\" content=\"https:\/\/lasentinelle.dz\/index.php\/2026\/09\/05\/constantine-la-protection-civile-densifie-son-maillage-territorial\/\" \/>\n\t\t<meta property=\"og:image\" content=\"https:\/\/lasentinelle.dz\/wp-content\/uploads\/2021\/09\/cropped-la-sentinelle-earth-golden-anima-5.gif\" \/>\n\t\t<meta property=\"og:image:secure_url\" content=\"https:\/\/lasentinelle.dz\/wp-content\/uploads\/2021\/09\/cropped-la-sentinelle-earth-golden-anima-5.gif\" \/>\n\t\t<meta property=\"og:image:width\" content=\"450\" \/>\n\t\t<meta property=\"og:image:height\" content=\"213\" \/>\n\t\t<meta property=\"article:published_time\" content=\"2026-09-05T21:07:09+00:00\" \/>\n\t\t<meta property=\"article:modified_time\" content=\"2026-09-05T21:07:12+00:00\" \/>\n\t\t<meta property=\"article:publisher\" content=\"https:\/\/www.facebook.com\/azzedine.lasentinelle.1\" \/>\n\t\t<meta name=\"twitter:card\" content=\"summary_large_image\" \/>\n\t\t<meta name=\"twitter:title\" content=\"Constantine : La Protection civile densifie son maillage territorial - La Sentinelle\" \/>\n\t\t<meta name=\"twitter:description\" content=\"\u00c0 Constantine, le renforcement du dispositif de la Protection civile se poursuit \u00e0 travers la cr\u00e9ation de nouvelles structures destin\u00e9es \u00e0 rapprocher les secours des zones \u00e0 forte fr\u00e9quentation et des secteurs connaissant une croissance urbaine importante. Le nouveau centre de secours routier de Massinissa s&#039;inscrit dans cette d\u00e9marche, avec un emplacement strat\u00e9gique \u00e0 l&#039;entr\u00e9e\" \/>\n\t\t<meta name=\"twitter:image\" content=\"https:\/\/lasentinelle.dz\/wp-content\/uploads\/2021\/09\/cropped-la-sentinelle-earth-golden-anima-5.gif\" \/>\n\t\t<script type=\"application\/ld+json\" class=\"aioseo-schema\">\n\t\t\t{\"@context\":\"https:\\\/\\\/schema.org\",\"@graph\":[{\"@type\":\"BlogPosting\",\"@id\":\"https:\\\/\\\/lasentinelle.dz\\\/index.php\\\/2026\\\/09\\\/05\\\/constantine-la-protection-civile-densifie-son-maillage-territorial\\\/#blogposting\",\"name\":\"Constantine : La Protection civile densifie son maillage territorial - La Sentinelle\",\"headline\":\"Constantine\\u00a0: La Protection civile densifie son maillage territorial\",\"author\":{\"@id\":\"https:\\\/\\\/lasentinelle.dz\\\/author\\\/admin\\\/#author\"},\"publisher\":{\"@id\":\"https:\\\/\\\/lasentinelle.dz\\\/#organization\"},\"image\":{\"@type\":\"ImageObject\",\"url\":\"https:\\\/\\\/lasentinelle.dz\\\/wp-content\\\/uploads\\\/2026\\\/06\\\/protection-civile.jpg\",\"width\":1080,\"height\":720},\"datePublished\":\"2026-09-05T22:07:09+01:00\",\"dateModified\":\"2026-09-05T22:07:12+01:00\",\"inLanguage\":\"fr-FR\",\"mainEntityOfPage\":{\"@id\":\"https:\\\/\\\/lasentinelle.dz\\\/index.php\\\/2026\\\/09\\\/05\\\/constantine-la-protection-civile-densifie-son-maillage-territorial\\\/#webpage\"},\"isPartOf\":{\"@id\":\"https:\\\/\\\/lasentinelle.dz\\\/index.php\\\/2026\\\/09\\\/05\\\/constantine-la-protection-civile-densifie-son-maillage-territorial\\\/#webpage\"},\"articleSection\":\"R\\u00e9gions\"},{\"@type\":\"BreadcrumbList\",\"@id\":\"https:\\\/\\\/lasentinelle.dz\\\/index.php\\\/2026\\\/09\\\/05\\\/constantine-la-protection-civile-densifie-son-maillage-territorial\\\/#breadcrumblist\",\"itemListElement\":[{\"@type\":\"ListItem\",\"@id\":\"https:\\\/\\\/lasentinelle.dz#listItem\",\"position\":1,\"name\":\"Home\",\"item\":\"https:\\\/\\\/lasentinelle.dz\",\"nextItem\":{\"@type\":\"ListItem\",\"@id\":\"https:\\\/\\\/lasentinelle.dz\\\/index.php\\\/category\\\/regions\\\/#listItem\",\"name\":\"R\\u00e9gions\"}},{\"@type\":\"ListItem\",\"@id\":\"https:\\\/\\\/lasentinelle.dz\\\/index.php\\\/category\\\/regions\\\/#listItem\",\"position\":2,\"name\":\"R\\u00e9gions\",\"item\":\"https:\\\/\\\/lasentinelle.dz\\\/index.php\\\/category\\\/regions\\\/\",\"nextItem\":{\"@type\":\"ListItem\",\"@id\":\"https:\\\/\\\/lasentinelle.dz\\\/index.php\\\/2026\\\/09\\\/05\\\/constantine-la-protection-civile-densifie-son-maillage-territorial\\\/#listItem\",\"name\":\"Constantine\\u00a0: La Protection civile densifie son maillage territorial\"},\"previousItem\":{\"@type\":\"ListItem\",\"@id\":\"https:\\\/\\\/lasentinelle.dz#listItem\",\"name\":\"Home\"}},{\"@type\":\"ListItem\",\"@id\":\"https:\\\/\\\/lasentinelle.dz\\\/index.php\\\/2026\\\/09\\\/05\\\/constantine-la-protection-civile-densifie-son-maillage-territorial\\\/#listItem\",\"position\":3,\"name\":\"Constantine\\u00a0: La Protection civile densifie son maillage territorial\",\"previousItem\":{\"@type\":\"ListItem\",\"@id\":\"https:\\\/\\\/lasentinelle.dz\\\/index.php\\\/category\\\/regions\\\/#listItem\",\"name\":\"R\\u00e9gions\"}}]},{\"@type\":\"Organization\",\"@id\":\"https:\\\/\\\/lasentinelle.dz\\\/#organization\",\"name\":\"La Sentinelle La Sentinelle\",\"description\":\"Quotidien national d'information\",\"url\":\"https:\\\/\\\/lasentinelle.dz\\\/\",\"logo\":{\"@type\":\"ImageObject\",\"url\":\"https:\\\/\\\/lasentinelle.dz\\\/wp-content\\\/uploads\\\/2021\\\/09\\\/cropped-la-sentinelle-earth-golden-anima-5.gif\",\"@id\":\"https:\\\/\\\/lasentinelle.dz\\\/index.php\\\/2026\\\/09\\\/05\\\/constantine-la-protection-civile-densifie-son-maillage-territorial\\\/#organizationLogo\",\"width\":450,\"height\":213},\"image\":{\"@id\":\"https:\\\/\\\/lasentinelle.dz\\\/index.php\\\/2026\\\/09\\\/05\\\/constantine-la-protection-civile-densifie-son-maillage-territorial\\\/#organizationLogo\"},\"sameAs\":[\"https:\\\/\\\/www.facebook.com\\\/azzedine.lasentinelle.1\"]},{\"@type\":\"Person\",\"@id\":\"https:\\\/\\\/lasentinelle.dz\\\/author\\\/admin\\\/#author\",\"url\":\"https:\\\/\\\/lasentinelle.dz\\\/author\\\/admin\\\/\",\"name\":\"admin\",\"image\":{\"@type\":\"ImageObject\",\"@id\":\"https:\\\/\\\/lasentinelle.dz\\\/index.php\\\/2026\\\/09\\\/05\\\/constantine-la-protection-civile-densifie-son-maillage-territorial\\\/#authorImage\",\"url\":\"https:\\\/\\\/secure.gravatar.com\\\/avatar\\\/4c81fed838786e9b53f540bf46533e750f5d292099ae3b66cfc6fb1982e29df7?s=96&d=mm&r=g\",\"width\":96,\"height\":96,\"caption\":\"admin\"}},{\"@type\":\"WebPage\",\"@id\":\"https:\\\/\\\/lasentinelle.dz\\\/index.php\\\/2026\\\/09\\\/05\\\/constantine-la-protection-civile-densifie-son-maillage-territorial\\\/#webpage\",\"url\":\"https:\\\/\\\/lasentinelle.dz\\\/index.php\\\/2026\\\/09\\\/05\\\/constantine-la-protection-civile-densifie-son-maillage-territorial\\\/\",\"name\":\"Constantine : La Protection civile densifie son maillage territorial - La Sentinelle\",\"description\":\"\\u00c0 Constantine, le renforcement du dispositif de la Protection civile se poursuit \\u00e0 travers la cr\\u00e9ation de nouvelles structures destin\\u00e9es \\u00e0 rapprocher les secours des zones \\u00e0 forte fr\\u00e9quentation et des secteurs connaissant une croissance urbaine importante. Le nouveau centre de secours routier de Massinissa s'inscrit dans cette d\\u00e9marche, avec un emplacement strat\\u00e9gique \\u00e0 l'entr\\u00e9e\",\"inLanguage\":\"fr-FR\",\"isPartOf\":{\"@id\":\"https:\\\/\\\/lasentinelle.dz\\\/#website\"},\"breadcrumb\":{\"@id\":\"https:\\\/\\\/lasentinelle.dz\\\/index.php\\\/2026\\\/09\\\/05\\\/constantine-la-protection-civile-densifie-son-maillage-territorial\\\/#breadcrumblist\"},\"author\":{\"@id\":\"https:\\\/\\\/lasentinelle.dz\\\/author\\\/admin\\\/#author\"},\"creator\":{\"@id\":\"https:\\\/\\\/lasentinelle.dz\\\/author\\\/admin\\\/#author\"},\"image\":{\"@type\":\"ImageObject\",\"url\":\"https:\\\/\\\/lasentinelle.dz\\\/wp-content\\\/uploads\\\/2026\\\/06\\\/protection-civile.jpg\",\"@id\":\"https:\\\/\\\/lasentinelle.dz\\\/index.php\\\/2026\\\/09\\\/05\\\/constantine-la-protection-civile-densifie-son-maillage-territorial\\\/#mainImage\",\"width\":1080,\"height\":720},\"primaryImageOfPage\":{\"@id\":\"https:\\\/\\\/lasentinelle.dz\\\/index.php\\\/2026\\\/09\\\/05\\\/constantine-la-protection-civile-densifie-son-maillage-territorial\\\/#mainImage\"},\"datePublished\":\"2026-09-05T22:07:09+01:00\",\"dateModified\":\"2026-09-05T22:07:12+01:00\"},{\"@type\":\"WebSite\",\"@id\":\"https:\\\/\\\/lasentinelle.dz\\\/#website\",\"url\":\"https:\\\/\\\/lasentinelle.dz\\\/\",\"name\":\"La Sentinelle\",\"description\":\"Quotidien national d'information\",\"inLanguage\":\"fr-FR\",\"publisher\":{\"@id\":\"https:\\\/\\\/lasentinelle.dz\\\/#organization\"}}]}\n\t\t<\/script>\n\t\t<!-- All in One SEO -->\n\n","aioseo_head_json":{"title":"Constantine : La Protection civile densifie son maillage territorial - La Sentinelle","description":"\u00c0 Constantine, le renforcement du dispositif de la Protection civile se poursuit \u00e0 travers la cr\u00e9ation de nouvelles structures destin\u00e9es \u00e0 rapprocher les secours des zones \u00e0 forte fr\u00e9quentation et des secteurs connaissant une croissance urbaine importante. Le nouveau centre de secours routier de Massinissa s'inscrit dans cette d\u00e9marche, avec un emplacement strat\u00e9gique \u00e0 l'entr\u00e9e","canonical_url":"https:\/\/lasentinelle.dz\/index.php\/2026\/09\/05\/constantine-la-protection-civile-densifie-son-maillage-territorial\/","robots":"max-image-preview:large","keywords":"","webmasterTools":{"miscellaneous":""},"schema":{"@context":"https:\/\/schema.org","@graph":[{"@type":"BlogPosting","@id":"https:\/\/lasentinelle.dz\/index.php\/2026\/09\/05\/constantine-la-protection-civile-densifie-son-maillage-territorial\/#blogposting","name":"Constantine : La Protection civile densifie son maillage territorial - La Sentinelle","headline":"Constantine\u00a0: La Protection civile densifie son maillage territorial","author":{"@id":"https:\/\/lasentinelle.dz\/author\/admin\/#author"},"publisher":{"@id":"https:\/\/lasentinelle.dz\/#organization"},"image":{"@type":"ImageObject","url":"https:\/\/lasentinelle.dz\/wp-content\/uploads\/2026\/06\/protection-civile.jpg","width":1080,"height":720},"datePublished":"2026-09-05T22:07:09+01:00","dateModified":"2026-09-05T22:07:12+01:00","inLanguage":"fr-FR","mainEntityOfPage":{"@id":"https:\/\/lasentinelle.dz\/index.php\/2026\/09\/05\/constantine-la-protection-civile-densifie-son-maillage-territorial\/#webpage"},"isPartOf":{"@id":"https:\/\/lasentinelle.dz\/index.php\/2026\/09\/05\/constantine-la-protection-civile-densifie-son-maillage-territorial\/#webpage"},"articleSection":"R\u00e9gions"},{"@type":"BreadcrumbList","@id":"https:\/\/lasentinelle.dz\/index.php\/2026\/09\/05\/constantine-la-protection-civile-densifie-son-maillage-territorial\/#breadcrumblist","itemListElement":[{"@type":"ListItem","@id":"https:\/\/lasentinelle.dz#listItem","position":1,"name":"Home","item":"https:\/\/lasentinelle.dz","nextItem":{"@type":"ListItem","@id":"https:\/\/lasentinelle.dz\/index.php\/category\/regions\/#listItem","name":"R\u00e9gions"}},{"@type":"ListItem","@id":"https:\/\/lasentinelle.dz\/index.php\/category\/regions\/#listItem","position":2,"name":"R\u00e9gions","item":"https:\/\/lasentinelle.dz\/index.php\/category\/regions\/","nextItem":{"@type":"ListItem","@id":"https:\/\/lasentinelle.dz\/index.php\/2026\/09\/05\/constantine-la-protection-civile-densifie-son-maillage-territorial\/#listItem","name":"Constantine\u00a0: La Protection civile densifie son maillage territorial"},"previousItem":{"@type":"ListItem","@id":"https:\/\/lasentinelle.dz#listItem","name":"Home"}},{"@type":"ListItem","@id":"https:\/\/lasentinelle.dz\/index.php\/2026\/09\/05\/constantine-la-protection-civile-densifie-son-maillage-territorial\/#listItem","position":3,"name":"Constantine\u00a0: La Protection civile densifie son maillage territorial","previousItem":{"@type":"ListItem","@id":"https:\/\/lasentinelle.dz\/index.php\/category\/regions\/#listItem","name":"R\u00e9gions"}}]},{"@type":"Organization","@id":"https:\/\/lasentinelle.dz\/#organization","name":"La Sentinelle La Sentinelle","description":"Quotidien national d'information","url":"https:\/\/lasentinelle.dz\/","logo":{"@type":"ImageObject","url":"https:\/\/lasentinelle.dz\/wp-content\/uploads\/2021\/09\/cropped-la-sentinelle-earth-golden-anima-5.gif","@id":"https:\/\/lasentinelle.dz\/index.php\/2026\/09\/05\/constantine-la-protection-civile-densifie-son-maillage-territorial\/#organizationLogo","width":450,"height":213},"image":{"@id":"https:\/\/lasentinelle.dz\/index.php\/2026\/09\/05\/constantine-la-protection-civile-densifie-son-maillage-territorial\/#organizationLogo"},"sameAs":["https:\/\/www.facebook.com\/azzedine.lasentinelle.1"]},{"@type":"Person","@id":"https:\/\/lasentinelle.dz\/author\/admin\/#author","url":"https:\/\/lasentinelle.dz\/author\/admin\/","name":"admin","image":{"@type":"ImageObject","@id":"https:\/\/lasentinelle.dz\/index.php\/2026\/09\/05\/constantine-la-protection-civile-densifie-son-maillage-territorial\/#authorImage","url":"https:\/\/secure.gravatar.com\/avatar\/4c81fed838786e9b53f540bf46533e750f5d292099ae3b66cfc6fb1982e29df7?s=96&d=mm&r=g","width":96,"height":96,"caption":"admin"}},{"@type":"WebPage","@id":"https:\/\/lasentinelle.dz\/index.php\/2026\/09\/05\/constantine-la-protection-civile-densifie-son-maillage-territorial\/#webpage","url":"https:\/\/lasentinelle.dz\/index.php\/2026\/09\/05\/constantine-la-protection-civile-densifie-son-maillage-territorial\/","name":"Constantine : La Protection civile densifie son maillage territorial - La Sentinelle","description":"\u00c0 Constantine, le renforcement du dispositif de la Protection civile se poursuit \u00e0 travers la cr\u00e9ation de nouvelles structures destin\u00e9es \u00e0 rapprocher les secours des zones \u00e0 forte fr\u00e9quentation et des secteurs connaissant une croissance urbaine importante. Le nouveau centre de secours routier de Massinissa s'inscrit dans cette d\u00e9marche, avec un emplacement strat\u00e9gique \u00e0 l'entr\u00e9e","inLanguage":"fr-FR","isPartOf":{"@id":"https:\/\/lasentinelle.dz\/#website"},"breadcrumb":{"@id":"https:\/\/lasentinelle.dz\/index.php\/2026\/09\/05\/constantine-la-protection-civile-densifie-son-maillage-territorial\/#breadcrumblist"},"author":{"@id":"https:\/\/lasentinelle.dz\/author\/admin\/#author"},"creator":{"@id":"https:\/\/lasentinelle.dz\/author\/admin\/#author"},"image":{"@type":"ImageObject","url":"https:\/\/lasentinelle.dz\/wp-content\/uploads\/2026\/06\/protection-civile.jpg","@id":"https:\/\/lasentinelle.dz\/index.php\/2026\/09\/05\/constantine-la-protection-civile-densifie-son-maillage-territorial\/#mainImage","width":1080,"height":720},"primaryImageOfPage":{"@id":"https:\/\/lasentinelle.dz\/index.php\/2026\/09\/05\/constantine-la-protection-civile-densifie-son-maillage-territorial\/#mainImage"},"datePublished":"2026-09-05T22:07:09+01:00","dateModified":"2026-09-05T22:07:12+01:00"},{"@type":"WebSite","@id":"https:\/\/lasentinelle.dz\/#website","url":"https:\/\/lasentinelle.dz\/","name":"La Sentinelle","description":"Quotidien national d'information","inLanguage":"fr-FR","publisher":{"@id":"https:\/\/lasentinelle.dz\/#organization"}}]},"og:locale":"fr_FR","og:site_name":"La Sentinelle - Quotidien national d'information","og:type":"article","og:title":"Constantine : La Protection civile densifie son maillage territorial - La Sentinelle","og:description":"\u00c0 Constantine, le renforcement du dispositif de la Protection civile se poursuit \u00e0 travers la cr\u00e9ation de nouvelles structures destin\u00e9es \u00e0 rapprocher les secours des zones \u00e0 forte fr\u00e9quentation et des secteurs connaissant une croissance urbaine importante. Le nouveau centre de secours routier de Massinissa s'inscrit dans cette d\u00e9marche, avec un emplacement strat\u00e9gique \u00e0 l'entr\u00e9e","og:url":"https:\/\/lasentinelle.dz\/index.php\/2026\/09\/05\/constantine-la-protection-civile-densifie-son-maillage-territorial\/","og:image":"https:\/\/lasentinelle.dz\/wp-content\/uploads\/2021\/09\/cropped-la-sentinelle-earth-golden-anima-5.gif","og:image:secure_url":"https:\/\/lasentinelle.dz\/wp-content\/uploads\/2021\/09\/cropped-la-sentinelle-earth-golden-anima-5.gif","og:image:width":450,"og:image:height":213,"article:published_time":"2026-09-05T21:07:09+00:00","article:modified_time":"2026-09-05T21:07:12+00:00","article:publisher":"https:\/\/www.facebook.com\/azzedine.lasentinelle.1","twitter:card":"summary_large_image","twitter:title":"Constantine : La Protection civile densifie son maillage territorial - La Sentinelle","twitter:description":"\u00c0 Constantine, le renforcement du dispositif de la Protection civile se poursuit \u00e0 travers la cr\u00e9ation de nouvelles structures destin\u00e9es \u00e0 rapprocher les secours des zones \u00e0 forte fr\u00e9quentation et des secteurs connaissant une croissance urbaine importante. Le nouveau centre de secours routier de Massinissa s'inscrit dans cette d\u00e9marche, avec un emplacement strat\u00e9gique \u00e0 l'entr\u00e9e","twitter:image":"https:\/\/lasentinelle.dz\/wp-content\/uploads\/2021\/09\/cropped-la-sentinelle-earth-golden-anima-5.gif"},"aioseo_meta_data":{"post_id":"95024","title":null,"description":null,"keywords":null,"keyphrases":{"focus":{"keyphrase":"","score":0,"analysis":{"keyphraseInTitle":{"score":0,"maxScore":9,"error":1}}},"additional":[]},"primary_term":null,"canonical_url":null,"og_title":null,"og_description":null,"og_object_type":"default","og_image_type":"default","og_image_url":null,"og_image_width":null,"og_image_height":null,"og_image_custom_url":null,"og_image_custom_fields":null,"og_video":"","og_custom_url":null,"og_article_section":null,"og_article_tags":null,"twitter_use_og":false,"twitter_card":"default","twitter_image_type":"default","twitter_image_url":null,"twitter_image_custom_url":null,"twitter_image_custom_fields":null,"twitter_title":null,"twitter_description":null,"schema":{"blockGraphs":[],"customGraphs":[],"default":{"data":{"Article":[],"Course":[],"Dataset":[],"FAQPage":[],"Movie":[],"Person":[],"Product":[],"ProductReview":[],"Car":[],"Recipe":[],"Service":[],"SoftwareApplication":[],"WebPage":[]},"graphName":"BlogPosting","isEnabled":true},"graphs":[]},"schema_type":"default","schema_type_options":null,"pillar_content":false,"robots_default":true,"robots_noindex":false,"robots_noarchive":false,"robots_nosnippet":false,"robots_nofollow":false,"robots_noimageindex":false,"robots_noodp":false,"robots_notranslate":false,"robots_max_snippet":"-1","robots_max_videopreview":"-1","robots_max_imagepreview":"large","priority":null,"frequency":"default","local_seo":null,"breadcrumb_settings":null,"limit_modified_date":false,"ai":{"faqs":[],"keyPoints":[],"schemas":[],"titles":[],"descriptions":[],"socialPosts":{"email":{"subject":"","preview":"","content":""},"linkedin":[],"twitter":[],"facebook":[],"instagram":[]}},"created":"2026-09-05 21:07:13","updated":"2026-09-05 22:14:56","focus_keyword":null,"additional_keywords":null,"truseo_locale":null,"seo_analyzer_scan_date":null},"aioseo_breadcrumb":"<div class=\"aioseo-breadcrumbs\"><span class=\"aioseo-breadcrumb\">\n\t\t\t<a href=\"https:\/\/lasentinelle.dz\" title=\"Home\">Home<\/a>\n\t\t<\/span><span class=\"aioseo-breadcrumb-separator\">&raquo;<\/span><span class=\"aioseo-breadcrumb\">\n\t\t\t<a href=\"https:\/\/lasentinelle.dz\/index.php\/category\/regions\/\" title=\"R\u00e9gions\">R\u00e9gions<\/a>\n\t\t<\/span><span class=\"aioseo-breadcrumb-separator\">&raquo;<\/span><span class=\"aioseo-breadcrumb\">\n\t\t\tConstantine : La Protection civile densifie son maillage territorial\n\t\t<\/span><\/div>","aioseo_breadcrumb_json":[{"label":"Home","link":"https:\/\/lasentinelle.dz"},{"label":"R\u00e9gions","link":"https:\/\/lasentinelle.dz\/index.php\/category\/regions\/"},{"label":"Constantine\u00a0: La Protection civile densifie son maillage territorial","link":"https:\/\/lasentinelle.dz\/index.php\/2026\/09\/05\/constantine-la-protection-civile-densifie-son-maillage-territorial\/"}],"yoast_head":"<!-- This site is optimized with the Yoast SEO plugin v28.4 - https:\/\/yoast.com\/product\/yoast-seo-wordpress\/ -->\n<title>Constantine\u00a0: La Protection civile densifie son maillage territorial - La Sentinelle<\/title>\n<meta name=\"robots\" content=\"index, follow, max-snippet:-1, max-image-preview:large, max-video-preview:-1\" \/>\n<link rel=\"canonical\" href=\"https:\/\/lasentinelle.dz\/index.php\/2026\/09\/05\/constantine-la-protection-civile-densifie-son-maillage-territorial\/\" \/>\n<meta property=\"og:locale\" content=\"fr_FR\" \/>\n<meta property=\"og:type\" content=\"article\" \/>\n<meta property=\"og:title\" content=\"Constantine\u00a0: La Protection civile densifie son maillage territorial - La Sentinelle\" \/>\n<meta property=\"og:description\" content=\"\u00c0 Constantine, le renforcement du dispositif de la Protection civile se poursuit \u00e0 travers la cr\u00e9ation de nouvelles structures destin\u00e9es\" \/>\n<meta property=\"og:url\" content=\"https:\/\/lasentinelle.dz\/index.php\/2026\/09\/05\/constantine-la-protection-civile-densifie-son-maillage-territorial\/\" \/>\n<meta property=\"og:site_name\" content=\"La Sentinelle\" \/>\n<meta property=\"article:publisher\" content=\"https:\/\/www.facebook.com\/La-Sentinelle-104059864394773\" \/>\n<meta property=\"article:published_time\" content=\"2026-09-05T21:07:09+00:00\" \/>\n<meta property=\"article:modified_time\" content=\"2026-09-05T21:07:12+00:00\" \/>\n<meta property=\"og:image\" content=\"https:\/\/lasentinelle.dz\/wp-content\/uploads\/2026\/06\/protection-civile.jpg\" \/>\n\t<meta property=\"og:image:width\" content=\"1080\" \/>\n\t<meta property=\"og:image:height\" content=\"720\" \/>\n\t<meta property=\"og:image:type\" content=\"image\/jpeg\" \/>\n<meta name=\"author\" content=\"admin\" \/>\n<meta name=\"twitter:card\" content=\"summary_large_image\" \/>\n<meta name=\"twitter:label1\" content=\"\u00c9crit par\" \/>\n\t<meta name=\"twitter:data1\" content=\"admin\" \/>\n\t<meta name=\"twitter:label2\" content=\"Dur\u00e9e de lecture estim\u00e9e\" \/>\n\t<meta name=\"twitter:data2\" content=\"4 minutes\" \/>\n<script type=\"application\/ld+json\" class=\"yoast-schema-graph\">{\"@context\":\"https:\\\/\\\/schema.org\",\"@graph\":[{\"@type\":\"Article\",\"@id\":\"https:\\\/\\\/lasentinelle.dz\\\/index.php\\\/2026\\\/09\\\/05\\\/constantine-la-protection-civile-densifie-son-maillage-territorial\\\/#article\",\"isPartOf\":{\"@id\":\"https:\\\/\\\/lasentinelle.dz\\\/index.php\\\/2026\\\/09\\\/05\\\/constantine-la-protection-civile-densifie-son-maillage-territorial\\\/\"},\"author\":{\"name\":\"admin\",\"@id\":\"https:\\\/\\\/lasentinelle.dz\\\/#\\\/schema\\\/person\\\/729ee0024f24e0b8c5ec17232f8e8b41\"},\"headline\":\"Constantine\u00a0: La Protection civile densifie son maillage territorial\",\"datePublished\":\"2026-09-05T21:07:09+00:00\",\"dateModified\":\"2026-09-05T21:07:12+00:00\",\"mainEntityOfPage\":{\"@id\":\"https:\\\/\\\/lasentinelle.dz\\\/index.php\\\/2026\\\/09\\\/05\\\/constantine-la-protection-civile-densifie-son-maillage-territorial\\\/\"},\"wordCount\":626,\"commentCount\":0,\"publisher\":{\"@id\":\"https:\\\/\\\/lasentinelle.dz\\\/#organization\"},\"image\":{\"@id\":\"https:\\\/\\\/lasentinelle.dz\\\/index.php\\\/2026\\\/09\\\/05\\\/constantine-la-protection-civile-densifie-son-maillage-territorial\\\/#primaryimage\"},\"thumbnailUrl\":\"https:\\\/\\\/lasentinelle.dz\\\/wp-content\\\/uploads\\\/2026\\\/06\\\/protection-civile.jpg\",\"articleSection\":[\"R\u00e9gions\"],\"inLanguage\":\"fr-FR\",\"potentialAction\":[{\"@type\":\"CommentAction\",\"name\":\"Comment\",\"target\":[\"https:\\\/\\\/lasentinelle.dz\\\/index.php\\\/2026\\\/09\\\/05\\\/constantine-la-protection-civile-densifie-son-maillage-territorial\\\/#respond\"]}]},{\"@type\":\"WebPage\",\"@id\":\"https:\\\/\\\/lasentinelle.dz\\\/index.php\\\/2026\\\/09\\\/05\\\/constantine-la-protection-civile-densifie-son-maillage-territorial\\\/\",\"url\":\"https:\\\/\\\/lasentinelle.dz\\\/index.php\\\/2026\\\/09\\\/05\\\/constantine-la-protection-civile-densifie-son-maillage-territorial\\\/\",\"name\":\"Constantine\u00a0: La Protection civile densifie son maillage territorial - La Sentinelle\",\"isPartOf\":{\"@id\":\"https:\\\/\\\/lasentinelle.dz\\\/#website\"},\"primaryImageOfPage\":{\"@id\":\"https:\\\/\\\/lasentinelle.dz\\\/index.php\\\/2026\\\/09\\\/05\\\/constantine-la-protection-civile-densifie-son-maillage-territorial\\\/#primaryimage\"},\"image\":{\"@id\":\"https:\\\/\\\/lasentinelle.dz\\\/index.php\\\/2026\\\/09\\\/05\\\/constantine-la-protection-civile-densifie-son-maillage-territorial\\\/#primaryimage\"},\"thumbnailUrl\":\"https:\\\/\\\/lasentinelle.dz\\\/wp-content\\\/uploads\\\/2026\\\/06\\\/protection-civile.jpg\",\"datePublished\":\"2026-09-05T21:07:09+00:00\",\"dateModified\":\"2026-09-05T21:07:12+00:00\",\"breadcrumb\":{\"@id\":\"https:\\\/\\\/lasentinelle.dz\\\/index.php\\\/2026\\\/09\\\/05\\\/constantine-la-protection-civile-densifie-son-maillage-territorial\\\/#breadcrumb\"},\"inLanguage\":\"fr-FR\",\"potentialAction\":[{\"@type\":\"ReadAction\",\"target\":[\"https:\\\/\\\/lasentinelle.dz\\\/index.php\\\/2026\\\/09\\\/05\\\/constantine-la-protection-civile-densifie-son-maillage-territorial\\\/\"]}]},{\"@type\":\"ImageObject\",\"inLanguage\":\"fr-FR\",\"@id\":\"https:\\\/\\\/lasentinelle.dz\\\/index.php\\\/2026\\\/09\\\/05\\\/constantine-la-protection-civile-densifie-son-maillage-territorial\\\/#primaryimage\",\"url\":\"https:\\\/\\\/lasentinelle.dz\\\/wp-content\\\/uploads\\\/2026\\\/06\\\/protection-civile.jpg\",\"contentUrl\":\"https:\\\/\\\/lasentinelle.dz\\\/wp-content\\\/uploads\\\/2026\\\/06\\\/protection-civile.jpg\",\"width\":1080,\"height\":720},{\"@type\":\"BreadcrumbList\",\"@id\":\"https:\\\/\\\/lasentinelle.dz\\\/index.php\\\/2026\\\/09\\\/05\\\/constantine-la-protection-civile-densifie-son-maillage-territorial\\\/#breadcrumb\",\"itemListElement\":[{\"@type\":\"ListItem\",\"position\":1,\"name\":\"Accueil\",\"item\":\"https:\\\/\\\/lasentinelle.dz\\\/\"},{\"@type\":\"ListItem\",\"position\":2,\"name\":\"Constantine\u00a0: La Protection civile densifie son maillage territorial\"}]},{\"@type\":\"WebSite\",\"@id\":\"https:\\\/\\\/lasentinelle.dz\\\/#website\",\"url\":\"https:\\\/\\\/lasentinelle.dz\\\/\",\"name\":\"La Sentinelle\",\"description\":\"Quotidien national d&#039;information\",\"publisher\":{\"@id\":\"https:\\\/\\\/lasentinelle.dz\\\/#organization\"},\"potentialAction\":[{\"@type\":\"SearchAction\",\"target\":{\"@type\":\"EntryPoint\",\"urlTemplate\":\"https:\\\/\\\/lasentinelle.dz\\\/?s={search_term_string}\"},\"query-input\":{\"@type\":\"PropertyValueSpecification\",\"valueRequired\":true,\"valueName\":\"search_term_string\"}}],\"inLanguage\":\"fr-FR\"},{\"@type\":\"Organization\",\"@id\":\"https:\\\/\\\/lasentinelle.dz\\\/#organization\",\"name\":\"Quotidien La Sentinelle\",\"url\":\"https:\\\/\\\/lasentinelle.dz\\\/\",\"logo\":{\"@type\":\"ImageObject\",\"inLanguage\":\"fr-FR\",\"@id\":\"https:\\\/\\\/lasentinelle.dz\\\/#\\\/schema\\\/logo\\\/image\\\/\",\"url\":\"https:\\\/\\\/lasentinelle.dz\\\/wp-content\\\/uploads\\\/2021\\\/09\\\/logo-sentinelleSLOGAN-1.png\",\"contentUrl\":\"https:\\\/\\\/lasentinelle.dz\\\/wp-content\\\/uploads\\\/2021\\\/09\\\/logo-sentinelleSLOGAN-1.png\",\"width\":615,\"height\":142,\"caption\":\"Quotidien La Sentinelle\"},\"image\":{\"@id\":\"https:\\\/\\\/lasentinelle.dz\\\/#\\\/schema\\\/logo\\\/image\\\/\"},\"sameAs\":[\"https:\\\/\\\/www.facebook.com\\\/La-Sentinelle-104059864394773\"]},{\"@type\":\"Person\",\"@id\":\"https:\\\/\\\/lasentinelle.dz\\\/#\\\/schema\\\/person\\\/729ee0024f24e0b8c5ec17232f8e8b41\",\"name\":\"admin\",\"image\":{\"@type\":\"ImageObject\",\"inLanguage\":\"fr-FR\",\"@id\":\"https:\\\/\\\/secure.gravatar.com\\\/avatar\\\/4c81fed838786e9b53f540bf46533e750f5d292099ae3b66cfc6fb1982e29df7?s=96&d=mm&r=g\",\"url\":\"https:\\\/\\\/secure.gravatar.com\\\/avatar\\\/4c81fed838786e9b53f540bf46533e750f5d292099ae3b66cfc6fb1982e29df7?s=96&d=mm&r=g\",\"contentUrl\":\"https:\\\/\\\/secure.gravatar.com\\\/avatar\\\/4c81fed838786e9b53f540bf46533e750f5d292099ae3b66cfc6fb1982e29df7?s=96&d=mm&r=g\",\"caption\":\"admin\"},\"description\":\"admin\",\"url\":\"https:\\\/\\\/lasentinelle.dz\\\/author\\\/admin\\\/\"}]}<\/script>\n<!-- \/ Yoast SEO plugin. -->","yoast_head_json":{"title":"Constantine\u00a0: La Protection civile densifie son maillage territorial - La Sentinelle","robots":{"index":"index","follow":"follow","max-snippet":"max-snippet:-1","max-image-preview":"max-image-preview:large","max-video-preview":"max-video-preview:-1"},"canonical":"https:\/\/lasentinelle.dz\/index.php\/2026\/09\/05\/constantine-la-protection-civile-densifie-son-maillage-territorial\/","og_locale":"fr_FR","og_type":"article","og_title":"Constantine\u00a0: La Protection civile densifie son maillage territorial - La Sentinelle","og_description":"\u00c0 Constantine, le renforcement du dispositif de la Protection civile se poursuit \u00e0 travers la cr\u00e9ation de nouvelles structures destin\u00e9es","og_url":"https:\/\/lasentinelle.dz\/index.php\/2026\/09\/05\/constantine-la-protection-civile-densifie-son-maillage-territorial\/","og_site_name":"La Sentinelle","article_publisher":"https:\/\/www.facebook.com\/La-Sentinelle-104059864394773","article_published_time":"2026-09-05T21:07:09+00:00","article_modified_time":"2026-09-05T21:07:12+00:00","og_image":[{"width":1080,"height":720,"url":"https:\/\/lasentinelle.dz\/wp-content\/uploads\/2026\/06\/protection-civile.jpg","type":"image\/jpeg"}],"author":"admin","twitter_card":"summary_large_image","twitter_misc":{"\u00c9crit par":"admin","Dur\u00e9e de lecture estim\u00e9e":"4 minutes"},"schema":{"@context":"https:\/\/schema.org","@graph":[{"@type":"Article","@id":"https:\/\/lasentinelle.dz\/index.php\/2026\/09\/05\/constantine-la-protection-civile-densifie-son-maillage-territorial\/#article","isPartOf":{"@id":"https:\/\/lasentinelle.dz\/index.php\/2026\/09\/05\/constantine-la-protection-civile-densifie-son-maillage-territorial\/"},"author":{"name":"admin","@id":"https:\/\/lasentinelle.dz\/#\/schema\/person\/729ee0024f24e0b8c5ec17232f8e8b41"},"headline":"Constantine\u00a0: La Protection civile densifie son maillage territorial","datePublished":"2026-09-05T21:07:09+00:00","dateModified":"2026-09-05T21:07:12+00:00","mainEntityOfPage":{"@id":"https:\/\/lasentinelle.dz\/index.php\/2026\/09\/05\/constantine-la-protection-civile-densifie-son-maillage-territorial\/"},"wordCount":626,"commentCount":0,"publisher":{"@id":"https:\/\/lasentinelle.dz\/#organization"},"image":{"@id":"https:\/\/lasentinelle.dz\/index.php\/2026\/09\/05\/constantine-la-protection-civile-densifie-son-maillage-territorial\/#primaryimage"},"thumbnailUrl":"https:\/\/lasentinelle.dz\/wp-content\/uploads\/2026\/06\/protection-civile.jpg","articleSection":["R\u00e9gions"],"inLanguage":"fr-FR","potentialAction":[{"@type":"CommentAction","name":"Comment","target":["https:\/\/lasentinelle.dz\/index.php\/2026\/09\/05\/constantine-la-protection-civile-densifie-son-maillage-territorial\/#respond"]}]},{"@type":"WebPage","@id":"https:\/\/lasentinelle.dz\/index.php\/2026\/09\/05\/constantine-la-protection-civile-densifie-son-maillage-territorial\/","url":"https:\/\/lasentinelle.dz\/index.php\/2026\/09\/05\/constantine-la-protection-civile-densifie-son-maillage-territorial\/","name":"Constantine\u00a0: La Protection civile densifie son maillage territorial - La Sentinelle","isPartOf":{"@id":"https:\/\/lasentinelle.dz\/#website"},"primaryImageOfPage":{"@id":"https:\/\/lasentinelle.dz\/index.php\/2026\/09\/05\/constantine-la-protection-civile-densifie-son-maillage-territorial\/#primaryimage"},"image":{"@id":"https:\/\/lasentinelle.dz\/index.php\/2026\/09\/05\/constantine-la-protection-civile-densifie-son-maillage-territorial\/#primaryimage"},"thumbnailUrl":"https:\/\/lasentinelle.dz\/wp-content\/uploads\/2026\/06\/protection-civile.jpg","datePublished":"2026-09-05T21:07:09+00:00","dateModified":"2026-09-05T21:07:12+00:00","breadcrumb":{"@id":"https:\/\/lasentinelle.dz\/index.php\/2026\/09\/05\/constantine-la-protection-civile-densifie-son-maillage-territorial\/#breadcrumb"},"inLanguage":"fr-FR","potentialAction":[{"@type":"ReadAction","target":["https:\/\/lasentinelle.dz\/index.php\/2026\/09\/05\/constantine-la-protection-civile-densifie-son-maillage-territorial\/"]}]},{"@type":"ImageObject","inLanguage":"fr-FR","@id":"https:\/\/lasentinelle.dz\/index.php\/2026\/09\/05\/constantine-la-protection-civile-densifie-son-maillage-territorial\/#primaryimage","url":"https:\/\/lasentinelle.dz\/wp-content\/uploads\/2026\/06\/protection-civile.jpg","contentUrl":"https:\/\/lasentinelle.dz\/wp-content\/uploads\/2026\/06\/protection-civile.jpg","width":1080,"height":720},{"@type":"BreadcrumbList","@id":"https:\/\/lasentinelle.dz\/index.php\/2026\/09\/05\/constantine-la-protection-civile-densifie-son-maillage-territorial\/#breadcrumb","itemListElement":[{"@type":"ListItem","position":1,"name":"Accueil","item":"https:\/\/lasentinelle.dz\/"},{"@type":"ListItem","position":2,"name":"Constantine\u00a0: La Protection civile densifie son maillage territorial"}]},{"@type":"WebSite","@id":"https:\/\/lasentinelle.dz\/#website","url":"https:\/\/lasentinelle.dz\/","name":"La Sentinelle","description":"Quotidien national d&#039;information","publisher":{"@id":"https:\/\/lasentinelle.dz\/#organization"},"potentialAction":[{"@type":"SearchAction","target":{"@type":"EntryPoint","urlTemplate":"https:\/\/lasentinelle.dz\/?s={search_term_string}"},"query-input":{"@type":"PropertyValueSpecification","valueRequired":true,"valueName":"search_term_string"}}],"inLanguage":"fr-FR"},{"@type":"Organization","@id":"https:\/\/lasentinelle.dz\/#organization","name":"Quotidien La Sentinelle","url":"https:\/\/lasentinelle.dz\/","logo":{"@type":"ImageObject","inLanguage":"fr-FR","@id":"https:\/\/lasentinelle.dz\/#\/schema\/logo\/image\/","url":"https:\/\/lasentinelle.dz\/wp-content\/uploads\/2021\/09\/logo-sentinelleSLOGAN-1.png","contentUrl":"https:\/\/lasentinelle.dz\/wp-content\/uploads\/2021\/09\/logo-sentinelleSLOGAN-1.png","width":615,"height":142,"caption":"Quotidien La Sentinelle"},"image":{"@id":"https:\/\/lasentinelle.dz\/#\/schema\/logo\/image\/"},"sameAs":["https:\/\/www.facebook.com\/La-Sentinelle-104059864394773"]},{"@type":"Person","@id":"https:\/\/lasentinelle.dz\/#\/schema\/person\/729ee0024f24e0b8c5ec17232f8e8b41","name":"admin","image":{"@type":"ImageObject","inLanguage":"fr-FR","@id":"https:\/\/secure.gravatar.com\/avatar\/4c81fed838786e9b53f540bf46533e750f5d292099ae3b66cfc6fb1982e29df7?s=96&d=mm&r=g","url":"https:\/\/secure.gravatar.com\/avatar\/4c81fed838786e9b53f540bf46533e750f5d292099ae3b66cfc6fb1982e29df7?s=96&d=mm&r=g","contentUrl":"https:\/\/secure.gravatar.com\/avatar\/4c81fed838786e9b53f540bf46533e750f5d292099ae3b66cfc6fb1982e29df7?s=96&d=mm&r=g","caption":"admin"},"description":"admin","url":"https:\/\/lasentinelle.dz\/author\/admin\/"}]}},"_links":{"self":[{"href":"https:\/\/lasentinelle.dz\/index.php\/wp-json\/wp\/v2\/posts\/95024","targetHints":{"allow":["GET"]}}],"collection":[{"href":"https:\/\/lasentinelle.dz\/index.php\/wp-json\/wp\/v2\/posts"}],"about":[{"href":"https:\/\/lasentinelle.dz\/index.php\/wp-json\/wp\/v2\/types\/post"}],"author":[{"embeddable":true,"href":"https:\/\/lasentinelle.dz\/index.php\/wp-json\/wp\/v2\/users\/6"}],"replies":[{"embeddable":true,"href":"https:\/\/lasentinelle.dz\/index.php\/wp-json\/wp\/v2\/comments?post=95024"}],"version-history":[{"count":1,"href":"https:\/\/lasentinelle.dz\/index.php\/wp-json\/wp\/v2\/posts\/95024\/revisions"}],"predecessor-version":[{"id":95025,"href":"https:\/\/lasentinelle.dz\/index.php\/wp-json\/wp\/v2\/posts\/95024\/revisions\/95025"}],"wp:featuredmedia":[{"embeddable":true,"href":"https:\/\/lasentinelle.dz\/index.php\/wp-json\/wp\/v2\/media\/90268"}],"wp:attachment":[{"href":"https:\/\/lasentinelle.dz\/index.php\/wp-json\/wp\/v2\/media?parent=95024"}],"wp:term":[{"taxonomy":"category","embeddable":true,"href":"https:\/\/lasentinelle.dz\/index.php\/wp-json\/wp\/v2\/categories?post=95024"},{"taxonomy":"post_tag","embeddable":true,"href":"https:\/\/lasentinelle.dz\/index.php\/wp-json\/wp\/v2\/tags?post=95024"}],"curies":[{"name":"wp","href":"https:\/\/api.w.org\/{rel}","templated":true}]}}