{"id":95029,"date":"2026-09-05T22:11:57","date_gmt":"2026-09-05T21:11:57","guid":{"rendered":"https:\/\/lasentinelle.dz\/?p=95029"},"modified":"2026-09-05T22:12:00","modified_gmt":"2026-09-05T21:12:00","slug":"skikda-mise-en-exploitation-dun-parking-a-etages-de-600-places","status":"publish","type":"post","link":"https:\/\/lasentinelle.dz\/index.php\/2026\/09\/05\/skikda-mise-en-exploitation-dun-parking-a-etages-de-600-places\/","title":{"rendered":"Skikda\u00a0: Mise en exploitation d&rsquo;un parking \u00e0 \u00e9tages de 600 places"},"content":{"rendered":"\n<p class=\"wp-block-paragraph\">Pr\u00e8s de 100 milliards de centimes investis, cinq niveaux, une capacit\u00e9 annonc\u00e9e de pr\u00e8s de 600 v\u00e9hicules et une vingtaine de locaux commerciaux, le parking \u00e0 \u00e9tages de Salah Boulkeroua arrive aujourd&rsquo;hui \u00e0 un tournant. La commune de Skikda vient de remettre les cl\u00e9s de cette importante infrastructure \u00e0 la Sarl Activit\u00e9s PP, retenue \u00e0 l&rsquo;issue d&rsquo;une ench\u00e8re publique.<\/p>\n\n\n\n<p class=\"wp-block-paragraph\">Conclu pour dix ans, le contrat ouvre la voie \u00e0 l&rsquo;exploitation d&rsquo;un \u00e9quipement dont la vocation prend une dimension particuli\u00e8re dans une ville o\u00f9 la question des places de stationnement reste r\u00e9currente. En effet, le nouvel exploitant a officiellement pris possession des lieux apr\u00e8s la signature du contrat par le pr\u00e9sident de l&rsquo;APC de Skikda et le g\u00e9rant de la Sarl Activit\u00e9s PP. Cette \u00e9tape met fin \u00e0 une p\u00e9riode d&rsquo;attente autour d&rsquo;un ouvrage achev\u00e9 mais dont la mise en exploitation avait tard\u00e9 \u00e0 se concr\u00e9tiser. Pour rappel, la commune avait d\u00e9j\u00e0 tent\u00e9 de louer l&rsquo;infrastructure en 2025. La proc\u00e9dure avait toutefois \u00e9t\u00e9 report\u00e9e, l&rsquo;offre soumise \u00e0 l&rsquo;\u00e9poque n&rsquo;ayant pas \u00e9t\u00e9 jug\u00e9e suffisamment rentable. Une nouvelle d\u00e9marche a finalement abouti \u00e0 la s\u00e9lection d&rsquo;un op\u00e9rateur, permettant \u00e0 l&rsquo;APC de donner une issue au dossier. L&rsquo;int\u00e9r\u00eat de cette infrastructure tient d&rsquo;abord \u00e0 ses dimensions. Implant\u00e9 \u00e0 Salah Boulkeroua, face \u00e0 l&rsquo;ancien Souk El Fellah, le b\u00e2timent propose pr\u00e8s de 600 places sur 5 niveaux. \u00c0 l&rsquo;\u00e9chelle d&rsquo;une ville o\u00f9 l&rsquo;automobiliste \u00e9prouve r\u00e9guli\u00e8rement des difficult\u00e9s \u00e0 trouver un emplacement, cette capacit\u00e9 constitue une offre de stationnement qui m\u00e9rite d&rsquo;\u00eatre observ\u00e9e avec attention. Le probl\u00e8me d\u00e9passe en effet le seul p\u00e9rim\u00e8tre du parking. Dans le centre-ville, dans plusieurs quartiers et sur diff\u00e9rentes art\u00e8res, les emplacements disponibles sont soumis \u00e0 une forte demande. Cette situation donne lieu \u00e0 des stationnements sur les trottoirs, en double file ou dans des espaces qui ne sont pas destin\u00e9s \u00e0 cet usage, avec les d\u00e9sagr\u00e9ments que cela peut entra\u00eener pour les d\u00e9placements et la circulation. C&rsquo;est pr\u00e9cis\u00e9ment dans ce contexte que l&rsquo;entr\u00e9e en exploitation du parking de Salah Boulkeroua rev\u00eat un int\u00e9r\u00eat particulier. Il ne s&rsquo;agit pas de pr\u00e9senter d&#8217;embl\u00e9e l&rsquo;ouvrage comme une solution d\u00e9finitive \u00e0 la crise du stationnement, mais de constater qu&rsquo;une infrastructure de cette capacit\u00e9 vient d\u00e9sormais s&rsquo;ajouter \u00e0 l&rsquo;offre existante. Son utilisation effective permettra de mesurer sa place dans le dispositif de stationnement de la ville. Le site ne se limite d&rsquo;ailleurs pas \u00e0 sa fonction de parking. Une vingtaine de locaux commerciaux sont int\u00e9gr\u00e9s \u00e0 l&rsquo;\u00e9quipement. Cette composante commerciale fait partie du projet d&rsquo;exploitation confi\u00e9 au nouveau locataire et ajoute une activit\u00e9 \u00e0 un ouvrage con\u00e7u autour du stationnement automobile. Pour la commune, l&rsquo;op\u00e9ration r\u00e9pond \u00e9galement \u00e0 un objectif patrimonial et financier. La location sur une p\u00e9riode de dix ans doit permettre de tirer des recettes d&rsquo;un \u00e9quipement r\u00e9alis\u00e9 sur fonds publics, tout en assurant son exploitation par un op\u00e9rateur priv\u00e9. La commune devra d\u00e9sormais suivre les conditions de fonctionnement de l&rsquo;ouvrage et l&rsquo;usage qui en sera fait. L&rsquo;enjeu est donc d\u00e9sormais tr\u00e8s concret. Apr\u00e8s les difficult\u00e9s rencontr\u00e9es lors de la premi\u00e8re proc\u00e9dure de location, le parking dispose d&rsquo;un exploitant et peut entrer dans sa phase op\u00e9rationnelle. Pour les habitants et les automobilistes, l&rsquo;attente porte surtout sur les conditions dans lesquelles les pr\u00e8s de 600 places seront accessibles et utilis\u00e9es. Dans la ville de Skikda, la question du stationnement ne peut cependant \u00eatre r\u00e9duite \u00e0 la mise en service d&rsquo;un seul \u00e9quipement. L&rsquo;\u00e9tendue de la probl\u00e9matique dans les quartiers, le centre-ville et les principales art\u00e8res pose la n\u00e9cessit\u00e9 d&rsquo;une offre diversifi\u00e9e et organis\u00e9e. Toutefois, le parking de Salah Boulkeroua constitue, \u00e0 ce titre, une pi\u00e8ce suppl\u00e9mentaire dans un dossier urbain qui demeure beaucoup plus vaste. Apr\u00e8s avoir longtemps attendu son exploitant, l&rsquo;infrastructure entre donc dans une nouvelle phase. Avec ses cinq niveaux et sa capacit\u00e9 annonc\u00e9e de pr\u00e8s de 600 v\u00e9hicules, elle dispose d\u00e9sormais des moyens mat\u00e9riels pour remplir sa fonction premi\u00e8re. C&rsquo;est \u00e0 l&rsquo;usage, et non sur le papier, que se mesurera d\u00e9sormais sa v\u00e9ritable contribution au probl\u00e8me du stationnement \u00e0 Skikda.<\/p>\n\n\n\n<p class=\"wp-block-paragraph\">Sofia Chahine<\/p>\n","protected":false},"excerpt":{"rendered":"<p>Pr\u00e8s de 100 milliards de centimes investis, cinq niveaux, une capacit\u00e9 annonc\u00e9e de pr\u00e8s de 600 v\u00e9hicules et une vingtaine<\/p>\n","protected":false},"author":6,"featured_media":95030,"comment_status":"open","ping_status":"closed","sticky":false,"template":"","format":"standard","meta":{"colormag_page_container_layout":"default_layout","colormag_page_sidebar_layout":"default_layout","om_disable_all_campaigns":false,"_monsterinsights_skip_tracking":false,"footnotes":"","_wpscppro_dont_share_socialmedia":false,"_wpscppro_custom_social_share_image":0,"_facebook_share_type":"default","_twitter_share_type":"default","_linkedin_share_type":"default","_pinterest_share_type":"default","_linkedin_share_type_page":"","_instagram_share_type":"default","_medium_share_type":"default","_threads_share_type":"default","_google_business_share_type":"default","_bluesky_share_type":"default","_mastodon_share_type":"default","_selected_social_profile":[],"_wpsp_enable_custom_social_template":false,"_wpsp_social_scheduling":{"enabled":false,"datetime":null,"platforms":[],"status":"template_only","dateOption":"today","timeOption":"now","customDays":"","customHours":"","customDate":"","customTime":"","schedulingType":"absolute"},"_wpsp_active_default_template":true},"categories":[31],"tags":[],"class_list":["post-95029","post","type-post","status-publish","format-standard","has-post-thumbnail","hentry","category-regions"],"aioseo_notices":[],"aioseo_head":"\n\t\t<!-- All in One SEO 5.0.0.1 - aioseo.com -->\n\t<meta name=\"description\" content=\"Pr\u00e8s de 100 milliards de centimes investis, cinq niveaux, une capacit\u00e9 annonc\u00e9e de pr\u00e8s de 600 v\u00e9hicules et une vingtaine de locaux commerciaux, le parking \u00e0 \u00e9tages de Salah Boulkeroua arrive aujourd&#039;hui \u00e0 un tournant. La commune de Skikda vient de remettre les cl\u00e9s de cette importante infrastructure \u00e0 la Sarl Activit\u00e9s PP, retenue \u00e0\" \/>\n\t<meta name=\"robots\" content=\"max-image-preview:large\" \/>\n\t<meta name=\"author\" content=\"admin\"\/>\n\t<link rel=\"canonical\" href=\"https:\/\/lasentinelle.dz\/index.php\/2026\/09\/05\/skikda-mise-en-exploitation-dun-parking-a-etages-de-600-places\/\" \/>\n\t<meta name=\"generator\" content=\"All in One SEO (AIOSEO) 5.0.0.1\" \/>\n\t\t<meta property=\"og:locale\" content=\"fr_FR\" \/>\n\t\t<meta property=\"og:site_name\" content=\"La Sentinelle - Quotidien national d&#039;information\" \/>\n\t\t<meta property=\"og:type\" content=\"article\" \/>\n\t\t<meta property=\"og:title\" content=\"Skikda : Mise en exploitation d\u2019un parking \u00e0 \u00e9tages de 600 places - La Sentinelle\" \/>\n\t\t<meta property=\"og:description\" content=\"Pr\u00e8s de 100 milliards de centimes investis, cinq niveaux, une capacit\u00e9 annonc\u00e9e de pr\u00e8s de 600 v\u00e9hicules et une vingtaine de locaux commerciaux, le parking \u00e0 \u00e9tages de Salah Boulkeroua arrive aujourd&#039;hui \u00e0 un tournant. La commune de Skikda vient de remettre les cl\u00e9s de cette importante infrastructure \u00e0 la Sarl Activit\u00e9s PP, retenue \u00e0\" \/>\n\t\t<meta property=\"og:url\" content=\"https:\/\/lasentinelle.dz\/index.php\/2026\/09\/05\/skikda-mise-en-exploitation-dun-parking-a-etages-de-600-places\/\" \/>\n\t\t<meta property=\"og:image\" content=\"https:\/\/lasentinelle.dz\/wp-content\/uploads\/2021\/09\/cropped-la-sentinelle-earth-golden-anima-5.gif\" \/>\n\t\t<meta property=\"og:image:secure_url\" content=\"https:\/\/lasentinelle.dz\/wp-content\/uploads\/2021\/09\/cropped-la-sentinelle-earth-golden-anima-5.gif\" \/>\n\t\t<meta property=\"og:image:width\" content=\"450\" \/>\n\t\t<meta property=\"og:image:height\" content=\"213\" \/>\n\t\t<meta property=\"article:published_time\" content=\"2026-09-05T21:11:57+00:00\" \/>\n\t\t<meta property=\"article:modified_time\" content=\"2026-09-05T21:12:00+00:00\" \/>\n\t\t<meta property=\"article:publisher\" content=\"https:\/\/www.facebook.com\/azzedine.lasentinelle.1\" \/>\n\t\t<meta name=\"twitter:card\" content=\"summary_large_image\" \/>\n\t\t<meta name=\"twitter:title\" content=\"Skikda : Mise en exploitation d\u2019un parking \u00e0 \u00e9tages de 600 places - La Sentinelle\" \/>\n\t\t<meta name=\"twitter:description\" content=\"Pr\u00e8s de 100 milliards de centimes investis, cinq niveaux, une capacit\u00e9 annonc\u00e9e de pr\u00e8s de 600 v\u00e9hicules et une vingtaine de locaux commerciaux, le parking \u00e0 \u00e9tages de Salah Boulkeroua arrive aujourd&#039;hui \u00e0 un tournant. La commune de Skikda vient de remettre les cl\u00e9s de cette importante infrastructure \u00e0 la Sarl Activit\u00e9s PP, retenue \u00e0\" \/>\n\t\t<meta name=\"twitter:image\" content=\"https:\/\/lasentinelle.dz\/wp-content\/uploads\/2021\/09\/cropped-la-sentinelle-earth-golden-anima-5.gif\" \/>\n\t\t<script type=\"application\/ld+json\" class=\"aioseo-schema\">\n\t\t\t{\"@context\":\"https:\\\/\\\/schema.org\",\"@graph\":[{\"@type\":\"BlogPosting\",\"@id\":\"https:\\\/\\\/lasentinelle.dz\\\/index.php\\\/2026\\\/09\\\/05\\\/skikda-mise-en-exploitation-dun-parking-a-etages-de-600-places\\\/#blogposting\",\"name\":\"Skikda : Mise en exploitation d\\u2019un parking \\u00e0 \\u00e9tages de 600 places - La Sentinelle\",\"headline\":\"Skikda\\u00a0: Mise en exploitation d&rsquo;un parking \\u00e0 \\u00e9tages de 600 places\",\"author\":{\"@id\":\"https:\\\/\\\/lasentinelle.dz\\\/author\\\/admin\\\/#author\"},\"publisher\":{\"@id\":\"https:\\\/\\\/lasentinelle.dz\\\/#organization\"},\"image\":{\"@type\":\"ImageObject\",\"url\":\"https:\\\/\\\/lasentinelle.dz\\\/wp-content\\\/uploads\\\/2026\\\/09\\\/parking.jpeg\",\"width\":638,\"height\":480},\"datePublished\":\"2026-09-05T22:11:57+01:00\",\"dateModified\":\"2026-09-05T22:12:00+01:00\",\"inLanguage\":\"fr-FR\",\"mainEntityOfPage\":{\"@id\":\"https:\\\/\\\/lasentinelle.dz\\\/index.php\\\/2026\\\/09\\\/05\\\/skikda-mise-en-exploitation-dun-parking-a-etages-de-600-places\\\/#webpage\"},\"isPartOf\":{\"@id\":\"https:\\\/\\\/lasentinelle.dz\\\/index.php\\\/2026\\\/09\\\/05\\\/skikda-mise-en-exploitation-dun-parking-a-etages-de-600-places\\\/#webpage\"},\"articleSection\":\"R\\u00e9gions\"},{\"@type\":\"BreadcrumbList\",\"@id\":\"https:\\\/\\\/lasentinelle.dz\\\/index.php\\\/2026\\\/09\\\/05\\\/skikda-mise-en-exploitation-dun-parking-a-etages-de-600-places\\\/#breadcrumblist\",\"itemListElement\":[{\"@type\":\"ListItem\",\"@id\":\"https:\\\/\\\/lasentinelle.dz#listItem\",\"position\":1,\"name\":\"Home\",\"item\":\"https:\\\/\\\/lasentinelle.dz\",\"nextItem\":{\"@type\":\"ListItem\",\"@id\":\"https:\\\/\\\/lasentinelle.dz\\\/index.php\\\/category\\\/regions\\\/#listItem\",\"name\":\"R\\u00e9gions\"}},{\"@type\":\"ListItem\",\"@id\":\"https:\\\/\\\/lasentinelle.dz\\\/index.php\\\/category\\\/regions\\\/#listItem\",\"position\":2,\"name\":\"R\\u00e9gions\",\"item\":\"https:\\\/\\\/lasentinelle.dz\\\/index.php\\\/category\\\/regions\\\/\",\"nextItem\":{\"@type\":\"ListItem\",\"@id\":\"https:\\\/\\\/lasentinelle.dz\\\/index.php\\\/2026\\\/09\\\/05\\\/skikda-mise-en-exploitation-dun-parking-a-etages-de-600-places\\\/#listItem\",\"name\":\"Skikda\\u00a0: Mise en exploitation d&rsquo;un parking \\u00e0 \\u00e9tages de 600 places\"},\"previousItem\":{\"@type\":\"ListItem\",\"@id\":\"https:\\\/\\\/lasentinelle.dz#listItem\",\"name\":\"Home\"}},{\"@type\":\"ListItem\",\"@id\":\"https:\\\/\\\/lasentinelle.dz\\\/index.php\\\/2026\\\/09\\\/05\\\/skikda-mise-en-exploitation-dun-parking-a-etages-de-600-places\\\/#listItem\",\"position\":3,\"name\":\"Skikda\\u00a0: Mise en exploitation d&rsquo;un parking \\u00e0 \\u00e9tages de 600 places\",\"previousItem\":{\"@type\":\"ListItem\",\"@id\":\"https:\\\/\\\/lasentinelle.dz\\\/index.php\\\/category\\\/regions\\\/#listItem\",\"name\":\"R\\u00e9gions\"}}]},{\"@type\":\"Organization\",\"@id\":\"https:\\\/\\\/lasentinelle.dz\\\/#organization\",\"name\":\"La Sentinelle La Sentinelle\",\"description\":\"Quotidien national d'information\",\"url\":\"https:\\\/\\\/lasentinelle.dz\\\/\",\"logo\":{\"@type\":\"ImageObject\",\"url\":\"https:\\\/\\\/lasentinelle.dz\\\/wp-content\\\/uploads\\\/2021\\\/09\\\/cropped-la-sentinelle-earth-golden-anima-5.gif\",\"@id\":\"https:\\\/\\\/lasentinelle.dz\\\/index.php\\\/2026\\\/09\\\/05\\\/skikda-mise-en-exploitation-dun-parking-a-etages-de-600-places\\\/#organizationLogo\",\"width\":450,\"height\":213},\"image\":{\"@id\":\"https:\\\/\\\/lasentinelle.dz\\\/index.php\\\/2026\\\/09\\\/05\\\/skikda-mise-en-exploitation-dun-parking-a-etages-de-600-places\\\/#organizationLogo\"},\"sameAs\":[\"https:\\\/\\\/www.facebook.com\\\/azzedine.lasentinelle.1\"]},{\"@type\":\"Person\",\"@id\":\"https:\\\/\\\/lasentinelle.dz\\\/author\\\/admin\\\/#author\",\"url\":\"https:\\\/\\\/lasentinelle.dz\\\/author\\\/admin\\\/\",\"name\":\"admin\",\"image\":{\"@type\":\"ImageObject\",\"@id\":\"https:\\\/\\\/lasentinelle.dz\\\/index.php\\\/2026\\\/09\\\/05\\\/skikda-mise-en-exploitation-dun-parking-a-etages-de-600-places\\\/#authorImage\",\"url\":\"https:\\\/\\\/secure.gravatar.com\\\/avatar\\\/4c81fed838786e9b53f540bf46533e750f5d292099ae3b66cfc6fb1982e29df7?s=96&d=mm&r=g\",\"width\":96,\"height\":96,\"caption\":\"admin\"}},{\"@type\":\"WebPage\",\"@id\":\"https:\\\/\\\/lasentinelle.dz\\\/index.php\\\/2026\\\/09\\\/05\\\/skikda-mise-en-exploitation-dun-parking-a-etages-de-600-places\\\/#webpage\",\"url\":\"https:\\\/\\\/lasentinelle.dz\\\/index.php\\\/2026\\\/09\\\/05\\\/skikda-mise-en-exploitation-dun-parking-a-etages-de-600-places\\\/\",\"name\":\"Skikda : Mise en exploitation d\\u2019un parking \\u00e0 \\u00e9tages de 600 places - La Sentinelle\",\"description\":\"Pr\\u00e8s de 100 milliards de centimes investis, cinq niveaux, une capacit\\u00e9 annonc\\u00e9e de pr\\u00e8s de 600 v\\u00e9hicules et une vingtaine de locaux commerciaux, le parking \\u00e0 \\u00e9tages de Salah Boulkeroua arrive aujourd'hui \\u00e0 un tournant. La commune de Skikda vient de remettre les cl\\u00e9s de cette importante infrastructure \\u00e0 la Sarl Activit\\u00e9s PP, retenue \\u00e0\",\"inLanguage\":\"fr-FR\",\"isPartOf\":{\"@id\":\"https:\\\/\\\/lasentinelle.dz\\\/#website\"},\"breadcrumb\":{\"@id\":\"https:\\\/\\\/lasentinelle.dz\\\/index.php\\\/2026\\\/09\\\/05\\\/skikda-mise-en-exploitation-dun-parking-a-etages-de-600-places\\\/#breadcrumblist\"},\"author\":{\"@id\":\"https:\\\/\\\/lasentinelle.dz\\\/author\\\/admin\\\/#author\"},\"creator\":{\"@id\":\"https:\\\/\\\/lasentinelle.dz\\\/author\\\/admin\\\/#author\"},\"image\":{\"@type\":\"ImageObject\",\"url\":\"https:\\\/\\\/lasentinelle.dz\\\/wp-content\\\/uploads\\\/2026\\\/09\\\/parking.jpeg\",\"@id\":\"https:\\\/\\\/lasentinelle.dz\\\/index.php\\\/2026\\\/09\\\/05\\\/skikda-mise-en-exploitation-dun-parking-a-etages-de-600-places\\\/#mainImage\",\"width\":638,\"height\":480},\"primaryImageOfPage\":{\"@id\":\"https:\\\/\\\/lasentinelle.dz\\\/index.php\\\/2026\\\/09\\\/05\\\/skikda-mise-en-exploitation-dun-parking-a-etages-de-600-places\\\/#mainImage\"},\"datePublished\":\"2026-09-05T22:11:57+01:00\",\"dateModified\":\"2026-09-05T22:12:00+01:00\"},{\"@type\":\"WebSite\",\"@id\":\"https:\\\/\\\/lasentinelle.dz\\\/#website\",\"url\":\"https:\\\/\\\/lasentinelle.dz\\\/\",\"name\":\"La Sentinelle\",\"description\":\"Quotidien national d'information\",\"inLanguage\":\"fr-FR\",\"publisher\":{\"@id\":\"https:\\\/\\\/lasentinelle.dz\\\/#organization\"}}]}\n\t\t<\/script>\n\t\t<!-- All in One SEO -->\n\n","aioseo_head_json":{"title":"Skikda : Mise en exploitation d\u2019un parking \u00e0 \u00e9tages de 600 places - La Sentinelle","description":"Pr\u00e8s de 100 milliards de centimes investis, cinq niveaux, une capacit\u00e9 annonc\u00e9e de pr\u00e8s de 600 v\u00e9hicules et une vingtaine de locaux commerciaux, le parking \u00e0 \u00e9tages de Salah Boulkeroua arrive aujourd'hui \u00e0 un tournant. La commune de Skikda vient de remettre les cl\u00e9s de cette importante infrastructure \u00e0 la Sarl Activit\u00e9s PP, retenue \u00e0","canonical_url":"https:\/\/lasentinelle.dz\/index.php\/2026\/09\/05\/skikda-mise-en-exploitation-dun-parking-a-etages-de-600-places\/","robots":"max-image-preview:large","keywords":"","webmasterTools":{"miscellaneous":""},"schema":{"@context":"https:\/\/schema.org","@graph":[{"@type":"BlogPosting","@id":"https:\/\/lasentinelle.dz\/index.php\/2026\/09\/05\/skikda-mise-en-exploitation-dun-parking-a-etages-de-600-places\/#blogposting","name":"Skikda : Mise en exploitation d\u2019un parking \u00e0 \u00e9tages de 600 places - La Sentinelle","headline":"Skikda\u00a0: Mise en exploitation d&rsquo;un parking \u00e0 \u00e9tages de 600 places","author":{"@id":"https:\/\/lasentinelle.dz\/author\/admin\/#author"},"publisher":{"@id":"https:\/\/lasentinelle.dz\/#organization"},"image":{"@type":"ImageObject","url":"https:\/\/lasentinelle.dz\/wp-content\/uploads\/2026\/09\/parking.jpeg","width":638,"height":480},"datePublished":"2026-09-05T22:11:57+01:00","dateModified":"2026-09-05T22:12:00+01:00","inLanguage":"fr-FR","mainEntityOfPage":{"@id":"https:\/\/lasentinelle.dz\/index.php\/2026\/09\/05\/skikda-mise-en-exploitation-dun-parking-a-etages-de-600-places\/#webpage"},"isPartOf":{"@id":"https:\/\/lasentinelle.dz\/index.php\/2026\/09\/05\/skikda-mise-en-exploitation-dun-parking-a-etages-de-600-places\/#webpage"},"articleSection":"R\u00e9gions"},{"@type":"BreadcrumbList","@id":"https:\/\/lasentinelle.dz\/index.php\/2026\/09\/05\/skikda-mise-en-exploitation-dun-parking-a-etages-de-600-places\/#breadcrumblist","itemListElement":[{"@type":"ListItem","@id":"https:\/\/lasentinelle.dz#listItem","position":1,"name":"Home","item":"https:\/\/lasentinelle.dz","nextItem":{"@type":"ListItem","@id":"https:\/\/lasentinelle.dz\/index.php\/category\/regions\/#listItem","name":"R\u00e9gions"}},{"@type":"ListItem","@id":"https:\/\/lasentinelle.dz\/index.php\/category\/regions\/#listItem","position":2,"name":"R\u00e9gions","item":"https:\/\/lasentinelle.dz\/index.php\/category\/regions\/","nextItem":{"@type":"ListItem","@id":"https:\/\/lasentinelle.dz\/index.php\/2026\/09\/05\/skikda-mise-en-exploitation-dun-parking-a-etages-de-600-places\/#listItem","name":"Skikda\u00a0: Mise en exploitation d&rsquo;un parking \u00e0 \u00e9tages de 600 places"},"previousItem":{"@type":"ListItem","@id":"https:\/\/lasentinelle.dz#listItem","name":"Home"}},{"@type":"ListItem","@id":"https:\/\/lasentinelle.dz\/index.php\/2026\/09\/05\/skikda-mise-en-exploitation-dun-parking-a-etages-de-600-places\/#listItem","position":3,"name":"Skikda\u00a0: Mise en exploitation d&rsquo;un parking \u00e0 \u00e9tages de 600 places","previousItem":{"@type":"ListItem","@id":"https:\/\/lasentinelle.dz\/index.php\/category\/regions\/#listItem","name":"R\u00e9gions"}}]},{"@type":"Organization","@id":"https:\/\/lasentinelle.dz\/#organization","name":"La Sentinelle La Sentinelle","description":"Quotidien national d'information","url":"https:\/\/lasentinelle.dz\/","logo":{"@type":"ImageObject","url":"https:\/\/lasentinelle.dz\/wp-content\/uploads\/2021\/09\/cropped-la-sentinelle-earth-golden-anima-5.gif","@id":"https:\/\/lasentinelle.dz\/index.php\/2026\/09\/05\/skikda-mise-en-exploitation-dun-parking-a-etages-de-600-places\/#organizationLogo","width":450,"height":213},"image":{"@id":"https:\/\/lasentinelle.dz\/index.php\/2026\/09\/05\/skikda-mise-en-exploitation-dun-parking-a-etages-de-600-places\/#organizationLogo"},"sameAs":["https:\/\/www.facebook.com\/azzedine.lasentinelle.1"]},{"@type":"Person","@id":"https:\/\/lasentinelle.dz\/author\/admin\/#author","url":"https:\/\/lasentinelle.dz\/author\/admin\/","name":"admin","image":{"@type":"ImageObject","@id":"https:\/\/lasentinelle.dz\/index.php\/2026\/09\/05\/skikda-mise-en-exploitation-dun-parking-a-etages-de-600-places\/#authorImage","url":"https:\/\/secure.gravatar.com\/avatar\/4c81fed838786e9b53f540bf46533e750f5d292099ae3b66cfc6fb1982e29df7?s=96&d=mm&r=g","width":96,"height":96,"caption":"admin"}},{"@type":"WebPage","@id":"https:\/\/lasentinelle.dz\/index.php\/2026\/09\/05\/skikda-mise-en-exploitation-dun-parking-a-etages-de-600-places\/#webpage","url":"https:\/\/lasentinelle.dz\/index.php\/2026\/09\/05\/skikda-mise-en-exploitation-dun-parking-a-etages-de-600-places\/","name":"Skikda : Mise en exploitation d\u2019un parking \u00e0 \u00e9tages de 600 places - La Sentinelle","description":"Pr\u00e8s de 100 milliards de centimes investis, cinq niveaux, une capacit\u00e9 annonc\u00e9e de pr\u00e8s de 600 v\u00e9hicules et une vingtaine de locaux commerciaux, le parking \u00e0 \u00e9tages de Salah Boulkeroua arrive aujourd'hui \u00e0 un tournant. La commune de Skikda vient de remettre les cl\u00e9s de cette importante infrastructure \u00e0 la Sarl Activit\u00e9s PP, retenue \u00e0","inLanguage":"fr-FR","isPartOf":{"@id":"https:\/\/lasentinelle.dz\/#website"},"breadcrumb":{"@id":"https:\/\/lasentinelle.dz\/index.php\/2026\/09\/05\/skikda-mise-en-exploitation-dun-parking-a-etages-de-600-places\/#breadcrumblist"},"author":{"@id":"https:\/\/lasentinelle.dz\/author\/admin\/#author"},"creator":{"@id":"https:\/\/lasentinelle.dz\/author\/admin\/#author"},"image":{"@type":"ImageObject","url":"https:\/\/lasentinelle.dz\/wp-content\/uploads\/2026\/09\/parking.jpeg","@id":"https:\/\/lasentinelle.dz\/index.php\/2026\/09\/05\/skikda-mise-en-exploitation-dun-parking-a-etages-de-600-places\/#mainImage","width":638,"height":480},"primaryImageOfPage":{"@id":"https:\/\/lasentinelle.dz\/index.php\/2026\/09\/05\/skikda-mise-en-exploitation-dun-parking-a-etages-de-600-places\/#mainImage"},"datePublished":"2026-09-05T22:11:57+01:00","dateModified":"2026-09-05T22:12:00+01:00"},{"@type":"WebSite","@id":"https:\/\/lasentinelle.dz\/#website","url":"https:\/\/lasentinelle.dz\/","name":"La Sentinelle","description":"Quotidien national d'information","inLanguage":"fr-FR","publisher":{"@id":"https:\/\/lasentinelle.dz\/#organization"}}]},"og:locale":"fr_FR","og:site_name":"La Sentinelle - Quotidien national d'information","og:type":"article","og:title":"Skikda : Mise en exploitation d\u2019un parking \u00e0 \u00e9tages de 600 places - La Sentinelle","og:description":"Pr\u00e8s de 100 milliards de centimes investis, cinq niveaux, une capacit\u00e9 annonc\u00e9e de pr\u00e8s de 600 v\u00e9hicules et une vingtaine de locaux commerciaux, le parking \u00e0 \u00e9tages de Salah Boulkeroua arrive aujourd'hui \u00e0 un tournant. La commune de Skikda vient de remettre les cl\u00e9s de cette importante infrastructure \u00e0 la Sarl Activit\u00e9s PP, retenue \u00e0","og:url":"https:\/\/lasentinelle.dz\/index.php\/2026\/09\/05\/skikda-mise-en-exploitation-dun-parking-a-etages-de-600-places\/","og:image":"https:\/\/lasentinelle.dz\/wp-content\/uploads\/2021\/09\/cropped-la-sentinelle-earth-golden-anima-5.gif","og:image:secure_url":"https:\/\/lasentinelle.dz\/wp-content\/uploads\/2021\/09\/cropped-la-sentinelle-earth-golden-anima-5.gif","og:image:width":450,"og:image:height":213,"article:published_time":"2026-09-05T21:11:57+00:00","article:modified_time":"2026-09-05T21:12:00+00:00","article:publisher":"https:\/\/www.facebook.com\/azzedine.lasentinelle.1","twitter:card":"summary_large_image","twitter:title":"Skikda : Mise en exploitation d\u2019un parking \u00e0 \u00e9tages de 600 places - La Sentinelle","twitter:description":"Pr\u00e8s de 100 milliards de centimes investis, cinq niveaux, une capacit\u00e9 annonc\u00e9e de pr\u00e8s de 600 v\u00e9hicules et une vingtaine de locaux commerciaux, le parking \u00e0 \u00e9tages de Salah Boulkeroua arrive aujourd'hui \u00e0 un tournant. La commune de Skikda vient de remettre les cl\u00e9s de cette importante infrastructure \u00e0 la Sarl Activit\u00e9s PP, retenue \u00e0","twitter:image":"https:\/\/lasentinelle.dz\/wp-content\/uploads\/2021\/09\/cropped-la-sentinelle-earth-golden-anima-5.gif"},"aioseo_meta_data":{"post_id":"95029","title":null,"description":null,"keywords":null,"keyphrases":{"focus":{"keyphrase":"","score":0,"analysis":{"keyphraseInTitle":{"score":0,"maxScore":9,"error":1}}},"additional":[]},"primary_term":null,"canonical_url":null,"og_title":null,"og_description":null,"og_object_type":"default","og_image_type":"default","og_image_url":null,"og_image_width":null,"og_image_height":null,"og_image_custom_url":null,"og_image_custom_fields":null,"og_video":"","og_custom_url":null,"og_article_section":null,"og_article_tags":null,"twitter_use_og":false,"twitter_card":"default","twitter_image_type":"default","twitter_image_url":null,"twitter_image_custom_url":null,"twitter_image_custom_fields":null,"twitter_title":null,"twitter_description":null,"schema":{"blockGraphs":[],"customGraphs":[],"default":{"data":{"Article":[],"Course":[],"Dataset":[],"FAQPage":[],"Movie":[],"Person":[],"Product":[],"ProductReview":[],"Car":[],"Recipe":[],"Service":[],"SoftwareApplication":[],"WebPage":[]},"graphName":"BlogPosting","isEnabled":true},"graphs":[]},"schema_type":"default","schema_type_options":null,"pillar_content":false,"robots_default":true,"robots_noindex":false,"robots_noarchive":false,"robots_nosnippet":false,"robots_nofollow":false,"robots_noimageindex":false,"robots_noodp":false,"robots_notranslate":false,"robots_max_snippet":"-1","robots_max_videopreview":"-1","robots_max_imagepreview":"large","priority":null,"frequency":"default","local_seo":null,"breadcrumb_settings":null,"limit_modified_date":false,"ai":{"faqs":[],"keyPoints":[],"schemas":[],"titles":[],"descriptions":[],"socialPosts":{"email":{"subject":"","preview":"","content":""},"linkedin":[],"twitter":[],"facebook":[],"instagram":[]}},"created":"2026-09-05 21:12:01","updated":"2026-09-05 22:14:57","focus_keyword":null,"additional_keywords":null,"truseo_locale":null,"seo_analyzer_scan_date":null},"aioseo_breadcrumb":"<div class=\"aioseo-breadcrumbs\"><span class=\"aioseo-breadcrumb\">\n\t\t\t<a href=\"https:\/\/lasentinelle.dz\" title=\"Home\">Home<\/a>\n\t\t<\/span><span class=\"aioseo-breadcrumb-separator\">&raquo;<\/span><span class=\"aioseo-breadcrumb\">\n\t\t\t<a href=\"https:\/\/lasentinelle.dz\/index.php\/category\/regions\/\" title=\"R\u00e9gions\">R\u00e9gions<\/a>\n\t\t<\/span><span class=\"aioseo-breadcrumb-separator\">&raquo;<\/span><span class=\"aioseo-breadcrumb\">\n\t\t\tSkikda : Mise en exploitation d\u2019un parking \u00e0 \u00e9tages de 600 places\n\t\t<\/span><\/div>","aioseo_breadcrumb_json":[{"label":"Home","link":"https:\/\/lasentinelle.dz"},{"label":"R\u00e9gions","link":"https:\/\/lasentinelle.dz\/index.php\/category\/regions\/"},{"label":"Skikda\u00a0: Mise en exploitation d&rsquo;un parking \u00e0 \u00e9tages de 600 places","link":"https:\/\/lasentinelle.dz\/index.php\/2026\/09\/05\/skikda-mise-en-exploitation-dun-parking-a-etages-de-600-places\/"}],"yoast_head":"<!-- This site is optimized with the Yoast SEO plugin v28.4 - https:\/\/yoast.com\/product\/yoast-seo-wordpress\/ -->\n<title>Skikda\u00a0: Mise en exploitation d&rsquo;un parking \u00e0 \u00e9tages de 600 places - La Sentinelle<\/title>\n<meta name=\"robots\" content=\"index, follow, max-snippet:-1, max-image-preview:large, max-video-preview:-1\" \/>\n<link rel=\"canonical\" href=\"https:\/\/lasentinelle.dz\/index.php\/2026\/09\/05\/skikda-mise-en-exploitation-dun-parking-a-etages-de-600-places\/\" \/>\n<meta property=\"og:locale\" content=\"fr_FR\" \/>\n<meta property=\"og:type\" content=\"article\" \/>\n<meta property=\"og:title\" content=\"Skikda\u00a0: Mise en exploitation d&rsquo;un parking \u00e0 \u00e9tages de 600 places - La Sentinelle\" \/>\n<meta property=\"og:description\" content=\"Pr\u00e8s de 100 milliards de centimes investis, cinq niveaux, une capacit\u00e9 annonc\u00e9e de pr\u00e8s de 600 v\u00e9hicules et une vingtaine\" \/>\n<meta property=\"og:url\" content=\"https:\/\/lasentinelle.dz\/index.php\/2026\/09\/05\/skikda-mise-en-exploitation-dun-parking-a-etages-de-600-places\/\" \/>\n<meta property=\"og:site_name\" content=\"La Sentinelle\" \/>\n<meta property=\"article:publisher\" content=\"https:\/\/www.facebook.com\/La-Sentinelle-104059864394773\" \/>\n<meta property=\"article:published_time\" content=\"2026-09-05T21:11:57+00:00\" \/>\n<meta property=\"article:modified_time\" content=\"2026-09-05T21:12:00+00:00\" \/>\n<meta property=\"og:image\" content=\"https:\/\/lasentinelle.dz\/wp-content\/uploads\/2026\/09\/parking.jpeg\" \/>\n\t<meta property=\"og:image:width\" content=\"638\" \/>\n\t<meta property=\"og:image:height\" content=\"480\" \/>\n\t<meta property=\"og:image:type\" content=\"image\/jpeg\" \/>\n<meta name=\"author\" content=\"admin\" \/>\n<meta name=\"twitter:card\" content=\"summary_large_image\" \/>\n<meta name=\"twitter:label1\" content=\"\u00c9crit par\" \/>\n\t<meta name=\"twitter:data1\" content=\"admin\" \/>\n\t<meta name=\"twitter:label2\" content=\"Dur\u00e9e de lecture estim\u00e9e\" \/>\n\t<meta name=\"twitter:data2\" content=\"4 minutes\" \/>\n<script type=\"application\/ld+json\" class=\"yoast-schema-graph\">{\"@context\":\"https:\\\/\\\/schema.org\",\"@graph\":[{\"@type\":\"Article\",\"@id\":\"https:\\\/\\\/lasentinelle.dz\\\/index.php\\\/2026\\\/09\\\/05\\\/skikda-mise-en-exploitation-dun-parking-a-etages-de-600-places\\\/#article\",\"isPartOf\":{\"@id\":\"https:\\\/\\\/lasentinelle.dz\\\/index.php\\\/2026\\\/09\\\/05\\\/skikda-mise-en-exploitation-dun-parking-a-etages-de-600-places\\\/\"},\"author\":{\"name\":\"admin\",\"@id\":\"https:\\\/\\\/lasentinelle.dz\\\/#\\\/schema\\\/person\\\/729ee0024f24e0b8c5ec17232f8e8b41\"},\"headline\":\"Skikda\u00a0: Mise en exploitation d&rsquo;un parking \u00e0 \u00e9tages de 600 places\",\"datePublished\":\"2026-09-05T21:11:57+00:00\",\"dateModified\":\"2026-09-05T21:12:00+00:00\",\"mainEntityOfPage\":{\"@id\":\"https:\\\/\\\/lasentinelle.dz\\\/index.php\\\/2026\\\/09\\\/05\\\/skikda-mise-en-exploitation-dun-parking-a-etages-de-600-places\\\/\"},\"wordCount\":771,\"commentCount\":0,\"publisher\":{\"@id\":\"https:\\\/\\\/lasentinelle.dz\\\/#organization\"},\"image\":{\"@id\":\"https:\\\/\\\/lasentinelle.dz\\\/index.php\\\/2026\\\/09\\\/05\\\/skikda-mise-en-exploitation-dun-parking-a-etages-de-600-places\\\/#primaryimage\"},\"thumbnailUrl\":\"https:\\\/\\\/lasentinelle.dz\\\/wp-content\\\/uploads\\\/2026\\\/09\\\/parking.jpeg\",\"articleSection\":[\"R\u00e9gions\"],\"inLanguage\":\"fr-FR\",\"potentialAction\":[{\"@type\":\"CommentAction\",\"name\":\"Comment\",\"target\":[\"https:\\\/\\\/lasentinelle.dz\\\/index.php\\\/2026\\\/09\\\/05\\\/skikda-mise-en-exploitation-dun-parking-a-etages-de-600-places\\\/#respond\"]}]},{\"@type\":\"WebPage\",\"@id\":\"https:\\\/\\\/lasentinelle.dz\\\/index.php\\\/2026\\\/09\\\/05\\\/skikda-mise-en-exploitation-dun-parking-a-etages-de-600-places\\\/\",\"url\":\"https:\\\/\\\/lasentinelle.dz\\\/index.php\\\/2026\\\/09\\\/05\\\/skikda-mise-en-exploitation-dun-parking-a-etages-de-600-places\\\/\",\"name\":\"Skikda\u00a0: Mise en exploitation d&rsquo;un parking \u00e0 \u00e9tages de 600 places - La Sentinelle\",\"isPartOf\":{\"@id\":\"https:\\\/\\\/lasentinelle.dz\\\/#website\"},\"primaryImageOfPage\":{\"@id\":\"https:\\\/\\\/lasentinelle.dz\\\/index.php\\\/2026\\\/09\\\/05\\\/skikda-mise-en-exploitation-dun-parking-a-etages-de-600-places\\\/#primaryimage\"},\"image\":{\"@id\":\"https:\\\/\\\/lasentinelle.dz\\\/index.php\\\/2026\\\/09\\\/05\\\/skikda-mise-en-exploitation-dun-parking-a-etages-de-600-places\\\/#primaryimage\"},\"thumbnailUrl\":\"https:\\\/\\\/lasentinelle.dz\\\/wp-content\\\/uploads\\\/2026\\\/09\\\/parking.jpeg\",\"datePublished\":\"2026-09-05T21:11:57+00:00\",\"dateModified\":\"2026-09-05T21:12:00+00:00\",\"breadcrumb\":{\"@id\":\"https:\\\/\\\/lasentinelle.dz\\\/index.php\\\/2026\\\/09\\\/05\\\/skikda-mise-en-exploitation-dun-parking-a-etages-de-600-places\\\/#breadcrumb\"},\"inLanguage\":\"fr-FR\",\"potentialAction\":[{\"@type\":\"ReadAction\",\"target\":[\"https:\\\/\\\/lasentinelle.dz\\\/index.php\\\/2026\\\/09\\\/05\\\/skikda-mise-en-exploitation-dun-parking-a-etages-de-600-places\\\/\"]}]},{\"@type\":\"ImageObject\",\"inLanguage\":\"fr-FR\",\"@id\":\"https:\\\/\\\/lasentinelle.dz\\\/index.php\\\/2026\\\/09\\\/05\\\/skikda-mise-en-exploitation-dun-parking-a-etages-de-600-places\\\/#primaryimage\",\"url\":\"https:\\\/\\\/lasentinelle.dz\\\/wp-content\\\/uploads\\\/2026\\\/09\\\/parking.jpeg\",\"contentUrl\":\"https:\\\/\\\/lasentinelle.dz\\\/wp-content\\\/uploads\\\/2026\\\/09\\\/parking.jpeg\",\"width\":638,\"height\":480},{\"@type\":\"BreadcrumbList\",\"@id\":\"https:\\\/\\\/lasentinelle.dz\\\/index.php\\\/2026\\\/09\\\/05\\\/skikda-mise-en-exploitation-dun-parking-a-etages-de-600-places\\\/#breadcrumb\",\"itemListElement\":[{\"@type\":\"ListItem\",\"position\":1,\"name\":\"Accueil\",\"item\":\"https:\\\/\\\/lasentinelle.dz\\\/\"},{\"@type\":\"ListItem\",\"position\":2,\"name\":\"Skikda\u00a0: Mise en exploitation d&rsquo;un parking \u00e0 \u00e9tages de 600 places\"}]},{\"@type\":\"WebSite\",\"@id\":\"https:\\\/\\\/lasentinelle.dz\\\/#website\",\"url\":\"https:\\\/\\\/lasentinelle.dz\\\/\",\"name\":\"La Sentinelle\",\"description\":\"Quotidien national d&#039;information\",\"publisher\":{\"@id\":\"https:\\\/\\\/lasentinelle.dz\\\/#organization\"},\"potentialAction\":[{\"@type\":\"SearchAction\",\"target\":{\"@type\":\"EntryPoint\",\"urlTemplate\":\"https:\\\/\\\/lasentinelle.dz\\\/?s={search_term_string}\"},\"query-input\":{\"@type\":\"PropertyValueSpecification\",\"valueRequired\":true,\"valueName\":\"search_term_string\"}}],\"inLanguage\":\"fr-FR\"},{\"@type\":\"Organization\",\"@id\":\"https:\\\/\\\/lasentinelle.dz\\\/#organization\",\"name\":\"Quotidien La Sentinelle\",\"url\":\"https:\\\/\\\/lasentinelle.dz\\\/\",\"logo\":{\"@type\":\"ImageObject\",\"inLanguage\":\"fr-FR\",\"@id\":\"https:\\\/\\\/lasentinelle.dz\\\/#\\\/schema\\\/logo\\\/image\\\/\",\"url\":\"https:\\\/\\\/lasentinelle.dz\\\/wp-content\\\/uploads\\\/2021\\\/09\\\/logo-sentinelleSLOGAN-1.png\",\"contentUrl\":\"https:\\\/\\\/lasentinelle.dz\\\/wp-content\\\/uploads\\\/2021\\\/09\\\/logo-sentinelleSLOGAN-1.png\",\"width\":615,\"height\":142,\"caption\":\"Quotidien La Sentinelle\"},\"image\":{\"@id\":\"https:\\\/\\\/lasentinelle.dz\\\/#\\\/schema\\\/logo\\\/image\\\/\"},\"sameAs\":[\"https:\\\/\\\/www.facebook.com\\\/La-Sentinelle-104059864394773\"]},{\"@type\":\"Person\",\"@id\":\"https:\\\/\\\/lasentinelle.dz\\\/#\\\/schema\\\/person\\\/729ee0024f24e0b8c5ec17232f8e8b41\",\"name\":\"admin\",\"image\":{\"@type\":\"ImageObject\",\"inLanguage\":\"fr-FR\",\"@id\":\"https:\\\/\\\/secure.gravatar.com\\\/avatar\\\/4c81fed838786e9b53f540bf46533e750f5d292099ae3b66cfc6fb1982e29df7?s=96&d=mm&r=g\",\"url\":\"https:\\\/\\\/secure.gravatar.com\\\/avatar\\\/4c81fed838786e9b53f540bf46533e750f5d292099ae3b66cfc6fb1982e29df7?s=96&d=mm&r=g\",\"contentUrl\":\"https:\\\/\\\/secure.gravatar.com\\\/avatar\\\/4c81fed838786e9b53f540bf46533e750f5d292099ae3b66cfc6fb1982e29df7?s=96&d=mm&r=g\",\"caption\":\"admin\"},\"description\":\"admin\",\"url\":\"https:\\\/\\\/lasentinelle.dz\\\/author\\\/admin\\\/\"}]}<\/script>\n<!-- \/ Yoast SEO plugin. -->","yoast_head_json":{"title":"Skikda\u00a0: Mise en exploitation d&rsquo;un parking \u00e0 \u00e9tages de 600 places - La Sentinelle","robots":{"index":"index","follow":"follow","max-snippet":"max-snippet:-1","max-image-preview":"max-image-preview:large","max-video-preview":"max-video-preview:-1"},"canonical":"https:\/\/lasentinelle.dz\/index.php\/2026\/09\/05\/skikda-mise-en-exploitation-dun-parking-a-etages-de-600-places\/","og_locale":"fr_FR","og_type":"article","og_title":"Skikda\u00a0: Mise en exploitation d&rsquo;un parking \u00e0 \u00e9tages de 600 places - La Sentinelle","og_description":"Pr\u00e8s de 100 milliards de centimes investis, cinq niveaux, une capacit\u00e9 annonc\u00e9e de pr\u00e8s de 600 v\u00e9hicules et une vingtaine","og_url":"https:\/\/lasentinelle.dz\/index.php\/2026\/09\/05\/skikda-mise-en-exploitation-dun-parking-a-etages-de-600-places\/","og_site_name":"La Sentinelle","article_publisher":"https:\/\/www.facebook.com\/La-Sentinelle-104059864394773","article_published_time":"2026-09-05T21:11:57+00:00","article_modified_time":"2026-09-05T21:12:00+00:00","og_image":[{"width":638,"height":480,"url":"https:\/\/lasentinelle.dz\/wp-content\/uploads\/2026\/09\/parking.jpeg","type":"image\/jpeg"}],"author":"admin","twitter_card":"summary_large_image","twitter_misc":{"\u00c9crit par":"admin","Dur\u00e9e de lecture estim\u00e9e":"4 minutes"},"schema":{"@context":"https:\/\/schema.org","@graph":[{"@type":"Article","@id":"https:\/\/lasentinelle.dz\/index.php\/2026\/09\/05\/skikda-mise-en-exploitation-dun-parking-a-etages-de-600-places\/#article","isPartOf":{"@id":"https:\/\/lasentinelle.dz\/index.php\/2026\/09\/05\/skikda-mise-en-exploitation-dun-parking-a-etages-de-600-places\/"},"author":{"name":"admin","@id":"https:\/\/lasentinelle.dz\/#\/schema\/person\/729ee0024f24e0b8c5ec17232f8e8b41"},"headline":"Skikda\u00a0: Mise en exploitation d&rsquo;un parking \u00e0 \u00e9tages de 600 places","datePublished":"2026-09-05T21:11:57+00:00","dateModified":"2026-09-05T21:12:00+00:00","mainEntityOfPage":{"@id":"https:\/\/lasentinelle.dz\/index.php\/2026\/09\/05\/skikda-mise-en-exploitation-dun-parking-a-etages-de-600-places\/"},"wordCount":771,"commentCount":0,"publisher":{"@id":"https:\/\/lasentinelle.dz\/#organization"},"image":{"@id":"https:\/\/lasentinelle.dz\/index.php\/2026\/09\/05\/skikda-mise-en-exploitation-dun-parking-a-etages-de-600-places\/#primaryimage"},"thumbnailUrl":"https:\/\/lasentinelle.dz\/wp-content\/uploads\/2026\/09\/parking.jpeg","articleSection":["R\u00e9gions"],"inLanguage":"fr-FR","potentialAction":[{"@type":"CommentAction","name":"Comment","target":["https:\/\/lasentinelle.dz\/index.php\/2026\/09\/05\/skikda-mise-en-exploitation-dun-parking-a-etages-de-600-places\/#respond"]}]},{"@type":"WebPage","@id":"https:\/\/lasentinelle.dz\/index.php\/2026\/09\/05\/skikda-mise-en-exploitation-dun-parking-a-etages-de-600-places\/","url":"https:\/\/lasentinelle.dz\/index.php\/2026\/09\/05\/skikda-mise-en-exploitation-dun-parking-a-etages-de-600-places\/","name":"Skikda\u00a0: Mise en exploitation d&rsquo;un parking \u00e0 \u00e9tages de 600 places - La Sentinelle","isPartOf":{"@id":"https:\/\/lasentinelle.dz\/#website"},"primaryImageOfPage":{"@id":"https:\/\/lasentinelle.dz\/index.php\/2026\/09\/05\/skikda-mise-en-exploitation-dun-parking-a-etages-de-600-places\/#primaryimage"},"image":{"@id":"https:\/\/lasentinelle.dz\/index.php\/2026\/09\/05\/skikda-mise-en-exploitation-dun-parking-a-etages-de-600-places\/#primaryimage"},"thumbnailUrl":"https:\/\/lasentinelle.dz\/wp-content\/uploads\/2026\/09\/parking.jpeg","datePublished":"2026-09-05T21:11:57+00:00","dateModified":"2026-09-05T21:12:00+00:00","breadcrumb":{"@id":"https:\/\/lasentinelle.dz\/index.php\/2026\/09\/05\/skikda-mise-en-exploitation-dun-parking-a-etages-de-600-places\/#breadcrumb"},"inLanguage":"fr-FR","potentialAction":[{"@type":"ReadAction","target":["https:\/\/lasentinelle.dz\/index.php\/2026\/09\/05\/skikda-mise-en-exploitation-dun-parking-a-etages-de-600-places\/"]}]},{"@type":"ImageObject","inLanguage":"fr-FR","@id":"https:\/\/lasentinelle.dz\/index.php\/2026\/09\/05\/skikda-mise-en-exploitation-dun-parking-a-etages-de-600-places\/#primaryimage","url":"https:\/\/lasentinelle.dz\/wp-content\/uploads\/2026\/09\/parking.jpeg","contentUrl":"https:\/\/lasentinelle.dz\/wp-content\/uploads\/2026\/09\/parking.jpeg","width":638,"height":480},{"@type":"BreadcrumbList","@id":"https:\/\/lasentinelle.dz\/index.php\/2026\/09\/05\/skikda-mise-en-exploitation-dun-parking-a-etages-de-600-places\/#breadcrumb","itemListElement":[{"@type":"ListItem","position":1,"name":"Accueil","item":"https:\/\/lasentinelle.dz\/"},{"@type":"ListItem","position":2,"name":"Skikda\u00a0: Mise en exploitation d&rsquo;un parking \u00e0 \u00e9tages de 600 places"}]},{"@type":"WebSite","@id":"https:\/\/lasentinelle.dz\/#website","url":"https:\/\/lasentinelle.dz\/","name":"La Sentinelle","description":"Quotidien national d&#039;information","publisher":{"@id":"https:\/\/lasentinelle.dz\/#organization"},"potentialAction":[{"@type":"SearchAction","target":{"@type":"EntryPoint","urlTemplate":"https:\/\/lasentinelle.dz\/?s={search_term_string}"},"query-input":{"@type":"PropertyValueSpecification","valueRequired":true,"valueName":"search_term_string"}}],"inLanguage":"fr-FR"},{"@type":"Organization","@id":"https:\/\/lasentinelle.dz\/#organization","name":"Quotidien La Sentinelle","url":"https:\/\/lasentinelle.dz\/","logo":{"@type":"ImageObject","inLanguage":"fr-FR","@id":"https:\/\/lasentinelle.dz\/#\/schema\/logo\/image\/","url":"https:\/\/lasentinelle.dz\/wp-content\/uploads\/2021\/09\/logo-sentinelleSLOGAN-1.png","contentUrl":"https:\/\/lasentinelle.dz\/wp-content\/uploads\/2021\/09\/logo-sentinelleSLOGAN-1.png","width":615,"height":142,"caption":"Quotidien La Sentinelle"},"image":{"@id":"https:\/\/lasentinelle.dz\/#\/schema\/logo\/image\/"},"sameAs":["https:\/\/www.facebook.com\/La-Sentinelle-104059864394773"]},{"@type":"Person","@id":"https:\/\/lasentinelle.dz\/#\/schema\/person\/729ee0024f24e0b8c5ec17232f8e8b41","name":"admin","image":{"@type":"ImageObject","inLanguage":"fr-FR","@id":"https:\/\/secure.gravatar.com\/avatar\/4c81fed838786e9b53f540bf46533e750f5d292099ae3b66cfc6fb1982e29df7?s=96&d=mm&r=g","url":"https:\/\/secure.gravatar.com\/avatar\/4c81fed838786e9b53f540bf46533e750f5d292099ae3b66cfc6fb1982e29df7?s=96&d=mm&r=g","contentUrl":"https:\/\/secure.gravatar.com\/avatar\/4c81fed838786e9b53f540bf46533e750f5d292099ae3b66cfc6fb1982e29df7?s=96&d=mm&r=g","caption":"admin"},"description":"admin","url":"https:\/\/lasentinelle.dz\/author\/admin\/"}]}},"_links":{"self":[{"href":"https:\/\/lasentinelle.dz\/index.php\/wp-json\/wp\/v2\/posts\/95029","targetHints":{"allow":["GET"]}}],"collection":[{"href":"https:\/\/lasentinelle.dz\/index.php\/wp-json\/wp\/v2\/posts"}],"about":[{"href":"https:\/\/lasentinelle.dz\/index.php\/wp-json\/wp\/v2\/types\/post"}],"author":[{"embeddable":true,"href":"https:\/\/lasentinelle.dz\/index.php\/wp-json\/wp\/v2\/users\/6"}],"replies":[{"embeddable":true,"href":"https:\/\/lasentinelle.dz\/index.php\/wp-json\/wp\/v2\/comments?post=95029"}],"version-history":[{"count":2,"href":"https:\/\/lasentinelle.dz\/index.php\/wp-json\/wp\/v2\/posts\/95029\/revisions"}],"predecessor-version":[{"id":95032,"href":"https:\/\/lasentinelle.dz\/index.php\/wp-json\/wp\/v2\/posts\/95029\/revisions\/95032"}],"wp:featuredmedia":[{"embeddable":true,"href":"https:\/\/lasentinelle.dz\/index.php\/wp-json\/wp\/v2\/media\/95030"}],"wp:attachment":[{"href":"https:\/\/lasentinelle.dz\/index.php\/wp-json\/wp\/v2\/media?parent=95029"}],"wp:term":[{"taxonomy":"category","embeddable":true,"href":"https:\/\/lasentinelle.dz\/index.php\/wp-json\/wp\/v2\/categories?post=95029"},{"taxonomy":"post_tag","embeddable":true,"href":"https:\/\/lasentinelle.dz\/index.php\/wp-json\/wp\/v2\/tags?post=95029"}],"curies":[{"name":"wp","href":"https:\/\/api.w.org\/{rel}","templated":true}]}}