{"id":95039,"date":"2026-09-05T22:14:59","date_gmt":"2026-09-05T21:14:59","guid":{"rendered":"https:\/\/lasentinelle.dz\/?p=95039"},"modified":"2026-09-05T22:15:03","modified_gmt":"2026-09-05T21:15:03","slug":"afreximbank-rappelle-le-succes-de-liatf-dalger-un-catalyseur-durable-du-commerce-intra-africain","status":"publish","type":"post","link":"https:\/\/lasentinelle.dz\/index.php\/2026\/09\/05\/afreximbank-rappelle-le-succes-de-liatf-dalger-un-catalyseur-durable-du-commerce-intra-africain\/","title":{"rendered":"Afreximbank rappelle le succ\u00e8s de l&rsquo;IATF d&rsquo;Alger\u00a0: Un catalyseur durable du commerce intra-africain"},"content":{"rendered":"\n<p class=\"wp-block-paragraph\">Un an apr\u00e8s sa tenue, la quatri\u00e8me \u00e9dition du Salon du commerce intra-africain, organis\u00e9e en septembre 2025 \u00e0 Alger sous la pr\u00e9sidence d&rsquo;Abdelmadjid Tebboune, continue de produire ses effets sur les \u00e9changes \u00e0 l&rsquo;\u00e9chelle du continent, avec pr\u00e8s de 50 milliards de dollars de transactions conclues, selon la Banque africaine d&rsquo;import-export. La vice-pr\u00e9sidente ex\u00e9cutive de la Banque africaine d&rsquo;import-export (Afreximbank), charg\u00e9e du commerce intra-africain et du d\u00e9veloppement des exportations, Kanayo Awani, a estim\u00e9 que le succ\u00e8s de l&rsquo;\u00e9dition alg\u00e9roise du Salon du commerce intra-africain (IATF) a contribu\u00e9 \u00e0 renforcer la dynamique des \u00e9changes entre pays du continent, dans un message publi\u00e9 sur le site officiel de l&rsquo;institution. Selon la responsable, la manifestation organis\u00e9e en septembre 2025 au Palais des expositions, sous le slogan \u00ab une porte vers de nouvelles opportunit\u00e9s \u00bb, a permis d&rsquo;enregistrer un montant record de transactions, confortant la place du Salon parmi les principaux leviers du commerce, de l&rsquo;investissement et de l&rsquo;int\u00e9gration \u00e9conomique sur le continent. Elle a soulign\u00e9 que cette \u00e9dition avait b\u00e9n\u00e9fici\u00e9 d&rsquo;une hausse marqu\u00e9e du nombre de participants, du volume des accords sign\u00e9s et de la valeur des transactions conclues, faisant du rendez-vous alg\u00e9rois une plateforme efficace pour \u00e9largir l&rsquo;acc\u00e8s aux march\u00e9s et connecter les entreprises \u00e0 de nouveaux partenariats.<\/p>\n\n\n\n<p class=\"wp-block-paragraph\">D&rsquo;apr\u00e8s les donn\u00e9es communiqu\u00e9es par la Banque, la fr\u00e9quentation de la rencontre organis\u00e9e dans la capitale alg\u00e9rienne a d\u00e9pass\u00e9 les 112 000 visiteurs venus de 132 pays, pour un montant total d&rsquo;accords commerciaux et d&rsquo;investissement approchant les 50 milliards de dollars, l&rsquo;Alg\u00e9rie s&rsquo;\u00e9tant elle-m\u00eame positionn\u00e9e comme un partenaire de poids en captant \u00e0 elle seule plus de 11 milliards de dollars de contrats, soit pr\u00e8s du quart du total conclu.<\/p>\n\n\n\n<p class=\"wp-block-paragraph\">Kanayo Awani a par ailleurs indiqu\u00e9 que les r\u00e9sultats cumul\u00e9s des quatre premi\u00e8res \u00e9ditions du Salon confirment l&rsquo;impact grandissant de cette manifestation, ayant r\u00e9uni plus de 180 000 participants et 6 600 exposants issus de 132 pays, pour une valeur cumul\u00e9e d&rsquo;accords commerciaux et d&rsquo;investissement d\u00e9passant les 167 milliards de dollars. Elle a pr\u00e9cis\u00e9 qu&rsquo;environ 360 000 petites et moyennes entreprises avaient tir\u00e9 profit du Salon, parmi lesquelles des milliers dirig\u00e9es par des femmes et des jeunes, tout en \u00e9valuant l&rsquo;impact sur l&#8217;emploi \u00e0 quelque 42 postes cr\u00e9\u00e9s pour chaque million de dollars investi, ce qui \u00e9quivaut selon elle \u00e0 plus d&rsquo;un demi-million d&#8217;emplois directs g\u00e9n\u00e9r\u00e9s \u00e0 chaque \u00e9dition \u00e0 travers le continent. Sur le terrain, cette dynamique s&rsquo;est d\u00e9j\u00e0 traduite par des retomb\u00e9es concr\u00e8tes pour l&rsquo;Alg\u00e9rie. Afreximbank a en effet approuv\u00e9 en juin dernier une facilit\u00e9 de financement de 200 millions de dollars au profit du groupe Shoreline, destin\u00e9e \u00e0 soutenir la part du groupe Arkad dans un contrat d&rsquo;ing\u00e9nierie, d&rsquo;approvisionnement et de construction de 980 millions de dollars portant sur le d\u00e9veloppement du champ p\u00e9trolier de Hassi Bir Rekaiz, un partenariat entre Sonatrach, la tha\u00eflandaise PTTEP et l&rsquo;espagnole Cepsa. Cette transaction, pr\u00e9sent\u00e9e par la Banque comme une retomb\u00e9e directe du processus de mise en relation d&rsquo;affaires initi\u00e9 lors du Salon d&rsquo;Alger, devrait g\u00e9n\u00e9rer environ 6 000 emplois.<\/p>\n\n\n\n<p class=\"wp-block-paragraph\">Alors que le Nigeria s&rsquo;appr\u00eate \u00e0 accueillir la prochaine \u00e9dition du Salon \u00e0 Lagos, du 5 au 11 novembre 2027, la manifestation ambitionne de franchir un nouveau cap, avec un objectif de plus de 100 000 visiteurs, 2 500 exposants et des accords commerciaux et d&rsquo;investissement d\u00e9passant les 50 milliards de dollars. Cette cinqui\u00e8me \u00e9dition se tiendra sous le slogan \u00ab l&rsquo;Afrique mondiale, le commerce intelligent, de l&rsquo;acc\u00e8s aux march\u00e9s \u00e0 la puissance des march\u00e9s \u00bb, dans une optique de renforcer la position du continent en tant qu&rsquo;acteur \u00e9conomique capable de fa\u00e7onner son propre avenir.<\/p>\n\n\n\n<p class=\"wp-block-paragraph\">Kanayo Awani a conclu que l&rsquo;Afrique dispose des atouts n\u00e9cessaires pour d\u00e9velopper davantage le commerce entre ses propres pays, \u00e0 condition de garantir aux entreprises un acc\u00e8s continu \u00e0 l&rsquo;information, aux partenariats et aux dispositifs d&rsquo;accompagnement indispensables pour p\u00e9renniser les acquis engrang\u00e9s par les initiatives continentales, \u00e0 l&rsquo;image du Salon du commerce intra-africain.<\/p>\n\n\n\n<p class=\"wp-block-paragraph\">Amar Malki<\/p>\n","protected":false},"excerpt":{"rendered":"<p>Un an apr\u00e8s sa tenue, la quatri\u00e8me \u00e9dition du Salon du commerce intra-africain, organis\u00e9e en septembre 2025 \u00e0 Alger sous<\/p>\n","protected":false},"author":6,"featured_media":73246,"comment_status":"open","ping_status":"closed","sticky":false,"template":"","format":"standard","meta":{"colormag_page_container_layout":"default_layout","colormag_page_sidebar_layout":"default_layout","om_disable_all_campaigns":false,"_monsterinsights_skip_tracking":false,"footnotes":"","_wpscppro_dont_share_socialmedia":false,"_wpscppro_custom_social_share_image":0,"_facebook_share_type":"default","_twitter_share_type":"default","_linkedin_share_type":"default","_pinterest_share_type":"default","_linkedin_share_type_page":"","_instagram_share_type":"default","_medium_share_type":"default","_threads_share_type":"default","_google_business_share_type":"default","_bluesky_share_type":"default","_mastodon_share_type":"default","_selected_social_profile":[],"_wpsp_enable_custom_social_template":false,"_wpsp_social_scheduling":{"enabled":false,"datetime":null,"platforms":[],"status":"template_only","dateOption":"today","timeOption":"now","customDays":"","customHours":"","customDate":"","customTime":"","schedulingType":"absolute"},"_wpsp_active_default_template":true},"categories":[29],"tags":[],"class_list":["post-95039","post","type-post","status-publish","format-standard","has-post-thumbnail","hentry","category-economie"],"aioseo_notices":[],"aioseo_head":"\n\t\t<!-- All in One SEO 5.0.0.1 - aioseo.com -->\n\t<meta name=\"description\" content=\"Un an apr\u00e8s sa tenue, la quatri\u00e8me \u00e9dition du Salon du commerce intra-africain, organis\u00e9e en septembre 2025 \u00e0 Alger sous la pr\u00e9sidence d&#039;Abdelmadjid Tebboune, continue de produire ses effets sur les \u00e9changes \u00e0 l&#039;\u00e9chelle du continent, avec pr\u00e8s de 50 milliards de dollars de transactions conclues, selon la Banque africaine d&#039;import-export. La vice-pr\u00e9sidente ex\u00e9cutive de\" \/>\n\t<meta name=\"robots\" content=\"max-image-preview:large\" \/>\n\t<meta name=\"author\" content=\"admin\"\/>\n\t<link rel=\"canonical\" href=\"https:\/\/lasentinelle.dz\/index.php\/2026\/09\/05\/afreximbank-rappelle-le-succes-de-liatf-dalger-un-catalyseur-durable-du-commerce-intra-africain\/\" \/>\n\t<meta name=\"generator\" content=\"All in One SEO (AIOSEO) 5.0.0.1\" \/>\n\t\t<meta property=\"og:locale\" content=\"fr_FR\" \/>\n\t\t<meta property=\"og:site_name\" content=\"La Sentinelle - Quotidien national d&#039;information\" \/>\n\t\t<meta property=\"og:type\" content=\"article\" \/>\n\t\t<meta property=\"og:title\" content=\"Afreximbank rappelle le succ\u00e8s de l\u2019IATF d\u2019Alger : Un catalyseur durable du commerce intra-africain - La Sentinelle\" \/>\n\t\t<meta property=\"og:description\" content=\"Un an apr\u00e8s sa tenue, la quatri\u00e8me \u00e9dition du Salon du commerce intra-africain, organis\u00e9e en septembre 2025 \u00e0 Alger sous la pr\u00e9sidence d&#039;Abdelmadjid Tebboune, continue de produire ses effets sur les \u00e9changes \u00e0 l&#039;\u00e9chelle du continent, avec pr\u00e8s de 50 milliards de dollars de transactions conclues, selon la Banque africaine d&#039;import-export. La vice-pr\u00e9sidente ex\u00e9cutive de\" \/>\n\t\t<meta property=\"og:url\" content=\"https:\/\/lasentinelle.dz\/index.php\/2026\/09\/05\/afreximbank-rappelle-le-succes-de-liatf-dalger-un-catalyseur-durable-du-commerce-intra-africain\/\" \/>\n\t\t<meta property=\"og:image\" content=\"https:\/\/lasentinelle.dz\/wp-content\/uploads\/2021\/09\/cropped-la-sentinelle-earth-golden-anima-5.gif\" \/>\n\t\t<meta property=\"og:image:secure_url\" content=\"https:\/\/lasentinelle.dz\/wp-content\/uploads\/2021\/09\/cropped-la-sentinelle-earth-golden-anima-5.gif\" \/>\n\t\t<meta property=\"og:image:width\" content=\"450\" \/>\n\t\t<meta property=\"og:image:height\" content=\"213\" \/>\n\t\t<meta property=\"article:published_time\" content=\"2026-09-05T21:14:59+00:00\" \/>\n\t\t<meta property=\"article:modified_time\" content=\"2026-09-05T21:15:03+00:00\" \/>\n\t\t<meta property=\"article:publisher\" content=\"https:\/\/www.facebook.com\/azzedine.lasentinelle.1\" \/>\n\t\t<meta name=\"twitter:card\" content=\"summary_large_image\" \/>\n\t\t<meta name=\"twitter:title\" content=\"Afreximbank rappelle le succ\u00e8s de l\u2019IATF d\u2019Alger : Un catalyseur durable du commerce intra-africain - La Sentinelle\" \/>\n\t\t<meta name=\"twitter:description\" content=\"Un an apr\u00e8s sa tenue, la quatri\u00e8me \u00e9dition du Salon du commerce intra-africain, organis\u00e9e en septembre 2025 \u00e0 Alger sous la pr\u00e9sidence d&#039;Abdelmadjid Tebboune, continue de produire ses effets sur les \u00e9changes \u00e0 l&#039;\u00e9chelle du continent, avec pr\u00e8s de 50 milliards de dollars de transactions conclues, selon la Banque africaine d&#039;import-export. La vice-pr\u00e9sidente ex\u00e9cutive de\" \/>\n\t\t<meta name=\"twitter:image\" content=\"https:\/\/lasentinelle.dz\/wp-content\/uploads\/2021\/09\/cropped-la-sentinelle-earth-golden-anima-5.gif\" \/>\n\t\t<script type=\"application\/ld+json\" class=\"aioseo-schema\">\n\t\t\t{\"@context\":\"https:\\\/\\\/schema.org\",\"@graph\":[{\"@type\":\"BlogPosting\",\"@id\":\"https:\\\/\\\/lasentinelle.dz\\\/index.php\\\/2026\\\/09\\\/05\\\/afreximbank-rappelle-le-succes-de-liatf-dalger-un-catalyseur-durable-du-commerce-intra-africain\\\/#blogposting\",\"name\":\"Afreximbank rappelle le succ\\u00e8s de l\\u2019IATF d\\u2019Alger : Un catalyseur durable du commerce intra-africain - La Sentinelle\",\"headline\":\"Afreximbank rappelle le succ\\u00e8s de l&rsquo;IATF d&rsquo;Alger\\u00a0: Un catalyseur durable du commerce intra-africain\",\"author\":{\"@id\":\"https:\\\/\\\/lasentinelle.dz\\\/author\\\/admin\\\/#author\"},\"publisher\":{\"@id\":\"https:\\\/\\\/lasentinelle.dz\\\/#organization\"},\"image\":{\"@type\":\"ImageObject\",\"url\":\"https:\\\/\\\/lasentinelle.dz\\\/wp-content\\\/uploads\\\/2025\\\/09\\\/IATF-2.jpg\",\"width\":1080,\"height\":720},\"datePublished\":\"2026-09-05T22:14:59+01:00\",\"dateModified\":\"2026-09-05T22:15:03+01:00\",\"inLanguage\":\"fr-FR\",\"mainEntityOfPage\":{\"@id\":\"https:\\\/\\\/lasentinelle.dz\\\/index.php\\\/2026\\\/09\\\/05\\\/afreximbank-rappelle-le-succes-de-liatf-dalger-un-catalyseur-durable-du-commerce-intra-africain\\\/#webpage\"},\"isPartOf\":{\"@id\":\"https:\\\/\\\/lasentinelle.dz\\\/index.php\\\/2026\\\/09\\\/05\\\/afreximbank-rappelle-le-succes-de-liatf-dalger-un-catalyseur-durable-du-commerce-intra-africain\\\/#webpage\"},\"articleSection\":\"\\u00c9conomie\"},{\"@type\":\"BreadcrumbList\",\"@id\":\"https:\\\/\\\/lasentinelle.dz\\\/index.php\\\/2026\\\/09\\\/05\\\/afreximbank-rappelle-le-succes-de-liatf-dalger-un-catalyseur-durable-du-commerce-intra-africain\\\/#breadcrumblist\",\"itemListElement\":[{\"@type\":\"ListItem\",\"@id\":\"https:\\\/\\\/lasentinelle.dz#listItem\",\"position\":1,\"name\":\"Home\",\"item\":\"https:\\\/\\\/lasentinelle.dz\",\"nextItem\":{\"@type\":\"ListItem\",\"@id\":\"https:\\\/\\\/lasentinelle.dz\\\/index.php\\\/category\\\/economie\\\/#listItem\",\"name\":\"\\u00c9conomie\"}},{\"@type\":\"ListItem\",\"@id\":\"https:\\\/\\\/lasentinelle.dz\\\/index.php\\\/category\\\/economie\\\/#listItem\",\"position\":2,\"name\":\"\\u00c9conomie\",\"item\":\"https:\\\/\\\/lasentinelle.dz\\\/index.php\\\/category\\\/economie\\\/\",\"nextItem\":{\"@type\":\"ListItem\",\"@id\":\"https:\\\/\\\/lasentinelle.dz\\\/index.php\\\/2026\\\/09\\\/05\\\/afreximbank-rappelle-le-succes-de-liatf-dalger-un-catalyseur-durable-du-commerce-intra-africain\\\/#listItem\",\"name\":\"Afreximbank rappelle le succ\\u00e8s de l&rsquo;IATF d&rsquo;Alger\\u00a0: Un catalyseur durable du commerce intra-africain\"},\"previousItem\":{\"@type\":\"ListItem\",\"@id\":\"https:\\\/\\\/lasentinelle.dz#listItem\",\"name\":\"Home\"}},{\"@type\":\"ListItem\",\"@id\":\"https:\\\/\\\/lasentinelle.dz\\\/index.php\\\/2026\\\/09\\\/05\\\/afreximbank-rappelle-le-succes-de-liatf-dalger-un-catalyseur-durable-du-commerce-intra-africain\\\/#listItem\",\"position\":3,\"name\":\"Afreximbank rappelle le succ\\u00e8s de l&rsquo;IATF d&rsquo;Alger\\u00a0: Un catalyseur durable du commerce intra-africain\",\"previousItem\":{\"@type\":\"ListItem\",\"@id\":\"https:\\\/\\\/lasentinelle.dz\\\/index.php\\\/category\\\/economie\\\/#listItem\",\"name\":\"\\u00c9conomie\"}}]},{\"@type\":\"Organization\",\"@id\":\"https:\\\/\\\/lasentinelle.dz\\\/#organization\",\"name\":\"La Sentinelle La Sentinelle\",\"description\":\"Quotidien national d'information\",\"url\":\"https:\\\/\\\/lasentinelle.dz\\\/\",\"logo\":{\"@type\":\"ImageObject\",\"url\":\"https:\\\/\\\/lasentinelle.dz\\\/wp-content\\\/uploads\\\/2021\\\/09\\\/cropped-la-sentinelle-earth-golden-anima-5.gif\",\"@id\":\"https:\\\/\\\/lasentinelle.dz\\\/index.php\\\/2026\\\/09\\\/05\\\/afreximbank-rappelle-le-succes-de-liatf-dalger-un-catalyseur-durable-du-commerce-intra-africain\\\/#organizationLogo\",\"width\":450,\"height\":213},\"image\":{\"@id\":\"https:\\\/\\\/lasentinelle.dz\\\/index.php\\\/2026\\\/09\\\/05\\\/afreximbank-rappelle-le-succes-de-liatf-dalger-un-catalyseur-durable-du-commerce-intra-africain\\\/#organizationLogo\"},\"sameAs\":[\"https:\\\/\\\/www.facebook.com\\\/azzedine.lasentinelle.1\"]},{\"@type\":\"Person\",\"@id\":\"https:\\\/\\\/lasentinelle.dz\\\/author\\\/admin\\\/#author\",\"url\":\"https:\\\/\\\/lasentinelle.dz\\\/author\\\/admin\\\/\",\"name\":\"admin\",\"image\":{\"@type\":\"ImageObject\",\"@id\":\"https:\\\/\\\/lasentinelle.dz\\\/index.php\\\/2026\\\/09\\\/05\\\/afreximbank-rappelle-le-succes-de-liatf-dalger-un-catalyseur-durable-du-commerce-intra-africain\\\/#authorImage\",\"url\":\"https:\\\/\\\/secure.gravatar.com\\\/avatar\\\/4c81fed838786e9b53f540bf46533e750f5d292099ae3b66cfc6fb1982e29df7?s=96&d=mm&r=g\",\"width\":96,\"height\":96,\"caption\":\"admin\"}},{\"@type\":\"WebPage\",\"@id\":\"https:\\\/\\\/lasentinelle.dz\\\/index.php\\\/2026\\\/09\\\/05\\\/afreximbank-rappelle-le-succes-de-liatf-dalger-un-catalyseur-durable-du-commerce-intra-africain\\\/#webpage\",\"url\":\"https:\\\/\\\/lasentinelle.dz\\\/index.php\\\/2026\\\/09\\\/05\\\/afreximbank-rappelle-le-succes-de-liatf-dalger-un-catalyseur-durable-du-commerce-intra-africain\\\/\",\"name\":\"Afreximbank rappelle le succ\\u00e8s de l\\u2019IATF d\\u2019Alger : Un catalyseur durable du commerce intra-africain - La Sentinelle\",\"description\":\"Un an apr\\u00e8s sa tenue, la quatri\\u00e8me \\u00e9dition du Salon du commerce intra-africain, organis\\u00e9e en septembre 2025 \\u00e0 Alger sous la pr\\u00e9sidence d'Abdelmadjid Tebboune, continue de produire ses effets sur les \\u00e9changes \\u00e0 l'\\u00e9chelle du continent, avec pr\\u00e8s de 50 milliards de dollars de transactions conclues, selon la Banque africaine d'import-export. La vice-pr\\u00e9sidente ex\\u00e9cutive de\",\"inLanguage\":\"fr-FR\",\"isPartOf\":{\"@id\":\"https:\\\/\\\/lasentinelle.dz\\\/#website\"},\"breadcrumb\":{\"@id\":\"https:\\\/\\\/lasentinelle.dz\\\/index.php\\\/2026\\\/09\\\/05\\\/afreximbank-rappelle-le-succes-de-liatf-dalger-un-catalyseur-durable-du-commerce-intra-africain\\\/#breadcrumblist\"},\"author\":{\"@id\":\"https:\\\/\\\/lasentinelle.dz\\\/author\\\/admin\\\/#author\"},\"creator\":{\"@id\":\"https:\\\/\\\/lasentinelle.dz\\\/author\\\/admin\\\/#author\"},\"image\":{\"@type\":\"ImageObject\",\"url\":\"https:\\\/\\\/lasentinelle.dz\\\/wp-content\\\/uploads\\\/2025\\\/09\\\/IATF-2.jpg\",\"@id\":\"https:\\\/\\\/lasentinelle.dz\\\/index.php\\\/2026\\\/09\\\/05\\\/afreximbank-rappelle-le-succes-de-liatf-dalger-un-catalyseur-durable-du-commerce-intra-africain\\\/#mainImage\",\"width\":1080,\"height\":720},\"primaryImageOfPage\":{\"@id\":\"https:\\\/\\\/lasentinelle.dz\\\/index.php\\\/2026\\\/09\\\/05\\\/afreximbank-rappelle-le-succes-de-liatf-dalger-un-catalyseur-durable-du-commerce-intra-africain\\\/#mainImage\"},\"datePublished\":\"2026-09-05T22:14:59+01:00\",\"dateModified\":\"2026-09-05T22:15:03+01:00\"},{\"@type\":\"WebSite\",\"@id\":\"https:\\\/\\\/lasentinelle.dz\\\/#website\",\"url\":\"https:\\\/\\\/lasentinelle.dz\\\/\",\"name\":\"La Sentinelle\",\"description\":\"Quotidien national d'information\",\"inLanguage\":\"fr-FR\",\"publisher\":{\"@id\":\"https:\\\/\\\/lasentinelle.dz\\\/#organization\"}}]}\n\t\t<\/script>\n\t\t<!-- All in One SEO -->\n\n","aioseo_head_json":{"title":"Afreximbank rappelle le succ\u00e8s de l\u2019IATF d\u2019Alger : Un catalyseur durable du commerce intra-africain - La Sentinelle","description":"Un an apr\u00e8s sa tenue, la quatri\u00e8me \u00e9dition du Salon du commerce intra-africain, organis\u00e9e en septembre 2025 \u00e0 Alger sous la pr\u00e9sidence d'Abdelmadjid Tebboune, continue de produire ses effets sur les \u00e9changes \u00e0 l'\u00e9chelle du continent, avec pr\u00e8s de 50 milliards de dollars de transactions conclues, selon la Banque africaine d'import-export. La vice-pr\u00e9sidente ex\u00e9cutive de","canonical_url":"https:\/\/lasentinelle.dz\/index.php\/2026\/09\/05\/afreximbank-rappelle-le-succes-de-liatf-dalger-un-catalyseur-durable-du-commerce-intra-africain\/","robots":"max-image-preview:large","keywords":"","webmasterTools":{"miscellaneous":""},"schema":{"@context":"https:\/\/schema.org","@graph":[{"@type":"BlogPosting","@id":"https:\/\/lasentinelle.dz\/index.php\/2026\/09\/05\/afreximbank-rappelle-le-succes-de-liatf-dalger-un-catalyseur-durable-du-commerce-intra-africain\/#blogposting","name":"Afreximbank rappelle le succ\u00e8s de l\u2019IATF d\u2019Alger : Un catalyseur durable du commerce intra-africain - La Sentinelle","headline":"Afreximbank rappelle le succ\u00e8s de l&rsquo;IATF d&rsquo;Alger\u00a0: Un catalyseur durable du commerce intra-africain","author":{"@id":"https:\/\/lasentinelle.dz\/author\/admin\/#author"},"publisher":{"@id":"https:\/\/lasentinelle.dz\/#organization"},"image":{"@type":"ImageObject","url":"https:\/\/lasentinelle.dz\/wp-content\/uploads\/2025\/09\/IATF-2.jpg","width":1080,"height":720},"datePublished":"2026-09-05T22:14:59+01:00","dateModified":"2026-09-05T22:15:03+01:00","inLanguage":"fr-FR","mainEntityOfPage":{"@id":"https:\/\/lasentinelle.dz\/index.php\/2026\/09\/05\/afreximbank-rappelle-le-succes-de-liatf-dalger-un-catalyseur-durable-du-commerce-intra-africain\/#webpage"},"isPartOf":{"@id":"https:\/\/lasentinelle.dz\/index.php\/2026\/09\/05\/afreximbank-rappelle-le-succes-de-liatf-dalger-un-catalyseur-durable-du-commerce-intra-africain\/#webpage"},"articleSection":"\u00c9conomie"},{"@type":"BreadcrumbList","@id":"https:\/\/lasentinelle.dz\/index.php\/2026\/09\/05\/afreximbank-rappelle-le-succes-de-liatf-dalger-un-catalyseur-durable-du-commerce-intra-africain\/#breadcrumblist","itemListElement":[{"@type":"ListItem","@id":"https:\/\/lasentinelle.dz#listItem","position":1,"name":"Home","item":"https:\/\/lasentinelle.dz","nextItem":{"@type":"ListItem","@id":"https:\/\/lasentinelle.dz\/index.php\/category\/economie\/#listItem","name":"\u00c9conomie"}},{"@type":"ListItem","@id":"https:\/\/lasentinelle.dz\/index.php\/category\/economie\/#listItem","position":2,"name":"\u00c9conomie","item":"https:\/\/lasentinelle.dz\/index.php\/category\/economie\/","nextItem":{"@type":"ListItem","@id":"https:\/\/lasentinelle.dz\/index.php\/2026\/09\/05\/afreximbank-rappelle-le-succes-de-liatf-dalger-un-catalyseur-durable-du-commerce-intra-africain\/#listItem","name":"Afreximbank rappelle le succ\u00e8s de l&rsquo;IATF d&rsquo;Alger\u00a0: Un catalyseur durable du commerce intra-africain"},"previousItem":{"@type":"ListItem","@id":"https:\/\/lasentinelle.dz#listItem","name":"Home"}},{"@type":"ListItem","@id":"https:\/\/lasentinelle.dz\/index.php\/2026\/09\/05\/afreximbank-rappelle-le-succes-de-liatf-dalger-un-catalyseur-durable-du-commerce-intra-africain\/#listItem","position":3,"name":"Afreximbank rappelle le succ\u00e8s de l&rsquo;IATF d&rsquo;Alger\u00a0: Un catalyseur durable du commerce intra-africain","previousItem":{"@type":"ListItem","@id":"https:\/\/lasentinelle.dz\/index.php\/category\/economie\/#listItem","name":"\u00c9conomie"}}]},{"@type":"Organization","@id":"https:\/\/lasentinelle.dz\/#organization","name":"La Sentinelle La Sentinelle","description":"Quotidien national d'information","url":"https:\/\/lasentinelle.dz\/","logo":{"@type":"ImageObject","url":"https:\/\/lasentinelle.dz\/wp-content\/uploads\/2021\/09\/cropped-la-sentinelle-earth-golden-anima-5.gif","@id":"https:\/\/lasentinelle.dz\/index.php\/2026\/09\/05\/afreximbank-rappelle-le-succes-de-liatf-dalger-un-catalyseur-durable-du-commerce-intra-africain\/#organizationLogo","width":450,"height":213},"image":{"@id":"https:\/\/lasentinelle.dz\/index.php\/2026\/09\/05\/afreximbank-rappelle-le-succes-de-liatf-dalger-un-catalyseur-durable-du-commerce-intra-africain\/#organizationLogo"},"sameAs":["https:\/\/www.facebook.com\/azzedine.lasentinelle.1"]},{"@type":"Person","@id":"https:\/\/lasentinelle.dz\/author\/admin\/#author","url":"https:\/\/lasentinelle.dz\/author\/admin\/","name":"admin","image":{"@type":"ImageObject","@id":"https:\/\/lasentinelle.dz\/index.php\/2026\/09\/05\/afreximbank-rappelle-le-succes-de-liatf-dalger-un-catalyseur-durable-du-commerce-intra-africain\/#authorImage","url":"https:\/\/secure.gravatar.com\/avatar\/4c81fed838786e9b53f540bf46533e750f5d292099ae3b66cfc6fb1982e29df7?s=96&d=mm&r=g","width":96,"height":96,"caption":"admin"}},{"@type":"WebPage","@id":"https:\/\/lasentinelle.dz\/index.php\/2026\/09\/05\/afreximbank-rappelle-le-succes-de-liatf-dalger-un-catalyseur-durable-du-commerce-intra-africain\/#webpage","url":"https:\/\/lasentinelle.dz\/index.php\/2026\/09\/05\/afreximbank-rappelle-le-succes-de-liatf-dalger-un-catalyseur-durable-du-commerce-intra-africain\/","name":"Afreximbank rappelle le succ\u00e8s de l\u2019IATF d\u2019Alger : Un catalyseur durable du commerce intra-africain - La Sentinelle","description":"Un an apr\u00e8s sa tenue, la quatri\u00e8me \u00e9dition du Salon du commerce intra-africain, organis\u00e9e en septembre 2025 \u00e0 Alger sous la pr\u00e9sidence d'Abdelmadjid Tebboune, continue de produire ses effets sur les \u00e9changes \u00e0 l'\u00e9chelle du continent, avec pr\u00e8s de 50 milliards de dollars de transactions conclues, selon la Banque africaine d'import-export. La vice-pr\u00e9sidente ex\u00e9cutive de","inLanguage":"fr-FR","isPartOf":{"@id":"https:\/\/lasentinelle.dz\/#website"},"breadcrumb":{"@id":"https:\/\/lasentinelle.dz\/index.php\/2026\/09\/05\/afreximbank-rappelle-le-succes-de-liatf-dalger-un-catalyseur-durable-du-commerce-intra-africain\/#breadcrumblist"},"author":{"@id":"https:\/\/lasentinelle.dz\/author\/admin\/#author"},"creator":{"@id":"https:\/\/lasentinelle.dz\/author\/admin\/#author"},"image":{"@type":"ImageObject","url":"https:\/\/lasentinelle.dz\/wp-content\/uploads\/2025\/09\/IATF-2.jpg","@id":"https:\/\/lasentinelle.dz\/index.php\/2026\/09\/05\/afreximbank-rappelle-le-succes-de-liatf-dalger-un-catalyseur-durable-du-commerce-intra-africain\/#mainImage","width":1080,"height":720},"primaryImageOfPage":{"@id":"https:\/\/lasentinelle.dz\/index.php\/2026\/09\/05\/afreximbank-rappelle-le-succes-de-liatf-dalger-un-catalyseur-durable-du-commerce-intra-africain\/#mainImage"},"datePublished":"2026-09-05T22:14:59+01:00","dateModified":"2026-09-05T22:15:03+01:00"},{"@type":"WebSite","@id":"https:\/\/lasentinelle.dz\/#website","url":"https:\/\/lasentinelle.dz\/","name":"La Sentinelle","description":"Quotidien national d'information","inLanguage":"fr-FR","publisher":{"@id":"https:\/\/lasentinelle.dz\/#organization"}}]},"og:locale":"fr_FR","og:site_name":"La Sentinelle - Quotidien national d'information","og:type":"article","og:title":"Afreximbank rappelle le succ\u00e8s de l\u2019IATF d\u2019Alger : Un catalyseur durable du commerce intra-africain - La Sentinelle","og:description":"Un an apr\u00e8s sa tenue, la quatri\u00e8me \u00e9dition du Salon du commerce intra-africain, organis\u00e9e en septembre 2025 \u00e0 Alger sous la pr\u00e9sidence d'Abdelmadjid Tebboune, continue de produire ses effets sur les \u00e9changes \u00e0 l'\u00e9chelle du continent, avec pr\u00e8s de 50 milliards de dollars de transactions conclues, selon la Banque africaine d'import-export. La vice-pr\u00e9sidente ex\u00e9cutive de","og:url":"https:\/\/lasentinelle.dz\/index.php\/2026\/09\/05\/afreximbank-rappelle-le-succes-de-liatf-dalger-un-catalyseur-durable-du-commerce-intra-africain\/","og:image":"https:\/\/lasentinelle.dz\/wp-content\/uploads\/2021\/09\/cropped-la-sentinelle-earth-golden-anima-5.gif","og:image:secure_url":"https:\/\/lasentinelle.dz\/wp-content\/uploads\/2021\/09\/cropped-la-sentinelle-earth-golden-anima-5.gif","og:image:width":450,"og:image:height":213,"article:published_time":"2026-09-05T21:14:59+00:00","article:modified_time":"2026-09-05T21:15:03+00:00","article:publisher":"https:\/\/www.facebook.com\/azzedine.lasentinelle.1","twitter:card":"summary_large_image","twitter:title":"Afreximbank rappelle le succ\u00e8s de l\u2019IATF d\u2019Alger : Un catalyseur durable du commerce intra-africain - La Sentinelle","twitter:description":"Un an apr\u00e8s sa tenue, la quatri\u00e8me \u00e9dition du Salon du commerce intra-africain, organis\u00e9e en septembre 2025 \u00e0 Alger sous la pr\u00e9sidence d'Abdelmadjid Tebboune, continue de produire ses effets sur les \u00e9changes \u00e0 l'\u00e9chelle du continent, avec pr\u00e8s de 50 milliards de dollars de transactions conclues, selon la Banque africaine d'import-export. La vice-pr\u00e9sidente ex\u00e9cutive de","twitter:image":"https:\/\/lasentinelle.dz\/wp-content\/uploads\/2021\/09\/cropped-la-sentinelle-earth-golden-anima-5.gif"},"aioseo_meta_data":{"post_id":"95039","title":null,"description":null,"keywords":null,"keyphrases":{"focus":{"keyphrase":"","score":0,"analysis":{"keyphraseInTitle":{"score":0,"maxScore":9,"error":1}}},"additional":[]},"primary_term":null,"canonical_url":null,"og_title":null,"og_description":null,"og_object_type":"default","og_image_type":"default","og_image_url":null,"og_image_width":null,"og_image_height":null,"og_image_custom_url":null,"og_image_custom_fields":null,"og_video":"","og_custom_url":null,"og_article_section":null,"og_article_tags":null,"twitter_use_og":false,"twitter_card":"default","twitter_image_type":"default","twitter_image_url":null,"twitter_image_custom_url":null,"twitter_image_custom_fields":null,"twitter_title":null,"twitter_description":null,"schema":{"blockGraphs":[],"customGraphs":[],"default":{"data":{"Article":[],"Course":[],"Dataset":[],"FAQPage":[],"Movie":[],"Person":[],"Product":[],"ProductReview":[],"Car":[],"Recipe":[],"Service":[],"SoftwareApplication":[],"WebPage":[]},"graphName":"BlogPosting","isEnabled":true},"graphs":[]},"schema_type":"default","schema_type_options":null,"pillar_content":false,"robots_default":true,"robots_noindex":false,"robots_noarchive":false,"robots_nosnippet":false,"robots_nofollow":false,"robots_noimageindex":false,"robots_noodp":false,"robots_notranslate":false,"robots_max_snippet":"-1","robots_max_videopreview":"-1","robots_max_imagepreview":"large","priority":null,"frequency":"default","local_seo":null,"breadcrumb_settings":null,"limit_modified_date":false,"ai":{"faqs":[],"keyPoints":[],"schemas":[],"titles":[],"descriptions":[],"socialPosts":{"email":{"subject":"","preview":"","content":""},"linkedin":[],"twitter":[],"facebook":[],"instagram":[]}},"created":"2026-09-05 21:15:04","updated":"2026-09-05 22:29:55","focus_keyword":null,"additional_keywords":null,"truseo_locale":null,"seo_analyzer_scan_date":null},"aioseo_breadcrumb":"<div class=\"aioseo-breadcrumbs\"><span class=\"aioseo-breadcrumb\">\n\t\t\t<a href=\"https:\/\/lasentinelle.dz\" title=\"Home\">Home<\/a>\n\t\t<\/span><span class=\"aioseo-breadcrumb-separator\">&raquo;<\/span><span class=\"aioseo-breadcrumb\">\n\t\t\t<a href=\"https:\/\/lasentinelle.dz\/index.php\/category\/economie\/\" title=\"\u00c9conomie\">\u00c9conomie<\/a>\n\t\t<\/span><span class=\"aioseo-breadcrumb-separator\">&raquo;<\/span><span class=\"aioseo-breadcrumb\">\n\t\t\tAfreximbank rappelle le succ\u00e8s de l\u2019IATF d\u2019Alger : Un catalyseur durable du commerce intra-africain\n\t\t<\/span><\/div>","aioseo_breadcrumb_json":[{"label":"Home","link":"https:\/\/lasentinelle.dz"},{"label":"\u00c9conomie","link":"https:\/\/lasentinelle.dz\/index.php\/category\/economie\/"},{"label":"Afreximbank rappelle le succ\u00e8s de l&rsquo;IATF d&rsquo;Alger\u00a0: Un catalyseur durable du commerce intra-africain","link":"https:\/\/lasentinelle.dz\/index.php\/2026\/09\/05\/afreximbank-rappelle-le-succes-de-liatf-dalger-un-catalyseur-durable-du-commerce-intra-africain\/"}],"yoast_head":"<!-- This site is optimized with the Yoast SEO plugin v28.4 - https:\/\/yoast.com\/product\/yoast-seo-wordpress\/ -->\n<title>Afreximbank rappelle le succ\u00e8s de l&rsquo;IATF d&rsquo;Alger\u00a0: Un catalyseur durable du commerce intra-africain - La Sentinelle<\/title>\n<meta name=\"robots\" content=\"index, follow, max-snippet:-1, max-image-preview:large, max-video-preview:-1\" \/>\n<link rel=\"canonical\" href=\"https:\/\/lasentinelle.dz\/index.php\/2026\/09\/05\/afreximbank-rappelle-le-succes-de-liatf-dalger-un-catalyseur-durable-du-commerce-intra-africain\/\" \/>\n<meta property=\"og:locale\" content=\"fr_FR\" \/>\n<meta property=\"og:type\" content=\"article\" \/>\n<meta property=\"og:title\" content=\"Afreximbank rappelle le succ\u00e8s de l&rsquo;IATF d&rsquo;Alger\u00a0: Un catalyseur durable du commerce intra-africain - La Sentinelle\" \/>\n<meta property=\"og:description\" content=\"Un an apr\u00e8s sa tenue, la quatri\u00e8me \u00e9dition du Salon du commerce intra-africain, organis\u00e9e en septembre 2025 \u00e0 Alger sous\" \/>\n<meta property=\"og:url\" content=\"https:\/\/lasentinelle.dz\/index.php\/2026\/09\/05\/afreximbank-rappelle-le-succes-de-liatf-dalger-un-catalyseur-durable-du-commerce-intra-africain\/\" \/>\n<meta property=\"og:site_name\" content=\"La Sentinelle\" \/>\n<meta property=\"article:publisher\" content=\"https:\/\/www.facebook.com\/La-Sentinelle-104059864394773\" \/>\n<meta property=\"article:published_time\" content=\"2026-09-05T21:14:59+00:00\" \/>\n<meta property=\"article:modified_time\" content=\"2026-09-05T21:15:03+00:00\" \/>\n<meta property=\"og:image\" content=\"https:\/\/lasentinelle.dz\/wp-content\/uploads\/2025\/09\/IATF-2.jpg\" \/>\n\t<meta property=\"og:image:width\" content=\"1080\" \/>\n\t<meta property=\"og:image:height\" content=\"720\" \/>\n\t<meta property=\"og:image:type\" content=\"image\/jpeg\" \/>\n<meta name=\"author\" content=\"admin\" \/>\n<meta name=\"twitter:card\" content=\"summary_large_image\" \/>\n<meta name=\"twitter:label1\" content=\"\u00c9crit par\" \/>\n\t<meta name=\"twitter:data1\" content=\"admin\" \/>\n\t<meta name=\"twitter:label2\" content=\"Dur\u00e9e de lecture estim\u00e9e\" \/>\n\t<meta name=\"twitter:data2\" content=\"4 minutes\" \/>\n<script type=\"application\/ld+json\" class=\"yoast-schema-graph\">{\"@context\":\"https:\\\/\\\/schema.org\",\"@graph\":[{\"@type\":\"Article\",\"@id\":\"https:\\\/\\\/lasentinelle.dz\\\/index.php\\\/2026\\\/09\\\/05\\\/afreximbank-rappelle-le-succes-de-liatf-dalger-un-catalyseur-durable-du-commerce-intra-africain\\\/#article\",\"isPartOf\":{\"@id\":\"https:\\\/\\\/lasentinelle.dz\\\/index.php\\\/2026\\\/09\\\/05\\\/afreximbank-rappelle-le-succes-de-liatf-dalger-un-catalyseur-durable-du-commerce-intra-africain\\\/\"},\"author\":{\"name\":\"admin\",\"@id\":\"https:\\\/\\\/lasentinelle.dz\\\/#\\\/schema\\\/person\\\/729ee0024f24e0b8c5ec17232f8e8b41\"},\"headline\":\"Afreximbank rappelle le succ\u00e8s de l&rsquo;IATF d&rsquo;Alger\u00a0: Un catalyseur durable du commerce intra-africain\",\"datePublished\":\"2026-09-05T21:14:59+00:00\",\"dateModified\":\"2026-09-05T21:15:03+00:00\",\"mainEntityOfPage\":{\"@id\":\"https:\\\/\\\/lasentinelle.dz\\\/index.php\\\/2026\\\/09\\\/05\\\/afreximbank-rappelle-le-succes-de-liatf-dalger-un-catalyseur-durable-du-commerce-intra-africain\\\/\"},\"wordCount\":724,\"commentCount\":0,\"publisher\":{\"@id\":\"https:\\\/\\\/lasentinelle.dz\\\/#organization\"},\"image\":{\"@id\":\"https:\\\/\\\/lasentinelle.dz\\\/index.php\\\/2026\\\/09\\\/05\\\/afreximbank-rappelle-le-succes-de-liatf-dalger-un-catalyseur-durable-du-commerce-intra-africain\\\/#primaryimage\"},\"thumbnailUrl\":\"https:\\\/\\\/lasentinelle.dz\\\/wp-content\\\/uploads\\\/2025\\\/09\\\/IATF-2.jpg\",\"articleSection\":[\"\u00c9conomie\"],\"inLanguage\":\"fr-FR\",\"potentialAction\":[{\"@type\":\"CommentAction\",\"name\":\"Comment\",\"target\":[\"https:\\\/\\\/lasentinelle.dz\\\/index.php\\\/2026\\\/09\\\/05\\\/afreximbank-rappelle-le-succes-de-liatf-dalger-un-catalyseur-durable-du-commerce-intra-africain\\\/#respond\"]}]},{\"@type\":\"WebPage\",\"@id\":\"https:\\\/\\\/lasentinelle.dz\\\/index.php\\\/2026\\\/09\\\/05\\\/afreximbank-rappelle-le-succes-de-liatf-dalger-un-catalyseur-durable-du-commerce-intra-africain\\\/\",\"url\":\"https:\\\/\\\/lasentinelle.dz\\\/index.php\\\/2026\\\/09\\\/05\\\/afreximbank-rappelle-le-succes-de-liatf-dalger-un-catalyseur-durable-du-commerce-intra-africain\\\/\",\"name\":\"Afreximbank rappelle le succ\u00e8s de l&rsquo;IATF d&rsquo;Alger\u00a0: Un catalyseur durable du commerce intra-africain - La Sentinelle\",\"isPartOf\":{\"@id\":\"https:\\\/\\\/lasentinelle.dz\\\/#website\"},\"primaryImageOfPage\":{\"@id\":\"https:\\\/\\\/lasentinelle.dz\\\/index.php\\\/2026\\\/09\\\/05\\\/afreximbank-rappelle-le-succes-de-liatf-dalger-un-catalyseur-durable-du-commerce-intra-africain\\\/#primaryimage\"},\"image\":{\"@id\":\"https:\\\/\\\/lasentinelle.dz\\\/index.php\\\/2026\\\/09\\\/05\\\/afreximbank-rappelle-le-succes-de-liatf-dalger-un-catalyseur-durable-du-commerce-intra-africain\\\/#primaryimage\"},\"thumbnailUrl\":\"https:\\\/\\\/lasentinelle.dz\\\/wp-content\\\/uploads\\\/2025\\\/09\\\/IATF-2.jpg\",\"datePublished\":\"2026-09-05T21:14:59+00:00\",\"dateModified\":\"2026-09-05T21:15:03+00:00\",\"breadcrumb\":{\"@id\":\"https:\\\/\\\/lasentinelle.dz\\\/index.php\\\/2026\\\/09\\\/05\\\/afreximbank-rappelle-le-succes-de-liatf-dalger-un-catalyseur-durable-du-commerce-intra-africain\\\/#breadcrumb\"},\"inLanguage\":\"fr-FR\",\"potentialAction\":[{\"@type\":\"ReadAction\",\"target\":[\"https:\\\/\\\/lasentinelle.dz\\\/index.php\\\/2026\\\/09\\\/05\\\/afreximbank-rappelle-le-succes-de-liatf-dalger-un-catalyseur-durable-du-commerce-intra-africain\\\/\"]}]},{\"@type\":\"ImageObject\",\"inLanguage\":\"fr-FR\",\"@id\":\"https:\\\/\\\/lasentinelle.dz\\\/index.php\\\/2026\\\/09\\\/05\\\/afreximbank-rappelle-le-succes-de-liatf-dalger-un-catalyseur-durable-du-commerce-intra-africain\\\/#primaryimage\",\"url\":\"https:\\\/\\\/lasentinelle.dz\\\/wp-content\\\/uploads\\\/2025\\\/09\\\/IATF-2.jpg\",\"contentUrl\":\"https:\\\/\\\/lasentinelle.dz\\\/wp-content\\\/uploads\\\/2025\\\/09\\\/IATF-2.jpg\",\"width\":1080,\"height\":720},{\"@type\":\"BreadcrumbList\",\"@id\":\"https:\\\/\\\/lasentinelle.dz\\\/index.php\\\/2026\\\/09\\\/05\\\/afreximbank-rappelle-le-succes-de-liatf-dalger-un-catalyseur-durable-du-commerce-intra-africain\\\/#breadcrumb\",\"itemListElement\":[{\"@type\":\"ListItem\",\"position\":1,\"name\":\"Accueil\",\"item\":\"https:\\\/\\\/lasentinelle.dz\\\/\"},{\"@type\":\"ListItem\",\"position\":2,\"name\":\"Afreximbank rappelle le succ\u00e8s de l&rsquo;IATF d&rsquo;Alger\u00a0: Un catalyseur durable du commerce intra-africain\"}]},{\"@type\":\"WebSite\",\"@id\":\"https:\\\/\\\/lasentinelle.dz\\\/#website\",\"url\":\"https:\\\/\\\/lasentinelle.dz\\\/\",\"name\":\"La Sentinelle\",\"description\":\"Quotidien national d&#039;information\",\"publisher\":{\"@id\":\"https:\\\/\\\/lasentinelle.dz\\\/#organization\"},\"potentialAction\":[{\"@type\":\"SearchAction\",\"target\":{\"@type\":\"EntryPoint\",\"urlTemplate\":\"https:\\\/\\\/lasentinelle.dz\\\/?s={search_term_string}\"},\"query-input\":{\"@type\":\"PropertyValueSpecification\",\"valueRequired\":true,\"valueName\":\"search_term_string\"}}],\"inLanguage\":\"fr-FR\"},{\"@type\":\"Organization\",\"@id\":\"https:\\\/\\\/lasentinelle.dz\\\/#organization\",\"name\":\"Quotidien La Sentinelle\",\"url\":\"https:\\\/\\\/lasentinelle.dz\\\/\",\"logo\":{\"@type\":\"ImageObject\",\"inLanguage\":\"fr-FR\",\"@id\":\"https:\\\/\\\/lasentinelle.dz\\\/#\\\/schema\\\/logo\\\/image\\\/\",\"url\":\"https:\\\/\\\/lasentinelle.dz\\\/wp-content\\\/uploads\\\/2021\\\/09\\\/logo-sentinelleSLOGAN-1.png\",\"contentUrl\":\"https:\\\/\\\/lasentinelle.dz\\\/wp-content\\\/uploads\\\/2021\\\/09\\\/logo-sentinelleSLOGAN-1.png\",\"width\":615,\"height\":142,\"caption\":\"Quotidien La Sentinelle\"},\"image\":{\"@id\":\"https:\\\/\\\/lasentinelle.dz\\\/#\\\/schema\\\/logo\\\/image\\\/\"},\"sameAs\":[\"https:\\\/\\\/www.facebook.com\\\/La-Sentinelle-104059864394773\"]},{\"@type\":\"Person\",\"@id\":\"https:\\\/\\\/lasentinelle.dz\\\/#\\\/schema\\\/person\\\/729ee0024f24e0b8c5ec17232f8e8b41\",\"name\":\"admin\",\"image\":{\"@type\":\"ImageObject\",\"inLanguage\":\"fr-FR\",\"@id\":\"https:\\\/\\\/secure.gravatar.com\\\/avatar\\\/4c81fed838786e9b53f540bf46533e750f5d292099ae3b66cfc6fb1982e29df7?s=96&d=mm&r=g\",\"url\":\"https:\\\/\\\/secure.gravatar.com\\\/avatar\\\/4c81fed838786e9b53f540bf46533e750f5d292099ae3b66cfc6fb1982e29df7?s=96&d=mm&r=g\",\"contentUrl\":\"https:\\\/\\\/secure.gravatar.com\\\/avatar\\\/4c81fed838786e9b53f540bf46533e750f5d292099ae3b66cfc6fb1982e29df7?s=96&d=mm&r=g\",\"caption\":\"admin\"},\"description\":\"admin\",\"url\":\"https:\\\/\\\/lasentinelle.dz\\\/author\\\/admin\\\/\"}]}<\/script>\n<!-- \/ Yoast SEO plugin. -->","yoast_head_json":{"title":"Afreximbank rappelle le succ\u00e8s de l&rsquo;IATF d&rsquo;Alger\u00a0: Un catalyseur durable du commerce intra-africain - La Sentinelle","robots":{"index":"index","follow":"follow","max-snippet":"max-snippet:-1","max-image-preview":"max-image-preview:large","max-video-preview":"max-video-preview:-1"},"canonical":"https:\/\/lasentinelle.dz\/index.php\/2026\/09\/05\/afreximbank-rappelle-le-succes-de-liatf-dalger-un-catalyseur-durable-du-commerce-intra-africain\/","og_locale":"fr_FR","og_type":"article","og_title":"Afreximbank rappelle le succ\u00e8s de l&rsquo;IATF d&rsquo;Alger\u00a0: Un catalyseur durable du commerce intra-africain - La Sentinelle","og_description":"Un an apr\u00e8s sa tenue, la quatri\u00e8me \u00e9dition du Salon du commerce intra-africain, organis\u00e9e en septembre 2025 \u00e0 Alger sous","og_url":"https:\/\/lasentinelle.dz\/index.php\/2026\/09\/05\/afreximbank-rappelle-le-succes-de-liatf-dalger-un-catalyseur-durable-du-commerce-intra-africain\/","og_site_name":"La Sentinelle","article_publisher":"https:\/\/www.facebook.com\/La-Sentinelle-104059864394773","article_published_time":"2026-09-05T21:14:59+00:00","article_modified_time":"2026-09-05T21:15:03+00:00","og_image":[{"width":1080,"height":720,"url":"https:\/\/lasentinelle.dz\/wp-content\/uploads\/2025\/09\/IATF-2.jpg","type":"image\/jpeg"}],"author":"admin","twitter_card":"summary_large_image","twitter_misc":{"\u00c9crit par":"admin","Dur\u00e9e de lecture estim\u00e9e":"4 minutes"},"schema":{"@context":"https:\/\/schema.org","@graph":[{"@type":"Article","@id":"https:\/\/lasentinelle.dz\/index.php\/2026\/09\/05\/afreximbank-rappelle-le-succes-de-liatf-dalger-un-catalyseur-durable-du-commerce-intra-africain\/#article","isPartOf":{"@id":"https:\/\/lasentinelle.dz\/index.php\/2026\/09\/05\/afreximbank-rappelle-le-succes-de-liatf-dalger-un-catalyseur-durable-du-commerce-intra-africain\/"},"author":{"name":"admin","@id":"https:\/\/lasentinelle.dz\/#\/schema\/person\/729ee0024f24e0b8c5ec17232f8e8b41"},"headline":"Afreximbank rappelle le succ\u00e8s de l&rsquo;IATF d&rsquo;Alger\u00a0: Un catalyseur durable du commerce intra-africain","datePublished":"2026-09-05T21:14:59+00:00","dateModified":"2026-09-05T21:15:03+00:00","mainEntityOfPage":{"@id":"https:\/\/lasentinelle.dz\/index.php\/2026\/09\/05\/afreximbank-rappelle-le-succes-de-liatf-dalger-un-catalyseur-durable-du-commerce-intra-africain\/"},"wordCount":724,"commentCount":0,"publisher":{"@id":"https:\/\/lasentinelle.dz\/#organization"},"image":{"@id":"https:\/\/lasentinelle.dz\/index.php\/2026\/09\/05\/afreximbank-rappelle-le-succes-de-liatf-dalger-un-catalyseur-durable-du-commerce-intra-africain\/#primaryimage"},"thumbnailUrl":"https:\/\/lasentinelle.dz\/wp-content\/uploads\/2025\/09\/IATF-2.jpg","articleSection":["\u00c9conomie"],"inLanguage":"fr-FR","potentialAction":[{"@type":"CommentAction","name":"Comment","target":["https:\/\/lasentinelle.dz\/index.php\/2026\/09\/05\/afreximbank-rappelle-le-succes-de-liatf-dalger-un-catalyseur-durable-du-commerce-intra-africain\/#respond"]}]},{"@type":"WebPage","@id":"https:\/\/lasentinelle.dz\/index.php\/2026\/09\/05\/afreximbank-rappelle-le-succes-de-liatf-dalger-un-catalyseur-durable-du-commerce-intra-africain\/","url":"https:\/\/lasentinelle.dz\/index.php\/2026\/09\/05\/afreximbank-rappelle-le-succes-de-liatf-dalger-un-catalyseur-durable-du-commerce-intra-africain\/","name":"Afreximbank rappelle le succ\u00e8s de l&rsquo;IATF d&rsquo;Alger\u00a0: Un catalyseur durable du commerce intra-africain - La Sentinelle","isPartOf":{"@id":"https:\/\/lasentinelle.dz\/#website"},"primaryImageOfPage":{"@id":"https:\/\/lasentinelle.dz\/index.php\/2026\/09\/05\/afreximbank-rappelle-le-succes-de-liatf-dalger-un-catalyseur-durable-du-commerce-intra-africain\/#primaryimage"},"image":{"@id":"https:\/\/lasentinelle.dz\/index.php\/2026\/09\/05\/afreximbank-rappelle-le-succes-de-liatf-dalger-un-catalyseur-durable-du-commerce-intra-africain\/#primaryimage"},"thumbnailUrl":"https:\/\/lasentinelle.dz\/wp-content\/uploads\/2025\/09\/IATF-2.jpg","datePublished":"2026-09-05T21:14:59+00:00","dateModified":"2026-09-05T21:15:03+00:00","breadcrumb":{"@id":"https:\/\/lasentinelle.dz\/index.php\/2026\/09\/05\/afreximbank-rappelle-le-succes-de-liatf-dalger-un-catalyseur-durable-du-commerce-intra-africain\/#breadcrumb"},"inLanguage":"fr-FR","potentialAction":[{"@type":"ReadAction","target":["https:\/\/lasentinelle.dz\/index.php\/2026\/09\/05\/afreximbank-rappelle-le-succes-de-liatf-dalger-un-catalyseur-durable-du-commerce-intra-africain\/"]}]},{"@type":"ImageObject","inLanguage":"fr-FR","@id":"https:\/\/lasentinelle.dz\/index.php\/2026\/09\/05\/afreximbank-rappelle-le-succes-de-liatf-dalger-un-catalyseur-durable-du-commerce-intra-africain\/#primaryimage","url":"https:\/\/lasentinelle.dz\/wp-content\/uploads\/2025\/09\/IATF-2.jpg","contentUrl":"https:\/\/lasentinelle.dz\/wp-content\/uploads\/2025\/09\/IATF-2.jpg","width":1080,"height":720},{"@type":"BreadcrumbList","@id":"https:\/\/lasentinelle.dz\/index.php\/2026\/09\/05\/afreximbank-rappelle-le-succes-de-liatf-dalger-un-catalyseur-durable-du-commerce-intra-africain\/#breadcrumb","itemListElement":[{"@type":"ListItem","position":1,"name":"Accueil","item":"https:\/\/lasentinelle.dz\/"},{"@type":"ListItem","position":2,"name":"Afreximbank rappelle le succ\u00e8s de l&rsquo;IATF d&rsquo;Alger\u00a0: Un catalyseur durable du commerce intra-africain"}]},{"@type":"WebSite","@id":"https:\/\/lasentinelle.dz\/#website","url":"https:\/\/lasentinelle.dz\/","name":"La Sentinelle","description":"Quotidien national d&#039;information","publisher":{"@id":"https:\/\/lasentinelle.dz\/#organization"},"potentialAction":[{"@type":"SearchAction","target":{"@type":"EntryPoint","urlTemplate":"https:\/\/lasentinelle.dz\/?s={search_term_string}"},"query-input":{"@type":"PropertyValueSpecification","valueRequired":true,"valueName":"search_term_string"}}],"inLanguage":"fr-FR"},{"@type":"Organization","@id":"https:\/\/lasentinelle.dz\/#organization","name":"Quotidien La Sentinelle","url":"https:\/\/lasentinelle.dz\/","logo":{"@type":"ImageObject","inLanguage":"fr-FR","@id":"https:\/\/lasentinelle.dz\/#\/schema\/logo\/image\/","url":"https:\/\/lasentinelle.dz\/wp-content\/uploads\/2021\/09\/logo-sentinelleSLOGAN-1.png","contentUrl":"https:\/\/lasentinelle.dz\/wp-content\/uploads\/2021\/09\/logo-sentinelleSLOGAN-1.png","width":615,"height":142,"caption":"Quotidien La Sentinelle"},"image":{"@id":"https:\/\/lasentinelle.dz\/#\/schema\/logo\/image\/"},"sameAs":["https:\/\/www.facebook.com\/La-Sentinelle-104059864394773"]},{"@type":"Person","@id":"https:\/\/lasentinelle.dz\/#\/schema\/person\/729ee0024f24e0b8c5ec17232f8e8b41","name":"admin","image":{"@type":"ImageObject","inLanguage":"fr-FR","@id":"https:\/\/secure.gravatar.com\/avatar\/4c81fed838786e9b53f540bf46533e750f5d292099ae3b66cfc6fb1982e29df7?s=96&d=mm&r=g","url":"https:\/\/secure.gravatar.com\/avatar\/4c81fed838786e9b53f540bf46533e750f5d292099ae3b66cfc6fb1982e29df7?s=96&d=mm&r=g","contentUrl":"https:\/\/secure.gravatar.com\/avatar\/4c81fed838786e9b53f540bf46533e750f5d292099ae3b66cfc6fb1982e29df7?s=96&d=mm&r=g","caption":"admin"},"description":"admin","url":"https:\/\/lasentinelle.dz\/author\/admin\/"}]}},"_links":{"self":[{"href":"https:\/\/lasentinelle.dz\/index.php\/wp-json\/wp\/v2\/posts\/95039","targetHints":{"allow":["GET"]}}],"collection":[{"href":"https:\/\/lasentinelle.dz\/index.php\/wp-json\/wp\/v2\/posts"}],"about":[{"href":"https:\/\/lasentinelle.dz\/index.php\/wp-json\/wp\/v2\/types\/post"}],"author":[{"embeddable":true,"href":"https:\/\/lasentinelle.dz\/index.php\/wp-json\/wp\/v2\/users\/6"}],"replies":[{"embeddable":true,"href":"https:\/\/lasentinelle.dz\/index.php\/wp-json\/wp\/v2\/comments?post=95039"}],"version-history":[{"count":2,"href":"https:\/\/lasentinelle.dz\/index.php\/wp-json\/wp\/v2\/posts\/95039\/revisions"}],"predecessor-version":[{"id":95041,"href":"https:\/\/lasentinelle.dz\/index.php\/wp-json\/wp\/v2\/posts\/95039\/revisions\/95041"}],"wp:featuredmedia":[{"embeddable":true,"href":"https:\/\/lasentinelle.dz\/index.php\/wp-json\/wp\/v2\/media\/73246"}],"wp:attachment":[{"href":"https:\/\/lasentinelle.dz\/index.php\/wp-json\/wp\/v2\/media?parent=95039"}],"wp:term":[{"taxonomy":"category","embeddable":true,"href":"https:\/\/lasentinelle.dz\/index.php\/wp-json\/wp\/v2\/categories?post=95039"},{"taxonomy":"post_tag","embeddable":true,"href":"https:\/\/lasentinelle.dz\/index.php\/wp-json\/wp\/v2\/tags?post=95039"}],"curies":[{"name":"wp","href":"https:\/\/api.w.org\/{rel}","templated":true}]}}