{"id":95042,"date":"2026-09-05T22:15:59","date_gmt":"2026-09-05T21:15:59","guid":{"rendered":"https:\/\/lasentinelle.dz\/?p=95042"},"modified":"2026-09-05T22:16:11","modified_gmt":"2026-09-05T21:16:11","slug":"inflation-leger-recul-des-prix-a-la-consommation-en-juin","status":"publish","type":"post","link":"https:\/\/lasentinelle.dz\/index.php\/2026\/09\/05\/inflation-leger-recul-des-prix-a-la-consommation-en-juin\/","title":{"rendered":"Inflation\u00a0: L\u00e9ger recul des prix \u00e0 la consommation en juin"},"content":{"rendered":"\n<p class=\"wp-block-paragraph\"><em>L&rsquo;indice national des prix \u00e0 la consommation a recul\u00e9 de 0,4% en juin 2026 par rapport \u00e0 mai, tir\u00e9 vers le bas par la baisse des prix alimentaires, selon les donn\u00e9es publi\u00e9es par l&rsquo;Office national des statistiques (ONS). \u00c0 Alger, l&rsquo;indice affiche une quasi-stabilit\u00e9 sur la m\u00eame p\u00e9riode.<\/em><\/p>\n\n\n\n<p class=\"wp-block-paragraph\">Les prix \u00e0 la consommation ont marqu\u00e9 le pas en juin dernier \u00e0 l&rsquo;\u00e9chelle nationale, l&rsquo;indice g\u00e9n\u00e9ral reculant de 0,4% par rapport \u00e0 mai 2026, selon la derni\u00e8re note de conjoncture de l&rsquo;Office national des statistiques. Ce repli, le second en quelques mois apr\u00e8s celui enregistr\u00e9 en d\u00e9cembre, s&rsquo;explique principalement par la baisse des prix des biens alimentaires, en diminution de 0,9% sur un mois au niveau national. Sur la base de ces donn\u00e9es, l&rsquo;indice g\u00e9n\u00e9ral national s&rsquo;\u00e9tablit \u00e0 324,86 points, en hausse de 7,62% sur un an et de 5,17% sur les six premiers mois de l&rsquo;ann\u00e9e compar\u00e9s \u00e0 la m\u00eame p\u00e9riode de 2025. Le groupe alimentation-boissons non alcoolis\u00e9es, qui p\u00e8se le plus lourd dans le panier de r\u00e9f\u00e9rence, enregistre pour sa part une progression de 7,31% en glissement annuel, contre une hausse de 9% environ observ\u00e9e les mois pr\u00e9c\u00e9dents, signe d&rsquo;un d\u00e9but de ralentissement de la pression sur les prix des produits de large consommation.<\/p>\n\n\n\n<p class=\"wp-block-paragraph\">Cette respiration au niveau national profite essentiellement aux produits agricoles frais, dont plusieurs cat\u00e9gories ont vu leurs prix reculer sensiblement. Les autres postes du panier de la m\u00e9nag\u00e8re \u00e9voluent en revanche \u00e0 un rythme plus mod\u00e9r\u00e9, \u00e0 l&rsquo;image de l&rsquo;habillement-chaussures (+0,32% sur un mois), du logement-charges (+0,44%) ou encore de la sant\u00e9 et de l&rsquo;hygi\u00e8ne corporelle (+0,19%), traduisant une relative stabilit\u00e9 hors alimentation.<\/p>\n\n\n\n<p class=\"wp-block-paragraph\">\u00c0 Alger,&nbsp; l&rsquo;indice brut des prix \u00e0 la consommation affiche une quasi-stabilit\u00e9 en juin, avec un l\u00e9ger recul de 0,1% par rapport \u00e0 mai, apr\u00e8s une hausse de 0,3% le mois pr\u00e9c\u00e9dent. L\u00e0 aussi, ce sont les prix alimentaires qui tirent l&rsquo;indice vers le bas, en baisse de 0,3% sur un mois, port\u00e9s par le recul des prix de la viande et des abats de mouton (-4,9%), des l\u00e9gumes (-4,5%) et de la viande de poulet (-4,8%). Seuls les fruits et la pomme de terre \u00e9chappent \u00e0 cette tendance baissi\u00e8re, avec des hausses respectives de 11,9% et 32,1%, cette derni\u00e8re restant n\u00e9anmoins en net repli sur un an (-16,7%).<\/p>\n\n\n\n<p class=\"wp-block-paragraph\"><strong>U taux d\u2019inflation annuel \u00e0 2,5%<\/strong><\/p>\n\n\n\n<p class=\"wp-block-paragraph\">Corrig\u00e9 des variations saisonni\u00e8res, l&rsquo;indice alg\u00e9rois progresse de 0,2% par rapport \u00e0 mai, tandis que la variation annuelle des prix \u00e0 la consommation s&rsquo;\u00e9tablit \u00e0 8,4%. L&rsquo;ONS pr\u00e9cise toutefois que le rythme d&rsquo;inflation annuel, calcul\u00e9 sur la p\u00e9riode de juillet 2025 \u00e0 juin 2026 compar\u00e9e \u00e0 juillet 2024-juin 2025, ressort \u00e0 2,5%, un indicateur qui traduit une d\u00e9c\u00e9l\u00e9ration de la dynamique inflationniste sur longue p\u00e9riode par rapport aux pics enregistr\u00e9s lors des exercices pr\u00e9c\u00e9dents. Les prix des biens manufactur\u00e9s continuent en revanche d&rsquo;\u00e9voluer \u00e0 un rythme plus soutenu au niveau national, avec une progression de 11,13% sur un an, tandis que les services enregistrent une hausse plus contenue de 2,19% sur la m\u00eame p\u00e9riode.<\/p>\n\n\n\n<p class=\"wp-block-paragraph\">Sabrina Aziouez<\/p>\n","protected":false},"excerpt":{"rendered":"<p>L&rsquo;indice national des prix \u00e0 la consommation a recul\u00e9 de 0,4% en juin 2026 par rapport \u00e0 mai, tir\u00e9 vers<\/p>\n","protected":false},"author":6,"featured_media":80421,"comment_status":"open","ping_status":"closed","sticky":false,"template":"","format":"standard","meta":{"colormag_page_container_layout":"default_layout","colormag_page_sidebar_layout":"default_layout","om_disable_all_campaigns":false,"_monsterinsights_skip_tracking":false,"footnotes":"","_wpscppro_dont_share_socialmedia":false,"_wpscppro_custom_social_share_image":0,"_facebook_share_type":"default","_twitter_share_type":"default","_linkedin_share_type":"default","_pinterest_share_type":"default","_linkedin_share_type_page":"","_instagram_share_type":"default","_medium_share_type":"default","_threads_share_type":"default","_google_business_share_type":"default","_bluesky_share_type":"default","_mastodon_share_type":"default","_selected_social_profile":[],"_wpsp_enable_custom_social_template":false,"_wpsp_social_scheduling":{"enabled":false,"datetime":null,"platforms":[],"status":"template_only","dateOption":"today","timeOption":"now","customDays":"","customHours":"","customDate":"","customTime":"","schedulingType":"absolute"},"_wpsp_active_default_template":true},"categories":[52,29],"tags":[],"class_list":["post-95042","post","type-post","status-publish","format-standard","has-post-thumbnail","hentry","category-a-la-une","category-economie"],"aioseo_notices":[],"aioseo_head":"\n\t\t<!-- All in One SEO 5.0.0.1 - aioseo.com -->\n\t<meta name=\"description\" content=\"L&#039;indice national des prix \u00e0 la consommation a recul\u00e9 de 0,4% en juin 2026 par rapport \u00e0 mai, tir\u00e9 vers le bas par la baisse des prix alimentaires, selon les donn\u00e9es publi\u00e9es par l&#039;Office national des statistiques (ONS). \u00c0 Alger, l&#039;indice affiche une quasi-stabilit\u00e9 sur la m\u00eame p\u00e9riode. Les prix \u00e0 la consommation ont marqu\u00e9\" \/>\n\t<meta name=\"robots\" content=\"max-image-preview:large\" \/>\n\t<meta name=\"author\" content=\"admin\"\/>\n\t<link rel=\"canonical\" href=\"https:\/\/lasentinelle.dz\/index.php\/2026\/09\/05\/inflation-leger-recul-des-prix-a-la-consommation-en-juin\/\" \/>\n\t<meta name=\"generator\" content=\"All in One SEO (AIOSEO) 5.0.0.1\" \/>\n\t\t<meta property=\"og:locale\" content=\"fr_FR\" \/>\n\t\t<meta property=\"og:site_name\" content=\"La Sentinelle - Quotidien national d&#039;information\" \/>\n\t\t<meta property=\"og:type\" content=\"article\" \/>\n\t\t<meta property=\"og:title\" content=\"Inflation : L\u00e9ger recul des prix \u00e0 la consommation en juin - La Sentinelle\" \/>\n\t\t<meta property=\"og:description\" content=\"L&#039;indice national des prix \u00e0 la consommation a recul\u00e9 de 0,4% en juin 2026 par rapport \u00e0 mai, tir\u00e9 vers le bas par la baisse des prix alimentaires, selon les donn\u00e9es publi\u00e9es par l&#039;Office national des statistiques (ONS). \u00c0 Alger, l&#039;indice affiche une quasi-stabilit\u00e9 sur la m\u00eame p\u00e9riode. Les prix \u00e0 la consommation ont marqu\u00e9\" \/>\n\t\t<meta property=\"og:url\" content=\"https:\/\/lasentinelle.dz\/index.php\/2026\/09\/05\/inflation-leger-recul-des-prix-a-la-consommation-en-juin\/\" \/>\n\t\t<meta property=\"og:image\" content=\"https:\/\/lasentinelle.dz\/wp-content\/uploads\/2021\/09\/cropped-la-sentinelle-earth-golden-anima-5.gif\" \/>\n\t\t<meta property=\"og:image:secure_url\" content=\"https:\/\/lasentinelle.dz\/wp-content\/uploads\/2021\/09\/cropped-la-sentinelle-earth-golden-anima-5.gif\" \/>\n\t\t<meta property=\"og:image:width\" content=\"450\" \/>\n\t\t<meta property=\"og:image:height\" content=\"213\" \/>\n\t\t<meta property=\"article:published_time\" content=\"2026-09-05T21:15:59+00:00\" \/>\n\t\t<meta property=\"article:modified_time\" content=\"2026-09-05T21:16:11+00:00\" \/>\n\t\t<meta property=\"article:publisher\" content=\"https:\/\/www.facebook.com\/azzedine.lasentinelle.1\" \/>\n\t\t<meta name=\"twitter:card\" content=\"summary_large_image\" \/>\n\t\t<meta name=\"twitter:title\" content=\"Inflation : L\u00e9ger recul des prix \u00e0 la consommation en juin - La Sentinelle\" \/>\n\t\t<meta name=\"twitter:description\" content=\"L&#039;indice national des prix \u00e0 la consommation a recul\u00e9 de 0,4% en juin 2026 par rapport \u00e0 mai, tir\u00e9 vers le bas par la baisse des prix alimentaires, selon les donn\u00e9es publi\u00e9es par l&#039;Office national des statistiques (ONS). \u00c0 Alger, l&#039;indice affiche une quasi-stabilit\u00e9 sur la m\u00eame p\u00e9riode. Les prix \u00e0 la consommation ont marqu\u00e9\" \/>\n\t\t<meta name=\"twitter:image\" content=\"https:\/\/lasentinelle.dz\/wp-content\/uploads\/2021\/09\/cropped-la-sentinelle-earth-golden-anima-5.gif\" \/>\n\t\t<script type=\"application\/ld+json\" class=\"aioseo-schema\">\n\t\t\t{\"@context\":\"https:\\\/\\\/schema.org\",\"@graph\":[{\"@type\":\"BlogPosting\",\"@id\":\"https:\\\/\\\/lasentinelle.dz\\\/index.php\\\/2026\\\/09\\\/05\\\/inflation-leger-recul-des-prix-a-la-consommation-en-juin\\\/#blogposting\",\"name\":\"Inflation : L\\u00e9ger recul des prix \\u00e0 la consommation en juin - La Sentinelle\",\"headline\":\"Inflation\\u00a0: L\\u00e9ger recul des prix \\u00e0 la consommation en juin\",\"author\":{\"@id\":\"https:\\\/\\\/lasentinelle.dz\\\/author\\\/admin\\\/#author\"},\"publisher\":{\"@id\":\"https:\\\/\\\/lasentinelle.dz\\\/#organization\"},\"image\":{\"@type\":\"ImageObject\",\"url\":\"https:\\\/\\\/lasentinelle.dz\\\/wp-content\\\/uploads\\\/2026\\\/02\\\/marche.jpeg\",\"width\":1024,\"height\":683},\"datePublished\":\"2026-09-05T22:15:59+01:00\",\"dateModified\":\"2026-09-05T22:16:11+01:00\",\"inLanguage\":\"fr-FR\",\"mainEntityOfPage\":{\"@id\":\"https:\\\/\\\/lasentinelle.dz\\\/index.php\\\/2026\\\/09\\\/05\\\/inflation-leger-recul-des-prix-a-la-consommation-en-juin\\\/#webpage\"},\"isPartOf\":{\"@id\":\"https:\\\/\\\/lasentinelle.dz\\\/index.php\\\/2026\\\/09\\\/05\\\/inflation-leger-recul-des-prix-a-la-consommation-en-juin\\\/#webpage\"},\"articleSection\":\"\\u00c0 la Une, \\u00c9conomie\"},{\"@type\":\"BreadcrumbList\",\"@id\":\"https:\\\/\\\/lasentinelle.dz\\\/index.php\\\/2026\\\/09\\\/05\\\/inflation-leger-recul-des-prix-a-la-consommation-en-juin\\\/#breadcrumblist\",\"itemListElement\":[{\"@type\":\"ListItem\",\"@id\":\"https:\\\/\\\/lasentinelle.dz#listItem\",\"position\":1,\"name\":\"Home\",\"item\":\"https:\\\/\\\/lasentinelle.dz\",\"nextItem\":{\"@type\":\"ListItem\",\"@id\":\"https:\\\/\\\/lasentinelle.dz\\\/index.php\\\/category\\\/economie\\\/#listItem\",\"name\":\"\\u00c9conomie\"}},{\"@type\":\"ListItem\",\"@id\":\"https:\\\/\\\/lasentinelle.dz\\\/index.php\\\/category\\\/economie\\\/#listItem\",\"position\":2,\"name\":\"\\u00c9conomie\",\"item\":\"https:\\\/\\\/lasentinelle.dz\\\/index.php\\\/category\\\/economie\\\/\",\"nextItem\":{\"@type\":\"ListItem\",\"@id\":\"https:\\\/\\\/lasentinelle.dz\\\/index.php\\\/2026\\\/09\\\/05\\\/inflation-leger-recul-des-prix-a-la-consommation-en-juin\\\/#listItem\",\"name\":\"Inflation\\u00a0: L\\u00e9ger recul des prix \\u00e0 la consommation en juin\"},\"previousItem\":{\"@type\":\"ListItem\",\"@id\":\"https:\\\/\\\/lasentinelle.dz#listItem\",\"name\":\"Home\"}},{\"@type\":\"ListItem\",\"@id\":\"https:\\\/\\\/lasentinelle.dz\\\/index.php\\\/2026\\\/09\\\/05\\\/inflation-leger-recul-des-prix-a-la-consommation-en-juin\\\/#listItem\",\"position\":3,\"name\":\"Inflation\\u00a0: L\\u00e9ger recul des prix \\u00e0 la consommation en juin\",\"previousItem\":{\"@type\":\"ListItem\",\"@id\":\"https:\\\/\\\/lasentinelle.dz\\\/index.php\\\/category\\\/economie\\\/#listItem\",\"name\":\"\\u00c9conomie\"}}]},{\"@type\":\"Organization\",\"@id\":\"https:\\\/\\\/lasentinelle.dz\\\/#organization\",\"name\":\"La Sentinelle La Sentinelle\",\"description\":\"Quotidien national d'information\",\"url\":\"https:\\\/\\\/lasentinelle.dz\\\/\",\"logo\":{\"@type\":\"ImageObject\",\"url\":\"https:\\\/\\\/lasentinelle.dz\\\/wp-content\\\/uploads\\\/2021\\\/09\\\/cropped-la-sentinelle-earth-golden-anima-5.gif\",\"@id\":\"https:\\\/\\\/lasentinelle.dz\\\/index.php\\\/2026\\\/09\\\/05\\\/inflation-leger-recul-des-prix-a-la-consommation-en-juin\\\/#organizationLogo\",\"width\":450,\"height\":213},\"image\":{\"@id\":\"https:\\\/\\\/lasentinelle.dz\\\/index.php\\\/2026\\\/09\\\/05\\\/inflation-leger-recul-des-prix-a-la-consommation-en-juin\\\/#organizationLogo\"},\"sameAs\":[\"https:\\\/\\\/www.facebook.com\\\/azzedine.lasentinelle.1\"]},{\"@type\":\"Person\",\"@id\":\"https:\\\/\\\/lasentinelle.dz\\\/author\\\/admin\\\/#author\",\"url\":\"https:\\\/\\\/lasentinelle.dz\\\/author\\\/admin\\\/\",\"name\":\"admin\",\"image\":{\"@type\":\"ImageObject\",\"@id\":\"https:\\\/\\\/lasentinelle.dz\\\/index.php\\\/2026\\\/09\\\/05\\\/inflation-leger-recul-des-prix-a-la-consommation-en-juin\\\/#authorImage\",\"url\":\"https:\\\/\\\/secure.gravatar.com\\\/avatar\\\/4c81fed838786e9b53f540bf46533e750f5d292099ae3b66cfc6fb1982e29df7?s=96&d=mm&r=g\",\"width\":96,\"height\":96,\"caption\":\"admin\"}},{\"@type\":\"WebPage\",\"@id\":\"https:\\\/\\\/lasentinelle.dz\\\/index.php\\\/2026\\\/09\\\/05\\\/inflation-leger-recul-des-prix-a-la-consommation-en-juin\\\/#webpage\",\"url\":\"https:\\\/\\\/lasentinelle.dz\\\/index.php\\\/2026\\\/09\\\/05\\\/inflation-leger-recul-des-prix-a-la-consommation-en-juin\\\/\",\"name\":\"Inflation : L\\u00e9ger recul des prix \\u00e0 la consommation en juin - La Sentinelle\",\"description\":\"L'indice national des prix \\u00e0 la consommation a recul\\u00e9 de 0,4% en juin 2026 par rapport \\u00e0 mai, tir\\u00e9 vers le bas par la baisse des prix alimentaires, selon les donn\\u00e9es publi\\u00e9es par l'Office national des statistiques (ONS). \\u00c0 Alger, l'indice affiche une quasi-stabilit\\u00e9 sur la m\\u00eame p\\u00e9riode. Les prix \\u00e0 la consommation ont marqu\\u00e9\",\"inLanguage\":\"fr-FR\",\"isPartOf\":{\"@id\":\"https:\\\/\\\/lasentinelle.dz\\\/#website\"},\"breadcrumb\":{\"@id\":\"https:\\\/\\\/lasentinelle.dz\\\/index.php\\\/2026\\\/09\\\/05\\\/inflation-leger-recul-des-prix-a-la-consommation-en-juin\\\/#breadcrumblist\"},\"author\":{\"@id\":\"https:\\\/\\\/lasentinelle.dz\\\/author\\\/admin\\\/#author\"},\"creator\":{\"@id\":\"https:\\\/\\\/lasentinelle.dz\\\/author\\\/admin\\\/#author\"},\"image\":{\"@type\":\"ImageObject\",\"url\":\"https:\\\/\\\/lasentinelle.dz\\\/wp-content\\\/uploads\\\/2026\\\/02\\\/marche.jpeg\",\"@id\":\"https:\\\/\\\/lasentinelle.dz\\\/index.php\\\/2026\\\/09\\\/05\\\/inflation-leger-recul-des-prix-a-la-consommation-en-juin\\\/#mainImage\",\"width\":1024,\"height\":683},\"primaryImageOfPage\":{\"@id\":\"https:\\\/\\\/lasentinelle.dz\\\/index.php\\\/2026\\\/09\\\/05\\\/inflation-leger-recul-des-prix-a-la-consommation-en-juin\\\/#mainImage\"},\"datePublished\":\"2026-09-05T22:15:59+01:00\",\"dateModified\":\"2026-09-05T22:16:11+01:00\"},{\"@type\":\"WebSite\",\"@id\":\"https:\\\/\\\/lasentinelle.dz\\\/#website\",\"url\":\"https:\\\/\\\/lasentinelle.dz\\\/\",\"name\":\"La Sentinelle\",\"description\":\"Quotidien national d'information\",\"inLanguage\":\"fr-FR\",\"publisher\":{\"@id\":\"https:\\\/\\\/lasentinelle.dz\\\/#organization\"}}]}\n\t\t<\/script>\n\t\t<!-- All in One SEO -->\n\n","aioseo_head_json":{"title":"Inflation : L\u00e9ger recul des prix \u00e0 la consommation en juin - La Sentinelle","description":"L'indice national des prix \u00e0 la consommation a recul\u00e9 de 0,4% en juin 2026 par rapport \u00e0 mai, tir\u00e9 vers le bas par la baisse des prix alimentaires, selon les donn\u00e9es publi\u00e9es par l'Office national des statistiques (ONS). \u00c0 Alger, l'indice affiche une quasi-stabilit\u00e9 sur la m\u00eame p\u00e9riode. Les prix \u00e0 la consommation ont marqu\u00e9","canonical_url":"https:\/\/lasentinelle.dz\/index.php\/2026\/09\/05\/inflation-leger-recul-des-prix-a-la-consommation-en-juin\/","robots":"max-image-preview:large","keywords":"","webmasterTools":{"miscellaneous":""},"schema":{"@context":"https:\/\/schema.org","@graph":[{"@type":"BlogPosting","@id":"https:\/\/lasentinelle.dz\/index.php\/2026\/09\/05\/inflation-leger-recul-des-prix-a-la-consommation-en-juin\/#blogposting","name":"Inflation : L\u00e9ger recul des prix \u00e0 la consommation en juin - La Sentinelle","headline":"Inflation\u00a0: L\u00e9ger recul des prix \u00e0 la consommation en juin","author":{"@id":"https:\/\/lasentinelle.dz\/author\/admin\/#author"},"publisher":{"@id":"https:\/\/lasentinelle.dz\/#organization"},"image":{"@type":"ImageObject","url":"https:\/\/lasentinelle.dz\/wp-content\/uploads\/2026\/02\/marche.jpeg","width":1024,"height":683},"datePublished":"2026-09-05T22:15:59+01:00","dateModified":"2026-09-05T22:16:11+01:00","inLanguage":"fr-FR","mainEntityOfPage":{"@id":"https:\/\/lasentinelle.dz\/index.php\/2026\/09\/05\/inflation-leger-recul-des-prix-a-la-consommation-en-juin\/#webpage"},"isPartOf":{"@id":"https:\/\/lasentinelle.dz\/index.php\/2026\/09\/05\/inflation-leger-recul-des-prix-a-la-consommation-en-juin\/#webpage"},"articleSection":"\u00c0 la Une, \u00c9conomie"},{"@type":"BreadcrumbList","@id":"https:\/\/lasentinelle.dz\/index.php\/2026\/09\/05\/inflation-leger-recul-des-prix-a-la-consommation-en-juin\/#breadcrumblist","itemListElement":[{"@type":"ListItem","@id":"https:\/\/lasentinelle.dz#listItem","position":1,"name":"Home","item":"https:\/\/lasentinelle.dz","nextItem":{"@type":"ListItem","@id":"https:\/\/lasentinelle.dz\/index.php\/category\/economie\/#listItem","name":"\u00c9conomie"}},{"@type":"ListItem","@id":"https:\/\/lasentinelle.dz\/index.php\/category\/economie\/#listItem","position":2,"name":"\u00c9conomie","item":"https:\/\/lasentinelle.dz\/index.php\/category\/economie\/","nextItem":{"@type":"ListItem","@id":"https:\/\/lasentinelle.dz\/index.php\/2026\/09\/05\/inflation-leger-recul-des-prix-a-la-consommation-en-juin\/#listItem","name":"Inflation\u00a0: L\u00e9ger recul des prix \u00e0 la consommation en juin"},"previousItem":{"@type":"ListItem","@id":"https:\/\/lasentinelle.dz#listItem","name":"Home"}},{"@type":"ListItem","@id":"https:\/\/lasentinelle.dz\/index.php\/2026\/09\/05\/inflation-leger-recul-des-prix-a-la-consommation-en-juin\/#listItem","position":3,"name":"Inflation\u00a0: L\u00e9ger recul des prix \u00e0 la consommation en juin","previousItem":{"@type":"ListItem","@id":"https:\/\/lasentinelle.dz\/index.php\/category\/economie\/#listItem","name":"\u00c9conomie"}}]},{"@type":"Organization","@id":"https:\/\/lasentinelle.dz\/#organization","name":"La Sentinelle La Sentinelle","description":"Quotidien national d'information","url":"https:\/\/lasentinelle.dz\/","logo":{"@type":"ImageObject","url":"https:\/\/lasentinelle.dz\/wp-content\/uploads\/2021\/09\/cropped-la-sentinelle-earth-golden-anima-5.gif","@id":"https:\/\/lasentinelle.dz\/index.php\/2026\/09\/05\/inflation-leger-recul-des-prix-a-la-consommation-en-juin\/#organizationLogo","width":450,"height":213},"image":{"@id":"https:\/\/lasentinelle.dz\/index.php\/2026\/09\/05\/inflation-leger-recul-des-prix-a-la-consommation-en-juin\/#organizationLogo"},"sameAs":["https:\/\/www.facebook.com\/azzedine.lasentinelle.1"]},{"@type":"Person","@id":"https:\/\/lasentinelle.dz\/author\/admin\/#author","url":"https:\/\/lasentinelle.dz\/author\/admin\/","name":"admin","image":{"@type":"ImageObject","@id":"https:\/\/lasentinelle.dz\/index.php\/2026\/09\/05\/inflation-leger-recul-des-prix-a-la-consommation-en-juin\/#authorImage","url":"https:\/\/secure.gravatar.com\/avatar\/4c81fed838786e9b53f540bf46533e750f5d292099ae3b66cfc6fb1982e29df7?s=96&d=mm&r=g","width":96,"height":96,"caption":"admin"}},{"@type":"WebPage","@id":"https:\/\/lasentinelle.dz\/index.php\/2026\/09\/05\/inflation-leger-recul-des-prix-a-la-consommation-en-juin\/#webpage","url":"https:\/\/lasentinelle.dz\/index.php\/2026\/09\/05\/inflation-leger-recul-des-prix-a-la-consommation-en-juin\/","name":"Inflation : L\u00e9ger recul des prix \u00e0 la consommation en juin - La Sentinelle","description":"L'indice national des prix \u00e0 la consommation a recul\u00e9 de 0,4% en juin 2026 par rapport \u00e0 mai, tir\u00e9 vers le bas par la baisse des prix alimentaires, selon les donn\u00e9es publi\u00e9es par l'Office national des statistiques (ONS). \u00c0 Alger, l'indice affiche une quasi-stabilit\u00e9 sur la m\u00eame p\u00e9riode. Les prix \u00e0 la consommation ont marqu\u00e9","inLanguage":"fr-FR","isPartOf":{"@id":"https:\/\/lasentinelle.dz\/#website"},"breadcrumb":{"@id":"https:\/\/lasentinelle.dz\/index.php\/2026\/09\/05\/inflation-leger-recul-des-prix-a-la-consommation-en-juin\/#breadcrumblist"},"author":{"@id":"https:\/\/lasentinelle.dz\/author\/admin\/#author"},"creator":{"@id":"https:\/\/lasentinelle.dz\/author\/admin\/#author"},"image":{"@type":"ImageObject","url":"https:\/\/lasentinelle.dz\/wp-content\/uploads\/2026\/02\/marche.jpeg","@id":"https:\/\/lasentinelle.dz\/index.php\/2026\/09\/05\/inflation-leger-recul-des-prix-a-la-consommation-en-juin\/#mainImage","width":1024,"height":683},"primaryImageOfPage":{"@id":"https:\/\/lasentinelle.dz\/index.php\/2026\/09\/05\/inflation-leger-recul-des-prix-a-la-consommation-en-juin\/#mainImage"},"datePublished":"2026-09-05T22:15:59+01:00","dateModified":"2026-09-05T22:16:11+01:00"},{"@type":"WebSite","@id":"https:\/\/lasentinelle.dz\/#website","url":"https:\/\/lasentinelle.dz\/","name":"La Sentinelle","description":"Quotidien national d'information","inLanguage":"fr-FR","publisher":{"@id":"https:\/\/lasentinelle.dz\/#organization"}}]},"og:locale":"fr_FR","og:site_name":"La Sentinelle - Quotidien national d'information","og:type":"article","og:title":"Inflation : L\u00e9ger recul des prix \u00e0 la consommation en juin - La Sentinelle","og:description":"L'indice national des prix \u00e0 la consommation a recul\u00e9 de 0,4% en juin 2026 par rapport \u00e0 mai, tir\u00e9 vers le bas par la baisse des prix alimentaires, selon les donn\u00e9es publi\u00e9es par l'Office national des statistiques (ONS). \u00c0 Alger, l'indice affiche une quasi-stabilit\u00e9 sur la m\u00eame p\u00e9riode. Les prix \u00e0 la consommation ont marqu\u00e9","og:url":"https:\/\/lasentinelle.dz\/index.php\/2026\/09\/05\/inflation-leger-recul-des-prix-a-la-consommation-en-juin\/","og:image":"https:\/\/lasentinelle.dz\/wp-content\/uploads\/2021\/09\/cropped-la-sentinelle-earth-golden-anima-5.gif","og:image:secure_url":"https:\/\/lasentinelle.dz\/wp-content\/uploads\/2021\/09\/cropped-la-sentinelle-earth-golden-anima-5.gif","og:image:width":450,"og:image:height":213,"article:published_time":"2026-09-05T21:15:59+00:00","article:modified_time":"2026-09-05T21:16:11+00:00","article:publisher":"https:\/\/www.facebook.com\/azzedine.lasentinelle.1","twitter:card":"summary_large_image","twitter:title":"Inflation : L\u00e9ger recul des prix \u00e0 la consommation en juin - La Sentinelle","twitter:description":"L'indice national des prix \u00e0 la consommation a recul\u00e9 de 0,4% en juin 2026 par rapport \u00e0 mai, tir\u00e9 vers le bas par la baisse des prix alimentaires, selon les donn\u00e9es publi\u00e9es par l'Office national des statistiques (ONS). \u00c0 Alger, l'indice affiche une quasi-stabilit\u00e9 sur la m\u00eame p\u00e9riode. Les prix \u00e0 la consommation ont marqu\u00e9","twitter:image":"https:\/\/lasentinelle.dz\/wp-content\/uploads\/2021\/09\/cropped-la-sentinelle-earth-golden-anima-5.gif"},"aioseo_meta_data":{"post_id":"95042","title":null,"description":null,"keywords":null,"keyphrases":{"focus":{"keyphrase":"","score":0,"analysis":{"keyphraseInTitle":{"score":0,"maxScore":9,"error":1}}},"additional":[]},"primary_term":null,"canonical_url":null,"og_title":null,"og_description":null,"og_object_type":"default","og_image_type":"default","og_image_url":null,"og_image_width":null,"og_image_height":null,"og_image_custom_url":null,"og_image_custom_fields":null,"og_video":"","og_custom_url":null,"og_article_section":null,"og_article_tags":null,"twitter_use_og":false,"twitter_card":"default","twitter_image_type":"default","twitter_image_url":null,"twitter_image_custom_url":null,"twitter_image_custom_fields":null,"twitter_title":null,"twitter_description":null,"schema":{"blockGraphs":[],"customGraphs":[],"default":{"data":{"Article":[],"Course":[],"Dataset":[],"FAQPage":[],"Movie":[],"Person":[],"Product":[],"ProductReview":[],"Car":[],"Recipe":[],"Service":[],"SoftwareApplication":[],"WebPage":[]},"graphName":"BlogPosting","isEnabled":true},"graphs":[]},"schema_type":"default","schema_type_options":null,"pillar_content":false,"robots_default":true,"robots_noindex":false,"robots_noarchive":false,"robots_nosnippet":false,"robots_nofollow":false,"robots_noimageindex":false,"robots_noodp":false,"robots_notranslate":false,"robots_max_snippet":"-1","robots_max_videopreview":"-1","robots_max_imagepreview":"large","priority":null,"frequency":"default","local_seo":null,"breadcrumb_settings":null,"limit_modified_date":false,"ai":{"faqs":[],"keyPoints":[],"schemas":[],"titles":[],"descriptions":[],"socialPosts":{"email":{"subject":"","preview":"","content":""},"linkedin":[],"twitter":[],"facebook":[],"instagram":[]}},"created":"2026-09-05 21:16:13","updated":"2026-09-05 22:29:55","focus_keyword":null,"additional_keywords":null,"truseo_locale":null,"seo_analyzer_scan_date":null},"aioseo_breadcrumb":"<div class=\"aioseo-breadcrumbs\"><span class=\"aioseo-breadcrumb\">\n\t\t\t<a href=\"https:\/\/lasentinelle.dz\" title=\"Home\">Home<\/a>\n\t\t<\/span><span class=\"aioseo-breadcrumb-separator\">&raquo;<\/span><span class=\"aioseo-breadcrumb\">\n\t\t\t<a href=\"https:\/\/lasentinelle.dz\/index.php\/category\/economie\/\" title=\"\u00c9conomie\">\u00c9conomie<\/a>\n\t\t<\/span><span class=\"aioseo-breadcrumb-separator\">&raquo;<\/span><span class=\"aioseo-breadcrumb\">\n\t\t\tInflation : L\u00e9ger recul des prix \u00e0 la consommation en juin\n\t\t<\/span><\/div>","aioseo_breadcrumb_json":[{"label":"Home","link":"https:\/\/lasentinelle.dz"},{"label":"\u00c9conomie","link":"https:\/\/lasentinelle.dz\/index.php\/category\/economie\/"},{"label":"Inflation\u00a0: L\u00e9ger recul des prix \u00e0 la consommation en juin","link":"https:\/\/lasentinelle.dz\/index.php\/2026\/09\/05\/inflation-leger-recul-des-prix-a-la-consommation-en-juin\/"}],"yoast_head":"<!-- This site is optimized with the Yoast SEO plugin v28.4 - https:\/\/yoast.com\/product\/yoast-seo-wordpress\/ -->\n<title>Inflation\u00a0: L\u00e9ger recul des prix \u00e0 la consommation en juin - La Sentinelle<\/title>\n<meta name=\"robots\" content=\"index, follow, max-snippet:-1, max-image-preview:large, max-video-preview:-1\" \/>\n<link rel=\"canonical\" href=\"https:\/\/lasentinelle.dz\/index.php\/2026\/09\/05\/inflation-leger-recul-des-prix-a-la-consommation-en-juin\/\" \/>\n<meta property=\"og:locale\" content=\"fr_FR\" \/>\n<meta property=\"og:type\" content=\"article\" \/>\n<meta property=\"og:title\" content=\"Inflation\u00a0: L\u00e9ger recul des prix \u00e0 la consommation en juin - La Sentinelle\" \/>\n<meta property=\"og:description\" content=\"L&rsquo;indice national des prix \u00e0 la consommation a recul\u00e9 de 0,4% en juin 2026 par rapport \u00e0 mai, tir\u00e9 vers\" \/>\n<meta property=\"og:url\" content=\"https:\/\/lasentinelle.dz\/index.php\/2026\/09\/05\/inflation-leger-recul-des-prix-a-la-consommation-en-juin\/\" \/>\n<meta property=\"og:site_name\" content=\"La Sentinelle\" \/>\n<meta property=\"article:publisher\" content=\"https:\/\/www.facebook.com\/La-Sentinelle-104059864394773\" \/>\n<meta property=\"article:published_time\" content=\"2026-09-05T21:15:59+00:00\" \/>\n<meta property=\"article:modified_time\" content=\"2026-09-05T21:16:11+00:00\" \/>\n<meta property=\"og:image\" content=\"https:\/\/lasentinelle.dz\/wp-content\/uploads\/2026\/02\/marche.jpeg\" \/>\n\t<meta property=\"og:image:width\" content=\"1024\" \/>\n\t<meta property=\"og:image:height\" content=\"683\" \/>\n\t<meta property=\"og:image:type\" content=\"image\/jpeg\" \/>\n<meta name=\"author\" content=\"admin\" \/>\n<meta name=\"twitter:card\" content=\"summary_large_image\" \/>\n<meta name=\"twitter:label1\" content=\"\u00c9crit par\" \/>\n\t<meta name=\"twitter:data1\" content=\"admin\" \/>\n\t<meta name=\"twitter:label2\" content=\"Dur\u00e9e de lecture estim\u00e9e\" \/>\n\t<meta name=\"twitter:data2\" content=\"3 minutes\" \/>\n<script type=\"application\/ld+json\" class=\"yoast-schema-graph\">{\"@context\":\"https:\\\/\\\/schema.org\",\"@graph\":[{\"@type\":\"Article\",\"@id\":\"https:\\\/\\\/lasentinelle.dz\\\/index.php\\\/2026\\\/09\\\/05\\\/inflation-leger-recul-des-prix-a-la-consommation-en-juin\\\/#article\",\"isPartOf\":{\"@id\":\"https:\\\/\\\/lasentinelle.dz\\\/index.php\\\/2026\\\/09\\\/05\\\/inflation-leger-recul-des-prix-a-la-consommation-en-juin\\\/\"},\"author\":{\"name\":\"admin\",\"@id\":\"https:\\\/\\\/lasentinelle.dz\\\/#\\\/schema\\\/person\\\/729ee0024f24e0b8c5ec17232f8e8b41\"},\"headline\":\"Inflation\u00a0: L\u00e9ger recul des prix \u00e0 la consommation en juin\",\"datePublished\":\"2026-09-05T21:15:59+00:00\",\"dateModified\":\"2026-09-05T21:16:11+00:00\",\"mainEntityOfPage\":{\"@id\":\"https:\\\/\\\/lasentinelle.dz\\\/index.php\\\/2026\\\/09\\\/05\\\/inflation-leger-recul-des-prix-a-la-consommation-en-juin\\\/\"},\"wordCount\":535,\"commentCount\":0,\"publisher\":{\"@id\":\"https:\\\/\\\/lasentinelle.dz\\\/#organization\"},\"image\":{\"@id\":\"https:\\\/\\\/lasentinelle.dz\\\/index.php\\\/2026\\\/09\\\/05\\\/inflation-leger-recul-des-prix-a-la-consommation-en-juin\\\/#primaryimage\"},\"thumbnailUrl\":\"https:\\\/\\\/lasentinelle.dz\\\/wp-content\\\/uploads\\\/2026\\\/02\\\/marche.jpeg\",\"articleSection\":[\"\u00c0 la Une\",\"\u00c9conomie\"],\"inLanguage\":\"fr-FR\",\"potentialAction\":[{\"@type\":\"CommentAction\",\"name\":\"Comment\",\"target\":[\"https:\\\/\\\/lasentinelle.dz\\\/index.php\\\/2026\\\/09\\\/05\\\/inflation-leger-recul-des-prix-a-la-consommation-en-juin\\\/#respond\"]}]},{\"@type\":\"WebPage\",\"@id\":\"https:\\\/\\\/lasentinelle.dz\\\/index.php\\\/2026\\\/09\\\/05\\\/inflation-leger-recul-des-prix-a-la-consommation-en-juin\\\/\",\"url\":\"https:\\\/\\\/lasentinelle.dz\\\/index.php\\\/2026\\\/09\\\/05\\\/inflation-leger-recul-des-prix-a-la-consommation-en-juin\\\/\",\"name\":\"Inflation\u00a0: L\u00e9ger recul des prix \u00e0 la consommation en juin - La Sentinelle\",\"isPartOf\":{\"@id\":\"https:\\\/\\\/lasentinelle.dz\\\/#website\"},\"primaryImageOfPage\":{\"@id\":\"https:\\\/\\\/lasentinelle.dz\\\/index.php\\\/2026\\\/09\\\/05\\\/inflation-leger-recul-des-prix-a-la-consommation-en-juin\\\/#primaryimage\"},\"image\":{\"@id\":\"https:\\\/\\\/lasentinelle.dz\\\/index.php\\\/2026\\\/09\\\/05\\\/inflation-leger-recul-des-prix-a-la-consommation-en-juin\\\/#primaryimage\"},\"thumbnailUrl\":\"https:\\\/\\\/lasentinelle.dz\\\/wp-content\\\/uploads\\\/2026\\\/02\\\/marche.jpeg\",\"datePublished\":\"2026-09-05T21:15:59+00:00\",\"dateModified\":\"2026-09-05T21:16:11+00:00\",\"breadcrumb\":{\"@id\":\"https:\\\/\\\/lasentinelle.dz\\\/index.php\\\/2026\\\/09\\\/05\\\/inflation-leger-recul-des-prix-a-la-consommation-en-juin\\\/#breadcrumb\"},\"inLanguage\":\"fr-FR\",\"potentialAction\":[{\"@type\":\"ReadAction\",\"target\":[\"https:\\\/\\\/lasentinelle.dz\\\/index.php\\\/2026\\\/09\\\/05\\\/inflation-leger-recul-des-prix-a-la-consommation-en-juin\\\/\"]}]},{\"@type\":\"ImageObject\",\"inLanguage\":\"fr-FR\",\"@id\":\"https:\\\/\\\/lasentinelle.dz\\\/index.php\\\/2026\\\/09\\\/05\\\/inflation-leger-recul-des-prix-a-la-consommation-en-juin\\\/#primaryimage\",\"url\":\"https:\\\/\\\/lasentinelle.dz\\\/wp-content\\\/uploads\\\/2026\\\/02\\\/marche.jpeg\",\"contentUrl\":\"https:\\\/\\\/lasentinelle.dz\\\/wp-content\\\/uploads\\\/2026\\\/02\\\/marche.jpeg\",\"width\":1024,\"height\":683},{\"@type\":\"BreadcrumbList\",\"@id\":\"https:\\\/\\\/lasentinelle.dz\\\/index.php\\\/2026\\\/09\\\/05\\\/inflation-leger-recul-des-prix-a-la-consommation-en-juin\\\/#breadcrumb\",\"itemListElement\":[{\"@type\":\"ListItem\",\"position\":1,\"name\":\"Accueil\",\"item\":\"https:\\\/\\\/lasentinelle.dz\\\/\"},{\"@type\":\"ListItem\",\"position\":2,\"name\":\"Inflation\u00a0: L\u00e9ger recul des prix \u00e0 la consommation en juin\"}]},{\"@type\":\"WebSite\",\"@id\":\"https:\\\/\\\/lasentinelle.dz\\\/#website\",\"url\":\"https:\\\/\\\/lasentinelle.dz\\\/\",\"name\":\"La Sentinelle\",\"description\":\"Quotidien national d&#039;information\",\"publisher\":{\"@id\":\"https:\\\/\\\/lasentinelle.dz\\\/#organization\"},\"potentialAction\":[{\"@type\":\"SearchAction\",\"target\":{\"@type\":\"EntryPoint\",\"urlTemplate\":\"https:\\\/\\\/lasentinelle.dz\\\/?s={search_term_string}\"},\"query-input\":{\"@type\":\"PropertyValueSpecification\",\"valueRequired\":true,\"valueName\":\"search_term_string\"}}],\"inLanguage\":\"fr-FR\"},{\"@type\":\"Organization\",\"@id\":\"https:\\\/\\\/lasentinelle.dz\\\/#organization\",\"name\":\"Quotidien La Sentinelle\",\"url\":\"https:\\\/\\\/lasentinelle.dz\\\/\",\"logo\":{\"@type\":\"ImageObject\",\"inLanguage\":\"fr-FR\",\"@id\":\"https:\\\/\\\/lasentinelle.dz\\\/#\\\/schema\\\/logo\\\/image\\\/\",\"url\":\"https:\\\/\\\/lasentinelle.dz\\\/wp-content\\\/uploads\\\/2021\\\/09\\\/logo-sentinelleSLOGAN-1.png\",\"contentUrl\":\"https:\\\/\\\/lasentinelle.dz\\\/wp-content\\\/uploads\\\/2021\\\/09\\\/logo-sentinelleSLOGAN-1.png\",\"width\":615,\"height\":142,\"caption\":\"Quotidien La Sentinelle\"},\"image\":{\"@id\":\"https:\\\/\\\/lasentinelle.dz\\\/#\\\/schema\\\/logo\\\/image\\\/\"},\"sameAs\":[\"https:\\\/\\\/www.facebook.com\\\/La-Sentinelle-104059864394773\"]},{\"@type\":\"Person\",\"@id\":\"https:\\\/\\\/lasentinelle.dz\\\/#\\\/schema\\\/person\\\/729ee0024f24e0b8c5ec17232f8e8b41\",\"name\":\"admin\",\"image\":{\"@type\":\"ImageObject\",\"inLanguage\":\"fr-FR\",\"@id\":\"https:\\\/\\\/secure.gravatar.com\\\/avatar\\\/4c81fed838786e9b53f540bf46533e750f5d292099ae3b66cfc6fb1982e29df7?s=96&d=mm&r=g\",\"url\":\"https:\\\/\\\/secure.gravatar.com\\\/avatar\\\/4c81fed838786e9b53f540bf46533e750f5d292099ae3b66cfc6fb1982e29df7?s=96&d=mm&r=g\",\"contentUrl\":\"https:\\\/\\\/secure.gravatar.com\\\/avatar\\\/4c81fed838786e9b53f540bf46533e750f5d292099ae3b66cfc6fb1982e29df7?s=96&d=mm&r=g\",\"caption\":\"admin\"},\"description\":\"admin\",\"url\":\"https:\\\/\\\/lasentinelle.dz\\\/author\\\/admin\\\/\"}]}<\/script>\n<!-- \/ Yoast SEO plugin. -->","yoast_head_json":{"title":"Inflation\u00a0: L\u00e9ger recul des prix \u00e0 la consommation en juin - La Sentinelle","robots":{"index":"index","follow":"follow","max-snippet":"max-snippet:-1","max-image-preview":"max-image-preview:large","max-video-preview":"max-video-preview:-1"},"canonical":"https:\/\/lasentinelle.dz\/index.php\/2026\/09\/05\/inflation-leger-recul-des-prix-a-la-consommation-en-juin\/","og_locale":"fr_FR","og_type":"article","og_title":"Inflation\u00a0: L\u00e9ger recul des prix \u00e0 la consommation en juin - La Sentinelle","og_description":"L&rsquo;indice national des prix \u00e0 la consommation a recul\u00e9 de 0,4% en juin 2026 par rapport \u00e0 mai, tir\u00e9 vers","og_url":"https:\/\/lasentinelle.dz\/index.php\/2026\/09\/05\/inflation-leger-recul-des-prix-a-la-consommation-en-juin\/","og_site_name":"La Sentinelle","article_publisher":"https:\/\/www.facebook.com\/La-Sentinelle-104059864394773","article_published_time":"2026-09-05T21:15:59+00:00","article_modified_time":"2026-09-05T21:16:11+00:00","og_image":[{"width":1024,"height":683,"url":"https:\/\/lasentinelle.dz\/wp-content\/uploads\/2026\/02\/marche.jpeg","type":"image\/jpeg"}],"author":"admin","twitter_card":"summary_large_image","twitter_misc":{"\u00c9crit par":"admin","Dur\u00e9e de lecture estim\u00e9e":"3 minutes"},"schema":{"@context":"https:\/\/schema.org","@graph":[{"@type":"Article","@id":"https:\/\/lasentinelle.dz\/index.php\/2026\/09\/05\/inflation-leger-recul-des-prix-a-la-consommation-en-juin\/#article","isPartOf":{"@id":"https:\/\/lasentinelle.dz\/index.php\/2026\/09\/05\/inflation-leger-recul-des-prix-a-la-consommation-en-juin\/"},"author":{"name":"admin","@id":"https:\/\/lasentinelle.dz\/#\/schema\/person\/729ee0024f24e0b8c5ec17232f8e8b41"},"headline":"Inflation\u00a0: L\u00e9ger recul des prix \u00e0 la consommation en juin","datePublished":"2026-09-05T21:15:59+00:00","dateModified":"2026-09-05T21:16:11+00:00","mainEntityOfPage":{"@id":"https:\/\/lasentinelle.dz\/index.php\/2026\/09\/05\/inflation-leger-recul-des-prix-a-la-consommation-en-juin\/"},"wordCount":535,"commentCount":0,"publisher":{"@id":"https:\/\/lasentinelle.dz\/#organization"},"image":{"@id":"https:\/\/lasentinelle.dz\/index.php\/2026\/09\/05\/inflation-leger-recul-des-prix-a-la-consommation-en-juin\/#primaryimage"},"thumbnailUrl":"https:\/\/lasentinelle.dz\/wp-content\/uploads\/2026\/02\/marche.jpeg","articleSection":["\u00c0 la Une","\u00c9conomie"],"inLanguage":"fr-FR","potentialAction":[{"@type":"CommentAction","name":"Comment","target":["https:\/\/lasentinelle.dz\/index.php\/2026\/09\/05\/inflation-leger-recul-des-prix-a-la-consommation-en-juin\/#respond"]}]},{"@type":"WebPage","@id":"https:\/\/lasentinelle.dz\/index.php\/2026\/09\/05\/inflation-leger-recul-des-prix-a-la-consommation-en-juin\/","url":"https:\/\/lasentinelle.dz\/index.php\/2026\/09\/05\/inflation-leger-recul-des-prix-a-la-consommation-en-juin\/","name":"Inflation\u00a0: L\u00e9ger recul des prix \u00e0 la consommation en juin - La Sentinelle","isPartOf":{"@id":"https:\/\/lasentinelle.dz\/#website"},"primaryImageOfPage":{"@id":"https:\/\/lasentinelle.dz\/index.php\/2026\/09\/05\/inflation-leger-recul-des-prix-a-la-consommation-en-juin\/#primaryimage"},"image":{"@id":"https:\/\/lasentinelle.dz\/index.php\/2026\/09\/05\/inflation-leger-recul-des-prix-a-la-consommation-en-juin\/#primaryimage"},"thumbnailUrl":"https:\/\/lasentinelle.dz\/wp-content\/uploads\/2026\/02\/marche.jpeg","datePublished":"2026-09-05T21:15:59+00:00","dateModified":"2026-09-05T21:16:11+00:00","breadcrumb":{"@id":"https:\/\/lasentinelle.dz\/index.php\/2026\/09\/05\/inflation-leger-recul-des-prix-a-la-consommation-en-juin\/#breadcrumb"},"inLanguage":"fr-FR","potentialAction":[{"@type":"ReadAction","target":["https:\/\/lasentinelle.dz\/index.php\/2026\/09\/05\/inflation-leger-recul-des-prix-a-la-consommation-en-juin\/"]}]},{"@type":"ImageObject","inLanguage":"fr-FR","@id":"https:\/\/lasentinelle.dz\/index.php\/2026\/09\/05\/inflation-leger-recul-des-prix-a-la-consommation-en-juin\/#primaryimage","url":"https:\/\/lasentinelle.dz\/wp-content\/uploads\/2026\/02\/marche.jpeg","contentUrl":"https:\/\/lasentinelle.dz\/wp-content\/uploads\/2026\/02\/marche.jpeg","width":1024,"height":683},{"@type":"BreadcrumbList","@id":"https:\/\/lasentinelle.dz\/index.php\/2026\/09\/05\/inflation-leger-recul-des-prix-a-la-consommation-en-juin\/#breadcrumb","itemListElement":[{"@type":"ListItem","position":1,"name":"Accueil","item":"https:\/\/lasentinelle.dz\/"},{"@type":"ListItem","position":2,"name":"Inflation\u00a0: L\u00e9ger recul des prix \u00e0 la consommation en juin"}]},{"@type":"WebSite","@id":"https:\/\/lasentinelle.dz\/#website","url":"https:\/\/lasentinelle.dz\/","name":"La Sentinelle","description":"Quotidien national d&#039;information","publisher":{"@id":"https:\/\/lasentinelle.dz\/#organization"},"potentialAction":[{"@type":"SearchAction","target":{"@type":"EntryPoint","urlTemplate":"https:\/\/lasentinelle.dz\/?s={search_term_string}"},"query-input":{"@type":"PropertyValueSpecification","valueRequired":true,"valueName":"search_term_string"}}],"inLanguage":"fr-FR"},{"@type":"Organization","@id":"https:\/\/lasentinelle.dz\/#organization","name":"Quotidien La Sentinelle","url":"https:\/\/lasentinelle.dz\/","logo":{"@type":"ImageObject","inLanguage":"fr-FR","@id":"https:\/\/lasentinelle.dz\/#\/schema\/logo\/image\/","url":"https:\/\/lasentinelle.dz\/wp-content\/uploads\/2021\/09\/logo-sentinelleSLOGAN-1.png","contentUrl":"https:\/\/lasentinelle.dz\/wp-content\/uploads\/2021\/09\/logo-sentinelleSLOGAN-1.png","width":615,"height":142,"caption":"Quotidien La Sentinelle"},"image":{"@id":"https:\/\/lasentinelle.dz\/#\/schema\/logo\/image\/"},"sameAs":["https:\/\/www.facebook.com\/La-Sentinelle-104059864394773"]},{"@type":"Person","@id":"https:\/\/lasentinelle.dz\/#\/schema\/person\/729ee0024f24e0b8c5ec17232f8e8b41","name":"admin","image":{"@type":"ImageObject","inLanguage":"fr-FR","@id":"https:\/\/secure.gravatar.com\/avatar\/4c81fed838786e9b53f540bf46533e750f5d292099ae3b66cfc6fb1982e29df7?s=96&d=mm&r=g","url":"https:\/\/secure.gravatar.com\/avatar\/4c81fed838786e9b53f540bf46533e750f5d292099ae3b66cfc6fb1982e29df7?s=96&d=mm&r=g","contentUrl":"https:\/\/secure.gravatar.com\/avatar\/4c81fed838786e9b53f540bf46533e750f5d292099ae3b66cfc6fb1982e29df7?s=96&d=mm&r=g","caption":"admin"},"description":"admin","url":"https:\/\/lasentinelle.dz\/author\/admin\/"}]}},"_links":{"self":[{"href":"https:\/\/lasentinelle.dz\/index.php\/wp-json\/wp\/v2\/posts\/95042","targetHints":{"allow":["GET"]}}],"collection":[{"href":"https:\/\/lasentinelle.dz\/index.php\/wp-json\/wp\/v2\/posts"}],"about":[{"href":"https:\/\/lasentinelle.dz\/index.php\/wp-json\/wp\/v2\/types\/post"}],"author":[{"embeddable":true,"href":"https:\/\/lasentinelle.dz\/index.php\/wp-json\/wp\/v2\/users\/6"}],"replies":[{"embeddable":true,"href":"https:\/\/lasentinelle.dz\/index.php\/wp-json\/wp\/v2\/comments?post=95042"}],"version-history":[{"count":1,"href":"https:\/\/lasentinelle.dz\/index.php\/wp-json\/wp\/v2\/posts\/95042\/revisions"}],"predecessor-version":[{"id":95043,"href":"https:\/\/lasentinelle.dz\/index.php\/wp-json\/wp\/v2\/posts\/95042\/revisions\/95043"}],"wp:featuredmedia":[{"embeddable":true,"href":"https:\/\/lasentinelle.dz\/index.php\/wp-json\/wp\/v2\/media\/80421"}],"wp:attachment":[{"href":"https:\/\/lasentinelle.dz\/index.php\/wp-json\/wp\/v2\/media?parent=95042"}],"wp:term":[{"taxonomy":"category","embeddable":true,"href":"https:\/\/lasentinelle.dz\/index.php\/wp-json\/wp\/v2\/categories?post=95042"},{"taxonomy":"post_tag","embeddable":true,"href":"https:\/\/lasentinelle.dz\/index.php\/wp-json\/wp\/v2\/tags?post=95042"}],"curies":[{"name":"wp","href":"https:\/\/api.w.org\/{rel}","templated":true}]}}