{"id":95044,"date":"2026-09-05T22:17:11","date_gmt":"2026-09-05T21:17:11","guid":{"rendered":"https:\/\/lasentinelle.dz\/?p=95044"},"modified":"2026-09-05T22:17:16","modified_gmt":"2026-09-05T21:17:16","slug":"rentree-scolaire-dans-les-zones-sinistrees-par-les-incendies-letat-mobilise-tous-les-moyens","status":"publish","type":"post","link":"https:\/\/lasentinelle.dz\/index.php\/2026\/09\/05\/rentree-scolaire-dans-les-zones-sinistrees-par-les-incendies-letat-mobilise-tous-les-moyens\/","title":{"rendered":"Rentr\u00e9e scolaire dans les zones sinistr\u00e9es par les incendies\u00a0: L&rsquo;\u00c9tat mobilise tous les moyens"},"content":{"rendered":"\n<p class=\"wp-block-paragraph\">Alors que le coup d&rsquo;envoi de l&rsquo;ann\u00e9e scolaire 2026-2027 approche, les autorit\u00e9s multiplient les dispositifs de prise en charge des \u00e9l\u00e8ves des wilayas touch\u00e9es par les incendies. Le ministre de l&rsquo;Education nationale, Mohammed Seghir Sadaoui, a en effet &nbsp;pr\u00e9sid\u00e9 jeudi une conf\u00e9rence nationale par visioconf\u00e9rence consacr\u00e9e \u00e0 l&rsquo;\u00e9tat de pr\u00e9paration du secteur pour la rentr\u00e9e scolaire, avec un accent particulier mis sur les wilayas ayant subi les r\u00e9cents incendies de for\u00eat, au premier rang desquelles Jijel, indique un communiqu\u00e9 du minist\u00e8re rendu public vendredi. Le ministre a d\u2019ailleurs saisi l\u2019occasion pour pr\u00e9senter ses condol\u00e9ances aux familles endeuill\u00e9es avant de d\u00e9rouler une s\u00e9rie d&rsquo;instructions destin\u00e9es \u00e0 garantir, selon ses termes, une rentr\u00e9e \u00ab fluide, efficace et sereine \u00bb sur l&rsquo;ensemble du territoire. Sadaoui a demand\u00e9 aux services concern\u00e9s de travailler en coordination avec les walis afin d&rsquo;apporter un accompagnement psychologique, p\u00e9dagogique, social et mat\u00e9riel aux \u00e9l\u00e8ves comme aux employ\u00e9s du secteur affect\u00e9s par les feux, en application des instructions du pr\u00e9sident de la R\u00e9publique, Abdelmadjid Tebboune, relatives \u00e0 la prise en charge rapide des wilayas sinistr\u00e9es, ainsi que des orientations donn\u00e9es par le Premier ministre, Sifi Ghrieb, lors de deux r\u00e9unions minist\u00e9rielles d\u00e9di\u00e9es. Le ministre a exig\u00e9 de \u00ab recenser avec pr\u00e9cision l&rsquo;ensemble des \u00e9l\u00e8ves touch\u00e9s et leurs niveaux scolaires \u00bb, de m\u00eame qu&rsquo;une liste d\u00e9taill\u00e9e des personnels concern\u00e9s, pour assurer un meilleur suivi de leur situation. Sur le terrain, le bilan communiqu\u00e9 fait \u00e9tat de 23 \u00e9tablissements endommag\u00e9s dans la wilaya de Jijel et six autres \u00e0 B\u00e9ja\u00efa. Le ministre a instruit ses services de coordonner avec les directions du logement la r\u00e9paration des dommages structurels des b\u00e2timents, en insistant sur la mobilisation des travailleurs pour achever les chantiers et livrer l&rsquo;ensemble des structures avant le 10 septembre. Il a par ailleurs demand\u00e9 qu&rsquo;un accompagnement soit assur\u00e9 aux familles h\u00e9berg\u00e9es dans certains \u00e9tablissements scolaires transform\u00e9s en centres d&rsquo;accueil, en coordination avec les autorit\u00e9s locales, et qu&rsquo;un suivi positif leur soit garanti d\u00e8s la mise en place de solutions de relogement alternatives, de mani\u00e8re \u00e0 lib\u00e9rer les \u00e9coles concern\u00e9es avant la rentr\u00e9e. Concernant les \u00e9l\u00e8ves hospitalis\u00e9s, le ministre a ordonn\u00e9 l&rsquo;\u00e9tablissement d&rsquo;une liste nominative pr\u00e9cise de ceux pris en charge \u00e0 l&rsquo;int\u00e9rieur comme \u00e0 l&rsquo;ext\u00e9rieur de la wilaya de Jijel, afin de s&rsquo;enqu\u00e9rir de leur \u00e9tat de sant\u00e9 et de leur apporter le soutien n\u00e9cessaire.<\/p>\n\n\n\n<p class=\"wp-block-paragraph\"><strong>Plus de 3000 cartables pour les enfants sinistr\u00e9s<\/strong><\/p>\n\n\n\n<p class=\"wp-block-paragraph\">Dans la continuit\u00e9 de ce dispositif, le minist\u00e8re de la Solidarit\u00e9 nationale, de la Famille et de la Condition de la femme a annonc\u00e9 samedi la distribution de plus de 3000 cartables scolaires, garnis de l&rsquo;ensemble des fournitures n\u00e9cessaires, au profit des enfants des familles sinistr\u00e9es par les incendies dans la wilaya de Jijel. Selon le communiqu\u00e9 du minist\u00e8re, cette op\u00e9ration s&rsquo;inscrit dans l&rsquo;application des instructions du pr\u00e9sident Tebboune visant \u00e0 assurer une prise en charge ad\u00e9quate des personnes touch\u00e9es par les feux de for\u00eat ayant frapp\u00e9 plusieurs wilayas du centre et de l&rsquo;est du pays, sous la supervision de la ministre du secteur, Soraya Mouloudji. La direction de l&rsquo;action sociale et de la solidarit\u00e9 de la wilaya de Jijel a r\u00e9ceptionn\u00e9 ces aides et engag\u00e9 les mesures organisationnelles n\u00e9cessaires \u00e0 leur acheminement vers les familles concern\u00e9es. Le texte pr\u00e9cise que l&rsquo;op\u00e9ration a \u00e9t\u00e9 men\u00e9e \u00ab sur la base des donn\u00e9es collect\u00e9es sur le terrain par les diff\u00e9rents services des 124 cellules de proximit\u00e9 de solidarit\u00e9 \u00bb, r\u00e9parties \u00e0 travers les diff\u00e9rentes zones de la wilaya, avec mobilisation de l&rsquo;ensemble des moyens disponibles pour boucler la distribution dans les d\u00e9lais impartis.<\/p>\n\n\n\n<p class=\"wp-block-paragraph\">Cette initiative r\u00e9pond, selon le minist\u00e8re, \u00e0 une logique de \u00ab r\u00e9ponse aux besoins prioritaires et d&rsquo;accompagnement des diff\u00e9rentes \u00e9tapes de prise en charge \u00bb, adapt\u00e9e \u00e0 l&rsquo;\u00e9volution de la situation sur le terrain, l&rsquo;objectif affich\u00e9 \u00e9tant de \u00ab r\u00e9unir les conditions n\u00e9cessaires pour le retour des enfants \u00e0 l&rsquo;\u00e9cole et le soutien des familles dans la pr\u00e9paration de la rentr\u00e9e scolaire 2026-2027 \u00bb. Un programme sp\u00e9cifique de prise en charge psychologique a \u00e9galement \u00e9t\u00e9 mis en place pour accompagner les enfants touch\u00e9s par les incendies, consid\u00e9r\u00e9s comme une cat\u00e9gorie n\u00e9cessitant une attention particuli\u00e8re, afin de \u00ab les aider et de les pr\u00e9parer \u00e0 retourner aux bancs de l&rsquo;\u00e9cole dans les meilleures conditions \u00bb.<\/p>\n\n\n\n<p class=\"wp-block-paragraph\"><strong>Lyna Larbi<\/strong><\/p>\n","protected":false},"excerpt":{"rendered":"<p>Alors que le coup d&rsquo;envoi de l&rsquo;ann\u00e9e scolaire 2026-2027 approche, les autorit\u00e9s multiplient les dispositifs de prise en charge des<\/p>\n","protected":false},"author":6,"featured_media":73935,"comment_status":"open","ping_status":"closed","sticky":false,"template":"","format":"standard","meta":{"colormag_page_container_layout":"default_layout","colormag_page_sidebar_layout":"default_layout","om_disable_all_campaigns":false,"_monsterinsights_skip_tracking":false,"footnotes":"","_wpscppro_dont_share_socialmedia":false,"_wpscppro_custom_social_share_image":0,"_facebook_share_type":"default","_twitter_share_type":"default","_linkedin_share_type":"default","_pinterest_share_type":"default","_linkedin_share_type_page":"","_instagram_share_type":"default","_medium_share_type":"default","_threads_share_type":"default","_google_business_share_type":"default","_bluesky_share_type":"default","_mastodon_share_type":"default","_selected_social_profile":[],"_wpsp_enable_custom_social_template":false,"_wpsp_social_scheduling":{"enabled":false,"datetime":null,"platforms":[],"status":"template_only","dateOption":"today","timeOption":"now","customDays":"","customHours":"","customDate":"","customTime":"","schedulingType":"absolute"},"_wpsp_active_default_template":true},"categories":[27],"tags":[],"class_list":["post-95044","post","type-post","status-publish","format-standard","has-post-thumbnail","hentry","category-actualite"],"aioseo_notices":[],"aioseo_head":"\n\t\t<!-- All in One SEO 5.0.0.1 - aioseo.com -->\n\t<meta name=\"description\" content=\"Alors que le coup d&#039;envoi de l&#039;ann\u00e9e scolaire 2026-2027 approche, les autorit\u00e9s multiplient les dispositifs de prise en charge des \u00e9l\u00e8ves des wilayas touch\u00e9es par les incendies. Le ministre de l&#039;Education nationale, Mohammed Seghir Sadaoui, a en effet pr\u00e9sid\u00e9 jeudi une conf\u00e9rence nationale par visioconf\u00e9rence consacr\u00e9e \u00e0 l&#039;\u00e9tat de pr\u00e9paration du secteur pour la rentr\u00e9e\" \/>\n\t<meta name=\"robots\" content=\"max-image-preview:large\" \/>\n\t<meta name=\"author\" content=\"admin\"\/>\n\t<link rel=\"canonical\" href=\"https:\/\/lasentinelle.dz\/index.php\/2026\/09\/05\/rentree-scolaire-dans-les-zones-sinistrees-par-les-incendies-letat-mobilise-tous-les-moyens\/\" \/>\n\t<meta name=\"generator\" content=\"All in One SEO (AIOSEO) 5.0.0.1\" \/>\n\t\t<meta property=\"og:locale\" content=\"fr_FR\" \/>\n\t\t<meta property=\"og:site_name\" content=\"La Sentinelle - Quotidien national d&#039;information\" \/>\n\t\t<meta property=\"og:type\" content=\"article\" \/>\n\t\t<meta property=\"og:title\" content=\"Rentr\u00e9e scolaire dans les zones sinistr\u00e9es par les incendies : L\u2019\u00c9tat mobilise tous les moyens - La Sentinelle\" \/>\n\t\t<meta property=\"og:description\" content=\"Alors que le coup d&#039;envoi de l&#039;ann\u00e9e scolaire 2026-2027 approche, les autorit\u00e9s multiplient les dispositifs de prise en charge des \u00e9l\u00e8ves des wilayas touch\u00e9es par les incendies. Le ministre de l&#039;Education nationale, Mohammed Seghir Sadaoui, a en effet pr\u00e9sid\u00e9 jeudi une conf\u00e9rence nationale par visioconf\u00e9rence consacr\u00e9e \u00e0 l&#039;\u00e9tat de pr\u00e9paration du secteur pour la rentr\u00e9e\" \/>\n\t\t<meta property=\"og:url\" content=\"https:\/\/lasentinelle.dz\/index.php\/2026\/09\/05\/rentree-scolaire-dans-les-zones-sinistrees-par-les-incendies-letat-mobilise-tous-les-moyens\/\" \/>\n\t\t<meta property=\"og:image\" content=\"https:\/\/lasentinelle.dz\/wp-content\/uploads\/2021\/09\/cropped-la-sentinelle-earth-golden-anima-5.gif\" \/>\n\t\t<meta property=\"og:image:secure_url\" content=\"https:\/\/lasentinelle.dz\/wp-content\/uploads\/2021\/09\/cropped-la-sentinelle-earth-golden-anima-5.gif\" \/>\n\t\t<meta property=\"og:image:width\" content=\"450\" \/>\n\t\t<meta property=\"og:image:height\" content=\"213\" \/>\n\t\t<meta property=\"article:published_time\" content=\"2026-09-05T21:17:11+00:00\" \/>\n\t\t<meta property=\"article:modified_time\" content=\"2026-09-05T21:17:16+00:00\" \/>\n\t\t<meta property=\"article:publisher\" content=\"https:\/\/www.facebook.com\/azzedine.lasentinelle.1\" \/>\n\t\t<meta name=\"twitter:card\" content=\"summary_large_image\" \/>\n\t\t<meta name=\"twitter:title\" content=\"Rentr\u00e9e scolaire dans les zones sinistr\u00e9es par les incendies : L\u2019\u00c9tat mobilise tous les moyens - La Sentinelle\" \/>\n\t\t<meta name=\"twitter:description\" content=\"Alors que le coup d&#039;envoi de l&#039;ann\u00e9e scolaire 2026-2027 approche, les autorit\u00e9s multiplient les dispositifs de prise en charge des \u00e9l\u00e8ves des wilayas touch\u00e9es par les incendies. Le ministre de l&#039;Education nationale, Mohammed Seghir Sadaoui, a en effet pr\u00e9sid\u00e9 jeudi une conf\u00e9rence nationale par visioconf\u00e9rence consacr\u00e9e \u00e0 l&#039;\u00e9tat de pr\u00e9paration du secteur pour la rentr\u00e9e\" \/>\n\t\t<meta name=\"twitter:image\" content=\"https:\/\/lasentinelle.dz\/wp-content\/uploads\/2021\/09\/cropped-la-sentinelle-earth-golden-anima-5.gif\" \/>\n\t\t<script type=\"application\/ld+json\" class=\"aioseo-schema\">\n\t\t\t{\"@context\":\"https:\\\/\\\/schema.org\",\"@graph\":[{\"@type\":\"BlogPosting\",\"@id\":\"https:\\\/\\\/lasentinelle.dz\\\/index.php\\\/2026\\\/09\\\/05\\\/rentree-scolaire-dans-les-zones-sinistrees-par-les-incendies-letat-mobilise-tous-les-moyens\\\/#blogposting\",\"name\":\"Rentr\\u00e9e scolaire dans les zones sinistr\\u00e9es par les incendies : L\\u2019\\u00c9tat mobilise tous les moyens - La Sentinelle\",\"headline\":\"Rentr\\u00e9e scolaire dans les zones sinistr\\u00e9es par les incendies\\u00a0: L&rsquo;\\u00c9tat mobilise tous les moyens\",\"author\":{\"@id\":\"https:\\\/\\\/lasentinelle.dz\\\/author\\\/admin\\\/#author\"},\"publisher\":{\"@id\":\"https:\\\/\\\/lasentinelle.dz\\\/#organization\"},\"image\":{\"@type\":\"ImageObject\",\"url\":\"https:\\\/\\\/lasentinelle.dz\\\/wp-content\\\/uploads\\\/2025\\\/09\\\/saadaoui.jpg\",\"width\":800,\"height\":500},\"datePublished\":\"2026-09-05T22:17:11+01:00\",\"dateModified\":\"2026-09-05T22:17:16+01:00\",\"inLanguage\":\"fr-FR\",\"mainEntityOfPage\":{\"@id\":\"https:\\\/\\\/lasentinelle.dz\\\/index.php\\\/2026\\\/09\\\/05\\\/rentree-scolaire-dans-les-zones-sinistrees-par-les-incendies-letat-mobilise-tous-les-moyens\\\/#webpage\"},\"isPartOf\":{\"@id\":\"https:\\\/\\\/lasentinelle.dz\\\/index.php\\\/2026\\\/09\\\/05\\\/rentree-scolaire-dans-les-zones-sinistrees-par-les-incendies-letat-mobilise-tous-les-moyens\\\/#webpage\"},\"articleSection\":\"Actualit\\u00e9\"},{\"@type\":\"BreadcrumbList\",\"@id\":\"https:\\\/\\\/lasentinelle.dz\\\/index.php\\\/2026\\\/09\\\/05\\\/rentree-scolaire-dans-les-zones-sinistrees-par-les-incendies-letat-mobilise-tous-les-moyens\\\/#breadcrumblist\",\"itemListElement\":[{\"@type\":\"ListItem\",\"@id\":\"https:\\\/\\\/lasentinelle.dz#listItem\",\"position\":1,\"name\":\"Home\",\"item\":\"https:\\\/\\\/lasentinelle.dz\",\"nextItem\":{\"@type\":\"ListItem\",\"@id\":\"https:\\\/\\\/lasentinelle.dz\\\/index.php\\\/category\\\/actualite\\\/#listItem\",\"name\":\"Actualit\\u00e9\"}},{\"@type\":\"ListItem\",\"@id\":\"https:\\\/\\\/lasentinelle.dz\\\/index.php\\\/category\\\/actualite\\\/#listItem\",\"position\":2,\"name\":\"Actualit\\u00e9\",\"item\":\"https:\\\/\\\/lasentinelle.dz\\\/index.php\\\/category\\\/actualite\\\/\",\"nextItem\":{\"@type\":\"ListItem\",\"@id\":\"https:\\\/\\\/lasentinelle.dz\\\/index.php\\\/2026\\\/09\\\/05\\\/rentree-scolaire-dans-les-zones-sinistrees-par-les-incendies-letat-mobilise-tous-les-moyens\\\/#listItem\",\"name\":\"Rentr\\u00e9e scolaire dans les zones sinistr\\u00e9es par les incendies\\u00a0: L&rsquo;\\u00c9tat mobilise tous les moyens\"},\"previousItem\":{\"@type\":\"ListItem\",\"@id\":\"https:\\\/\\\/lasentinelle.dz#listItem\",\"name\":\"Home\"}},{\"@type\":\"ListItem\",\"@id\":\"https:\\\/\\\/lasentinelle.dz\\\/index.php\\\/2026\\\/09\\\/05\\\/rentree-scolaire-dans-les-zones-sinistrees-par-les-incendies-letat-mobilise-tous-les-moyens\\\/#listItem\",\"position\":3,\"name\":\"Rentr\\u00e9e scolaire dans les zones sinistr\\u00e9es par les incendies\\u00a0: L&rsquo;\\u00c9tat mobilise tous les moyens\",\"previousItem\":{\"@type\":\"ListItem\",\"@id\":\"https:\\\/\\\/lasentinelle.dz\\\/index.php\\\/category\\\/actualite\\\/#listItem\",\"name\":\"Actualit\\u00e9\"}}]},{\"@type\":\"Organization\",\"@id\":\"https:\\\/\\\/lasentinelle.dz\\\/#organization\",\"name\":\"La Sentinelle La Sentinelle\",\"description\":\"Quotidien national d'information\",\"url\":\"https:\\\/\\\/lasentinelle.dz\\\/\",\"logo\":{\"@type\":\"ImageObject\",\"url\":\"https:\\\/\\\/lasentinelle.dz\\\/wp-content\\\/uploads\\\/2021\\\/09\\\/cropped-la-sentinelle-earth-golden-anima-5.gif\",\"@id\":\"https:\\\/\\\/lasentinelle.dz\\\/index.php\\\/2026\\\/09\\\/05\\\/rentree-scolaire-dans-les-zones-sinistrees-par-les-incendies-letat-mobilise-tous-les-moyens\\\/#organizationLogo\",\"width\":450,\"height\":213},\"image\":{\"@id\":\"https:\\\/\\\/lasentinelle.dz\\\/index.php\\\/2026\\\/09\\\/05\\\/rentree-scolaire-dans-les-zones-sinistrees-par-les-incendies-letat-mobilise-tous-les-moyens\\\/#organizationLogo\"},\"sameAs\":[\"https:\\\/\\\/www.facebook.com\\\/azzedine.lasentinelle.1\"]},{\"@type\":\"Person\",\"@id\":\"https:\\\/\\\/lasentinelle.dz\\\/author\\\/admin\\\/#author\",\"url\":\"https:\\\/\\\/lasentinelle.dz\\\/author\\\/admin\\\/\",\"name\":\"admin\",\"image\":{\"@type\":\"ImageObject\",\"@id\":\"https:\\\/\\\/lasentinelle.dz\\\/index.php\\\/2026\\\/09\\\/05\\\/rentree-scolaire-dans-les-zones-sinistrees-par-les-incendies-letat-mobilise-tous-les-moyens\\\/#authorImage\",\"url\":\"https:\\\/\\\/secure.gravatar.com\\\/avatar\\\/4c81fed838786e9b53f540bf46533e750f5d292099ae3b66cfc6fb1982e29df7?s=96&d=mm&r=g\",\"width\":96,\"height\":96,\"caption\":\"admin\"}},{\"@type\":\"WebPage\",\"@id\":\"https:\\\/\\\/lasentinelle.dz\\\/index.php\\\/2026\\\/09\\\/05\\\/rentree-scolaire-dans-les-zones-sinistrees-par-les-incendies-letat-mobilise-tous-les-moyens\\\/#webpage\",\"url\":\"https:\\\/\\\/lasentinelle.dz\\\/index.php\\\/2026\\\/09\\\/05\\\/rentree-scolaire-dans-les-zones-sinistrees-par-les-incendies-letat-mobilise-tous-les-moyens\\\/\",\"name\":\"Rentr\\u00e9e scolaire dans les zones sinistr\\u00e9es par les incendies : L\\u2019\\u00c9tat mobilise tous les moyens - La Sentinelle\",\"description\":\"Alors que le coup d'envoi de l'ann\\u00e9e scolaire 2026-2027 approche, les autorit\\u00e9s multiplient les dispositifs de prise en charge des \\u00e9l\\u00e8ves des wilayas touch\\u00e9es par les incendies. Le ministre de l'Education nationale, Mohammed Seghir Sadaoui, a en effet pr\\u00e9sid\\u00e9 jeudi une conf\\u00e9rence nationale par visioconf\\u00e9rence consacr\\u00e9e \\u00e0 l'\\u00e9tat de pr\\u00e9paration du secteur pour la rentr\\u00e9e\",\"inLanguage\":\"fr-FR\",\"isPartOf\":{\"@id\":\"https:\\\/\\\/lasentinelle.dz\\\/#website\"},\"breadcrumb\":{\"@id\":\"https:\\\/\\\/lasentinelle.dz\\\/index.php\\\/2026\\\/09\\\/05\\\/rentree-scolaire-dans-les-zones-sinistrees-par-les-incendies-letat-mobilise-tous-les-moyens\\\/#breadcrumblist\"},\"author\":{\"@id\":\"https:\\\/\\\/lasentinelle.dz\\\/author\\\/admin\\\/#author\"},\"creator\":{\"@id\":\"https:\\\/\\\/lasentinelle.dz\\\/author\\\/admin\\\/#author\"},\"image\":{\"@type\":\"ImageObject\",\"url\":\"https:\\\/\\\/lasentinelle.dz\\\/wp-content\\\/uploads\\\/2025\\\/09\\\/saadaoui.jpg\",\"@id\":\"https:\\\/\\\/lasentinelle.dz\\\/index.php\\\/2026\\\/09\\\/05\\\/rentree-scolaire-dans-les-zones-sinistrees-par-les-incendies-letat-mobilise-tous-les-moyens\\\/#mainImage\",\"width\":800,\"height\":500},\"primaryImageOfPage\":{\"@id\":\"https:\\\/\\\/lasentinelle.dz\\\/index.php\\\/2026\\\/09\\\/05\\\/rentree-scolaire-dans-les-zones-sinistrees-par-les-incendies-letat-mobilise-tous-les-moyens\\\/#mainImage\"},\"datePublished\":\"2026-09-05T22:17:11+01:00\",\"dateModified\":\"2026-09-05T22:17:16+01:00\"},{\"@type\":\"WebSite\",\"@id\":\"https:\\\/\\\/lasentinelle.dz\\\/#website\",\"url\":\"https:\\\/\\\/lasentinelle.dz\\\/\",\"name\":\"La Sentinelle\",\"description\":\"Quotidien national d'information\",\"inLanguage\":\"fr-FR\",\"publisher\":{\"@id\":\"https:\\\/\\\/lasentinelle.dz\\\/#organization\"}}]}\n\t\t<\/script>\n\t\t<!-- All in One SEO -->\n\n","aioseo_head_json":{"title":"Rentr\u00e9e scolaire dans les zones sinistr\u00e9es par les incendies : L\u2019\u00c9tat mobilise tous les moyens - La Sentinelle","description":"Alors que le coup d'envoi de l'ann\u00e9e scolaire 2026-2027 approche, les autorit\u00e9s multiplient les dispositifs de prise en charge des \u00e9l\u00e8ves des wilayas touch\u00e9es par les incendies. Le ministre de l'Education nationale, Mohammed Seghir Sadaoui, a en effet pr\u00e9sid\u00e9 jeudi une conf\u00e9rence nationale par visioconf\u00e9rence consacr\u00e9e \u00e0 l'\u00e9tat de pr\u00e9paration du secteur pour la rentr\u00e9e","canonical_url":"https:\/\/lasentinelle.dz\/index.php\/2026\/09\/05\/rentree-scolaire-dans-les-zones-sinistrees-par-les-incendies-letat-mobilise-tous-les-moyens\/","robots":"max-image-preview:large","keywords":"","webmasterTools":{"miscellaneous":""},"schema":{"@context":"https:\/\/schema.org","@graph":[{"@type":"BlogPosting","@id":"https:\/\/lasentinelle.dz\/index.php\/2026\/09\/05\/rentree-scolaire-dans-les-zones-sinistrees-par-les-incendies-letat-mobilise-tous-les-moyens\/#blogposting","name":"Rentr\u00e9e scolaire dans les zones sinistr\u00e9es par les incendies : L\u2019\u00c9tat mobilise tous les moyens - La Sentinelle","headline":"Rentr\u00e9e scolaire dans les zones sinistr\u00e9es par les incendies\u00a0: L&rsquo;\u00c9tat mobilise tous les moyens","author":{"@id":"https:\/\/lasentinelle.dz\/author\/admin\/#author"},"publisher":{"@id":"https:\/\/lasentinelle.dz\/#organization"},"image":{"@type":"ImageObject","url":"https:\/\/lasentinelle.dz\/wp-content\/uploads\/2025\/09\/saadaoui.jpg","width":800,"height":500},"datePublished":"2026-09-05T22:17:11+01:00","dateModified":"2026-09-05T22:17:16+01:00","inLanguage":"fr-FR","mainEntityOfPage":{"@id":"https:\/\/lasentinelle.dz\/index.php\/2026\/09\/05\/rentree-scolaire-dans-les-zones-sinistrees-par-les-incendies-letat-mobilise-tous-les-moyens\/#webpage"},"isPartOf":{"@id":"https:\/\/lasentinelle.dz\/index.php\/2026\/09\/05\/rentree-scolaire-dans-les-zones-sinistrees-par-les-incendies-letat-mobilise-tous-les-moyens\/#webpage"},"articleSection":"Actualit\u00e9"},{"@type":"BreadcrumbList","@id":"https:\/\/lasentinelle.dz\/index.php\/2026\/09\/05\/rentree-scolaire-dans-les-zones-sinistrees-par-les-incendies-letat-mobilise-tous-les-moyens\/#breadcrumblist","itemListElement":[{"@type":"ListItem","@id":"https:\/\/lasentinelle.dz#listItem","position":1,"name":"Home","item":"https:\/\/lasentinelle.dz","nextItem":{"@type":"ListItem","@id":"https:\/\/lasentinelle.dz\/index.php\/category\/actualite\/#listItem","name":"Actualit\u00e9"}},{"@type":"ListItem","@id":"https:\/\/lasentinelle.dz\/index.php\/category\/actualite\/#listItem","position":2,"name":"Actualit\u00e9","item":"https:\/\/lasentinelle.dz\/index.php\/category\/actualite\/","nextItem":{"@type":"ListItem","@id":"https:\/\/lasentinelle.dz\/index.php\/2026\/09\/05\/rentree-scolaire-dans-les-zones-sinistrees-par-les-incendies-letat-mobilise-tous-les-moyens\/#listItem","name":"Rentr\u00e9e scolaire dans les zones sinistr\u00e9es par les incendies\u00a0: L&rsquo;\u00c9tat mobilise tous les moyens"},"previousItem":{"@type":"ListItem","@id":"https:\/\/lasentinelle.dz#listItem","name":"Home"}},{"@type":"ListItem","@id":"https:\/\/lasentinelle.dz\/index.php\/2026\/09\/05\/rentree-scolaire-dans-les-zones-sinistrees-par-les-incendies-letat-mobilise-tous-les-moyens\/#listItem","position":3,"name":"Rentr\u00e9e scolaire dans les zones sinistr\u00e9es par les incendies\u00a0: L&rsquo;\u00c9tat mobilise tous les moyens","previousItem":{"@type":"ListItem","@id":"https:\/\/lasentinelle.dz\/index.php\/category\/actualite\/#listItem","name":"Actualit\u00e9"}}]},{"@type":"Organization","@id":"https:\/\/lasentinelle.dz\/#organization","name":"La Sentinelle La Sentinelle","description":"Quotidien national d'information","url":"https:\/\/lasentinelle.dz\/","logo":{"@type":"ImageObject","url":"https:\/\/lasentinelle.dz\/wp-content\/uploads\/2021\/09\/cropped-la-sentinelle-earth-golden-anima-5.gif","@id":"https:\/\/lasentinelle.dz\/index.php\/2026\/09\/05\/rentree-scolaire-dans-les-zones-sinistrees-par-les-incendies-letat-mobilise-tous-les-moyens\/#organizationLogo","width":450,"height":213},"image":{"@id":"https:\/\/lasentinelle.dz\/index.php\/2026\/09\/05\/rentree-scolaire-dans-les-zones-sinistrees-par-les-incendies-letat-mobilise-tous-les-moyens\/#organizationLogo"},"sameAs":["https:\/\/www.facebook.com\/azzedine.lasentinelle.1"]},{"@type":"Person","@id":"https:\/\/lasentinelle.dz\/author\/admin\/#author","url":"https:\/\/lasentinelle.dz\/author\/admin\/","name":"admin","image":{"@type":"ImageObject","@id":"https:\/\/lasentinelle.dz\/index.php\/2026\/09\/05\/rentree-scolaire-dans-les-zones-sinistrees-par-les-incendies-letat-mobilise-tous-les-moyens\/#authorImage","url":"https:\/\/secure.gravatar.com\/avatar\/4c81fed838786e9b53f540bf46533e750f5d292099ae3b66cfc6fb1982e29df7?s=96&d=mm&r=g","width":96,"height":96,"caption":"admin"}},{"@type":"WebPage","@id":"https:\/\/lasentinelle.dz\/index.php\/2026\/09\/05\/rentree-scolaire-dans-les-zones-sinistrees-par-les-incendies-letat-mobilise-tous-les-moyens\/#webpage","url":"https:\/\/lasentinelle.dz\/index.php\/2026\/09\/05\/rentree-scolaire-dans-les-zones-sinistrees-par-les-incendies-letat-mobilise-tous-les-moyens\/","name":"Rentr\u00e9e scolaire dans les zones sinistr\u00e9es par les incendies : L\u2019\u00c9tat mobilise tous les moyens - La Sentinelle","description":"Alors que le coup d'envoi de l'ann\u00e9e scolaire 2026-2027 approche, les autorit\u00e9s multiplient les dispositifs de prise en charge des \u00e9l\u00e8ves des wilayas touch\u00e9es par les incendies. Le ministre de l'Education nationale, Mohammed Seghir Sadaoui, a en effet pr\u00e9sid\u00e9 jeudi une conf\u00e9rence nationale par visioconf\u00e9rence consacr\u00e9e \u00e0 l'\u00e9tat de pr\u00e9paration du secteur pour la rentr\u00e9e","inLanguage":"fr-FR","isPartOf":{"@id":"https:\/\/lasentinelle.dz\/#website"},"breadcrumb":{"@id":"https:\/\/lasentinelle.dz\/index.php\/2026\/09\/05\/rentree-scolaire-dans-les-zones-sinistrees-par-les-incendies-letat-mobilise-tous-les-moyens\/#breadcrumblist"},"author":{"@id":"https:\/\/lasentinelle.dz\/author\/admin\/#author"},"creator":{"@id":"https:\/\/lasentinelle.dz\/author\/admin\/#author"},"image":{"@type":"ImageObject","url":"https:\/\/lasentinelle.dz\/wp-content\/uploads\/2025\/09\/saadaoui.jpg","@id":"https:\/\/lasentinelle.dz\/index.php\/2026\/09\/05\/rentree-scolaire-dans-les-zones-sinistrees-par-les-incendies-letat-mobilise-tous-les-moyens\/#mainImage","width":800,"height":500},"primaryImageOfPage":{"@id":"https:\/\/lasentinelle.dz\/index.php\/2026\/09\/05\/rentree-scolaire-dans-les-zones-sinistrees-par-les-incendies-letat-mobilise-tous-les-moyens\/#mainImage"},"datePublished":"2026-09-05T22:17:11+01:00","dateModified":"2026-09-05T22:17:16+01:00"},{"@type":"WebSite","@id":"https:\/\/lasentinelle.dz\/#website","url":"https:\/\/lasentinelle.dz\/","name":"La Sentinelle","description":"Quotidien national d'information","inLanguage":"fr-FR","publisher":{"@id":"https:\/\/lasentinelle.dz\/#organization"}}]},"og:locale":"fr_FR","og:site_name":"La Sentinelle - Quotidien national d'information","og:type":"article","og:title":"Rentr\u00e9e scolaire dans les zones sinistr\u00e9es par les incendies : L\u2019\u00c9tat mobilise tous les moyens - La Sentinelle","og:description":"Alors que le coup d'envoi de l'ann\u00e9e scolaire 2026-2027 approche, les autorit\u00e9s multiplient les dispositifs de prise en charge des \u00e9l\u00e8ves des wilayas touch\u00e9es par les incendies. Le ministre de l'Education nationale, Mohammed Seghir Sadaoui, a en effet pr\u00e9sid\u00e9 jeudi une conf\u00e9rence nationale par visioconf\u00e9rence consacr\u00e9e \u00e0 l'\u00e9tat de pr\u00e9paration du secteur pour la rentr\u00e9e","og:url":"https:\/\/lasentinelle.dz\/index.php\/2026\/09\/05\/rentree-scolaire-dans-les-zones-sinistrees-par-les-incendies-letat-mobilise-tous-les-moyens\/","og:image":"https:\/\/lasentinelle.dz\/wp-content\/uploads\/2021\/09\/cropped-la-sentinelle-earth-golden-anima-5.gif","og:image:secure_url":"https:\/\/lasentinelle.dz\/wp-content\/uploads\/2021\/09\/cropped-la-sentinelle-earth-golden-anima-5.gif","og:image:width":450,"og:image:height":213,"article:published_time":"2026-09-05T21:17:11+00:00","article:modified_time":"2026-09-05T21:17:16+00:00","article:publisher":"https:\/\/www.facebook.com\/azzedine.lasentinelle.1","twitter:card":"summary_large_image","twitter:title":"Rentr\u00e9e scolaire dans les zones sinistr\u00e9es par les incendies : L\u2019\u00c9tat mobilise tous les moyens - La Sentinelle","twitter:description":"Alors que le coup d'envoi de l'ann\u00e9e scolaire 2026-2027 approche, les autorit\u00e9s multiplient les dispositifs de prise en charge des \u00e9l\u00e8ves des wilayas touch\u00e9es par les incendies. Le ministre de l'Education nationale, Mohammed Seghir Sadaoui, a en effet pr\u00e9sid\u00e9 jeudi une conf\u00e9rence nationale par visioconf\u00e9rence consacr\u00e9e \u00e0 l'\u00e9tat de pr\u00e9paration du secteur pour la rentr\u00e9e","twitter:image":"https:\/\/lasentinelle.dz\/wp-content\/uploads\/2021\/09\/cropped-la-sentinelle-earth-golden-anima-5.gif"},"aioseo_meta_data":{"post_id":"95044","title":null,"description":null,"keywords":null,"keyphrases":{"focus":{"keyphrase":"","score":0,"analysis":{"keyphraseInTitle":{"score":0,"maxScore":9,"error":1}}},"additional":[]},"primary_term":null,"canonical_url":null,"og_title":null,"og_description":null,"og_object_type":"default","og_image_type":"default","og_image_url":null,"og_image_width":null,"og_image_height":null,"og_image_custom_url":null,"og_image_custom_fields":null,"og_video":"","og_custom_url":null,"og_article_section":null,"og_article_tags":null,"twitter_use_og":false,"twitter_card":"default","twitter_image_type":"default","twitter_image_url":null,"twitter_image_custom_url":null,"twitter_image_custom_fields":null,"twitter_title":null,"twitter_description":null,"schema":{"blockGraphs":[],"customGraphs":[],"default":{"data":{"Article":[],"Course":[],"Dataset":[],"FAQPage":[],"Movie":[],"Person":[],"Product":[],"ProductReview":[],"Car":[],"Recipe":[],"Service":[],"SoftwareApplication":[],"WebPage":[]},"graphName":"BlogPosting","isEnabled":true},"graphs":[]},"schema_type":"default","schema_type_options":null,"pillar_content":false,"robots_default":true,"robots_noindex":false,"robots_noarchive":false,"robots_nosnippet":false,"robots_nofollow":false,"robots_noimageindex":false,"robots_noodp":false,"robots_notranslate":false,"robots_max_snippet":"-1","robots_max_videopreview":"-1","robots_max_imagepreview":"large","priority":null,"frequency":"default","local_seo":null,"breadcrumb_settings":null,"limit_modified_date":false,"ai":{"faqs":[],"keyPoints":[],"schemas":[],"titles":[],"descriptions":[],"socialPosts":{"email":{"subject":"","preview":"","content":""},"linkedin":[],"twitter":[],"facebook":[],"instagram":[]}},"created":"2026-09-05 21:17:17","updated":"2026-09-05 22:29:56","focus_keyword":null,"additional_keywords":null,"truseo_locale":null,"seo_analyzer_scan_date":null},"aioseo_breadcrumb":"<div class=\"aioseo-breadcrumbs\"><span class=\"aioseo-breadcrumb\">\n\t\t\t<a href=\"https:\/\/lasentinelle.dz\" title=\"Home\">Home<\/a>\n\t\t<\/span><span class=\"aioseo-breadcrumb-separator\">&raquo;<\/span><span class=\"aioseo-breadcrumb\">\n\t\t\t<a href=\"https:\/\/lasentinelle.dz\/index.php\/category\/actualite\/\" title=\"Actualit\u00e9\">Actualit\u00e9<\/a>\n\t\t<\/span><span class=\"aioseo-breadcrumb-separator\">&raquo;<\/span><span class=\"aioseo-breadcrumb\">\n\t\t\tRentr\u00e9e scolaire dans les zones sinistr\u00e9es par les incendies : L\u2019\u00c9tat mobilise tous les moyens\n\t\t<\/span><\/div>","aioseo_breadcrumb_json":[{"label":"Home","link":"https:\/\/lasentinelle.dz"},{"label":"Actualit\u00e9","link":"https:\/\/lasentinelle.dz\/index.php\/category\/actualite\/"},{"label":"Rentr\u00e9e scolaire dans les zones sinistr\u00e9es par les incendies\u00a0: L&rsquo;\u00c9tat mobilise tous les moyens","link":"https:\/\/lasentinelle.dz\/index.php\/2026\/09\/05\/rentree-scolaire-dans-les-zones-sinistrees-par-les-incendies-letat-mobilise-tous-les-moyens\/"}],"yoast_head":"<!-- This site is optimized with the Yoast SEO plugin v28.4 - https:\/\/yoast.com\/product\/yoast-seo-wordpress\/ -->\n<title>Rentr\u00e9e scolaire dans les zones sinistr\u00e9es par les incendies\u00a0: L&rsquo;\u00c9tat mobilise tous les moyens - La Sentinelle<\/title>\n<meta name=\"robots\" content=\"index, follow, max-snippet:-1, max-image-preview:large, max-video-preview:-1\" \/>\n<link rel=\"canonical\" href=\"https:\/\/lasentinelle.dz\/index.php\/2026\/09\/05\/rentree-scolaire-dans-les-zones-sinistrees-par-les-incendies-letat-mobilise-tous-les-moyens\/\" \/>\n<meta property=\"og:locale\" content=\"fr_FR\" \/>\n<meta property=\"og:type\" content=\"article\" \/>\n<meta property=\"og:title\" content=\"Rentr\u00e9e scolaire dans les zones sinistr\u00e9es par les incendies\u00a0: L&rsquo;\u00c9tat mobilise tous les moyens - La Sentinelle\" \/>\n<meta property=\"og:description\" content=\"Alors que le coup d&rsquo;envoi de l&rsquo;ann\u00e9e scolaire 2026-2027 approche, les autorit\u00e9s multiplient les dispositifs de prise en charge des\" \/>\n<meta property=\"og:url\" content=\"https:\/\/lasentinelle.dz\/index.php\/2026\/09\/05\/rentree-scolaire-dans-les-zones-sinistrees-par-les-incendies-letat-mobilise-tous-les-moyens\/\" \/>\n<meta property=\"og:site_name\" content=\"La Sentinelle\" \/>\n<meta property=\"article:publisher\" content=\"https:\/\/www.facebook.com\/La-Sentinelle-104059864394773\" \/>\n<meta property=\"article:published_time\" content=\"2026-09-05T21:17:11+00:00\" \/>\n<meta property=\"article:modified_time\" content=\"2026-09-05T21:17:16+00:00\" \/>\n<meta property=\"og:image\" content=\"https:\/\/lasentinelle.dz\/wp-content\/uploads\/2025\/09\/saadaoui.jpg\" \/>\n\t<meta property=\"og:image:width\" content=\"800\" \/>\n\t<meta property=\"og:image:height\" content=\"500\" \/>\n\t<meta property=\"og:image:type\" content=\"image\/jpeg\" \/>\n<meta name=\"author\" content=\"admin\" \/>\n<meta name=\"twitter:card\" content=\"summary_large_image\" \/>\n<meta name=\"twitter:label1\" content=\"\u00c9crit par\" \/>\n\t<meta name=\"twitter:data1\" content=\"admin\" \/>\n\t<meta name=\"twitter:label2\" content=\"Dur\u00e9e de lecture estim\u00e9e\" \/>\n\t<meta name=\"twitter:data2\" content=\"4 minutes\" \/>\n<script type=\"application\/ld+json\" class=\"yoast-schema-graph\">{\"@context\":\"https:\\\/\\\/schema.org\",\"@graph\":[{\"@type\":\"Article\",\"@id\":\"https:\\\/\\\/lasentinelle.dz\\\/index.php\\\/2026\\\/09\\\/05\\\/rentree-scolaire-dans-les-zones-sinistrees-par-les-incendies-letat-mobilise-tous-les-moyens\\\/#article\",\"isPartOf\":{\"@id\":\"https:\\\/\\\/lasentinelle.dz\\\/index.php\\\/2026\\\/09\\\/05\\\/rentree-scolaire-dans-les-zones-sinistrees-par-les-incendies-letat-mobilise-tous-les-moyens\\\/\"},\"author\":{\"name\":\"admin\",\"@id\":\"https:\\\/\\\/lasentinelle.dz\\\/#\\\/schema\\\/person\\\/729ee0024f24e0b8c5ec17232f8e8b41\"},\"headline\":\"Rentr\u00e9e scolaire dans les zones sinistr\u00e9es par les incendies\u00a0: L&rsquo;\u00c9tat mobilise tous les moyens\",\"datePublished\":\"2026-09-05T21:17:11+00:00\",\"dateModified\":\"2026-09-05T21:17:16+00:00\",\"mainEntityOfPage\":{\"@id\":\"https:\\\/\\\/lasentinelle.dz\\\/index.php\\\/2026\\\/09\\\/05\\\/rentree-scolaire-dans-les-zones-sinistrees-par-les-incendies-letat-mobilise-tous-les-moyens\\\/\"},\"wordCount\":820,\"commentCount\":0,\"publisher\":{\"@id\":\"https:\\\/\\\/lasentinelle.dz\\\/#organization\"},\"image\":{\"@id\":\"https:\\\/\\\/lasentinelle.dz\\\/index.php\\\/2026\\\/09\\\/05\\\/rentree-scolaire-dans-les-zones-sinistrees-par-les-incendies-letat-mobilise-tous-les-moyens\\\/#primaryimage\"},\"thumbnailUrl\":\"https:\\\/\\\/lasentinelle.dz\\\/wp-content\\\/uploads\\\/2025\\\/09\\\/saadaoui.jpg\",\"articleSection\":[\"Actualit\u00e9\"],\"inLanguage\":\"fr-FR\",\"potentialAction\":[{\"@type\":\"CommentAction\",\"name\":\"Comment\",\"target\":[\"https:\\\/\\\/lasentinelle.dz\\\/index.php\\\/2026\\\/09\\\/05\\\/rentree-scolaire-dans-les-zones-sinistrees-par-les-incendies-letat-mobilise-tous-les-moyens\\\/#respond\"]}]},{\"@type\":\"WebPage\",\"@id\":\"https:\\\/\\\/lasentinelle.dz\\\/index.php\\\/2026\\\/09\\\/05\\\/rentree-scolaire-dans-les-zones-sinistrees-par-les-incendies-letat-mobilise-tous-les-moyens\\\/\",\"url\":\"https:\\\/\\\/lasentinelle.dz\\\/index.php\\\/2026\\\/09\\\/05\\\/rentree-scolaire-dans-les-zones-sinistrees-par-les-incendies-letat-mobilise-tous-les-moyens\\\/\",\"name\":\"Rentr\u00e9e scolaire dans les zones sinistr\u00e9es par les incendies\u00a0: L&rsquo;\u00c9tat mobilise tous les moyens - La Sentinelle\",\"isPartOf\":{\"@id\":\"https:\\\/\\\/lasentinelle.dz\\\/#website\"},\"primaryImageOfPage\":{\"@id\":\"https:\\\/\\\/lasentinelle.dz\\\/index.php\\\/2026\\\/09\\\/05\\\/rentree-scolaire-dans-les-zones-sinistrees-par-les-incendies-letat-mobilise-tous-les-moyens\\\/#primaryimage\"},\"image\":{\"@id\":\"https:\\\/\\\/lasentinelle.dz\\\/index.php\\\/2026\\\/09\\\/05\\\/rentree-scolaire-dans-les-zones-sinistrees-par-les-incendies-letat-mobilise-tous-les-moyens\\\/#primaryimage\"},\"thumbnailUrl\":\"https:\\\/\\\/lasentinelle.dz\\\/wp-content\\\/uploads\\\/2025\\\/09\\\/saadaoui.jpg\",\"datePublished\":\"2026-09-05T21:17:11+00:00\",\"dateModified\":\"2026-09-05T21:17:16+00:00\",\"breadcrumb\":{\"@id\":\"https:\\\/\\\/lasentinelle.dz\\\/index.php\\\/2026\\\/09\\\/05\\\/rentree-scolaire-dans-les-zones-sinistrees-par-les-incendies-letat-mobilise-tous-les-moyens\\\/#breadcrumb\"},\"inLanguage\":\"fr-FR\",\"potentialAction\":[{\"@type\":\"ReadAction\",\"target\":[\"https:\\\/\\\/lasentinelle.dz\\\/index.php\\\/2026\\\/09\\\/05\\\/rentree-scolaire-dans-les-zones-sinistrees-par-les-incendies-letat-mobilise-tous-les-moyens\\\/\"]}]},{\"@type\":\"ImageObject\",\"inLanguage\":\"fr-FR\",\"@id\":\"https:\\\/\\\/lasentinelle.dz\\\/index.php\\\/2026\\\/09\\\/05\\\/rentree-scolaire-dans-les-zones-sinistrees-par-les-incendies-letat-mobilise-tous-les-moyens\\\/#primaryimage\",\"url\":\"https:\\\/\\\/lasentinelle.dz\\\/wp-content\\\/uploads\\\/2025\\\/09\\\/saadaoui.jpg\",\"contentUrl\":\"https:\\\/\\\/lasentinelle.dz\\\/wp-content\\\/uploads\\\/2025\\\/09\\\/saadaoui.jpg\",\"width\":800,\"height\":500},{\"@type\":\"BreadcrumbList\",\"@id\":\"https:\\\/\\\/lasentinelle.dz\\\/index.php\\\/2026\\\/09\\\/05\\\/rentree-scolaire-dans-les-zones-sinistrees-par-les-incendies-letat-mobilise-tous-les-moyens\\\/#breadcrumb\",\"itemListElement\":[{\"@type\":\"ListItem\",\"position\":1,\"name\":\"Accueil\",\"item\":\"https:\\\/\\\/lasentinelle.dz\\\/\"},{\"@type\":\"ListItem\",\"position\":2,\"name\":\"Rentr\u00e9e scolaire dans les zones sinistr\u00e9es par les incendies\u00a0: L&rsquo;\u00c9tat mobilise tous les moyens\"}]},{\"@type\":\"WebSite\",\"@id\":\"https:\\\/\\\/lasentinelle.dz\\\/#website\",\"url\":\"https:\\\/\\\/lasentinelle.dz\\\/\",\"name\":\"La Sentinelle\",\"description\":\"Quotidien national d&#039;information\",\"publisher\":{\"@id\":\"https:\\\/\\\/lasentinelle.dz\\\/#organization\"},\"potentialAction\":[{\"@type\":\"SearchAction\",\"target\":{\"@type\":\"EntryPoint\",\"urlTemplate\":\"https:\\\/\\\/lasentinelle.dz\\\/?s={search_term_string}\"},\"query-input\":{\"@type\":\"PropertyValueSpecification\",\"valueRequired\":true,\"valueName\":\"search_term_string\"}}],\"inLanguage\":\"fr-FR\"},{\"@type\":\"Organization\",\"@id\":\"https:\\\/\\\/lasentinelle.dz\\\/#organization\",\"name\":\"Quotidien La Sentinelle\",\"url\":\"https:\\\/\\\/lasentinelle.dz\\\/\",\"logo\":{\"@type\":\"ImageObject\",\"inLanguage\":\"fr-FR\",\"@id\":\"https:\\\/\\\/lasentinelle.dz\\\/#\\\/schema\\\/logo\\\/image\\\/\",\"url\":\"https:\\\/\\\/lasentinelle.dz\\\/wp-content\\\/uploads\\\/2021\\\/09\\\/logo-sentinelleSLOGAN-1.png\",\"contentUrl\":\"https:\\\/\\\/lasentinelle.dz\\\/wp-content\\\/uploads\\\/2021\\\/09\\\/logo-sentinelleSLOGAN-1.png\",\"width\":615,\"height\":142,\"caption\":\"Quotidien La Sentinelle\"},\"image\":{\"@id\":\"https:\\\/\\\/lasentinelle.dz\\\/#\\\/schema\\\/logo\\\/image\\\/\"},\"sameAs\":[\"https:\\\/\\\/www.facebook.com\\\/La-Sentinelle-104059864394773\"]},{\"@type\":\"Person\",\"@id\":\"https:\\\/\\\/lasentinelle.dz\\\/#\\\/schema\\\/person\\\/729ee0024f24e0b8c5ec17232f8e8b41\",\"name\":\"admin\",\"image\":{\"@type\":\"ImageObject\",\"inLanguage\":\"fr-FR\",\"@id\":\"https:\\\/\\\/secure.gravatar.com\\\/avatar\\\/4c81fed838786e9b53f540bf46533e750f5d292099ae3b66cfc6fb1982e29df7?s=96&d=mm&r=g\",\"url\":\"https:\\\/\\\/secure.gravatar.com\\\/avatar\\\/4c81fed838786e9b53f540bf46533e750f5d292099ae3b66cfc6fb1982e29df7?s=96&d=mm&r=g\",\"contentUrl\":\"https:\\\/\\\/secure.gravatar.com\\\/avatar\\\/4c81fed838786e9b53f540bf46533e750f5d292099ae3b66cfc6fb1982e29df7?s=96&d=mm&r=g\",\"caption\":\"admin\"},\"description\":\"admin\",\"url\":\"https:\\\/\\\/lasentinelle.dz\\\/author\\\/admin\\\/\"}]}<\/script>\n<!-- \/ Yoast SEO plugin. -->","yoast_head_json":{"title":"Rentr\u00e9e scolaire dans les zones sinistr\u00e9es par les incendies\u00a0: L&rsquo;\u00c9tat mobilise tous les moyens - La Sentinelle","robots":{"index":"index","follow":"follow","max-snippet":"max-snippet:-1","max-image-preview":"max-image-preview:large","max-video-preview":"max-video-preview:-1"},"canonical":"https:\/\/lasentinelle.dz\/index.php\/2026\/09\/05\/rentree-scolaire-dans-les-zones-sinistrees-par-les-incendies-letat-mobilise-tous-les-moyens\/","og_locale":"fr_FR","og_type":"article","og_title":"Rentr\u00e9e scolaire dans les zones sinistr\u00e9es par les incendies\u00a0: L&rsquo;\u00c9tat mobilise tous les moyens - La Sentinelle","og_description":"Alors que le coup d&rsquo;envoi de l&rsquo;ann\u00e9e scolaire 2026-2027 approche, les autorit\u00e9s multiplient les dispositifs de prise en charge des","og_url":"https:\/\/lasentinelle.dz\/index.php\/2026\/09\/05\/rentree-scolaire-dans-les-zones-sinistrees-par-les-incendies-letat-mobilise-tous-les-moyens\/","og_site_name":"La Sentinelle","article_publisher":"https:\/\/www.facebook.com\/La-Sentinelle-104059864394773","article_published_time":"2026-09-05T21:17:11+00:00","article_modified_time":"2026-09-05T21:17:16+00:00","og_image":[{"width":800,"height":500,"url":"https:\/\/lasentinelle.dz\/wp-content\/uploads\/2025\/09\/saadaoui.jpg","type":"image\/jpeg"}],"author":"admin","twitter_card":"summary_large_image","twitter_misc":{"\u00c9crit par":"admin","Dur\u00e9e de lecture estim\u00e9e":"4 minutes"},"schema":{"@context":"https:\/\/schema.org","@graph":[{"@type":"Article","@id":"https:\/\/lasentinelle.dz\/index.php\/2026\/09\/05\/rentree-scolaire-dans-les-zones-sinistrees-par-les-incendies-letat-mobilise-tous-les-moyens\/#article","isPartOf":{"@id":"https:\/\/lasentinelle.dz\/index.php\/2026\/09\/05\/rentree-scolaire-dans-les-zones-sinistrees-par-les-incendies-letat-mobilise-tous-les-moyens\/"},"author":{"name":"admin","@id":"https:\/\/lasentinelle.dz\/#\/schema\/person\/729ee0024f24e0b8c5ec17232f8e8b41"},"headline":"Rentr\u00e9e scolaire dans les zones sinistr\u00e9es par les incendies\u00a0: L&rsquo;\u00c9tat mobilise tous les moyens","datePublished":"2026-09-05T21:17:11+00:00","dateModified":"2026-09-05T21:17:16+00:00","mainEntityOfPage":{"@id":"https:\/\/lasentinelle.dz\/index.php\/2026\/09\/05\/rentree-scolaire-dans-les-zones-sinistrees-par-les-incendies-letat-mobilise-tous-les-moyens\/"},"wordCount":820,"commentCount":0,"publisher":{"@id":"https:\/\/lasentinelle.dz\/#organization"},"image":{"@id":"https:\/\/lasentinelle.dz\/index.php\/2026\/09\/05\/rentree-scolaire-dans-les-zones-sinistrees-par-les-incendies-letat-mobilise-tous-les-moyens\/#primaryimage"},"thumbnailUrl":"https:\/\/lasentinelle.dz\/wp-content\/uploads\/2025\/09\/saadaoui.jpg","articleSection":["Actualit\u00e9"],"inLanguage":"fr-FR","potentialAction":[{"@type":"CommentAction","name":"Comment","target":["https:\/\/lasentinelle.dz\/index.php\/2026\/09\/05\/rentree-scolaire-dans-les-zones-sinistrees-par-les-incendies-letat-mobilise-tous-les-moyens\/#respond"]}]},{"@type":"WebPage","@id":"https:\/\/lasentinelle.dz\/index.php\/2026\/09\/05\/rentree-scolaire-dans-les-zones-sinistrees-par-les-incendies-letat-mobilise-tous-les-moyens\/","url":"https:\/\/lasentinelle.dz\/index.php\/2026\/09\/05\/rentree-scolaire-dans-les-zones-sinistrees-par-les-incendies-letat-mobilise-tous-les-moyens\/","name":"Rentr\u00e9e scolaire dans les zones sinistr\u00e9es par les incendies\u00a0: L&rsquo;\u00c9tat mobilise tous les moyens - La Sentinelle","isPartOf":{"@id":"https:\/\/lasentinelle.dz\/#website"},"primaryImageOfPage":{"@id":"https:\/\/lasentinelle.dz\/index.php\/2026\/09\/05\/rentree-scolaire-dans-les-zones-sinistrees-par-les-incendies-letat-mobilise-tous-les-moyens\/#primaryimage"},"image":{"@id":"https:\/\/lasentinelle.dz\/index.php\/2026\/09\/05\/rentree-scolaire-dans-les-zones-sinistrees-par-les-incendies-letat-mobilise-tous-les-moyens\/#primaryimage"},"thumbnailUrl":"https:\/\/lasentinelle.dz\/wp-content\/uploads\/2025\/09\/saadaoui.jpg","datePublished":"2026-09-05T21:17:11+00:00","dateModified":"2026-09-05T21:17:16+00:00","breadcrumb":{"@id":"https:\/\/lasentinelle.dz\/index.php\/2026\/09\/05\/rentree-scolaire-dans-les-zones-sinistrees-par-les-incendies-letat-mobilise-tous-les-moyens\/#breadcrumb"},"inLanguage":"fr-FR","potentialAction":[{"@type":"ReadAction","target":["https:\/\/lasentinelle.dz\/index.php\/2026\/09\/05\/rentree-scolaire-dans-les-zones-sinistrees-par-les-incendies-letat-mobilise-tous-les-moyens\/"]}]},{"@type":"ImageObject","inLanguage":"fr-FR","@id":"https:\/\/lasentinelle.dz\/index.php\/2026\/09\/05\/rentree-scolaire-dans-les-zones-sinistrees-par-les-incendies-letat-mobilise-tous-les-moyens\/#primaryimage","url":"https:\/\/lasentinelle.dz\/wp-content\/uploads\/2025\/09\/saadaoui.jpg","contentUrl":"https:\/\/lasentinelle.dz\/wp-content\/uploads\/2025\/09\/saadaoui.jpg","width":800,"height":500},{"@type":"BreadcrumbList","@id":"https:\/\/lasentinelle.dz\/index.php\/2026\/09\/05\/rentree-scolaire-dans-les-zones-sinistrees-par-les-incendies-letat-mobilise-tous-les-moyens\/#breadcrumb","itemListElement":[{"@type":"ListItem","position":1,"name":"Accueil","item":"https:\/\/lasentinelle.dz\/"},{"@type":"ListItem","position":2,"name":"Rentr\u00e9e scolaire dans les zones sinistr\u00e9es par les incendies\u00a0: L&rsquo;\u00c9tat mobilise tous les moyens"}]},{"@type":"WebSite","@id":"https:\/\/lasentinelle.dz\/#website","url":"https:\/\/lasentinelle.dz\/","name":"La Sentinelle","description":"Quotidien national d&#039;information","publisher":{"@id":"https:\/\/lasentinelle.dz\/#organization"},"potentialAction":[{"@type":"SearchAction","target":{"@type":"EntryPoint","urlTemplate":"https:\/\/lasentinelle.dz\/?s={search_term_string}"},"query-input":{"@type":"PropertyValueSpecification","valueRequired":true,"valueName":"search_term_string"}}],"inLanguage":"fr-FR"},{"@type":"Organization","@id":"https:\/\/lasentinelle.dz\/#organization","name":"Quotidien La Sentinelle","url":"https:\/\/lasentinelle.dz\/","logo":{"@type":"ImageObject","inLanguage":"fr-FR","@id":"https:\/\/lasentinelle.dz\/#\/schema\/logo\/image\/","url":"https:\/\/lasentinelle.dz\/wp-content\/uploads\/2021\/09\/logo-sentinelleSLOGAN-1.png","contentUrl":"https:\/\/lasentinelle.dz\/wp-content\/uploads\/2021\/09\/logo-sentinelleSLOGAN-1.png","width":615,"height":142,"caption":"Quotidien La Sentinelle"},"image":{"@id":"https:\/\/lasentinelle.dz\/#\/schema\/logo\/image\/"},"sameAs":["https:\/\/www.facebook.com\/La-Sentinelle-104059864394773"]},{"@type":"Person","@id":"https:\/\/lasentinelle.dz\/#\/schema\/person\/729ee0024f24e0b8c5ec17232f8e8b41","name":"admin","image":{"@type":"ImageObject","inLanguage":"fr-FR","@id":"https:\/\/secure.gravatar.com\/avatar\/4c81fed838786e9b53f540bf46533e750f5d292099ae3b66cfc6fb1982e29df7?s=96&d=mm&r=g","url":"https:\/\/secure.gravatar.com\/avatar\/4c81fed838786e9b53f540bf46533e750f5d292099ae3b66cfc6fb1982e29df7?s=96&d=mm&r=g","contentUrl":"https:\/\/secure.gravatar.com\/avatar\/4c81fed838786e9b53f540bf46533e750f5d292099ae3b66cfc6fb1982e29df7?s=96&d=mm&r=g","caption":"admin"},"description":"admin","url":"https:\/\/lasentinelle.dz\/author\/admin\/"}]}},"_links":{"self":[{"href":"https:\/\/lasentinelle.dz\/index.php\/wp-json\/wp\/v2\/posts\/95044","targetHints":{"allow":["GET"]}}],"collection":[{"href":"https:\/\/lasentinelle.dz\/index.php\/wp-json\/wp\/v2\/posts"}],"about":[{"href":"https:\/\/lasentinelle.dz\/index.php\/wp-json\/wp\/v2\/types\/post"}],"author":[{"embeddable":true,"href":"https:\/\/lasentinelle.dz\/index.php\/wp-json\/wp\/v2\/users\/6"}],"replies":[{"embeddable":true,"href":"https:\/\/lasentinelle.dz\/index.php\/wp-json\/wp\/v2\/comments?post=95044"}],"version-history":[{"count":2,"href":"https:\/\/lasentinelle.dz\/index.php\/wp-json\/wp\/v2\/posts\/95044\/revisions"}],"predecessor-version":[{"id":95046,"href":"https:\/\/lasentinelle.dz\/index.php\/wp-json\/wp\/v2\/posts\/95044\/revisions\/95046"}],"wp:featuredmedia":[{"embeddable":true,"href":"https:\/\/lasentinelle.dz\/index.php\/wp-json\/wp\/v2\/media\/73935"}],"wp:attachment":[{"href":"https:\/\/lasentinelle.dz\/index.php\/wp-json\/wp\/v2\/media?parent=95044"}],"wp:term":[{"taxonomy":"category","embeddable":true,"href":"https:\/\/lasentinelle.dz\/index.php\/wp-json\/wp\/v2\/categories?post=95044"},{"taxonomy":"post_tag","embeddable":true,"href":"https:\/\/lasentinelle.dz\/index.php\/wp-json\/wp\/v2\/tags?post=95044"}],"curies":[{"name":"wp","href":"https:\/\/api.w.org\/{rel}","templated":true}]}}