{"id":95050,"date":"2026-09-05T22:19:10","date_gmt":"2026-09-05T21:19:10","guid":{"rendered":"https:\/\/lasentinelle.dz\/?p=95050"},"modified":"2026-09-05T22:19:15","modified_gmt":"2026-09-05T21:19:15","slug":"les-archives-nationales-lancent-une-tournee-de-conferences-la-memoire-des-collectivites-locales-a-lere-du-numerique","status":"publish","type":"post","link":"https:\/\/lasentinelle.dz\/index.php\/2026\/09\/05\/les-archives-nationales-lancent-une-tournee-de-conferences-la-memoire-des-collectivites-locales-a-lere-du-numerique\/","title":{"rendered":"Les Archives nationales lancent une tourn\u00e9e de conf\u00e9rences\u00a0: La m\u00e9moire des collectivit\u00e9s locales \u00e0 l&rsquo;\u00e8re du num\u00e9rique"},"content":{"rendered":"\n<p class=\"wp-block-paragraph\">La Direction g\u00e9n\u00e9rale des Archives nationales organisera, \u00e0 partir de dimanche et jusqu&rsquo;au 8 novembre prochain, une s\u00e9rie de conf\u00e9rences r\u00e9gionales consacr\u00e9es \u00e0 la gestion des documents d&rsquo;activit\u00e9 et des archives des collectivit\u00e9s locales \u00e0 la lumi\u00e8re de la transformation num\u00e9rique, en coordination avec le minist\u00e8re de l&rsquo;Int\u00e9rieur, des Collectivit\u00e9s locales et des Transports, a-t-on appris samedi aupr\u00e8s de cette institution. Organis\u00e9es dans neuf wilayas \u00e0 savoir Alger, Tlemcen, Oran, Annaba, Guelma, Constantine, Djelfa, Ouargla et B\u00e9char , ces rencontres s&rsquo;inscrivent dans le cadre de \u00ab\u00a0la mise en \u0153uvre de la politique nationale en mati\u00e8re de gestion, de conservation et de valorisation des documents d&rsquo;activit\u00e9 et des archives\u00a0\u00bb. Elles r\u00e9uniront des cadres de la Direction g\u00e9n\u00e9rale des Archives nationales et du minist\u00e8re de l&rsquo;Int\u00e9rieur, ainsi que les secr\u00e9taires g\u00e9n\u00e9raux des wilayas et des communes et les responsables des services d&rsquo;archives au niveau local.<\/p>\n\n\n\n<p class=\"wp-block-paragraph\">L&rsquo;enjeu est de taille. Il s&rsquo;agit de \u00ab\u00a0renforcer la gouvernance de la gestion des documents et des archives au niveau local, garantir l&rsquo;application des dispositions l\u00e9gislatives et r\u00e9glementaires en vigueur et assurer la conformit\u00e9 aux normes pertinentes\u00a0\u00bb, pr\u00e9cise la m\u00eame source, notamment via \u00ab\u00a0l&rsquo;\u00e9laboration et la mise \u00e0 jour des tableaux de gestion des documents d&rsquo;activit\u00e9 des collectivit\u00e9s locales\u00a0\u00bb et \u00ab\u00a0la d\u00e9finition des proc\u00e9dures de gestion des documents et des archives dans l&rsquo;environnement num\u00e9rique\u00a0\u00bb. Ces rencontres se veulent aussi un espace de coordination entre acteurs concern\u00e9s, permettant de \u00ab\u00a0recenser les pr\u00e9occupations et les propositions des responsables locaux\u00a0\u00bb et de \u00ab\u00a0trouver des solutions tenant compte de la r\u00e9alit\u00e9 des structures locales\u00a0\u00bb.<\/p>\n\n\n\n<p class=\"wp-block-paragraph\">Les travaux se d\u00e9rouleront \u00e0 travers trois ateliers. Le premier portera sur les proc\u00e9dures de gestion des documents et archives, le deuxi\u00e8me sur la structuration de la fonction d&rsquo;archiviste au niveau des collectivit\u00e9s locales, \u00e0 travers l&rsquo;examen des ressources humaines sp\u00e9cialis\u00e9es disponibles. Le troisi\u00e8me, plus sensible, sera consacr\u00e9 \u00e0 la protection et au traitement des archives historiques d&rsquo;avant 1962, avec l&rsquo;examen d&rsquo;un plan d&rsquo;urgence pour leur prise en charge et la proposition d&rsquo;un programme national d&rsquo;inventaire, d&rsquo;harmonisation des m\u00e9thodes de traitement et de garantie des conditions de conservation et de num\u00e9risation de ces fonds. C&rsquo;est l\u00e0 que se joue l&rsquo;un des principaux enjeux de cette initiative. Ces archives ant\u00e9rieures \u00e0 l&rsquo;ind\u00e9pendance, conserv\u00e9es au niveau local et souvent fragilis\u00e9es par le temps et le manque de moyens, sont pr\u00e9sent\u00e9es comme \u00ab\u00a0une composante essentielle du patrimoine documentaire et de la m\u00e9moire nationale\u00a0\u00bb. D&rsquo;o\u00f9 l&rsquo;accent mis sur \u00ab\u00a0l&rsquo;importance de recourir aux outils num\u00e9riques pour l&rsquo;identification, l&rsquo;inventaire et l&rsquo;analyse de ces fonds\u00a0\u00bb et sur l&rsquo;\u00e9laboration d'\u00a0\u00bbun catalogue national permettant de d\u00e9finir les priorit\u00e9s en mati\u00e8re de conservation, de traitement, de restauration, de num\u00e9risation et de valorisation\u00a0\u00bb de ce patrimoine, conclut la m\u00eame source.<\/p>\n\n\n\n<p class=\"wp-block-paragraph\">Massinissa Ra\u00efs<\/p>\n","protected":false},"excerpt":{"rendered":"<p>La Direction g\u00e9n\u00e9rale des Archives nationales organisera, \u00e0 partir de dimanche et jusqu&rsquo;au 8 novembre prochain, une s\u00e9rie de conf\u00e9rences<\/p>\n","protected":false},"author":6,"featured_media":0,"comment_status":"open","ping_status":"closed","sticky":false,"template":"","format":"standard","meta":{"colormag_page_container_layout":"default_layout","colormag_page_sidebar_layout":"default_layout","om_disable_all_campaigns":false,"_monsterinsights_skip_tracking":false,"footnotes":"","_wpscppro_dont_share_socialmedia":false,"_wpscppro_custom_social_share_image":0,"_facebook_share_type":"default","_twitter_share_type":"default","_linkedin_share_type":"default","_pinterest_share_type":"default","_linkedin_share_type_page":"","_instagram_share_type":"default","_medium_share_type":"default","_threads_share_type":"default","_google_business_share_type":"default","_bluesky_share_type":"default","_mastodon_share_type":"default","_selected_social_profile":[],"_wpsp_enable_custom_social_template":false,"_wpsp_social_scheduling":{"enabled":false,"datetime":null,"platforms":[],"status":"template_only","dateOption":"today","timeOption":"now","customDays":"","customHours":"","customDate":"","customTime":"","schedulingType":"absolute"},"_wpsp_active_default_template":true},"categories":[27],"tags":[],"class_list":["post-95050","post","type-post","status-publish","format-standard","hentry","category-actualite"],"aioseo_notices":[],"aioseo_head":"\n\t\t<!-- All in One SEO 5.0.0.1 - aioseo.com -->\n\t<meta name=\"description\" content=\"La Direction g\u00e9n\u00e9rale des Archives nationales organisera, \u00e0 partir de dimanche et jusqu&#039;au 8 novembre prochain, une s\u00e9rie de conf\u00e9rences r\u00e9gionales consacr\u00e9es \u00e0 la gestion des documents d&#039;activit\u00e9 et des archives des collectivit\u00e9s locales \u00e0 la lumi\u00e8re de la transformation num\u00e9rique, en coordination avec le minist\u00e8re de l&#039;Int\u00e9rieur, des Collectivit\u00e9s locales et des Transports, a-t-on\" \/>\n\t<meta name=\"robots\" content=\"max-image-preview:large\" \/>\n\t<meta name=\"author\" content=\"admin\"\/>\n\t<link rel=\"canonical\" href=\"https:\/\/lasentinelle.dz\/index.php\/2026\/09\/05\/les-archives-nationales-lancent-une-tournee-de-conferences-la-memoire-des-collectivites-locales-a-lere-du-numerique\/\" \/>\n\t<meta name=\"generator\" content=\"All in One SEO (AIOSEO) 5.0.0.1\" \/>\n\t\t<meta property=\"og:locale\" content=\"fr_FR\" \/>\n\t\t<meta property=\"og:site_name\" content=\"La Sentinelle - Quotidien national d&#039;information\" \/>\n\t\t<meta property=\"og:type\" content=\"article\" \/>\n\t\t<meta property=\"og:title\" content=\"Les Archives nationales lancent une tourn\u00e9e de conf\u00e9rences : La m\u00e9moire des collectivit\u00e9s locales \u00e0 l\u2019\u00e8re du num\u00e9rique - La Sentinelle\" \/>\n\t\t<meta property=\"og:description\" content=\"La Direction g\u00e9n\u00e9rale des Archives nationales organisera, \u00e0 partir de dimanche et jusqu&#039;au 8 novembre prochain, une s\u00e9rie de conf\u00e9rences r\u00e9gionales consacr\u00e9es \u00e0 la gestion des documents d&#039;activit\u00e9 et des archives des collectivit\u00e9s locales \u00e0 la lumi\u00e8re de la transformation num\u00e9rique, en coordination avec le minist\u00e8re de l&#039;Int\u00e9rieur, des Collectivit\u00e9s locales et des Transports, a-t-on\" \/>\n\t\t<meta property=\"og:url\" content=\"https:\/\/lasentinelle.dz\/index.php\/2026\/09\/05\/les-archives-nationales-lancent-une-tournee-de-conferences-la-memoire-des-collectivites-locales-a-lere-du-numerique\/\" \/>\n\t\t<meta property=\"og:image\" content=\"https:\/\/lasentinelle.dz\/wp-content\/uploads\/2021\/09\/cropped-la-sentinelle-earth-golden-anima-5.gif\" \/>\n\t\t<meta property=\"og:image:secure_url\" content=\"https:\/\/lasentinelle.dz\/wp-content\/uploads\/2021\/09\/cropped-la-sentinelle-earth-golden-anima-5.gif\" \/>\n\t\t<meta property=\"og:image:width\" content=\"450\" \/>\n\t\t<meta property=\"og:image:height\" content=\"213\" \/>\n\t\t<meta property=\"article:published_time\" content=\"2026-09-05T21:19:10+00:00\" \/>\n\t\t<meta property=\"article:modified_time\" content=\"2026-09-05T21:19:15+00:00\" \/>\n\t\t<meta property=\"article:publisher\" content=\"https:\/\/www.facebook.com\/azzedine.lasentinelle.1\" \/>\n\t\t<meta name=\"twitter:card\" content=\"summary_large_image\" \/>\n\t\t<meta name=\"twitter:title\" content=\"Les Archives nationales lancent une tourn\u00e9e de conf\u00e9rences : La m\u00e9moire des collectivit\u00e9s locales \u00e0 l\u2019\u00e8re du num\u00e9rique - La Sentinelle\" \/>\n\t\t<meta name=\"twitter:description\" content=\"La Direction g\u00e9n\u00e9rale des Archives nationales organisera, \u00e0 partir de dimanche et jusqu&#039;au 8 novembre prochain, une s\u00e9rie de conf\u00e9rences r\u00e9gionales consacr\u00e9es \u00e0 la gestion des documents d&#039;activit\u00e9 et des archives des collectivit\u00e9s locales \u00e0 la lumi\u00e8re de la transformation num\u00e9rique, en coordination avec le minist\u00e8re de l&#039;Int\u00e9rieur, des Collectivit\u00e9s locales et des Transports, a-t-on\" \/>\n\t\t<meta name=\"twitter:image\" content=\"https:\/\/lasentinelle.dz\/wp-content\/uploads\/2021\/09\/cropped-la-sentinelle-earth-golden-anima-5.gif\" \/>\n\t\t<script type=\"application\/ld+json\" class=\"aioseo-schema\">\n\t\t\t{\"@context\":\"https:\\\/\\\/schema.org\",\"@graph\":[{\"@type\":\"BlogPosting\",\"@id\":\"https:\\\/\\\/lasentinelle.dz\\\/index.php\\\/2026\\\/09\\\/05\\\/les-archives-nationales-lancent-une-tournee-de-conferences-la-memoire-des-collectivites-locales-a-lere-du-numerique\\\/#blogposting\",\"name\":\"Les Archives nationales lancent une tourn\\u00e9e de conf\\u00e9rences : La m\\u00e9moire des collectivit\\u00e9s locales \\u00e0 l\\u2019\\u00e8re du num\\u00e9rique - La Sentinelle\",\"headline\":\"Les Archives nationales lancent une tourn\\u00e9e de conf\\u00e9rences\\u00a0: La m\\u00e9moire des collectivit\\u00e9s locales \\u00e0 l&rsquo;\\u00e8re du num\\u00e9rique\",\"author\":{\"@id\":\"https:\\\/\\\/lasentinelle.dz\\\/author\\\/admin\\\/#author\"},\"publisher\":{\"@id\":\"https:\\\/\\\/lasentinelle.dz\\\/#organization\"},\"image\":{\"@type\":\"ImageObject\",\"url\":\"https:\\\/\\\/lasentinelle.dz\\\/wp-content\\\/uploads\\\/2021\\\/09\\\/cropped-la-sentinelle-earth-golden-anima-5.gif\",\"@id\":\"https:\\\/\\\/lasentinelle.dz\\\/#articleImage\",\"width\":450,\"height\":213},\"datePublished\":\"2026-09-05T22:19:10+01:00\",\"dateModified\":\"2026-09-05T22:19:15+01:00\",\"inLanguage\":\"fr-FR\",\"mainEntityOfPage\":{\"@id\":\"https:\\\/\\\/lasentinelle.dz\\\/index.php\\\/2026\\\/09\\\/05\\\/les-archives-nationales-lancent-une-tournee-de-conferences-la-memoire-des-collectivites-locales-a-lere-du-numerique\\\/#webpage\"},\"isPartOf\":{\"@id\":\"https:\\\/\\\/lasentinelle.dz\\\/index.php\\\/2026\\\/09\\\/05\\\/les-archives-nationales-lancent-une-tournee-de-conferences-la-memoire-des-collectivites-locales-a-lere-du-numerique\\\/#webpage\"},\"articleSection\":\"Actualit\\u00e9\"},{\"@type\":\"BreadcrumbList\",\"@id\":\"https:\\\/\\\/lasentinelle.dz\\\/index.php\\\/2026\\\/09\\\/05\\\/les-archives-nationales-lancent-une-tournee-de-conferences-la-memoire-des-collectivites-locales-a-lere-du-numerique\\\/#breadcrumblist\",\"itemListElement\":[{\"@type\":\"ListItem\",\"@id\":\"https:\\\/\\\/lasentinelle.dz#listItem\",\"position\":1,\"name\":\"Home\",\"item\":\"https:\\\/\\\/lasentinelle.dz\",\"nextItem\":{\"@type\":\"ListItem\",\"@id\":\"https:\\\/\\\/lasentinelle.dz\\\/index.php\\\/category\\\/actualite\\\/#listItem\",\"name\":\"Actualit\\u00e9\"}},{\"@type\":\"ListItem\",\"@id\":\"https:\\\/\\\/lasentinelle.dz\\\/index.php\\\/category\\\/actualite\\\/#listItem\",\"position\":2,\"name\":\"Actualit\\u00e9\",\"item\":\"https:\\\/\\\/lasentinelle.dz\\\/index.php\\\/category\\\/actualite\\\/\",\"nextItem\":{\"@type\":\"ListItem\",\"@id\":\"https:\\\/\\\/lasentinelle.dz\\\/index.php\\\/2026\\\/09\\\/05\\\/les-archives-nationales-lancent-une-tournee-de-conferences-la-memoire-des-collectivites-locales-a-lere-du-numerique\\\/#listItem\",\"name\":\"Les Archives nationales lancent une tourn\\u00e9e de conf\\u00e9rences\\u00a0: La m\\u00e9moire des collectivit\\u00e9s locales \\u00e0 l&rsquo;\\u00e8re du num\\u00e9rique\"},\"previousItem\":{\"@type\":\"ListItem\",\"@id\":\"https:\\\/\\\/lasentinelle.dz#listItem\",\"name\":\"Home\"}},{\"@type\":\"ListItem\",\"@id\":\"https:\\\/\\\/lasentinelle.dz\\\/index.php\\\/2026\\\/09\\\/05\\\/les-archives-nationales-lancent-une-tournee-de-conferences-la-memoire-des-collectivites-locales-a-lere-du-numerique\\\/#listItem\",\"position\":3,\"name\":\"Les Archives nationales lancent une tourn\\u00e9e de conf\\u00e9rences\\u00a0: La m\\u00e9moire des collectivit\\u00e9s locales \\u00e0 l&rsquo;\\u00e8re du num\\u00e9rique\",\"previousItem\":{\"@type\":\"ListItem\",\"@id\":\"https:\\\/\\\/lasentinelle.dz\\\/index.php\\\/category\\\/actualite\\\/#listItem\",\"name\":\"Actualit\\u00e9\"}}]},{\"@type\":\"Organization\",\"@id\":\"https:\\\/\\\/lasentinelle.dz\\\/#organization\",\"name\":\"La Sentinelle La Sentinelle\",\"description\":\"Quotidien national d'information\",\"url\":\"https:\\\/\\\/lasentinelle.dz\\\/\",\"logo\":{\"@type\":\"ImageObject\",\"url\":\"https:\\\/\\\/lasentinelle.dz\\\/wp-content\\\/uploads\\\/2021\\\/09\\\/cropped-la-sentinelle-earth-golden-anima-5.gif\",\"@id\":\"https:\\\/\\\/lasentinelle.dz\\\/index.php\\\/2026\\\/09\\\/05\\\/les-archives-nationales-lancent-une-tournee-de-conferences-la-memoire-des-collectivites-locales-a-lere-du-numerique\\\/#organizationLogo\",\"width\":450,\"height\":213},\"image\":{\"@id\":\"https:\\\/\\\/lasentinelle.dz\\\/index.php\\\/2026\\\/09\\\/05\\\/les-archives-nationales-lancent-une-tournee-de-conferences-la-memoire-des-collectivites-locales-a-lere-du-numerique\\\/#organizationLogo\"},\"sameAs\":[\"https:\\\/\\\/www.facebook.com\\\/azzedine.lasentinelle.1\"]},{\"@type\":\"Person\",\"@id\":\"https:\\\/\\\/lasentinelle.dz\\\/author\\\/admin\\\/#author\",\"url\":\"https:\\\/\\\/lasentinelle.dz\\\/author\\\/admin\\\/\",\"name\":\"admin\",\"image\":{\"@type\":\"ImageObject\",\"@id\":\"https:\\\/\\\/lasentinelle.dz\\\/index.php\\\/2026\\\/09\\\/05\\\/les-archives-nationales-lancent-une-tournee-de-conferences-la-memoire-des-collectivites-locales-a-lere-du-numerique\\\/#authorImage\",\"url\":\"https:\\\/\\\/secure.gravatar.com\\\/avatar\\\/4c81fed838786e9b53f540bf46533e750f5d292099ae3b66cfc6fb1982e29df7?s=96&d=mm&r=g\",\"width\":96,\"height\":96,\"caption\":\"admin\"}},{\"@type\":\"WebPage\",\"@id\":\"https:\\\/\\\/lasentinelle.dz\\\/index.php\\\/2026\\\/09\\\/05\\\/les-archives-nationales-lancent-une-tournee-de-conferences-la-memoire-des-collectivites-locales-a-lere-du-numerique\\\/#webpage\",\"url\":\"https:\\\/\\\/lasentinelle.dz\\\/index.php\\\/2026\\\/09\\\/05\\\/les-archives-nationales-lancent-une-tournee-de-conferences-la-memoire-des-collectivites-locales-a-lere-du-numerique\\\/\",\"name\":\"Les Archives nationales lancent une tourn\\u00e9e de conf\\u00e9rences : La m\\u00e9moire des collectivit\\u00e9s locales \\u00e0 l\\u2019\\u00e8re du num\\u00e9rique - La Sentinelle\",\"description\":\"La Direction g\\u00e9n\\u00e9rale des Archives nationales organisera, \\u00e0 partir de dimanche et jusqu'au 8 novembre prochain, une s\\u00e9rie de conf\\u00e9rences r\\u00e9gionales consacr\\u00e9es \\u00e0 la gestion des documents d'activit\\u00e9 et des archives des collectivit\\u00e9s locales \\u00e0 la lumi\\u00e8re de la transformation num\\u00e9rique, en coordination avec le minist\\u00e8re de l'Int\\u00e9rieur, des Collectivit\\u00e9s locales et des Transports, a-t-on\",\"inLanguage\":\"fr-FR\",\"isPartOf\":{\"@id\":\"https:\\\/\\\/lasentinelle.dz\\\/#website\"},\"breadcrumb\":{\"@id\":\"https:\\\/\\\/lasentinelle.dz\\\/index.php\\\/2026\\\/09\\\/05\\\/les-archives-nationales-lancent-une-tournee-de-conferences-la-memoire-des-collectivites-locales-a-lere-du-numerique\\\/#breadcrumblist\"},\"author\":{\"@id\":\"https:\\\/\\\/lasentinelle.dz\\\/author\\\/admin\\\/#author\"},\"creator\":{\"@id\":\"https:\\\/\\\/lasentinelle.dz\\\/author\\\/admin\\\/#author\"},\"datePublished\":\"2026-09-05T22:19:10+01:00\",\"dateModified\":\"2026-09-05T22:19:15+01:00\"},{\"@type\":\"WebSite\",\"@id\":\"https:\\\/\\\/lasentinelle.dz\\\/#website\",\"url\":\"https:\\\/\\\/lasentinelle.dz\\\/\",\"name\":\"La Sentinelle\",\"description\":\"Quotidien national d'information\",\"inLanguage\":\"fr-FR\",\"publisher\":{\"@id\":\"https:\\\/\\\/lasentinelle.dz\\\/#organization\"}}]}\n\t\t<\/script>\n\t\t<!-- All in One SEO -->\n\n","aioseo_head_json":{"title":"Les Archives nationales lancent une tourn\u00e9e de conf\u00e9rences : La m\u00e9moire des collectivit\u00e9s locales \u00e0 l\u2019\u00e8re du num\u00e9rique - La Sentinelle","description":"La Direction g\u00e9n\u00e9rale des Archives nationales organisera, \u00e0 partir de dimanche et jusqu'au 8 novembre prochain, une s\u00e9rie de conf\u00e9rences r\u00e9gionales consacr\u00e9es \u00e0 la gestion des documents d'activit\u00e9 et des archives des collectivit\u00e9s locales \u00e0 la lumi\u00e8re de la transformation num\u00e9rique, en coordination avec le minist\u00e8re de l'Int\u00e9rieur, des Collectivit\u00e9s locales et des Transports, a-t-on","canonical_url":"https:\/\/lasentinelle.dz\/index.php\/2026\/09\/05\/les-archives-nationales-lancent-une-tournee-de-conferences-la-memoire-des-collectivites-locales-a-lere-du-numerique\/","robots":"max-image-preview:large","keywords":"","webmasterTools":{"miscellaneous":""},"schema":{"@context":"https:\/\/schema.org","@graph":[{"@type":"BlogPosting","@id":"https:\/\/lasentinelle.dz\/index.php\/2026\/09\/05\/les-archives-nationales-lancent-une-tournee-de-conferences-la-memoire-des-collectivites-locales-a-lere-du-numerique\/#blogposting","name":"Les Archives nationales lancent une tourn\u00e9e de conf\u00e9rences : La m\u00e9moire des collectivit\u00e9s locales \u00e0 l\u2019\u00e8re du num\u00e9rique - La Sentinelle","headline":"Les Archives nationales lancent une tourn\u00e9e de conf\u00e9rences\u00a0: La m\u00e9moire des collectivit\u00e9s locales \u00e0 l&rsquo;\u00e8re du num\u00e9rique","author":{"@id":"https:\/\/lasentinelle.dz\/author\/admin\/#author"},"publisher":{"@id":"https:\/\/lasentinelle.dz\/#organization"},"image":{"@type":"ImageObject","url":"https:\/\/lasentinelle.dz\/wp-content\/uploads\/2021\/09\/cropped-la-sentinelle-earth-golden-anima-5.gif","@id":"https:\/\/lasentinelle.dz\/#articleImage","width":450,"height":213},"datePublished":"2026-09-05T22:19:10+01:00","dateModified":"2026-09-05T22:19:15+01:00","inLanguage":"fr-FR","mainEntityOfPage":{"@id":"https:\/\/lasentinelle.dz\/index.php\/2026\/09\/05\/les-archives-nationales-lancent-une-tournee-de-conferences-la-memoire-des-collectivites-locales-a-lere-du-numerique\/#webpage"},"isPartOf":{"@id":"https:\/\/lasentinelle.dz\/index.php\/2026\/09\/05\/les-archives-nationales-lancent-une-tournee-de-conferences-la-memoire-des-collectivites-locales-a-lere-du-numerique\/#webpage"},"articleSection":"Actualit\u00e9"},{"@type":"BreadcrumbList","@id":"https:\/\/lasentinelle.dz\/index.php\/2026\/09\/05\/les-archives-nationales-lancent-une-tournee-de-conferences-la-memoire-des-collectivites-locales-a-lere-du-numerique\/#breadcrumblist","itemListElement":[{"@type":"ListItem","@id":"https:\/\/lasentinelle.dz#listItem","position":1,"name":"Home","item":"https:\/\/lasentinelle.dz","nextItem":{"@type":"ListItem","@id":"https:\/\/lasentinelle.dz\/index.php\/category\/actualite\/#listItem","name":"Actualit\u00e9"}},{"@type":"ListItem","@id":"https:\/\/lasentinelle.dz\/index.php\/category\/actualite\/#listItem","position":2,"name":"Actualit\u00e9","item":"https:\/\/lasentinelle.dz\/index.php\/category\/actualite\/","nextItem":{"@type":"ListItem","@id":"https:\/\/lasentinelle.dz\/index.php\/2026\/09\/05\/les-archives-nationales-lancent-une-tournee-de-conferences-la-memoire-des-collectivites-locales-a-lere-du-numerique\/#listItem","name":"Les Archives nationales lancent une tourn\u00e9e de conf\u00e9rences\u00a0: La m\u00e9moire des collectivit\u00e9s locales \u00e0 l&rsquo;\u00e8re du num\u00e9rique"},"previousItem":{"@type":"ListItem","@id":"https:\/\/lasentinelle.dz#listItem","name":"Home"}},{"@type":"ListItem","@id":"https:\/\/lasentinelle.dz\/index.php\/2026\/09\/05\/les-archives-nationales-lancent-une-tournee-de-conferences-la-memoire-des-collectivites-locales-a-lere-du-numerique\/#listItem","position":3,"name":"Les Archives nationales lancent une tourn\u00e9e de conf\u00e9rences\u00a0: La m\u00e9moire des collectivit\u00e9s locales \u00e0 l&rsquo;\u00e8re du num\u00e9rique","previousItem":{"@type":"ListItem","@id":"https:\/\/lasentinelle.dz\/index.php\/category\/actualite\/#listItem","name":"Actualit\u00e9"}}]},{"@type":"Organization","@id":"https:\/\/lasentinelle.dz\/#organization","name":"La Sentinelle La Sentinelle","description":"Quotidien national d'information","url":"https:\/\/lasentinelle.dz\/","logo":{"@type":"ImageObject","url":"https:\/\/lasentinelle.dz\/wp-content\/uploads\/2021\/09\/cropped-la-sentinelle-earth-golden-anima-5.gif","@id":"https:\/\/lasentinelle.dz\/index.php\/2026\/09\/05\/les-archives-nationales-lancent-une-tournee-de-conferences-la-memoire-des-collectivites-locales-a-lere-du-numerique\/#organizationLogo","width":450,"height":213},"image":{"@id":"https:\/\/lasentinelle.dz\/index.php\/2026\/09\/05\/les-archives-nationales-lancent-une-tournee-de-conferences-la-memoire-des-collectivites-locales-a-lere-du-numerique\/#organizationLogo"},"sameAs":["https:\/\/www.facebook.com\/azzedine.lasentinelle.1"]},{"@type":"Person","@id":"https:\/\/lasentinelle.dz\/author\/admin\/#author","url":"https:\/\/lasentinelle.dz\/author\/admin\/","name":"admin","image":{"@type":"ImageObject","@id":"https:\/\/lasentinelle.dz\/index.php\/2026\/09\/05\/les-archives-nationales-lancent-une-tournee-de-conferences-la-memoire-des-collectivites-locales-a-lere-du-numerique\/#authorImage","url":"https:\/\/secure.gravatar.com\/avatar\/4c81fed838786e9b53f540bf46533e750f5d292099ae3b66cfc6fb1982e29df7?s=96&d=mm&r=g","width":96,"height":96,"caption":"admin"}},{"@type":"WebPage","@id":"https:\/\/lasentinelle.dz\/index.php\/2026\/09\/05\/les-archives-nationales-lancent-une-tournee-de-conferences-la-memoire-des-collectivites-locales-a-lere-du-numerique\/#webpage","url":"https:\/\/lasentinelle.dz\/index.php\/2026\/09\/05\/les-archives-nationales-lancent-une-tournee-de-conferences-la-memoire-des-collectivites-locales-a-lere-du-numerique\/","name":"Les Archives nationales lancent une tourn\u00e9e de conf\u00e9rences : La m\u00e9moire des collectivit\u00e9s locales \u00e0 l\u2019\u00e8re du num\u00e9rique - La Sentinelle","description":"La Direction g\u00e9n\u00e9rale des Archives nationales organisera, \u00e0 partir de dimanche et jusqu'au 8 novembre prochain, une s\u00e9rie de conf\u00e9rences r\u00e9gionales consacr\u00e9es \u00e0 la gestion des documents d'activit\u00e9 et des archives des collectivit\u00e9s locales \u00e0 la lumi\u00e8re de la transformation num\u00e9rique, en coordination avec le minist\u00e8re de l'Int\u00e9rieur, des Collectivit\u00e9s locales et des Transports, a-t-on","inLanguage":"fr-FR","isPartOf":{"@id":"https:\/\/lasentinelle.dz\/#website"},"breadcrumb":{"@id":"https:\/\/lasentinelle.dz\/index.php\/2026\/09\/05\/les-archives-nationales-lancent-une-tournee-de-conferences-la-memoire-des-collectivites-locales-a-lere-du-numerique\/#breadcrumblist"},"author":{"@id":"https:\/\/lasentinelle.dz\/author\/admin\/#author"},"creator":{"@id":"https:\/\/lasentinelle.dz\/author\/admin\/#author"},"datePublished":"2026-09-05T22:19:10+01:00","dateModified":"2026-09-05T22:19:15+01:00"},{"@type":"WebSite","@id":"https:\/\/lasentinelle.dz\/#website","url":"https:\/\/lasentinelle.dz\/","name":"La Sentinelle","description":"Quotidien national d'information","inLanguage":"fr-FR","publisher":{"@id":"https:\/\/lasentinelle.dz\/#organization"}}]},"og:locale":"fr_FR","og:site_name":"La Sentinelle - Quotidien national d'information","og:type":"article","og:title":"Les Archives nationales lancent une tourn\u00e9e de conf\u00e9rences : La m\u00e9moire des collectivit\u00e9s locales \u00e0 l\u2019\u00e8re du num\u00e9rique - La Sentinelle","og:description":"La Direction g\u00e9n\u00e9rale des Archives nationales organisera, \u00e0 partir de dimanche et jusqu'au 8 novembre prochain, une s\u00e9rie de conf\u00e9rences r\u00e9gionales consacr\u00e9es \u00e0 la gestion des documents d'activit\u00e9 et des archives des collectivit\u00e9s locales \u00e0 la lumi\u00e8re de la transformation num\u00e9rique, en coordination avec le minist\u00e8re de l'Int\u00e9rieur, des Collectivit\u00e9s locales et des Transports, a-t-on","og:url":"https:\/\/lasentinelle.dz\/index.php\/2026\/09\/05\/les-archives-nationales-lancent-une-tournee-de-conferences-la-memoire-des-collectivites-locales-a-lere-du-numerique\/","og:image":"https:\/\/lasentinelle.dz\/wp-content\/uploads\/2021\/09\/cropped-la-sentinelle-earth-golden-anima-5.gif","og:image:secure_url":"https:\/\/lasentinelle.dz\/wp-content\/uploads\/2021\/09\/cropped-la-sentinelle-earth-golden-anima-5.gif","og:image:width":450,"og:image:height":213,"article:published_time":"2026-09-05T21:19:10+00:00","article:modified_time":"2026-09-05T21:19:15+00:00","article:publisher":"https:\/\/www.facebook.com\/azzedine.lasentinelle.1","twitter:card":"summary_large_image","twitter:title":"Les Archives nationales lancent une tourn\u00e9e de conf\u00e9rences : La m\u00e9moire des collectivit\u00e9s locales \u00e0 l\u2019\u00e8re du num\u00e9rique - La Sentinelle","twitter:description":"La Direction g\u00e9n\u00e9rale des Archives nationales organisera, \u00e0 partir de dimanche et jusqu'au 8 novembre prochain, une s\u00e9rie de conf\u00e9rences r\u00e9gionales consacr\u00e9es \u00e0 la gestion des documents d'activit\u00e9 et des archives des collectivit\u00e9s locales \u00e0 la lumi\u00e8re de la transformation num\u00e9rique, en coordination avec le minist\u00e8re de l'Int\u00e9rieur, des Collectivit\u00e9s locales et des Transports, a-t-on","twitter:image":"https:\/\/lasentinelle.dz\/wp-content\/uploads\/2021\/09\/cropped-la-sentinelle-earth-golden-anima-5.gif"},"aioseo_meta_data":{"post_id":"95050","title":null,"description":null,"keywords":null,"keyphrases":{"focus":{"keyphrase":"","score":0,"analysis":{"keyphraseInTitle":{"score":0,"maxScore":9,"error":1}}},"additional":[]},"primary_term":null,"canonical_url":null,"og_title":null,"og_description":null,"og_object_type":"default","og_image_type":"default","og_image_url":null,"og_image_width":null,"og_image_height":null,"og_image_custom_url":null,"og_image_custom_fields":null,"og_video":"","og_custom_url":null,"og_article_section":null,"og_article_tags":null,"twitter_use_og":false,"twitter_card":"default","twitter_image_type":"default","twitter_image_url":null,"twitter_image_custom_url":null,"twitter_image_custom_fields":null,"twitter_title":null,"twitter_description":null,"schema":{"blockGraphs":[],"customGraphs":[],"default":{"data":{"Article":[],"Course":[],"Dataset":[],"FAQPage":[],"Movie":[],"Person":[],"Product":[],"ProductReview":[],"Car":[],"Recipe":[],"Service":[],"SoftwareApplication":[],"WebPage":[]},"graphName":"BlogPosting","isEnabled":true},"graphs":[]},"schema_type":"default","schema_type_options":null,"pillar_content":false,"robots_default":true,"robots_noindex":false,"robots_noarchive":false,"robots_nosnippet":false,"robots_nofollow":false,"robots_noimageindex":false,"robots_noodp":false,"robots_notranslate":false,"robots_max_snippet":"-1","robots_max_videopreview":"-1","robots_max_imagepreview":"large","priority":null,"frequency":"default","local_seo":null,"breadcrumb_settings":null,"limit_modified_date":false,"ai":{"faqs":[],"keyPoints":[],"schemas":[],"titles":[],"descriptions":[],"socialPosts":{"email":{"subject":"","preview":"","content":""},"linkedin":[],"twitter":[],"facebook":[],"instagram":[]}},"created":"2026-09-05 21:19:17","updated":"2026-09-05 22:29:56","focus_keyword":null,"additional_keywords":null,"truseo_locale":null,"seo_analyzer_scan_date":null},"aioseo_breadcrumb":"<div class=\"aioseo-breadcrumbs\"><span class=\"aioseo-breadcrumb\">\n\t\t\t<a href=\"https:\/\/lasentinelle.dz\" title=\"Home\">Home<\/a>\n\t\t<\/span><span class=\"aioseo-breadcrumb-separator\">&raquo;<\/span><span class=\"aioseo-breadcrumb\">\n\t\t\t<a href=\"https:\/\/lasentinelle.dz\/index.php\/category\/actualite\/\" title=\"Actualit\u00e9\">Actualit\u00e9<\/a>\n\t\t<\/span><span class=\"aioseo-breadcrumb-separator\">&raquo;<\/span><span class=\"aioseo-breadcrumb\">\n\t\t\tLes Archives nationales lancent une tourn\u00e9e de conf\u00e9rences : La m\u00e9moire des collectivit\u00e9s locales \u00e0 l\u2019\u00e8re du num\u00e9rique\n\t\t<\/span><\/div>","aioseo_breadcrumb_json":[{"label":"Home","link":"https:\/\/lasentinelle.dz"},{"label":"Actualit\u00e9","link":"https:\/\/lasentinelle.dz\/index.php\/category\/actualite\/"},{"label":"Les Archives nationales lancent une tourn\u00e9e de conf\u00e9rences\u00a0: La m\u00e9moire des collectivit\u00e9s locales \u00e0 l&rsquo;\u00e8re du num\u00e9rique","link":"https:\/\/lasentinelle.dz\/index.php\/2026\/09\/05\/les-archives-nationales-lancent-une-tournee-de-conferences-la-memoire-des-collectivites-locales-a-lere-du-numerique\/"}],"yoast_head":"<!-- This site is optimized with the Yoast SEO plugin v28.4 - https:\/\/yoast.com\/product\/yoast-seo-wordpress\/ -->\n<title>Les Archives nationales lancent une tourn\u00e9e de conf\u00e9rences\u00a0: La m\u00e9moire des collectivit\u00e9s locales \u00e0 l&rsquo;\u00e8re du num\u00e9rique - La Sentinelle<\/title>\n<meta name=\"robots\" content=\"index, follow, max-snippet:-1, max-image-preview:large, max-video-preview:-1\" \/>\n<link rel=\"canonical\" href=\"https:\/\/lasentinelle.dz\/index.php\/2026\/09\/05\/les-archives-nationales-lancent-une-tournee-de-conferences-la-memoire-des-collectivites-locales-a-lere-du-numerique\/\" \/>\n<meta property=\"og:locale\" content=\"fr_FR\" \/>\n<meta property=\"og:type\" content=\"article\" \/>\n<meta property=\"og:title\" content=\"Les Archives nationales lancent une tourn\u00e9e de conf\u00e9rences\u00a0: La m\u00e9moire des collectivit\u00e9s locales \u00e0 l&rsquo;\u00e8re du num\u00e9rique - La Sentinelle\" \/>\n<meta property=\"og:description\" content=\"La Direction g\u00e9n\u00e9rale des Archives nationales organisera, \u00e0 partir de dimanche et jusqu&rsquo;au 8 novembre prochain, une s\u00e9rie de conf\u00e9rences\" \/>\n<meta property=\"og:url\" content=\"https:\/\/lasentinelle.dz\/index.php\/2026\/09\/05\/les-archives-nationales-lancent-une-tournee-de-conferences-la-memoire-des-collectivites-locales-a-lere-du-numerique\/\" \/>\n<meta property=\"og:site_name\" content=\"La Sentinelle\" \/>\n<meta property=\"article:publisher\" content=\"https:\/\/www.facebook.com\/La-Sentinelle-104059864394773\" \/>\n<meta property=\"article:published_time\" content=\"2026-09-05T21:19:10+00:00\" \/>\n<meta property=\"article:modified_time\" content=\"2026-09-05T21:19:15+00:00\" \/>\n<meta name=\"author\" content=\"admin\" \/>\n<meta name=\"twitter:card\" content=\"summary_large_image\" \/>\n<meta name=\"twitter:label1\" content=\"\u00c9crit par\" \/>\n\t<meta name=\"twitter:data1\" content=\"admin\" \/>\n\t<meta name=\"twitter:label2\" content=\"Dur\u00e9e de lecture estim\u00e9e\" \/>\n\t<meta name=\"twitter:data2\" content=\"3 minutes\" \/>\n<script type=\"application\/ld+json\" class=\"yoast-schema-graph\">{\"@context\":\"https:\\\/\\\/schema.org\",\"@graph\":[{\"@type\":\"Article\",\"@id\":\"https:\\\/\\\/lasentinelle.dz\\\/index.php\\\/2026\\\/09\\\/05\\\/les-archives-nationales-lancent-une-tournee-de-conferences-la-memoire-des-collectivites-locales-a-lere-du-numerique\\\/#article\",\"isPartOf\":{\"@id\":\"https:\\\/\\\/lasentinelle.dz\\\/index.php\\\/2026\\\/09\\\/05\\\/les-archives-nationales-lancent-une-tournee-de-conferences-la-memoire-des-collectivites-locales-a-lere-du-numerique\\\/\"},\"author\":{\"name\":\"admin\",\"@id\":\"https:\\\/\\\/lasentinelle.dz\\\/#\\\/schema\\\/person\\\/729ee0024f24e0b8c5ec17232f8e8b41\"},\"headline\":\"Les Archives nationales lancent une tourn\u00e9e de conf\u00e9rences\u00a0: La m\u00e9moire des collectivit\u00e9s locales \u00e0 l&rsquo;\u00e8re du num\u00e9rique\",\"datePublished\":\"2026-09-05T21:19:10+00:00\",\"dateModified\":\"2026-09-05T21:19:15+00:00\",\"mainEntityOfPage\":{\"@id\":\"https:\\\/\\\/lasentinelle.dz\\\/index.php\\\/2026\\\/09\\\/05\\\/les-archives-nationales-lancent-une-tournee-de-conferences-la-memoire-des-collectivites-locales-a-lere-du-numerique\\\/\"},\"wordCount\":546,\"commentCount\":0,\"publisher\":{\"@id\":\"https:\\\/\\\/lasentinelle.dz\\\/#organization\"},\"articleSection\":[\"Actualit\u00e9\"],\"inLanguage\":\"fr-FR\",\"potentialAction\":[{\"@type\":\"CommentAction\",\"name\":\"Comment\",\"target\":[\"https:\\\/\\\/lasentinelle.dz\\\/index.php\\\/2026\\\/09\\\/05\\\/les-archives-nationales-lancent-une-tournee-de-conferences-la-memoire-des-collectivites-locales-a-lere-du-numerique\\\/#respond\"]}]},{\"@type\":\"WebPage\",\"@id\":\"https:\\\/\\\/lasentinelle.dz\\\/index.php\\\/2026\\\/09\\\/05\\\/les-archives-nationales-lancent-une-tournee-de-conferences-la-memoire-des-collectivites-locales-a-lere-du-numerique\\\/\",\"url\":\"https:\\\/\\\/lasentinelle.dz\\\/index.php\\\/2026\\\/09\\\/05\\\/les-archives-nationales-lancent-une-tournee-de-conferences-la-memoire-des-collectivites-locales-a-lere-du-numerique\\\/\",\"name\":\"Les Archives nationales lancent une tourn\u00e9e de conf\u00e9rences\u00a0: La m\u00e9moire des collectivit\u00e9s locales \u00e0 l&rsquo;\u00e8re du num\u00e9rique - La Sentinelle\",\"isPartOf\":{\"@id\":\"https:\\\/\\\/lasentinelle.dz\\\/#website\"},\"datePublished\":\"2026-09-05T21:19:10+00:00\",\"dateModified\":\"2026-09-05T21:19:15+00:00\",\"breadcrumb\":{\"@id\":\"https:\\\/\\\/lasentinelle.dz\\\/index.php\\\/2026\\\/09\\\/05\\\/les-archives-nationales-lancent-une-tournee-de-conferences-la-memoire-des-collectivites-locales-a-lere-du-numerique\\\/#breadcrumb\"},\"inLanguage\":\"fr-FR\",\"potentialAction\":[{\"@type\":\"ReadAction\",\"target\":[\"https:\\\/\\\/lasentinelle.dz\\\/index.php\\\/2026\\\/09\\\/05\\\/les-archives-nationales-lancent-une-tournee-de-conferences-la-memoire-des-collectivites-locales-a-lere-du-numerique\\\/\"]}]},{\"@type\":\"BreadcrumbList\",\"@id\":\"https:\\\/\\\/lasentinelle.dz\\\/index.php\\\/2026\\\/09\\\/05\\\/les-archives-nationales-lancent-une-tournee-de-conferences-la-memoire-des-collectivites-locales-a-lere-du-numerique\\\/#breadcrumb\",\"itemListElement\":[{\"@type\":\"ListItem\",\"position\":1,\"name\":\"Accueil\",\"item\":\"https:\\\/\\\/lasentinelle.dz\\\/\"},{\"@type\":\"ListItem\",\"position\":2,\"name\":\"Les Archives nationales lancent une tourn\u00e9e de conf\u00e9rences\u00a0: La m\u00e9moire des collectivit\u00e9s locales \u00e0 l&rsquo;\u00e8re du num\u00e9rique\"}]},{\"@type\":\"WebSite\",\"@id\":\"https:\\\/\\\/lasentinelle.dz\\\/#website\",\"url\":\"https:\\\/\\\/lasentinelle.dz\\\/\",\"name\":\"La Sentinelle\",\"description\":\"Quotidien national d&#039;information\",\"publisher\":{\"@id\":\"https:\\\/\\\/lasentinelle.dz\\\/#organization\"},\"potentialAction\":[{\"@type\":\"SearchAction\",\"target\":{\"@type\":\"EntryPoint\",\"urlTemplate\":\"https:\\\/\\\/lasentinelle.dz\\\/?s={search_term_string}\"},\"query-input\":{\"@type\":\"PropertyValueSpecification\",\"valueRequired\":true,\"valueName\":\"search_term_string\"}}],\"inLanguage\":\"fr-FR\"},{\"@type\":\"Organization\",\"@id\":\"https:\\\/\\\/lasentinelle.dz\\\/#organization\",\"name\":\"Quotidien La Sentinelle\",\"url\":\"https:\\\/\\\/lasentinelle.dz\\\/\",\"logo\":{\"@type\":\"ImageObject\",\"inLanguage\":\"fr-FR\",\"@id\":\"https:\\\/\\\/lasentinelle.dz\\\/#\\\/schema\\\/logo\\\/image\\\/\",\"url\":\"https:\\\/\\\/lasentinelle.dz\\\/wp-content\\\/uploads\\\/2021\\\/09\\\/logo-sentinelleSLOGAN-1.png\",\"contentUrl\":\"https:\\\/\\\/lasentinelle.dz\\\/wp-content\\\/uploads\\\/2021\\\/09\\\/logo-sentinelleSLOGAN-1.png\",\"width\":615,\"height\":142,\"caption\":\"Quotidien La Sentinelle\"},\"image\":{\"@id\":\"https:\\\/\\\/lasentinelle.dz\\\/#\\\/schema\\\/logo\\\/image\\\/\"},\"sameAs\":[\"https:\\\/\\\/www.facebook.com\\\/La-Sentinelle-104059864394773\"]},{\"@type\":\"Person\",\"@id\":\"https:\\\/\\\/lasentinelle.dz\\\/#\\\/schema\\\/person\\\/729ee0024f24e0b8c5ec17232f8e8b41\",\"name\":\"admin\",\"image\":{\"@type\":\"ImageObject\",\"inLanguage\":\"fr-FR\",\"@id\":\"https:\\\/\\\/secure.gravatar.com\\\/avatar\\\/4c81fed838786e9b53f540bf46533e750f5d292099ae3b66cfc6fb1982e29df7?s=96&d=mm&r=g\",\"url\":\"https:\\\/\\\/secure.gravatar.com\\\/avatar\\\/4c81fed838786e9b53f540bf46533e750f5d292099ae3b66cfc6fb1982e29df7?s=96&d=mm&r=g\",\"contentUrl\":\"https:\\\/\\\/secure.gravatar.com\\\/avatar\\\/4c81fed838786e9b53f540bf46533e750f5d292099ae3b66cfc6fb1982e29df7?s=96&d=mm&r=g\",\"caption\":\"admin\"},\"description\":\"admin\",\"url\":\"https:\\\/\\\/lasentinelle.dz\\\/author\\\/admin\\\/\"}]}<\/script>\n<!-- \/ Yoast SEO plugin. -->","yoast_head_json":{"title":"Les Archives nationales lancent une tourn\u00e9e de conf\u00e9rences\u00a0: La m\u00e9moire des collectivit\u00e9s locales \u00e0 l&rsquo;\u00e8re du num\u00e9rique - La Sentinelle","robots":{"index":"index","follow":"follow","max-snippet":"max-snippet:-1","max-image-preview":"max-image-preview:large","max-video-preview":"max-video-preview:-1"},"canonical":"https:\/\/lasentinelle.dz\/index.php\/2026\/09\/05\/les-archives-nationales-lancent-une-tournee-de-conferences-la-memoire-des-collectivites-locales-a-lere-du-numerique\/","og_locale":"fr_FR","og_type":"article","og_title":"Les Archives nationales lancent une tourn\u00e9e de conf\u00e9rences\u00a0: La m\u00e9moire des collectivit\u00e9s locales \u00e0 l&rsquo;\u00e8re du num\u00e9rique - La Sentinelle","og_description":"La Direction g\u00e9n\u00e9rale des Archives nationales organisera, \u00e0 partir de dimanche et jusqu&rsquo;au 8 novembre prochain, une s\u00e9rie de conf\u00e9rences","og_url":"https:\/\/lasentinelle.dz\/index.php\/2026\/09\/05\/les-archives-nationales-lancent-une-tournee-de-conferences-la-memoire-des-collectivites-locales-a-lere-du-numerique\/","og_site_name":"La Sentinelle","article_publisher":"https:\/\/www.facebook.com\/La-Sentinelle-104059864394773","article_published_time":"2026-09-05T21:19:10+00:00","article_modified_time":"2026-09-05T21:19:15+00:00","author":"admin","twitter_card":"summary_large_image","twitter_misc":{"\u00c9crit par":"admin","Dur\u00e9e de lecture estim\u00e9e":"3 minutes"},"schema":{"@context":"https:\/\/schema.org","@graph":[{"@type":"Article","@id":"https:\/\/lasentinelle.dz\/index.php\/2026\/09\/05\/les-archives-nationales-lancent-une-tournee-de-conferences-la-memoire-des-collectivites-locales-a-lere-du-numerique\/#article","isPartOf":{"@id":"https:\/\/lasentinelle.dz\/index.php\/2026\/09\/05\/les-archives-nationales-lancent-une-tournee-de-conferences-la-memoire-des-collectivites-locales-a-lere-du-numerique\/"},"author":{"name":"admin","@id":"https:\/\/lasentinelle.dz\/#\/schema\/person\/729ee0024f24e0b8c5ec17232f8e8b41"},"headline":"Les Archives nationales lancent une tourn\u00e9e de conf\u00e9rences\u00a0: La m\u00e9moire des collectivit\u00e9s locales \u00e0 l&rsquo;\u00e8re du num\u00e9rique","datePublished":"2026-09-05T21:19:10+00:00","dateModified":"2026-09-05T21:19:15+00:00","mainEntityOfPage":{"@id":"https:\/\/lasentinelle.dz\/index.php\/2026\/09\/05\/les-archives-nationales-lancent-une-tournee-de-conferences-la-memoire-des-collectivites-locales-a-lere-du-numerique\/"},"wordCount":546,"commentCount":0,"publisher":{"@id":"https:\/\/lasentinelle.dz\/#organization"},"articleSection":["Actualit\u00e9"],"inLanguage":"fr-FR","potentialAction":[{"@type":"CommentAction","name":"Comment","target":["https:\/\/lasentinelle.dz\/index.php\/2026\/09\/05\/les-archives-nationales-lancent-une-tournee-de-conferences-la-memoire-des-collectivites-locales-a-lere-du-numerique\/#respond"]}]},{"@type":"WebPage","@id":"https:\/\/lasentinelle.dz\/index.php\/2026\/09\/05\/les-archives-nationales-lancent-une-tournee-de-conferences-la-memoire-des-collectivites-locales-a-lere-du-numerique\/","url":"https:\/\/lasentinelle.dz\/index.php\/2026\/09\/05\/les-archives-nationales-lancent-une-tournee-de-conferences-la-memoire-des-collectivites-locales-a-lere-du-numerique\/","name":"Les Archives nationales lancent une tourn\u00e9e de conf\u00e9rences\u00a0: La m\u00e9moire des collectivit\u00e9s locales \u00e0 l&rsquo;\u00e8re du num\u00e9rique - La Sentinelle","isPartOf":{"@id":"https:\/\/lasentinelle.dz\/#website"},"datePublished":"2026-09-05T21:19:10+00:00","dateModified":"2026-09-05T21:19:15+00:00","breadcrumb":{"@id":"https:\/\/lasentinelle.dz\/index.php\/2026\/09\/05\/les-archives-nationales-lancent-une-tournee-de-conferences-la-memoire-des-collectivites-locales-a-lere-du-numerique\/#breadcrumb"},"inLanguage":"fr-FR","potentialAction":[{"@type":"ReadAction","target":["https:\/\/lasentinelle.dz\/index.php\/2026\/09\/05\/les-archives-nationales-lancent-une-tournee-de-conferences-la-memoire-des-collectivites-locales-a-lere-du-numerique\/"]}]},{"@type":"BreadcrumbList","@id":"https:\/\/lasentinelle.dz\/index.php\/2026\/09\/05\/les-archives-nationales-lancent-une-tournee-de-conferences-la-memoire-des-collectivites-locales-a-lere-du-numerique\/#breadcrumb","itemListElement":[{"@type":"ListItem","position":1,"name":"Accueil","item":"https:\/\/lasentinelle.dz\/"},{"@type":"ListItem","position":2,"name":"Les Archives nationales lancent une tourn\u00e9e de conf\u00e9rences\u00a0: La m\u00e9moire des collectivit\u00e9s locales \u00e0 l&rsquo;\u00e8re du num\u00e9rique"}]},{"@type":"WebSite","@id":"https:\/\/lasentinelle.dz\/#website","url":"https:\/\/lasentinelle.dz\/","name":"La Sentinelle","description":"Quotidien national d&#039;information","publisher":{"@id":"https:\/\/lasentinelle.dz\/#organization"},"potentialAction":[{"@type":"SearchAction","target":{"@type":"EntryPoint","urlTemplate":"https:\/\/lasentinelle.dz\/?s={search_term_string}"},"query-input":{"@type":"PropertyValueSpecification","valueRequired":true,"valueName":"search_term_string"}}],"inLanguage":"fr-FR"},{"@type":"Organization","@id":"https:\/\/lasentinelle.dz\/#organization","name":"Quotidien La Sentinelle","url":"https:\/\/lasentinelle.dz\/","logo":{"@type":"ImageObject","inLanguage":"fr-FR","@id":"https:\/\/lasentinelle.dz\/#\/schema\/logo\/image\/","url":"https:\/\/lasentinelle.dz\/wp-content\/uploads\/2021\/09\/logo-sentinelleSLOGAN-1.png","contentUrl":"https:\/\/lasentinelle.dz\/wp-content\/uploads\/2021\/09\/logo-sentinelleSLOGAN-1.png","width":615,"height":142,"caption":"Quotidien La Sentinelle"},"image":{"@id":"https:\/\/lasentinelle.dz\/#\/schema\/logo\/image\/"},"sameAs":["https:\/\/www.facebook.com\/La-Sentinelle-104059864394773"]},{"@type":"Person","@id":"https:\/\/lasentinelle.dz\/#\/schema\/person\/729ee0024f24e0b8c5ec17232f8e8b41","name":"admin","image":{"@type":"ImageObject","inLanguage":"fr-FR","@id":"https:\/\/secure.gravatar.com\/avatar\/4c81fed838786e9b53f540bf46533e750f5d292099ae3b66cfc6fb1982e29df7?s=96&d=mm&r=g","url":"https:\/\/secure.gravatar.com\/avatar\/4c81fed838786e9b53f540bf46533e750f5d292099ae3b66cfc6fb1982e29df7?s=96&d=mm&r=g","contentUrl":"https:\/\/secure.gravatar.com\/avatar\/4c81fed838786e9b53f540bf46533e750f5d292099ae3b66cfc6fb1982e29df7?s=96&d=mm&r=g","caption":"admin"},"description":"admin","url":"https:\/\/lasentinelle.dz\/author\/admin\/"}]}},"_links":{"self":[{"href":"https:\/\/lasentinelle.dz\/index.php\/wp-json\/wp\/v2\/posts\/95050","targetHints":{"allow":["GET"]}}],"collection":[{"href":"https:\/\/lasentinelle.dz\/index.php\/wp-json\/wp\/v2\/posts"}],"about":[{"href":"https:\/\/lasentinelle.dz\/index.php\/wp-json\/wp\/v2\/types\/post"}],"author":[{"embeddable":true,"href":"https:\/\/lasentinelle.dz\/index.php\/wp-json\/wp\/v2\/users\/6"}],"replies":[{"embeddable":true,"href":"https:\/\/lasentinelle.dz\/index.php\/wp-json\/wp\/v2\/comments?post=95050"}],"version-history":[{"count":2,"href":"https:\/\/lasentinelle.dz\/index.php\/wp-json\/wp\/v2\/posts\/95050\/revisions"}],"predecessor-version":[{"id":95052,"href":"https:\/\/lasentinelle.dz\/index.php\/wp-json\/wp\/v2\/posts\/95050\/revisions\/95052"}],"wp:attachment":[{"href":"https:\/\/lasentinelle.dz\/index.php\/wp-json\/wp\/v2\/media?parent=95050"}],"wp:term":[{"taxonomy":"category","embeddable":true,"href":"https:\/\/lasentinelle.dz\/index.php\/wp-json\/wp\/v2\/categories?post=95050"},{"taxonomy":"post_tag","embeddable":true,"href":"https:\/\/lasentinelle.dz\/index.php\/wp-json\/wp\/v2\/tags?post=95050"}],"curies":[{"name":"wp","href":"https:\/\/api.w.org\/{rel}","templated":true}]}}