{"id":95053,"date":"2026-09-05T22:20:31","date_gmt":"2026-09-05T21:20:31","guid":{"rendered":"https:\/\/lasentinelle.dz\/?p=95053"},"modified":"2026-09-05T22:20:36","modified_gmt":"2026-09-05T21:20:36","slug":"lanie-ouvre-le-dialogue-avec-les-partis-en-prevision-des-locales-du-28-novembre-la-machine-electorale-saccelere","status":"publish","type":"post","link":"https:\/\/lasentinelle.dz\/index.php\/2026\/09\/05\/lanie-ouvre-le-dialogue-avec-les-partis-en-prevision-des-locales-du-28-novembre-la-machine-electorale-saccelere\/","title":{"rendered":"L&rsquo;ANIE ouvre le dialogue avec les partis en pr\u00e9vision des locales du 28 novembre\u00a0: La machine \u00e9lectorale s&rsquo;acc\u00e9l\u00e8re"},"content":{"rendered":"\n<p class=\"wp-block-paragraph\">La pr\u00e9paration des \u00e9lections locales du 28 novembre prochain est entr\u00e9e, ce week-end, dans une phase active, avec l&rsquo;annonce par l&rsquo;Autorit\u00e9 nationale ind\u00e9pendante des \u00e9lections (ANIE) du lancement de rencontres avec les partis politiques selon un calendrier fix\u00e9 par son pr\u00e9sident, M. Saad Arous, tandis que plusieurs formations politiques ont tenu, de leur c\u00f4t\u00e9, des r\u00e9unions de mobilisation en pr\u00e9vision de cette \u00e9ch\u00e9ance. Dans un communiqu\u00e9 diffus\u00e9 samedi, l&rsquo;ANIE a annonc\u00e9 que, \u00ab\u00a0dans le cadre de la pr\u00e9paration de l&rsquo;\u00e9lection des membres des Assembl\u00e9es populaires communales et de wilaya pr\u00e9vue le 28 novembre 2026\u00a0\u00bb, elle \u00ab\u00a0informe l&rsquo;ensemble des partis politiques qu&rsquo;elle va proc\u00e9der \u00e0 leur r\u00e9ception selon un calendrier fix\u00e9 par le pr\u00e9sident de l&rsquo;Autorit\u00e9\u00a0\u00bb. Ces rencontres s&rsquo;inscrivent dans le souci de l&rsquo;Autorit\u00e9 \u00ab\u00a0d&rsquo;ouvrir le champ \u00e0 l&rsquo;\u00e9coute des pr\u00e9occupations des diff\u00e9rents partenaires et intervenants dans le processus \u00e9lectoral, en particulier les partis politiques, en tant que partie essentielle et partenaire actif dans le processus \u00e9lectoral\u00a0\u00bb, pr\u00e9cise la m\u00eame source.<\/p>\n\n\n\n<p class=\"wp-block-paragraph\">Sur le terrain de la communication institutionnelle, M. Saad Arous a re\u00e7u, samedi, les directeurs g\u00e9n\u00e9raux de l&rsquo;Etablissement public de t\u00e9l\u00e9vision, M. Mohamed Baghali, et de l&rsquo;Agence de presse Alg\u00e9rie Presse Service, M. Samir Kaid, en pr\u00e9sence des membres du Conseil de l&rsquo;ANIE, MM. Mohamed Lahc\u00e8ne Zeghidi et Abdelmadjid Belilita. Selon le communiqu\u00e9 de l&rsquo;Autorit\u00e9, l&rsquo;entretien avec M. Baghali a port\u00e9 sur \u00ab\u00a0les moyens de mettre en place une strat\u00e9gie m\u00e9diatique efficace pour accompagner les diff\u00e9rentes \u00e9tapes du processus \u00e9lectoral\u00a0\u00bb, tandis que les \u00e9changes avec le directeur g\u00e9n\u00e9ral de l&rsquo;APS ont port\u00e9 sur le r\u00f4le de l&rsquo;agence dans \u00ab\u00a0la fourniture d&rsquo;une information \u00e9lectorale pr\u00e9cise et la transmission des donn\u00e9es officielles relatives aux diff\u00e9rentes \u00e9tapes du processus\u00a0\u00bb.<\/p>\n\n\n\n<p class=\"wp-block-paragraph\">Ces d\u00e9marches font suite \u00e0 une r\u00e9union du Conseil de l&rsquo;ANIE tenue vendredi sous la pr\u00e9sidence de M. Arous, consacr\u00e9e \u00e0 l&rsquo;\u00e9valuation des pr\u00e9paratifs en cours, notamment \u00ab\u00a0les derni\u00e8res mesures prises concernant l&rsquo;op\u00e9ration de r\u00e9vision exceptionnelle des listes \u00e9lectorales\u00a0\u00bb et \u00ab\u00a0l&rsquo;\u00e9tat d&rsquo;avancement de la distribution des documents \u00e9lectoraux \u00e0 travers les diff\u00e9rentes wilayas du pays\u00a0\u00bb. La r\u00e9union a \u00e9galement pass\u00e9 en revue le retrait des formulaires de candidature au niveau des coordinateurs de wilaya, M. Arous donnant instruction \u00e0 la commission juridique de prendre en charge \u00ab\u00a0les diff\u00e9rentes pr\u00e9occupations et interrogations soulev\u00e9es, notamment par les partis politiques\u00a0\u00bb.<\/p>\n\n\n\n<p class=\"wp-block-paragraph\"><strong>Les partis sur les starting-blocks<\/strong><\/p>\n\n\n\n<p class=\"wp-block-paragraph\">Du c\u00f4t\u00e9 des \u00e9tats-majors politiques, la mobilisation s&rsquo;organise d\u00e9j\u00e0. Le Bureau politique du Front de lib\u00e9ration nationale (FLN), r\u00e9uni jeudi sous la pr\u00e9sidence du secr\u00e9taire g\u00e9n\u00e9ral du parti, M. Abdelkrim Benmbarek, a examin\u00e9 les rapports des commissions de contr\u00f4le dans plusieurs mouhafadate et arr\u00eat\u00e9 \u00ab\u00a0une instruction organisationnelle d\u00e9taill\u00e9e destin\u00e9e aux structures du parti \u00e0 travers le territoire national\u00a0\u00bb en pr\u00e9vision du 28 novembre.<\/p>\n\n\n\n<p class=\"wp-block-paragraph\">Le Conseil national du Front des forces socialistes (FFS), r\u00e9uni vendredi \u00e0 Alger, a vu son premier secr\u00e9taire national, M. Youcef Aouchiche, souligner que \u00ab\u00a0les efforts doivent, \u00e0 l&rsquo;heure actuelle, \u00eatre orient\u00e9s vers la pr\u00e9paration\u00a0\u00bb des locales, appelant les militants \u00e0 \u00ab\u00a0l&rsquo;action de terrain, \u00e0 la discipline organisationnelle\u00a0\u00bb et \u00e0 \u00ab\u00a0transformer la pr\u00e9sence \u00e9lectorale en une pr\u00e9sence politique et communautaire permanente\u00a0\u00bb. M. Aouchiche a par ailleurs adress\u00e9 ses condol\u00e9ances aux familles des victimes des r\u00e9cents incendies, saluant \u00ab\u00a0l&rsquo;\u00e9lan de solidarit\u00e9 nationale exceptionnel\u00a0\u00bb observ\u00e9 \u00e0 travers le pays.<\/p>\n\n\n\n<p class=\"wp-block-paragraph\">Hocine Fadheli<\/p>\n","protected":false},"excerpt":{"rendered":"<p>La pr\u00e9paration des \u00e9lections locales du 28 novembre prochain est entr\u00e9e, ce week-end, dans une phase active, avec l&rsquo;annonce par<\/p>\n","protected":false},"author":6,"featured_media":89942,"comment_status":"open","ping_status":"closed","sticky":false,"template":"","format":"standard","meta":{"colormag_page_container_layout":"default_layout","colormag_page_sidebar_layout":"default_layout","om_disable_all_campaigns":false,"_monsterinsights_skip_tracking":false,"footnotes":"","_wpscppro_dont_share_socialmedia":false,"_wpscppro_custom_social_share_image":0,"_facebook_share_type":"default","_twitter_share_type":"default","_linkedin_share_type":"default","_pinterest_share_type":"default","_linkedin_share_type_page":"","_instagram_share_type":"default","_medium_share_type":"default","_threads_share_type":"default","_google_business_share_type":"default","_bluesky_share_type":"default","_mastodon_share_type":"default","_selected_social_profile":[],"_wpsp_enable_custom_social_template":false,"_wpsp_social_scheduling":{"enabled":false,"datetime":null,"platforms":[],"status":"template_only","dateOption":"today","timeOption":"now","customDays":"","customHours":"","customDate":"","customTime":"","schedulingType":"absolute"},"_wpsp_active_default_template":true},"categories":[27],"tags":[],"class_list":["post-95053","post","type-post","status-publish","format-standard","has-post-thumbnail","hentry","category-actualite"],"aioseo_notices":[],"aioseo_head":"\n\t\t<!-- All in One SEO 5.0.0.1 - aioseo.com -->\n\t<meta name=\"description\" content=\"La pr\u00e9paration des \u00e9lections locales du 28 novembre prochain est entr\u00e9e, ce week-end, dans une phase active, avec l&#039;annonce par l&#039;Autorit\u00e9 nationale ind\u00e9pendante des \u00e9lections (ANIE) du lancement de rencontres avec les partis politiques selon un calendrier fix\u00e9 par son pr\u00e9sident, M. Saad Arous, tandis que plusieurs formations politiques ont tenu, de leur c\u00f4t\u00e9, des\" \/>\n\t<meta name=\"robots\" content=\"max-image-preview:large\" \/>\n\t<meta name=\"author\" content=\"admin\"\/>\n\t<link rel=\"canonical\" href=\"https:\/\/lasentinelle.dz\/index.php\/2026\/09\/05\/lanie-ouvre-le-dialogue-avec-les-partis-en-prevision-des-locales-du-28-novembre-la-machine-electorale-saccelere\/\" \/>\n\t<meta name=\"generator\" content=\"All in One SEO (AIOSEO) 5.0.0.1\" \/>\n\t\t<meta property=\"og:locale\" content=\"fr_FR\" \/>\n\t\t<meta property=\"og:site_name\" content=\"La Sentinelle - Quotidien national d&#039;information\" \/>\n\t\t<meta property=\"og:type\" content=\"article\" \/>\n\t\t<meta property=\"og:title\" content=\"L\u2019ANIE ouvre le dialogue avec les partis en pr\u00e9vision des locales du 28 novembre : La machine \u00e9lectorale s\u2019acc\u00e9l\u00e8re - La Sentinelle\" \/>\n\t\t<meta property=\"og:description\" content=\"La pr\u00e9paration des \u00e9lections locales du 28 novembre prochain est entr\u00e9e, ce week-end, dans une phase active, avec l&#039;annonce par l&#039;Autorit\u00e9 nationale ind\u00e9pendante des \u00e9lections (ANIE) du lancement de rencontres avec les partis politiques selon un calendrier fix\u00e9 par son pr\u00e9sident, M. Saad Arous, tandis que plusieurs formations politiques ont tenu, de leur c\u00f4t\u00e9, des\" \/>\n\t\t<meta property=\"og:url\" content=\"https:\/\/lasentinelle.dz\/index.php\/2026\/09\/05\/lanie-ouvre-le-dialogue-avec-les-partis-en-prevision-des-locales-du-28-novembre-la-machine-electorale-saccelere\/\" \/>\n\t\t<meta property=\"og:image\" content=\"https:\/\/lasentinelle.dz\/wp-content\/uploads\/2021\/09\/cropped-la-sentinelle-earth-golden-anima-5.gif\" \/>\n\t\t<meta property=\"og:image:secure_url\" content=\"https:\/\/lasentinelle.dz\/wp-content\/uploads\/2021\/09\/cropped-la-sentinelle-earth-golden-anima-5.gif\" \/>\n\t\t<meta property=\"og:image:width\" content=\"450\" \/>\n\t\t<meta property=\"og:image:height\" content=\"213\" \/>\n\t\t<meta property=\"article:published_time\" content=\"2026-09-05T21:20:31+00:00\" \/>\n\t\t<meta property=\"article:modified_time\" content=\"2026-09-05T21:20:36+00:00\" \/>\n\t\t<meta property=\"article:publisher\" content=\"https:\/\/www.facebook.com\/azzedine.lasentinelle.1\" \/>\n\t\t<meta name=\"twitter:card\" content=\"summary_large_image\" \/>\n\t\t<meta name=\"twitter:title\" content=\"L\u2019ANIE ouvre le dialogue avec les partis en pr\u00e9vision des locales du 28 novembre : La machine \u00e9lectorale s\u2019acc\u00e9l\u00e8re - La Sentinelle\" \/>\n\t\t<meta name=\"twitter:description\" content=\"La pr\u00e9paration des \u00e9lections locales du 28 novembre prochain est entr\u00e9e, ce week-end, dans une phase active, avec l&#039;annonce par l&#039;Autorit\u00e9 nationale ind\u00e9pendante des \u00e9lections (ANIE) du lancement de rencontres avec les partis politiques selon un calendrier fix\u00e9 par son pr\u00e9sident, M. Saad Arous, tandis que plusieurs formations politiques ont tenu, de leur c\u00f4t\u00e9, des\" \/>\n\t\t<meta name=\"twitter:image\" content=\"https:\/\/lasentinelle.dz\/wp-content\/uploads\/2021\/09\/cropped-la-sentinelle-earth-golden-anima-5.gif\" \/>\n\t\t<script type=\"application\/ld+json\" class=\"aioseo-schema\">\n\t\t\t{\"@context\":\"https:\\\/\\\/schema.org\",\"@graph\":[{\"@type\":\"BlogPosting\",\"@id\":\"https:\\\/\\\/lasentinelle.dz\\\/index.php\\\/2026\\\/09\\\/05\\\/lanie-ouvre-le-dialogue-avec-les-partis-en-prevision-des-locales-du-28-novembre-la-machine-electorale-saccelere\\\/#blogposting\",\"name\":\"L\\u2019ANIE ouvre le dialogue avec les partis en pr\\u00e9vision des locales du 28 novembre : La machine \\u00e9lectorale s\\u2019acc\\u00e9l\\u00e8re - La Sentinelle\",\"headline\":\"L&rsquo;ANIE ouvre le dialogue avec les partis en pr\\u00e9vision des locales du 28 novembre\\u00a0: La machine \\u00e9lectorale s&rsquo;acc\\u00e9l\\u00e8re\",\"author\":{\"@id\":\"https:\\\/\\\/lasentinelle.dz\\\/author\\\/admin\\\/#author\"},\"publisher\":{\"@id\":\"https:\\\/\\\/lasentinelle.dz\\\/#organization\"},\"image\":{\"@type\":\"ImageObject\",\"url\":\"https:\\\/\\\/lasentinelle.dz\\\/wp-content\\\/uploads\\\/2026\\\/06\\\/ANIE-legislatives.jpg\",\"width\":780,\"height\":470},\"datePublished\":\"2026-09-05T22:20:31+01:00\",\"dateModified\":\"2026-09-05T22:20:36+01:00\",\"inLanguage\":\"fr-FR\",\"mainEntityOfPage\":{\"@id\":\"https:\\\/\\\/lasentinelle.dz\\\/index.php\\\/2026\\\/09\\\/05\\\/lanie-ouvre-le-dialogue-avec-les-partis-en-prevision-des-locales-du-28-novembre-la-machine-electorale-saccelere\\\/#webpage\"},\"isPartOf\":{\"@id\":\"https:\\\/\\\/lasentinelle.dz\\\/index.php\\\/2026\\\/09\\\/05\\\/lanie-ouvre-le-dialogue-avec-les-partis-en-prevision-des-locales-du-28-novembre-la-machine-electorale-saccelere\\\/#webpage\"},\"articleSection\":\"Actualit\\u00e9\"},{\"@type\":\"BreadcrumbList\",\"@id\":\"https:\\\/\\\/lasentinelle.dz\\\/index.php\\\/2026\\\/09\\\/05\\\/lanie-ouvre-le-dialogue-avec-les-partis-en-prevision-des-locales-du-28-novembre-la-machine-electorale-saccelere\\\/#breadcrumblist\",\"itemListElement\":[{\"@type\":\"ListItem\",\"@id\":\"https:\\\/\\\/lasentinelle.dz#listItem\",\"position\":1,\"name\":\"Home\",\"item\":\"https:\\\/\\\/lasentinelle.dz\",\"nextItem\":{\"@type\":\"ListItem\",\"@id\":\"https:\\\/\\\/lasentinelle.dz\\\/index.php\\\/category\\\/actualite\\\/#listItem\",\"name\":\"Actualit\\u00e9\"}},{\"@type\":\"ListItem\",\"@id\":\"https:\\\/\\\/lasentinelle.dz\\\/index.php\\\/category\\\/actualite\\\/#listItem\",\"position\":2,\"name\":\"Actualit\\u00e9\",\"item\":\"https:\\\/\\\/lasentinelle.dz\\\/index.php\\\/category\\\/actualite\\\/\",\"nextItem\":{\"@type\":\"ListItem\",\"@id\":\"https:\\\/\\\/lasentinelle.dz\\\/index.php\\\/2026\\\/09\\\/05\\\/lanie-ouvre-le-dialogue-avec-les-partis-en-prevision-des-locales-du-28-novembre-la-machine-electorale-saccelere\\\/#listItem\",\"name\":\"L&rsquo;ANIE ouvre le dialogue avec les partis en pr\\u00e9vision des locales du 28 novembre\\u00a0: La machine \\u00e9lectorale s&rsquo;acc\\u00e9l\\u00e8re\"},\"previousItem\":{\"@type\":\"ListItem\",\"@id\":\"https:\\\/\\\/lasentinelle.dz#listItem\",\"name\":\"Home\"}},{\"@type\":\"ListItem\",\"@id\":\"https:\\\/\\\/lasentinelle.dz\\\/index.php\\\/2026\\\/09\\\/05\\\/lanie-ouvre-le-dialogue-avec-les-partis-en-prevision-des-locales-du-28-novembre-la-machine-electorale-saccelere\\\/#listItem\",\"position\":3,\"name\":\"L&rsquo;ANIE ouvre le dialogue avec les partis en pr\\u00e9vision des locales du 28 novembre\\u00a0: La machine \\u00e9lectorale s&rsquo;acc\\u00e9l\\u00e8re\",\"previousItem\":{\"@type\":\"ListItem\",\"@id\":\"https:\\\/\\\/lasentinelle.dz\\\/index.php\\\/category\\\/actualite\\\/#listItem\",\"name\":\"Actualit\\u00e9\"}}]},{\"@type\":\"Organization\",\"@id\":\"https:\\\/\\\/lasentinelle.dz\\\/#organization\",\"name\":\"La Sentinelle La Sentinelle\",\"description\":\"Quotidien national d'information\",\"url\":\"https:\\\/\\\/lasentinelle.dz\\\/\",\"logo\":{\"@type\":\"ImageObject\",\"url\":\"https:\\\/\\\/lasentinelle.dz\\\/wp-content\\\/uploads\\\/2021\\\/09\\\/cropped-la-sentinelle-earth-golden-anima-5.gif\",\"@id\":\"https:\\\/\\\/lasentinelle.dz\\\/index.php\\\/2026\\\/09\\\/05\\\/lanie-ouvre-le-dialogue-avec-les-partis-en-prevision-des-locales-du-28-novembre-la-machine-electorale-saccelere\\\/#organizationLogo\",\"width\":450,\"height\":213},\"image\":{\"@id\":\"https:\\\/\\\/lasentinelle.dz\\\/index.php\\\/2026\\\/09\\\/05\\\/lanie-ouvre-le-dialogue-avec-les-partis-en-prevision-des-locales-du-28-novembre-la-machine-electorale-saccelere\\\/#organizationLogo\"},\"sameAs\":[\"https:\\\/\\\/www.facebook.com\\\/azzedine.lasentinelle.1\"]},{\"@type\":\"Person\",\"@id\":\"https:\\\/\\\/lasentinelle.dz\\\/author\\\/admin\\\/#author\",\"url\":\"https:\\\/\\\/lasentinelle.dz\\\/author\\\/admin\\\/\",\"name\":\"admin\",\"image\":{\"@type\":\"ImageObject\",\"@id\":\"https:\\\/\\\/lasentinelle.dz\\\/index.php\\\/2026\\\/09\\\/05\\\/lanie-ouvre-le-dialogue-avec-les-partis-en-prevision-des-locales-du-28-novembre-la-machine-electorale-saccelere\\\/#authorImage\",\"url\":\"https:\\\/\\\/secure.gravatar.com\\\/avatar\\\/4c81fed838786e9b53f540bf46533e750f5d292099ae3b66cfc6fb1982e29df7?s=96&d=mm&r=g\",\"width\":96,\"height\":96,\"caption\":\"admin\"}},{\"@type\":\"WebPage\",\"@id\":\"https:\\\/\\\/lasentinelle.dz\\\/index.php\\\/2026\\\/09\\\/05\\\/lanie-ouvre-le-dialogue-avec-les-partis-en-prevision-des-locales-du-28-novembre-la-machine-electorale-saccelere\\\/#webpage\",\"url\":\"https:\\\/\\\/lasentinelle.dz\\\/index.php\\\/2026\\\/09\\\/05\\\/lanie-ouvre-le-dialogue-avec-les-partis-en-prevision-des-locales-du-28-novembre-la-machine-electorale-saccelere\\\/\",\"name\":\"L\\u2019ANIE ouvre le dialogue avec les partis en pr\\u00e9vision des locales du 28 novembre : La machine \\u00e9lectorale s\\u2019acc\\u00e9l\\u00e8re - La Sentinelle\",\"description\":\"La pr\\u00e9paration des \\u00e9lections locales du 28 novembre prochain est entr\\u00e9e, ce week-end, dans une phase active, avec l'annonce par l'Autorit\\u00e9 nationale ind\\u00e9pendante des \\u00e9lections (ANIE) du lancement de rencontres avec les partis politiques selon un calendrier fix\\u00e9 par son pr\\u00e9sident, M. Saad Arous, tandis que plusieurs formations politiques ont tenu, de leur c\\u00f4t\\u00e9, des\",\"inLanguage\":\"fr-FR\",\"isPartOf\":{\"@id\":\"https:\\\/\\\/lasentinelle.dz\\\/#website\"},\"breadcrumb\":{\"@id\":\"https:\\\/\\\/lasentinelle.dz\\\/index.php\\\/2026\\\/09\\\/05\\\/lanie-ouvre-le-dialogue-avec-les-partis-en-prevision-des-locales-du-28-novembre-la-machine-electorale-saccelere\\\/#breadcrumblist\"},\"author\":{\"@id\":\"https:\\\/\\\/lasentinelle.dz\\\/author\\\/admin\\\/#author\"},\"creator\":{\"@id\":\"https:\\\/\\\/lasentinelle.dz\\\/author\\\/admin\\\/#author\"},\"image\":{\"@type\":\"ImageObject\",\"url\":\"https:\\\/\\\/lasentinelle.dz\\\/wp-content\\\/uploads\\\/2026\\\/06\\\/ANIE-legislatives.jpg\",\"@id\":\"https:\\\/\\\/lasentinelle.dz\\\/index.php\\\/2026\\\/09\\\/05\\\/lanie-ouvre-le-dialogue-avec-les-partis-en-prevision-des-locales-du-28-novembre-la-machine-electorale-saccelere\\\/#mainImage\",\"width\":780,\"height\":470},\"primaryImageOfPage\":{\"@id\":\"https:\\\/\\\/lasentinelle.dz\\\/index.php\\\/2026\\\/09\\\/05\\\/lanie-ouvre-le-dialogue-avec-les-partis-en-prevision-des-locales-du-28-novembre-la-machine-electorale-saccelere\\\/#mainImage\"},\"datePublished\":\"2026-09-05T22:20:31+01:00\",\"dateModified\":\"2026-09-05T22:20:36+01:00\"},{\"@type\":\"WebSite\",\"@id\":\"https:\\\/\\\/lasentinelle.dz\\\/#website\",\"url\":\"https:\\\/\\\/lasentinelle.dz\\\/\",\"name\":\"La Sentinelle\",\"description\":\"Quotidien national d'information\",\"inLanguage\":\"fr-FR\",\"publisher\":{\"@id\":\"https:\\\/\\\/lasentinelle.dz\\\/#organization\"}}]}\n\t\t<\/script>\n\t\t<!-- All in One SEO -->\n\n","aioseo_head_json":{"title":"L\u2019ANIE ouvre le dialogue avec les partis en pr\u00e9vision des locales du 28 novembre : La machine \u00e9lectorale s\u2019acc\u00e9l\u00e8re - La Sentinelle","description":"La pr\u00e9paration des \u00e9lections locales du 28 novembre prochain est entr\u00e9e, ce week-end, dans une phase active, avec l'annonce par l'Autorit\u00e9 nationale ind\u00e9pendante des \u00e9lections (ANIE) du lancement de rencontres avec les partis politiques selon un calendrier fix\u00e9 par son pr\u00e9sident, M. Saad Arous, tandis que plusieurs formations politiques ont tenu, de leur c\u00f4t\u00e9, des","canonical_url":"https:\/\/lasentinelle.dz\/index.php\/2026\/09\/05\/lanie-ouvre-le-dialogue-avec-les-partis-en-prevision-des-locales-du-28-novembre-la-machine-electorale-saccelere\/","robots":"max-image-preview:large","keywords":"","webmasterTools":{"miscellaneous":""},"schema":{"@context":"https:\/\/schema.org","@graph":[{"@type":"BlogPosting","@id":"https:\/\/lasentinelle.dz\/index.php\/2026\/09\/05\/lanie-ouvre-le-dialogue-avec-les-partis-en-prevision-des-locales-du-28-novembre-la-machine-electorale-saccelere\/#blogposting","name":"L\u2019ANIE ouvre le dialogue avec les partis en pr\u00e9vision des locales du 28 novembre : La machine \u00e9lectorale s\u2019acc\u00e9l\u00e8re - La Sentinelle","headline":"L&rsquo;ANIE ouvre le dialogue avec les partis en pr\u00e9vision des locales du 28 novembre\u00a0: La machine \u00e9lectorale s&rsquo;acc\u00e9l\u00e8re","author":{"@id":"https:\/\/lasentinelle.dz\/author\/admin\/#author"},"publisher":{"@id":"https:\/\/lasentinelle.dz\/#organization"},"image":{"@type":"ImageObject","url":"https:\/\/lasentinelle.dz\/wp-content\/uploads\/2026\/06\/ANIE-legislatives.jpg","width":780,"height":470},"datePublished":"2026-09-05T22:20:31+01:00","dateModified":"2026-09-05T22:20:36+01:00","inLanguage":"fr-FR","mainEntityOfPage":{"@id":"https:\/\/lasentinelle.dz\/index.php\/2026\/09\/05\/lanie-ouvre-le-dialogue-avec-les-partis-en-prevision-des-locales-du-28-novembre-la-machine-electorale-saccelere\/#webpage"},"isPartOf":{"@id":"https:\/\/lasentinelle.dz\/index.php\/2026\/09\/05\/lanie-ouvre-le-dialogue-avec-les-partis-en-prevision-des-locales-du-28-novembre-la-machine-electorale-saccelere\/#webpage"},"articleSection":"Actualit\u00e9"},{"@type":"BreadcrumbList","@id":"https:\/\/lasentinelle.dz\/index.php\/2026\/09\/05\/lanie-ouvre-le-dialogue-avec-les-partis-en-prevision-des-locales-du-28-novembre-la-machine-electorale-saccelere\/#breadcrumblist","itemListElement":[{"@type":"ListItem","@id":"https:\/\/lasentinelle.dz#listItem","position":1,"name":"Home","item":"https:\/\/lasentinelle.dz","nextItem":{"@type":"ListItem","@id":"https:\/\/lasentinelle.dz\/index.php\/category\/actualite\/#listItem","name":"Actualit\u00e9"}},{"@type":"ListItem","@id":"https:\/\/lasentinelle.dz\/index.php\/category\/actualite\/#listItem","position":2,"name":"Actualit\u00e9","item":"https:\/\/lasentinelle.dz\/index.php\/category\/actualite\/","nextItem":{"@type":"ListItem","@id":"https:\/\/lasentinelle.dz\/index.php\/2026\/09\/05\/lanie-ouvre-le-dialogue-avec-les-partis-en-prevision-des-locales-du-28-novembre-la-machine-electorale-saccelere\/#listItem","name":"L&rsquo;ANIE ouvre le dialogue avec les partis en pr\u00e9vision des locales du 28 novembre\u00a0: La machine \u00e9lectorale s&rsquo;acc\u00e9l\u00e8re"},"previousItem":{"@type":"ListItem","@id":"https:\/\/lasentinelle.dz#listItem","name":"Home"}},{"@type":"ListItem","@id":"https:\/\/lasentinelle.dz\/index.php\/2026\/09\/05\/lanie-ouvre-le-dialogue-avec-les-partis-en-prevision-des-locales-du-28-novembre-la-machine-electorale-saccelere\/#listItem","position":3,"name":"L&rsquo;ANIE ouvre le dialogue avec les partis en pr\u00e9vision des locales du 28 novembre\u00a0: La machine \u00e9lectorale s&rsquo;acc\u00e9l\u00e8re","previousItem":{"@type":"ListItem","@id":"https:\/\/lasentinelle.dz\/index.php\/category\/actualite\/#listItem","name":"Actualit\u00e9"}}]},{"@type":"Organization","@id":"https:\/\/lasentinelle.dz\/#organization","name":"La Sentinelle La Sentinelle","description":"Quotidien national d'information","url":"https:\/\/lasentinelle.dz\/","logo":{"@type":"ImageObject","url":"https:\/\/lasentinelle.dz\/wp-content\/uploads\/2021\/09\/cropped-la-sentinelle-earth-golden-anima-5.gif","@id":"https:\/\/lasentinelle.dz\/index.php\/2026\/09\/05\/lanie-ouvre-le-dialogue-avec-les-partis-en-prevision-des-locales-du-28-novembre-la-machine-electorale-saccelere\/#organizationLogo","width":450,"height":213},"image":{"@id":"https:\/\/lasentinelle.dz\/index.php\/2026\/09\/05\/lanie-ouvre-le-dialogue-avec-les-partis-en-prevision-des-locales-du-28-novembre-la-machine-electorale-saccelere\/#organizationLogo"},"sameAs":["https:\/\/www.facebook.com\/azzedine.lasentinelle.1"]},{"@type":"Person","@id":"https:\/\/lasentinelle.dz\/author\/admin\/#author","url":"https:\/\/lasentinelle.dz\/author\/admin\/","name":"admin","image":{"@type":"ImageObject","@id":"https:\/\/lasentinelle.dz\/index.php\/2026\/09\/05\/lanie-ouvre-le-dialogue-avec-les-partis-en-prevision-des-locales-du-28-novembre-la-machine-electorale-saccelere\/#authorImage","url":"https:\/\/secure.gravatar.com\/avatar\/4c81fed838786e9b53f540bf46533e750f5d292099ae3b66cfc6fb1982e29df7?s=96&d=mm&r=g","width":96,"height":96,"caption":"admin"}},{"@type":"WebPage","@id":"https:\/\/lasentinelle.dz\/index.php\/2026\/09\/05\/lanie-ouvre-le-dialogue-avec-les-partis-en-prevision-des-locales-du-28-novembre-la-machine-electorale-saccelere\/#webpage","url":"https:\/\/lasentinelle.dz\/index.php\/2026\/09\/05\/lanie-ouvre-le-dialogue-avec-les-partis-en-prevision-des-locales-du-28-novembre-la-machine-electorale-saccelere\/","name":"L\u2019ANIE ouvre le dialogue avec les partis en pr\u00e9vision des locales du 28 novembre : La machine \u00e9lectorale s\u2019acc\u00e9l\u00e8re - La Sentinelle","description":"La pr\u00e9paration des \u00e9lections locales du 28 novembre prochain est entr\u00e9e, ce week-end, dans une phase active, avec l'annonce par l'Autorit\u00e9 nationale ind\u00e9pendante des \u00e9lections (ANIE) du lancement de rencontres avec les partis politiques selon un calendrier fix\u00e9 par son pr\u00e9sident, M. Saad Arous, tandis que plusieurs formations politiques ont tenu, de leur c\u00f4t\u00e9, des","inLanguage":"fr-FR","isPartOf":{"@id":"https:\/\/lasentinelle.dz\/#website"},"breadcrumb":{"@id":"https:\/\/lasentinelle.dz\/index.php\/2026\/09\/05\/lanie-ouvre-le-dialogue-avec-les-partis-en-prevision-des-locales-du-28-novembre-la-machine-electorale-saccelere\/#breadcrumblist"},"author":{"@id":"https:\/\/lasentinelle.dz\/author\/admin\/#author"},"creator":{"@id":"https:\/\/lasentinelle.dz\/author\/admin\/#author"},"image":{"@type":"ImageObject","url":"https:\/\/lasentinelle.dz\/wp-content\/uploads\/2026\/06\/ANIE-legislatives.jpg","@id":"https:\/\/lasentinelle.dz\/index.php\/2026\/09\/05\/lanie-ouvre-le-dialogue-avec-les-partis-en-prevision-des-locales-du-28-novembre-la-machine-electorale-saccelere\/#mainImage","width":780,"height":470},"primaryImageOfPage":{"@id":"https:\/\/lasentinelle.dz\/index.php\/2026\/09\/05\/lanie-ouvre-le-dialogue-avec-les-partis-en-prevision-des-locales-du-28-novembre-la-machine-electorale-saccelere\/#mainImage"},"datePublished":"2026-09-05T22:20:31+01:00","dateModified":"2026-09-05T22:20:36+01:00"},{"@type":"WebSite","@id":"https:\/\/lasentinelle.dz\/#website","url":"https:\/\/lasentinelle.dz\/","name":"La Sentinelle","description":"Quotidien national d'information","inLanguage":"fr-FR","publisher":{"@id":"https:\/\/lasentinelle.dz\/#organization"}}]},"og:locale":"fr_FR","og:site_name":"La Sentinelle - Quotidien national d'information","og:type":"article","og:title":"L\u2019ANIE ouvre le dialogue avec les partis en pr\u00e9vision des locales du 28 novembre : La machine \u00e9lectorale s\u2019acc\u00e9l\u00e8re - La Sentinelle","og:description":"La pr\u00e9paration des \u00e9lections locales du 28 novembre prochain est entr\u00e9e, ce week-end, dans une phase active, avec l'annonce par l'Autorit\u00e9 nationale ind\u00e9pendante des \u00e9lections (ANIE) du lancement de rencontres avec les partis politiques selon un calendrier fix\u00e9 par son pr\u00e9sident, M. Saad Arous, tandis que plusieurs formations politiques ont tenu, de leur c\u00f4t\u00e9, des","og:url":"https:\/\/lasentinelle.dz\/index.php\/2026\/09\/05\/lanie-ouvre-le-dialogue-avec-les-partis-en-prevision-des-locales-du-28-novembre-la-machine-electorale-saccelere\/","og:image":"https:\/\/lasentinelle.dz\/wp-content\/uploads\/2021\/09\/cropped-la-sentinelle-earth-golden-anima-5.gif","og:image:secure_url":"https:\/\/lasentinelle.dz\/wp-content\/uploads\/2021\/09\/cropped-la-sentinelle-earth-golden-anima-5.gif","og:image:width":450,"og:image:height":213,"article:published_time":"2026-09-05T21:20:31+00:00","article:modified_time":"2026-09-05T21:20:36+00:00","article:publisher":"https:\/\/www.facebook.com\/azzedine.lasentinelle.1","twitter:card":"summary_large_image","twitter:title":"L\u2019ANIE ouvre le dialogue avec les partis en pr\u00e9vision des locales du 28 novembre : La machine \u00e9lectorale s\u2019acc\u00e9l\u00e8re - La Sentinelle","twitter:description":"La pr\u00e9paration des \u00e9lections locales du 28 novembre prochain est entr\u00e9e, ce week-end, dans une phase active, avec l'annonce par l'Autorit\u00e9 nationale ind\u00e9pendante des \u00e9lections (ANIE) du lancement de rencontres avec les partis politiques selon un calendrier fix\u00e9 par son pr\u00e9sident, M. Saad Arous, tandis que plusieurs formations politiques ont tenu, de leur c\u00f4t\u00e9, des","twitter:image":"https:\/\/lasentinelle.dz\/wp-content\/uploads\/2021\/09\/cropped-la-sentinelle-earth-golden-anima-5.gif"},"aioseo_meta_data":{"post_id":"95053","title":null,"description":null,"keywords":null,"keyphrases":{"focus":{"keyphrase":"","score":0,"analysis":{"keyphraseInTitle":{"score":0,"maxScore":9,"error":1}}},"additional":[]},"primary_term":null,"canonical_url":null,"og_title":null,"og_description":null,"og_object_type":"default","og_image_type":"default","og_image_url":null,"og_image_width":null,"og_image_height":null,"og_image_custom_url":null,"og_image_custom_fields":null,"og_video":"","og_custom_url":null,"og_article_section":null,"og_article_tags":null,"twitter_use_og":false,"twitter_card":"default","twitter_image_type":"default","twitter_image_url":null,"twitter_image_custom_url":null,"twitter_image_custom_fields":null,"twitter_title":null,"twitter_description":null,"schema":{"blockGraphs":[],"customGraphs":[],"default":{"data":{"Article":[],"Course":[],"Dataset":[],"FAQPage":[],"Movie":[],"Person":[],"Product":[],"ProductReview":[],"Car":[],"Recipe":[],"Service":[],"SoftwareApplication":[],"WebPage":[]},"graphName":"BlogPosting","isEnabled":true},"graphs":[]},"schema_type":"default","schema_type_options":null,"pillar_content":false,"robots_default":true,"robots_noindex":false,"robots_noarchive":false,"robots_nosnippet":false,"robots_nofollow":false,"robots_noimageindex":false,"robots_noodp":false,"robots_notranslate":false,"robots_max_snippet":"-1","robots_max_videopreview":"-1","robots_max_imagepreview":"large","priority":null,"frequency":"default","local_seo":null,"breadcrumb_settings":null,"limit_modified_date":false,"ai":{"faqs":[],"keyPoints":[],"schemas":[],"titles":[],"descriptions":[],"socialPosts":{"email":{"subject":"","preview":"","content":""},"linkedin":[],"twitter":[],"facebook":[],"instagram":[]}},"created":"2026-09-05 21:20:37","updated":"2026-09-05 22:29:56","focus_keyword":null,"additional_keywords":null,"truseo_locale":null,"seo_analyzer_scan_date":null},"aioseo_breadcrumb":"<div class=\"aioseo-breadcrumbs\"><span class=\"aioseo-breadcrumb\">\n\t\t\t<a href=\"https:\/\/lasentinelle.dz\" title=\"Home\">Home<\/a>\n\t\t<\/span><span class=\"aioseo-breadcrumb-separator\">&raquo;<\/span><span class=\"aioseo-breadcrumb\">\n\t\t\t<a href=\"https:\/\/lasentinelle.dz\/index.php\/category\/actualite\/\" title=\"Actualit\u00e9\">Actualit\u00e9<\/a>\n\t\t<\/span><span class=\"aioseo-breadcrumb-separator\">&raquo;<\/span><span class=\"aioseo-breadcrumb\">\n\t\t\tL\u2019ANIE ouvre le dialogue avec les partis en pr\u00e9vision des locales du 28 novembre : La machine \u00e9lectorale s\u2019acc\u00e9l\u00e8re\n\t\t<\/span><\/div>","aioseo_breadcrumb_json":[{"label":"Home","link":"https:\/\/lasentinelle.dz"},{"label":"Actualit\u00e9","link":"https:\/\/lasentinelle.dz\/index.php\/category\/actualite\/"},{"label":"L&rsquo;ANIE ouvre le dialogue avec les partis en pr\u00e9vision des locales du 28 novembre\u00a0: La machine \u00e9lectorale s&rsquo;acc\u00e9l\u00e8re","link":"https:\/\/lasentinelle.dz\/index.php\/2026\/09\/05\/lanie-ouvre-le-dialogue-avec-les-partis-en-prevision-des-locales-du-28-novembre-la-machine-electorale-saccelere\/"}],"yoast_head":"<!-- This site is optimized with the Yoast SEO plugin v28.4 - https:\/\/yoast.com\/product\/yoast-seo-wordpress\/ -->\n<title>L&rsquo;ANIE ouvre le dialogue avec les partis en pr\u00e9vision des locales du 28 novembre\u00a0: La machine \u00e9lectorale s&rsquo;acc\u00e9l\u00e8re - La Sentinelle<\/title>\n<meta name=\"robots\" content=\"index, follow, max-snippet:-1, max-image-preview:large, max-video-preview:-1\" \/>\n<link rel=\"canonical\" href=\"https:\/\/lasentinelle.dz\/index.php\/2026\/09\/05\/lanie-ouvre-le-dialogue-avec-les-partis-en-prevision-des-locales-du-28-novembre-la-machine-electorale-saccelere\/\" \/>\n<meta property=\"og:locale\" content=\"fr_FR\" \/>\n<meta property=\"og:type\" content=\"article\" \/>\n<meta property=\"og:title\" content=\"L&rsquo;ANIE ouvre le dialogue avec les partis en pr\u00e9vision des locales du 28 novembre\u00a0: La machine \u00e9lectorale s&rsquo;acc\u00e9l\u00e8re - La Sentinelle\" \/>\n<meta property=\"og:description\" content=\"La pr\u00e9paration des \u00e9lections locales du 28 novembre prochain est entr\u00e9e, ce week-end, dans une phase active, avec l&rsquo;annonce par\" \/>\n<meta property=\"og:url\" content=\"https:\/\/lasentinelle.dz\/index.php\/2026\/09\/05\/lanie-ouvre-le-dialogue-avec-les-partis-en-prevision-des-locales-du-28-novembre-la-machine-electorale-saccelere\/\" \/>\n<meta property=\"og:site_name\" content=\"La Sentinelle\" \/>\n<meta property=\"article:publisher\" content=\"https:\/\/www.facebook.com\/La-Sentinelle-104059864394773\" \/>\n<meta property=\"article:published_time\" content=\"2026-09-05T21:20:31+00:00\" \/>\n<meta property=\"article:modified_time\" content=\"2026-09-05T21:20:36+00:00\" \/>\n<meta property=\"og:image\" content=\"https:\/\/lasentinelle.dz\/wp-content\/uploads\/2026\/06\/ANIE-legislatives.jpg\" \/>\n\t<meta property=\"og:image:width\" content=\"780\" \/>\n\t<meta property=\"og:image:height\" content=\"470\" \/>\n\t<meta property=\"og:image:type\" content=\"image\/jpeg\" \/>\n<meta name=\"author\" content=\"admin\" \/>\n<meta name=\"twitter:card\" content=\"summary_large_image\" \/>\n<meta name=\"twitter:label1\" content=\"\u00c9crit par\" \/>\n\t<meta name=\"twitter:data1\" content=\"admin\" \/>\n\t<meta name=\"twitter:label2\" content=\"Dur\u00e9e de lecture estim\u00e9e\" \/>\n\t<meta name=\"twitter:data2\" content=\"3 minutes\" \/>\n<script type=\"application\/ld+json\" class=\"yoast-schema-graph\">{\"@context\":\"https:\\\/\\\/schema.org\",\"@graph\":[{\"@type\":\"Article\",\"@id\":\"https:\\\/\\\/lasentinelle.dz\\\/index.php\\\/2026\\\/09\\\/05\\\/lanie-ouvre-le-dialogue-avec-les-partis-en-prevision-des-locales-du-28-novembre-la-machine-electorale-saccelere\\\/#article\",\"isPartOf\":{\"@id\":\"https:\\\/\\\/lasentinelle.dz\\\/index.php\\\/2026\\\/09\\\/05\\\/lanie-ouvre-le-dialogue-avec-les-partis-en-prevision-des-locales-du-28-novembre-la-machine-electorale-saccelere\\\/\"},\"author\":{\"name\":\"admin\",\"@id\":\"https:\\\/\\\/lasentinelle.dz\\\/#\\\/schema\\\/person\\\/729ee0024f24e0b8c5ec17232f8e8b41\"},\"headline\":\"L&rsquo;ANIE ouvre le dialogue avec les partis en pr\u00e9vision des locales du 28 novembre\u00a0: La machine \u00e9lectorale s&rsquo;acc\u00e9l\u00e8re\",\"datePublished\":\"2026-09-05T21:20:31+00:00\",\"dateModified\":\"2026-09-05T21:20:36+00:00\",\"mainEntityOfPage\":{\"@id\":\"https:\\\/\\\/lasentinelle.dz\\\/index.php\\\/2026\\\/09\\\/05\\\/lanie-ouvre-le-dialogue-avec-les-partis-en-prevision-des-locales-du-28-novembre-la-machine-electorale-saccelere\\\/\"},\"wordCount\":635,\"commentCount\":0,\"publisher\":{\"@id\":\"https:\\\/\\\/lasentinelle.dz\\\/#organization\"},\"image\":{\"@id\":\"https:\\\/\\\/lasentinelle.dz\\\/index.php\\\/2026\\\/09\\\/05\\\/lanie-ouvre-le-dialogue-avec-les-partis-en-prevision-des-locales-du-28-novembre-la-machine-electorale-saccelere\\\/#primaryimage\"},\"thumbnailUrl\":\"https:\\\/\\\/lasentinelle.dz\\\/wp-content\\\/uploads\\\/2026\\\/06\\\/ANIE-legislatives.jpg\",\"articleSection\":[\"Actualit\u00e9\"],\"inLanguage\":\"fr-FR\",\"potentialAction\":[{\"@type\":\"CommentAction\",\"name\":\"Comment\",\"target\":[\"https:\\\/\\\/lasentinelle.dz\\\/index.php\\\/2026\\\/09\\\/05\\\/lanie-ouvre-le-dialogue-avec-les-partis-en-prevision-des-locales-du-28-novembre-la-machine-electorale-saccelere\\\/#respond\"]}]},{\"@type\":\"WebPage\",\"@id\":\"https:\\\/\\\/lasentinelle.dz\\\/index.php\\\/2026\\\/09\\\/05\\\/lanie-ouvre-le-dialogue-avec-les-partis-en-prevision-des-locales-du-28-novembre-la-machine-electorale-saccelere\\\/\",\"url\":\"https:\\\/\\\/lasentinelle.dz\\\/index.php\\\/2026\\\/09\\\/05\\\/lanie-ouvre-le-dialogue-avec-les-partis-en-prevision-des-locales-du-28-novembre-la-machine-electorale-saccelere\\\/\",\"name\":\"L&rsquo;ANIE ouvre le dialogue avec les partis en pr\u00e9vision des locales du 28 novembre\u00a0: La machine \u00e9lectorale s&rsquo;acc\u00e9l\u00e8re - La Sentinelle\",\"isPartOf\":{\"@id\":\"https:\\\/\\\/lasentinelle.dz\\\/#website\"},\"primaryImageOfPage\":{\"@id\":\"https:\\\/\\\/lasentinelle.dz\\\/index.php\\\/2026\\\/09\\\/05\\\/lanie-ouvre-le-dialogue-avec-les-partis-en-prevision-des-locales-du-28-novembre-la-machine-electorale-saccelere\\\/#primaryimage\"},\"image\":{\"@id\":\"https:\\\/\\\/lasentinelle.dz\\\/index.php\\\/2026\\\/09\\\/05\\\/lanie-ouvre-le-dialogue-avec-les-partis-en-prevision-des-locales-du-28-novembre-la-machine-electorale-saccelere\\\/#primaryimage\"},\"thumbnailUrl\":\"https:\\\/\\\/lasentinelle.dz\\\/wp-content\\\/uploads\\\/2026\\\/06\\\/ANIE-legislatives.jpg\",\"datePublished\":\"2026-09-05T21:20:31+00:00\",\"dateModified\":\"2026-09-05T21:20:36+00:00\",\"breadcrumb\":{\"@id\":\"https:\\\/\\\/lasentinelle.dz\\\/index.php\\\/2026\\\/09\\\/05\\\/lanie-ouvre-le-dialogue-avec-les-partis-en-prevision-des-locales-du-28-novembre-la-machine-electorale-saccelere\\\/#breadcrumb\"},\"inLanguage\":\"fr-FR\",\"potentialAction\":[{\"@type\":\"ReadAction\",\"target\":[\"https:\\\/\\\/lasentinelle.dz\\\/index.php\\\/2026\\\/09\\\/05\\\/lanie-ouvre-le-dialogue-avec-les-partis-en-prevision-des-locales-du-28-novembre-la-machine-electorale-saccelere\\\/\"]}]},{\"@type\":\"ImageObject\",\"inLanguage\":\"fr-FR\",\"@id\":\"https:\\\/\\\/lasentinelle.dz\\\/index.php\\\/2026\\\/09\\\/05\\\/lanie-ouvre-le-dialogue-avec-les-partis-en-prevision-des-locales-du-28-novembre-la-machine-electorale-saccelere\\\/#primaryimage\",\"url\":\"https:\\\/\\\/lasentinelle.dz\\\/wp-content\\\/uploads\\\/2026\\\/06\\\/ANIE-legislatives.jpg\",\"contentUrl\":\"https:\\\/\\\/lasentinelle.dz\\\/wp-content\\\/uploads\\\/2026\\\/06\\\/ANIE-legislatives.jpg\",\"width\":780,\"height\":470},{\"@type\":\"BreadcrumbList\",\"@id\":\"https:\\\/\\\/lasentinelle.dz\\\/index.php\\\/2026\\\/09\\\/05\\\/lanie-ouvre-le-dialogue-avec-les-partis-en-prevision-des-locales-du-28-novembre-la-machine-electorale-saccelere\\\/#breadcrumb\",\"itemListElement\":[{\"@type\":\"ListItem\",\"position\":1,\"name\":\"Accueil\",\"item\":\"https:\\\/\\\/lasentinelle.dz\\\/\"},{\"@type\":\"ListItem\",\"position\":2,\"name\":\"L&rsquo;ANIE ouvre le dialogue avec les partis en pr\u00e9vision des locales du 28 novembre\u00a0: La machine \u00e9lectorale s&rsquo;acc\u00e9l\u00e8re\"}]},{\"@type\":\"WebSite\",\"@id\":\"https:\\\/\\\/lasentinelle.dz\\\/#website\",\"url\":\"https:\\\/\\\/lasentinelle.dz\\\/\",\"name\":\"La Sentinelle\",\"description\":\"Quotidien national d&#039;information\",\"publisher\":{\"@id\":\"https:\\\/\\\/lasentinelle.dz\\\/#organization\"},\"potentialAction\":[{\"@type\":\"SearchAction\",\"target\":{\"@type\":\"EntryPoint\",\"urlTemplate\":\"https:\\\/\\\/lasentinelle.dz\\\/?s={search_term_string}\"},\"query-input\":{\"@type\":\"PropertyValueSpecification\",\"valueRequired\":true,\"valueName\":\"search_term_string\"}}],\"inLanguage\":\"fr-FR\"},{\"@type\":\"Organization\",\"@id\":\"https:\\\/\\\/lasentinelle.dz\\\/#organization\",\"name\":\"Quotidien La Sentinelle\",\"url\":\"https:\\\/\\\/lasentinelle.dz\\\/\",\"logo\":{\"@type\":\"ImageObject\",\"inLanguage\":\"fr-FR\",\"@id\":\"https:\\\/\\\/lasentinelle.dz\\\/#\\\/schema\\\/logo\\\/image\\\/\",\"url\":\"https:\\\/\\\/lasentinelle.dz\\\/wp-content\\\/uploads\\\/2021\\\/09\\\/logo-sentinelleSLOGAN-1.png\",\"contentUrl\":\"https:\\\/\\\/lasentinelle.dz\\\/wp-content\\\/uploads\\\/2021\\\/09\\\/logo-sentinelleSLOGAN-1.png\",\"width\":615,\"height\":142,\"caption\":\"Quotidien La Sentinelle\"},\"image\":{\"@id\":\"https:\\\/\\\/lasentinelle.dz\\\/#\\\/schema\\\/logo\\\/image\\\/\"},\"sameAs\":[\"https:\\\/\\\/www.facebook.com\\\/La-Sentinelle-104059864394773\"]},{\"@type\":\"Person\",\"@id\":\"https:\\\/\\\/lasentinelle.dz\\\/#\\\/schema\\\/person\\\/729ee0024f24e0b8c5ec17232f8e8b41\",\"name\":\"admin\",\"image\":{\"@type\":\"ImageObject\",\"inLanguage\":\"fr-FR\",\"@id\":\"https:\\\/\\\/secure.gravatar.com\\\/avatar\\\/4c81fed838786e9b53f540bf46533e750f5d292099ae3b66cfc6fb1982e29df7?s=96&d=mm&r=g\",\"url\":\"https:\\\/\\\/secure.gravatar.com\\\/avatar\\\/4c81fed838786e9b53f540bf46533e750f5d292099ae3b66cfc6fb1982e29df7?s=96&d=mm&r=g\",\"contentUrl\":\"https:\\\/\\\/secure.gravatar.com\\\/avatar\\\/4c81fed838786e9b53f540bf46533e750f5d292099ae3b66cfc6fb1982e29df7?s=96&d=mm&r=g\",\"caption\":\"admin\"},\"description\":\"admin\",\"url\":\"https:\\\/\\\/lasentinelle.dz\\\/author\\\/admin\\\/\"}]}<\/script>\n<!-- \/ Yoast SEO plugin. -->","yoast_head_json":{"title":"L&rsquo;ANIE ouvre le dialogue avec les partis en pr\u00e9vision des locales du 28 novembre\u00a0: La machine \u00e9lectorale s&rsquo;acc\u00e9l\u00e8re - La Sentinelle","robots":{"index":"index","follow":"follow","max-snippet":"max-snippet:-1","max-image-preview":"max-image-preview:large","max-video-preview":"max-video-preview:-1"},"canonical":"https:\/\/lasentinelle.dz\/index.php\/2026\/09\/05\/lanie-ouvre-le-dialogue-avec-les-partis-en-prevision-des-locales-du-28-novembre-la-machine-electorale-saccelere\/","og_locale":"fr_FR","og_type":"article","og_title":"L&rsquo;ANIE ouvre le dialogue avec les partis en pr\u00e9vision des locales du 28 novembre\u00a0: La machine \u00e9lectorale s&rsquo;acc\u00e9l\u00e8re - La Sentinelle","og_description":"La pr\u00e9paration des \u00e9lections locales du 28 novembre prochain est entr\u00e9e, ce week-end, dans une phase active, avec l&rsquo;annonce par","og_url":"https:\/\/lasentinelle.dz\/index.php\/2026\/09\/05\/lanie-ouvre-le-dialogue-avec-les-partis-en-prevision-des-locales-du-28-novembre-la-machine-electorale-saccelere\/","og_site_name":"La Sentinelle","article_publisher":"https:\/\/www.facebook.com\/La-Sentinelle-104059864394773","article_published_time":"2026-09-05T21:20:31+00:00","article_modified_time":"2026-09-05T21:20:36+00:00","og_image":[{"width":780,"height":470,"url":"https:\/\/lasentinelle.dz\/wp-content\/uploads\/2026\/06\/ANIE-legislatives.jpg","type":"image\/jpeg"}],"author":"admin","twitter_card":"summary_large_image","twitter_misc":{"\u00c9crit par":"admin","Dur\u00e9e de lecture estim\u00e9e":"3 minutes"},"schema":{"@context":"https:\/\/schema.org","@graph":[{"@type":"Article","@id":"https:\/\/lasentinelle.dz\/index.php\/2026\/09\/05\/lanie-ouvre-le-dialogue-avec-les-partis-en-prevision-des-locales-du-28-novembre-la-machine-electorale-saccelere\/#article","isPartOf":{"@id":"https:\/\/lasentinelle.dz\/index.php\/2026\/09\/05\/lanie-ouvre-le-dialogue-avec-les-partis-en-prevision-des-locales-du-28-novembre-la-machine-electorale-saccelere\/"},"author":{"name":"admin","@id":"https:\/\/lasentinelle.dz\/#\/schema\/person\/729ee0024f24e0b8c5ec17232f8e8b41"},"headline":"L&rsquo;ANIE ouvre le dialogue avec les partis en pr\u00e9vision des locales du 28 novembre\u00a0: La machine \u00e9lectorale s&rsquo;acc\u00e9l\u00e8re","datePublished":"2026-09-05T21:20:31+00:00","dateModified":"2026-09-05T21:20:36+00:00","mainEntityOfPage":{"@id":"https:\/\/lasentinelle.dz\/index.php\/2026\/09\/05\/lanie-ouvre-le-dialogue-avec-les-partis-en-prevision-des-locales-du-28-novembre-la-machine-electorale-saccelere\/"},"wordCount":635,"commentCount":0,"publisher":{"@id":"https:\/\/lasentinelle.dz\/#organization"},"image":{"@id":"https:\/\/lasentinelle.dz\/index.php\/2026\/09\/05\/lanie-ouvre-le-dialogue-avec-les-partis-en-prevision-des-locales-du-28-novembre-la-machine-electorale-saccelere\/#primaryimage"},"thumbnailUrl":"https:\/\/lasentinelle.dz\/wp-content\/uploads\/2026\/06\/ANIE-legislatives.jpg","articleSection":["Actualit\u00e9"],"inLanguage":"fr-FR","potentialAction":[{"@type":"CommentAction","name":"Comment","target":["https:\/\/lasentinelle.dz\/index.php\/2026\/09\/05\/lanie-ouvre-le-dialogue-avec-les-partis-en-prevision-des-locales-du-28-novembre-la-machine-electorale-saccelere\/#respond"]}]},{"@type":"WebPage","@id":"https:\/\/lasentinelle.dz\/index.php\/2026\/09\/05\/lanie-ouvre-le-dialogue-avec-les-partis-en-prevision-des-locales-du-28-novembre-la-machine-electorale-saccelere\/","url":"https:\/\/lasentinelle.dz\/index.php\/2026\/09\/05\/lanie-ouvre-le-dialogue-avec-les-partis-en-prevision-des-locales-du-28-novembre-la-machine-electorale-saccelere\/","name":"L&rsquo;ANIE ouvre le dialogue avec les partis en pr\u00e9vision des locales du 28 novembre\u00a0: La machine \u00e9lectorale s&rsquo;acc\u00e9l\u00e8re - La Sentinelle","isPartOf":{"@id":"https:\/\/lasentinelle.dz\/#website"},"primaryImageOfPage":{"@id":"https:\/\/lasentinelle.dz\/index.php\/2026\/09\/05\/lanie-ouvre-le-dialogue-avec-les-partis-en-prevision-des-locales-du-28-novembre-la-machine-electorale-saccelere\/#primaryimage"},"image":{"@id":"https:\/\/lasentinelle.dz\/index.php\/2026\/09\/05\/lanie-ouvre-le-dialogue-avec-les-partis-en-prevision-des-locales-du-28-novembre-la-machine-electorale-saccelere\/#primaryimage"},"thumbnailUrl":"https:\/\/lasentinelle.dz\/wp-content\/uploads\/2026\/06\/ANIE-legislatives.jpg","datePublished":"2026-09-05T21:20:31+00:00","dateModified":"2026-09-05T21:20:36+00:00","breadcrumb":{"@id":"https:\/\/lasentinelle.dz\/index.php\/2026\/09\/05\/lanie-ouvre-le-dialogue-avec-les-partis-en-prevision-des-locales-du-28-novembre-la-machine-electorale-saccelere\/#breadcrumb"},"inLanguage":"fr-FR","potentialAction":[{"@type":"ReadAction","target":["https:\/\/lasentinelle.dz\/index.php\/2026\/09\/05\/lanie-ouvre-le-dialogue-avec-les-partis-en-prevision-des-locales-du-28-novembre-la-machine-electorale-saccelere\/"]}]},{"@type":"ImageObject","inLanguage":"fr-FR","@id":"https:\/\/lasentinelle.dz\/index.php\/2026\/09\/05\/lanie-ouvre-le-dialogue-avec-les-partis-en-prevision-des-locales-du-28-novembre-la-machine-electorale-saccelere\/#primaryimage","url":"https:\/\/lasentinelle.dz\/wp-content\/uploads\/2026\/06\/ANIE-legislatives.jpg","contentUrl":"https:\/\/lasentinelle.dz\/wp-content\/uploads\/2026\/06\/ANIE-legislatives.jpg","width":780,"height":470},{"@type":"BreadcrumbList","@id":"https:\/\/lasentinelle.dz\/index.php\/2026\/09\/05\/lanie-ouvre-le-dialogue-avec-les-partis-en-prevision-des-locales-du-28-novembre-la-machine-electorale-saccelere\/#breadcrumb","itemListElement":[{"@type":"ListItem","position":1,"name":"Accueil","item":"https:\/\/lasentinelle.dz\/"},{"@type":"ListItem","position":2,"name":"L&rsquo;ANIE ouvre le dialogue avec les partis en pr\u00e9vision des locales du 28 novembre\u00a0: La machine \u00e9lectorale s&rsquo;acc\u00e9l\u00e8re"}]},{"@type":"WebSite","@id":"https:\/\/lasentinelle.dz\/#website","url":"https:\/\/lasentinelle.dz\/","name":"La Sentinelle","description":"Quotidien national d&#039;information","publisher":{"@id":"https:\/\/lasentinelle.dz\/#organization"},"potentialAction":[{"@type":"SearchAction","target":{"@type":"EntryPoint","urlTemplate":"https:\/\/lasentinelle.dz\/?s={search_term_string}"},"query-input":{"@type":"PropertyValueSpecification","valueRequired":true,"valueName":"search_term_string"}}],"inLanguage":"fr-FR"},{"@type":"Organization","@id":"https:\/\/lasentinelle.dz\/#organization","name":"Quotidien La Sentinelle","url":"https:\/\/lasentinelle.dz\/","logo":{"@type":"ImageObject","inLanguage":"fr-FR","@id":"https:\/\/lasentinelle.dz\/#\/schema\/logo\/image\/","url":"https:\/\/lasentinelle.dz\/wp-content\/uploads\/2021\/09\/logo-sentinelleSLOGAN-1.png","contentUrl":"https:\/\/lasentinelle.dz\/wp-content\/uploads\/2021\/09\/logo-sentinelleSLOGAN-1.png","width":615,"height":142,"caption":"Quotidien La Sentinelle"},"image":{"@id":"https:\/\/lasentinelle.dz\/#\/schema\/logo\/image\/"},"sameAs":["https:\/\/www.facebook.com\/La-Sentinelle-104059864394773"]},{"@type":"Person","@id":"https:\/\/lasentinelle.dz\/#\/schema\/person\/729ee0024f24e0b8c5ec17232f8e8b41","name":"admin","image":{"@type":"ImageObject","inLanguage":"fr-FR","@id":"https:\/\/secure.gravatar.com\/avatar\/4c81fed838786e9b53f540bf46533e750f5d292099ae3b66cfc6fb1982e29df7?s=96&d=mm&r=g","url":"https:\/\/secure.gravatar.com\/avatar\/4c81fed838786e9b53f540bf46533e750f5d292099ae3b66cfc6fb1982e29df7?s=96&d=mm&r=g","contentUrl":"https:\/\/secure.gravatar.com\/avatar\/4c81fed838786e9b53f540bf46533e750f5d292099ae3b66cfc6fb1982e29df7?s=96&d=mm&r=g","caption":"admin"},"description":"admin","url":"https:\/\/lasentinelle.dz\/author\/admin\/"}]}},"_links":{"self":[{"href":"https:\/\/lasentinelle.dz\/index.php\/wp-json\/wp\/v2\/posts\/95053","targetHints":{"allow":["GET"]}}],"collection":[{"href":"https:\/\/lasentinelle.dz\/index.php\/wp-json\/wp\/v2\/posts"}],"about":[{"href":"https:\/\/lasentinelle.dz\/index.php\/wp-json\/wp\/v2\/types\/post"}],"author":[{"embeddable":true,"href":"https:\/\/lasentinelle.dz\/index.php\/wp-json\/wp\/v2\/users\/6"}],"replies":[{"embeddable":true,"href":"https:\/\/lasentinelle.dz\/index.php\/wp-json\/wp\/v2\/comments?post=95053"}],"version-history":[{"count":2,"href":"https:\/\/lasentinelle.dz\/index.php\/wp-json\/wp\/v2\/posts\/95053\/revisions"}],"predecessor-version":[{"id":95055,"href":"https:\/\/lasentinelle.dz\/index.php\/wp-json\/wp\/v2\/posts\/95053\/revisions\/95055"}],"wp:featuredmedia":[{"embeddable":true,"href":"https:\/\/lasentinelle.dz\/index.php\/wp-json\/wp\/v2\/media\/89942"}],"wp:attachment":[{"href":"https:\/\/lasentinelle.dz\/index.php\/wp-json\/wp\/v2\/media?parent=95053"}],"wp:term":[{"taxonomy":"category","embeddable":true,"href":"https:\/\/lasentinelle.dz\/index.php\/wp-json\/wp\/v2\/categories?post=95053"},{"taxonomy":"post_tag","embeddable":true,"href":"https:\/\/lasentinelle.dz\/index.php\/wp-json\/wp\/v2\/tags?post=95053"}],"curies":[{"name":"wp","href":"https:\/\/api.w.org\/{rel}","templated":true}]}}