{"id":95056,"date":"2026-09-05T22:21:44","date_gmt":"2026-09-05T21:21:44","guid":{"rendered":"https:\/\/lasentinelle.dz\/?p=95056"},"modified":"2026-09-05T22:21:49","modified_gmt":"2026-09-05T21:21:49","slug":"un-centre-national-de-formation-au-maintien-de-la-paix-un-outil-au-service-de-lengagement-continental-de-lalgerie","status":"publish","type":"post","link":"https:\/\/lasentinelle.dz\/index.php\/2026\/09\/05\/un-centre-national-de-formation-au-maintien-de-la-paix-un-outil-au-service-de-lengagement-continental-de-lalgerie\/","title":{"rendered":"Un centre national de formation au maintien de la paix\u00a0: Un outil au service de l\u2019engagement continental de l\u2019Alg\u00e9rie"},"content":{"rendered":"\n<p class=\"wp-block-paragraph\"><em>Un d\u00e9cret pr\u00e9sidentiel publi\u00e9 dans le dernier Journal officiel institue un centre alg\u00e9rien de formation d\u00e9di\u00e9 au maintien de la paix, plac\u00e9 sous la tutelle du minist\u00e8re de la D\u00e9fense nationale. Ce nouvel \u00e9tablissement vient consolider la position de l&rsquo;Alg\u00e9rie dans les op\u00e9rations onusiennes et africaines de soutien \u00e0 la paix.<\/em><\/p>\n\n\n\n<p class=\"wp-block-paragraph\">Le pr\u00e9sident de la R\u00e9publique, Abdelmadjid Tebboune, a sign\u00e9 le 23 ao\u00fbt dernier un d\u00e9cret pr\u00e9sidentiel portant cr\u00e9ation d&rsquo;un centre alg\u00e9rien de formation dans le domaine du maintien de la paix, publi\u00e9 dans l&rsquo;\u00e9dition du Journal officiel dat\u00e9e du 1er septembre. Le texte, pris sur rapport du ministre de la D\u00e9fense nationale, fixe les missions, l&rsquo;organisation et le fonctionnement de cette nouvelle structure, dont le si\u00e8ge est \u00e9tabli \u00e0 Alger.<\/p>\n\n\n\n<p class=\"wp-block-paragraph\">Le d\u00e9cret d\u00e9finit le centre comme \u00ab un \u00e9tablissement public \u00e0 caract\u00e8re administratif, dot\u00e9 de la personnalit\u00e9 morale et de l&rsquo;autonomie financi\u00e8re, plac\u00e9 sous la tutelle du minist\u00e8re de la d\u00e9fense nationale \u00bb. Sur le plan des activit\u00e9s, il est charg\u00e9 de \u00ab dispenser des formations de niveau strat\u00e9gique, op\u00e9rationnel et tactique dans le domaine du soutien et du maintien de la paix, en pr\u00e9sentiel ou \u00e0 distance, au profit des personnels militaires et civils, nationaux et \u00e9trangers, concern\u00e9s par les op\u00e9rations de soutien et de maintien de la paix \u00bb. Il pourra \u00e9galement organiser des sessions \u00e0 la carte, des s\u00e9minaires et des conf\u00e9rences nationales et internationales en lien avec son domaine de comp\u00e9tence.<\/p>\n\n\n\n<p class=\"wp-block-paragraph\">Le texte pr\u00e9cise que les programmes de formation, les conditions d&rsquo;acc\u00e8s, les sp\u00e9cialit\u00e9s et les r\u00e8gles d&rsquo;\u00e9valuation seront fix\u00e9s par un arr\u00eat\u00e9 du ministre de la D\u00e9fense, \u00e9tabli \u00ab selon les normes et standards de l&rsquo;Organisation des Nations unies, de l&rsquo;Union africaine et de la Ligue des Etats arabes relatives \u00e0 la pr\u00e9paration des personnels constituant les composantes militaires, polici\u00e8res, de gendarmerie et civiles, dans le cadre des op\u00e9rations de soutien et de maintien de la paix \u00bb. Cette r\u00e9f\u00e9rence aux trois organisations traduit la volont\u00e9 de calibrer l&rsquo;offre de formation sur des standards reconnus \u00e0 l&rsquo;\u00e9chelle internationale, permettant au centre de former aussi bien des cadres alg\u00e9riens que des stagiaires \u00e9trangers.<\/p>\n\n\n\n<p class=\"wp-block-paragraph\">Sur le plan organisationnel, l&rsquo;\u00e9tablissement sera dirig\u00e9 par un directeur nomm\u00e9 selon la r\u00e9glementation en vigueur au sein du minist\u00e8re de la D\u00e9fense, et disposera d&rsquo;un conseil p\u00e9dagogique charg\u00e9 de d\u00e9finir et d&rsquo;\u00e9valuer les programmes ainsi que les m\u00e9thodes d&rsquo;enseignement. Ce conseil r\u00e9unira des repr\u00e9sentants du minist\u00e8re de la D\u00e9fense, du minist\u00e8re des Affaires \u00e9trang\u00e8res et de celui de l&rsquo;Enseignement sup\u00e9rieur. Le d\u00e9cret pr\u00e9voit par ailleurs que la formation pourra \u00eatre assur\u00e9e non seulement par des personnels militaires et civils du secteur de la D\u00e9fense, mais aussi par des enseignants-chercheurs relevant de l&rsquo;Enseignement sup\u00e9rieur, ainsi que par des experts et formateurs nationaux ou \u00e9trangers, en activit\u00e9 ou \u00e0 la retraite, recrut\u00e9s selon la r\u00e9glementation en vigueur.<\/p>\n\n\n\n<p class=\"wp-block-paragraph\">Cette cr\u00e9ation intervient \u00e0 un moment particulier pour la diplomatie de d\u00e9fense alg\u00e9rienne. Durant le mois d\u2019ao\u00fbt 2026, l&rsquo;Alg\u00e9rie a assur\u00e9 la pr\u00e9sidence tournante du Conseil de paix et de s\u00e9curit\u00e9 de l&rsquo;Union africaine, dans le cadre de ses engagements continentaux en faveur du r\u00e8glement pacifique des conflits et du renforcement de l&rsquo;action africaine commune. Le pays a par ailleurs si\u00e9g\u00e9 \u00e0 plusieurs reprises comme membre non permanent du Conseil de s\u00e9curit\u00e9 des Nations unies, la plus r\u00e9cente fois entre 2024 et 2025, o\u00f9 il a coordonn\u00e9 le groupe A3+ regroupant les d\u00e9l\u00e9gations africaines et le Guyana sur les dossiers de paix et de s\u00e9curit\u00e9.<\/p>\n\n\n\n<p class=\"wp-block-paragraph\">L&rsquo;enjeu de la d\u00e9marche d\u00e9passe ainsi le seul cadre institutionnel. En se dotant d&rsquo;un outil de formation d\u00e9di\u00e9, l&rsquo;Alg\u00e9rie entend structurer et p\u00e9renniser sa contribution aux op\u00e9rations de soutien \u00e0 la paix, dans un contexte o\u00f9 les Nations unies elles-m\u00eames font face \u00e0 des contraintes budg\u00e9taires croissantes sur leurs missions de maintien de la paix \u00e0 travers le monde. Le nouveau centre vise \u00e9galement \u00e0 renforcer la capacit\u00e9 du pays \u00e0 projeter son expertise militaire et civile au service de la stabilit\u00e9 r\u00e9gionale et continentale, en ligne avec le r\u00f4le que l&rsquo;Alg\u00e9rie revendique dans la pr\u00e9vention et le r\u00e8glement des crises en Afrique et dans le monde arabe.<\/p>\n\n\n\n<p class=\"wp-block-paragraph\">Le d\u00e9cret pr\u00e9cise enfin que le budget du centre comportera un titre de recettes, aliment\u00e9 notamment par les subventions de l&rsquo;Etat, les recettes propres de ses activit\u00e9s ainsi que les dons et legs, et un titre de d\u00e9penses couvrant le fonctionnement, l&rsquo;investissement et les autres charges li\u00e9es \u00e0 ses missions, la comptabilit\u00e9 \u00e9tant tenue selon les r\u00e8gles applicables aux \u00e9tablissements publics.<\/p>\n\n\n\n<p class=\"wp-block-paragraph\">Salim Amokrane<\/p>\n","protected":false},"excerpt":{"rendered":"<p>Un d\u00e9cret pr\u00e9sidentiel publi\u00e9 dans le dernier Journal officiel institue un centre alg\u00e9rien de formation d\u00e9di\u00e9 au maintien de la<\/p>\n","protected":false},"author":6,"featured_media":31868,"comment_status":"open","ping_status":"closed","sticky":false,"template":"","format":"standard","meta":{"colormag_page_container_layout":"default_layout","colormag_page_sidebar_layout":"default_layout","om_disable_all_campaigns":false,"_monsterinsights_skip_tracking":false,"footnotes":"","_wpscppro_dont_share_socialmedia":false,"_wpscppro_custom_social_share_image":0,"_facebook_share_type":"default","_twitter_share_type":"default","_linkedin_share_type":"default","_pinterest_share_type":"default","_linkedin_share_type_page":"","_instagram_share_type":"default","_medium_share_type":"default","_threads_share_type":"default","_google_business_share_type":"default","_bluesky_share_type":"default","_mastodon_share_type":"default","_selected_social_profile":[],"_wpsp_enable_custom_social_template":false,"_wpsp_social_scheduling":{"enabled":false,"datetime":null,"platforms":[],"status":"template_only","dateOption":"today","timeOption":"now","customDays":"","customHours":"","customDate":"","customTime":"","schedulingType":"absolute"},"_wpsp_active_default_template":true},"categories":[52,27],"tags":[],"class_list":["post-95056","post","type-post","status-publish","format-standard","has-post-thumbnail","hentry","category-a-la-une","category-actualite"],"aioseo_notices":[],"aioseo_head":"\n\t\t<!-- All in One SEO 5.0.0.1 - aioseo.com -->\n\t<meta name=\"description\" content=\"Un d\u00e9cret pr\u00e9sidentiel publi\u00e9 dans le dernier Journal officiel institue un centre alg\u00e9rien de formation d\u00e9di\u00e9 au maintien de la paix, plac\u00e9 sous la tutelle du minist\u00e8re de la D\u00e9fense nationale. Ce nouvel \u00e9tablissement vient consolider la position de l&#039;Alg\u00e9rie dans les op\u00e9rations onusiennes et africaines de soutien \u00e0 la paix. Le pr\u00e9sident de la\" \/>\n\t<meta name=\"robots\" content=\"max-image-preview:large\" \/>\n\t<meta name=\"author\" content=\"admin\"\/>\n\t<link rel=\"canonical\" href=\"https:\/\/lasentinelle.dz\/index.php\/2026\/09\/05\/un-centre-national-de-formation-au-maintien-de-la-paix-un-outil-au-service-de-lengagement-continental-de-lalgerie\/\" \/>\n\t<meta name=\"generator\" content=\"All in One SEO (AIOSEO) 5.0.0.1\" \/>\n\t\t<meta property=\"og:locale\" content=\"fr_FR\" \/>\n\t\t<meta property=\"og:site_name\" content=\"La Sentinelle - Quotidien national d&#039;information\" \/>\n\t\t<meta property=\"og:type\" content=\"article\" \/>\n\t\t<meta property=\"og:title\" content=\"Un centre national de formation au maintien de la paix : Un outil au service de l\u2019engagement continental de l\u2019Alg\u00e9rie - La Sentinelle\" \/>\n\t\t<meta property=\"og:description\" content=\"Un d\u00e9cret pr\u00e9sidentiel publi\u00e9 dans le dernier Journal officiel institue un centre alg\u00e9rien de formation d\u00e9di\u00e9 au maintien de la paix, plac\u00e9 sous la tutelle du minist\u00e8re de la D\u00e9fense nationale. Ce nouvel \u00e9tablissement vient consolider la position de l&#039;Alg\u00e9rie dans les op\u00e9rations onusiennes et africaines de soutien \u00e0 la paix. Le pr\u00e9sident de la\" \/>\n\t\t<meta property=\"og:url\" content=\"https:\/\/lasentinelle.dz\/index.php\/2026\/09\/05\/un-centre-national-de-formation-au-maintien-de-la-paix-un-outil-au-service-de-lengagement-continental-de-lalgerie\/\" \/>\n\t\t<meta property=\"og:image\" content=\"https:\/\/lasentinelle.dz\/wp-content\/uploads\/2021\/09\/cropped-la-sentinelle-earth-golden-anima-5.gif\" \/>\n\t\t<meta property=\"og:image:secure_url\" content=\"https:\/\/lasentinelle.dz\/wp-content\/uploads\/2021\/09\/cropped-la-sentinelle-earth-golden-anima-5.gif\" \/>\n\t\t<meta property=\"og:image:width\" content=\"450\" \/>\n\t\t<meta property=\"og:image:height\" content=\"213\" \/>\n\t\t<meta property=\"article:published_time\" content=\"2026-09-05T21:21:44+00:00\" \/>\n\t\t<meta property=\"article:modified_time\" content=\"2026-09-05T21:21:49+00:00\" \/>\n\t\t<meta property=\"article:publisher\" content=\"https:\/\/www.facebook.com\/azzedine.lasentinelle.1\" \/>\n\t\t<meta name=\"twitter:card\" content=\"summary_large_image\" \/>\n\t\t<meta name=\"twitter:title\" content=\"Un centre national de formation au maintien de la paix : Un outil au service de l\u2019engagement continental de l\u2019Alg\u00e9rie - La Sentinelle\" \/>\n\t\t<meta name=\"twitter:description\" content=\"Un d\u00e9cret pr\u00e9sidentiel publi\u00e9 dans le dernier Journal officiel institue un centre alg\u00e9rien de formation d\u00e9di\u00e9 au maintien de la paix, plac\u00e9 sous la tutelle du minist\u00e8re de la D\u00e9fense nationale. Ce nouvel \u00e9tablissement vient consolider la position de l&#039;Alg\u00e9rie dans les op\u00e9rations onusiennes et africaines de soutien \u00e0 la paix. Le pr\u00e9sident de la\" \/>\n\t\t<meta name=\"twitter:image\" content=\"https:\/\/lasentinelle.dz\/wp-content\/uploads\/2021\/09\/cropped-la-sentinelle-earth-golden-anima-5.gif\" \/>\n\t\t<script type=\"application\/ld+json\" class=\"aioseo-schema\">\n\t\t\t{\"@context\":\"https:\\\/\\\/schema.org\",\"@graph\":[{\"@type\":\"BlogPosting\",\"@id\":\"https:\\\/\\\/lasentinelle.dz\\\/index.php\\\/2026\\\/09\\\/05\\\/un-centre-national-de-formation-au-maintien-de-la-paix-un-outil-au-service-de-lengagement-continental-de-lalgerie\\\/#blogposting\",\"name\":\"Un centre national de formation au maintien de la paix : Un outil au service de l\\u2019engagement continental de l\\u2019Alg\\u00e9rie - La Sentinelle\",\"headline\":\"Un centre national de formation au maintien de la paix\\u00a0: Un outil au service de l\\u2019engagement continental de l\\u2019Alg\\u00e9rie\",\"author\":{\"@id\":\"https:\\\/\\\/lasentinelle.dz\\\/author\\\/admin\\\/#author\"},\"publisher\":{\"@id\":\"https:\\\/\\\/lasentinelle.dz\\\/#organization\"},\"image\":{\"@type\":\"ImageObject\",\"url\":\"https:\\\/\\\/lasentinelle.dz\\\/wp-content\\\/uploads\\\/2022\\\/11\\\/MDN.png\",\"width\":1350,\"height\":900},\"datePublished\":\"2026-09-05T22:21:44+01:00\",\"dateModified\":\"2026-09-05T22:21:49+01:00\",\"inLanguage\":\"fr-FR\",\"mainEntityOfPage\":{\"@id\":\"https:\\\/\\\/lasentinelle.dz\\\/index.php\\\/2026\\\/09\\\/05\\\/un-centre-national-de-formation-au-maintien-de-la-paix-un-outil-au-service-de-lengagement-continental-de-lalgerie\\\/#webpage\"},\"isPartOf\":{\"@id\":\"https:\\\/\\\/lasentinelle.dz\\\/index.php\\\/2026\\\/09\\\/05\\\/un-centre-national-de-formation-au-maintien-de-la-paix-un-outil-au-service-de-lengagement-continental-de-lalgerie\\\/#webpage\"},\"articleSection\":\"\\u00c0 la Une, Actualit\\u00e9\"},{\"@type\":\"BreadcrumbList\",\"@id\":\"https:\\\/\\\/lasentinelle.dz\\\/index.php\\\/2026\\\/09\\\/05\\\/un-centre-national-de-formation-au-maintien-de-la-paix-un-outil-au-service-de-lengagement-continental-de-lalgerie\\\/#breadcrumblist\",\"itemListElement\":[{\"@type\":\"ListItem\",\"@id\":\"https:\\\/\\\/lasentinelle.dz#listItem\",\"position\":1,\"name\":\"Home\",\"item\":\"https:\\\/\\\/lasentinelle.dz\",\"nextItem\":{\"@type\":\"ListItem\",\"@id\":\"https:\\\/\\\/lasentinelle.dz\\\/index.php\\\/category\\\/actualite\\\/#listItem\",\"name\":\"Actualit\\u00e9\"}},{\"@type\":\"ListItem\",\"@id\":\"https:\\\/\\\/lasentinelle.dz\\\/index.php\\\/category\\\/actualite\\\/#listItem\",\"position\":2,\"name\":\"Actualit\\u00e9\",\"item\":\"https:\\\/\\\/lasentinelle.dz\\\/index.php\\\/category\\\/actualite\\\/\",\"nextItem\":{\"@type\":\"ListItem\",\"@id\":\"https:\\\/\\\/lasentinelle.dz\\\/index.php\\\/2026\\\/09\\\/05\\\/un-centre-national-de-formation-au-maintien-de-la-paix-un-outil-au-service-de-lengagement-continental-de-lalgerie\\\/#listItem\",\"name\":\"Un centre national de formation au maintien de la paix\\u00a0: Un outil au service de l\\u2019engagement continental de l\\u2019Alg\\u00e9rie\"},\"previousItem\":{\"@type\":\"ListItem\",\"@id\":\"https:\\\/\\\/lasentinelle.dz#listItem\",\"name\":\"Home\"}},{\"@type\":\"ListItem\",\"@id\":\"https:\\\/\\\/lasentinelle.dz\\\/index.php\\\/2026\\\/09\\\/05\\\/un-centre-national-de-formation-au-maintien-de-la-paix-un-outil-au-service-de-lengagement-continental-de-lalgerie\\\/#listItem\",\"position\":3,\"name\":\"Un centre national de formation au maintien de la paix\\u00a0: Un outil au service de l\\u2019engagement continental de l\\u2019Alg\\u00e9rie\",\"previousItem\":{\"@type\":\"ListItem\",\"@id\":\"https:\\\/\\\/lasentinelle.dz\\\/index.php\\\/category\\\/actualite\\\/#listItem\",\"name\":\"Actualit\\u00e9\"}}]},{\"@type\":\"Organization\",\"@id\":\"https:\\\/\\\/lasentinelle.dz\\\/#organization\",\"name\":\"La Sentinelle La Sentinelle\",\"description\":\"Quotidien national d'information\",\"url\":\"https:\\\/\\\/lasentinelle.dz\\\/\",\"logo\":{\"@type\":\"ImageObject\",\"url\":\"https:\\\/\\\/lasentinelle.dz\\\/wp-content\\\/uploads\\\/2021\\\/09\\\/cropped-la-sentinelle-earth-golden-anima-5.gif\",\"@id\":\"https:\\\/\\\/lasentinelle.dz\\\/index.php\\\/2026\\\/09\\\/05\\\/un-centre-national-de-formation-au-maintien-de-la-paix-un-outil-au-service-de-lengagement-continental-de-lalgerie\\\/#organizationLogo\",\"width\":450,\"height\":213},\"image\":{\"@id\":\"https:\\\/\\\/lasentinelle.dz\\\/index.php\\\/2026\\\/09\\\/05\\\/un-centre-national-de-formation-au-maintien-de-la-paix-un-outil-au-service-de-lengagement-continental-de-lalgerie\\\/#organizationLogo\"},\"sameAs\":[\"https:\\\/\\\/www.facebook.com\\\/azzedine.lasentinelle.1\"]},{\"@type\":\"Person\",\"@id\":\"https:\\\/\\\/lasentinelle.dz\\\/author\\\/admin\\\/#author\",\"url\":\"https:\\\/\\\/lasentinelle.dz\\\/author\\\/admin\\\/\",\"name\":\"admin\",\"image\":{\"@type\":\"ImageObject\",\"@id\":\"https:\\\/\\\/lasentinelle.dz\\\/index.php\\\/2026\\\/09\\\/05\\\/un-centre-national-de-formation-au-maintien-de-la-paix-un-outil-au-service-de-lengagement-continental-de-lalgerie\\\/#authorImage\",\"url\":\"https:\\\/\\\/secure.gravatar.com\\\/avatar\\\/4c81fed838786e9b53f540bf46533e750f5d292099ae3b66cfc6fb1982e29df7?s=96&d=mm&r=g\",\"width\":96,\"height\":96,\"caption\":\"admin\"}},{\"@type\":\"WebPage\",\"@id\":\"https:\\\/\\\/lasentinelle.dz\\\/index.php\\\/2026\\\/09\\\/05\\\/un-centre-national-de-formation-au-maintien-de-la-paix-un-outil-au-service-de-lengagement-continental-de-lalgerie\\\/#webpage\",\"url\":\"https:\\\/\\\/lasentinelle.dz\\\/index.php\\\/2026\\\/09\\\/05\\\/un-centre-national-de-formation-au-maintien-de-la-paix-un-outil-au-service-de-lengagement-continental-de-lalgerie\\\/\",\"name\":\"Un centre national de formation au maintien de la paix : Un outil au service de l\\u2019engagement continental de l\\u2019Alg\\u00e9rie - La Sentinelle\",\"description\":\"Un d\\u00e9cret pr\\u00e9sidentiel publi\\u00e9 dans le dernier Journal officiel institue un centre alg\\u00e9rien de formation d\\u00e9di\\u00e9 au maintien de la paix, plac\\u00e9 sous la tutelle du minist\\u00e8re de la D\\u00e9fense nationale. Ce nouvel \\u00e9tablissement vient consolider la position de l'Alg\\u00e9rie dans les op\\u00e9rations onusiennes et africaines de soutien \\u00e0 la paix. Le pr\\u00e9sident de la\",\"inLanguage\":\"fr-FR\",\"isPartOf\":{\"@id\":\"https:\\\/\\\/lasentinelle.dz\\\/#website\"},\"breadcrumb\":{\"@id\":\"https:\\\/\\\/lasentinelle.dz\\\/index.php\\\/2026\\\/09\\\/05\\\/un-centre-national-de-formation-au-maintien-de-la-paix-un-outil-au-service-de-lengagement-continental-de-lalgerie\\\/#breadcrumblist\"},\"author\":{\"@id\":\"https:\\\/\\\/lasentinelle.dz\\\/author\\\/admin\\\/#author\"},\"creator\":{\"@id\":\"https:\\\/\\\/lasentinelle.dz\\\/author\\\/admin\\\/#author\"},\"image\":{\"@type\":\"ImageObject\",\"url\":\"https:\\\/\\\/lasentinelle.dz\\\/wp-content\\\/uploads\\\/2022\\\/11\\\/MDN.png\",\"@id\":\"https:\\\/\\\/lasentinelle.dz\\\/index.php\\\/2026\\\/09\\\/05\\\/un-centre-national-de-formation-au-maintien-de-la-paix-un-outil-au-service-de-lengagement-continental-de-lalgerie\\\/#mainImage\",\"width\":1350,\"height\":900},\"primaryImageOfPage\":{\"@id\":\"https:\\\/\\\/lasentinelle.dz\\\/index.php\\\/2026\\\/09\\\/05\\\/un-centre-national-de-formation-au-maintien-de-la-paix-un-outil-au-service-de-lengagement-continental-de-lalgerie\\\/#mainImage\"},\"datePublished\":\"2026-09-05T22:21:44+01:00\",\"dateModified\":\"2026-09-05T22:21:49+01:00\"},{\"@type\":\"WebSite\",\"@id\":\"https:\\\/\\\/lasentinelle.dz\\\/#website\",\"url\":\"https:\\\/\\\/lasentinelle.dz\\\/\",\"name\":\"La Sentinelle\",\"description\":\"Quotidien national d'information\",\"inLanguage\":\"fr-FR\",\"publisher\":{\"@id\":\"https:\\\/\\\/lasentinelle.dz\\\/#organization\"}}]}\n\t\t<\/script>\n\t\t<!-- All in One SEO -->\n\n","aioseo_head_json":{"title":"Un centre national de formation au maintien de la paix : Un outil au service de l\u2019engagement continental de l\u2019Alg\u00e9rie - La Sentinelle","description":"Un d\u00e9cret pr\u00e9sidentiel publi\u00e9 dans le dernier Journal officiel institue un centre alg\u00e9rien de formation d\u00e9di\u00e9 au maintien de la paix, plac\u00e9 sous la tutelle du minist\u00e8re de la D\u00e9fense nationale. Ce nouvel \u00e9tablissement vient consolider la position de l'Alg\u00e9rie dans les op\u00e9rations onusiennes et africaines de soutien \u00e0 la paix. Le pr\u00e9sident de la","canonical_url":"https:\/\/lasentinelle.dz\/index.php\/2026\/09\/05\/un-centre-national-de-formation-au-maintien-de-la-paix-un-outil-au-service-de-lengagement-continental-de-lalgerie\/","robots":"max-image-preview:large","keywords":"","webmasterTools":{"miscellaneous":""},"schema":{"@context":"https:\/\/schema.org","@graph":[{"@type":"BlogPosting","@id":"https:\/\/lasentinelle.dz\/index.php\/2026\/09\/05\/un-centre-national-de-formation-au-maintien-de-la-paix-un-outil-au-service-de-lengagement-continental-de-lalgerie\/#blogposting","name":"Un centre national de formation au maintien de la paix : Un outil au service de l\u2019engagement continental de l\u2019Alg\u00e9rie - La Sentinelle","headline":"Un centre national de formation au maintien de la paix\u00a0: Un outil au service de l\u2019engagement continental de l\u2019Alg\u00e9rie","author":{"@id":"https:\/\/lasentinelle.dz\/author\/admin\/#author"},"publisher":{"@id":"https:\/\/lasentinelle.dz\/#organization"},"image":{"@type":"ImageObject","url":"https:\/\/lasentinelle.dz\/wp-content\/uploads\/2022\/11\/MDN.png","width":1350,"height":900},"datePublished":"2026-09-05T22:21:44+01:00","dateModified":"2026-09-05T22:21:49+01:00","inLanguage":"fr-FR","mainEntityOfPage":{"@id":"https:\/\/lasentinelle.dz\/index.php\/2026\/09\/05\/un-centre-national-de-formation-au-maintien-de-la-paix-un-outil-au-service-de-lengagement-continental-de-lalgerie\/#webpage"},"isPartOf":{"@id":"https:\/\/lasentinelle.dz\/index.php\/2026\/09\/05\/un-centre-national-de-formation-au-maintien-de-la-paix-un-outil-au-service-de-lengagement-continental-de-lalgerie\/#webpage"},"articleSection":"\u00c0 la Une, Actualit\u00e9"},{"@type":"BreadcrumbList","@id":"https:\/\/lasentinelle.dz\/index.php\/2026\/09\/05\/un-centre-national-de-formation-au-maintien-de-la-paix-un-outil-au-service-de-lengagement-continental-de-lalgerie\/#breadcrumblist","itemListElement":[{"@type":"ListItem","@id":"https:\/\/lasentinelle.dz#listItem","position":1,"name":"Home","item":"https:\/\/lasentinelle.dz","nextItem":{"@type":"ListItem","@id":"https:\/\/lasentinelle.dz\/index.php\/category\/actualite\/#listItem","name":"Actualit\u00e9"}},{"@type":"ListItem","@id":"https:\/\/lasentinelle.dz\/index.php\/category\/actualite\/#listItem","position":2,"name":"Actualit\u00e9","item":"https:\/\/lasentinelle.dz\/index.php\/category\/actualite\/","nextItem":{"@type":"ListItem","@id":"https:\/\/lasentinelle.dz\/index.php\/2026\/09\/05\/un-centre-national-de-formation-au-maintien-de-la-paix-un-outil-au-service-de-lengagement-continental-de-lalgerie\/#listItem","name":"Un centre national de formation au maintien de la paix\u00a0: Un outil au service de l\u2019engagement continental de l\u2019Alg\u00e9rie"},"previousItem":{"@type":"ListItem","@id":"https:\/\/lasentinelle.dz#listItem","name":"Home"}},{"@type":"ListItem","@id":"https:\/\/lasentinelle.dz\/index.php\/2026\/09\/05\/un-centre-national-de-formation-au-maintien-de-la-paix-un-outil-au-service-de-lengagement-continental-de-lalgerie\/#listItem","position":3,"name":"Un centre national de formation au maintien de la paix\u00a0: Un outil au service de l\u2019engagement continental de l\u2019Alg\u00e9rie","previousItem":{"@type":"ListItem","@id":"https:\/\/lasentinelle.dz\/index.php\/category\/actualite\/#listItem","name":"Actualit\u00e9"}}]},{"@type":"Organization","@id":"https:\/\/lasentinelle.dz\/#organization","name":"La Sentinelle La Sentinelle","description":"Quotidien national d'information","url":"https:\/\/lasentinelle.dz\/","logo":{"@type":"ImageObject","url":"https:\/\/lasentinelle.dz\/wp-content\/uploads\/2021\/09\/cropped-la-sentinelle-earth-golden-anima-5.gif","@id":"https:\/\/lasentinelle.dz\/index.php\/2026\/09\/05\/un-centre-national-de-formation-au-maintien-de-la-paix-un-outil-au-service-de-lengagement-continental-de-lalgerie\/#organizationLogo","width":450,"height":213},"image":{"@id":"https:\/\/lasentinelle.dz\/index.php\/2026\/09\/05\/un-centre-national-de-formation-au-maintien-de-la-paix-un-outil-au-service-de-lengagement-continental-de-lalgerie\/#organizationLogo"},"sameAs":["https:\/\/www.facebook.com\/azzedine.lasentinelle.1"]},{"@type":"Person","@id":"https:\/\/lasentinelle.dz\/author\/admin\/#author","url":"https:\/\/lasentinelle.dz\/author\/admin\/","name":"admin","image":{"@type":"ImageObject","@id":"https:\/\/lasentinelle.dz\/index.php\/2026\/09\/05\/un-centre-national-de-formation-au-maintien-de-la-paix-un-outil-au-service-de-lengagement-continental-de-lalgerie\/#authorImage","url":"https:\/\/secure.gravatar.com\/avatar\/4c81fed838786e9b53f540bf46533e750f5d292099ae3b66cfc6fb1982e29df7?s=96&d=mm&r=g","width":96,"height":96,"caption":"admin"}},{"@type":"WebPage","@id":"https:\/\/lasentinelle.dz\/index.php\/2026\/09\/05\/un-centre-national-de-formation-au-maintien-de-la-paix-un-outil-au-service-de-lengagement-continental-de-lalgerie\/#webpage","url":"https:\/\/lasentinelle.dz\/index.php\/2026\/09\/05\/un-centre-national-de-formation-au-maintien-de-la-paix-un-outil-au-service-de-lengagement-continental-de-lalgerie\/","name":"Un centre national de formation au maintien de la paix : Un outil au service de l\u2019engagement continental de l\u2019Alg\u00e9rie - La Sentinelle","description":"Un d\u00e9cret pr\u00e9sidentiel publi\u00e9 dans le dernier Journal officiel institue un centre alg\u00e9rien de formation d\u00e9di\u00e9 au maintien de la paix, plac\u00e9 sous la tutelle du minist\u00e8re de la D\u00e9fense nationale. Ce nouvel \u00e9tablissement vient consolider la position de l'Alg\u00e9rie dans les op\u00e9rations onusiennes et africaines de soutien \u00e0 la paix. Le pr\u00e9sident de la","inLanguage":"fr-FR","isPartOf":{"@id":"https:\/\/lasentinelle.dz\/#website"},"breadcrumb":{"@id":"https:\/\/lasentinelle.dz\/index.php\/2026\/09\/05\/un-centre-national-de-formation-au-maintien-de-la-paix-un-outil-au-service-de-lengagement-continental-de-lalgerie\/#breadcrumblist"},"author":{"@id":"https:\/\/lasentinelle.dz\/author\/admin\/#author"},"creator":{"@id":"https:\/\/lasentinelle.dz\/author\/admin\/#author"},"image":{"@type":"ImageObject","url":"https:\/\/lasentinelle.dz\/wp-content\/uploads\/2022\/11\/MDN.png","@id":"https:\/\/lasentinelle.dz\/index.php\/2026\/09\/05\/un-centre-national-de-formation-au-maintien-de-la-paix-un-outil-au-service-de-lengagement-continental-de-lalgerie\/#mainImage","width":1350,"height":900},"primaryImageOfPage":{"@id":"https:\/\/lasentinelle.dz\/index.php\/2026\/09\/05\/un-centre-national-de-formation-au-maintien-de-la-paix-un-outil-au-service-de-lengagement-continental-de-lalgerie\/#mainImage"},"datePublished":"2026-09-05T22:21:44+01:00","dateModified":"2026-09-05T22:21:49+01:00"},{"@type":"WebSite","@id":"https:\/\/lasentinelle.dz\/#website","url":"https:\/\/lasentinelle.dz\/","name":"La Sentinelle","description":"Quotidien national d'information","inLanguage":"fr-FR","publisher":{"@id":"https:\/\/lasentinelle.dz\/#organization"}}]},"og:locale":"fr_FR","og:site_name":"La Sentinelle - Quotidien national d'information","og:type":"article","og:title":"Un centre national de formation au maintien de la paix : Un outil au service de l\u2019engagement continental de l\u2019Alg\u00e9rie - La Sentinelle","og:description":"Un d\u00e9cret pr\u00e9sidentiel publi\u00e9 dans le dernier Journal officiel institue un centre alg\u00e9rien de formation d\u00e9di\u00e9 au maintien de la paix, plac\u00e9 sous la tutelle du minist\u00e8re de la D\u00e9fense nationale. Ce nouvel \u00e9tablissement vient consolider la position de l'Alg\u00e9rie dans les op\u00e9rations onusiennes et africaines de soutien \u00e0 la paix. Le pr\u00e9sident de la","og:url":"https:\/\/lasentinelle.dz\/index.php\/2026\/09\/05\/un-centre-national-de-formation-au-maintien-de-la-paix-un-outil-au-service-de-lengagement-continental-de-lalgerie\/","og:image":"https:\/\/lasentinelle.dz\/wp-content\/uploads\/2021\/09\/cropped-la-sentinelle-earth-golden-anima-5.gif","og:image:secure_url":"https:\/\/lasentinelle.dz\/wp-content\/uploads\/2021\/09\/cropped-la-sentinelle-earth-golden-anima-5.gif","og:image:width":450,"og:image:height":213,"article:published_time":"2026-09-05T21:21:44+00:00","article:modified_time":"2026-09-05T21:21:49+00:00","article:publisher":"https:\/\/www.facebook.com\/azzedine.lasentinelle.1","twitter:card":"summary_large_image","twitter:title":"Un centre national de formation au maintien de la paix : Un outil au service de l\u2019engagement continental de l\u2019Alg\u00e9rie - La Sentinelle","twitter:description":"Un d\u00e9cret pr\u00e9sidentiel publi\u00e9 dans le dernier Journal officiel institue un centre alg\u00e9rien de formation d\u00e9di\u00e9 au maintien de la paix, plac\u00e9 sous la tutelle du minist\u00e8re de la D\u00e9fense nationale. Ce nouvel \u00e9tablissement vient consolider la position de l'Alg\u00e9rie dans les op\u00e9rations onusiennes et africaines de soutien \u00e0 la paix. Le pr\u00e9sident de la","twitter:image":"https:\/\/lasentinelle.dz\/wp-content\/uploads\/2021\/09\/cropped-la-sentinelle-earth-golden-anima-5.gif"},"aioseo_meta_data":{"post_id":"95056","title":null,"description":null,"keywords":null,"keyphrases":{"focus":{"keyphrase":"","score":0,"analysis":{"keyphraseInTitle":{"score":0,"maxScore":9,"error":1}}},"additional":[]},"primary_term":null,"canonical_url":null,"og_title":null,"og_description":null,"og_object_type":"default","og_image_type":"default","og_image_url":null,"og_image_width":null,"og_image_height":null,"og_image_custom_url":null,"og_image_custom_fields":null,"og_video":"","og_custom_url":null,"og_article_section":null,"og_article_tags":null,"twitter_use_og":false,"twitter_card":"default","twitter_image_type":"default","twitter_image_url":null,"twitter_image_custom_url":null,"twitter_image_custom_fields":null,"twitter_title":null,"twitter_description":null,"schema":{"blockGraphs":[],"customGraphs":[],"default":{"data":{"Article":[],"Course":[],"Dataset":[],"FAQPage":[],"Movie":[],"Person":[],"Product":[],"ProductReview":[],"Car":[],"Recipe":[],"Service":[],"SoftwareApplication":[],"WebPage":[]},"graphName":"BlogPosting","isEnabled":true},"graphs":[]},"schema_type":"default","schema_type_options":null,"pillar_content":false,"robots_default":true,"robots_noindex":false,"robots_noarchive":false,"robots_nosnippet":false,"robots_nofollow":false,"robots_noimageindex":false,"robots_noodp":false,"robots_notranslate":false,"robots_max_snippet":"-1","robots_max_videopreview":"-1","robots_max_imagepreview":"large","priority":null,"frequency":"default","local_seo":null,"breadcrumb_settings":null,"limit_modified_date":false,"ai":{"faqs":[],"keyPoints":[],"schemas":[],"titles":[],"descriptions":[],"socialPosts":{"email":{"subject":"","preview":"","content":""},"linkedin":[],"twitter":[],"facebook":[],"instagram":[]}},"created":"2026-09-05 21:21:51","updated":"2026-09-05 22:29:56","focus_keyword":null,"additional_keywords":null,"truseo_locale":null,"seo_analyzer_scan_date":null},"aioseo_breadcrumb":"<div class=\"aioseo-breadcrumbs\"><span class=\"aioseo-breadcrumb\">\n\t\t\t<a href=\"https:\/\/lasentinelle.dz\" title=\"Home\">Home<\/a>\n\t\t<\/span><span class=\"aioseo-breadcrumb-separator\">&raquo;<\/span><span class=\"aioseo-breadcrumb\">\n\t\t\t<a href=\"https:\/\/lasentinelle.dz\/index.php\/category\/actualite\/\" title=\"Actualit\u00e9\">Actualit\u00e9<\/a>\n\t\t<\/span><span class=\"aioseo-breadcrumb-separator\">&raquo;<\/span><span class=\"aioseo-breadcrumb\">\n\t\t\tUn centre national de formation au maintien de la paix : Un outil au service de l\u2019engagement continental de l\u2019Alg\u00e9rie\n\t\t<\/span><\/div>","aioseo_breadcrumb_json":[{"label":"Home","link":"https:\/\/lasentinelle.dz"},{"label":"Actualit\u00e9","link":"https:\/\/lasentinelle.dz\/index.php\/category\/actualite\/"},{"label":"Un centre national de formation au maintien de la paix\u00a0: Un outil au service de l\u2019engagement continental de l\u2019Alg\u00e9rie","link":"https:\/\/lasentinelle.dz\/index.php\/2026\/09\/05\/un-centre-national-de-formation-au-maintien-de-la-paix-un-outil-au-service-de-lengagement-continental-de-lalgerie\/"}],"yoast_head":"<!-- This site is optimized with the Yoast SEO plugin v28.4 - https:\/\/yoast.com\/product\/yoast-seo-wordpress\/ -->\n<title>Un centre national de formation au maintien de la paix\u00a0: Un outil au service de l\u2019engagement continental de l\u2019Alg\u00e9rie - La Sentinelle<\/title>\n<meta name=\"robots\" content=\"index, follow, max-snippet:-1, max-image-preview:large, max-video-preview:-1\" \/>\n<link rel=\"canonical\" href=\"https:\/\/lasentinelle.dz\/index.php\/2026\/09\/05\/un-centre-national-de-formation-au-maintien-de-la-paix-un-outil-au-service-de-lengagement-continental-de-lalgerie\/\" \/>\n<meta property=\"og:locale\" content=\"fr_FR\" \/>\n<meta property=\"og:type\" content=\"article\" \/>\n<meta property=\"og:title\" content=\"Un centre national de formation au maintien de la paix\u00a0: Un outil au service de l\u2019engagement continental de l\u2019Alg\u00e9rie - La Sentinelle\" \/>\n<meta property=\"og:description\" content=\"Un d\u00e9cret pr\u00e9sidentiel publi\u00e9 dans le dernier Journal officiel institue un centre alg\u00e9rien de formation d\u00e9di\u00e9 au maintien de la\" \/>\n<meta property=\"og:url\" content=\"https:\/\/lasentinelle.dz\/index.php\/2026\/09\/05\/un-centre-national-de-formation-au-maintien-de-la-paix-un-outil-au-service-de-lengagement-continental-de-lalgerie\/\" \/>\n<meta property=\"og:site_name\" content=\"La Sentinelle\" \/>\n<meta property=\"article:publisher\" content=\"https:\/\/www.facebook.com\/La-Sentinelle-104059864394773\" \/>\n<meta property=\"article:published_time\" content=\"2026-09-05T21:21:44+00:00\" \/>\n<meta property=\"article:modified_time\" content=\"2026-09-05T21:21:49+00:00\" \/>\n<meta property=\"og:image\" content=\"https:\/\/lasentinelle.dz\/wp-content\/uploads\/2022\/11\/MDN.png\" \/>\n\t<meta property=\"og:image:width\" content=\"1350\" \/>\n\t<meta property=\"og:image:height\" content=\"900\" \/>\n\t<meta property=\"og:image:type\" content=\"image\/png\" \/>\n<meta name=\"author\" content=\"admin\" \/>\n<meta name=\"twitter:card\" content=\"summary_large_image\" \/>\n<meta name=\"twitter:label1\" content=\"\u00c9crit par\" \/>\n\t<meta name=\"twitter:data1\" content=\"admin\" \/>\n\t<meta name=\"twitter:label2\" content=\"Dur\u00e9e de lecture estim\u00e9e\" \/>\n\t<meta name=\"twitter:data2\" content=\"4 minutes\" \/>\n<script type=\"application\/ld+json\" class=\"yoast-schema-graph\">{\"@context\":\"https:\\\/\\\/schema.org\",\"@graph\":[{\"@type\":\"Article\",\"@id\":\"https:\\\/\\\/lasentinelle.dz\\\/index.php\\\/2026\\\/09\\\/05\\\/un-centre-national-de-formation-au-maintien-de-la-paix-un-outil-au-service-de-lengagement-continental-de-lalgerie\\\/#article\",\"isPartOf\":{\"@id\":\"https:\\\/\\\/lasentinelle.dz\\\/index.php\\\/2026\\\/09\\\/05\\\/un-centre-national-de-formation-au-maintien-de-la-paix-un-outil-au-service-de-lengagement-continental-de-lalgerie\\\/\"},\"author\":{\"name\":\"admin\",\"@id\":\"https:\\\/\\\/lasentinelle.dz\\\/#\\\/schema\\\/person\\\/729ee0024f24e0b8c5ec17232f8e8b41\"},\"headline\":\"Un centre national de formation au maintien de la paix\u00a0: Un outil au service de l\u2019engagement continental de l\u2019Alg\u00e9rie\",\"datePublished\":\"2026-09-05T21:21:44+00:00\",\"dateModified\":\"2026-09-05T21:21:49+00:00\",\"mainEntityOfPage\":{\"@id\":\"https:\\\/\\\/lasentinelle.dz\\\/index.php\\\/2026\\\/09\\\/05\\\/un-centre-national-de-formation-au-maintien-de-la-paix-un-outil-au-service-de-lengagement-continental-de-lalgerie\\\/\"},\"wordCount\":863,\"commentCount\":0,\"publisher\":{\"@id\":\"https:\\\/\\\/lasentinelle.dz\\\/#organization\"},\"image\":{\"@id\":\"https:\\\/\\\/lasentinelle.dz\\\/index.php\\\/2026\\\/09\\\/05\\\/un-centre-national-de-formation-au-maintien-de-la-paix-un-outil-au-service-de-lengagement-continental-de-lalgerie\\\/#primaryimage\"},\"thumbnailUrl\":\"https:\\\/\\\/lasentinelle.dz\\\/wp-content\\\/uploads\\\/2022\\\/11\\\/MDN.png\",\"articleSection\":[\"\u00c0 la Une\",\"Actualit\u00e9\"],\"inLanguage\":\"fr-FR\",\"potentialAction\":[{\"@type\":\"CommentAction\",\"name\":\"Comment\",\"target\":[\"https:\\\/\\\/lasentinelle.dz\\\/index.php\\\/2026\\\/09\\\/05\\\/un-centre-national-de-formation-au-maintien-de-la-paix-un-outil-au-service-de-lengagement-continental-de-lalgerie\\\/#respond\"]}]},{\"@type\":\"WebPage\",\"@id\":\"https:\\\/\\\/lasentinelle.dz\\\/index.php\\\/2026\\\/09\\\/05\\\/un-centre-national-de-formation-au-maintien-de-la-paix-un-outil-au-service-de-lengagement-continental-de-lalgerie\\\/\",\"url\":\"https:\\\/\\\/lasentinelle.dz\\\/index.php\\\/2026\\\/09\\\/05\\\/un-centre-national-de-formation-au-maintien-de-la-paix-un-outil-au-service-de-lengagement-continental-de-lalgerie\\\/\",\"name\":\"Un centre national de formation au maintien de la paix\u00a0: Un outil au service de l\u2019engagement continental de l\u2019Alg\u00e9rie - La Sentinelle\",\"isPartOf\":{\"@id\":\"https:\\\/\\\/lasentinelle.dz\\\/#website\"},\"primaryImageOfPage\":{\"@id\":\"https:\\\/\\\/lasentinelle.dz\\\/index.php\\\/2026\\\/09\\\/05\\\/un-centre-national-de-formation-au-maintien-de-la-paix-un-outil-au-service-de-lengagement-continental-de-lalgerie\\\/#primaryimage\"},\"image\":{\"@id\":\"https:\\\/\\\/lasentinelle.dz\\\/index.php\\\/2026\\\/09\\\/05\\\/un-centre-national-de-formation-au-maintien-de-la-paix-un-outil-au-service-de-lengagement-continental-de-lalgerie\\\/#primaryimage\"},\"thumbnailUrl\":\"https:\\\/\\\/lasentinelle.dz\\\/wp-content\\\/uploads\\\/2022\\\/11\\\/MDN.png\",\"datePublished\":\"2026-09-05T21:21:44+00:00\",\"dateModified\":\"2026-09-05T21:21:49+00:00\",\"breadcrumb\":{\"@id\":\"https:\\\/\\\/lasentinelle.dz\\\/index.php\\\/2026\\\/09\\\/05\\\/un-centre-national-de-formation-au-maintien-de-la-paix-un-outil-au-service-de-lengagement-continental-de-lalgerie\\\/#breadcrumb\"},\"inLanguage\":\"fr-FR\",\"potentialAction\":[{\"@type\":\"ReadAction\",\"target\":[\"https:\\\/\\\/lasentinelle.dz\\\/index.php\\\/2026\\\/09\\\/05\\\/un-centre-national-de-formation-au-maintien-de-la-paix-un-outil-au-service-de-lengagement-continental-de-lalgerie\\\/\"]}]},{\"@type\":\"ImageObject\",\"inLanguage\":\"fr-FR\",\"@id\":\"https:\\\/\\\/lasentinelle.dz\\\/index.php\\\/2026\\\/09\\\/05\\\/un-centre-national-de-formation-au-maintien-de-la-paix-un-outil-au-service-de-lengagement-continental-de-lalgerie\\\/#primaryimage\",\"url\":\"https:\\\/\\\/lasentinelle.dz\\\/wp-content\\\/uploads\\\/2022\\\/11\\\/MDN.png\",\"contentUrl\":\"https:\\\/\\\/lasentinelle.dz\\\/wp-content\\\/uploads\\\/2022\\\/11\\\/MDN.png\",\"width\":1350,\"height\":900},{\"@type\":\"BreadcrumbList\",\"@id\":\"https:\\\/\\\/lasentinelle.dz\\\/index.php\\\/2026\\\/09\\\/05\\\/un-centre-national-de-formation-au-maintien-de-la-paix-un-outil-au-service-de-lengagement-continental-de-lalgerie\\\/#breadcrumb\",\"itemListElement\":[{\"@type\":\"ListItem\",\"position\":1,\"name\":\"Accueil\",\"item\":\"https:\\\/\\\/lasentinelle.dz\\\/\"},{\"@type\":\"ListItem\",\"position\":2,\"name\":\"Un centre national de formation au maintien de la paix\u00a0: Un outil au service de l\u2019engagement continental de l\u2019Alg\u00e9rie\"}]},{\"@type\":\"WebSite\",\"@id\":\"https:\\\/\\\/lasentinelle.dz\\\/#website\",\"url\":\"https:\\\/\\\/lasentinelle.dz\\\/\",\"name\":\"La Sentinelle\",\"description\":\"Quotidien national d&#039;information\",\"publisher\":{\"@id\":\"https:\\\/\\\/lasentinelle.dz\\\/#organization\"},\"potentialAction\":[{\"@type\":\"SearchAction\",\"target\":{\"@type\":\"EntryPoint\",\"urlTemplate\":\"https:\\\/\\\/lasentinelle.dz\\\/?s={search_term_string}\"},\"query-input\":{\"@type\":\"PropertyValueSpecification\",\"valueRequired\":true,\"valueName\":\"search_term_string\"}}],\"inLanguage\":\"fr-FR\"},{\"@type\":\"Organization\",\"@id\":\"https:\\\/\\\/lasentinelle.dz\\\/#organization\",\"name\":\"Quotidien La Sentinelle\",\"url\":\"https:\\\/\\\/lasentinelle.dz\\\/\",\"logo\":{\"@type\":\"ImageObject\",\"inLanguage\":\"fr-FR\",\"@id\":\"https:\\\/\\\/lasentinelle.dz\\\/#\\\/schema\\\/logo\\\/image\\\/\",\"url\":\"https:\\\/\\\/lasentinelle.dz\\\/wp-content\\\/uploads\\\/2021\\\/09\\\/logo-sentinelleSLOGAN-1.png\",\"contentUrl\":\"https:\\\/\\\/lasentinelle.dz\\\/wp-content\\\/uploads\\\/2021\\\/09\\\/logo-sentinelleSLOGAN-1.png\",\"width\":615,\"height\":142,\"caption\":\"Quotidien La Sentinelle\"},\"image\":{\"@id\":\"https:\\\/\\\/lasentinelle.dz\\\/#\\\/schema\\\/logo\\\/image\\\/\"},\"sameAs\":[\"https:\\\/\\\/www.facebook.com\\\/La-Sentinelle-104059864394773\"]},{\"@type\":\"Person\",\"@id\":\"https:\\\/\\\/lasentinelle.dz\\\/#\\\/schema\\\/person\\\/729ee0024f24e0b8c5ec17232f8e8b41\",\"name\":\"admin\",\"image\":{\"@type\":\"ImageObject\",\"inLanguage\":\"fr-FR\",\"@id\":\"https:\\\/\\\/secure.gravatar.com\\\/avatar\\\/4c81fed838786e9b53f540bf46533e750f5d292099ae3b66cfc6fb1982e29df7?s=96&d=mm&r=g\",\"url\":\"https:\\\/\\\/secure.gravatar.com\\\/avatar\\\/4c81fed838786e9b53f540bf46533e750f5d292099ae3b66cfc6fb1982e29df7?s=96&d=mm&r=g\",\"contentUrl\":\"https:\\\/\\\/secure.gravatar.com\\\/avatar\\\/4c81fed838786e9b53f540bf46533e750f5d292099ae3b66cfc6fb1982e29df7?s=96&d=mm&r=g\",\"caption\":\"admin\"},\"description\":\"admin\",\"url\":\"https:\\\/\\\/lasentinelle.dz\\\/author\\\/admin\\\/\"}]}<\/script>\n<!-- \/ Yoast SEO plugin. -->","yoast_head_json":{"title":"Un centre national de formation au maintien de la paix\u00a0: Un outil au service de l\u2019engagement continental de l\u2019Alg\u00e9rie - La Sentinelle","robots":{"index":"index","follow":"follow","max-snippet":"max-snippet:-1","max-image-preview":"max-image-preview:large","max-video-preview":"max-video-preview:-1"},"canonical":"https:\/\/lasentinelle.dz\/index.php\/2026\/09\/05\/un-centre-national-de-formation-au-maintien-de-la-paix-un-outil-au-service-de-lengagement-continental-de-lalgerie\/","og_locale":"fr_FR","og_type":"article","og_title":"Un centre national de formation au maintien de la paix\u00a0: Un outil au service de l\u2019engagement continental de l\u2019Alg\u00e9rie - La Sentinelle","og_description":"Un d\u00e9cret pr\u00e9sidentiel publi\u00e9 dans le dernier Journal officiel institue un centre alg\u00e9rien de formation d\u00e9di\u00e9 au maintien de la","og_url":"https:\/\/lasentinelle.dz\/index.php\/2026\/09\/05\/un-centre-national-de-formation-au-maintien-de-la-paix-un-outil-au-service-de-lengagement-continental-de-lalgerie\/","og_site_name":"La Sentinelle","article_publisher":"https:\/\/www.facebook.com\/La-Sentinelle-104059864394773","article_published_time":"2026-09-05T21:21:44+00:00","article_modified_time":"2026-09-05T21:21:49+00:00","og_image":[{"width":1350,"height":900,"url":"https:\/\/lasentinelle.dz\/wp-content\/uploads\/2022\/11\/MDN.png","type":"image\/png"}],"author":"admin","twitter_card":"summary_large_image","twitter_misc":{"\u00c9crit par":"admin","Dur\u00e9e de lecture estim\u00e9e":"4 minutes"},"schema":{"@context":"https:\/\/schema.org","@graph":[{"@type":"Article","@id":"https:\/\/lasentinelle.dz\/index.php\/2026\/09\/05\/un-centre-national-de-formation-au-maintien-de-la-paix-un-outil-au-service-de-lengagement-continental-de-lalgerie\/#article","isPartOf":{"@id":"https:\/\/lasentinelle.dz\/index.php\/2026\/09\/05\/un-centre-national-de-formation-au-maintien-de-la-paix-un-outil-au-service-de-lengagement-continental-de-lalgerie\/"},"author":{"name":"admin","@id":"https:\/\/lasentinelle.dz\/#\/schema\/person\/729ee0024f24e0b8c5ec17232f8e8b41"},"headline":"Un centre national de formation au maintien de la paix\u00a0: Un outil au service de l\u2019engagement continental de l\u2019Alg\u00e9rie","datePublished":"2026-09-05T21:21:44+00:00","dateModified":"2026-09-05T21:21:49+00:00","mainEntityOfPage":{"@id":"https:\/\/lasentinelle.dz\/index.php\/2026\/09\/05\/un-centre-national-de-formation-au-maintien-de-la-paix-un-outil-au-service-de-lengagement-continental-de-lalgerie\/"},"wordCount":863,"commentCount":0,"publisher":{"@id":"https:\/\/lasentinelle.dz\/#organization"},"image":{"@id":"https:\/\/lasentinelle.dz\/index.php\/2026\/09\/05\/un-centre-national-de-formation-au-maintien-de-la-paix-un-outil-au-service-de-lengagement-continental-de-lalgerie\/#primaryimage"},"thumbnailUrl":"https:\/\/lasentinelle.dz\/wp-content\/uploads\/2022\/11\/MDN.png","articleSection":["\u00c0 la Une","Actualit\u00e9"],"inLanguage":"fr-FR","potentialAction":[{"@type":"CommentAction","name":"Comment","target":["https:\/\/lasentinelle.dz\/index.php\/2026\/09\/05\/un-centre-national-de-formation-au-maintien-de-la-paix-un-outil-au-service-de-lengagement-continental-de-lalgerie\/#respond"]}]},{"@type":"WebPage","@id":"https:\/\/lasentinelle.dz\/index.php\/2026\/09\/05\/un-centre-national-de-formation-au-maintien-de-la-paix-un-outil-au-service-de-lengagement-continental-de-lalgerie\/","url":"https:\/\/lasentinelle.dz\/index.php\/2026\/09\/05\/un-centre-national-de-formation-au-maintien-de-la-paix-un-outil-au-service-de-lengagement-continental-de-lalgerie\/","name":"Un centre national de formation au maintien de la paix\u00a0: Un outil au service de l\u2019engagement continental de l\u2019Alg\u00e9rie - La Sentinelle","isPartOf":{"@id":"https:\/\/lasentinelle.dz\/#website"},"primaryImageOfPage":{"@id":"https:\/\/lasentinelle.dz\/index.php\/2026\/09\/05\/un-centre-national-de-formation-au-maintien-de-la-paix-un-outil-au-service-de-lengagement-continental-de-lalgerie\/#primaryimage"},"image":{"@id":"https:\/\/lasentinelle.dz\/index.php\/2026\/09\/05\/un-centre-national-de-formation-au-maintien-de-la-paix-un-outil-au-service-de-lengagement-continental-de-lalgerie\/#primaryimage"},"thumbnailUrl":"https:\/\/lasentinelle.dz\/wp-content\/uploads\/2022\/11\/MDN.png","datePublished":"2026-09-05T21:21:44+00:00","dateModified":"2026-09-05T21:21:49+00:00","breadcrumb":{"@id":"https:\/\/lasentinelle.dz\/index.php\/2026\/09\/05\/un-centre-national-de-formation-au-maintien-de-la-paix-un-outil-au-service-de-lengagement-continental-de-lalgerie\/#breadcrumb"},"inLanguage":"fr-FR","potentialAction":[{"@type":"ReadAction","target":["https:\/\/lasentinelle.dz\/index.php\/2026\/09\/05\/un-centre-national-de-formation-au-maintien-de-la-paix-un-outil-au-service-de-lengagement-continental-de-lalgerie\/"]}]},{"@type":"ImageObject","inLanguage":"fr-FR","@id":"https:\/\/lasentinelle.dz\/index.php\/2026\/09\/05\/un-centre-national-de-formation-au-maintien-de-la-paix-un-outil-au-service-de-lengagement-continental-de-lalgerie\/#primaryimage","url":"https:\/\/lasentinelle.dz\/wp-content\/uploads\/2022\/11\/MDN.png","contentUrl":"https:\/\/lasentinelle.dz\/wp-content\/uploads\/2022\/11\/MDN.png","width":1350,"height":900},{"@type":"BreadcrumbList","@id":"https:\/\/lasentinelle.dz\/index.php\/2026\/09\/05\/un-centre-national-de-formation-au-maintien-de-la-paix-un-outil-au-service-de-lengagement-continental-de-lalgerie\/#breadcrumb","itemListElement":[{"@type":"ListItem","position":1,"name":"Accueil","item":"https:\/\/lasentinelle.dz\/"},{"@type":"ListItem","position":2,"name":"Un centre national de formation au maintien de la paix\u00a0: Un outil au service de l\u2019engagement continental de l\u2019Alg\u00e9rie"}]},{"@type":"WebSite","@id":"https:\/\/lasentinelle.dz\/#website","url":"https:\/\/lasentinelle.dz\/","name":"La Sentinelle","description":"Quotidien national d&#039;information","publisher":{"@id":"https:\/\/lasentinelle.dz\/#organization"},"potentialAction":[{"@type":"SearchAction","target":{"@type":"EntryPoint","urlTemplate":"https:\/\/lasentinelle.dz\/?s={search_term_string}"},"query-input":{"@type":"PropertyValueSpecification","valueRequired":true,"valueName":"search_term_string"}}],"inLanguage":"fr-FR"},{"@type":"Organization","@id":"https:\/\/lasentinelle.dz\/#organization","name":"Quotidien La Sentinelle","url":"https:\/\/lasentinelle.dz\/","logo":{"@type":"ImageObject","inLanguage":"fr-FR","@id":"https:\/\/lasentinelle.dz\/#\/schema\/logo\/image\/","url":"https:\/\/lasentinelle.dz\/wp-content\/uploads\/2021\/09\/logo-sentinelleSLOGAN-1.png","contentUrl":"https:\/\/lasentinelle.dz\/wp-content\/uploads\/2021\/09\/logo-sentinelleSLOGAN-1.png","width":615,"height":142,"caption":"Quotidien La Sentinelle"},"image":{"@id":"https:\/\/lasentinelle.dz\/#\/schema\/logo\/image\/"},"sameAs":["https:\/\/www.facebook.com\/La-Sentinelle-104059864394773"]},{"@type":"Person","@id":"https:\/\/lasentinelle.dz\/#\/schema\/person\/729ee0024f24e0b8c5ec17232f8e8b41","name":"admin","image":{"@type":"ImageObject","inLanguage":"fr-FR","@id":"https:\/\/secure.gravatar.com\/avatar\/4c81fed838786e9b53f540bf46533e750f5d292099ae3b66cfc6fb1982e29df7?s=96&d=mm&r=g","url":"https:\/\/secure.gravatar.com\/avatar\/4c81fed838786e9b53f540bf46533e750f5d292099ae3b66cfc6fb1982e29df7?s=96&d=mm&r=g","contentUrl":"https:\/\/secure.gravatar.com\/avatar\/4c81fed838786e9b53f540bf46533e750f5d292099ae3b66cfc6fb1982e29df7?s=96&d=mm&r=g","caption":"admin"},"description":"admin","url":"https:\/\/lasentinelle.dz\/author\/admin\/"}]}},"_links":{"self":[{"href":"https:\/\/lasentinelle.dz\/index.php\/wp-json\/wp\/v2\/posts\/95056","targetHints":{"allow":["GET"]}}],"collection":[{"href":"https:\/\/lasentinelle.dz\/index.php\/wp-json\/wp\/v2\/posts"}],"about":[{"href":"https:\/\/lasentinelle.dz\/index.php\/wp-json\/wp\/v2\/types\/post"}],"author":[{"embeddable":true,"href":"https:\/\/lasentinelle.dz\/index.php\/wp-json\/wp\/v2\/users\/6"}],"replies":[{"embeddable":true,"href":"https:\/\/lasentinelle.dz\/index.php\/wp-json\/wp\/v2\/comments?post=95056"}],"version-history":[{"count":1,"href":"https:\/\/lasentinelle.dz\/index.php\/wp-json\/wp\/v2\/posts\/95056\/revisions"}],"predecessor-version":[{"id":95057,"href":"https:\/\/lasentinelle.dz\/index.php\/wp-json\/wp\/v2\/posts\/95056\/revisions\/95057"}],"wp:featuredmedia":[{"embeddable":true,"href":"https:\/\/lasentinelle.dz\/index.php\/wp-json\/wp\/v2\/media\/31868"}],"wp:attachment":[{"href":"https:\/\/lasentinelle.dz\/index.php\/wp-json\/wp\/v2\/media?parent=95056"}],"wp:term":[{"taxonomy":"category","embeddable":true,"href":"https:\/\/lasentinelle.dz\/index.php\/wp-json\/wp\/v2\/categories?post=95056"},{"taxonomy":"post_tag","embeddable":true,"href":"https:\/\/lasentinelle.dz\/index.php\/wp-json\/wp\/v2\/tags?post=95056"}],"curies":[{"name":"wp","href":"https:\/\/api.w.org\/{rel}","templated":true}]}}