{"id":95058,"date":"2026-09-05T22:23:07","date_gmt":"2026-09-05T21:23:07","guid":{"rendered":"https:\/\/lasentinelle.dz\/?p=95058"},"modified":"2026-09-05T22:23:16","modified_gmt":"2026-09-05T21:23:16","slug":"industrie-pharmaceutique-loms-salue-les-avancees-de-lalgerie","status":"publish","type":"post","link":"https:\/\/lasentinelle.dz\/index.php\/2026\/09\/05\/industrie-pharmaceutique-loms-salue-les-avancees-de-lalgerie\/","title":{"rendered":"Industrie pharmaceutique\u00a0: L&rsquo;OMS salue les avanc\u00e9es de l\u2019Alg\u00e9rie"},"content":{"rendered":"\n<p class=\"wp-block-paragraph\">L&rsquo;Organisation mondiale de la Sant\u00e9 a mis en avant, samedi \u00e0 Alger, les progr\u00e8s accomplis par l&rsquo;Alg\u00e9rie dans le renforcement de son autonomie sanitaire, \u00e0 l&rsquo;occasion d&rsquo;une session de formation destin\u00e9e \u00e0 accompagner les op\u00e9rateurs pharmaceutiques nationaux dans leur adh\u00e9sion au programme de pr\u00e9qualification de l&rsquo;institution onusienne. Le repr\u00e9sentant de l&rsquo;OMS en Alg\u00e9rie, Phanuel Habimana, a tenu \u00e0 souligner \u00ab les efforts constants du pays en mati\u00e8re de renforcement de l&rsquo;acc\u00e8s durable de l&rsquo;ensemble de la population \u00e0 des m\u00e9dicaments de qualit\u00e9, s\u00fbrs, efficaces et abordables \u00bb. Une reconnaissance qui intervient alors que le secteur pharmaceutique national multiplie les initiatives pour s&rsquo;arrimer aux standards internationaux et conqu\u00e9rir de nouveaux d\u00e9bouch\u00e9s \u00e0 l&rsquo;export. Selon M. Habimana, l&rsquo;adh\u00e9sion au programme de pr\u00e9qualification permettra \u00e0 l&rsquo;industrie pharmaceutique alg\u00e9rienne \u00ab de renforcer sa cr\u00e9dibilit\u00e9 sur les march\u00e9s national et international, d&rsquo;accro\u00eetre ses capacit\u00e9s de production, de d\u00e9velopper les comp\u00e9tences techniques et r\u00e9glementaires conform\u00e9ment aux meilleures pratiques internationales, et d&rsquo;acc\u00e9der \u00e0 de nouvelles opportunit\u00e9s commerciales, notamment sur le continent africain \u00bb. Il a par ailleurs invit\u00e9 les op\u00e9rateurs \u00e9conomiques du secteur \u00e0 prendre part \u00e0 une r\u00e9union conjointe rassemblant l&rsquo;OMS, l&rsquo;UNICEF et le Fonds des Nations Unies pour la population, pr\u00e9vue au si\u00e8ge de l&rsquo;Acad\u00e9mie de l&rsquo;OMS \u00e0 Lyon, en France, du 9 au 12 novembre prochain.<\/p>\n\n\n\n<p class=\"wp-block-paragraph\">Cette rencontre entre les organisations onusiennes et les fabricants de produits de sant\u00e9 s&rsquo;annonce comme une \u00e9tape suppl\u00e9mentaire dans le rapprochement entre l&rsquo;Alg\u00e9rie et les instances sanitaires internationales, dans un contexte o\u00f9 le pays cherche \u00e0 faire reconna\u00eetre son savoir-faire industriel au-del\u00e0 de ses fronti\u00e8res.<\/p>\n\n\n\n<p class=\"wp-block-paragraph\">De son c\u00f4t\u00e9, le ministre de l&rsquo;Industrie pharmaceutique, Ouacim Kouidri, qui ouvrait cette journ\u00e9e de formation, a insist\u00e9 sur la port\u00e9e strat\u00e9gique de cette d\u00e9marche. Pour lui, l&rsquo;adh\u00e9sion au programme de pr\u00e9qualification \u00ab n&rsquo;est pas une simple proc\u00e9dure technique, mais un choix permettant de confirmer que le produit alg\u00e9rien r\u00e9pond aux normes les plus \u00e9lev\u00e9es en mati\u00e8re de qualit\u00e9, d&rsquo;efficacit\u00e9 et de s\u00e9curit\u00e9 \u00bb. Il y voit \u00ab le meilleur argument commercial dont peuvent se pr\u00e9valoir les entreprises alg\u00e9riennes du secteur sur les march\u00e9s ext\u00e9rieurs \u00bb. Le processus de pr\u00e9qualification men\u00e9 par l&rsquo;OMS repose sur un examen approfondi des dossiers techniques des produits ainsi que des sites de fabrication, incluant l&rsquo;\u00e9valuation des donn\u00e9es cliniques et des donn\u00e9es de bio\u00e9quivalence. Cet exercice rigoureux vise \u00e0 d\u00e9terminer si un m\u00e9dicament ou un vaccin peut pr\u00e9tendre \u00e0 des achats internationaux \u00e0 grande \u00e9chelle, un s\u00e9same particuli\u00e8rement recherch\u00e9 par les industriels qui aspirent \u00e0 exporter vers l&rsquo;Afrique.<\/p>\n\n\n\n<p class=\"wp-block-paragraph\">Le ministre a d&rsquo;ailleurs mis en avant l&rsquo;acc\u00e9l\u00e9ration que ce label pourrait apporter \u00e0 l&rsquo;enregistrement des m\u00e9dicaments alg\u00e9riens aupr\u00e8s des autorit\u00e9s r\u00e9glementaires des pays importateurs, en particulier sur le continent africain, dans une conjoncture marqu\u00e9e par la mont\u00e9e en puissance de la Zone de libre-\u00e9change continentale africaine. \u00c0 ses yeux, cette dynamique doit permettre de faire du sceau \u00ab Made in Algeria \u00bb une r\u00e9f\u00e9rence \u00ab fiable et recherch\u00e9e \u00bb au-del\u00e0 des fronti\u00e8res nationales. Revenant sur le parcours accompli par le secteur ces derni\u00e8res ann\u00e9es, M. Kouidri a affirm\u00e9 que l&rsquo;industrie pharmaceutique alg\u00e9rienne travaille d\u00e9sormais \u00e0 transformer ses capacit\u00e9s de production en une pr\u00e9sence tangible sur les march\u00e9s ext\u00e9rieurs, pla\u00e7ant les exportations pharmaceutiques parmi les leviers susceptibles de diversifier l&rsquo;\u00e9conomie nationale hors hydrocarbures. Le ministre n&rsquo;a pas manqu\u00e9, au passage, de saluer la mobilisation des op\u00e9rateurs du secteur pharmaceutique dans l&rsquo;\u00e9lan de solidarit\u00e9 d\u00e9ploy\u00e9 en faveur des familles sinistr\u00e9es par les r\u00e9cents incendies qui ont touch\u00e9 plusieurs wilayas du pays.<\/p>\n\n\n\n<p class=\"wp-block-paragraph\">Organis\u00e9e dans le but de sensibiliser les industriels aux exigences du programme de l&rsquo;OMS et de les guider \u00e0 travers ses diff\u00e9rentes \u00e9tapes proc\u00e9durales, cette session de formation a r\u00e9uni des cadres du minist\u00e8re de l&rsquo;Industrie pharmaceutique et du secteur de la sant\u00e9, des repr\u00e9sentants syndicaux et professionnels, ainsi que plusieurs experts du domaine. Un rendez-vous qui confirme la volont\u00e9 affich\u00e9e par Alger de faire de la qualit\u00e9 pharmaceutique un vecteur de rayonnement international pour le savoir-faire national.<\/p>\n\n\n\n<p class=\"wp-block-paragraph\">Malik Meziane<\/p>\n","protected":false},"excerpt":{"rendered":"<p>L&rsquo;Organisation mondiale de la Sant\u00e9 a mis en avant, samedi \u00e0 Alger, les progr\u00e8s accomplis par l&rsquo;Alg\u00e9rie dans le renforcement<\/p>\n","protected":false},"author":6,"featured_media":25845,"comment_status":"open","ping_status":"closed","sticky":false,"template":"","format":"standard","meta":{"colormag_page_container_layout":"default_layout","colormag_page_sidebar_layout":"default_layout","om_disable_all_campaigns":false,"_monsterinsights_skip_tracking":false,"footnotes":"","_wpscppro_dont_share_socialmedia":false,"_wpscppro_custom_social_share_image":0,"_facebook_share_type":"default","_twitter_share_type":"default","_linkedin_share_type":"default","_pinterest_share_type":"default","_linkedin_share_type_page":"","_instagram_share_type":"default","_medium_share_type":"default","_threads_share_type":"default","_google_business_share_type":"default","_bluesky_share_type":"default","_mastodon_share_type":"default","_selected_social_profile":[],"_wpsp_enable_custom_social_template":false,"_wpsp_social_scheduling":{"enabled":false,"datetime":null,"platforms":[],"status":"template_only","dateOption":"today","timeOption":"now","customDays":"","customHours":"","customDate":"","customTime":"","schedulingType":"absolute"},"_wpsp_active_default_template":true},"categories":[27],"tags":[],"class_list":["post-95058","post","type-post","status-publish","format-standard","has-post-thumbnail","hentry","category-actualite"],"aioseo_notices":[],"aioseo_head":"\n\t\t<!-- All in One SEO 5.0.0.1 - aioseo.com -->\n\t<meta name=\"description\" content=\"L&#039;Organisation mondiale de la Sant\u00e9 a mis en avant, samedi \u00e0 Alger, les progr\u00e8s accomplis par l&#039;Alg\u00e9rie dans le renforcement de son autonomie sanitaire, \u00e0 l&#039;occasion d&#039;une session de formation destin\u00e9e \u00e0 accompagner les op\u00e9rateurs pharmaceutiques nationaux dans leur adh\u00e9sion au programme de pr\u00e9qualification de l&#039;institution onusienne. Le repr\u00e9sentant de l&#039;OMS en Alg\u00e9rie, Phanuel Habimana,\" \/>\n\t<meta name=\"robots\" content=\"max-image-preview:large\" \/>\n\t<meta name=\"author\" content=\"admin\"\/>\n\t<link rel=\"canonical\" href=\"https:\/\/lasentinelle.dz\/index.php\/2026\/09\/05\/industrie-pharmaceutique-loms-salue-les-avancees-de-lalgerie\/\" \/>\n\t<meta name=\"generator\" content=\"All in One SEO (AIOSEO) 5.0.0.1\" \/>\n\t\t<meta property=\"og:locale\" content=\"fr_FR\" \/>\n\t\t<meta property=\"og:site_name\" content=\"La Sentinelle - Quotidien national d&#039;information\" \/>\n\t\t<meta property=\"og:type\" content=\"article\" \/>\n\t\t<meta property=\"og:title\" content=\"Industrie pharmaceutique : L\u2019OMS salue les avanc\u00e9es de l\u2019Alg\u00e9rie - La Sentinelle\" \/>\n\t\t<meta property=\"og:description\" content=\"L&#039;Organisation mondiale de la Sant\u00e9 a mis en avant, samedi \u00e0 Alger, les progr\u00e8s accomplis par l&#039;Alg\u00e9rie dans le renforcement de son autonomie sanitaire, \u00e0 l&#039;occasion d&#039;une session de formation destin\u00e9e \u00e0 accompagner les op\u00e9rateurs pharmaceutiques nationaux dans leur adh\u00e9sion au programme de pr\u00e9qualification de l&#039;institution onusienne. Le repr\u00e9sentant de l&#039;OMS en Alg\u00e9rie, Phanuel Habimana,\" \/>\n\t\t<meta property=\"og:url\" content=\"https:\/\/lasentinelle.dz\/index.php\/2026\/09\/05\/industrie-pharmaceutique-loms-salue-les-avancees-de-lalgerie\/\" \/>\n\t\t<meta property=\"og:image\" content=\"https:\/\/lasentinelle.dz\/wp-content\/uploads\/2021\/09\/cropped-la-sentinelle-earth-golden-anima-5.gif\" \/>\n\t\t<meta property=\"og:image:secure_url\" content=\"https:\/\/lasentinelle.dz\/wp-content\/uploads\/2021\/09\/cropped-la-sentinelle-earth-golden-anima-5.gif\" \/>\n\t\t<meta property=\"og:image:width\" content=\"450\" \/>\n\t\t<meta property=\"og:image:height\" content=\"213\" \/>\n\t\t<meta property=\"article:published_time\" content=\"2026-09-05T21:23:07+00:00\" \/>\n\t\t<meta property=\"article:modified_time\" content=\"2026-09-05T21:23:16+00:00\" \/>\n\t\t<meta property=\"article:publisher\" content=\"https:\/\/www.facebook.com\/azzedine.lasentinelle.1\" \/>\n\t\t<meta name=\"twitter:card\" content=\"summary_large_image\" \/>\n\t\t<meta name=\"twitter:title\" content=\"Industrie pharmaceutique : L\u2019OMS salue les avanc\u00e9es de l\u2019Alg\u00e9rie - La Sentinelle\" \/>\n\t\t<meta name=\"twitter:description\" content=\"L&#039;Organisation mondiale de la Sant\u00e9 a mis en avant, samedi \u00e0 Alger, les progr\u00e8s accomplis par l&#039;Alg\u00e9rie dans le renforcement de son autonomie sanitaire, \u00e0 l&#039;occasion d&#039;une session de formation destin\u00e9e \u00e0 accompagner les op\u00e9rateurs pharmaceutiques nationaux dans leur adh\u00e9sion au programme de pr\u00e9qualification de l&#039;institution onusienne. Le repr\u00e9sentant de l&#039;OMS en Alg\u00e9rie, Phanuel Habimana,\" \/>\n\t\t<meta name=\"twitter:image\" content=\"https:\/\/lasentinelle.dz\/wp-content\/uploads\/2021\/09\/cropped-la-sentinelle-earth-golden-anima-5.gif\" \/>\n\t\t<script type=\"application\/ld+json\" class=\"aioseo-schema\">\n\t\t\t{\"@context\":\"https:\\\/\\\/schema.org\",\"@graph\":[{\"@type\":\"BlogPosting\",\"@id\":\"https:\\\/\\\/lasentinelle.dz\\\/index.php\\\/2026\\\/09\\\/05\\\/industrie-pharmaceutique-loms-salue-les-avancees-de-lalgerie\\\/#blogposting\",\"name\":\"Industrie pharmaceutique : L\\u2019OMS salue les avanc\\u00e9es de l\\u2019Alg\\u00e9rie - La Sentinelle\",\"headline\":\"Industrie pharmaceutique\\u00a0: L&rsquo;OMS salue les avanc\\u00e9es de l\\u2019Alg\\u00e9rie\",\"author\":{\"@id\":\"https:\\\/\\\/lasentinelle.dz\\\/author\\\/admin\\\/#author\"},\"publisher\":{\"@id\":\"https:\\\/\\\/lasentinelle.dz\\\/#organization\"},\"image\":{\"@type\":\"ImageObject\",\"url\":\"https:\\\/\\\/lasentinelle.dz\\\/wp-content\\\/uploads\\\/2022\\\/08\\\/pandemie-loms-mobilise-le-monde-pour-un-acces-universel-aux-vaccins.png\",\"width\":532,\"height\":354},\"datePublished\":\"2026-09-05T22:23:07+01:00\",\"dateModified\":\"2026-09-05T22:23:16+01:00\",\"inLanguage\":\"fr-FR\",\"mainEntityOfPage\":{\"@id\":\"https:\\\/\\\/lasentinelle.dz\\\/index.php\\\/2026\\\/09\\\/05\\\/industrie-pharmaceutique-loms-salue-les-avancees-de-lalgerie\\\/#webpage\"},\"isPartOf\":{\"@id\":\"https:\\\/\\\/lasentinelle.dz\\\/index.php\\\/2026\\\/09\\\/05\\\/industrie-pharmaceutique-loms-salue-les-avancees-de-lalgerie\\\/#webpage\"},\"articleSection\":\"Actualit\\u00e9\"},{\"@type\":\"BreadcrumbList\",\"@id\":\"https:\\\/\\\/lasentinelle.dz\\\/index.php\\\/2026\\\/09\\\/05\\\/industrie-pharmaceutique-loms-salue-les-avancees-de-lalgerie\\\/#breadcrumblist\",\"itemListElement\":[{\"@type\":\"ListItem\",\"@id\":\"https:\\\/\\\/lasentinelle.dz#listItem\",\"position\":1,\"name\":\"Home\",\"item\":\"https:\\\/\\\/lasentinelle.dz\",\"nextItem\":{\"@type\":\"ListItem\",\"@id\":\"https:\\\/\\\/lasentinelle.dz\\\/index.php\\\/category\\\/actualite\\\/#listItem\",\"name\":\"Actualit\\u00e9\"}},{\"@type\":\"ListItem\",\"@id\":\"https:\\\/\\\/lasentinelle.dz\\\/index.php\\\/category\\\/actualite\\\/#listItem\",\"position\":2,\"name\":\"Actualit\\u00e9\",\"item\":\"https:\\\/\\\/lasentinelle.dz\\\/index.php\\\/category\\\/actualite\\\/\",\"nextItem\":{\"@type\":\"ListItem\",\"@id\":\"https:\\\/\\\/lasentinelle.dz\\\/index.php\\\/2026\\\/09\\\/05\\\/industrie-pharmaceutique-loms-salue-les-avancees-de-lalgerie\\\/#listItem\",\"name\":\"Industrie pharmaceutique\\u00a0: L&rsquo;OMS salue les avanc\\u00e9es de l\\u2019Alg\\u00e9rie\"},\"previousItem\":{\"@type\":\"ListItem\",\"@id\":\"https:\\\/\\\/lasentinelle.dz#listItem\",\"name\":\"Home\"}},{\"@type\":\"ListItem\",\"@id\":\"https:\\\/\\\/lasentinelle.dz\\\/index.php\\\/2026\\\/09\\\/05\\\/industrie-pharmaceutique-loms-salue-les-avancees-de-lalgerie\\\/#listItem\",\"position\":3,\"name\":\"Industrie pharmaceutique\\u00a0: L&rsquo;OMS salue les avanc\\u00e9es de l\\u2019Alg\\u00e9rie\",\"previousItem\":{\"@type\":\"ListItem\",\"@id\":\"https:\\\/\\\/lasentinelle.dz\\\/index.php\\\/category\\\/actualite\\\/#listItem\",\"name\":\"Actualit\\u00e9\"}}]},{\"@type\":\"Organization\",\"@id\":\"https:\\\/\\\/lasentinelle.dz\\\/#organization\",\"name\":\"La Sentinelle La Sentinelle\",\"description\":\"Quotidien national d'information\",\"url\":\"https:\\\/\\\/lasentinelle.dz\\\/\",\"logo\":{\"@type\":\"ImageObject\",\"url\":\"https:\\\/\\\/lasentinelle.dz\\\/wp-content\\\/uploads\\\/2021\\\/09\\\/cropped-la-sentinelle-earth-golden-anima-5.gif\",\"@id\":\"https:\\\/\\\/lasentinelle.dz\\\/index.php\\\/2026\\\/09\\\/05\\\/industrie-pharmaceutique-loms-salue-les-avancees-de-lalgerie\\\/#organizationLogo\",\"width\":450,\"height\":213},\"image\":{\"@id\":\"https:\\\/\\\/lasentinelle.dz\\\/index.php\\\/2026\\\/09\\\/05\\\/industrie-pharmaceutique-loms-salue-les-avancees-de-lalgerie\\\/#organizationLogo\"},\"sameAs\":[\"https:\\\/\\\/www.facebook.com\\\/azzedine.lasentinelle.1\"]},{\"@type\":\"Person\",\"@id\":\"https:\\\/\\\/lasentinelle.dz\\\/author\\\/admin\\\/#author\",\"url\":\"https:\\\/\\\/lasentinelle.dz\\\/author\\\/admin\\\/\",\"name\":\"admin\",\"image\":{\"@type\":\"ImageObject\",\"@id\":\"https:\\\/\\\/lasentinelle.dz\\\/index.php\\\/2026\\\/09\\\/05\\\/industrie-pharmaceutique-loms-salue-les-avancees-de-lalgerie\\\/#authorImage\",\"url\":\"https:\\\/\\\/secure.gravatar.com\\\/avatar\\\/4c81fed838786e9b53f540bf46533e750f5d292099ae3b66cfc6fb1982e29df7?s=96&d=mm&r=g\",\"width\":96,\"height\":96,\"caption\":\"admin\"}},{\"@type\":\"WebPage\",\"@id\":\"https:\\\/\\\/lasentinelle.dz\\\/index.php\\\/2026\\\/09\\\/05\\\/industrie-pharmaceutique-loms-salue-les-avancees-de-lalgerie\\\/#webpage\",\"url\":\"https:\\\/\\\/lasentinelle.dz\\\/index.php\\\/2026\\\/09\\\/05\\\/industrie-pharmaceutique-loms-salue-les-avancees-de-lalgerie\\\/\",\"name\":\"Industrie pharmaceutique : L\\u2019OMS salue les avanc\\u00e9es de l\\u2019Alg\\u00e9rie - La Sentinelle\",\"description\":\"L'Organisation mondiale de la Sant\\u00e9 a mis en avant, samedi \\u00e0 Alger, les progr\\u00e8s accomplis par l'Alg\\u00e9rie dans le renforcement de son autonomie sanitaire, \\u00e0 l'occasion d'une session de formation destin\\u00e9e \\u00e0 accompagner les op\\u00e9rateurs pharmaceutiques nationaux dans leur adh\\u00e9sion au programme de pr\\u00e9qualification de l'institution onusienne. Le repr\\u00e9sentant de l'OMS en Alg\\u00e9rie, Phanuel Habimana,\",\"inLanguage\":\"fr-FR\",\"isPartOf\":{\"@id\":\"https:\\\/\\\/lasentinelle.dz\\\/#website\"},\"breadcrumb\":{\"@id\":\"https:\\\/\\\/lasentinelle.dz\\\/index.php\\\/2026\\\/09\\\/05\\\/industrie-pharmaceutique-loms-salue-les-avancees-de-lalgerie\\\/#breadcrumblist\"},\"author\":{\"@id\":\"https:\\\/\\\/lasentinelle.dz\\\/author\\\/admin\\\/#author\"},\"creator\":{\"@id\":\"https:\\\/\\\/lasentinelle.dz\\\/author\\\/admin\\\/#author\"},\"image\":{\"@type\":\"ImageObject\",\"url\":\"https:\\\/\\\/lasentinelle.dz\\\/wp-content\\\/uploads\\\/2022\\\/08\\\/pandemie-loms-mobilise-le-monde-pour-un-acces-universel-aux-vaccins.png\",\"@id\":\"https:\\\/\\\/lasentinelle.dz\\\/index.php\\\/2026\\\/09\\\/05\\\/industrie-pharmaceutique-loms-salue-les-avancees-de-lalgerie\\\/#mainImage\",\"width\":532,\"height\":354},\"primaryImageOfPage\":{\"@id\":\"https:\\\/\\\/lasentinelle.dz\\\/index.php\\\/2026\\\/09\\\/05\\\/industrie-pharmaceutique-loms-salue-les-avancees-de-lalgerie\\\/#mainImage\"},\"datePublished\":\"2026-09-05T22:23:07+01:00\",\"dateModified\":\"2026-09-05T22:23:16+01:00\"},{\"@type\":\"WebSite\",\"@id\":\"https:\\\/\\\/lasentinelle.dz\\\/#website\",\"url\":\"https:\\\/\\\/lasentinelle.dz\\\/\",\"name\":\"La Sentinelle\",\"description\":\"Quotidien national d'information\",\"inLanguage\":\"fr-FR\",\"publisher\":{\"@id\":\"https:\\\/\\\/lasentinelle.dz\\\/#organization\"}}]}\n\t\t<\/script>\n\t\t<!-- All in One SEO -->\n\n","aioseo_head_json":{"title":"Industrie pharmaceutique : L\u2019OMS salue les avanc\u00e9es de l\u2019Alg\u00e9rie - La Sentinelle","description":"L'Organisation mondiale de la Sant\u00e9 a mis en avant, samedi \u00e0 Alger, les progr\u00e8s accomplis par l'Alg\u00e9rie dans le renforcement de son autonomie sanitaire, \u00e0 l'occasion d'une session de formation destin\u00e9e \u00e0 accompagner les op\u00e9rateurs pharmaceutiques nationaux dans leur adh\u00e9sion au programme de pr\u00e9qualification de l'institution onusienne. Le repr\u00e9sentant de l'OMS en Alg\u00e9rie, Phanuel Habimana,","canonical_url":"https:\/\/lasentinelle.dz\/index.php\/2026\/09\/05\/industrie-pharmaceutique-loms-salue-les-avancees-de-lalgerie\/","robots":"max-image-preview:large","keywords":"","webmasterTools":{"miscellaneous":""},"schema":{"@context":"https:\/\/schema.org","@graph":[{"@type":"BlogPosting","@id":"https:\/\/lasentinelle.dz\/index.php\/2026\/09\/05\/industrie-pharmaceutique-loms-salue-les-avancees-de-lalgerie\/#blogposting","name":"Industrie pharmaceutique : L\u2019OMS salue les avanc\u00e9es de l\u2019Alg\u00e9rie - La Sentinelle","headline":"Industrie pharmaceutique\u00a0: L&rsquo;OMS salue les avanc\u00e9es de l\u2019Alg\u00e9rie","author":{"@id":"https:\/\/lasentinelle.dz\/author\/admin\/#author"},"publisher":{"@id":"https:\/\/lasentinelle.dz\/#organization"},"image":{"@type":"ImageObject","url":"https:\/\/lasentinelle.dz\/wp-content\/uploads\/2022\/08\/pandemie-loms-mobilise-le-monde-pour-un-acces-universel-aux-vaccins.png","width":532,"height":354},"datePublished":"2026-09-05T22:23:07+01:00","dateModified":"2026-09-05T22:23:16+01:00","inLanguage":"fr-FR","mainEntityOfPage":{"@id":"https:\/\/lasentinelle.dz\/index.php\/2026\/09\/05\/industrie-pharmaceutique-loms-salue-les-avancees-de-lalgerie\/#webpage"},"isPartOf":{"@id":"https:\/\/lasentinelle.dz\/index.php\/2026\/09\/05\/industrie-pharmaceutique-loms-salue-les-avancees-de-lalgerie\/#webpage"},"articleSection":"Actualit\u00e9"},{"@type":"BreadcrumbList","@id":"https:\/\/lasentinelle.dz\/index.php\/2026\/09\/05\/industrie-pharmaceutique-loms-salue-les-avancees-de-lalgerie\/#breadcrumblist","itemListElement":[{"@type":"ListItem","@id":"https:\/\/lasentinelle.dz#listItem","position":1,"name":"Home","item":"https:\/\/lasentinelle.dz","nextItem":{"@type":"ListItem","@id":"https:\/\/lasentinelle.dz\/index.php\/category\/actualite\/#listItem","name":"Actualit\u00e9"}},{"@type":"ListItem","@id":"https:\/\/lasentinelle.dz\/index.php\/category\/actualite\/#listItem","position":2,"name":"Actualit\u00e9","item":"https:\/\/lasentinelle.dz\/index.php\/category\/actualite\/","nextItem":{"@type":"ListItem","@id":"https:\/\/lasentinelle.dz\/index.php\/2026\/09\/05\/industrie-pharmaceutique-loms-salue-les-avancees-de-lalgerie\/#listItem","name":"Industrie pharmaceutique\u00a0: L&rsquo;OMS salue les avanc\u00e9es de l\u2019Alg\u00e9rie"},"previousItem":{"@type":"ListItem","@id":"https:\/\/lasentinelle.dz#listItem","name":"Home"}},{"@type":"ListItem","@id":"https:\/\/lasentinelle.dz\/index.php\/2026\/09\/05\/industrie-pharmaceutique-loms-salue-les-avancees-de-lalgerie\/#listItem","position":3,"name":"Industrie pharmaceutique\u00a0: L&rsquo;OMS salue les avanc\u00e9es de l\u2019Alg\u00e9rie","previousItem":{"@type":"ListItem","@id":"https:\/\/lasentinelle.dz\/index.php\/category\/actualite\/#listItem","name":"Actualit\u00e9"}}]},{"@type":"Organization","@id":"https:\/\/lasentinelle.dz\/#organization","name":"La Sentinelle La Sentinelle","description":"Quotidien national d'information","url":"https:\/\/lasentinelle.dz\/","logo":{"@type":"ImageObject","url":"https:\/\/lasentinelle.dz\/wp-content\/uploads\/2021\/09\/cropped-la-sentinelle-earth-golden-anima-5.gif","@id":"https:\/\/lasentinelle.dz\/index.php\/2026\/09\/05\/industrie-pharmaceutique-loms-salue-les-avancees-de-lalgerie\/#organizationLogo","width":450,"height":213},"image":{"@id":"https:\/\/lasentinelle.dz\/index.php\/2026\/09\/05\/industrie-pharmaceutique-loms-salue-les-avancees-de-lalgerie\/#organizationLogo"},"sameAs":["https:\/\/www.facebook.com\/azzedine.lasentinelle.1"]},{"@type":"Person","@id":"https:\/\/lasentinelle.dz\/author\/admin\/#author","url":"https:\/\/lasentinelle.dz\/author\/admin\/","name":"admin","image":{"@type":"ImageObject","@id":"https:\/\/lasentinelle.dz\/index.php\/2026\/09\/05\/industrie-pharmaceutique-loms-salue-les-avancees-de-lalgerie\/#authorImage","url":"https:\/\/secure.gravatar.com\/avatar\/4c81fed838786e9b53f540bf46533e750f5d292099ae3b66cfc6fb1982e29df7?s=96&d=mm&r=g","width":96,"height":96,"caption":"admin"}},{"@type":"WebPage","@id":"https:\/\/lasentinelle.dz\/index.php\/2026\/09\/05\/industrie-pharmaceutique-loms-salue-les-avancees-de-lalgerie\/#webpage","url":"https:\/\/lasentinelle.dz\/index.php\/2026\/09\/05\/industrie-pharmaceutique-loms-salue-les-avancees-de-lalgerie\/","name":"Industrie pharmaceutique : L\u2019OMS salue les avanc\u00e9es de l\u2019Alg\u00e9rie - La Sentinelle","description":"L'Organisation mondiale de la Sant\u00e9 a mis en avant, samedi \u00e0 Alger, les progr\u00e8s accomplis par l'Alg\u00e9rie dans le renforcement de son autonomie sanitaire, \u00e0 l'occasion d'une session de formation destin\u00e9e \u00e0 accompagner les op\u00e9rateurs pharmaceutiques nationaux dans leur adh\u00e9sion au programme de pr\u00e9qualification de l'institution onusienne. Le repr\u00e9sentant de l'OMS en Alg\u00e9rie, Phanuel Habimana,","inLanguage":"fr-FR","isPartOf":{"@id":"https:\/\/lasentinelle.dz\/#website"},"breadcrumb":{"@id":"https:\/\/lasentinelle.dz\/index.php\/2026\/09\/05\/industrie-pharmaceutique-loms-salue-les-avancees-de-lalgerie\/#breadcrumblist"},"author":{"@id":"https:\/\/lasentinelle.dz\/author\/admin\/#author"},"creator":{"@id":"https:\/\/lasentinelle.dz\/author\/admin\/#author"},"image":{"@type":"ImageObject","url":"https:\/\/lasentinelle.dz\/wp-content\/uploads\/2022\/08\/pandemie-loms-mobilise-le-monde-pour-un-acces-universel-aux-vaccins.png","@id":"https:\/\/lasentinelle.dz\/index.php\/2026\/09\/05\/industrie-pharmaceutique-loms-salue-les-avancees-de-lalgerie\/#mainImage","width":532,"height":354},"primaryImageOfPage":{"@id":"https:\/\/lasentinelle.dz\/index.php\/2026\/09\/05\/industrie-pharmaceutique-loms-salue-les-avancees-de-lalgerie\/#mainImage"},"datePublished":"2026-09-05T22:23:07+01:00","dateModified":"2026-09-05T22:23:16+01:00"},{"@type":"WebSite","@id":"https:\/\/lasentinelle.dz\/#website","url":"https:\/\/lasentinelle.dz\/","name":"La Sentinelle","description":"Quotidien national d'information","inLanguage":"fr-FR","publisher":{"@id":"https:\/\/lasentinelle.dz\/#organization"}}]},"og:locale":"fr_FR","og:site_name":"La Sentinelle - Quotidien national d'information","og:type":"article","og:title":"Industrie pharmaceutique : L\u2019OMS salue les avanc\u00e9es de l\u2019Alg\u00e9rie - La Sentinelle","og:description":"L'Organisation mondiale de la Sant\u00e9 a mis en avant, samedi \u00e0 Alger, les progr\u00e8s accomplis par l'Alg\u00e9rie dans le renforcement de son autonomie sanitaire, \u00e0 l'occasion d'une session de formation destin\u00e9e \u00e0 accompagner les op\u00e9rateurs pharmaceutiques nationaux dans leur adh\u00e9sion au programme de pr\u00e9qualification de l'institution onusienne. Le repr\u00e9sentant de l'OMS en Alg\u00e9rie, Phanuel Habimana,","og:url":"https:\/\/lasentinelle.dz\/index.php\/2026\/09\/05\/industrie-pharmaceutique-loms-salue-les-avancees-de-lalgerie\/","og:image":"https:\/\/lasentinelle.dz\/wp-content\/uploads\/2021\/09\/cropped-la-sentinelle-earth-golden-anima-5.gif","og:image:secure_url":"https:\/\/lasentinelle.dz\/wp-content\/uploads\/2021\/09\/cropped-la-sentinelle-earth-golden-anima-5.gif","og:image:width":450,"og:image:height":213,"article:published_time":"2026-09-05T21:23:07+00:00","article:modified_time":"2026-09-05T21:23:16+00:00","article:publisher":"https:\/\/www.facebook.com\/azzedine.lasentinelle.1","twitter:card":"summary_large_image","twitter:title":"Industrie pharmaceutique : L\u2019OMS salue les avanc\u00e9es de l\u2019Alg\u00e9rie - La Sentinelle","twitter:description":"L'Organisation mondiale de la Sant\u00e9 a mis en avant, samedi \u00e0 Alger, les progr\u00e8s accomplis par l'Alg\u00e9rie dans le renforcement de son autonomie sanitaire, \u00e0 l'occasion d'une session de formation destin\u00e9e \u00e0 accompagner les op\u00e9rateurs pharmaceutiques nationaux dans leur adh\u00e9sion au programme de pr\u00e9qualification de l'institution onusienne. Le repr\u00e9sentant de l'OMS en Alg\u00e9rie, Phanuel Habimana,","twitter:image":"https:\/\/lasentinelle.dz\/wp-content\/uploads\/2021\/09\/cropped-la-sentinelle-earth-golden-anima-5.gif"},"aioseo_meta_data":{"post_id":"95058","title":null,"description":null,"keywords":null,"keyphrases":{"focus":{"keyphrase":"","score":0,"analysis":{"keyphraseInTitle":{"score":0,"maxScore":9,"error":1}}},"additional":[]},"primary_term":null,"canonical_url":null,"og_title":null,"og_description":null,"og_object_type":"default","og_image_type":"default","og_image_url":null,"og_image_width":null,"og_image_height":null,"og_image_custom_url":null,"og_image_custom_fields":null,"og_video":"","og_custom_url":null,"og_article_section":null,"og_article_tags":null,"twitter_use_og":false,"twitter_card":"default","twitter_image_type":"default","twitter_image_url":null,"twitter_image_custom_url":null,"twitter_image_custom_fields":null,"twitter_title":null,"twitter_description":null,"schema":{"blockGraphs":[],"customGraphs":[],"default":{"data":{"Article":[],"Course":[],"Dataset":[],"FAQPage":[],"Movie":[],"Person":[],"Product":[],"ProductReview":[],"Car":[],"Recipe":[],"Service":[],"SoftwareApplication":[],"WebPage":[]},"graphName":"BlogPosting","isEnabled":true},"graphs":[]},"schema_type":"default","schema_type_options":null,"pillar_content":false,"robots_default":true,"robots_noindex":false,"robots_noarchive":false,"robots_nosnippet":false,"robots_nofollow":false,"robots_noimageindex":false,"robots_noodp":false,"robots_notranslate":false,"robots_max_snippet":"-1","robots_max_videopreview":"-1","robots_max_imagepreview":"large","priority":null,"frequency":"default","local_seo":null,"breadcrumb_settings":null,"limit_modified_date":false,"ai":{"faqs":[],"keyPoints":[],"schemas":[],"titles":[],"descriptions":[],"socialPosts":{"email":{"subject":"","preview":"","content":""},"linkedin":[],"twitter":[],"facebook":[],"instagram":[]}},"created":"2026-09-05 21:23:16","updated":"2026-09-05 22:29:56","focus_keyword":null,"additional_keywords":null,"truseo_locale":null,"seo_analyzer_scan_date":null},"aioseo_breadcrumb":"<div class=\"aioseo-breadcrumbs\"><span class=\"aioseo-breadcrumb\">\n\t\t\t<a href=\"https:\/\/lasentinelle.dz\" title=\"Home\">Home<\/a>\n\t\t<\/span><span class=\"aioseo-breadcrumb-separator\">&raquo;<\/span><span class=\"aioseo-breadcrumb\">\n\t\t\t<a href=\"https:\/\/lasentinelle.dz\/index.php\/category\/actualite\/\" title=\"Actualit\u00e9\">Actualit\u00e9<\/a>\n\t\t<\/span><span class=\"aioseo-breadcrumb-separator\">&raquo;<\/span><span class=\"aioseo-breadcrumb\">\n\t\t\tIndustrie pharmaceutique : L\u2019OMS salue les avanc\u00e9es de l\u2019Alg\u00e9rie\n\t\t<\/span><\/div>","aioseo_breadcrumb_json":[{"label":"Home","link":"https:\/\/lasentinelle.dz"},{"label":"Actualit\u00e9","link":"https:\/\/lasentinelle.dz\/index.php\/category\/actualite\/"},{"label":"Industrie pharmaceutique\u00a0: L&rsquo;OMS salue les avanc\u00e9es de l\u2019Alg\u00e9rie","link":"https:\/\/lasentinelle.dz\/index.php\/2026\/09\/05\/industrie-pharmaceutique-loms-salue-les-avancees-de-lalgerie\/"}],"yoast_head":"<!-- This site is optimized with the Yoast SEO plugin v28.4 - https:\/\/yoast.com\/product\/yoast-seo-wordpress\/ -->\n<title>Industrie pharmaceutique\u00a0: L&rsquo;OMS salue les avanc\u00e9es de l\u2019Alg\u00e9rie - La Sentinelle<\/title>\n<meta name=\"robots\" content=\"index, follow, max-snippet:-1, max-image-preview:large, max-video-preview:-1\" \/>\n<link rel=\"canonical\" href=\"https:\/\/lasentinelle.dz\/index.php\/2026\/09\/05\/industrie-pharmaceutique-loms-salue-les-avancees-de-lalgerie\/\" \/>\n<meta property=\"og:locale\" content=\"fr_FR\" \/>\n<meta property=\"og:type\" content=\"article\" \/>\n<meta property=\"og:title\" content=\"Industrie pharmaceutique\u00a0: L&rsquo;OMS salue les avanc\u00e9es de l\u2019Alg\u00e9rie - La Sentinelle\" \/>\n<meta property=\"og:description\" content=\"L&rsquo;Organisation mondiale de la Sant\u00e9 a mis en avant, samedi \u00e0 Alger, les progr\u00e8s accomplis par l&rsquo;Alg\u00e9rie dans le renforcement\" \/>\n<meta property=\"og:url\" content=\"https:\/\/lasentinelle.dz\/index.php\/2026\/09\/05\/industrie-pharmaceutique-loms-salue-les-avancees-de-lalgerie\/\" \/>\n<meta property=\"og:site_name\" content=\"La Sentinelle\" \/>\n<meta property=\"article:publisher\" content=\"https:\/\/www.facebook.com\/La-Sentinelle-104059864394773\" \/>\n<meta property=\"article:published_time\" content=\"2026-09-05T21:23:07+00:00\" \/>\n<meta property=\"article:modified_time\" content=\"2026-09-05T21:23:16+00:00\" \/>\n<meta property=\"og:image\" content=\"https:\/\/lasentinelle.dz\/wp-content\/uploads\/2022\/08\/pandemie-loms-mobilise-le-monde-pour-un-acces-universel-aux-vaccins.png\" \/>\n\t<meta property=\"og:image:width\" content=\"532\" \/>\n\t<meta property=\"og:image:height\" content=\"354\" \/>\n\t<meta property=\"og:image:type\" content=\"image\/png\" \/>\n<meta name=\"author\" content=\"admin\" \/>\n<meta name=\"twitter:card\" content=\"summary_large_image\" \/>\n<meta name=\"twitter:label1\" content=\"\u00c9crit par\" \/>\n\t<meta name=\"twitter:data1\" content=\"admin\" \/>\n\t<meta name=\"twitter:label2\" content=\"Dur\u00e9e de lecture estim\u00e9e\" \/>\n\t<meta name=\"twitter:data2\" content=\"4 minutes\" \/>\n<script type=\"application\/ld+json\" class=\"yoast-schema-graph\">{\"@context\":\"https:\\\/\\\/schema.org\",\"@graph\":[{\"@type\":\"Article\",\"@id\":\"https:\\\/\\\/lasentinelle.dz\\\/index.php\\\/2026\\\/09\\\/05\\\/industrie-pharmaceutique-loms-salue-les-avancees-de-lalgerie\\\/#article\",\"isPartOf\":{\"@id\":\"https:\\\/\\\/lasentinelle.dz\\\/index.php\\\/2026\\\/09\\\/05\\\/industrie-pharmaceutique-loms-salue-les-avancees-de-lalgerie\\\/\"},\"author\":{\"name\":\"admin\",\"@id\":\"https:\\\/\\\/lasentinelle.dz\\\/#\\\/schema\\\/person\\\/729ee0024f24e0b8c5ec17232f8e8b41\"},\"headline\":\"Industrie pharmaceutique\u00a0: L&rsquo;OMS salue les avanc\u00e9es de l\u2019Alg\u00e9rie\",\"datePublished\":\"2026-09-05T21:23:07+00:00\",\"dateModified\":\"2026-09-05T21:23:16+00:00\",\"mainEntityOfPage\":{\"@id\":\"https:\\\/\\\/lasentinelle.dz\\\/index.php\\\/2026\\\/09\\\/05\\\/industrie-pharmaceutique-loms-salue-les-avancees-de-lalgerie\\\/\"},\"wordCount\":762,\"commentCount\":0,\"publisher\":{\"@id\":\"https:\\\/\\\/lasentinelle.dz\\\/#organization\"},\"image\":{\"@id\":\"https:\\\/\\\/lasentinelle.dz\\\/index.php\\\/2026\\\/09\\\/05\\\/industrie-pharmaceutique-loms-salue-les-avancees-de-lalgerie\\\/#primaryimage\"},\"thumbnailUrl\":\"https:\\\/\\\/lasentinelle.dz\\\/wp-content\\\/uploads\\\/2022\\\/08\\\/pandemie-loms-mobilise-le-monde-pour-un-acces-universel-aux-vaccins.png\",\"articleSection\":[\"Actualit\u00e9\"],\"inLanguage\":\"fr-FR\",\"potentialAction\":[{\"@type\":\"CommentAction\",\"name\":\"Comment\",\"target\":[\"https:\\\/\\\/lasentinelle.dz\\\/index.php\\\/2026\\\/09\\\/05\\\/industrie-pharmaceutique-loms-salue-les-avancees-de-lalgerie\\\/#respond\"]}]},{\"@type\":\"WebPage\",\"@id\":\"https:\\\/\\\/lasentinelle.dz\\\/index.php\\\/2026\\\/09\\\/05\\\/industrie-pharmaceutique-loms-salue-les-avancees-de-lalgerie\\\/\",\"url\":\"https:\\\/\\\/lasentinelle.dz\\\/index.php\\\/2026\\\/09\\\/05\\\/industrie-pharmaceutique-loms-salue-les-avancees-de-lalgerie\\\/\",\"name\":\"Industrie pharmaceutique\u00a0: L&rsquo;OMS salue les avanc\u00e9es de l\u2019Alg\u00e9rie - La Sentinelle\",\"isPartOf\":{\"@id\":\"https:\\\/\\\/lasentinelle.dz\\\/#website\"},\"primaryImageOfPage\":{\"@id\":\"https:\\\/\\\/lasentinelle.dz\\\/index.php\\\/2026\\\/09\\\/05\\\/industrie-pharmaceutique-loms-salue-les-avancees-de-lalgerie\\\/#primaryimage\"},\"image\":{\"@id\":\"https:\\\/\\\/lasentinelle.dz\\\/index.php\\\/2026\\\/09\\\/05\\\/industrie-pharmaceutique-loms-salue-les-avancees-de-lalgerie\\\/#primaryimage\"},\"thumbnailUrl\":\"https:\\\/\\\/lasentinelle.dz\\\/wp-content\\\/uploads\\\/2022\\\/08\\\/pandemie-loms-mobilise-le-monde-pour-un-acces-universel-aux-vaccins.png\",\"datePublished\":\"2026-09-05T21:23:07+00:00\",\"dateModified\":\"2026-09-05T21:23:16+00:00\",\"breadcrumb\":{\"@id\":\"https:\\\/\\\/lasentinelle.dz\\\/index.php\\\/2026\\\/09\\\/05\\\/industrie-pharmaceutique-loms-salue-les-avancees-de-lalgerie\\\/#breadcrumb\"},\"inLanguage\":\"fr-FR\",\"potentialAction\":[{\"@type\":\"ReadAction\",\"target\":[\"https:\\\/\\\/lasentinelle.dz\\\/index.php\\\/2026\\\/09\\\/05\\\/industrie-pharmaceutique-loms-salue-les-avancees-de-lalgerie\\\/\"]}]},{\"@type\":\"ImageObject\",\"inLanguage\":\"fr-FR\",\"@id\":\"https:\\\/\\\/lasentinelle.dz\\\/index.php\\\/2026\\\/09\\\/05\\\/industrie-pharmaceutique-loms-salue-les-avancees-de-lalgerie\\\/#primaryimage\",\"url\":\"https:\\\/\\\/lasentinelle.dz\\\/wp-content\\\/uploads\\\/2022\\\/08\\\/pandemie-loms-mobilise-le-monde-pour-un-acces-universel-aux-vaccins.png\",\"contentUrl\":\"https:\\\/\\\/lasentinelle.dz\\\/wp-content\\\/uploads\\\/2022\\\/08\\\/pandemie-loms-mobilise-le-monde-pour-un-acces-universel-aux-vaccins.png\",\"width\":532,\"height\":354},{\"@type\":\"BreadcrumbList\",\"@id\":\"https:\\\/\\\/lasentinelle.dz\\\/index.php\\\/2026\\\/09\\\/05\\\/industrie-pharmaceutique-loms-salue-les-avancees-de-lalgerie\\\/#breadcrumb\",\"itemListElement\":[{\"@type\":\"ListItem\",\"position\":1,\"name\":\"Accueil\",\"item\":\"https:\\\/\\\/lasentinelle.dz\\\/\"},{\"@type\":\"ListItem\",\"position\":2,\"name\":\"Industrie pharmaceutique\u00a0: L&rsquo;OMS salue les avanc\u00e9es de l\u2019Alg\u00e9rie\"}]},{\"@type\":\"WebSite\",\"@id\":\"https:\\\/\\\/lasentinelle.dz\\\/#website\",\"url\":\"https:\\\/\\\/lasentinelle.dz\\\/\",\"name\":\"La Sentinelle\",\"description\":\"Quotidien national d&#039;information\",\"publisher\":{\"@id\":\"https:\\\/\\\/lasentinelle.dz\\\/#organization\"},\"potentialAction\":[{\"@type\":\"SearchAction\",\"target\":{\"@type\":\"EntryPoint\",\"urlTemplate\":\"https:\\\/\\\/lasentinelle.dz\\\/?s={search_term_string}\"},\"query-input\":{\"@type\":\"PropertyValueSpecification\",\"valueRequired\":true,\"valueName\":\"search_term_string\"}}],\"inLanguage\":\"fr-FR\"},{\"@type\":\"Organization\",\"@id\":\"https:\\\/\\\/lasentinelle.dz\\\/#organization\",\"name\":\"Quotidien La Sentinelle\",\"url\":\"https:\\\/\\\/lasentinelle.dz\\\/\",\"logo\":{\"@type\":\"ImageObject\",\"inLanguage\":\"fr-FR\",\"@id\":\"https:\\\/\\\/lasentinelle.dz\\\/#\\\/schema\\\/logo\\\/image\\\/\",\"url\":\"https:\\\/\\\/lasentinelle.dz\\\/wp-content\\\/uploads\\\/2021\\\/09\\\/logo-sentinelleSLOGAN-1.png\",\"contentUrl\":\"https:\\\/\\\/lasentinelle.dz\\\/wp-content\\\/uploads\\\/2021\\\/09\\\/logo-sentinelleSLOGAN-1.png\",\"width\":615,\"height\":142,\"caption\":\"Quotidien La Sentinelle\"},\"image\":{\"@id\":\"https:\\\/\\\/lasentinelle.dz\\\/#\\\/schema\\\/logo\\\/image\\\/\"},\"sameAs\":[\"https:\\\/\\\/www.facebook.com\\\/La-Sentinelle-104059864394773\"]},{\"@type\":\"Person\",\"@id\":\"https:\\\/\\\/lasentinelle.dz\\\/#\\\/schema\\\/person\\\/729ee0024f24e0b8c5ec17232f8e8b41\",\"name\":\"admin\",\"image\":{\"@type\":\"ImageObject\",\"inLanguage\":\"fr-FR\",\"@id\":\"https:\\\/\\\/secure.gravatar.com\\\/avatar\\\/4c81fed838786e9b53f540bf46533e750f5d292099ae3b66cfc6fb1982e29df7?s=96&d=mm&r=g\",\"url\":\"https:\\\/\\\/secure.gravatar.com\\\/avatar\\\/4c81fed838786e9b53f540bf46533e750f5d292099ae3b66cfc6fb1982e29df7?s=96&d=mm&r=g\",\"contentUrl\":\"https:\\\/\\\/secure.gravatar.com\\\/avatar\\\/4c81fed838786e9b53f540bf46533e750f5d292099ae3b66cfc6fb1982e29df7?s=96&d=mm&r=g\",\"caption\":\"admin\"},\"description\":\"admin\",\"url\":\"https:\\\/\\\/lasentinelle.dz\\\/author\\\/admin\\\/\"}]}<\/script>\n<!-- \/ Yoast SEO plugin. -->","yoast_head_json":{"title":"Industrie pharmaceutique\u00a0: L&rsquo;OMS salue les avanc\u00e9es de l\u2019Alg\u00e9rie - La Sentinelle","robots":{"index":"index","follow":"follow","max-snippet":"max-snippet:-1","max-image-preview":"max-image-preview:large","max-video-preview":"max-video-preview:-1"},"canonical":"https:\/\/lasentinelle.dz\/index.php\/2026\/09\/05\/industrie-pharmaceutique-loms-salue-les-avancees-de-lalgerie\/","og_locale":"fr_FR","og_type":"article","og_title":"Industrie pharmaceutique\u00a0: L&rsquo;OMS salue les avanc\u00e9es de l\u2019Alg\u00e9rie - La Sentinelle","og_description":"L&rsquo;Organisation mondiale de la Sant\u00e9 a mis en avant, samedi \u00e0 Alger, les progr\u00e8s accomplis par l&rsquo;Alg\u00e9rie dans le renforcement","og_url":"https:\/\/lasentinelle.dz\/index.php\/2026\/09\/05\/industrie-pharmaceutique-loms-salue-les-avancees-de-lalgerie\/","og_site_name":"La Sentinelle","article_publisher":"https:\/\/www.facebook.com\/La-Sentinelle-104059864394773","article_published_time":"2026-09-05T21:23:07+00:00","article_modified_time":"2026-09-05T21:23:16+00:00","og_image":[{"width":532,"height":354,"url":"https:\/\/lasentinelle.dz\/wp-content\/uploads\/2022\/08\/pandemie-loms-mobilise-le-monde-pour-un-acces-universel-aux-vaccins.png","type":"image\/png"}],"author":"admin","twitter_card":"summary_large_image","twitter_misc":{"\u00c9crit par":"admin","Dur\u00e9e de lecture estim\u00e9e":"4 minutes"},"schema":{"@context":"https:\/\/schema.org","@graph":[{"@type":"Article","@id":"https:\/\/lasentinelle.dz\/index.php\/2026\/09\/05\/industrie-pharmaceutique-loms-salue-les-avancees-de-lalgerie\/#article","isPartOf":{"@id":"https:\/\/lasentinelle.dz\/index.php\/2026\/09\/05\/industrie-pharmaceutique-loms-salue-les-avancees-de-lalgerie\/"},"author":{"name":"admin","@id":"https:\/\/lasentinelle.dz\/#\/schema\/person\/729ee0024f24e0b8c5ec17232f8e8b41"},"headline":"Industrie pharmaceutique\u00a0: L&rsquo;OMS salue les avanc\u00e9es de l\u2019Alg\u00e9rie","datePublished":"2026-09-05T21:23:07+00:00","dateModified":"2026-09-05T21:23:16+00:00","mainEntityOfPage":{"@id":"https:\/\/lasentinelle.dz\/index.php\/2026\/09\/05\/industrie-pharmaceutique-loms-salue-les-avancees-de-lalgerie\/"},"wordCount":762,"commentCount":0,"publisher":{"@id":"https:\/\/lasentinelle.dz\/#organization"},"image":{"@id":"https:\/\/lasentinelle.dz\/index.php\/2026\/09\/05\/industrie-pharmaceutique-loms-salue-les-avancees-de-lalgerie\/#primaryimage"},"thumbnailUrl":"https:\/\/lasentinelle.dz\/wp-content\/uploads\/2022\/08\/pandemie-loms-mobilise-le-monde-pour-un-acces-universel-aux-vaccins.png","articleSection":["Actualit\u00e9"],"inLanguage":"fr-FR","potentialAction":[{"@type":"CommentAction","name":"Comment","target":["https:\/\/lasentinelle.dz\/index.php\/2026\/09\/05\/industrie-pharmaceutique-loms-salue-les-avancees-de-lalgerie\/#respond"]}]},{"@type":"WebPage","@id":"https:\/\/lasentinelle.dz\/index.php\/2026\/09\/05\/industrie-pharmaceutique-loms-salue-les-avancees-de-lalgerie\/","url":"https:\/\/lasentinelle.dz\/index.php\/2026\/09\/05\/industrie-pharmaceutique-loms-salue-les-avancees-de-lalgerie\/","name":"Industrie pharmaceutique\u00a0: L&rsquo;OMS salue les avanc\u00e9es de l\u2019Alg\u00e9rie - La Sentinelle","isPartOf":{"@id":"https:\/\/lasentinelle.dz\/#website"},"primaryImageOfPage":{"@id":"https:\/\/lasentinelle.dz\/index.php\/2026\/09\/05\/industrie-pharmaceutique-loms-salue-les-avancees-de-lalgerie\/#primaryimage"},"image":{"@id":"https:\/\/lasentinelle.dz\/index.php\/2026\/09\/05\/industrie-pharmaceutique-loms-salue-les-avancees-de-lalgerie\/#primaryimage"},"thumbnailUrl":"https:\/\/lasentinelle.dz\/wp-content\/uploads\/2022\/08\/pandemie-loms-mobilise-le-monde-pour-un-acces-universel-aux-vaccins.png","datePublished":"2026-09-05T21:23:07+00:00","dateModified":"2026-09-05T21:23:16+00:00","breadcrumb":{"@id":"https:\/\/lasentinelle.dz\/index.php\/2026\/09\/05\/industrie-pharmaceutique-loms-salue-les-avancees-de-lalgerie\/#breadcrumb"},"inLanguage":"fr-FR","potentialAction":[{"@type":"ReadAction","target":["https:\/\/lasentinelle.dz\/index.php\/2026\/09\/05\/industrie-pharmaceutique-loms-salue-les-avancees-de-lalgerie\/"]}]},{"@type":"ImageObject","inLanguage":"fr-FR","@id":"https:\/\/lasentinelle.dz\/index.php\/2026\/09\/05\/industrie-pharmaceutique-loms-salue-les-avancees-de-lalgerie\/#primaryimage","url":"https:\/\/lasentinelle.dz\/wp-content\/uploads\/2022\/08\/pandemie-loms-mobilise-le-monde-pour-un-acces-universel-aux-vaccins.png","contentUrl":"https:\/\/lasentinelle.dz\/wp-content\/uploads\/2022\/08\/pandemie-loms-mobilise-le-monde-pour-un-acces-universel-aux-vaccins.png","width":532,"height":354},{"@type":"BreadcrumbList","@id":"https:\/\/lasentinelle.dz\/index.php\/2026\/09\/05\/industrie-pharmaceutique-loms-salue-les-avancees-de-lalgerie\/#breadcrumb","itemListElement":[{"@type":"ListItem","position":1,"name":"Accueil","item":"https:\/\/lasentinelle.dz\/"},{"@type":"ListItem","position":2,"name":"Industrie pharmaceutique\u00a0: L&rsquo;OMS salue les avanc\u00e9es de l\u2019Alg\u00e9rie"}]},{"@type":"WebSite","@id":"https:\/\/lasentinelle.dz\/#website","url":"https:\/\/lasentinelle.dz\/","name":"La Sentinelle","description":"Quotidien national d&#039;information","publisher":{"@id":"https:\/\/lasentinelle.dz\/#organization"},"potentialAction":[{"@type":"SearchAction","target":{"@type":"EntryPoint","urlTemplate":"https:\/\/lasentinelle.dz\/?s={search_term_string}"},"query-input":{"@type":"PropertyValueSpecification","valueRequired":true,"valueName":"search_term_string"}}],"inLanguage":"fr-FR"},{"@type":"Organization","@id":"https:\/\/lasentinelle.dz\/#organization","name":"Quotidien La Sentinelle","url":"https:\/\/lasentinelle.dz\/","logo":{"@type":"ImageObject","inLanguage":"fr-FR","@id":"https:\/\/lasentinelle.dz\/#\/schema\/logo\/image\/","url":"https:\/\/lasentinelle.dz\/wp-content\/uploads\/2021\/09\/logo-sentinelleSLOGAN-1.png","contentUrl":"https:\/\/lasentinelle.dz\/wp-content\/uploads\/2021\/09\/logo-sentinelleSLOGAN-1.png","width":615,"height":142,"caption":"Quotidien La Sentinelle"},"image":{"@id":"https:\/\/lasentinelle.dz\/#\/schema\/logo\/image\/"},"sameAs":["https:\/\/www.facebook.com\/La-Sentinelle-104059864394773"]},{"@type":"Person","@id":"https:\/\/lasentinelle.dz\/#\/schema\/person\/729ee0024f24e0b8c5ec17232f8e8b41","name":"admin","image":{"@type":"ImageObject","inLanguage":"fr-FR","@id":"https:\/\/secure.gravatar.com\/avatar\/4c81fed838786e9b53f540bf46533e750f5d292099ae3b66cfc6fb1982e29df7?s=96&d=mm&r=g","url":"https:\/\/secure.gravatar.com\/avatar\/4c81fed838786e9b53f540bf46533e750f5d292099ae3b66cfc6fb1982e29df7?s=96&d=mm&r=g","contentUrl":"https:\/\/secure.gravatar.com\/avatar\/4c81fed838786e9b53f540bf46533e750f5d292099ae3b66cfc6fb1982e29df7?s=96&d=mm&r=g","caption":"admin"},"description":"admin","url":"https:\/\/lasentinelle.dz\/author\/admin\/"}]}},"_links":{"self":[{"href":"https:\/\/lasentinelle.dz\/index.php\/wp-json\/wp\/v2\/posts\/95058","targetHints":{"allow":["GET"]}}],"collection":[{"href":"https:\/\/lasentinelle.dz\/index.php\/wp-json\/wp\/v2\/posts"}],"about":[{"href":"https:\/\/lasentinelle.dz\/index.php\/wp-json\/wp\/v2\/types\/post"}],"author":[{"embeddable":true,"href":"https:\/\/lasentinelle.dz\/index.php\/wp-json\/wp\/v2\/users\/6"}],"replies":[{"embeddable":true,"href":"https:\/\/lasentinelle.dz\/index.php\/wp-json\/wp\/v2\/comments?post=95058"}],"version-history":[{"count":2,"href":"https:\/\/lasentinelle.dz\/index.php\/wp-json\/wp\/v2\/posts\/95058\/revisions"}],"predecessor-version":[{"id":95060,"href":"https:\/\/lasentinelle.dz\/index.php\/wp-json\/wp\/v2\/posts\/95058\/revisions\/95060"}],"wp:featuredmedia":[{"embeddable":true,"href":"https:\/\/lasentinelle.dz\/index.php\/wp-json\/wp\/v2\/media\/25845"}],"wp:attachment":[{"href":"https:\/\/lasentinelle.dz\/index.php\/wp-json\/wp\/v2\/media?parent=95058"}],"wp:term":[{"taxonomy":"category","embeddable":true,"href":"https:\/\/lasentinelle.dz\/index.php\/wp-json\/wp\/v2\/categories?post=95058"},{"taxonomy":"post_tag","embeddable":true,"href":"https:\/\/lasentinelle.dz\/index.php\/wp-json\/wp\/v2\/tags?post=95058"}],"curies":[{"name":"wp","href":"https:\/\/api.w.org\/{rel}","templated":true}]}}