{"id":9611,"date":"2021-10-03T00:05:00","date_gmt":"2021-10-02T23:05:00","guid":{"rendered":"https:\/\/lasentinelle.dz\/?p=9611"},"modified":"2021-10-02T18:44:03","modified_gmt":"2021-10-02T17:44:03","slug":"informations-sur-la-detection-dun-sous-marin-etranger-pres-des-eaux-territoriales-le-dementi-formel-du-mdn","status":"publish","type":"post","link":"https:\/\/lasentinelle.dz\/index.php\/2021\/10\/03\/informations-sur-la-detection-dun-sous-marin-etranger-pres-des-eaux-territoriales-le-dementi-formel-du-mdn\/","title":{"rendered":"Informations sur la d\u00e9tection d\u2019un sous-marin \u00e9tranger pr\u00e8s des eaux territoriales : Le d\u00e9menti formel du MDN"},"content":{"rendered":"\n<p>Le minist\u00e8re de la D\u00e9fense nationale a apport\u00e9, hier, un d\u00e9menti ferme et cat\u00e9gorique aux informations, relay\u00e9es par plusieurs m\u00e9dias, selon lesquelles les Forces navales auraient d\u00e9tect\u00e9 et pourchass\u00e9 un sous-marin de l\u2019entit\u00e9 sioniste se trouvant pr\u00e8s des eaux territoriales alg\u00e9riennes. \u00ab&nbsp;Des sites \u00e9lectroniques et certains titres de la presse nationale ont relay\u00e9 une information selon laquelle des sous-marins relavant de nos Forces Navales auraient d\u00e9tect\u00e9 et pourchass\u00e9 un sous-marin \u00e9tranger se trouvant pr\u00e8s des eaux territoriales nationales, et ce, durant le d\u00e9roulement de l\u2019exercice naval combin\u00e9 \u00ab RADAA 2021 \u00bb, ex\u00e9cut\u00e9 au niveau du polygone de tir naval de la Fa\u00e7ade Maritime Ouest en 2\u00e8me R\u00e9gion Militaire durant la p\u00e9riode du 29 au 30 septembre 2021 et auquel ont particip\u00e9 plusieurs unit\u00e9s flottantes de nos Forces Navales.A ce titre, le Minist\u00e8re de la D\u00e9fense Nationale apporte un d\u00e9menti cat\u00e9gorique \u00e0 l\u2019ensemble de ces informations rapport\u00e9es par ces m\u00e9dias et assure que ledit exercice naval, ex\u00e9cut\u00e9 avec un grand succ\u00e8s par l\u2019\u00e9quipage du sous-marin \u00ab Djurdjura \u00bb, n\u2019a enregistr\u00e9 aucun incident et encore moins celui \u00e9voqu\u00e9 par ces m\u00e9dias&nbsp;\u00bb, a indiqu\u00e9 un communiqu\u00e9 du MDN. \u00c0 ce titre, le MDN \u00ab&nbsp;invite l\u2019ensemble des m\u00e9dias nationaux \u00e0 se rapprocher de ses services comp\u00e9tents pour s\u2019assurer de la v\u00e9racit\u00e9 de ce genre d&rsquo;informations avant leur publication afin d\u2019\u00e9viter d\u2019induire en erreur l\u2019opinion publique&nbsp;\u00bb.<\/p>\n\n\n\n<p><strong>R.N.<\/strong><\/p>\n","protected":false},"excerpt":{"rendered":"<p>Le minist\u00e8re de la D\u00e9fense nationale a apport\u00e9, hier, un d\u00e9menti ferme et cat\u00e9gorique aux informations, relay\u00e9es par plusieurs m\u00e9dias,<\/p>\n","protected":false},"author":3,"featured_media":9693,"comment_status":"open","ping_status":"closed","sticky":false,"template":"","format":"standard","meta":{"colormag_page_container_layout":"default_layout","colormag_page_sidebar_layout":"default_layout","om_disable_all_campaigns":false,"_monsterinsights_skip_tracking":false,"_monsterinsights_sitenote_active":false,"_monsterinsights_sitenote_note":"","_monsterinsights_sitenote_category":0,"footnotes":"","_wpscppro_dont_share_socialmedia":false,"_wpscppro_custom_social_share_image":0,"_facebook_share_type":"","_twitter_share_type":"","_linkedin_share_type":"","_pinterest_share_type":"","_linkedin_share_type_page":"","_instagram_share_type":"","_medium_share_type":"","_threads_share_type":"","_google_business_share_type":"","_selected_social_profile":[],"_wpsp_enable_custom_social_template":false,"_wpsp_social_scheduling":{"enabled":false,"datetime":null,"platforms":[],"status":"template_only","dateOption":"today","timeOption":"now","customDays":"","customHours":"","customDate":"","customTime":"","schedulingType":"absolute"},"_wpsp_active_default_template":true},"categories":[52,27],"tags":[],"class_list":["post-9611","post","type-post","status-publish","format-standard","has-post-thumbnail","hentry","category-a-la-une","category-actualite"],"aioseo_notices":[],"yoast_head":"<!-- This site is optimized with the Yoast SEO plugin v27.5 - https:\/\/yoast.com\/product\/yoast-seo-wordpress\/ -->\n<title>Informations sur la d\u00e9tection d\u2019un sous-marin \u00e9tranger pr\u00e8s des eaux territoriales : Le d\u00e9menti formel du MDN - La Sentinelle<\/title>\n<meta name=\"robots\" content=\"index, follow, max-snippet:-1, max-image-preview:large, max-video-preview:-1\" \/>\n<link rel=\"canonical\" href=\"https:\/\/lasentinelle.dz\/index.php\/2021\/10\/03\/informations-sur-la-detection-dun-sous-marin-etranger-pres-des-eaux-territoriales-le-dementi-formel-du-mdn\/\" \/>\n<meta property=\"og:locale\" content=\"fr_FR\" \/>\n<meta property=\"og:type\" content=\"article\" \/>\n<meta property=\"og:title\" content=\"Informations sur la d\u00e9tection d\u2019un sous-marin \u00e9tranger pr\u00e8s des eaux territoriales : Le d\u00e9menti formel du MDN - La Sentinelle\" \/>\n<meta property=\"og:description\" content=\"Le minist\u00e8re de la D\u00e9fense nationale a apport\u00e9, hier, un d\u00e9menti ferme et cat\u00e9gorique aux informations, relay\u00e9es par plusieurs m\u00e9dias,\" \/>\n<meta property=\"og:url\" content=\"https:\/\/lasentinelle.dz\/index.php\/2021\/10\/03\/informations-sur-la-detection-dun-sous-marin-etranger-pres-des-eaux-territoriales-le-dementi-formel-du-mdn\/\" \/>\n<meta property=\"og:site_name\" content=\"La Sentinelle\" \/>\n<meta property=\"article:publisher\" content=\"https:\/\/www.facebook.com\/La-Sentinelle-104059864394773\" \/>\n<meta property=\"article:published_time\" content=\"2021-10-02T23:05:00+00:00\" \/>\n<meta property=\"og:image\" content=\"https:\/\/lasentinelle.dz\/wp-content\/uploads\/2021\/10\/image_2021-10-02_183031-1024x683.png\" \/>\n\t<meta property=\"og:image:width\" content=\"1024\" \/>\n\t<meta property=\"og:image:height\" content=\"683\" \/>\n\t<meta property=\"og:image:type\" content=\"image\/png\" \/>\n<meta name=\"author\" content=\"La Sentinelle\" \/>\n<meta name=\"twitter:card\" content=\"summary_large_image\" \/>\n<meta name=\"twitter:label1\" content=\"\u00c9crit par\" \/>\n\t<meta name=\"twitter:data1\" content=\"La Sentinelle\" \/>\n\t<meta name=\"twitter:label2\" content=\"Dur\u00e9e de lecture estim\u00e9e\" \/>\n\t<meta name=\"twitter:data2\" content=\"1 minute\" \/>\n<script type=\"application\/ld+json\" class=\"yoast-schema-graph\">{\"@context\":\"https:\\\/\\\/schema.org\",\"@graph\":[{\"@type\":\"Article\",\"@id\":\"https:\\\/\\\/lasentinelle.dz\\\/index.php\\\/2021\\\/10\\\/03\\\/informations-sur-la-detection-dun-sous-marin-etranger-pres-des-eaux-territoriales-le-dementi-formel-du-mdn\\\/#article\",\"isPartOf\":{\"@id\":\"https:\\\/\\\/lasentinelle.dz\\\/index.php\\\/2021\\\/10\\\/03\\\/informations-sur-la-detection-dun-sous-marin-etranger-pres-des-eaux-territoriales-le-dementi-formel-du-mdn\\\/\"},\"author\":{\"name\":\"La Sentinelle\",\"@id\":\"https:\\\/\\\/lasentinelle.dz\\\/#\\\/schema\\\/person\\\/d865044e22e70a75174ce8bcad3acfb3\"},\"headline\":\"Informations sur la d\u00e9tection d\u2019un sous-marin \u00e9tranger pr\u00e8s des eaux territoriales : Le d\u00e9menti formel du MDN\",\"datePublished\":\"2021-10-02T23:05:00+00:00\",\"mainEntityOfPage\":{\"@id\":\"https:\\\/\\\/lasentinelle.dz\\\/index.php\\\/2021\\\/10\\\/03\\\/informations-sur-la-detection-dun-sous-marin-etranger-pres-des-eaux-territoriales-le-dementi-formel-du-mdn\\\/\"},\"wordCount\":277,\"commentCount\":0,\"publisher\":{\"@id\":\"https:\\\/\\\/lasentinelle.dz\\\/#organization\"},\"image\":{\"@id\":\"https:\\\/\\\/lasentinelle.dz\\\/index.php\\\/2021\\\/10\\\/03\\\/informations-sur-la-detection-dun-sous-marin-etranger-pres-des-eaux-territoriales-le-dementi-formel-du-mdn\\\/#primaryimage\"},\"thumbnailUrl\":\"https:\\\/\\\/lasentinelle.dz\\\/wp-content\\\/uploads\\\/2021\\\/10\\\/image_2021-10-02_183031.png\",\"articleSection\":[\"\u00c0 la Une\",\"Actualit\u00e9\"],\"inLanguage\":\"fr-FR\",\"potentialAction\":[{\"@type\":\"CommentAction\",\"name\":\"Comment\",\"target\":[\"https:\\\/\\\/lasentinelle.dz\\\/index.php\\\/2021\\\/10\\\/03\\\/informations-sur-la-detection-dun-sous-marin-etranger-pres-des-eaux-territoriales-le-dementi-formel-du-mdn\\\/#respond\"]}]},{\"@type\":\"WebPage\",\"@id\":\"https:\\\/\\\/lasentinelle.dz\\\/index.php\\\/2021\\\/10\\\/03\\\/informations-sur-la-detection-dun-sous-marin-etranger-pres-des-eaux-territoriales-le-dementi-formel-du-mdn\\\/\",\"url\":\"https:\\\/\\\/lasentinelle.dz\\\/index.php\\\/2021\\\/10\\\/03\\\/informations-sur-la-detection-dun-sous-marin-etranger-pres-des-eaux-territoriales-le-dementi-formel-du-mdn\\\/\",\"name\":\"Informations sur la d\u00e9tection d\u2019un sous-marin \u00e9tranger pr\u00e8s des eaux territoriales : Le d\u00e9menti formel du MDN - La Sentinelle\",\"isPartOf\":{\"@id\":\"https:\\\/\\\/lasentinelle.dz\\\/#website\"},\"primaryImageOfPage\":{\"@id\":\"https:\\\/\\\/lasentinelle.dz\\\/index.php\\\/2021\\\/10\\\/03\\\/informations-sur-la-detection-dun-sous-marin-etranger-pres-des-eaux-territoriales-le-dementi-formel-du-mdn\\\/#primaryimage\"},\"image\":{\"@id\":\"https:\\\/\\\/lasentinelle.dz\\\/index.php\\\/2021\\\/10\\\/03\\\/informations-sur-la-detection-dun-sous-marin-etranger-pres-des-eaux-territoriales-le-dementi-formel-du-mdn\\\/#primaryimage\"},\"thumbnailUrl\":\"https:\\\/\\\/lasentinelle.dz\\\/wp-content\\\/uploads\\\/2021\\\/10\\\/image_2021-10-02_183031.png\",\"datePublished\":\"2021-10-02T23:05:00+00:00\",\"breadcrumb\":{\"@id\":\"https:\\\/\\\/lasentinelle.dz\\\/index.php\\\/2021\\\/10\\\/03\\\/informations-sur-la-detection-dun-sous-marin-etranger-pres-des-eaux-territoriales-le-dementi-formel-du-mdn\\\/#breadcrumb\"},\"inLanguage\":\"fr-FR\",\"potentialAction\":[{\"@type\":\"ReadAction\",\"target\":[\"https:\\\/\\\/lasentinelle.dz\\\/index.php\\\/2021\\\/10\\\/03\\\/informations-sur-la-detection-dun-sous-marin-etranger-pres-des-eaux-territoriales-le-dementi-formel-du-mdn\\\/\"]}]},{\"@type\":\"ImageObject\",\"inLanguage\":\"fr-FR\",\"@id\":\"https:\\\/\\\/lasentinelle.dz\\\/index.php\\\/2021\\\/10\\\/03\\\/informations-sur-la-detection-dun-sous-marin-etranger-pres-des-eaux-territoriales-le-dementi-formel-du-mdn\\\/#primaryimage\",\"url\":\"https:\\\/\\\/lasentinelle.dz\\\/wp-content\\\/uploads\\\/2021\\\/10\\\/image_2021-10-02_183031.png\",\"contentUrl\":\"https:\\\/\\\/lasentinelle.dz\\\/wp-content\\\/uploads\\\/2021\\\/10\\\/image_2021-10-02_183031.png\",\"width\":1392,\"height\":928},{\"@type\":\"BreadcrumbList\",\"@id\":\"https:\\\/\\\/lasentinelle.dz\\\/index.php\\\/2021\\\/10\\\/03\\\/informations-sur-la-detection-dun-sous-marin-etranger-pres-des-eaux-territoriales-le-dementi-formel-du-mdn\\\/#breadcrumb\",\"itemListElement\":[{\"@type\":\"ListItem\",\"position\":1,\"name\":\"Accueil\",\"item\":\"https:\\\/\\\/lasentinelle.dz\\\/\"},{\"@type\":\"ListItem\",\"position\":2,\"name\":\"Informations sur la d\u00e9tection d\u2019un sous-marin \u00e9tranger pr\u00e8s des eaux territoriales : Le d\u00e9menti formel du MDN\"}]},{\"@type\":\"WebSite\",\"@id\":\"https:\\\/\\\/lasentinelle.dz\\\/#website\",\"url\":\"https:\\\/\\\/lasentinelle.dz\\\/\",\"name\":\"La Sentinelle\",\"description\":\"Quotidien national d&#039;information\",\"publisher\":{\"@id\":\"https:\\\/\\\/lasentinelle.dz\\\/#organization\"},\"potentialAction\":[{\"@type\":\"SearchAction\",\"target\":{\"@type\":\"EntryPoint\",\"urlTemplate\":\"https:\\\/\\\/lasentinelle.dz\\\/?s={search_term_string}\"},\"query-input\":{\"@type\":\"PropertyValueSpecification\",\"valueRequired\":true,\"valueName\":\"search_term_string\"}}],\"inLanguage\":\"fr-FR\"},{\"@type\":\"Organization\",\"@id\":\"https:\\\/\\\/lasentinelle.dz\\\/#organization\",\"name\":\"Quotidien La Sentinelle\",\"url\":\"https:\\\/\\\/lasentinelle.dz\\\/\",\"logo\":{\"@type\":\"ImageObject\",\"inLanguage\":\"fr-FR\",\"@id\":\"https:\\\/\\\/lasentinelle.dz\\\/#\\\/schema\\\/logo\\\/image\\\/\",\"url\":\"https:\\\/\\\/lasentinelle.dz\\\/wp-content\\\/uploads\\\/2021\\\/09\\\/logo-sentinelleSLOGAN-1.png\",\"contentUrl\":\"https:\\\/\\\/lasentinelle.dz\\\/wp-content\\\/uploads\\\/2021\\\/09\\\/logo-sentinelleSLOGAN-1.png\",\"width\":615,\"height\":142,\"caption\":\"Quotidien La Sentinelle\"},\"image\":{\"@id\":\"https:\\\/\\\/lasentinelle.dz\\\/#\\\/schema\\\/logo\\\/image\\\/\"},\"sameAs\":[\"https:\\\/\\\/www.facebook.com\\\/La-Sentinelle-104059864394773\"]},{\"@type\":\"Person\",\"@id\":\"https:\\\/\\\/lasentinelle.dz\\\/#\\\/schema\\\/person\\\/d865044e22e70a75174ce8bcad3acfb3\",\"name\":\"La Sentinelle\",\"image\":{\"@type\":\"ImageObject\",\"inLanguage\":\"fr-FR\",\"@id\":\"https:\\\/\\\/secure.gravatar.com\\\/avatar\\\/57de8e5d4b15d43fb361a71fbb36338450fe67865b528a43dd10ef7c51a20392?s=96&d=mm&r=g\",\"url\":\"https:\\\/\\\/secure.gravatar.com\\\/avatar\\\/57de8e5d4b15d43fb361a71fbb36338450fe67865b528a43dd10ef7c51a20392?s=96&d=mm&r=g\",\"contentUrl\":\"https:\\\/\\\/secure.gravatar.com\\\/avatar\\\/57de8e5d4b15d43fb361a71fbb36338450fe67865b528a43dd10ef7c51a20392?s=96&d=mm&r=g\",\"caption\":\"La Sentinelle\"},\"sameAs\":[\"http:\\\/\\\/www.lasentinelle.dz\"],\"url\":\"https:\\\/\\\/lasentinelle.dz\\\/author\\\/redaction\\\/\"}]}<\/script>\n<!-- \/ Yoast SEO plugin. -->","yoast_head_json":{"title":"Informations sur la d\u00e9tection d\u2019un sous-marin \u00e9tranger pr\u00e8s des eaux territoriales : Le d\u00e9menti formel du MDN - La Sentinelle","robots":{"index":"index","follow":"follow","max-snippet":"max-snippet:-1","max-image-preview":"max-image-preview:large","max-video-preview":"max-video-preview:-1"},"canonical":"https:\/\/lasentinelle.dz\/index.php\/2021\/10\/03\/informations-sur-la-detection-dun-sous-marin-etranger-pres-des-eaux-territoriales-le-dementi-formel-du-mdn\/","og_locale":"fr_FR","og_type":"article","og_title":"Informations sur la d\u00e9tection d\u2019un sous-marin \u00e9tranger pr\u00e8s des eaux territoriales : Le d\u00e9menti formel du MDN - La Sentinelle","og_description":"Le minist\u00e8re de la D\u00e9fense nationale a apport\u00e9, hier, un d\u00e9menti ferme et cat\u00e9gorique aux informations, relay\u00e9es par plusieurs m\u00e9dias,","og_url":"https:\/\/lasentinelle.dz\/index.php\/2021\/10\/03\/informations-sur-la-detection-dun-sous-marin-etranger-pres-des-eaux-territoriales-le-dementi-formel-du-mdn\/","og_site_name":"La Sentinelle","article_publisher":"https:\/\/www.facebook.com\/La-Sentinelle-104059864394773","article_published_time":"2021-10-02T23:05:00+00:00","og_image":[{"width":1024,"height":683,"url":"https:\/\/lasentinelle.dz\/wp-content\/uploads\/2021\/10\/image_2021-10-02_183031-1024x683.png","type":"image\/png"}],"author":"La Sentinelle","twitter_card":"summary_large_image","twitter_misc":{"\u00c9crit par":"La Sentinelle","Dur\u00e9e de lecture estim\u00e9e":"1 minute"},"schema":{"@context":"https:\/\/schema.org","@graph":[{"@type":"Article","@id":"https:\/\/lasentinelle.dz\/index.php\/2021\/10\/03\/informations-sur-la-detection-dun-sous-marin-etranger-pres-des-eaux-territoriales-le-dementi-formel-du-mdn\/#article","isPartOf":{"@id":"https:\/\/lasentinelle.dz\/index.php\/2021\/10\/03\/informations-sur-la-detection-dun-sous-marin-etranger-pres-des-eaux-territoriales-le-dementi-formel-du-mdn\/"},"author":{"name":"La Sentinelle","@id":"https:\/\/lasentinelle.dz\/#\/schema\/person\/d865044e22e70a75174ce8bcad3acfb3"},"headline":"Informations sur la d\u00e9tection d\u2019un sous-marin \u00e9tranger pr\u00e8s des eaux territoriales : Le d\u00e9menti formel du MDN","datePublished":"2021-10-02T23:05:00+00:00","mainEntityOfPage":{"@id":"https:\/\/lasentinelle.dz\/index.php\/2021\/10\/03\/informations-sur-la-detection-dun-sous-marin-etranger-pres-des-eaux-territoriales-le-dementi-formel-du-mdn\/"},"wordCount":277,"commentCount":0,"publisher":{"@id":"https:\/\/lasentinelle.dz\/#organization"},"image":{"@id":"https:\/\/lasentinelle.dz\/index.php\/2021\/10\/03\/informations-sur-la-detection-dun-sous-marin-etranger-pres-des-eaux-territoriales-le-dementi-formel-du-mdn\/#primaryimage"},"thumbnailUrl":"https:\/\/lasentinelle.dz\/wp-content\/uploads\/2021\/10\/image_2021-10-02_183031.png","articleSection":["\u00c0 la Une","Actualit\u00e9"],"inLanguage":"fr-FR","potentialAction":[{"@type":"CommentAction","name":"Comment","target":["https:\/\/lasentinelle.dz\/index.php\/2021\/10\/03\/informations-sur-la-detection-dun-sous-marin-etranger-pres-des-eaux-territoriales-le-dementi-formel-du-mdn\/#respond"]}]},{"@type":"WebPage","@id":"https:\/\/lasentinelle.dz\/index.php\/2021\/10\/03\/informations-sur-la-detection-dun-sous-marin-etranger-pres-des-eaux-territoriales-le-dementi-formel-du-mdn\/","url":"https:\/\/lasentinelle.dz\/index.php\/2021\/10\/03\/informations-sur-la-detection-dun-sous-marin-etranger-pres-des-eaux-territoriales-le-dementi-formel-du-mdn\/","name":"Informations sur la d\u00e9tection d\u2019un sous-marin \u00e9tranger pr\u00e8s des eaux territoriales : Le d\u00e9menti formel du MDN - La Sentinelle","isPartOf":{"@id":"https:\/\/lasentinelle.dz\/#website"},"primaryImageOfPage":{"@id":"https:\/\/lasentinelle.dz\/index.php\/2021\/10\/03\/informations-sur-la-detection-dun-sous-marin-etranger-pres-des-eaux-territoriales-le-dementi-formel-du-mdn\/#primaryimage"},"image":{"@id":"https:\/\/lasentinelle.dz\/index.php\/2021\/10\/03\/informations-sur-la-detection-dun-sous-marin-etranger-pres-des-eaux-territoriales-le-dementi-formel-du-mdn\/#primaryimage"},"thumbnailUrl":"https:\/\/lasentinelle.dz\/wp-content\/uploads\/2021\/10\/image_2021-10-02_183031.png","datePublished":"2021-10-02T23:05:00+00:00","breadcrumb":{"@id":"https:\/\/lasentinelle.dz\/index.php\/2021\/10\/03\/informations-sur-la-detection-dun-sous-marin-etranger-pres-des-eaux-territoriales-le-dementi-formel-du-mdn\/#breadcrumb"},"inLanguage":"fr-FR","potentialAction":[{"@type":"ReadAction","target":["https:\/\/lasentinelle.dz\/index.php\/2021\/10\/03\/informations-sur-la-detection-dun-sous-marin-etranger-pres-des-eaux-territoriales-le-dementi-formel-du-mdn\/"]}]},{"@type":"ImageObject","inLanguage":"fr-FR","@id":"https:\/\/lasentinelle.dz\/index.php\/2021\/10\/03\/informations-sur-la-detection-dun-sous-marin-etranger-pres-des-eaux-territoriales-le-dementi-formel-du-mdn\/#primaryimage","url":"https:\/\/lasentinelle.dz\/wp-content\/uploads\/2021\/10\/image_2021-10-02_183031.png","contentUrl":"https:\/\/lasentinelle.dz\/wp-content\/uploads\/2021\/10\/image_2021-10-02_183031.png","width":1392,"height":928},{"@type":"BreadcrumbList","@id":"https:\/\/lasentinelle.dz\/index.php\/2021\/10\/03\/informations-sur-la-detection-dun-sous-marin-etranger-pres-des-eaux-territoriales-le-dementi-formel-du-mdn\/#breadcrumb","itemListElement":[{"@type":"ListItem","position":1,"name":"Accueil","item":"https:\/\/lasentinelle.dz\/"},{"@type":"ListItem","position":2,"name":"Informations sur la d\u00e9tection d\u2019un sous-marin \u00e9tranger pr\u00e8s des eaux territoriales : Le d\u00e9menti formel du MDN"}]},{"@type":"WebSite","@id":"https:\/\/lasentinelle.dz\/#website","url":"https:\/\/lasentinelle.dz\/","name":"La Sentinelle","description":"Quotidien national d&#039;information","publisher":{"@id":"https:\/\/lasentinelle.dz\/#organization"},"potentialAction":[{"@type":"SearchAction","target":{"@type":"EntryPoint","urlTemplate":"https:\/\/lasentinelle.dz\/?s={search_term_string}"},"query-input":{"@type":"PropertyValueSpecification","valueRequired":true,"valueName":"search_term_string"}}],"inLanguage":"fr-FR"},{"@type":"Organization","@id":"https:\/\/lasentinelle.dz\/#organization","name":"Quotidien La Sentinelle","url":"https:\/\/lasentinelle.dz\/","logo":{"@type":"ImageObject","inLanguage":"fr-FR","@id":"https:\/\/lasentinelle.dz\/#\/schema\/logo\/image\/","url":"https:\/\/lasentinelle.dz\/wp-content\/uploads\/2021\/09\/logo-sentinelleSLOGAN-1.png","contentUrl":"https:\/\/lasentinelle.dz\/wp-content\/uploads\/2021\/09\/logo-sentinelleSLOGAN-1.png","width":615,"height":142,"caption":"Quotidien La Sentinelle"},"image":{"@id":"https:\/\/lasentinelle.dz\/#\/schema\/logo\/image\/"},"sameAs":["https:\/\/www.facebook.com\/La-Sentinelle-104059864394773"]},{"@type":"Person","@id":"https:\/\/lasentinelle.dz\/#\/schema\/person\/d865044e22e70a75174ce8bcad3acfb3","name":"La Sentinelle","image":{"@type":"ImageObject","inLanguage":"fr-FR","@id":"https:\/\/secure.gravatar.com\/avatar\/57de8e5d4b15d43fb361a71fbb36338450fe67865b528a43dd10ef7c51a20392?s=96&d=mm&r=g","url":"https:\/\/secure.gravatar.com\/avatar\/57de8e5d4b15d43fb361a71fbb36338450fe67865b528a43dd10ef7c51a20392?s=96&d=mm&r=g","contentUrl":"https:\/\/secure.gravatar.com\/avatar\/57de8e5d4b15d43fb361a71fbb36338450fe67865b528a43dd10ef7c51a20392?s=96&d=mm&r=g","caption":"La Sentinelle"},"sameAs":["http:\/\/www.lasentinelle.dz"],"url":"https:\/\/lasentinelle.dz\/author\/redaction\/"}]}},"_links":{"self":[{"href":"https:\/\/lasentinelle.dz\/index.php\/wp-json\/wp\/v2\/posts\/9611","targetHints":{"allow":["GET"]}}],"collection":[{"href":"https:\/\/lasentinelle.dz\/index.php\/wp-json\/wp\/v2\/posts"}],"about":[{"href":"https:\/\/lasentinelle.dz\/index.php\/wp-json\/wp\/v2\/types\/post"}],"author":[{"embeddable":true,"href":"https:\/\/lasentinelle.dz\/index.php\/wp-json\/wp\/v2\/users\/3"}],"replies":[{"embeddable":true,"href":"https:\/\/lasentinelle.dz\/index.php\/wp-json\/wp\/v2\/comments?post=9611"}],"version-history":[{"count":1,"href":"https:\/\/lasentinelle.dz\/index.php\/wp-json\/wp\/v2\/posts\/9611\/revisions"}],"predecessor-version":[{"id":9694,"href":"https:\/\/lasentinelle.dz\/index.php\/wp-json\/wp\/v2\/posts\/9611\/revisions\/9694"}],"wp:featuredmedia":[{"embeddable":true,"href":"https:\/\/lasentinelle.dz\/index.php\/wp-json\/wp\/v2\/media\/9693"}],"wp:attachment":[{"href":"https:\/\/lasentinelle.dz\/index.php\/wp-json\/wp\/v2\/media?parent=9611"}],"wp:term":[{"taxonomy":"category","embeddable":true,"href":"https:\/\/lasentinelle.dz\/index.php\/wp-json\/wp\/v2\/categories?post=9611"},{"taxonomy":"post_tag","embeddable":true,"href":"https:\/\/lasentinelle.dz\/index.php\/wp-json\/wp\/v2\/tags?post=9611"}],"curies":[{"name":"wp","href":"https:\/\/api.w.org\/{rel}","templated":true}]}}