{"id":9631,"date":"2021-10-03T00:01:00","date_gmt":"2021-10-02T23:01:00","guid":{"rendered":"https:\/\/lasentinelle.dz\/?p=9631"},"modified":"2021-10-02T15:35:26","modified_gmt":"2021-10-02T14:35:26","slug":"concert-de-gnaoua-vibrations-et-choubbane-gnaoua-la-vie-culturelle-reprend-apres-le-confinement","status":"publish","type":"post","link":"https:\/\/lasentinelle.dz\/index.php\/2021\/10\/03\/concert-de-gnaoua-vibrations-et-choubbane-gnaoua-la-vie-culturelle-reprend-apres-le-confinement\/","title":{"rendered":"Concert de \u00ab Gnaoua Vibrations \u00bb et \u00ab Choubbane Gnaoua \u00bb : La vie culturelle reprend apr\u00e8s le confinement"},"content":{"rendered":"\n<p>Les groupes de musique \u00ab\u00a0Gnaoua Vibrations\u00a0\u00bb et \u00ab\u00a0Choubbane Gnaoua\u00a0\u00bb ont anim\u00e9, vendredi soir \u00e0 Alger, un concert de musique dans une ambiance intense et devant un public de fans, ravi de retrouver le chemin des salles et lieux de spectacles.<\/p>\n\n\n\n<p>La d\u00e9cision de rouvrir les salles de spectacles et autres lieux accueillant le public, prise derni\u00e8rement en haut lieu, avec l\u2019imp\u00e9ratif cat\u00e9gorique de s\u2019en tenir au strict respect des mesures barri\u00e8res de pr\u00e9vention sanitaires, permet un \u00ab\u00a0retour progressif \u00e0 la vie normale\u00a0\u00bb apr\u00e8s pr\u00e8s de deux ans de pand\u00e9mie.Donnant suite \u00e0 cette d\u00e9cision, l\u2019Agence alg\u00e9rienne pour le rayonnement culturel (Aarc) a programm\u00e9 \u00e0 la Villa Abdelatif, une s\u00e9rie de concerts hebdomadaires, mettant ainsi en valeur la richesse du patrimoine alg\u00e9rien.Apr\u00e8s la remarquable prestation, du week-end dernier, anim\u00e9e par Cheikh Abdelkader Chaou, un des ma\u00eetre du cha\u00e2bi, le tour \u00e9tait venu lors de cette fin de semaine aux groupes \u00ab\u00a0Gnaoua Vibrations\u00a0\u00bb et \u00ab\u00a0Choubbane Gnaoua\u00a0\u00bb qui ont effectu\u00e9 en rythmes des entr\u00e9es spectaculaires, se m\u00ealant au public, dans des atmosph\u00e8res de grands soirs.Se dandinant au gr\u00e9 des cadence ternaires, les choristes et percussionnistes jouant aux karkabous, Asma Benmessaoud, Sofiane Benzouaoui, Zoubir Slimani, Younes Benbrahim et Akram Bouzouma du groupe \u00ab\u00a0Gnaoua Vibrations\u00a0\u00bb, ont tr\u00e8s vite conquis l\u2019assistance, dirig\u00e9s d\u2019une main de ma\u00eetre par Ma\u00e2lem Islem Hakoumi, au chant et au goumbri.Dans leurs accoutrements traditionnels, les musiciens, en gandouras noires frapp\u00e9es de motifs rouges et, d\u2019ornements multicolores pour celle de Ma\u00e2lem Islam Hakoumi, ont entonn\u00e9 les pi\u00e8ces, \u00ab\u00a0Oh, ha la\u00e2fou\u00a0\u00bb, \u00ab\u00a0Sallou a\u00e2la Nabina\u00a0\u00bb, \u00ab\u00a0Ya Rabbana, yal\u2019bari ta\u00e2la\u00a0\u00bb, \u00ab\u00a0Turq ou Lila\u00a0\u00bb, pour la partie Bambara et, \u00ab\u00a0Sergou\u00a0\u00bb, \u00ab\u00a0El walidine\u00a0\u00bb, \u00ab\u00a0Bellah idji\u00a0\u00bb et \u00ab\u00a0Ya fulan la\u00e2fou\u00a0\u00bb pour celle de \u00ab\u00a0R\u2019djal el ghaba\u00a0\u00bb.<\/p>\n\n\n\n<p>Tr\u00e8s applaudis par le public qui a c\u00e9d\u00e9 au d\u00e9hanchement d\u00e8s les premi\u00e8res chansons, le sextet, cr\u00e9\u00e9 en 2007 et qui ne s\u2019est produit en public qu\u2019en 2013, a rejoint les coulisses, annon\u00e7ant l\u2019arriv\u00e9e du fond de la cour de la Villa Abdelatif, du groupe \u00ab\u00a0Choubbane Gnaoua\u00a0\u00bb et ses six \u00e9l\u00e9ments, \u00e9voluant sous la bienveillance de Ma\u00e2lem Mohamed Soudani, un ancien des \u00ab\u00a0M\u2019hella des Soudani\u00a0\u00bb qui a cr\u00e9\u00e9 l\u2019actuel groupe en 2020.Soutenu par les ch\u0153urs et les karkabous du septet compos\u00e9 de, Ma\u00e2lem Ahmed Soudani (fils) au goumbri, Oussama Soudani, Walid Bahas, Karim Boucetta, Sofiane Khidas et Hamza Bellouti, Ma\u00e2lem Mohamed Soudani a interpr\u00e9t\u00e9 les pi\u00e8ces, \u00ab\u00a0Way yeah ya Rabbi\u00a0\u00bb, \u00ab\u00a0Bouderbal\u00a0\u00bb, \u00ab\u00a0Bania\u00a0\u00bb, \u00ab\u00a0Sergou\u00a0\u00bb, \u00ab\u00a0Balma\u00a0\u00bb, \u00ab\u00a0Laylah\u2019ayl\u2019Allah\u00a0\u00bb, \u00ab\u00a0Ayna Korou\u00a0\u00bb et \u00ab\u00a0Djenguer mama\u00a0\u00bb.Dans leurs chemises \u00e0 fleurs, le groupe \u00ab\u00a0Choubbane Gnaoua\u00a0\u00bb a galvanis\u00e9 l\u2019assistance qui a appr\u00e9ci\u00e9, pr\u00e8s de deux heures durant, le travail des deux formations et savour\u00e9 tous les moments du spectacle dans l\u2019all\u00e9gresse et la volupt\u00e9, chantant, dansant et envoyant aux musiciens des youyous nourris et des salves d\u2019applaudissements.<\/p>\n\n\n\n<p>Dans des cadences compos\u00e9s, binaires et ternaires, et des th\u00e8mes m\u00e9lodiques r\u00e9p\u00e9t\u00e9s orn\u00e9s d\u2019envol\u00e9es phrastiques et d\u2019improvisations rythmiques, les deux formations originaires d\u2019Alger, ont brill\u00e9 de ma\u00eetrise et de technique, rendant, dans la joie et le plaisir des retrouvailles avec le public, des r\u00e9pertoires de chansons aux contenus mystiques empreints de louanges et d\u2019adoration \u00e0 Dieu et \u00e0 son Proph\u00e8te Mohamed.Les Chefs des deux groupes, Ma\u00e2lem Islem Hakoumi et Ma\u00e2lem Mohamed Soudani, ont d\u00e9clar\u00e9 \u00eatre en pleine p\u00e9riode de cr\u00e9ation avec leurs ensembles respectifs, pour l\u2019\u00a0\u00bbenregistrement de leurs premiers albums\u00a0\u00bb respectifs.Le spectacle de \u00ab\u00a0Gnaoua Vibrations\u00a0\u00bb et \u00ab\u00a0Choubbane Gnaoua\u00a0\u00bb \u00e0 la Villa Abdelatif a \u00e9t\u00e9 rendu possible gr\u00e2ce au d\u00e9vouement et au travail de coordination avec l\u2019Aarc, brillamment men\u00e9 par le musicien et chanteur Joe Batoury.<\/p>\n\n\n\n<p>APS<\/p>\n","protected":false},"excerpt":{"rendered":"<p>Les groupes de musique \u00ab\u00a0Gnaoua Vibrations\u00a0\u00bb et \u00ab\u00a0Choubbane Gnaoua\u00a0\u00bb ont anim\u00e9, vendredi soir \u00e0 Alger, un concert de musique dans<\/p>\n","protected":false},"author":3,"featured_media":9643,"comment_status":"open","ping_status":"closed","sticky":false,"template":"","format":"standard","meta":{"colormag_page_container_layout":"default_layout","colormag_page_sidebar_layout":"default_layout","om_disable_all_campaigns":false,"_monsterinsights_skip_tracking":false,"_monsterinsights_sitenote_active":false,"_monsterinsights_sitenote_note":"","_monsterinsights_sitenote_category":0,"footnotes":"","_wpscppro_dont_share_socialmedia":false,"_wpscppro_custom_social_share_image":0,"_facebook_share_type":"","_twitter_share_type":"","_linkedin_share_type":"","_pinterest_share_type":"","_linkedin_share_type_page":"","_instagram_share_type":"","_medium_share_type":"","_threads_share_type":"","_google_business_share_type":"","_selected_social_profile":[],"_wpsp_enable_custom_social_template":false,"_wpsp_social_scheduling":{"enabled":false,"datetime":null,"platforms":[],"status":"template_only","dateOption":"today","timeOption":"now","customDays":"","customHours":"","customDate":"","customTime":"","schedulingType":"absolute"},"_wpsp_active_default_template":true},"categories":[36],"tags":[],"class_list":["post-9631","post","type-post","status-publish","format-standard","has-post-thumbnail","hentry","category-culture"],"aioseo_notices":[],"yoast_head":"<!-- This site is optimized with the Yoast SEO plugin v27.5 - https:\/\/yoast.com\/product\/yoast-seo-wordpress\/ -->\n<title>Concert de \u00ab Gnaoua Vibrations \u00bb et \u00ab Choubbane Gnaoua \u00bb : La vie culturelle reprend apr\u00e8s le confinement - La Sentinelle<\/title>\n<meta name=\"robots\" content=\"index, follow, max-snippet:-1, max-image-preview:large, max-video-preview:-1\" \/>\n<link rel=\"canonical\" href=\"https:\/\/lasentinelle.dz\/index.php\/2021\/10\/03\/concert-de-gnaoua-vibrations-et-choubbane-gnaoua-la-vie-culturelle-reprend-apres-le-confinement\/\" \/>\n<meta property=\"og:locale\" content=\"fr_FR\" \/>\n<meta property=\"og:type\" content=\"article\" \/>\n<meta property=\"og:title\" content=\"Concert de \u00ab Gnaoua Vibrations \u00bb et \u00ab Choubbane Gnaoua \u00bb : La vie culturelle reprend apr\u00e8s le confinement - La Sentinelle\" \/>\n<meta property=\"og:description\" content=\"Les groupes de musique \u00ab\u00a0Gnaoua Vibrations\u00a0\u00bb et \u00ab\u00a0Choubbane Gnaoua\u00a0\u00bb ont anim\u00e9, vendredi soir \u00e0 Alger, un concert de musique dans\" \/>\n<meta property=\"og:url\" content=\"https:\/\/lasentinelle.dz\/index.php\/2021\/10\/03\/concert-de-gnaoua-vibrations-et-choubbane-gnaoua-la-vie-culturelle-reprend-apres-le-confinement\/\" \/>\n<meta property=\"og:site_name\" content=\"La Sentinelle\" \/>\n<meta property=\"article:publisher\" content=\"https:\/\/www.facebook.com\/La-Sentinelle-104059864394773\" \/>\n<meta property=\"article:published_time\" content=\"2021-10-02T23:01:00+00:00\" \/>\n<meta property=\"og:image\" content=\"https:\/\/lasentinelle.dz\/wp-content\/uploads\/2021\/10\/Gnaoua-Vibrations-.jpeg\" \/>\n\t<meta property=\"og:image:width\" content=\"768\" \/>\n\t<meta property=\"og:image:height\" content=\"1032\" \/>\n\t<meta property=\"og:image:type\" content=\"image\/jpeg\" \/>\n<meta name=\"author\" content=\"La Sentinelle\" \/>\n<meta name=\"twitter:card\" content=\"summary_large_image\" \/>\n<meta name=\"twitter:label1\" content=\"\u00c9crit par\" \/>\n\t<meta name=\"twitter:data1\" content=\"La Sentinelle\" \/>\n\t<meta name=\"twitter:label2\" content=\"Dur\u00e9e de lecture estim\u00e9e\" \/>\n\t<meta name=\"twitter:data2\" content=\"3 minutes\" \/>\n<script type=\"application\/ld+json\" class=\"yoast-schema-graph\">{\"@context\":\"https:\\\/\\\/schema.org\",\"@graph\":[{\"@type\":\"Article\",\"@id\":\"https:\\\/\\\/lasentinelle.dz\\\/index.php\\\/2021\\\/10\\\/03\\\/concert-de-gnaoua-vibrations-et-choubbane-gnaoua-la-vie-culturelle-reprend-apres-le-confinement\\\/#article\",\"isPartOf\":{\"@id\":\"https:\\\/\\\/lasentinelle.dz\\\/index.php\\\/2021\\\/10\\\/03\\\/concert-de-gnaoua-vibrations-et-choubbane-gnaoua-la-vie-culturelle-reprend-apres-le-confinement\\\/\"},\"author\":{\"name\":\"La Sentinelle\",\"@id\":\"https:\\\/\\\/lasentinelle.dz\\\/#\\\/schema\\\/person\\\/d865044e22e70a75174ce8bcad3acfb3\"},\"headline\":\"Concert de \u00ab Gnaoua Vibrations \u00bb et \u00ab Choubbane Gnaoua \u00bb : La vie culturelle reprend apr\u00e8s le confinement\",\"datePublished\":\"2021-10-02T23:01:00+00:00\",\"mainEntityOfPage\":{\"@id\":\"https:\\\/\\\/lasentinelle.dz\\\/index.php\\\/2021\\\/10\\\/03\\\/concert-de-gnaoua-vibrations-et-choubbane-gnaoua-la-vie-culturelle-reprend-apres-le-confinement\\\/\"},\"wordCount\":673,\"commentCount\":0,\"publisher\":{\"@id\":\"https:\\\/\\\/lasentinelle.dz\\\/#organization\"},\"image\":{\"@id\":\"https:\\\/\\\/lasentinelle.dz\\\/index.php\\\/2021\\\/10\\\/03\\\/concert-de-gnaoua-vibrations-et-choubbane-gnaoua-la-vie-culturelle-reprend-apres-le-confinement\\\/#primaryimage\"},\"thumbnailUrl\":\"https:\\\/\\\/lasentinelle.dz\\\/wp-content\\\/uploads\\\/2021\\\/10\\\/Gnaoua-Vibrations-.jpeg\",\"articleSection\":[\"Culture\"],\"inLanguage\":\"fr-FR\",\"potentialAction\":[{\"@type\":\"CommentAction\",\"name\":\"Comment\",\"target\":[\"https:\\\/\\\/lasentinelle.dz\\\/index.php\\\/2021\\\/10\\\/03\\\/concert-de-gnaoua-vibrations-et-choubbane-gnaoua-la-vie-culturelle-reprend-apres-le-confinement\\\/#respond\"]}]},{\"@type\":\"WebPage\",\"@id\":\"https:\\\/\\\/lasentinelle.dz\\\/index.php\\\/2021\\\/10\\\/03\\\/concert-de-gnaoua-vibrations-et-choubbane-gnaoua-la-vie-culturelle-reprend-apres-le-confinement\\\/\",\"url\":\"https:\\\/\\\/lasentinelle.dz\\\/index.php\\\/2021\\\/10\\\/03\\\/concert-de-gnaoua-vibrations-et-choubbane-gnaoua-la-vie-culturelle-reprend-apres-le-confinement\\\/\",\"name\":\"Concert de \u00ab Gnaoua Vibrations \u00bb et \u00ab Choubbane Gnaoua \u00bb : La vie culturelle reprend apr\u00e8s le confinement - La Sentinelle\",\"isPartOf\":{\"@id\":\"https:\\\/\\\/lasentinelle.dz\\\/#website\"},\"primaryImageOfPage\":{\"@id\":\"https:\\\/\\\/lasentinelle.dz\\\/index.php\\\/2021\\\/10\\\/03\\\/concert-de-gnaoua-vibrations-et-choubbane-gnaoua-la-vie-culturelle-reprend-apres-le-confinement\\\/#primaryimage\"},\"image\":{\"@id\":\"https:\\\/\\\/lasentinelle.dz\\\/index.php\\\/2021\\\/10\\\/03\\\/concert-de-gnaoua-vibrations-et-choubbane-gnaoua-la-vie-culturelle-reprend-apres-le-confinement\\\/#primaryimage\"},\"thumbnailUrl\":\"https:\\\/\\\/lasentinelle.dz\\\/wp-content\\\/uploads\\\/2021\\\/10\\\/Gnaoua-Vibrations-.jpeg\",\"datePublished\":\"2021-10-02T23:01:00+00:00\",\"breadcrumb\":{\"@id\":\"https:\\\/\\\/lasentinelle.dz\\\/index.php\\\/2021\\\/10\\\/03\\\/concert-de-gnaoua-vibrations-et-choubbane-gnaoua-la-vie-culturelle-reprend-apres-le-confinement\\\/#breadcrumb\"},\"inLanguage\":\"fr-FR\",\"potentialAction\":[{\"@type\":\"ReadAction\",\"target\":[\"https:\\\/\\\/lasentinelle.dz\\\/index.php\\\/2021\\\/10\\\/03\\\/concert-de-gnaoua-vibrations-et-choubbane-gnaoua-la-vie-culturelle-reprend-apres-le-confinement\\\/\"]}]},{\"@type\":\"ImageObject\",\"inLanguage\":\"fr-FR\",\"@id\":\"https:\\\/\\\/lasentinelle.dz\\\/index.php\\\/2021\\\/10\\\/03\\\/concert-de-gnaoua-vibrations-et-choubbane-gnaoua-la-vie-culturelle-reprend-apres-le-confinement\\\/#primaryimage\",\"url\":\"https:\\\/\\\/lasentinelle.dz\\\/wp-content\\\/uploads\\\/2021\\\/10\\\/Gnaoua-Vibrations-.jpeg\",\"contentUrl\":\"https:\\\/\\\/lasentinelle.dz\\\/wp-content\\\/uploads\\\/2021\\\/10\\\/Gnaoua-Vibrations-.jpeg\",\"width\":768,\"height\":1032},{\"@type\":\"BreadcrumbList\",\"@id\":\"https:\\\/\\\/lasentinelle.dz\\\/index.php\\\/2021\\\/10\\\/03\\\/concert-de-gnaoua-vibrations-et-choubbane-gnaoua-la-vie-culturelle-reprend-apres-le-confinement\\\/#breadcrumb\",\"itemListElement\":[{\"@type\":\"ListItem\",\"position\":1,\"name\":\"Accueil\",\"item\":\"https:\\\/\\\/lasentinelle.dz\\\/\"},{\"@type\":\"ListItem\",\"position\":2,\"name\":\"Concert de \u00ab Gnaoua Vibrations \u00bb et \u00ab Choubbane Gnaoua \u00bb : La vie culturelle reprend apr\u00e8s le confinement\"}]},{\"@type\":\"WebSite\",\"@id\":\"https:\\\/\\\/lasentinelle.dz\\\/#website\",\"url\":\"https:\\\/\\\/lasentinelle.dz\\\/\",\"name\":\"La Sentinelle\",\"description\":\"Quotidien national d&#039;information\",\"publisher\":{\"@id\":\"https:\\\/\\\/lasentinelle.dz\\\/#organization\"},\"potentialAction\":[{\"@type\":\"SearchAction\",\"target\":{\"@type\":\"EntryPoint\",\"urlTemplate\":\"https:\\\/\\\/lasentinelle.dz\\\/?s={search_term_string}\"},\"query-input\":{\"@type\":\"PropertyValueSpecification\",\"valueRequired\":true,\"valueName\":\"search_term_string\"}}],\"inLanguage\":\"fr-FR\"},{\"@type\":\"Organization\",\"@id\":\"https:\\\/\\\/lasentinelle.dz\\\/#organization\",\"name\":\"Quotidien La Sentinelle\",\"url\":\"https:\\\/\\\/lasentinelle.dz\\\/\",\"logo\":{\"@type\":\"ImageObject\",\"inLanguage\":\"fr-FR\",\"@id\":\"https:\\\/\\\/lasentinelle.dz\\\/#\\\/schema\\\/logo\\\/image\\\/\",\"url\":\"https:\\\/\\\/lasentinelle.dz\\\/wp-content\\\/uploads\\\/2021\\\/09\\\/logo-sentinelleSLOGAN-1.png\",\"contentUrl\":\"https:\\\/\\\/lasentinelle.dz\\\/wp-content\\\/uploads\\\/2021\\\/09\\\/logo-sentinelleSLOGAN-1.png\",\"width\":615,\"height\":142,\"caption\":\"Quotidien La Sentinelle\"},\"image\":{\"@id\":\"https:\\\/\\\/lasentinelle.dz\\\/#\\\/schema\\\/logo\\\/image\\\/\"},\"sameAs\":[\"https:\\\/\\\/www.facebook.com\\\/La-Sentinelle-104059864394773\"]},{\"@type\":\"Person\",\"@id\":\"https:\\\/\\\/lasentinelle.dz\\\/#\\\/schema\\\/person\\\/d865044e22e70a75174ce8bcad3acfb3\",\"name\":\"La Sentinelle\",\"image\":{\"@type\":\"ImageObject\",\"inLanguage\":\"fr-FR\",\"@id\":\"https:\\\/\\\/secure.gravatar.com\\\/avatar\\\/57de8e5d4b15d43fb361a71fbb36338450fe67865b528a43dd10ef7c51a20392?s=96&d=mm&r=g\",\"url\":\"https:\\\/\\\/secure.gravatar.com\\\/avatar\\\/57de8e5d4b15d43fb361a71fbb36338450fe67865b528a43dd10ef7c51a20392?s=96&d=mm&r=g\",\"contentUrl\":\"https:\\\/\\\/secure.gravatar.com\\\/avatar\\\/57de8e5d4b15d43fb361a71fbb36338450fe67865b528a43dd10ef7c51a20392?s=96&d=mm&r=g\",\"caption\":\"La Sentinelle\"},\"sameAs\":[\"http:\\\/\\\/www.lasentinelle.dz\"],\"url\":\"https:\\\/\\\/lasentinelle.dz\\\/author\\\/redaction\\\/\"}]}<\/script>\n<!-- \/ Yoast SEO plugin. -->","yoast_head_json":{"title":"Concert de \u00ab Gnaoua Vibrations \u00bb et \u00ab Choubbane Gnaoua \u00bb : La vie culturelle reprend apr\u00e8s le confinement - La Sentinelle","robots":{"index":"index","follow":"follow","max-snippet":"max-snippet:-1","max-image-preview":"max-image-preview:large","max-video-preview":"max-video-preview:-1"},"canonical":"https:\/\/lasentinelle.dz\/index.php\/2021\/10\/03\/concert-de-gnaoua-vibrations-et-choubbane-gnaoua-la-vie-culturelle-reprend-apres-le-confinement\/","og_locale":"fr_FR","og_type":"article","og_title":"Concert de \u00ab Gnaoua Vibrations \u00bb et \u00ab Choubbane Gnaoua \u00bb : La vie culturelle reprend apr\u00e8s le confinement - La Sentinelle","og_description":"Les groupes de musique \u00ab\u00a0Gnaoua Vibrations\u00a0\u00bb et \u00ab\u00a0Choubbane Gnaoua\u00a0\u00bb ont anim\u00e9, vendredi soir \u00e0 Alger, un concert de musique dans","og_url":"https:\/\/lasentinelle.dz\/index.php\/2021\/10\/03\/concert-de-gnaoua-vibrations-et-choubbane-gnaoua-la-vie-culturelle-reprend-apres-le-confinement\/","og_site_name":"La Sentinelle","article_publisher":"https:\/\/www.facebook.com\/La-Sentinelle-104059864394773","article_published_time":"2021-10-02T23:01:00+00:00","og_image":[{"width":768,"height":1032,"url":"https:\/\/lasentinelle.dz\/wp-content\/uploads\/2021\/10\/Gnaoua-Vibrations-.jpeg","type":"image\/jpeg"}],"author":"La Sentinelle","twitter_card":"summary_large_image","twitter_misc":{"\u00c9crit par":"La Sentinelle","Dur\u00e9e de lecture estim\u00e9e":"3 minutes"},"schema":{"@context":"https:\/\/schema.org","@graph":[{"@type":"Article","@id":"https:\/\/lasentinelle.dz\/index.php\/2021\/10\/03\/concert-de-gnaoua-vibrations-et-choubbane-gnaoua-la-vie-culturelle-reprend-apres-le-confinement\/#article","isPartOf":{"@id":"https:\/\/lasentinelle.dz\/index.php\/2021\/10\/03\/concert-de-gnaoua-vibrations-et-choubbane-gnaoua-la-vie-culturelle-reprend-apres-le-confinement\/"},"author":{"name":"La Sentinelle","@id":"https:\/\/lasentinelle.dz\/#\/schema\/person\/d865044e22e70a75174ce8bcad3acfb3"},"headline":"Concert de \u00ab Gnaoua Vibrations \u00bb et \u00ab Choubbane Gnaoua \u00bb : La vie culturelle reprend apr\u00e8s le confinement","datePublished":"2021-10-02T23:01:00+00:00","mainEntityOfPage":{"@id":"https:\/\/lasentinelle.dz\/index.php\/2021\/10\/03\/concert-de-gnaoua-vibrations-et-choubbane-gnaoua-la-vie-culturelle-reprend-apres-le-confinement\/"},"wordCount":673,"commentCount":0,"publisher":{"@id":"https:\/\/lasentinelle.dz\/#organization"},"image":{"@id":"https:\/\/lasentinelle.dz\/index.php\/2021\/10\/03\/concert-de-gnaoua-vibrations-et-choubbane-gnaoua-la-vie-culturelle-reprend-apres-le-confinement\/#primaryimage"},"thumbnailUrl":"https:\/\/lasentinelle.dz\/wp-content\/uploads\/2021\/10\/Gnaoua-Vibrations-.jpeg","articleSection":["Culture"],"inLanguage":"fr-FR","potentialAction":[{"@type":"CommentAction","name":"Comment","target":["https:\/\/lasentinelle.dz\/index.php\/2021\/10\/03\/concert-de-gnaoua-vibrations-et-choubbane-gnaoua-la-vie-culturelle-reprend-apres-le-confinement\/#respond"]}]},{"@type":"WebPage","@id":"https:\/\/lasentinelle.dz\/index.php\/2021\/10\/03\/concert-de-gnaoua-vibrations-et-choubbane-gnaoua-la-vie-culturelle-reprend-apres-le-confinement\/","url":"https:\/\/lasentinelle.dz\/index.php\/2021\/10\/03\/concert-de-gnaoua-vibrations-et-choubbane-gnaoua-la-vie-culturelle-reprend-apres-le-confinement\/","name":"Concert de \u00ab Gnaoua Vibrations \u00bb et \u00ab Choubbane Gnaoua \u00bb : La vie culturelle reprend apr\u00e8s le confinement - La Sentinelle","isPartOf":{"@id":"https:\/\/lasentinelle.dz\/#website"},"primaryImageOfPage":{"@id":"https:\/\/lasentinelle.dz\/index.php\/2021\/10\/03\/concert-de-gnaoua-vibrations-et-choubbane-gnaoua-la-vie-culturelle-reprend-apres-le-confinement\/#primaryimage"},"image":{"@id":"https:\/\/lasentinelle.dz\/index.php\/2021\/10\/03\/concert-de-gnaoua-vibrations-et-choubbane-gnaoua-la-vie-culturelle-reprend-apres-le-confinement\/#primaryimage"},"thumbnailUrl":"https:\/\/lasentinelle.dz\/wp-content\/uploads\/2021\/10\/Gnaoua-Vibrations-.jpeg","datePublished":"2021-10-02T23:01:00+00:00","breadcrumb":{"@id":"https:\/\/lasentinelle.dz\/index.php\/2021\/10\/03\/concert-de-gnaoua-vibrations-et-choubbane-gnaoua-la-vie-culturelle-reprend-apres-le-confinement\/#breadcrumb"},"inLanguage":"fr-FR","potentialAction":[{"@type":"ReadAction","target":["https:\/\/lasentinelle.dz\/index.php\/2021\/10\/03\/concert-de-gnaoua-vibrations-et-choubbane-gnaoua-la-vie-culturelle-reprend-apres-le-confinement\/"]}]},{"@type":"ImageObject","inLanguage":"fr-FR","@id":"https:\/\/lasentinelle.dz\/index.php\/2021\/10\/03\/concert-de-gnaoua-vibrations-et-choubbane-gnaoua-la-vie-culturelle-reprend-apres-le-confinement\/#primaryimage","url":"https:\/\/lasentinelle.dz\/wp-content\/uploads\/2021\/10\/Gnaoua-Vibrations-.jpeg","contentUrl":"https:\/\/lasentinelle.dz\/wp-content\/uploads\/2021\/10\/Gnaoua-Vibrations-.jpeg","width":768,"height":1032},{"@type":"BreadcrumbList","@id":"https:\/\/lasentinelle.dz\/index.php\/2021\/10\/03\/concert-de-gnaoua-vibrations-et-choubbane-gnaoua-la-vie-culturelle-reprend-apres-le-confinement\/#breadcrumb","itemListElement":[{"@type":"ListItem","position":1,"name":"Accueil","item":"https:\/\/lasentinelle.dz\/"},{"@type":"ListItem","position":2,"name":"Concert de \u00ab Gnaoua Vibrations \u00bb et \u00ab Choubbane Gnaoua \u00bb : La vie culturelle reprend apr\u00e8s le confinement"}]},{"@type":"WebSite","@id":"https:\/\/lasentinelle.dz\/#website","url":"https:\/\/lasentinelle.dz\/","name":"La Sentinelle","description":"Quotidien national d&#039;information","publisher":{"@id":"https:\/\/lasentinelle.dz\/#organization"},"potentialAction":[{"@type":"SearchAction","target":{"@type":"EntryPoint","urlTemplate":"https:\/\/lasentinelle.dz\/?s={search_term_string}"},"query-input":{"@type":"PropertyValueSpecification","valueRequired":true,"valueName":"search_term_string"}}],"inLanguage":"fr-FR"},{"@type":"Organization","@id":"https:\/\/lasentinelle.dz\/#organization","name":"Quotidien La Sentinelle","url":"https:\/\/lasentinelle.dz\/","logo":{"@type":"ImageObject","inLanguage":"fr-FR","@id":"https:\/\/lasentinelle.dz\/#\/schema\/logo\/image\/","url":"https:\/\/lasentinelle.dz\/wp-content\/uploads\/2021\/09\/logo-sentinelleSLOGAN-1.png","contentUrl":"https:\/\/lasentinelle.dz\/wp-content\/uploads\/2021\/09\/logo-sentinelleSLOGAN-1.png","width":615,"height":142,"caption":"Quotidien La Sentinelle"},"image":{"@id":"https:\/\/lasentinelle.dz\/#\/schema\/logo\/image\/"},"sameAs":["https:\/\/www.facebook.com\/La-Sentinelle-104059864394773"]},{"@type":"Person","@id":"https:\/\/lasentinelle.dz\/#\/schema\/person\/d865044e22e70a75174ce8bcad3acfb3","name":"La Sentinelle","image":{"@type":"ImageObject","inLanguage":"fr-FR","@id":"https:\/\/secure.gravatar.com\/avatar\/57de8e5d4b15d43fb361a71fbb36338450fe67865b528a43dd10ef7c51a20392?s=96&d=mm&r=g","url":"https:\/\/secure.gravatar.com\/avatar\/57de8e5d4b15d43fb361a71fbb36338450fe67865b528a43dd10ef7c51a20392?s=96&d=mm&r=g","contentUrl":"https:\/\/secure.gravatar.com\/avatar\/57de8e5d4b15d43fb361a71fbb36338450fe67865b528a43dd10ef7c51a20392?s=96&d=mm&r=g","caption":"La Sentinelle"},"sameAs":["http:\/\/www.lasentinelle.dz"],"url":"https:\/\/lasentinelle.dz\/author\/redaction\/"}]}},"_links":{"self":[{"href":"https:\/\/lasentinelle.dz\/index.php\/wp-json\/wp\/v2\/posts\/9631","targetHints":{"allow":["GET"]}}],"collection":[{"href":"https:\/\/lasentinelle.dz\/index.php\/wp-json\/wp\/v2\/posts"}],"about":[{"href":"https:\/\/lasentinelle.dz\/index.php\/wp-json\/wp\/v2\/types\/post"}],"author":[{"embeddable":true,"href":"https:\/\/lasentinelle.dz\/index.php\/wp-json\/wp\/v2\/users\/3"}],"replies":[{"embeddable":true,"href":"https:\/\/lasentinelle.dz\/index.php\/wp-json\/wp\/v2\/comments?post=9631"}],"version-history":[{"count":1,"href":"https:\/\/lasentinelle.dz\/index.php\/wp-json\/wp\/v2\/posts\/9631\/revisions"}],"predecessor-version":[{"id":9644,"href":"https:\/\/lasentinelle.dz\/index.php\/wp-json\/wp\/v2\/posts\/9631\/revisions\/9644"}],"wp:featuredmedia":[{"embeddable":true,"href":"https:\/\/lasentinelle.dz\/index.php\/wp-json\/wp\/v2\/media\/9643"}],"wp:attachment":[{"href":"https:\/\/lasentinelle.dz\/index.php\/wp-json\/wp\/v2\/media?parent=9631"}],"wp:term":[{"taxonomy":"category","embeddable":true,"href":"https:\/\/lasentinelle.dz\/index.php\/wp-json\/wp\/v2\/categories?post=9631"},{"taxonomy":"post_tag","embeddable":true,"href":"https:\/\/lasentinelle.dz\/index.php\/wp-json\/wp\/v2\/tags?post=9631"}],"curies":[{"name":"wp","href":"https:\/\/api.w.org\/{rel}","templated":true}]}}