{"id":9632,"date":"2021-10-03T00:01:00","date_gmt":"2021-10-02T23:01:00","guid":{"rendered":"https:\/\/lasentinelle.dz\/?p=9632"},"modified":"2021-10-02T15:15:13","modified_gmt":"2021-10-02T14:15:13","slug":"leconomie-sous-lemprise-de-la-geopolitique","status":"publish","type":"post","link":"https:\/\/lasentinelle.dz\/index.php\/2021\/10\/03\/leconomie-sous-lemprise-de-la-geopolitique\/","title":{"rendered":"L&rsquo;\u00e9conomie sous l&#8217;emprise de la g\u00e9opolitique"},"content":{"rendered":"\n<p><\/p>\n\n\n\n<p><strong>par Jean Pisani-Ferry<\/strong><\/p>\n\n\n\n<figure class=\"wp-block-image size-large is-resized\"><img decoding=\"async\" src=\"https:\/\/lasentinelle.dz\/wp-content\/uploads\/2021\/10\/jean-pisani-ferry-2-edited.jpg\" alt=\"\" class=\"wp-image-9638\" width=\"117\" srcset=\"https:\/\/lasentinelle.dz\/wp-content\/uploads\/2021\/10\/jean-pisani-ferry-2-edited.jpg 797w, https:\/\/lasentinelle.dz\/wp-content\/uploads\/2021\/10\/jean-pisani-ferry-2-edited-300x242.jpg 300w, https:\/\/lasentinelle.dz\/wp-content\/uploads\/2021\/10\/jean-pisani-ferry-2-edited-768x619.jpg 768w\" sizes=\"(max-width: 797px) 100vw, 797px\" \/><figcaption><strong>Jean Pisani-Ferry<\/strong>, senior fellow au think tank Bruegel bas\u00e9 \u00e0 Bruxelles et senior non-resident fellow au Peterson Institute for International Economics, est titulaire de la chaire Tommaso Padoa-Schioppa \u00e0 l&rsquo;Institut universitaire europ\u00e9en.<\/figcaption><\/figure>\n\n\n\n<p>Les choix g\u00e9opolitiques, dans plusieurs conflits commerciaux r\u00e9cents, tendent \u00e0 l\u2019emporter sur les logiques \u00e9conomiques. Quelles sont les cons\u00e9quences de ce nouveau privil\u00e8ge de la g\u00e9opolitique ? Les \u00e9conomistes cherchent \u00e0 d\u00e9passer les jeux \u00e0 somme nulle, o\u00f9 chaque gain d\u2019un acteur implique une perte pour son adversaire. Les choix coop\u00e9ratifs vont-ils s\u2019effacer dans le retour des conflits des puissance ?<\/p>\n\n\n\n<p>De l&rsquo;affaire Huawei \u00e0 l&rsquo;\u00e9pisode AUKUS et au-del\u00e0, une nouvelle r\u00e9alit\u00e9 secoue l&rsquo;\u00e9conomie mondiale : la prise de contr\u00f4le, le plus souvent hostile, de l&rsquo;\u00e9conomie internationale par la g\u00e9opolitique. Ce processus n&rsquo;en est probablement qu&rsquo;\u00e0 ses d\u00e9buts. Il va falloir s\u2019accommoder de ce nouveau contexte.<\/p>\n\n\n\n<p>Bien s\u00fbr, l&rsquo;\u00e9conomie et la g\u00e9opolitique n&rsquo;ont jamais \u00e9t\u00e9 des domaines compl\u00e8tement s\u00e9par\u00e9s. L&rsquo;ordre \u00e9conomique lib\u00e9ral de l&rsquo;apr\u00e8s-guerre avait \u00e9t\u00e9 con\u00e7u par des \u00e9conomistes, mais sur la base d&rsquo;un plan-masse \u00e9labor\u00e9 par les strat\u00e8ges. Les d\u00e9cideurs am\u00e9ricains de l\u2019\u00e9poque savaient ce qu&rsquo;ils voulaient : ce qu&rsquo;un rapport du Conseil national de s\u00e9curit\u00e9 de 1950 appelait un \u00ab\u00a0environnement mondial dans lequel le syst\u00e8me am\u00e9ricain [puisse] survivre et s&rsquo;\u00e9panouir\u00a0\u00bb. De ce point de vue, la prosp\u00e9rit\u00e9 du monde libre fut le moyen (efficace) de contenir et, en fin de compte, de vaincre le communisme sovi\u00e9tique. Et l&rsquo;ordre lib\u00e9ral fut le moyen de parvenir \u00e0 cette prosp\u00e9rit\u00e9.<\/p>\n\n\n\n<p>Mais si l&rsquo;objectif ultime \u00e9tait g\u00e9opolitique, les relations \u00e9conomiques internationales ont \u00e9t\u00e9 pendant 70 ans fa\u00e7onn\u00e9es par leurs propres r\u00e8gles. \u00c0 l&rsquo;occasion certes, des d\u00e9cisions concr\u00e8tes furent biais\u00e9es par la g\u00e9opolitique : pour les \u00c9tats-Unis, accorder une aide financi\u00e8re du Fonds mon\u00e9taire international au Mexique n&rsquo;a jamais \u00e9t\u00e9 la m\u00eame chose que de l&rsquo;accorder \u00e0 l&rsquo;Indon\u00e9sie. Malgr\u00e9 des entorses occasionnelles, cependant, les principes r\u00e9gissant les politiques commerciales ou les politiques de change \u00e9taient strictement \u00e9conomiques.<\/p>\n\n\n\n<p>La fin de la guerre froide a temporairement plac\u00e9 les \u00e9conomistes au sommet. Pendant les trois d\u00e9cennies qui ont suivi, les ministres des finances et les banquiers centraux ont cru qu&rsquo;ils dirigeaient le monde. Comme l&rsquo;ont soulign\u00e9 en 2020 Jake Sullivan (aujourd&rsquo;hui conseiller en mati\u00e8re de s\u00e9curit\u00e9 nationale du pr\u00e9sident Joe Biden) et Jennifer Harris, la gestion de la mondialisation avait \u00e9t\u00e9 confi\u00e9e \u00e0 \u00ab\u00a0une petite communaut\u00e9 d&rsquo;experts\u00a0\u00bb. L\u00e0 encore, il y avait un objectif g\u00e9opolitique sous-jacent : de la m\u00eame mani\u00e8re que l&rsquo;ouverture \u00e9conomique avait contribu\u00e9 \u00e0 l&rsquo;effondrement de l&rsquo;Union sovi\u00e9tique, elle devait entra\u00eener la convergence de la Chine vers le mod\u00e8le occidental. Mais pour le reste, l&rsquo;ing\u00e9rence est rest\u00e9e limit\u00e9e.<\/p>\n\n\n\n<p>L&rsquo;essor de la Chine et sa rivalit\u00e9 croissante avec les \u00c9tats-Unis ont mis fin \u00e0 cette \u00e9poque. Avec l&rsquo;\u00e9chec de la convergence par l&rsquo;int\u00e9gration \u00e9conomique, la g\u00e9opolitique est revenue sur le devant de la sc\u00e8ne. L&rsquo;accent mis par Biden sur le d\u00e9fi chinois et sa d\u00e9cision de ne pas d\u00e9manteler les restrictions commerciales mises en place par son pr\u00e9d\u00e9cesseur, Donald Trump, confirment que les \u00c9tats-Unis sont entr\u00e9s dans une nouvelle \u00e8re o\u00f9 la politique \u00e9trang\u00e8re a pris le pas sur l&rsquo;\u00e9conomie.<\/p>\n\n\n\n<p>En Chine, une telle prise de pouvoir \u00e9tait d\u00e9j\u00e0 faite. Bien que les dirigeants du pays affichent r\u00e9guli\u00e8rement leur soutien au multilat\u00e9ralisme, sa tradition historique autant que sa philosophie de gouvernance mettent l&rsquo;accent sur le contr\u00f4le politique des relations \u00e9conomiques int\u00e9rieures et surtout ext\u00e9rieures. L&rsquo;initiative transnationale des \u00ab\u00a0Nouvelles Routes de la soie\u00a0\u00bb incarne bien ce mod\u00e8le : comme Anna Gelpern de l&rsquo;Universit\u00e9 de Georgetown et ses co-auteurs l&rsquo;ont r\u00e9cemment montr\u00e9, les contrats de pr\u00eat chinois destin\u00e9s \u00e0 financer les infrastructures dans les pays en d\u00e9veloppement sont opaques, impliquent une conditionnalit\u00e9 politique et excluent explicitement la restructuration de la dette par les proc\u00e9dures multilat\u00e9rales.<\/p>\n\n\n\n<p>M\u00eame en Europe, o\u00f9 la croyance en la primaut\u00e9 de l&rsquo;\u00e9conomie \u00e9tait la plus ancr\u00e9e, les choses ont commenc\u00e9 \u00e0 changer. \u00ab\u00a0Le c\u0153ur battant du projet mondialiste est \u00e0 Bruxelles\u00a0\u00bb, d\u00e9clarait avec m\u00e9pris l&rsquo;agitateur populiste am\u00e9ricain Steve Bannon en 2018. C&rsquo;\u00e9tait en fait vrai : la primaut\u00e9 des r\u00e8gles communes sur les choix discr\u00e9tionnaires des \u00c9tats fait partie de l&rsquo;ADN de l&rsquo;Europe. Mais l&rsquo;Union europ\u00e9enne s\u2019\u00e9veille elle aussi \u00e0 la nouvelle r\u00e9alit\u00e9. D\u00e8s 2019, la pr\u00e9sidente de la Commission europ\u00e9enne Ursula von der Leyen a commenc\u00e9 \u00e0 \u00e9voquer une \u00ab\u00a0commission g\u00e9opolitique.\u00a0\u00bb<\/p>\n\n\n\n<p>La question est de savoir ce que ce regain d&rsquo;attention g\u00e9opolitique implique r\u00e9ellement. La plupart des experts en politique \u00e9trang\u00e8re envisagent les relations internationales comme un jeu de pouvoir. Leurs mod\u00e8les implicites sont souvent des jeux \u00e0 somme nulle o\u00f9 le gain pour un pays est une perte pour un autre. Les \u00e9conomistes, en revanche, s&rsquo;int\u00e9ressent davantage aux gains que les transactions transfrontali\u00e8res ou les actions conjointes apportent \u00e0 toutes les parties. Leur concept de r\u00e9f\u00e9rence pour les relations \u00e9conomiques internationales est le jeu \u00e0 somme positive. Ils envisagent des acteurs ind\u00e9pendants qui concluent volontairement des accords mutuellement b\u00e9n\u00e9fiques.<\/p>\n\n\n\n<p>Dans un article de 2019, M. Sullivan et Kurt Campbell (qui dirige aujourd&rsquo;hui la politique asiatique au Conseil national de s\u00e9curit\u00e9 de Joe Biden) ont pr\u00e9sent\u00e9 un plan de \u00ab\u00a0concurrence sans catastrophe\u00a0\u00bb entre les \u00c9tats-Unis et la Chine. Leur sch\u00e9ma combinait une r\u00e9ciprocit\u00e9 commerciale g\u00e9n\u00e9ralis\u00e9e avec la Chine, la formation d&rsquo;un club de d\u00e9mocraties de march\u00e9 profond\u00e9ment int\u00e9gr\u00e9es (dont l&rsquo;acc\u00e8s serait conditionn\u00e9 \u00e0 un alignement \u00e9conomique) et un s\u00e9quen\u00e7age politique dans lequel la concurrence avec la Chine serait l&rsquo;option par d\u00e9faut, la coop\u00e9ration \u00e9tant conditionn\u00e9e au \u00ab&nbsp;bon comportement&nbsp;\u00bb de P\u00e9kin. Ils rejetaient \u00e9galement tout lien entre des concessions am\u00e9ricaines et une coop\u00e9ration chinoise dans la gestion des biens communs mondiaux tels que le climat.<\/p>\n\n\n\n<p>La strat\u00e9gie est claire, mais l&rsquo;administration Biden n&rsquo;a pas encore indiqu\u00e9 si elle avait vraiment l&rsquo;intention de la mettre en \u0153uvre. Les difficult\u00e9s \u00e9conomiques de la classe moyenne am\u00e9ricaine et la r\u00e9ticence persistante \u00e0 l&rsquo;ouverture commerciale qui en r\u00e9sulte contredisent les objectifs g\u00e9opolitiques et rendent les intentions de l&rsquo;Am\u00e9rique difficiles \u00e0 lire. Les sp\u00e9cialistes de la politique \u00e9trang\u00e8re l&rsquo;ont peut-\u00eatre emport\u00e9 sur les \u00e9conomistes, mais la politique int\u00e9rieure r\u00e8gne en ma\u00eetre. Dans ces conditions, la lucidit\u00e9 n\u2019est pas aux commandes.<\/p>\n\n\n\n<p>La Chine, quant \u00e0 elle, refuse cat\u00e9goriquement de s\u00e9parer la coop\u00e9ration en mati\u00e8re de climat de ses discussions plus larges avec les \u00c9tats-Unis, et elle a r\u00e9cemment pris ces derniers \u00e0 contre-pied en demandant \u00e0 rejoindre l&rsquo;accord global et progressif pour le partenariat transpacifique (CCCTP), un pacte commercial r\u00e9gional que le pr\u00e9sident Barack Obama avait con\u00e7u pour isoler la Chine mais que Trump a choisi de quitter. Au lieu de rester isol\u00e9e, la Chine essaie de d\u00e9jouer les plans des \u00c9tats-Unis.<\/p>\n\n\n\n<p>Paradoxalement, l&rsquo;Europe se rapproche de la d\u00e9finition de sa position. Elle croit toujours aux r\u00e8gles mondiales et s&rsquo;efforce en priorit\u00e9 de persuader ses partenaires de les n\u00e9gocier et de les faire respecter, mais elle est pr\u00eate \u00e0 agir seule. \u00ab\u00a0Autonomie strat\u00e9gique ouverte\u00a0\u00bb, son nouveau slogan, semblait \u00eatre un oxymore. Mais l&rsquo;UE semble d\u00e9sormais savoir ce que cela signifie : pour reprendre les termes de Sabine Weyand, directrice g\u00e9n\u00e9rale du commerce de l&rsquo;UE, ce concept implique de \u00ab\u00a0travailler avec les autres chaque fois que nous le pouvons, et de travailler de mani\u00e8re autonome chaque fois que nous le devons\u00a0\u00bb. Dans un monde plus g\u00e9opolitique, cela pourrait bien devenir le credo de l&rsquo;Europe.<\/p>\n\n\n\n<p><strong>Copyright: Project Syndicate, 2021.<\/strong><strong>\u2028<\/strong><strong><\/strong><\/p>\n\n\n\n<p><strong>www.project-syndicate.org<\/strong><\/p>\n\n\n\n<p><\/p>\n","protected":false},"excerpt":{"rendered":"<p>par Jean Pisani-Ferry Les choix g\u00e9opolitiques, dans plusieurs conflits commerciaux r\u00e9cents, tendent \u00e0 l\u2019emporter sur les logiques \u00e9conomiques. Quelles sont<\/p>\n","protected":false},"author":3,"featured_media":9636,"comment_status":"open","ping_status":"closed","sticky":false,"template":"","format":"standard","meta":{"colormag_page_container_layout":"default_layout","colormag_page_sidebar_layout":"default_layout","om_disable_all_campaigns":false,"_monsterinsights_skip_tracking":false,"_monsterinsights_sitenote_active":false,"_monsterinsights_sitenote_note":"","_monsterinsights_sitenote_category":0,"footnotes":"","_wpscppro_dont_share_socialmedia":false,"_wpscppro_custom_social_share_image":0,"_facebook_share_type":"","_twitter_share_type":"","_linkedin_share_type":"","_pinterest_share_type":"","_linkedin_share_type_page":"","_instagram_share_type":"","_medium_share_type":"","_threads_share_type":"","_google_business_share_type":"","_selected_social_profile":[],"_wpsp_enable_custom_social_template":false,"_wpsp_social_scheduling":{"enabled":false,"datetime":null,"platforms":[],"status":"template_only","dateOption":"today","timeOption":"now","customDays":"","customHours":"","customDate":"","customTime":"","schedulingType":"absolute"},"_wpsp_active_default_template":true},"categories":[38],"tags":[],"class_list":["post-9632","post","type-post","status-publish","format-standard","has-post-thumbnail","hentry","category-debats"],"aioseo_notices":[],"yoast_head":"<!-- This site is optimized with the Yoast SEO plugin v27.5 - https:\/\/yoast.com\/product\/yoast-seo-wordpress\/ -->\n<title>L&#039;\u00e9conomie sous l&#039;emprise de la g\u00e9opolitique - La Sentinelle<\/title>\n<meta name=\"robots\" content=\"index, follow, max-snippet:-1, max-image-preview:large, max-video-preview:-1\" \/>\n<link rel=\"canonical\" href=\"https:\/\/lasentinelle.dz\/index.php\/2021\/10\/03\/leconomie-sous-lemprise-de-la-geopolitique\/\" \/>\n<meta property=\"og:locale\" content=\"fr_FR\" \/>\n<meta property=\"og:type\" content=\"article\" \/>\n<meta property=\"og:title\" content=\"L&#039;\u00e9conomie sous l&#039;emprise de la g\u00e9opolitique - La Sentinelle\" \/>\n<meta property=\"og:description\" content=\"par Jean Pisani-Ferry Les choix g\u00e9opolitiques, dans plusieurs conflits commerciaux r\u00e9cents, tendent \u00e0 l\u2019emporter sur les logiques \u00e9conomiques. Quelles sont\" \/>\n<meta property=\"og:url\" content=\"https:\/\/lasentinelle.dz\/index.php\/2021\/10\/03\/leconomie-sous-lemprise-de-la-geopolitique\/\" \/>\n<meta property=\"og:site_name\" content=\"La Sentinelle\" \/>\n<meta property=\"article:publisher\" content=\"https:\/\/www.facebook.com\/La-Sentinelle-104059864394773\" \/>\n<meta property=\"article:published_time\" content=\"2021-10-02T23:01:00+00:00\" \/>\n<meta property=\"og:image\" content=\"https:\/\/lasentinelle.dz\/wp-content\/uploads\/2021\/10\/geopolitique.jpeg\" \/>\n\t<meta property=\"og:image:width\" content=\"820\" \/>\n\t<meta property=\"og:image:height\" content=\"550\" \/>\n\t<meta property=\"og:image:type\" content=\"image\/jpeg\" \/>\n<meta name=\"author\" content=\"La Sentinelle\" \/>\n<meta name=\"twitter:card\" content=\"summary_large_image\" \/>\n<meta name=\"twitter:label1\" content=\"\u00c9crit par\" \/>\n\t<meta name=\"twitter:data1\" content=\"La Sentinelle\" \/>\n\t<meta name=\"twitter:label2\" content=\"Dur\u00e9e de lecture estim\u00e9e\" \/>\n\t<meta name=\"twitter:data2\" content=\"6 minutes\" \/>\n<script type=\"application\/ld+json\" class=\"yoast-schema-graph\">{\"@context\":\"https:\\\/\\\/schema.org\",\"@graph\":[{\"@type\":\"Article\",\"@id\":\"https:\\\/\\\/lasentinelle.dz\\\/index.php\\\/2021\\\/10\\\/03\\\/leconomie-sous-lemprise-de-la-geopolitique\\\/#article\",\"isPartOf\":{\"@id\":\"https:\\\/\\\/lasentinelle.dz\\\/index.php\\\/2021\\\/10\\\/03\\\/leconomie-sous-lemprise-de-la-geopolitique\\\/\"},\"author\":{\"name\":\"La Sentinelle\",\"@id\":\"https:\\\/\\\/lasentinelle.dz\\\/#\\\/schema\\\/person\\\/d865044e22e70a75174ce8bcad3acfb3\"},\"headline\":\"L&rsquo;\u00e9conomie sous l&#8217;emprise de la g\u00e9opolitique\",\"datePublished\":\"2021-10-02T23:01:00+00:00\",\"mainEntityOfPage\":{\"@id\":\"https:\\\/\\\/lasentinelle.dz\\\/index.php\\\/2021\\\/10\\\/03\\\/leconomie-sous-lemprise-de-la-geopolitique\\\/\"},\"wordCount\":1394,\"commentCount\":0,\"publisher\":{\"@id\":\"https:\\\/\\\/lasentinelle.dz\\\/#organization\"},\"image\":{\"@id\":\"https:\\\/\\\/lasentinelle.dz\\\/index.php\\\/2021\\\/10\\\/03\\\/leconomie-sous-lemprise-de-la-geopolitique\\\/#primaryimage\"},\"thumbnailUrl\":\"https:\\\/\\\/lasentinelle.dz\\\/wp-content\\\/uploads\\\/2021\\\/10\\\/geopolitique.jpeg\",\"articleSection\":[\"D\u00e9bats\"],\"inLanguage\":\"fr-FR\",\"potentialAction\":[{\"@type\":\"CommentAction\",\"name\":\"Comment\",\"target\":[\"https:\\\/\\\/lasentinelle.dz\\\/index.php\\\/2021\\\/10\\\/03\\\/leconomie-sous-lemprise-de-la-geopolitique\\\/#respond\"]}]},{\"@type\":\"WebPage\",\"@id\":\"https:\\\/\\\/lasentinelle.dz\\\/index.php\\\/2021\\\/10\\\/03\\\/leconomie-sous-lemprise-de-la-geopolitique\\\/\",\"url\":\"https:\\\/\\\/lasentinelle.dz\\\/index.php\\\/2021\\\/10\\\/03\\\/leconomie-sous-lemprise-de-la-geopolitique\\\/\",\"name\":\"L'\u00e9conomie sous l'emprise de la g\u00e9opolitique - La Sentinelle\",\"isPartOf\":{\"@id\":\"https:\\\/\\\/lasentinelle.dz\\\/#website\"},\"primaryImageOfPage\":{\"@id\":\"https:\\\/\\\/lasentinelle.dz\\\/index.php\\\/2021\\\/10\\\/03\\\/leconomie-sous-lemprise-de-la-geopolitique\\\/#primaryimage\"},\"image\":{\"@id\":\"https:\\\/\\\/lasentinelle.dz\\\/index.php\\\/2021\\\/10\\\/03\\\/leconomie-sous-lemprise-de-la-geopolitique\\\/#primaryimage\"},\"thumbnailUrl\":\"https:\\\/\\\/lasentinelle.dz\\\/wp-content\\\/uploads\\\/2021\\\/10\\\/geopolitique.jpeg\",\"datePublished\":\"2021-10-02T23:01:00+00:00\",\"breadcrumb\":{\"@id\":\"https:\\\/\\\/lasentinelle.dz\\\/index.php\\\/2021\\\/10\\\/03\\\/leconomie-sous-lemprise-de-la-geopolitique\\\/#breadcrumb\"},\"inLanguage\":\"fr-FR\",\"potentialAction\":[{\"@type\":\"ReadAction\",\"target\":[\"https:\\\/\\\/lasentinelle.dz\\\/index.php\\\/2021\\\/10\\\/03\\\/leconomie-sous-lemprise-de-la-geopolitique\\\/\"]}]},{\"@type\":\"ImageObject\",\"inLanguage\":\"fr-FR\",\"@id\":\"https:\\\/\\\/lasentinelle.dz\\\/index.php\\\/2021\\\/10\\\/03\\\/leconomie-sous-lemprise-de-la-geopolitique\\\/#primaryimage\",\"url\":\"https:\\\/\\\/lasentinelle.dz\\\/wp-content\\\/uploads\\\/2021\\\/10\\\/geopolitique.jpeg\",\"contentUrl\":\"https:\\\/\\\/lasentinelle.dz\\\/wp-content\\\/uploads\\\/2021\\\/10\\\/geopolitique.jpeg\",\"width\":820,\"height\":550},{\"@type\":\"BreadcrumbList\",\"@id\":\"https:\\\/\\\/lasentinelle.dz\\\/index.php\\\/2021\\\/10\\\/03\\\/leconomie-sous-lemprise-de-la-geopolitique\\\/#breadcrumb\",\"itemListElement\":[{\"@type\":\"ListItem\",\"position\":1,\"name\":\"Accueil\",\"item\":\"https:\\\/\\\/lasentinelle.dz\\\/\"},{\"@type\":\"ListItem\",\"position\":2,\"name\":\"L&rsquo;\u00e9conomie sous l&#8217;emprise de la g\u00e9opolitique\"}]},{\"@type\":\"WebSite\",\"@id\":\"https:\\\/\\\/lasentinelle.dz\\\/#website\",\"url\":\"https:\\\/\\\/lasentinelle.dz\\\/\",\"name\":\"La Sentinelle\",\"description\":\"Quotidien national d&#039;information\",\"publisher\":{\"@id\":\"https:\\\/\\\/lasentinelle.dz\\\/#organization\"},\"potentialAction\":[{\"@type\":\"SearchAction\",\"target\":{\"@type\":\"EntryPoint\",\"urlTemplate\":\"https:\\\/\\\/lasentinelle.dz\\\/?s={search_term_string}\"},\"query-input\":{\"@type\":\"PropertyValueSpecification\",\"valueRequired\":true,\"valueName\":\"search_term_string\"}}],\"inLanguage\":\"fr-FR\"},{\"@type\":\"Organization\",\"@id\":\"https:\\\/\\\/lasentinelle.dz\\\/#organization\",\"name\":\"Quotidien La Sentinelle\",\"url\":\"https:\\\/\\\/lasentinelle.dz\\\/\",\"logo\":{\"@type\":\"ImageObject\",\"inLanguage\":\"fr-FR\",\"@id\":\"https:\\\/\\\/lasentinelle.dz\\\/#\\\/schema\\\/logo\\\/image\\\/\",\"url\":\"https:\\\/\\\/lasentinelle.dz\\\/wp-content\\\/uploads\\\/2021\\\/09\\\/logo-sentinelleSLOGAN-1.png\",\"contentUrl\":\"https:\\\/\\\/lasentinelle.dz\\\/wp-content\\\/uploads\\\/2021\\\/09\\\/logo-sentinelleSLOGAN-1.png\",\"width\":615,\"height\":142,\"caption\":\"Quotidien La Sentinelle\"},\"image\":{\"@id\":\"https:\\\/\\\/lasentinelle.dz\\\/#\\\/schema\\\/logo\\\/image\\\/\"},\"sameAs\":[\"https:\\\/\\\/www.facebook.com\\\/La-Sentinelle-104059864394773\"]},{\"@type\":\"Person\",\"@id\":\"https:\\\/\\\/lasentinelle.dz\\\/#\\\/schema\\\/person\\\/d865044e22e70a75174ce8bcad3acfb3\",\"name\":\"La Sentinelle\",\"image\":{\"@type\":\"ImageObject\",\"inLanguage\":\"fr-FR\",\"@id\":\"https:\\\/\\\/secure.gravatar.com\\\/avatar\\\/57de8e5d4b15d43fb361a71fbb36338450fe67865b528a43dd10ef7c51a20392?s=96&d=mm&r=g\",\"url\":\"https:\\\/\\\/secure.gravatar.com\\\/avatar\\\/57de8e5d4b15d43fb361a71fbb36338450fe67865b528a43dd10ef7c51a20392?s=96&d=mm&r=g\",\"contentUrl\":\"https:\\\/\\\/secure.gravatar.com\\\/avatar\\\/57de8e5d4b15d43fb361a71fbb36338450fe67865b528a43dd10ef7c51a20392?s=96&d=mm&r=g\",\"caption\":\"La Sentinelle\"},\"sameAs\":[\"http:\\\/\\\/www.lasentinelle.dz\"],\"url\":\"https:\\\/\\\/lasentinelle.dz\\\/author\\\/redaction\\\/\"}]}<\/script>\n<!-- \/ Yoast SEO plugin. -->","yoast_head_json":{"title":"L'\u00e9conomie sous l'emprise de la g\u00e9opolitique - La Sentinelle","robots":{"index":"index","follow":"follow","max-snippet":"max-snippet:-1","max-image-preview":"max-image-preview:large","max-video-preview":"max-video-preview:-1"},"canonical":"https:\/\/lasentinelle.dz\/index.php\/2021\/10\/03\/leconomie-sous-lemprise-de-la-geopolitique\/","og_locale":"fr_FR","og_type":"article","og_title":"L'\u00e9conomie sous l'emprise de la g\u00e9opolitique - La Sentinelle","og_description":"par Jean Pisani-Ferry Les choix g\u00e9opolitiques, dans plusieurs conflits commerciaux r\u00e9cents, tendent \u00e0 l\u2019emporter sur les logiques \u00e9conomiques. Quelles sont","og_url":"https:\/\/lasentinelle.dz\/index.php\/2021\/10\/03\/leconomie-sous-lemprise-de-la-geopolitique\/","og_site_name":"La Sentinelle","article_publisher":"https:\/\/www.facebook.com\/La-Sentinelle-104059864394773","article_published_time":"2021-10-02T23:01:00+00:00","og_image":[{"width":820,"height":550,"url":"https:\/\/lasentinelle.dz\/wp-content\/uploads\/2021\/10\/geopolitique.jpeg","type":"image\/jpeg"}],"author":"La Sentinelle","twitter_card":"summary_large_image","twitter_misc":{"\u00c9crit par":"La Sentinelle","Dur\u00e9e de lecture estim\u00e9e":"6 minutes"},"schema":{"@context":"https:\/\/schema.org","@graph":[{"@type":"Article","@id":"https:\/\/lasentinelle.dz\/index.php\/2021\/10\/03\/leconomie-sous-lemprise-de-la-geopolitique\/#article","isPartOf":{"@id":"https:\/\/lasentinelle.dz\/index.php\/2021\/10\/03\/leconomie-sous-lemprise-de-la-geopolitique\/"},"author":{"name":"La Sentinelle","@id":"https:\/\/lasentinelle.dz\/#\/schema\/person\/d865044e22e70a75174ce8bcad3acfb3"},"headline":"L&rsquo;\u00e9conomie sous l&#8217;emprise de la g\u00e9opolitique","datePublished":"2021-10-02T23:01:00+00:00","mainEntityOfPage":{"@id":"https:\/\/lasentinelle.dz\/index.php\/2021\/10\/03\/leconomie-sous-lemprise-de-la-geopolitique\/"},"wordCount":1394,"commentCount":0,"publisher":{"@id":"https:\/\/lasentinelle.dz\/#organization"},"image":{"@id":"https:\/\/lasentinelle.dz\/index.php\/2021\/10\/03\/leconomie-sous-lemprise-de-la-geopolitique\/#primaryimage"},"thumbnailUrl":"https:\/\/lasentinelle.dz\/wp-content\/uploads\/2021\/10\/geopolitique.jpeg","articleSection":["D\u00e9bats"],"inLanguage":"fr-FR","potentialAction":[{"@type":"CommentAction","name":"Comment","target":["https:\/\/lasentinelle.dz\/index.php\/2021\/10\/03\/leconomie-sous-lemprise-de-la-geopolitique\/#respond"]}]},{"@type":"WebPage","@id":"https:\/\/lasentinelle.dz\/index.php\/2021\/10\/03\/leconomie-sous-lemprise-de-la-geopolitique\/","url":"https:\/\/lasentinelle.dz\/index.php\/2021\/10\/03\/leconomie-sous-lemprise-de-la-geopolitique\/","name":"L'\u00e9conomie sous l'emprise de la g\u00e9opolitique - La Sentinelle","isPartOf":{"@id":"https:\/\/lasentinelle.dz\/#website"},"primaryImageOfPage":{"@id":"https:\/\/lasentinelle.dz\/index.php\/2021\/10\/03\/leconomie-sous-lemprise-de-la-geopolitique\/#primaryimage"},"image":{"@id":"https:\/\/lasentinelle.dz\/index.php\/2021\/10\/03\/leconomie-sous-lemprise-de-la-geopolitique\/#primaryimage"},"thumbnailUrl":"https:\/\/lasentinelle.dz\/wp-content\/uploads\/2021\/10\/geopolitique.jpeg","datePublished":"2021-10-02T23:01:00+00:00","breadcrumb":{"@id":"https:\/\/lasentinelle.dz\/index.php\/2021\/10\/03\/leconomie-sous-lemprise-de-la-geopolitique\/#breadcrumb"},"inLanguage":"fr-FR","potentialAction":[{"@type":"ReadAction","target":["https:\/\/lasentinelle.dz\/index.php\/2021\/10\/03\/leconomie-sous-lemprise-de-la-geopolitique\/"]}]},{"@type":"ImageObject","inLanguage":"fr-FR","@id":"https:\/\/lasentinelle.dz\/index.php\/2021\/10\/03\/leconomie-sous-lemprise-de-la-geopolitique\/#primaryimage","url":"https:\/\/lasentinelle.dz\/wp-content\/uploads\/2021\/10\/geopolitique.jpeg","contentUrl":"https:\/\/lasentinelle.dz\/wp-content\/uploads\/2021\/10\/geopolitique.jpeg","width":820,"height":550},{"@type":"BreadcrumbList","@id":"https:\/\/lasentinelle.dz\/index.php\/2021\/10\/03\/leconomie-sous-lemprise-de-la-geopolitique\/#breadcrumb","itemListElement":[{"@type":"ListItem","position":1,"name":"Accueil","item":"https:\/\/lasentinelle.dz\/"},{"@type":"ListItem","position":2,"name":"L&rsquo;\u00e9conomie sous l&#8217;emprise de la g\u00e9opolitique"}]},{"@type":"WebSite","@id":"https:\/\/lasentinelle.dz\/#website","url":"https:\/\/lasentinelle.dz\/","name":"La Sentinelle","description":"Quotidien national d&#039;information","publisher":{"@id":"https:\/\/lasentinelle.dz\/#organization"},"potentialAction":[{"@type":"SearchAction","target":{"@type":"EntryPoint","urlTemplate":"https:\/\/lasentinelle.dz\/?s={search_term_string}"},"query-input":{"@type":"PropertyValueSpecification","valueRequired":true,"valueName":"search_term_string"}}],"inLanguage":"fr-FR"},{"@type":"Organization","@id":"https:\/\/lasentinelle.dz\/#organization","name":"Quotidien La Sentinelle","url":"https:\/\/lasentinelle.dz\/","logo":{"@type":"ImageObject","inLanguage":"fr-FR","@id":"https:\/\/lasentinelle.dz\/#\/schema\/logo\/image\/","url":"https:\/\/lasentinelle.dz\/wp-content\/uploads\/2021\/09\/logo-sentinelleSLOGAN-1.png","contentUrl":"https:\/\/lasentinelle.dz\/wp-content\/uploads\/2021\/09\/logo-sentinelleSLOGAN-1.png","width":615,"height":142,"caption":"Quotidien La Sentinelle"},"image":{"@id":"https:\/\/lasentinelle.dz\/#\/schema\/logo\/image\/"},"sameAs":["https:\/\/www.facebook.com\/La-Sentinelle-104059864394773"]},{"@type":"Person","@id":"https:\/\/lasentinelle.dz\/#\/schema\/person\/d865044e22e70a75174ce8bcad3acfb3","name":"La Sentinelle","image":{"@type":"ImageObject","inLanguage":"fr-FR","@id":"https:\/\/secure.gravatar.com\/avatar\/57de8e5d4b15d43fb361a71fbb36338450fe67865b528a43dd10ef7c51a20392?s=96&d=mm&r=g","url":"https:\/\/secure.gravatar.com\/avatar\/57de8e5d4b15d43fb361a71fbb36338450fe67865b528a43dd10ef7c51a20392?s=96&d=mm&r=g","contentUrl":"https:\/\/secure.gravatar.com\/avatar\/57de8e5d4b15d43fb361a71fbb36338450fe67865b528a43dd10ef7c51a20392?s=96&d=mm&r=g","caption":"La Sentinelle"},"sameAs":["http:\/\/www.lasentinelle.dz"],"url":"https:\/\/lasentinelle.dz\/author\/redaction\/"}]}},"_links":{"self":[{"href":"https:\/\/lasentinelle.dz\/index.php\/wp-json\/wp\/v2\/posts\/9632","targetHints":{"allow":["GET"]}}],"collection":[{"href":"https:\/\/lasentinelle.dz\/index.php\/wp-json\/wp\/v2\/posts"}],"about":[{"href":"https:\/\/lasentinelle.dz\/index.php\/wp-json\/wp\/v2\/types\/post"}],"author":[{"embeddable":true,"href":"https:\/\/lasentinelle.dz\/index.php\/wp-json\/wp\/v2\/users\/3"}],"replies":[{"embeddable":true,"href":"https:\/\/lasentinelle.dz\/index.php\/wp-json\/wp\/v2\/comments?post=9632"}],"version-history":[{"count":1,"href":"https:\/\/lasentinelle.dz\/index.php\/wp-json\/wp\/v2\/posts\/9632\/revisions"}],"predecessor-version":[{"id":9639,"href":"https:\/\/lasentinelle.dz\/index.php\/wp-json\/wp\/v2\/posts\/9632\/revisions\/9639"}],"wp:featuredmedia":[{"embeddable":true,"href":"https:\/\/lasentinelle.dz\/index.php\/wp-json\/wp\/v2\/media\/9636"}],"wp:attachment":[{"href":"https:\/\/lasentinelle.dz\/index.php\/wp-json\/wp\/v2\/media?parent=9632"}],"wp:term":[{"taxonomy":"category","embeddable":true,"href":"https:\/\/lasentinelle.dz\/index.php\/wp-json\/wp\/v2\/categories?post=9632"},{"taxonomy":"post_tag","embeddable":true,"href":"https:\/\/lasentinelle.dz\/index.php\/wp-json\/wp\/v2\/tags?post=9632"}],"curies":[{"name":"wp","href":"https:\/\/api.w.org\/{rel}","templated":true}]}}