{"id":965,"date":"2021-07-12T17:45:56","date_gmt":"2021-07-12T16:45:56","guid":{"rendered":"https:\/\/lasentinelle.dz\/?p=965"},"modified":"2021-07-12T17:51:06","modified_gmt":"2021-07-12T16:51:06","slug":"moretti-en-scene-pour-une-deuxieme-palme","status":"publish","type":"post","link":"https:\/\/lasentinelle.dz\/index.php\/2021\/07\/12\/moretti-en-scene-pour-une-deuxieme-palme\/","title":{"rendered":"Moretti en sc\u00e8ne pour une deuxi\u00e8me palme"},"content":{"rendered":"\n<p>En qu\u00eate d&rsquo;une seconde Palme: couronn\u00e9 il y a vingt ans, l&rsquo;Italien Nanni Moretti revient en comp\u00e9tition \u00e0 Cannes avec \u00ab\u00a0Tre Piani\u00a0\u00bb, \u00e0 l&rsquo;aube de la deuxi\u00e8me semaine d&rsquo;un festival dans lequel rien n&rsquo;est encore jou\u00e9.Fer de lance d&rsquo;un cin\u00e9ma \u00e0 la crois\u00e9e de l&rsquo;intime et du politique, voix majeure du 7e art europ\u00e9en, le Romain avait d\u00e9croch\u00e9 le Prix de la mise en sc\u00e8ne en 1994 pour \u00ab\u00a0Journal intime\u00a0\u00bb, r\u00e9cit de son propre combat contre le cancer, puis la Palme d&rsquo;Or en 2001 avec \u00ab\u00a0La chambre du fils\u00a0\u00bb, film d\u00e9chirant autour de la perte d&rsquo;un enfant. C&rsquo;est un habitu\u00e9 de la Croisette o\u00f9 il avait aussi pr\u00e9sent\u00e9 la com\u00e9die \u00ab\u00a0Habemus Papam\u00a0\u00bb, avec un Michel Piccoli en Pape saisi par le doute.<\/p>\n\n\n\n<p>Le film entrem\u00eale les histoires de plusieurs foyers, dans un immeuble de trois niveaux de la capitale italienne, selon le synopsis d\u00e9voil\u00e9 par les producteurs: une famille avec une fille de sept ans, une jeune m\u00e8re dont le mari fait de longs s\u00e9jours \u00e0 l&rsquo;\u00e9tranger, un couple de magistrats confront\u00e9 \u00e0 un choix douloureux&#8230;<\/p>\n\n\n\n<p>Il \u00ab\u00a0aborde des th\u00e8mes universels tels que la culpabilit\u00e9, les cons\u00e9quences de nos choix, la justice et la responsabilit\u00e9 qui accompagne le fait d\u2019\u00eatre parent\u00a0\u00bb, a d\u00e9clar\u00e9 dans ses notes de productions le cin\u00e9aste. Son treizi\u00e8me film, tourn\u00e9 avant la pand\u00e9mie et qui a patiemment attendu d&rsquo;\u00eatre pr\u00e9sent\u00e9 cette ann\u00e9e \u00e0 Cannes, pourrait r\u00e9sonner avec l&rsquo;actualit\u00e9: il raconte aussi \u00ab\u00a0notre tendance \u00e0 mener des vies isol\u00e9es\u00a0\u00bb, ajoute-t-il.<\/p>\n\n\n\n<p>Pr\u00e9sent\u00e9 le m\u00eame jour qu&rsquo;une adaptation du romancier japonais Haruki Murakami sign\u00e9e Hamaguchi Ryusuke et le dernier film de la Fran\u00e7aise Mia Hansen Love, \u00ab\u00a0Tre Piani\u00a0\u00bb bousculera-t-il la comp\u00e9tition? Cette sixi\u00e8me journ\u00e9e vient clore une semaine marqu\u00e9e par plusieurs oeuvres fortes: \u00ab\u00a0Annette\u00a0\u00bb, de Leos Carax, le film d&rsquo;ouverture, v\u00e9ritable feu d&rsquo;artifice cin\u00e9matographique avec Adam Driver et Marion Cotillard, en t\u00eate des notes donn\u00e9es par les critiques internationaux sur les premiers jours et compil\u00e9es par le magazine Screen International.<\/p>\n\n\n\n<p>Le film du Norv\u00e9gien Joachim Trier, \u00ab\u00a0Julie (en 12 chapitres)\u00a0\u00bb, portrait subtil d&rsquo;une jeune femme en proie aux doutes et questionnements de l&rsquo;\u00e9poque, a \u00e9mu la Croisette et r\u00e9v\u00e9l\u00e9 une actrice, Renate Reinsve, 33 ans.<\/p>\n\n\n\n<p>La deuxi\u00e8me semaine pourrait rebattre les cartes: d\u00e8s lundi, Cannes frappe tr\u00e8s fort en alignant une brochette de vedettes internationales \u00e0 l&rsquo;affiche du dernier film de Wes Anderson, \u00ab\u00a0The French Dispatch\u00a0\u00bb, de Tilda Swinton \u00e0 Timoth\u00e9e Chalamet en passant par Adrien Brody et L\u00e9a Seydoux. La pr\u00e9sence de cette derni\u00e8re (\u00e0 l&rsquo;affiche de trois films en comp\u00e9tition) est incertaine: elle a \u00e9t\u00e9 test\u00e9e positive au Covid et attend un feu vert m\u00e9dical pour \u00e9ventuellement rejoindre Cannes.<\/p>\n\n\n\n<p>Et, comme Nanni Moretti, deux autres r\u00e9alisateurs d\u00e9j\u00e0 palm\u00e9s sont sur les rangs pour rejoindre le club des neuf cin\u00e9astes doublement couronn\u00e9s, d&rsquo;ici \u00e0 la remise des prix le 17 juillet: Jacques Audiard et Apichatpong Weerasethakul.<strong>R.C. avec &nbsp;AFP<\/strong><\/p>\n","protected":false},"excerpt":{"rendered":"<p>En qu\u00eate d&rsquo;une seconde Palme: couronn\u00e9 il y a vingt ans, l&rsquo;Italien Nanni Moretti revient en comp\u00e9tition \u00e0 Cannes avec<\/p>\n","protected":false},"author":3,"featured_media":0,"comment_status":"open","ping_status":"closed","sticky":false,"template":"","format":"standard","meta":{"colormag_page_container_layout":"default_layout","colormag_page_sidebar_layout":"default_layout","om_disable_all_campaigns":false,"_monsterinsights_skip_tracking":false,"_monsterinsights_sitenote_active":false,"_monsterinsights_sitenote_note":"","_monsterinsights_sitenote_category":0,"footnotes":"","_wpscppro_dont_share_socialmedia":false,"_wpscppro_custom_social_share_image":0,"_facebook_share_type":"","_twitter_share_type":"","_linkedin_share_type":"","_pinterest_share_type":"","_linkedin_share_type_page":"","_instagram_share_type":"","_medium_share_type":"","_threads_share_type":"","_google_business_share_type":"","_selected_social_profile":[],"_wpsp_enable_custom_social_template":false,"_wpsp_social_scheduling":{"enabled":false,"datetime":null,"platforms":[],"status":"template_only","dateOption":"today","timeOption":"now","customDays":"","customHours":"","customDate":"","customTime":"","schedulingType":"absolute"},"_wpsp_active_default_template":true},"categories":[36],"tags":[],"class_list":["post-965","post","type-post","status-publish","format-standard","hentry","category-culture"],"aioseo_notices":[],"yoast_head":"<!-- This site is optimized with the Yoast SEO plugin v27.5 - https:\/\/yoast.com\/product\/yoast-seo-wordpress\/ -->\n<title>Moretti en sc\u00e8ne pour une deuxi\u00e8me palme - La Sentinelle<\/title>\n<meta name=\"robots\" content=\"index, follow, max-snippet:-1, max-image-preview:large, max-video-preview:-1\" \/>\n<link rel=\"canonical\" href=\"https:\/\/lasentinelle.dz\/index.php\/2021\/07\/12\/moretti-en-scene-pour-une-deuxieme-palme\/\" \/>\n<meta property=\"og:locale\" content=\"fr_FR\" \/>\n<meta property=\"og:type\" content=\"article\" \/>\n<meta property=\"og:title\" content=\"Moretti en sc\u00e8ne pour une deuxi\u00e8me palme - La Sentinelle\" \/>\n<meta property=\"og:description\" content=\"En qu\u00eate d&rsquo;une seconde Palme: couronn\u00e9 il y a vingt ans, l&rsquo;Italien Nanni Moretti revient en comp\u00e9tition \u00e0 Cannes avec\" \/>\n<meta property=\"og:url\" content=\"https:\/\/lasentinelle.dz\/index.php\/2021\/07\/12\/moretti-en-scene-pour-une-deuxieme-palme\/\" \/>\n<meta property=\"og:site_name\" content=\"La Sentinelle\" \/>\n<meta property=\"article:publisher\" content=\"https:\/\/www.facebook.com\/La-Sentinelle-104059864394773\" \/>\n<meta property=\"article:published_time\" content=\"2021-07-12T16:45:56+00:00\" \/>\n<meta property=\"article:modified_time\" content=\"2021-07-12T16:51:06+00:00\" \/>\n<meta name=\"author\" content=\"La Sentinelle\" \/>\n<meta name=\"twitter:card\" content=\"summary_large_image\" \/>\n<meta name=\"twitter:label1\" content=\"\u00c9crit par\" \/>\n\t<meta name=\"twitter:data1\" content=\"La Sentinelle\" \/>\n\t<meta name=\"twitter:label2\" content=\"Dur\u00e9e de lecture estim\u00e9e\" \/>\n\t<meta name=\"twitter:data2\" content=\"3 minutes\" \/>\n<script type=\"application\/ld+json\" class=\"yoast-schema-graph\">{\"@context\":\"https:\\\/\\\/schema.org\",\"@graph\":[{\"@type\":\"Article\",\"@id\":\"https:\\\/\\\/lasentinelle.dz\\\/index.php\\\/2021\\\/07\\\/12\\\/moretti-en-scene-pour-une-deuxieme-palme\\\/#article\",\"isPartOf\":{\"@id\":\"https:\\\/\\\/lasentinelle.dz\\\/index.php\\\/2021\\\/07\\\/12\\\/moretti-en-scene-pour-une-deuxieme-palme\\\/\"},\"author\":{\"name\":\"La Sentinelle\",\"@id\":\"https:\\\/\\\/lasentinelle.dz\\\/#\\\/schema\\\/person\\\/d865044e22e70a75174ce8bcad3acfb3\"},\"headline\":\"Moretti en sc\u00e8ne pour une deuxi\u00e8me palme\",\"datePublished\":\"2021-07-12T16:45:56+00:00\",\"dateModified\":\"2021-07-12T16:51:06+00:00\",\"mainEntityOfPage\":{\"@id\":\"https:\\\/\\\/lasentinelle.dz\\\/index.php\\\/2021\\\/07\\\/12\\\/moretti-en-scene-pour-une-deuxieme-palme\\\/\"},\"wordCount\":546,\"commentCount\":0,\"publisher\":{\"@id\":\"https:\\\/\\\/lasentinelle.dz\\\/#organization\"},\"articleSection\":[\"Culture\"],\"inLanguage\":\"fr-FR\",\"potentialAction\":[{\"@type\":\"CommentAction\",\"name\":\"Comment\",\"target\":[\"https:\\\/\\\/lasentinelle.dz\\\/index.php\\\/2021\\\/07\\\/12\\\/moretti-en-scene-pour-une-deuxieme-palme\\\/#respond\"]}]},{\"@type\":\"WebPage\",\"@id\":\"https:\\\/\\\/lasentinelle.dz\\\/index.php\\\/2021\\\/07\\\/12\\\/moretti-en-scene-pour-une-deuxieme-palme\\\/\",\"url\":\"https:\\\/\\\/lasentinelle.dz\\\/index.php\\\/2021\\\/07\\\/12\\\/moretti-en-scene-pour-une-deuxieme-palme\\\/\",\"name\":\"Moretti en sc\u00e8ne pour une deuxi\u00e8me palme - La Sentinelle\",\"isPartOf\":{\"@id\":\"https:\\\/\\\/lasentinelle.dz\\\/#website\"},\"datePublished\":\"2021-07-12T16:45:56+00:00\",\"dateModified\":\"2021-07-12T16:51:06+00:00\",\"breadcrumb\":{\"@id\":\"https:\\\/\\\/lasentinelle.dz\\\/index.php\\\/2021\\\/07\\\/12\\\/moretti-en-scene-pour-une-deuxieme-palme\\\/#breadcrumb\"},\"inLanguage\":\"fr-FR\",\"potentialAction\":[{\"@type\":\"ReadAction\",\"target\":[\"https:\\\/\\\/lasentinelle.dz\\\/index.php\\\/2021\\\/07\\\/12\\\/moretti-en-scene-pour-une-deuxieme-palme\\\/\"]}]},{\"@type\":\"BreadcrumbList\",\"@id\":\"https:\\\/\\\/lasentinelle.dz\\\/index.php\\\/2021\\\/07\\\/12\\\/moretti-en-scene-pour-une-deuxieme-palme\\\/#breadcrumb\",\"itemListElement\":[{\"@type\":\"ListItem\",\"position\":1,\"name\":\"Accueil\",\"item\":\"https:\\\/\\\/lasentinelle.dz\\\/\"},{\"@type\":\"ListItem\",\"position\":2,\"name\":\"Moretti en sc\u00e8ne pour une deuxi\u00e8me palme\"}]},{\"@type\":\"WebSite\",\"@id\":\"https:\\\/\\\/lasentinelle.dz\\\/#website\",\"url\":\"https:\\\/\\\/lasentinelle.dz\\\/\",\"name\":\"La Sentinelle\",\"description\":\"Quotidien national d&#039;information\",\"publisher\":{\"@id\":\"https:\\\/\\\/lasentinelle.dz\\\/#organization\"},\"potentialAction\":[{\"@type\":\"SearchAction\",\"target\":{\"@type\":\"EntryPoint\",\"urlTemplate\":\"https:\\\/\\\/lasentinelle.dz\\\/?s={search_term_string}\"},\"query-input\":{\"@type\":\"PropertyValueSpecification\",\"valueRequired\":true,\"valueName\":\"search_term_string\"}}],\"inLanguage\":\"fr-FR\"},{\"@type\":\"Organization\",\"@id\":\"https:\\\/\\\/lasentinelle.dz\\\/#organization\",\"name\":\"Quotidien La Sentinelle\",\"url\":\"https:\\\/\\\/lasentinelle.dz\\\/\",\"logo\":{\"@type\":\"ImageObject\",\"inLanguage\":\"fr-FR\",\"@id\":\"https:\\\/\\\/lasentinelle.dz\\\/#\\\/schema\\\/logo\\\/image\\\/\",\"url\":\"https:\\\/\\\/lasentinelle.dz\\\/wp-content\\\/uploads\\\/2021\\\/09\\\/logo-sentinelleSLOGAN-1.png\",\"contentUrl\":\"https:\\\/\\\/lasentinelle.dz\\\/wp-content\\\/uploads\\\/2021\\\/09\\\/logo-sentinelleSLOGAN-1.png\",\"width\":615,\"height\":142,\"caption\":\"Quotidien La Sentinelle\"},\"image\":{\"@id\":\"https:\\\/\\\/lasentinelle.dz\\\/#\\\/schema\\\/logo\\\/image\\\/\"},\"sameAs\":[\"https:\\\/\\\/www.facebook.com\\\/La-Sentinelle-104059864394773\"]},{\"@type\":\"Person\",\"@id\":\"https:\\\/\\\/lasentinelle.dz\\\/#\\\/schema\\\/person\\\/d865044e22e70a75174ce8bcad3acfb3\",\"name\":\"La Sentinelle\",\"image\":{\"@type\":\"ImageObject\",\"inLanguage\":\"fr-FR\",\"@id\":\"https:\\\/\\\/secure.gravatar.com\\\/avatar\\\/57de8e5d4b15d43fb361a71fbb36338450fe67865b528a43dd10ef7c51a20392?s=96&d=mm&r=g\",\"url\":\"https:\\\/\\\/secure.gravatar.com\\\/avatar\\\/57de8e5d4b15d43fb361a71fbb36338450fe67865b528a43dd10ef7c51a20392?s=96&d=mm&r=g\",\"contentUrl\":\"https:\\\/\\\/secure.gravatar.com\\\/avatar\\\/57de8e5d4b15d43fb361a71fbb36338450fe67865b528a43dd10ef7c51a20392?s=96&d=mm&r=g\",\"caption\":\"La Sentinelle\"},\"sameAs\":[\"http:\\\/\\\/www.lasentinelle.dz\"],\"url\":\"https:\\\/\\\/lasentinelle.dz\\\/author\\\/redaction\\\/\"}]}<\/script>\n<!-- \/ Yoast SEO plugin. -->","yoast_head_json":{"title":"Moretti en sc\u00e8ne pour une deuxi\u00e8me palme - La Sentinelle","robots":{"index":"index","follow":"follow","max-snippet":"max-snippet:-1","max-image-preview":"max-image-preview:large","max-video-preview":"max-video-preview:-1"},"canonical":"https:\/\/lasentinelle.dz\/index.php\/2021\/07\/12\/moretti-en-scene-pour-une-deuxieme-palme\/","og_locale":"fr_FR","og_type":"article","og_title":"Moretti en sc\u00e8ne pour une deuxi\u00e8me palme - La Sentinelle","og_description":"En qu\u00eate d&rsquo;une seconde Palme: couronn\u00e9 il y a vingt ans, l&rsquo;Italien Nanni Moretti revient en comp\u00e9tition \u00e0 Cannes avec","og_url":"https:\/\/lasentinelle.dz\/index.php\/2021\/07\/12\/moretti-en-scene-pour-une-deuxieme-palme\/","og_site_name":"La Sentinelle","article_publisher":"https:\/\/www.facebook.com\/La-Sentinelle-104059864394773","article_published_time":"2021-07-12T16:45:56+00:00","article_modified_time":"2021-07-12T16:51:06+00:00","author":"La Sentinelle","twitter_card":"summary_large_image","twitter_misc":{"\u00c9crit par":"La Sentinelle","Dur\u00e9e de lecture estim\u00e9e":"3 minutes"},"schema":{"@context":"https:\/\/schema.org","@graph":[{"@type":"Article","@id":"https:\/\/lasentinelle.dz\/index.php\/2021\/07\/12\/moretti-en-scene-pour-une-deuxieme-palme\/#article","isPartOf":{"@id":"https:\/\/lasentinelle.dz\/index.php\/2021\/07\/12\/moretti-en-scene-pour-une-deuxieme-palme\/"},"author":{"name":"La Sentinelle","@id":"https:\/\/lasentinelle.dz\/#\/schema\/person\/d865044e22e70a75174ce8bcad3acfb3"},"headline":"Moretti en sc\u00e8ne pour une deuxi\u00e8me palme","datePublished":"2021-07-12T16:45:56+00:00","dateModified":"2021-07-12T16:51:06+00:00","mainEntityOfPage":{"@id":"https:\/\/lasentinelle.dz\/index.php\/2021\/07\/12\/moretti-en-scene-pour-une-deuxieme-palme\/"},"wordCount":546,"commentCount":0,"publisher":{"@id":"https:\/\/lasentinelle.dz\/#organization"},"articleSection":["Culture"],"inLanguage":"fr-FR","potentialAction":[{"@type":"CommentAction","name":"Comment","target":["https:\/\/lasentinelle.dz\/index.php\/2021\/07\/12\/moretti-en-scene-pour-une-deuxieme-palme\/#respond"]}]},{"@type":"WebPage","@id":"https:\/\/lasentinelle.dz\/index.php\/2021\/07\/12\/moretti-en-scene-pour-une-deuxieme-palme\/","url":"https:\/\/lasentinelle.dz\/index.php\/2021\/07\/12\/moretti-en-scene-pour-une-deuxieme-palme\/","name":"Moretti en sc\u00e8ne pour une deuxi\u00e8me palme - La Sentinelle","isPartOf":{"@id":"https:\/\/lasentinelle.dz\/#website"},"datePublished":"2021-07-12T16:45:56+00:00","dateModified":"2021-07-12T16:51:06+00:00","breadcrumb":{"@id":"https:\/\/lasentinelle.dz\/index.php\/2021\/07\/12\/moretti-en-scene-pour-une-deuxieme-palme\/#breadcrumb"},"inLanguage":"fr-FR","potentialAction":[{"@type":"ReadAction","target":["https:\/\/lasentinelle.dz\/index.php\/2021\/07\/12\/moretti-en-scene-pour-une-deuxieme-palme\/"]}]},{"@type":"BreadcrumbList","@id":"https:\/\/lasentinelle.dz\/index.php\/2021\/07\/12\/moretti-en-scene-pour-une-deuxieme-palme\/#breadcrumb","itemListElement":[{"@type":"ListItem","position":1,"name":"Accueil","item":"https:\/\/lasentinelle.dz\/"},{"@type":"ListItem","position":2,"name":"Moretti en sc\u00e8ne pour une deuxi\u00e8me palme"}]},{"@type":"WebSite","@id":"https:\/\/lasentinelle.dz\/#website","url":"https:\/\/lasentinelle.dz\/","name":"La Sentinelle","description":"Quotidien national d&#039;information","publisher":{"@id":"https:\/\/lasentinelle.dz\/#organization"},"potentialAction":[{"@type":"SearchAction","target":{"@type":"EntryPoint","urlTemplate":"https:\/\/lasentinelle.dz\/?s={search_term_string}"},"query-input":{"@type":"PropertyValueSpecification","valueRequired":true,"valueName":"search_term_string"}}],"inLanguage":"fr-FR"},{"@type":"Organization","@id":"https:\/\/lasentinelle.dz\/#organization","name":"Quotidien La Sentinelle","url":"https:\/\/lasentinelle.dz\/","logo":{"@type":"ImageObject","inLanguage":"fr-FR","@id":"https:\/\/lasentinelle.dz\/#\/schema\/logo\/image\/","url":"https:\/\/lasentinelle.dz\/wp-content\/uploads\/2021\/09\/logo-sentinelleSLOGAN-1.png","contentUrl":"https:\/\/lasentinelle.dz\/wp-content\/uploads\/2021\/09\/logo-sentinelleSLOGAN-1.png","width":615,"height":142,"caption":"Quotidien La Sentinelle"},"image":{"@id":"https:\/\/lasentinelle.dz\/#\/schema\/logo\/image\/"},"sameAs":["https:\/\/www.facebook.com\/La-Sentinelle-104059864394773"]},{"@type":"Person","@id":"https:\/\/lasentinelle.dz\/#\/schema\/person\/d865044e22e70a75174ce8bcad3acfb3","name":"La Sentinelle","image":{"@type":"ImageObject","inLanguage":"fr-FR","@id":"https:\/\/secure.gravatar.com\/avatar\/57de8e5d4b15d43fb361a71fbb36338450fe67865b528a43dd10ef7c51a20392?s=96&d=mm&r=g","url":"https:\/\/secure.gravatar.com\/avatar\/57de8e5d4b15d43fb361a71fbb36338450fe67865b528a43dd10ef7c51a20392?s=96&d=mm&r=g","contentUrl":"https:\/\/secure.gravatar.com\/avatar\/57de8e5d4b15d43fb361a71fbb36338450fe67865b528a43dd10ef7c51a20392?s=96&d=mm&r=g","caption":"La Sentinelle"},"sameAs":["http:\/\/www.lasentinelle.dz"],"url":"https:\/\/lasentinelle.dz\/author\/redaction\/"}]}},"_links":{"self":[{"href":"https:\/\/lasentinelle.dz\/index.php\/wp-json\/wp\/v2\/posts\/965","targetHints":{"allow":["GET"]}}],"collection":[{"href":"https:\/\/lasentinelle.dz\/index.php\/wp-json\/wp\/v2\/posts"}],"about":[{"href":"https:\/\/lasentinelle.dz\/index.php\/wp-json\/wp\/v2\/types\/post"}],"author":[{"embeddable":true,"href":"https:\/\/lasentinelle.dz\/index.php\/wp-json\/wp\/v2\/users\/3"}],"replies":[{"embeddable":true,"href":"https:\/\/lasentinelle.dz\/index.php\/wp-json\/wp\/v2\/comments?post=965"}],"version-history":[{"count":1,"href":"https:\/\/lasentinelle.dz\/index.php\/wp-json\/wp\/v2\/posts\/965\/revisions"}],"predecessor-version":[{"id":966,"href":"https:\/\/lasentinelle.dz\/index.php\/wp-json\/wp\/v2\/posts\/965\/revisions\/966"}],"wp:attachment":[{"href":"https:\/\/lasentinelle.dz\/index.php\/wp-json\/wp\/v2\/media?parent=965"}],"wp:term":[{"taxonomy":"category","embeddable":true,"href":"https:\/\/lasentinelle.dz\/index.php\/wp-json\/wp\/v2\/categories?post=965"},{"taxonomy":"post_tag","embeddable":true,"href":"https:\/\/lasentinelle.dz\/index.php\/wp-json\/wp\/v2\/tags?post=965"}],"curies":[{"name":"wp","href":"https:\/\/api.w.org\/{rel}","templated":true}]}}