{"id":9653,"date":"2021-10-03T00:01:00","date_gmt":"2021-10-02T23:01:00","guid":{"rendered":"https:\/\/lasentinelle.dz\/?p=9653"},"modified":"2021-10-02T16:29:12","modified_gmt":"2021-10-02T15:29:12","slug":"tunisie-bras-de-fer-entre-kaissaied-et-rached-ghannouchi","status":"publish","type":"post","link":"https:\/\/lasentinelle.dz\/index.php\/2021\/10\/03\/tunisie-bras-de-fer-entre-kaissaied-et-rached-ghannouchi\/","title":{"rendered":"Tunisie : Bras de fer entre KaisSaied et Rached Ghannouchi"},"content":{"rendered":"\n<p>C\u2019est le bras de fer entre le pr\u00e9sident tunisien KaisSaied et le chef d\u2019EnnahdaRached Ghannouchi. Ce dernier cherche \u00e0 d\u00e9tourner le gel du Parlement tunisien, tandis que le pr\u00e9sident tunisien, qui compte sur un large soutien de la population, campe sur la poursuite des r\u00e9formes qu\u2019il a engag\u00e9es.<\/p>\n\n\n\n<p>Ce vendredi co\u00efncide avec le d\u00e9marrage de la troisi\u00e8me session du mandat parlementaire 2019-2024 (&#8230;) le bureau du l&rsquo;Assembl\u00e9e des repr\u00e9sentants du peuple (ARP, parlement) restera en session permanente\u00a0\u00bb, a not\u00e9 vendredi, Rached Ghannouchi, pr\u00e9sident de l&rsquo;ARP, suspendue depuis le 25 juillet \u00e9coul\u00e9.Publi\u00e9 sur sa page officielle du r\u00e9seau social, Facebook, un communiqu\u00e9 officiel sign\u00e9 par M. Ghannouchi a invit\u00e9 tous les d\u00e9put\u00e9s \u00e0 reprendre leur travail, dans le respect de la Constitution et la loi en vigueur.\u00a0\u00bbLe d\u00e9marrage de cette troisi\u00e8me session parlementaire intervient dans le cadre des r\u00e9centes mesures exceptionnelles et en pleine situation constitutionnelle sans pr\u00e9c\u00e9dent\u00a0\u00bb, lit-on dans le communiqu\u00e9.M. Ghannouchi, chef du parti islmaiste Ennahdha (majoritaire \u00e0 l&rsquo;ARP), a exprim\u00e9son rejet cat\u00e9gorique des mesures d\u00e9cid\u00e9es et annonc\u00e9es par le pr\u00e9sident de la R\u00e9publique, Ka\u00efs Sa\u00efed, le 25 juillet dernier, en se basant sur l&rsquo;article 80 de la Constitution.Le pr\u00e9sident de l&rsquo;ARP a, par ailleurs, demand\u00e9 au pr\u00e9sident Ka\u00efs Sa\u00efed de mettre un terme \u00e0 la suspension des activit\u00e9s parlementaires, d&rsquo;engager un dialogue national sans exclusion aucune, \u00ab\u00a0pour esp\u00e9rer pouvoir surmonter la crise actuelle qui p\u00e8se lourd sur la stabilit\u00e9 de l&rsquo;Etat et l&rsquo;union du peuple\u00a0\u00bb.<\/p>\n\n\n\n<p>Il est utile de rappeler dans ce sens que le pr\u00e9sident tunisien a gel\u00e9 le 25 juillet dernier les activit\u00e9s parlement et limog\u00e9 le gouvernement, face \u00e0 la mont\u00e9 de la contestation populaire contre la d\u00e9gradation de la situation socio-\u00e9conomique du pays. KaisSaied a promis des r\u00e9formes et a lanc\u00e9 une vaste op\u00e9ration de lutte contre la corruption. C\u2019est dans ce contexte qu\u2019il a annonc\u00e9 une r\u00e9vision de la Constitution qui doit aboutir \u00e0 des \u00e9lections l\u00e9gislatives anticip\u00e9es. La semaine derni\u00e8re il a nomm\u00e9 NadjlaBoudenau poste de chef du gouvernement et l\u2019a charg\u00e9 de la mission de former un gouvernement compos\u00e9 de personnalit\u00e9s int\u00e8gres. Jeudi, il a re\u00e7u le pr\u00e9sident de la Cour des comptes et a demand\u00e9 de se pencher sur le financement \u00e9tranger des partis politiques. Il a d\u00e9nonc\u00e9, dans une vid\u00e9o mise en ligne, \u00ab ceux qui sont impliqu\u00e9s, le sont encore et font toujours entrer des devises en Tunisie \u00bb, appelant \u00ab \u00e0 donner une suite p\u00e9nale \u00e0 ces d\u00e9passements \u00bb.\u00ab La justice devra jouer son r\u00f4le, envers celui qui a trahi sa patrie et a pris de l\u2019argent de l\u2019\u00e9tranger pour faire sa campagne \u00e9lectorale \u00bb, a-t-il soulign\u00e9, fustigeant ces personnes qu\u2019il s\u2019est gard\u00e9 de nommer; \u00ab ils croient repr\u00e9senter le peuple avec l\u2019argent en provenance des foyers de corruption \u00bb.Il a, par ailleurs, condamn\u00e9 les d\u00e9passements \u00ab de tous types \u00bb survenus lors des derni\u00e8res l\u00e9gislatives, ainsi que pendant l\u2019\u00e9lection pr\u00e9sidentielle.\u00ab La justice judiciaire et la justice p\u00e9nale devront donner une suite l\u00e9gale \u00e0 ces d\u00e9passements li\u00e9s au financement des partis, d\u2019o\u00f9 vient l\u2019argent\u2026 de l\u2019\u00e9tranger et de l\u2019int\u00e9rieur \u00bb, a-t-il indiqu\u00e9, signalant que \u00ab le financement \u00e9tranger est passible d\u2019une peine de prison pouvant atteindre les 5 ans \u00bb.\u00ab Les \u00e9lections l\u00e9gislatives ont \u00e9t\u00e9 financ\u00e9es par l\u2019\u00e9tranger, des partis qui re\u00e7oivent l\u2019argent de l\u2019\u00e9tranger ou de la part de corrompus qui croient \u00e0 l\u2019impunit\u00e9 \u00bb, a-t-il d\u00e9plor\u00e9, en lan\u00e7ant un avertissement : \u00ab Un seul millime d\u00e9pens\u00e9 dans l\u2019ill\u00e9galit\u00e9, induit la responsabilit\u00e9 totale de ce lui qui l\u2019a utilis\u00e9 \u00bb. Pour mener ses r\u00e9formes, KaisSaied compte sur le soutien de la population. Le dernier sondage d\u2019Emrhod Consulting, publi\u00e9 vendredi, indique qu\u2019une majorit\u00e9 de Tunisiens soutient le pr\u00e9sident de la R\u00e9publique, Kais Saied.En effet, le Chef de l\u2019Etat reste en t\u00eate des intentions de vote \u00e0 l\u2019\u00e9lection pr\u00e9sidentielle avec 71,2% de voix favorables.<\/p>\n\n\n\n<p>R.I.<\/p>\n","protected":false},"excerpt":{"rendered":"<p>C\u2019est le bras de fer entre le pr\u00e9sident tunisien KaisSaied et le chef d\u2019EnnahdaRached Ghannouchi. Ce dernier cherche \u00e0 d\u00e9tourner<\/p>\n","protected":false},"author":3,"featured_media":9654,"comment_status":"open","ping_status":"closed","sticky":false,"template":"","format":"standard","meta":{"colormag_page_container_layout":"default_layout","colormag_page_sidebar_layout":"default_layout","om_disable_all_campaigns":false,"_monsterinsights_skip_tracking":false,"_monsterinsights_sitenote_active":false,"_monsterinsights_sitenote_note":"","_monsterinsights_sitenote_category":0,"footnotes":"","_wpscppro_dont_share_socialmedia":false,"_wpscppro_custom_social_share_image":0,"_facebook_share_type":"","_twitter_share_type":"","_linkedin_share_type":"","_pinterest_share_type":"","_linkedin_share_type_page":"","_instagram_share_type":"","_medium_share_type":"","_threads_share_type":"","_google_business_share_type":"","_selected_social_profile":[],"_wpsp_enable_custom_social_template":false,"_wpsp_social_scheduling":{"enabled":false,"datetime":null,"platforms":[],"status":"template_only","dateOption":"today","timeOption":"now","customDays":"","customHours":"","customDate":"","customTime":"","schedulingType":"absolute"},"_wpsp_active_default_template":true},"categories":[37],"tags":[],"class_list":["post-9653","post","type-post","status-publish","format-standard","has-post-thumbnail","hentry","category-monde"],"aioseo_notices":[],"yoast_head":"<!-- This site is optimized with the Yoast SEO plugin v27.5 - https:\/\/yoast.com\/product\/yoast-seo-wordpress\/ -->\n<title>Tunisie : Bras de fer entre KaisSaied et Rached Ghannouchi - La Sentinelle<\/title>\n<meta name=\"robots\" content=\"index, follow, max-snippet:-1, max-image-preview:large, max-video-preview:-1\" \/>\n<link rel=\"canonical\" href=\"https:\/\/lasentinelle.dz\/index.php\/2021\/10\/03\/tunisie-bras-de-fer-entre-kaissaied-et-rached-ghannouchi\/\" \/>\n<meta property=\"og:locale\" content=\"fr_FR\" \/>\n<meta property=\"og:type\" content=\"article\" \/>\n<meta property=\"og:title\" content=\"Tunisie : Bras de fer entre KaisSaied et Rached Ghannouchi - La Sentinelle\" \/>\n<meta property=\"og:description\" content=\"C\u2019est le bras de fer entre le pr\u00e9sident tunisien KaisSaied et le chef d\u2019EnnahdaRached Ghannouchi. Ce dernier cherche \u00e0 d\u00e9tourner\" \/>\n<meta property=\"og:url\" content=\"https:\/\/lasentinelle.dz\/index.php\/2021\/10\/03\/tunisie-bras-de-fer-entre-kaissaied-et-rached-ghannouchi\/\" \/>\n<meta property=\"og:site_name\" content=\"La Sentinelle\" \/>\n<meta property=\"article:publisher\" content=\"https:\/\/www.facebook.com\/La-Sentinelle-104059864394773\" \/>\n<meta property=\"article:published_time\" content=\"2021-10-02T23:01:00+00:00\" \/>\n<meta property=\"og:image\" content=\"https:\/\/lasentinelle.dz\/wp-content\/uploads\/2021\/10\/image_2021-10-02_162847.png\" \/>\n\t<meta property=\"og:image:width\" content=\"1400\" \/>\n\t<meta property=\"og:image:height\" content=\"963\" \/>\n\t<meta property=\"og:image:type\" content=\"image\/png\" \/>\n<meta name=\"author\" content=\"La Sentinelle\" \/>\n<meta name=\"twitter:card\" content=\"summary_large_image\" \/>\n<meta name=\"twitter:label1\" content=\"\u00c9crit par\" \/>\n\t<meta name=\"twitter:data1\" content=\"La Sentinelle\" \/>\n\t<meta name=\"twitter:label2\" content=\"Dur\u00e9e de lecture estim\u00e9e\" \/>\n\t<meta name=\"twitter:data2\" content=\"3 minutes\" \/>\n<script type=\"application\/ld+json\" class=\"yoast-schema-graph\">{\"@context\":\"https:\\\/\\\/schema.org\",\"@graph\":[{\"@type\":\"Article\",\"@id\":\"https:\\\/\\\/lasentinelle.dz\\\/index.php\\\/2021\\\/10\\\/03\\\/tunisie-bras-de-fer-entre-kaissaied-et-rached-ghannouchi\\\/#article\",\"isPartOf\":{\"@id\":\"https:\\\/\\\/lasentinelle.dz\\\/index.php\\\/2021\\\/10\\\/03\\\/tunisie-bras-de-fer-entre-kaissaied-et-rached-ghannouchi\\\/\"},\"author\":{\"name\":\"La Sentinelle\",\"@id\":\"https:\\\/\\\/lasentinelle.dz\\\/#\\\/schema\\\/person\\\/d865044e22e70a75174ce8bcad3acfb3\"},\"headline\":\"Tunisie : Bras de fer entre KaisSaied et Rached Ghannouchi\",\"datePublished\":\"2021-10-02T23:01:00+00:00\",\"mainEntityOfPage\":{\"@id\":\"https:\\\/\\\/lasentinelle.dz\\\/index.php\\\/2021\\\/10\\\/03\\\/tunisie-bras-de-fer-entre-kaissaied-et-rached-ghannouchi\\\/\"},\"wordCount\":721,\"commentCount\":0,\"publisher\":{\"@id\":\"https:\\\/\\\/lasentinelle.dz\\\/#organization\"},\"image\":{\"@id\":\"https:\\\/\\\/lasentinelle.dz\\\/index.php\\\/2021\\\/10\\\/03\\\/tunisie-bras-de-fer-entre-kaissaied-et-rached-ghannouchi\\\/#primaryimage\"},\"thumbnailUrl\":\"https:\\\/\\\/lasentinelle.dz\\\/wp-content\\\/uploads\\\/2021\\\/10\\\/image_2021-10-02_162847.png\",\"articleSection\":[\"Monde\"],\"inLanguage\":\"fr-FR\",\"potentialAction\":[{\"@type\":\"CommentAction\",\"name\":\"Comment\",\"target\":[\"https:\\\/\\\/lasentinelle.dz\\\/index.php\\\/2021\\\/10\\\/03\\\/tunisie-bras-de-fer-entre-kaissaied-et-rached-ghannouchi\\\/#respond\"]}]},{\"@type\":\"WebPage\",\"@id\":\"https:\\\/\\\/lasentinelle.dz\\\/index.php\\\/2021\\\/10\\\/03\\\/tunisie-bras-de-fer-entre-kaissaied-et-rached-ghannouchi\\\/\",\"url\":\"https:\\\/\\\/lasentinelle.dz\\\/index.php\\\/2021\\\/10\\\/03\\\/tunisie-bras-de-fer-entre-kaissaied-et-rached-ghannouchi\\\/\",\"name\":\"Tunisie : Bras de fer entre KaisSaied et Rached Ghannouchi - La Sentinelle\",\"isPartOf\":{\"@id\":\"https:\\\/\\\/lasentinelle.dz\\\/#website\"},\"primaryImageOfPage\":{\"@id\":\"https:\\\/\\\/lasentinelle.dz\\\/index.php\\\/2021\\\/10\\\/03\\\/tunisie-bras-de-fer-entre-kaissaied-et-rached-ghannouchi\\\/#primaryimage\"},\"image\":{\"@id\":\"https:\\\/\\\/lasentinelle.dz\\\/index.php\\\/2021\\\/10\\\/03\\\/tunisie-bras-de-fer-entre-kaissaied-et-rached-ghannouchi\\\/#primaryimage\"},\"thumbnailUrl\":\"https:\\\/\\\/lasentinelle.dz\\\/wp-content\\\/uploads\\\/2021\\\/10\\\/image_2021-10-02_162847.png\",\"datePublished\":\"2021-10-02T23:01:00+00:00\",\"breadcrumb\":{\"@id\":\"https:\\\/\\\/lasentinelle.dz\\\/index.php\\\/2021\\\/10\\\/03\\\/tunisie-bras-de-fer-entre-kaissaied-et-rached-ghannouchi\\\/#breadcrumb\"},\"inLanguage\":\"fr-FR\",\"potentialAction\":[{\"@type\":\"ReadAction\",\"target\":[\"https:\\\/\\\/lasentinelle.dz\\\/index.php\\\/2021\\\/10\\\/03\\\/tunisie-bras-de-fer-entre-kaissaied-et-rached-ghannouchi\\\/\"]}]},{\"@type\":\"ImageObject\",\"inLanguage\":\"fr-FR\",\"@id\":\"https:\\\/\\\/lasentinelle.dz\\\/index.php\\\/2021\\\/10\\\/03\\\/tunisie-bras-de-fer-entre-kaissaied-et-rached-ghannouchi\\\/#primaryimage\",\"url\":\"https:\\\/\\\/lasentinelle.dz\\\/wp-content\\\/uploads\\\/2021\\\/10\\\/image_2021-10-02_162847.png\",\"contentUrl\":\"https:\\\/\\\/lasentinelle.dz\\\/wp-content\\\/uploads\\\/2021\\\/10\\\/image_2021-10-02_162847.png\",\"width\":1400,\"height\":963},{\"@type\":\"BreadcrumbList\",\"@id\":\"https:\\\/\\\/lasentinelle.dz\\\/index.php\\\/2021\\\/10\\\/03\\\/tunisie-bras-de-fer-entre-kaissaied-et-rached-ghannouchi\\\/#breadcrumb\",\"itemListElement\":[{\"@type\":\"ListItem\",\"position\":1,\"name\":\"Accueil\",\"item\":\"https:\\\/\\\/lasentinelle.dz\\\/\"},{\"@type\":\"ListItem\",\"position\":2,\"name\":\"Tunisie : Bras de fer entre KaisSaied et Rached Ghannouchi\"}]},{\"@type\":\"WebSite\",\"@id\":\"https:\\\/\\\/lasentinelle.dz\\\/#website\",\"url\":\"https:\\\/\\\/lasentinelle.dz\\\/\",\"name\":\"La Sentinelle\",\"description\":\"Quotidien national d&#039;information\",\"publisher\":{\"@id\":\"https:\\\/\\\/lasentinelle.dz\\\/#organization\"},\"potentialAction\":[{\"@type\":\"SearchAction\",\"target\":{\"@type\":\"EntryPoint\",\"urlTemplate\":\"https:\\\/\\\/lasentinelle.dz\\\/?s={search_term_string}\"},\"query-input\":{\"@type\":\"PropertyValueSpecification\",\"valueRequired\":true,\"valueName\":\"search_term_string\"}}],\"inLanguage\":\"fr-FR\"},{\"@type\":\"Organization\",\"@id\":\"https:\\\/\\\/lasentinelle.dz\\\/#organization\",\"name\":\"Quotidien La Sentinelle\",\"url\":\"https:\\\/\\\/lasentinelle.dz\\\/\",\"logo\":{\"@type\":\"ImageObject\",\"inLanguage\":\"fr-FR\",\"@id\":\"https:\\\/\\\/lasentinelle.dz\\\/#\\\/schema\\\/logo\\\/image\\\/\",\"url\":\"https:\\\/\\\/lasentinelle.dz\\\/wp-content\\\/uploads\\\/2021\\\/09\\\/logo-sentinelleSLOGAN-1.png\",\"contentUrl\":\"https:\\\/\\\/lasentinelle.dz\\\/wp-content\\\/uploads\\\/2021\\\/09\\\/logo-sentinelleSLOGAN-1.png\",\"width\":615,\"height\":142,\"caption\":\"Quotidien La Sentinelle\"},\"image\":{\"@id\":\"https:\\\/\\\/lasentinelle.dz\\\/#\\\/schema\\\/logo\\\/image\\\/\"},\"sameAs\":[\"https:\\\/\\\/www.facebook.com\\\/La-Sentinelle-104059864394773\"]},{\"@type\":\"Person\",\"@id\":\"https:\\\/\\\/lasentinelle.dz\\\/#\\\/schema\\\/person\\\/d865044e22e70a75174ce8bcad3acfb3\",\"name\":\"La Sentinelle\",\"image\":{\"@type\":\"ImageObject\",\"inLanguage\":\"fr-FR\",\"@id\":\"https:\\\/\\\/secure.gravatar.com\\\/avatar\\\/57de8e5d4b15d43fb361a71fbb36338450fe67865b528a43dd10ef7c51a20392?s=96&d=mm&r=g\",\"url\":\"https:\\\/\\\/secure.gravatar.com\\\/avatar\\\/57de8e5d4b15d43fb361a71fbb36338450fe67865b528a43dd10ef7c51a20392?s=96&d=mm&r=g\",\"contentUrl\":\"https:\\\/\\\/secure.gravatar.com\\\/avatar\\\/57de8e5d4b15d43fb361a71fbb36338450fe67865b528a43dd10ef7c51a20392?s=96&d=mm&r=g\",\"caption\":\"La Sentinelle\"},\"sameAs\":[\"http:\\\/\\\/www.lasentinelle.dz\"],\"url\":\"https:\\\/\\\/lasentinelle.dz\\\/author\\\/redaction\\\/\"}]}<\/script>\n<!-- \/ Yoast SEO plugin. -->","yoast_head_json":{"title":"Tunisie : Bras de fer entre KaisSaied et Rached Ghannouchi - La Sentinelle","robots":{"index":"index","follow":"follow","max-snippet":"max-snippet:-1","max-image-preview":"max-image-preview:large","max-video-preview":"max-video-preview:-1"},"canonical":"https:\/\/lasentinelle.dz\/index.php\/2021\/10\/03\/tunisie-bras-de-fer-entre-kaissaied-et-rached-ghannouchi\/","og_locale":"fr_FR","og_type":"article","og_title":"Tunisie : Bras de fer entre KaisSaied et Rached Ghannouchi - La Sentinelle","og_description":"C\u2019est le bras de fer entre le pr\u00e9sident tunisien KaisSaied et le chef d\u2019EnnahdaRached Ghannouchi. Ce dernier cherche \u00e0 d\u00e9tourner","og_url":"https:\/\/lasentinelle.dz\/index.php\/2021\/10\/03\/tunisie-bras-de-fer-entre-kaissaied-et-rached-ghannouchi\/","og_site_name":"La Sentinelle","article_publisher":"https:\/\/www.facebook.com\/La-Sentinelle-104059864394773","article_published_time":"2021-10-02T23:01:00+00:00","og_image":[{"width":1400,"height":963,"url":"https:\/\/lasentinelle.dz\/wp-content\/uploads\/2021\/10\/image_2021-10-02_162847.png","type":"image\/png"}],"author":"La Sentinelle","twitter_card":"summary_large_image","twitter_misc":{"\u00c9crit par":"La Sentinelle","Dur\u00e9e de lecture estim\u00e9e":"3 minutes"},"schema":{"@context":"https:\/\/schema.org","@graph":[{"@type":"Article","@id":"https:\/\/lasentinelle.dz\/index.php\/2021\/10\/03\/tunisie-bras-de-fer-entre-kaissaied-et-rached-ghannouchi\/#article","isPartOf":{"@id":"https:\/\/lasentinelle.dz\/index.php\/2021\/10\/03\/tunisie-bras-de-fer-entre-kaissaied-et-rached-ghannouchi\/"},"author":{"name":"La Sentinelle","@id":"https:\/\/lasentinelle.dz\/#\/schema\/person\/d865044e22e70a75174ce8bcad3acfb3"},"headline":"Tunisie : Bras de fer entre KaisSaied et Rached Ghannouchi","datePublished":"2021-10-02T23:01:00+00:00","mainEntityOfPage":{"@id":"https:\/\/lasentinelle.dz\/index.php\/2021\/10\/03\/tunisie-bras-de-fer-entre-kaissaied-et-rached-ghannouchi\/"},"wordCount":721,"commentCount":0,"publisher":{"@id":"https:\/\/lasentinelle.dz\/#organization"},"image":{"@id":"https:\/\/lasentinelle.dz\/index.php\/2021\/10\/03\/tunisie-bras-de-fer-entre-kaissaied-et-rached-ghannouchi\/#primaryimage"},"thumbnailUrl":"https:\/\/lasentinelle.dz\/wp-content\/uploads\/2021\/10\/image_2021-10-02_162847.png","articleSection":["Monde"],"inLanguage":"fr-FR","potentialAction":[{"@type":"CommentAction","name":"Comment","target":["https:\/\/lasentinelle.dz\/index.php\/2021\/10\/03\/tunisie-bras-de-fer-entre-kaissaied-et-rached-ghannouchi\/#respond"]}]},{"@type":"WebPage","@id":"https:\/\/lasentinelle.dz\/index.php\/2021\/10\/03\/tunisie-bras-de-fer-entre-kaissaied-et-rached-ghannouchi\/","url":"https:\/\/lasentinelle.dz\/index.php\/2021\/10\/03\/tunisie-bras-de-fer-entre-kaissaied-et-rached-ghannouchi\/","name":"Tunisie : Bras de fer entre KaisSaied et Rached Ghannouchi - La Sentinelle","isPartOf":{"@id":"https:\/\/lasentinelle.dz\/#website"},"primaryImageOfPage":{"@id":"https:\/\/lasentinelle.dz\/index.php\/2021\/10\/03\/tunisie-bras-de-fer-entre-kaissaied-et-rached-ghannouchi\/#primaryimage"},"image":{"@id":"https:\/\/lasentinelle.dz\/index.php\/2021\/10\/03\/tunisie-bras-de-fer-entre-kaissaied-et-rached-ghannouchi\/#primaryimage"},"thumbnailUrl":"https:\/\/lasentinelle.dz\/wp-content\/uploads\/2021\/10\/image_2021-10-02_162847.png","datePublished":"2021-10-02T23:01:00+00:00","breadcrumb":{"@id":"https:\/\/lasentinelle.dz\/index.php\/2021\/10\/03\/tunisie-bras-de-fer-entre-kaissaied-et-rached-ghannouchi\/#breadcrumb"},"inLanguage":"fr-FR","potentialAction":[{"@type":"ReadAction","target":["https:\/\/lasentinelle.dz\/index.php\/2021\/10\/03\/tunisie-bras-de-fer-entre-kaissaied-et-rached-ghannouchi\/"]}]},{"@type":"ImageObject","inLanguage":"fr-FR","@id":"https:\/\/lasentinelle.dz\/index.php\/2021\/10\/03\/tunisie-bras-de-fer-entre-kaissaied-et-rached-ghannouchi\/#primaryimage","url":"https:\/\/lasentinelle.dz\/wp-content\/uploads\/2021\/10\/image_2021-10-02_162847.png","contentUrl":"https:\/\/lasentinelle.dz\/wp-content\/uploads\/2021\/10\/image_2021-10-02_162847.png","width":1400,"height":963},{"@type":"BreadcrumbList","@id":"https:\/\/lasentinelle.dz\/index.php\/2021\/10\/03\/tunisie-bras-de-fer-entre-kaissaied-et-rached-ghannouchi\/#breadcrumb","itemListElement":[{"@type":"ListItem","position":1,"name":"Accueil","item":"https:\/\/lasentinelle.dz\/"},{"@type":"ListItem","position":2,"name":"Tunisie : Bras de fer entre KaisSaied et Rached Ghannouchi"}]},{"@type":"WebSite","@id":"https:\/\/lasentinelle.dz\/#website","url":"https:\/\/lasentinelle.dz\/","name":"La Sentinelle","description":"Quotidien national d&#039;information","publisher":{"@id":"https:\/\/lasentinelle.dz\/#organization"},"potentialAction":[{"@type":"SearchAction","target":{"@type":"EntryPoint","urlTemplate":"https:\/\/lasentinelle.dz\/?s={search_term_string}"},"query-input":{"@type":"PropertyValueSpecification","valueRequired":true,"valueName":"search_term_string"}}],"inLanguage":"fr-FR"},{"@type":"Organization","@id":"https:\/\/lasentinelle.dz\/#organization","name":"Quotidien La Sentinelle","url":"https:\/\/lasentinelle.dz\/","logo":{"@type":"ImageObject","inLanguage":"fr-FR","@id":"https:\/\/lasentinelle.dz\/#\/schema\/logo\/image\/","url":"https:\/\/lasentinelle.dz\/wp-content\/uploads\/2021\/09\/logo-sentinelleSLOGAN-1.png","contentUrl":"https:\/\/lasentinelle.dz\/wp-content\/uploads\/2021\/09\/logo-sentinelleSLOGAN-1.png","width":615,"height":142,"caption":"Quotidien La Sentinelle"},"image":{"@id":"https:\/\/lasentinelle.dz\/#\/schema\/logo\/image\/"},"sameAs":["https:\/\/www.facebook.com\/La-Sentinelle-104059864394773"]},{"@type":"Person","@id":"https:\/\/lasentinelle.dz\/#\/schema\/person\/d865044e22e70a75174ce8bcad3acfb3","name":"La Sentinelle","image":{"@type":"ImageObject","inLanguage":"fr-FR","@id":"https:\/\/secure.gravatar.com\/avatar\/57de8e5d4b15d43fb361a71fbb36338450fe67865b528a43dd10ef7c51a20392?s=96&d=mm&r=g","url":"https:\/\/secure.gravatar.com\/avatar\/57de8e5d4b15d43fb361a71fbb36338450fe67865b528a43dd10ef7c51a20392?s=96&d=mm&r=g","contentUrl":"https:\/\/secure.gravatar.com\/avatar\/57de8e5d4b15d43fb361a71fbb36338450fe67865b528a43dd10ef7c51a20392?s=96&d=mm&r=g","caption":"La Sentinelle"},"sameAs":["http:\/\/www.lasentinelle.dz"],"url":"https:\/\/lasentinelle.dz\/author\/redaction\/"}]}},"_links":{"self":[{"href":"https:\/\/lasentinelle.dz\/index.php\/wp-json\/wp\/v2\/posts\/9653","targetHints":{"allow":["GET"]}}],"collection":[{"href":"https:\/\/lasentinelle.dz\/index.php\/wp-json\/wp\/v2\/posts"}],"about":[{"href":"https:\/\/lasentinelle.dz\/index.php\/wp-json\/wp\/v2\/types\/post"}],"author":[{"embeddable":true,"href":"https:\/\/lasentinelle.dz\/index.php\/wp-json\/wp\/v2\/users\/3"}],"replies":[{"embeddable":true,"href":"https:\/\/lasentinelle.dz\/index.php\/wp-json\/wp\/v2\/comments?post=9653"}],"version-history":[{"count":1,"href":"https:\/\/lasentinelle.dz\/index.php\/wp-json\/wp\/v2\/posts\/9653\/revisions"}],"predecessor-version":[{"id":9655,"href":"https:\/\/lasentinelle.dz\/index.php\/wp-json\/wp\/v2\/posts\/9653\/revisions\/9655"}],"wp:featuredmedia":[{"embeddable":true,"href":"https:\/\/lasentinelle.dz\/index.php\/wp-json\/wp\/v2\/media\/9654"}],"wp:attachment":[{"href":"https:\/\/lasentinelle.dz\/index.php\/wp-json\/wp\/v2\/media?parent=9653"}],"wp:term":[{"taxonomy":"category","embeddable":true,"href":"https:\/\/lasentinelle.dz\/index.php\/wp-json\/wp\/v2\/categories?post=9653"},{"taxonomy":"post_tag","embeddable":true,"href":"https:\/\/lasentinelle.dz\/index.php\/wp-json\/wp\/v2\/tags?post=9653"}],"curies":[{"name":"wp","href":"https:\/\/api.w.org\/{rel}","templated":true}]}}