{"id":9757,"date":"2021-10-04T00:05:00","date_gmt":"2021-10-03T23:05:00","guid":{"rendered":"https:\/\/lasentinelle.dz\/?p=9757"},"modified":"2021-10-03T18:56:18","modified_gmt":"2021-10-03T17:56:18","slug":"valorisation-des-terres-rares-26-projets-miniersseront-lances","status":"publish","type":"post","link":"https:\/\/lasentinelle.dz\/index.php\/2021\/10\/04\/valorisation-des-terres-rares-26-projets-miniersseront-lances\/","title":{"rendered":"Valorisation des terres rares : 26 projets miniersseront lanc\u00e9s"},"content":{"rendered":"\n<p>Dans le cadre des mesures d\u2019urgences prises par le minist\u00e8re de l\u2019\u00c9nergie et des Mines, de nombreux projets d\u2019exploration mini\u00e8re viennent d\u2019\u00eatre lanc\u00e9s dans l\u2019optique de relancer l\u2019activit\u00e9 mini\u00e8re dans notre pays, a fait savoir, hier, la responsable du secteur minier au d\u00e9partement de Mohamed Arkab.<\/p>\n\n\n\n<p>Fadila Rabhi a pr\u00e9cis\u00e9, lors de son passage \u00e0 la radio nationale que le Gouvernement a proc\u00e9d\u00e9 au lancement de quelques 26 projets d\u2019exploration mini\u00e8re dont le co\u00fbt global est \u00e9valu\u00e9 \u00e0 1,8 milliards de dinars. La m\u00eame responsable a indiqu\u00e9, \u00e0 ce sujet que le minist\u00e8re de l\u2019\u00c9nergie et des Mines a d\u00e9j\u00e0 annonc\u00e9 la d\u00e9couverte de quelques 32 minerais qui restent encore non-exploit\u00e9s. Fadila Rabhi qui \u00e9num\u00e8re plusieurs minerais dont notamment les terres rares, lithium, cuivre, mangan\u00e8se, sels de potassium, soufre, pierres pr\u00e9cieuses, plomb et le zinc a par ailleurs pr\u00e9cis\u00e9 que \u00able programme de l\u2019ann\u00e9e 2021 comprend 26 projets d\u2019un co\u00fbt de 1,8 milliard de dinars pour couvrir les gisements et sites de mati\u00e8res min\u00e9rales, le lancement du projet int\u00e9gr\u00e9 d\u2019exploitation de la conversion du phosphate, le projet d\u2019\u00e9valuation de Ghar Djebilet et le projet d\u2019exploitation des gisements de zinc et de plomb de l\u2019Oued Amizour \u00bb.&nbsp;<\/p>\n\n\n\n<p>Par ailleurs, la responsable du minist\u00e8re de l\u2019\u00c9nergie et des Mines a annonc\u00e9 une panoplie de mesures que le d\u00e9partement s\u2019appr\u00eate \u00e0 prendre dans l\u2019objectif de promouvoir et valoriser l\u2019investissement dans le secteur minier notamment l\u2019exploration et l\u2019exploitation mini\u00e8re. Des dispositifs, ajoute-t-elle, qui ont \u00e9t\u00e9 mis en place dont le plus important concerne la r\u00e9forme de la&nbsp; l\u00e9gislation en vigueur dans le secteur. Un investissement, expliqueFadila Rabhi, qui sera appel\u00e9 \u00e0 se d\u00e9velopper dans le cadre des normes environnementales mondiales. Dans cette optique justement, le minist\u00e8re de l\u2019\u00c9nergie et des Mines se met \u00e0 l\u2019\u00e9coute des diff\u00e9rents intervenants et les porteurs de projets via des rencontres qui seront organis\u00e9es dans un proche avenir. Elle annoncera d\u2019ailleurs \u00e0 ce sujet une rencontre qui se tiendra incessamment entre le ministre MohamedArkab et ces m\u00eames intervenants.<\/p>\n\n\n\n<p>Il faut rappeler enfin que le ministre de l&rsquo;Energie et des Mines, Mohamed Arkab, a indiqu\u00e9, lors de sa participation \u00e0 un atelier sur \u00ab\u00a0les voies et moyens de redynamisation de l&rsquo;investissement et de cr\u00e9ation de richesse et d&#8217;emplois durables\u00a0\u00bb, organis\u00e9 dans le cadre de la r\u00e9union Gouvernement-walis, la semaine pass\u00e9e que son d\u00e9partement avait recens\u00e9 32 minerais non exploit\u00e9s et avait, \u00e0 la m\u00eame occasion, lanc\u00e9 un appel pour l&rsquo;intensification des investissements dans le secteur minier. Le ministre avait \u00e9galement fait savoir que les investisseurs \u00e9taient convi\u00e9s dans les 15 prochains jours pour la pr\u00e9sentation des potentialit\u00e9s mini\u00e8res du pays, notamment les minerais disponibles. Les walis ont ainsi \u00e9t\u00e9 instruits de soutenir les investisseurs dans le domaine de l&rsquo;extraction des ressources mini\u00e8res.<\/p>\n\n\n\n<p><strong>Akli Amor<\/strong><\/p>\n","protected":false},"excerpt":{"rendered":"<p>Dans le cadre des mesures d\u2019urgences prises par le minist\u00e8re de l\u2019\u00c9nergie et des Mines, de nombreux projets d\u2019exploration mini\u00e8re<\/p>\n","protected":false},"author":3,"featured_media":9777,"comment_status":"open","ping_status":"closed","sticky":false,"template":"","format":"standard","meta":{"colormag_page_container_layout":"default_layout","colormag_page_sidebar_layout":"default_layout","om_disable_all_campaigns":false,"_monsterinsights_skip_tracking":false,"_monsterinsights_sitenote_active":false,"_monsterinsights_sitenote_note":"","_monsterinsights_sitenote_category":0,"footnotes":"","_wpscppro_dont_share_socialmedia":false,"_wpscppro_custom_social_share_image":0,"_facebook_share_type":"","_twitter_share_type":"","_linkedin_share_type":"","_pinterest_share_type":"","_linkedin_share_type_page":"","_instagram_share_type":"","_medium_share_type":"","_threads_share_type":"","_google_business_share_type":"","_selected_social_profile":[],"_wpsp_enable_custom_social_template":false,"_wpsp_social_scheduling":{"enabled":false,"datetime":null,"platforms":[],"status":"template_only","dateOption":"today","timeOption":"now","customDays":"","customHours":"","customDate":"","customTime":"","schedulingType":"absolute"},"_wpsp_active_default_template":true},"categories":[52,29],"tags":[],"class_list":["post-9757","post","type-post","status-publish","format-standard","has-post-thumbnail","hentry","category-a-la-une","category-economie"],"aioseo_notices":[],"yoast_head":"<!-- This site is optimized with the Yoast SEO plugin v27.5 - https:\/\/yoast.com\/product\/yoast-seo-wordpress\/ -->\n<title>Valorisation des terres rares : 26 projets miniersseront lanc\u00e9s - La Sentinelle<\/title>\n<meta name=\"robots\" content=\"index, follow, max-snippet:-1, max-image-preview:large, max-video-preview:-1\" \/>\n<link rel=\"canonical\" href=\"https:\/\/lasentinelle.dz\/index.php\/2021\/10\/04\/valorisation-des-terres-rares-26-projets-miniersseront-lances\/\" \/>\n<meta property=\"og:locale\" content=\"fr_FR\" \/>\n<meta property=\"og:type\" content=\"article\" \/>\n<meta property=\"og:title\" content=\"Valorisation des terres rares : 26 projets miniersseront lanc\u00e9s - La Sentinelle\" \/>\n<meta property=\"og:description\" content=\"Dans le cadre des mesures d\u2019urgences prises par le minist\u00e8re de l\u2019\u00c9nergie et des Mines, de nombreux projets d\u2019exploration mini\u00e8re\" \/>\n<meta property=\"og:url\" content=\"https:\/\/lasentinelle.dz\/index.php\/2021\/10\/04\/valorisation-des-terres-rares-26-projets-miniersseront-lances\/\" \/>\n<meta property=\"og:site_name\" content=\"La Sentinelle\" \/>\n<meta property=\"article:publisher\" content=\"https:\/\/www.facebook.com\/La-Sentinelle-104059864394773\" \/>\n<meta property=\"article:published_time\" content=\"2021-10-03T23:05:00+00:00\" \/>\n<meta property=\"og:image\" content=\"https:\/\/lasentinelle.dz\/wp-content\/uploads\/2021\/10\/exploitation-miniere.jpeg\" \/>\n\t<meta property=\"og:image:width\" content=\"600\" \/>\n\t<meta property=\"og:image:height\" content=\"382\" \/>\n\t<meta property=\"og:image:type\" content=\"image\/jpeg\" \/>\n<meta name=\"author\" content=\"La Sentinelle\" \/>\n<meta name=\"twitter:card\" content=\"summary_large_image\" \/>\n<meta name=\"twitter:label1\" content=\"\u00c9crit par\" \/>\n\t<meta name=\"twitter:data1\" content=\"La Sentinelle\" \/>\n\t<meta name=\"twitter:label2\" content=\"Dur\u00e9e de lecture estim\u00e9e\" \/>\n\t<meta name=\"twitter:data2\" content=\"2 minutes\" \/>\n<script type=\"application\/ld+json\" class=\"yoast-schema-graph\">{\"@context\":\"https:\\\/\\\/schema.org\",\"@graph\":[{\"@type\":\"Article\",\"@id\":\"https:\\\/\\\/lasentinelle.dz\\\/index.php\\\/2021\\\/10\\\/04\\\/valorisation-des-terres-rares-26-projets-miniersseront-lances\\\/#article\",\"isPartOf\":{\"@id\":\"https:\\\/\\\/lasentinelle.dz\\\/index.php\\\/2021\\\/10\\\/04\\\/valorisation-des-terres-rares-26-projets-miniersseront-lances\\\/\"},\"author\":{\"name\":\"La Sentinelle\",\"@id\":\"https:\\\/\\\/lasentinelle.dz\\\/#\\\/schema\\\/person\\\/d865044e22e70a75174ce8bcad3acfb3\"},\"headline\":\"Valorisation des terres rares : 26 projets miniersseront lanc\u00e9s\",\"datePublished\":\"2021-10-03T23:05:00+00:00\",\"mainEntityOfPage\":{\"@id\":\"https:\\\/\\\/lasentinelle.dz\\\/index.php\\\/2021\\\/10\\\/04\\\/valorisation-des-terres-rares-26-projets-miniersseront-lances\\\/\"},\"wordCount\":519,\"commentCount\":0,\"publisher\":{\"@id\":\"https:\\\/\\\/lasentinelle.dz\\\/#organization\"},\"image\":{\"@id\":\"https:\\\/\\\/lasentinelle.dz\\\/index.php\\\/2021\\\/10\\\/04\\\/valorisation-des-terres-rares-26-projets-miniersseront-lances\\\/#primaryimage\"},\"thumbnailUrl\":\"https:\\\/\\\/lasentinelle.dz\\\/wp-content\\\/uploads\\\/2021\\\/10\\\/exploitation-miniere.jpeg\",\"articleSection\":[\"\u00c0 la Une\",\"\u00c9conomie\"],\"inLanguage\":\"fr-FR\",\"potentialAction\":[{\"@type\":\"CommentAction\",\"name\":\"Comment\",\"target\":[\"https:\\\/\\\/lasentinelle.dz\\\/index.php\\\/2021\\\/10\\\/04\\\/valorisation-des-terres-rares-26-projets-miniersseront-lances\\\/#respond\"]}]},{\"@type\":\"WebPage\",\"@id\":\"https:\\\/\\\/lasentinelle.dz\\\/index.php\\\/2021\\\/10\\\/04\\\/valorisation-des-terres-rares-26-projets-miniersseront-lances\\\/\",\"url\":\"https:\\\/\\\/lasentinelle.dz\\\/index.php\\\/2021\\\/10\\\/04\\\/valorisation-des-terres-rares-26-projets-miniersseront-lances\\\/\",\"name\":\"Valorisation des terres rares : 26 projets miniersseront lanc\u00e9s - La Sentinelle\",\"isPartOf\":{\"@id\":\"https:\\\/\\\/lasentinelle.dz\\\/#website\"},\"primaryImageOfPage\":{\"@id\":\"https:\\\/\\\/lasentinelle.dz\\\/index.php\\\/2021\\\/10\\\/04\\\/valorisation-des-terres-rares-26-projets-miniersseront-lances\\\/#primaryimage\"},\"image\":{\"@id\":\"https:\\\/\\\/lasentinelle.dz\\\/index.php\\\/2021\\\/10\\\/04\\\/valorisation-des-terres-rares-26-projets-miniersseront-lances\\\/#primaryimage\"},\"thumbnailUrl\":\"https:\\\/\\\/lasentinelle.dz\\\/wp-content\\\/uploads\\\/2021\\\/10\\\/exploitation-miniere.jpeg\",\"datePublished\":\"2021-10-03T23:05:00+00:00\",\"breadcrumb\":{\"@id\":\"https:\\\/\\\/lasentinelle.dz\\\/index.php\\\/2021\\\/10\\\/04\\\/valorisation-des-terres-rares-26-projets-miniersseront-lances\\\/#breadcrumb\"},\"inLanguage\":\"fr-FR\",\"potentialAction\":[{\"@type\":\"ReadAction\",\"target\":[\"https:\\\/\\\/lasentinelle.dz\\\/index.php\\\/2021\\\/10\\\/04\\\/valorisation-des-terres-rares-26-projets-miniersseront-lances\\\/\"]}]},{\"@type\":\"ImageObject\",\"inLanguage\":\"fr-FR\",\"@id\":\"https:\\\/\\\/lasentinelle.dz\\\/index.php\\\/2021\\\/10\\\/04\\\/valorisation-des-terres-rares-26-projets-miniersseront-lances\\\/#primaryimage\",\"url\":\"https:\\\/\\\/lasentinelle.dz\\\/wp-content\\\/uploads\\\/2021\\\/10\\\/exploitation-miniere.jpeg\",\"contentUrl\":\"https:\\\/\\\/lasentinelle.dz\\\/wp-content\\\/uploads\\\/2021\\\/10\\\/exploitation-miniere.jpeg\",\"width\":600,\"height\":382},{\"@type\":\"BreadcrumbList\",\"@id\":\"https:\\\/\\\/lasentinelle.dz\\\/index.php\\\/2021\\\/10\\\/04\\\/valorisation-des-terres-rares-26-projets-miniersseront-lances\\\/#breadcrumb\",\"itemListElement\":[{\"@type\":\"ListItem\",\"position\":1,\"name\":\"Accueil\",\"item\":\"https:\\\/\\\/lasentinelle.dz\\\/\"},{\"@type\":\"ListItem\",\"position\":2,\"name\":\"Valorisation des terres rares : 26 projets miniersseront lanc\u00e9s\"}]},{\"@type\":\"WebSite\",\"@id\":\"https:\\\/\\\/lasentinelle.dz\\\/#website\",\"url\":\"https:\\\/\\\/lasentinelle.dz\\\/\",\"name\":\"La Sentinelle\",\"description\":\"Quotidien national d&#039;information\",\"publisher\":{\"@id\":\"https:\\\/\\\/lasentinelle.dz\\\/#organization\"},\"potentialAction\":[{\"@type\":\"SearchAction\",\"target\":{\"@type\":\"EntryPoint\",\"urlTemplate\":\"https:\\\/\\\/lasentinelle.dz\\\/?s={search_term_string}\"},\"query-input\":{\"@type\":\"PropertyValueSpecification\",\"valueRequired\":true,\"valueName\":\"search_term_string\"}}],\"inLanguage\":\"fr-FR\"},{\"@type\":\"Organization\",\"@id\":\"https:\\\/\\\/lasentinelle.dz\\\/#organization\",\"name\":\"Quotidien La Sentinelle\",\"url\":\"https:\\\/\\\/lasentinelle.dz\\\/\",\"logo\":{\"@type\":\"ImageObject\",\"inLanguage\":\"fr-FR\",\"@id\":\"https:\\\/\\\/lasentinelle.dz\\\/#\\\/schema\\\/logo\\\/image\\\/\",\"url\":\"https:\\\/\\\/lasentinelle.dz\\\/wp-content\\\/uploads\\\/2021\\\/09\\\/logo-sentinelleSLOGAN-1.png\",\"contentUrl\":\"https:\\\/\\\/lasentinelle.dz\\\/wp-content\\\/uploads\\\/2021\\\/09\\\/logo-sentinelleSLOGAN-1.png\",\"width\":615,\"height\":142,\"caption\":\"Quotidien La Sentinelle\"},\"image\":{\"@id\":\"https:\\\/\\\/lasentinelle.dz\\\/#\\\/schema\\\/logo\\\/image\\\/\"},\"sameAs\":[\"https:\\\/\\\/www.facebook.com\\\/La-Sentinelle-104059864394773\"]},{\"@type\":\"Person\",\"@id\":\"https:\\\/\\\/lasentinelle.dz\\\/#\\\/schema\\\/person\\\/d865044e22e70a75174ce8bcad3acfb3\",\"name\":\"La Sentinelle\",\"image\":{\"@type\":\"ImageObject\",\"inLanguage\":\"fr-FR\",\"@id\":\"https:\\\/\\\/secure.gravatar.com\\\/avatar\\\/57de8e5d4b15d43fb361a71fbb36338450fe67865b528a43dd10ef7c51a20392?s=96&d=mm&r=g\",\"url\":\"https:\\\/\\\/secure.gravatar.com\\\/avatar\\\/57de8e5d4b15d43fb361a71fbb36338450fe67865b528a43dd10ef7c51a20392?s=96&d=mm&r=g\",\"contentUrl\":\"https:\\\/\\\/secure.gravatar.com\\\/avatar\\\/57de8e5d4b15d43fb361a71fbb36338450fe67865b528a43dd10ef7c51a20392?s=96&d=mm&r=g\",\"caption\":\"La Sentinelle\"},\"sameAs\":[\"http:\\\/\\\/www.lasentinelle.dz\"],\"url\":\"https:\\\/\\\/lasentinelle.dz\\\/author\\\/redaction\\\/\"}]}<\/script>\n<!-- \/ Yoast SEO plugin. -->","yoast_head_json":{"title":"Valorisation des terres rares : 26 projets miniersseront lanc\u00e9s - La Sentinelle","robots":{"index":"index","follow":"follow","max-snippet":"max-snippet:-1","max-image-preview":"max-image-preview:large","max-video-preview":"max-video-preview:-1"},"canonical":"https:\/\/lasentinelle.dz\/index.php\/2021\/10\/04\/valorisation-des-terres-rares-26-projets-miniersseront-lances\/","og_locale":"fr_FR","og_type":"article","og_title":"Valorisation des terres rares : 26 projets miniersseront lanc\u00e9s - La Sentinelle","og_description":"Dans le cadre des mesures d\u2019urgences prises par le minist\u00e8re de l\u2019\u00c9nergie et des Mines, de nombreux projets d\u2019exploration mini\u00e8re","og_url":"https:\/\/lasentinelle.dz\/index.php\/2021\/10\/04\/valorisation-des-terres-rares-26-projets-miniersseront-lances\/","og_site_name":"La Sentinelle","article_publisher":"https:\/\/www.facebook.com\/La-Sentinelle-104059864394773","article_published_time":"2021-10-03T23:05:00+00:00","og_image":[{"width":600,"height":382,"url":"https:\/\/lasentinelle.dz\/wp-content\/uploads\/2021\/10\/exploitation-miniere.jpeg","type":"image\/jpeg"}],"author":"La Sentinelle","twitter_card":"summary_large_image","twitter_misc":{"\u00c9crit par":"La Sentinelle","Dur\u00e9e de lecture estim\u00e9e":"2 minutes"},"schema":{"@context":"https:\/\/schema.org","@graph":[{"@type":"Article","@id":"https:\/\/lasentinelle.dz\/index.php\/2021\/10\/04\/valorisation-des-terres-rares-26-projets-miniersseront-lances\/#article","isPartOf":{"@id":"https:\/\/lasentinelle.dz\/index.php\/2021\/10\/04\/valorisation-des-terres-rares-26-projets-miniersseront-lances\/"},"author":{"name":"La Sentinelle","@id":"https:\/\/lasentinelle.dz\/#\/schema\/person\/d865044e22e70a75174ce8bcad3acfb3"},"headline":"Valorisation des terres rares : 26 projets miniersseront lanc\u00e9s","datePublished":"2021-10-03T23:05:00+00:00","mainEntityOfPage":{"@id":"https:\/\/lasentinelle.dz\/index.php\/2021\/10\/04\/valorisation-des-terres-rares-26-projets-miniersseront-lances\/"},"wordCount":519,"commentCount":0,"publisher":{"@id":"https:\/\/lasentinelle.dz\/#organization"},"image":{"@id":"https:\/\/lasentinelle.dz\/index.php\/2021\/10\/04\/valorisation-des-terres-rares-26-projets-miniersseront-lances\/#primaryimage"},"thumbnailUrl":"https:\/\/lasentinelle.dz\/wp-content\/uploads\/2021\/10\/exploitation-miniere.jpeg","articleSection":["\u00c0 la Une","\u00c9conomie"],"inLanguage":"fr-FR","potentialAction":[{"@type":"CommentAction","name":"Comment","target":["https:\/\/lasentinelle.dz\/index.php\/2021\/10\/04\/valorisation-des-terres-rares-26-projets-miniersseront-lances\/#respond"]}]},{"@type":"WebPage","@id":"https:\/\/lasentinelle.dz\/index.php\/2021\/10\/04\/valorisation-des-terres-rares-26-projets-miniersseront-lances\/","url":"https:\/\/lasentinelle.dz\/index.php\/2021\/10\/04\/valorisation-des-terres-rares-26-projets-miniersseront-lances\/","name":"Valorisation des terres rares : 26 projets miniersseront lanc\u00e9s - La Sentinelle","isPartOf":{"@id":"https:\/\/lasentinelle.dz\/#website"},"primaryImageOfPage":{"@id":"https:\/\/lasentinelle.dz\/index.php\/2021\/10\/04\/valorisation-des-terres-rares-26-projets-miniersseront-lances\/#primaryimage"},"image":{"@id":"https:\/\/lasentinelle.dz\/index.php\/2021\/10\/04\/valorisation-des-terres-rares-26-projets-miniersseront-lances\/#primaryimage"},"thumbnailUrl":"https:\/\/lasentinelle.dz\/wp-content\/uploads\/2021\/10\/exploitation-miniere.jpeg","datePublished":"2021-10-03T23:05:00+00:00","breadcrumb":{"@id":"https:\/\/lasentinelle.dz\/index.php\/2021\/10\/04\/valorisation-des-terres-rares-26-projets-miniersseront-lances\/#breadcrumb"},"inLanguage":"fr-FR","potentialAction":[{"@type":"ReadAction","target":["https:\/\/lasentinelle.dz\/index.php\/2021\/10\/04\/valorisation-des-terres-rares-26-projets-miniersseront-lances\/"]}]},{"@type":"ImageObject","inLanguage":"fr-FR","@id":"https:\/\/lasentinelle.dz\/index.php\/2021\/10\/04\/valorisation-des-terres-rares-26-projets-miniersseront-lances\/#primaryimage","url":"https:\/\/lasentinelle.dz\/wp-content\/uploads\/2021\/10\/exploitation-miniere.jpeg","contentUrl":"https:\/\/lasentinelle.dz\/wp-content\/uploads\/2021\/10\/exploitation-miniere.jpeg","width":600,"height":382},{"@type":"BreadcrumbList","@id":"https:\/\/lasentinelle.dz\/index.php\/2021\/10\/04\/valorisation-des-terres-rares-26-projets-miniersseront-lances\/#breadcrumb","itemListElement":[{"@type":"ListItem","position":1,"name":"Accueil","item":"https:\/\/lasentinelle.dz\/"},{"@type":"ListItem","position":2,"name":"Valorisation des terres rares : 26 projets miniersseront lanc\u00e9s"}]},{"@type":"WebSite","@id":"https:\/\/lasentinelle.dz\/#website","url":"https:\/\/lasentinelle.dz\/","name":"La Sentinelle","description":"Quotidien national d&#039;information","publisher":{"@id":"https:\/\/lasentinelle.dz\/#organization"},"potentialAction":[{"@type":"SearchAction","target":{"@type":"EntryPoint","urlTemplate":"https:\/\/lasentinelle.dz\/?s={search_term_string}"},"query-input":{"@type":"PropertyValueSpecification","valueRequired":true,"valueName":"search_term_string"}}],"inLanguage":"fr-FR"},{"@type":"Organization","@id":"https:\/\/lasentinelle.dz\/#organization","name":"Quotidien La Sentinelle","url":"https:\/\/lasentinelle.dz\/","logo":{"@type":"ImageObject","inLanguage":"fr-FR","@id":"https:\/\/lasentinelle.dz\/#\/schema\/logo\/image\/","url":"https:\/\/lasentinelle.dz\/wp-content\/uploads\/2021\/09\/logo-sentinelleSLOGAN-1.png","contentUrl":"https:\/\/lasentinelle.dz\/wp-content\/uploads\/2021\/09\/logo-sentinelleSLOGAN-1.png","width":615,"height":142,"caption":"Quotidien La Sentinelle"},"image":{"@id":"https:\/\/lasentinelle.dz\/#\/schema\/logo\/image\/"},"sameAs":["https:\/\/www.facebook.com\/La-Sentinelle-104059864394773"]},{"@type":"Person","@id":"https:\/\/lasentinelle.dz\/#\/schema\/person\/d865044e22e70a75174ce8bcad3acfb3","name":"La Sentinelle","image":{"@type":"ImageObject","inLanguage":"fr-FR","@id":"https:\/\/secure.gravatar.com\/avatar\/57de8e5d4b15d43fb361a71fbb36338450fe67865b528a43dd10ef7c51a20392?s=96&d=mm&r=g","url":"https:\/\/secure.gravatar.com\/avatar\/57de8e5d4b15d43fb361a71fbb36338450fe67865b528a43dd10ef7c51a20392?s=96&d=mm&r=g","contentUrl":"https:\/\/secure.gravatar.com\/avatar\/57de8e5d4b15d43fb361a71fbb36338450fe67865b528a43dd10ef7c51a20392?s=96&d=mm&r=g","caption":"La Sentinelle"},"sameAs":["http:\/\/www.lasentinelle.dz"],"url":"https:\/\/lasentinelle.dz\/author\/redaction\/"}]}},"_links":{"self":[{"href":"https:\/\/lasentinelle.dz\/index.php\/wp-json\/wp\/v2\/posts\/9757","targetHints":{"allow":["GET"]}}],"collection":[{"href":"https:\/\/lasentinelle.dz\/index.php\/wp-json\/wp\/v2\/posts"}],"about":[{"href":"https:\/\/lasentinelle.dz\/index.php\/wp-json\/wp\/v2\/types\/post"}],"author":[{"embeddable":true,"href":"https:\/\/lasentinelle.dz\/index.php\/wp-json\/wp\/v2\/users\/3"}],"replies":[{"embeddable":true,"href":"https:\/\/lasentinelle.dz\/index.php\/wp-json\/wp\/v2\/comments?post=9757"}],"version-history":[{"count":1,"href":"https:\/\/lasentinelle.dz\/index.php\/wp-json\/wp\/v2\/posts\/9757\/revisions"}],"predecessor-version":[{"id":9778,"href":"https:\/\/lasentinelle.dz\/index.php\/wp-json\/wp\/v2\/posts\/9757\/revisions\/9778"}],"wp:featuredmedia":[{"embeddable":true,"href":"https:\/\/lasentinelle.dz\/index.php\/wp-json\/wp\/v2\/media\/9777"}],"wp:attachment":[{"href":"https:\/\/lasentinelle.dz\/index.php\/wp-json\/wp\/v2\/media?parent=9757"}],"wp:term":[{"taxonomy":"category","embeddable":true,"href":"https:\/\/lasentinelle.dz\/index.php\/wp-json\/wp\/v2\/categories?post=9757"},{"taxonomy":"post_tag","embeddable":true,"href":"https:\/\/lasentinelle.dz\/index.php\/wp-json\/wp\/v2\/tags?post=9757"}],"curies":[{"name":"wp","href":"https:\/\/api.w.org\/{rel}","templated":true}]}}