{"id":9767,"date":"2021-10-04T00:01:00","date_gmt":"2021-10-03T23:01:00","guid":{"rendered":"https:\/\/lasentinelle.dz\/?p=9767"},"modified":"2021-10-03T18:09:19","modified_gmt":"2021-10-03T17:09:19","slug":"filiere-avicole-des-mesures-pour-stabiliser-les-prix","status":"publish","type":"post","link":"https:\/\/lasentinelle.dz\/index.php\/2021\/10\/04\/filiere-avicole-des-mesures-pour-stabiliser-les-prix\/","title":{"rendered":"Fili\u00e8re avicole : Des mesures pour stabiliser les prix"},"content":{"rendered":"\n<p>La hausse des prix du poussin sont dus \u00e0 la sp\u00e9culation, selon les membres du Conseil national interprofessionnel de la fili\u00e8re avicole (CNIFA). La stabilisation \u00e0 nouveau du march\u00e9 de cette fili\u00e8re interviendra \u00e0 partir de ce mois d&rsquo;octobre, a annonc\u00e9 samedi e minist\u00e8re de l\u2019Agriculture et du D\u00e9veloppement Rural dans un communiqu\u00e9 sanctionnant la r\u00e9union de coordination sur l&rsquo;aviculture pr\u00e9sid\u00e9e par le ministre Abdelhamid Hemdani et qui a regroup\u00e9 les membres du Conseil national interprofessionnel de la fili\u00e8re avicole (CNIFA), les cadres du secteur et le directeur de l&rsquo;Office national des aliments du b\u00e9tail (ONAB) et a \u00e9t\u00e9 consacr\u00e9e \u00e0 la pr\u00e9sentation et \u00e0 l&rsquo;\u00e9valuation de la situation actuelle de cette fili\u00e8re.&nbsp;<\/p>\n\n\n\n<p>Toujours selon le communiqu\u00e9 publi\u00e9 sur la page officielle du minist\u00e8re sur Facebook, les participants ont ainsi abord\u00e9 plusieurs points relatifs \u00e0 cette fili\u00e8re qui&nbsp; conna\u00eet une envol\u00e9e des prix sans pr\u00e9c\u00e9dent. Des points relatifs notamment aux mesures exceptionnelles \u00e0 emprunter pour r\u00e9guler la fili\u00e8re ainsi que les diff\u00e9rents facteurs affectant le march\u00e9 des viandes blanches. A l\u2019issue de la r\u00e9union, M. Hemdani a donn\u00e9 des instructions \u00e0 tous les acteurs en vue d&rsquo;\u00e9tudier toutes les branches qui composent la fili\u00e8re afin d&rsquo;identifier avec pr\u00e9cision les probl\u00e8mes rencontr\u00e9s.<\/p>\n\n\n\n<p>Pour leur part, les membres du Conseil national interprofessionnel de la fili\u00e8re avicole (CNIFA) assuraient que la sp\u00e9culation est derri\u00e8re la hausse des prix du poussin \u00bb d\u00e9mentant par l\u00e0 toutes les informations faisant \u00e9tat de p\u00e9nurie de poussins destin\u00e9s \u00e0 la production de poulets de chair. Cette sp\u00e9culation sur les prix du poussin a pour rappel fait que beaucoup d\u2019\u00e9leveurs ont cess\u00e9 leur activit\u00e9 engendrant ainsi la p\u00e9nurie de la viande blanche dans es march\u00e9s. Ce qui a provoqu\u00e9 une hausse subite et vertigineuse des prix au grand dam des m\u00e9nages \u00e0 qui ne restait accessible que cette viande de poulet.<\/p>\n\n\n\n<p>A rappeler, par ailleurs, que le responsable de l\u2019Office National des Aliments de B\u00e9tail (ONAB) avait r\u00e9cemment expliqu\u00e9 la hausse des prix du poussin par l\u2019\u00e9mergence de la grippe aviaire dans les pays europ\u00e9ens. Une maladie qui a ainsiimpact\u00e9 la fili\u00e8re avicole dans notre pays. Aussi, les prix de ce produit sont all\u00e9s vers la hausse faisant que beaucoup d\u2019\u00e9leveurs ont cess\u00e9 l\u2019activit\u00e9 temporairement du moins pour un grand nombre d\u2019entre eux.&nbsp;&nbsp;<\/p>\n\n\n\n<p>Enfin, il convient de noter que les prix de la viande blanche connaissent une hausse sans pr\u00e9c\u00e9dent dans notre pays. Des prix qui ont atteint les 500 dinars pour le d\u00e9tail. Les m\u00e9nages qui ont exprim\u00e9 leur crainte de voir les prix aller encore vers la hausse dans les prochains jours. Jusqu\u2019\u00e0 hier, la tendance restait stable et en dessus de la bourse de la majorit\u00e9 des m\u00e9nages alg\u00e9riens. Quant \u00e0 une \u00e9ventuelle baisse des prix, rie ne dit qu\u2019elle sera au rendez-vous apr\u00e8s la stabilisation des march\u00e9s annonc\u00e9 hier.<\/p>\n\n\n\n<p><strong>Kamel Nait Ameur<\/strong><\/p>\n","protected":false},"excerpt":{"rendered":"<p>La hausse des prix du poussin sont dus \u00e0 la sp\u00e9culation, selon les membres du Conseil national interprofessionnel de la<\/p>\n","protected":false},"author":3,"featured_media":9782,"comment_status":"open","ping_status":"closed","sticky":false,"template":"","format":"standard","meta":{"colormag_page_container_layout":"default_layout","colormag_page_sidebar_layout":"default_layout","om_disable_all_campaigns":false,"_monsterinsights_skip_tracking":false,"_monsterinsights_sitenote_active":false,"_monsterinsights_sitenote_note":"","_monsterinsights_sitenote_category":0,"footnotes":"","_wpscppro_dont_share_socialmedia":false,"_wpscppro_custom_social_share_image":0,"_facebook_share_type":"","_twitter_share_type":"","_linkedin_share_type":"","_pinterest_share_type":"","_linkedin_share_type_page":"","_instagram_share_type":"","_medium_share_type":"","_threads_share_type":"","_google_business_share_type":"","_selected_social_profile":[],"_wpsp_enable_custom_social_template":false,"_wpsp_social_scheduling":{"enabled":false,"datetime":null,"platforms":[],"status":"template_only","dateOption":"today","timeOption":"now","customDays":"","customHours":"","customDate":"","customTime":"","schedulingType":"absolute"},"_wpsp_active_default_template":true},"categories":[29],"tags":[],"class_list":["post-9767","post","type-post","status-publish","format-standard","has-post-thumbnail","hentry","category-economie"],"aioseo_notices":[],"yoast_head":"<!-- This site is optimized with the Yoast SEO plugin v27.5 - https:\/\/yoast.com\/product\/yoast-seo-wordpress\/ -->\n<title>Fili\u00e8re avicole : Des mesures pour stabiliser les prix - La Sentinelle<\/title>\n<meta name=\"robots\" content=\"index, follow, max-snippet:-1, max-image-preview:large, max-video-preview:-1\" \/>\n<link rel=\"canonical\" href=\"https:\/\/lasentinelle.dz\/index.php\/2021\/10\/04\/filiere-avicole-des-mesures-pour-stabiliser-les-prix\/\" \/>\n<meta property=\"og:locale\" content=\"fr_FR\" \/>\n<meta property=\"og:type\" content=\"article\" \/>\n<meta property=\"og:title\" content=\"Fili\u00e8re avicole : Des mesures pour stabiliser les prix - La Sentinelle\" \/>\n<meta property=\"og:description\" content=\"La hausse des prix du poussin sont dus \u00e0 la sp\u00e9culation, selon les membres du Conseil national interprofessionnel de la\" \/>\n<meta property=\"og:url\" content=\"https:\/\/lasentinelle.dz\/index.php\/2021\/10\/04\/filiere-avicole-des-mesures-pour-stabiliser-les-prix\/\" \/>\n<meta property=\"og:site_name\" content=\"La Sentinelle\" \/>\n<meta property=\"article:publisher\" content=\"https:\/\/www.facebook.com\/La-Sentinelle-104059864394773\" \/>\n<meta property=\"article:published_time\" content=\"2021-10-03T23:01:00+00:00\" \/>\n<meta property=\"og:image\" content=\"https:\/\/lasentinelle.dz\/wp-content\/uploads\/2021\/10\/image_2021-10-03_180909.png\" \/>\n\t<meta property=\"og:image:width\" content=\"716\" \/>\n\t<meta property=\"og:image:height\" content=\"480\" \/>\n\t<meta property=\"og:image:type\" content=\"image\/png\" \/>\n<meta name=\"author\" content=\"La Sentinelle\" \/>\n<meta name=\"twitter:card\" content=\"summary_large_image\" \/>\n<meta name=\"twitter:label1\" content=\"\u00c9crit par\" \/>\n\t<meta name=\"twitter:data1\" content=\"La Sentinelle\" \/>\n\t<meta name=\"twitter:label2\" content=\"Dur\u00e9e de lecture estim\u00e9e\" \/>\n\t<meta name=\"twitter:data2\" content=\"3 minutes\" \/>\n<script type=\"application\/ld+json\" class=\"yoast-schema-graph\">{\"@context\":\"https:\\\/\\\/schema.org\",\"@graph\":[{\"@type\":\"Article\",\"@id\":\"https:\\\/\\\/lasentinelle.dz\\\/index.php\\\/2021\\\/10\\\/04\\\/filiere-avicole-des-mesures-pour-stabiliser-les-prix\\\/#article\",\"isPartOf\":{\"@id\":\"https:\\\/\\\/lasentinelle.dz\\\/index.php\\\/2021\\\/10\\\/04\\\/filiere-avicole-des-mesures-pour-stabiliser-les-prix\\\/\"},\"author\":{\"name\":\"La Sentinelle\",\"@id\":\"https:\\\/\\\/lasentinelle.dz\\\/#\\\/schema\\\/person\\\/d865044e22e70a75174ce8bcad3acfb3\"},\"headline\":\"Fili\u00e8re avicole : Des mesures pour stabiliser les prix\",\"datePublished\":\"2021-10-03T23:01:00+00:00\",\"mainEntityOfPage\":{\"@id\":\"https:\\\/\\\/lasentinelle.dz\\\/index.php\\\/2021\\\/10\\\/04\\\/filiere-avicole-des-mesures-pour-stabiliser-les-prix\\\/\"},\"wordCount\":533,\"commentCount\":0,\"publisher\":{\"@id\":\"https:\\\/\\\/lasentinelle.dz\\\/#organization\"},\"image\":{\"@id\":\"https:\\\/\\\/lasentinelle.dz\\\/index.php\\\/2021\\\/10\\\/04\\\/filiere-avicole-des-mesures-pour-stabiliser-les-prix\\\/#primaryimage\"},\"thumbnailUrl\":\"https:\\\/\\\/lasentinelle.dz\\\/wp-content\\\/uploads\\\/2021\\\/10\\\/image_2021-10-03_180909.png\",\"articleSection\":[\"\u00c9conomie\"],\"inLanguage\":\"fr-FR\",\"potentialAction\":[{\"@type\":\"CommentAction\",\"name\":\"Comment\",\"target\":[\"https:\\\/\\\/lasentinelle.dz\\\/index.php\\\/2021\\\/10\\\/04\\\/filiere-avicole-des-mesures-pour-stabiliser-les-prix\\\/#respond\"]}]},{\"@type\":\"WebPage\",\"@id\":\"https:\\\/\\\/lasentinelle.dz\\\/index.php\\\/2021\\\/10\\\/04\\\/filiere-avicole-des-mesures-pour-stabiliser-les-prix\\\/\",\"url\":\"https:\\\/\\\/lasentinelle.dz\\\/index.php\\\/2021\\\/10\\\/04\\\/filiere-avicole-des-mesures-pour-stabiliser-les-prix\\\/\",\"name\":\"Fili\u00e8re avicole : Des mesures pour stabiliser les prix - La Sentinelle\",\"isPartOf\":{\"@id\":\"https:\\\/\\\/lasentinelle.dz\\\/#website\"},\"primaryImageOfPage\":{\"@id\":\"https:\\\/\\\/lasentinelle.dz\\\/index.php\\\/2021\\\/10\\\/04\\\/filiere-avicole-des-mesures-pour-stabiliser-les-prix\\\/#primaryimage\"},\"image\":{\"@id\":\"https:\\\/\\\/lasentinelle.dz\\\/index.php\\\/2021\\\/10\\\/04\\\/filiere-avicole-des-mesures-pour-stabiliser-les-prix\\\/#primaryimage\"},\"thumbnailUrl\":\"https:\\\/\\\/lasentinelle.dz\\\/wp-content\\\/uploads\\\/2021\\\/10\\\/image_2021-10-03_180909.png\",\"datePublished\":\"2021-10-03T23:01:00+00:00\",\"breadcrumb\":{\"@id\":\"https:\\\/\\\/lasentinelle.dz\\\/index.php\\\/2021\\\/10\\\/04\\\/filiere-avicole-des-mesures-pour-stabiliser-les-prix\\\/#breadcrumb\"},\"inLanguage\":\"fr-FR\",\"potentialAction\":[{\"@type\":\"ReadAction\",\"target\":[\"https:\\\/\\\/lasentinelle.dz\\\/index.php\\\/2021\\\/10\\\/04\\\/filiere-avicole-des-mesures-pour-stabiliser-les-prix\\\/\"]}]},{\"@type\":\"ImageObject\",\"inLanguage\":\"fr-FR\",\"@id\":\"https:\\\/\\\/lasentinelle.dz\\\/index.php\\\/2021\\\/10\\\/04\\\/filiere-avicole-des-mesures-pour-stabiliser-les-prix\\\/#primaryimage\",\"url\":\"https:\\\/\\\/lasentinelle.dz\\\/wp-content\\\/uploads\\\/2021\\\/10\\\/image_2021-10-03_180909.png\",\"contentUrl\":\"https:\\\/\\\/lasentinelle.dz\\\/wp-content\\\/uploads\\\/2021\\\/10\\\/image_2021-10-03_180909.png\",\"width\":716,\"height\":480},{\"@type\":\"BreadcrumbList\",\"@id\":\"https:\\\/\\\/lasentinelle.dz\\\/index.php\\\/2021\\\/10\\\/04\\\/filiere-avicole-des-mesures-pour-stabiliser-les-prix\\\/#breadcrumb\",\"itemListElement\":[{\"@type\":\"ListItem\",\"position\":1,\"name\":\"Accueil\",\"item\":\"https:\\\/\\\/lasentinelle.dz\\\/\"},{\"@type\":\"ListItem\",\"position\":2,\"name\":\"Fili\u00e8re avicole : Des mesures pour stabiliser les prix\"}]},{\"@type\":\"WebSite\",\"@id\":\"https:\\\/\\\/lasentinelle.dz\\\/#website\",\"url\":\"https:\\\/\\\/lasentinelle.dz\\\/\",\"name\":\"La Sentinelle\",\"description\":\"Quotidien national d&#039;information\",\"publisher\":{\"@id\":\"https:\\\/\\\/lasentinelle.dz\\\/#organization\"},\"potentialAction\":[{\"@type\":\"SearchAction\",\"target\":{\"@type\":\"EntryPoint\",\"urlTemplate\":\"https:\\\/\\\/lasentinelle.dz\\\/?s={search_term_string}\"},\"query-input\":{\"@type\":\"PropertyValueSpecification\",\"valueRequired\":true,\"valueName\":\"search_term_string\"}}],\"inLanguage\":\"fr-FR\"},{\"@type\":\"Organization\",\"@id\":\"https:\\\/\\\/lasentinelle.dz\\\/#organization\",\"name\":\"Quotidien La Sentinelle\",\"url\":\"https:\\\/\\\/lasentinelle.dz\\\/\",\"logo\":{\"@type\":\"ImageObject\",\"inLanguage\":\"fr-FR\",\"@id\":\"https:\\\/\\\/lasentinelle.dz\\\/#\\\/schema\\\/logo\\\/image\\\/\",\"url\":\"https:\\\/\\\/lasentinelle.dz\\\/wp-content\\\/uploads\\\/2021\\\/09\\\/logo-sentinelleSLOGAN-1.png\",\"contentUrl\":\"https:\\\/\\\/lasentinelle.dz\\\/wp-content\\\/uploads\\\/2021\\\/09\\\/logo-sentinelleSLOGAN-1.png\",\"width\":615,\"height\":142,\"caption\":\"Quotidien La Sentinelle\"},\"image\":{\"@id\":\"https:\\\/\\\/lasentinelle.dz\\\/#\\\/schema\\\/logo\\\/image\\\/\"},\"sameAs\":[\"https:\\\/\\\/www.facebook.com\\\/La-Sentinelle-104059864394773\"]},{\"@type\":\"Person\",\"@id\":\"https:\\\/\\\/lasentinelle.dz\\\/#\\\/schema\\\/person\\\/d865044e22e70a75174ce8bcad3acfb3\",\"name\":\"La Sentinelle\",\"image\":{\"@type\":\"ImageObject\",\"inLanguage\":\"fr-FR\",\"@id\":\"https:\\\/\\\/secure.gravatar.com\\\/avatar\\\/57de8e5d4b15d43fb361a71fbb36338450fe67865b528a43dd10ef7c51a20392?s=96&d=mm&r=g\",\"url\":\"https:\\\/\\\/secure.gravatar.com\\\/avatar\\\/57de8e5d4b15d43fb361a71fbb36338450fe67865b528a43dd10ef7c51a20392?s=96&d=mm&r=g\",\"contentUrl\":\"https:\\\/\\\/secure.gravatar.com\\\/avatar\\\/57de8e5d4b15d43fb361a71fbb36338450fe67865b528a43dd10ef7c51a20392?s=96&d=mm&r=g\",\"caption\":\"La Sentinelle\"},\"sameAs\":[\"http:\\\/\\\/www.lasentinelle.dz\"],\"url\":\"https:\\\/\\\/lasentinelle.dz\\\/author\\\/redaction\\\/\"}]}<\/script>\n<!-- \/ Yoast SEO plugin. -->","yoast_head_json":{"title":"Fili\u00e8re avicole : Des mesures pour stabiliser les prix - La Sentinelle","robots":{"index":"index","follow":"follow","max-snippet":"max-snippet:-1","max-image-preview":"max-image-preview:large","max-video-preview":"max-video-preview:-1"},"canonical":"https:\/\/lasentinelle.dz\/index.php\/2021\/10\/04\/filiere-avicole-des-mesures-pour-stabiliser-les-prix\/","og_locale":"fr_FR","og_type":"article","og_title":"Fili\u00e8re avicole : Des mesures pour stabiliser les prix - La Sentinelle","og_description":"La hausse des prix du poussin sont dus \u00e0 la sp\u00e9culation, selon les membres du Conseil national interprofessionnel de la","og_url":"https:\/\/lasentinelle.dz\/index.php\/2021\/10\/04\/filiere-avicole-des-mesures-pour-stabiliser-les-prix\/","og_site_name":"La Sentinelle","article_publisher":"https:\/\/www.facebook.com\/La-Sentinelle-104059864394773","article_published_time":"2021-10-03T23:01:00+00:00","og_image":[{"width":716,"height":480,"url":"https:\/\/lasentinelle.dz\/wp-content\/uploads\/2021\/10\/image_2021-10-03_180909.png","type":"image\/png"}],"author":"La Sentinelle","twitter_card":"summary_large_image","twitter_misc":{"\u00c9crit par":"La Sentinelle","Dur\u00e9e de lecture estim\u00e9e":"3 minutes"},"schema":{"@context":"https:\/\/schema.org","@graph":[{"@type":"Article","@id":"https:\/\/lasentinelle.dz\/index.php\/2021\/10\/04\/filiere-avicole-des-mesures-pour-stabiliser-les-prix\/#article","isPartOf":{"@id":"https:\/\/lasentinelle.dz\/index.php\/2021\/10\/04\/filiere-avicole-des-mesures-pour-stabiliser-les-prix\/"},"author":{"name":"La Sentinelle","@id":"https:\/\/lasentinelle.dz\/#\/schema\/person\/d865044e22e70a75174ce8bcad3acfb3"},"headline":"Fili\u00e8re avicole : Des mesures pour stabiliser les prix","datePublished":"2021-10-03T23:01:00+00:00","mainEntityOfPage":{"@id":"https:\/\/lasentinelle.dz\/index.php\/2021\/10\/04\/filiere-avicole-des-mesures-pour-stabiliser-les-prix\/"},"wordCount":533,"commentCount":0,"publisher":{"@id":"https:\/\/lasentinelle.dz\/#organization"},"image":{"@id":"https:\/\/lasentinelle.dz\/index.php\/2021\/10\/04\/filiere-avicole-des-mesures-pour-stabiliser-les-prix\/#primaryimage"},"thumbnailUrl":"https:\/\/lasentinelle.dz\/wp-content\/uploads\/2021\/10\/image_2021-10-03_180909.png","articleSection":["\u00c9conomie"],"inLanguage":"fr-FR","potentialAction":[{"@type":"CommentAction","name":"Comment","target":["https:\/\/lasentinelle.dz\/index.php\/2021\/10\/04\/filiere-avicole-des-mesures-pour-stabiliser-les-prix\/#respond"]}]},{"@type":"WebPage","@id":"https:\/\/lasentinelle.dz\/index.php\/2021\/10\/04\/filiere-avicole-des-mesures-pour-stabiliser-les-prix\/","url":"https:\/\/lasentinelle.dz\/index.php\/2021\/10\/04\/filiere-avicole-des-mesures-pour-stabiliser-les-prix\/","name":"Fili\u00e8re avicole : Des mesures pour stabiliser les prix - La Sentinelle","isPartOf":{"@id":"https:\/\/lasentinelle.dz\/#website"},"primaryImageOfPage":{"@id":"https:\/\/lasentinelle.dz\/index.php\/2021\/10\/04\/filiere-avicole-des-mesures-pour-stabiliser-les-prix\/#primaryimage"},"image":{"@id":"https:\/\/lasentinelle.dz\/index.php\/2021\/10\/04\/filiere-avicole-des-mesures-pour-stabiliser-les-prix\/#primaryimage"},"thumbnailUrl":"https:\/\/lasentinelle.dz\/wp-content\/uploads\/2021\/10\/image_2021-10-03_180909.png","datePublished":"2021-10-03T23:01:00+00:00","breadcrumb":{"@id":"https:\/\/lasentinelle.dz\/index.php\/2021\/10\/04\/filiere-avicole-des-mesures-pour-stabiliser-les-prix\/#breadcrumb"},"inLanguage":"fr-FR","potentialAction":[{"@type":"ReadAction","target":["https:\/\/lasentinelle.dz\/index.php\/2021\/10\/04\/filiere-avicole-des-mesures-pour-stabiliser-les-prix\/"]}]},{"@type":"ImageObject","inLanguage":"fr-FR","@id":"https:\/\/lasentinelle.dz\/index.php\/2021\/10\/04\/filiere-avicole-des-mesures-pour-stabiliser-les-prix\/#primaryimage","url":"https:\/\/lasentinelle.dz\/wp-content\/uploads\/2021\/10\/image_2021-10-03_180909.png","contentUrl":"https:\/\/lasentinelle.dz\/wp-content\/uploads\/2021\/10\/image_2021-10-03_180909.png","width":716,"height":480},{"@type":"BreadcrumbList","@id":"https:\/\/lasentinelle.dz\/index.php\/2021\/10\/04\/filiere-avicole-des-mesures-pour-stabiliser-les-prix\/#breadcrumb","itemListElement":[{"@type":"ListItem","position":1,"name":"Accueil","item":"https:\/\/lasentinelle.dz\/"},{"@type":"ListItem","position":2,"name":"Fili\u00e8re avicole : Des mesures pour stabiliser les prix"}]},{"@type":"WebSite","@id":"https:\/\/lasentinelle.dz\/#website","url":"https:\/\/lasentinelle.dz\/","name":"La Sentinelle","description":"Quotidien national d&#039;information","publisher":{"@id":"https:\/\/lasentinelle.dz\/#organization"},"potentialAction":[{"@type":"SearchAction","target":{"@type":"EntryPoint","urlTemplate":"https:\/\/lasentinelle.dz\/?s={search_term_string}"},"query-input":{"@type":"PropertyValueSpecification","valueRequired":true,"valueName":"search_term_string"}}],"inLanguage":"fr-FR"},{"@type":"Organization","@id":"https:\/\/lasentinelle.dz\/#organization","name":"Quotidien La Sentinelle","url":"https:\/\/lasentinelle.dz\/","logo":{"@type":"ImageObject","inLanguage":"fr-FR","@id":"https:\/\/lasentinelle.dz\/#\/schema\/logo\/image\/","url":"https:\/\/lasentinelle.dz\/wp-content\/uploads\/2021\/09\/logo-sentinelleSLOGAN-1.png","contentUrl":"https:\/\/lasentinelle.dz\/wp-content\/uploads\/2021\/09\/logo-sentinelleSLOGAN-1.png","width":615,"height":142,"caption":"Quotidien La Sentinelle"},"image":{"@id":"https:\/\/lasentinelle.dz\/#\/schema\/logo\/image\/"},"sameAs":["https:\/\/www.facebook.com\/La-Sentinelle-104059864394773"]},{"@type":"Person","@id":"https:\/\/lasentinelle.dz\/#\/schema\/person\/d865044e22e70a75174ce8bcad3acfb3","name":"La Sentinelle","image":{"@type":"ImageObject","inLanguage":"fr-FR","@id":"https:\/\/secure.gravatar.com\/avatar\/57de8e5d4b15d43fb361a71fbb36338450fe67865b528a43dd10ef7c51a20392?s=96&d=mm&r=g","url":"https:\/\/secure.gravatar.com\/avatar\/57de8e5d4b15d43fb361a71fbb36338450fe67865b528a43dd10ef7c51a20392?s=96&d=mm&r=g","contentUrl":"https:\/\/secure.gravatar.com\/avatar\/57de8e5d4b15d43fb361a71fbb36338450fe67865b528a43dd10ef7c51a20392?s=96&d=mm&r=g","caption":"La Sentinelle"},"sameAs":["http:\/\/www.lasentinelle.dz"],"url":"https:\/\/lasentinelle.dz\/author\/redaction\/"}]}},"_links":{"self":[{"href":"https:\/\/lasentinelle.dz\/index.php\/wp-json\/wp\/v2\/posts\/9767","targetHints":{"allow":["GET"]}}],"collection":[{"href":"https:\/\/lasentinelle.dz\/index.php\/wp-json\/wp\/v2\/posts"}],"about":[{"href":"https:\/\/lasentinelle.dz\/index.php\/wp-json\/wp\/v2\/types\/post"}],"author":[{"embeddable":true,"href":"https:\/\/lasentinelle.dz\/index.php\/wp-json\/wp\/v2\/users\/3"}],"replies":[{"embeddable":true,"href":"https:\/\/lasentinelle.dz\/index.php\/wp-json\/wp\/v2\/comments?post=9767"}],"version-history":[{"count":1,"href":"https:\/\/lasentinelle.dz\/index.php\/wp-json\/wp\/v2\/posts\/9767\/revisions"}],"predecessor-version":[{"id":9783,"href":"https:\/\/lasentinelle.dz\/index.php\/wp-json\/wp\/v2\/posts\/9767\/revisions\/9783"}],"wp:featuredmedia":[{"embeddable":true,"href":"https:\/\/lasentinelle.dz\/index.php\/wp-json\/wp\/v2\/media\/9782"}],"wp:attachment":[{"href":"https:\/\/lasentinelle.dz\/index.php\/wp-json\/wp\/v2\/media?parent=9767"}],"wp:term":[{"taxonomy":"category","embeddable":true,"href":"https:\/\/lasentinelle.dz\/index.php\/wp-json\/wp\/v2\/categories?post=9767"},{"taxonomy":"post_tag","embeddable":true,"href":"https:\/\/lasentinelle.dz\/index.php\/wp-json\/wp\/v2\/tags?post=9767"}],"curies":[{"name":"wp","href":"https:\/\/api.w.org\/{rel}","templated":true}]}}