{"id":9768,"date":"2021-10-04T00:01:00","date_gmt":"2021-10-03T23:01:00","guid":{"rendered":"https:\/\/lasentinelle.dz\/?p=9768"},"modified":"2021-10-03T18:50:36","modified_gmt":"2021-10-03T17:50:36","slug":"ammar-belhimer-ministre-de-la-communication-on-mise-sur-linformation-electronique-pour-operer-une-mutation-positive","status":"publish","type":"post","link":"https:\/\/lasentinelle.dz\/index.php\/2021\/10\/04\/ammar-belhimer-ministre-de-la-communication-on-mise-sur-linformation-electronique-pour-operer-une-mutation-positive\/","title":{"rendered":"Ammar Belhimer, ministre de la Communication : \u00ab On mise sur l&rsquo;information \u00e9lectronique pour op\u00e9rer une mutation positive \u00bb"},"content":{"rendered":"\n<p>Le ministre de la Communication, Ammar Belhimer, a proc\u00e9d\u00e9, hier au si\u00e8ge de son d\u00e9partement minist\u00e9riel, \u00e0 l&rsquo;installation des membres du jury du Prix du pr\u00e9sident de la R\u00e9publique du journaliste professionnel, consacr\u00e9 dans sa septi\u00e8me \u00e9dition au th\u00e8me \u00ab\u00a0L&rsquo;information, entre libert\u00e9 et responsabilit\u00e9\u00a0\u00bb. Dans une allocution prononc\u00e9e devant les membres du jury, pr\u00e9sid\u00e9 par le Doyen de la Facult\u00e9 des sciences politiques et des relations internationales, Dr. Slimane Aaradj, M. Belhimer a fait savoir que le th\u00e8me de cette \u00e9dition \u00ab\u00a0r\u00e9sume l&rsquo;axe des r\u00e9formes globales engag\u00e9es par le secteur de la communication, en application du programme du Pr\u00e9sident de la R\u00e9publique, M. Abdelmadjid Tebboune, et cristallise la mission de l&rsquo;information professionnelle\u00a0\u00bb. Le concours organis\u00e9 sur le th\u00e8me de cette \u00e9dition \u00ab\u00a0constituera une occasion pour r\u00e9it\u00e9rer l&rsquo;imp\u00e9ratif respect de la dualit\u00e9 libert\u00e9-responsabilit\u00e9 en vue de promouvoir le message et la mission de l&rsquo;information et de la presse\u00a0\u00bb, a-t-il soulign\u00e9. \u00ab\u00a0Aussi, l&rsquo;on mise sur l&rsquo;information \u00e9lectronique pour op\u00e9rer une mutation positive \u00e0 m\u00eame d&rsquo;\u00eatre au diapason du num\u00e9rique et des nouveaux m\u00e9dias\u00a0\u00bb, explique M. Belhimer, ajoutant que \u00ab\u00a0ce type d&rsquo;information a cr\u00e9\u00e9 une nouvelle r\u00e9alit\u00e9 dans le monde de la presse nationale et internationale, en impactant le concept des libert\u00e9s dont celle du pluralisme de la presse ainsi que la responsabilit\u00e9 de ses professionnels, une r\u00e9sultante logique du respect de l&rsquo;\u00e9thique et de la d\u00e9ontologie professionnelles\u00a0\u00bb.<\/p>\n\n\n\n<p>APS<\/p>\n","protected":false},"excerpt":{"rendered":"<p>Le ministre de la Communication, Ammar Belhimer, a proc\u00e9d\u00e9, hier au si\u00e8ge de son d\u00e9partement minist\u00e9riel, \u00e0 l&rsquo;installation des membres<\/p>\n","protected":false},"author":3,"featured_media":3595,"comment_status":"open","ping_status":"closed","sticky":false,"template":"","format":"standard","meta":{"colormag_page_container_layout":"default_layout","colormag_page_sidebar_layout":"default_layout","om_disable_all_campaigns":false,"_monsterinsights_skip_tracking":false,"_monsterinsights_sitenote_active":false,"_monsterinsights_sitenote_note":"","_monsterinsights_sitenote_category":0,"footnotes":"","_wpscppro_dont_share_socialmedia":false,"_wpscppro_custom_social_share_image":0,"_facebook_share_type":"","_twitter_share_type":"","_linkedin_share_type":"","_pinterest_share_type":"","_linkedin_share_type_page":"","_instagram_share_type":"","_medium_share_type":"","_threads_share_type":"","_google_business_share_type":"","_selected_social_profile":[],"_wpsp_enable_custom_social_template":false,"_wpsp_social_scheduling":{"enabled":false,"datetime":null,"platforms":[],"status":"template_only","dateOption":"today","timeOption":"now","customDays":"","customHours":"","customDate":"","customTime":"","schedulingType":"absolute"},"_wpsp_active_default_template":true},"categories":[27],"tags":[],"class_list":["post-9768","post","type-post","status-publish","format-standard","has-post-thumbnail","hentry","category-actualite"],"aioseo_notices":[],"yoast_head":"<!-- This site is optimized with the Yoast SEO plugin v27.5 - https:\/\/yoast.com\/product\/yoast-seo-wordpress\/ -->\n<title>Ammar Belhimer, ministre de la Communication : \u00ab On mise sur l&#039;information \u00e9lectronique pour op\u00e9rer une mutation positive \u00bb - La Sentinelle<\/title>\n<meta name=\"robots\" content=\"index, follow, max-snippet:-1, max-image-preview:large, max-video-preview:-1\" \/>\n<link rel=\"canonical\" href=\"https:\/\/lasentinelle.dz\/index.php\/2021\/10\/04\/ammar-belhimer-ministre-de-la-communication-on-mise-sur-linformation-electronique-pour-operer-une-mutation-positive\/\" \/>\n<meta property=\"og:locale\" content=\"fr_FR\" \/>\n<meta property=\"og:type\" content=\"article\" \/>\n<meta property=\"og:title\" content=\"Ammar Belhimer, ministre de la Communication : \u00ab On mise sur l&#039;information \u00e9lectronique pour op\u00e9rer une mutation positive \u00bb - La Sentinelle\" \/>\n<meta property=\"og:description\" content=\"Le ministre de la Communication, Ammar Belhimer, a proc\u00e9d\u00e9, hier au si\u00e8ge de son d\u00e9partement minist\u00e9riel, \u00e0 l&rsquo;installation des membres\" \/>\n<meta property=\"og:url\" content=\"https:\/\/lasentinelle.dz\/index.php\/2021\/10\/04\/ammar-belhimer-ministre-de-la-communication-on-mise-sur-linformation-electronique-pour-operer-une-mutation-positive\/\" \/>\n<meta property=\"og:site_name\" content=\"La Sentinelle\" \/>\n<meta property=\"article:publisher\" content=\"https:\/\/www.facebook.com\/La-Sentinelle-104059864394773\" \/>\n<meta property=\"article:published_time\" content=\"2021-10-03T23:01:00+00:00\" \/>\n<meta property=\"og:image\" content=\"https:\/\/lasentinelle.dz\/wp-content\/uploads\/2021\/08\/belhimer.png\" \/>\n\t<meta property=\"og:image:width\" content=\"1350\" \/>\n\t<meta property=\"og:image:height\" content=\"900\" \/>\n\t<meta property=\"og:image:type\" content=\"image\/png\" \/>\n<meta name=\"author\" content=\"La Sentinelle\" \/>\n<meta name=\"twitter:card\" content=\"summary_large_image\" \/>\n<meta name=\"twitter:label1\" content=\"\u00c9crit par\" \/>\n\t<meta name=\"twitter:data1\" content=\"La Sentinelle\" \/>\n\t<meta name=\"twitter:label2\" content=\"Dur\u00e9e de lecture estim\u00e9e\" \/>\n\t<meta name=\"twitter:data2\" content=\"1 minute\" \/>\n<script type=\"application\/ld+json\" class=\"yoast-schema-graph\">{\"@context\":\"https:\\\/\\\/schema.org\",\"@graph\":[{\"@type\":\"Article\",\"@id\":\"https:\\\/\\\/lasentinelle.dz\\\/index.php\\\/2021\\\/10\\\/04\\\/ammar-belhimer-ministre-de-la-communication-on-mise-sur-linformation-electronique-pour-operer-une-mutation-positive\\\/#article\",\"isPartOf\":{\"@id\":\"https:\\\/\\\/lasentinelle.dz\\\/index.php\\\/2021\\\/10\\\/04\\\/ammar-belhimer-ministre-de-la-communication-on-mise-sur-linformation-electronique-pour-operer-une-mutation-positive\\\/\"},\"author\":{\"name\":\"La Sentinelle\",\"@id\":\"https:\\\/\\\/lasentinelle.dz\\\/#\\\/schema\\\/person\\\/d865044e22e70a75174ce8bcad3acfb3\"},\"headline\":\"Ammar Belhimer, ministre de la Communication : \u00ab On mise sur l&rsquo;information \u00e9lectronique pour op\u00e9rer une mutation positive \u00bb\",\"datePublished\":\"2021-10-03T23:01:00+00:00\",\"mainEntityOfPage\":{\"@id\":\"https:\\\/\\\/lasentinelle.dz\\\/index.php\\\/2021\\\/10\\\/04\\\/ammar-belhimer-ministre-de-la-communication-on-mise-sur-linformation-electronique-pour-operer-une-mutation-positive\\\/\"},\"wordCount\":282,\"commentCount\":0,\"publisher\":{\"@id\":\"https:\\\/\\\/lasentinelle.dz\\\/#organization\"},\"image\":{\"@id\":\"https:\\\/\\\/lasentinelle.dz\\\/index.php\\\/2021\\\/10\\\/04\\\/ammar-belhimer-ministre-de-la-communication-on-mise-sur-linformation-electronique-pour-operer-une-mutation-positive\\\/#primaryimage\"},\"thumbnailUrl\":\"https:\\\/\\\/lasentinelle.dz\\\/wp-content\\\/uploads\\\/2021\\\/08\\\/belhimer.png\",\"articleSection\":[\"Actualit\u00e9\"],\"inLanguage\":\"fr-FR\",\"potentialAction\":[{\"@type\":\"CommentAction\",\"name\":\"Comment\",\"target\":[\"https:\\\/\\\/lasentinelle.dz\\\/index.php\\\/2021\\\/10\\\/04\\\/ammar-belhimer-ministre-de-la-communication-on-mise-sur-linformation-electronique-pour-operer-une-mutation-positive\\\/#respond\"]}]},{\"@type\":\"WebPage\",\"@id\":\"https:\\\/\\\/lasentinelle.dz\\\/index.php\\\/2021\\\/10\\\/04\\\/ammar-belhimer-ministre-de-la-communication-on-mise-sur-linformation-electronique-pour-operer-une-mutation-positive\\\/\",\"url\":\"https:\\\/\\\/lasentinelle.dz\\\/index.php\\\/2021\\\/10\\\/04\\\/ammar-belhimer-ministre-de-la-communication-on-mise-sur-linformation-electronique-pour-operer-une-mutation-positive\\\/\",\"name\":\"Ammar Belhimer, ministre de la Communication : \u00ab On mise sur l'information \u00e9lectronique pour op\u00e9rer une mutation positive \u00bb - La Sentinelle\",\"isPartOf\":{\"@id\":\"https:\\\/\\\/lasentinelle.dz\\\/#website\"},\"primaryImageOfPage\":{\"@id\":\"https:\\\/\\\/lasentinelle.dz\\\/index.php\\\/2021\\\/10\\\/04\\\/ammar-belhimer-ministre-de-la-communication-on-mise-sur-linformation-electronique-pour-operer-une-mutation-positive\\\/#primaryimage\"},\"image\":{\"@id\":\"https:\\\/\\\/lasentinelle.dz\\\/index.php\\\/2021\\\/10\\\/04\\\/ammar-belhimer-ministre-de-la-communication-on-mise-sur-linformation-electronique-pour-operer-une-mutation-positive\\\/#primaryimage\"},\"thumbnailUrl\":\"https:\\\/\\\/lasentinelle.dz\\\/wp-content\\\/uploads\\\/2021\\\/08\\\/belhimer.png\",\"datePublished\":\"2021-10-03T23:01:00+00:00\",\"breadcrumb\":{\"@id\":\"https:\\\/\\\/lasentinelle.dz\\\/index.php\\\/2021\\\/10\\\/04\\\/ammar-belhimer-ministre-de-la-communication-on-mise-sur-linformation-electronique-pour-operer-une-mutation-positive\\\/#breadcrumb\"},\"inLanguage\":\"fr-FR\",\"potentialAction\":[{\"@type\":\"ReadAction\",\"target\":[\"https:\\\/\\\/lasentinelle.dz\\\/index.php\\\/2021\\\/10\\\/04\\\/ammar-belhimer-ministre-de-la-communication-on-mise-sur-linformation-electronique-pour-operer-une-mutation-positive\\\/\"]}]},{\"@type\":\"ImageObject\",\"inLanguage\":\"fr-FR\",\"@id\":\"https:\\\/\\\/lasentinelle.dz\\\/index.php\\\/2021\\\/10\\\/04\\\/ammar-belhimer-ministre-de-la-communication-on-mise-sur-linformation-electronique-pour-operer-une-mutation-positive\\\/#primaryimage\",\"url\":\"https:\\\/\\\/lasentinelle.dz\\\/wp-content\\\/uploads\\\/2021\\\/08\\\/belhimer.png\",\"contentUrl\":\"https:\\\/\\\/lasentinelle.dz\\\/wp-content\\\/uploads\\\/2021\\\/08\\\/belhimer.png\",\"width\":1350,\"height\":900},{\"@type\":\"BreadcrumbList\",\"@id\":\"https:\\\/\\\/lasentinelle.dz\\\/index.php\\\/2021\\\/10\\\/04\\\/ammar-belhimer-ministre-de-la-communication-on-mise-sur-linformation-electronique-pour-operer-une-mutation-positive\\\/#breadcrumb\",\"itemListElement\":[{\"@type\":\"ListItem\",\"position\":1,\"name\":\"Accueil\",\"item\":\"https:\\\/\\\/lasentinelle.dz\\\/\"},{\"@type\":\"ListItem\",\"position\":2,\"name\":\"Ammar Belhimer, ministre de la Communication : \u00ab On mise sur l&rsquo;information \u00e9lectronique pour op\u00e9rer une mutation positive \u00bb\"}]},{\"@type\":\"WebSite\",\"@id\":\"https:\\\/\\\/lasentinelle.dz\\\/#website\",\"url\":\"https:\\\/\\\/lasentinelle.dz\\\/\",\"name\":\"La Sentinelle\",\"description\":\"Quotidien national d&#039;information\",\"publisher\":{\"@id\":\"https:\\\/\\\/lasentinelle.dz\\\/#organization\"},\"potentialAction\":[{\"@type\":\"SearchAction\",\"target\":{\"@type\":\"EntryPoint\",\"urlTemplate\":\"https:\\\/\\\/lasentinelle.dz\\\/?s={search_term_string}\"},\"query-input\":{\"@type\":\"PropertyValueSpecification\",\"valueRequired\":true,\"valueName\":\"search_term_string\"}}],\"inLanguage\":\"fr-FR\"},{\"@type\":\"Organization\",\"@id\":\"https:\\\/\\\/lasentinelle.dz\\\/#organization\",\"name\":\"Quotidien La Sentinelle\",\"url\":\"https:\\\/\\\/lasentinelle.dz\\\/\",\"logo\":{\"@type\":\"ImageObject\",\"inLanguage\":\"fr-FR\",\"@id\":\"https:\\\/\\\/lasentinelle.dz\\\/#\\\/schema\\\/logo\\\/image\\\/\",\"url\":\"https:\\\/\\\/lasentinelle.dz\\\/wp-content\\\/uploads\\\/2021\\\/09\\\/logo-sentinelleSLOGAN-1.png\",\"contentUrl\":\"https:\\\/\\\/lasentinelle.dz\\\/wp-content\\\/uploads\\\/2021\\\/09\\\/logo-sentinelleSLOGAN-1.png\",\"width\":615,\"height\":142,\"caption\":\"Quotidien La Sentinelle\"},\"image\":{\"@id\":\"https:\\\/\\\/lasentinelle.dz\\\/#\\\/schema\\\/logo\\\/image\\\/\"},\"sameAs\":[\"https:\\\/\\\/www.facebook.com\\\/La-Sentinelle-104059864394773\"]},{\"@type\":\"Person\",\"@id\":\"https:\\\/\\\/lasentinelle.dz\\\/#\\\/schema\\\/person\\\/d865044e22e70a75174ce8bcad3acfb3\",\"name\":\"La Sentinelle\",\"image\":{\"@type\":\"ImageObject\",\"inLanguage\":\"fr-FR\",\"@id\":\"https:\\\/\\\/secure.gravatar.com\\\/avatar\\\/57de8e5d4b15d43fb361a71fbb36338450fe67865b528a43dd10ef7c51a20392?s=96&d=mm&r=g\",\"url\":\"https:\\\/\\\/secure.gravatar.com\\\/avatar\\\/57de8e5d4b15d43fb361a71fbb36338450fe67865b528a43dd10ef7c51a20392?s=96&d=mm&r=g\",\"contentUrl\":\"https:\\\/\\\/secure.gravatar.com\\\/avatar\\\/57de8e5d4b15d43fb361a71fbb36338450fe67865b528a43dd10ef7c51a20392?s=96&d=mm&r=g\",\"caption\":\"La Sentinelle\"},\"sameAs\":[\"http:\\\/\\\/www.lasentinelle.dz\"],\"url\":\"https:\\\/\\\/lasentinelle.dz\\\/author\\\/redaction\\\/\"}]}<\/script>\n<!-- \/ Yoast SEO plugin. -->","yoast_head_json":{"title":"Ammar Belhimer, ministre de la Communication : \u00ab On mise sur l'information \u00e9lectronique pour op\u00e9rer une mutation positive \u00bb - La Sentinelle","robots":{"index":"index","follow":"follow","max-snippet":"max-snippet:-1","max-image-preview":"max-image-preview:large","max-video-preview":"max-video-preview:-1"},"canonical":"https:\/\/lasentinelle.dz\/index.php\/2021\/10\/04\/ammar-belhimer-ministre-de-la-communication-on-mise-sur-linformation-electronique-pour-operer-une-mutation-positive\/","og_locale":"fr_FR","og_type":"article","og_title":"Ammar Belhimer, ministre de la Communication : \u00ab On mise sur l'information \u00e9lectronique pour op\u00e9rer une mutation positive \u00bb - La Sentinelle","og_description":"Le ministre de la Communication, Ammar Belhimer, a proc\u00e9d\u00e9, hier au si\u00e8ge de son d\u00e9partement minist\u00e9riel, \u00e0 l&rsquo;installation des membres","og_url":"https:\/\/lasentinelle.dz\/index.php\/2021\/10\/04\/ammar-belhimer-ministre-de-la-communication-on-mise-sur-linformation-electronique-pour-operer-une-mutation-positive\/","og_site_name":"La Sentinelle","article_publisher":"https:\/\/www.facebook.com\/La-Sentinelle-104059864394773","article_published_time":"2021-10-03T23:01:00+00:00","og_image":[{"width":1350,"height":900,"url":"https:\/\/lasentinelle.dz\/wp-content\/uploads\/2021\/08\/belhimer.png","type":"image\/png"}],"author":"La Sentinelle","twitter_card":"summary_large_image","twitter_misc":{"\u00c9crit par":"La Sentinelle","Dur\u00e9e de lecture estim\u00e9e":"1 minute"},"schema":{"@context":"https:\/\/schema.org","@graph":[{"@type":"Article","@id":"https:\/\/lasentinelle.dz\/index.php\/2021\/10\/04\/ammar-belhimer-ministre-de-la-communication-on-mise-sur-linformation-electronique-pour-operer-une-mutation-positive\/#article","isPartOf":{"@id":"https:\/\/lasentinelle.dz\/index.php\/2021\/10\/04\/ammar-belhimer-ministre-de-la-communication-on-mise-sur-linformation-electronique-pour-operer-une-mutation-positive\/"},"author":{"name":"La Sentinelle","@id":"https:\/\/lasentinelle.dz\/#\/schema\/person\/d865044e22e70a75174ce8bcad3acfb3"},"headline":"Ammar Belhimer, ministre de la Communication : \u00ab On mise sur l&rsquo;information \u00e9lectronique pour op\u00e9rer une mutation positive \u00bb","datePublished":"2021-10-03T23:01:00+00:00","mainEntityOfPage":{"@id":"https:\/\/lasentinelle.dz\/index.php\/2021\/10\/04\/ammar-belhimer-ministre-de-la-communication-on-mise-sur-linformation-electronique-pour-operer-une-mutation-positive\/"},"wordCount":282,"commentCount":0,"publisher":{"@id":"https:\/\/lasentinelle.dz\/#organization"},"image":{"@id":"https:\/\/lasentinelle.dz\/index.php\/2021\/10\/04\/ammar-belhimer-ministre-de-la-communication-on-mise-sur-linformation-electronique-pour-operer-une-mutation-positive\/#primaryimage"},"thumbnailUrl":"https:\/\/lasentinelle.dz\/wp-content\/uploads\/2021\/08\/belhimer.png","articleSection":["Actualit\u00e9"],"inLanguage":"fr-FR","potentialAction":[{"@type":"CommentAction","name":"Comment","target":["https:\/\/lasentinelle.dz\/index.php\/2021\/10\/04\/ammar-belhimer-ministre-de-la-communication-on-mise-sur-linformation-electronique-pour-operer-une-mutation-positive\/#respond"]}]},{"@type":"WebPage","@id":"https:\/\/lasentinelle.dz\/index.php\/2021\/10\/04\/ammar-belhimer-ministre-de-la-communication-on-mise-sur-linformation-electronique-pour-operer-une-mutation-positive\/","url":"https:\/\/lasentinelle.dz\/index.php\/2021\/10\/04\/ammar-belhimer-ministre-de-la-communication-on-mise-sur-linformation-electronique-pour-operer-une-mutation-positive\/","name":"Ammar Belhimer, ministre de la Communication : \u00ab On mise sur l'information \u00e9lectronique pour op\u00e9rer une mutation positive \u00bb - La Sentinelle","isPartOf":{"@id":"https:\/\/lasentinelle.dz\/#website"},"primaryImageOfPage":{"@id":"https:\/\/lasentinelle.dz\/index.php\/2021\/10\/04\/ammar-belhimer-ministre-de-la-communication-on-mise-sur-linformation-electronique-pour-operer-une-mutation-positive\/#primaryimage"},"image":{"@id":"https:\/\/lasentinelle.dz\/index.php\/2021\/10\/04\/ammar-belhimer-ministre-de-la-communication-on-mise-sur-linformation-electronique-pour-operer-une-mutation-positive\/#primaryimage"},"thumbnailUrl":"https:\/\/lasentinelle.dz\/wp-content\/uploads\/2021\/08\/belhimer.png","datePublished":"2021-10-03T23:01:00+00:00","breadcrumb":{"@id":"https:\/\/lasentinelle.dz\/index.php\/2021\/10\/04\/ammar-belhimer-ministre-de-la-communication-on-mise-sur-linformation-electronique-pour-operer-une-mutation-positive\/#breadcrumb"},"inLanguage":"fr-FR","potentialAction":[{"@type":"ReadAction","target":["https:\/\/lasentinelle.dz\/index.php\/2021\/10\/04\/ammar-belhimer-ministre-de-la-communication-on-mise-sur-linformation-electronique-pour-operer-une-mutation-positive\/"]}]},{"@type":"ImageObject","inLanguage":"fr-FR","@id":"https:\/\/lasentinelle.dz\/index.php\/2021\/10\/04\/ammar-belhimer-ministre-de-la-communication-on-mise-sur-linformation-electronique-pour-operer-une-mutation-positive\/#primaryimage","url":"https:\/\/lasentinelle.dz\/wp-content\/uploads\/2021\/08\/belhimer.png","contentUrl":"https:\/\/lasentinelle.dz\/wp-content\/uploads\/2021\/08\/belhimer.png","width":1350,"height":900},{"@type":"BreadcrumbList","@id":"https:\/\/lasentinelle.dz\/index.php\/2021\/10\/04\/ammar-belhimer-ministre-de-la-communication-on-mise-sur-linformation-electronique-pour-operer-une-mutation-positive\/#breadcrumb","itemListElement":[{"@type":"ListItem","position":1,"name":"Accueil","item":"https:\/\/lasentinelle.dz\/"},{"@type":"ListItem","position":2,"name":"Ammar Belhimer, ministre de la Communication : \u00ab On mise sur l&rsquo;information \u00e9lectronique pour op\u00e9rer une mutation positive \u00bb"}]},{"@type":"WebSite","@id":"https:\/\/lasentinelle.dz\/#website","url":"https:\/\/lasentinelle.dz\/","name":"La Sentinelle","description":"Quotidien national d&#039;information","publisher":{"@id":"https:\/\/lasentinelle.dz\/#organization"},"potentialAction":[{"@type":"SearchAction","target":{"@type":"EntryPoint","urlTemplate":"https:\/\/lasentinelle.dz\/?s={search_term_string}"},"query-input":{"@type":"PropertyValueSpecification","valueRequired":true,"valueName":"search_term_string"}}],"inLanguage":"fr-FR"},{"@type":"Organization","@id":"https:\/\/lasentinelle.dz\/#organization","name":"Quotidien La Sentinelle","url":"https:\/\/lasentinelle.dz\/","logo":{"@type":"ImageObject","inLanguage":"fr-FR","@id":"https:\/\/lasentinelle.dz\/#\/schema\/logo\/image\/","url":"https:\/\/lasentinelle.dz\/wp-content\/uploads\/2021\/09\/logo-sentinelleSLOGAN-1.png","contentUrl":"https:\/\/lasentinelle.dz\/wp-content\/uploads\/2021\/09\/logo-sentinelleSLOGAN-1.png","width":615,"height":142,"caption":"Quotidien La Sentinelle"},"image":{"@id":"https:\/\/lasentinelle.dz\/#\/schema\/logo\/image\/"},"sameAs":["https:\/\/www.facebook.com\/La-Sentinelle-104059864394773"]},{"@type":"Person","@id":"https:\/\/lasentinelle.dz\/#\/schema\/person\/d865044e22e70a75174ce8bcad3acfb3","name":"La Sentinelle","image":{"@type":"ImageObject","inLanguage":"fr-FR","@id":"https:\/\/secure.gravatar.com\/avatar\/57de8e5d4b15d43fb361a71fbb36338450fe67865b528a43dd10ef7c51a20392?s=96&d=mm&r=g","url":"https:\/\/secure.gravatar.com\/avatar\/57de8e5d4b15d43fb361a71fbb36338450fe67865b528a43dd10ef7c51a20392?s=96&d=mm&r=g","contentUrl":"https:\/\/secure.gravatar.com\/avatar\/57de8e5d4b15d43fb361a71fbb36338450fe67865b528a43dd10ef7c51a20392?s=96&d=mm&r=g","caption":"La Sentinelle"},"sameAs":["http:\/\/www.lasentinelle.dz"],"url":"https:\/\/lasentinelle.dz\/author\/redaction\/"}]}},"_links":{"self":[{"href":"https:\/\/lasentinelle.dz\/index.php\/wp-json\/wp\/v2\/posts\/9768","targetHints":{"allow":["GET"]}}],"collection":[{"href":"https:\/\/lasentinelle.dz\/index.php\/wp-json\/wp\/v2\/posts"}],"about":[{"href":"https:\/\/lasentinelle.dz\/index.php\/wp-json\/wp\/v2\/types\/post"}],"author":[{"embeddable":true,"href":"https:\/\/lasentinelle.dz\/index.php\/wp-json\/wp\/v2\/users\/3"}],"replies":[{"embeddable":true,"href":"https:\/\/lasentinelle.dz\/index.php\/wp-json\/wp\/v2\/comments?post=9768"}],"version-history":[{"count":2,"href":"https:\/\/lasentinelle.dz\/index.php\/wp-json\/wp\/v2\/posts\/9768\/revisions"}],"predecessor-version":[{"id":9796,"href":"https:\/\/lasentinelle.dz\/index.php\/wp-json\/wp\/v2\/posts\/9768\/revisions\/9796"}],"wp:featuredmedia":[{"embeddable":true,"href":"https:\/\/lasentinelle.dz\/index.php\/wp-json\/wp\/v2\/media\/3595"}],"wp:attachment":[{"href":"https:\/\/lasentinelle.dz\/index.php\/wp-json\/wp\/v2\/media?parent=9768"}],"wp:term":[{"taxonomy":"category","embeddable":true,"href":"https:\/\/lasentinelle.dz\/index.php\/wp-json\/wp\/v2\/categories?post=9768"},{"taxonomy":"post_tag","embeddable":true,"href":"https:\/\/lasentinelle.dz\/index.php\/wp-json\/wp\/v2\/tags?post=9768"}],"curies":[{"name":"wp","href":"https:\/\/api.w.org\/{rel}","templated":true}]}}