{"id":9792,"date":"2021-10-04T00:05:00","date_gmt":"2021-10-03T23:05:00","guid":{"rendered":"https:\/\/lasentinelle.dz\/?p=9792"},"modified":"2021-10-03T20:20:09","modified_gmt":"2021-10-03T19:20:09","slug":"hausse-des-salaires-baisse-de-lirg-et-criminalisation-de-la-speculation-rehausser-le-pouvoir-dachat","status":"publish","type":"post","link":"https:\/\/lasentinelle.dz\/index.php\/2021\/10\/04\/hausse-des-salaires-baisse-de-lirg-et-criminalisation-de-la-speculation-rehausser-le-pouvoir-dachat\/","title":{"rendered":"Hausse des salaires, baisse de l\u2019IRG et criminalisation de la sp\u00e9culation : Rehausser le pouvoir d\u2019achat"},"content":{"rendered":"\n<p>Le pr\u00e9sident de la R\u00e9publique, Abdelmadjid Tebboune, a d\u00e9cid\u00e9 hier de plusieurs mesures devant permettre de rehausser le pouvoir d\u2019achat des m\u00e9nages alg\u00e9riens.<\/p>\n\n\n\n<p>R\u00e9vision \u00e0 la baisse de l\u2019imp\u00f4t sur le revenu global, r\u00e9vision de la grille des salaires de la Fonction publique \u00e0 travers la hausse du point indiciaire, renforcement des contr\u00f4les sur les circuits commerciaux et renforcement des sanctions contre les sp\u00e9culateurs qui risquent d\u2019encourir jusqu\u2019\u00e0 30 ann\u00e9es d\u2019emprisonnement. Voil\u00e0 l\u2019essentiel de la feuille de route que le Pr\u00e9sident Tebboune a pr\u00e9vu pour freiner la d\u00e9gradation du pouvoir d\u2019achat des m\u00e9nages et l\u2019am\u00e9liorer, d\u2019autant qu\u2019il estime que les indicateurs macro\u00e9conomiques commencent \u00e0 progresser et que cela permet de se pencher sur les pr\u00e9occupations sociales des Alg\u00e9riens. C\u2019est au cours d\u2019un Conseil des ministres qu\u2019il a pr\u00e9sid\u00e9 hier qu\u2019Abdelmadjid Tebboune a donn\u00e9 une s\u00e9rie d\u2019instructions et ordonn\u00e9 d\u2019inclure des mesures dans le cadre de l\u2019avant-projet de loi de Finances pour 2022 afin de rehausser le pouvoir d\u2019achat, sans pourtant d\u00e9s\u00e9quilibrer les finances publiques.<\/p>\n\n\n\n<p>C\u2019est ainsi qu\u2019il a ordonn\u00e9 de proc\u00e9der dans l\u2019imm\u00e9diat \u00e0 la r\u00e9duction de l\u2019imp\u00f4t sur le revenu global qui, supposons-le, devra concerner les salari\u00e9s. En contrepartie, il a ordonn\u00e9 l\u2019application effective de l\u2019imp\u00f4t sur la fortune et sa d\u00e9finition exacte dans le cadre de la LF 2022.<\/p>\n\n\n\n<p>Il a \u00e9galement ordonn\u00e9 de relever le point indiciaire dans le cadre de la r\u00e9vision annonc\u00e9e de la grille des salaires de la Fonction publique. Une revendication port\u00e9e depuis quelques mois d\u00e9j\u00e0 par l\u2019ensemble des syndicats de la Fonction publique. Il s\u2019agit aussi de consolider la coordination entre les minist\u00e8res du Commerce et de l&rsquo;Agriculture, dans le but de renforcer le contr\u00f4le sur les circuits de distribution des produits agricoles, des l\u00e9gumineuses et des p\u00e2tes alimentaires. Et c\u2019est dans ce sens qu\u2019il a donn\u00e9 des instructions pour red\u00e9ployer les \u00e9quipes de v\u00e9rification sur le terrain et renforcer le contr\u00f4le des commerces. Le but est de lutter contre la hausse injustifi\u00e9e des prix des produits alimentaires et imposer des sanctions aux contrevenants qui peuvent aller jusqu\u2019au retrait d\u00e9finitif du registre de commerce. Il a \u00e9galement ordonn\u00e9 au ministre de la Justice et Garde des sceaux, de pr\u00e9parer un projet de loi sur la lutte contre la sp\u00e9culation, qui devra imp\u00e9rativement \u00eatre pr\u00e9sent\u00e9 au prochain Conseil des ministres, pour criminaliser les sp\u00e9culateurs qui pourraient ainsi encourir des peines allant jusqu\u2019\u00e0 30 ans d\u2019emprisonnement. Au registre des autres mesures qui versent dans la prise en charge des pr\u00e9occupations socio-\u00e9conomiques des Alg\u00e9riens, le Pr\u00e9sident Tebboune a instruit le Gouvernement \u00e0 l\u2019effet de mettre en place un m\u00e9canisme facilitant la cession des logements locatifs publics relevant des OPGI, en prenant en compte la n\u00e9cessit\u00e9 d&rsquo;actualiser les prix de cession et de faciliter l&rsquo;acc\u00e8s aux livrets fonciers pour les personnes concern\u00e9es. Il a \u00e9galement d\u00e9cid\u00e9 de r\u00e9duire les prix des logements AADL de 10% au profit des acqu\u00e9reurs qui paient leur logement en une seule tranche.&nbsp; De m\u00eame qu\u2019il a insist\u00e9 sur l\u2019acc\u00e9l\u00e9ration de la cr\u00e9ation d&rsquo;une banque du logement.<\/p>\n\n\n\n<p>La r\u00e9union a, par ailleurs, \u00e9t\u00e9 mise \u00e0 profit pour examiner le programme de d\u00e9veloppement compl\u00e9mentaire de la wilaya de Khenchela. Il s\u2019agit de mettre fin \u00e0 l&rsquo;enclavement de la wilaya en la reliant aux wilayas voisines, \u00e0 travers le d\u00e9doublement de la route n\u00b032 et la r\u00e9alisation d\u2019une liaison ferroviaire entre Khenchela, Ain Beida et Oum El-Bouaghi, dans la perspective de la r\u00e9alisation de zones industrielles et de zones d\u2019activit\u00e9. Il s\u2019agit aussi d\u2019offrir les conditions propices au d\u00e9veloppement de l&rsquo;activit\u00e9 agricole dans cette wilaya qui poss\u00e8de des potentialit\u00e9s importantes en la mati\u00e8re.<\/p>\n\n\n\n<p>Le Conseil des ministres a \u00e9galement \u00e9t\u00e9 l\u2019occasion de se pencher sur les mesures urgentes pour la relance de l\u2019activit\u00e9 mini\u00e8re et de p\u00eache. Nous y reviendrons dans nos prochaines \u00e9ditions.<\/p>\n\n\n\n<p>Chokri Hafed<\/p>\n","protected":false},"excerpt":{"rendered":"<p>Le pr\u00e9sident de la R\u00e9publique, Abdelmadjid Tebboune, a d\u00e9cid\u00e9 hier de plusieurs mesures devant permettre de rehausser le pouvoir d\u2019achat<\/p>\n","protected":false},"author":3,"featured_media":9807,"comment_status":"open","ping_status":"closed","sticky":false,"template":"","format":"standard","meta":{"colormag_page_container_layout":"default_layout","colormag_page_sidebar_layout":"default_layout","om_disable_all_campaigns":false,"_monsterinsights_skip_tracking":false,"_monsterinsights_sitenote_active":false,"_monsterinsights_sitenote_note":"","_monsterinsights_sitenote_category":0,"footnotes":"","_wpscppro_dont_share_socialmedia":false,"_wpscppro_custom_social_share_image":0,"_facebook_share_type":"","_twitter_share_type":"","_linkedin_share_type":"","_pinterest_share_type":"","_linkedin_share_type_page":"","_instagram_share_type":"","_medium_share_type":"","_threads_share_type":"","_google_business_share_type":"","_selected_social_profile":[],"_wpsp_enable_custom_social_template":false,"_wpsp_social_scheduling":{"enabled":false,"datetime":null,"platforms":[],"status":"template_only","dateOption":"today","timeOption":"now","customDays":"","customHours":"","customDate":"","customTime":"","schedulingType":"absolute"},"_wpsp_active_default_template":true},"categories":[52,27],"tags":[],"class_list":["post-9792","post","type-post","status-publish","format-standard","has-post-thumbnail","hentry","category-a-la-une","category-actualite"],"aioseo_notices":[],"yoast_head":"<!-- This site is optimized with the Yoast SEO plugin v27.5 - https:\/\/yoast.com\/product\/yoast-seo-wordpress\/ -->\n<title>Hausse des salaires, baisse de l\u2019IRG et criminalisation de la sp\u00e9culation : Rehausser le pouvoir d\u2019achat - La Sentinelle<\/title>\n<meta name=\"robots\" content=\"index, follow, max-snippet:-1, max-image-preview:large, max-video-preview:-1\" \/>\n<link rel=\"canonical\" href=\"https:\/\/lasentinelle.dz\/index.php\/2021\/10\/04\/hausse-des-salaires-baisse-de-lirg-et-criminalisation-de-la-speculation-rehausser-le-pouvoir-dachat\/\" \/>\n<meta property=\"og:locale\" content=\"fr_FR\" \/>\n<meta property=\"og:type\" content=\"article\" \/>\n<meta property=\"og:title\" content=\"Hausse des salaires, baisse de l\u2019IRG et criminalisation de la sp\u00e9culation : Rehausser le pouvoir d\u2019achat - La Sentinelle\" \/>\n<meta property=\"og:description\" content=\"Le pr\u00e9sident de la R\u00e9publique, Abdelmadjid Tebboune, a d\u00e9cid\u00e9 hier de plusieurs mesures devant permettre de rehausser le pouvoir d\u2019achat\" \/>\n<meta property=\"og:url\" content=\"https:\/\/lasentinelle.dz\/index.php\/2021\/10\/04\/hausse-des-salaires-baisse-de-lirg-et-criminalisation-de-la-speculation-rehausser-le-pouvoir-dachat\/\" \/>\n<meta property=\"og:site_name\" content=\"La Sentinelle\" \/>\n<meta property=\"article:publisher\" content=\"https:\/\/www.facebook.com\/La-Sentinelle-104059864394773\" \/>\n<meta property=\"article:published_time\" content=\"2021-10-03T23:05:00+00:00\" \/>\n<meta property=\"og:image\" content=\"https:\/\/lasentinelle.dz\/wp-content\/uploads\/2021\/10\/conseil-des-ministres-2.jpeg\" \/>\n\t<meta property=\"og:image:width\" content=\"780\" \/>\n\t<meta property=\"og:image:height\" content=\"470\" \/>\n\t<meta property=\"og:image:type\" content=\"image\/jpeg\" \/>\n<meta name=\"author\" content=\"La Sentinelle\" \/>\n<meta name=\"twitter:card\" content=\"summary_large_image\" \/>\n<meta name=\"twitter:label1\" content=\"\u00c9crit par\" \/>\n\t<meta name=\"twitter:data1\" content=\"La Sentinelle\" \/>\n\t<meta name=\"twitter:label2\" content=\"Dur\u00e9e de lecture estim\u00e9e\" \/>\n\t<meta name=\"twitter:data2\" content=\"3 minutes\" \/>\n<script type=\"application\/ld+json\" class=\"yoast-schema-graph\">{\"@context\":\"https:\\\/\\\/schema.org\",\"@graph\":[{\"@type\":\"Article\",\"@id\":\"https:\\\/\\\/lasentinelle.dz\\\/index.php\\\/2021\\\/10\\\/04\\\/hausse-des-salaires-baisse-de-lirg-et-criminalisation-de-la-speculation-rehausser-le-pouvoir-dachat\\\/#article\",\"isPartOf\":{\"@id\":\"https:\\\/\\\/lasentinelle.dz\\\/index.php\\\/2021\\\/10\\\/04\\\/hausse-des-salaires-baisse-de-lirg-et-criminalisation-de-la-speculation-rehausser-le-pouvoir-dachat\\\/\"},\"author\":{\"name\":\"La Sentinelle\",\"@id\":\"https:\\\/\\\/lasentinelle.dz\\\/#\\\/schema\\\/person\\\/d865044e22e70a75174ce8bcad3acfb3\"},\"headline\":\"Hausse des salaires, baisse de l\u2019IRG et criminalisation de la sp\u00e9culation : Rehausser le pouvoir d\u2019achat\",\"datePublished\":\"2021-10-03T23:05:00+00:00\",\"mainEntityOfPage\":{\"@id\":\"https:\\\/\\\/lasentinelle.dz\\\/index.php\\\/2021\\\/10\\\/04\\\/hausse-des-salaires-baisse-de-lirg-et-criminalisation-de-la-speculation-rehausser-le-pouvoir-dachat\\\/\"},\"wordCount\":748,\"commentCount\":0,\"publisher\":{\"@id\":\"https:\\\/\\\/lasentinelle.dz\\\/#organization\"},\"image\":{\"@id\":\"https:\\\/\\\/lasentinelle.dz\\\/index.php\\\/2021\\\/10\\\/04\\\/hausse-des-salaires-baisse-de-lirg-et-criminalisation-de-la-speculation-rehausser-le-pouvoir-dachat\\\/#primaryimage\"},\"thumbnailUrl\":\"https:\\\/\\\/lasentinelle.dz\\\/wp-content\\\/uploads\\\/2021\\\/10\\\/conseil-des-ministres-2.jpeg\",\"articleSection\":[\"\u00c0 la Une\",\"Actualit\u00e9\"],\"inLanguage\":\"fr-FR\",\"potentialAction\":[{\"@type\":\"CommentAction\",\"name\":\"Comment\",\"target\":[\"https:\\\/\\\/lasentinelle.dz\\\/index.php\\\/2021\\\/10\\\/04\\\/hausse-des-salaires-baisse-de-lirg-et-criminalisation-de-la-speculation-rehausser-le-pouvoir-dachat\\\/#respond\"]}]},{\"@type\":\"WebPage\",\"@id\":\"https:\\\/\\\/lasentinelle.dz\\\/index.php\\\/2021\\\/10\\\/04\\\/hausse-des-salaires-baisse-de-lirg-et-criminalisation-de-la-speculation-rehausser-le-pouvoir-dachat\\\/\",\"url\":\"https:\\\/\\\/lasentinelle.dz\\\/index.php\\\/2021\\\/10\\\/04\\\/hausse-des-salaires-baisse-de-lirg-et-criminalisation-de-la-speculation-rehausser-le-pouvoir-dachat\\\/\",\"name\":\"Hausse des salaires, baisse de l\u2019IRG et criminalisation de la sp\u00e9culation : Rehausser le pouvoir d\u2019achat - La Sentinelle\",\"isPartOf\":{\"@id\":\"https:\\\/\\\/lasentinelle.dz\\\/#website\"},\"primaryImageOfPage\":{\"@id\":\"https:\\\/\\\/lasentinelle.dz\\\/index.php\\\/2021\\\/10\\\/04\\\/hausse-des-salaires-baisse-de-lirg-et-criminalisation-de-la-speculation-rehausser-le-pouvoir-dachat\\\/#primaryimage\"},\"image\":{\"@id\":\"https:\\\/\\\/lasentinelle.dz\\\/index.php\\\/2021\\\/10\\\/04\\\/hausse-des-salaires-baisse-de-lirg-et-criminalisation-de-la-speculation-rehausser-le-pouvoir-dachat\\\/#primaryimage\"},\"thumbnailUrl\":\"https:\\\/\\\/lasentinelle.dz\\\/wp-content\\\/uploads\\\/2021\\\/10\\\/conseil-des-ministres-2.jpeg\",\"datePublished\":\"2021-10-03T23:05:00+00:00\",\"breadcrumb\":{\"@id\":\"https:\\\/\\\/lasentinelle.dz\\\/index.php\\\/2021\\\/10\\\/04\\\/hausse-des-salaires-baisse-de-lirg-et-criminalisation-de-la-speculation-rehausser-le-pouvoir-dachat\\\/#breadcrumb\"},\"inLanguage\":\"fr-FR\",\"potentialAction\":[{\"@type\":\"ReadAction\",\"target\":[\"https:\\\/\\\/lasentinelle.dz\\\/index.php\\\/2021\\\/10\\\/04\\\/hausse-des-salaires-baisse-de-lirg-et-criminalisation-de-la-speculation-rehausser-le-pouvoir-dachat\\\/\"]}]},{\"@type\":\"ImageObject\",\"inLanguage\":\"fr-FR\",\"@id\":\"https:\\\/\\\/lasentinelle.dz\\\/index.php\\\/2021\\\/10\\\/04\\\/hausse-des-salaires-baisse-de-lirg-et-criminalisation-de-la-speculation-rehausser-le-pouvoir-dachat\\\/#primaryimage\",\"url\":\"https:\\\/\\\/lasentinelle.dz\\\/wp-content\\\/uploads\\\/2021\\\/10\\\/conseil-des-ministres-2.jpeg\",\"contentUrl\":\"https:\\\/\\\/lasentinelle.dz\\\/wp-content\\\/uploads\\\/2021\\\/10\\\/conseil-des-ministres-2.jpeg\",\"width\":780,\"height\":470},{\"@type\":\"BreadcrumbList\",\"@id\":\"https:\\\/\\\/lasentinelle.dz\\\/index.php\\\/2021\\\/10\\\/04\\\/hausse-des-salaires-baisse-de-lirg-et-criminalisation-de-la-speculation-rehausser-le-pouvoir-dachat\\\/#breadcrumb\",\"itemListElement\":[{\"@type\":\"ListItem\",\"position\":1,\"name\":\"Accueil\",\"item\":\"https:\\\/\\\/lasentinelle.dz\\\/\"},{\"@type\":\"ListItem\",\"position\":2,\"name\":\"Hausse des salaires, baisse de l\u2019IRG et criminalisation de la sp\u00e9culation : Rehausser le pouvoir d\u2019achat\"}]},{\"@type\":\"WebSite\",\"@id\":\"https:\\\/\\\/lasentinelle.dz\\\/#website\",\"url\":\"https:\\\/\\\/lasentinelle.dz\\\/\",\"name\":\"La Sentinelle\",\"description\":\"Quotidien national d&#039;information\",\"publisher\":{\"@id\":\"https:\\\/\\\/lasentinelle.dz\\\/#organization\"},\"potentialAction\":[{\"@type\":\"SearchAction\",\"target\":{\"@type\":\"EntryPoint\",\"urlTemplate\":\"https:\\\/\\\/lasentinelle.dz\\\/?s={search_term_string}\"},\"query-input\":{\"@type\":\"PropertyValueSpecification\",\"valueRequired\":true,\"valueName\":\"search_term_string\"}}],\"inLanguage\":\"fr-FR\"},{\"@type\":\"Organization\",\"@id\":\"https:\\\/\\\/lasentinelle.dz\\\/#organization\",\"name\":\"Quotidien La Sentinelle\",\"url\":\"https:\\\/\\\/lasentinelle.dz\\\/\",\"logo\":{\"@type\":\"ImageObject\",\"inLanguage\":\"fr-FR\",\"@id\":\"https:\\\/\\\/lasentinelle.dz\\\/#\\\/schema\\\/logo\\\/image\\\/\",\"url\":\"https:\\\/\\\/lasentinelle.dz\\\/wp-content\\\/uploads\\\/2021\\\/09\\\/logo-sentinelleSLOGAN-1.png\",\"contentUrl\":\"https:\\\/\\\/lasentinelle.dz\\\/wp-content\\\/uploads\\\/2021\\\/09\\\/logo-sentinelleSLOGAN-1.png\",\"width\":615,\"height\":142,\"caption\":\"Quotidien La Sentinelle\"},\"image\":{\"@id\":\"https:\\\/\\\/lasentinelle.dz\\\/#\\\/schema\\\/logo\\\/image\\\/\"},\"sameAs\":[\"https:\\\/\\\/www.facebook.com\\\/La-Sentinelle-104059864394773\"]},{\"@type\":\"Person\",\"@id\":\"https:\\\/\\\/lasentinelle.dz\\\/#\\\/schema\\\/person\\\/d865044e22e70a75174ce8bcad3acfb3\",\"name\":\"La Sentinelle\",\"image\":{\"@type\":\"ImageObject\",\"inLanguage\":\"fr-FR\",\"@id\":\"https:\\\/\\\/secure.gravatar.com\\\/avatar\\\/57de8e5d4b15d43fb361a71fbb36338450fe67865b528a43dd10ef7c51a20392?s=96&d=mm&r=g\",\"url\":\"https:\\\/\\\/secure.gravatar.com\\\/avatar\\\/57de8e5d4b15d43fb361a71fbb36338450fe67865b528a43dd10ef7c51a20392?s=96&d=mm&r=g\",\"contentUrl\":\"https:\\\/\\\/secure.gravatar.com\\\/avatar\\\/57de8e5d4b15d43fb361a71fbb36338450fe67865b528a43dd10ef7c51a20392?s=96&d=mm&r=g\",\"caption\":\"La Sentinelle\"},\"sameAs\":[\"http:\\\/\\\/www.lasentinelle.dz\"],\"url\":\"https:\\\/\\\/lasentinelle.dz\\\/author\\\/redaction\\\/\"}]}<\/script>\n<!-- \/ Yoast SEO plugin. -->","yoast_head_json":{"title":"Hausse des salaires, baisse de l\u2019IRG et criminalisation de la sp\u00e9culation : Rehausser le pouvoir d\u2019achat - La Sentinelle","robots":{"index":"index","follow":"follow","max-snippet":"max-snippet:-1","max-image-preview":"max-image-preview:large","max-video-preview":"max-video-preview:-1"},"canonical":"https:\/\/lasentinelle.dz\/index.php\/2021\/10\/04\/hausse-des-salaires-baisse-de-lirg-et-criminalisation-de-la-speculation-rehausser-le-pouvoir-dachat\/","og_locale":"fr_FR","og_type":"article","og_title":"Hausse des salaires, baisse de l\u2019IRG et criminalisation de la sp\u00e9culation : Rehausser le pouvoir d\u2019achat - La Sentinelle","og_description":"Le pr\u00e9sident de la R\u00e9publique, Abdelmadjid Tebboune, a d\u00e9cid\u00e9 hier de plusieurs mesures devant permettre de rehausser le pouvoir d\u2019achat","og_url":"https:\/\/lasentinelle.dz\/index.php\/2021\/10\/04\/hausse-des-salaires-baisse-de-lirg-et-criminalisation-de-la-speculation-rehausser-le-pouvoir-dachat\/","og_site_name":"La Sentinelle","article_publisher":"https:\/\/www.facebook.com\/La-Sentinelle-104059864394773","article_published_time":"2021-10-03T23:05:00+00:00","og_image":[{"width":780,"height":470,"url":"https:\/\/lasentinelle.dz\/wp-content\/uploads\/2021\/10\/conseil-des-ministres-2.jpeg","type":"image\/jpeg"}],"author":"La Sentinelle","twitter_card":"summary_large_image","twitter_misc":{"\u00c9crit par":"La Sentinelle","Dur\u00e9e de lecture estim\u00e9e":"3 minutes"},"schema":{"@context":"https:\/\/schema.org","@graph":[{"@type":"Article","@id":"https:\/\/lasentinelle.dz\/index.php\/2021\/10\/04\/hausse-des-salaires-baisse-de-lirg-et-criminalisation-de-la-speculation-rehausser-le-pouvoir-dachat\/#article","isPartOf":{"@id":"https:\/\/lasentinelle.dz\/index.php\/2021\/10\/04\/hausse-des-salaires-baisse-de-lirg-et-criminalisation-de-la-speculation-rehausser-le-pouvoir-dachat\/"},"author":{"name":"La Sentinelle","@id":"https:\/\/lasentinelle.dz\/#\/schema\/person\/d865044e22e70a75174ce8bcad3acfb3"},"headline":"Hausse des salaires, baisse de l\u2019IRG et criminalisation de la sp\u00e9culation : Rehausser le pouvoir d\u2019achat","datePublished":"2021-10-03T23:05:00+00:00","mainEntityOfPage":{"@id":"https:\/\/lasentinelle.dz\/index.php\/2021\/10\/04\/hausse-des-salaires-baisse-de-lirg-et-criminalisation-de-la-speculation-rehausser-le-pouvoir-dachat\/"},"wordCount":748,"commentCount":0,"publisher":{"@id":"https:\/\/lasentinelle.dz\/#organization"},"image":{"@id":"https:\/\/lasentinelle.dz\/index.php\/2021\/10\/04\/hausse-des-salaires-baisse-de-lirg-et-criminalisation-de-la-speculation-rehausser-le-pouvoir-dachat\/#primaryimage"},"thumbnailUrl":"https:\/\/lasentinelle.dz\/wp-content\/uploads\/2021\/10\/conseil-des-ministres-2.jpeg","articleSection":["\u00c0 la Une","Actualit\u00e9"],"inLanguage":"fr-FR","potentialAction":[{"@type":"CommentAction","name":"Comment","target":["https:\/\/lasentinelle.dz\/index.php\/2021\/10\/04\/hausse-des-salaires-baisse-de-lirg-et-criminalisation-de-la-speculation-rehausser-le-pouvoir-dachat\/#respond"]}]},{"@type":"WebPage","@id":"https:\/\/lasentinelle.dz\/index.php\/2021\/10\/04\/hausse-des-salaires-baisse-de-lirg-et-criminalisation-de-la-speculation-rehausser-le-pouvoir-dachat\/","url":"https:\/\/lasentinelle.dz\/index.php\/2021\/10\/04\/hausse-des-salaires-baisse-de-lirg-et-criminalisation-de-la-speculation-rehausser-le-pouvoir-dachat\/","name":"Hausse des salaires, baisse de l\u2019IRG et criminalisation de la sp\u00e9culation : Rehausser le pouvoir d\u2019achat - La Sentinelle","isPartOf":{"@id":"https:\/\/lasentinelle.dz\/#website"},"primaryImageOfPage":{"@id":"https:\/\/lasentinelle.dz\/index.php\/2021\/10\/04\/hausse-des-salaires-baisse-de-lirg-et-criminalisation-de-la-speculation-rehausser-le-pouvoir-dachat\/#primaryimage"},"image":{"@id":"https:\/\/lasentinelle.dz\/index.php\/2021\/10\/04\/hausse-des-salaires-baisse-de-lirg-et-criminalisation-de-la-speculation-rehausser-le-pouvoir-dachat\/#primaryimage"},"thumbnailUrl":"https:\/\/lasentinelle.dz\/wp-content\/uploads\/2021\/10\/conseil-des-ministres-2.jpeg","datePublished":"2021-10-03T23:05:00+00:00","breadcrumb":{"@id":"https:\/\/lasentinelle.dz\/index.php\/2021\/10\/04\/hausse-des-salaires-baisse-de-lirg-et-criminalisation-de-la-speculation-rehausser-le-pouvoir-dachat\/#breadcrumb"},"inLanguage":"fr-FR","potentialAction":[{"@type":"ReadAction","target":["https:\/\/lasentinelle.dz\/index.php\/2021\/10\/04\/hausse-des-salaires-baisse-de-lirg-et-criminalisation-de-la-speculation-rehausser-le-pouvoir-dachat\/"]}]},{"@type":"ImageObject","inLanguage":"fr-FR","@id":"https:\/\/lasentinelle.dz\/index.php\/2021\/10\/04\/hausse-des-salaires-baisse-de-lirg-et-criminalisation-de-la-speculation-rehausser-le-pouvoir-dachat\/#primaryimage","url":"https:\/\/lasentinelle.dz\/wp-content\/uploads\/2021\/10\/conseil-des-ministres-2.jpeg","contentUrl":"https:\/\/lasentinelle.dz\/wp-content\/uploads\/2021\/10\/conseil-des-ministres-2.jpeg","width":780,"height":470},{"@type":"BreadcrumbList","@id":"https:\/\/lasentinelle.dz\/index.php\/2021\/10\/04\/hausse-des-salaires-baisse-de-lirg-et-criminalisation-de-la-speculation-rehausser-le-pouvoir-dachat\/#breadcrumb","itemListElement":[{"@type":"ListItem","position":1,"name":"Accueil","item":"https:\/\/lasentinelle.dz\/"},{"@type":"ListItem","position":2,"name":"Hausse des salaires, baisse de l\u2019IRG et criminalisation de la sp\u00e9culation : Rehausser le pouvoir d\u2019achat"}]},{"@type":"WebSite","@id":"https:\/\/lasentinelle.dz\/#website","url":"https:\/\/lasentinelle.dz\/","name":"La Sentinelle","description":"Quotidien national d&#039;information","publisher":{"@id":"https:\/\/lasentinelle.dz\/#organization"},"potentialAction":[{"@type":"SearchAction","target":{"@type":"EntryPoint","urlTemplate":"https:\/\/lasentinelle.dz\/?s={search_term_string}"},"query-input":{"@type":"PropertyValueSpecification","valueRequired":true,"valueName":"search_term_string"}}],"inLanguage":"fr-FR"},{"@type":"Organization","@id":"https:\/\/lasentinelle.dz\/#organization","name":"Quotidien La Sentinelle","url":"https:\/\/lasentinelle.dz\/","logo":{"@type":"ImageObject","inLanguage":"fr-FR","@id":"https:\/\/lasentinelle.dz\/#\/schema\/logo\/image\/","url":"https:\/\/lasentinelle.dz\/wp-content\/uploads\/2021\/09\/logo-sentinelleSLOGAN-1.png","contentUrl":"https:\/\/lasentinelle.dz\/wp-content\/uploads\/2021\/09\/logo-sentinelleSLOGAN-1.png","width":615,"height":142,"caption":"Quotidien La Sentinelle"},"image":{"@id":"https:\/\/lasentinelle.dz\/#\/schema\/logo\/image\/"},"sameAs":["https:\/\/www.facebook.com\/La-Sentinelle-104059864394773"]},{"@type":"Person","@id":"https:\/\/lasentinelle.dz\/#\/schema\/person\/d865044e22e70a75174ce8bcad3acfb3","name":"La Sentinelle","image":{"@type":"ImageObject","inLanguage":"fr-FR","@id":"https:\/\/secure.gravatar.com\/avatar\/57de8e5d4b15d43fb361a71fbb36338450fe67865b528a43dd10ef7c51a20392?s=96&d=mm&r=g","url":"https:\/\/secure.gravatar.com\/avatar\/57de8e5d4b15d43fb361a71fbb36338450fe67865b528a43dd10ef7c51a20392?s=96&d=mm&r=g","contentUrl":"https:\/\/secure.gravatar.com\/avatar\/57de8e5d4b15d43fb361a71fbb36338450fe67865b528a43dd10ef7c51a20392?s=96&d=mm&r=g","caption":"La Sentinelle"},"sameAs":["http:\/\/www.lasentinelle.dz"],"url":"https:\/\/lasentinelle.dz\/author\/redaction\/"}]}},"_links":{"self":[{"href":"https:\/\/lasentinelle.dz\/index.php\/wp-json\/wp\/v2\/posts\/9792","targetHints":{"allow":["GET"]}}],"collection":[{"href":"https:\/\/lasentinelle.dz\/index.php\/wp-json\/wp\/v2\/posts"}],"about":[{"href":"https:\/\/lasentinelle.dz\/index.php\/wp-json\/wp\/v2\/types\/post"}],"author":[{"embeddable":true,"href":"https:\/\/lasentinelle.dz\/index.php\/wp-json\/wp\/v2\/users\/3"}],"replies":[{"embeddable":true,"href":"https:\/\/lasentinelle.dz\/index.php\/wp-json\/wp\/v2\/comments?post=9792"}],"version-history":[{"count":1,"href":"https:\/\/lasentinelle.dz\/index.php\/wp-json\/wp\/v2\/posts\/9792\/revisions"}],"predecessor-version":[{"id":9808,"href":"https:\/\/lasentinelle.dz\/index.php\/wp-json\/wp\/v2\/posts\/9792\/revisions\/9808"}],"wp:featuredmedia":[{"embeddable":true,"href":"https:\/\/lasentinelle.dz\/index.php\/wp-json\/wp\/v2\/media\/9807"}],"wp:attachment":[{"href":"https:\/\/lasentinelle.dz\/index.php\/wp-json\/wp\/v2\/media?parent=9792"}],"wp:term":[{"taxonomy":"category","embeddable":true,"href":"https:\/\/lasentinelle.dz\/index.php\/wp-json\/wp\/v2\/categories?post=9792"},{"taxonomy":"post_tag","embeddable":true,"href":"https:\/\/lasentinelle.dz\/index.php\/wp-json\/wp\/v2\/tags?post=9792"}],"curies":[{"name":"wp","href":"https:\/\/api.w.org\/{rel}","templated":true}]}}