{"id":980,"date":"2021-07-12T18:04:34","date_gmt":"2021-07-12T17:04:34","guid":{"rendered":"https:\/\/lasentinelle.dz\/?p=980"},"modified":"2021-07-12T18:12:30","modified_gmt":"2021-07-12T17:12:30","slug":"une-meilleure-normalite-pour-lafrique","status":"publish","type":"post","link":"https:\/\/lasentinelle.dz\/index.php\/2021\/07\/12\/une-meilleure-normalite-pour-lafrique\/","title":{"rendered":"Une meilleure normalit\u00e9 pour l\u2019Afrique"},"content":{"rendered":"\n<p><strong>Par Vera Songw\u00e9<\/strong><\/p>\n\n\n\n<figure class=\"wp-block-image size-large is-style-rounded\"><img loading=\"lazy\" decoding=\"async\" width=\"567\" height=\"319\" src=\"https:\/\/lasentinelle.dz\/wp-content\/uploads\/2021\/07\/Vera-Songwe.jpg\" alt=\"\" class=\"wp-image-976\" srcset=\"https:\/\/lasentinelle.dz\/wp-content\/uploads\/2021\/07\/Vera-Songwe.jpg 567w, https:\/\/lasentinelle.dz\/wp-content\/uploads\/2021\/07\/Vera-Songwe-300x169.jpg 300w\" sizes=\"auto, (max-width: 567px) 100vw, 567px\" \/><\/figure>\n\n\n\n<p>Malgr\u00e9&nbsp;les co\u00fbts majeurs subis par l\u2019Afrique en termes de perte et de renoncement au progr\u00e8s \u00e9conomique et social durant la pand\u00e9mie de covid-19, le continent est jusqu\u2019\u00e0 pr\u00e9sent parvenu \u00e0 \u00e9viter le d\u00e9sastre sanitaire et \u00e9conomique que lui pr\u00e9disaient certains au d\u00e9but de la crise.<\/p>\n\n\n\n<p>Comme n\u2019importe quelle crise, la pand\u00e9mie peut constituer l\u2019opportunit\u00e9 de poser les bases d\u2019un avenir meilleur. Cela ne sera toutefois pas facile. Avant tout, le continent africain doit prendre le contr\u00f4le sur le covid-19, ce qui exige d\u2019assurer un acc\u00e8s \u00e9quitable aux vaccins. En l\u2019\u00e9tat actuel des choses, plusieurs \u00e9conomies d\u00e9velopp\u00e9es sont en voie d\u2019atteindre une vaccination g\u00e9n\u00e9ralis\u00e9e dans les prochains mois. Or, l\u2019Afrique peine de son c\u00f4t\u00e9 \u00e0 r\u00e9unir les 90&nbsp;millions de doses dont elle a besoin pour vacciner ses 3&nbsp;% d\u2019habitants prioritaires, \u00e0 savoir les travailleurs de sant\u00e9 et les cat\u00e9gories les plus vuln\u00e9rables.<\/p>\n\n\n\n<p>C\u2019est un v\u00e9ritable drame humanitaire auquel nous assistons&nbsp;: chaque jour au cours duquel les personnes les plus \u00e0 risque sont priv\u00e9es d\u2019acc\u00e8s aux vaccins contre le covid-19 est un jour au cours duquel des \u00eatres humains meurent inutilement. Mais il s\u2019agit \u00e9galement d\u2019un drame \u00e9conomique&nbsp;: d\u2019apr\u00e8s une \u00e9tude du National Bureau of Economic Research, si les pays d\u00e9velopp\u00e9s continuent d\u2019accaparer massivement les doses de vaccins, l\u2019\u00e9conomie mondiale pourrait enregistrer des pertes de plus de 9&nbsp;000&nbsp;milliards&nbsp;de dollars en&nbsp;2021.<\/p>\n\n\n\n<p>Certaines nouvelles prometteuses sont n\u00e9anmoins \u00e0 souligner. L\u2019administration du pr\u00e9sident am\u00e9ricain Joe&nbsp;Biden s\u2019est r\u00e9cemment engag\u00e9e \u00e0 rejoindre 100&nbsp;autres pays d\u00e9termin\u00e9s \u00e0 obtenir une lev\u00e9e temporaire des r\u00e8gles de propri\u00e9t\u00e9 intellectuelle de l\u2019Organisation mondiale du commerce face au covid-19. La possibilit\u00e9 pour les \u00c9tats de fabriquer des versions g\u00e9n\u00e9riques devrait, esp\u00e9rons-le, faciliter le d\u00e9veloppement rapide de la production de vaccins, permettant ainsi \u00e0 tous les pays de vacciner leur population sans tarder.<\/p>\n\n\n\n<p>L\u2019endiguement de la pand\u00e9mie ne constitue n\u00e9anmoins qu\u2019une premi\u00e8re \u00e9tape. L\u2019Afrique doit \u00e9galement renforcer la r\u00e9silience de ses syst\u00e8mes de sant\u00e9 et cha\u00eenes d\u2019approvisionnement. La r\u00e9ussite d\u00e9pendra largement de l\u2019implication des pays dans cette forme de collaboration et de solidarit\u00e9 qui a caract\u00e9ris\u00e9 la r\u00e9ponse \u00e0 la pand\u00e9mie.<\/p>\n\n\n\n<p>L\u2019Afrique n\u2019\u00e9tait absolument pas pr\u00e9par\u00e9e \u00e0 faire face au covid-19. Avant la pand\u00e9mie, le manque de financements annuels pour la sant\u00e9 sur le continent repr\u00e9sentait d\u00e9j\u00e0 66&nbsp;milliards&nbsp;de dollars, et 550&nbsp;millions de personnes ne disposait d\u2019aucune identit\u00e9 l\u00e9gale, rendant extr\u00eamement difficile pour les autorit\u00e9s de sant\u00e9 la possibilit\u00e9 de tester, traiter et identifier les groupes prioritaires pour la vaccination.<\/p>\n\n\n\n<p>Les fabricants bas\u00e9s en Afrique n\u2019\u00e9taient d\u00e9j\u00e0 pas en capacit\u00e9 de r\u00e9pondre \u00e0 plus de 2&nbsp;% des besoins du continent en m\u00e9dicaments, et 1&nbsp;% des besoins en vaccins. En&nbsp;2018, pr\u00e8s de 96&nbsp;% des importations pharmaceutiques des pays africains provenaient de l\u2019ext\u00e9rieur du continent. Les cha\u00eenes d\u2019approvisionnement alimentaires sont tout aussi vuln\u00e9rables&nbsp;: 82,2&nbsp;% des importations alimentaires provenaient de l\u2019ext\u00e9rieur de l\u2019Afrique en&nbsp;2018.<\/p>\n\n\n\n<p>La combinaison des perturbations commerciales et des politiques protectionnistes durant la pand\u00e9mie a r\u00e9v\u00e9l\u00e9 toute la vuln\u00e9rabilit\u00e9 de ces cha\u00eenes logistiques mondiales \u00ab&nbsp;optimis\u00e9es&nbsp;\u00bb. C\u2019est la raison pour laquelle, en plus d\u2019accro\u00eetre l\u2019investissement dans les syst\u00e8mes de sant\u00e9, l\u2019Afrique doit \u0153uvrer pour diversifier ses cha\u00eenes d\u2019approvisionnement dans plusieurs secteurs strat\u00e9giques, et d\u00e9velopper des cha\u00eenes de valeur r\u00e9gionales.<\/p>\n\n\n\n<p>Il doit notamment s\u2019agir de renforcer la capacit\u00e9 locale \u00e0 fabriquer des vaccins, diagnostics et produits th\u00e9rapeutiques. Pour appuyer cet effort, il est n\u00e9cessaire que les gouvernements ratifient le Trait\u00e9 portant cr\u00e9ation de l\u2019Agence africaine des m\u00e9dicaments, et qu\u2019ils commencent \u00e0 collaborer autour de normes de qualit\u00e9 et normes r\u00e9glementaires communes.<\/p>\n\n\n\n<p>Au-del\u00e0 des cha\u00eenes d\u2019approvisionnement, les pays africains \u2013 pour beaucoup tr\u00e8s d\u00e9pendants du p\u00e9trole, des mati\u00e8res premi\u00e8res et du tourisme \u2013 doivent faire de la diversification \u00e9conomique une priorit\u00e9 majeure. \u00c0 cet \u00e9gard, la Zone de libre-\u00e9change continentale africaine peut jouer un r\u00f4le central.<\/p>\n\n\n\n<p>Le protocole d\u2019investissement qui sera bient\u00f4t adopt\u00e9 au sein de la ZLECAF permettra \u00e0 l\u2019Afrique d\u2019attirer des fonds \u00e0 orienter vers des secteurs plus productifs \u2013 dont les infrastructures de transport et la logistique \u2013 pour faciliter davantage d\u2019\u00e9changes commerciaux intra-africains. Plus largement, en cr\u00e9ant un march\u00e9 unique d\u20191,2&nbsp;milliard de consommateurs \u2013 repr\u00e9sentant 2&nbsp;500&nbsp;milliards&nbsp;de dollars \u2013 la ZLECAF pourra favoriser l\u2019industrialisation, et permettre ainsi aux \u00e9conomies africaines de gravir l\u2019\u00e9chelle de la valeur ajout\u00e9e.<\/p>\n\n\n\n<p>Les Africains peuvent et doivent n\u00e9anmoins aller plus loin, en repensant nos \u00e9conomies afin de les rendre inclusives, \u00e9cologiques et num\u00e9riques. La pand\u00e9mie de covid-19 impacte en effet de mani\u00e8re disproportionn\u00e9e les femmes, les jeunes, les habitants des bidonvilles, et les travailleurs informels.<\/p>\n\n\n\n<p>Ces cat\u00e9gories doivent s\u2019inscrire au c\u0153ur de la reprise postpand\u00e9mique. Les gouvernements doivent assurer une d\u00e9livrance \u00e9quitable des services tels que la sant\u00e9 et l\u2019\u00e9ducation. Il leur faut \u00e9laborer des politiques efficaces permettant de d\u00e9verrouiller des opportunit\u00e9s d\u2019emploi et d\u2019affaires pour les populations d\u00e9favoris\u00e9es. Il leur incombe \u00e9galement d\u2019insister sur les retours sur investissement \u00e0 long terme, en allouant les ressources \u00e0 des projets \u00e0 fort impact dans des r\u00e9gions susceptibles d\u2019attirer l\u2019investissement priv\u00e9.<\/p>\n\n\n\n<p>Un excellent exemple de projet r\u00e9unissant le secteur priv\u00e9, les r\u00e9gulateurs et les gouvernements d\u2019Afrique r\u00e9side dans la Plateforme africaine de communication et d\u2019information. L\u2019ACIP est un syst\u00e8me interactif bas\u00e9 sur mobile, qui renforce la capacit\u00e9 des gouvernements africains \u00e0 communiquer et interagir avec les citoyens dans le cadre de l\u2019att\u00e9nuation et gestion de l\u2019impact socio\u00e9conomique du COVID-19. Utilisant l\u2019intelligence artificielle et l\u2019analytique des donn\u00e9es mobiles, l\u2019ACIP transforme les donn\u00e9es de sondage g\u00e9n\u00e9r\u00e9es par les utilisateurs en renseignements sanitaires et \u00e9conomiques applicables, pour une meilleure r\u00e9ponse face \u00e0 la pand\u00e9mie.<\/p>\n\n\n\n<p>L\u2019investissement dans des secteurs tels que les \u00e9nergies renouvelables, l\u2019agriculture adapt\u00e9e au climat, ou encore les transports publics, satisfait \u00e9galement \u00e0 la n\u00e9cessit\u00e9 de retours sur investissement durables, conduisant \u00e0 significativement plus de cr\u00e9ation d\u2019emplois et de valeur ajout\u00e9e que l\u2019investissement dans les combustibles fossiles. En Afrique du Sud, par exemple, les projets \u00e9cologiques pourraient aboutir \u00e0 250&nbsp;% plus d\u2019emplois et 420&nbsp;% plus de valeur ajout\u00e9e, par rapport aux alternatives fossiles.<\/p>\n\n\n\n<p>Pour financer une reprise \u00e9cologique apr\u00e8s la pand\u00e9mie, les gouvernements africains devront tirer davantage parti des compensations carbone et de sources de financement innovantes, dont les obligations vertes et bleues, ou encore les conversions de dettes en investissements \u00e9cologiques. Les gouvernements devront \u00e9galement cr\u00e9er des incitatifs permettant de passer de mod\u00e8les intensifs en ressources \u00e0 des mod\u00e8les durables de production et de consommation.<\/p>\n\n\n\n<p>Enfin, l\u2019Afrique doit investir dans son \u00e9conomie num\u00e9rique. La pand\u00e9mie a r\u00e9orient\u00e9 vers Internet une part significative du travail et de la consommation. Un certain nombre d\u2019initiatives locales s\u2019op\u00e8rent d\u2019ores et d\u00e9j\u00e0 sur le continent. La valeur du commerce \u00e9lectronique en Afrique pourrait atteindre 500&nbsp;milliards&nbsp;de dollars en 2030.<\/p>\n\n\n\n<p>Le secteur public doit encourager et faciliter ces \u00e9volutions. Pour accomplir la vision de l\u2019Union africaine autour de la \u00ab&nbsp;propri\u00e9t\u00e9 continentale&nbsp;\u00bb dans l\u2019espace num\u00e9rique, il est n\u00e9cessaire que les \u00c9tats honorent leur engagement consistant \u00e0 \u00e9lever jusqu\u2019\u00e0 1&nbsp;% du PIB leurs d\u00e9penses brutes dans la recherche et le d\u00e9veloppement. Dans le m\u00eame temps, il leur faut investir dans les bonnes infrastructures mat\u00e9rielles (\u00e9lectricit\u00e9 et haut d\u00e9bit, par exemple) et immat\u00e9rielles (protection des consommateurs, r\u00e9glementations en mati\u00e8re de donn\u00e9es et de respect de la vie priv\u00e9e, ou encore comp\u00e9tences num\u00e9riques).<\/p>\n\n\n\n<p>La Commission des Nations Unies pour l\u2019Afrique continuera de soutenir les \u00c9tats membres. Cela signifie user de notre puissance mobilisatrice et de notre expertise technique pour favoriser les avanc\u00e9es dans des domaines essentiels, tels que la politique budg\u00e9taire, la mobilisation des ressources nationales, les r\u00e9formes macrostructurelles, le commerce, l\u2019investissement, la croissance verte, la propri\u00e9t\u00e9 intellectuelle, la num\u00e9risation, la gestion de la dette, la durabilit\u00e9, ainsi que les n\u00e9gociations et mises en \u0153uvre de la ZLECA.<\/p>\n\n\n\n<p>Lorsque s\u2019\u00e9crira l\u2019histoire de la crise du coronavirus, les dirigeants politiques seront jug\u00e9s non seulement sur la mani\u00e8re dont ils auront lutt\u00e9 contre la pand\u00e9mie, mais \u00e9galement sur ce qu\u2019ils en auront fait. Si l\u2019Afrique en sort sans avoir r\u00e9solu ses in\u00e9galit\u00e9s de longue date, ni saisi les nouvelles opportunit\u00e9s, nous aurons manqu\u00e9 l\u2019occasion. Nous devons comprendre qu\u2019une meilleure normalit\u00e9 est possible, agir avec audace pour en faire une r\u00e9alit\u00e9, et ainsi transformer la crise en une opportunit\u00e9.<\/p>\n\n\n\n<p><strong>Traduit de l\u2019anglais par Martin Morel<\/strong><\/p>\n\n\n\n<p><strong>Copyright: Project Syndicate, 2021.<\/strong><strong>\u2028<\/strong><strong><\/strong><\/p>\n\n\n\n<p><strong>www.project-syndicate.org<\/strong><\/p>\n","protected":false},"excerpt":{"rendered":"<p>Par Vera Songw\u00e9 Malgr\u00e9&nbsp;les co\u00fbts majeurs subis par l\u2019Afrique en termes de perte et de renoncement au progr\u00e8s \u00e9conomique et<\/p>\n","protected":false},"author":3,"featured_media":981,"comment_status":"open","ping_status":"closed","sticky":false,"template":"","format":"standard","meta":{"colormag_page_container_layout":"default_layout","colormag_page_sidebar_layout":"default_layout","om_disable_all_campaigns":false,"_monsterinsights_skip_tracking":false,"_monsterinsights_sitenote_active":false,"_monsterinsights_sitenote_note":"","_monsterinsights_sitenote_category":0,"footnotes":"","_wpscppro_dont_share_socialmedia":false,"_wpscppro_custom_social_share_image":0,"_facebook_share_type":"","_twitter_share_type":"","_linkedin_share_type":"","_pinterest_share_type":"","_linkedin_share_type_page":"","_instagram_share_type":"","_medium_share_type":"","_threads_share_type":"","_google_business_share_type":"","_selected_social_profile":[],"_wpsp_enable_custom_social_template":false,"_wpsp_social_scheduling":{"enabled":false,"datetime":null,"platforms":[],"status":"template_only","dateOption":"today","timeOption":"now","customDays":"","customHours":"","customDate":"","customTime":"","schedulingType":"absolute"},"_wpsp_active_default_template":true},"categories":[38],"tags":[],"class_list":["post-980","post","type-post","status-publish","format-standard","has-post-thumbnail","hentry","category-debats"],"aioseo_notices":[],"yoast_head":"<!-- This site is optimized with the Yoast SEO plugin v27.5 - https:\/\/yoast.com\/product\/yoast-seo-wordpress\/ -->\n<title>Une meilleure normalit\u00e9 pour l\u2019Afrique - La Sentinelle<\/title>\n<meta name=\"robots\" content=\"index, follow, max-snippet:-1, max-image-preview:large, max-video-preview:-1\" \/>\n<link rel=\"canonical\" href=\"https:\/\/lasentinelle.dz\/index.php\/2021\/07\/12\/une-meilleure-normalite-pour-lafrique\/\" \/>\n<meta property=\"og:locale\" content=\"fr_FR\" \/>\n<meta property=\"og:type\" content=\"article\" \/>\n<meta property=\"og:title\" content=\"Une meilleure normalit\u00e9 pour l\u2019Afrique - La Sentinelle\" \/>\n<meta property=\"og:description\" content=\"Par Vera Songw\u00e9 Malgr\u00e9&nbsp;les co\u00fbts majeurs subis par l\u2019Afrique en termes de perte et de renoncement au progr\u00e8s \u00e9conomique et\" \/>\n<meta property=\"og:url\" content=\"https:\/\/lasentinelle.dz\/index.php\/2021\/07\/12\/une-meilleure-normalite-pour-lafrique\/\" \/>\n<meta property=\"og:site_name\" content=\"La Sentinelle\" \/>\n<meta property=\"article:publisher\" content=\"https:\/\/www.facebook.com\/La-Sentinelle-104059864394773\" \/>\n<meta property=\"article:published_time\" content=\"2021-07-12T17:04:34+00:00\" \/>\n<meta property=\"article:modified_time\" content=\"2021-07-12T17:12:30+00:00\" \/>\n<meta property=\"og:image\" content=\"https:\/\/lasentinelle.dz\/wp-content\/uploads\/2021\/07\/afrique-reprise-post-covid.png\" \/>\n\t<meta property=\"og:image:width\" content=\"709\" \/>\n\t<meta property=\"og:image:height\" content=\"302\" \/>\n\t<meta property=\"og:image:type\" content=\"image\/png\" \/>\n<meta name=\"author\" content=\"La Sentinelle\" \/>\n<meta name=\"twitter:card\" content=\"summary_large_image\" \/>\n<meta name=\"twitter:label1\" content=\"\u00c9crit par\" \/>\n\t<meta name=\"twitter:data1\" content=\"La Sentinelle\" \/>\n\t<meta name=\"twitter:label2\" content=\"Dur\u00e9e de lecture estim\u00e9e\" \/>\n\t<meta name=\"twitter:data2\" content=\"6 minutes\" \/>\n<script type=\"application\/ld+json\" class=\"yoast-schema-graph\">{\"@context\":\"https:\\\/\\\/schema.org\",\"@graph\":[{\"@type\":\"Article\",\"@id\":\"https:\\\/\\\/lasentinelle.dz\\\/index.php\\\/2021\\\/07\\\/12\\\/une-meilleure-normalite-pour-lafrique\\\/#article\",\"isPartOf\":{\"@id\":\"https:\\\/\\\/lasentinelle.dz\\\/index.php\\\/2021\\\/07\\\/12\\\/une-meilleure-normalite-pour-lafrique\\\/\"},\"author\":{\"name\":\"La Sentinelle\",\"@id\":\"https:\\\/\\\/lasentinelle.dz\\\/#\\\/schema\\\/person\\\/d865044e22e70a75174ce8bcad3acfb3\"},\"headline\":\"Une meilleure normalit\u00e9 pour l\u2019Afrique\",\"datePublished\":\"2021-07-12T17:04:34+00:00\",\"dateModified\":\"2021-07-12T17:12:30+00:00\",\"mainEntityOfPage\":{\"@id\":\"https:\\\/\\\/lasentinelle.dz\\\/index.php\\\/2021\\\/07\\\/12\\\/une-meilleure-normalite-pour-lafrique\\\/\"},\"wordCount\":1583,\"commentCount\":0,\"publisher\":{\"@id\":\"https:\\\/\\\/lasentinelle.dz\\\/#organization\"},\"image\":{\"@id\":\"https:\\\/\\\/lasentinelle.dz\\\/index.php\\\/2021\\\/07\\\/12\\\/une-meilleure-normalite-pour-lafrique\\\/#primaryimage\"},\"thumbnailUrl\":\"https:\\\/\\\/lasentinelle.dz\\\/wp-content\\\/uploads\\\/2021\\\/07\\\/afrique-reprise-post-covid.png\",\"articleSection\":[\"D\u00e9bats\"],\"inLanguage\":\"fr-FR\",\"potentialAction\":[{\"@type\":\"CommentAction\",\"name\":\"Comment\",\"target\":[\"https:\\\/\\\/lasentinelle.dz\\\/index.php\\\/2021\\\/07\\\/12\\\/une-meilleure-normalite-pour-lafrique\\\/#respond\"]}]},{\"@type\":\"WebPage\",\"@id\":\"https:\\\/\\\/lasentinelle.dz\\\/index.php\\\/2021\\\/07\\\/12\\\/une-meilleure-normalite-pour-lafrique\\\/\",\"url\":\"https:\\\/\\\/lasentinelle.dz\\\/index.php\\\/2021\\\/07\\\/12\\\/une-meilleure-normalite-pour-lafrique\\\/\",\"name\":\"Une meilleure normalit\u00e9 pour l\u2019Afrique - La Sentinelle\",\"isPartOf\":{\"@id\":\"https:\\\/\\\/lasentinelle.dz\\\/#website\"},\"primaryImageOfPage\":{\"@id\":\"https:\\\/\\\/lasentinelle.dz\\\/index.php\\\/2021\\\/07\\\/12\\\/une-meilleure-normalite-pour-lafrique\\\/#primaryimage\"},\"image\":{\"@id\":\"https:\\\/\\\/lasentinelle.dz\\\/index.php\\\/2021\\\/07\\\/12\\\/une-meilleure-normalite-pour-lafrique\\\/#primaryimage\"},\"thumbnailUrl\":\"https:\\\/\\\/lasentinelle.dz\\\/wp-content\\\/uploads\\\/2021\\\/07\\\/afrique-reprise-post-covid.png\",\"datePublished\":\"2021-07-12T17:04:34+00:00\",\"dateModified\":\"2021-07-12T17:12:30+00:00\",\"breadcrumb\":{\"@id\":\"https:\\\/\\\/lasentinelle.dz\\\/index.php\\\/2021\\\/07\\\/12\\\/une-meilleure-normalite-pour-lafrique\\\/#breadcrumb\"},\"inLanguage\":\"fr-FR\",\"potentialAction\":[{\"@type\":\"ReadAction\",\"target\":[\"https:\\\/\\\/lasentinelle.dz\\\/index.php\\\/2021\\\/07\\\/12\\\/une-meilleure-normalite-pour-lafrique\\\/\"]}]},{\"@type\":\"ImageObject\",\"inLanguage\":\"fr-FR\",\"@id\":\"https:\\\/\\\/lasentinelle.dz\\\/index.php\\\/2021\\\/07\\\/12\\\/une-meilleure-normalite-pour-lafrique\\\/#primaryimage\",\"url\":\"https:\\\/\\\/lasentinelle.dz\\\/wp-content\\\/uploads\\\/2021\\\/07\\\/afrique-reprise-post-covid.png\",\"contentUrl\":\"https:\\\/\\\/lasentinelle.dz\\\/wp-content\\\/uploads\\\/2021\\\/07\\\/afrique-reprise-post-covid.png\",\"width\":709,\"height\":302,\"caption\":\"L\u00e9gende : Garantir la reprise \u00e9conomique ne Afrique.\"},{\"@type\":\"BreadcrumbList\",\"@id\":\"https:\\\/\\\/lasentinelle.dz\\\/index.php\\\/2021\\\/07\\\/12\\\/une-meilleure-normalite-pour-lafrique\\\/#breadcrumb\",\"itemListElement\":[{\"@type\":\"ListItem\",\"position\":1,\"name\":\"Accueil\",\"item\":\"https:\\\/\\\/lasentinelle.dz\\\/\"},{\"@type\":\"ListItem\",\"position\":2,\"name\":\"Une meilleure normalit\u00e9 pour l\u2019Afrique\"}]},{\"@type\":\"WebSite\",\"@id\":\"https:\\\/\\\/lasentinelle.dz\\\/#website\",\"url\":\"https:\\\/\\\/lasentinelle.dz\\\/\",\"name\":\"La Sentinelle\",\"description\":\"Quotidien national d&#039;information\",\"publisher\":{\"@id\":\"https:\\\/\\\/lasentinelle.dz\\\/#organization\"},\"potentialAction\":[{\"@type\":\"SearchAction\",\"target\":{\"@type\":\"EntryPoint\",\"urlTemplate\":\"https:\\\/\\\/lasentinelle.dz\\\/?s={search_term_string}\"},\"query-input\":{\"@type\":\"PropertyValueSpecification\",\"valueRequired\":true,\"valueName\":\"search_term_string\"}}],\"inLanguage\":\"fr-FR\"},{\"@type\":\"Organization\",\"@id\":\"https:\\\/\\\/lasentinelle.dz\\\/#organization\",\"name\":\"Quotidien La Sentinelle\",\"url\":\"https:\\\/\\\/lasentinelle.dz\\\/\",\"logo\":{\"@type\":\"ImageObject\",\"inLanguage\":\"fr-FR\",\"@id\":\"https:\\\/\\\/lasentinelle.dz\\\/#\\\/schema\\\/logo\\\/image\\\/\",\"url\":\"https:\\\/\\\/lasentinelle.dz\\\/wp-content\\\/uploads\\\/2021\\\/09\\\/logo-sentinelleSLOGAN-1.png\",\"contentUrl\":\"https:\\\/\\\/lasentinelle.dz\\\/wp-content\\\/uploads\\\/2021\\\/09\\\/logo-sentinelleSLOGAN-1.png\",\"width\":615,\"height\":142,\"caption\":\"Quotidien La Sentinelle\"},\"image\":{\"@id\":\"https:\\\/\\\/lasentinelle.dz\\\/#\\\/schema\\\/logo\\\/image\\\/\"},\"sameAs\":[\"https:\\\/\\\/www.facebook.com\\\/La-Sentinelle-104059864394773\"]},{\"@type\":\"Person\",\"@id\":\"https:\\\/\\\/lasentinelle.dz\\\/#\\\/schema\\\/person\\\/d865044e22e70a75174ce8bcad3acfb3\",\"name\":\"La Sentinelle\",\"image\":{\"@type\":\"ImageObject\",\"inLanguage\":\"fr-FR\",\"@id\":\"https:\\\/\\\/secure.gravatar.com\\\/avatar\\\/57de8e5d4b15d43fb361a71fbb36338450fe67865b528a43dd10ef7c51a20392?s=96&d=mm&r=g\",\"url\":\"https:\\\/\\\/secure.gravatar.com\\\/avatar\\\/57de8e5d4b15d43fb361a71fbb36338450fe67865b528a43dd10ef7c51a20392?s=96&d=mm&r=g\",\"contentUrl\":\"https:\\\/\\\/secure.gravatar.com\\\/avatar\\\/57de8e5d4b15d43fb361a71fbb36338450fe67865b528a43dd10ef7c51a20392?s=96&d=mm&r=g\",\"caption\":\"La Sentinelle\"},\"sameAs\":[\"http:\\\/\\\/www.lasentinelle.dz\"],\"url\":\"https:\\\/\\\/lasentinelle.dz\\\/author\\\/redaction\\\/\"}]}<\/script>\n<!-- \/ Yoast SEO plugin. -->","yoast_head_json":{"title":"Une meilleure normalit\u00e9 pour l\u2019Afrique - La Sentinelle","robots":{"index":"index","follow":"follow","max-snippet":"max-snippet:-1","max-image-preview":"max-image-preview:large","max-video-preview":"max-video-preview:-1"},"canonical":"https:\/\/lasentinelle.dz\/index.php\/2021\/07\/12\/une-meilleure-normalite-pour-lafrique\/","og_locale":"fr_FR","og_type":"article","og_title":"Une meilleure normalit\u00e9 pour l\u2019Afrique - La Sentinelle","og_description":"Par Vera Songw\u00e9 Malgr\u00e9&nbsp;les co\u00fbts majeurs subis par l\u2019Afrique en termes de perte et de renoncement au progr\u00e8s \u00e9conomique et","og_url":"https:\/\/lasentinelle.dz\/index.php\/2021\/07\/12\/une-meilleure-normalite-pour-lafrique\/","og_site_name":"La Sentinelle","article_publisher":"https:\/\/www.facebook.com\/La-Sentinelle-104059864394773","article_published_time":"2021-07-12T17:04:34+00:00","article_modified_time":"2021-07-12T17:12:30+00:00","og_image":[{"width":709,"height":302,"url":"https:\/\/lasentinelle.dz\/wp-content\/uploads\/2021\/07\/afrique-reprise-post-covid.png","type":"image\/png"}],"author":"La Sentinelle","twitter_card":"summary_large_image","twitter_misc":{"\u00c9crit par":"La Sentinelle","Dur\u00e9e de lecture estim\u00e9e":"6 minutes"},"schema":{"@context":"https:\/\/schema.org","@graph":[{"@type":"Article","@id":"https:\/\/lasentinelle.dz\/index.php\/2021\/07\/12\/une-meilleure-normalite-pour-lafrique\/#article","isPartOf":{"@id":"https:\/\/lasentinelle.dz\/index.php\/2021\/07\/12\/une-meilleure-normalite-pour-lafrique\/"},"author":{"name":"La Sentinelle","@id":"https:\/\/lasentinelle.dz\/#\/schema\/person\/d865044e22e70a75174ce8bcad3acfb3"},"headline":"Une meilleure normalit\u00e9 pour l\u2019Afrique","datePublished":"2021-07-12T17:04:34+00:00","dateModified":"2021-07-12T17:12:30+00:00","mainEntityOfPage":{"@id":"https:\/\/lasentinelle.dz\/index.php\/2021\/07\/12\/une-meilleure-normalite-pour-lafrique\/"},"wordCount":1583,"commentCount":0,"publisher":{"@id":"https:\/\/lasentinelle.dz\/#organization"},"image":{"@id":"https:\/\/lasentinelle.dz\/index.php\/2021\/07\/12\/une-meilleure-normalite-pour-lafrique\/#primaryimage"},"thumbnailUrl":"https:\/\/lasentinelle.dz\/wp-content\/uploads\/2021\/07\/afrique-reprise-post-covid.png","articleSection":["D\u00e9bats"],"inLanguage":"fr-FR","potentialAction":[{"@type":"CommentAction","name":"Comment","target":["https:\/\/lasentinelle.dz\/index.php\/2021\/07\/12\/une-meilleure-normalite-pour-lafrique\/#respond"]}]},{"@type":"WebPage","@id":"https:\/\/lasentinelle.dz\/index.php\/2021\/07\/12\/une-meilleure-normalite-pour-lafrique\/","url":"https:\/\/lasentinelle.dz\/index.php\/2021\/07\/12\/une-meilleure-normalite-pour-lafrique\/","name":"Une meilleure normalit\u00e9 pour l\u2019Afrique - La Sentinelle","isPartOf":{"@id":"https:\/\/lasentinelle.dz\/#website"},"primaryImageOfPage":{"@id":"https:\/\/lasentinelle.dz\/index.php\/2021\/07\/12\/une-meilleure-normalite-pour-lafrique\/#primaryimage"},"image":{"@id":"https:\/\/lasentinelle.dz\/index.php\/2021\/07\/12\/une-meilleure-normalite-pour-lafrique\/#primaryimage"},"thumbnailUrl":"https:\/\/lasentinelle.dz\/wp-content\/uploads\/2021\/07\/afrique-reprise-post-covid.png","datePublished":"2021-07-12T17:04:34+00:00","dateModified":"2021-07-12T17:12:30+00:00","breadcrumb":{"@id":"https:\/\/lasentinelle.dz\/index.php\/2021\/07\/12\/une-meilleure-normalite-pour-lafrique\/#breadcrumb"},"inLanguage":"fr-FR","potentialAction":[{"@type":"ReadAction","target":["https:\/\/lasentinelle.dz\/index.php\/2021\/07\/12\/une-meilleure-normalite-pour-lafrique\/"]}]},{"@type":"ImageObject","inLanguage":"fr-FR","@id":"https:\/\/lasentinelle.dz\/index.php\/2021\/07\/12\/une-meilleure-normalite-pour-lafrique\/#primaryimage","url":"https:\/\/lasentinelle.dz\/wp-content\/uploads\/2021\/07\/afrique-reprise-post-covid.png","contentUrl":"https:\/\/lasentinelle.dz\/wp-content\/uploads\/2021\/07\/afrique-reprise-post-covid.png","width":709,"height":302,"caption":"L\u00e9gende : Garantir la reprise \u00e9conomique ne Afrique."},{"@type":"BreadcrumbList","@id":"https:\/\/lasentinelle.dz\/index.php\/2021\/07\/12\/une-meilleure-normalite-pour-lafrique\/#breadcrumb","itemListElement":[{"@type":"ListItem","position":1,"name":"Accueil","item":"https:\/\/lasentinelle.dz\/"},{"@type":"ListItem","position":2,"name":"Une meilleure normalit\u00e9 pour l\u2019Afrique"}]},{"@type":"WebSite","@id":"https:\/\/lasentinelle.dz\/#website","url":"https:\/\/lasentinelle.dz\/","name":"La Sentinelle","description":"Quotidien national d&#039;information","publisher":{"@id":"https:\/\/lasentinelle.dz\/#organization"},"potentialAction":[{"@type":"SearchAction","target":{"@type":"EntryPoint","urlTemplate":"https:\/\/lasentinelle.dz\/?s={search_term_string}"},"query-input":{"@type":"PropertyValueSpecification","valueRequired":true,"valueName":"search_term_string"}}],"inLanguage":"fr-FR"},{"@type":"Organization","@id":"https:\/\/lasentinelle.dz\/#organization","name":"Quotidien La Sentinelle","url":"https:\/\/lasentinelle.dz\/","logo":{"@type":"ImageObject","inLanguage":"fr-FR","@id":"https:\/\/lasentinelle.dz\/#\/schema\/logo\/image\/","url":"https:\/\/lasentinelle.dz\/wp-content\/uploads\/2021\/09\/logo-sentinelleSLOGAN-1.png","contentUrl":"https:\/\/lasentinelle.dz\/wp-content\/uploads\/2021\/09\/logo-sentinelleSLOGAN-1.png","width":615,"height":142,"caption":"Quotidien La Sentinelle"},"image":{"@id":"https:\/\/lasentinelle.dz\/#\/schema\/logo\/image\/"},"sameAs":["https:\/\/www.facebook.com\/La-Sentinelle-104059864394773"]},{"@type":"Person","@id":"https:\/\/lasentinelle.dz\/#\/schema\/person\/d865044e22e70a75174ce8bcad3acfb3","name":"La Sentinelle","image":{"@type":"ImageObject","inLanguage":"fr-FR","@id":"https:\/\/secure.gravatar.com\/avatar\/57de8e5d4b15d43fb361a71fbb36338450fe67865b528a43dd10ef7c51a20392?s=96&d=mm&r=g","url":"https:\/\/secure.gravatar.com\/avatar\/57de8e5d4b15d43fb361a71fbb36338450fe67865b528a43dd10ef7c51a20392?s=96&d=mm&r=g","contentUrl":"https:\/\/secure.gravatar.com\/avatar\/57de8e5d4b15d43fb361a71fbb36338450fe67865b528a43dd10ef7c51a20392?s=96&d=mm&r=g","caption":"La Sentinelle"},"sameAs":["http:\/\/www.lasentinelle.dz"],"url":"https:\/\/lasentinelle.dz\/author\/redaction\/"}]}},"_links":{"self":[{"href":"https:\/\/lasentinelle.dz\/index.php\/wp-json\/wp\/v2\/posts\/980","targetHints":{"allow":["GET"]}}],"collection":[{"href":"https:\/\/lasentinelle.dz\/index.php\/wp-json\/wp\/v2\/posts"}],"about":[{"href":"https:\/\/lasentinelle.dz\/index.php\/wp-json\/wp\/v2\/types\/post"}],"author":[{"embeddable":true,"href":"https:\/\/lasentinelle.dz\/index.php\/wp-json\/wp\/v2\/users\/3"}],"replies":[{"embeddable":true,"href":"https:\/\/lasentinelle.dz\/index.php\/wp-json\/wp\/v2\/comments?post=980"}],"version-history":[{"count":1,"href":"https:\/\/lasentinelle.dz\/index.php\/wp-json\/wp\/v2\/posts\/980\/revisions"}],"predecessor-version":[{"id":982,"href":"https:\/\/lasentinelle.dz\/index.php\/wp-json\/wp\/v2\/posts\/980\/revisions\/982"}],"wp:featuredmedia":[{"embeddable":true,"href":"https:\/\/lasentinelle.dz\/index.php\/wp-json\/wp\/v2\/media\/981"}],"wp:attachment":[{"href":"https:\/\/lasentinelle.dz\/index.php\/wp-json\/wp\/v2\/media?parent=980"}],"wp:term":[{"taxonomy":"category","embeddable":true,"href":"https:\/\/lasentinelle.dz\/index.php\/wp-json\/wp\/v2\/categories?post=980"},{"taxonomy":"post_tag","embeddable":true,"href":"https:\/\/lasentinelle.dz\/index.php\/wp-json\/wp\/v2\/tags?post=980"}],"curies":[{"name":"wp","href":"https:\/\/api.w.org\/{rel}","templated":true}]}}